{"id":155005,"date":"2026-01-23T19:18:29","date_gmt":"2026-01-23T18:18:29","guid":{"rendered":"https:\/\/exaudi.org\/?p=155005"},"modified":"2026-01-23T19:18:29","modified_gmt":"2026-01-23T18:18:29","slug":"solitudine-giovanile-una-sfida-globale-con-profonde-implicazioni-bioetiche","status":"publish","type":"post","link":"https:\/\/exaudi.org\/it\/solitudine-giovanile-una-sfida-globale-con-profonde-implicazioni-bioetiche\/","title":{"rendered":"Solitudine giovanile: una sfida globale con profonde implicazioni bioetiche"},"content":{"rendered":"<p><span dir=\"auto\" style=\"vertical-align: inherit\"><span dir=\"auto\" style=\"vertical-align: inherit\">La solitudine \u00e8 diventata un problema strutturale e di salute pubblica che colpisce in modo particolarmente duro gli adolescenti, una fascia d&#8217;et\u00e0 in cui la sua incidenza supera ormai quella delle persone over 60. Questo articolo analizza come l&#8217;esasperato individualismo e l&#8217;indebolimento dell&#8217;istituzione familiare abbiano aperto la strada a un isolamento che, paradossalmente, coesiste con l&#8217;iperconnettivit\u00e0 digitale. Da una prospettiva bioetica, esamina il rischio che la tecnologia e l&#8217;Intelligenza Artificiale soppiantino le reali connessioni umane, offrendo un'&#8221;anestesia emotiva&#8221; che non risolve il bisogno antropologico di relazione, e solleva l&#8217;urgente necessit\u00e0 di ricostruire spazi di autentica convivenza di fronte alla minaccia della solitudine normalizzata.<\/span><\/span><\/p>\n<p><span dir=\"auto\" style=\"vertical-align: inherit\"><span dir=\"auto\" style=\"vertical-align: inherit\">La solitudine \u00e8 diventata uno dei fenomeni sociali e sanitari pi\u00f9 preoccupanti del nostro tempo, con un impatto particolarmente intenso su adolescenti e giovani adulti. Lungi dall&#8217;essere un&#8217;esperienza marginale o transitoria, diversi studi recenti concordano sul fatto che si tratti di un problema strutturale, strettamente legato alla salute mentale, alle trasformazioni sociali e al crescente utilizzo delle tecnologie digitali.<\/span><\/span><\/p>\n<p><span dir=\"auto\" style=\"vertical-align: inherit\"><span dir=\"auto\" style=\"vertical-align: inherit\">Un rapporto internazionale basato su una ricerca promossa dall&#8217;Organizzazione\u00a0 <\/span><\/span><a href=\"https:\/\/www.who.int\/publications\/i\/item\/978240112360\" target=\"_blank\" rel=\"external noopener noreferrer\" data-wpel-link=\"external\"><strong><span dir=\"auto\" style=\"vertical-align: inherit\"><span dir=\"auto\" style=\"vertical-align: inherit\">Mondiale della Sanit\u00e0<\/span><\/span><\/strong><\/a><span dir=\"auto\" style=\"vertical-align: inherit\"><span dir=\"auto\" style=\"vertical-align: inherit\"> rivela che gli adolescenti sono attualmente la fascia d&#8217;et\u00e0 che sperimenta la maggiore solitudine a livello mondiale. Circa il 20,9% degli adolescenti dichiara di sentirsi solo, una percentuale che sale al 24,3% per le ragazze, superando nettamente altre fasce d&#8217;et\u00e0, comprese quelle over 60. Questi dati smontano lo stereotipo che associa la solitudine quasi esclusivamente alla vecchiaia e mettono in luce una fase della vita particolarmente vulnerabile.<\/span><\/span><\/p>\n<h3><strong><span dir=\"auto\" style=\"vertical-align: inherit\"><span dir=\"auto\" style=\"vertical-align: inherit\">Solitudine, tecnologia e risposte digitali<\/span><\/span><\/strong><\/h3>\n<p><span dir=\"auto\" style=\"vertical-align: inherit\"><span dir=\"auto\" style=\"vertical-align: inherit\">Questo contesto aiuta a spiegare fenomeni recenti come il successo in Cina di un&#8217;app progettata per i giovani che vivono da soli, che consente loro di confermare periodicamente di essere ancora in vita, avvisando un contatto in caso di mancata conferma. Come riportato da diversi media, tra cui\u00a0 <\/span><\/span><a href=\"https:\/\/www.lanacion.com.ar\/el-mundo\/la-aplicacion-viral-disenada-para-que-los-jovenes-chinos-solitarios-confirmen-que-siguen-vivos-nid13012026\/\" target=\"_blank\" rel=\"external noopener noreferrer\" data-wpel-link=\"external\"><strong><span dir=\"auto\" style=\"vertical-align: inherit\"><span dir=\"auto\" style=\"vertical-align: inherit\">La Naci\u00f3n<\/span><\/span><\/strong><\/a><span dir=\"auto\" style=\"vertical-align: inherit\"><span dir=\"auto\" style=\"vertical-align: inherit\"> , l&#8217;app, diventata una delle pi\u00f9 scaricate, non affronta un&#8217;emergenza specifica, ma piuttosto una paura diffusa dell&#8217;invisibilit\u00e0 sociale: la possibilit\u00e0 di subire un incidente o una crisi senza che nessuno se ne accorga. La viralit\u00e0 di questo strumento evidenzia come la tecnologia tenti, in modo limitato e ambiguo, di compensare la mancanza di connessioni umane stabili.<\/span><\/span><\/p>\n<p><span dir=\"auto\" style=\"vertical-align: inherit\"><span dir=\"auto\" style=\"vertical-align: inherit\">Queste proposte sollevano importanti interrogativi: in che misura la tecnologia pu\u00f2 \u2013 o dovrebbe \u2013 sostituire la presenza, la cura e la responsabilit\u00e0 condivisa? Stiamo normalizzando la solitudine strutturale invece di affrontarla come un problema sociale e relazionale?<\/span><\/span><\/p>\n<h3><strong><span dir=\"auto\" style=\"vertical-align: inherit\"><span dir=\"auto\" style=\"vertical-align: inherit\">Il caso spagnolo: una realt\u00e0 persistente<\/span><\/span><\/strong><\/h3>\n<p><span dir=\"auto\" style=\"vertical-align: inherit\"><span dir=\"auto\" style=\"vertical-align: inherit\">In Spagna, la situazione non \u00e8 meno preoccupante. Lo\u00a0 <\/span><\/span><a href=\"https:\/\/ayudaenaccion.org\/uploads\/2024\/02\/Estudio-soledad-juvenil_V12.pdf\" target=\"_blank\" rel=\"external noopener noreferrer\" data-wpel-link=\"external\"><strong><span dir=\"auto\" style=\"vertical-align: inherit\"><span dir=\"auto\" style=\"vertical-align: inherit\">studio sulla solitudine indesiderata e i giovani in Spagna<\/span><\/span><\/strong><\/a><span dir=\"auto\" style=\"vertical-align: inherit\"><span dir=\"auto\" style=\"vertical-align: inherit\"> \u00a0mostra che un giovane su quattro tra i 16 e i 29 anni (25,5%) soffre di solitudine indesiderata e che in quasi la met\u00e0 dei casi questa situazione dura pi\u00f9 di tre anni. Inoltre, il 69% dei giovani riferisce di essersi sentito solo in qualche momento della vita, con un&#8217;incidenza maggiore tra le donne e nella fascia di et\u00e0 21-26 anni.<\/span><\/span><\/p>\n<p><span dir=\"auto\" style=\"vertical-align: inherit\"><span dir=\"auto\" style=\"vertical-align: inherit\">Lo studio evidenzia anche significativi fattori di rischio: la solitudine \u00e8 pi\u00f9 comune tra i giovani in difficolt\u00e0 economiche, coloro che hanno subito bullismo e i gruppi vulnerabili. Inoltre, sebbene l&#8217;uso dei social media non ne sia la causa diretta, sostituire le relazioni faccia a faccia con connessioni esclusivamente online raddoppia il rischio di solitudine.<\/span><\/span><\/p>\n<p><a href=\"https:\/\/www.observatoriobioetica.org\/wp-content\/uploads\/2026\/01\/fotos-web-Observatorio-Bioetica-28-scaled-e1768916982117.jpg\" data-wpel-link=\"internal\" data-caption=\"\"><img loading=\"lazy\" decoding=\"async\" class=\"alignnone wp-image-10006911\" src=\"https:\/\/www.observatoriobioetica.org\/wp-content\/uploads\/2026\/01\/fotos-web-Observatorio-Bioetica-28-scaled-e1768916982117-1024x197.jpg\" alt=\"\" width=\"1060\" height=\"204\" \/><\/a><\/p>\n<h3><strong><span dir=\"auto\" style=\"vertical-align: inherit\"><span dir=\"auto\" style=\"vertical-align: inherit\">Una questione di salute e di etica sociale<\/span><\/span><\/strong><\/h3>\n<p><span dir=\"auto\" style=\"vertical-align: inherit\"><span dir=\"auto\" style=\"vertical-align: inherit\">Le conseguenze non sono solo emotive. La solitudine ha un rapporto bidirezionale con la salute mentale: i giovani che ne soffrono hanno una probabilit\u00e0 2,5 volte maggiore di soffrire di problemi psicologici e i pensieri suicidi aumentano in modo allarmante. Questi dati, forniti nello studio sopra menzionato, rendono la solitudine giovanile un vero e proprio problema di salute pubblica.<\/span><\/span><\/p>\n<p><span dir=\"auto\" style=\"vertical-align: inherit\"><span dir=\"auto\" style=\"vertical-align: inherit\">Questa realt\u00e0 rappresenta una sfida diretta per la societ\u00e0 nel suo complesso. Non si tratta semplicemente di progettare strategie di coping o app individuali, ma di rafforzare i legami comunitari, l&#8217;educazione emotiva e le politiche di inclusione, riconoscendo che gli esseri umani sono, per natura, esseri relazionali. La solitudine persistente tra i giovani non \u00e8 solo un sintomo generazionale: \u00e8 un indicatore del tipo di societ\u00e0 che stiamo costruendo e dell&#8217;urgente necessit\u00e0 di ripensare, anche eticamente, i nostri modi di vivere insieme e di prenderci cura gli uni degli altri.<\/span><\/span><\/p>\n<h3><strong><span dir=\"auto\" style=\"vertical-align: inherit\"><span dir=\"auto\" style=\"vertical-align: inherit\">Le radici dell&#8217;isolamento<\/span><\/span><\/strong><\/h3>\n<p><span dir=\"auto\" style=\"vertical-align: inherit\"><span dir=\"auto\" style=\"vertical-align: inherit\">Per comprendere l&#8217;entit\u00e0 della solitudine giovanile, \u00e8 necessario guardare oltre le statistiche e riconoscere i fondamenti filosofici che la alimentano: un individualismo esacerbato che ha distorto la natura sociale della persona. Secondo Nacho Tornel, dottore di ricerca in Giurisprudenza e Mediazione Familiare Riparativa, &#8220;La cultura attuale ci spinge verso un&#8217;autonomia assoluta, patologizzando l&#8217;interdipendenza e negando la verit\u00e0 antropologica fondamentale che &#8216;non \u00e8 bene che l&#8217;uomo sia solo&#8217;. Questo contesto ha dato origine a un profilo giovanile postmoderno caratterizzato da edonismo, consumismo e un attivismo frenetico che cerca di riempire il vuoto esistenziale con il rumore per evitare la riflessione interiore e la scoperta di s\u00e9&#8221;.<\/span><\/span><\/p>\n<p><span dir=\"auto\" style=\"vertical-align: inherit\"><span dir=\"auto\" style=\"vertical-align: inherit\">Stiamo vivendo il paradosso della societ\u00e0 pi\u00f9 prospera e tecnologicamente connessa della storia, eppure abitata dai giovani pi\u00f9 isolati, che spesso sostituiscono i legami profondi con un malriposto senso di libert\u00e0 che, privo di impegno e di attenzione al bene comune, finisce per danneggiare la loro stessa dignit\u00e0. Di fronte alla proliferazione di\u00a0 <\/span><\/span><a href=\"https:\/\/www.rtve.es\/noticias\/20250826\/hogares-unipersonales-cerca-superar-a-dos-miembros-convertirse-mas-comunes-espana\/16707087.shtml\" target=\"_blank\" rel=\"external noopener noreferrer\" data-wpel-link=\"external\"><strong><span dir=\"auto\" style=\"vertical-align: inherit\"><span dir=\"auto\" style=\"vertical-align: inherit\">nuclei familiari mononucleari e di vite isolate<\/span><\/span><\/strong><\/a><span dir=\"auto\" style=\"vertical-align: inherit\"><span dir=\"auto\" style=\"vertical-align: inherit\"> , evidenze scientifiche \u2013 come lo\u00a0 <\/span><\/span><a href=\"https:\/\/www.adultdevelopmentstudy.org\/\" target=\"_blank\" rel=\"external noopener noreferrer\" data-wpel-link=\"external\"><strong><span dir=\"auto\" style=\"vertical-align: inherit\"><span dir=\"auto\" style=\"vertical-align: inherit\">studio longitudinale di Harvard<\/span><\/span><\/strong><\/a><span dir=\"auto\" style=\"vertical-align: inherit\"><span dir=\"auto\" style=\"vertical-align: inherit\"> \u2013 confermano che la felicit\u00e0 non risiede nel successo individuale o nell&#8217;autosufficienza, ma piuttosto nella qualit\u00e0 delle nostre relazioni e nel genuino servizio agli altri.<\/span><\/span><\/p>\n<h3><strong><span dir=\"auto\" style=\"vertical-align: inherit\"><span dir=\"auto\" style=\"vertical-align: inherit\">Valutazione bioetica<\/span><\/span><\/strong><\/h3>\n<p><span dir=\"auto\" style=\"vertical-align: inherit\"><span dir=\"auto\" style=\"vertical-align: inherit\">Esistono fattori strutturali nelle societ\u00e0 moderne che possono essere identificati come fattori che contribuiscono a questa crisi di solitudine imposta. Il primo e pi\u00f9 importante \u00e8 l&#8217;irrilevanza attribuita, da pi\u00f9 parti, all&#8217;istituzione familiare \u2013 una scuola di relazioni umane, un luogo di sostegno e un ambiente privilegiato per la socializzazione.<\/span><\/span><\/p>\n<p><span dir=\"auto\" style=\"vertical-align: inherit\"><span dir=\"auto\" style=\"vertical-align: inherit\">La crisi legata alle rotture matrimoniali, ai bassi tassi di natalit\u00e0, alla proposta di modelli familiari alternativi o all&#8217;abbandono del compito educativo da parte di molti genitori molto impegnati con la produttivit\u00e0, getta i giovani di oggi in situazioni di isolamento che possono portare a conseguenze patologiche.<\/span><\/span><\/p>\n<p><span dir=\"auto\" style=\"vertical-align: inherit\"><span dir=\"auto\" style=\"vertical-align: inherit\">In questo contesto, la proliferazione\u00a0 <\/span><\/span><strong><a href=\"https:\/\/www.observatoriobioetica.org\/2025\/07\/expertos-se-reunen-para-abordar-los-riesgos-eticos-de-la-inteligencia-artificial-en-el-congreso-humanidad-y-algoritmos-de-la-ucv\/10004504\" target=\"_blank\" rel=\"noopener\" data-wpel-link=\"internal\"><span dir=\"auto\" style=\"vertical-align: inherit\"><span dir=\"auto\" style=\"vertical-align: inherit\">dell&#8217;Intelligenza Artificiale (IA)<\/span><\/span><\/a>\u00a0<\/strong><span dir=\"auto\" style=\"vertical-align: inherit\"><span dir=\"auto\" style=\"vertical-align: inherit\"> generativa , che riproduce forme di comunicazione simili, e talvolta indistinguibili, a quelle umane, sta iniziando a colmare il vuoto lasciato dall&#8217;assenza di genitori, fratelli, amici, vicini o anche semplici conoscenti. Le relazioni con personaggi virtuali, che sempre pi\u00f9 riescono a imitare le sembianze umane, possono diventare il fattore che moltiplica l&#8217;isolamento e le sue conseguenze per tanti giovani, disconnessi dalla realt\u00e0 con cui non interagiscono e rassegnati a un'&#8221;anestesia emotiva&#8221; che, attraverso avatar creati dall&#8217;IA, consente loro di rinunciare alla dimensione pi\u00f9 genuinamente umana: quella relazionale. Questa dimensione ci arricchisce, ci consente di uscire dalla schiavit\u00f9 dell&#8217;autoindulgenza e apre l&#8217;essere umano alla trascendenza, all&#8217;altro&#8230;<\/span><\/span><\/p>\n<p><span dir=\"auto\" style=\"vertical-align: inherit\"><span dir=\"auto\" style=\"vertical-align: inherit\">Assistiamo con preoccupazione al crescente fascino per la proliferazione incontrollata del mondo virtuale, che, grazie alle nuove tecnologie, seduce cos\u00ec tante persone e le priva di una vera connessione umana. L&#8217;allarmante inazione di fronte a questo enorme rischio moltiplica le probabilit\u00e0 di isolamento e miseria per tanti giovani e adulti che stanno gradualmente abbandonando la ricchezza delle relazioni umane reali, con i loro rischi, scoperte, sacrifici e trionfi. E questo \u00e8 particolarmente vero all&#8217;interno della famiglia, ecosistema privilegiato per lo sviluppo umano.<\/span><\/span><\/p>\n<p><em><strong><span dir=\"auto\" style=\"vertical-align: inherit\"><span dir=\"auto\" style=\"vertical-align: inherit\">Giulio Tudela. Cristina Castello. Osservatorio di Bioetica. Universit\u00e0 Cattolica di Valencia<\/span><\/span><\/strong><\/em><\/p>\n","protected":false},"excerpt":{"rendered":"<p>Adolescenti pi\u00f9 soli degli adulti: il paradosso dell&#8217;iperconnettivit\u00e0 e il rischio bioetico dell&#8217;IA<\/p>\n","protected":false},"author":87,"featured_media":154640,"comment_status":"closed","ping_status":"closed","sticky":false,"template":"","format":"standard","meta":{"_acf_changed":false,"_crdt_document":"","inline_featured_image":false,"footnotes":""},"categories":[71],"tags":[71508,6083,89788,90974,36990,90976,90983,90990,90980,90981,90975,90982,45197,90973,90979,90972,90985,22373,12870,90986,28667,26247,90987,49625,90988,90989,90984,46386,90978,90977,64787,14154],"class_list":["post-155005","post","type-post","status-publish","format-standard","has-post-thumbnail","hentry","category-analisi","tag-basso-tasso-di-natalita","tag-bioetica-it","tag-connessioni-umane","tag-convivenza-autentica","tag-crisi-familiare","tag-epidemia-di-solitudine","tag-giovani-dai-16-ai-29-anni","tag-giovani-solitudine","tag-ia-e-solitudine","tag-implicazioni-bioetiche","tag-indebolimento-della-struttura-familiare","tag-individualismo-esacerbato","tag-intelligenza-artificiale-it","tag-intorpidimento-emotivo","tag-iperconnettivita","tag-isolamento-digitale","tag-organizzazione-mondiale-della-sanita","tag-osservatorio-di-bioetica","tag-osservatorio-di-bioetica-delluniversita-cattolica-di-valencia","tag-pensieri-suicidi","tag-relazioni-autentiche","tag-relazioni-interpersonali","tag-salute-mentale-dei-giovani","tag-salute-pubblica","tag-solitudine-degli-adolescenti","tag-solitudine-dei-giovani-adulti","tag-solitudine-delloms","tag-solitudine-indesiderata","tag-studio-di-harvard-sulla-felicita","tag-studio-sulla-solitudine-in-spagna","tag-trending-it-236","tag-universita-cattolica-di-valencia"],"acf":[],"yoast_head":"<!-- This site is optimized with the Yoast SEO plugin v27.5 - https:\/\/yoast.com\/product\/yoast-seo-wordpress\/ -->\n<title>Solitudine giovanile: una sfida globale con profonde implicazioni bioetiche &#8211; Exaudi<\/title>\n<meta name=\"robots\" content=\"index, follow, max-snippet:-1, max-image-preview:large, max-video-preview:-1\" \/>\n<link rel=\"canonical\" href=\"https:\/\/exaudi.org\/it\/solitudine-giovanile-una-sfida-globale-con-profonde-implicazioni-bioetiche\/\" \/>\n<meta property=\"og:locale\" content=\"it_IT\" \/>\n<meta property=\"og:type\" content=\"article\" \/>\n<meta property=\"og:title\" content=\"Solitudine giovanile: una sfida globale con profonde implicazioni bioetiche &#8211; Exaudi\" \/>\n<meta property=\"og:description\" content=\"Adolescenti pi\u00f9 soli degli adulti: il paradosso dell&#039;iperconnettivit\u00e0 e il rischio bioetico dell&#039;IA\" \/>\n<meta property=\"og:url\" content=\"https:\/\/exaudi.org\/it\/solitudine-giovanile-una-sfida-globale-con-profonde-implicazioni-bioetiche\/\" \/>\n<meta property=\"og:site_name\" content=\"Exaudi\" \/>\n<meta property=\"article:publisher\" content=\"https:\/\/www.facebook.com\/ExaudiNews\" \/>\n<meta property=\"article:author\" content=\"https:\/\/www.facebook.com\/observatoriodebioetica\/\" \/>\n<meta property=\"article:published_time\" content=\"2026-01-23T18:18:29+00:00\" \/>\n<meta property=\"og:image\" content=\"https:\/\/exaudi.org\/wp-content\/uploads\/2026\/01\/fotos-web-Observatorio-Bioetica-24-scaled-compressed-scaled.jpg\" \/>\n\t<meta property=\"og:image:width\" content=\"2560\" \/>\n\t<meta property=\"og:image:height\" content=\"994\" \/>\n\t<meta property=\"og:image:type\" content=\"image\/jpeg\" \/>\n<meta name=\"author\" content=\"Observatorio de Bio\u00e9tica UCV\" \/>\n<meta name=\"twitter:card\" content=\"summary_large_image\" \/>\n<meta name=\"twitter:creator\" content=\"@obioetica\" \/>\n<meta name=\"twitter:site\" content=\"@Exaudi_News\" \/>\n<meta name=\"twitter:label1\" content=\"Scritto da\" \/>\n\t<meta name=\"twitter:data1\" content=\"Observatorio de Bio\u00e9tica UCV\" \/>\n\t<meta name=\"twitter:label2\" content=\"Tempo di lettura stimato\" \/>\n\t<meta name=\"twitter:data2\" content=\"6 minuti\" \/>\n<script type=\"application\/ld+json\" class=\"yoast-schema-graph\">{\"@context\":\"https:\\\/\\\/schema.org\",\"@graph\":[{\"@type\":\"Article\",\"@id\":\"https:\\\/\\\/exaudi.org\\\/it\\\/solitudine-giovanile-una-sfida-globale-con-profonde-implicazioni-bioetiche\\\/#article\",\"isPartOf\":{\"@id\":\"https:\\\/\\\/exaudi.org\\\/it\\\/solitudine-giovanile-una-sfida-globale-con-profonde-implicazioni-bioetiche\\\/\"},\"author\":{\"name\":\"Observatorio de Bio\u00e9tica UCV\",\"@id\":\"https:\\\/\\\/exaudi.org\\\/#\\\/schema\\\/person\\\/05d1c06e56ecb5490e9bff0d27026595\"},\"headline\":\"Solitudine giovanile: una sfida globale con profonde implicazioni bioetiche\",\"datePublished\":\"2026-01-23T18:18:29+00:00\",\"mainEntityOfPage\":{\"@id\":\"https:\\\/\\\/exaudi.org\\\/it\\\/solitudine-giovanile-una-sfida-globale-con-profonde-implicazioni-bioetiche\\\/\"},\"wordCount\":1218,\"image\":{\"@id\":\"https:\\\/\\\/exaudi.org\\\/it\\\/solitudine-giovanile-una-sfida-globale-con-profonde-implicazioni-bioetiche\\\/#primaryimage\"},\"thumbnailUrl\":\"https:\\\/\\\/exaudi.org\\\/wp-content\\\/uploads\\\/2026\\\/01\\\/fotos-web-Observatorio-Bioetica-24-scaled-compressed-scaled.jpg\",\"keywords\":[\"Basso tasso di natalit\u00e0\",\"Bio\u00e9tica\",\"Connessioni umane\",\"convivenza autentica\",\"crisi familiare\",\"epidemia di solitudine\",\"giovani dai 16 ai 29 anni\",\"giovani solitudine\",\"IA e solitudine\",\"implicazioni bioetiche\",\"indebolimento della struttura familiare\",\"individualismo esacerbato\",\"Intelligenza artificiale\",\"intorpidimento emotivo\",\"iperconnettivit\u00e0\",\"Isolamento digitale\",\"Organizzazione Mondiale della Sanit\u00e0\",\"Osservatorio di bioetica\",\"OSSERVATORIO DI BIOETICA DELL'UNIVERSIT\u00c0 CATTOLICA DI VALENCIA\",\"pensieri suicidi\",\"relazioni autentiche\",\"relazioni interpersonali\",\"salute mentale dei giovani\",\"salute pubblica\",\"solitudine degli adolescenti\",\"solitudine dei giovani adulti\",\"solitudine dell'OMS\",\"solitudine indesiderata\",\"studio di Harvard sulla felicit\u00e0\",\"studio sulla solitudine in Spagna\",\"Trending\",\"UNIVERSIT\u00c0 CATTOLICA DI VALENCIA\"],\"articleSection\":[\"Analisi\"],\"inLanguage\":\"it-IT\"},{\"@type\":\"WebPage\",\"@id\":\"https:\\\/\\\/exaudi.org\\\/it\\\/solitudine-giovanile-una-sfida-globale-con-profonde-implicazioni-bioetiche\\\/\",\"url\":\"https:\\\/\\\/exaudi.org\\\/it\\\/solitudine-giovanile-una-sfida-globale-con-profonde-implicazioni-bioetiche\\\/\",\"name\":\"Solitudine giovanile: una sfida globale con profonde implicazioni bioetiche &#8211; Exaudi\",\"isPartOf\":{\"@id\":\"https:\\\/\\\/exaudi.org\\\/#website\"},\"primaryImageOfPage\":{\"@id\":\"https:\\\/\\\/exaudi.org\\\/it\\\/solitudine-giovanile-una-sfida-globale-con-profonde-implicazioni-bioetiche\\\/#primaryimage\"},\"image\":{\"@id\":\"https:\\\/\\\/exaudi.org\\\/it\\\/solitudine-giovanile-una-sfida-globale-con-profonde-implicazioni-bioetiche\\\/#primaryimage\"},\"thumbnailUrl\":\"https:\\\/\\\/exaudi.org\\\/wp-content\\\/uploads\\\/2026\\\/01\\\/fotos-web-Observatorio-Bioetica-24-scaled-compressed-scaled.jpg\",\"datePublished\":\"2026-01-23T18:18:29+00:00\",\"author\":{\"@id\":\"https:\\\/\\\/exaudi.org\\\/#\\\/schema\\\/person\\\/05d1c06e56ecb5490e9bff0d27026595\"},\"breadcrumb\":{\"@id\":\"https:\\\/\\\/exaudi.org\\\/it\\\/solitudine-giovanile-una-sfida-globale-con-profonde-implicazioni-bioetiche\\\/#breadcrumb\"},\"inLanguage\":\"it-IT\",\"potentialAction\":[{\"@type\":\"ReadAction\",\"target\":[\"https:\\\/\\\/exaudi.org\\\/it\\\/solitudine-giovanile-una-sfida-globale-con-profonde-implicazioni-bioetiche\\\/\"]}]},{\"@type\":\"ImageObject\",\"inLanguage\":\"it-IT\",\"@id\":\"https:\\\/\\\/exaudi.org\\\/it\\\/solitudine-giovanile-una-sfida-globale-con-profonde-implicazioni-bioetiche\\\/#primaryimage\",\"url\":\"https:\\\/\\\/exaudi.org\\\/wp-content\\\/uploads\\\/2026\\\/01\\\/fotos-web-Observatorio-Bioetica-24-scaled-compressed-scaled.jpg\",\"contentUrl\":\"https:\\\/\\\/exaudi.org\\\/wp-content\\\/uploads\\\/2026\\\/01\\\/fotos-web-Observatorio-Bioetica-24-scaled-compressed-scaled.jpg\",\"width\":2560,\"height\":994},{\"@type\":\"BreadcrumbList\",\"@id\":\"https:\\\/\\\/exaudi.org\\\/it\\\/solitudine-giovanile-una-sfida-globale-con-profonde-implicazioni-bioetiche\\\/#breadcrumb\",\"itemListElement\":[{\"@type\":\"ListItem\",\"position\":1,\"name\":\"Portada\",\"item\":\"https:\\\/\\\/exaudi.org\\\/it\\\/\"},{\"@type\":\"ListItem\",\"position\":2,\"name\":\"Solitudine giovanile: una sfida globale con profonde implicazioni bioetiche\"}]},{\"@type\":\"WebSite\",\"@id\":\"https:\\\/\\\/exaudi.org\\\/#website\",\"url\":\"https:\\\/\\\/exaudi.org\\\/\",\"name\":\"Exaudi\",\"description\":\"News\",\"potentialAction\":[{\"@type\":\"SearchAction\",\"target\":{\"@type\":\"EntryPoint\",\"urlTemplate\":\"https:\\\/\\\/exaudi.org\\\/?s={search_term_string}\"},\"query-input\":{\"@type\":\"PropertyValueSpecification\",\"valueRequired\":true,\"valueName\":\"search_term_string\"}}],\"inLanguage\":\"it-IT\"},{\"@type\":\"Person\",\"@id\":\"https:\\\/\\\/exaudi.org\\\/#\\\/schema\\\/person\\\/05d1c06e56ecb5490e9bff0d27026595\",\"name\":\"Observatorio de Bio\u00e9tica UCV\",\"image\":{\"@type\":\"ImageObject\",\"inLanguage\":\"it-IT\",\"@id\":\"https:\\\/\\\/secure.gravatar.com\\\/avatar\\\/086563f59595a89fb0851de25d712a03657b1cdfa8af3c9cd0a1ee122fc5d596?s=96&d=mm&r=g\",\"url\":\"https:\\\/\\\/secure.gravatar.com\\\/avatar\\\/086563f59595a89fb0851de25d712a03657b1cdfa8af3c9cd0a1ee122fc5d596?s=96&d=mm&r=g\",\"contentUrl\":\"https:\\\/\\\/secure.gravatar.com\\\/avatar\\\/086563f59595a89fb0851de25d712a03657b1cdfa8af3c9cd0a1ee122fc5d596?s=96&d=mm&r=g\",\"caption\":\"Observatorio de Bio\u00e9tica UCV\"},\"description\":\"El Observatorio de Bio\u00e9tica se encuentra dentro del Instituto Ciencias de la vida de la Universidad Cat\u00f3lica de Valencia \u201cSan Vicente M\u00e1rtir\u201d . En el trasfondo de sus publicaciones, se defiende la vida humana desde la fecundaci\u00f3n a la muerte natural y la dignidad de la persona, teniendo como objetivo aunar esfuerzos para difundir la cultura de la vida como la define la Evangelium Vitae.\",\"sameAs\":[\"https:\\\/\\\/www.observatoriobioetica.org\\\/\",\"https:\\\/\\\/www.facebook.com\\\/observatoriodebioetica\\\/\",\"https:\\\/\\\/x.com\\\/obioetica\",\"https:\\\/\\\/www.youtube.com\\\/channel\\\/UC_Tr4WS5-TXoNo5e1MdQc7w\"],\"url\":\"https:\\\/\\\/exaudi.org\\\/it\\\/author\\\/observatoriodebioeticaucv\\\/\"}]}<\/script>\n<!-- \/ Yoast SEO plugin. -->","yoast_head_json":{"title":"Solitudine giovanile: una sfida globale con profonde implicazioni bioetiche &#8211; Exaudi","robots":{"index":"index","follow":"follow","max-snippet":"max-snippet:-1","max-image-preview":"max-image-preview:large","max-video-preview":"max-video-preview:-1"},"canonical":"https:\/\/exaudi.org\/it\/solitudine-giovanile-una-sfida-globale-con-profonde-implicazioni-bioetiche\/","og_locale":"it_IT","og_type":"article","og_title":"Solitudine giovanile: una sfida globale con profonde implicazioni bioetiche &#8211; Exaudi","og_description":"Adolescenti pi\u00f9 soli degli adulti: il paradosso dell'iperconnettivit\u00e0 e il rischio bioetico dell'IA","og_url":"https:\/\/exaudi.org\/it\/solitudine-giovanile-una-sfida-globale-con-profonde-implicazioni-bioetiche\/","og_site_name":"Exaudi","article_publisher":"https:\/\/www.facebook.com\/ExaudiNews","article_author":"https:\/\/www.facebook.com\/observatoriodebioetica\/","article_published_time":"2026-01-23T18:18:29+00:00","og_image":[{"width":2560,"height":994,"url":"https:\/\/exaudi.org\/wp-content\/uploads\/2026\/01\/fotos-web-Observatorio-Bioetica-24-scaled-compressed-scaled.jpg","type":"image\/jpeg"}],"author":"Observatorio de Bio\u00e9tica UCV","twitter_card":"summary_large_image","twitter_creator":"@obioetica","twitter_site":"@Exaudi_News","twitter_misc":{"Scritto da":"Observatorio de Bio\u00e9tica UCV","Tempo di lettura stimato":"6 minuti"},"schema":{"@context":"https:\/\/schema.org","@graph":[{"@type":"Article","@id":"https:\/\/exaudi.org\/it\/solitudine-giovanile-una-sfida-globale-con-profonde-implicazioni-bioetiche\/#article","isPartOf":{"@id":"https:\/\/exaudi.org\/it\/solitudine-giovanile-una-sfida-globale-con-profonde-implicazioni-bioetiche\/"},"author":{"name":"Observatorio de Bio\u00e9tica UCV","@id":"https:\/\/exaudi.org\/#\/schema\/person\/05d1c06e56ecb5490e9bff0d27026595"},"headline":"Solitudine giovanile: una sfida globale con profonde implicazioni bioetiche","datePublished":"2026-01-23T18:18:29+00:00","mainEntityOfPage":{"@id":"https:\/\/exaudi.org\/it\/solitudine-giovanile-una-sfida-globale-con-profonde-implicazioni-bioetiche\/"},"wordCount":1218,"image":{"@id":"https:\/\/exaudi.org\/it\/solitudine-giovanile-una-sfida-globale-con-profonde-implicazioni-bioetiche\/#primaryimage"},"thumbnailUrl":"https:\/\/exaudi.org\/wp-content\/uploads\/2026\/01\/fotos-web-Observatorio-Bioetica-24-scaled-compressed-scaled.jpg","keywords":["Basso tasso di natalit\u00e0","Bio\u00e9tica","Connessioni umane","convivenza autentica","crisi familiare","epidemia di solitudine","giovani dai 16 ai 29 anni","giovani solitudine","IA e solitudine","implicazioni bioetiche","indebolimento della struttura familiare","individualismo esacerbato","Intelligenza artificiale","intorpidimento emotivo","iperconnettivit\u00e0","Isolamento digitale","Organizzazione Mondiale della Sanit\u00e0","Osservatorio di bioetica","OSSERVATORIO DI BIOETICA DELL'UNIVERSIT\u00c0 CATTOLICA DI VALENCIA","pensieri suicidi","relazioni autentiche","relazioni interpersonali","salute mentale dei giovani","salute pubblica","solitudine degli adolescenti","solitudine dei giovani adulti","solitudine dell'OMS","solitudine indesiderata","studio di Harvard sulla felicit\u00e0","studio sulla solitudine in Spagna","Trending","UNIVERSIT\u00c0 CATTOLICA DI VALENCIA"],"articleSection":["Analisi"],"inLanguage":"it-IT"},{"@type":"WebPage","@id":"https:\/\/exaudi.org\/it\/solitudine-giovanile-una-sfida-globale-con-profonde-implicazioni-bioetiche\/","url":"https:\/\/exaudi.org\/it\/solitudine-giovanile-una-sfida-globale-con-profonde-implicazioni-bioetiche\/","name":"Solitudine giovanile: una sfida globale con profonde implicazioni bioetiche &#8211; Exaudi","isPartOf":{"@id":"https:\/\/exaudi.org\/#website"},"primaryImageOfPage":{"@id":"https:\/\/exaudi.org\/it\/solitudine-giovanile-una-sfida-globale-con-profonde-implicazioni-bioetiche\/#primaryimage"},"image":{"@id":"https:\/\/exaudi.org\/it\/solitudine-giovanile-una-sfida-globale-con-profonde-implicazioni-bioetiche\/#primaryimage"},"thumbnailUrl":"https:\/\/exaudi.org\/wp-content\/uploads\/2026\/01\/fotos-web-Observatorio-Bioetica-24-scaled-compressed-scaled.jpg","datePublished":"2026-01-23T18:18:29+00:00","author":{"@id":"https:\/\/exaudi.org\/#\/schema\/person\/05d1c06e56ecb5490e9bff0d27026595"},"breadcrumb":{"@id":"https:\/\/exaudi.org\/it\/solitudine-giovanile-una-sfida-globale-con-profonde-implicazioni-bioetiche\/#breadcrumb"},"inLanguage":"it-IT","potentialAction":[{"@type":"ReadAction","target":["https:\/\/exaudi.org\/it\/solitudine-giovanile-una-sfida-globale-con-profonde-implicazioni-bioetiche\/"]}]},{"@type":"ImageObject","inLanguage":"it-IT","@id":"https:\/\/exaudi.org\/it\/solitudine-giovanile-una-sfida-globale-con-profonde-implicazioni-bioetiche\/#primaryimage","url":"https:\/\/exaudi.org\/wp-content\/uploads\/2026\/01\/fotos-web-Observatorio-Bioetica-24-scaled-compressed-scaled.jpg","contentUrl":"https:\/\/exaudi.org\/wp-content\/uploads\/2026\/01\/fotos-web-Observatorio-Bioetica-24-scaled-compressed-scaled.jpg","width":2560,"height":994},{"@type":"BreadcrumbList","@id":"https:\/\/exaudi.org\/it\/solitudine-giovanile-una-sfida-globale-con-profonde-implicazioni-bioetiche\/#breadcrumb","itemListElement":[{"@type":"ListItem","position":1,"name":"Portada","item":"https:\/\/exaudi.org\/it\/"},{"@type":"ListItem","position":2,"name":"Solitudine giovanile: una sfida globale con profonde implicazioni bioetiche"}]},{"@type":"WebSite","@id":"https:\/\/exaudi.org\/#website","url":"https:\/\/exaudi.org\/","name":"Exaudi","description":"News","potentialAction":[{"@type":"SearchAction","target":{"@type":"EntryPoint","urlTemplate":"https:\/\/exaudi.org\/?s={search_term_string}"},"query-input":{"@type":"PropertyValueSpecification","valueRequired":true,"valueName":"search_term_string"}}],"inLanguage":"it-IT"},{"@type":"Person","@id":"https:\/\/exaudi.org\/#\/schema\/person\/05d1c06e56ecb5490e9bff0d27026595","name":"Observatorio de Bio\u00e9tica UCV","image":{"@type":"ImageObject","inLanguage":"it-IT","@id":"https:\/\/secure.gravatar.com\/avatar\/086563f59595a89fb0851de25d712a03657b1cdfa8af3c9cd0a1ee122fc5d596?s=96&d=mm&r=g","url":"https:\/\/secure.gravatar.com\/avatar\/086563f59595a89fb0851de25d712a03657b1cdfa8af3c9cd0a1ee122fc5d596?s=96&d=mm&r=g","contentUrl":"https:\/\/secure.gravatar.com\/avatar\/086563f59595a89fb0851de25d712a03657b1cdfa8af3c9cd0a1ee122fc5d596?s=96&d=mm&r=g","caption":"Observatorio de Bio\u00e9tica UCV"},"description":"El Observatorio de Bio\u00e9tica se encuentra dentro del Instituto Ciencias de la vida de la Universidad Cat\u00f3lica de Valencia \u201cSan Vicente M\u00e1rtir\u201d . En el trasfondo de sus publicaciones, se defiende la vida humana desde la fecundaci\u00f3n a la muerte natural y la dignidad de la persona, teniendo como objetivo aunar esfuerzos para difundir la cultura de la vida como la define la Evangelium Vitae.","sameAs":["https:\/\/www.observatoriobioetica.org\/","https:\/\/www.facebook.com\/observatoriodebioetica\/","https:\/\/x.com\/obioetica","https:\/\/www.youtube.com\/channel\/UC_Tr4WS5-TXoNo5e1MdQc7w"],"url":"https:\/\/exaudi.org\/it\/author\/observatoriodebioeticaucv\/"}]}},"jetpack_featured_media_url":"https:\/\/exaudi.org\/wp-content\/uploads\/2026\/01\/fotos-web-Observatorio-Bioetica-24-scaled-compressed-scaled.jpg","jetpack_shortlink":"https:\/\/wp.me\/pgKjF2-Ek5","_links":{"self":[{"href":"https:\/\/exaudi.org\/it\/wp-json\/wp\/v2\/posts\/155005","targetHints":{"allow":["GET"]}}],"collection":[{"href":"https:\/\/exaudi.org\/it\/wp-json\/wp\/v2\/posts"}],"about":[{"href":"https:\/\/exaudi.org\/it\/wp-json\/wp\/v2\/types\/post"}],"author":[{"embeddable":true,"href":"https:\/\/exaudi.org\/it\/wp-json\/wp\/v2\/users\/87"}],"replies":[{"embeddable":true,"href":"https:\/\/exaudi.org\/it\/wp-json\/wp\/v2\/comments?post=155005"}],"version-history":[{"count":3,"href":"https:\/\/exaudi.org\/it\/wp-json\/wp\/v2\/posts\/155005\/revisions"}],"predecessor-version":[{"id":155008,"href":"https:\/\/exaudi.org\/it\/wp-json\/wp\/v2\/posts\/155005\/revisions\/155008"}],"wp:featuredmedia":[{"embeddable":true,"href":"https:\/\/exaudi.org\/it\/wp-json\/wp\/v2\/media\/154640"}],"wp:attachment":[{"href":"https:\/\/exaudi.org\/it\/wp-json\/wp\/v2\/media?parent=155005"}],"wp:term":[{"taxonomy":"category","embeddable":true,"href":"https:\/\/exaudi.org\/it\/wp-json\/wp\/v2\/categories?post=155005"},{"taxonomy":"post_tag","embeddable":true,"href":"https:\/\/exaudi.org\/it\/wp-json\/wp\/v2\/tags?post=155005"}],"curies":[{"name":"wp","href":"https:\/\/api.w.org\/{rel}","templated":true}]}}