{"id":154977,"date":"2026-01-23T17:56:43","date_gmt":"2026-01-23T16:56:43","guid":{"rendered":"https:\/\/exaudi.org\/?p=154977"},"modified":"2026-01-23T17:56:43","modified_gmt":"2026-01-23T16:56:43","slug":"la-grandezza-dellamore-alla-luce-dei-suoi-opposti","status":"publish","type":"post","link":"https:\/\/exaudi.org\/it\/la-grandezza-dellamore-alla-luce-dei-suoi-opposti\/","title":{"rendered":"La grandezza dell&#8217;amore, alla luce dei suoi opposti"},"content":{"rendered":"<section class=\"elementor-section elementor-top-section elementor-element elementor-element-4b29020f elementor-section-boxed elementor-section-height-default elementor-section-height-default\" data-id=\"4b29020f\" data-element_type=\"section\">\n<div class=\"elementor-container elementor-column-gap-default\">\n<div class=\"elementor-column elementor-col-100 elementor-top-column elementor-element elementor-element-6bf6696c\" data-id=\"6bf6696c\" data-element_type=\"column\">\n<div class=\"elementor-widget-wrap elementor-element-populated\">\n<div class=\"elementor-element elementor-element-24934069 elementor-widget elementor-widget-heading\" data-id=\"24934069\" data-element_type=\"widget\" data-widget_type=\"heading.default\">\n<div class=\"elementor-widget-container\">\n<h3 class=\"elementor-heading-title elementor-size-default\"><strong><span dir=\"auto\" style=\"vertical-align: inherit\"><span dir=\"auto\" style=\"vertical-align: inherit\">1. Amare \u00e8 dire all&#8217;amato: &#8220;non morirai&#8221;<\/span><\/span><\/strong><\/h3>\n<\/div>\n<\/div>\n<\/div>\n<\/div>\n<\/div>\n<\/section>\n<section class=\"elementor-section elementor-top-section elementor-element elementor-element-461b4460 elementor-section-boxed elementor-section-height-default elementor-section-height-default\" data-id=\"461b4460\" data-element_type=\"section\">\n<div class=\"elementor-container elementor-column-gap-default\">\n<div class=\"elementor-column elementor-col-100 elementor-top-column elementor-element elementor-element-6d02e6c5\" data-id=\"6d02e6c5\" data-element_type=\"column\">\n<div class=\"elementor-widget-wrap elementor-element-populated\">\n<div class=\"elementor-element elementor-element-42188a11 elementor-widget elementor-widget-text-editor\" data-id=\"42188a11\" data-element_type=\"widget\" data-widget_type=\"text-editor.default\">\n<div class=\"elementor-widget-container\">\n<p><strong><span dir=\"auto\" style=\"vertical-align: inherit\"><span dir=\"auto\" style=\"vertical-align: inherit\">Manifestazioni positive che rivelano la sublimit\u00e0 dell&#8217;atto di amare<\/span><\/span><\/strong><\/p>\n<p><span dir=\"auto\" style=\"vertical-align: inherit\"><span dir=\"auto\" style=\"vertical-align: inherit\">Nell&#8217;articolo precedente ho sottolineato alcune gioiose conseguenze che mettono in risalto la grandezza dell&#8217;atto\u00a0 <\/span><\/span><a href=\"https:\/\/www.amazon.es\/Amar-aqu%C3%AD-ahora-Tom%C3%A1s-Melendo\/dp\/1545589291\/ref=sr_1_1?__mk_es_ES=%C3%85M%C3%85%C5%BD%C3%95%C3%91&amp;crid=KSY14HNJJQQJ&amp;dchild=1&amp;keywords=amar%2C+aqu%C3%AD+y+ahora&amp;qid=1633707775&amp;sprefix=amar%2C+aqu%C3%AD%2Caps%2C181&amp;sr=8-1\" target=\"_blank\" rel=\"noopener\"><span dir=\"auto\" style=\"vertical-align: inherit\"><span dir=\"auto\" style=\"vertical-align: inherit\">di amare<\/span><\/span><\/a><span dir=\"auto\" style=\"vertical-align: inherit\"><span dir=\"auto\" style=\"vertical-align: inherit\">.<\/span><\/span><\/p>\n<p><span dir=\"auto\" style=\"vertical-align: inherit\"><span dir=\"auto\" style=\"vertical-align: inherit\">Amare, inteso nella sua essenza pi\u00f9 profonda \u2014diceva\u2014, \u00e8 pronunciare un \u201cs\u00ec\u201d incondizionato alla persona amata:<\/span><\/span><\/p>\n<ul>\n<li><span dir=\"auto\" style=\"vertical-align: inherit\"><span dir=\"auto\" style=\"vertical-align: inherit\">confermalo nel suo essere: \u00e8 meraviglioso che tu esista!;<\/span><\/span><\/li>\n<li><span dir=\"auto\" style=\"vertical-align: inherit\"><span dir=\"auto\" style=\"vertical-align: inherit\">per approvare in modo assoluto l&#8217;azione creativa che gli ha dato quell&#8217;essere;<\/span><\/span><\/li>\n<li><span dir=\"auto\" style=\"vertical-align: inherit\"><span dir=\"auto\" style=\"vertical-align: inherit\">ricrearlo ancora e ancora con il tuo affetto.<\/span><\/span><\/li>\n<\/ul>\n<p><span dir=\"auto\" style=\"vertical-align: inherit\"><span dir=\"auto\" style=\"vertical-align: inherit\">E quella conferma radicale, derivata e quasi identica all&#8217;atto di amare:<\/span><\/span><\/p>\n<ul>\n<li><span dir=\"auto\" style=\"vertical-align: inherit\"><span dir=\"auto\" style=\"vertical-align: inherit\">non solo porta con s\u00e9 molteplici miglioramenti per\u00a0 <\/span><\/span><em><span dir=\"auto\" style=\"vertical-align: inherit\"><span dir=\"auto\" style=\"vertical-align: inherit\">la persona amata,<\/span><\/span><\/em><\/li>\n<li><span dir=\"auto\" style=\"vertical-align: inherit\"><span dir=\"auto\" style=\"vertical-align: inherit\">ma illumina\u00a0 <\/span><\/span><em><span dir=\"auto\" style=\"vertical-align: inherit\"><span dir=\"auto\" style=\"vertical-align: inherit\">l&#8217;intero universo<\/span><\/span><\/em><\/li>\n<li><span dir=\"auto\" style=\"vertical-align: inherit\"><span dir=\"auto\" style=\"vertical-align: inherit\">e provoca anche una crescita intensa\u00a0 <\/span><\/span><em><span dir=\"auto\" style=\"vertical-align: inherit\"><span dir=\"auto\" style=\"vertical-align: inherit\">in colui che compie l&#8217;atto di amare.<\/span><\/span><\/em><\/li>\n<\/ul>\n<p><span dir=\"auto\" style=\"vertical-align: inherit\"><span dir=\"auto\" style=\"vertical-align: inherit\">La sublimit\u00e0 dell&#8217;amore lascia un segno indelebile nei molteplici effetti positivi che derivano dall&#8217;amare.<\/span><\/span><\/p>\n<\/div>\n<\/div>\n<\/div>\n<\/div>\n<\/div>\n<\/section>\n<section class=\"elementor-section elementor-top-section elementor-element elementor-element-23bd68c elementor-section-boxed elementor-section-height-default elementor-section-height-default\" data-id=\"23bd68c\" data-element_type=\"section\">\n<div class=\"elementor-container elementor-column-gap-default\">\n<div class=\"elementor-column elementor-col-100 elementor-top-column elementor-element elementor-element-f8d230d\" data-id=\"f8d230d\" data-element_type=\"column\">\n<div class=\"elementor-widget-wrap elementor-element-populated\">\n<div class=\"elementor-element elementor-element-2f658fe elementor-widget elementor-widget-image\" data-id=\"2f658fe\" data-element_type=\"widget\" data-widget_type=\"image.default\">\n<div class=\"elementor-widget-container\"><img loading=\"lazy\" decoding=\"async\" class=\"size-full wp-image-154656 alignnone\" src=\"https:\/\/exaudi.org\/wp-content\/uploads\/2026\/01\/el-bien-de-la-persona-amada-5.png\" alt=\"\" width=\"680\" height=\"378\" srcset=\"https:\/\/exaudi.org\/wp-content\/uploads\/2026\/01\/el-bien-de-la-persona-amada-5.png 680w, https:\/\/exaudi.org\/wp-content\/uploads\/2026\/01\/el-bien-de-la-persona-amada-5-300x167.png 300w, https:\/\/exaudi.org\/wp-content\/uploads\/2026\/01\/el-bien-de-la-persona-amada-5-500x278.png 500w\" sizes=\"auto, (max-width: 680px) 100vw, 680px\" \/><\/div>\n<\/div>\n<\/div>\n<\/div>\n<\/div>\n<\/section>\n<section class=\"elementor-section elementor-top-section elementor-element elementor-element-c3ad0c3 elementor-section-boxed elementor-section-height-default elementor-section-height-default\" data-id=\"c3ad0c3\" data-element_type=\"section\">\n<div class=\"elementor-container elementor-column-gap-default\">\n<div class=\"elementor-column elementor-col-100 elementor-top-column elementor-element elementor-element-74e6fd7\" data-id=\"74e6fd7\" data-element_type=\"column\">\n<div class=\"elementor-widget-wrap elementor-element-populated\">\n<div class=\"elementor-element elementor-element-27b2a39 elementor-widget elementor-widget-text-editor\" data-id=\"27b2a39\" data-element_type=\"widget\" data-widget_type=\"text-editor.default\">\n<div class=\"elementor-widget-container\">\n<p><em><strong><span dir=\"auto\" style=\"vertical-align: inherit\"><span dir=\"auto\" style=\"vertical-align: inherit\">La sublimit\u00e0 dell&#8217;atto di amare si manifesta <\/span><\/span><\/strong><\/em><br \/>\n<em><strong><span dir=\"auto\" style=\"vertical-align: inherit\"><span dir=\"auto\" style=\"vertical-align: inherit\">innanzitutto <\/span><\/span><\/strong><\/em><br \/>\n<em><strong><span dir=\"auto\" style=\"vertical-align: inherit\"><span dir=\"auto\" style=\"vertical-align: inherit\">negli effetti positivi che ne derivano.<\/span><\/span><\/strong><\/em><\/p>\n<\/div>\n<\/div>\n<\/div>\n<\/div>\n<\/div>\n<\/section>\n<section class=\"elementor-section elementor-top-section elementor-element elementor-element-ec4bc8e elementor-section-boxed elementor-section-height-default elementor-section-height-default\" data-id=\"ec4bc8e\" data-element_type=\"section\">\n<div class=\"elementor-container elementor-column-gap-default\">\n<div class=\"elementor-column elementor-col-100 elementor-top-column elementor-element elementor-element-98ad7e8\" data-id=\"98ad7e8\" data-element_type=\"column\">\n<div class=\"elementor-widget-wrap elementor-element-populated\">\n<div class=\"elementor-element elementor-element-2d8362b elementor-widget elementor-widget-text-editor\" data-id=\"2d8362b\" data-element_type=\"widget\" data-widget_type=\"text-editor.default\">\n<div class=\"elementor-widget-container\">\n<p><strong><span dir=\"auto\" style=\"vertical-align: inherit\"><span dir=\"auto\" style=\"vertical-align: inherit\">Realt\u00e0 negative che confermano anche la grandezza dell&#8217;amare<\/span><\/span><\/strong><\/p>\n<p><span dir=\"auto\" style=\"vertical-align: inherit\"><span dir=\"auto\" style=\"vertical-align: inherit\">Lo stesso si pu\u00f2 osservare dall&#8217;estremo\u00a0 <\/span><\/span><em><span dir=\"auto\" style=\"vertical-align: inherit\"><span dir=\"auto\" style=\"vertical-align: inherit\">opposto,<\/span><\/span><\/em><span dir=\"auto\" style=\"vertical-align: inherit\"><span dir=\"auto\" style=\"vertical-align: inherit\"> \u00a0evidenziando cosa succede quando l&#8217;amore declina o quando la persona che amiamo non \u00e8 pi\u00f9 con noi:<\/span><\/span><\/p>\n<ul>\n<li><span dir=\"auto\" style=\"vertical-align: inherit\"><span dir=\"auto\" style=\"vertical-align: inherit\">La sofferenza allora sperimentata ha appena confermato, per contrasto, fino a che punto\u00a0 <\/span><\/span><a href=\"https:\/\/youtu.be\/5X6V3vvohZ0\" target=\"_blank\" rel=\"noopener\"><span dir=\"auto\" style=\"vertical-align: inherit\"><span dir=\"auto\" style=\"vertical-align: inherit\">l&#8217;amore dia\u00a0 <\/span><\/span><strong><em><span dir=\"auto\" style=\"vertical-align: inherit\"><span dir=\"auto\" style=\"vertical-align: inherit\">tutto<\/span><\/span><\/em><\/strong><em><span dir=\"auto\" style=\"vertical-align: inherit\"><span dir=\"auto\" style=\"vertical-align: inherit\"> \u00a0il suo significato<\/span><\/span><\/em><span dir=\"auto\" style=\"vertical-align: inherit\"><span dir=\"auto\" style=\"vertical-align: inherit\"> \u00a0all&#8217;esistenza umana<\/span><\/span><\/a><span dir=\"auto\" style=\"vertical-align: inherit\"><span dir=\"auto\" style=\"vertical-align: inherit\"> .<\/span><\/span><\/li>\n<\/ul>\n<p><span dir=\"auto\" style=\"vertical-align: inherit\"><span dir=\"auto\" style=\"vertical-align: inherit\">Sia gli effetti positivi, studiati nell&#8217;articolo precedente, sia le realt\u00e0 negative derivanti dalle varie carenze che colpiscono l&#8217;amore, sottolineano lo stesso fatto: l&#8217;incomparabile sublimit\u00e0 che\u00a0 <\/span><\/span><em><span dir=\"auto\" style=\"vertical-align: inherit\"><span dir=\"auto\" style=\"vertical-align: inherit\">eleva\u00a0 <\/span><\/span><strong><span dir=\"auto\" style=\"vertical-align: inherit\"><span dir=\"auto\" style=\"vertical-align: inherit\">l&#8217;atto di amare<\/span><\/span><\/strong><span dir=\"auto\" style=\"vertical-align: inherit\"><span dir=\"auto\" style=\"vertical-align: inherit\"> \u00a0al di sopra di ogni altra attivit\u00e0 umana.<\/span><\/span><\/em><\/p>\n<p><span dir=\"auto\" style=\"vertical-align: inherit\"><span dir=\"auto\" style=\"vertical-align: inherit\">Ebbene, tra i segni acuti, dolorosi e distruttivi che confermano\u00a0 <\/span><\/span><em><span dir=\"auto\" style=\"vertical-align: inherit\"><span dir=\"auto\" style=\"vertical-align: inherit\">per contrasto<\/span><\/span><\/em><span dir=\"auto\" style=\"vertical-align: inherit\"><span dir=\"auto\" style=\"vertical-align: inherit\"> \u00a0la grandezza dell&#8217;amore, forse i due pi\u00f9 evidenti sono\u00a0 <\/span><\/span><em><span dir=\"auto\" style=\"vertical-align: inherit\"><span dir=\"auto\" style=\"vertical-align: inherit\">la morte della persona amata<\/span><\/span><\/em><span dir=\"auto\" style=\"vertical-align: inherit\"><span dir=\"auto\" style=\"vertical-align: inherit\"> \u00a0e\u00a0 <\/span><\/span><em><span dir=\"auto\" style=\"vertical-align: inherit\"><span dir=\"auto\" style=\"vertical-align: inherit\">l&#8217;amore non corrisposto.<\/span><\/span><\/em><\/p>\n<\/div>\n<\/div>\n<div class=\"elementor-element elementor-element-c39116e elementor-widget elementor-widget-text-editor\" data-id=\"c39116e\" data-element_type=\"widget\" data-widget_type=\"text-editor.default\">\n<div class=\"elementor-widget-container\">\n<p><em><strong><span dir=\"auto\" style=\"vertical-align: inherit\"><span dir=\"auto\" style=\"vertical-align: inherit\">Cos\u00ec come l&#8217;amore fa risplendere l&#8217;intero universo <\/span><\/span><\/strong><\/em><br \/>\n<em><strong><span dir=\"auto\" style=\"vertical-align: inherit\"><span dir=\"auto\" style=\"vertical-align: inherit\">e perfeziona la nostra persona, anche <\/span><\/span><\/strong><\/em><br \/>\n<em><strong><span dir=\"auto\" style=\"vertical-align: inherit\"><span dir=\"auto\" style=\"vertical-align: inherit\">ci\u00f2 che proviamo quando l&#8217;amore &#8220;fallisce&#8221; <\/span><\/span><\/strong><\/em><br \/>\n<em><strong><span dir=\"auto\" style=\"vertical-align: inherit\"><span dir=\"auto\" style=\"vertical-align: inherit\">testimonia la grandezza del sublime atto di amare.<\/span><\/span><\/strong><\/em><\/p>\n<\/div>\n<\/div>\n<\/div>\n<\/div>\n<\/div>\n<\/section>\n<section class=\"elementor-section elementor-top-section elementor-element elementor-element-063d23a elementor-section-boxed elementor-section-height-default elementor-section-height-default\" data-id=\"063d23a\" data-element_type=\"section\">\n<div class=\"elementor-container elementor-column-gap-default\">\n<div class=\"elementor-column elementor-col-100 elementor-top-column elementor-element elementor-element-4fffc1d\" data-id=\"4fffc1d\" data-element_type=\"column\">\n<div class=\"elementor-widget-wrap elementor-element-populated\">\n<div class=\"elementor-element elementor-element-de50c92 elementor-widget elementor-widget-text-editor\" data-id=\"de50c92\" data-element_type=\"widget\" data-widget_type=\"text-editor.default\">\n<div class=\"elementor-widget-container\">\n<p><strong><span dir=\"auto\" style=\"vertical-align: inherit\"><span dir=\"auto\" style=\"vertical-align: inherit\">La morte di una persona cara<\/span><\/span><\/strong><\/p>\n<p><span dir=\"auto\" style=\"vertical-align: inherit\"><span dir=\"auto\" style=\"vertical-align: inherit\">Concentriamoci per ora sulla morte della persona cara.<\/span><\/span><\/p>\n<p><span dir=\"auto\" style=\"vertical-align: inherit\"><span dir=\"auto\" style=\"vertical-align: inherit\">Senza dubbio, proviamo un vero vuoto quando perdiamo qualcuno che amiamo con tutta l&#8217;anima: marito, moglie, figlio, fidanzato o fidanzata, amico intimo.<\/span><\/span><\/p>\n<p><span dir=\"auto\" style=\"vertical-align: inherit\"><span dir=\"auto\" style=\"vertical-align: inherit\">Ma non \u00e8 tutto.<\/span><\/span><\/p>\n<p><span dir=\"auto\" style=\"vertical-align: inherit\"><span dir=\"auto\" style=\"vertical-align: inherit\">Quando l&#8217;atto di amare non pu\u00f2 essere sostenuto, quando amare sembra impossibile, l&#8217;intero universo, che\u00a0 <\/span><\/span><a href=\"https:\/\/youtu.be\/-hJD3pZN9Bg\" target=\"_blank\" rel=\"noopener\"><span dir=\"auto\" style=\"vertical-align: inherit\"><span dir=\"auto\" style=\"vertical-align: inherit\">l&#8217;amore<\/span><\/span><\/a><span dir=\"auto\" style=\"vertical-align: inherit\"><span dir=\"auto\" style=\"vertical-align: inherit\"> \u00a0aveva fatto brillare,\u00a0 <\/span><\/span><strong><em><span dir=\"auto\" style=\"vertical-align: inherit\"><span dir=\"auto\" style=\"vertical-align: inherit\">diventa improvvisamente insignificante,<\/span><\/span><\/em><\/strong><span dir=\"auto\" style=\"vertical-align: inherit\"><span dir=\"auto\" style=\"vertical-align: inherit\"> \u00a0noioso e privo di colore, consistenza e rilievo.<\/span><\/span><\/p>\n<p><span dir=\"auto\" style=\"vertical-align: inherit\"><span dir=\"auto\" style=\"vertical-align: inherit\">Niente di ci\u00f2 che ci circonda, niente di ci\u00f2 che facciamo e di ci\u00f2 che ci piaceva, ora ha una ragione di esistere.<\/span><\/span><\/p>\n<p><span dir=\"auto\" style=\"vertical-align: inherit\"><span dir=\"auto\" style=\"vertical-align: inherit\">Sembra che tutto sia svanito insieme a colui che, come\u00a0 <\/span><\/span><strong><em><span dir=\"auto\" style=\"vertical-align: inherit\"><span dir=\"auto\" style=\"vertical-align: inherit\">ricorda Agostino d&#8217;Ippona,<\/span><\/span><\/em><\/strong><span dir=\"auto\" style=\"vertical-align: inherit\"><span dir=\"auto\" style=\"vertical-align: inherit\"> \u00a0&#8220;avevamo amato come se non dovesse morire mai&#8221;.<\/span><\/span><\/p>\n<\/div>\n<\/div>\n<div class=\"elementor-element elementor-element-eae682f elementor-widget elementor-widget-text-editor\" data-id=\"eae682f\" data-element_type=\"widget\" data-widget_type=\"text-editor.default\">\n<div class=\"elementor-widget-container\">\n<p><em><strong><span dir=\"auto\" style=\"vertical-align: inherit\"><span dir=\"auto\" style=\"vertical-align: inherit\">Quando una persona cara muore, <\/span><\/span><\/strong><\/em><br \/>\n<em><strong><span dir=\"auto\" style=\"vertical-align: inherit\"><span dir=\"auto\" style=\"vertical-align: inherit\">quando amare sembra impossibile, <\/span><\/span><\/strong><\/em><br \/>\n<em><strong><span dir=\"auto\" style=\"vertical-align: inherit\"><span dir=\"auto\" style=\"vertical-align: inherit\">sentiamo il vuoto della sua perdita&#8230; <\/span><\/span><\/strong><\/em><br \/>\n<em><strong><span dir=\"auto\" style=\"vertical-align: inherit\"><span dir=\"auto\" style=\"vertical-align: inherit\">e l&#8217;intero universo perde significato.<\/span><\/span><\/strong><\/em><\/p>\n<\/div>\n<\/div>\n<\/div>\n<\/div>\n<\/div>\n<\/section>\n<section class=\"elementor-section elementor-top-section elementor-element elementor-element-90f30de elementor-section-boxed elementor-section-height-default elementor-section-height-default\" data-id=\"90f30de\" data-element_type=\"section\">\n<div class=\"elementor-container elementor-column-gap-default\">\n<div class=\"elementor-column elementor-col-100 elementor-top-column elementor-element elementor-element-ad030bc\" data-id=\"ad030bc\" data-element_type=\"column\">\n<div class=\"elementor-widget-wrap elementor-element-populated\">\n<div class=\"elementor-element elementor-element-0a6c666 elementor-widget elementor-widget-image\" data-id=\"0a6c666\" data-element_type=\"widget\" data-widget_type=\"image.default\">\n<div class=\"elementor-widget-container\"><img loading=\"lazy\" decoding=\"async\" class=\"size-full wp-image-154660 alignnone\" src=\"https:\/\/exaudi.org\/wp-content\/uploads\/2026\/01\/la-grandeza-del-amor-a-la-luz-de-sus-contrarios-2.png\" alt=\"\" width=\"726\" height=\"482\" srcset=\"https:\/\/exaudi.org\/wp-content\/uploads\/2026\/01\/la-grandeza-del-amor-a-la-luz-de-sus-contrarios-2.png 726w, https:\/\/exaudi.org\/wp-content\/uploads\/2026\/01\/la-grandeza-del-amor-a-la-luz-de-sus-contrarios-2-300x199.png 300w, https:\/\/exaudi.org\/wp-content\/uploads\/2026\/01\/la-grandeza-del-amor-a-la-luz-de-sus-contrarios-2-360x240.png?crop=1 360w, https:\/\/exaudi.org\/wp-content\/uploads\/2026\/01\/la-grandeza-del-amor-a-la-luz-de-sus-contrarios-2-500x332.png 500w\" sizes=\"auto, (max-width: 726px) 100vw, 726px\" \/><\/div>\n<\/div>\n<\/div>\n<\/div>\n<\/div>\n<\/section>\n<section class=\"elementor-section elementor-top-section elementor-element elementor-element-4920dee elementor-section-boxed elementor-section-height-default elementor-section-height-default\" data-id=\"4920dee\" data-element_type=\"section\">\n<div class=\"elementor-container elementor-column-gap-default\">\n<div class=\"elementor-column elementor-col-100 elementor-top-column elementor-element elementor-element-3854189\" data-id=\"3854189\" data-element_type=\"column\">\n<div class=\"elementor-widget-wrap elementor-element-populated\">\n<div class=\"elementor-element elementor-element-f107c10 elementor-widget elementor-widget-heading\" data-id=\"f107c10\" data-element_type=\"widget\" data-widget_type=\"heading.default\">\n<div class=\"elementor-widget-container\">\n<h3 class=\"elementor-heading-title elementor-size-default\"><strong><span dir=\"auto\" style=\"vertical-align: inherit\"><span dir=\"auto\" style=\"vertical-align: inherit\">2. L&#8217;impossibilit\u00e0 di amare, nella letteratura e nella vita<\/span><\/span><\/strong><\/h3>\n<\/div>\n<\/div>\n<\/div>\n<\/div>\n<\/div>\n<\/section>\n<section class=\"elementor-section elementor-top-section elementor-element elementor-element-2f6e40e elementor-section-boxed elementor-section-height-default elementor-section-height-default\" data-id=\"2f6e40e\" data-element_type=\"section\">\n<div class=\"elementor-container elementor-column-gap-default\">\n<div class=\"elementor-column elementor-col-100 elementor-top-column elementor-element elementor-element-e2b210a\" data-id=\"e2b210a\" data-element_type=\"column\">\n<div class=\"elementor-widget-wrap elementor-element-populated\">\n<div class=\"elementor-element elementor-element-1be261a elementor-widget elementor-widget-text-editor\" data-id=\"1be261a\" data-element_type=\"widget\" data-widget_type=\"text-editor.default\">\n<div class=\"elementor-widget-container\">\n<p><strong><span dir=\"auto\" style=\"vertical-align: inherit\"><span dir=\"auto\" style=\"vertical-align: inherit\">Testimonianze dalla letteratura\u2026<\/span><\/span><\/strong><\/p>\n<p><span dir=\"auto\" style=\"vertical-align: inherit\"><span dir=\"auto\" style=\"vertical-align: inherit\">La storia e la letteratura ci offrono una moltitudine di testimonianze come quelle che abbiamo segnalato, simili e al tempo stesso molto diverse.<\/span><\/span><\/p>\n<p><span dir=\"auto\" style=\"vertical-align: inherit\"><span dir=\"auto\" style=\"vertical-align: inherit\">O meglio, i numerosi e diversi tentativi di spiegare la natura dell&#8217;amore coincidono su questa specifica propriet\u00e0:<\/span><\/span><\/p>\n<ul>\n<li><span dir=\"auto\" style=\"vertical-align: inherit\"><span dir=\"auto\" style=\"vertical-align: inherit\">In ognuno di essi, la perdita di una persona cara provoca\u00a0 <\/span><\/span><strong><em><span dir=\"auto\" style=\"vertical-align: inherit\"><span dir=\"auto\" style=\"vertical-align: inherit\">una perdita di significato<\/span><\/span><\/em><\/strong><span dir=\"auto\" style=\"vertical-align: inherit\"><span dir=\"auto\" style=\"vertical-align: inherit\"> \u00a0per chi ama, per ogni sua azione e per tutto e tutti coloro che lo circondano.<\/span><\/span><\/li>\n<\/ul>\n<p><span dir=\"auto\" style=\"vertical-align: inherit\"><span dir=\"auto\" style=\"vertical-align: inherit\">Tra i classici, lo dimostrano questi quattro celebri versi di\u00a0 <\/span><\/span><strong><em><span dir=\"auto\" style=\"vertical-align: inherit\"><span dir=\"auto\" style=\"vertical-align: inherit\">Garcilaso de la Vega:<\/span><\/span><\/em><\/strong><\/p>\n<\/div>\n<\/div>\n<\/div>\n<\/div>\n<\/div>\n<\/section>\n<section class=\"elementor-section elementor-top-section elementor-element elementor-element-872294c elementor-section-boxed elementor-section-height-default elementor-section-height-default\" data-id=\"872294c\" data-element_type=\"section\">\n<div class=\"elementor-container elementor-column-gap-default\">\n<div class=\"elementor-column elementor-col-100 elementor-top-column elementor-element elementor-element-f465a6c\" data-id=\"f465a6c\" data-element_type=\"column\">\n<div class=\"elementor-widget-wrap elementor-element-populated\">\n<div class=\"elementor-element elementor-element-23f106a elementor-widget elementor-widget-text-editor\" data-id=\"23f106a\" data-element_type=\"widget\" data-widget_type=\"text-editor.default\">\n<div class=\"elementor-widget-container\">\n<ul>\n<li><span dir=\"auto\" style=\"vertical-align: inherit\"><span dir=\"auto\" style=\"vertical-align: inherit\">Le fondamenta che sostenevano la mia stanca vita sono crollate. \/ Oh, quanto bene finisce in un solo giorno! \/ Oh, quante speranze sono portate via dal vento!<\/span><\/span><\/li>\n<\/ul>\n<\/div>\n<\/div>\n<\/div>\n<\/div>\n<\/div>\n<\/section>\n<section class=\"elementor-section elementor-top-section elementor-element elementor-element-b4b06c7 elementor-section-boxed elementor-section-height-default elementor-section-height-default\" data-id=\"b4b06c7\" data-element_type=\"section\">\n<div class=\"elementor-container elementor-column-gap-default\">\n<div class=\"elementor-column elementor-col-100 elementor-top-column elementor-element elementor-element-3497d225\" data-id=\"3497d225\" data-element_type=\"column\">\n<div class=\"elementor-widget-wrap elementor-element-populated\">\n<div class=\"elementor-element elementor-element-7c0493a7 elementor-widget elementor-widget-text-editor\" data-id=\"7c0493a7\" data-element_type=\"widget\" data-widget_type=\"text-editor.default\">\n<div class=\"elementor-widget-container\">\n<p><span dir=\"auto\" style=\"vertical-align: inherit\"><span dir=\"auto\" style=\"vertical-align: inherit\">Anche\u00a0 un poeta contemporaneo, <\/span><\/span><strong><em><span dir=\"auto\" style=\"vertical-align: inherit\"><span dir=\"auto\" style=\"vertical-align: inherit\">Antonio Machado,<\/span><\/span><\/em><\/strong><span dir=\"auto\" style=\"vertical-align: inherit\"><span dir=\"auto\" style=\"vertical-align: inherit\"> ha vissuto questa esperienza, come \u00a0racconta\u00a0 <\/span><\/span><strong><em><span dir=\"auto\" style=\"vertical-align: inherit\"><span dir=\"auto\" style=\"vertical-align: inherit\">Jos\u00e9 Luis Cano:<\/span><\/span><\/em><\/strong><\/p>\n<\/div>\n<\/div>\n<div class=\"elementor-element elementor-element-8cd9a18 elementor-widget elementor-widget-text-editor\" data-id=\"8cd9a18\" data-element_type=\"widget\" data-widget_type=\"text-editor.default\">\n<div class=\"elementor-widget-container\">\n<ul>\n<li><span dir=\"auto\" style=\"vertical-align: inherit\"><span dir=\"auto\" style=\"vertical-align: inherit\">\u2026a Soria, Machado diventa l&#8217;infermiere della moglie, preoccupandosi solo della sua salute. Dopo un apparente miglioramento, le condizioni di Leonor peggiorano di nuovo, ma prima di morire, vive un momento di gioia quando Antonio le consegna la prima copia di\u00a0 <\/span><\/span><em><span dir=\"auto\" style=\"vertical-align: inherit\"><span dir=\"auto\" style=\"vertical-align: inherit\">Campos de Castilla<\/span><\/span><\/em><span dir=\"auto\" style=\"vertical-align: inherit\"><span dir=\"auto\" style=\"vertical-align: inherit\"> .<\/span><\/span><\/li>\n<li><span dir=\"auto\" style=\"vertical-align: inherit\"><span dir=\"auto\" style=\"vertical-align: inherit\">Pochi giorni dopo, il 1\u00b0 agosto, Leonor mor\u00ec tra le braccia del poeta. La morte della moglie gett\u00f2 Machado in un dolore cos\u00ec profondo che il successo di\u00a0 <\/span><\/span><em><span dir=\"auto\" style=\"vertical-align: inherit\"><span dir=\"auto\" style=\"vertical-align: inherit\">Campos de Castilla<\/span><\/span><\/em><span dir=\"auto\" style=\"vertical-align: inherit\"><span dir=\"auto\" style=\"vertical-align: inherit\"> \u00a0, la cui pubblicazione fu accolta con entusiasmo dalla critica madrilena, guidata da Ortega e Azor\u00edn, non riusc\u00ec ad alleviarlo.<\/span><\/span><\/li>\n<\/ul>\n<\/div>\n<\/div>\n<\/div>\n<\/div>\n<\/div>\n<\/section>\n<section class=\"elementor-section elementor-top-section elementor-element elementor-element-dbf4b60 elementor-section-boxed elementor-section-height-default elementor-section-height-default\" data-id=\"dbf4b60\" data-element_type=\"section\">\n<div class=\"elementor-container elementor-column-gap-default\">\n<div class=\"elementor-column elementor-col-100 elementor-top-column elementor-element elementor-element-57195db\" data-id=\"57195db\" data-element_type=\"column\">\n<div class=\"elementor-widget-wrap elementor-element-populated\">\n<div class=\"elementor-element elementor-element-ed4d64c elementor-widget elementor-widget-text-editor\" data-id=\"ed4d64c\" data-element_type=\"widget\" data-widget_type=\"text-editor.default\">\n<div class=\"elementor-widget-container\">\n<p><span dir=\"auto\" style=\"vertical-align: inherit\"><span dir=\"auto\" style=\"vertical-align: inherit\">E continua:<\/span><\/span><\/p>\n<\/div>\n<\/div>\n<div class=\"elementor-element elementor-element-5f66f5c elementor-widget elementor-widget-text-editor\" data-id=\"5f66f5c\" data-element_type=\"widget\" data-widget_type=\"text-editor.default\">\n<div class=\"elementor-widget-container\">\n<ul>\n<li><span dir=\"auto\" style=\"vertical-align: inherit\"><span dir=\"auto\" style=\"vertical-align: inherit\">A un certo punto pens\u00f2 di suicidarsi, come confessa in una lettera a Juan Ram\u00f3n: &#8220;Quando ho perso mia moglie ho pensato di spararmi.<\/span><\/span><\/li>\n<li><span dir=\"auto\" style=\"vertical-align: inherit\"><span dir=\"auto\" style=\"vertical-align: inherit\">Il successo del mio libro mi ha salvato, e non per vanit\u00e0, Dio solo lo sa!, ma perch\u00e9 pensavo che, se c&#8217;era in me una forza utile, non avevo il diritto di annientarla.<\/span><\/span><\/li>\n<\/ul>\n<\/div>\n<\/div>\n<div class=\"elementor-element elementor-element-fb668ce elementor-widget elementor-widget-text-editor\" data-id=\"fb668ce\" data-element_type=\"widget\" data-widget_type=\"text-editor.default\">\n<div class=\"elementor-widget-container\">\n<p><em><strong><span dir=\"auto\" style=\"vertical-align: inherit\"><span dir=\"auto\" style=\"vertical-align: inherit\">La perdita di una persona cara provoca una perdita di significato <\/span><\/span><\/strong><\/em><br \/>\n<em><strong><span dir=\"auto\" style=\"vertical-align: inherit\"><span dir=\"auto\" style=\"vertical-align: inherit\">in se stessi e nelle proprie attivit\u00e0, <\/span><\/span><\/strong><\/em><br \/>\n<em><strong><span dir=\"auto\" style=\"vertical-align: inherit\"><span dir=\"auto\" style=\"vertical-align: inherit\">e in tutto e in tutti coloro che ci circondano.<\/span><\/span><\/strong><\/em><\/p>\n<\/div>\n<\/div>\n<\/div>\n<\/div>\n<\/div>\n<\/section>\n<section class=\"elementor-section elementor-top-section elementor-element elementor-element-2b853db5 elementor-section-boxed elementor-section-height-default elementor-section-height-default\" data-id=\"2b853db5\" data-element_type=\"section\">\n<div class=\"elementor-container elementor-column-gap-default\">\n<div class=\"elementor-column elementor-col-100 elementor-top-column elementor-element elementor-element-4a21ce89\" data-id=\"4a21ce89\" data-element_type=\"column\">\n<div class=\"elementor-widget-wrap elementor-element-populated\">\n<div class=\"elementor-element elementor-element-2dcf1139 elementor-widget elementor-widget-text-editor\" data-id=\"2dcf1139\" data-element_type=\"widget\" data-widget_type=\"text-editor.default\">\n<div class=\"elementor-widget-container\">\n<p><strong><span dir=\"auto\" style=\"vertical-align: inherit\"><span dir=\"auto\" style=\"vertical-align: inherit\">\u2026e della vita stessa, quando si scontra con la morte<\/span><\/span><\/strong><\/p>\n<p><strong><span dir=\"auto\" style=\"vertical-align: inherit\"><span dir=\"auto\" style=\"vertical-align: inherit\">Simone de Beauvoir<\/span><\/span><\/strong><\/p>\n<p><strong><em><span dir=\"auto\" style=\"vertical-align: inherit\"><span dir=\"auto\" style=\"vertical-align: inherit\">Non sorprende, quindi, che Simone de Beauvoir<\/span><\/span><\/em><\/strong><span dir=\"auto\" style=\"vertical-align: inherit\"><span dir=\"auto\" style=\"vertical-align: inherit\"> abbia vissuto qualcosa di simile\u00a0 , <\/span><span dir=\"auto\" style=\"vertical-align: inherit\">\u00a0la cui\u00a0 <\/span><\/span><a href=\"https:\/\/youtu.be\/w-ob00SLM9Q\" target=\"_blank\" rel=\"noopener\"><span dir=\"auto\" style=\"vertical-align: inherit\"><span dir=\"auto\" style=\"vertical-align: inherit\">concezione dell&#8217;amore<\/span><\/span><\/a><span dir=\"auto\" style=\"vertical-align: inherit\"><span dir=\"auto\" style=\"vertical-align: inherit\"> \u00a0\u00e8 quasi l&#8217;opposto di quella che delineo in questa raccolta di scritti.<\/span><\/span><\/p>\n<p><span dir=\"auto\" style=\"vertical-align: inherit\"><span dir=\"auto\" style=\"vertical-align: inherit\">Quando l&#8217;amante di Sartre crede che lui sia morto, a causa di uno sciopero della fame, e non pu\u00f2 pi\u00f9 amarlo, una profonda desolazione si impadronisce di lei:<\/span><\/span><\/p>\n<\/div>\n<\/div>\n<div class=\"elementor-element elementor-element-4aff960 elementor-widget elementor-widget-text-editor\" data-id=\"4aff960\" data-element_type=\"widget\" data-widget_type=\"text-editor.default\">\n<div class=\"elementor-widget-container\">\n<ul>\n<li><span dir=\"auto\" style=\"vertical-align: inherit\"><span dir=\"auto\" style=\"vertical-align: inherit\">Non c&#8217;erano pi\u00f9 uomini, non ce ne sarebbero mai stati, e non sapevo perch\u00e9 stessi sopravvivendo in modo assurdo.<\/span><\/span><\/li>\n<\/ul>\n<\/div>\n<\/div>\n<div class=\"elementor-element elementor-element-48a6c684 elementor-widget elementor-widget-text-editor\" data-id=\"48a6c684\" data-element_type=\"widget\" data-widget_type=\"text-editor.default\">\n<div class=\"elementor-widget-container\">\n<p><em><strong><span dir=\"auto\" style=\"vertical-align: inherit\"><span dir=\"auto\" style=\"vertical-align: inherit\">Non c&#8217;erano pi\u00f9 uomini, <\/span><\/span><\/strong><\/em><br \/>\n<em><strong><span dir=\"auto\" style=\"vertical-align: inherit\"><span dir=\"auto\" style=\"vertical-align: inherit\">non ce ne sarebbero mai stati, <\/span><\/span><\/strong><\/em><br \/>\n<em><strong><span dir=\"auto\" style=\"vertical-align: inherit\"><span dir=\"auto\" style=\"vertical-align: inherit\">e non so perch\u00e9 io sia sopravvissuta in modo assurdo.<\/span><\/span><\/strong><\/em><\/p>\n<\/div>\n<\/div>\n<\/div>\n<\/div>\n<\/div>\n<\/section>\n<section class=\"elementor-section elementor-top-section elementor-element elementor-element-421657b elementor-section-boxed elementor-section-height-default elementor-section-height-default\" data-id=\"421657b\" data-element_type=\"section\">\n<div class=\"elementor-container elementor-column-gap-default\">\n<div class=\"elementor-column elementor-col-100 elementor-top-column elementor-element elementor-element-760893c\" data-id=\"760893c\" data-element_type=\"column\">\n<div class=\"elementor-widget-wrap elementor-element-populated\">\n<div class=\"elementor-element elementor-element-9569974 elementor-widget elementor-widget-text-editor\" data-id=\"9569974\" data-element_type=\"widget\" data-widget_type=\"text-editor.default\">\n<div class=\"elementor-widget-container\">\n<p><strong><span dir=\"auto\" style=\"vertical-align: inherit\"><span dir=\"auto\" style=\"vertical-align: inherit\">Agostino d&#8217;Ippona<\/span><\/span><\/strong><\/p>\n<p><span dir=\"auto\" style=\"vertical-align: inherit\"><span dir=\"auto\" style=\"vertical-align: inherit\">E non dovrebbe sorprendere, se si riflette con calma, che il sentimento di cui mi sto occupando sia comune, in una certa misura, a coloro che negano l&#8217;esistenza di Dio e a coloro che credono fermamente in Lui: perch\u00e9 la natura stessa dell&#8217;atto di amare conserva in entrambi una chiara somiglianza.<\/span><\/span><\/p>\n<ul>\n<li><span dir=\"auto\" style=\"vertical-align: inherit\"><span dir=\"auto\" style=\"vertical-align: inherit\">Tra questi ultimi sono note le parole di\u00a0 <\/span><\/span><strong><em><span dir=\"auto\" style=\"vertical-align: inherit\"><span dir=\"auto\" style=\"vertical-align: inherit\">Agostino d&#8217;Ippona<\/span><\/span><\/em><\/strong><span dir=\"auto\" style=\"vertical-align: inherit\"><span dir=\"auto\" style=\"vertical-align: inherit\"> \u00a0, che trascrivo qui di seguito:<\/span><\/span>\n<ul>\n<li><span dir=\"auto\" style=\"vertical-align: inherit\"><span dir=\"auto\" style=\"vertical-align: inherit\">Che dolore terribile per il mio cuore!<\/span><\/span><\/li>\n<li><span dir=\"auto\" style=\"vertical-align: inherit\"><span dir=\"auto\" style=\"vertical-align: inherit\">Tutto ci\u00f2 che guardavo era per me morte: la citt\u00e0 diventava insopportabile, la mia casa insopportabile e tutto ci\u00f2 che avevo condiviso con lui diventava un crudele tormento senza di lui.<\/span><\/span><\/li>\n<li><span dir=\"auto\" style=\"vertical-align: inherit\"><span dir=\"auto\" style=\"vertical-align: inherit\">Lo cercai dappertutto e non si faceva vedere, e giunsi a odiare tutte le cose, perch\u00e9 non lo avevano e non potevano dirmi come prima, quando veniva dopo un&#8217;assenza: &#8220;Ecco che arriva&#8221; [&#8230;].<\/span><\/span><\/li>\n<li><span dir=\"auto\" style=\"vertical-align: inherit\"><span dir=\"auto\" style=\"vertical-align: inherit\">Solo le lacrime mi erano dolci e prendevano il posto del mio amico nelle delizie del mio cuore [\u2026]. Mi meravigliavo che la gente continuasse a vivere, colui che avevo amato\u00a0 <\/span><\/span><strong><em><span dir=\"auto\" style=\"vertical-align: inherit\"><span dir=\"auto\" style=\"vertical-align: inherit\">come se non dovesse mai morire morto;<\/span><\/span><\/em><\/strong><span dir=\"auto\" style=\"vertical-align: inherit\"><span dir=\"auto\" style=\"vertical-align: inherit\"> \u00a0e mi meravigliavo ancora di pi\u00f9 che, alla sua morte, io continuassi a vivere,\u00a0 <\/span><\/span><strong><em><span dir=\"auto\" style=\"vertical-align: inherit\"><span dir=\"auto\" style=\"vertical-align: inherit\">perch\u00e9 ero un altro lui<\/span><\/span><\/em><\/strong><strong><em><span dir=\"auto\" style=\"vertical-align: inherit\"><span dir=\"auto\" style=\"vertical-align: inherit\">.<\/span><\/span><\/em><\/strong><\/li>\n<\/ul>\n<\/li>\n<\/ul>\n<\/div>\n<\/div>\n<div class=\"elementor-element elementor-element-9508f20 elementor-widget elementor-widget-text-editor\" data-id=\"9508f20\" data-element_type=\"widget\" data-widget_type=\"text-editor.default\">\n<div class=\"elementor-widget-container\">\n<p><em><strong><span dir=\"auto\" style=\"vertical-align: inherit\"><span dir=\"auto\" style=\"vertical-align: inherit\">Mi stupivo che le persone continuassero a vivere, <\/span><\/span><\/strong><\/em><br \/>\n<em><strong><span dir=\"auto\" style=\"vertical-align: inherit\"><span dir=\"auto\" style=\"vertical-align: inherit\">anche dopo che la persona che avevo amato <\/span><\/span><\/strong><\/em><br \/>\n<em><strong><span dir=\"auto\" style=\"vertical-align: inherit\"><span dir=\"auto\" style=\"vertical-align: inherit\">come se non dovesse mai morire era morta.<\/span><\/span><\/strong><\/em><\/p>\n<\/div>\n<\/div>\n<\/div>\n<\/div>\n<\/div>\n<\/section>\n<section class=\"elementor-section elementor-top-section elementor-element elementor-element-bf4b973 elementor-section-boxed elementor-section-height-default elementor-section-height-default\" data-id=\"bf4b973\" data-element_type=\"section\">\n<div class=\"elementor-container elementor-column-gap-default\">\n<div class=\"elementor-column elementor-col-100 elementor-top-column elementor-element elementor-element-56f804b\" data-id=\"56f804b\" data-element_type=\"column\">\n<div class=\"elementor-widget-wrap elementor-element-populated\">\n<div class=\"elementor-element elementor-element-bbb196a elementor-widget elementor-widget-text-editor\" data-id=\"bbb196a\" data-element_type=\"widget\" data-widget_type=\"text-editor.default\">\n<div class=\"elementor-widget-container\">\n<p><strong><span dir=\"auto\" style=\"vertical-align: inherit\"><span dir=\"auto\" style=\"vertical-align: inherit\">C.S. Lewis<\/span><\/span><\/strong><\/p>\n<p><span dir=\"auto\" style=\"vertical-align: inherit\"><span dir=\"auto\" style=\"vertical-align: inherit\">Lewis visse qualcosa di simile e lo scrisse qualche mese dopo la morte della moglie, quando gli sembrava impossibile poterla amare:<\/span><\/span><\/p>\n<\/div>\n<\/div>\n<div class=\"elementor-element elementor-element-b2a85cb elementor-widget elementor-widget-text-editor\" data-id=\"b2a85cb\" data-element_type=\"widget\" data-widget_type=\"text-editor.default\">\n<div class=\"elementor-widget-container\">\n<ul>\n<li><span dir=\"auto\" style=\"vertical-align: inherit\"><span dir=\"auto\" style=\"vertical-align: inherit\">Non \u00e8 vero che penso sempre a H. Il lavoro e la conversazione lo rendono impossibile.<\/span><\/span><\/li>\n<li><span dir=\"auto\" style=\"vertical-align: inherit\"><span dir=\"auto\" style=\"vertical-align: inherit\">Ma i momenti in cui non penso a lei potrebbero essere i peggiori.<\/span><\/span><\/li>\n<li><span dir=\"auto\" style=\"vertical-align: inherit\"><span dir=\"auto\" style=\"vertical-align: inherit\">Perch\u00e9 allora, anche se la ragione \u00e8 stata dimenticata, un vago senso di falsit\u00e0, di assurdit\u00e0, si diffonde su\u00a0 <\/span><\/span><strong><em><span dir=\"auto\" style=\"vertical-align: inherit\"><span dir=\"auto\" style=\"vertical-align: inherit\">tutte<\/span><\/span><\/em><\/strong><span dir=\"auto\" style=\"vertical-align: inherit\"><span dir=\"auto\" style=\"vertical-align: inherit\"> \u00a0le cose.<\/span><\/span><\/li>\n<\/ul>\n<\/div>\n<\/div>\n<div class=\"elementor-element elementor-element-09fb620 elementor-widget elementor-widget-text-editor\" data-id=\"09fb620\" data-element_type=\"widget\" data-widget_type=\"text-editor.default\">\n<div class=\"elementor-widget-container\">\n<p><span dir=\"auto\" style=\"vertical-align: inherit\"><em><strong><span dir=\"auto\" style=\"vertical-align: inherit\">Un vago senso di falsit\u00e0, di assurdit\u00e0, <\/span><\/strong><\/em><em><strong><span dir=\"auto\" style=\"vertical-align: inherit\">pervade ogni cosa .<\/span><\/strong><\/em><\/span><\/p>\n<\/div>\n<\/div>\n<\/div>\n<\/div>\n<\/div>\n<\/section>\n<section class=\"elementor-section elementor-top-section elementor-element elementor-element-fad0fbd elementor-section-boxed elementor-section-height-default elementor-section-height-default\" data-id=\"fad0fbd\" data-element_type=\"section\">\n<div class=\"elementor-container elementor-column-gap-default\">\n<div class=\"elementor-column elementor-col-100 elementor-top-column elementor-element elementor-element-4d7fc47\" data-id=\"4d7fc47\" data-element_type=\"column\">\n<div class=\"elementor-widget-wrap elementor-element-populated\">\n<div class=\"elementor-element elementor-element-9923bc5 elementor-widget elementor-widget-text-editor\" data-id=\"9923bc5\" data-element_type=\"widget\" data-widget_type=\"text-editor.default\">\n<div class=\"elementor-widget-container\">\n<p><span dir=\"auto\" style=\"vertical-align: inherit\"><span dir=\"auto\" style=\"vertical-align: inherit\">Lewis continua:<\/span><\/span><\/p>\n<\/div>\n<\/div>\n<div class=\"elementor-element elementor-element-f6030a3 elementor-widget elementor-widget-text-editor\" data-id=\"f6030a3\" data-element_type=\"widget\" data-widget_type=\"text-editor.default\">\n<div class=\"elementor-widget-container\">\n<ul>\n<li><span dir=\"auto\" style=\"vertical-align: inherit\"><span dir=\"auto\" style=\"vertical-align: inherit\">Come quei sogni in cui non accade nulla di terribile, nemmeno qualcosa che valga la pena menzionare quando li si racconta a colazione, eppure l&#8217;atmosfera e il sapore generale sono mortali.<\/span><\/span><\/li>\n<li><span dir=\"auto\" style=\"vertical-align: inherit\"><span dir=\"auto\" style=\"vertical-align: inherit\">Beh, lo stesso.<\/span><\/span><\/li>\n<li><span dir=\"auto\" style=\"vertical-align: inherit\"><span dir=\"auto\" style=\"vertical-align: inherit\">Vedo le bacche del frassino selvatico diventare rosse e per qualche istante non capisco perch\u00e9, tra tutte le cose, possano essere deprimenti.<\/span><\/span><\/li>\n<li><span dir=\"auto\" style=\"vertical-align: inherit\"><span dir=\"auto\" style=\"vertical-align: inherit\">Sento suonare una campana, ma una certa qualit\u00e0 che un tempo aveva il suo suono \u00e8 scomparsa.<\/span><\/span><\/li>\n<li><span dir=\"auto\" style=\"vertical-align: inherit\"><span dir=\"auto\" style=\"vertical-align: inherit\">Cosa sta succedendo al mondo che \u00e8 diventato cos\u00ec piatto, cos\u00ec cattivo, cos\u00ec logoro?<\/span><\/span><\/li>\n<li><span dir=\"auto\" style=\"vertical-align: inherit\"><span dir=\"auto\" style=\"vertical-align: inherit\">E poi mi rendo conto.<\/span><\/span><\/li>\n<\/ul>\n<\/div>\n<\/div>\n<div class=\"elementor-element elementor-element-49d3058 elementor-widget elementor-widget-text-editor\" data-id=\"49d3058\" data-element_type=\"widget\" data-widget_type=\"text-editor.default\">\n<div class=\"elementor-widget-container\">\n<p><em><strong><span dir=\"auto\" style=\"vertical-align: inherit\"><span dir=\"auto\" style=\"vertical-align: inherit\">L&#8217;energia radicale che ci rende ci\u00f2 che siamo <\/span><\/span><\/strong><\/em><br \/>\n<em><strong><span dir=\"auto\" style=\"vertical-align: inherit\"><span dir=\"auto\" style=\"vertical-align: inherit\">ci viene trasmessa, in parte, <\/span><\/span><\/strong><\/em><br \/>\n<em><strong><span dir=\"auto\" style=\"vertical-align: inherit\"><span dir=\"auto\" style=\"vertical-align: inherit\">attraverso la persona amata <\/span><\/span><\/strong><\/em><br \/>\n<em><strong><span dir=\"auto\" style=\"vertical-align: inherit\"><span dir=\"auto\" style=\"vertical-align: inherit\">e l&#8217;atto stesso di amare.<\/span><\/span><\/strong><\/em><\/p>\n<\/div>\n<\/div>\n<\/div>\n<\/div>\n<\/div>\n<\/section>\n<section class=\"elementor-section elementor-top-section elementor-element elementor-element-e10c459 elementor-section-boxed elementor-section-height-default elementor-section-height-default\" data-id=\"e10c459\" data-element_type=\"section\">\n<div class=\"elementor-container elementor-column-gap-default\">\n<div class=\"elementor-column elementor-col-100 elementor-top-column elementor-element elementor-element-c358272\" data-id=\"c358272\" data-element_type=\"column\">\n<div class=\"elementor-widget-wrap elementor-element-populated\">\n<div class=\"elementor-element elementor-element-24123d3 elementor-widget elementor-widget-heading\" data-id=\"24123d3\" data-element_type=\"widget\" data-widget_type=\"heading.default\">\n<div class=\"elementor-widget-container\">\n<h3 class=\"elementor-heading-title elementor-size-default\"><strong><span dir=\"auto\" style=\"vertical-align: inherit\"><span dir=\"auto\" style=\"vertical-align: inherit\">3. L&#8217;inesauribile potere dell&#8217;amore, anche al di sopra della morte<\/span><\/span><\/strong><\/h3>\n<\/div>\n<\/div>\n<\/div>\n<\/div>\n<\/div>\n<\/section>\n<section class=\"elementor-section elementor-top-section elementor-element elementor-element-0fd6d51 elementor-section-boxed elementor-section-height-default elementor-section-height-default\" data-id=\"0fd6d51\" data-element_type=\"section\">\n<div class=\"elementor-container elementor-column-gap-default\">\n<div class=\"elementor-column elementor-col-100 elementor-top-column elementor-element elementor-element-4db5dee\" data-id=\"4db5dee\" data-element_type=\"column\">\n<div class=\"elementor-widget-wrap elementor-element-populated\">\n<div class=\"elementor-element elementor-element-e6c4713 elementor-widget elementor-widget-text-editor\" data-id=\"e6c4713\" data-element_type=\"widget\" data-widget_type=\"text-editor.default\">\n<div class=\"elementor-widget-container\">\n<p><strong><span dir=\"auto\" style=\"vertical-align: inherit\"><span dir=\"auto\" style=\"vertical-align: inherit\">Superiore nella morte?<\/span><\/span><\/strong><\/p>\n<\/div>\n<\/div>\n<\/div>\n<\/div>\n<\/div>\n<\/section>\n<section class=\"elementor-section elementor-top-section elementor-element elementor-element-cbca8b2 elementor-section-boxed elementor-section-height-default elementor-section-height-default\" data-id=\"cbca8b2\" data-element_type=\"section\">\n<div class=\"elementor-container elementor-column-gap-default\">\n<div class=\"elementor-column elementor-col-100 elementor-top-column elementor-element elementor-element-59c31312\" data-id=\"59c31312\" data-element_type=\"column\">\n<div class=\"elementor-widget-wrap elementor-element-populated\">\n<div class=\"elementor-element elementor-element-b55c661 elementor-widget elementor-widget-text-editor\" data-id=\"b55c661\" data-element_type=\"widget\" data-widget_type=\"text-editor.default\">\n<div class=\"elementor-widget-container\">\n<p><span dir=\"auto\" style=\"vertical-align: inherit\"><span dir=\"auto\" style=\"vertical-align: inherit\">Ma l&#8217;ultima parola non spetta a Simone de Beauvoir, ad Agostino d&#8217;Ippona o a Lewis.<\/span><\/span><\/p>\n<p><span dir=\"auto\" style=\"vertical-align: inherit\"><span dir=\"auto\" style=\"vertical-align: inherit\">\u00c8 il momento di fare un altro passo.<\/span><\/span><\/p>\n<\/div>\n<\/div>\n<div class=\"elementor-element elementor-element-1c71f6f elementor-widget elementor-widget-text-editor\" data-id=\"1c71f6f\" data-element_type=\"widget\" data-widget_type=\"text-editor.default\">\n<div class=\"elementor-widget-container\">\n<p><em><strong><span dir=\"auto\" style=\"vertical-align: inherit\"><span dir=\"auto\" style=\"vertical-align: inherit\">Amare \u00e8 anche dire: \u201canche se dovessi morire\u2026\u201d<\/span><\/span><\/strong><\/em><\/p>\n<\/div>\n<\/div>\n<\/div>\n<\/div>\n<\/div>\n<\/section>\n<section class=\"elementor-section elementor-top-section elementor-element elementor-element-d663971 elementor-section-boxed elementor-section-height-default elementor-section-height-default\" data-id=\"d663971\" data-element_type=\"section\">\n<div class=\"elementor-container elementor-column-gap-default\">\n<div class=\"elementor-column elementor-col-100 elementor-top-column elementor-element elementor-element-5917289\" data-id=\"5917289\" data-element_type=\"column\">\n<div class=\"elementor-widget-wrap elementor-element-populated\">\n<div class=\"elementor-element elementor-element-a4bc8e5 elementor-widget elementor-widget-image\" data-id=\"a4bc8e5\" data-element_type=\"widget\" data-widget_type=\"image.default\">\n<div class=\"elementor-widget-container\"><img loading=\"lazy\" decoding=\"async\" class=\"size-full wp-image-154664 alignnone\" src=\"https:\/\/exaudi.org\/wp-content\/uploads\/2026\/01\/la-grandeza-del-amor-a-la-luz-de-sus-contrarios-3.png\" alt=\"\" width=\"674\" height=\"469\" srcset=\"https:\/\/exaudi.org\/wp-content\/uploads\/2026\/01\/la-grandeza-del-amor-a-la-luz-de-sus-contrarios-3.png 674w, https:\/\/exaudi.org\/wp-content\/uploads\/2026\/01\/la-grandeza-del-amor-a-la-luz-de-sus-contrarios-3-300x209.png 300w, https:\/\/exaudi.org\/wp-content\/uploads\/2026\/01\/la-grandeza-del-amor-a-la-luz-de-sus-contrarios-3-500x348.png 500w\" sizes=\"auto, (max-width: 674px) 100vw, 674px\" \/><\/div>\n<\/div>\n<\/div>\n<\/div>\n<\/div>\n<\/section>\n<section class=\"elementor-section elementor-top-section elementor-element elementor-element-e42da9e elementor-section-boxed elementor-section-height-default elementor-section-height-default\" data-id=\"e42da9e\" data-element_type=\"section\">\n<div class=\"elementor-container elementor-column-gap-default\">\n<div class=\"elementor-column elementor-col-100 elementor-top-column elementor-element elementor-element-49a4bfa\" data-id=\"49a4bfa\" data-element_type=\"column\">\n<div class=\"elementor-widget-wrap elementor-element-populated\">\n<div class=\"elementor-element elementor-element-d64b857 elementor-widget elementor-widget-text-editor\" data-id=\"d64b857\" data-element_type=\"widget\" data-widget_type=\"text-editor.default\">\n<div class=\"elementor-widget-container\">\n<p><em><strong><span dir=\"auto\" style=\"vertical-align: inherit\"><span dir=\"auto\" style=\"vertical-align: inherit\">Amare \u00e8 soprattutto dire: \u201cnon morirai\u2026 <\/span><\/span><\/strong><\/em><br \/>\n<em><strong><span dir=\"auto\" style=\"vertical-align: inherit\"><span dir=\"auto\" style=\"vertical-align: inherit\">anche se sei morto\u201d.<\/span><\/span><\/strong><\/em><\/p>\n<\/div>\n<\/div>\n<\/div>\n<\/div>\n<\/div>\n<\/section>\n<section class=\"elementor-section elementor-top-section elementor-element elementor-element-85bc123 elementor-section-boxed elementor-section-height-default elementor-section-height-default\" data-id=\"85bc123\" data-element_type=\"section\">\n<div class=\"elementor-container elementor-column-gap-default\">\n<div class=\"elementor-column elementor-col-100 elementor-top-column elementor-element elementor-element-ae0df46\" data-id=\"ae0df46\" data-element_type=\"column\">\n<div class=\"elementor-widget-wrap elementor-element-populated\">\n<div class=\"elementor-element elementor-element-05cc37c elementor-widget elementor-widget-text-editor\" data-id=\"05cc37c\" data-element_type=\"widget\" data-widget_type=\"text-editor.default\">\n<div class=\"elementor-widget-container\">\n<p><span dir=\"auto\" style=\"vertical-align: inherit\"><span dir=\"auto\" style=\"vertical-align: inherit\">Per illustrare questo concetto, citer\u00f2 un paio di testimonianze significative, non troppo lontane nel tempo.<\/span><\/span><\/p>\n<p><span dir=\"auto\" style=\"vertical-align: inherit\"><span dir=\"auto\" style=\"vertical-align: inherit\">Attraverso di essi si nota:<\/span><\/span><\/p>\n<ul>\n<li><span dir=\"auto\" style=\"vertical-align: inherit\"><span dir=\"auto\" style=\"vertical-align: inherit\">Che il potere\u00a0 <\/span><\/span><strong><em><span dir=\"auto\" style=\"vertical-align: inherit\"><span dir=\"auto\" style=\"vertical-align: inherit\">dell&#8217;amore<\/span><\/span><\/em><\/strong><span dir=\"auto\" style=\"vertical-align: inherit\"><span dir=\"auto\" style=\"vertical-align: inherit\"> \u00a0\u00e8 capace di generare\u00a0 <\/span><\/span><strong><em><span dir=\"auto\" style=\"vertical-align: inherit\"><span dir=\"auto\" style=\"vertical-align: inherit\">felicit\u00e0,<\/span><\/span><\/em><\/strong><span dir=\"auto\" style=\"vertical-align: inherit\"><span dir=\"auto\" style=\"vertical-align: inherit\"> \u00a0anche in mezzo a circostanze estremamente avverse ed estremamente dolorose.<\/span><\/span><\/li>\n<li><span dir=\"auto\" style=\"vertical-align: inherit\"><span dir=\"auto\" style=\"vertical-align: inherit\">E quella stessa energia, quella dell&#8217;amore autentico, sembra\u00a0 <\/span><\/span><em><span dir=\"auto\" style=\"vertical-align: inherit\"><span dir=\"auto\" style=\"vertical-align: inherit\">superare persino la morte<\/span><\/span><\/em><span dir=\"auto\" style=\"vertical-align: inherit\"><span dir=\"auto\" style=\"vertical-align: inherit\"> \u00a0, e infatti lo fa!<\/span><\/span><\/li>\n<\/ul>\n<\/div>\n<\/div>\n<div class=\"elementor-element elementor-element-859afcd elementor-widget elementor-widget-text-editor\" data-id=\"859afcd\" data-element_type=\"widget\" data-widget_type=\"text-editor.default\">\n<div class=\"elementor-widget-container\">\n<p><em><strong><span dir=\"auto\" style=\"vertical-align: inherit\"><span dir=\"auto\" style=\"vertical-align: inherit\">Il vero atto d&#8217;amore genera felicit\u00e0, <\/span><\/span><\/strong><\/em><br \/>\n<em><strong><span dir=\"auto\" style=\"vertical-align: inherit\"><span dir=\"auto\" style=\"vertical-align: inherit\">anche al di sopra della morte.<\/span><\/span><\/strong><\/em><\/p>\n<\/div>\n<\/div>\n<\/div>\n<\/div>\n<\/div>\n<\/section>\n<section class=\"elementor-section elementor-top-section elementor-element elementor-element-abdf708 elementor-section-boxed elementor-section-height-default elementor-section-height-default\" data-id=\"abdf708\" data-element_type=\"section\">\n<div class=\"elementor-container elementor-column-gap-default\">\n<div class=\"elementor-column elementor-col-100 elementor-top-column elementor-element elementor-element-126889f\" data-id=\"126889f\" data-element_type=\"column\">\n<div class=\"elementor-widget-wrap elementor-element-populated\">\n<div class=\"elementor-element elementor-element-75001f9 elementor-widget elementor-widget-text-editor\" data-id=\"75001f9\" data-element_type=\"widget\" data-widget_type=\"text-editor.default\">\n<div class=\"elementor-widget-container\">\n<p><strong><span dir=\"auto\" style=\"vertical-align: inherit\"><span dir=\"auto\" style=\"vertical-align: inherit\">L&#8217;energia evocativa dell&#8217;amore<\/span><\/span><\/strong><\/p>\n<p><span dir=\"auto\" style=\"vertical-align: inherit\"><span dir=\"auto\" style=\"vertical-align: inherit\">\u00c8 narrato da\u00a0 <\/span><\/span><strong><em><span dir=\"auto\" style=\"vertical-align: inherit\"><span dir=\"auto\" style=\"vertical-align: inherit\">Viktor Frankl,<\/span><\/span><\/em><\/strong><span dir=\"auto\" style=\"vertical-align: inherit\"><span dir=\"auto\" style=\"vertical-align: inherit\"> \u00a0psichiatra, ideatore della logoterapia.<\/span><\/span><\/p>\n<p><span dir=\"auto\" style=\"vertical-align: inherit\"><span dir=\"auto\" style=\"vertical-align: inherit\">Dopo anni trascorsi nel campo di concentramento, in momenti di particolare tristezza e impotenza, si aggrappa all&#8217;amore che d\u00e0 vita alla moglie, di cui ignora il destino \u2013 non sa se sia viva o morta \u2013 e attraverso di lei recupera e preserva la propria vita.<\/span><\/span><\/p>\n<p><span dir=\"auto\" style=\"vertical-align: inherit\"><span dir=\"auto\" style=\"vertical-align: inherit\">Per ragioni didattiche, presenter\u00f2 prima il fatto e nei paragrafi successivi\u00a0 <\/span><\/span><strong><em><span dir=\"auto\" style=\"vertical-align: inherit\"><span dir=\"auto\" style=\"vertical-align: inherit\">le riflessioni di Frankl.<\/span><\/span><\/em><\/strong><\/p>\n<ul>\n<li><span dir=\"auto\" style=\"vertical-align: inherit\"><span dir=\"auto\" style=\"vertical-align: inherit\">Scrive innanzitutto dell&#8217;inizio dell&#8217;esperienza, quando la sua memoria e la sua immaginazione gli presentano vividamente l&#8217;immagine della moglie:<\/span><\/span>\n<ul>\n<li><span dir=\"auto\" style=\"vertical-align: inherit\"><span dir=\"auto\" style=\"vertical-align: inherit\">Ma la mia mente si aggrappava all&#8217;immagine di mia moglie, immaginandola con sorprendente precisione. Mi rispose, mi sorrise e mi guard\u00f2 con il suo sguardo caldo e aperto. Reale o irreale, il suo sguardo brillava pi\u00f9 del sole nascente.<\/span><\/span><\/li>\n<\/ul>\n<\/li>\n<\/ul>\n<\/div>\n<\/div>\n<div class=\"elementor-element elementor-element-d8b6b97 elementor-widget elementor-widget-text-editor\" data-id=\"d8b6b97\" data-element_type=\"widget\" data-widget_type=\"text-editor.default\">\n<div class=\"elementor-widget-container\">\n<p><em><strong><span dir=\"auto\" style=\"vertical-align: inherit\"><span dir=\"auto\" style=\"vertical-align: inherit\">Reale o irreale, <\/span><\/span><\/strong><\/em><br \/>\n<em><strong><span dir=\"auto\" style=\"vertical-align: inherit\"><span dir=\"auto\" style=\"vertical-align: inherit\">il suo sguardo brillava pi\u00f9 del sole nascente.<\/span><\/span><\/strong><\/em><\/p>\n<\/div>\n<\/div>\n<\/div>\n<\/div>\n<\/div>\n<\/section>\n<section class=\"elementor-section elementor-top-section elementor-element elementor-element-3683b31 elementor-section-boxed elementor-section-height-default elementor-section-height-default\" data-id=\"3683b31\" data-element_type=\"section\">\n<div class=\"elementor-container elementor-column-gap-default\">\n<div class=\"elementor-column elementor-col-100 elementor-top-column elementor-element elementor-element-e1a9cde\" data-id=\"e1a9cde\" data-element_type=\"column\">\n<div class=\"elementor-widget-wrap elementor-element-populated\">\n<div class=\"elementor-element elementor-element-1d51819 elementor-widget elementor-widget-image\" data-id=\"1d51819\" data-element_type=\"widget\" data-widget_type=\"image.default\">\n<div class=\"elementor-widget-container\"><img loading=\"lazy\" decoding=\"async\" class=\"size-full wp-image-154667 alignnone\" src=\"https:\/\/exaudi.org\/wp-content\/uploads\/2026\/01\/el-bien-de-la-persona-amada-7.png\" alt=\"\" width=\"735\" height=\"400\" srcset=\"https:\/\/exaudi.org\/wp-content\/uploads\/2026\/01\/el-bien-de-la-persona-amada-7.png 735w, https:\/\/exaudi.org\/wp-content\/uploads\/2026\/01\/el-bien-de-la-persona-amada-7-300x163.png 300w, https:\/\/exaudi.org\/wp-content\/uploads\/2026\/01\/el-bien-de-la-persona-amada-7-500x272.png 500w\" sizes=\"auto, (max-width: 735px) 100vw, 735px\" \/><\/div>\n<\/div>\n<\/div>\n<\/div>\n<\/div>\n<\/section>\n<section class=\"elementor-section elementor-top-section elementor-element elementor-element-7bd1b08 elementor-section-boxed elementor-section-height-default elementor-section-height-default\" data-id=\"7bd1b08\" data-element_type=\"section\">\n<div class=\"elementor-container elementor-column-gap-default\">\n<div class=\"elementor-column elementor-col-100 elementor-top-column elementor-element elementor-element-c765035\" data-id=\"c765035\" data-element_type=\"column\">\n<div class=\"elementor-widget-wrap elementor-element-populated\">\n<div class=\"elementor-element elementor-element-62d317b elementor-widget elementor-widget-text-editor\" data-id=\"62d317b\" data-element_type=\"widget\" data-widget_type=\"text-editor.default\">\n<div class=\"elementor-widget-container\">\n<p><strong><span dir=\"auto\" style=\"vertical-align: inherit\"><span dir=\"auto\" style=\"vertical-align: inherit\">L&#8217;amore, unica fonte sicura di felicit\u00e0<\/span><\/span><\/strong><\/p>\n<p><span dir=\"auto\" style=\"vertical-align: inherit\"><span dir=\"auto\" style=\"vertical-align: inherit\">E da l\u00ec hanno inizio le sue scoperte sulla profonda energia racchiusa nell&#8217;atto di amare e, per noi, gli insegnamenti a riguardo.<\/span><\/span><\/p>\n<ul>\n<li><span dir=\"auto\" style=\"vertical-align: inherit\"><span dir=\"auto\" style=\"vertical-align: inherit\">Soprattutto la sublime grandezza dell&#8217;amore, che eleva l&#8217;uomo alla sua pienezza.<\/span><\/span>\n<ul>\n<li><span dir=\"auto\" style=\"vertical-align: inherit\"><span dir=\"auto\" style=\"vertical-align: inherit\">In quello stato di nostalgica ebbrezza, un pensiero mi attravers\u00f2 la mente e mi pietrific\u00f2, perch\u00e9 per la prima volta compresi la solida verit\u00e0 disseminata nei canti di tanti poeti o proclamata nella brillante saggezza di pensatori e filosofi: l&#8217;amore \u00e8\u00a0 <\/span><\/span><strong><em><span dir=\"auto\" style=\"vertical-align: inherit\"><span dir=\"auto\" style=\"vertical-align: inherit\">il fine ultimo e pi\u00f9 alto<\/span><\/span><\/em><\/strong><span dir=\"auto\" style=\"vertical-align: inherit\"><span dir=\"auto\" style=\"vertical-align: inherit\"> \u00a0a cui l&#8217;uomo possa aspirare.<\/span><\/span><\/li>\n<\/ul>\n<\/li>\n<\/ul>\n<\/div>\n<\/div>\n<div class=\"elementor-element elementor-element-bcc66ca elementor-widget elementor-widget-text-editor\" data-id=\"bcc66ca\" data-element_type=\"widget\" data-widget_type=\"text-editor.default\">\n<div class=\"elementor-widget-container\">\n<ul>\n<li><span dir=\"auto\" style=\"vertical-align: inherit\"><span dir=\"auto\" style=\"vertical-align: inherit\">Immediatamente, il rapporto tra amore e felicit\u00e0, intesa come appagamento e beatitudine.<\/span><\/span>\n<ul>\n<li><span dir=\"auto\" style=\"vertical-align: inherit\"><span dir=\"auto\" style=\"vertical-align: inherit\">Allora ho percepito in tutta la sua profondit\u00e0 il significato del pi\u00f9 grande segreto che la poesia, il pensiero e le credenze umane cercano di comunicarci: la salvezza dell&#8217;uomo \u00e8 possibile solo\u00a0 <\/span><\/span><strong><em><span dir=\"auto\" style=\"vertical-align: inherit\"><span dir=\"auto\" style=\"vertical-align: inherit\">nell&#8217;amore e attraverso l&#8217;amore.<\/span><\/span><\/em><\/strong><\/li>\n<li><span dir=\"auto\" style=\"vertical-align: inherit\"><span dir=\"auto\" style=\"vertical-align: inherit\">Ho intuito come un uomo, spogliato di tutto, possa assaporare la felicit\u00e0, anche se si tratta solo di un sospiro di felicit\u00e0, se contempla il volto della persona amata.<\/span><\/span><\/li>\n<\/ul>\n<\/li>\n<\/ul>\n<\/div>\n<\/div>\n<div class=\"elementor-element elementor-element-49e43dd elementor-widget elementor-widget-text-editor\" data-id=\"49e43dd\" data-element_type=\"widget\" data-widget_type=\"text-editor.default\">\n<div class=\"elementor-widget-container\">\n<p><em><strong><span dir=\"auto\" style=\"vertical-align: inherit\"><span dir=\"auto\" style=\"vertical-align: inherit\">&#8220;La salvezza dell&#8217;uomo <\/span><\/span><\/strong><\/em><br \/>\n<em><strong><span dir=\"auto\" style=\"vertical-align: inherit\"><span dir=\"auto\" style=\"vertical-align: inherit\">\u00e8 possibile solo nell&#8217;amore e attraverso l&#8217;amore.&#8221;<\/span><\/span><\/strong><\/em><\/p>\n<\/div>\n<\/div>\n<\/div>\n<\/div>\n<\/div>\n<\/section>\n<section class=\"elementor-section elementor-top-section elementor-element elementor-element-33eb581 elementor-section-boxed elementor-section-height-default elementor-section-height-default\" data-id=\"33eb581\" data-element_type=\"section\">\n<div class=\"elementor-container elementor-column-gap-default\">\n<div class=\"elementor-column elementor-col-100 elementor-top-column elementor-element elementor-element-7a535ac\" data-id=\"7a535ac\" data-element_type=\"column\">\n<div class=\"elementor-widget-wrap elementor-element-populated\">\n<div class=\"elementor-element elementor-element-e2cfa75 elementor-widget elementor-widget-text-editor\" data-id=\"e2cfa75\" data-element_type=\"widget\" data-widget_type=\"text-editor.default\">\n<div class=\"elementor-widget-container\">\n<p><strong><span dir=\"auto\" style=\"vertical-align: inherit\"><span dir=\"auto\" style=\"vertical-align: inherit\">Amore, pi\u00f9 forte della morte<\/span><\/span><\/strong><\/p>\n<ul>\n<li><span dir=\"auto\" style=\"vertical-align: inherit\"><span dir=\"auto\" style=\"vertical-align: inherit\">Infine,\u00a0 <\/span><\/span><em><span dir=\"auto\" style=\"vertical-align: inherit\"><span dir=\"auto\" style=\"vertical-align: inherit\">la\u00a0 <\/span><\/span><strong><span dir=\"auto\" style=\"vertical-align: inherit\"><span dir=\"auto\" style=\"vertical-align: inherit\">vittoria imperiosa dell&#8217;amore<\/span><\/span><\/strong><span dir=\"auto\" style=\"vertical-align: inherit\"><span dir=\"auto\" style=\"vertical-align: inherit\"> \u00a0sulla morte e su ogni altro male,<\/span><\/span><\/em><span dir=\"auto\" style=\"vertical-align: inherit\"><span dir=\"auto\" style=\"vertical-align: inherit\"> \u00a0nonch\u00e9 la sua capacit\u00e0 di perfezionare l&#8217;essere umano, in qualsiasi circostanza.<\/span><\/span>\n<ul>\n<li><span dir=\"auto\" style=\"vertical-align: inherit\"><span dir=\"auto\" style=\"vertical-align: inherit\">Anche quando l&#8217;uomo si trova in una situazione di assoluta desolazione, senza possibilit\u00e0 di esprimersi attraverso azioni positive, avendo come unico orizzonte di vita quello di sopportare correttamente \u2013 con dignit\u00e0 \u2013 la sofferenza onnipresente, anche in quella situazione l&#8217;uomo pu\u00f2 trovare compimento nella contemplazione amorosa dell&#8217;immagine della persona amata.<\/span><\/span><\/li>\n<\/ul>\n<\/li>\n<\/ul>\n<\/div>\n<\/div>\n<div class=\"elementor-element elementor-element-ffe1c4c elementor-widget elementor-widget-text-editor\" data-id=\"ffe1c4c\" data-element_type=\"widget\" data-widget_type=\"text-editor.default\">\n<div class=\"elementor-widget-container\">\n<p><em><b><span dir=\"auto\" style=\"vertical-align: inherit\"><span dir=\"auto\" style=\"vertical-align: inherit\">Enfasi.<\/span><\/span><\/b><\/em><\/p>\n<\/div>\n<\/div>\n<\/div>\n<\/div>\n<\/div>\n<\/section>\n<section class=\"elementor-section elementor-top-section elementor-element elementor-element-09e6834 elementor-section-boxed elementor-section-height-default elementor-section-height-default\" data-id=\"09e6834\" data-element_type=\"section\">\n<div class=\"elementor-container elementor-column-gap-default\">\n<div class=\"elementor-column elementor-col-100 elementor-top-column elementor-element elementor-element-9058b43\" data-id=\"9058b43\" data-element_type=\"column\">\n<div class=\"elementor-widget-wrap elementor-element-populated\">\n<div class=\"elementor-element elementor-element-2bc7cdf elementor-widget elementor-widget-text-editor\" data-id=\"2bc7cdf\" data-element_type=\"widget\" data-widget_type=\"text-editor.default\">\n<div class=\"elementor-widget-container\">\n<ul>\n<li><span dir=\"auto\" style=\"vertical-align: inherit\"><span dir=\"auto\" style=\"vertical-align: inherit\">Ma non finisce qui. L&#8217;esperienza si completa con un altro testo di\u00a0 <\/span><\/span><strong><em><span dir=\"auto\" style=\"vertical-align: inherit\"><span dir=\"auto\" style=\"vertical-align: inherit\">Frankl,<\/span><\/span><\/em><\/strong><span dir=\"auto\" style=\"vertical-align: inherit\"><span dir=\"auto\" style=\"vertical-align: inherit\"> \u00a0che afferma esplicitamente la superiorit\u00e0 dell&#8217;amore sulla morte.<\/span><\/span>\n<ul>\n<li><span dir=\"auto\" style=\"vertical-align: inherit\"><span dir=\"auto\" style=\"vertical-align: inherit\">La mia mente era ancora aggrappata all&#8217;immagine di mia moglie. Improvvisamente, un&#8217;inquietudine mi assal\u00ec: non sapevo se fosse ancora viva. Eppure ora ero convinto di una cosa, qualcosa che avevo imparato fin troppo bene: l&#8217;amore trascende la persona fisica dell&#8217;amato e trova il suo significato pi\u00f9 profondo nell&#8217;essere spirituale dell&#8217;altro, nel suo io pi\u00f9 profondo.<\/span><\/span><\/li>\n<li><span dir=\"auto\" style=\"vertical-align: inherit\"><span dir=\"auto\" style=\"vertical-align: inherit\">Che quella persona fosse presente o meno, che fosse ancora viva o meno, in qualche modo perdeva importanza. Non sapevo se mia moglie fosse viva e non avevo modo di scoprirlo (durante la mia prigionia non abbiamo mai avuto alcun contatto postale con il mondo esterno); anche se in quel momento quella questione vitale cess\u00f2 di interessarmi.<\/span><\/span><\/li>\n<\/ul>\n<\/li>\n<\/ul>\n<\/div>\n<\/div>\n<div class=\"elementor-element elementor-element-9f8b67c elementor-widget elementor-widget-text-editor\" data-id=\"9f8b67c\" data-element_type=\"widget\" data-widget_type=\"text-editor.default\">\n<div class=\"elementor-widget-container\">\n<p><em><strong><span dir=\"auto\" style=\"vertical-align: inherit\"><span dir=\"auto\" style=\"vertical-align: inherit\">&#8220;L&#8217;amore trascende la persona fisica dell&#8217;amato <\/span><\/span><\/strong><\/em><br \/>\n<em><strong><span dir=\"auto\" style=\"vertical-align: inherit\"><span dir=\"auto\" style=\"vertical-align: inherit\">e trova il suo significato pi\u00f9 profondo <\/span><\/span><\/strong><\/em><br \/>\n<em><strong><span dir=\"auto\" style=\"vertical-align: inherit\"><span dir=\"auto\" style=\"vertical-align: inherit\">nell&#8217;essere spirituale dell&#8217;altro, nel suo io pi\u00f9 intimo.&#8221;<\/span><\/span><\/strong><\/em><\/p>\n<\/div>\n<\/div>\n<\/div>\n<\/div>\n<\/div>\n<\/section>\n<section class=\"elementor-section elementor-top-section elementor-element elementor-element-5db840ac elementor-section-boxed elementor-section-height-default elementor-section-height-default\" data-id=\"5db840ac\" data-element_type=\"section\">\n<div class=\"elementor-container elementor-column-gap-default\">\n<div class=\"elementor-column elementor-col-100 elementor-top-column elementor-element elementor-element-7680652a\" data-id=\"7680652a\" data-element_type=\"column\">\n<div class=\"elementor-widget-wrap elementor-element-populated\">\n<div class=\"elementor-element elementor-element-96de6d2 elementor-widget elementor-widget-text-editor\" data-id=\"96de6d2\" data-element_type=\"widget\" data-widget_type=\"text-editor.default\">\n<div class=\"elementor-widget-container\">\n<ul>\n<li><span dir=\"auto\" style=\"vertical-align: inherit\"><span dir=\"auto\" style=\"vertical-align: inherit\">Non sentivo il bisogno di metterlo alla prova: nulla avrebbe potuto intaccare la forza del mio amore, dei miei pensieri o dello sguardo amorevole della sua figura spiritualizzata.<\/span><\/span><\/li>\n<li><span dir=\"auto\" style=\"vertical-align: inherit\"><span dir=\"auto\" style=\"vertical-align: inherit\">Se avessi saputo della morte di mia moglie in quel momento, credo che mi sarei comunque abbandonato, ignaro della realt\u00e0, alla contemplazione della sua immagine e avrei conversato mentalmente con lei con la stessa vividezza e soddisfazione. &#8220;Sigilla il tuo cuore con me&#8230; perch\u00e9 forte come la morte \u00e8 l&#8217;amore&#8221; ( <\/span><\/span><em><span dir=\"auto\" style=\"vertical-align: inherit\"><span dir=\"auto\" style=\"vertical-align: inherit\">Cantico dei Cantici<\/span><\/span><\/em><span dir=\"auto\" style=\"vertical-align: inherit\"><span dir=\"auto\" style=\"vertical-align: inherit\"> \u00a08:6).<\/span><\/span><\/li>\n<\/ul>\n<\/div>\n<\/div>\n<\/div>\n<\/div>\n<\/div>\n<\/section>\n<section class=\"elementor-section elementor-top-section elementor-element elementor-element-e037e49 elementor-section-boxed elementor-section-height-default elementor-section-height-default\" data-id=\"e037e49\" data-element_type=\"section\">\n<div class=\"elementor-container elementor-column-gap-default\">\n<div class=\"elementor-column elementor-col-100 elementor-top-column elementor-element elementor-element-962047f\" data-id=\"962047f\" data-element_type=\"column\">\n<div class=\"elementor-widget-wrap elementor-element-populated\">\n<div class=\"elementor-element elementor-element-3420168 elementor-widget elementor-widget-text-editor\" data-id=\"3420168\" data-element_type=\"widget\" data-widget_type=\"text-editor.default\">\n<div class=\"elementor-widget-container\">\n<p><em><strong><span dir=\"auto\" style=\"vertical-align: inherit\"><span dir=\"auto\" style=\"vertical-align: inherit\">Niente avrebbe potuto scalfire la forza del mio amore <\/span><\/span><\/strong><\/em><br \/>\n<em><strong><span dir=\"auto\" style=\"vertical-align: inherit\"><span dir=\"auto\" style=\"vertical-align: inherit\">(nemmeno la morte della mia amata).<\/span><\/span><\/strong><\/em><\/p>\n<\/div>\n<\/div>\n<\/div>\n<\/div>\n<\/div>\n<\/section>\n<section class=\"elementor-section elementor-top-section elementor-element elementor-element-faaed0f elementor-section-boxed elementor-section-height-default elementor-section-height-default\" data-id=\"faaed0f\" data-element_type=\"section\">\n<div class=\"elementor-container elementor-column-gap-default\">\n<div class=\"elementor-column elementor-col-100 elementor-top-column elementor-element elementor-element-51d2a47\" data-id=\"51d2a47\" data-element_type=\"column\">\n<div class=\"elementor-widget-wrap elementor-element-populated\">\n<div class=\"elementor-element elementor-element-000a9f5 elementor-widget elementor-widget-image\" data-id=\"000a9f5\" data-element_type=\"widget\" data-widget_type=\"image.default\">\n<div class=\"elementor-widget-container\"><img loading=\"lazy\" decoding=\"async\" class=\"size-full wp-image-154672 alignnone\" src=\"https:\/\/exaudi.org\/wp-content\/uploads\/2026\/01\/la-voluntad-fundamento-del-amor-8-1.png\" alt=\"\" width=\"892\" height=\"468\" srcset=\"https:\/\/exaudi.org\/wp-content\/uploads\/2026\/01\/la-voluntad-fundamento-del-amor-8-1.png 892w, https:\/\/exaudi.org\/wp-content\/uploads\/2026\/01\/la-voluntad-fundamento-del-amor-8-1-300x157.png 300w, https:\/\/exaudi.org\/wp-content\/uploads\/2026\/01\/la-voluntad-fundamento-del-amor-8-1-770x404.png 770w, https:\/\/exaudi.org\/wp-content\/uploads\/2026\/01\/la-voluntad-fundamento-del-amor-8-1-500x262.png 500w\" sizes=\"auto, (max-width: 892px) 100vw, 892px\" \/><\/div>\n<\/div>\n<\/div>\n<\/div>\n<\/div>\n<\/section>\n<section class=\"elementor-section elementor-top-section elementor-element elementor-element-20afb5a9 elementor-section-boxed elementor-section-height-default elementor-section-height-default\" data-id=\"20afb5a9\" data-element_type=\"section\">\n<div class=\"elementor-container elementor-column-gap-default\">\n<div class=\"elementor-column elementor-col-100 elementor-top-column elementor-element elementor-element-7fa52fd8\" data-id=\"7fa52fd8\" data-element_type=\"column\">\n<div class=\"elementor-widget-wrap elementor-element-populated\">\n<div class=\"elementor-element elementor-element-710a5fcb elementor-widget elementor-widget-text-editor\" data-id=\"710a5fcb\" data-element_type=\"widget\" data-widget_type=\"text-editor.default\">\n<div class=\"elementor-widget-container\">\n<p><em><strong><span dir=\"auto\" style=\"vertical-align: inherit\"><span dir=\"auto\" style=\"vertical-align: inherit\">Amare \u00e8 dire un s\u00ec di tale portata <\/span><\/span><\/strong><\/em><br \/>\n<em><strong><span dir=\"auto\" style=\"vertical-align: inherit\"><span dir=\"auto\" style=\"vertical-align: inherit\">che l&#8217;intero universo ne viene trasfigurato: <\/span><\/span><\/strong><\/em><br \/>\n<em><strong><span dir=\"auto\" style=\"vertical-align: inherit\"><span dir=\"auto\" style=\"vertical-align: inherit\">la persona che amiamo <\/span><\/span><\/strong><\/em><br \/>\n<em><strong><span dir=\"auto\" style=\"vertical-align: inherit\"><span dir=\"auto\" style=\"vertical-align: inherit\">e anche noi stessi.<\/span><\/span><\/strong><\/em><\/p>\n<\/div>\n<\/div>\n<\/div>\n<\/div>\n<\/div>\n<\/section>\n<section class=\"elementor-section elementor-top-section elementor-element elementor-element-2afe9a2f elementor-section-boxed elementor-section-height-default elementor-section-height-default\" data-id=\"2afe9a2f\" data-element_type=\"section\">\n<div class=\"elementor-container elementor-column-gap-default\">\n<div class=\"elementor-column elementor-col-100 elementor-top-column elementor-element elementor-element-6e19f7f6\" data-id=\"6e19f7f6\" data-element_type=\"column\">\n<div class=\"elementor-widget-wrap elementor-element-populated\">\n<div class=\"elementor-element elementor-element-6958de58 elementor-widget elementor-widget-text-editor\" data-id=\"6958de58\" data-element_type=\"widget\" data-widget_type=\"text-editor.default\">\n<div class=\"elementor-widget-container\">\n<p><em><span dir=\"auto\" style=\"vertical-align: inherit\"><span dir=\"auto\" style=\"vertical-align: inherit\">(Continua)<\/span><\/span><\/em><\/p>\n<p><strong><span dir=\"auto\" style=\"vertical-align: inherit\"><span dir=\"auto\" style=\"vertical-align: inherit\">Tom\u00e1s Melendo, <\/span><\/span><\/strong><br \/>\n<strong><span dir=\"auto\" style=\"vertical-align: inherit\"><span dir=\"auto\" style=\"vertical-align: inherit\">Presidente di Edufamilia <\/span><\/span><\/strong><br \/>\n<strong><a href=\"http:\/\/www.edufamilia.com\/\" rel=\"nofollow\"><span dir=\"auto\" style=\"vertical-align: inherit\"><span dir=\"auto\" style=\"vertical-align: inherit\">http:\/\/www.edufamilia.com<\/span><\/span><\/a><\/strong><br \/>\n<strong><span dir=\"auto\" style=\"vertical-align: inherit\"><span dir=\"auto\" style=\"vertical-align: inherit\"> tmelendo@uma.es<\/span><\/span><\/strong><\/p>\n<\/div>\n<\/div>\n<\/div>\n<\/div>\n<\/div>\n<\/section>\n","protected":false},"excerpt":{"rendered":"<p>Amare \u00e8 dire &#8220;non morirai&#8221;&#8230; anche quando la morte arriva<\/p>\n","protected":false},"author":167,"featured_media":154651,"comment_status":"closed","ping_status":"closed","sticky":false,"template":"","format":"standard","meta":{"_acf_changed":false,"_crdt_document":"","inline_featured_image":false,"footnotes":""},"categories":[129],"tags":[90861,90863,1752,25264,85695,90862,90860,31074,90856,37219,24542,26367,90858,90857,32719,90859,14120,90855,81417,90864,1110,69840,758,1720,90865,2308,3986,90866,79650,48673,834,5772,90867,90869,90868,90870,64787,19763,21544],"class_list":["post-154977","post","type-post","status-publish","format-standard","has-post-thumbnail","hentry","category-voci","tag-amore-e-morte","tag-affermazione-dellessere","tag-amore","tag-amore-cristiano","tag-amore-e-felicita","tag-amore-e-il-senso-della-vita","tag-amore-ed-esistenza","tag-amore-eterno","tag-amore-filiale","tag-amore-fraterno","tag-amore-incondizionato","tag-amore-nel-matrimonio","tag-amore-non-corrisposto","tag-amore-piu-forte-della-morte","tag-amore-spirituale","tag-amore-trascendente","tag-antropologia-2","tag-atto-damore","tag-cantico-dei-cantici","tag-dottrina-cattolica-sullamore","tag-educazione","tag-edufamilia-2","tag-famiglia","tag-felicita","tag-felicita-nellamore","tag-figli","tag-genitori","tag-grandezza-dellamore","tag-knowmoretolovebetter","tag-logoterapia-2","tag-matrimonio","tag-persona","tag-realizzazione-umana","tag-sofferenza-da-perdita","tag-sublimita-dellamore","tag-tommaso-melendo","tag-trending-it-236","tag-vero-amore","tag-viktor-frankl-2"],"acf":[],"yoast_head":"<!-- This site is optimized with the Yoast SEO plugin v27.5 - https:\/\/yoast.com\/product\/yoast-seo-wordpress\/ -->\n<title>La grandezza dell&#039;amore, alla luce dei suoi opposti &#8211; Exaudi<\/title>\n<meta name=\"robots\" content=\"index, follow, max-snippet:-1, max-image-preview:large, max-video-preview:-1\" \/>\n<link rel=\"canonical\" href=\"https:\/\/exaudi.org\/it\/la-grandezza-dellamore-alla-luce-dei-suoi-opposti\/\" \/>\n<meta property=\"og:locale\" content=\"it_IT\" \/>\n<meta property=\"og:type\" content=\"article\" \/>\n<meta property=\"og:title\" content=\"La grandezza dell&#039;amore, alla luce dei suoi opposti &#8211; Exaudi\" \/>\n<meta property=\"og:description\" content=\"Amare \u00e8 dire &quot;non morirai&quot;... anche quando la morte arriva\" \/>\n<meta property=\"og:url\" content=\"https:\/\/exaudi.org\/it\/la-grandezza-dellamore-alla-luce-dei-suoi-opposti\/\" \/>\n<meta property=\"og:site_name\" content=\"Exaudi\" \/>\n<meta property=\"article:publisher\" content=\"https:\/\/www.facebook.com\/ExaudiNews\" \/>\n<meta property=\"article:author\" content=\"https:\/\/www.facebook.com\/TomasMelendo\" \/>\n<meta property=\"article:published_time\" content=\"2026-01-23T16:56:43+00:00\" \/>\n<meta property=\"og:image\" content=\"https:\/\/exaudi.org\/wp-content\/uploads\/2026\/01\/la-grandeza-del-amor-a-la-luz-de-sus-contrarios.jpg\" \/>\n\t<meta property=\"og:image:width\" content=\"672\" \/>\n\t<meta property=\"og:image:height\" content=\"448\" \/>\n\t<meta property=\"og:image:type\" content=\"image\/jpeg\" \/>\n<meta name=\"author\" content=\"EduFamilia\" \/>\n<meta name=\"twitter:card\" content=\"summary_large_image\" \/>\n<meta name=\"twitter:creator\" content=\"@Exaudi_News\" \/>\n<meta name=\"twitter:site\" content=\"@Exaudi_News\" \/>\n<meta name=\"twitter:label1\" content=\"Scritto da\" \/>\n\t<meta name=\"twitter:data1\" content=\"EduFamilia\" \/>\n\t<meta name=\"twitter:label2\" content=\"Tempo di lettura stimato\" \/>\n\t<meta name=\"twitter:data2\" content=\"10 minuti\" \/>\n<script type=\"application\/ld+json\" class=\"yoast-schema-graph\">{\"@context\":\"https:\\\/\\\/schema.org\",\"@graph\":[{\"@type\":\"Article\",\"@id\":\"https:\\\/\\\/exaudi.org\\\/it\\\/la-grandezza-dellamore-alla-luce-dei-suoi-opposti\\\/#article\",\"isPartOf\":{\"@id\":\"https:\\\/\\\/exaudi.org\\\/it\\\/la-grandezza-dellamore-alla-luce-dei-suoi-opposti\\\/\"},\"author\":{\"name\":\"EduFamilia\",\"@id\":\"https:\\\/\\\/exaudi.org\\\/#\\\/schema\\\/person\\\/789fd6e2af95f3a374496fef6b8057fc\"},\"headline\":\"La grandezza dell&#8217;amore, alla luce dei suoi opposti\",\"datePublished\":\"2026-01-23T16:56:43+00:00\",\"mainEntityOfPage\":{\"@id\":\"https:\\\/\\\/exaudi.org\\\/it\\\/la-grandezza-dellamore-alla-luce-dei-suoi-opposti\\\/\"},\"wordCount\":2152,\"image\":{\"@id\":\"https:\\\/\\\/exaudi.org\\\/it\\\/la-grandezza-dellamore-alla-luce-dei-suoi-opposti\\\/#primaryimage\"},\"thumbnailUrl\":\"https:\\\/\\\/exaudi.org\\\/wp-content\\\/uploads\\\/2026\\\/01\\\/la-grandeza-del-amor-a-la-luz-de-sus-contrarios.jpg\",\"keywords\":[\"#amore e morte\",\"affermazione dell'essere\",\"amore\",\"AMORE CRISTIANO\",\"amore e felicit\u00e0\",\"amore e il senso della vita\",\"amore ed esistenza\",\"Amore eterno\",\"amore filiale\",\"amore fraterno\",\"amore incondizionato\",\"amore nel matrimonio\",\"amore non corrisposto\",\"amore pi\u00f9 forte della morte\",\"amore spirituale\",\"amore trascendente\",\"ANTROPOLOGIA\",\"atto d'amore\",\"Cantico dei Cantici\",\"dottrina cattolica sull'amore\",\"educazione\",\"EduFamilia\",\"famiglia\",\"felicit\u00e0\",\"felicit\u00e0 nell'amore\",\"figli\",\"genitori\",\"grandezza dell'amore\",\"KnowMoreToLoveBetter\",\"logoterapia\",\"matrimonio\",\"persona\",\"realizzazione umana\",\"sofferenza da perdita\",\"sublimit\u00e0 dell'amore\",\"Tommaso Melendo\",\"Trending\",\"VERO AMORE\",\"VIKTOR FRANKL\"],\"articleSection\":[\"Voci\"],\"inLanguage\":\"it-IT\"},{\"@type\":\"WebPage\",\"@id\":\"https:\\\/\\\/exaudi.org\\\/it\\\/la-grandezza-dellamore-alla-luce-dei-suoi-opposti\\\/\",\"url\":\"https:\\\/\\\/exaudi.org\\\/it\\\/la-grandezza-dellamore-alla-luce-dei-suoi-opposti\\\/\",\"name\":\"La grandezza dell'amore, alla luce dei suoi opposti &#8211; Exaudi\",\"isPartOf\":{\"@id\":\"https:\\\/\\\/exaudi.org\\\/#website\"},\"primaryImageOfPage\":{\"@id\":\"https:\\\/\\\/exaudi.org\\\/it\\\/la-grandezza-dellamore-alla-luce-dei-suoi-opposti\\\/#primaryimage\"},\"image\":{\"@id\":\"https:\\\/\\\/exaudi.org\\\/it\\\/la-grandezza-dellamore-alla-luce-dei-suoi-opposti\\\/#primaryimage\"},\"thumbnailUrl\":\"https:\\\/\\\/exaudi.org\\\/wp-content\\\/uploads\\\/2026\\\/01\\\/la-grandeza-del-amor-a-la-luz-de-sus-contrarios.jpg\",\"datePublished\":\"2026-01-23T16:56:43+00:00\",\"author\":{\"@id\":\"https:\\\/\\\/exaudi.org\\\/#\\\/schema\\\/person\\\/789fd6e2af95f3a374496fef6b8057fc\"},\"breadcrumb\":{\"@id\":\"https:\\\/\\\/exaudi.org\\\/it\\\/la-grandezza-dellamore-alla-luce-dei-suoi-opposti\\\/#breadcrumb\"},\"inLanguage\":\"it-IT\",\"potentialAction\":[{\"@type\":\"ReadAction\",\"target\":[\"https:\\\/\\\/exaudi.org\\\/it\\\/la-grandezza-dellamore-alla-luce-dei-suoi-opposti\\\/\"]}]},{\"@type\":\"ImageObject\",\"inLanguage\":\"it-IT\",\"@id\":\"https:\\\/\\\/exaudi.org\\\/it\\\/la-grandezza-dellamore-alla-luce-dei-suoi-opposti\\\/#primaryimage\",\"url\":\"https:\\\/\\\/exaudi.org\\\/wp-content\\\/uploads\\\/2026\\\/01\\\/la-grandeza-del-amor-a-la-luz-de-sus-contrarios.jpg\",\"contentUrl\":\"https:\\\/\\\/exaudi.org\\\/wp-content\\\/uploads\\\/2026\\\/01\\\/la-grandeza-del-amor-a-la-luz-de-sus-contrarios.jpg\",\"width\":672,\"height\":448},{\"@type\":\"BreadcrumbList\",\"@id\":\"https:\\\/\\\/exaudi.org\\\/it\\\/la-grandezza-dellamore-alla-luce-dei-suoi-opposti\\\/#breadcrumb\",\"itemListElement\":[{\"@type\":\"ListItem\",\"position\":1,\"name\":\"Portada\",\"item\":\"https:\\\/\\\/exaudi.org\\\/it\\\/\"},{\"@type\":\"ListItem\",\"position\":2,\"name\":\"La grandezza dell&#8217;amore, alla luce dei suoi opposti\"}]},{\"@type\":\"WebSite\",\"@id\":\"https:\\\/\\\/exaudi.org\\\/#website\",\"url\":\"https:\\\/\\\/exaudi.org\\\/\",\"name\":\"Exaudi\",\"description\":\"News\",\"potentialAction\":[{\"@type\":\"SearchAction\",\"target\":{\"@type\":\"EntryPoint\",\"urlTemplate\":\"https:\\\/\\\/exaudi.org\\\/?s={search_term_string}\"},\"query-input\":{\"@type\":\"PropertyValueSpecification\",\"valueRequired\":true,\"valueName\":\"search_term_string\"}}],\"inLanguage\":\"it-IT\"},{\"@type\":\"Person\",\"@id\":\"https:\\\/\\\/exaudi.org\\\/#\\\/schema\\\/person\\\/789fd6e2af95f3a374496fef6b8057fc\",\"name\":\"EduFamilia\",\"image\":{\"@type\":\"ImageObject\",\"inLanguage\":\"it-IT\",\"@id\":\"https:\\\/\\\/secure.gravatar.com\\\/avatar\\\/2ef1f3f76e97154daa0e14918939159ff06d6dba59a62843c706f74f696d396c?s=96&d=mm&r=g\",\"url\":\"https:\\\/\\\/secure.gravatar.com\\\/avatar\\\/2ef1f3f76e97154daa0e14918939159ff06d6dba59a62843c706f74f696d396c?s=96&d=mm&r=g\",\"contentUrl\":\"https:\\\/\\\/secure.gravatar.com\\\/avatar\\\/2ef1f3f76e97154daa0e14918939159ff06d6dba59a62843c706f74f696d396c?s=96&d=mm&r=g\",\"caption\":\"EduFamilia\"},\"description\":\"Edufamilia es una asociaci\u00f3n sin \u00e1nimo de lucro, nacida en el a\u00f1o 2005. Su fundador, Tom\u00e1s Melendo, advirti\u00f3 que una mejora en la calidad de las familias facilitar\u00eda la resoluci\u00f3n de bastantes de los problemas que aquejan a la sociedad de hoy. Y, apoyado siempre por su mujer, decidi\u00f3 lanzarse a esta aventura que cuenta con casi veinte a\u00f1os de vida y con m\u00faltiples ediciones de los distintos cursos formativos: M\u00e1steres y Maestr\u00edas, Expertos, cursos m\u00e1s breves, conferencias, ciclos culturales, seminarios y otros programas educativos. Aunque las primeras ediciones tuvieron car\u00e1cter presencial, actualmente se ha hecho un gran esfuerzo por promover la infraestructura virtual para adaptarse a los nuevos tiempos y que la formaci\u00f3n en torno a la familia alcance al mundo entero.\",\"sameAs\":[\"https:\\\/\\\/edufamilia.com\\\/\",\"https:\\\/\\\/www.facebook.com\\\/TomasMelendo\",\"https:\\\/\\\/www.instagram.com\\\/tomasmelendo\\\/\",\"https:\\\/\\\/www.linkedin.com\\\/company\\\/asociacin-edufamilia\\\/\",\"https:\\\/\\\/www.youtube.com\\\/channel\\\/UCU-7o2eQZJuHNtXB8AMMc1Q\"],\"url\":\"https:\\\/\\\/exaudi.org\\\/it\\\/author\\\/edufamilia\\\/\"}]}<\/script>\n<!-- \/ Yoast SEO plugin. -->","yoast_head_json":{"title":"La grandezza dell'amore, alla luce dei suoi opposti &#8211; Exaudi","robots":{"index":"index","follow":"follow","max-snippet":"max-snippet:-1","max-image-preview":"max-image-preview:large","max-video-preview":"max-video-preview:-1"},"canonical":"https:\/\/exaudi.org\/it\/la-grandezza-dellamore-alla-luce-dei-suoi-opposti\/","og_locale":"it_IT","og_type":"article","og_title":"La grandezza dell'amore, alla luce dei suoi opposti &#8211; Exaudi","og_description":"Amare \u00e8 dire \"non morirai\"... anche quando la morte arriva","og_url":"https:\/\/exaudi.org\/it\/la-grandezza-dellamore-alla-luce-dei-suoi-opposti\/","og_site_name":"Exaudi","article_publisher":"https:\/\/www.facebook.com\/ExaudiNews","article_author":"https:\/\/www.facebook.com\/TomasMelendo","article_published_time":"2026-01-23T16:56:43+00:00","og_image":[{"width":672,"height":448,"url":"https:\/\/exaudi.org\/wp-content\/uploads\/2026\/01\/la-grandeza-del-amor-a-la-luz-de-sus-contrarios.jpg","type":"image\/jpeg"}],"author":"EduFamilia","twitter_card":"summary_large_image","twitter_creator":"@Exaudi_News","twitter_site":"@Exaudi_News","twitter_misc":{"Scritto da":"EduFamilia","Tempo di lettura stimato":"10 minuti"},"schema":{"@context":"https:\/\/schema.org","@graph":[{"@type":"Article","@id":"https:\/\/exaudi.org\/it\/la-grandezza-dellamore-alla-luce-dei-suoi-opposti\/#article","isPartOf":{"@id":"https:\/\/exaudi.org\/it\/la-grandezza-dellamore-alla-luce-dei-suoi-opposti\/"},"author":{"name":"EduFamilia","@id":"https:\/\/exaudi.org\/#\/schema\/person\/789fd6e2af95f3a374496fef6b8057fc"},"headline":"La grandezza dell&#8217;amore, alla luce dei suoi opposti","datePublished":"2026-01-23T16:56:43+00:00","mainEntityOfPage":{"@id":"https:\/\/exaudi.org\/it\/la-grandezza-dellamore-alla-luce-dei-suoi-opposti\/"},"wordCount":2152,"image":{"@id":"https:\/\/exaudi.org\/it\/la-grandezza-dellamore-alla-luce-dei-suoi-opposti\/#primaryimage"},"thumbnailUrl":"https:\/\/exaudi.org\/wp-content\/uploads\/2026\/01\/la-grandeza-del-amor-a-la-luz-de-sus-contrarios.jpg","keywords":["#amore e morte","affermazione dell'essere","amore","AMORE CRISTIANO","amore e felicit\u00e0","amore e il senso della vita","amore ed esistenza","Amore eterno","amore filiale","amore fraterno","amore incondizionato","amore nel matrimonio","amore non corrisposto","amore pi\u00f9 forte della morte","amore spirituale","amore trascendente","ANTROPOLOGIA","atto d'amore","Cantico dei Cantici","dottrina cattolica sull'amore","educazione","EduFamilia","famiglia","felicit\u00e0","felicit\u00e0 nell'amore","figli","genitori","grandezza dell'amore","KnowMoreToLoveBetter","logoterapia","matrimonio","persona","realizzazione umana","sofferenza da perdita","sublimit\u00e0 dell'amore","Tommaso Melendo","Trending","VERO AMORE","VIKTOR FRANKL"],"articleSection":["Voci"],"inLanguage":"it-IT"},{"@type":"WebPage","@id":"https:\/\/exaudi.org\/it\/la-grandezza-dellamore-alla-luce-dei-suoi-opposti\/","url":"https:\/\/exaudi.org\/it\/la-grandezza-dellamore-alla-luce-dei-suoi-opposti\/","name":"La grandezza dell'amore, alla luce dei suoi opposti &#8211; Exaudi","isPartOf":{"@id":"https:\/\/exaudi.org\/#website"},"primaryImageOfPage":{"@id":"https:\/\/exaudi.org\/it\/la-grandezza-dellamore-alla-luce-dei-suoi-opposti\/#primaryimage"},"image":{"@id":"https:\/\/exaudi.org\/it\/la-grandezza-dellamore-alla-luce-dei-suoi-opposti\/#primaryimage"},"thumbnailUrl":"https:\/\/exaudi.org\/wp-content\/uploads\/2026\/01\/la-grandeza-del-amor-a-la-luz-de-sus-contrarios.jpg","datePublished":"2026-01-23T16:56:43+00:00","author":{"@id":"https:\/\/exaudi.org\/#\/schema\/person\/789fd6e2af95f3a374496fef6b8057fc"},"breadcrumb":{"@id":"https:\/\/exaudi.org\/it\/la-grandezza-dellamore-alla-luce-dei-suoi-opposti\/#breadcrumb"},"inLanguage":"it-IT","potentialAction":[{"@type":"ReadAction","target":["https:\/\/exaudi.org\/it\/la-grandezza-dellamore-alla-luce-dei-suoi-opposti\/"]}]},{"@type":"ImageObject","inLanguage":"it-IT","@id":"https:\/\/exaudi.org\/it\/la-grandezza-dellamore-alla-luce-dei-suoi-opposti\/#primaryimage","url":"https:\/\/exaudi.org\/wp-content\/uploads\/2026\/01\/la-grandeza-del-amor-a-la-luz-de-sus-contrarios.jpg","contentUrl":"https:\/\/exaudi.org\/wp-content\/uploads\/2026\/01\/la-grandeza-del-amor-a-la-luz-de-sus-contrarios.jpg","width":672,"height":448},{"@type":"BreadcrumbList","@id":"https:\/\/exaudi.org\/it\/la-grandezza-dellamore-alla-luce-dei-suoi-opposti\/#breadcrumb","itemListElement":[{"@type":"ListItem","position":1,"name":"Portada","item":"https:\/\/exaudi.org\/it\/"},{"@type":"ListItem","position":2,"name":"La grandezza dell&#8217;amore, alla luce dei suoi opposti"}]},{"@type":"WebSite","@id":"https:\/\/exaudi.org\/#website","url":"https:\/\/exaudi.org\/","name":"Exaudi","description":"News","potentialAction":[{"@type":"SearchAction","target":{"@type":"EntryPoint","urlTemplate":"https:\/\/exaudi.org\/?s={search_term_string}"},"query-input":{"@type":"PropertyValueSpecification","valueRequired":true,"valueName":"search_term_string"}}],"inLanguage":"it-IT"},{"@type":"Person","@id":"https:\/\/exaudi.org\/#\/schema\/person\/789fd6e2af95f3a374496fef6b8057fc","name":"EduFamilia","image":{"@type":"ImageObject","inLanguage":"it-IT","@id":"https:\/\/secure.gravatar.com\/avatar\/2ef1f3f76e97154daa0e14918939159ff06d6dba59a62843c706f74f696d396c?s=96&d=mm&r=g","url":"https:\/\/secure.gravatar.com\/avatar\/2ef1f3f76e97154daa0e14918939159ff06d6dba59a62843c706f74f696d396c?s=96&d=mm&r=g","contentUrl":"https:\/\/secure.gravatar.com\/avatar\/2ef1f3f76e97154daa0e14918939159ff06d6dba59a62843c706f74f696d396c?s=96&d=mm&r=g","caption":"EduFamilia"},"description":"Edufamilia es una asociaci\u00f3n sin \u00e1nimo de lucro, nacida en el a\u00f1o 2005. Su fundador, Tom\u00e1s Melendo, advirti\u00f3 que una mejora en la calidad de las familias facilitar\u00eda la resoluci\u00f3n de bastantes de los problemas que aquejan a la sociedad de hoy. Y, apoyado siempre por su mujer, decidi\u00f3 lanzarse a esta aventura que cuenta con casi veinte a\u00f1os de vida y con m\u00faltiples ediciones de los distintos cursos formativos: M\u00e1steres y Maestr\u00edas, Expertos, cursos m\u00e1s breves, conferencias, ciclos culturales, seminarios y otros programas educativos. Aunque las primeras ediciones tuvieron car\u00e1cter presencial, actualmente se ha hecho un gran esfuerzo por promover la infraestructura virtual para adaptarse a los nuevos tiempos y que la formaci\u00f3n en torno a la familia alcance al mundo entero.","sameAs":["https:\/\/edufamilia.com\/","https:\/\/www.facebook.com\/TomasMelendo","https:\/\/www.instagram.com\/tomasmelendo\/","https:\/\/www.linkedin.com\/company\/asociacin-edufamilia\/","https:\/\/www.youtube.com\/channel\/UCU-7o2eQZJuHNtXB8AMMc1Q"],"url":"https:\/\/exaudi.org\/it\/author\/edufamilia\/"}]}},"jetpack_featured_media_url":"https:\/\/exaudi.org\/wp-content\/uploads\/2026\/01\/la-grandeza-del-amor-a-la-luz-de-sus-contrarios.jpg","jetpack_shortlink":"https:\/\/wp.me\/pgKjF2-EjD","_links":{"self":[{"href":"https:\/\/exaudi.org\/it\/wp-json\/wp\/v2\/posts\/154977","targetHints":{"allow":["GET"]}}],"collection":[{"href":"https:\/\/exaudi.org\/it\/wp-json\/wp\/v2\/posts"}],"about":[{"href":"https:\/\/exaudi.org\/it\/wp-json\/wp\/v2\/types\/post"}],"author":[{"embeddable":true,"href":"https:\/\/exaudi.org\/it\/wp-json\/wp\/v2\/users\/167"}],"replies":[{"embeddable":true,"href":"https:\/\/exaudi.org\/it\/wp-json\/wp\/v2\/comments?post=154977"}],"version-history":[{"count":4,"href":"https:\/\/exaudi.org\/it\/wp-json\/wp\/v2\/posts\/154977\/revisions"}],"predecessor-version":[{"id":154981,"href":"https:\/\/exaudi.org\/it\/wp-json\/wp\/v2\/posts\/154977\/revisions\/154981"}],"wp:featuredmedia":[{"embeddable":true,"href":"https:\/\/exaudi.org\/it\/wp-json\/wp\/v2\/media\/154651"}],"wp:attachment":[{"href":"https:\/\/exaudi.org\/it\/wp-json\/wp\/v2\/media?parent=154977"}],"wp:term":[{"taxonomy":"category","embeddable":true,"href":"https:\/\/exaudi.org\/it\/wp-json\/wp\/v2\/categories?post=154977"},{"taxonomy":"post_tag","embeddable":true,"href":"https:\/\/exaudi.org\/it\/wp-json\/wp\/v2\/tags?post=154977"}],"curies":[{"name":"wp","href":"https:\/\/api.w.org\/{rel}","templated":true}]}}