{"id":153735,"date":"2026-01-14T17:50:53","date_gmt":"2026-01-14T16:50:53","guid":{"rendered":"https:\/\/exaudi.org\/?p=153735"},"modified":"2026-01-14T18:05:20","modified_gmt":"2026-01-14T17:05:20","slug":"le-tre-rivoluzioni-gloriosa-francese-e-industriale","status":"publish","type":"post","link":"https:\/\/exaudi.org\/it\/le-tre-rivoluzioni-gloriosa-francese-e-industriale\/","title":{"rendered":"Le tre rivoluzioni: Gloriosa, Francese e Industriale"},"content":{"rendered":"<h3><strong><span dir=\"auto\" style=\"vertical-align: inherit\"><span dir=\"auto\" style=\"vertical-align: inherit\">Contesto della Gloriosa Rivoluzione.<\/span><\/span><\/strong><\/h3>\n<p><span dir=\"auto\" style=\"vertical-align: inherit\"><span dir=\"auto\" style=\"vertical-align: inherit\">A met\u00e0 del XVII secolo, il Parlamento inglese era l&#8217;organismo pi\u00f9 longevo e sviluppato del continente europeo; per secoli la monarchia lo aveva concepito come misto, composto da nobili e non nobili.<\/span><\/span><\/p>\n<p><span dir=\"auto\" style=\"vertical-align: inherit\"><span dir=\"auto\" style=\"vertical-align: inherit\">Nel XVII secolo, queste tradizioni furono minacciate. Prima dai tentativi di Carlo I di governare senza il Parlamento, e poi durante il protettorato dittatoriale di Oliver Cromwell.<\/span><\/span><\/p>\n<p><span dir=\"auto\" style=\"vertical-align: inherit\"><span dir=\"auto\" style=\"vertical-align: inherit\">La restaurazione della monarchia nel 1660 risolse la questione se l&#8217;Inghilterra sarebbe stata una repubblica o una monarchia in futuro, ma il tipo di monarchia che sarebbe diventata era ancora una questione aperta quando inizi\u00f2 il regno di Carlo II, cresciuto in Francia e ammiratore di tutto ci\u00f2 che era francese, compresa la monarchia assoluta di Luigi XIV.<\/span><\/span><\/p>\n<p><span dir=\"auto\" style=\"vertical-align: inherit\"><span dir=\"auto\" style=\"vertical-align: inherit\">Il Parlamento inglese era diviso in due fazioni, una a favore del re e l&#8217;altra composta da coloro che si opponevano a Giacomo II perch\u00e9 cattolico, sostenendo il fratello Carlo II, anglicano, sebbene segretamente cattolico.<\/span><\/span><\/p>\n<p><span dir=\"auto\" style=\"vertical-align: inherit\"><span dir=\"auto\" style=\"vertical-align: inherit\">Entrambi i fratelli riflettono la transizione tra la monarchia restaurata e l&#8217;emergere della monarchia costituzionale.<\/span><\/span><\/p>\n<p><span dir=\"auto\" style=\"vertical-align: inherit\"><span dir=\"auto\" style=\"vertical-align: inherit\">Giacomo II era l&#8217;esatto opposto del fratello Carlo, un uomo mondano. Fervente convertito al cattolicesimo, offese i suoi seguaci Tory, quasi tutti membri della Chiesa d&#8217;Inghilterra, abrogando le leggi che impedivano ai dissidenti cattolici e protestanti di ricoprire cariche politiche.<\/span><\/span><\/p>\n<p><em><span dir=\"auto\" style=\"vertical-align: inherit\"><span dir=\"auto\" style=\"vertical-align: inherit\">Nota: Tories contro Whigs<\/span><\/span><\/em><\/p>\n<p><em><span dir=\"auto\" style=\"vertical-align: inherit\"><span dir=\"auto\" style=\"vertical-align: inherit\">I Tories erano originariamente una fazione politica inglese emersa nel XVII secolo, che si sarebbe poi evoluta in quello che oggi conosciamo come Partito Conservatore del Regno Unito. Nacquero intorno al 1679 durante il dibattito sull&#8217;esclusione del cattolico Giacomo II dal trono. Tolleravano il cattolicesimo all&#8217;interno della monarchia, il che li mise in contrasto con i protestanti Whigs, che promuovevano il potere parlamentare e l&#8217;esclusione dei cattolici. Si trasformarono nel Partito Liberale nel XIX secolo e in seguito nei Liberal Democratici.<\/span><\/span><\/em><\/p>\n<p><em><span dir=\"auto\" style=\"vertical-align: inherit\"><span dir=\"auto\" style=\"vertical-align: inherit\">Ancora oggi, nessun cattolico pu\u00f2 essere re, poich\u00e9 tale carica implica la nomina di vescovi anglicani a capo supremo della Chiesa d&#8217;Inghilterra. Nessun erede al trono pu\u00f2 essere cattolico o sposare un cattolico, escludendo cos\u00ec i cattolici dalla linea di successione &#8220;per sempre&#8221;.<\/span><\/span><\/em><\/p>\n<p><em><span dir=\"auto\" style=\"vertical-align: inherit\"><span dir=\"auto\" style=\"vertical-align: inherit\">Ci\u00f2 rivela una tensione tra libert\u00e0 formale ed esclusione strutturale. Il liberalismo inglese promosse i diritti civili ma mantenne barriere religiose che contraddicevano i suoi stessi principi. \u00c8 un chiaro esempio di come i sistemi politici possano essere riformisti in materia giuridica ma conservatori in quella simbolica. Oggi, questa situazione \u00e8 nota come &#8220;ipocrisia liberale&#8221;.<\/span><\/span><\/em><\/p>\n<p><span dir=\"auto\" style=\"vertical-align: inherit\"><span dir=\"auto\" style=\"vertical-align: inherit\">Nel giugno del 1688, Giacomo II, il re cattolico, ordin\u00f2 a tutto il clero della Chiesa d&#8217;Inghilterra di leggere il suo decreto di tolleranza religiosa dai pulpiti. Sette vescovi si rifiutarono e furono imprigionati, accusati di diffamazione sediziosa. Tuttavia, furono assolti durante il processo. Il processo ai vescovi fu uno degli eventi cruciali del suo regno.<\/span><\/span><\/p>\n<p><span dir=\"auto\" style=\"vertical-align: inherit\"><span dir=\"auto\" style=\"vertical-align: inherit\">Un altro evento cruciale fu l&#8217;inaspettata nascita, nel 1668, di un figlio da Giacomo e da sua moglie Maria di Modena. Questo bambino, che sarebbe stato educato secondo i principi cattolici, avrebbe soppiantato la figlia protestante di Giacomo, Maria Stuarda, molto pi\u00f9 grande, come erede al trono di Scozia e Inghilterra.<\/span><\/span><\/p>\n<p><span dir=\"auto\" style=\"vertical-align: inherit\"><span dir=\"auto\" style=\"vertical-align: inherit\">Cos\u00ec, una delegazione di Whig e Tories attravers\u00f2 la Manica per raggiungere l&#8217;Olanda e invitare Maria Stuarda e il marito protestante, Guglielmo III d&#8217;Orange, a recarsi in Inghilterra con un esercito invasore per preservare il protestantesimo e le libert\u00e0 del paese, convocando un nuovo Parlamento. Guglielmo III accolse con favore anche l&#8217;opportunit\u00e0 di allearsi con l&#8217;Inghilterra contro la politica estera espansionistica di Luigi XIV.<\/span><\/span><\/p>\n<h3><strong><span dir=\"auto\" style=\"vertical-align: inherit\"><span dir=\"auto\" style=\"vertical-align: inherit\">La Gloriosa Rivoluzione<\/span><\/span><\/strong><\/h3>\n<p><span dir=\"auto\" style=\"vertical-align: inherit\"><span dir=\"auto\" style=\"vertical-align: inherit\">L&#8217;invasione di Guglielmo e Maria si rivel\u00f2 un colpo di stato incruento, poich\u00e9 Giacomo dovette lasciare il paese per evitare un&#8217;altra guerra civile. Il Parlamento pot\u00e9 dichiarare vacante il trono e spianare la strada all&#8217;ascesa al trono di Guglielmo e Maria come sovrani congiunti per diritto di successione. Una Carta dei Diritti<\/span><\/span><\/p>\n<p><span dir=\"auto\" style=\"vertical-align: inherit\"><span dir=\"auto\" style=\"vertical-align: inherit\">Approvato dal Parlamento e accettato dai nuovi monarchi nel 1689, riafferm\u00f2 le libert\u00e0 civili inglesi come i processi con giuria, l&#8217;habeas corpus, la garanzia che nessuno potesse essere imprigionato senza accuse penali e il diritto di chiedere riparazione per le proprie lamentele al monarca tramite il Parlamento. Il Bill of Rights dichiar\u00f2 inoltre che la monarchia era soggetta alla legge del paese.<\/span><\/span><\/p>\n<p><span dir=\"auto\" style=\"vertical-align: inherit\"><span dir=\"auto\" style=\"vertical-align: inherit\">Un Toleration Act, anch&#8217;esso approvato nel 1689, garantiva ai protestanti dissenzienti il \u200b\u200bdiritto di culto, sebbene non fosse loro consentito ricoprire cariche politiche. Inoltre, nel 1701, un Act of Succession stabiliva che tutti i futuri monarchi d&#8217;Inghilterra avrebbero dovuto appartenere alla Chiesa ufficiale di Stato. Ci\u00f2 significava che, ora che la regina Maria era morta senza eredi, il trono sarebbe passato, alla morte di re Guglielmo, prima alla sorella protestante di Maria, la principessa Anna, e poi, se anche Anna non avesse generato un erede, a Giorgio, elettore del Principato tedesco di Hannover e pronipote protestante di Giacomo I.<\/span><\/span><\/p>\n<p><span dir=\"auto\" style=\"vertical-align: inherit\"><span dir=\"auto\" style=\"vertical-align: inherit\">Nel 1707, un atto formale di unione tra Scozia e Inghilterra garant\u00ec che in futuro gli eredi cattolici di Giacomo II non avrebbero avuto pi\u00f9 diritto di occupare il trono di Scozia di quanto ne avessero di occupare il trono d&#8217;Inghilterra.<\/span><\/span><\/p>\n<p><span dir=\"auto\" style=\"vertical-align: inherit\"><span dir=\"auto\" style=\"vertical-align: inherit\">Gli inglesi furono rapidi nel definire gli eventi del 1688-1689 come la \u201cGloriosa Rivoluzione\u201d, perch\u00e9 si verificarono senza spargimento di sangue e anche perch\u00e9 con essi l\u2019Inghilterra venne saldamente affermata come una monarchia mista governata \u201cdal re insieme al parlamento\u201d.<\/span><\/span><\/p>\n<p><span dir=\"auto\" style=\"vertical-align: inherit\"><span dir=\"auto\" style=\"vertical-align: inherit\">La Gloriosa Rivoluzione fu il prodotto di una situazione politica unica, ma rifletteva anche le teorie politiche anti-assolutiste che stavano prendendo forma alla fine del XVII secolo, in risposta alle idee di scrittori come Bodin, Hobbes, Filmer e Bossuet. Il pi\u00f9 importante di questi critici dell&#8217;assolutismo fu l&#8217;inglese John Locke (1662-1704), che scrisse due trattati sul governo civile prima della rivoluzione, sebbene non fossero stati pubblicati prima del 1690.<\/span><\/span><\/p>\n<p><span dir=\"auto\" style=\"vertical-align: inherit\"><span dir=\"auto\" style=\"vertical-align: inherit\">Locke sosteneva che gli esseri umani originariamente vivevano in uno stato di natura caratterizzato da assoluta libert\u00e0 e uguaglianza, privo di qualsiasi forma di governo. La loro unica legge era la legge di Natura, che Locke equiparava alla legge della ragione, in virt\u00f9 della quale gli individui facevano valere i propri diritti naturali: vita, libert\u00e0 e propriet\u00e0, condannando cos\u00ec qualsiasi forma di assolutismo.<\/span><\/span><\/p>\n<p><span dir=\"auto\" style=\"vertical-align: inherit\"><span dir=\"auto\" style=\"vertical-align: inherit\">Condann\u00f2 la monarchia assoluta, ma non fu meno critico nei confronti delle rivendicazioni parlamentari di sovranit\u00e0. Il governo, sosteneva, era stato creato per proteggere la vita, la libert\u00e0 e la propriet\u00e0. Nessuna autorit\u00e0 politica poteva violare i diritti naturali degli individui per preservarli inviolabili. Entro la fine del XVIII secolo, le idee di Locke sarebbero diventate un elemento rilevante nel contesto intellettuale delle rivoluzioni americana e francese.<\/span><\/span><\/p>\n<h3><strong><span dir=\"auto\" style=\"vertical-align: inherit\"><span dir=\"auto\" style=\"vertical-align: inherit\">La Rivoluzione francese<\/span><\/span><\/strong><\/h3>\n<p><span dir=\"auto\" style=\"vertical-align: inherit\"><span dir=\"auto\" style=\"vertical-align: inherit\">Comport\u00f2 un profondo cambiamento nel profilo della cultura occidentale, insieme alla rivoluzione industriale.<\/span><\/span><\/p>\n<p><span dir=\"auto\" style=\"vertical-align: inherit\"><span dir=\"auto\" style=\"vertical-align: inherit\">Queste due rivoluzioni gettarono le basi per il grande sviluppo che si verific\u00f2 nel XIX e all&#8217;inizio del XX secolo. Avvennero quasi simultaneamente e interessarono in gran parte le stesse persone. Sebbene in modi e gradi diversi, portarono al rovesciamento dell&#8217;assolutismo, del mercantilismo e di ci\u00f2 che restava del feudalesimo.<\/span><\/span><\/p>\n<p><span dir=\"auto\" style=\"vertical-align: inherit\"><span dir=\"auto\" style=\"vertical-align: inherit\">Insieme diedero origine alla teoria e alla pratica dell&#8217;individualismo economico e del liberalismo. E insieme fecero s\u00ec che i dolorosi cambiamenti da loro indotti polarizzassero l&#8217;Europa per diverse generazioni. La cosiddetta Et\u00e0 delle Rivoluzioni dur\u00f2 dagli anni Settanta del Settecento fino a quasi la fine del XIX secolo.<\/span><\/span><\/p>\n<p><span dir=\"auto\" style=\"vertical-align: inherit\"><span dir=\"auto\" style=\"vertical-align: inherit\">Nel 1879, un europeo su cinque viveva in Francia. Molti consideravano la Francia il centro della cultura europea. Pertanto, una rivoluzione in Francia cattur\u00f2 l&#8217;attenzione di tutta Europa ed ebbe una portata internazionale. Suscit\u00f2 grandi speranze e, di conseguenza, cocenti delusioni, perch\u00e9 sollev\u00f2 questioni che avrebbero potuto essere risolte solo in almeno 50 anni.<\/span><\/span><\/p>\n<p><span dir=\"auto\" style=\"vertical-align: inherit\"><span dir=\"auto\" style=\"vertical-align: inherit\">Il Terrore come paradosso rivoluzionario: giustizia, violenza e legittimit\u00e0 nella Francia del 1793.<\/span><\/span><\/p>\n<p><span dir=\"auto\" style=\"vertical-align: inherit\"><span dir=\"auto\" style=\"vertical-align: inherit\">La Rivoluzione francese, simbolo di emancipazione politica e rottura con l&#8217;assolutismo, cedette il passo nel 1793 a uno dei suoi episodi pi\u00f9 contraddittori: il Terrore. Sotto la guida di Robespierre e del Comitato di Salute Pubblica, lo Stato rivoluzionario sospese le garanzie costituzionali e legittim\u00f2 la violenza come strumento di purificazione politica. La ghigliottina, trasformata in emblema di giustizia eguale, giustizi\u00f2 migliaia di cittadini accusati di tradimento, senza distinzione di classe o appartenenza.<\/span><\/span><\/p>\n<p><span dir=\"auto\" style=\"vertical-align: inherit\"><span dir=\"auto\" style=\"vertical-align: inherit\">Questo periodo presenta una tensione fondamentale tra gli ideali illuministi \u2013 libert\u00e0, uguaglianza, fraternit\u00e0 \u2013 e la pratica del potere concentrato che reprimeva il dissenso. Il Regno del Terrore non fu solo una risposta alle minacce interne ed esterne; fu anche un modo per ridefinire la sovranit\u00e0 popolare attraverso la paura, la sorveglianza e l&#8217;eliminazione del &#8220;nemico morale&#8221;.<\/span><\/span><\/p>\n<p><span dir=\"auto\" style=\"vertical-align: inherit\"><span dir=\"auto\" style=\"vertical-align: inherit\">Storicamente, il Regno del Terrore rivela come i processi rivoluzionari possano condurre a regimi eccezionali che contraddicono i loro stessi fondamenti etici. La caduta di Robespierre nel 1794 segn\u00f2 la fine di questa fase, ma lasci\u00f2 aperta la questione dei limiti della giustizia rivoluzionaria e del prezzo dell&#8217;utopia politica.<\/span><\/span><\/p>\n<p><span dir=\"auto\" style=\"vertical-align: inherit\"><span dir=\"auto\" style=\"vertical-align: inherit\">Si stima che in tutta la Francia siano state uccise tra le 16.000 e le 40.000 persone; le vittime erano nobili, ecclesiastici, girondini, monarchici e sospettati di tradimento.<\/span><\/span><\/p>\n<p><span dir=\"auto\" style=\"vertical-align: inherit\"><span dir=\"auto\" style=\"vertical-align: inherit\">I Girondini furono un gruppo politico moderato emerso durante la Rivoluzione francese, composto principalmente da borghesi illuminati che sostenevano una repubblica parlamentare, il liberalismo economico e una transizione ordinata dalla monarchia. Sebbene promuovessero la guerra rivoluzionaria per diffondere gli ideali repubblicani, si scontrarono con i giacobini per la loro opposizione alla radicalizzazione del processo. La loro caduta nel 1793, dopo essere stati accusati di cospirazione contro l&#8217;unit\u00e0 della Repubblica, segn\u00f2 l&#8217;inizio del Regno del Terrore, durante il quale molti Girondini furono giustiziati con la ghigliottina, diventando un simbolo delle tensioni tra moderazione politica e violenza rivoluzionaria.<\/span><\/span><\/p>\n<p><span dir=\"auto\" style=\"vertical-align: inherit\"><span dir=\"auto\" style=\"vertical-align: inherit\">Gli eventi possono essere suddivisi in tre fasi:<\/span><\/span><\/p>\n<ol>\n<li><span dir=\"auto\" style=\"vertical-align: inherit\"><span dir=\"auto\" style=\"vertical-align: inherit\">Dal 1788 al 1792 la lotta fu costituzionale e piuttosto pacifica; si articol\u00f2 attorno a rivendicazioni contro il re: pagamento delle tasse senza rappresentanza, nepotismo, autorit\u00e0 arbitraria, ecc., e fu stabilito un programma per rinnovare la nazione.<\/span><\/span><\/li>\n<li><span dir=\"auto\" style=\"vertical-align: inherit\"><span dir=\"auto\" style=\"vertical-align: inherit\">Dal 1792 al 1794, la monarchia cadde e fu sostituita dalla repubblica. Fu un periodo di rivoluzione, crisi e consolidamento. Un governo centralizzato mobilit\u00f2 tutte le sue risorse per respingere eserciti stranieri, controrivoluzionari esterni, eliminare i traditori e sradicare ogni traccia del regime precedente. Questo divenne noto come il Regno del Terrore, che salv\u00f2 la Repubblica ma alla fine si indebol\u00ec a causa di fazioni, discussioni inutili e<\/span><\/span><\/li>\n<li><span dir=\"auto\" style=\"vertical-align: inherit\"><span dir=\"auto\" style=\"vertical-align: inherit\">Dal 1794 al 1799, il governo, ancora in guerra con l&#8217;Europa, vir\u00f2 verso la corruzione e inevitabilmente verso il governo militare di Napoleone, che continu\u00f2 la guerra fino alla sua sconfitta finale nel 1815.<\/span><\/span><\/li>\n<\/ol>\n<h3><strong><span dir=\"auto\" style=\"vertical-align: inherit\"><span dir=\"auto\" style=\"vertical-align: inherit\">Conclusione<\/span><\/span><\/strong><\/h3>\n<p><span dir=\"auto\" style=\"vertical-align: inherit\"><span dir=\"auto\" style=\"vertical-align: inherit\">I tumultuosi eventi in Francia rientravano in una tendenza generale che si verific\u00f2 dalla fine del XVIII secolo fino ai rivolgimenti democratici.<\/span><\/span><\/p>\n<p><span dir=\"auto\" style=\"vertical-align: inherit\"><span dir=\"auto\" style=\"vertical-align: inherit\">La Rivoluzione francese fu la pi\u00f9 violenta, lunga e conflittuale tra tutte quelle avvenute in quel periodo, ma la stessa dinamica si ripet\u00e9 ovunque.<\/span><\/span><\/p>\n<p><span dir=\"auto\" style=\"vertical-align: inherit\"><span dir=\"auto\" style=\"vertical-align: inherit\">Cosa c&#8217;\u00e8 di nuovo:<\/span><\/span><\/p>\n<ol>\n<li><span dir=\"auto\" style=\"vertical-align: inherit\"><span dir=\"auto\" style=\"vertical-align: inherit\">Emersione del movimento popolare<\/span><\/span><\/li>\n<li><span dir=\"auto\" style=\"vertical-align: inherit\"><span dir=\"auto\" style=\"vertical-align: inherit\">Nascita di partiti politici per rappresentare persone precedentemente escluse dal sistema.<\/span><\/span><\/li>\n<li><span dir=\"auto\" style=\"vertical-align: inherit\"><span dir=\"auto\" style=\"vertical-align: inherit\">Emersione dei giornali popolari<\/span><\/span><\/li>\n<li><span dir=\"auto\" style=\"vertical-align: inherit\"><span dir=\"auto\" style=\"vertical-align: inherit\">Emersione di leader politici rappresentanti i \u201csanculotti\u201d<\/span><\/span><\/li>\n<li><span dir=\"auto\" style=\"vertical-align: inherit\"><span dir=\"auto\" style=\"vertical-align: inherit\">I pi\u00f9 estremisti hanno messo in discussione i moderati.<\/span><\/span><\/li>\n<li><span dir=\"auto\" style=\"vertical-align: inherit\"><span dir=\"auto\" style=\"vertical-align: inherit\">Come in altre rivoluzioni, il movimento popolare fu messo a tacere con la forza e l\u2019autorit\u00e0 fu ripristinata \u201cmanu militari\u201d<\/span><\/span><\/li>\n<li><span dir=\"auto\" style=\"vertical-align: inherit\"><span dir=\"auto\" style=\"vertical-align: inherit\">Le idee di \u201clibert\u00e0, uguaglianza e fraternit\u00e0\u201d raggiunsero le porte delle case in tutte le citt\u00e0<\/span><\/span><\/li>\n<\/ol>\n<p><span dir=\"auto\" style=\"vertical-align: inherit\"><span dir=\"auto\" style=\"vertical-align: inherit\">Tre concetti che hanno lasciato un segno indelebile nella Rivoluzione e nell&#8217;era napoleonica:<\/span><\/span><\/p>\n<ol>\n<li><span dir=\"auto\" style=\"vertical-align: inherit\"><span dir=\"auto\" style=\"vertical-align: inherit\">Libert\u00e0, che si traduce in diritti e doveri individuali, liberazione dall&#8217;autorit\u00e0 arbitraria.<\/span><\/span><\/li>\n<li><span dir=\"auto\" style=\"vertical-align: inherit\"><span dir=\"auto\" style=\"vertical-align: inherit\">L&#8217;uguaglianza, che implicava l&#8217;abolizione delle differenze legali di rango, divenne una potente forza di mobilitazione per tutto il XIX secolo e per gran parte del XX, fino a oggi.<\/span><\/span><\/li>\n<li><span dir=\"auto\" style=\"vertical-align: inherit\"><span dir=\"auto\" style=\"vertical-align: inherit\">Nazione, un concetto politico, considerato da alcuni politologi l&#8217;eredit\u00e0 pi\u00f9 importante della Rivoluzione francese, perch\u00e9 una nazione \u00e8 composta da cittadini e non da sudditi. La sovranit\u00e0 di un paese non ricadeva pi\u00f9 su dinastie o signori feudali, ma sui cittadini della nazione, suscitando simpatia e risuonando profondamente nei cuori del popolo.<\/span><\/span><\/li>\n<\/ol>\n<p><span dir=\"auto\" style=\"vertical-align: inherit\"><span dir=\"auto\" style=\"vertical-align: inherit\">Paradossalmente, questo concetto, trasferito ad altri popoli europei con l&#8217;espansione militare degli eserciti di Napoleone, gener\u00f2 un rifiuto delle invasioni francesi, perch\u00e9 le altre nazioni lottavano per la propria libert\u00e0, per l&#8217;uguaglianza di fronte al giogo imposto dall&#8217;imperatore e per la sovranit\u00e0 nazionale dei loro popoli.<\/span><\/span><\/p>\n<p><span dir=\"auto\" style=\"vertical-align: inherit\"><span dir=\"auto\" style=\"vertical-align: inherit\">Quando il periodo rivoluzionario termin\u00f2, questi tre concetti cessarono di essere semplici idee, poich\u00e9 avevano preso forma in nuove istituzioni, siano esse paesi, alleanze tra paesi, ma anche polarizzazioni e conflitti, non solo in Europa, ma in tutto il mondo, che si sarebbero riflessi nei secoli successivi.<\/span><\/span><\/p>\n<h3><strong><span dir=\"auto\" style=\"vertical-align: inherit\"><span dir=\"auto\" style=\"vertical-align: inherit\">La rivoluzione industriale<\/span><\/span><\/strong><\/h3>\n<p><span dir=\"auto\" style=\"vertical-align: inherit\"><span dir=\"auto\" style=\"vertical-align: inherit\">La Rivoluzione francese determin\u00f2 una drastica e improvvisa trasformazione del panorama politico e diplomatico europeo. La Rivoluzione industriale arriv\u00f2 gradualmente, ma tra il 1830 e il 1840 diversi pensatori, filosofi e scrittori sociali percepirono gli straordinari cambiamenti che stavano avvenendo nel mondo economico.<\/span><\/span><\/p>\n<p><span dir=\"auto\" style=\"vertical-align: inherit\"><span dir=\"auto\" style=\"vertical-align: inherit\">La rivoluzione industriale dur\u00f2 per i successivi 100 anni.<\/span><\/span><\/p>\n<p><span dir=\"auto\" style=\"vertical-align: inherit\"><span dir=\"auto\" style=\"vertical-align: inherit\">Rappresent\u00f2 il passaggio da un&#8217;economia agricola, rurale e artigianale a un&#8217;economia di produzione su larga scala, con una maggiore concentrazione di capitale, che port\u00f2 all&#8217;urbanizzazione.<\/span><\/span><\/p>\n<p><span dir=\"auto\" style=\"vertical-align: inherit\"><span dir=\"auto\" style=\"vertical-align: inherit\">I cambiamenti tecnologici, come le nuove forme di propulsione, trasporto, meccanizzazione e organizzazione del lavoro, insieme all&#8217;aumento della produttivit\u00e0 e, fondamentalmente, alla scoperta di nuove forme di energia, hanno innescato cambiamenti sociali con conseguenze rivoluzionarie per l&#8217;Occidente e i suoi rapporti con il resto del mondo.<\/span><\/span><\/p>\n<p><span dir=\"auto\" style=\"vertical-align: inherit\"><span dir=\"auto\" style=\"vertical-align: inherit\">La societ\u00e0 e l&#8217;economia che facevano affidamento sull&#8217;acqua, sul vento e sul legno per soddisfare il proprio fabbisogno energetico divennero dipendenti dalle macchine a vapore e dal carbone.<\/span><\/span><\/p>\n<p><span dir=\"auto\" style=\"vertical-align: inherit\"><span dir=\"auto\" style=\"vertical-align: inherit\">Nel 1800, il mondo produceva 10 milioni di tonnellate di carbone; entro il 1900, questa cifra era aumentata di 100 volte, raggiungendo 1 miliardo di tonnellate. Di conseguenza, l&#8217;enorme crescita economica dei paesi occidentali si \u00e8 basata sullo sfruttamento e l&#8217;uso di questo &#8220;combustibile fossile&#8221;, soprattutto perch\u00e9 petrolio ed elettricit\u00e0 sono diventati importanti fonti energetiche verso la fine del XIX secolo e continuano a esserlo ancora oggi. Tuttavia, anche la crescita demografica iniziata nel XVIII secolo \u00e8 stata un fattore cruciale.<\/span><\/span><\/p>\n<p><span dir=\"auto\" style=\"vertical-align: inherit\"><span dir=\"auto\" style=\"vertical-align: inherit\">La rivoluzione industriale ha alterato a tal punto le fondamenta dell&#8217;economia e il ruolo degli esseri umani al suo interno da generare un senso di potere, ma anche di paura e ansia.<\/span><\/span><\/p>\n<p><span dir=\"auto\" style=\"vertical-align: inherit\"><span dir=\"auto\" style=\"vertical-align: inherit\">La rivoluzione industriale ebbe inizio nell&#8217;Inghilterra settentrionale e nella Scozia occidentale alla fine del XVIII secolo e da l\u00ec si diffuse lentamente e in modo disomogeneo in tutto il continente europeo.<\/span><\/span><\/p>\n<p><span dir=\"auto\" style=\"vertical-align: inherit\"><span dir=\"auto\" style=\"vertical-align: inherit\">Nacquero nuove istituzioni economiche, sussidi statali e cambiamenti giuridici.<\/span><\/span><\/p>\n<p><span dir=\"auto\" style=\"vertical-align: inherit\"><span dir=\"auto\" style=\"vertical-align: inherit\">In breve, la popolazione europea raddoppi\u00f2 in un secolo, dal 1800 al 1900. Il PIL europeo triplic\u00f2 nello stesso periodo. La vita privata, le strutture familiari, il paesaggio, le citt\u00e0, la popolazione, l&#8217;ambiente, il sesso, la condizione umana e l&#8217;emergere della specializzazione come conseguenza della divisione del lavoro ne furono tutti influenzati.<\/span><\/span><\/p>\n<p><span dir=\"auto\" style=\"vertical-align: inherit\"><span dir=\"auto\" style=\"vertical-align: inherit\">All&#8217;interno della classe operaia, le donne lavoratrici emersero nel settore industriale. In un contesto di povert\u00e0, le gravidanze illegittime aumentarono esponenzialmente, ma la colpa di questa situazione fu sempre attribuita alla donna.<\/span><\/span><\/p>\n<p><span dir=\"auto\" style=\"vertical-align: inherit\"><span dir=\"auto\" style=\"vertical-align: inherit\">L&#8217;industrializzazione ha generato nuove forme di ricchezza, ma allo stesso tempo anche nuove forme di povert\u00e0, alimentando una profonda consapevolezza della disparit\u00e0 tra i gruppi sociali.<\/span><\/span><\/p>\n<p><span dir=\"auto\" style=\"vertical-align: inherit\"><span dir=\"auto\" style=\"vertical-align: inherit\">Cos\u00ec, sia gli oppositori che i sostenitori del nuovo ordine parlarono di &#8220;classi sociali&#8221;. Le persone iniziarono a sviluppare quella che fu chiamata &#8220;coscienza di classe&#8221;. Ci\u00f2 determin\u00f2 una serie di eventi politici successivi.<\/span><\/span><\/p>\n<h3><strong><span dir=\"auto\" style=\"vertical-align: inherit\"><span dir=\"auto\" style=\"vertical-align: inherit\">Gradi:<\/span><\/span><\/strong><\/h3>\n<ol>\n<li><strong><em><span dir=\"auto\" style=\"vertical-align: inherit\"><span dir=\"auto\" style=\"vertical-align: inherit\">Normandia:\u00a0<\/span><\/span><\/em><\/strong><em><span dir=\"auto\" style=\"vertical-align: inherit\"><span dir=\"auto\" style=\"vertical-align: inherit\"> oggi Francia nord-occidentale (spiagge del D-Day)<\/span><\/span><\/em><\/li>\n<li><strong><em><span dir=\"auto\" style=\"vertical-align: inherit\"><span dir=\"auto\" style=\"vertical-align: inherit\">Anglosassoni<\/span><\/span><\/em><\/strong><em><span dir=\"auto\" style=\"vertical-align: inherit\"><span dir=\"auto\" style=\"vertical-align: inherit\">: tedeschi che migrarono nella Francia settentrionale (Gran Bretagna)<\/span><\/span><\/em><\/li>\n<li><strong><em><span dir=\"auto\" style=\"vertical-align: inherit\"><span dir=\"auto\" style=\"vertical-align: inherit\">Guerra civile<\/span><\/span><\/em><\/strong><em><span dir=\"auto\" style=\"vertical-align: inherit\"><span dir=\"auto\" style=\"vertical-align: inherit\">: sulla successione al trono (Enrico I tent\u00f2 di imporre sua\u00a0 <\/span><\/span><\/em><em><span dir=\"auto\" style=\"vertical-align: inherit\"><span dir=\"auto\" style=\"vertical-align: inherit\">figlia Matilde come erede, ma la nobilt\u00e0 non la accett\u00f2 pienamente. Alla morte di Enrico I nel 1135, suo nipote Stefano di Blois sal\u00ec al trono con il sostegno ecclesiastico. I baroni erano divisi tra chi sosteneva Stefano o Matilde; molti agivano come signori indipendenti). Frammentazione feudale, militarizzazione<\/span><\/span><\/em><\/li>\n<li><strong><em><span dir=\"auto\" style=\"vertical-align: inherit\"><span dir=\"auto\" style=\"vertical-align: inherit\">Guerra <\/span><\/span><\/em><\/strong>\u00a0<strong><em><span dir=\"auto\" style=\"vertical-align: inherit\"><span dir=\"auto\" style=\"vertical-align: inherit\">dei <\/span><\/span><\/em><\/strong>\u00a0<strong><em><span dir=\"auto\" style=\"vertical-align: inherit\"><span dir=\"auto\" style=\"vertical-align: inherit\">Cent&#8217;anni (<\/span><\/span><\/em><\/strong><span dir=\"auto\" style=\"vertical-align: inherit\"><strong><em><span dir=\"auto\" style=\"vertical-align: inherit\">1337\u20131453<\/span><\/em><\/strong><em><span dir=\"auto\" style=\"vertical-align: inherit\">) <\/span><\/em><em><span dir=\"auto\" style=\"vertical-align: inherit\">\u2013 <\/span><\/em><em><span dir=\"auto\" style=\"vertical-align: inherit\">Francia contro <\/span><\/em><em><span dir=\"auto\" style=\"vertical-align: inherit\">Inghilterra <\/span><\/em><em><span dir=\"auto\" style=\"vertical-align: inherit\">\u2013\u00a0 Disputa sul trono francese, casate: Plantageneti (Inghilterra) contro Valois (Francia) \u2013 Vittoria francese. La Guerra dei <\/span><\/em><\/span><strong><em><span dir=\"auto\" style=\"vertical-align: inherit\"><span dir=\"auto\" style=\"vertical-align: inherit\">Cent&#8217;anni<\/span><\/span><\/em><\/strong>\u00a0<span dir=\"auto\" style=\"vertical-align: inherit\"><em><span dir=\"auto\" style=\"vertical-align: inherit\"> fu pi\u00f9 di una disputa territoriale: coinvolse l&#8217;ascesa delle identit\u00e0 nazionali e il declino della cavalleria medievale.<\/span><\/em><\/span><\/li>\n<li><strong><em><span dir=\"auto\" style=\"vertical-align: inherit\"><span dir=\"auto\" style=\"vertical-align: inherit\">Guerra delle due rose\u00a0<\/span><\/span><\/em><\/strong><em><span dir=\"auto\" style=\"vertical-align: inherit\"><span dir=\"auto\" style=\"vertical-align: inherit\"> (1455\u20131487) \u2013 Guerra civile: Casa di Lancaster contro Casa di York \u2013 Rivalit\u00e0 dinastica tra due rami dei Plantageneti per il trono inglese: Lancaster (rosa rossa) contro York (rosa bianca). Vittoria dei Tudor (Enrico VII), fine dei Plantageneti: \u2013 Centralizzazione del potere reale, indebolimento della nobilt\u00e0 feudale, inizio del Rinascimento inglese.<\/span><\/span><\/em><\/li>\n<\/ol>\n<p>&nbsp;<\/p>\n<p><strong><span dir=\"auto\" style=\"vertical-align: inherit\"><span dir=\"auto\" style=\"vertical-align: inherit\">Osservazioni chiave<\/span><\/span><\/strong><\/p>\n<ul>\n<li><span dir=\"auto\" style=\"vertical-align: inherit\"><span dir=\"auto\" style=\"vertical-align: inherit\">L&#8217;attuale rivoluzione industriale non si basa su un&#8217;unica tecnologia dirompente, ma sulla convergenza di molteplici sistemi intelligenti.<\/span><\/span><\/li>\n<li><span dir=\"auto\" style=\"vertical-align: inherit\"><span dir=\"auto\" style=\"vertical-align: inherit\">A differenza di quelli precedenti, il suo impatto trascende la sfera fisica: modifica la cognizione umana, l&#8217;etica istituzionale e la geopolitica digitale.<\/span><\/span><\/li>\n<li><span dir=\"auto\" style=\"vertical-align: inherit\"><span dir=\"auto\" style=\"vertical-align: inherit\">Il ritmo della trasformazione \u00e8 esponenziale e richiede un adattamento senza precedenti in ambito educativo, lavorativo e normativo.<\/span><\/span><\/li>\n<\/ul>\n<p><em><strong><span dir=\"auto\" style=\"vertical-align: inherit\"><span dir=\"auto\" style=\"vertical-align: inherit\">Fernando Sol\u00eds Fuster<\/span><\/span><\/strong><\/em><\/p>\n","protected":false},"excerpt":{"rendered":"<p>Questo articolo esamina la Gloriosa Rivoluzione, la Rivoluzione Francese e la Rivoluzione Industriale come processi chiave nella formazione del mondo moderno. La prima ha istituito il parlamentarismo e la monarchia costituzionale; la seconda ha diffuso i principi di libert\u00e0, uguaglianza e nazionalit\u00e0, nonostante le sue contraddizioni; e la terza ha trasformato l&#8217;economia e la societ\u00e0 attraverso l&#8217;industrializzazione. Insieme, queste rivoluzioni hanno gettato le basi del liberalismo, del capitalismo e delle tensioni sociali contemporanee<\/p>\n","protected":false},"author":168,"featured_media":153568,"comment_status":"closed","ping_status":"closed","sticky":false,"template":"","format":"standard","meta":{"_acf_changed":false,"_crdt_document":"","inline_featured_image":false,"footnotes":""},"categories":[71],"tags":[88779,88780,88782,14598,88783,88784,88781,88785,88786,88787,88788,88789,1668,88792,88794,88795,88790,88802,88803,88791,44618,88793,30007,14599,3120,88796,88797,88799,88798,88800,88805,66609,88801,44623,88804,88806,88807,24989,88809,88810,4952,64787,15231,87181,44624,88808,44625],"class_list":["post-153735","post","type-post","status-publish","format-standard","has-post-thumbnail","hentry","category-analisi","tag-assolutismo","tag-atto-di-tolleranza","tag-borghesia","tag-capitalismo-2","tag-carbone","tag-carta-dei-diritti","tag-carta-dei-diritti-1689","tag-classi-sociali","tag-comitato-di-salute-pubblica","tag-coscienza-di-classe","tag-eta-delle-rivoluzioni","tag-fernando-solis-fuster-2","tag-fraternita","tag-ghigliottina","tag-giacobini","tag-giacomo-ii","tag-girondini","tag-gloriosa-rivoluzione","tag-gloriosa-rivoluzione-in-inghilterra","tag-guglielmo-iii-dorange","tag-illuminismo","tag-industrializzazione","tag-john-locke-2","tag-liberalismo-2","tag-liberta","tag-macchina-a-vapore","tag-monarchia-costituzionale","tag-napoleone-bonaparte","tag-nazione","tag-parlamentarismo-2","tag-rhum-humanities-journal","tag-rivoluzione-francese","tag-rivoluzione-francese-1789","tag-rivoluzione-industriale","tag-rivoluzione-industriale-in-inghilterra","tag-robespierre-2","tag-sanculotti","tag-sovranita-popolare","tag-terrore-rivoluzionario","tag-transizione-dal-feudalesimo-al-capitalismo","tag-trending-it","tag-trending-it-236","tag-uguaglianza","tag-urbanizzazione","tag-xix-secolo","tag-xvii-secolo-secolo","tag-xviii-secolo"],"acf":[],"yoast_head":"<!-- This site is optimized with the Yoast SEO plugin v27.5 - https:\/\/yoast.com\/product\/yoast-seo-wordpress\/ -->\n<title>Le tre rivoluzioni: Gloriosa, Francese e Industriale &#8211; Exaudi<\/title>\n<meta name=\"robots\" content=\"index, follow, max-snippet:-1, max-image-preview:large, max-video-preview:-1\" \/>\n<link rel=\"canonical\" href=\"https:\/\/exaudi.org\/it\/le-tre-rivoluzioni-gloriosa-francese-e-industriale\/\" \/>\n<meta property=\"og:locale\" content=\"it_IT\" \/>\n<meta property=\"og:type\" content=\"article\" \/>\n<meta property=\"og:title\" content=\"Le tre rivoluzioni: Gloriosa, Francese e Industriale &#8211; Exaudi\" \/>\n<meta property=\"og:description\" content=\"Questo articolo esamina la Gloriosa Rivoluzione, la Rivoluzione Francese e la Rivoluzione Industriale come processi chiave nella formazione del mondo moderno. La prima ha istituito il parlamentarismo e la monarchia costituzionale; la seconda ha diffuso i principi di libert\u00e0, uguaglianza e nazionalit\u00e0, nonostante le sue contraddizioni; e la terza ha trasformato l&#039;economia e la societ\u00e0 attraverso l&#039;industrializzazione. Insieme, queste rivoluzioni hanno gettato le basi del liberalismo, del capitalismo e delle tensioni sociali contemporanee\" \/>\n<meta property=\"og:url\" content=\"https:\/\/exaudi.org\/it\/le-tre-rivoluzioni-gloriosa-francese-e-industriale\/\" \/>\n<meta property=\"og:site_name\" content=\"Exaudi\" \/>\n<meta property=\"article:publisher\" content=\"https:\/\/www.facebook.com\/ExaudiNews\" \/>\n<meta property=\"article:published_time\" content=\"2026-01-14T16:50:53+00:00\" \/>\n<meta property=\"article:modified_time\" content=\"2026-01-14T17:05:20+00:00\" \/>\n<meta property=\"og:image\" content=\"https:\/\/exaudi.org\/wp-content\/uploads\/2026\/01\/a8b95417-cc17-4852-9650-46b5bd67ad7f.jpg\" \/>\n\t<meta property=\"og:image:width\" content=\"1168\" \/>\n\t<meta property=\"og:image:height\" content=\"784\" \/>\n\t<meta property=\"og:image:type\" content=\"image\/jpeg\" \/>\n<meta name=\"author\" content=\"RHUM, revista de humanidades\" \/>\n<meta name=\"twitter:card\" content=\"summary_large_image\" \/>\n<meta name=\"twitter:creator\" content=\"@Exaudi_News\" \/>\n<meta name=\"twitter:site\" content=\"@Exaudi_News\" \/>\n<meta name=\"twitter:label1\" content=\"Scritto da\" \/>\n\t<meta name=\"twitter:data1\" content=\"RHUM, revista de humanidades\" \/>\n\t<meta name=\"twitter:label2\" content=\"Tempo di lettura stimato\" \/>\n\t<meta name=\"twitter:data2\" content=\"13 minuti\" \/>\n<script type=\"application\/ld+json\" class=\"yoast-schema-graph\">{\"@context\":\"https:\\\/\\\/schema.org\",\"@graph\":[{\"@type\":\"Article\",\"@id\":\"https:\\\/\\\/exaudi.org\\\/it\\\/le-tre-rivoluzioni-gloriosa-francese-e-industriale\\\/#article\",\"isPartOf\":{\"@id\":\"https:\\\/\\\/exaudi.org\\\/it\\\/le-tre-rivoluzioni-gloriosa-francese-e-industriale\\\/\"},\"author\":{\"name\":\"RHUM, revista de humanidades\",\"@id\":\"https:\\\/\\\/exaudi.org\\\/#\\\/schema\\\/person\\\/0e882721c581718638da53d8a4e65835\"},\"headline\":\"Le tre rivoluzioni: Gloriosa, Francese e Industriale\",\"datePublished\":\"2026-01-14T16:50:53+00:00\",\"dateModified\":\"2026-01-14T17:05:20+00:00\",\"mainEntityOfPage\":{\"@id\":\"https:\\\/\\\/exaudi.org\\\/it\\\/le-tre-rivoluzioni-gloriosa-francese-e-industriale\\\/\"},\"wordCount\":2727,\"image\":{\"@id\":\"https:\\\/\\\/exaudi.org\\\/it\\\/le-tre-rivoluzioni-gloriosa-francese-e-industriale\\\/#primaryimage\"},\"thumbnailUrl\":\"https:\\\/\\\/exaudi.org\\\/wp-content\\\/uploads\\\/2026\\\/01\\\/a8b95417-cc17-4852-9650-46b5bd67ad7f.jpg\",\"keywords\":[\"Assolutismo\",\"Atto di Tolleranza\",\"borghesia\",\"CAPITALISMO\",\"carbone\",\"Carta dei Diritti\",\"Carta dei Diritti 1689\",\"classi sociali\",\"Comitato di Salute Pubblica\",\"coscienza di classe\",\"et\u00e0 delle rivoluzioni\",\"Fernando Sol\u00eds Fuster\",\"fraternit\u00e0\",\"ghigliottina\",\"Giacobini\",\"Giacomo II\",\"Girondini\",\"Gloriosa Rivoluzione\",\"Gloriosa Rivoluzione in Inghilterra\",\"Guglielmo III d'Orange\",\"Illuminismo\",\"industrializzazione\",\"John Locke\",\"LIBERALISMO\",\"libert\u00e0\",\"macchina a vapore\",\"monarchia costituzionale\",\"Napoleone Bonaparte\",\"nazione\",\"parlamentarismo\",\"RHUM Humanities Journal\",\"Rivoluzione francese\",\"Rivoluzione Francese 1789\",\"Rivoluzione industriale\",\"Rivoluzione Industriale in Inghilterra\",\"Robespierre\",\"sanculotti\",\"sovranit\u00e0 popolare\",\"Terrore rivoluzionario\",\"transizione dal feudalesimo al capitalismo\",\"Trending\",\"Trending\",\"UGUAGLIANZA\",\"urbanizzazione\",\"XIX secolo\",\"XVII secolo secolo\",\"XVIII secolo\"],\"articleSection\":[\"Analisi\"],\"inLanguage\":\"it-IT\"},{\"@type\":\"WebPage\",\"@id\":\"https:\\\/\\\/exaudi.org\\\/it\\\/le-tre-rivoluzioni-gloriosa-francese-e-industriale\\\/\",\"url\":\"https:\\\/\\\/exaudi.org\\\/it\\\/le-tre-rivoluzioni-gloriosa-francese-e-industriale\\\/\",\"name\":\"Le tre rivoluzioni: Gloriosa, Francese e Industriale &#8211; Exaudi\",\"isPartOf\":{\"@id\":\"https:\\\/\\\/exaudi.org\\\/#website\"},\"primaryImageOfPage\":{\"@id\":\"https:\\\/\\\/exaudi.org\\\/it\\\/le-tre-rivoluzioni-gloriosa-francese-e-industriale\\\/#primaryimage\"},\"image\":{\"@id\":\"https:\\\/\\\/exaudi.org\\\/it\\\/le-tre-rivoluzioni-gloriosa-francese-e-industriale\\\/#primaryimage\"},\"thumbnailUrl\":\"https:\\\/\\\/exaudi.org\\\/wp-content\\\/uploads\\\/2026\\\/01\\\/a8b95417-cc17-4852-9650-46b5bd67ad7f.jpg\",\"datePublished\":\"2026-01-14T16:50:53+00:00\",\"dateModified\":\"2026-01-14T17:05:20+00:00\",\"author\":{\"@id\":\"https:\\\/\\\/exaudi.org\\\/#\\\/schema\\\/person\\\/0e882721c581718638da53d8a4e65835\"},\"breadcrumb\":{\"@id\":\"https:\\\/\\\/exaudi.org\\\/it\\\/le-tre-rivoluzioni-gloriosa-francese-e-industriale\\\/#breadcrumb\"},\"inLanguage\":\"it-IT\",\"potentialAction\":[{\"@type\":\"ReadAction\",\"target\":[\"https:\\\/\\\/exaudi.org\\\/it\\\/le-tre-rivoluzioni-gloriosa-francese-e-industriale\\\/\"]}]},{\"@type\":\"ImageObject\",\"inLanguage\":\"it-IT\",\"@id\":\"https:\\\/\\\/exaudi.org\\\/it\\\/le-tre-rivoluzioni-gloriosa-francese-e-industriale\\\/#primaryimage\",\"url\":\"https:\\\/\\\/exaudi.org\\\/wp-content\\\/uploads\\\/2026\\\/01\\\/a8b95417-cc17-4852-9650-46b5bd67ad7f.jpg\",\"contentUrl\":\"https:\\\/\\\/exaudi.org\\\/wp-content\\\/uploads\\\/2026\\\/01\\\/a8b95417-cc17-4852-9650-46b5bd67ad7f.jpg\",\"width\":1168,\"height\":784},{\"@type\":\"BreadcrumbList\",\"@id\":\"https:\\\/\\\/exaudi.org\\\/it\\\/le-tre-rivoluzioni-gloriosa-francese-e-industriale\\\/#breadcrumb\",\"itemListElement\":[{\"@type\":\"ListItem\",\"position\":1,\"name\":\"Portada\",\"item\":\"https:\\\/\\\/exaudi.org\\\/it\\\/\"},{\"@type\":\"ListItem\",\"position\":2,\"name\":\"Le tre rivoluzioni: Gloriosa, Francese e Industriale\"}]},{\"@type\":\"WebSite\",\"@id\":\"https:\\\/\\\/exaudi.org\\\/#website\",\"url\":\"https:\\\/\\\/exaudi.org\\\/\",\"name\":\"Exaudi\",\"description\":\"News\",\"potentialAction\":[{\"@type\":\"SearchAction\",\"target\":{\"@type\":\"EntryPoint\",\"urlTemplate\":\"https:\\\/\\\/exaudi.org\\\/?s={search_term_string}\"},\"query-input\":{\"@type\":\"PropertyValueSpecification\",\"valueRequired\":true,\"valueName\":\"search_term_string\"}}],\"inLanguage\":\"it-IT\"},{\"@type\":\"Person\",\"@id\":\"https:\\\/\\\/exaudi.org\\\/#\\\/schema\\\/person\\\/0e882721c581718638da53d8a4e65835\",\"name\":\"RHUM, revista de humanidades\",\"image\":{\"@type\":\"ImageObject\",\"inLanguage\":\"it-IT\",\"@id\":\"https:\\\/\\\/secure.gravatar.com\\\/avatar\\\/f73a31af62f1b6d1800d30c62e470f5a14e17074576331f7f1a8a72e21beae38?s=96&d=mm&r=g\",\"url\":\"https:\\\/\\\/secure.gravatar.com\\\/avatar\\\/f73a31af62f1b6d1800d30c62e470f5a14e17074576331f7f1a8a72e21beae38?s=96&d=mm&r=g\",\"contentUrl\":\"https:\\\/\\\/secure.gravatar.com\\\/avatar\\\/f73a31af62f1b6d1800d30c62e470f5a14e17074576331f7f1a8a72e21beae38?s=96&d=mm&r=g\",\"caption\":\"RHUM, revista de humanidades\"},\"description\":\"Revista RHUM es una publicaci\u00f3n que busca fusionar distintas dimensiones del pensamiento y la expresi\u00f3n cultural: Escritura creativa: fomenta la narrativa literaria y formas expresivas innovadoras. An\u00e1lisis filos\u00f3fico: incorpora reflexiones profundas sobre ideas, conceptos y paradigmas. Memoria hist\u00f3rica: apuesta por rescatar, revisitar y entender nuestro pasado, contribuyendo al recuerdo colectivo. Imaginaci\u00f3n est\u00e9tica: explora el arte y la sensibilidad como medios de interpretaci\u00f3n y reconexi\u00f3n con lo vivido. En resumen, RHUM se posiciona como un espacio interdisciplinar donde convergen la creatividad, la reflexi\u00f3n cr\u00edtica y el recuerdo hist\u00f3rico, con una mirada est\u00e9tica que enriquece cada contenido.\",\"sameAs\":[\"https:\\\/\\\/revistarhum.com\\\/\"],\"url\":\"https:\\\/\\\/exaudi.org\\\/it\\\/author\\\/revista-rhum\\\/\"}]}<\/script>\n<!-- \/ Yoast SEO plugin. -->","yoast_head_json":{"title":"Le tre rivoluzioni: Gloriosa, Francese e Industriale &#8211; Exaudi","robots":{"index":"index","follow":"follow","max-snippet":"max-snippet:-1","max-image-preview":"max-image-preview:large","max-video-preview":"max-video-preview:-1"},"canonical":"https:\/\/exaudi.org\/it\/le-tre-rivoluzioni-gloriosa-francese-e-industriale\/","og_locale":"it_IT","og_type":"article","og_title":"Le tre rivoluzioni: Gloriosa, Francese e Industriale &#8211; Exaudi","og_description":"Questo articolo esamina la Gloriosa Rivoluzione, la Rivoluzione Francese e la Rivoluzione Industriale come processi chiave nella formazione del mondo moderno. La prima ha istituito il parlamentarismo e la monarchia costituzionale; la seconda ha diffuso i principi di libert\u00e0, uguaglianza e nazionalit\u00e0, nonostante le sue contraddizioni; e la terza ha trasformato l'economia e la societ\u00e0 attraverso l'industrializzazione. Insieme, queste rivoluzioni hanno gettato le basi del liberalismo, del capitalismo e delle tensioni sociali contemporanee","og_url":"https:\/\/exaudi.org\/it\/le-tre-rivoluzioni-gloriosa-francese-e-industriale\/","og_site_name":"Exaudi","article_publisher":"https:\/\/www.facebook.com\/ExaudiNews","article_published_time":"2026-01-14T16:50:53+00:00","article_modified_time":"2026-01-14T17:05:20+00:00","og_image":[{"width":1168,"height":784,"url":"https:\/\/exaudi.org\/wp-content\/uploads\/2026\/01\/a8b95417-cc17-4852-9650-46b5bd67ad7f.jpg","type":"image\/jpeg"}],"author":"RHUM, revista de humanidades","twitter_card":"summary_large_image","twitter_creator":"@Exaudi_News","twitter_site":"@Exaudi_News","twitter_misc":{"Scritto da":"RHUM, revista de humanidades","Tempo di lettura stimato":"13 minuti"},"schema":{"@context":"https:\/\/schema.org","@graph":[{"@type":"Article","@id":"https:\/\/exaudi.org\/it\/le-tre-rivoluzioni-gloriosa-francese-e-industriale\/#article","isPartOf":{"@id":"https:\/\/exaudi.org\/it\/le-tre-rivoluzioni-gloriosa-francese-e-industriale\/"},"author":{"name":"RHUM, revista de humanidades","@id":"https:\/\/exaudi.org\/#\/schema\/person\/0e882721c581718638da53d8a4e65835"},"headline":"Le tre rivoluzioni: Gloriosa, Francese e Industriale","datePublished":"2026-01-14T16:50:53+00:00","dateModified":"2026-01-14T17:05:20+00:00","mainEntityOfPage":{"@id":"https:\/\/exaudi.org\/it\/le-tre-rivoluzioni-gloriosa-francese-e-industriale\/"},"wordCount":2727,"image":{"@id":"https:\/\/exaudi.org\/it\/le-tre-rivoluzioni-gloriosa-francese-e-industriale\/#primaryimage"},"thumbnailUrl":"https:\/\/exaudi.org\/wp-content\/uploads\/2026\/01\/a8b95417-cc17-4852-9650-46b5bd67ad7f.jpg","keywords":["Assolutismo","Atto di Tolleranza","borghesia","CAPITALISMO","carbone","Carta dei Diritti","Carta dei Diritti 1689","classi sociali","Comitato di Salute Pubblica","coscienza di classe","et\u00e0 delle rivoluzioni","Fernando Sol\u00eds Fuster","fraternit\u00e0","ghigliottina","Giacobini","Giacomo II","Girondini","Gloriosa Rivoluzione","Gloriosa Rivoluzione in Inghilterra","Guglielmo III d'Orange","Illuminismo","industrializzazione","John Locke","LIBERALISMO","libert\u00e0","macchina a vapore","monarchia costituzionale","Napoleone Bonaparte","nazione","parlamentarismo","RHUM Humanities Journal","Rivoluzione francese","Rivoluzione Francese 1789","Rivoluzione industriale","Rivoluzione Industriale in Inghilterra","Robespierre","sanculotti","sovranit\u00e0 popolare","Terrore rivoluzionario","transizione dal feudalesimo al capitalismo","Trending","Trending","UGUAGLIANZA","urbanizzazione","XIX secolo","XVII secolo secolo","XVIII secolo"],"articleSection":["Analisi"],"inLanguage":"it-IT"},{"@type":"WebPage","@id":"https:\/\/exaudi.org\/it\/le-tre-rivoluzioni-gloriosa-francese-e-industriale\/","url":"https:\/\/exaudi.org\/it\/le-tre-rivoluzioni-gloriosa-francese-e-industriale\/","name":"Le tre rivoluzioni: Gloriosa, Francese e Industriale &#8211; Exaudi","isPartOf":{"@id":"https:\/\/exaudi.org\/#website"},"primaryImageOfPage":{"@id":"https:\/\/exaudi.org\/it\/le-tre-rivoluzioni-gloriosa-francese-e-industriale\/#primaryimage"},"image":{"@id":"https:\/\/exaudi.org\/it\/le-tre-rivoluzioni-gloriosa-francese-e-industriale\/#primaryimage"},"thumbnailUrl":"https:\/\/exaudi.org\/wp-content\/uploads\/2026\/01\/a8b95417-cc17-4852-9650-46b5bd67ad7f.jpg","datePublished":"2026-01-14T16:50:53+00:00","dateModified":"2026-01-14T17:05:20+00:00","author":{"@id":"https:\/\/exaudi.org\/#\/schema\/person\/0e882721c581718638da53d8a4e65835"},"breadcrumb":{"@id":"https:\/\/exaudi.org\/it\/le-tre-rivoluzioni-gloriosa-francese-e-industriale\/#breadcrumb"},"inLanguage":"it-IT","potentialAction":[{"@type":"ReadAction","target":["https:\/\/exaudi.org\/it\/le-tre-rivoluzioni-gloriosa-francese-e-industriale\/"]}]},{"@type":"ImageObject","inLanguage":"it-IT","@id":"https:\/\/exaudi.org\/it\/le-tre-rivoluzioni-gloriosa-francese-e-industriale\/#primaryimage","url":"https:\/\/exaudi.org\/wp-content\/uploads\/2026\/01\/a8b95417-cc17-4852-9650-46b5bd67ad7f.jpg","contentUrl":"https:\/\/exaudi.org\/wp-content\/uploads\/2026\/01\/a8b95417-cc17-4852-9650-46b5bd67ad7f.jpg","width":1168,"height":784},{"@type":"BreadcrumbList","@id":"https:\/\/exaudi.org\/it\/le-tre-rivoluzioni-gloriosa-francese-e-industriale\/#breadcrumb","itemListElement":[{"@type":"ListItem","position":1,"name":"Portada","item":"https:\/\/exaudi.org\/it\/"},{"@type":"ListItem","position":2,"name":"Le tre rivoluzioni: Gloriosa, Francese e Industriale"}]},{"@type":"WebSite","@id":"https:\/\/exaudi.org\/#website","url":"https:\/\/exaudi.org\/","name":"Exaudi","description":"News","potentialAction":[{"@type":"SearchAction","target":{"@type":"EntryPoint","urlTemplate":"https:\/\/exaudi.org\/?s={search_term_string}"},"query-input":{"@type":"PropertyValueSpecification","valueRequired":true,"valueName":"search_term_string"}}],"inLanguage":"it-IT"},{"@type":"Person","@id":"https:\/\/exaudi.org\/#\/schema\/person\/0e882721c581718638da53d8a4e65835","name":"RHUM, revista de humanidades","image":{"@type":"ImageObject","inLanguage":"it-IT","@id":"https:\/\/secure.gravatar.com\/avatar\/f73a31af62f1b6d1800d30c62e470f5a14e17074576331f7f1a8a72e21beae38?s=96&d=mm&r=g","url":"https:\/\/secure.gravatar.com\/avatar\/f73a31af62f1b6d1800d30c62e470f5a14e17074576331f7f1a8a72e21beae38?s=96&d=mm&r=g","contentUrl":"https:\/\/secure.gravatar.com\/avatar\/f73a31af62f1b6d1800d30c62e470f5a14e17074576331f7f1a8a72e21beae38?s=96&d=mm&r=g","caption":"RHUM, revista de humanidades"},"description":"Revista RHUM es una publicaci\u00f3n que busca fusionar distintas dimensiones del pensamiento y la expresi\u00f3n cultural: Escritura creativa: fomenta la narrativa literaria y formas expresivas innovadoras. An\u00e1lisis filos\u00f3fico: incorpora reflexiones profundas sobre ideas, conceptos y paradigmas. Memoria hist\u00f3rica: apuesta por rescatar, revisitar y entender nuestro pasado, contribuyendo al recuerdo colectivo. Imaginaci\u00f3n est\u00e9tica: explora el arte y la sensibilidad como medios de interpretaci\u00f3n y reconexi\u00f3n con lo vivido. En resumen, RHUM se posiciona como un espacio interdisciplinar donde convergen la creatividad, la reflexi\u00f3n cr\u00edtica y el recuerdo hist\u00f3rico, con una mirada est\u00e9tica que enriquece cada contenido.","sameAs":["https:\/\/revistarhum.com\/"],"url":"https:\/\/exaudi.org\/it\/author\/revista-rhum\/"}]}},"jetpack_featured_media_url":"https:\/\/exaudi.org\/wp-content\/uploads\/2026\/01\/a8b95417-cc17-4852-9650-46b5bd67ad7f.jpg","jetpack_shortlink":"https:\/\/wp.me\/pgKjF2-DZB","_links":{"self":[{"href":"https:\/\/exaudi.org\/it\/wp-json\/wp\/v2\/posts\/153735","targetHints":{"allow":["GET"]}}],"collection":[{"href":"https:\/\/exaudi.org\/it\/wp-json\/wp\/v2\/posts"}],"about":[{"href":"https:\/\/exaudi.org\/it\/wp-json\/wp\/v2\/types\/post"}],"author":[{"embeddable":true,"href":"https:\/\/exaudi.org\/it\/wp-json\/wp\/v2\/users\/168"}],"replies":[{"embeddable":true,"href":"https:\/\/exaudi.org\/it\/wp-json\/wp\/v2\/comments?post=153735"}],"version-history":[{"count":4,"href":"https:\/\/exaudi.org\/it\/wp-json\/wp\/v2\/posts\/153735\/revisions"}],"predecessor-version":[{"id":153739,"href":"https:\/\/exaudi.org\/it\/wp-json\/wp\/v2\/posts\/153735\/revisions\/153739"}],"wp:featuredmedia":[{"embeddable":true,"href":"https:\/\/exaudi.org\/it\/wp-json\/wp\/v2\/media\/153568"}],"wp:attachment":[{"href":"https:\/\/exaudi.org\/it\/wp-json\/wp\/v2\/media?parent=153735"}],"wp:term":[{"taxonomy":"category","embeddable":true,"href":"https:\/\/exaudi.org\/it\/wp-json\/wp\/v2\/categories?post=153735"},{"taxonomy":"post_tag","embeddable":true,"href":"https:\/\/exaudi.org\/it\/wp-json\/wp\/v2\/tags?post=153735"}],"curies":[{"name":"wp","href":"https:\/\/api.w.org\/{rel}","templated":true}]}}