{"id":153347,"date":"2026-01-12T16:43:11","date_gmt":"2026-01-12T15:43:11","guid":{"rendered":"https:\/\/exaudi.org\/?p=153347"},"modified":"2026-01-12T16:43:11","modified_gmt":"2026-01-12T15:43:11","slug":"maria-corina-chiede-al-papa-di-intercedere-per-la-liberazione-dei-prigionieri-politici-e-per-una-transizione-in-venezuela","status":"publish","type":"post","link":"https:\/\/exaudi.org\/it\/maria-corina-chiede-al-papa-di-intercedere-per-la-liberazione-dei-prigionieri-politici-e-per-una-transizione-in-venezuela\/","title":{"rendered":"Mar\u00eda Corina chiede al Papa di intercedere per la liberazione dei prigionieri politici e per una transizione in Venezuela"},"content":{"rendered":"<p><span dir=\"auto\" style=\"vertical-align: inherit\"><span dir=\"auto\" style=\"vertical-align: inherit\">(ROMA. 12\/01\/2026) Luned\u00ec Papa Leone XIV ha ricevuto presso la Santa Sede, in Vaticano, Maria Corina Machado.<\/span><\/span><\/p>\n<p><span dir=\"auto\" style=\"vertical-align: inherit\"><span dir=\"auto\" style=\"vertical-align: inherit\">Durante l&#8217;udienza privata, il leader venezuelano ha chiesto al Papa di intercedere per la liberazione degli oltre mille prigionieri politici e per il rapido avanzamento della transizione verso la democrazia in Venezuela. &#8220;Oggi ho avuto la benedizione e l&#8217;onore di poter condividere con Sua Santit\u00e0 ed esprimere la nostra gratitudine per il suo monitoraggio di quanto sta accadendo nel nostro Paese.<\/span><\/span><\/p>\n<p><span dir=\"auto\" style=\"vertical-align: inherit\"><span dir=\"auto\" style=\"vertical-align: inherit\">&#8220;Gli ho anche trasmesso la forza del popolo venezuelano, che rimane saldo e in preghiera per la libert\u00e0 del Venezuela, e gli ho chiesto di intercedere per tutti i venezuelani che rimangono rapiti e scomparsi&#8221;, ha commentato Machado. Ha inoltre espresso al Papa l&#8217;importanza della manifestazione civica organizzata dai venezuelani il 28 luglio 2024, che riafferma la legittimit\u00e0 del presidente Edmundo Gonz\u00e1lez Urrutia. Mar\u00eda Corina ha sottolineato la lotta spirituale che i venezuelani affrontano da anni e ha affermato che finalmente, con il sostegno della Chiesa e la pressione senza precedenti del governo degli Stati Uniti, la sconfitta del male nel Paese \u00e8 pi\u00f9 vicina. Dopo questo incontro, la leader ha parlato anche con Pietro Parolin, Segretario di Stato della Santa Sede e Nunzio Apostolico in Venezuela (2009-2013). Gli incontri si sono svolti poche ore dopo che centinaia di venezuelani avevano chiesto, attraverso messe, veglie e proteste in tutto il Paese, la liberazione dei cittadini che rimangono rapiti in vari centri di detenzione. di tortura e prigionia.<\/span><\/span><\/p>\n<p><span dir=\"auto\" style=\"vertical-align: inherit\"><span dir=\"auto\" style=\"vertical-align: inherit\">Secondo i dati del Penal Forum, finora sono state confermate solo 17 persone rilasciate, cifra che non supera il 2% del numero totale dei prigionieri.<\/span><\/span><\/p>\n<p><img loading=\"lazy\" decoding=\"async\" class=\"size-full wp-image-153334 alignnone\" src=\"https:\/\/exaudi.org\/wp-content\/uploads\/2026\/01\/G-eJhaZakAADn5w.jpg\" alt=\"\" width=\"1200\" height=\"1600\" srcset=\"https:\/\/exaudi.org\/wp-content\/uploads\/2026\/01\/G-eJhaZakAADn5w.jpg 1200w, https:\/\/exaudi.org\/wp-content\/uploads\/2026\/01\/G-eJhaZakAADn5w-225x300.jpg 225w, https:\/\/exaudi.org\/wp-content\/uploads\/2026\/01\/G-eJhaZakAADn5w-768x1024.jpg 768w, https:\/\/exaudi.org\/wp-content\/uploads\/2026\/01\/G-eJhaZakAADn5w-770x1027.jpg 770w, https:\/\/exaudi.org\/wp-content\/uploads\/2026\/01\/G-eJhaZakAADn5w-1152x1536.jpg 1152w, https:\/\/exaudi.org\/wp-content\/uploads\/2026\/01\/G-eJhaZakAADn5w-500x667.jpg 500w\" sizes=\"auto, (max-width: 1200px) 100vw, 1200px\" \/><\/p>\n<p><span dir=\"auto\" style=\"vertical-align: inherit\"><span dir=\"auto\" style=\"vertical-align: inherit\">Fonte:\u00a0 <\/span><\/span><a href=\"https:\/\/x.com\/convzlacomando\/status\/2010726973644079518?s=46\" target=\"_blank\" rel=\"noopener\"><span dir=\"auto\" style=\"vertical-align: inherit\"><span dir=\"auto\" style=\"vertical-align: inherit\">X<\/span><\/span><\/a><\/p>\n","protected":false},"excerpt":{"rendered":"<p>La leader dell&#8217;opposizione venezuelana e premio Nobel per la pace ha pubblicato su Twitter quanto segue<\/p>\n","protected":false},"author":17,"featured_media":153331,"comment_status":"closed","ping_status":"closed","sticky":false,"template":"","format":"standard","meta":{"_acf_changed":false,"_crdt_document":"","inline_featured_image":false,"footnotes":""},"categories":[67],"tags":[64851,64910,23958,58164,7498,2040],"class_list":["post-153347","post","type-post","status-publish","format-standard","has-post-thumbnail","hentry","category-leone-xiv","tag-featured-it-2","tag-leone-xiv-it","tag-maria-corina-machado-2","tag-papa-leone-xiv","tag-pietro-parolin-3","tag-venezuela-it"],"acf":[],"yoast_head":"<!-- This site is optimized with the Yoast SEO plugin v27.4 - https:\/\/yoast.com\/product\/yoast-seo-wordpress\/ -->\n<title>Mar\u00eda Corina chiede al Papa di intercedere per la liberazione dei prigionieri politici e per una transizione in Venezuela &#8211; Exaudi<\/title>\n<meta name=\"robots\" content=\"index, follow, max-snippet:-1, max-image-preview:large, max-video-preview:-1\" \/>\n<link rel=\"canonical\" href=\"https:\/\/exaudi.org\/it\/maria-corina-chiede-al-papa-di-intercedere-per-la-liberazione-dei-prigionieri-politici-e-per-una-transizione-in-venezuela\/\" \/>\n<meta property=\"og:locale\" content=\"it_IT\" \/>\n<meta property=\"og:type\" content=\"article\" \/>\n<meta property=\"og:title\" content=\"Mar\u00eda Corina chiede al Papa di intercedere per la liberazione dei prigionieri politici e per una transizione in Venezuela &#8211; Exaudi\" \/>\n<meta property=\"og:description\" content=\"La leader dell&#039;opposizione venezuelana e premio Nobel per la pace ha pubblicato su Twitter quanto segue\" \/>\n<meta property=\"og:url\" content=\"https:\/\/exaudi.org\/it\/maria-corina-chiede-al-papa-di-intercedere-per-la-liberazione-dei-prigionieri-politici-e-per-una-transizione-in-venezuela\/\" \/>\n<meta property=\"og:site_name\" content=\"Exaudi\" \/>\n<meta property=\"article:publisher\" content=\"https:\/\/www.facebook.com\/ExaudiNews\" \/>\n<meta property=\"article:author\" content=\"https:\/\/www.facebook.com\/ExaudiNotizie\/\" \/>\n<meta property=\"article:published_time\" content=\"2026-01-12T15:43:11+00:00\" \/>\n<meta property=\"og:image\" content=\"https:\/\/exaudi.org\/wp-content\/uploads\/2026\/01\/G-eJhaUawAAjx2V.jpg\" \/>\n\t<meta property=\"og:image:width\" content=\"1080\" \/>\n\t<meta property=\"og:image:height\" content=\"720\" \/>\n\t<meta property=\"og:image:type\" content=\"image\/jpeg\" \/>\n<meta name=\"author\" content=\"Exaudi Redazione\" \/>\n<meta name=\"twitter:card\" content=\"summary_large_image\" \/>\n<meta name=\"twitter:creator\" content=\"@Exaudi_Notizie\" \/>\n<meta name=\"twitter:site\" content=\"@Exaudi_News\" \/>\n<meta name=\"twitter:label1\" content=\"Scritto da\" \/>\n\t<meta name=\"twitter:data1\" content=\"Exaudi Redazione\" \/>\n\t<meta name=\"twitter:label2\" content=\"Tempo di lettura stimato\" \/>\n\t<meta name=\"twitter:data2\" content=\"1 minuto\" \/>\n<script type=\"application\/ld+json\" class=\"yoast-schema-graph\">{\"@context\":\"https:\\\/\\\/schema.org\",\"@graph\":[{\"@type\":\"Article\",\"@id\":\"https:\\\/\\\/exaudi.org\\\/it\\\/maria-corina-chiede-al-papa-di-intercedere-per-la-liberazione-dei-prigionieri-politici-e-per-una-transizione-in-venezuela\\\/#article\",\"isPartOf\":{\"@id\":\"https:\\\/\\\/exaudi.org\\\/it\\\/maria-corina-chiede-al-papa-di-intercedere-per-la-liberazione-dei-prigionieri-politici-e-per-una-transizione-in-venezuela\\\/\"},\"author\":{\"name\":\"Exaudi Redazione\",\"@id\":\"https:\\\/\\\/exaudi.org\\\/#\\\/schema\\\/person\\\/e1ab6ed07c01774724dd96f925f3a5f0\"},\"headline\":\"Mar\u00eda Corina chiede al Papa di intercedere per la liberazione dei prigionieri politici e per una transizione in Venezuela\",\"datePublished\":\"2026-01-12T15:43:11+00:00\",\"mainEntityOfPage\":{\"@id\":\"https:\\\/\\\/exaudi.org\\\/it\\\/maria-corina-chiede-al-papa-di-intercedere-per-la-liberazione-dei-prigionieri-politici-e-per-una-transizione-in-venezuela\\\/\"},\"wordCount\":291,\"image\":{\"@id\":\"https:\\\/\\\/exaudi.org\\\/it\\\/maria-corina-chiede-al-papa-di-intercedere-per-la-liberazione-dei-prigionieri-politici-e-per-una-transizione-in-venezuela\\\/#primaryimage\"},\"thumbnailUrl\":\"https:\\\/\\\/exaudi.org\\\/wp-content\\\/uploads\\\/2026\\\/01\\\/G-eJhaUawAAjx2V.jpg\",\"keywords\":[\"Featured\",\"Leone XIV\",\"Mar\u00eda Corina Machado\",\"Papa Leone XIV\",\"Pietro Parolin\",\"Venezuela\"],\"articleSection\":[\"Leone XIV\"],\"inLanguage\":\"it-IT\"},{\"@type\":\"WebPage\",\"@id\":\"https:\\\/\\\/exaudi.org\\\/it\\\/maria-corina-chiede-al-papa-di-intercedere-per-la-liberazione-dei-prigionieri-politici-e-per-una-transizione-in-venezuela\\\/\",\"url\":\"https:\\\/\\\/exaudi.org\\\/it\\\/maria-corina-chiede-al-papa-di-intercedere-per-la-liberazione-dei-prigionieri-politici-e-per-una-transizione-in-venezuela\\\/\",\"name\":\"Mar\u00eda Corina chiede al Papa di intercedere per la liberazione dei prigionieri politici e per una transizione in Venezuela &#8211; Exaudi\",\"isPartOf\":{\"@id\":\"https:\\\/\\\/exaudi.org\\\/#website\"},\"primaryImageOfPage\":{\"@id\":\"https:\\\/\\\/exaudi.org\\\/it\\\/maria-corina-chiede-al-papa-di-intercedere-per-la-liberazione-dei-prigionieri-politici-e-per-una-transizione-in-venezuela\\\/#primaryimage\"},\"image\":{\"@id\":\"https:\\\/\\\/exaudi.org\\\/it\\\/maria-corina-chiede-al-papa-di-intercedere-per-la-liberazione-dei-prigionieri-politici-e-per-una-transizione-in-venezuela\\\/#primaryimage\"},\"thumbnailUrl\":\"https:\\\/\\\/exaudi.org\\\/wp-content\\\/uploads\\\/2026\\\/01\\\/G-eJhaUawAAjx2V.jpg\",\"datePublished\":\"2026-01-12T15:43:11+00:00\",\"author\":{\"@id\":\"https:\\\/\\\/exaudi.org\\\/#\\\/schema\\\/person\\\/e1ab6ed07c01774724dd96f925f3a5f0\"},\"breadcrumb\":{\"@id\":\"https:\\\/\\\/exaudi.org\\\/it\\\/maria-corina-chiede-al-papa-di-intercedere-per-la-liberazione-dei-prigionieri-politici-e-per-una-transizione-in-venezuela\\\/#breadcrumb\"},\"inLanguage\":\"it-IT\",\"potentialAction\":[{\"@type\":\"ReadAction\",\"target\":[\"https:\\\/\\\/exaudi.org\\\/it\\\/maria-corina-chiede-al-papa-di-intercedere-per-la-liberazione-dei-prigionieri-politici-e-per-una-transizione-in-venezuela\\\/\"]}]},{\"@type\":\"ImageObject\",\"inLanguage\":\"it-IT\",\"@id\":\"https:\\\/\\\/exaudi.org\\\/it\\\/maria-corina-chiede-al-papa-di-intercedere-per-la-liberazione-dei-prigionieri-politici-e-per-una-transizione-in-venezuela\\\/#primaryimage\",\"url\":\"https:\\\/\\\/exaudi.org\\\/wp-content\\\/uploads\\\/2026\\\/01\\\/G-eJhaUawAAjx2V.jpg\",\"contentUrl\":\"https:\\\/\\\/exaudi.org\\\/wp-content\\\/uploads\\\/2026\\\/01\\\/G-eJhaUawAAjx2V.jpg\",\"width\":1080,\"height\":720},{\"@type\":\"BreadcrumbList\",\"@id\":\"https:\\\/\\\/exaudi.org\\\/it\\\/maria-corina-chiede-al-papa-di-intercedere-per-la-liberazione-dei-prigionieri-politici-e-per-una-transizione-in-venezuela\\\/#breadcrumb\",\"itemListElement\":[{\"@type\":\"ListItem\",\"position\":1,\"name\":\"Portada\",\"item\":\"https:\\\/\\\/exaudi.org\\\/it\\\/\"},{\"@type\":\"ListItem\",\"position\":2,\"name\":\"Mar\u00eda Corina chiede al Papa di intercedere per la liberazione dei prigionieri politici e per una transizione in Venezuela\"}]},{\"@type\":\"WebSite\",\"@id\":\"https:\\\/\\\/exaudi.org\\\/#website\",\"url\":\"https:\\\/\\\/exaudi.org\\\/\",\"name\":\"Exaudi\",\"description\":\"News\",\"potentialAction\":[{\"@type\":\"SearchAction\",\"target\":{\"@type\":\"EntryPoint\",\"urlTemplate\":\"https:\\\/\\\/exaudi.org\\\/?s={search_term_string}\"},\"query-input\":{\"@type\":\"PropertyValueSpecification\",\"valueRequired\":true,\"valueName\":\"search_term_string\"}}],\"inLanguage\":\"it-IT\"},{\"@type\":\"Person\",\"@id\":\"https:\\\/\\\/exaudi.org\\\/#\\\/schema\\\/person\\\/e1ab6ed07c01774724dd96f925f3a5f0\",\"name\":\"Exaudi Redazione\",\"image\":{\"@type\":\"ImageObject\",\"inLanguage\":\"it-IT\",\"@id\":\"https:\\\/\\\/secure.gravatar.com\\\/avatar\\\/ad6774b3ada023bf5b939d64f45c94b3adf91502dd883507d469b4308a943bb3?s=96&d=mm&r=g\",\"url\":\"https:\\\/\\\/secure.gravatar.com\\\/avatar\\\/ad6774b3ada023bf5b939d64f45c94b3adf91502dd883507d469b4308a943bb3?s=96&d=mm&r=g\",\"contentUrl\":\"https:\\\/\\\/secure.gravatar.com\\\/avatar\\\/ad6774b3ada023bf5b939d64f45c94b3adf91502dd883507d469b4308a943bb3?s=96&d=mm&r=g\",\"caption\":\"Exaudi Redazione\"},\"description\":\"Che cosa \u00e8 Exaudi News? Exaudi News \u00e8 un agenzia cattolica internazionale che informa, istruisce e trasforma quotidianamente in spagnolo, inglese e italiano. Attraverso notizie, articoli di analisi e trasmissioni in diretta degli eventi del Papa, Exaudi cerca di rafforzare l'unit\u00e0 dei cristiani e di contribuire all'evangelizzazione del mondo, sempre guidato dalla dottrina sociale della Chiesa. Lavoriamo per portare la verit\u00e0 e i valori cristiani in ogni angolo del pianeta. Aiutaci a trasformare il mondo con Exaudi! Noi di Exaudi crediamo che l'evangelizzazione e l'informazione di qualit\u00e0 possano cambiare la vita. Per continuare la nostra missione ed espandere la nostra portata, abbiamo bisogno del tuo aiuto. Stiamo anche cercando persone motivate che vogliano unirsi al nostro team. Grazie al vostro sostegno raggiungeremo pi\u00f9 persone, diffonderemo il messaggio di Cristo e rafforzeremo l'unit\u00e0 dei cristiani. Vuoi unirti alla nostra missione? Per maggiori informazioni su come contribuire, visita Exaudi.org\\\/it o contattaci direttamente: info@exaudi.org Exaudi: informa, forma e trasforma.\",\"sameAs\":[\"https:\\\/\\\/www.facebook.com\\\/ExaudiNotizie\\\/\",\"https:\\\/\\\/www.instagram.com\\\/Exaudi_notizie\\\/\",\"https:\\\/\\\/x.com\\\/Exaudi_Notizie\",\"https:\\\/\\\/www.youtube.com\\\/@exaudicatholicnews\"],\"url\":\"https:\\\/\\\/exaudi.org\\\/it\\\/author\\\/dlvedi-org\\\/\"}]}<\/script>\n<!-- \/ Yoast SEO plugin. -->","yoast_head_json":{"title":"Mar\u00eda Corina chiede al Papa di intercedere per la liberazione dei prigionieri politici e per una transizione in Venezuela &#8211; Exaudi","robots":{"index":"index","follow":"follow","max-snippet":"max-snippet:-1","max-image-preview":"max-image-preview:large","max-video-preview":"max-video-preview:-1"},"canonical":"https:\/\/exaudi.org\/it\/maria-corina-chiede-al-papa-di-intercedere-per-la-liberazione-dei-prigionieri-politici-e-per-una-transizione-in-venezuela\/","og_locale":"it_IT","og_type":"article","og_title":"Mar\u00eda Corina chiede al Papa di intercedere per la liberazione dei prigionieri politici e per una transizione in Venezuela &#8211; Exaudi","og_description":"La leader dell'opposizione venezuelana e premio Nobel per la pace ha pubblicato su Twitter quanto segue","og_url":"https:\/\/exaudi.org\/it\/maria-corina-chiede-al-papa-di-intercedere-per-la-liberazione-dei-prigionieri-politici-e-per-una-transizione-in-venezuela\/","og_site_name":"Exaudi","article_publisher":"https:\/\/www.facebook.com\/ExaudiNews","article_author":"https:\/\/www.facebook.com\/ExaudiNotizie\/","article_published_time":"2026-01-12T15:43:11+00:00","og_image":[{"width":1080,"height":720,"url":"https:\/\/exaudi.org\/wp-content\/uploads\/2026\/01\/G-eJhaUawAAjx2V.jpg","type":"image\/jpeg"}],"author":"Exaudi Redazione","twitter_card":"summary_large_image","twitter_creator":"@Exaudi_Notizie","twitter_site":"@Exaudi_News","twitter_misc":{"Scritto da":"Exaudi Redazione","Tempo di lettura stimato":"1 minuto"},"schema":{"@context":"https:\/\/schema.org","@graph":[{"@type":"Article","@id":"https:\/\/exaudi.org\/it\/maria-corina-chiede-al-papa-di-intercedere-per-la-liberazione-dei-prigionieri-politici-e-per-una-transizione-in-venezuela\/#article","isPartOf":{"@id":"https:\/\/exaudi.org\/it\/maria-corina-chiede-al-papa-di-intercedere-per-la-liberazione-dei-prigionieri-politici-e-per-una-transizione-in-venezuela\/"},"author":{"name":"Exaudi Redazione","@id":"https:\/\/exaudi.org\/#\/schema\/person\/e1ab6ed07c01774724dd96f925f3a5f0"},"headline":"Mar\u00eda Corina chiede al Papa di intercedere per la liberazione dei prigionieri politici e per una transizione in Venezuela","datePublished":"2026-01-12T15:43:11+00:00","mainEntityOfPage":{"@id":"https:\/\/exaudi.org\/it\/maria-corina-chiede-al-papa-di-intercedere-per-la-liberazione-dei-prigionieri-politici-e-per-una-transizione-in-venezuela\/"},"wordCount":291,"image":{"@id":"https:\/\/exaudi.org\/it\/maria-corina-chiede-al-papa-di-intercedere-per-la-liberazione-dei-prigionieri-politici-e-per-una-transizione-in-venezuela\/#primaryimage"},"thumbnailUrl":"https:\/\/exaudi.org\/wp-content\/uploads\/2026\/01\/G-eJhaUawAAjx2V.jpg","keywords":["Featured","Leone XIV","Mar\u00eda Corina Machado","Papa Leone XIV","Pietro Parolin","Venezuela"],"articleSection":["Leone XIV"],"inLanguage":"it-IT"},{"@type":"WebPage","@id":"https:\/\/exaudi.org\/it\/maria-corina-chiede-al-papa-di-intercedere-per-la-liberazione-dei-prigionieri-politici-e-per-una-transizione-in-venezuela\/","url":"https:\/\/exaudi.org\/it\/maria-corina-chiede-al-papa-di-intercedere-per-la-liberazione-dei-prigionieri-politici-e-per-una-transizione-in-venezuela\/","name":"Mar\u00eda Corina chiede al Papa di intercedere per la liberazione dei prigionieri politici e per una transizione in Venezuela &#8211; Exaudi","isPartOf":{"@id":"https:\/\/exaudi.org\/#website"},"primaryImageOfPage":{"@id":"https:\/\/exaudi.org\/it\/maria-corina-chiede-al-papa-di-intercedere-per-la-liberazione-dei-prigionieri-politici-e-per-una-transizione-in-venezuela\/#primaryimage"},"image":{"@id":"https:\/\/exaudi.org\/it\/maria-corina-chiede-al-papa-di-intercedere-per-la-liberazione-dei-prigionieri-politici-e-per-una-transizione-in-venezuela\/#primaryimage"},"thumbnailUrl":"https:\/\/exaudi.org\/wp-content\/uploads\/2026\/01\/G-eJhaUawAAjx2V.jpg","datePublished":"2026-01-12T15:43:11+00:00","author":{"@id":"https:\/\/exaudi.org\/#\/schema\/person\/e1ab6ed07c01774724dd96f925f3a5f0"},"breadcrumb":{"@id":"https:\/\/exaudi.org\/it\/maria-corina-chiede-al-papa-di-intercedere-per-la-liberazione-dei-prigionieri-politici-e-per-una-transizione-in-venezuela\/#breadcrumb"},"inLanguage":"it-IT","potentialAction":[{"@type":"ReadAction","target":["https:\/\/exaudi.org\/it\/maria-corina-chiede-al-papa-di-intercedere-per-la-liberazione-dei-prigionieri-politici-e-per-una-transizione-in-venezuela\/"]}]},{"@type":"ImageObject","inLanguage":"it-IT","@id":"https:\/\/exaudi.org\/it\/maria-corina-chiede-al-papa-di-intercedere-per-la-liberazione-dei-prigionieri-politici-e-per-una-transizione-in-venezuela\/#primaryimage","url":"https:\/\/exaudi.org\/wp-content\/uploads\/2026\/01\/G-eJhaUawAAjx2V.jpg","contentUrl":"https:\/\/exaudi.org\/wp-content\/uploads\/2026\/01\/G-eJhaUawAAjx2V.jpg","width":1080,"height":720},{"@type":"BreadcrumbList","@id":"https:\/\/exaudi.org\/it\/maria-corina-chiede-al-papa-di-intercedere-per-la-liberazione-dei-prigionieri-politici-e-per-una-transizione-in-venezuela\/#breadcrumb","itemListElement":[{"@type":"ListItem","position":1,"name":"Portada","item":"https:\/\/exaudi.org\/it\/"},{"@type":"ListItem","position":2,"name":"Mar\u00eda Corina chiede al Papa di intercedere per la liberazione dei prigionieri politici e per una transizione in Venezuela"}]},{"@type":"WebSite","@id":"https:\/\/exaudi.org\/#website","url":"https:\/\/exaudi.org\/","name":"Exaudi","description":"News","potentialAction":[{"@type":"SearchAction","target":{"@type":"EntryPoint","urlTemplate":"https:\/\/exaudi.org\/?s={search_term_string}"},"query-input":{"@type":"PropertyValueSpecification","valueRequired":true,"valueName":"search_term_string"}}],"inLanguage":"it-IT"},{"@type":"Person","@id":"https:\/\/exaudi.org\/#\/schema\/person\/e1ab6ed07c01774724dd96f925f3a5f0","name":"Exaudi Redazione","image":{"@type":"ImageObject","inLanguage":"it-IT","@id":"https:\/\/secure.gravatar.com\/avatar\/ad6774b3ada023bf5b939d64f45c94b3adf91502dd883507d469b4308a943bb3?s=96&d=mm&r=g","url":"https:\/\/secure.gravatar.com\/avatar\/ad6774b3ada023bf5b939d64f45c94b3adf91502dd883507d469b4308a943bb3?s=96&d=mm&r=g","contentUrl":"https:\/\/secure.gravatar.com\/avatar\/ad6774b3ada023bf5b939d64f45c94b3adf91502dd883507d469b4308a943bb3?s=96&d=mm&r=g","caption":"Exaudi Redazione"},"description":"Che cosa \u00e8 Exaudi News? Exaudi News \u00e8 un agenzia cattolica internazionale che informa, istruisce e trasforma quotidianamente in spagnolo, inglese e italiano. Attraverso notizie, articoli di analisi e trasmissioni in diretta degli eventi del Papa, Exaudi cerca di rafforzare l'unit\u00e0 dei cristiani e di contribuire all'evangelizzazione del mondo, sempre guidato dalla dottrina sociale della Chiesa. Lavoriamo per portare la verit\u00e0 e i valori cristiani in ogni angolo del pianeta. Aiutaci a trasformare il mondo con Exaudi! Noi di Exaudi crediamo che l'evangelizzazione e l'informazione di qualit\u00e0 possano cambiare la vita. Per continuare la nostra missione ed espandere la nostra portata, abbiamo bisogno del tuo aiuto. Stiamo anche cercando persone motivate che vogliano unirsi al nostro team. Grazie al vostro sostegno raggiungeremo pi\u00f9 persone, diffonderemo il messaggio di Cristo e rafforzeremo l'unit\u00e0 dei cristiani. Vuoi unirti alla nostra missione? Per maggiori informazioni su come contribuire, visita Exaudi.org\/it o contattaci direttamente: info@exaudi.org Exaudi: informa, forma e trasforma.","sameAs":["https:\/\/www.facebook.com\/ExaudiNotizie\/","https:\/\/www.instagram.com\/Exaudi_notizie\/","https:\/\/x.com\/Exaudi_Notizie","https:\/\/www.youtube.com\/@exaudicatholicnews"],"url":"https:\/\/exaudi.org\/it\/author\/dlvedi-org\/"}]}},"jetpack_featured_media_url":"https:\/\/exaudi.org\/wp-content\/uploads\/2026\/01\/G-eJhaUawAAjx2V.jpg","jetpack_shortlink":"https:\/\/wp.me\/pgKjF2-DTl","_links":{"self":[{"href":"https:\/\/exaudi.org\/it\/wp-json\/wp\/v2\/posts\/153347","targetHints":{"allow":["GET"]}}],"collection":[{"href":"https:\/\/exaudi.org\/it\/wp-json\/wp\/v2\/posts"}],"about":[{"href":"https:\/\/exaudi.org\/it\/wp-json\/wp\/v2\/types\/post"}],"author":[{"embeddable":true,"href":"https:\/\/exaudi.org\/it\/wp-json\/wp\/v2\/users\/17"}],"replies":[{"embeddable":true,"href":"https:\/\/exaudi.org\/it\/wp-json\/wp\/v2\/comments?post=153347"}],"version-history":[{"count":3,"href":"https:\/\/exaudi.org\/it\/wp-json\/wp\/v2\/posts\/153347\/revisions"}],"predecessor-version":[{"id":153350,"href":"https:\/\/exaudi.org\/it\/wp-json\/wp\/v2\/posts\/153347\/revisions\/153350"}],"wp:featuredmedia":[{"embeddable":true,"href":"https:\/\/exaudi.org\/it\/wp-json\/wp\/v2\/media\/153331"}],"wp:attachment":[{"href":"https:\/\/exaudi.org\/it\/wp-json\/wp\/v2\/media?parent=153347"}],"wp:term":[{"taxonomy":"category","embeddable":true,"href":"https:\/\/exaudi.org\/it\/wp-json\/wp\/v2\/categories?post=153347"},{"taxonomy":"post_tag","embeddable":true,"href":"https:\/\/exaudi.org\/it\/wp-json\/wp\/v2\/tags?post=153347"}],"curies":[{"name":"wp","href":"https:\/\/api.w.org\/{rel}","templated":true}]}}