{"id":153273,"date":"2026-01-11T18:13:21","date_gmt":"2026-01-11T17:13:21","guid":{"rendered":"https:\/\/exaudi.org\/?p=153273"},"modified":"2026-01-11T18:13:21","modified_gmt":"2026-01-11T17:13:21","slug":"riflessione-del-vescovo-enrique-diaz-guarda-il-mio-servo-nel-quale-mi-sono-compiaciuto","status":"publish","type":"post","link":"https:\/\/exaudi.org\/it\/riflessione-del-vescovo-enrique-diaz-guarda-il-mio-servo-nel-quale-mi-sono-compiaciuto\/","title":{"rendered":"Riflessione del Vescovo Enrique D\u00edaz: Guarda il mio servo, nel quale mi sono compiaciuto"},"content":{"rendered":"<div class=\"nt_content\">\n<p><span dir=\"auto\"><span dir=\"auto\" style=\"vertical-align: inherit\"><span dir=\"auto\" style=\"vertical-align: inherit\">Monsignor Enrique D\u00edaz D\u00edaz condivide con i lettori di Exaudi la sua riflessione sul <\/span><\/span><a href=\"https:\/\/www.dominicos.org\/predicacion\/homilia\/11-1-2026\/lecturas\/\" target=\"_blank\" rel=\"noopener\"><span dir=\"auto\" style=\"vertical-align: inherit\"><span dir=\"auto\" style=\"vertical-align: inherit\">Vangelo di questa domenica, 11 gennaio<\/span><\/span><\/a><span dir=\"auto\" style=\"vertical-align: inherit\"><span dir=\"auto\" style=\"vertical-align: inherit\"> 2026, intitolato: \u201cGuardate <\/span><\/span><\/span><span dir=\"auto\"><em><span dir=\"auto\" style=\"vertical-align: inherit\"><span dir=\"auto\" style=\"vertical-align: inherit\">\u00a0il mio servo nel quale mi sono compiaciuto<\/span><\/span><\/em><\/span><em><span dir=\"auto\" style=\"vertical-align: inherit\"><span dir=\"auto\" style=\"vertical-align: inherit\"> \u201d.<\/span><\/span><\/em><\/p>\n<p><span dir=\"auto\" style=\"vertical-align: inherit\"><span dir=\"auto\" style=\"vertical-align: inherit\">***<\/span><\/span><\/p>\n<p><span dir=\"auto\" style=\"vertical-align: inherit\"><span dir=\"auto\" style=\"vertical-align: inherit\">Isaia 42:1-4, 6-7:\u00a0 <\/span><\/span><em><span dir=\"auto\" style=\"vertical-align: inherit\"><span dir=\"auto\" style=\"vertical-align: inherit\">\u201cEcco il mio servo, nel quale mi compiaccio\u201d<\/span><\/span><\/em><\/p>\n<p><span dir=\"auto\" style=\"vertical-align: inherit\"><span dir=\"auto\" style=\"vertical-align: inherit\">Salmo 28:\u00a0 <\/span><\/span><em><span dir=\"auto\" style=\"vertical-align: inherit\"><span dir=\"auto\" style=\"vertical-align: inherit\">\u201cTi lodiamo, Signore\u201d<\/span><\/span><\/em><\/p>\n<p><span dir=\"auto\" style=\"vertical-align: inherit\"><span dir=\"auto\" style=\"vertical-align: inherit\">Atti 10:34-38: \u201cDio <\/span><\/span><em><span dir=\"auto\" style=\"vertical-align: inherit\"><span dir=\"auto\" style=\"vertical-align: inherit\">\u00a0unse con lo Spirito Santo Ges\u00f9 di Nazareth\u201d<\/span><\/span><\/em><\/p>\n<p><span dir=\"auto\" style=\"vertical-align: inherit\"><span dir=\"auto\" style=\"vertical-align: inherit\">Matteo 3:13-17:\u00a0 <\/span><\/span><em><span dir=\"auto\" style=\"vertical-align: inherit\"><span dir=\"auto\" style=\"vertical-align: inherit\">\u201cAppena battezzato, Ges\u00f9 vide lo Spirito Santo scendere su di lui\u201d.<\/span><\/span><\/em><\/p>\n<p><span dir=\"auto\" style=\"vertical-align: inherit\"><span dir=\"auto\" style=\"vertical-align: inherit\">Al termine del Sinodo, Papa Francesco ha sottolineato il fondamento della sinodali e la responsabilit\u00e0 missionaria condivisa da tutti i membri della Chiesa, affermando che \u00absiamo tutti battezzati, siamo tutti figli di Dio\u00bb. E oggi, mentre celebriamo il Battesimo del Signore, celebriamo anche il Battesimo di ciascuno di noi.<\/span><\/span><\/p>\n<p><span dir=\"auto\" style=\"vertical-align: inherit\"><span dir=\"auto\" style=\"vertical-align: inherit\">Il tempo natalizio si chiude con un&#8217;ulteriore manifestazione di Ges\u00f9: il suo battesimo. A poco a poco, il volto di colui che sar\u00e0 il nostro Salvatore ci \u00e8 stato rivelato, e oggi si rivela pienamente in tutto il suo splendore: \u00e8 il Figlio amato di Dio, unto dallo Spirito e inviato con una missione molto speciale: manifestare l&#8217;amore di Dio a tutti gli uomini. Tre caratteristiche ci aiutano a riconoscere Ges\u00f9 nel suo battesimo, ma allo stesso tempo ci aiutano a comprendere la vera essenza dell&#8217;essere cristiani. Siamo tutti battezzati nello stesso battesimo di Ges\u00f9 e innestati nel suo corpo e nella sua stessa missione. Se contempliamo la manifestazione che le letture odierne ci offrono del Messia e dell&#8217;Unto, possiamo comprendere l&#8217;importanza del nostro battesimo, che spesso abbiamo ridotto a mero ritualismo, consuetudine o persino a un semplice atto sociale. Siamo battezzati e cristiani, ma solo in apparenza, e non viviamo appieno il significato dell&#8217;essere cristiani.<\/span><\/span><\/p>\n<p><span dir=\"auto\" style=\"vertical-align: inherit\"><span dir=\"auto\" style=\"vertical-align: inherit\">La prima caratteristica che ci viene rivelata di Ges\u00f9 \u00e8 indicata dalla voce udita dopo il suo battesimo:\u00a0 <\/span><\/span><em><span dir=\"auto\" style=\"vertical-align: inherit\"><span dir=\"auto\" style=\"vertical-align: inherit\">\u00abQuesti \u00e8 il Figlio mio, l&#8217;amato: in lui mi sono compiaciuto\u00bb.<\/span><\/span><\/em><span dir=\"auto\" style=\"vertical-align: inherit\"><span dir=\"auto\" style=\"vertical-align: inherit\"> \u00a0Questa voce riecheggia le parole proclamate da Isaia al servo di Jahv\u00e8:\u00a0 <\/span><\/span><em><span dir=\"auto\" style=\"vertical-align: inherit\"><span dir=\"auto\" style=\"vertical-align: inherit\">\u00abIo, il Signore, ti ho chiamato, ti ho preso per mano, ti ho custodito e ti ho costituito alleanza del popolo e luce delle nazioni\u00bb.<\/span><\/span><\/em><span dir=\"auto\" style=\"vertical-align: inherit\"><span dir=\"auto\" style=\"vertical-align: inherit\"> Sono parole attribuite e vissute in pienezza da Ges\u00f9, ma innestate in lui mediante il nostro battesimo, sono rivolte anche a ciascuno di noi. Perci\u00f2, oggi, sapendoci battezzati, dobbiamo riconoscerci amati, tenuti per mano e formati con profondo affetto dal nostro Padre Dio. Ognuno di noi ha un valore incalcolabile agli occhi di Dio; siamo suoi figli amati. Il primo atteggiamento del battezzato dovrebbe essere quello di riconoscersi amato in modo speciale da Dio, di sperimentare la sua protezione e cura, e di vivere pienamente questo amore.<\/span><\/span><\/p>\n<p><span dir=\"auto\" style=\"vertical-align: inherit\"><span dir=\"auto\" style=\"vertical-align: inherit\">San Pietro, meravigliato dall&#8217;azione dello Spirito Santo, riconosce nel Libro degli Atti che Dio ha unto con la potenza dello Spirito Santo Ges\u00f9 di Nazareth, il quale pass\u00f2 beneficando e risanando tutti gli oppressi. Questa \u00e8 la missione che lo Spirito affida a Ges\u00f9, e la stessa missione affidata a ogni battezzato. Isaia lo sottolinea nella missione del servo: <\/span><\/span><em><span dir=\"auto\" style=\"vertical-align: inherit\"><span dir=\"auto\" style=\"vertical-align: inherit\">\u00abEgli proclamer\u00e0 la giustizia con verit\u00e0; non vaciller\u00e0 n\u00e9 si scoragger\u00e0, finch\u00e9 non avr\u00e0 stabilito il diritto sulla terra\u2026 Io ti ho posto come luce delle nazioni, per aprire gli occhi dei ciechi, per liberare dal carcere i prigionieri e dalla prigione coloro che abitano nelle tenebre<\/span><\/span><\/em><span dir=\"auto\" style=\"vertical-align: inherit\"><span dir=\"auto\" style=\"vertical-align: inherit\"> \u00bb. Il battesimo, quindi, non \u00e8 solo una ricevuta o un certificato, n\u00e9 un pretesto per una festa sociale, ma un serio impegno che assumiamo per lavorare alla costruzione di una societ\u00e0 che viva nella giustizia e nella pace. Com&#8217;\u00e8 triste che in un Paese dove quasi tutti sono battezzati in una confessione o nell&#8217;altra, regnino l&#8217;oscurit\u00e0, l&#8217;ingiustizia e la menzogna, come se il nostro battesimo fosse solo una facciata. Dovremo viverla dentro di noi, con tutte le sue conseguenze. Un battezzato deve essere innamorato della giustizia e una persona di speranza. Per questo si dice che non spezzer\u00e0 una canna incrinata, n\u00e9 spegner\u00e0 uno stoppino fumante. Il vero cristiano, avendo Cristo come sua salda roccia, cercher\u00e0 sempre le vie della speranza che risvegliano la fede e sostengono la lotta per la giustizia e la verit\u00e0. Accanto ai pi\u00f9 poveri e vulnerabili, \u00e8 chiamato a sostenere la luce in questo mondo di tenebre.<\/span><\/span><\/p>\n<p><span dir=\"auto\" style=\"vertical-align: inherit\"><span dir=\"auto\" style=\"vertical-align: inherit\">Se Cristo \u00e8 venuto ad abbattere tutti i muri che dividono l&#8217;umanit\u00e0 e con la sua croce ha spezzato le catene che separano i popoli, se San Pietro riconosce che Dio non fa distinzioni, ma accoglie coloro che lo temono e praticano la giustizia, perch\u00e9 abbiamo trasformato il battesimo in un rito insipido, vissuto individualmente e che serve solo come documento di appartenenza o, peggio, di separazione dagli altri? Attraverso il battesimo diventiamo parte di quella grande comunit\u00e0 chiamata Chiesa, iniziamo a far parte del sogno di Ges\u00f9 di unire tutti gli uomini in un&#8217;unica famiglia e siamo innestati nel Corpo di Ges\u00f9 per essere membri attivi che si prendono cura gli uni degli altri, che sentono il dolore e la gioia degli altri membri, che gioiscono o soffrono con i nostri fratelli e sorelle che diventano carne della loro carne e spirito del loro spirito. Cosa abbiamo fatto con il battesimo? Riconosciamo il grande impegno, la grande dignit\u00e0 e la bella missione che abbiamo acquisito nel battesimo? Mentre contempliamo Ges\u00f9 che viene battezzato, ascoltiamo attentamente ciascuna delle parole rivolte a Ges\u00f9 e a noi, e riflettiamo sulla grandezza del nostro battesimo.<\/span><\/span><\/p>\n<p>&nbsp;<\/p>\n<p><em><span dir=\"auto\" style=\"vertical-align: inherit\"><span dir=\"auto\" style=\"vertical-align: inherit\">Dio, Padre buono, che hai proclamato che Cristo \u00e8 il tuo Figlio diletto, unto dallo Spirito, concedi ai tuoi figli, anch&#8217;essi rinati dall&#8217;acqua e dallo Spirito, di riconoscere la loro dignit\u00e0 di battezzati, di abbracciare la missione di servi e di edificare la tua grande famiglia umana. Amen.<\/span><\/span><\/em><\/p>\n<\/div>\n<div class=\"author_bio \"><\/div>\n","protected":false},"excerpt":{"rendered":"<p>Battesimo del Signore<\/p>\n","protected":false},"author":25,"featured_media":153194,"comment_status":"closed","ping_status":"closed","sticky":false,"template":"","format":"standard","meta":{"_acf_changed":false,"_crdt_document":"","inline_featured_image":false,"footnotes":""},"categories":[73,95],"tags":[34418,10963,10964,64787,706],"class_list":["post-153273","post","type-post","status-publish","format-standard","has-post-thumbnail","hentry","category-chiesa-e-mondo","category-spiritualita","tag-battesimo-del-signore","tag-enrique-diaz-2","tag-riflessione","tag-trending-it-236","tag-vangelo"],"acf":[],"yoast_head":"<!-- This site is optimized with the Yoast SEO plugin v27.5 - https:\/\/yoast.com\/product\/yoast-seo-wordpress\/ -->\n<title>Riflessione del Vescovo Enrique D\u00edaz: Guarda il mio servo, nel quale mi sono compiaciuto &#8211; Exaudi<\/title>\n<meta name=\"robots\" content=\"index, follow, max-snippet:-1, max-image-preview:large, max-video-preview:-1\" \/>\n<link rel=\"canonical\" href=\"https:\/\/exaudi.org\/it\/riflessione-del-vescovo-enrique-diaz-guarda-il-mio-servo-nel-quale-mi-sono-compiaciuto\/\" \/>\n<meta property=\"og:locale\" content=\"it_IT\" \/>\n<meta property=\"og:type\" content=\"article\" \/>\n<meta property=\"og:title\" content=\"Riflessione del Vescovo Enrique D\u00edaz: Guarda il mio servo, nel quale mi sono compiaciuto &#8211; Exaudi\" \/>\n<meta property=\"og:description\" content=\"Battesimo del Signore\" \/>\n<meta property=\"og:url\" content=\"https:\/\/exaudi.org\/it\/riflessione-del-vescovo-enrique-diaz-guarda-il-mio-servo-nel-quale-mi-sono-compiaciuto\/\" \/>\n<meta property=\"og:site_name\" content=\"Exaudi\" \/>\n<meta property=\"article:publisher\" content=\"https:\/\/www.facebook.com\/ExaudiNews\" \/>\n<meta property=\"article:published_time\" content=\"2026-01-11T17:13:21+00:00\" \/>\n<meta property=\"og:image\" content=\"https:\/\/exaudi.org\/wp-content\/uploads\/2026\/01\/ai-generated-8578352_1280-1024x1024.png\" \/>\n\t<meta property=\"og:image:width\" content=\"1024\" \/>\n\t<meta property=\"og:image:height\" content=\"1024\" \/>\n\t<meta property=\"og:image:type\" content=\"image\/png\" \/>\n<meta name=\"author\" content=\"Enrique D\u00edaz\" \/>\n<meta name=\"twitter:card\" content=\"summary_large_image\" \/>\n<meta name=\"twitter:creator\" content=\"@Exaudi_News\" \/>\n<meta name=\"twitter:site\" content=\"@Exaudi_News\" \/>\n<meta name=\"twitter:label1\" content=\"Scritto da\" \/>\n\t<meta name=\"twitter:data1\" content=\"Enrique D\u00edaz\" \/>\n\t<meta name=\"twitter:label2\" content=\"Tempo di lettura stimato\" \/>\n\t<meta name=\"twitter:data2\" content=\"5 minuti\" \/>\n<script type=\"application\/ld+json\" class=\"yoast-schema-graph\">{\"@context\":\"https:\\\/\\\/schema.org\",\"@graph\":[{\"@type\":\"Article\",\"@id\":\"https:\\\/\\\/exaudi.org\\\/it\\\/riflessione-del-vescovo-enrique-diaz-guarda-il-mio-servo-nel-quale-mi-sono-compiaciuto\\\/#article\",\"isPartOf\":{\"@id\":\"https:\\\/\\\/exaudi.org\\\/it\\\/riflessione-del-vescovo-enrique-diaz-guarda-il-mio-servo-nel-quale-mi-sono-compiaciuto\\\/\"},\"author\":{\"name\":\"Enrique D\u00edaz\",\"@id\":\"https:\\\/\\\/exaudi.org\\\/#\\\/schema\\\/person\\\/c02ffbd10830fa375f6882f7dcf1844d\"},\"headline\":\"Riflessione del Vescovo Enrique D\u00edaz: Guarda il mio servo, nel quale mi sono compiaciuto\",\"datePublished\":\"2026-01-11T17:13:21+00:00\",\"mainEntityOfPage\":{\"@id\":\"https:\\\/\\\/exaudi.org\\\/it\\\/riflessione-del-vescovo-enrique-diaz-guarda-il-mio-servo-nel-quale-mi-sono-compiaciuto\\\/\"},\"wordCount\":948,\"image\":{\"@id\":\"https:\\\/\\\/exaudi.org\\\/it\\\/riflessione-del-vescovo-enrique-diaz-guarda-il-mio-servo-nel-quale-mi-sono-compiaciuto\\\/#primaryimage\"},\"thumbnailUrl\":\"https:\\\/\\\/exaudi.org\\\/wp-content\\\/uploads\\\/2026\\\/01\\\/ai-generated-8578352_1280.png\",\"keywords\":[\"Battesimo del Signore\",\"ENRIQUE D\u00cdAZ\",\"RIFLESSIONE\",\"Trending\",\"Vangelo\"],\"articleSection\":[\"Chiesa e Mondo\",\"Spiritualit\u00e0\"],\"inLanguage\":\"it-IT\"},{\"@type\":\"WebPage\",\"@id\":\"https:\\\/\\\/exaudi.org\\\/it\\\/riflessione-del-vescovo-enrique-diaz-guarda-il-mio-servo-nel-quale-mi-sono-compiaciuto\\\/\",\"url\":\"https:\\\/\\\/exaudi.org\\\/it\\\/riflessione-del-vescovo-enrique-diaz-guarda-il-mio-servo-nel-quale-mi-sono-compiaciuto\\\/\",\"name\":\"Riflessione del Vescovo Enrique D\u00edaz: Guarda il mio servo, nel quale mi sono compiaciuto &#8211; Exaudi\",\"isPartOf\":{\"@id\":\"https:\\\/\\\/exaudi.org\\\/#website\"},\"primaryImageOfPage\":{\"@id\":\"https:\\\/\\\/exaudi.org\\\/it\\\/riflessione-del-vescovo-enrique-diaz-guarda-il-mio-servo-nel-quale-mi-sono-compiaciuto\\\/#primaryimage\"},\"image\":{\"@id\":\"https:\\\/\\\/exaudi.org\\\/it\\\/riflessione-del-vescovo-enrique-diaz-guarda-il-mio-servo-nel-quale-mi-sono-compiaciuto\\\/#primaryimage\"},\"thumbnailUrl\":\"https:\\\/\\\/exaudi.org\\\/wp-content\\\/uploads\\\/2026\\\/01\\\/ai-generated-8578352_1280.png\",\"datePublished\":\"2026-01-11T17:13:21+00:00\",\"author\":{\"@id\":\"https:\\\/\\\/exaudi.org\\\/#\\\/schema\\\/person\\\/c02ffbd10830fa375f6882f7dcf1844d\"},\"breadcrumb\":{\"@id\":\"https:\\\/\\\/exaudi.org\\\/it\\\/riflessione-del-vescovo-enrique-diaz-guarda-il-mio-servo-nel-quale-mi-sono-compiaciuto\\\/#breadcrumb\"},\"inLanguage\":\"it-IT\",\"potentialAction\":[{\"@type\":\"ReadAction\",\"target\":[\"https:\\\/\\\/exaudi.org\\\/it\\\/riflessione-del-vescovo-enrique-diaz-guarda-il-mio-servo-nel-quale-mi-sono-compiaciuto\\\/\"]}]},{\"@type\":\"ImageObject\",\"inLanguage\":\"it-IT\",\"@id\":\"https:\\\/\\\/exaudi.org\\\/it\\\/riflessione-del-vescovo-enrique-diaz-guarda-il-mio-servo-nel-quale-mi-sono-compiaciuto\\\/#primaryimage\",\"url\":\"https:\\\/\\\/exaudi.org\\\/wp-content\\\/uploads\\\/2026\\\/01\\\/ai-generated-8578352_1280.png\",\"contentUrl\":\"https:\\\/\\\/exaudi.org\\\/wp-content\\\/uploads\\\/2026\\\/01\\\/ai-generated-8578352_1280.png\",\"width\":1279,\"height\":1280},{\"@type\":\"BreadcrumbList\",\"@id\":\"https:\\\/\\\/exaudi.org\\\/it\\\/riflessione-del-vescovo-enrique-diaz-guarda-il-mio-servo-nel-quale-mi-sono-compiaciuto\\\/#breadcrumb\",\"itemListElement\":[{\"@type\":\"ListItem\",\"position\":1,\"name\":\"Portada\",\"item\":\"https:\\\/\\\/exaudi.org\\\/it\\\/\"},{\"@type\":\"ListItem\",\"position\":2,\"name\":\"Riflessione del Vescovo Enrique D\u00edaz: Guarda il mio servo, nel quale mi sono compiaciuto\"}]},{\"@type\":\"WebSite\",\"@id\":\"https:\\\/\\\/exaudi.org\\\/#website\",\"url\":\"https:\\\/\\\/exaudi.org\\\/\",\"name\":\"Exaudi\",\"description\":\"News\",\"potentialAction\":[{\"@type\":\"SearchAction\",\"target\":{\"@type\":\"EntryPoint\",\"urlTemplate\":\"https:\\\/\\\/exaudi.org\\\/?s={search_term_string}\"},\"query-input\":{\"@type\":\"PropertyValueSpecification\",\"valueRequired\":true,\"valueName\":\"search_term_string\"}}],\"inLanguage\":\"it-IT\"},{\"@type\":\"Person\",\"@id\":\"https:\\\/\\\/exaudi.org\\\/#\\\/schema\\\/person\\\/c02ffbd10830fa375f6882f7dcf1844d\",\"name\":\"Enrique D\u00edaz\",\"image\":{\"@type\":\"ImageObject\",\"inLanguage\":\"it-IT\",\"@id\":\"https:\\\/\\\/secure.gravatar.com\\\/avatar\\\/7ca10be5325a95d04b74082d68ba605aa69611eb0f68f47096cb1bc349873284?s=96&d=mm&r=g\",\"url\":\"https:\\\/\\\/secure.gravatar.com\\\/avatar\\\/7ca10be5325a95d04b74082d68ba605aa69611eb0f68f47096cb1bc349873284?s=96&d=mm&r=g\",\"contentUrl\":\"https:\\\/\\\/secure.gravatar.com\\\/avatar\\\/7ca10be5325a95d04b74082d68ba605aa69611eb0f68f47096cb1bc349873284?s=96&d=mm&r=g\",\"caption\":\"Enrique D\u00edaz\"},\"description\":\"Naci\u00f3 en Huandacareo, Michoac\u00e1n, M\u00e9xico, en 1952. Realiz\u00f3 sus estudios de Filosof\u00eda y Teolog\u00eda en el Seminario de Morelia. Ordenado di\u00e1cono el 22 de mayo de 1977, y presb\u00edtero el 23 de octubre del mismo a\u00f1o. Obtuvo la Licenciatura en Sagrada Escritura en el Pontificio Instituto B\u00edblico en Roma. Ha desarrollado m\u00faltiples encargos pastorales como el de capell\u00e1n de la rector\u00eda de las Tres Aves Mar\u00edas; responsable de la Pastoral B\u00edblica Diocesana y director de la Escuela B\u00edblica en Morelia; maestro de Biblia en el Seminario Conciliar de Morelia, p\u00e1rroco de la Parroquia de Nuestra Se\u00f1ora de Guadalupe, Col. Guadalupe, Morelia; o vicario episcopal para la Zona de Nuestra Se\u00f1ora de la Luz, P\u00e1tzcuaro. Ordenado obispo auxiliar de san Crist\u00f3bal de las Casas en 2003. En la Conferencia Episcopal form\u00f3 parte de las Comisiones de Biblia, Diaconado y Ministerios Laicales. Fue responsable de las Dimensiones de Ministerios Laicales, de Educaci\u00f3n y Cultura. Ha participado en encuentros latinoamericanos y mundiales sobre el Diaconado Permanente. Actualmente es el responsable de la Dimensi\u00f3n de Pastoral de la Cultura. Particip\u00f3 como Miembro del S\u00ednodo de Obispos sobre la Palabra de Dios en la Vida y Misi\u00f3n de la Iglesia en Roma, en 2008. Recibi\u00f3 el nombramiento de obispo coadjutor de San Crist\u00f3bal de las Casas en 2014. Nombrado II obispo de Irapuato el d\u00eda 11 de marzo, tom\u00f3 posesi\u00f3n el 19 de Mayo. Colabora en varias revistas y publicaciones sobre todo con la reflexi\u00f3n diaria y dominical tanto en audio como escrita.\",\"url\":\"https:\\\/\\\/exaudi.org\\\/it\\\/author\\\/enriquediaz\\\/\"}]}<\/script>\n<!-- \/ Yoast SEO plugin. -->","yoast_head_json":{"title":"Riflessione del Vescovo Enrique D\u00edaz: Guarda il mio servo, nel quale mi sono compiaciuto &#8211; Exaudi","robots":{"index":"index","follow":"follow","max-snippet":"max-snippet:-1","max-image-preview":"max-image-preview:large","max-video-preview":"max-video-preview:-1"},"canonical":"https:\/\/exaudi.org\/it\/riflessione-del-vescovo-enrique-diaz-guarda-il-mio-servo-nel-quale-mi-sono-compiaciuto\/","og_locale":"it_IT","og_type":"article","og_title":"Riflessione del Vescovo Enrique D\u00edaz: Guarda il mio servo, nel quale mi sono compiaciuto &#8211; Exaudi","og_description":"Battesimo del Signore","og_url":"https:\/\/exaudi.org\/it\/riflessione-del-vescovo-enrique-diaz-guarda-il-mio-servo-nel-quale-mi-sono-compiaciuto\/","og_site_name":"Exaudi","article_publisher":"https:\/\/www.facebook.com\/ExaudiNews","article_published_time":"2026-01-11T17:13:21+00:00","og_image":[{"width":1024,"height":1024,"url":"https:\/\/exaudi.org\/wp-content\/uploads\/2026\/01\/ai-generated-8578352_1280-1024x1024.png","type":"image\/png"}],"author":"Enrique D\u00edaz","twitter_card":"summary_large_image","twitter_creator":"@Exaudi_News","twitter_site":"@Exaudi_News","twitter_misc":{"Scritto da":"Enrique D\u00edaz","Tempo di lettura stimato":"5 minuti"},"schema":{"@context":"https:\/\/schema.org","@graph":[{"@type":"Article","@id":"https:\/\/exaudi.org\/it\/riflessione-del-vescovo-enrique-diaz-guarda-il-mio-servo-nel-quale-mi-sono-compiaciuto\/#article","isPartOf":{"@id":"https:\/\/exaudi.org\/it\/riflessione-del-vescovo-enrique-diaz-guarda-il-mio-servo-nel-quale-mi-sono-compiaciuto\/"},"author":{"name":"Enrique D\u00edaz","@id":"https:\/\/exaudi.org\/#\/schema\/person\/c02ffbd10830fa375f6882f7dcf1844d"},"headline":"Riflessione del Vescovo Enrique D\u00edaz: Guarda il mio servo, nel quale mi sono compiaciuto","datePublished":"2026-01-11T17:13:21+00:00","mainEntityOfPage":{"@id":"https:\/\/exaudi.org\/it\/riflessione-del-vescovo-enrique-diaz-guarda-il-mio-servo-nel-quale-mi-sono-compiaciuto\/"},"wordCount":948,"image":{"@id":"https:\/\/exaudi.org\/it\/riflessione-del-vescovo-enrique-diaz-guarda-il-mio-servo-nel-quale-mi-sono-compiaciuto\/#primaryimage"},"thumbnailUrl":"https:\/\/exaudi.org\/wp-content\/uploads\/2026\/01\/ai-generated-8578352_1280.png","keywords":["Battesimo del Signore","ENRIQUE D\u00cdAZ","RIFLESSIONE","Trending","Vangelo"],"articleSection":["Chiesa e Mondo","Spiritualit\u00e0"],"inLanguage":"it-IT"},{"@type":"WebPage","@id":"https:\/\/exaudi.org\/it\/riflessione-del-vescovo-enrique-diaz-guarda-il-mio-servo-nel-quale-mi-sono-compiaciuto\/","url":"https:\/\/exaudi.org\/it\/riflessione-del-vescovo-enrique-diaz-guarda-il-mio-servo-nel-quale-mi-sono-compiaciuto\/","name":"Riflessione del Vescovo Enrique D\u00edaz: Guarda il mio servo, nel quale mi sono compiaciuto &#8211; Exaudi","isPartOf":{"@id":"https:\/\/exaudi.org\/#website"},"primaryImageOfPage":{"@id":"https:\/\/exaudi.org\/it\/riflessione-del-vescovo-enrique-diaz-guarda-il-mio-servo-nel-quale-mi-sono-compiaciuto\/#primaryimage"},"image":{"@id":"https:\/\/exaudi.org\/it\/riflessione-del-vescovo-enrique-diaz-guarda-il-mio-servo-nel-quale-mi-sono-compiaciuto\/#primaryimage"},"thumbnailUrl":"https:\/\/exaudi.org\/wp-content\/uploads\/2026\/01\/ai-generated-8578352_1280.png","datePublished":"2026-01-11T17:13:21+00:00","author":{"@id":"https:\/\/exaudi.org\/#\/schema\/person\/c02ffbd10830fa375f6882f7dcf1844d"},"breadcrumb":{"@id":"https:\/\/exaudi.org\/it\/riflessione-del-vescovo-enrique-diaz-guarda-il-mio-servo-nel-quale-mi-sono-compiaciuto\/#breadcrumb"},"inLanguage":"it-IT","potentialAction":[{"@type":"ReadAction","target":["https:\/\/exaudi.org\/it\/riflessione-del-vescovo-enrique-diaz-guarda-il-mio-servo-nel-quale-mi-sono-compiaciuto\/"]}]},{"@type":"ImageObject","inLanguage":"it-IT","@id":"https:\/\/exaudi.org\/it\/riflessione-del-vescovo-enrique-diaz-guarda-il-mio-servo-nel-quale-mi-sono-compiaciuto\/#primaryimage","url":"https:\/\/exaudi.org\/wp-content\/uploads\/2026\/01\/ai-generated-8578352_1280.png","contentUrl":"https:\/\/exaudi.org\/wp-content\/uploads\/2026\/01\/ai-generated-8578352_1280.png","width":1279,"height":1280},{"@type":"BreadcrumbList","@id":"https:\/\/exaudi.org\/it\/riflessione-del-vescovo-enrique-diaz-guarda-il-mio-servo-nel-quale-mi-sono-compiaciuto\/#breadcrumb","itemListElement":[{"@type":"ListItem","position":1,"name":"Portada","item":"https:\/\/exaudi.org\/it\/"},{"@type":"ListItem","position":2,"name":"Riflessione del Vescovo Enrique D\u00edaz: Guarda il mio servo, nel quale mi sono compiaciuto"}]},{"@type":"WebSite","@id":"https:\/\/exaudi.org\/#website","url":"https:\/\/exaudi.org\/","name":"Exaudi","description":"News","potentialAction":[{"@type":"SearchAction","target":{"@type":"EntryPoint","urlTemplate":"https:\/\/exaudi.org\/?s={search_term_string}"},"query-input":{"@type":"PropertyValueSpecification","valueRequired":true,"valueName":"search_term_string"}}],"inLanguage":"it-IT"},{"@type":"Person","@id":"https:\/\/exaudi.org\/#\/schema\/person\/c02ffbd10830fa375f6882f7dcf1844d","name":"Enrique D\u00edaz","image":{"@type":"ImageObject","inLanguage":"it-IT","@id":"https:\/\/secure.gravatar.com\/avatar\/7ca10be5325a95d04b74082d68ba605aa69611eb0f68f47096cb1bc349873284?s=96&d=mm&r=g","url":"https:\/\/secure.gravatar.com\/avatar\/7ca10be5325a95d04b74082d68ba605aa69611eb0f68f47096cb1bc349873284?s=96&d=mm&r=g","contentUrl":"https:\/\/secure.gravatar.com\/avatar\/7ca10be5325a95d04b74082d68ba605aa69611eb0f68f47096cb1bc349873284?s=96&d=mm&r=g","caption":"Enrique D\u00edaz"},"description":"Naci\u00f3 en Huandacareo, Michoac\u00e1n, M\u00e9xico, en 1952. Realiz\u00f3 sus estudios de Filosof\u00eda y Teolog\u00eda en el Seminario de Morelia. Ordenado di\u00e1cono el 22 de mayo de 1977, y presb\u00edtero el 23 de octubre del mismo a\u00f1o. Obtuvo la Licenciatura en Sagrada Escritura en el Pontificio Instituto B\u00edblico en Roma. Ha desarrollado m\u00faltiples encargos pastorales como el de capell\u00e1n de la rector\u00eda de las Tres Aves Mar\u00edas; responsable de la Pastoral B\u00edblica Diocesana y director de la Escuela B\u00edblica en Morelia; maestro de Biblia en el Seminario Conciliar de Morelia, p\u00e1rroco de la Parroquia de Nuestra Se\u00f1ora de Guadalupe, Col. Guadalupe, Morelia; o vicario episcopal para la Zona de Nuestra Se\u00f1ora de la Luz, P\u00e1tzcuaro. Ordenado obispo auxiliar de san Crist\u00f3bal de las Casas en 2003. En la Conferencia Episcopal form\u00f3 parte de las Comisiones de Biblia, Diaconado y Ministerios Laicales. Fue responsable de las Dimensiones de Ministerios Laicales, de Educaci\u00f3n y Cultura. Ha participado en encuentros latinoamericanos y mundiales sobre el Diaconado Permanente. Actualmente es el responsable de la Dimensi\u00f3n de Pastoral de la Cultura. Particip\u00f3 como Miembro del S\u00ednodo de Obispos sobre la Palabra de Dios en la Vida y Misi\u00f3n de la Iglesia en Roma, en 2008. Recibi\u00f3 el nombramiento de obispo coadjutor de San Crist\u00f3bal de las Casas en 2014. Nombrado II obispo de Irapuato el d\u00eda 11 de marzo, tom\u00f3 posesi\u00f3n el 19 de Mayo. Colabora en varias revistas y publicaciones sobre todo con la reflexi\u00f3n diaria y dominical tanto en audio como escrita.","url":"https:\/\/exaudi.org\/it\/author\/enriquediaz\/"}]}},"jetpack_featured_media_url":"https:\/\/exaudi.org\/wp-content\/uploads\/2026\/01\/ai-generated-8578352_1280.png","jetpack_shortlink":"https:\/\/wp.me\/pgKjF2-DS9","_links":{"self":[{"href":"https:\/\/exaudi.org\/it\/wp-json\/wp\/v2\/posts\/153273","targetHints":{"allow":["GET"]}}],"collection":[{"href":"https:\/\/exaudi.org\/it\/wp-json\/wp\/v2\/posts"}],"about":[{"href":"https:\/\/exaudi.org\/it\/wp-json\/wp\/v2\/types\/post"}],"author":[{"embeddable":true,"href":"https:\/\/exaudi.org\/it\/wp-json\/wp\/v2\/users\/25"}],"replies":[{"embeddable":true,"href":"https:\/\/exaudi.org\/it\/wp-json\/wp\/v2\/comments?post=153273"}],"version-history":[{"count":3,"href":"https:\/\/exaudi.org\/it\/wp-json\/wp\/v2\/posts\/153273\/revisions"}],"predecessor-version":[{"id":153276,"href":"https:\/\/exaudi.org\/it\/wp-json\/wp\/v2\/posts\/153273\/revisions\/153276"}],"wp:featuredmedia":[{"embeddable":true,"href":"https:\/\/exaudi.org\/it\/wp-json\/wp\/v2\/media\/153194"}],"wp:attachment":[{"href":"https:\/\/exaudi.org\/it\/wp-json\/wp\/v2\/media?parent=153273"}],"wp:term":[{"taxonomy":"category","embeddable":true,"href":"https:\/\/exaudi.org\/it\/wp-json\/wp\/v2\/categories?post=153273"},{"taxonomy":"post_tag","embeddable":true,"href":"https:\/\/exaudi.org\/it\/wp-json\/wp\/v2\/tags?post=153273"}],"curies":[{"name":"wp","href":"https:\/\/api.w.org\/{rel}","templated":true}]}}