{"id":153132,"date":"2026-01-10T16:58:28","date_gmt":"2026-01-10T15:58:28","guid":{"rendered":"https:\/\/exaudi.org\/?p=153132"},"modified":"2026-01-10T16:58:28","modified_gmt":"2026-01-10T15:58:28","slug":"questi-e-il-figlio-mio-prediletto-nel-quale-mi-sono-compiaciuto-commento-di-padre-jorge-miro","status":"publish","type":"post","link":"https:\/\/exaudi.org\/it\/questi-e-il-figlio-mio-prediletto-nel-quale-mi-sono-compiaciuto-commento-di-padre-jorge-miro\/","title":{"rendered":"Questi \u00e8 il Figlio mio prediletto, nel quale mi sono compiaciuto. Commento di Padre Jorge Mir\u00f3"},"content":{"rendered":"<div class=\"nt_content\">\n<p><span dir=\"auto\"><span dir=\"auto\" style=\"vertical-align: inherit\"><span dir=\"auto\" style=\"vertical-align: inherit\">Padre Jorge Mir\u00f3 condivide con i lettori di Exaudi il suo commento al <\/span><\/span><a href=\"https:\/\/www.dominicos.org\/predicacion\/homilia\/11-1-2026\/lecturas\/\" target=\"_blank\" rel=\"noopener\"><span dir=\"auto\" style=\"vertical-align: inherit\"><span dir=\"auto\" style=\"vertical-align: inherit\">\u00a0Vangelo di domenica 11 gennaio 2026,<\/span><\/span><\/a>\u00a0<\/span><span dir=\"auto\"><span dir=\"auto\" style=\"vertical-align: inherit\"><span dir=\"auto\" style=\"vertical-align: inherit\"> intitolato \u201cQuesto \u00e8 il Figlio mio prediletto, nel quale mi sono compiaciuto<\/span><\/span><\/span><span dir=\"auto\" style=\"vertical-align: inherit\"><span dir=\"auto\" style=\"vertical-align: inherit\">\u201d<\/span><\/span><span dir=\"auto\"><span dir=\"auto\" style=\"vertical-align: inherit\"><span dir=\"auto\" style=\"vertical-align: inherit\">.<\/span><\/span><\/span><\/p>\n<p><span dir=\"auto\" style=\"vertical-align: inherit\"><span dir=\"auto\" style=\"vertical-align: inherit\">***<\/span><\/span><\/p>\n<p><span dir=\"auto\" style=\"vertical-align: inherit\"><span dir=\"auto\" style=\"vertical-align: inherit\">Con la festa del Battesimo del Signore, che oggi celebriamo, si conclude il tempo liturgico del Natale.<\/span><\/span><\/p>\n<p><span dir=\"auto\" style=\"vertical-align: inherit\"><span dir=\"auto\" style=\"vertical-align: inherit\">Il battesimo di Ges\u00f9 \u00e8 l&#8217;accettazione e l&#8217;inaugurazione della sua missione.<\/span><\/span><\/p>\n<p><span dir=\"auto\" style=\"vertical-align: inherit\"><span dir=\"auto\" style=\"vertical-align: inherit\">Nel Vangelo contempliamo la scena suggestiva di Ges\u00f9 che si lascia annoverare tra i peccatori e si avvicina per ricevere il battesimo da Giovanni, il quale rimane stupito dalla presenza di Ges\u00f9. Ma la presenza di Ges\u00f9 \u00e8 un segno: Egli \u00e8 l&#8217;Agnello di Dio che toglie il peccato del mondo. Cos\u00ec lo chiama Giovanni Battista, rivelando che Ges\u00f9 \u00e8 sia il Servo sofferente che si lascia condurre silenziosamente al macello e porta su di s\u00e9 il peccato delle folle, sia l&#8217;Agnello pasquale, simbolo della redenzione di Israele quando celebr\u00f2 la prima Pasqua. Tutta la vita di Cristo esprime la sua missione: <\/span><\/span><em><span dir=\"auto\" style=\"vertical-align: inherit\"><span dir=\"auto\" style=\"vertical-align: inherit\">servire e dare la sua vita in riscatto per molti<\/span><\/span><\/em><span dir=\"auto\" style=\"vertical-align: inherit\"><span dir=\"auto\" style=\"vertical-align: inherit\"> \u00a0(<\/span><\/span><em><span dir=\"auto\" style=\"vertical-align: inherit\"><span dir=\"auto\" style=\"vertical-align: inherit\">Catechismo\u00a0<\/span><\/span><\/em><span dir=\"auto\" style=\"vertical-align: inherit\"><span dir=\"auto\" style=\"vertical-align: inherit\"> 608).<\/span><\/span><\/p>\n<p><span dir=\"auto\" style=\"vertical-align: inherit\"><span dir=\"auto\" style=\"vertical-align: inherit\">Questa celebrazione ci invita a ricordare e rivivere il battesimo che abbiamo ricevuto un giorno, attraverso il quale abbiamo avuto accesso alla salvezza che Ges\u00f9 ci ha operato con la sua morte e risurrezione. \u00c8 il battesimo con il quale siamo stati immersi nella morte di Cristo e siamo risorti con Lui (cfr\u00a0 <\/span><\/span><em><span dir=\"auto\" style=\"vertical-align: inherit\"><span dir=\"auto\" style=\"vertical-align: inherit\">Catechismo\u00a0<\/span><\/span><\/em><span dir=\"auto\" style=\"vertical-align: inherit\"><span dir=\"auto\" style=\"vertical-align: inherit\"> 1214).<\/span><\/span><\/p>\n<p><span dir=\"auto\" style=\"vertical-align: inherit\"><span dir=\"auto\" style=\"vertical-align: inherit\">Ma il battesimo non \u00e8 semplicemente un rito. Il Battesimo \u00e8 l&#8217;inizio di una nuova vita. Nel Battesimo abbiamo ricevuto il seme di un\u00a0 <\/span><\/span><em><span dir=\"auto\" style=\"vertical-align: inherit\"><span dir=\"auto\" style=\"vertical-align: inherit\">tesoro<\/span><\/span><\/em><span dir=\"auto\" style=\"vertical-align: inherit\"><span dir=\"auto\" style=\"vertical-align: inherit\">, che \u00e8\u00a0 <\/span><\/span><em><span dir=\"auto\" style=\"vertical-align: inherit\"><span dir=\"auto\" style=\"vertical-align: inherit\">la fede<\/span><\/span><\/em><span dir=\"auto\" style=\"vertical-align: inherit\"><span dir=\"auto\" style=\"vertical-align: inherit\">, e\u00a0 <\/span><\/span><em><span dir=\"auto\" style=\"vertical-align: inherit\"><span dir=\"auto\" style=\"vertical-align: inherit\">il dono dello Spirito Santo<\/span><\/span><\/em><span dir=\"auto\" style=\"vertical-align: inherit\"><span dir=\"auto\" style=\"vertical-align: inherit\">, che ci rende figli amati di Dio in Cristo e ci introduce nella comunit\u00e0 dei discepoli di Ges\u00f9 Cristo: la Chiesa.<\/span><\/span><\/p>\n<p><span dir=\"auto\" style=\"vertical-align: inherit\"><span dir=\"auto\" style=\"vertical-align: inherit\">Oggi il Signore ci invita a prenderci cura del seme affinch\u00e9 possa crescere e portare frutto.<\/span><\/span><\/p>\n<p><span dir=\"auto\" style=\"vertical-align: inherit\"><span dir=\"auto\" style=\"vertical-align: inherit\">Per fare questo, ogni giorno devi ascoltare e accettare come rivolta direttamente a te la parola che lo Spirito Santo sussurra in ogni battito del tuo cuore, ricordandoti che sei il figlio amato di Dio, il suo eletto. Ogni giorno lo Spirito ti assicura che Dio ti ama, che ti ha creato per amore e che sta tessendo con te una storia d&#8217;amore e di salvezza. Questa \u00e8 la chiave. Quando accetti questo Amore donato gratuitamente, la vita \u00e8 completamente trasformata.<\/span><\/span><\/p>\n<p><span dir=\"auto\" style=\"vertical-align: inherit\"><span dir=\"auto\" style=\"vertical-align: inherit\">Questa celebrazione \u00e8 un invito a vivere questa storia d&#8217;amore con il Signore. Un invito a gioire del battesimo. A vivere questa nuova vita, a vivere una relazione personale e intima con il Signore, una relazione d&#8217;amore. Perch\u00e9 la fede \u00e8 vivere una vita da godere. Una vita che dobbiamo custodire.<\/span><\/span><\/p>\n<p><span dir=\"auto\" style=\"vertical-align: inherit\"><span dir=\"auto\" style=\"vertical-align: inherit\">La coltiviamo ascoltando la Parola di Dio, Parola che ha vita eterna. La coltiviamo vivendo la fede non in modo individualistico e solitario, ma uniti a tutti coloro che professano che Ges\u00f9 \u00e8 il Signore, vivendo la fede nella famiglia dei discepoli di Ges\u00f9, che \u00e8 la Chiesa.<\/span><\/span><\/p>\n<p><span dir=\"auto\" style=\"vertical-align: inherit\"><span dir=\"auto\" style=\"vertical-align: inherit\">Coltiviamo la nostra fede quando celebriamo l&#8217;Eucaristia, quando confessiamo i nostri peccati, quando viviamo la vita facendo il bene, come ha fatto Ges\u00f9. Coltiviamo la nostra fede quando preghiamo e viviamo in intimit\u00e0 con il Signore. Fino a raggiungere la meta, che \u00e8 il cielo, la vita eterna, <\/span><\/span><em><span dir=\"auto\" style=\"vertical-align: inherit\"><span dir=\"auto\" style=\"vertical-align: inherit\">dove <\/span><\/span><span dir=\"auto\" style=\"vertical-align: inherit\"><span dir=\"auto\" style=\"vertical-align: inherit\">\u00a0occhio non vide, orecchio non ud\u00ec, e nessuna mente pu\u00f2 immaginare ci\u00f2 che Dio ha preparato per coloro che lo amano\u00a0<\/span><\/span><\/em><span dir=\"auto\" style=\"vertical-align: inherit\"><span dir=\"auto\" style=\"vertical-align: inherit\"> ( <\/span><\/span><em><span dir=\"auto\" style=\"vertical-align: inherit\"><span dir=\"auto\" style=\"vertical-align: inherit\">1 Corinzi\u00a0<\/span><\/span><\/em><span dir=\"auto\" style=\"vertical-align: inherit\"><span dir=\"auto\" style=\"vertical-align: inherit\"> 2:9).<\/span><\/span><\/p>\n<p><span dir=\"auto\" style=\"vertical-align: inherit\"><span dir=\"auto\" style=\"vertical-align: inherit\">Apri il tuo cuore al Signore! Non aver paura! Colui che ha iniziato in te quest&#8217;opera buona la porter\u00e0 a compimento!<\/span><\/span><\/p>\n<p><span dir=\"auto\" style=\"vertical-align: inherit\"><span dir=\"auto\" style=\"vertical-align: inherit\">Vieni, Spirito Santo!<\/span><\/span><\/p>\n<\/div>\n<div class=\"author_bio \">\n<div class=\"ab_right\">\n<div class=\"social_autor_links\"><\/div>\n<\/div>\n<\/div>\n","protected":false},"excerpt":{"rendered":"<p>Domenica 11 gennaio 2026<\/p>\n","protected":false},"author":20,"featured_media":153115,"comment_status":"closed","ping_status":"closed","sticky":false,"template":"","format":"standard","meta":{"_acf_changed":false,"_crdt_document":"","inline_featured_image":false,"footnotes":""},"categories":[73,95],"tags":[],"class_list":["post-153132","post","type-post","status-publish","format-standard","has-post-thumbnail","hentry","category-chiesa-e-mondo","category-spiritualita"],"acf":[],"yoast_head":"<!-- This site is optimized with the Yoast SEO plugin v27.5 - https:\/\/yoast.com\/product\/yoast-seo-wordpress\/ -->\n<title>Questi \u00e8 il Figlio mio prediletto, nel quale mi sono compiaciuto. Commento di Padre Jorge Mir\u00f3 &#8211; Exaudi<\/title>\n<meta name=\"robots\" content=\"index, follow, max-snippet:-1, max-image-preview:large, max-video-preview:-1\" \/>\n<link rel=\"canonical\" href=\"https:\/\/exaudi.org\/it\/questi-e-il-figlio-mio-prediletto-nel-quale-mi-sono-compiaciuto-commento-di-padre-jorge-miro\/\" \/>\n<meta property=\"og:locale\" content=\"it_IT\" \/>\n<meta property=\"og:type\" content=\"article\" \/>\n<meta property=\"og:title\" content=\"Questi \u00e8 il Figlio mio prediletto, nel quale mi sono compiaciuto. Commento di Padre Jorge Mir\u00f3 &#8211; Exaudi\" \/>\n<meta property=\"og:description\" content=\"Domenica 11 gennaio 2026\" \/>\n<meta property=\"og:url\" content=\"https:\/\/exaudi.org\/it\/questi-e-il-figlio-mio-prediletto-nel-quale-mi-sono-compiaciuto-commento-di-padre-jorge-miro\/\" \/>\n<meta property=\"og:site_name\" content=\"Exaudi\" \/>\n<meta property=\"article:publisher\" content=\"https:\/\/www.facebook.com\/ExaudiNews\" \/>\n<meta property=\"article:published_time\" content=\"2026-01-10T15:58:28+00:00\" \/>\n<meta property=\"og:image\" content=\"https:\/\/exaudi.org\/wp-content\/uploads\/2026\/01\/ai-generated-8846507_1920-1024x585.png\" \/>\n\t<meta property=\"og:image:width\" content=\"1024\" \/>\n\t<meta property=\"og:image:height\" content=\"585\" \/>\n\t<meta property=\"og:image:type\" content=\"image\/png\" \/>\n<meta name=\"author\" content=\"Jorge Mir\u00f3\" \/>\n<meta name=\"twitter:card\" content=\"summary_large_image\" \/>\n<meta name=\"twitter:creator\" content=\"@Exaudi_News\" \/>\n<meta name=\"twitter:site\" content=\"@Exaudi_News\" \/>\n<meta name=\"twitter:label1\" content=\"Scritto da\" \/>\n\t<meta name=\"twitter:data1\" content=\"Jorge Mir\u00f3\" \/>\n\t<meta name=\"twitter:label2\" content=\"Tempo di lettura stimato\" \/>\n\t<meta name=\"twitter:data2\" content=\"3 minuti\" \/>\n<script type=\"application\/ld+json\" class=\"yoast-schema-graph\">{\"@context\":\"https:\\\/\\\/schema.org\",\"@graph\":[{\"@type\":\"Article\",\"@id\":\"https:\\\/\\\/exaudi.org\\\/it\\\/questi-e-il-figlio-mio-prediletto-nel-quale-mi-sono-compiaciuto-commento-di-padre-jorge-miro\\\/#article\",\"isPartOf\":{\"@id\":\"https:\\\/\\\/exaudi.org\\\/it\\\/questi-e-il-figlio-mio-prediletto-nel-quale-mi-sono-compiaciuto-commento-di-padre-jorge-miro\\\/\"},\"author\":{\"name\":\"Jorge Mir\u00f3\",\"@id\":\"https:\\\/\\\/exaudi.org\\\/#\\\/schema\\\/person\\\/a258c56b05e63b2b367bdca29e0ed3e3\"},\"headline\":\"Questi \u00e8 il Figlio mio prediletto, nel quale mi sono compiaciuto. Commento di Padre Jorge Mir\u00f3\",\"datePublished\":\"2026-01-10T15:58:28+00:00\",\"mainEntityOfPage\":{\"@id\":\"https:\\\/\\\/exaudi.org\\\/it\\\/questi-e-il-figlio-mio-prediletto-nel-quale-mi-sono-compiaciuto-commento-di-padre-jorge-miro\\\/\"},\"wordCount\":580,\"image\":{\"@id\":\"https:\\\/\\\/exaudi.org\\\/it\\\/questi-e-il-figlio-mio-prediletto-nel-quale-mi-sono-compiaciuto-commento-di-padre-jorge-miro\\\/#primaryimage\"},\"thumbnailUrl\":\"https:\\\/\\\/exaudi.org\\\/wp-content\\\/uploads\\\/2026\\\/01\\\/ai-generated-8846507_1920.png\",\"articleSection\":[\"Chiesa e Mondo\",\"Spiritualit\u00e0\"],\"inLanguage\":\"it-IT\"},{\"@type\":\"WebPage\",\"@id\":\"https:\\\/\\\/exaudi.org\\\/it\\\/questi-e-il-figlio-mio-prediletto-nel-quale-mi-sono-compiaciuto-commento-di-padre-jorge-miro\\\/\",\"url\":\"https:\\\/\\\/exaudi.org\\\/it\\\/questi-e-il-figlio-mio-prediletto-nel-quale-mi-sono-compiaciuto-commento-di-padre-jorge-miro\\\/\",\"name\":\"Questi \u00e8 il Figlio mio prediletto, nel quale mi sono compiaciuto. Commento di Padre Jorge Mir\u00f3 &#8211; Exaudi\",\"isPartOf\":{\"@id\":\"https:\\\/\\\/exaudi.org\\\/#website\"},\"primaryImageOfPage\":{\"@id\":\"https:\\\/\\\/exaudi.org\\\/it\\\/questi-e-il-figlio-mio-prediletto-nel-quale-mi-sono-compiaciuto-commento-di-padre-jorge-miro\\\/#primaryimage\"},\"image\":{\"@id\":\"https:\\\/\\\/exaudi.org\\\/it\\\/questi-e-il-figlio-mio-prediletto-nel-quale-mi-sono-compiaciuto-commento-di-padre-jorge-miro\\\/#primaryimage\"},\"thumbnailUrl\":\"https:\\\/\\\/exaudi.org\\\/wp-content\\\/uploads\\\/2026\\\/01\\\/ai-generated-8846507_1920.png\",\"datePublished\":\"2026-01-10T15:58:28+00:00\",\"author\":{\"@id\":\"https:\\\/\\\/exaudi.org\\\/#\\\/schema\\\/person\\\/a258c56b05e63b2b367bdca29e0ed3e3\"},\"breadcrumb\":{\"@id\":\"https:\\\/\\\/exaudi.org\\\/it\\\/questi-e-il-figlio-mio-prediletto-nel-quale-mi-sono-compiaciuto-commento-di-padre-jorge-miro\\\/#breadcrumb\"},\"inLanguage\":\"it-IT\",\"potentialAction\":[{\"@type\":\"ReadAction\",\"target\":[\"https:\\\/\\\/exaudi.org\\\/it\\\/questi-e-il-figlio-mio-prediletto-nel-quale-mi-sono-compiaciuto-commento-di-padre-jorge-miro\\\/\"]}]},{\"@type\":\"ImageObject\",\"inLanguage\":\"it-IT\",\"@id\":\"https:\\\/\\\/exaudi.org\\\/it\\\/questi-e-il-figlio-mio-prediletto-nel-quale-mi-sono-compiaciuto-commento-di-padre-jorge-miro\\\/#primaryimage\",\"url\":\"https:\\\/\\\/exaudi.org\\\/wp-content\\\/uploads\\\/2026\\\/01\\\/ai-generated-8846507_1920.png\",\"contentUrl\":\"https:\\\/\\\/exaudi.org\\\/wp-content\\\/uploads\\\/2026\\\/01\\\/ai-generated-8846507_1920.png\",\"width\":1920,\"height\":1097},{\"@type\":\"BreadcrumbList\",\"@id\":\"https:\\\/\\\/exaudi.org\\\/it\\\/questi-e-il-figlio-mio-prediletto-nel-quale-mi-sono-compiaciuto-commento-di-padre-jorge-miro\\\/#breadcrumb\",\"itemListElement\":[{\"@type\":\"ListItem\",\"position\":1,\"name\":\"Portada\",\"item\":\"https:\\\/\\\/exaudi.org\\\/it\\\/\"},{\"@type\":\"ListItem\",\"position\":2,\"name\":\"Questi \u00e8 il Figlio mio prediletto, nel quale mi sono compiaciuto. Commento di Padre Jorge Mir\u00f3\"}]},{\"@type\":\"WebSite\",\"@id\":\"https:\\\/\\\/exaudi.org\\\/#website\",\"url\":\"https:\\\/\\\/exaudi.org\\\/\",\"name\":\"Exaudi\",\"description\":\"News\",\"potentialAction\":[{\"@type\":\"SearchAction\",\"target\":{\"@type\":\"EntryPoint\",\"urlTemplate\":\"https:\\\/\\\/exaudi.org\\\/?s={search_term_string}\"},\"query-input\":{\"@type\":\"PropertyValueSpecification\",\"valueRequired\":true,\"valueName\":\"search_term_string\"}}],\"inLanguage\":\"it-IT\"},{\"@type\":\"Person\",\"@id\":\"https:\\\/\\\/exaudi.org\\\/#\\\/schema\\\/person\\\/a258c56b05e63b2b367bdca29e0ed3e3\",\"name\":\"Jorge Mir\u00f3\",\"image\":{\"@type\":\"ImageObject\",\"inLanguage\":\"it-IT\",\"@id\":\"https:\\\/\\\/secure.gravatar.com\\\/avatar\\\/f5ea26c436669b01b7b02124bf13596df002525d6f392707d301543be365bd44?s=96&d=mm&r=g\",\"url\":\"https:\\\/\\\/secure.gravatar.com\\\/avatar\\\/f5ea26c436669b01b7b02124bf13596df002525d6f392707d301543be365bd44?s=96&d=mm&r=g\",\"contentUrl\":\"https:\\\/\\\/secure.gravatar.com\\\/avatar\\\/f5ea26c436669b01b7b02124bf13596df002525d6f392707d301543be365bd44?s=96&d=mm&r=g\",\"caption\":\"Jorge Mir\u00f3\"},\"description\":\"Sacerdote de la archidi\u00f3cesis de Valencia y profesor en la Facultad de Ciencias Jur\u00eddicas, Econ\u00f3micas y Sociales de la Universidad Cat\u00f3lica de Valencia\",\"url\":\"https:\\\/\\\/exaudi.org\\\/it\\\/author\\\/jorgemiro\\\/\"}]}<\/script>\n<!-- \/ Yoast SEO plugin. -->","yoast_head_json":{"title":"Questi \u00e8 il Figlio mio prediletto, nel quale mi sono compiaciuto. Commento di Padre Jorge Mir\u00f3 &#8211; Exaudi","robots":{"index":"index","follow":"follow","max-snippet":"max-snippet:-1","max-image-preview":"max-image-preview:large","max-video-preview":"max-video-preview:-1"},"canonical":"https:\/\/exaudi.org\/it\/questi-e-il-figlio-mio-prediletto-nel-quale-mi-sono-compiaciuto-commento-di-padre-jorge-miro\/","og_locale":"it_IT","og_type":"article","og_title":"Questi \u00e8 il Figlio mio prediletto, nel quale mi sono compiaciuto. Commento di Padre Jorge Mir\u00f3 &#8211; Exaudi","og_description":"Domenica 11 gennaio 2026","og_url":"https:\/\/exaudi.org\/it\/questi-e-il-figlio-mio-prediletto-nel-quale-mi-sono-compiaciuto-commento-di-padre-jorge-miro\/","og_site_name":"Exaudi","article_publisher":"https:\/\/www.facebook.com\/ExaudiNews","article_published_time":"2026-01-10T15:58:28+00:00","og_image":[{"width":1024,"height":585,"url":"https:\/\/exaudi.org\/wp-content\/uploads\/2026\/01\/ai-generated-8846507_1920-1024x585.png","type":"image\/png"}],"author":"Jorge Mir\u00f3","twitter_card":"summary_large_image","twitter_creator":"@Exaudi_News","twitter_site":"@Exaudi_News","twitter_misc":{"Scritto da":"Jorge Mir\u00f3","Tempo di lettura stimato":"3 minuti"},"schema":{"@context":"https:\/\/schema.org","@graph":[{"@type":"Article","@id":"https:\/\/exaudi.org\/it\/questi-e-il-figlio-mio-prediletto-nel-quale-mi-sono-compiaciuto-commento-di-padre-jorge-miro\/#article","isPartOf":{"@id":"https:\/\/exaudi.org\/it\/questi-e-il-figlio-mio-prediletto-nel-quale-mi-sono-compiaciuto-commento-di-padre-jorge-miro\/"},"author":{"name":"Jorge Mir\u00f3","@id":"https:\/\/exaudi.org\/#\/schema\/person\/a258c56b05e63b2b367bdca29e0ed3e3"},"headline":"Questi \u00e8 il Figlio mio prediletto, nel quale mi sono compiaciuto. Commento di Padre Jorge Mir\u00f3","datePublished":"2026-01-10T15:58:28+00:00","mainEntityOfPage":{"@id":"https:\/\/exaudi.org\/it\/questi-e-il-figlio-mio-prediletto-nel-quale-mi-sono-compiaciuto-commento-di-padre-jorge-miro\/"},"wordCount":580,"image":{"@id":"https:\/\/exaudi.org\/it\/questi-e-il-figlio-mio-prediletto-nel-quale-mi-sono-compiaciuto-commento-di-padre-jorge-miro\/#primaryimage"},"thumbnailUrl":"https:\/\/exaudi.org\/wp-content\/uploads\/2026\/01\/ai-generated-8846507_1920.png","articleSection":["Chiesa e Mondo","Spiritualit\u00e0"],"inLanguage":"it-IT"},{"@type":"WebPage","@id":"https:\/\/exaudi.org\/it\/questi-e-il-figlio-mio-prediletto-nel-quale-mi-sono-compiaciuto-commento-di-padre-jorge-miro\/","url":"https:\/\/exaudi.org\/it\/questi-e-il-figlio-mio-prediletto-nel-quale-mi-sono-compiaciuto-commento-di-padre-jorge-miro\/","name":"Questi \u00e8 il Figlio mio prediletto, nel quale mi sono compiaciuto. Commento di Padre Jorge Mir\u00f3 &#8211; Exaudi","isPartOf":{"@id":"https:\/\/exaudi.org\/#website"},"primaryImageOfPage":{"@id":"https:\/\/exaudi.org\/it\/questi-e-il-figlio-mio-prediletto-nel-quale-mi-sono-compiaciuto-commento-di-padre-jorge-miro\/#primaryimage"},"image":{"@id":"https:\/\/exaudi.org\/it\/questi-e-il-figlio-mio-prediletto-nel-quale-mi-sono-compiaciuto-commento-di-padre-jorge-miro\/#primaryimage"},"thumbnailUrl":"https:\/\/exaudi.org\/wp-content\/uploads\/2026\/01\/ai-generated-8846507_1920.png","datePublished":"2026-01-10T15:58:28+00:00","author":{"@id":"https:\/\/exaudi.org\/#\/schema\/person\/a258c56b05e63b2b367bdca29e0ed3e3"},"breadcrumb":{"@id":"https:\/\/exaudi.org\/it\/questi-e-il-figlio-mio-prediletto-nel-quale-mi-sono-compiaciuto-commento-di-padre-jorge-miro\/#breadcrumb"},"inLanguage":"it-IT","potentialAction":[{"@type":"ReadAction","target":["https:\/\/exaudi.org\/it\/questi-e-il-figlio-mio-prediletto-nel-quale-mi-sono-compiaciuto-commento-di-padre-jorge-miro\/"]}]},{"@type":"ImageObject","inLanguage":"it-IT","@id":"https:\/\/exaudi.org\/it\/questi-e-il-figlio-mio-prediletto-nel-quale-mi-sono-compiaciuto-commento-di-padre-jorge-miro\/#primaryimage","url":"https:\/\/exaudi.org\/wp-content\/uploads\/2026\/01\/ai-generated-8846507_1920.png","contentUrl":"https:\/\/exaudi.org\/wp-content\/uploads\/2026\/01\/ai-generated-8846507_1920.png","width":1920,"height":1097},{"@type":"BreadcrumbList","@id":"https:\/\/exaudi.org\/it\/questi-e-il-figlio-mio-prediletto-nel-quale-mi-sono-compiaciuto-commento-di-padre-jorge-miro\/#breadcrumb","itemListElement":[{"@type":"ListItem","position":1,"name":"Portada","item":"https:\/\/exaudi.org\/it\/"},{"@type":"ListItem","position":2,"name":"Questi \u00e8 il Figlio mio prediletto, nel quale mi sono compiaciuto. Commento di Padre Jorge Mir\u00f3"}]},{"@type":"WebSite","@id":"https:\/\/exaudi.org\/#website","url":"https:\/\/exaudi.org\/","name":"Exaudi","description":"News","potentialAction":[{"@type":"SearchAction","target":{"@type":"EntryPoint","urlTemplate":"https:\/\/exaudi.org\/?s={search_term_string}"},"query-input":{"@type":"PropertyValueSpecification","valueRequired":true,"valueName":"search_term_string"}}],"inLanguage":"it-IT"},{"@type":"Person","@id":"https:\/\/exaudi.org\/#\/schema\/person\/a258c56b05e63b2b367bdca29e0ed3e3","name":"Jorge Mir\u00f3","image":{"@type":"ImageObject","inLanguage":"it-IT","@id":"https:\/\/secure.gravatar.com\/avatar\/f5ea26c436669b01b7b02124bf13596df002525d6f392707d301543be365bd44?s=96&d=mm&r=g","url":"https:\/\/secure.gravatar.com\/avatar\/f5ea26c436669b01b7b02124bf13596df002525d6f392707d301543be365bd44?s=96&d=mm&r=g","contentUrl":"https:\/\/secure.gravatar.com\/avatar\/f5ea26c436669b01b7b02124bf13596df002525d6f392707d301543be365bd44?s=96&d=mm&r=g","caption":"Jorge Mir\u00f3"},"description":"Sacerdote de la archidi\u00f3cesis de Valencia y profesor en la Facultad de Ciencias Jur\u00eddicas, Econ\u00f3micas y Sociales de la Universidad Cat\u00f3lica de Valencia","url":"https:\/\/exaudi.org\/it\/author\/jorgemiro\/"}]}},"jetpack_featured_media_url":"https:\/\/exaudi.org\/wp-content\/uploads\/2026\/01\/ai-generated-8846507_1920.png","jetpack_shortlink":"https:\/\/wp.me\/pgKjF2-DPS","_links":{"self":[{"href":"https:\/\/exaudi.org\/it\/wp-json\/wp\/v2\/posts\/153132","targetHints":{"allow":["GET"]}}],"collection":[{"href":"https:\/\/exaudi.org\/it\/wp-json\/wp\/v2\/posts"}],"about":[{"href":"https:\/\/exaudi.org\/it\/wp-json\/wp\/v2\/types\/post"}],"author":[{"embeddable":true,"href":"https:\/\/exaudi.org\/it\/wp-json\/wp\/v2\/users\/20"}],"replies":[{"embeddable":true,"href":"https:\/\/exaudi.org\/it\/wp-json\/wp\/v2\/comments?post=153132"}],"version-history":[{"count":4,"href":"https:\/\/exaudi.org\/it\/wp-json\/wp\/v2\/posts\/153132\/revisions"}],"predecessor-version":[{"id":153136,"href":"https:\/\/exaudi.org\/it\/wp-json\/wp\/v2\/posts\/153132\/revisions\/153136"}],"wp:featuredmedia":[{"embeddable":true,"href":"https:\/\/exaudi.org\/it\/wp-json\/wp\/v2\/media\/153115"}],"wp:attachment":[{"href":"https:\/\/exaudi.org\/it\/wp-json\/wp\/v2\/media?parent=153132"}],"wp:term":[{"taxonomy":"category","embeddable":true,"href":"https:\/\/exaudi.org\/it\/wp-json\/wp\/v2\/categories?post=153132"},{"taxonomy":"post_tag","embeddable":true,"href":"https:\/\/exaudi.org\/it\/wp-json\/wp\/v2\/tags?post=153132"}],"curies":[{"name":"wp","href":"https:\/\/api.w.org\/{rel}","templated":true}]}}