{"id":15264,"date":"2021-05-05T13:40:20","date_gmt":"2021-05-05T11:40:20","guid":{"rendered":"https:\/\/exaudi.org\/?p=15264"},"modified":"2021-05-06T09:03:34","modified_gmt":"2021-05-06T07:03:34","slug":"la-strada-della-preghiera-di-contemplazione","status":"publish","type":"post","link":"https:\/\/exaudi.org\/it\/la-strada-della-preghiera-di-contemplazione\/","title":{"rendered":"La strada della preghiera di contemplazione"},"content":{"rendered":"<p>Nessuna contrapposizione tra contemplazione e azione, perch\u00e9 nel Vangelo non c\u00b4\u00e8 questo dualismo. E la contemplazione \u00e8 lo scambio di sguardi di amore con Ges\u00f9, che fa tanto bene alla Chiesa. \u00c8 stata dedicata alla preghiera contemplativa la riflessione del S. Padre in occasione dell\u2019udienza del mercoled\u00ec. Ecco le sue parole diffuse dalla Sala stampa vaticana.<\/p>\n<p>Cari fratelli e sorelle, buongiorno! Continuiamo le catechesi sulla preghiera e in questa catechesi vorrei soffermarmi sulla preghiera di contemplazione. La dimensione contemplativa dell\u2019essere umano \u2013 che non \u00e8 ancora la preghiera contemplativa \u2013 \u00e8 un po\u2019 come il \u201csale\u201d della vita: d\u00e0 sapore, d\u00e0 gusto alle nostre giornate. Si pu\u00f2 contemplare guardando il sole che sorge al mattino, o gli alberi che si rivestono di verde a primavera. Si pu\u00f2 contemplare ascoltando una musica o il canto degli uccelli, leggendo un libro, davanti a un\u2019opera d\u2019arte o a quel capolavoro che \u00e8 il volto umano\u2026<\/p>\n<h4>Contemplativi col cuore<\/h4>\n<p>Carlo Maria Martini, inviato come Vescovo a Milano, intitol\u00f2 la sua prima Lettera pastorale \u201cLa dimensione contemplativa della vita\u201d: in effetti, chi vive in una grande citt\u00e0, dove tutto \u2013 possiamo dire &#8211; \u00e8 artificiale, dove tutto \u00e8 funzionale, rischia di perdere la capacit\u00e0 di contemplare. Contemplare non \u00e8 prima di tutto un modo di fare, ma \u00e8 un modo di essere: essere contemplativo. Essere contemplativi non dipende dagli occhi, ma dal cuore. E qui entra in gioco la preghiera, come atto di fede e d\u2019amore, come \u201crespiro\u201d della nostra relazione con Dio.<\/p>\n<p>La preghiera purifica il cuore e, con esso, rischiara anche lo sguardo, permettendo di cogliere la realt\u00e0 da un altro punto di vista. Il Catechismo descrive questa trasformazione del cuore da parte della preghiera citando una famosa testimonianza del Santo Curato d\u2019Ars: \u00abLa contemplazione \u00e8 sguardo di fede fissato su Ges\u00f9. \u201cIo lo guardo ed egli mi guarda\u201d, diceva al suo santo curato il contadino di Ars in preghiera davanti al Tabernacolo. (\u2026) La luce dello sguardo di Ges\u00f9 illumina gli occhi del nostro cuore; ci insegna a vedere tutto nella luce della sua verit\u00e0 e della sua compassione per tutti gli uomini\u00bb (Catechismo della Chiesa Cattolica, 2715).<\/p>\n<h4>\u201cIo guardo Lui e Lui guarda me!\u201d<\/h4>\n<p>Tutto nasce da l\u00ec: da un cuore che si sente guardato con amore. Allora la realt\u00e0 viene contemplata con occhi diversi. \u201cIo guardo Lui, e Lui guarda me!\u201d. \u00c8 cos\u00ec: nella contemplazione amorosa, tipica della preghiera pi\u00f9 intima, non servono tante parole: basta uno sguardo, basta essere convinti che la nostra vita \u00e8 circondata da un amore grande e fedele da cui nulla ci potr\u00e0 mai separare. Ges\u00f9 \u00e8 stato maestro di questo sguardo. Nella sua vita non sono mai mancati i tempi, gli spazi, i silenzi, la comunione amorosa che permette all\u2019esistenza di non essere devastata dalle immancabili prove, ma di custodire intatta la bellezza. Il suo segreto era la relazione con il Padre celeste.<\/p>\n<p>Pensiamo all\u2019avvenimento della Trasfigurazione. I Vangeli collocano questo episodio nel momento critico della missione di Ges\u00f9, quando crescono intorno a Lui la contestazione e il rifiuto. Perfino tra i suoi discepoli molti non lo capiscono e se ne vanno; uno dei Dodici cova pensieri di tradimento. Ges\u00f9 comincia a parlare apertamente delle sofferenze e della morte che lo attendono a Gerusalemme. \u00c8 in questo contesto che Ges\u00f9 sale su un alto monte con Pietro, Giacomo e Giovanni. Dice il Vangelo di Marco: \u00abFu trasfigurato davanti a loro e le sue vesti divennero splendenti, bianchissime: nessun lavandaio sulla terra potrebbe renderle cos\u00ec bianche\u00bb (9,2-3).<\/p>\n<p>Proprio nel momento in cui Ges\u00f9 \u00e8 incompreso &#8211; se ne andavano, lo lasciavano solo perch\u00e9 non lo capivano -, in questo momento che lui \u00e8 incompreso, proprio quando tutto sembra offuscarsi in un vortice di malintesi, \u00e8 l\u00ec che risplende una luce divina. \u00c8 la luce dell\u2019amore del Padre, che riempie il cuore del Figlio e trasfigura tutta la sua Persona.<\/p>\n<h4>Contemplazione e azione<\/h4>\n<p>Alcuni maestri di spiritualit\u00e0 del passato hanno inteso la contemplazione come opposta all\u2019azione, e hanno esaltato quelle vocazioni che fuggono dal mondo e dai suoi problemi per dedicarsi interamente alla preghiera. In realt\u00e0, in Ges\u00f9 Cristo nella sua persona e nel Vangelo non c\u2019\u00e8 contrapposizione tra contemplazione e azione, no. Nel Vangelo in Ges\u00f9 non c\u2019\u00e8 contraddizione. Essa \u00e8 venuta forse dall\u2019influsso di qualche filosofo neoplatonico ma sicuramente si tratta di un dualismo che non appartiene al messaggio cristiano.<\/p>\n<h4>L\u2019unica grande chiamata<\/h4>\n<p>C\u2019\u00e8 un\u2019unica grande chiamata nel Vangelo, ed \u00e8 quella a seguire Ges\u00f9 sulla via dell\u2019amore. Questo \u00e8 l\u2019apice, \u00e8 il centro di tutto. In questo senso, carit\u00e0 e contemplazione sono sinonimi, dicono la medesima cosa. San Giovanni della Croce sosteneva che un piccolo atto di puro amore \u00e8 pi\u00f9 utile alla Chiesa di tutte le altre opere messe insieme. Ci\u00f2 che nasce dalla preghiera e non dalla presunzione del nostro io, ci\u00f2 che viene purificato dall\u2019umilt\u00e0, anche se \u00e8 un atto di amore appartato e silenzioso, \u00e8 il pi\u00f9 grande miracolo che un cristiano possa realizzare. E questa \u00e8 la strada della preghiera di contemplazione: io Lo guardo, Lui mi guarda! Questo atto di amore nel dialogo silenzioso con Ges\u00f9 fa tanto bene alla Chiesa.<\/p>\n<h4>L\u2019invito a unirsi alla Supplica alla Madonna di Pompei<\/h4>\n<p>Questo il saluto rivolto dal Santo Padre in italiano:<\/p>\n<p>Rivolgo un cordiale saluto ai fedeli di lingua italiana. La tradizione popolare dedica il mese di maggio alla Madonna. Vi esorto alla recita del Rosario, con cui la Vergine Maria \u00e8 particolarmente onorata. A tale proposito, vi invito ad unirvi spiritualmente alla Supplica alla Madonna del Rosario che si terr\u00e0 sabato prossimo 8 maggio a mezzogiorno al Santuario di Pompei. Il mio pensiero va infine, come di consueto, agli anziani, ai giovani, ai malati e agli sposi novelli. Pregate Maria, modello di fede e testimone operosa della parola di Cristo, per ottenere vigore cristiano nelle scelte e nelle difficolt\u00e0 della vita. A tutti la mia benedizione!<\/p>\n<h4>Preghiera per i bambini<\/h4>\n<p>Al termine dell\u2019udienza il Papa ha rinnovato l\u2019appello a partecipare alla maratona di preghiera:<\/p>\n<p>Guidati dai Santuari sparsi nel mondo, in questo mese di maggio recitiamo il Rosario per invocare la fine della pandemia e la ripresa delle attivit\u00e0 sociali e lavorative. Oggi guida questa preghiera mariana il Santuario della Beata Vergine del Rosario a Namyang, in Corea del Sud. Ci uniamo a quanti sono raccolti in questo Santuario, pregando specialmente per i bambini e gli adolescenti.<\/p>\n","protected":false},"excerpt":{"rendered":"<p>La catechesi del S. Padre nell&#8217;udienza del mercoled\u00ec<\/p>\n","protected":false},"author":17,"featured_media":15288,"comment_status":"closed","ping_status":"closed","sticky":false,"template":"","format":"standard","meta":{"_acf_changed":false,"_crdt_document":"","inline_featured_image":false,"footnotes":""},"categories":[58,67,111],"tags":[2135,251,2136,578,579],"class_list":["post-15264","post","type-post","status-publish","format-standard","has-post-thumbnail","hentry","category-featured-news","category-leone-xiv","category-udienza-generale","tag-contemplazione","tag-papa-francesco","tag-pompei","tag-preghiera","tag-udienza-generale"],"acf":[],"yoast_head":"<!-- This site is optimized with the Yoast SEO plugin v27.5 - https:\/\/yoast.com\/product\/yoast-seo-wordpress\/ -->\n<title>La strada della preghiera di contemplazione &#8211; Exaudi<\/title>\n<meta name=\"description\" content=\"Dedicata alla preghiera di contemplazione la catechesi del Papa in occasione dell&#039;udienza del mercoled\u00ec. Nessuna contrapposizione con l&#039;azione\" \/>\n<meta name=\"robots\" content=\"index, follow, max-snippet:-1, max-image-preview:large, max-video-preview:-1\" \/>\n<link rel=\"canonical\" href=\"https:\/\/exaudi.org\/it\/la-strada-della-preghiera-di-contemplazione\/\" \/>\n<meta property=\"og:locale\" content=\"it_IT\" \/>\n<meta property=\"og:type\" content=\"article\" \/>\n<meta property=\"og:title\" content=\"La strada della preghiera di contemplazione &#8211; Exaudi\" \/>\n<meta property=\"og:description\" content=\"Dedicata alla preghiera di contemplazione la catechesi del Papa in occasione dell&#039;udienza del mercoled\u00ec. Nessuna contrapposizione con l&#039;azione\" \/>\n<meta property=\"og:url\" content=\"https:\/\/exaudi.org\/it\/la-strada-della-preghiera-di-contemplazione\/\" \/>\n<meta property=\"og:site_name\" content=\"Exaudi\" \/>\n<meta property=\"article:publisher\" content=\"https:\/\/www.facebook.com\/ExaudiNews\" \/>\n<meta property=\"article:author\" content=\"https:\/\/www.facebook.com\/ExaudiNotizie\/\" \/>\n<meta property=\"article:published_time\" content=\"2021-05-05T11:40:20+00:00\" \/>\n<meta property=\"article:modified_time\" content=\"2021-05-06T07:03:34+00:00\" \/>\n<meta property=\"og:image\" content=\"https:\/\/exaudi.org\/wp-content\/uploads\/2021\/05\/Papa-udienza-5-maggio-bis-scaled.jpg\" \/>\n\t<meta property=\"og:image:width\" content=\"2560\" \/>\n\t<meta property=\"og:image:height\" content=\"2108\" \/>\n\t<meta property=\"og:image:type\" content=\"image\/jpeg\" \/>\n<meta name=\"author\" content=\"Exaudi Redazione\" \/>\n<meta name=\"twitter:card\" content=\"summary_large_image\" \/>\n<meta name=\"twitter:creator\" content=\"@Exaudi_Notizie\" \/>\n<meta name=\"twitter:site\" content=\"@Exaudi_News\" \/>\n<meta name=\"twitter:label1\" content=\"Scritto da\" \/>\n\t<meta name=\"twitter:data1\" content=\"Exaudi Redazione\" \/>\n\t<meta name=\"twitter:label2\" content=\"Tempo di lettura stimato\" \/>\n\t<meta name=\"twitter:data2\" content=\"5 minuti\" \/>\n<script type=\"application\/ld+json\" class=\"yoast-schema-graph\">{\"@context\":\"https:\\\/\\\/schema.org\",\"@graph\":[{\"@type\":\"Article\",\"@id\":\"https:\\\/\\\/exaudi.org\\\/it\\\/la-strada-della-preghiera-di-contemplazione\\\/#article\",\"isPartOf\":{\"@id\":\"https:\\\/\\\/exaudi.org\\\/it\\\/la-strada-della-preghiera-di-contemplazione\\\/\"},\"author\":{\"name\":\"Exaudi Redazione\",\"@id\":\"https:\\\/\\\/exaudi.org\\\/#\\\/schema\\\/person\\\/e1ab6ed07c01774724dd96f925f3a5f0\"},\"headline\":\"La strada della preghiera di contemplazione\",\"datePublished\":\"2021-05-05T11:40:20+00:00\",\"dateModified\":\"2021-05-06T07:03:34+00:00\",\"mainEntityOfPage\":{\"@id\":\"https:\\\/\\\/exaudi.org\\\/it\\\/la-strada-della-preghiera-di-contemplazione\\\/\"},\"wordCount\":1051,\"image\":{\"@id\":\"https:\\\/\\\/exaudi.org\\\/it\\\/la-strada-della-preghiera-di-contemplazione\\\/#primaryimage\"},\"thumbnailUrl\":\"https:\\\/\\\/exaudi.org\\\/wp-content\\\/uploads\\\/2021\\\/05\\\/Papa-udienza-5-maggio-bis-scaled.jpg\",\"keywords\":[\"contemplazione\",\"Papa Francesco\",\"Pompei\",\"preghiera\",\"udienza generale\"],\"articleSection\":[\"Featured News\",\"Leone XIV\",\"Udienza generale\"],\"inLanguage\":\"it-IT\"},{\"@type\":\"WebPage\",\"@id\":\"https:\\\/\\\/exaudi.org\\\/it\\\/la-strada-della-preghiera-di-contemplazione\\\/\",\"url\":\"https:\\\/\\\/exaudi.org\\\/it\\\/la-strada-della-preghiera-di-contemplazione\\\/\",\"name\":\"La strada della preghiera di contemplazione &#8211; Exaudi\",\"isPartOf\":{\"@id\":\"https:\\\/\\\/exaudi.org\\\/#website\"},\"primaryImageOfPage\":{\"@id\":\"https:\\\/\\\/exaudi.org\\\/it\\\/la-strada-della-preghiera-di-contemplazione\\\/#primaryimage\"},\"image\":{\"@id\":\"https:\\\/\\\/exaudi.org\\\/it\\\/la-strada-della-preghiera-di-contemplazione\\\/#primaryimage\"},\"thumbnailUrl\":\"https:\\\/\\\/exaudi.org\\\/wp-content\\\/uploads\\\/2021\\\/05\\\/Papa-udienza-5-maggio-bis-scaled.jpg\",\"datePublished\":\"2021-05-05T11:40:20+00:00\",\"dateModified\":\"2021-05-06T07:03:34+00:00\",\"author\":{\"@id\":\"https:\\\/\\\/exaudi.org\\\/#\\\/schema\\\/person\\\/e1ab6ed07c01774724dd96f925f3a5f0\"},\"description\":\"Dedicata alla preghiera di contemplazione la catechesi del Papa in occasione dell'udienza del mercoled\u00ec. Nessuna contrapposizione con l'azione\",\"breadcrumb\":{\"@id\":\"https:\\\/\\\/exaudi.org\\\/it\\\/la-strada-della-preghiera-di-contemplazione\\\/#breadcrumb\"},\"inLanguage\":\"it-IT\",\"potentialAction\":[{\"@type\":\"ReadAction\",\"target\":[\"https:\\\/\\\/exaudi.org\\\/it\\\/la-strada-della-preghiera-di-contemplazione\\\/\"]}]},{\"@type\":\"ImageObject\",\"inLanguage\":\"it-IT\",\"@id\":\"https:\\\/\\\/exaudi.org\\\/it\\\/la-strada-della-preghiera-di-contemplazione\\\/#primaryimage\",\"url\":\"https:\\\/\\\/exaudi.org\\\/wp-content\\\/uploads\\\/2021\\\/05\\\/Papa-udienza-5-maggio-bis-scaled.jpg\",\"contentUrl\":\"https:\\\/\\\/exaudi.org\\\/wp-content\\\/uploads\\\/2021\\\/05\\\/Papa-udienza-5-maggio-bis-scaled.jpg\",\"width\":2560,\"height\":2108,\"caption\":\"La benedizione del Papa \u00a9 Servizio Fotografico Vaticano\"},{\"@type\":\"BreadcrumbList\",\"@id\":\"https:\\\/\\\/exaudi.org\\\/it\\\/la-strada-della-preghiera-di-contemplazione\\\/#breadcrumb\",\"itemListElement\":[{\"@type\":\"ListItem\",\"position\":1,\"name\":\"Portada\",\"item\":\"https:\\\/\\\/exaudi.org\\\/it\\\/\"},{\"@type\":\"ListItem\",\"position\":2,\"name\":\"La strada della preghiera di contemplazione\"}]},{\"@type\":\"WebSite\",\"@id\":\"https:\\\/\\\/exaudi.org\\\/#website\",\"url\":\"https:\\\/\\\/exaudi.org\\\/\",\"name\":\"Exaudi\",\"description\":\"News\",\"potentialAction\":[{\"@type\":\"SearchAction\",\"target\":{\"@type\":\"EntryPoint\",\"urlTemplate\":\"https:\\\/\\\/exaudi.org\\\/?s={search_term_string}\"},\"query-input\":{\"@type\":\"PropertyValueSpecification\",\"valueRequired\":true,\"valueName\":\"search_term_string\"}}],\"inLanguage\":\"it-IT\"},{\"@type\":\"Person\",\"@id\":\"https:\\\/\\\/exaudi.org\\\/#\\\/schema\\\/person\\\/e1ab6ed07c01774724dd96f925f3a5f0\",\"name\":\"Exaudi Redazione\",\"image\":{\"@type\":\"ImageObject\",\"inLanguage\":\"it-IT\",\"@id\":\"https:\\\/\\\/secure.gravatar.com\\\/avatar\\\/ad6774b3ada023bf5b939d64f45c94b3adf91502dd883507d469b4308a943bb3?s=96&d=mm&r=g\",\"url\":\"https:\\\/\\\/secure.gravatar.com\\\/avatar\\\/ad6774b3ada023bf5b939d64f45c94b3adf91502dd883507d469b4308a943bb3?s=96&d=mm&r=g\",\"contentUrl\":\"https:\\\/\\\/secure.gravatar.com\\\/avatar\\\/ad6774b3ada023bf5b939d64f45c94b3adf91502dd883507d469b4308a943bb3?s=96&d=mm&r=g\",\"caption\":\"Exaudi Redazione\"},\"description\":\"Che cosa \u00e8 Exaudi News? Exaudi News \u00e8 un agenzia cattolica internazionale che informa, istruisce e trasforma quotidianamente in spagnolo, inglese e italiano. Attraverso notizie, articoli di analisi e trasmissioni in diretta degli eventi del Papa, Exaudi cerca di rafforzare l'unit\u00e0 dei cristiani e di contribuire all'evangelizzazione del mondo, sempre guidato dalla dottrina sociale della Chiesa. Lavoriamo per portare la verit\u00e0 e i valori cristiani in ogni angolo del pianeta. Aiutaci a trasformare il mondo con Exaudi! Noi di Exaudi crediamo che l'evangelizzazione e l'informazione di qualit\u00e0 possano cambiare la vita. Per continuare la nostra missione ed espandere la nostra portata, abbiamo bisogno del tuo aiuto. Stiamo anche cercando persone motivate che vogliano unirsi al nostro team. Grazie al vostro sostegno raggiungeremo pi\u00f9 persone, diffonderemo il messaggio di Cristo e rafforzeremo l'unit\u00e0 dei cristiani. Vuoi unirti alla nostra missione? Per maggiori informazioni su come contribuire, visita Exaudi.org\\\/it o contattaci direttamente: info@exaudi.org Exaudi: informa, forma e trasforma.\",\"sameAs\":[\"https:\\\/\\\/www.facebook.com\\\/ExaudiNotizie\\\/\",\"https:\\\/\\\/www.instagram.com\\\/Exaudi_notizie\\\/\",\"https:\\\/\\\/x.com\\\/Exaudi_Notizie\",\"https:\\\/\\\/www.youtube.com\\\/@exaudicatholicnews\"],\"url\":\"https:\\\/\\\/exaudi.org\\\/it\\\/author\\\/dlvedi-org\\\/\"}]}<\/script>\n<!-- \/ Yoast SEO plugin. -->","yoast_head_json":{"title":"La strada della preghiera di contemplazione &#8211; Exaudi","description":"Dedicata alla preghiera di contemplazione la catechesi del Papa in occasione dell'udienza del mercoled\u00ec. Nessuna contrapposizione con l'azione","robots":{"index":"index","follow":"follow","max-snippet":"max-snippet:-1","max-image-preview":"max-image-preview:large","max-video-preview":"max-video-preview:-1"},"canonical":"https:\/\/exaudi.org\/it\/la-strada-della-preghiera-di-contemplazione\/","og_locale":"it_IT","og_type":"article","og_title":"La strada della preghiera di contemplazione &#8211; Exaudi","og_description":"Dedicata alla preghiera di contemplazione la catechesi del Papa in occasione dell'udienza del mercoled\u00ec. Nessuna contrapposizione con l'azione","og_url":"https:\/\/exaudi.org\/it\/la-strada-della-preghiera-di-contemplazione\/","og_site_name":"Exaudi","article_publisher":"https:\/\/www.facebook.com\/ExaudiNews","article_author":"https:\/\/www.facebook.com\/ExaudiNotizie\/","article_published_time":"2021-05-05T11:40:20+00:00","article_modified_time":"2021-05-06T07:03:34+00:00","og_image":[{"width":2560,"height":2108,"url":"https:\/\/exaudi.org\/wp-content\/uploads\/2021\/05\/Papa-udienza-5-maggio-bis-scaled.jpg","type":"image\/jpeg"}],"author":"Exaudi Redazione","twitter_card":"summary_large_image","twitter_creator":"@Exaudi_Notizie","twitter_site":"@Exaudi_News","twitter_misc":{"Scritto da":"Exaudi Redazione","Tempo di lettura stimato":"5 minuti"},"schema":{"@context":"https:\/\/schema.org","@graph":[{"@type":"Article","@id":"https:\/\/exaudi.org\/it\/la-strada-della-preghiera-di-contemplazione\/#article","isPartOf":{"@id":"https:\/\/exaudi.org\/it\/la-strada-della-preghiera-di-contemplazione\/"},"author":{"name":"Exaudi Redazione","@id":"https:\/\/exaudi.org\/#\/schema\/person\/e1ab6ed07c01774724dd96f925f3a5f0"},"headline":"La strada della preghiera di contemplazione","datePublished":"2021-05-05T11:40:20+00:00","dateModified":"2021-05-06T07:03:34+00:00","mainEntityOfPage":{"@id":"https:\/\/exaudi.org\/it\/la-strada-della-preghiera-di-contemplazione\/"},"wordCount":1051,"image":{"@id":"https:\/\/exaudi.org\/it\/la-strada-della-preghiera-di-contemplazione\/#primaryimage"},"thumbnailUrl":"https:\/\/exaudi.org\/wp-content\/uploads\/2021\/05\/Papa-udienza-5-maggio-bis-scaled.jpg","keywords":["contemplazione","Papa Francesco","Pompei","preghiera","udienza generale"],"articleSection":["Featured News","Leone XIV","Udienza generale"],"inLanguage":"it-IT"},{"@type":"WebPage","@id":"https:\/\/exaudi.org\/it\/la-strada-della-preghiera-di-contemplazione\/","url":"https:\/\/exaudi.org\/it\/la-strada-della-preghiera-di-contemplazione\/","name":"La strada della preghiera di contemplazione &#8211; Exaudi","isPartOf":{"@id":"https:\/\/exaudi.org\/#website"},"primaryImageOfPage":{"@id":"https:\/\/exaudi.org\/it\/la-strada-della-preghiera-di-contemplazione\/#primaryimage"},"image":{"@id":"https:\/\/exaudi.org\/it\/la-strada-della-preghiera-di-contemplazione\/#primaryimage"},"thumbnailUrl":"https:\/\/exaudi.org\/wp-content\/uploads\/2021\/05\/Papa-udienza-5-maggio-bis-scaled.jpg","datePublished":"2021-05-05T11:40:20+00:00","dateModified":"2021-05-06T07:03:34+00:00","author":{"@id":"https:\/\/exaudi.org\/#\/schema\/person\/e1ab6ed07c01774724dd96f925f3a5f0"},"description":"Dedicata alla preghiera di contemplazione la catechesi del Papa in occasione dell'udienza del mercoled\u00ec. Nessuna contrapposizione con l'azione","breadcrumb":{"@id":"https:\/\/exaudi.org\/it\/la-strada-della-preghiera-di-contemplazione\/#breadcrumb"},"inLanguage":"it-IT","potentialAction":[{"@type":"ReadAction","target":["https:\/\/exaudi.org\/it\/la-strada-della-preghiera-di-contemplazione\/"]}]},{"@type":"ImageObject","inLanguage":"it-IT","@id":"https:\/\/exaudi.org\/it\/la-strada-della-preghiera-di-contemplazione\/#primaryimage","url":"https:\/\/exaudi.org\/wp-content\/uploads\/2021\/05\/Papa-udienza-5-maggio-bis-scaled.jpg","contentUrl":"https:\/\/exaudi.org\/wp-content\/uploads\/2021\/05\/Papa-udienza-5-maggio-bis-scaled.jpg","width":2560,"height":2108,"caption":"La benedizione del Papa \u00a9 Servizio Fotografico Vaticano"},{"@type":"BreadcrumbList","@id":"https:\/\/exaudi.org\/it\/la-strada-della-preghiera-di-contemplazione\/#breadcrumb","itemListElement":[{"@type":"ListItem","position":1,"name":"Portada","item":"https:\/\/exaudi.org\/it\/"},{"@type":"ListItem","position":2,"name":"La strada della preghiera di contemplazione"}]},{"@type":"WebSite","@id":"https:\/\/exaudi.org\/#website","url":"https:\/\/exaudi.org\/","name":"Exaudi","description":"News","potentialAction":[{"@type":"SearchAction","target":{"@type":"EntryPoint","urlTemplate":"https:\/\/exaudi.org\/?s={search_term_string}"},"query-input":{"@type":"PropertyValueSpecification","valueRequired":true,"valueName":"search_term_string"}}],"inLanguage":"it-IT"},{"@type":"Person","@id":"https:\/\/exaudi.org\/#\/schema\/person\/e1ab6ed07c01774724dd96f925f3a5f0","name":"Exaudi Redazione","image":{"@type":"ImageObject","inLanguage":"it-IT","@id":"https:\/\/secure.gravatar.com\/avatar\/ad6774b3ada023bf5b939d64f45c94b3adf91502dd883507d469b4308a943bb3?s=96&d=mm&r=g","url":"https:\/\/secure.gravatar.com\/avatar\/ad6774b3ada023bf5b939d64f45c94b3adf91502dd883507d469b4308a943bb3?s=96&d=mm&r=g","contentUrl":"https:\/\/secure.gravatar.com\/avatar\/ad6774b3ada023bf5b939d64f45c94b3adf91502dd883507d469b4308a943bb3?s=96&d=mm&r=g","caption":"Exaudi Redazione"},"description":"Che cosa \u00e8 Exaudi News? Exaudi News \u00e8 un agenzia cattolica internazionale che informa, istruisce e trasforma quotidianamente in spagnolo, inglese e italiano. Attraverso notizie, articoli di analisi e trasmissioni in diretta degli eventi del Papa, Exaudi cerca di rafforzare l'unit\u00e0 dei cristiani e di contribuire all'evangelizzazione del mondo, sempre guidato dalla dottrina sociale della Chiesa. Lavoriamo per portare la verit\u00e0 e i valori cristiani in ogni angolo del pianeta. Aiutaci a trasformare il mondo con Exaudi! Noi di Exaudi crediamo che l'evangelizzazione e l'informazione di qualit\u00e0 possano cambiare la vita. Per continuare la nostra missione ed espandere la nostra portata, abbiamo bisogno del tuo aiuto. Stiamo anche cercando persone motivate che vogliano unirsi al nostro team. Grazie al vostro sostegno raggiungeremo pi\u00f9 persone, diffonderemo il messaggio di Cristo e rafforzeremo l'unit\u00e0 dei cristiani. Vuoi unirti alla nostra missione? Per maggiori informazioni su come contribuire, visita Exaudi.org\/it o contattaci direttamente: info@exaudi.org Exaudi: informa, forma e trasforma.","sameAs":["https:\/\/www.facebook.com\/ExaudiNotizie\/","https:\/\/www.instagram.com\/Exaudi_notizie\/","https:\/\/x.com\/Exaudi_Notizie","https:\/\/www.youtube.com\/@exaudicatholicnews"],"url":"https:\/\/exaudi.org\/it\/author\/dlvedi-org\/"}]}},"jetpack_featured_media_url":"https:\/\/exaudi.org\/wp-content\/uploads\/2021\/05\/Papa-udienza-5-maggio-bis-scaled.jpg","jetpack_shortlink":"https:\/\/wp.me\/pgKjF2-3Yc","_links":{"self":[{"href":"https:\/\/exaudi.org\/it\/wp-json\/wp\/v2\/posts\/15264","targetHints":{"allow":["GET"]}}],"collection":[{"href":"https:\/\/exaudi.org\/it\/wp-json\/wp\/v2\/posts"}],"about":[{"href":"https:\/\/exaudi.org\/it\/wp-json\/wp\/v2\/types\/post"}],"author":[{"embeddable":true,"href":"https:\/\/exaudi.org\/it\/wp-json\/wp\/v2\/users\/17"}],"replies":[{"embeddable":true,"href":"https:\/\/exaudi.org\/it\/wp-json\/wp\/v2\/comments?post=15264"}],"version-history":[{"count":0,"href":"https:\/\/exaudi.org\/it\/wp-json\/wp\/v2\/posts\/15264\/revisions"}],"wp:featuredmedia":[{"embeddable":true,"href":"https:\/\/exaudi.org\/it\/wp-json\/wp\/v2\/media\/15288"}],"wp:attachment":[{"href":"https:\/\/exaudi.org\/it\/wp-json\/wp\/v2\/media?parent=15264"}],"wp:term":[{"taxonomy":"category","embeddable":true,"href":"https:\/\/exaudi.org\/it\/wp-json\/wp\/v2\/categories?post=15264"},{"taxonomy":"post_tag","embeddable":true,"href":"https:\/\/exaudi.org\/it\/wp-json\/wp\/v2\/tags?post=15264"}],"curies":[{"name":"wp","href":"https:\/\/api.w.org\/{rel}","templated":true}]}}