{"id":152627,"date":"2026-01-06T16:41:11","date_gmt":"2026-01-06T15:41:11","guid":{"rendered":"https:\/\/exaudi.org\/?p=152627"},"modified":"2026-01-06T16:41:11","modified_gmt":"2026-01-06T15:41:11","slug":"e-bello-farsi-pellegrini-della-speranza-leone-xiv-chiude-lanno-giubilare-nellepifania","status":"publish","type":"post","link":"https:\/\/exaudi.org\/it\/e-bello-farsi-pellegrini-della-speranza-leone-xiv-chiude-lanno-giubilare-nellepifania\/","title":{"rendered":"\u201c\u00c8 bello farsi pellegrini della speranza\u201d: Leone XIV chiude l&#8217;Anno Giubilare nell&#8217;Epifania"},"content":{"rendered":"<p>Papa Leone XIV ha presieduto questa mattina nella Basilica di San Pietro la Santa Messa per la Solennit\u00e0 dell&#8217;Epifania del Signore, che ha coinciso con la chiusura definitiva della Porta Santa, concludendo l&#8217;Anno Giubilare della Speranza. Migliaia di fedeli e pellegrini hanno riempito Piazza San Pietro e la Basilica Vaticana per assistere alla conclusione di questo straordinario tempo di grazia, iniziato dal suo predecessore e concluso sotto il suo pontificato.<\/p>\n<p>Nell&#8217;omelia, il Santo Padre ha riflettuto sul Vangelo dei Magi (Mt 2,1-12), evidenziando i contrasti presenti nella manifestazione di Dio: l&#8217;immensa gioia dei Magi alla vista della stella e il turbamento di Erode e Gerusalemme. \u00abNella Sua presenza, nulla rimane immutato. Questo \u00e8 l&#8217;inizio della speranza\u00bb, afferm\u00f2 Leone XIV, citando il profeta Isaia: \u00abAlzati, rivestiti di luce, perch\u00e9 viene la tua luce, la gloria del Signore brilla sopra di te!\u00bb.<\/p>\n<p>Il Papa interrog\u00f2 la Chiesa sulla sua capacit\u00e0 di accogliere i \u201cmagi\u201d contemporanei: quei milioni di pellegrini che, durante il Giubileo, varcarono le soglie delle Porte Sante in ricerca spirituale. \u00abCosa hanno trovato? Quali cuori, quale attenzione, quale reciprocit\u00e0?\u00bb, si chiese, ricordando che l&#8217;essere umano \u00e8 \u201chomo viator\u201d, pellegrino in continuo cammino.<\/p>\n<p>Con tono solenne, mise in guardia dai timori che, come nel caso di Erode, portano alla manipolazione e all&#8217;aggressione, e invit\u00f2 a proteggere la fragilit\u00e0 del Regno che sta nascendo, piccolo e delicato come un bambino. \u00abAmare la pace significa proteggere ci\u00f2 che \u00e8 santo e che, proprio per questo, sta nascendo\u00bb, sottoline\u00f2, criticando un&#8217;economia che trasforma la sete di ricerca in mero business.<\/p>\n<p>Leone XIV ha concluso invitando le comunit\u00e0 cristiane a non ridursi a semplici monumenti, ma a diventare case vive dove germoglia la speranza. \u00abSe, uniti, respingeremo le lusinghe dei potenti, saremo la generazione dell&#8217;aurora. Maria, Stella del mattino, camminer\u00e0 sempre davanti a noi\u00bb.<\/p>\n<p>Al termine della Messa, il Papa ha impartito la Benedizione Apostolica, mentre i fedeli acclamavano il successore di Pietro in questo giorno che segna la manifestazione del Signore a tutte le genti. Con la chiusura della Porta Santa, si conclude un capitolo di grazia, ma, come ha ricordato il Pontefice, \u00abil Signore vuole crescere tra noi\u00bb e il pellegrinaggio della Chiesa continua.<\/p>\n<p><strong>Testo completo dell&#8217;omelia:<\/strong><\/p>\n<div class=\"abstract text parbase vaticanrichtext\">\n<p><span class=\"color-text\">SOLENNIT\u00c0 DELL&#8217;EPIFANIA DEL SIGNORE \u2013<br \/>\nCHIUSURA DELLA PORTA SANTA E SANTA MESSA<\/span><\/p>\n<p><b>CAPPELLA PAPALE<\/b><\/p>\n<p><b><i><span class=\"title-1-color\">OMELIA DEL SANTO PADRE LEONE XIV<\/span><\/i><\/b><\/p>\n<p><i><span class=\"color-text\">Basilica di San Pietro<br \/>\nMarted\u00ec, 6 gennaio 2026<\/span><\/i><\/p>\n<p>&nbsp;<\/p>\n<p>_________________________<\/p>\n<div class=\"clearfix\"><\/div>\n<\/div>\n<div class=\"text parbase vaticanrichtext\">\n<p><i>Cari fratelli e sorelle,<\/i><\/p>\n<p>il Vangelo (cfr\u00a0<i>Mt<\/i>\u00a02,1-12) ci ha descritto la grandissima gioia dei Magi nel rivedere la stella (cfr v. 10), ma anche il turbamento provato da Erode e da tutta Gerusalemme davanti alla loro ricerca (cfr v. 3). Ogni volta che si tratta delle manifestazioni di Dio, la Sacra Scrittura non nasconde questo tipo di contrasti: gioia e turbamento, resistenza e obbedienza, paura e desiderio. Celebriamo oggi l\u2019Epifania del Signore, consapevoli che in sua presenza nulla rimane come prima. Questo \u00e8 l\u2019inizio della speranza. Dio si rivela e nulla pu\u00f2 restare fermo. Finisce un certo tipo di tranquillit\u00e0, quella che fa ripetere ai malinconici: \u00abNon c\u2019\u00e8 niente di nuovo sotto il sole\u00bb (<i>Qo<\/i>\u00a01,9). Inizia qualcosa da cui dipendono il presente e il futuro, come annuncia il Profeta: \u00abAlzati, rivestiti di luce, perch\u00e9 viene la tua luce, la gloria del Signore brilla sopra di te\u00bb (<i>Is<\/i>\u00a060,1).<\/p>\n<p>Sorprende il fatto che a essere turbata sia proprio Gerusalemme, citt\u00e0 testimone di tanti nuovi inizi. Al suo interno, proprio chi studia le Scritture e pensa di avere tutte le risposte sembra aver perso la capacit\u00e0 di porsi domande e di coltivare desideri. Anzi, la citt\u00e0 \u00e8 spaventata da chi viene a essa da lontano, mosso dalla speranza, al punto da avvertire una minaccia in ci\u00f2 che dovrebbe al contrario darle molta gioia. Questa reazione interpella anche noi, come Chiesa.<\/p>\n<p>La Porta Santa di questa Basilica, che, ultima, oggi \u00e8 stata chiusa, ha conosciuto il flusso di innumerevoli uomini e donne, pellegrini di speranza, in cammino verso la Citt\u00e0 dalle porte sempre aperte, la Gerusalemme nuova (cfr\u00a0<i>Ap<\/i>\u00a021,25). Chi erano e che cosa li muoveva? Ci interroga con particolare seriet\u00e0, al termine dell\u2019Anno giubilare, la ricerca spirituale dei nostri contemporanei, molto pi\u00f9 ricca di quanto forse possiamo comprendere. Milioni di loro hanno varcato la soglia della Chiesa. Che cosa hanno trovato? Quali cuori, quale attenzione, quale corrispondenza? S\u00ec, i Magi esistono ancora. Sono persone che accettano la sfida di rischiare ciascuno il proprio viaggio, che in un mondo travagliato come il nostro, per molti aspetti respingente e pericoloso, sentono l\u2019esigenza di andare, di cercare.<\/p>\n<p><i>Homo viator<\/i>, dicevano gli antichi. Siamo vite in cammino. Il Vangelo impegna la Chiesa a non temere tale dinamismo, ma ad apprezzarlo e a orientarlo verso il Dio che lo suscita. \u00c8 un Dio che ci pu\u00f2 turbare, perch\u00e9 non sta fermo nelle nostre mani come gli idoli d\u2019argento e d\u2019oro: \u00e8 invece vivo e vivificante, come quel Bambino che Maria si trov\u00f2 fra le braccia e i Magi adorarono. Luoghi santi come le Cattedrali, le Basiliche, i Santuari, divenuti meta di pellegrinaggio giubilare, devono diffondere il profumo della vita, l\u2019impressione incancellabile che un altro mondo \u00e8 iniziato.<\/p>\n<p>Chiediamoci: c\u2019\u00e8 vita nella nostra Chiesa? C\u2019\u00e8 spazio per ci\u00f2 che nasce? Amiamo e annunciamo un Dio che rimette in cammino?<\/p>\n<p>Nel racconto, Erode teme per il suo trono, si agita per ci\u00f2 che sente fuori dal suo controllo. Prova ad approfittare del desiderio dei Magi e cerca di piegare la loro ricerca a proprio vantaggio. \u00c8 pronto a mentire, \u00e8 disposto a tutto; la paura, infatti, accieca. La gioia del Vangelo, invece, libera: rende prudenti, s\u00ec, ma anche audaci, attenti e creativi; suggerisce vie diverse da quelle gi\u00e0 percorse.<\/p>\n<p>I Magi portano a Gerusalemme una domanda semplice ed essenziale: \u00abDov\u2019\u00e8 Colui che \u00e8 nato?\u00bb (<i>Mt<\/i>\u00a02,2). Quanto \u00e8 importante che chi varca la porta della Chiesa avverta che il Messia vi \u00e8 appena nato, che l\u00ec si raduna una comunit\u00e0 in cui \u00e8 sorta la speranza, che l\u00ec \u00e8 in atto una storia di vita! Il Giubileo \u00e8 venuto a ricordarci che si pu\u00f2 ricominciare, anzi che siamo ancora agli inizi, che il Signore vuole crescere fra di noi, vuol\u2019essere il Dio-con-noi. S\u00ec, Dio mette in questione l\u2019ordine esistente: ha sogni che ispira anche oggi ai suoi profeti; \u00e8 determinato a riscattarci da antiche e nuove schiavit\u00f9; coinvolge giovani e anziani, poveri e ricchi, uomini e donne, santi e peccatori nelle sue opere di misericordia, nelle meraviglie della sua giustizia. Non fa rumore, ma il suo Regno germoglia gi\u00e0 ovunque nel mondo.<\/p>\n<p>Quante epifanie ci sono donate o stanno per esserci donate! Vanno per\u00f2 sottratte alle intenzioni di Erode, a paure sempre pronte a trasformarsi in aggressione. \u00abDai giorni di Giovanni il Battista fino ad ora, il regno dei cieli subisce violenza e i violenti se ne impadroniscono\u00bb (<i>Mt<\/i>\u00a011,12). Questa misteriosa espressione di Ges\u00f9, riportata nel Vangelo di Matteo, non pu\u00f2 non farci pensare a tanti conflitti con cui gli uomini possono resistere e persino colpire il Nuovo che Dio ha in serbo per tutti. Amare la pace, cercare la pace, significa proteggere ci\u00f2 che \u00e8 santo e proprio per questo \u00e8 nascente: piccolo, delicato, fragile come un bambino. Attorno a noi, un\u2019economia distorta prova a trarre da tutto profitto. Lo vediamo: il mercato trasforma in affari anche la sete umana di cercare, di viaggiare, di ricominciare. Chiediamoci: ci ha educato il Giubileo a fuggire quel tipo di efficienza che riduce ogni cosa a prodotto e l\u2019essere umano a consumatore? Dopo quest\u2019anno, saremo pi\u00f9 capaci di riconoscere nel visitatore un pellegrino, nello sconosciuto un cercatore, nel lontano un vicino, nel diverso un compagno di viaggio?<\/p>\n<p>Il modo in cui Ges\u00f9 ha incontrato tutti e da tutti si \u00e8 lasciato avvicinare ci insegna a stimare il segreto dei cuori che Lui solo sa leggere. Con lui impariamo a cogliere i segni dei tempi (cfr Conc. Ecum. Vat. II, Cost. past.\u00a0<i><a href=\"https:\/\/www.vatican.va\/archive\/hist_councils\/ii_vatican_council\/documents\/vat-ii_const_19651207_gaudium-et-spes_it.html\">Gaudium et spes<\/a><\/i>, 4). Nessuno pu\u00f2 venderci questo. Il Bambino che i Magi adorano \u00e8 un Bene senza prezzo e senza misura. \u00c8 l\u2019Epifania della gratuit\u00e0. Non ci attende nelle \u201c<i>location<\/i>\u201d prestigiose, ma nelle realt\u00e0 umili. \u00abE tu, Betlemme, terra di Giuda, non sei davvero l\u2019ultima delle citt\u00e0 principali di Giuda\u00bb (<i>Mt<\/i>\u00a02,6). Quante citt\u00e0, quante comunit\u00e0 hanno bisogno di sentirsi dire: \u201cNon sei davvero l\u2019ultima\u201d. S\u00ec, il Signore ci sorprende ancora! Si fa trovare. Le sue vie non sono le nostre vie, e i violenti non riescono a dominarle, n\u00e9 i poteri del mondo possono bloccarle. Di qui la gioia grandissima dei Magi che si lasciano alle spalle la reggia e il tempio ed escono verso Betlemme: \u00e8 allora che rivedono la stella!<\/p>\n<p>Per questo, cari fratelli e sorelle, \u00e8 bello diventare pellegrini di speranza. Ed \u00e8 bello continuare a esserlo, insieme! La fedelt\u00e0 di Dio ci stupir\u00e0 ancora. Se non ridurremo a monumenti le nostre chiese, se saranno case le nostre comunit\u00e0, se resisteremo uniti alle lusinghe dei potenti, allora saremo la generazione dell\u2019aurora. Maria, Stella del mattino, camminer\u00e0 sempre davanti a noi! Nel suo Figlio contempleremo e serviremo una magnifica umanit\u00e0, trasformata non da deliri di onnipotenza, ma dal Dio che per amore si \u00e8 fatto carne.<\/p>\n<\/div>\n","protected":false},"excerpt":{"rendered":"<p>Il Papa esorta la Chiesa ad accogliere i \u201cMagi contemporanei\u201d e a custodire la fragilit\u00e0 del Regno che nasce in un mondo travagliato<\/p>\n","protected":false},"author":17,"featured_media":152605,"comment_status":"closed","ping_status":"closed","sticky":false,"template":"","format":"standard","meta":{"_acf_changed":false,"_crdt_document":"","inline_featured_image":false,"footnotes":""},"categories":[67,113],"tags":[64851,64910,6372,58164,4952],"class_list":["post-152627","post","type-post","status-publish","format-standard","has-post-thumbnail","hentry","category-leone-xiv","category-omelie","tag-featured-it-2","tag-leone-xiv-it","tag-omelia","tag-papa-leone-xiv","tag-trending-it"],"acf":[],"yoast_head":"<!-- This site is optimized with the Yoast SEO plugin v27.4 - https:\/\/yoast.com\/product\/yoast-seo-wordpress\/ -->\n<title>\u201c\u00c8 bello farsi pellegrini della speranza\u201d: Leone XIV chiude l&#039;Anno Giubilare nell&#039;Epifania &#8211; Exaudi<\/title>\n<meta name=\"robots\" content=\"index, follow, max-snippet:-1, max-image-preview:large, max-video-preview:-1\" \/>\n<link rel=\"canonical\" href=\"https:\/\/exaudi.org\/it\/e-bello-farsi-pellegrini-della-speranza-leone-xiv-chiude-lanno-giubilare-nellepifania\/\" \/>\n<meta property=\"og:locale\" content=\"it_IT\" \/>\n<meta property=\"og:type\" content=\"article\" \/>\n<meta property=\"og:title\" content=\"\u201c\u00c8 bello farsi pellegrini della speranza\u201d: Leone XIV chiude l&#039;Anno Giubilare nell&#039;Epifania &#8211; Exaudi\" \/>\n<meta property=\"og:description\" content=\"Il Papa esorta la Chiesa ad accogliere i \u201cMagi contemporanei\u201d e a custodire la fragilit\u00e0 del Regno che nasce in un mondo travagliato\" \/>\n<meta property=\"og:url\" content=\"https:\/\/exaudi.org\/it\/e-bello-farsi-pellegrini-della-speranza-leone-xiv-chiude-lanno-giubilare-nellepifania\/\" \/>\n<meta property=\"og:site_name\" content=\"Exaudi\" \/>\n<meta property=\"article:publisher\" content=\"https:\/\/www.facebook.com\/ExaudiNews\" \/>\n<meta property=\"article:author\" content=\"https:\/\/www.facebook.com\/ExaudiNotizie\/\" \/>\n<meta property=\"article:published_time\" content=\"2026-01-06T15:41:11+00:00\" \/>\n<meta property=\"og:image\" content=\"https:\/\/exaudi.org\/wp-content\/uploads\/2026\/01\/SaveClip.App_612030386_18550788910041022_1073457719498969270_n.jpg\" \/>\n\t<meta property=\"og:image:width\" content=\"1080\" \/>\n\t<meta property=\"og:image:height\" content=\"1440\" \/>\n\t<meta property=\"og:image:type\" content=\"image\/jpeg\" \/>\n<meta name=\"author\" content=\"Exaudi Redazione\" \/>\n<meta name=\"twitter:card\" content=\"summary_large_image\" \/>\n<meta name=\"twitter:creator\" content=\"@Exaudi_Notizie\" \/>\n<meta name=\"twitter:site\" content=\"@Exaudi_News\" \/>\n<meta name=\"twitter:label1\" content=\"Scritto da\" \/>\n\t<meta name=\"twitter:data1\" content=\"Exaudi Redazione\" \/>\n\t<meta name=\"twitter:label2\" content=\"Tempo di lettura stimato\" \/>\n\t<meta name=\"twitter:data2\" content=\"7 minuti\" \/>\n<script type=\"application\/ld+json\" class=\"yoast-schema-graph\">{\"@context\":\"https:\\\/\\\/schema.org\",\"@graph\":[{\"@type\":\"Article\",\"@id\":\"https:\\\/\\\/exaudi.org\\\/it\\\/e-bello-farsi-pellegrini-della-speranza-leone-xiv-chiude-lanno-giubilare-nellepifania\\\/#article\",\"isPartOf\":{\"@id\":\"https:\\\/\\\/exaudi.org\\\/it\\\/e-bello-farsi-pellegrini-della-speranza-leone-xiv-chiude-lanno-giubilare-nellepifania\\\/\"},\"author\":{\"name\":\"Exaudi Redazione\",\"@id\":\"https:\\\/\\\/exaudi.org\\\/#\\\/schema\\\/person\\\/e1ab6ed07c01774724dd96f925f3a5f0\"},\"headline\":\"\u201c\u00c8 bello farsi pellegrini della speranza\u201d: Leone XIV chiude l&#8217;Anno Giubilare nell&#8217;Epifania\",\"datePublished\":\"2026-01-06T15:41:11+00:00\",\"mainEntityOfPage\":{\"@id\":\"https:\\\/\\\/exaudi.org\\\/it\\\/e-bello-farsi-pellegrini-della-speranza-leone-xiv-chiude-lanno-giubilare-nellepifania\\\/\"},\"wordCount\":1519,\"image\":{\"@id\":\"https:\\\/\\\/exaudi.org\\\/it\\\/e-bello-farsi-pellegrini-della-speranza-leone-xiv-chiude-lanno-giubilare-nellepifania\\\/#primaryimage\"},\"thumbnailUrl\":\"https:\\\/\\\/exaudi.org\\\/wp-content\\\/uploads\\\/2026\\\/01\\\/SaveClip.App_612030386_18550788910041022_1073457719498969270_n.jpg\",\"keywords\":[\"Featured\",\"Leone XIV\",\"Omelia\",\"Papa Leone XIV\",\"Trending\"],\"articleSection\":[\"Leone XIV\",\"Omelie\"],\"inLanguage\":\"it-IT\"},{\"@type\":\"WebPage\",\"@id\":\"https:\\\/\\\/exaudi.org\\\/it\\\/e-bello-farsi-pellegrini-della-speranza-leone-xiv-chiude-lanno-giubilare-nellepifania\\\/\",\"url\":\"https:\\\/\\\/exaudi.org\\\/it\\\/e-bello-farsi-pellegrini-della-speranza-leone-xiv-chiude-lanno-giubilare-nellepifania\\\/\",\"name\":\"\u201c\u00c8 bello farsi pellegrini della speranza\u201d: Leone XIV chiude l'Anno Giubilare nell'Epifania &#8211; Exaudi\",\"isPartOf\":{\"@id\":\"https:\\\/\\\/exaudi.org\\\/#website\"},\"primaryImageOfPage\":{\"@id\":\"https:\\\/\\\/exaudi.org\\\/it\\\/e-bello-farsi-pellegrini-della-speranza-leone-xiv-chiude-lanno-giubilare-nellepifania\\\/#primaryimage\"},\"image\":{\"@id\":\"https:\\\/\\\/exaudi.org\\\/it\\\/e-bello-farsi-pellegrini-della-speranza-leone-xiv-chiude-lanno-giubilare-nellepifania\\\/#primaryimage\"},\"thumbnailUrl\":\"https:\\\/\\\/exaudi.org\\\/wp-content\\\/uploads\\\/2026\\\/01\\\/SaveClip.App_612030386_18550788910041022_1073457719498969270_n.jpg\",\"datePublished\":\"2026-01-06T15:41:11+00:00\",\"author\":{\"@id\":\"https:\\\/\\\/exaudi.org\\\/#\\\/schema\\\/person\\\/e1ab6ed07c01774724dd96f925f3a5f0\"},\"breadcrumb\":{\"@id\":\"https:\\\/\\\/exaudi.org\\\/it\\\/e-bello-farsi-pellegrini-della-speranza-leone-xiv-chiude-lanno-giubilare-nellepifania\\\/#breadcrumb\"},\"inLanguage\":\"it-IT\",\"potentialAction\":[{\"@type\":\"ReadAction\",\"target\":[\"https:\\\/\\\/exaudi.org\\\/it\\\/e-bello-farsi-pellegrini-della-speranza-leone-xiv-chiude-lanno-giubilare-nellepifania\\\/\"]}]},{\"@type\":\"ImageObject\",\"inLanguage\":\"it-IT\",\"@id\":\"https:\\\/\\\/exaudi.org\\\/it\\\/e-bello-farsi-pellegrini-della-speranza-leone-xiv-chiude-lanno-giubilare-nellepifania\\\/#primaryimage\",\"url\":\"https:\\\/\\\/exaudi.org\\\/wp-content\\\/uploads\\\/2026\\\/01\\\/SaveClip.App_612030386_18550788910041022_1073457719498969270_n.jpg\",\"contentUrl\":\"https:\\\/\\\/exaudi.org\\\/wp-content\\\/uploads\\\/2026\\\/01\\\/SaveClip.App_612030386_18550788910041022_1073457719498969270_n.jpg\",\"width\":1080,\"height\":1440},{\"@type\":\"BreadcrumbList\",\"@id\":\"https:\\\/\\\/exaudi.org\\\/it\\\/e-bello-farsi-pellegrini-della-speranza-leone-xiv-chiude-lanno-giubilare-nellepifania\\\/#breadcrumb\",\"itemListElement\":[{\"@type\":\"ListItem\",\"position\":1,\"name\":\"Portada\",\"item\":\"https:\\\/\\\/exaudi.org\\\/it\\\/\"},{\"@type\":\"ListItem\",\"position\":2,\"name\":\"\u201c\u00c8 bello farsi pellegrini della speranza\u201d: Leone XIV chiude l&#8217;Anno Giubilare nell&#8217;Epifania\"}]},{\"@type\":\"WebSite\",\"@id\":\"https:\\\/\\\/exaudi.org\\\/#website\",\"url\":\"https:\\\/\\\/exaudi.org\\\/\",\"name\":\"Exaudi\",\"description\":\"News\",\"potentialAction\":[{\"@type\":\"SearchAction\",\"target\":{\"@type\":\"EntryPoint\",\"urlTemplate\":\"https:\\\/\\\/exaudi.org\\\/?s={search_term_string}\"},\"query-input\":{\"@type\":\"PropertyValueSpecification\",\"valueRequired\":true,\"valueName\":\"search_term_string\"}}],\"inLanguage\":\"it-IT\"},{\"@type\":\"Person\",\"@id\":\"https:\\\/\\\/exaudi.org\\\/#\\\/schema\\\/person\\\/e1ab6ed07c01774724dd96f925f3a5f0\",\"name\":\"Exaudi Redazione\",\"image\":{\"@type\":\"ImageObject\",\"inLanguage\":\"it-IT\",\"@id\":\"https:\\\/\\\/secure.gravatar.com\\\/avatar\\\/ad6774b3ada023bf5b939d64f45c94b3adf91502dd883507d469b4308a943bb3?s=96&d=mm&r=g\",\"url\":\"https:\\\/\\\/secure.gravatar.com\\\/avatar\\\/ad6774b3ada023bf5b939d64f45c94b3adf91502dd883507d469b4308a943bb3?s=96&d=mm&r=g\",\"contentUrl\":\"https:\\\/\\\/secure.gravatar.com\\\/avatar\\\/ad6774b3ada023bf5b939d64f45c94b3adf91502dd883507d469b4308a943bb3?s=96&d=mm&r=g\",\"caption\":\"Exaudi Redazione\"},\"description\":\"Che cosa \u00e8 Exaudi News? Exaudi News \u00e8 un agenzia cattolica internazionale che informa, istruisce e trasforma quotidianamente in spagnolo, inglese e italiano. Attraverso notizie, articoli di analisi e trasmissioni in diretta degli eventi del Papa, Exaudi cerca di rafforzare l'unit\u00e0 dei cristiani e di contribuire all'evangelizzazione del mondo, sempre guidato dalla dottrina sociale della Chiesa. Lavoriamo per portare la verit\u00e0 e i valori cristiani in ogni angolo del pianeta. Aiutaci a trasformare il mondo con Exaudi! Noi di Exaudi crediamo che l'evangelizzazione e l'informazione di qualit\u00e0 possano cambiare la vita. Per continuare la nostra missione ed espandere la nostra portata, abbiamo bisogno del tuo aiuto. Stiamo anche cercando persone motivate che vogliano unirsi al nostro team. Grazie al vostro sostegno raggiungeremo pi\u00f9 persone, diffonderemo il messaggio di Cristo e rafforzeremo l'unit\u00e0 dei cristiani. Vuoi unirti alla nostra missione? Per maggiori informazioni su come contribuire, visita Exaudi.org\\\/it o contattaci direttamente: info@exaudi.org Exaudi: informa, forma e trasforma.\",\"sameAs\":[\"https:\\\/\\\/www.facebook.com\\\/ExaudiNotizie\\\/\",\"https:\\\/\\\/www.instagram.com\\\/Exaudi_notizie\\\/\",\"https:\\\/\\\/x.com\\\/Exaudi_Notizie\",\"https:\\\/\\\/www.youtube.com\\\/@exaudicatholicnews\"],\"url\":\"https:\\\/\\\/exaudi.org\\\/it\\\/author\\\/dlvedi-org\\\/\"}]}<\/script>\n<!-- \/ Yoast SEO plugin. -->","yoast_head_json":{"title":"\u201c\u00c8 bello farsi pellegrini della speranza\u201d: Leone XIV chiude l'Anno Giubilare nell'Epifania &#8211; Exaudi","robots":{"index":"index","follow":"follow","max-snippet":"max-snippet:-1","max-image-preview":"max-image-preview:large","max-video-preview":"max-video-preview:-1"},"canonical":"https:\/\/exaudi.org\/it\/e-bello-farsi-pellegrini-della-speranza-leone-xiv-chiude-lanno-giubilare-nellepifania\/","og_locale":"it_IT","og_type":"article","og_title":"\u201c\u00c8 bello farsi pellegrini della speranza\u201d: Leone XIV chiude l'Anno Giubilare nell'Epifania &#8211; Exaudi","og_description":"Il Papa esorta la Chiesa ad accogliere i \u201cMagi contemporanei\u201d e a custodire la fragilit\u00e0 del Regno che nasce in un mondo travagliato","og_url":"https:\/\/exaudi.org\/it\/e-bello-farsi-pellegrini-della-speranza-leone-xiv-chiude-lanno-giubilare-nellepifania\/","og_site_name":"Exaudi","article_publisher":"https:\/\/www.facebook.com\/ExaudiNews","article_author":"https:\/\/www.facebook.com\/ExaudiNotizie\/","article_published_time":"2026-01-06T15:41:11+00:00","og_image":[{"width":1080,"height":1440,"url":"https:\/\/exaudi.org\/wp-content\/uploads\/2026\/01\/SaveClip.App_612030386_18550788910041022_1073457719498969270_n.jpg","type":"image\/jpeg"}],"author":"Exaudi Redazione","twitter_card":"summary_large_image","twitter_creator":"@Exaudi_Notizie","twitter_site":"@Exaudi_News","twitter_misc":{"Scritto da":"Exaudi Redazione","Tempo di lettura stimato":"7 minuti"},"schema":{"@context":"https:\/\/schema.org","@graph":[{"@type":"Article","@id":"https:\/\/exaudi.org\/it\/e-bello-farsi-pellegrini-della-speranza-leone-xiv-chiude-lanno-giubilare-nellepifania\/#article","isPartOf":{"@id":"https:\/\/exaudi.org\/it\/e-bello-farsi-pellegrini-della-speranza-leone-xiv-chiude-lanno-giubilare-nellepifania\/"},"author":{"name":"Exaudi Redazione","@id":"https:\/\/exaudi.org\/#\/schema\/person\/e1ab6ed07c01774724dd96f925f3a5f0"},"headline":"\u201c\u00c8 bello farsi pellegrini della speranza\u201d: Leone XIV chiude l&#8217;Anno Giubilare nell&#8217;Epifania","datePublished":"2026-01-06T15:41:11+00:00","mainEntityOfPage":{"@id":"https:\/\/exaudi.org\/it\/e-bello-farsi-pellegrini-della-speranza-leone-xiv-chiude-lanno-giubilare-nellepifania\/"},"wordCount":1519,"image":{"@id":"https:\/\/exaudi.org\/it\/e-bello-farsi-pellegrini-della-speranza-leone-xiv-chiude-lanno-giubilare-nellepifania\/#primaryimage"},"thumbnailUrl":"https:\/\/exaudi.org\/wp-content\/uploads\/2026\/01\/SaveClip.App_612030386_18550788910041022_1073457719498969270_n.jpg","keywords":["Featured","Leone XIV","Omelia","Papa Leone XIV","Trending"],"articleSection":["Leone XIV","Omelie"],"inLanguage":"it-IT"},{"@type":"WebPage","@id":"https:\/\/exaudi.org\/it\/e-bello-farsi-pellegrini-della-speranza-leone-xiv-chiude-lanno-giubilare-nellepifania\/","url":"https:\/\/exaudi.org\/it\/e-bello-farsi-pellegrini-della-speranza-leone-xiv-chiude-lanno-giubilare-nellepifania\/","name":"\u201c\u00c8 bello farsi pellegrini della speranza\u201d: Leone XIV chiude l'Anno Giubilare nell'Epifania &#8211; Exaudi","isPartOf":{"@id":"https:\/\/exaudi.org\/#website"},"primaryImageOfPage":{"@id":"https:\/\/exaudi.org\/it\/e-bello-farsi-pellegrini-della-speranza-leone-xiv-chiude-lanno-giubilare-nellepifania\/#primaryimage"},"image":{"@id":"https:\/\/exaudi.org\/it\/e-bello-farsi-pellegrini-della-speranza-leone-xiv-chiude-lanno-giubilare-nellepifania\/#primaryimage"},"thumbnailUrl":"https:\/\/exaudi.org\/wp-content\/uploads\/2026\/01\/SaveClip.App_612030386_18550788910041022_1073457719498969270_n.jpg","datePublished":"2026-01-06T15:41:11+00:00","author":{"@id":"https:\/\/exaudi.org\/#\/schema\/person\/e1ab6ed07c01774724dd96f925f3a5f0"},"breadcrumb":{"@id":"https:\/\/exaudi.org\/it\/e-bello-farsi-pellegrini-della-speranza-leone-xiv-chiude-lanno-giubilare-nellepifania\/#breadcrumb"},"inLanguage":"it-IT","potentialAction":[{"@type":"ReadAction","target":["https:\/\/exaudi.org\/it\/e-bello-farsi-pellegrini-della-speranza-leone-xiv-chiude-lanno-giubilare-nellepifania\/"]}]},{"@type":"ImageObject","inLanguage":"it-IT","@id":"https:\/\/exaudi.org\/it\/e-bello-farsi-pellegrini-della-speranza-leone-xiv-chiude-lanno-giubilare-nellepifania\/#primaryimage","url":"https:\/\/exaudi.org\/wp-content\/uploads\/2026\/01\/SaveClip.App_612030386_18550788910041022_1073457719498969270_n.jpg","contentUrl":"https:\/\/exaudi.org\/wp-content\/uploads\/2026\/01\/SaveClip.App_612030386_18550788910041022_1073457719498969270_n.jpg","width":1080,"height":1440},{"@type":"BreadcrumbList","@id":"https:\/\/exaudi.org\/it\/e-bello-farsi-pellegrini-della-speranza-leone-xiv-chiude-lanno-giubilare-nellepifania\/#breadcrumb","itemListElement":[{"@type":"ListItem","position":1,"name":"Portada","item":"https:\/\/exaudi.org\/it\/"},{"@type":"ListItem","position":2,"name":"\u201c\u00c8 bello farsi pellegrini della speranza\u201d: Leone XIV chiude l&#8217;Anno Giubilare nell&#8217;Epifania"}]},{"@type":"WebSite","@id":"https:\/\/exaudi.org\/#website","url":"https:\/\/exaudi.org\/","name":"Exaudi","description":"News","potentialAction":[{"@type":"SearchAction","target":{"@type":"EntryPoint","urlTemplate":"https:\/\/exaudi.org\/?s={search_term_string}"},"query-input":{"@type":"PropertyValueSpecification","valueRequired":true,"valueName":"search_term_string"}}],"inLanguage":"it-IT"},{"@type":"Person","@id":"https:\/\/exaudi.org\/#\/schema\/person\/e1ab6ed07c01774724dd96f925f3a5f0","name":"Exaudi Redazione","image":{"@type":"ImageObject","inLanguage":"it-IT","@id":"https:\/\/secure.gravatar.com\/avatar\/ad6774b3ada023bf5b939d64f45c94b3adf91502dd883507d469b4308a943bb3?s=96&d=mm&r=g","url":"https:\/\/secure.gravatar.com\/avatar\/ad6774b3ada023bf5b939d64f45c94b3adf91502dd883507d469b4308a943bb3?s=96&d=mm&r=g","contentUrl":"https:\/\/secure.gravatar.com\/avatar\/ad6774b3ada023bf5b939d64f45c94b3adf91502dd883507d469b4308a943bb3?s=96&d=mm&r=g","caption":"Exaudi Redazione"},"description":"Che cosa \u00e8 Exaudi News? Exaudi News \u00e8 un agenzia cattolica internazionale che informa, istruisce e trasforma quotidianamente in spagnolo, inglese e italiano. Attraverso notizie, articoli di analisi e trasmissioni in diretta degli eventi del Papa, Exaudi cerca di rafforzare l'unit\u00e0 dei cristiani e di contribuire all'evangelizzazione del mondo, sempre guidato dalla dottrina sociale della Chiesa. Lavoriamo per portare la verit\u00e0 e i valori cristiani in ogni angolo del pianeta. Aiutaci a trasformare il mondo con Exaudi! Noi di Exaudi crediamo che l'evangelizzazione e l'informazione di qualit\u00e0 possano cambiare la vita. Per continuare la nostra missione ed espandere la nostra portata, abbiamo bisogno del tuo aiuto. Stiamo anche cercando persone motivate che vogliano unirsi al nostro team. Grazie al vostro sostegno raggiungeremo pi\u00f9 persone, diffonderemo il messaggio di Cristo e rafforzeremo l'unit\u00e0 dei cristiani. Vuoi unirti alla nostra missione? Per maggiori informazioni su come contribuire, visita Exaudi.org\/it o contattaci direttamente: info@exaudi.org Exaudi: informa, forma e trasforma.","sameAs":["https:\/\/www.facebook.com\/ExaudiNotizie\/","https:\/\/www.instagram.com\/Exaudi_notizie\/","https:\/\/x.com\/Exaudi_Notizie","https:\/\/www.youtube.com\/@exaudicatholicnews"],"url":"https:\/\/exaudi.org\/it\/author\/dlvedi-org\/"}]}},"jetpack_featured_media_url":"https:\/\/exaudi.org\/wp-content\/uploads\/2026\/01\/SaveClip.App_612030386_18550788910041022_1073457719498969270_n.jpg","jetpack_shortlink":"https:\/\/wp.me\/pgKjF2-DHJ","_links":{"self":[{"href":"https:\/\/exaudi.org\/it\/wp-json\/wp\/v2\/posts\/152627","targetHints":{"allow":["GET"]}}],"collection":[{"href":"https:\/\/exaudi.org\/it\/wp-json\/wp\/v2\/posts"}],"about":[{"href":"https:\/\/exaudi.org\/it\/wp-json\/wp\/v2\/types\/post"}],"author":[{"embeddable":true,"href":"https:\/\/exaudi.org\/it\/wp-json\/wp\/v2\/users\/17"}],"replies":[{"embeddable":true,"href":"https:\/\/exaudi.org\/it\/wp-json\/wp\/v2\/comments?post=152627"}],"version-history":[{"count":4,"href":"https:\/\/exaudi.org\/it\/wp-json\/wp\/v2\/posts\/152627\/revisions"}],"predecessor-version":[{"id":152631,"href":"https:\/\/exaudi.org\/it\/wp-json\/wp\/v2\/posts\/152627\/revisions\/152631"}],"wp:featuredmedia":[{"embeddable":true,"href":"https:\/\/exaudi.org\/it\/wp-json\/wp\/v2\/media\/152605"}],"wp:attachment":[{"href":"https:\/\/exaudi.org\/it\/wp-json\/wp\/v2\/media?parent=152627"}],"wp:term":[{"taxonomy":"category","embeddable":true,"href":"https:\/\/exaudi.org\/it\/wp-json\/wp\/v2\/categories?post=152627"},{"taxonomy":"post_tag","embeddable":true,"href":"https:\/\/exaudi.org\/it\/wp-json\/wp\/v2\/tags?post=152627"}],"curies":[{"name":"wp","href":"https:\/\/api.w.org\/{rel}","templated":true}]}}