{"id":152257,"date":"2026-01-01T15:57:58","date_gmt":"2026-01-01T14:57:58","guid":{"rendered":"https:\/\/exaudi.org\/?p=152257"},"modified":"2026-01-01T15:57:58","modified_gmt":"2026-01-01T14:57:58","slug":"papa-leone-xiv-inaugura-il-2026-con-un-appello-alla-pace-e-al-rinnovamento-del-cuore-nella-solennita-di-maria-santissima-madre-di-dio","status":"publish","type":"post","link":"https:\/\/exaudi.org\/it\/papa-leone-xiv-inaugura-il-2026-con-un-appello-alla-pace-e-al-rinnovamento-del-cuore-nella-solennita-di-maria-santissima-madre-di-dio\/","title":{"rendered":"Papa Leone XIV inaugura il 2026 con un appello alla pace e al rinnovamento del cuore nella Solennit\u00e0 di Maria Santissima, Madre di Dio"},"content":{"rendered":"<p dir=\"auto\"><span dir=\"auto\" style=\"vertical-align: inherit\"><span dir=\"auto\" style=\"vertical-align: inherit\">Nel suo primo Angelus del nuovo anno, Papa Leone XIV ha rivolto un messaggio di speranza e di pace ai fedeli riuniti in Piazza San Pietro, in occasione della Solennit\u00e0 di Maria Santissima Madre di Dio e della 59\u00aa Giornata Mondiale della Pace. Il Pontefice, primo papa americano della storia, ha invitato i cristiani e tutte le persone di buona volont\u00e0 a &#8220;rinnovare il nostro tempo&#8221; inaugurando &#8220;un&#8217;era di pace e di amicizia tra tutti i popoli&#8221;.<\/span><\/span><\/p>\n<p dir=\"auto\"><span dir=\"auto\" style=\"vertical-align: inherit\"><span dir=\"auto\" style=\"vertical-align: inherit\">\u00abCari fratelli e sorelle, buon anno!\u00bb ha esordito il Santo Padre, ricordando che \u00abil ritmo dei mesi si ripete\u00bb ma che il Signore ci invita a riempire il calendario di \u00abdesiderio di bene\u00bb. Riflettendo sul Giubileo che si conclude in questi giorni, Leone XIV ha sottolineato come questo Anno Santo ci abbia insegnato \u00aba coltivare la speranza di un mondo nuovo: rivolgendo il cuore a Dio, per trasformare le offese in perdono, il dolore in consolazione, i propositi di virt\u00f9 in opere buone\u00bb.<\/span><\/span><\/p>\n<p dir=\"auto\"><span dir=\"auto\" style=\"vertical-align: inherit\"><span dir=\"auto\" style=\"vertical-align: inherit\">Il Papa ha incentrato la sua meditazione sulla figura di Maria, \u00abla prima a sentire battere il cuore di Cristo\u00bb nel suo grembo verginale, dove \u00abil Verbo della vita \u00e8 annunciato come palpito di grazia\u00bb. Dio, ha affermato, \u00abda sempre conosce il cuore di Maria e il nostro\u00bb, e facendosi uomo in Ges\u00f9, rivela il suo: un cuore che \u00abbatte per ogni uomo e ogni donna\u00bb, per chi lo accoglie come i pastori e per chi lo rifiuta come Erode. \u00abIl suo cuore non \u00e8 indifferente a chi non ha cuore per il prossimo: batte per i giusti, perch\u00e9 perseverino nel loro impegno; e per gli ingiusti, perch\u00e9 cambino vita e trovino la pace\u00bb.<\/span><\/span><\/p>\n<p dir=\"auto\"><span dir=\"auto\" style=\"vertical-align: inherit\"><span dir=\"auto\" style=\"vertical-align: inherit\">Leone XIV ci ha invitato a \u00abfermarci e adorare questo evento\u00bb della nascita di Ges\u00f9 da una donna, che \u00abrisplende in Maria Santissima e si riflette in ogni neonato, rivelando l\u2019immagine divina impressa nei nostri corpi\u00bb. In questa Giornata Mondiale della Pace, ci ha esortato a pregare \u00abtutti insieme per la pace; anzitutto tra le nazioni insanguinate dai conflitti e dalla miseria, ma anche nelle nostre case, nelle famiglie ferite dalla violenza e dal dolore\u00bb. Con la certezza che \u00abCristo, nostra speranza, \u00e8 il sole di giustizia che non tramonta\u00bb, ha affidato questa invocazione all\u2019intercessione di Maria, Madre di Dio e Madre della Chiesa.<\/span><\/span><\/p>\n<p dir=\"auto\"><span dir=\"auto\" style=\"vertical-align: inherit\"><span dir=\"auto\" style=\"vertical-align: inherit\">Dopo la preghiera dell&#8217;Angelus, il Papa ha salutato calorosamente i presenti, esprimendo &#8220;i miei migliori auguri di pace e di ogni bene&#8221;. Ha ringraziato il Presidente della Repubblica Italiana, Sergio Mattarella, per i suoi auguri e ha ricordato che dal 1968, per iniziativa di San Paolo VI, questa Giornata si celebra il 1\u00b0 gennaio. Nel suo Messaggio per questa occasione, Leone XIV ha ribadito il suo saluto iniziale da Pontefice: &#8220;La pace sia con tutti voi!&#8221;, definendola una pace &#8220;disarmata e disarmante&#8221; che viene da Dio e che deve essere affidata alla nostra responsabilit\u00e0.<\/span><\/span><\/p>\n<p dir=\"auto\"><span dir=\"auto\" style=\"vertical-align: inherit\"><span dir=\"auto\" style=\"vertical-align: inherit\">\u00abCari amici, con la grazia di Cristo, iniziamo oggi a costruire un anno di pace, disarmando i nostri cuori e astenendoci da ogni violenza\u00bb, ha esortato. Il Papa ha espresso apprezzamento per le iniziative globali per la pace, menzionando in particolare la marcia nazionale di Catania e quella organizzata dalla Comunit\u00e0 di Sant&#8217;Egidio. Ha anche salutato gruppi specifici, come gli studenti del New Jersey e i pellegrini presenti.<\/span><\/span><\/p>\n<p dir=\"auto\"><span dir=\"auto\" style=\"vertical-align: inherit\"><span dir=\"auto\" style=\"vertical-align: inherit\">All&#8217;inizio dell&#8217;anno commemorativo dell&#8217;ottavo centenario della morte di San Francesco d&#8217;Assisi, il Papa ha impartito una benedizione biblica: \u00abIl Signore vi benedica e vi custodisca; il Signore faccia splendere su di voi il suo volto e vi faccia grazia; il Signore rivolga a voi il suo volto e vi dia pace\u00bb. Infine, ha affidato il nuovo anno alla \u00abSanta Madre di Dio\u00bb e ha augurato \u00aba tutti un felice anno nuovo\u00bb.<\/span><\/span><\/p>\n<p dir=\"auto\"><span dir=\"auto\" style=\"vertical-align: inherit\"><span dir=\"auto\" style=\"vertical-align: inherit\">Questo Angelus segna il pieno inizio del pontificato di Leone XIV nel 2026, dopo la conclusione del Giubileo della Speranza avviato dal suo predecessore. Le sue parole risuonano per l&#8217;enfasi posta su una pace evangelica e non violenta, che disarma i cuori e costruisce la fraternit\u00e0 universale.<\/span><\/span><\/p>\n<p dir=\"auto\"><em><strong><span dir=\"auto\" style=\"vertical-align: inherit\"><span dir=\"auto\" style=\"vertical-align: inherit\">Testo completo dell&#8217;Angelus:<\/span><\/span><\/strong><\/em><\/p>\n<div class=\"abstract text parbase vaticanrichtext\">\n<p><span class=\"color-text\">SOLENNIT\u00c0 DI MARIA SS.MA MADRE DI DIO<br \/>\nLIX GIORNATA MONDIALE DELLA PACE<\/span><\/p>\n<p><span class=\"color-text\"><b>PAPA LEONE XIV<\/b><\/span><\/p>\n<p><i><span class=\"title-1-color\"><b>ANGELUS<\/b><\/span><\/i><\/p>\n<p><i><span class=\"color-text\">Piazza San Pietro<br \/>\nGioved\u00ec, 1\u00b0 gennaio 2026<\/span><\/i><\/p>\n<p>&nbsp;<\/p>\n<p>___________________________________<\/p>\n<div class=\"clearfix\"><\/div>\n<\/div>\n<div class=\"text parbase vaticanrichtext\">\n<p><i>Cari fratelli e sorelle, buon anno!<\/i><\/p>\n<p>Mentre il ritmo dei mesi si ripete, il Signore ci invita a rinnovare il nostro tempo, inaugurando finalmente un\u2019epoca di pace e amicizia tra tutti i popoli. Senza questo desiderio di bene, non avrebbe senso girare le pagine del calendario e riempire le nostre agende.<\/p>\n<p>Il Giubileo, che sta per concludersi, ci ha insegnato come coltivare la speranza di un mondo nuovo: convertendo il cuore a Dio, cos\u00ec da trasformare i torti in perdono, il dolore in consolazione, i propositi di virt\u00f9 in opere buone. \u00c8 con questo stile, infatti, che Dio stesso abita la storia e la salva dall\u2019oblio, donando al mondo il Redentore: Ges\u00f9. Egli \u00e8 il Figlio Unigenito che diventa nostro fratello, illumina le coscienze di buona volont\u00e0, affinch\u00e9 possiamo costruire il futuro come casa ospitale per ogni uomo e ogni donna che viene alla luce.<\/p>\n<p>A questo proposito, la festa del Natale porta oggi il nostro sguardo su Maria, che fu la prima a sentir battere il cuore di Cristo. Nel silenzio del suo grembo verginale, il Verbo della vita si annuncia come palpito di grazia.<\/p>\n<p>Da sempre Dio, creatore buono, conosce il cuore di Maria e il nostro cuore. Facendosi uomo, Egli ci fa conoscere il suo: perci\u00f2 il cuore di Ges\u00f9 batte per ogni uomo e ogni donna. Per chi \u00e8 pronto ad accoglierlo, come i pastori, e per chi non lo vuole, come Erode. Il suo cuore non \u00e8 indifferente a chi non ha cuore per il prossimo: palpita per i giusti, affinch\u00e9 perseverino nella loro dedizione, e per gli ingiusti, affinch\u00e9 cambino vita e trovino pace.<\/p>\n<p>Il Salvatore viene nel mondo nascendo da donna: soffermiamoci ad adorare quest\u2019evento, che risplende in Maria Santissima e si riflette in ogni nascituro, rivelando l\u2019immagine divina impressa nel nostro corpo.<\/p>\n<p>In questa Giornata preghiamo tutti insieme per la pace: anzitutto tra le Nazioni insanguinate da conflitti e miseria, ma anche nelle nostre case, nelle famiglie ferite dalla violenza e dal dolore. Certi che Cristo, nostra speranza, \u00e8 il sole di giustizia che mai si spegne, chiediamo fiduciosi l\u2019intercessione di Maria, Madre di Dio e Madre della Chiesa.<\/p>\n<p>_____________________<\/p>\n<p><b>Dopo l&#8217;Angelus<\/b><\/p>\n<p><i>Cari fratelli e sorelle,<\/i><\/p>\n<p>saluto con affetto tutti voi, radunati in Piazza San Pietro in questo primo giorno dell\u2019anno. Tanti auguri di pace e di ogni bene! Con viva riconoscenza li ricambio al Presidente della Repubblica Italiana Sergio Mattarella.<\/p>\n<p><a href=\"https:\/\/www.vatican.va\/content\/paul-vi\/it\/homilies\/1968\/documents\/hf_p-vi_hom_19680101.html\">Dal 1\u00b0 gennaio 1968<\/a>, per volont\u00e0 del\u00a0<a href=\"https:\/\/www.vatican.va\/content\/paul-vi\/it.html\">Papa San Paolo VI<\/a>, oggi si celebra la Giornata Mondiale della Pace. Nel mio\u00a0<a href=\"https:\/\/www.vatican.va\/content\/leo-xiv\/it\/messages\/peace\/documents\/20251208-messaggio-pace.html\">Messaggio<\/a>\u00a0ho voluto riprendere l\u2019augurio che il Signore mi ha suggerito chiamandomi a questo servizio: \u00abLa pace sia con tutti voi!\u00bb. Una pace disarmata e disarmante, che proviene da Dio, dono del suo amore incondizionato, affidato alla nostra responsabilit\u00e0.<\/p>\n<p>Carissimi, con la grazia di Cristo, incominciamo da oggi a costruire un anno di pace, disarmando i nostri cuori e astenendoci da ogni violenza.<\/p>\n<p>Esprimo il mio apprezzamento per le innumerevoli iniziative promosse in questa occasione in tutto il mondo. In particolare, ricordo la Marcia nazionale che si \u00e8 svolta ieri sera a Catania e saluto i partecipanti a quella organizzata oggi dalla Comunit\u00e0 di Sant\u2019Egidio.<\/p>\n<p>Saluto inoltre il gruppo di studenti e insegnanti di Richland, New Jersey, e tutti i romani e i pellegrini presenti.<\/p>\n<p>All\u2019inizio di quest\u2019anno, in cui ricorre l\u2019ottavo centenario della morte di San Francesco, vorrei far giungere ad ogni persona la sua benedizione, tratta dalla Sacra Scrittura: \u00abIl Signore ti benedica e ti custodisca; mostri a te il suo volto e abbia misericordia di te; rivolga verso di te il suo sguardo e ti dia pace\u00bb.<\/p>\n<p>La Santa Madre di Dio ci guidi nel cammino del nuovo anno. Tanti auguri a tutti!<\/p>\n<\/div>\n","protected":false},"excerpt":{"rendered":"<p>Il Pontefice ha recitato l&#8217;Angelus davanti a migliaia di fedeli in Piazza San Pietro, sottolineando la necessit\u00e0 di trasformare il mondo attraverso il perdono e l&#8217;accoglienza, in concomitanza con la 59\u00aa Giornata Mondiale della Pace<\/p>\n","protected":false},"author":17,"featured_media":152256,"comment_status":"closed","ping_status":"closed","sticky":false,"template":"","format":"standard","meta":{"_acf_changed":false,"_crdt_document":"","inline_featured_image":false,"footnotes":""},"categories":[69,67],"tags":[250,64910,58164,4952,64787],"class_list":["post-152257","post","type-post","status-publish","format-standard","has-post-thumbnail","hentry","category-angelus-it","category-leone-xiv","tag-angelus-it","tag-leone-xiv-it","tag-papa-leone-xiv","tag-trending-it","tag-trending-it-236"],"acf":[],"yoast_head":"<!-- This site is optimized with the Yoast SEO plugin v27.5 - https:\/\/yoast.com\/product\/yoast-seo-wordpress\/ -->\n<title>Papa Leone XIV inaugura il 2026 con un appello alla pace e al rinnovamento del cuore nella Solennit\u00e0 di Maria Santissima, Madre di Dio &#8211; Exaudi<\/title>\n<meta name=\"robots\" content=\"index, follow, max-snippet:-1, max-image-preview:large, max-video-preview:-1\" \/>\n<link rel=\"canonical\" href=\"https:\/\/exaudi.org\/it\/papa-leone-xiv-inaugura-il-2026-con-un-appello-alla-pace-e-al-rinnovamento-del-cuore-nella-solennita-di-maria-santissima-madre-di-dio\/\" \/>\n<meta property=\"og:locale\" content=\"it_IT\" \/>\n<meta property=\"og:type\" content=\"article\" \/>\n<meta property=\"og:title\" content=\"Papa Leone XIV inaugura il 2026 con un appello alla pace e al rinnovamento del cuore nella Solennit\u00e0 di Maria Santissima, Madre di Dio &#8211; Exaudi\" \/>\n<meta property=\"og:description\" content=\"Il Pontefice ha recitato l&#039;Angelus davanti a migliaia di fedeli in Piazza San Pietro, sottolineando la necessit\u00e0 di trasformare il mondo attraverso il perdono e l&#039;accoglienza, in concomitanza con la 59\u00aa Giornata Mondiale della Pace\" \/>\n<meta property=\"og:url\" content=\"https:\/\/exaudi.org\/it\/papa-leone-xiv-inaugura-il-2026-con-un-appello-alla-pace-e-al-rinnovamento-del-cuore-nella-solennita-di-maria-santissima-madre-di-dio\/\" \/>\n<meta property=\"og:site_name\" content=\"Exaudi\" \/>\n<meta property=\"article:publisher\" content=\"https:\/\/www.facebook.com\/ExaudiNews\" \/>\n<meta property=\"article:author\" content=\"https:\/\/www.facebook.com\/ExaudiNotizie\/\" \/>\n<meta property=\"article:published_time\" content=\"2026-01-01T14:57:58+00:00\" \/>\n<meta property=\"og:image\" content=\"https:\/\/exaudi.org\/wp-content\/uploads\/2026\/01\/SaveClip.App_610658102_17955190125027982_1690289764412147098_n-e1767274631589.jpg\" \/>\n\t<meta property=\"og:image:width\" content=\"1066\" \/>\n\t<meta property=\"og:image:height\" content=\"1332\" \/>\n\t<meta property=\"og:image:type\" content=\"image\/jpeg\" \/>\n<meta name=\"author\" content=\"Exaudi Redazione\" \/>\n<meta name=\"twitter:card\" content=\"summary_large_image\" \/>\n<meta name=\"twitter:creator\" content=\"@Exaudi_Notizie\" \/>\n<meta name=\"twitter:site\" content=\"@Exaudi_News\" \/>\n<meta name=\"twitter:label1\" content=\"Scritto da\" \/>\n\t<meta name=\"twitter:data1\" content=\"Exaudi Redazione\" \/>\n\t<meta name=\"twitter:label2\" content=\"Tempo di lettura stimato\" \/>\n\t<meta name=\"twitter:data2\" content=\"6 minuti\" \/>\n<script type=\"application\/ld+json\" class=\"yoast-schema-graph\">{\"@context\":\"https:\\\/\\\/schema.org\",\"@graph\":[{\"@type\":\"Article\",\"@id\":\"https:\\\/\\\/exaudi.org\\\/it\\\/papa-leone-xiv-inaugura-il-2026-con-un-appello-alla-pace-e-al-rinnovamento-del-cuore-nella-solennita-di-maria-santissima-madre-di-dio\\\/#article\",\"isPartOf\":{\"@id\":\"https:\\\/\\\/exaudi.org\\\/it\\\/papa-leone-xiv-inaugura-il-2026-con-un-appello-alla-pace-e-al-rinnovamento-del-cuore-nella-solennita-di-maria-santissima-madre-di-dio\\\/\"},\"author\":{\"name\":\"Exaudi Redazione\",\"@id\":\"https:\\\/\\\/exaudi.org\\\/#\\\/schema\\\/person\\\/e1ab6ed07c01774724dd96f925f3a5f0\"},\"headline\":\"Papa Leone XIV inaugura il 2026 con un appello alla pace e al rinnovamento del cuore nella Solennit\u00e0 di Maria Santissima, Madre di Dio\",\"datePublished\":\"2026-01-01T14:57:58+00:00\",\"mainEntityOfPage\":{\"@id\":\"https:\\\/\\\/exaudi.org\\\/it\\\/papa-leone-xiv-inaugura-il-2026-con-un-appello-alla-pace-e-al-rinnovamento-del-cuore-nella-solennita-di-maria-santissima-madre-di-dio\\\/\"},\"wordCount\":1330,\"image\":{\"@id\":\"https:\\\/\\\/exaudi.org\\\/it\\\/papa-leone-xiv-inaugura-il-2026-con-un-appello-alla-pace-e-al-rinnovamento-del-cuore-nella-solennita-di-maria-santissima-madre-di-dio\\\/#primaryimage\"},\"thumbnailUrl\":\"https:\\\/\\\/exaudi.org\\\/wp-content\\\/uploads\\\/2026\\\/01\\\/SaveClip.App_610658102_17955190125027982_1690289764412147098_n-e1767274631589.jpg\",\"keywords\":[\"\u00e1ngelus\",\"Leone XIV\",\"Papa Leone XIV\",\"Trending\",\"Trending\"],\"articleSection\":[\"Angelus\",\"Leone XIV\"],\"inLanguage\":\"it-IT\"},{\"@type\":\"WebPage\",\"@id\":\"https:\\\/\\\/exaudi.org\\\/it\\\/papa-leone-xiv-inaugura-il-2026-con-un-appello-alla-pace-e-al-rinnovamento-del-cuore-nella-solennita-di-maria-santissima-madre-di-dio\\\/\",\"url\":\"https:\\\/\\\/exaudi.org\\\/it\\\/papa-leone-xiv-inaugura-il-2026-con-un-appello-alla-pace-e-al-rinnovamento-del-cuore-nella-solennita-di-maria-santissima-madre-di-dio\\\/\",\"name\":\"Papa Leone XIV inaugura il 2026 con un appello alla pace e al rinnovamento del cuore nella Solennit\u00e0 di Maria Santissima, Madre di Dio &#8211; Exaudi\",\"isPartOf\":{\"@id\":\"https:\\\/\\\/exaudi.org\\\/#website\"},\"primaryImageOfPage\":{\"@id\":\"https:\\\/\\\/exaudi.org\\\/it\\\/papa-leone-xiv-inaugura-il-2026-con-un-appello-alla-pace-e-al-rinnovamento-del-cuore-nella-solennita-di-maria-santissima-madre-di-dio\\\/#primaryimage\"},\"image\":{\"@id\":\"https:\\\/\\\/exaudi.org\\\/it\\\/papa-leone-xiv-inaugura-il-2026-con-un-appello-alla-pace-e-al-rinnovamento-del-cuore-nella-solennita-di-maria-santissima-madre-di-dio\\\/#primaryimage\"},\"thumbnailUrl\":\"https:\\\/\\\/exaudi.org\\\/wp-content\\\/uploads\\\/2026\\\/01\\\/SaveClip.App_610658102_17955190125027982_1690289764412147098_n-e1767274631589.jpg\",\"datePublished\":\"2026-01-01T14:57:58+00:00\",\"author\":{\"@id\":\"https:\\\/\\\/exaudi.org\\\/#\\\/schema\\\/person\\\/e1ab6ed07c01774724dd96f925f3a5f0\"},\"breadcrumb\":{\"@id\":\"https:\\\/\\\/exaudi.org\\\/it\\\/papa-leone-xiv-inaugura-il-2026-con-un-appello-alla-pace-e-al-rinnovamento-del-cuore-nella-solennita-di-maria-santissima-madre-di-dio\\\/#breadcrumb\"},\"inLanguage\":\"it-IT\",\"potentialAction\":[{\"@type\":\"ReadAction\",\"target\":[\"https:\\\/\\\/exaudi.org\\\/it\\\/papa-leone-xiv-inaugura-il-2026-con-un-appello-alla-pace-e-al-rinnovamento-del-cuore-nella-solennita-di-maria-santissima-madre-di-dio\\\/\"]}]},{\"@type\":\"ImageObject\",\"inLanguage\":\"it-IT\",\"@id\":\"https:\\\/\\\/exaudi.org\\\/it\\\/papa-leone-xiv-inaugura-il-2026-con-un-appello-alla-pace-e-al-rinnovamento-del-cuore-nella-solennita-di-maria-santissima-madre-di-dio\\\/#primaryimage\",\"url\":\"https:\\\/\\\/exaudi.org\\\/wp-content\\\/uploads\\\/2026\\\/01\\\/SaveClip.App_610658102_17955190125027982_1690289764412147098_n-e1767274631589.jpg\",\"contentUrl\":\"https:\\\/\\\/exaudi.org\\\/wp-content\\\/uploads\\\/2026\\\/01\\\/SaveClip.App_610658102_17955190125027982_1690289764412147098_n-e1767274631589.jpg\",\"width\":1066,\"height\":1332},{\"@type\":\"BreadcrumbList\",\"@id\":\"https:\\\/\\\/exaudi.org\\\/it\\\/papa-leone-xiv-inaugura-il-2026-con-un-appello-alla-pace-e-al-rinnovamento-del-cuore-nella-solennita-di-maria-santissima-madre-di-dio\\\/#breadcrumb\",\"itemListElement\":[{\"@type\":\"ListItem\",\"position\":1,\"name\":\"Portada\",\"item\":\"https:\\\/\\\/exaudi.org\\\/it\\\/\"},{\"@type\":\"ListItem\",\"position\":2,\"name\":\"Papa Leone XIV inaugura il 2026 con un appello alla pace e al rinnovamento del cuore nella Solennit\u00e0 di Maria Santissima, Madre di Dio\"}]},{\"@type\":\"WebSite\",\"@id\":\"https:\\\/\\\/exaudi.org\\\/#website\",\"url\":\"https:\\\/\\\/exaudi.org\\\/\",\"name\":\"Exaudi\",\"description\":\"News\",\"potentialAction\":[{\"@type\":\"SearchAction\",\"target\":{\"@type\":\"EntryPoint\",\"urlTemplate\":\"https:\\\/\\\/exaudi.org\\\/?s={search_term_string}\"},\"query-input\":{\"@type\":\"PropertyValueSpecification\",\"valueRequired\":true,\"valueName\":\"search_term_string\"}}],\"inLanguage\":\"it-IT\"},{\"@type\":\"Person\",\"@id\":\"https:\\\/\\\/exaudi.org\\\/#\\\/schema\\\/person\\\/e1ab6ed07c01774724dd96f925f3a5f0\",\"name\":\"Exaudi Redazione\",\"image\":{\"@type\":\"ImageObject\",\"inLanguage\":\"it-IT\",\"@id\":\"https:\\\/\\\/secure.gravatar.com\\\/avatar\\\/ad6774b3ada023bf5b939d64f45c94b3adf91502dd883507d469b4308a943bb3?s=96&d=mm&r=g\",\"url\":\"https:\\\/\\\/secure.gravatar.com\\\/avatar\\\/ad6774b3ada023bf5b939d64f45c94b3adf91502dd883507d469b4308a943bb3?s=96&d=mm&r=g\",\"contentUrl\":\"https:\\\/\\\/secure.gravatar.com\\\/avatar\\\/ad6774b3ada023bf5b939d64f45c94b3adf91502dd883507d469b4308a943bb3?s=96&d=mm&r=g\",\"caption\":\"Exaudi Redazione\"},\"description\":\"Che cosa \u00e8 Exaudi News? Exaudi News \u00e8 un agenzia cattolica internazionale che informa, istruisce e trasforma quotidianamente in spagnolo, inglese e italiano. Attraverso notizie, articoli di analisi e trasmissioni in diretta degli eventi del Papa, Exaudi cerca di rafforzare l'unit\u00e0 dei cristiani e di contribuire all'evangelizzazione del mondo, sempre guidato dalla dottrina sociale della Chiesa. Lavoriamo per portare la verit\u00e0 e i valori cristiani in ogni angolo del pianeta. Aiutaci a trasformare il mondo con Exaudi! Noi di Exaudi crediamo che l'evangelizzazione e l'informazione di qualit\u00e0 possano cambiare la vita. Per continuare la nostra missione ed espandere la nostra portata, abbiamo bisogno del tuo aiuto. Stiamo anche cercando persone motivate che vogliano unirsi al nostro team. Grazie al vostro sostegno raggiungeremo pi\u00f9 persone, diffonderemo il messaggio di Cristo e rafforzeremo l'unit\u00e0 dei cristiani. Vuoi unirti alla nostra missione? Per maggiori informazioni su come contribuire, visita Exaudi.org\\\/it o contattaci direttamente: info@exaudi.org Exaudi: informa, forma e trasforma.\",\"sameAs\":[\"https:\\\/\\\/www.facebook.com\\\/ExaudiNotizie\\\/\",\"https:\\\/\\\/www.instagram.com\\\/Exaudi_notizie\\\/\",\"https:\\\/\\\/x.com\\\/Exaudi_Notizie\",\"https:\\\/\\\/www.youtube.com\\\/@exaudicatholicnews\"],\"url\":\"https:\\\/\\\/exaudi.org\\\/it\\\/author\\\/dlvedi-org\\\/\"}]}<\/script>\n<!-- \/ Yoast SEO plugin. -->","yoast_head_json":{"title":"Papa Leone XIV inaugura il 2026 con un appello alla pace e al rinnovamento del cuore nella Solennit\u00e0 di Maria Santissima, Madre di Dio &#8211; Exaudi","robots":{"index":"index","follow":"follow","max-snippet":"max-snippet:-1","max-image-preview":"max-image-preview:large","max-video-preview":"max-video-preview:-1"},"canonical":"https:\/\/exaudi.org\/it\/papa-leone-xiv-inaugura-il-2026-con-un-appello-alla-pace-e-al-rinnovamento-del-cuore-nella-solennita-di-maria-santissima-madre-di-dio\/","og_locale":"it_IT","og_type":"article","og_title":"Papa Leone XIV inaugura il 2026 con un appello alla pace e al rinnovamento del cuore nella Solennit\u00e0 di Maria Santissima, Madre di Dio &#8211; Exaudi","og_description":"Il Pontefice ha recitato l'Angelus davanti a migliaia di fedeli in Piazza San Pietro, sottolineando la necessit\u00e0 di trasformare il mondo attraverso il perdono e l'accoglienza, in concomitanza con la 59\u00aa Giornata Mondiale della Pace","og_url":"https:\/\/exaudi.org\/it\/papa-leone-xiv-inaugura-il-2026-con-un-appello-alla-pace-e-al-rinnovamento-del-cuore-nella-solennita-di-maria-santissima-madre-di-dio\/","og_site_name":"Exaudi","article_publisher":"https:\/\/www.facebook.com\/ExaudiNews","article_author":"https:\/\/www.facebook.com\/ExaudiNotizie\/","article_published_time":"2026-01-01T14:57:58+00:00","og_image":[{"width":1066,"height":1332,"url":"https:\/\/exaudi.org\/wp-content\/uploads\/2026\/01\/SaveClip.App_610658102_17955190125027982_1690289764412147098_n-e1767274631589.jpg","type":"image\/jpeg"}],"author":"Exaudi Redazione","twitter_card":"summary_large_image","twitter_creator":"@Exaudi_Notizie","twitter_site":"@Exaudi_News","twitter_misc":{"Scritto da":"Exaudi Redazione","Tempo di lettura stimato":"6 minuti"},"schema":{"@context":"https:\/\/schema.org","@graph":[{"@type":"Article","@id":"https:\/\/exaudi.org\/it\/papa-leone-xiv-inaugura-il-2026-con-un-appello-alla-pace-e-al-rinnovamento-del-cuore-nella-solennita-di-maria-santissima-madre-di-dio\/#article","isPartOf":{"@id":"https:\/\/exaudi.org\/it\/papa-leone-xiv-inaugura-il-2026-con-un-appello-alla-pace-e-al-rinnovamento-del-cuore-nella-solennita-di-maria-santissima-madre-di-dio\/"},"author":{"name":"Exaudi Redazione","@id":"https:\/\/exaudi.org\/#\/schema\/person\/e1ab6ed07c01774724dd96f925f3a5f0"},"headline":"Papa Leone XIV inaugura il 2026 con un appello alla pace e al rinnovamento del cuore nella Solennit\u00e0 di Maria Santissima, Madre di Dio","datePublished":"2026-01-01T14:57:58+00:00","mainEntityOfPage":{"@id":"https:\/\/exaudi.org\/it\/papa-leone-xiv-inaugura-il-2026-con-un-appello-alla-pace-e-al-rinnovamento-del-cuore-nella-solennita-di-maria-santissima-madre-di-dio\/"},"wordCount":1330,"image":{"@id":"https:\/\/exaudi.org\/it\/papa-leone-xiv-inaugura-il-2026-con-un-appello-alla-pace-e-al-rinnovamento-del-cuore-nella-solennita-di-maria-santissima-madre-di-dio\/#primaryimage"},"thumbnailUrl":"https:\/\/exaudi.org\/wp-content\/uploads\/2026\/01\/SaveClip.App_610658102_17955190125027982_1690289764412147098_n-e1767274631589.jpg","keywords":["\u00e1ngelus","Leone XIV","Papa Leone XIV","Trending","Trending"],"articleSection":["Angelus","Leone XIV"],"inLanguage":"it-IT"},{"@type":"WebPage","@id":"https:\/\/exaudi.org\/it\/papa-leone-xiv-inaugura-il-2026-con-un-appello-alla-pace-e-al-rinnovamento-del-cuore-nella-solennita-di-maria-santissima-madre-di-dio\/","url":"https:\/\/exaudi.org\/it\/papa-leone-xiv-inaugura-il-2026-con-un-appello-alla-pace-e-al-rinnovamento-del-cuore-nella-solennita-di-maria-santissima-madre-di-dio\/","name":"Papa Leone XIV inaugura il 2026 con un appello alla pace e al rinnovamento del cuore nella Solennit\u00e0 di Maria Santissima, Madre di Dio &#8211; Exaudi","isPartOf":{"@id":"https:\/\/exaudi.org\/#website"},"primaryImageOfPage":{"@id":"https:\/\/exaudi.org\/it\/papa-leone-xiv-inaugura-il-2026-con-un-appello-alla-pace-e-al-rinnovamento-del-cuore-nella-solennita-di-maria-santissima-madre-di-dio\/#primaryimage"},"image":{"@id":"https:\/\/exaudi.org\/it\/papa-leone-xiv-inaugura-il-2026-con-un-appello-alla-pace-e-al-rinnovamento-del-cuore-nella-solennita-di-maria-santissima-madre-di-dio\/#primaryimage"},"thumbnailUrl":"https:\/\/exaudi.org\/wp-content\/uploads\/2026\/01\/SaveClip.App_610658102_17955190125027982_1690289764412147098_n-e1767274631589.jpg","datePublished":"2026-01-01T14:57:58+00:00","author":{"@id":"https:\/\/exaudi.org\/#\/schema\/person\/e1ab6ed07c01774724dd96f925f3a5f0"},"breadcrumb":{"@id":"https:\/\/exaudi.org\/it\/papa-leone-xiv-inaugura-il-2026-con-un-appello-alla-pace-e-al-rinnovamento-del-cuore-nella-solennita-di-maria-santissima-madre-di-dio\/#breadcrumb"},"inLanguage":"it-IT","potentialAction":[{"@type":"ReadAction","target":["https:\/\/exaudi.org\/it\/papa-leone-xiv-inaugura-il-2026-con-un-appello-alla-pace-e-al-rinnovamento-del-cuore-nella-solennita-di-maria-santissima-madre-di-dio\/"]}]},{"@type":"ImageObject","inLanguage":"it-IT","@id":"https:\/\/exaudi.org\/it\/papa-leone-xiv-inaugura-il-2026-con-un-appello-alla-pace-e-al-rinnovamento-del-cuore-nella-solennita-di-maria-santissima-madre-di-dio\/#primaryimage","url":"https:\/\/exaudi.org\/wp-content\/uploads\/2026\/01\/SaveClip.App_610658102_17955190125027982_1690289764412147098_n-e1767274631589.jpg","contentUrl":"https:\/\/exaudi.org\/wp-content\/uploads\/2026\/01\/SaveClip.App_610658102_17955190125027982_1690289764412147098_n-e1767274631589.jpg","width":1066,"height":1332},{"@type":"BreadcrumbList","@id":"https:\/\/exaudi.org\/it\/papa-leone-xiv-inaugura-il-2026-con-un-appello-alla-pace-e-al-rinnovamento-del-cuore-nella-solennita-di-maria-santissima-madre-di-dio\/#breadcrumb","itemListElement":[{"@type":"ListItem","position":1,"name":"Portada","item":"https:\/\/exaudi.org\/it\/"},{"@type":"ListItem","position":2,"name":"Papa Leone XIV inaugura il 2026 con un appello alla pace e al rinnovamento del cuore nella Solennit\u00e0 di Maria Santissima, Madre di Dio"}]},{"@type":"WebSite","@id":"https:\/\/exaudi.org\/#website","url":"https:\/\/exaudi.org\/","name":"Exaudi","description":"News","potentialAction":[{"@type":"SearchAction","target":{"@type":"EntryPoint","urlTemplate":"https:\/\/exaudi.org\/?s={search_term_string}"},"query-input":{"@type":"PropertyValueSpecification","valueRequired":true,"valueName":"search_term_string"}}],"inLanguage":"it-IT"},{"@type":"Person","@id":"https:\/\/exaudi.org\/#\/schema\/person\/e1ab6ed07c01774724dd96f925f3a5f0","name":"Exaudi Redazione","image":{"@type":"ImageObject","inLanguage":"it-IT","@id":"https:\/\/secure.gravatar.com\/avatar\/ad6774b3ada023bf5b939d64f45c94b3adf91502dd883507d469b4308a943bb3?s=96&d=mm&r=g","url":"https:\/\/secure.gravatar.com\/avatar\/ad6774b3ada023bf5b939d64f45c94b3adf91502dd883507d469b4308a943bb3?s=96&d=mm&r=g","contentUrl":"https:\/\/secure.gravatar.com\/avatar\/ad6774b3ada023bf5b939d64f45c94b3adf91502dd883507d469b4308a943bb3?s=96&d=mm&r=g","caption":"Exaudi Redazione"},"description":"Che cosa \u00e8 Exaudi News? Exaudi News \u00e8 un agenzia cattolica internazionale che informa, istruisce e trasforma quotidianamente in spagnolo, inglese e italiano. Attraverso notizie, articoli di analisi e trasmissioni in diretta degli eventi del Papa, Exaudi cerca di rafforzare l'unit\u00e0 dei cristiani e di contribuire all'evangelizzazione del mondo, sempre guidato dalla dottrina sociale della Chiesa. Lavoriamo per portare la verit\u00e0 e i valori cristiani in ogni angolo del pianeta. Aiutaci a trasformare il mondo con Exaudi! Noi di Exaudi crediamo che l'evangelizzazione e l'informazione di qualit\u00e0 possano cambiare la vita. Per continuare la nostra missione ed espandere la nostra portata, abbiamo bisogno del tuo aiuto. Stiamo anche cercando persone motivate che vogliano unirsi al nostro team. Grazie al vostro sostegno raggiungeremo pi\u00f9 persone, diffonderemo il messaggio di Cristo e rafforzeremo l'unit\u00e0 dei cristiani. Vuoi unirti alla nostra missione? Per maggiori informazioni su come contribuire, visita Exaudi.org\/it o contattaci direttamente: info@exaudi.org Exaudi: informa, forma e trasforma.","sameAs":["https:\/\/www.facebook.com\/ExaudiNotizie\/","https:\/\/www.instagram.com\/Exaudi_notizie\/","https:\/\/x.com\/Exaudi_Notizie","https:\/\/www.youtube.com\/@exaudicatholicnews"],"url":"https:\/\/exaudi.org\/it\/author\/dlvedi-org\/"}]}},"jetpack_featured_media_url":"https:\/\/exaudi.org\/wp-content\/uploads\/2026\/01\/SaveClip.App_610658102_17955190125027982_1690289764412147098_n-e1767274631589.jpg","jetpack_shortlink":"https:\/\/wp.me\/pgKjF2-DBL","_links":{"self":[{"href":"https:\/\/exaudi.org\/it\/wp-json\/wp\/v2\/posts\/152257","targetHints":{"allow":["GET"]}}],"collection":[{"href":"https:\/\/exaudi.org\/it\/wp-json\/wp\/v2\/posts"}],"about":[{"href":"https:\/\/exaudi.org\/it\/wp-json\/wp\/v2\/types\/post"}],"author":[{"embeddable":true,"href":"https:\/\/exaudi.org\/it\/wp-json\/wp\/v2\/users\/17"}],"replies":[{"embeddable":true,"href":"https:\/\/exaudi.org\/it\/wp-json\/wp\/v2\/comments?post=152257"}],"version-history":[{"count":4,"href":"https:\/\/exaudi.org\/it\/wp-json\/wp\/v2\/posts\/152257\/revisions"}],"predecessor-version":[{"id":152261,"href":"https:\/\/exaudi.org\/it\/wp-json\/wp\/v2\/posts\/152257\/revisions\/152261"}],"wp:featuredmedia":[{"embeddable":true,"href":"https:\/\/exaudi.org\/it\/wp-json\/wp\/v2\/media\/152256"}],"wp:attachment":[{"href":"https:\/\/exaudi.org\/it\/wp-json\/wp\/v2\/media?parent=152257"}],"wp:term":[{"taxonomy":"category","embeddable":true,"href":"https:\/\/exaudi.org\/it\/wp-json\/wp\/v2\/categories?post=152257"},{"taxonomy":"post_tag","embeddable":true,"href":"https:\/\/exaudi.org\/it\/wp-json\/wp\/v2\/tags?post=152257"}],"curies":[{"name":"wp","href":"https:\/\/api.w.org\/{rel}","templated":true}]}}