{"id":151940,"date":"2025-12-28T17:11:08","date_gmt":"2025-12-28T16:11:08","guid":{"rendered":"https:\/\/exaudi.org\/?p=151940"},"modified":"2025-12-28T17:11:08","modified_gmt":"2025-12-28T16:11:08","slug":"papa-leone-xiv-ai-giovani-di-taize-siate-costruttori-di-pace-e-portatori-di-speranza","status":"publish","type":"post","link":"https:\/\/exaudi.org\/it\/papa-leone-xiv-ai-giovani-di-taize-siate-costruttori-di-pace-e-portatori-di-speranza\/","title":{"rendered":"Papa Leone XIV ai giovani di Taiz\u00e9: Siate costruttori di pace e portatori di speranza"},"content":{"rendered":"<p><span dir=\"auto\" style=\"vertical-align: inherit\"><span dir=\"auto\" style=\"vertical-align: inherit\">Di seguito il testo del messaggio che il Cardinale Segretario di Stato Pietro Parolin ha inviato, a nome di Papa Leone XIV, in occasione del 48\u00b0 Incontro europeo dei giovani organizzato dalla Comunit\u00e0 di Taiz\u00e9 a Parigi (28 dicembre 2025 &#8211; 1\u00b0 gennaio 2026) ai circa 15.000 partecipanti, di et\u00e0 compresa tra i 18 e i 35 anni, che, invitati dalle Chiese europee di varie confessioni, si riuniranno per pregare e condividere in uno spirito di festa e amicizia. Ha inoltre inviato loro i suoi saluti, assicurando loro la sua vicinanza spirituale.<\/span><\/span><\/p>\n<p><span dir=\"auto\" style=\"vertical-align: inherit\"><span dir=\"auto\" style=\"vertical-align: inherit\">Leone XIV espresse il desiderio che i momenti di preghiera e di condivisione li aiutassero ad approfondire la fede e a discernere come vivere il Vangelo nella realt\u00e0 concreta.<\/span><\/span><\/p>\n<p><span dir=\"auto\" style=\"vertical-align: inherit\"><span dir=\"auto\" style=\"vertical-align: inherit\">***<\/span><\/span><\/p>\n<h3><strong><span dir=\"auto\" style=\"vertical-align: inherit\"><span dir=\"auto\" style=\"vertical-align: inherit\">Messaggio<\/span><\/span><\/strong><\/h3>\n<p><span dir=\"auto\" style=\"vertical-align: inherit\"><span dir=\"auto\" style=\"vertical-align: inherit\">Cari giovani, in occasione dell&#8217;Incontro europeo organizzato dalla Comunit\u00e0 di Taiz\u00e9, Sua Santit\u00e0 Papa Leone XIV mi ha chiesto di trasmettervi il suo caloroso saluto e l&#8217;assicurazione della sua vicinanza spirituale. Il vostro incontro segna una nuova tappa nel &#8220;Pellegrinaggio di fiducia sulla terra&#8221; che Fr\u00e8re Roger ha iniziato quasi mezzo secolo fa proprio in questa citt\u00e0 di Parigi. Il Santo Padre \u00e8 lieto di sapere che siete riuniti in una citt\u00e0 segnata da una ricca eredit\u00e0 religiosa, forgiata nel corso dei secoli dalla luminosa testimonianza di tante figure sante che, ciascuna a modo suo, hanno risposto con coraggio alla chiamata di Cristo.<\/span><\/span><\/p>\n<p><span dir=\"auto\" style=\"vertical-align: inherit\"><span dir=\"auto\" style=\"vertical-align: inherit\">Il tema della Lettera di quest&#8217;anno, scritta da Fratel Matthew, Priore di Taiz\u00e9, &#8220;Che cosa cercate?&#8221;, \u00e8 legato a una domanda essenziale che alberga nel cuore di ogni essere umano. Il Santo Padre vi invita a non temere questa domanda, ma a portarla con voi nella preghiera e nel silenzio, convinti che Cristo cammina accanto a voi e si lascia trovare da coloro che lo cercano con cuore sincero.<\/span><\/span><\/p>\n<p><span dir=\"auto\" style=\"vertical-align: inherit\"><span dir=\"auto\" style=\"vertical-align: inherit\">Alla fine di quest&#8217;anno, segnato da tante prove per la nostra famiglia umana, la generosa ospitalit\u00e0 che state ricevendo a Parigi da credenti di ogni estrazione sociale e da persone di buona volont\u00e0 \u00e8 un messaggio potente per il mondo. Possano i momenti di preghiera e di comunione che vivrete in questi giorni aiutarvi ad approfondire la vostra fede, discernendo sempre di pi\u00f9 come vivere il Vangelo nella realt\u00e0 concreta delle vostre vite.<\/span><\/span><\/p>\n<p><span dir=\"auto\" style=\"vertical-align: inherit\"><span dir=\"auto\" style=\"vertical-align: inherit\">Questo incontro si svolge anche in un momento ecclesiale particolare, segnato dalla chiusura di un Anno Giubilare e dalle commemorazioni del 1700\u00b0 anniversario del Concilio di Nicea. Come ha recentemente ricordato Papa Leone XIV durante l&#8217;incontro di preghiera ecumenico a Iznik, &#8220;La riconciliazione \u00e8 oggi una chiamata che proviene da tutta l&#8217;umanit\u00e0 afflitta da conflitti e violenze. Il desiderio di piena comunione tra tutti i credenti in Ges\u00f9 Cristo si accompagna sempre alla ricerca della fraternit\u00e0 tra tutti gli esseri umani&#8221;. Il Santo Padre vi incoraggia a diventare pellegrini di fiducia, costruttori di pace e riconciliazione, capaci di portare una speranza umile e gioiosa a quanti vi circondano. Affidandovi, insieme alla Comunit\u00e0 di Taiz\u00e9 e alla sua missione ecumenica, all&#8217;intercessione della Vergine Maria, vi imparte di cuore la sua Benedizione Apostolica.<\/span><\/span><\/p>\n","protected":false},"excerpt":{"rendered":"<p>48\u00b0 Incontro europeo organizzato alla fine di ogni anno dalla Comunit\u00e0 di Taiz\u00e9<\/p>\n","protected":false},"author":17,"featured_media":151918,"comment_status":"closed","ping_status":"closed","sticky":false,"template":"","format":"standard","meta":{"_acf_changed":false,"_crdt_document":"","inline_featured_image":false,"footnotes":""},"categories":[67,117],"tags":[87339,23764,29103,5386,64787],"class_list":["post-151940","post","type-post","status-publish","format-standard","has-post-thumbnail","hentry","category-leone-xiv","category-messaggi","tag-fine-anno","tag-incontro-dei-giovani","tag-messaggio-del-papa","tag-taize-it","tag-trending-it-236"],"acf":[],"yoast_head":"<!-- This site is optimized with the Yoast SEO plugin v27.4 - https:\/\/yoast.com\/product\/yoast-seo-wordpress\/ -->\n<title>Papa Leone XIV ai giovani di Taiz\u00e9: Siate costruttori di pace e portatori di speranza &#8211; Exaudi<\/title>\n<meta name=\"robots\" content=\"index, follow, max-snippet:-1, max-image-preview:large, max-video-preview:-1\" \/>\n<link rel=\"canonical\" href=\"https:\/\/exaudi.org\/it\/papa-leone-xiv-ai-giovani-di-taize-siate-costruttori-di-pace-e-portatori-di-speranza\/\" \/>\n<meta property=\"og:locale\" content=\"it_IT\" \/>\n<meta property=\"og:type\" content=\"article\" \/>\n<meta property=\"og:title\" content=\"Papa Leone XIV ai giovani di Taiz\u00e9: Siate costruttori di pace e portatori di speranza &#8211; Exaudi\" \/>\n<meta property=\"og:description\" content=\"48\u00b0 Incontro europeo organizzato alla fine di ogni anno dalla Comunit\u00e0 di Taiz\u00e9\" \/>\n<meta property=\"og:url\" content=\"https:\/\/exaudi.org\/it\/papa-leone-xiv-ai-giovani-di-taize-siate-costruttori-di-pace-e-portatori-di-speranza\/\" \/>\n<meta property=\"og:site_name\" content=\"Exaudi\" \/>\n<meta property=\"article:publisher\" content=\"https:\/\/www.facebook.com\/ExaudiNews\" \/>\n<meta property=\"article:author\" content=\"https:\/\/www.facebook.com\/ExaudiNotizie\/\" \/>\n<meta property=\"article:published_time\" content=\"2025-12-28T16:11:08+00:00\" \/>\n<meta property=\"og:image\" content=\"https:\/\/exaudi.org\/wp-content\/uploads\/2025\/12\/cq5dam.thumbnail.cropped.1500.844-13.jpeg\" \/>\n\t<meta property=\"og:image:width\" content=\"1280\" \/>\n\t<meta property=\"og:image:height\" content=\"720\" \/>\n\t<meta property=\"og:image:type\" content=\"image\/jpeg\" \/>\n<meta name=\"author\" content=\"Exaudi Redazione\" \/>\n<meta name=\"twitter:card\" content=\"summary_large_image\" \/>\n<meta name=\"twitter:creator\" content=\"@Exaudi_Notizie\" \/>\n<meta name=\"twitter:site\" content=\"@Exaudi_News\" \/>\n<meta name=\"twitter:label1\" content=\"Scritto da\" \/>\n\t<meta name=\"twitter:data1\" content=\"Exaudi Redazione\" \/>\n\t<meta name=\"twitter:label2\" content=\"Tempo di lettura stimato\" \/>\n\t<meta name=\"twitter:data2\" content=\"2 minuti\" \/>\n<script type=\"application\/ld+json\" class=\"yoast-schema-graph\">{\"@context\":\"https:\\\/\\\/schema.org\",\"@graph\":[{\"@type\":\"Article\",\"@id\":\"https:\\\/\\\/exaudi.org\\\/it\\\/papa-leone-xiv-ai-giovani-di-taize-siate-costruttori-di-pace-e-portatori-di-speranza\\\/#article\",\"isPartOf\":{\"@id\":\"https:\\\/\\\/exaudi.org\\\/it\\\/papa-leone-xiv-ai-giovani-di-taize-siate-costruttori-di-pace-e-portatori-di-speranza\\\/\"},\"author\":{\"name\":\"Exaudi Redazione\",\"@id\":\"https:\\\/\\\/exaudi.org\\\/#\\\/schema\\\/person\\\/e1ab6ed07c01774724dd96f925f3a5f0\"},\"headline\":\"Papa Leone XIV ai giovani di Taiz\u00e9: Siate costruttori di pace e portatori di speranza\",\"datePublished\":\"2025-12-28T16:11:08+00:00\",\"mainEntityOfPage\":{\"@id\":\"https:\\\/\\\/exaudi.org\\\/it\\\/papa-leone-xiv-ai-giovani-di-taize-siate-costruttori-di-pace-e-portatori-di-speranza\\\/\"},\"wordCount\":508,\"image\":{\"@id\":\"https:\\\/\\\/exaudi.org\\\/it\\\/papa-leone-xiv-ai-giovani-di-taize-siate-costruttori-di-pace-e-portatori-di-speranza\\\/#primaryimage\"},\"thumbnailUrl\":\"https:\\\/\\\/exaudi.org\\\/wp-content\\\/uploads\\\/2025\\\/12\\\/cq5dam.thumbnail.cropped.1500.844-13.jpeg\",\"keywords\":[\"Fine anno\",\"Incontro dei Giovani\",\"Messaggio del Papa\",\"Taiz\u00e9\",\"Trending\"],\"articleSection\":[\"Leone XIV\",\"Messaggi\"],\"inLanguage\":\"it-IT\"},{\"@type\":\"WebPage\",\"@id\":\"https:\\\/\\\/exaudi.org\\\/it\\\/papa-leone-xiv-ai-giovani-di-taize-siate-costruttori-di-pace-e-portatori-di-speranza\\\/\",\"url\":\"https:\\\/\\\/exaudi.org\\\/it\\\/papa-leone-xiv-ai-giovani-di-taize-siate-costruttori-di-pace-e-portatori-di-speranza\\\/\",\"name\":\"Papa Leone XIV ai giovani di Taiz\u00e9: Siate costruttori di pace e portatori di speranza &#8211; Exaudi\",\"isPartOf\":{\"@id\":\"https:\\\/\\\/exaudi.org\\\/#website\"},\"primaryImageOfPage\":{\"@id\":\"https:\\\/\\\/exaudi.org\\\/it\\\/papa-leone-xiv-ai-giovani-di-taize-siate-costruttori-di-pace-e-portatori-di-speranza\\\/#primaryimage\"},\"image\":{\"@id\":\"https:\\\/\\\/exaudi.org\\\/it\\\/papa-leone-xiv-ai-giovani-di-taize-siate-costruttori-di-pace-e-portatori-di-speranza\\\/#primaryimage\"},\"thumbnailUrl\":\"https:\\\/\\\/exaudi.org\\\/wp-content\\\/uploads\\\/2025\\\/12\\\/cq5dam.thumbnail.cropped.1500.844-13.jpeg\",\"datePublished\":\"2025-12-28T16:11:08+00:00\",\"author\":{\"@id\":\"https:\\\/\\\/exaudi.org\\\/#\\\/schema\\\/person\\\/e1ab6ed07c01774724dd96f925f3a5f0\"},\"breadcrumb\":{\"@id\":\"https:\\\/\\\/exaudi.org\\\/it\\\/papa-leone-xiv-ai-giovani-di-taize-siate-costruttori-di-pace-e-portatori-di-speranza\\\/#breadcrumb\"},\"inLanguage\":\"it-IT\",\"potentialAction\":[{\"@type\":\"ReadAction\",\"target\":[\"https:\\\/\\\/exaudi.org\\\/it\\\/papa-leone-xiv-ai-giovani-di-taize-siate-costruttori-di-pace-e-portatori-di-speranza\\\/\"]}]},{\"@type\":\"ImageObject\",\"inLanguage\":\"it-IT\",\"@id\":\"https:\\\/\\\/exaudi.org\\\/it\\\/papa-leone-xiv-ai-giovani-di-taize-siate-costruttori-di-pace-e-portatori-di-speranza\\\/#primaryimage\",\"url\":\"https:\\\/\\\/exaudi.org\\\/wp-content\\\/uploads\\\/2025\\\/12\\\/cq5dam.thumbnail.cropped.1500.844-13.jpeg\",\"contentUrl\":\"https:\\\/\\\/exaudi.org\\\/wp-content\\\/uploads\\\/2025\\\/12\\\/cq5dam.thumbnail.cropped.1500.844-13.jpeg\",\"width\":1280,\"height\":720},{\"@type\":\"BreadcrumbList\",\"@id\":\"https:\\\/\\\/exaudi.org\\\/it\\\/papa-leone-xiv-ai-giovani-di-taize-siate-costruttori-di-pace-e-portatori-di-speranza\\\/#breadcrumb\",\"itemListElement\":[{\"@type\":\"ListItem\",\"position\":1,\"name\":\"Portada\",\"item\":\"https:\\\/\\\/exaudi.org\\\/it\\\/\"},{\"@type\":\"ListItem\",\"position\":2,\"name\":\"Papa Leone XIV ai giovani di Taiz\u00e9: Siate costruttori di pace e portatori di speranza\"}]},{\"@type\":\"WebSite\",\"@id\":\"https:\\\/\\\/exaudi.org\\\/#website\",\"url\":\"https:\\\/\\\/exaudi.org\\\/\",\"name\":\"Exaudi\",\"description\":\"News\",\"potentialAction\":[{\"@type\":\"SearchAction\",\"target\":{\"@type\":\"EntryPoint\",\"urlTemplate\":\"https:\\\/\\\/exaudi.org\\\/?s={search_term_string}\"},\"query-input\":{\"@type\":\"PropertyValueSpecification\",\"valueRequired\":true,\"valueName\":\"search_term_string\"}}],\"inLanguage\":\"it-IT\"},{\"@type\":\"Person\",\"@id\":\"https:\\\/\\\/exaudi.org\\\/#\\\/schema\\\/person\\\/e1ab6ed07c01774724dd96f925f3a5f0\",\"name\":\"Exaudi Redazione\",\"image\":{\"@type\":\"ImageObject\",\"inLanguage\":\"it-IT\",\"@id\":\"https:\\\/\\\/secure.gravatar.com\\\/avatar\\\/ad6774b3ada023bf5b939d64f45c94b3adf91502dd883507d469b4308a943bb3?s=96&d=mm&r=g\",\"url\":\"https:\\\/\\\/secure.gravatar.com\\\/avatar\\\/ad6774b3ada023bf5b939d64f45c94b3adf91502dd883507d469b4308a943bb3?s=96&d=mm&r=g\",\"contentUrl\":\"https:\\\/\\\/secure.gravatar.com\\\/avatar\\\/ad6774b3ada023bf5b939d64f45c94b3adf91502dd883507d469b4308a943bb3?s=96&d=mm&r=g\",\"caption\":\"Exaudi Redazione\"},\"description\":\"Che cosa \u00e8 Exaudi News? Exaudi News \u00e8 un agenzia cattolica internazionale che informa, istruisce e trasforma quotidianamente in spagnolo, inglese e italiano. Attraverso notizie, articoli di analisi e trasmissioni in diretta degli eventi del Papa, Exaudi cerca di rafforzare l'unit\u00e0 dei cristiani e di contribuire all'evangelizzazione del mondo, sempre guidato dalla dottrina sociale della Chiesa. Lavoriamo per portare la verit\u00e0 e i valori cristiani in ogni angolo del pianeta. Aiutaci a trasformare il mondo con Exaudi! Noi di Exaudi crediamo che l'evangelizzazione e l'informazione di qualit\u00e0 possano cambiare la vita. Per continuare la nostra missione ed espandere la nostra portata, abbiamo bisogno del tuo aiuto. Stiamo anche cercando persone motivate che vogliano unirsi al nostro team. Grazie al vostro sostegno raggiungeremo pi\u00f9 persone, diffonderemo il messaggio di Cristo e rafforzeremo l'unit\u00e0 dei cristiani. Vuoi unirti alla nostra missione? Per maggiori informazioni su come contribuire, visita Exaudi.org\\\/it o contattaci direttamente: info@exaudi.org Exaudi: informa, forma e trasforma.\",\"sameAs\":[\"https:\\\/\\\/www.facebook.com\\\/ExaudiNotizie\\\/\",\"https:\\\/\\\/www.instagram.com\\\/Exaudi_notizie\\\/\",\"https:\\\/\\\/x.com\\\/Exaudi_Notizie\",\"https:\\\/\\\/www.youtube.com\\\/@exaudicatholicnews\"],\"url\":\"https:\\\/\\\/exaudi.org\\\/it\\\/author\\\/dlvedi-org\\\/\"}]}<\/script>\n<!-- \/ Yoast SEO plugin. -->","yoast_head_json":{"title":"Papa Leone XIV ai giovani di Taiz\u00e9: Siate costruttori di pace e portatori di speranza &#8211; Exaudi","robots":{"index":"index","follow":"follow","max-snippet":"max-snippet:-1","max-image-preview":"max-image-preview:large","max-video-preview":"max-video-preview:-1"},"canonical":"https:\/\/exaudi.org\/it\/papa-leone-xiv-ai-giovani-di-taize-siate-costruttori-di-pace-e-portatori-di-speranza\/","og_locale":"it_IT","og_type":"article","og_title":"Papa Leone XIV ai giovani di Taiz\u00e9: Siate costruttori di pace e portatori di speranza &#8211; Exaudi","og_description":"48\u00b0 Incontro europeo organizzato alla fine di ogni anno dalla Comunit\u00e0 di Taiz\u00e9","og_url":"https:\/\/exaudi.org\/it\/papa-leone-xiv-ai-giovani-di-taize-siate-costruttori-di-pace-e-portatori-di-speranza\/","og_site_name":"Exaudi","article_publisher":"https:\/\/www.facebook.com\/ExaudiNews","article_author":"https:\/\/www.facebook.com\/ExaudiNotizie\/","article_published_time":"2025-12-28T16:11:08+00:00","og_image":[{"width":1280,"height":720,"url":"https:\/\/exaudi.org\/wp-content\/uploads\/2025\/12\/cq5dam.thumbnail.cropped.1500.844-13.jpeg","type":"image\/jpeg"}],"author":"Exaudi Redazione","twitter_card":"summary_large_image","twitter_creator":"@Exaudi_Notizie","twitter_site":"@Exaudi_News","twitter_misc":{"Scritto da":"Exaudi Redazione","Tempo di lettura stimato":"2 minuti"},"schema":{"@context":"https:\/\/schema.org","@graph":[{"@type":"Article","@id":"https:\/\/exaudi.org\/it\/papa-leone-xiv-ai-giovani-di-taize-siate-costruttori-di-pace-e-portatori-di-speranza\/#article","isPartOf":{"@id":"https:\/\/exaudi.org\/it\/papa-leone-xiv-ai-giovani-di-taize-siate-costruttori-di-pace-e-portatori-di-speranza\/"},"author":{"name":"Exaudi Redazione","@id":"https:\/\/exaudi.org\/#\/schema\/person\/e1ab6ed07c01774724dd96f925f3a5f0"},"headline":"Papa Leone XIV ai giovani di Taiz\u00e9: Siate costruttori di pace e portatori di speranza","datePublished":"2025-12-28T16:11:08+00:00","mainEntityOfPage":{"@id":"https:\/\/exaudi.org\/it\/papa-leone-xiv-ai-giovani-di-taize-siate-costruttori-di-pace-e-portatori-di-speranza\/"},"wordCount":508,"image":{"@id":"https:\/\/exaudi.org\/it\/papa-leone-xiv-ai-giovani-di-taize-siate-costruttori-di-pace-e-portatori-di-speranza\/#primaryimage"},"thumbnailUrl":"https:\/\/exaudi.org\/wp-content\/uploads\/2025\/12\/cq5dam.thumbnail.cropped.1500.844-13.jpeg","keywords":["Fine anno","Incontro dei Giovani","Messaggio del Papa","Taiz\u00e9","Trending"],"articleSection":["Leone XIV","Messaggi"],"inLanguage":"it-IT"},{"@type":"WebPage","@id":"https:\/\/exaudi.org\/it\/papa-leone-xiv-ai-giovani-di-taize-siate-costruttori-di-pace-e-portatori-di-speranza\/","url":"https:\/\/exaudi.org\/it\/papa-leone-xiv-ai-giovani-di-taize-siate-costruttori-di-pace-e-portatori-di-speranza\/","name":"Papa Leone XIV ai giovani di Taiz\u00e9: Siate costruttori di pace e portatori di speranza &#8211; Exaudi","isPartOf":{"@id":"https:\/\/exaudi.org\/#website"},"primaryImageOfPage":{"@id":"https:\/\/exaudi.org\/it\/papa-leone-xiv-ai-giovani-di-taize-siate-costruttori-di-pace-e-portatori-di-speranza\/#primaryimage"},"image":{"@id":"https:\/\/exaudi.org\/it\/papa-leone-xiv-ai-giovani-di-taize-siate-costruttori-di-pace-e-portatori-di-speranza\/#primaryimage"},"thumbnailUrl":"https:\/\/exaudi.org\/wp-content\/uploads\/2025\/12\/cq5dam.thumbnail.cropped.1500.844-13.jpeg","datePublished":"2025-12-28T16:11:08+00:00","author":{"@id":"https:\/\/exaudi.org\/#\/schema\/person\/e1ab6ed07c01774724dd96f925f3a5f0"},"breadcrumb":{"@id":"https:\/\/exaudi.org\/it\/papa-leone-xiv-ai-giovani-di-taize-siate-costruttori-di-pace-e-portatori-di-speranza\/#breadcrumb"},"inLanguage":"it-IT","potentialAction":[{"@type":"ReadAction","target":["https:\/\/exaudi.org\/it\/papa-leone-xiv-ai-giovani-di-taize-siate-costruttori-di-pace-e-portatori-di-speranza\/"]}]},{"@type":"ImageObject","inLanguage":"it-IT","@id":"https:\/\/exaudi.org\/it\/papa-leone-xiv-ai-giovani-di-taize-siate-costruttori-di-pace-e-portatori-di-speranza\/#primaryimage","url":"https:\/\/exaudi.org\/wp-content\/uploads\/2025\/12\/cq5dam.thumbnail.cropped.1500.844-13.jpeg","contentUrl":"https:\/\/exaudi.org\/wp-content\/uploads\/2025\/12\/cq5dam.thumbnail.cropped.1500.844-13.jpeg","width":1280,"height":720},{"@type":"BreadcrumbList","@id":"https:\/\/exaudi.org\/it\/papa-leone-xiv-ai-giovani-di-taize-siate-costruttori-di-pace-e-portatori-di-speranza\/#breadcrumb","itemListElement":[{"@type":"ListItem","position":1,"name":"Portada","item":"https:\/\/exaudi.org\/it\/"},{"@type":"ListItem","position":2,"name":"Papa Leone XIV ai giovani di Taiz\u00e9: Siate costruttori di pace e portatori di speranza"}]},{"@type":"WebSite","@id":"https:\/\/exaudi.org\/#website","url":"https:\/\/exaudi.org\/","name":"Exaudi","description":"News","potentialAction":[{"@type":"SearchAction","target":{"@type":"EntryPoint","urlTemplate":"https:\/\/exaudi.org\/?s={search_term_string}"},"query-input":{"@type":"PropertyValueSpecification","valueRequired":true,"valueName":"search_term_string"}}],"inLanguage":"it-IT"},{"@type":"Person","@id":"https:\/\/exaudi.org\/#\/schema\/person\/e1ab6ed07c01774724dd96f925f3a5f0","name":"Exaudi Redazione","image":{"@type":"ImageObject","inLanguage":"it-IT","@id":"https:\/\/secure.gravatar.com\/avatar\/ad6774b3ada023bf5b939d64f45c94b3adf91502dd883507d469b4308a943bb3?s=96&d=mm&r=g","url":"https:\/\/secure.gravatar.com\/avatar\/ad6774b3ada023bf5b939d64f45c94b3adf91502dd883507d469b4308a943bb3?s=96&d=mm&r=g","contentUrl":"https:\/\/secure.gravatar.com\/avatar\/ad6774b3ada023bf5b939d64f45c94b3adf91502dd883507d469b4308a943bb3?s=96&d=mm&r=g","caption":"Exaudi Redazione"},"description":"Che cosa \u00e8 Exaudi News? Exaudi News \u00e8 un agenzia cattolica internazionale che informa, istruisce e trasforma quotidianamente in spagnolo, inglese e italiano. Attraverso notizie, articoli di analisi e trasmissioni in diretta degli eventi del Papa, Exaudi cerca di rafforzare l'unit\u00e0 dei cristiani e di contribuire all'evangelizzazione del mondo, sempre guidato dalla dottrina sociale della Chiesa. Lavoriamo per portare la verit\u00e0 e i valori cristiani in ogni angolo del pianeta. Aiutaci a trasformare il mondo con Exaudi! Noi di Exaudi crediamo che l'evangelizzazione e l'informazione di qualit\u00e0 possano cambiare la vita. Per continuare la nostra missione ed espandere la nostra portata, abbiamo bisogno del tuo aiuto. Stiamo anche cercando persone motivate che vogliano unirsi al nostro team. Grazie al vostro sostegno raggiungeremo pi\u00f9 persone, diffonderemo il messaggio di Cristo e rafforzeremo l'unit\u00e0 dei cristiani. Vuoi unirti alla nostra missione? Per maggiori informazioni su come contribuire, visita Exaudi.org\/it o contattaci direttamente: info@exaudi.org Exaudi: informa, forma e trasforma.","sameAs":["https:\/\/www.facebook.com\/ExaudiNotizie\/","https:\/\/www.instagram.com\/Exaudi_notizie\/","https:\/\/x.com\/Exaudi_Notizie","https:\/\/www.youtube.com\/@exaudicatholicnews"],"url":"https:\/\/exaudi.org\/it\/author\/dlvedi-org\/"}]}},"jetpack_featured_media_url":"https:\/\/exaudi.org\/wp-content\/uploads\/2025\/12\/cq5dam.thumbnail.cropped.1500.844-13.jpeg","jetpack_shortlink":"https:\/\/wp.me\/pgKjF2-DwE","_links":{"self":[{"href":"https:\/\/exaudi.org\/it\/wp-json\/wp\/v2\/posts\/151940","targetHints":{"allow":["GET"]}}],"collection":[{"href":"https:\/\/exaudi.org\/it\/wp-json\/wp\/v2\/posts"}],"about":[{"href":"https:\/\/exaudi.org\/it\/wp-json\/wp\/v2\/types\/post"}],"author":[{"embeddable":true,"href":"https:\/\/exaudi.org\/it\/wp-json\/wp\/v2\/users\/17"}],"replies":[{"embeddable":true,"href":"https:\/\/exaudi.org\/it\/wp-json\/wp\/v2\/comments?post=151940"}],"version-history":[{"count":3,"href":"https:\/\/exaudi.org\/it\/wp-json\/wp\/v2\/posts\/151940\/revisions"}],"predecessor-version":[{"id":151943,"href":"https:\/\/exaudi.org\/it\/wp-json\/wp\/v2\/posts\/151940\/revisions\/151943"}],"wp:featuredmedia":[{"embeddable":true,"href":"https:\/\/exaudi.org\/it\/wp-json\/wp\/v2\/media\/151918"}],"wp:attachment":[{"href":"https:\/\/exaudi.org\/it\/wp-json\/wp\/v2\/media?parent=151940"}],"wp:term":[{"taxonomy":"category","embeddable":true,"href":"https:\/\/exaudi.org\/it\/wp-json\/wp\/v2\/categories?post=151940"},{"taxonomy":"post_tag","embeddable":true,"href":"https:\/\/exaudi.org\/it\/wp-json\/wp\/v2\/tags?post=151940"}],"curies":[{"name":"wp","href":"https:\/\/api.w.org\/{rel}","templated":true}]}}