{"id":151746,"date":"2025-12-25T19:07:45","date_gmt":"2025-12-25T18:07:45","guid":{"rendered":"https:\/\/exaudi.org\/?p=151746"},"modified":"2025-12-25T19:07:45","modified_gmt":"2025-12-25T18:07:45","slug":"riflessione-del-vescovo-enrique-diaz-oggi-e-nato-per-noi-il-salvatore","status":"publish","type":"post","link":"https:\/\/exaudi.org\/it\/riflessione-del-vescovo-enrique-diaz-oggi-e-nato-per-noi-il-salvatore\/","title":{"rendered":"Riflessione del Vescovo Enrique D\u00edaz: \u201cOggi \u00e8 nato per noi il Salvatore\u201d"},"content":{"rendered":"<p><span dir=\"auto\"><span dir=\"auto\" style=\"vertical-align: inherit\"><span dir=\"auto\" style=\"vertical-align: inherit\">Monsignor Enrique D\u00edaz D\u00edaz condivide con i lettori di Exaudi la sua riflessione sul\u00a0 <\/span><\/span><a href=\"https:\/\/www.dominicos.org\/predicacion\/evangelio-del-dia\/hoy\/lecturas\/\" target=\"_blank\" rel=\"noopener\"><span dir=\"auto\" style=\"vertical-align: inherit\"><span dir=\"auto\" style=\"vertical-align: inherit\">Vangelo di questo gioved\u00ec 25 dicembre 2025<\/span><\/span><\/a><span dir=\"auto\" style=\"vertical-align: inherit\"><span dir=\"auto\" style=\"vertical-align: inherit\">,\u00a0 <\/span><\/span><\/span><span dir=\"auto\"><span dir=\"auto\" style=\"vertical-align: inherit\"><span dir=\"auto\" style=\"vertical-align: inherit\">intitolato: \u201cOggi \u00e8 nato per noi il Salvatore\u201d<\/span><\/span><\/span><em><span dir=\"auto\"><span dir=\"auto\" style=\"vertical-align: inherit\"><span dir=\"auto\" style=\"vertical-align: inherit\">.<\/span><\/span><\/span><\/em><\/p>\n<p><span dir=\"auto\"><span dir=\"auto\" style=\"vertical-align: inherit\"><span dir=\"auto\" style=\"vertical-align: inherit\">***<\/span><\/span><\/span><\/p>\n<p><span dir=\"auto\" style=\"vertical-align: inherit\"><span dir=\"auto\" style=\"vertical-align: inherit\">Isaia 9:1-3, 5-6:\u00a0 <\/span><\/span><em><span dir=\"auto\" style=\"vertical-align: inherit\"><span dir=\"auto\" style=\"vertical-align: inherit\">\u201cUn figlio ci \u00e8 stato dato\u201d.<\/span><\/span><\/em><\/p>\n<p><span dir=\"auto\" style=\"vertical-align: inherit\"><span dir=\"auto\" style=\"vertical-align: inherit\">Salmo 95:\u00a0 <\/span><\/span><em><span dir=\"auto\" style=\"vertical-align: inherit\"><span dir=\"auto\" style=\"vertical-align: inherit\">\u201cOggi \u00e8 nato per noi un Salvatore\u201d<\/span><\/span><\/em><\/p>\n<p><span dir=\"auto\" style=\"vertical-align: inherit\"><span dir=\"auto\" style=\"vertical-align: inherit\">Tito 2:11-14:\u00a0 <\/span><\/span><em><span dir=\"auto\" style=\"vertical-align: inherit\"><span dir=\"auto\" style=\"vertical-align: inherit\">\u201cLa grazia di Dio \u00e8 apparsa a tutti gli uomini\u201d<\/span><\/span><\/em><\/p>\n<p><span dir=\"auto\" style=\"vertical-align: inherit\"><span dir=\"auto\" style=\"vertical-align: inherit\">Luca 2,1-14:\u00a0 <\/span><\/span><em><span dir=\"auto\" style=\"vertical-align: inherit\"><span dir=\"auto\" style=\"vertical-align: inherit\">\u00abOggi \u00e8 nato per noi il Salvatore\u00bb<\/span><\/span><\/em><\/p>\n<p><em><span dir=\"auto\" style=\"vertical-align: inherit\"><span dir=\"auto\" style=\"vertical-align: inherit\">\u201cOggi una luce risplende per noi, perch\u00e9 ci \u00e8 nato il Signore, chiamato Consigliere ammirabile, Dio, Principe della pace, Padre del mondo futuro, e il suo regno non avr\u00e0 fine\u201d.<\/span><\/span><\/em><\/p>\n<p><span dir=\"auto\" style=\"vertical-align: inherit\"><span dir=\"auto\" style=\"vertical-align: inherit\">Oggi tutto \u00e8 gioia: il Figlio di Dio ha piantato la sua tenda in mezzo a noi. Ha assunto la carne di una vergine ed \u00e8 entrato nella storia come uno di noi. Una luce ha brillato nelle tenebre e ha illuminato tutte le ombre dell&#8217;umanit\u00e0. Oggi la storia dell&#8217;intero universo cambia. Diventando il Dio bambino, Egli ci dona la possibilit\u00e0 di diventare noi stessi &#8220;Figli di Dio&#8221;. Lasciamoci stupire anche oggi dal canto gioioso degli angeli. Corriamo anche noi come i pastori per trovare il Dio fatto bambino in mezzo alla pula. Da tanto tempo lo avevano predetto i profeti! Da tanto tempo lo attendevano tutti i popoli! Ora eccolo in mezzo a noi, trasformando la nostra umanit\u00e0 e dandole senso. Il nostro Salvatore \u00e8 venuto, e noi abbiamo aperto i nostri cuori per fare spazio a Colui che viene a salvarci. Non ci sar\u00e0 pi\u00f9 un pellegrino in solitudine, perch\u00e9 i passi del Divino Pellegrino si uniscono al passo del migrante e del solitario. Non ci saranno pi\u00f9 vite senza senso, perch\u00e9 la Verit\u00e0 e la Vita vengono a riempire di pienezza le nostre vite vuote. Non ci sar\u00e0 pi\u00f9 paura del male perch\u00e9 questa Luce vince ogni tenebra. Ma dobbiamo farla nostra, la nostra verit\u00e0, la nostra vita\u2026 perch\u00e9 altrimenti, anche noi meriteremo il rimprovero dell\u2019evangelista: \u00abVenne fra la sua gente, e la sua gente non lo accolse\u00bb. Oggi, cantiamo con gli angeli la gioiosa melodia: \u00abGloria a Dio nel pi\u00f9 alto dei cieli e pace in terra agli uomini di buona volont\u00e0\u00bb. Che la nostra volont\u00e0 e la nostra gioia si uniscano alla volont\u00e0 e alla vera gioia del nostro Dio Buono. Che anche noi, come i pastori, possiamo tornare cantando, lodando e glorificando Dio, che possiamo tornare ai nostri campi per riempirli di gioia, pace e felicit\u00e0. Buon Natale a tutti voi! Congratulazioni, perch\u00e9 oggi Dio \u00e8 con noi!<\/span><\/span><\/p>\n","protected":false},"excerpt":{"rendered":"<p>25 dicembre, Natale del Signore<\/p>\n","protected":false},"author":25,"featured_media":151711,"comment_status":"closed","ping_status":"closed","sticky":false,"template":"","format":"standard","meta":{"_acf_changed":false,"_crdt_document":"","inline_featured_image":false,"footnotes":""},"categories":[73,95],"tags":[10807,10963,87277,64787,706],"class_list":["post-151746","post","type-post","status-publish","format-standard","has-post-thumbnail","hentry","category-chiesa-e-mondo","category-spiritualita","tag-commento","tag-enrique-diaz-2","tag-natale-del-signore","tag-trending-it-236","tag-vangelo"],"acf":[],"yoast_head":"<!-- This site is optimized with the Yoast SEO plugin v27.5 - https:\/\/yoast.com\/product\/yoast-seo-wordpress\/ -->\n<title>Riflessione del Vescovo Enrique D\u00edaz: \u201cOggi \u00e8 nato per noi il Salvatore\u201d &#8211; Exaudi<\/title>\n<meta name=\"robots\" content=\"index, follow, max-snippet:-1, max-image-preview:large, max-video-preview:-1\" \/>\n<link rel=\"canonical\" href=\"https:\/\/exaudi.org\/it\/riflessione-del-vescovo-enrique-diaz-oggi-e-nato-per-noi-il-salvatore\/\" \/>\n<meta property=\"og:locale\" content=\"it_IT\" \/>\n<meta property=\"og:type\" content=\"article\" \/>\n<meta property=\"og:title\" content=\"Riflessione del Vescovo Enrique D\u00edaz: \u201cOggi \u00e8 nato per noi il Salvatore\u201d &#8211; Exaudi\" \/>\n<meta property=\"og:description\" content=\"25 dicembre, Natale del Signore\" \/>\n<meta property=\"og:url\" content=\"https:\/\/exaudi.org\/it\/riflessione-del-vescovo-enrique-diaz-oggi-e-nato-per-noi-il-salvatore\/\" \/>\n<meta property=\"og:site_name\" content=\"Exaudi\" \/>\n<meta property=\"article:publisher\" content=\"https:\/\/www.facebook.com\/ExaudiNews\" \/>\n<meta property=\"article:published_time\" content=\"2025-12-25T18:07:45+00:00\" \/>\n<meta property=\"og:image\" content=\"https:\/\/exaudi.org\/wp-content\/uploads\/2025\/12\/christmas-6779497_1280.jpg\" \/>\n\t<meta property=\"og:image:width\" content=\"1280\" \/>\n\t<meta property=\"og:image:height\" content=\"640\" \/>\n\t<meta property=\"og:image:type\" content=\"image\/jpeg\" \/>\n<meta name=\"author\" content=\"Enrique D\u00edaz\" \/>\n<meta name=\"twitter:card\" content=\"summary_large_image\" \/>\n<meta name=\"twitter:creator\" content=\"@Exaudi_News\" \/>\n<meta name=\"twitter:site\" content=\"@Exaudi_News\" \/>\n<meta name=\"twitter:label1\" content=\"Scritto da\" \/>\n\t<meta name=\"twitter:data1\" content=\"Enrique D\u00edaz\" \/>\n\t<meta name=\"twitter:label2\" content=\"Tempo di lettura stimato\" \/>\n\t<meta name=\"twitter:data2\" content=\"2 minuti\" \/>\n<script type=\"application\/ld+json\" class=\"yoast-schema-graph\">{\"@context\":\"https:\\\/\\\/schema.org\",\"@graph\":[{\"@type\":\"Article\",\"@id\":\"https:\\\/\\\/exaudi.org\\\/it\\\/riflessione-del-vescovo-enrique-diaz-oggi-e-nato-per-noi-il-salvatore\\\/#article\",\"isPartOf\":{\"@id\":\"https:\\\/\\\/exaudi.org\\\/it\\\/riflessione-del-vescovo-enrique-diaz-oggi-e-nato-per-noi-il-salvatore\\\/\"},\"author\":{\"name\":\"Enrique D\u00edaz\",\"@id\":\"https:\\\/\\\/exaudi.org\\\/#\\\/schema\\\/person\\\/c02ffbd10830fa375f6882f7dcf1844d\"},\"headline\":\"Riflessione del Vescovo Enrique D\u00edaz: \u201cOggi \u00e8 nato per noi il Salvatore\u201d\",\"datePublished\":\"2025-12-25T18:07:45+00:00\",\"mainEntityOfPage\":{\"@id\":\"https:\\\/\\\/exaudi.org\\\/it\\\/riflessione-del-vescovo-enrique-diaz-oggi-e-nato-per-noi-il-salvatore\\\/\"},\"wordCount\":416,\"image\":{\"@id\":\"https:\\\/\\\/exaudi.org\\\/it\\\/riflessione-del-vescovo-enrique-diaz-oggi-e-nato-per-noi-il-salvatore\\\/#primaryimage\"},\"thumbnailUrl\":\"https:\\\/\\\/exaudi.org\\\/wp-content\\\/uploads\\\/2025\\\/12\\\/christmas-6779497_1280.jpg\",\"keywords\":[\"Commento\",\"ENRIQUE D\u00cdAZ\",\"Natale del Signore\",\"Trending\",\"Vangelo\"],\"articleSection\":[\"Chiesa e Mondo\",\"Spiritualit\u00e0\"],\"inLanguage\":\"it-IT\"},{\"@type\":\"WebPage\",\"@id\":\"https:\\\/\\\/exaudi.org\\\/it\\\/riflessione-del-vescovo-enrique-diaz-oggi-e-nato-per-noi-il-salvatore\\\/\",\"url\":\"https:\\\/\\\/exaudi.org\\\/it\\\/riflessione-del-vescovo-enrique-diaz-oggi-e-nato-per-noi-il-salvatore\\\/\",\"name\":\"Riflessione del Vescovo Enrique D\u00edaz: \u201cOggi \u00e8 nato per noi il Salvatore\u201d &#8211; Exaudi\",\"isPartOf\":{\"@id\":\"https:\\\/\\\/exaudi.org\\\/#website\"},\"primaryImageOfPage\":{\"@id\":\"https:\\\/\\\/exaudi.org\\\/it\\\/riflessione-del-vescovo-enrique-diaz-oggi-e-nato-per-noi-il-salvatore\\\/#primaryimage\"},\"image\":{\"@id\":\"https:\\\/\\\/exaudi.org\\\/it\\\/riflessione-del-vescovo-enrique-diaz-oggi-e-nato-per-noi-il-salvatore\\\/#primaryimage\"},\"thumbnailUrl\":\"https:\\\/\\\/exaudi.org\\\/wp-content\\\/uploads\\\/2025\\\/12\\\/christmas-6779497_1280.jpg\",\"datePublished\":\"2025-12-25T18:07:45+00:00\",\"author\":{\"@id\":\"https:\\\/\\\/exaudi.org\\\/#\\\/schema\\\/person\\\/c02ffbd10830fa375f6882f7dcf1844d\"},\"breadcrumb\":{\"@id\":\"https:\\\/\\\/exaudi.org\\\/it\\\/riflessione-del-vescovo-enrique-diaz-oggi-e-nato-per-noi-il-salvatore\\\/#breadcrumb\"},\"inLanguage\":\"it-IT\",\"potentialAction\":[{\"@type\":\"ReadAction\",\"target\":[\"https:\\\/\\\/exaudi.org\\\/it\\\/riflessione-del-vescovo-enrique-diaz-oggi-e-nato-per-noi-il-salvatore\\\/\"]}]},{\"@type\":\"ImageObject\",\"inLanguage\":\"it-IT\",\"@id\":\"https:\\\/\\\/exaudi.org\\\/it\\\/riflessione-del-vescovo-enrique-diaz-oggi-e-nato-per-noi-il-salvatore\\\/#primaryimage\",\"url\":\"https:\\\/\\\/exaudi.org\\\/wp-content\\\/uploads\\\/2025\\\/12\\\/christmas-6779497_1280.jpg\",\"contentUrl\":\"https:\\\/\\\/exaudi.org\\\/wp-content\\\/uploads\\\/2025\\\/12\\\/christmas-6779497_1280.jpg\",\"width\":1280,\"height\":640},{\"@type\":\"BreadcrumbList\",\"@id\":\"https:\\\/\\\/exaudi.org\\\/it\\\/riflessione-del-vescovo-enrique-diaz-oggi-e-nato-per-noi-il-salvatore\\\/#breadcrumb\",\"itemListElement\":[{\"@type\":\"ListItem\",\"position\":1,\"name\":\"Portada\",\"item\":\"https:\\\/\\\/exaudi.org\\\/it\\\/\"},{\"@type\":\"ListItem\",\"position\":2,\"name\":\"Riflessione del Vescovo Enrique D\u00edaz: \u201cOggi \u00e8 nato per noi il Salvatore\u201d\"}]},{\"@type\":\"WebSite\",\"@id\":\"https:\\\/\\\/exaudi.org\\\/#website\",\"url\":\"https:\\\/\\\/exaudi.org\\\/\",\"name\":\"Exaudi\",\"description\":\"News\",\"potentialAction\":[{\"@type\":\"SearchAction\",\"target\":{\"@type\":\"EntryPoint\",\"urlTemplate\":\"https:\\\/\\\/exaudi.org\\\/?s={search_term_string}\"},\"query-input\":{\"@type\":\"PropertyValueSpecification\",\"valueRequired\":true,\"valueName\":\"search_term_string\"}}],\"inLanguage\":\"it-IT\"},{\"@type\":\"Person\",\"@id\":\"https:\\\/\\\/exaudi.org\\\/#\\\/schema\\\/person\\\/c02ffbd10830fa375f6882f7dcf1844d\",\"name\":\"Enrique D\u00edaz\",\"image\":{\"@type\":\"ImageObject\",\"inLanguage\":\"it-IT\",\"@id\":\"https:\\\/\\\/secure.gravatar.com\\\/avatar\\\/7ca10be5325a95d04b74082d68ba605aa69611eb0f68f47096cb1bc349873284?s=96&d=mm&r=g\",\"url\":\"https:\\\/\\\/secure.gravatar.com\\\/avatar\\\/7ca10be5325a95d04b74082d68ba605aa69611eb0f68f47096cb1bc349873284?s=96&d=mm&r=g\",\"contentUrl\":\"https:\\\/\\\/secure.gravatar.com\\\/avatar\\\/7ca10be5325a95d04b74082d68ba605aa69611eb0f68f47096cb1bc349873284?s=96&d=mm&r=g\",\"caption\":\"Enrique D\u00edaz\"},\"description\":\"Naci\u00f3 en Huandacareo, Michoac\u00e1n, M\u00e9xico, en 1952. Realiz\u00f3 sus estudios de Filosof\u00eda y Teolog\u00eda en el Seminario de Morelia. Ordenado di\u00e1cono el 22 de mayo de 1977, y presb\u00edtero el 23 de octubre del mismo a\u00f1o. Obtuvo la Licenciatura en Sagrada Escritura en el Pontificio Instituto B\u00edblico en Roma. Ha desarrollado m\u00faltiples encargos pastorales como el de capell\u00e1n de la rector\u00eda de las Tres Aves Mar\u00edas; responsable de la Pastoral B\u00edblica Diocesana y director de la Escuela B\u00edblica en Morelia; maestro de Biblia en el Seminario Conciliar de Morelia, p\u00e1rroco de la Parroquia de Nuestra Se\u00f1ora de Guadalupe, Col. Guadalupe, Morelia; o vicario episcopal para la Zona de Nuestra Se\u00f1ora de la Luz, P\u00e1tzcuaro. Ordenado obispo auxiliar de san Crist\u00f3bal de las Casas en 2003. En la Conferencia Episcopal form\u00f3 parte de las Comisiones de Biblia, Diaconado y Ministerios Laicales. Fue responsable de las Dimensiones de Ministerios Laicales, de Educaci\u00f3n y Cultura. Ha participado en encuentros latinoamericanos y mundiales sobre el Diaconado Permanente. Actualmente es el responsable de la Dimensi\u00f3n de Pastoral de la Cultura. Particip\u00f3 como Miembro del S\u00ednodo de Obispos sobre la Palabra de Dios en la Vida y Misi\u00f3n de la Iglesia en Roma, en 2008. Recibi\u00f3 el nombramiento de obispo coadjutor de San Crist\u00f3bal de las Casas en 2014. Nombrado II obispo de Irapuato el d\u00eda 11 de marzo, tom\u00f3 posesi\u00f3n el 19 de Mayo. Colabora en varias revistas y publicaciones sobre todo con la reflexi\u00f3n diaria y dominical tanto en audio como escrita.\",\"url\":\"https:\\\/\\\/exaudi.org\\\/it\\\/author\\\/enriquediaz\\\/\"}]}<\/script>\n<!-- \/ Yoast SEO plugin. -->","yoast_head_json":{"title":"Riflessione del Vescovo Enrique D\u00edaz: \u201cOggi \u00e8 nato per noi il Salvatore\u201d &#8211; Exaudi","robots":{"index":"index","follow":"follow","max-snippet":"max-snippet:-1","max-image-preview":"max-image-preview:large","max-video-preview":"max-video-preview:-1"},"canonical":"https:\/\/exaudi.org\/it\/riflessione-del-vescovo-enrique-diaz-oggi-e-nato-per-noi-il-salvatore\/","og_locale":"it_IT","og_type":"article","og_title":"Riflessione del Vescovo Enrique D\u00edaz: \u201cOggi \u00e8 nato per noi il Salvatore\u201d &#8211; Exaudi","og_description":"25 dicembre, Natale del Signore","og_url":"https:\/\/exaudi.org\/it\/riflessione-del-vescovo-enrique-diaz-oggi-e-nato-per-noi-il-salvatore\/","og_site_name":"Exaudi","article_publisher":"https:\/\/www.facebook.com\/ExaudiNews","article_published_time":"2025-12-25T18:07:45+00:00","og_image":[{"width":1280,"height":640,"url":"https:\/\/exaudi.org\/wp-content\/uploads\/2025\/12\/christmas-6779497_1280.jpg","type":"image\/jpeg"}],"author":"Enrique D\u00edaz","twitter_card":"summary_large_image","twitter_creator":"@Exaudi_News","twitter_site":"@Exaudi_News","twitter_misc":{"Scritto da":"Enrique D\u00edaz","Tempo di lettura stimato":"2 minuti"},"schema":{"@context":"https:\/\/schema.org","@graph":[{"@type":"Article","@id":"https:\/\/exaudi.org\/it\/riflessione-del-vescovo-enrique-diaz-oggi-e-nato-per-noi-il-salvatore\/#article","isPartOf":{"@id":"https:\/\/exaudi.org\/it\/riflessione-del-vescovo-enrique-diaz-oggi-e-nato-per-noi-il-salvatore\/"},"author":{"name":"Enrique D\u00edaz","@id":"https:\/\/exaudi.org\/#\/schema\/person\/c02ffbd10830fa375f6882f7dcf1844d"},"headline":"Riflessione del Vescovo Enrique D\u00edaz: \u201cOggi \u00e8 nato per noi il Salvatore\u201d","datePublished":"2025-12-25T18:07:45+00:00","mainEntityOfPage":{"@id":"https:\/\/exaudi.org\/it\/riflessione-del-vescovo-enrique-diaz-oggi-e-nato-per-noi-il-salvatore\/"},"wordCount":416,"image":{"@id":"https:\/\/exaudi.org\/it\/riflessione-del-vescovo-enrique-diaz-oggi-e-nato-per-noi-il-salvatore\/#primaryimage"},"thumbnailUrl":"https:\/\/exaudi.org\/wp-content\/uploads\/2025\/12\/christmas-6779497_1280.jpg","keywords":["Commento","ENRIQUE D\u00cdAZ","Natale del Signore","Trending","Vangelo"],"articleSection":["Chiesa e Mondo","Spiritualit\u00e0"],"inLanguage":"it-IT"},{"@type":"WebPage","@id":"https:\/\/exaudi.org\/it\/riflessione-del-vescovo-enrique-diaz-oggi-e-nato-per-noi-il-salvatore\/","url":"https:\/\/exaudi.org\/it\/riflessione-del-vescovo-enrique-diaz-oggi-e-nato-per-noi-il-salvatore\/","name":"Riflessione del Vescovo Enrique D\u00edaz: \u201cOggi \u00e8 nato per noi il Salvatore\u201d &#8211; Exaudi","isPartOf":{"@id":"https:\/\/exaudi.org\/#website"},"primaryImageOfPage":{"@id":"https:\/\/exaudi.org\/it\/riflessione-del-vescovo-enrique-diaz-oggi-e-nato-per-noi-il-salvatore\/#primaryimage"},"image":{"@id":"https:\/\/exaudi.org\/it\/riflessione-del-vescovo-enrique-diaz-oggi-e-nato-per-noi-il-salvatore\/#primaryimage"},"thumbnailUrl":"https:\/\/exaudi.org\/wp-content\/uploads\/2025\/12\/christmas-6779497_1280.jpg","datePublished":"2025-12-25T18:07:45+00:00","author":{"@id":"https:\/\/exaudi.org\/#\/schema\/person\/c02ffbd10830fa375f6882f7dcf1844d"},"breadcrumb":{"@id":"https:\/\/exaudi.org\/it\/riflessione-del-vescovo-enrique-diaz-oggi-e-nato-per-noi-il-salvatore\/#breadcrumb"},"inLanguage":"it-IT","potentialAction":[{"@type":"ReadAction","target":["https:\/\/exaudi.org\/it\/riflessione-del-vescovo-enrique-diaz-oggi-e-nato-per-noi-il-salvatore\/"]}]},{"@type":"ImageObject","inLanguage":"it-IT","@id":"https:\/\/exaudi.org\/it\/riflessione-del-vescovo-enrique-diaz-oggi-e-nato-per-noi-il-salvatore\/#primaryimage","url":"https:\/\/exaudi.org\/wp-content\/uploads\/2025\/12\/christmas-6779497_1280.jpg","contentUrl":"https:\/\/exaudi.org\/wp-content\/uploads\/2025\/12\/christmas-6779497_1280.jpg","width":1280,"height":640},{"@type":"BreadcrumbList","@id":"https:\/\/exaudi.org\/it\/riflessione-del-vescovo-enrique-diaz-oggi-e-nato-per-noi-il-salvatore\/#breadcrumb","itemListElement":[{"@type":"ListItem","position":1,"name":"Portada","item":"https:\/\/exaudi.org\/it\/"},{"@type":"ListItem","position":2,"name":"Riflessione del Vescovo Enrique D\u00edaz: \u201cOggi \u00e8 nato per noi il Salvatore\u201d"}]},{"@type":"WebSite","@id":"https:\/\/exaudi.org\/#website","url":"https:\/\/exaudi.org\/","name":"Exaudi","description":"News","potentialAction":[{"@type":"SearchAction","target":{"@type":"EntryPoint","urlTemplate":"https:\/\/exaudi.org\/?s={search_term_string}"},"query-input":{"@type":"PropertyValueSpecification","valueRequired":true,"valueName":"search_term_string"}}],"inLanguage":"it-IT"},{"@type":"Person","@id":"https:\/\/exaudi.org\/#\/schema\/person\/c02ffbd10830fa375f6882f7dcf1844d","name":"Enrique D\u00edaz","image":{"@type":"ImageObject","inLanguage":"it-IT","@id":"https:\/\/secure.gravatar.com\/avatar\/7ca10be5325a95d04b74082d68ba605aa69611eb0f68f47096cb1bc349873284?s=96&d=mm&r=g","url":"https:\/\/secure.gravatar.com\/avatar\/7ca10be5325a95d04b74082d68ba605aa69611eb0f68f47096cb1bc349873284?s=96&d=mm&r=g","contentUrl":"https:\/\/secure.gravatar.com\/avatar\/7ca10be5325a95d04b74082d68ba605aa69611eb0f68f47096cb1bc349873284?s=96&d=mm&r=g","caption":"Enrique D\u00edaz"},"description":"Naci\u00f3 en Huandacareo, Michoac\u00e1n, M\u00e9xico, en 1952. Realiz\u00f3 sus estudios de Filosof\u00eda y Teolog\u00eda en el Seminario de Morelia. Ordenado di\u00e1cono el 22 de mayo de 1977, y presb\u00edtero el 23 de octubre del mismo a\u00f1o. Obtuvo la Licenciatura en Sagrada Escritura en el Pontificio Instituto B\u00edblico en Roma. Ha desarrollado m\u00faltiples encargos pastorales como el de capell\u00e1n de la rector\u00eda de las Tres Aves Mar\u00edas; responsable de la Pastoral B\u00edblica Diocesana y director de la Escuela B\u00edblica en Morelia; maestro de Biblia en el Seminario Conciliar de Morelia, p\u00e1rroco de la Parroquia de Nuestra Se\u00f1ora de Guadalupe, Col. Guadalupe, Morelia; o vicario episcopal para la Zona de Nuestra Se\u00f1ora de la Luz, P\u00e1tzcuaro. Ordenado obispo auxiliar de san Crist\u00f3bal de las Casas en 2003. En la Conferencia Episcopal form\u00f3 parte de las Comisiones de Biblia, Diaconado y Ministerios Laicales. Fue responsable de las Dimensiones de Ministerios Laicales, de Educaci\u00f3n y Cultura. Ha participado en encuentros latinoamericanos y mundiales sobre el Diaconado Permanente. Actualmente es el responsable de la Dimensi\u00f3n de Pastoral de la Cultura. Particip\u00f3 como Miembro del S\u00ednodo de Obispos sobre la Palabra de Dios en la Vida y Misi\u00f3n de la Iglesia en Roma, en 2008. Recibi\u00f3 el nombramiento de obispo coadjutor de San Crist\u00f3bal de las Casas en 2014. Nombrado II obispo de Irapuato el d\u00eda 11 de marzo, tom\u00f3 posesi\u00f3n el 19 de Mayo. Colabora en varias revistas y publicaciones sobre todo con la reflexi\u00f3n diaria y dominical tanto en audio como escrita.","url":"https:\/\/exaudi.org\/it\/author\/enriquediaz\/"}]}},"jetpack_featured_media_url":"https:\/\/exaudi.org\/wp-content\/uploads\/2025\/12\/christmas-6779497_1280.jpg","jetpack_shortlink":"https:\/\/wp.me\/pgKjF2-Dtw","_links":{"self":[{"href":"https:\/\/exaudi.org\/it\/wp-json\/wp\/v2\/posts\/151746","targetHints":{"allow":["GET"]}}],"collection":[{"href":"https:\/\/exaudi.org\/it\/wp-json\/wp\/v2\/posts"}],"about":[{"href":"https:\/\/exaudi.org\/it\/wp-json\/wp\/v2\/types\/post"}],"author":[{"embeddable":true,"href":"https:\/\/exaudi.org\/it\/wp-json\/wp\/v2\/users\/25"}],"replies":[{"embeddable":true,"href":"https:\/\/exaudi.org\/it\/wp-json\/wp\/v2\/comments?post=151746"}],"version-history":[{"count":3,"href":"https:\/\/exaudi.org\/it\/wp-json\/wp\/v2\/posts\/151746\/revisions"}],"predecessor-version":[{"id":151749,"href":"https:\/\/exaudi.org\/it\/wp-json\/wp\/v2\/posts\/151746\/revisions\/151749"}],"wp:featuredmedia":[{"embeddable":true,"href":"https:\/\/exaudi.org\/it\/wp-json\/wp\/v2\/media\/151711"}],"wp:attachment":[{"href":"https:\/\/exaudi.org\/it\/wp-json\/wp\/v2\/media?parent=151746"}],"wp:term":[{"taxonomy":"category","embeddable":true,"href":"https:\/\/exaudi.org\/it\/wp-json\/wp\/v2\/categories?post=151746"},{"taxonomy":"post_tag","embeddable":true,"href":"https:\/\/exaudi.org\/it\/wp-json\/wp\/v2\/tags?post=151746"}],"curies":[{"name":"wp","href":"https:\/\/api.w.org\/{rel}","templated":true}]}}