{"id":151579,"date":"2025-12-23T17:56:29","date_gmt":"2025-12-23T16:56:29","guid":{"rendered":"https:\/\/exaudi.org\/?p=151579"},"modified":"2025-12-23T17:56:29","modified_gmt":"2025-12-23T16:56:29","slug":"un-segno-di-speranza-per-il-popolo-di-dio","status":"publish","type":"post","link":"https:\/\/exaudi.org\/it\/un-segno-di-speranza-per-il-popolo-di-dio\/","title":{"rendered":"Un segno di speranza per il &#8220;Popolo di Dio&#8221;"},"content":{"rendered":"<p><span dir=\"auto\" style=\"vertical-align: inherit\"><span dir=\"auto\" style=\"vertical-align: inherit\">In questa nuova era, possiamo anche seminare speranza, camminare con fede e gioia. Questa \u00e8 l&#8217;eredit\u00e0 lasciata in Per\u00f9 dal sacerdote spagnolo\u00a0 <\/span><\/span><em><span dir=\"auto\" style=\"vertical-align: inherit\"><span dir=\"auto\" style=\"vertical-align: inherit\">Rafael Pascual Salustiano<\/span><\/span><\/em><span dir=\"auto\" style=\"vertical-align: inherit\"><span dir=\"auto\" style=\"vertical-align: inherit\"> , che per oltre 50 anni ha accompagnato gli abitanti dei lotti disabitati di Lima, la citt\u00e0 dei re, capitale del paese andino.<\/span><\/span><\/p>\n<p><span dir=\"auto\" style=\"vertical-align: inherit\"><span dir=\"auto\" style=\"vertical-align: inherit\">Il frate trinitario semin\u00f2 questa eredit\u00e0 nel cuore della gente, come ricorda Nancy Chirre Bustamante <\/span><\/span><strong><span dir=\"auto\" style=\"vertical-align: inherit\"><span dir=\"auto\" style=\"vertical-align: inherit\">,\u00a0<\/span><\/span><\/strong><span dir=\"auto\" style=\"vertical-align: inherit\"><span dir=\"auto\" style=\"vertical-align: inherit\"> catechista per pi\u00f9 di quattro decenni in questa zona del centro di Lima: &#8220;con la sua valigetta in mano, padre Rafael percorreva ogni giorno le strade di questa comunit\u00e0 parrocchiale, che guid\u00f2 come parroco per 20 anni&#8221;.<\/span><\/span><\/p>\n<p><span dir=\"auto\" style=\"vertical-align: inherit\"><span dir=\"auto\" style=\"vertical-align: inherit\">\u00ab\u00c8 sempre stato una luce in mezzo al popolo, perch\u00e9 con le sue azioni ha rafforzato coloro che vivevano nella tristezza\u00bb, ora che quella luce lo accompagna in ogni momento, ha riflettuto l&#8217;agente pastorale sanitario, durante gli eventi che si sono svolti dal 1\u00b0 al 3 dicembre in questo settore, per commemorare il 107\u00b0 anniversario della sua nascita.<\/span><\/span><\/p>\n<figure id=\"attachment_151487\" class=\"wp-caption alignnone\" aria-describedby=\"caption-attachment-151487\"><img loading=\"lazy\" decoding=\"async\" class=\"size-full wp-image-151489\" src=\"https:\/\/exaudi.org\/wp-content\/uploads\/2025\/12\/WhatsApp-Image-2025-12-20-at-22.00.01.jpeg\" alt=\"\" width=\"1365\" height=\"777\" srcset=\"https:\/\/exaudi.org\/wp-content\/uploads\/2025\/12\/WhatsApp-Image-2025-12-20-at-22.00.01.jpeg 1365w, https:\/\/exaudi.org\/wp-content\/uploads\/2025\/12\/WhatsApp-Image-2025-12-20-at-22.00.01-300x171.jpeg 300w, https:\/\/exaudi.org\/wp-content\/uploads\/2025\/12\/WhatsApp-Image-2025-12-20-at-22.00.01-1024x583.jpeg 1024w, https:\/\/exaudi.org\/wp-content\/uploads\/2025\/12\/WhatsApp-Image-2025-12-20-at-22.00.01-770x438.jpeg 770w, https:\/\/exaudi.org\/wp-content\/uploads\/2025\/12\/WhatsApp-Image-2025-12-20-at-22.00.01-500x285.jpeg 500w\" sizes=\"auto, (max-width: 1365px) 100vw, 1365px\" \/><figcaption id=\"caption-attachment-151487\" class=\"wp-caption-text\"><span dir=\"auto\" style=\"vertical-align: inherit\"><span dir=\"auto\" style=\"vertical-align: inherit\">Presentazione di Oswaldo Arias, animatore e guida del laicato trinitario.<\/span><\/span><\/figcaption><\/figure>\n<h3><strong><span dir=\"auto\" style=\"vertical-align: inherit\"><span dir=\"auto\" style=\"vertical-align: inherit\">Un&#8217;eredit\u00e0 di fede<\/span><\/span><\/strong><\/h3>\n<p><span dir=\"auto\" style=\"vertical-align: inherit\"><span dir=\"auto\" style=\"vertical-align: inherit\">Oltre 500 persone hanno partecipato al ciclo di attivit\u00e0 intitolato\u00a0 <\/span><\/span><em><span dir=\"auto\" style=\"vertical-align: inherit\"><span dir=\"auto\" style=\"vertical-align: inherit\">&#8220;Cristo \u00e8 il Centro, io sono lo Strumento&#8221;.<\/span><\/span><\/em><span dir=\"auto\" style=\"vertical-align: inherit\"><span dir=\"auto\" style=\"vertical-align: inherit\"> \u00a0\u00a0Eduardo Johnson Feliu ha raccontato come il suo processo di conversione sia iniziato attraverso la lettura delle Sacre Scritture. Questo incontro, che gli ha cambiato la vita, \u00e8 stato guidato da Padre Rafael, un sacerdote che ha dimostrato una speciale vocazione per la liturgia. &#8220;Mi ha insegnato ad amare l&#8217;Eucaristia&#8221;, ha raccontato durante la discussione\u00a0 <\/span><\/span><em><span dir=\"auto\" style=\"vertical-align: inherit\"><span dir=\"auto\" style=\"vertical-align: inherit\">&#8220;Ricordi di Padre Rafael&#8221;.<\/span><\/span><\/em><\/p>\n<p><span dir=\"auto\" style=\"vertical-align: inherit\"><span dir=\"auto\" style=\"vertical-align: inherit\">L&#8217;opzione preferenziale per i poveri viveva nel cuore di Padre Rafael, come spiega Oswaldo Arias, animatore e guida del laicato trinitario. La vita di Padre Rafael \u00e8 un dono per la comunit\u00e0 trinitaria. La sua dedizione a Dio si riflette nelle sue virt\u00f9 e nelle sue azioni, soprattutto nell&#8217;attenzione ai bisogni dei pi\u00f9 vulnerabili.<\/span><\/span><\/p>\n<p><span dir=\"auto\" style=\"vertical-align: inherit\"><span dir=\"auto\" style=\"vertical-align: inherit\">Durante la conferenza intitolata\u00a0 <\/span><\/span><em><span dir=\"auto\" style=\"vertical-align: inherit\"><span dir=\"auto\" style=\"vertical-align: inherit\">&#8220;Esperienze di Dio in Padre Rafael&#8221;,<\/span><\/span><\/em><span dir=\"auto\" style=\"vertical-align: inherit\"><span dir=\"auto\" style=\"vertical-align: inherit\"> \u00a0tenutasi nell&#8217;auditorium della chiesa parrocchiale della Santissima Trinit\u00e0, Arias ha ribadito l&#8217;azione e l&#8217;amore del missionario trinitario per i pi\u00f9 vulnerabili. Le sue azioni hanno infatti dimostrato la sua opzione preferenziale per i poveri.<\/span><\/span><\/p>\n<figure id=\"attachment_151490\" class=\"wp-caption alignleft\" aria-describedby=\"caption-attachment-151490\"><img loading=\"lazy\" decoding=\"async\" class=\"size-full wp-image-151492\" src=\"https:\/\/exaudi.org\/wp-content\/uploads\/2025\/12\/WhatsApp-Image-2025-12-20-at-22.03.37.jpeg\" alt=\"\" width=\"535\" height=\"751\" srcset=\"https:\/\/exaudi.org\/wp-content\/uploads\/2025\/12\/WhatsApp-Image-2025-12-20-at-22.03.37.jpeg 535w, https:\/\/exaudi.org\/wp-content\/uploads\/2025\/12\/WhatsApp-Image-2025-12-20-at-22.03.37-214x300.jpeg 214w, https:\/\/exaudi.org\/wp-content\/uploads\/2025\/12\/WhatsApp-Image-2025-12-20-at-22.03.37-500x702.jpeg 500w\" sizes=\"auto, (max-width: 535px) 100vw, 535px\" \/><figcaption id=\"caption-attachment-151490\" class=\"wp-caption-text\"><span dir=\"auto\" style=\"vertical-align: inherit\"><span dir=\"auto\" style=\"vertical-align: inherit\">Il vescovo ausiliare di Lima, monsignor Juan Jos\u00e9 Salaverry OP, durante l&#8217;omelia in commemorazione del 107\u00b0 anniversario della nascita di padre Rafael Pascual Salustiano nella chiesa della parrocchia della Santissima Trinit\u00e0<\/span><\/span><\/figcaption><\/figure>\n<h3><strong><span dir=\"auto\" style=\"vertical-align: inherit\"><span dir=\"auto\" style=\"vertical-align: inherit\">Il cammino dell\u2019amore verso i poveri alimenta un cammino di speranza.<\/span><\/span><\/strong><\/h3>\n<p><span dir=\"auto\" style=\"vertical-align: inherit\"><span dir=\"auto\" style=\"vertical-align: inherit\">Il libro\u00a0 <\/span><\/span><em><span dir=\"auto\" style=\"vertical-align: inherit\"><span dir=\"auto\" style=\"vertical-align: inherit\">\u201cPadre Rafael, un apostolo trinitario per Lima\u201d,<\/span><\/span><\/em><span dir=\"auto\" style=\"vertical-align: inherit\"><span dir=\"auto\" style=\"vertical-align: inherit\"> \u00a0scritto dal missionario trinitario \u00c1ngel Garc\u00eda Rodr\u00edguez, documenta l\u2019opera e la missione del religioso, con il quale ha vissuto per 20 anni durante la sua formazione sacerdotale.<\/span><\/span><\/p>\n<p><span dir=\"auto\" style=\"vertical-align: inherit\"><span dir=\"auto\" style=\"vertical-align: inherit\">Nella presentazione di questa opera testimoniale, il ministro della casa dell&#8217;Ordine Trinitario in Per\u00f9, il religioso Jos\u00e9 Miguel Marengo, ha sottolineato come le esperienze e l&#8217;opera di Padre Rafael rimangano vive nel cuore di tutti coloro che ha visitato nelle loro case, a piedi: &#8220;a lui non importavano le distanze, voleva andare a piedi&#8221;.<\/span><\/span><\/p>\n<p><span dir=\"auto\" style=\"vertical-align: inherit\"><span dir=\"auto\" style=\"vertical-align: inherit\">Al termine di queste giornate, il Vescovo ausiliare di Lima, Monsignor Juan Jos\u00e9 Salaverry, ha espresso la sua gratitudine per l\u2019invito a trasmettere, a nome della Chiesa di Lima, una parola di ringraziamento per Padre Rafael, come\u00a0 <\/span><\/span><strong><span dir=\"auto\" style=\"vertical-align: inherit\"><span dir=\"auto\" style=\"vertical-align: inherit\">simbolo della costruzione di un regno di speranza e comunione<\/span><\/span><\/strong><span dir=\"auto\" style=\"vertical-align: inherit\"><span dir=\"auto\" style=\"vertical-align: inherit\"> .\u00a0 <\/span><\/span><em><span dir=\"auto\" style=\"vertical-align: inherit\"><span dir=\"auto\" style=\"vertical-align: inherit\">\u201cHo visto la presenza di Padre Rafael, camminare per le strade con la sua valigetta; sono certo che quella valigetta era piena di speranza da condividere con molte persone\u201d.<\/span><\/span><\/em><\/p>\n<p><span dir=\"auto\" style=\"vertical-align: inherit\"><span dir=\"auto\" style=\"vertical-align: inherit\">Durante l&#8217;omelia, ha sottolineato il suo arrivo in Sud America come immigrato per accompagnare la sua famiglia. Ha anche parlato del coraggio di un uomo evangelico che ha testimoniato l&#8217;amore di Dio con la sua vita. Ha espresso il suo desiderio di essere sacerdote, missionario e trinitario.<\/span><\/span><\/p>\n<p><span dir=\"auto\" style=\"vertical-align: inherit\"><span dir=\"auto\" style=\"vertical-align: inherit\">Il missionario domenicano ha anche elogiato gli inizi dei frati trinitari in Per\u00f9, cos\u00ec come la comunione che hanno condiviso con le suore trinitarie, sostenendo questa comunit\u00e0 che onora la Trinit\u00e0. &#8220;Padre Rafael ha rafforzato le fondamenta dell&#8217;Ordine Trinitario con la sua testimonianza evangelica e personale, contribuendo alla Chiesa di Lima&#8221;.<\/span><\/span><\/p>\n","protected":false},"excerpt":{"rendered":"<p>I Trinitari commemorano il 107\u00b0 anniversario della nascita del missionario trinitario Rafael Pascual Salustiano<\/p>\n","protected":false},"author":39,"featured_media":151486,"comment_status":"closed","ping_status":"closed","sticky":false,"template":"","format":"standard","meta":{"_acf_changed":false,"_crdt_document":"","inline_featured_image":false,"footnotes":""},"categories":[73],"tags":[87161,87162,87163,87166,87164,1209,891,87165,87167,34683,87169,87170,13209,6372,29566,87172,87173,87174,996,2183,10536,11365,87175,483,87177,87178,64787,87179,87176,87168,87180,87181,87171],"class_list":["post-151579","post","type-post","status-publish","format-standard","has-post-thumbnail","hentry","category-chiesa-e-mondo","tag-107-anni","tag-angel-garcia-fernandez-2","tag-conversazione-ricordi-di-padre-rafael","tag-eredita-di-fede","tag-esperienze-di-dio","tag-fede","tag-gioia","tag-laico-trinitario-2","tag-libro-padre-rafael","tag-missionario","tag-missionario-trinitario","tag-monsignor-juan-jose-salaverry-o-p","tag-nascita","tag-omelia","tag-opzione-preferenziale-per-i-poveri","tag-ordine-trinitario","tag-oswaldo-arias-2","tag-parrocchia-della-santissima-trinita","tag-pastorale","tag-peru-it","tag-popolo-di-dio","tag-rafael-pascual-salustiano-2","tag-sacerdote-spagnolo","tag-speranza","tag-terreni-abbandonati","tag-testimonianza-evangelica","tag-trending-it-236","tag-trinitari","tag-trinitario-sacerdoti","tag-un-apostolo-trinitario-per-lima-lima","tag-un-segno-di-speranza","tag-urbanizzazione","tag-vescovo-ausiliare-juan-jose-salaverry"],"acf":[],"yoast_head":"<!-- This site is optimized with the Yoast SEO plugin v27.4 - https:\/\/yoast.com\/product\/yoast-seo-wordpress\/ -->\n<title>Un segno di speranza per il &quot;Popolo di Dio&quot; &#8211; Exaudi<\/title>\n<meta name=\"robots\" content=\"index, follow, max-snippet:-1, max-image-preview:large, max-video-preview:-1\" \/>\n<link rel=\"canonical\" href=\"https:\/\/exaudi.org\/it\/un-segno-di-speranza-per-il-popolo-di-dio\/\" \/>\n<meta property=\"og:locale\" content=\"it_IT\" \/>\n<meta property=\"og:type\" content=\"article\" \/>\n<meta property=\"og:title\" content=\"Un segno di speranza per il &quot;Popolo di Dio&quot; &#8211; Exaudi\" \/>\n<meta property=\"og:description\" content=\"I Trinitari commemorano il 107\u00b0 anniversario della nascita del missionario trinitario Rafael Pascual Salustiano\" \/>\n<meta property=\"og:url\" content=\"https:\/\/exaudi.org\/it\/un-segno-di-speranza-per-il-popolo-di-dio\/\" \/>\n<meta property=\"og:site_name\" content=\"Exaudi\" \/>\n<meta property=\"article:publisher\" content=\"https:\/\/www.facebook.com\/ExaudiNews\" \/>\n<meta property=\"article:published_time\" content=\"2025-12-23T16:56:29+00:00\" \/>\n<meta property=\"og:image\" content=\"https:\/\/exaudi.org\/wp-content\/uploads\/2025\/12\/WhatsApp-Image-2025-12-20-at-22.00.49.jpeg\" \/>\n\t<meta property=\"og:image:width\" content=\"1140\" \/>\n\t<meta property=\"og:image:height\" content=\"789\" \/>\n\t<meta property=\"og:image:type\" content=\"image\/jpeg\" \/>\n<meta name=\"author\" content=\"Esther N\u00fa\u00f1ez\" \/>\n<meta name=\"twitter:card\" content=\"summary_large_image\" \/>\n<meta name=\"twitter:creator\" content=\"@Exaudi_News\" \/>\n<meta name=\"twitter:site\" content=\"@Exaudi_News\" \/>\n<meta name=\"twitter:label1\" content=\"Scritto da\" \/>\n\t<meta name=\"twitter:data1\" content=\"Esther N\u00fa\u00f1ez\" \/>\n\t<meta name=\"twitter:label2\" content=\"Tempo di lettura stimato\" \/>\n\t<meta name=\"twitter:data2\" content=\"3 minuti\" \/>\n<script type=\"application\/ld+json\" class=\"yoast-schema-graph\">{\"@context\":\"https:\\\/\\\/schema.org\",\"@graph\":[{\"@type\":\"Article\",\"@id\":\"https:\\\/\\\/exaudi.org\\\/it\\\/un-segno-di-speranza-per-il-popolo-di-dio\\\/#article\",\"isPartOf\":{\"@id\":\"https:\\\/\\\/exaudi.org\\\/it\\\/un-segno-di-speranza-per-il-popolo-di-dio\\\/\"},\"author\":{\"name\":\"Esther N\u00fa\u00f1ez\",\"@id\":\"https:\\\/\\\/exaudi.org\\\/#\\\/schema\\\/person\\\/7105d7735b2bf8c31e7cf8784351ebbc\"},\"headline\":\"Un segno di speranza per il &#8220;Popolo di Dio&#8221;\",\"datePublished\":\"2025-12-23T16:56:29+00:00\",\"mainEntityOfPage\":{\"@id\":\"https:\\\/\\\/exaudi.org\\\/it\\\/un-segno-di-speranza-per-il-popolo-di-dio\\\/\"},\"wordCount\":667,\"image\":{\"@id\":\"https:\\\/\\\/exaudi.org\\\/it\\\/un-segno-di-speranza-per-il-popolo-di-dio\\\/#primaryimage\"},\"thumbnailUrl\":\"https:\\\/\\\/exaudi.org\\\/wp-content\\\/uploads\\\/2025\\\/12\\\/WhatsApp-Image-2025-12-20-at-22.00.49.jpeg\",\"keywords\":[\"107 anni\",\"\u00c1ngel Garc\u00eda Fern\u00e1ndez\",\"conversazione: Ricordi di Padre Rafael\",\"eredit\u00e0 di fede\",\"esperienze di Dio\",\"fede\",\"gioia\",\"Laico trinitario\",\"libro: Padre Rafael\",\"Missionario\",\"Missionario trinitario\",\"Monsignor Juan Jos\u00e9 Salaverry O.P.\",\"NASCITA\",\"Omelia\",\"opzione preferenziale per i poveri\",\"Ordine Trinitario\",\"Oswaldo Arias\",\"Parrocchia della Santissima Trinit\u00e0\",\"pastorale\",\"Per\u00fa\",\"popolo di Dio\",\"RAFAEL PASCUAL SALUSTIANO\",\"Sacerdote spagnolo\",\"speranza\",\"terreni abbandonati\",\"testimonianza evangelica\",\"Trending\",\"Trinitari\",\"Trinitario sacerdoti\",\"un apostolo trinitario per Lima Lima\",\"Un segno di speranza\",\"urbanizzazione\",\"Vescovo ausiliare Juan Jos\u00e9 Salaverry\"],\"articleSection\":[\"Chiesa e Mondo\"],\"inLanguage\":\"it-IT\"},{\"@type\":\"WebPage\",\"@id\":\"https:\\\/\\\/exaudi.org\\\/it\\\/un-segno-di-speranza-per-il-popolo-di-dio\\\/\",\"url\":\"https:\\\/\\\/exaudi.org\\\/it\\\/un-segno-di-speranza-per-il-popolo-di-dio\\\/\",\"name\":\"Un segno di speranza per il \\\"Popolo di Dio\\\" &#8211; Exaudi\",\"isPartOf\":{\"@id\":\"https:\\\/\\\/exaudi.org\\\/#website\"},\"primaryImageOfPage\":{\"@id\":\"https:\\\/\\\/exaudi.org\\\/it\\\/un-segno-di-speranza-per-il-popolo-di-dio\\\/#primaryimage\"},\"image\":{\"@id\":\"https:\\\/\\\/exaudi.org\\\/it\\\/un-segno-di-speranza-per-il-popolo-di-dio\\\/#primaryimage\"},\"thumbnailUrl\":\"https:\\\/\\\/exaudi.org\\\/wp-content\\\/uploads\\\/2025\\\/12\\\/WhatsApp-Image-2025-12-20-at-22.00.49.jpeg\",\"datePublished\":\"2025-12-23T16:56:29+00:00\",\"author\":{\"@id\":\"https:\\\/\\\/exaudi.org\\\/#\\\/schema\\\/person\\\/7105d7735b2bf8c31e7cf8784351ebbc\"},\"breadcrumb\":{\"@id\":\"https:\\\/\\\/exaudi.org\\\/it\\\/un-segno-di-speranza-per-il-popolo-di-dio\\\/#breadcrumb\"},\"inLanguage\":\"it-IT\",\"potentialAction\":[{\"@type\":\"ReadAction\",\"target\":[\"https:\\\/\\\/exaudi.org\\\/it\\\/un-segno-di-speranza-per-il-popolo-di-dio\\\/\"]}]},{\"@type\":\"ImageObject\",\"inLanguage\":\"it-IT\",\"@id\":\"https:\\\/\\\/exaudi.org\\\/it\\\/un-segno-di-speranza-per-il-popolo-di-dio\\\/#primaryimage\",\"url\":\"https:\\\/\\\/exaudi.org\\\/wp-content\\\/uploads\\\/2025\\\/12\\\/WhatsApp-Image-2025-12-20-at-22.00.49.jpeg\",\"contentUrl\":\"https:\\\/\\\/exaudi.org\\\/wp-content\\\/uploads\\\/2025\\\/12\\\/WhatsApp-Image-2025-12-20-at-22.00.49.jpeg\",\"width\":1140,\"height\":789,\"caption\":\"Il laico trinitario Oswaldo Arias accompagnato da sacerdoti trinitari e dall'autore del libro \\\"Padre Rafael, un apostolo trinitario per Lima\\\", Padre \u00c1ngel Garc\u00eda Fern\u00e1ndez\"},{\"@type\":\"BreadcrumbList\",\"@id\":\"https:\\\/\\\/exaudi.org\\\/it\\\/un-segno-di-speranza-per-il-popolo-di-dio\\\/#breadcrumb\",\"itemListElement\":[{\"@type\":\"ListItem\",\"position\":1,\"name\":\"Portada\",\"item\":\"https:\\\/\\\/exaudi.org\\\/it\\\/\"},{\"@type\":\"ListItem\",\"position\":2,\"name\":\"Un segno di speranza per il \u00abPopolo di Dio\u00bb\"}]},{\"@type\":\"WebSite\",\"@id\":\"https:\\\/\\\/exaudi.org\\\/#website\",\"url\":\"https:\\\/\\\/exaudi.org\\\/\",\"name\":\"Exaudi\",\"description\":\"News\",\"potentialAction\":[{\"@type\":\"SearchAction\",\"target\":{\"@type\":\"EntryPoint\",\"urlTemplate\":\"https:\\\/\\\/exaudi.org\\\/?s={search_term_string}\"},\"query-input\":{\"@type\":\"PropertyValueSpecification\",\"valueRequired\":true,\"valueName\":\"search_term_string\"}}],\"inLanguage\":\"it-IT\"},{\"@type\":\"Person\",\"@id\":\"https:\\\/\\\/exaudi.org\\\/#\\\/schema\\\/person\\\/7105d7735b2bf8c31e7cf8784351ebbc\",\"name\":\"Esther N\u00fa\u00f1ez\",\"image\":{\"@type\":\"ImageObject\",\"inLanguage\":\"it-IT\",\"@id\":\"https:\\\/\\\/secure.gravatar.com\\\/avatar\\\/856566533d218d9d7b852b03a545bc963463ade36cec448d0cba38a2d59be800?s=96&d=mm&r=g\",\"url\":\"https:\\\/\\\/secure.gravatar.com\\\/avatar\\\/856566533d218d9d7b852b03a545bc963463ade36cec448d0cba38a2d59be800?s=96&d=mm&r=g\",\"contentUrl\":\"https:\\\/\\\/secure.gravatar.com\\\/avatar\\\/856566533d218d9d7b852b03a545bc963463ade36cec448d0cba38a2d59be800?s=96&d=mm&r=g\",\"caption\":\"Esther N\u00fa\u00f1ez\"},\"description\":\"Lima, Per\u00fa Periodista colegiada con ejercicio de la profesi\u00f3n desde 2001. Licenciada en periodismo por la Universidad Jaime Bausate y Meza, de Lima. Estudios complementarios en Teolog\u00eda, Filosof\u00eda, Comunicaci\u00f3n Digital; as\u00ed como en Conducci\u00f3n de noticieros y producci\u00f3n audiovisual. Con preparaci\u00f3n adicional en doctrina social de la Iglesia, comunicaci\u00f3n institucional en el sector p\u00fablico y eclesial. Ha ejercido tareas como imagen institucional en la Oficina de Educaci\u00f3n de la Conferencia Episcopal Peruana. Asimismo, Jefa de prensa de un canal y editora de dos revistas impresas. Experiencia en la realizaci\u00f3n de talleres de redacci\u00f3n, as\u00ed como en corresponsal\u00edas de agencias y portales web, direcci\u00f3n, producci\u00f3n y conducci\u00f3n de programas de radio y televisi\u00f3n. Desde 2020 colabora como periodista en el Instituto de Radio y Televisi\u00f3n del Per\u00fa.\",\"url\":\"https:\\\/\\\/exaudi.org\\\/it\\\/author\\\/esthernunez\\\/\"}]}<\/script>\n<!-- \/ Yoast SEO plugin. -->","yoast_head_json":{"title":"Un segno di speranza per il \"Popolo di Dio\" &#8211; Exaudi","robots":{"index":"index","follow":"follow","max-snippet":"max-snippet:-1","max-image-preview":"max-image-preview:large","max-video-preview":"max-video-preview:-1"},"canonical":"https:\/\/exaudi.org\/it\/un-segno-di-speranza-per-il-popolo-di-dio\/","og_locale":"it_IT","og_type":"article","og_title":"Un segno di speranza per il \"Popolo di Dio\" &#8211; Exaudi","og_description":"I Trinitari commemorano il 107\u00b0 anniversario della nascita del missionario trinitario Rafael Pascual Salustiano","og_url":"https:\/\/exaudi.org\/it\/un-segno-di-speranza-per-il-popolo-di-dio\/","og_site_name":"Exaudi","article_publisher":"https:\/\/www.facebook.com\/ExaudiNews","article_published_time":"2025-12-23T16:56:29+00:00","og_image":[{"width":1140,"height":789,"url":"https:\/\/exaudi.org\/wp-content\/uploads\/2025\/12\/WhatsApp-Image-2025-12-20-at-22.00.49.jpeg","type":"image\/jpeg"}],"author":"Esther N\u00fa\u00f1ez","twitter_card":"summary_large_image","twitter_creator":"@Exaudi_News","twitter_site":"@Exaudi_News","twitter_misc":{"Scritto da":"Esther N\u00fa\u00f1ez","Tempo di lettura stimato":"3 minuti"},"schema":{"@context":"https:\/\/schema.org","@graph":[{"@type":"Article","@id":"https:\/\/exaudi.org\/it\/un-segno-di-speranza-per-il-popolo-di-dio\/#article","isPartOf":{"@id":"https:\/\/exaudi.org\/it\/un-segno-di-speranza-per-il-popolo-di-dio\/"},"author":{"name":"Esther N\u00fa\u00f1ez","@id":"https:\/\/exaudi.org\/#\/schema\/person\/7105d7735b2bf8c31e7cf8784351ebbc"},"headline":"Un segno di speranza per il &#8220;Popolo di Dio&#8221;","datePublished":"2025-12-23T16:56:29+00:00","mainEntityOfPage":{"@id":"https:\/\/exaudi.org\/it\/un-segno-di-speranza-per-il-popolo-di-dio\/"},"wordCount":667,"image":{"@id":"https:\/\/exaudi.org\/it\/un-segno-di-speranza-per-il-popolo-di-dio\/#primaryimage"},"thumbnailUrl":"https:\/\/exaudi.org\/wp-content\/uploads\/2025\/12\/WhatsApp-Image-2025-12-20-at-22.00.49.jpeg","keywords":["107 anni","\u00c1ngel Garc\u00eda Fern\u00e1ndez","conversazione: Ricordi di Padre Rafael","eredit\u00e0 di fede","esperienze di Dio","fede","gioia","Laico trinitario","libro: Padre Rafael","Missionario","Missionario trinitario","Monsignor Juan Jos\u00e9 Salaverry O.P.","NASCITA","Omelia","opzione preferenziale per i poveri","Ordine Trinitario","Oswaldo Arias","Parrocchia della Santissima Trinit\u00e0","pastorale","Per\u00fa","popolo di Dio","RAFAEL PASCUAL SALUSTIANO","Sacerdote spagnolo","speranza","terreni abbandonati","testimonianza evangelica","Trending","Trinitari","Trinitario sacerdoti","un apostolo trinitario per Lima Lima","Un segno di speranza","urbanizzazione","Vescovo ausiliare Juan Jos\u00e9 Salaverry"],"articleSection":["Chiesa e Mondo"],"inLanguage":"it-IT"},{"@type":"WebPage","@id":"https:\/\/exaudi.org\/it\/un-segno-di-speranza-per-il-popolo-di-dio\/","url":"https:\/\/exaudi.org\/it\/un-segno-di-speranza-per-il-popolo-di-dio\/","name":"Un segno di speranza per il \"Popolo di Dio\" &#8211; Exaudi","isPartOf":{"@id":"https:\/\/exaudi.org\/#website"},"primaryImageOfPage":{"@id":"https:\/\/exaudi.org\/it\/un-segno-di-speranza-per-il-popolo-di-dio\/#primaryimage"},"image":{"@id":"https:\/\/exaudi.org\/it\/un-segno-di-speranza-per-il-popolo-di-dio\/#primaryimage"},"thumbnailUrl":"https:\/\/exaudi.org\/wp-content\/uploads\/2025\/12\/WhatsApp-Image-2025-12-20-at-22.00.49.jpeg","datePublished":"2025-12-23T16:56:29+00:00","author":{"@id":"https:\/\/exaudi.org\/#\/schema\/person\/7105d7735b2bf8c31e7cf8784351ebbc"},"breadcrumb":{"@id":"https:\/\/exaudi.org\/it\/un-segno-di-speranza-per-il-popolo-di-dio\/#breadcrumb"},"inLanguage":"it-IT","potentialAction":[{"@type":"ReadAction","target":["https:\/\/exaudi.org\/it\/un-segno-di-speranza-per-il-popolo-di-dio\/"]}]},{"@type":"ImageObject","inLanguage":"it-IT","@id":"https:\/\/exaudi.org\/it\/un-segno-di-speranza-per-il-popolo-di-dio\/#primaryimage","url":"https:\/\/exaudi.org\/wp-content\/uploads\/2025\/12\/WhatsApp-Image-2025-12-20-at-22.00.49.jpeg","contentUrl":"https:\/\/exaudi.org\/wp-content\/uploads\/2025\/12\/WhatsApp-Image-2025-12-20-at-22.00.49.jpeg","width":1140,"height":789,"caption":"Il laico trinitario Oswaldo Arias accompagnato da sacerdoti trinitari e dall'autore del libro \"Padre Rafael, un apostolo trinitario per Lima\", Padre \u00c1ngel Garc\u00eda Fern\u00e1ndez"},{"@type":"BreadcrumbList","@id":"https:\/\/exaudi.org\/it\/un-segno-di-speranza-per-il-popolo-di-dio\/#breadcrumb","itemListElement":[{"@type":"ListItem","position":1,"name":"Portada","item":"https:\/\/exaudi.org\/it\/"},{"@type":"ListItem","position":2,"name":"Un segno di speranza per il \u00abPopolo di Dio\u00bb"}]},{"@type":"WebSite","@id":"https:\/\/exaudi.org\/#website","url":"https:\/\/exaudi.org\/","name":"Exaudi","description":"News","potentialAction":[{"@type":"SearchAction","target":{"@type":"EntryPoint","urlTemplate":"https:\/\/exaudi.org\/?s={search_term_string}"},"query-input":{"@type":"PropertyValueSpecification","valueRequired":true,"valueName":"search_term_string"}}],"inLanguage":"it-IT"},{"@type":"Person","@id":"https:\/\/exaudi.org\/#\/schema\/person\/7105d7735b2bf8c31e7cf8784351ebbc","name":"Esther N\u00fa\u00f1ez","image":{"@type":"ImageObject","inLanguage":"it-IT","@id":"https:\/\/secure.gravatar.com\/avatar\/856566533d218d9d7b852b03a545bc963463ade36cec448d0cba38a2d59be800?s=96&d=mm&r=g","url":"https:\/\/secure.gravatar.com\/avatar\/856566533d218d9d7b852b03a545bc963463ade36cec448d0cba38a2d59be800?s=96&d=mm&r=g","contentUrl":"https:\/\/secure.gravatar.com\/avatar\/856566533d218d9d7b852b03a545bc963463ade36cec448d0cba38a2d59be800?s=96&d=mm&r=g","caption":"Esther N\u00fa\u00f1ez"},"description":"Lima, Per\u00fa Periodista colegiada con ejercicio de la profesi\u00f3n desde 2001. Licenciada en periodismo por la Universidad Jaime Bausate y Meza, de Lima. Estudios complementarios en Teolog\u00eda, Filosof\u00eda, Comunicaci\u00f3n Digital; as\u00ed como en Conducci\u00f3n de noticieros y producci\u00f3n audiovisual. Con preparaci\u00f3n adicional en doctrina social de la Iglesia, comunicaci\u00f3n institucional en el sector p\u00fablico y eclesial. Ha ejercido tareas como imagen institucional en la Oficina de Educaci\u00f3n de la Conferencia Episcopal Peruana. Asimismo, Jefa de prensa de un canal y editora de dos revistas impresas. Experiencia en la realizaci\u00f3n de talleres de redacci\u00f3n, as\u00ed como en corresponsal\u00edas de agencias y portales web, direcci\u00f3n, producci\u00f3n y conducci\u00f3n de programas de radio y televisi\u00f3n. Desde 2020 colabora como periodista en el Instituto de Radio y Televisi\u00f3n del Per\u00fa.","url":"https:\/\/exaudi.org\/it\/author\/esthernunez\/"}]}},"jetpack_featured_media_url":"https:\/\/exaudi.org\/wp-content\/uploads\/2025\/12\/WhatsApp-Image-2025-12-20-at-22.00.49.jpeg","jetpack_shortlink":"https:\/\/wp.me\/pgKjF2-DqP","_links":{"self":[{"href":"https:\/\/exaudi.org\/it\/wp-json\/wp\/v2\/posts\/151579","targetHints":{"allow":["GET"]}}],"collection":[{"href":"https:\/\/exaudi.org\/it\/wp-json\/wp\/v2\/posts"}],"about":[{"href":"https:\/\/exaudi.org\/it\/wp-json\/wp\/v2\/types\/post"}],"author":[{"embeddable":true,"href":"https:\/\/exaudi.org\/it\/wp-json\/wp\/v2\/users\/39"}],"replies":[{"embeddable":true,"href":"https:\/\/exaudi.org\/it\/wp-json\/wp\/v2\/comments?post=151579"}],"version-history":[{"count":3,"href":"https:\/\/exaudi.org\/it\/wp-json\/wp\/v2\/posts\/151579\/revisions"}],"predecessor-version":[{"id":151582,"href":"https:\/\/exaudi.org\/it\/wp-json\/wp\/v2\/posts\/151579\/revisions\/151582"}],"wp:featuredmedia":[{"embeddable":true,"href":"https:\/\/exaudi.org\/it\/wp-json\/wp\/v2\/media\/151486"}],"wp:attachment":[{"href":"https:\/\/exaudi.org\/it\/wp-json\/wp\/v2\/media?parent=151579"}],"wp:term":[{"taxonomy":"category","embeddable":true,"href":"https:\/\/exaudi.org\/it\/wp-json\/wp\/v2\/categories?post=151579"},{"taxonomy":"post_tag","embeddable":true,"href":"https:\/\/exaudi.org\/it\/wp-json\/wp\/v2\/tags?post=151579"}],"curies":[{"name":"wp","href":"https:\/\/api.w.org\/{rel}","templated":true}]}}