{"id":151541,"date":"2025-12-23T16:54:27","date_gmt":"2025-12-23T15:54:27","guid":{"rendered":"https:\/\/exaudi.org\/?p=151541"},"modified":"2025-12-23T16:54:27","modified_gmt":"2025-12-23T15:54:27","slug":"natale-umanita-tormentata-e-la-voce-consolatrice-dei-papi","status":"publish","type":"post","link":"https:\/\/exaudi.org\/it\/natale-umanita-tormentata-e-la-voce-consolatrice-dei-papi\/","title":{"rendered":"Natale, \u201cumanit\u00e0 tormentata\u201d e la voce consolatrice dei Papi"},"content":{"rendered":"<p><span dir=\"auto\" style=\"vertical-align: inherit\"><span dir=\"auto\" style=\"vertical-align: inherit\">Il Natale \u00e8 gioia, luce e pace. La nascita di un Bambino povero, adagiato in una mangiatoia, illumina il mondo anche in mezzo a guerre, carestie, calamit\u00e0 ed eventi drammatici che segnano la storia di nazioni, popoli e famiglie. I Papi ci esortano ad accogliere e abbracciare questo piccolo uomo nato a Betlemme che consola l&#8217;umanit\u00e0 sofferente.<\/span><\/span><\/p>\n<h3><b><span dir=\"auto\" style=\"vertical-align: inherit\"><span dir=\"auto\" style=\"vertical-align: inherit\">Pio XII e i destini della morte per motivi di nazionalit\u00e0<\/span><\/span><\/b><\/h3>\n<p><span dir=\"auto\" style=\"vertical-align: inherit\"><span dir=\"auto\" style=\"vertical-align: inherit\">La Seconda Guerra Mondiale fu un periodo buio e tragico, soprattutto per gli ebrei in Europa. Il 20 gennaio 1942, alcuni dei pi\u00f9 alti funzionari del partito nazista e del governo tedesco si incontrarono in una villa nel sobborgo berlinese di Wannsee per discutere un argomento che, nei verbali di quella conferenza, era definito &#8220;Soluzione Finale alla Questione Ebraica&#8221;.<\/span><\/span><\/p>\n<p><span dir=\"auto\" style=\"vertical-align: inherit\"><span dir=\"auto\" style=\"vertical-align: inherit\">Quasi un anno dopo, il 24 dicembre 1942, una voce solitaria si lev\u00f2 dai microfoni della Radio Vaticana \u2013 come la descrisse un editoriale del\u00a0 <\/span><\/span><i><span dir=\"auto\" style=\"vertical-align: inherit\"><span dir=\"auto\" style=\"vertical-align: inherit\">New York Times\u00a0 dell&#8217;epoca \u2013 <\/span><\/span><b><span dir=\"auto\" style=\"vertical-align: inherit\"><span dir=\"auto\" style=\"vertical-align: inherit\">&#8221;\u00a0<\/span><\/span><\/b><\/i><span dir=\"auto\" style=\"vertical-align: inherit\"><span dir=\"auto\" style=\"vertical-align: inherit\"> gridando dal silenzio di un continente&#8221;. Era la voce di Papa Pio XII\u00a0 <\/span><\/span><a href=\"https:\/\/www.vatican.va\/content\/pius-xii\/es\/speeches\/1942\/documents\/hf_p-xii_spe_19421224_radiomessage-christmas.html\" target=\"_blank\" rel=\"external noopener\"><span dir=\"auto\" style=\"vertical-align: inherit\"><span dir=\"auto\" style=\"vertical-align: inherit\">che pronunciava il suo messaggio radiofonico della vigilia di Natale.<\/span><\/span><\/a><span dir=\"auto\" style=\"vertical-align: inherit\"><span dir=\"auto\" style=\"vertical-align: inherit\"> \u00a0Il Pontefice espresse la speranza che per &#8220;l&#8217;umanit\u00e0 martoriata&#8221; potesse brillare &#8220;la stella consolatrice e ispiratrice che brilla sulla grotta di Betlemme&#8221; in un mondo segnato dagli orrori della guerra. Tra le atrocit\u00e0 della Seconda Guerra Mondiale, Papa Pacelli incluse anche la tragedia che, nel vocabolario nazista, corrispondeva all&#8217;espressione &#8220;Soluzione Finale&#8221;.<\/span><\/span><\/p>\n<figure id=\"attachment_151506\" class=\"wp-caption alignnone\" aria-describedby=\"caption-attachment-151506\"><img loading=\"lazy\" decoding=\"async\" class=\"size-full wp-image-151508\" src=\"https:\/\/exaudi.org\/wp-content\/uploads\/2025\/12\/cq5dam.thumbnail.cropped.750.422-20.jpeg\" alt=\"\" width=\"750\" height=\"422\" srcset=\"https:\/\/exaudi.org\/wp-content\/uploads\/2025\/12\/cq5dam.thumbnail.cropped.750.422-20.jpeg 750w, https:\/\/exaudi.org\/wp-content\/uploads\/2025\/12\/cq5dam.thumbnail.cropped.750.422-20-300x169.jpeg 300w, https:\/\/exaudi.org\/wp-content\/uploads\/2025\/12\/cq5dam.thumbnail.cropped.750.422-20-500x281.jpeg 500w\" sizes=\"auto, (max-width: 750px) 100vw, 750px\" \/><figcaption id=\"caption-attachment-151506\" class=\"wp-caption-text\"><span dir=\"auto\" style=\"vertical-align: inherit\"><span dir=\"auto\" style=\"vertical-align: inherit\">Papa Pio XII davanti ai microfoni della Radio Vaticana (foto d&#8217;archivio)<\/span><\/span><\/figcaption><\/figure>\n<h3><b><span dir=\"auto\" style=\"vertical-align: inherit\"><span dir=\"auto\" style=\"vertical-align: inherit\">Giovanni XXIII e i bambini malati<\/span><\/span><\/b><\/h3>\n<p><span dir=\"auto\" style=\"vertical-align: inherit\"><span dir=\"auto\" style=\"vertical-align: inherit\">L&#8217;umanit\u00e0 martoriata \u00e8 segnata dalla guerra, ma anche dalla sofferenza e dalla malattia. Il giorno di Natale del 1958, l&#8217;Ospedale Bambino Ges\u00f9 accolse Papa Giovanni XXIII. Fu il primo Pontefice a salire sul Gianicolo per visitare &#8220;il suo ospedale&#8221;. Durante questa visita, Papa Roncalli salut\u00f2 e benedisse i piccoli pazienti. In una delle ultime stanze, un bambino disse al Papa di chiamarsi Emanuele. &#8220;Esatto&#8221;, afferm\u00f2 Giovanni XXIII, &#8220;un nome che riassume la solennit\u00e0 di questo giorno. Significa: Dio con noi&#8221;.<\/span><\/span><\/p>\n<figure id=\"attachment_151510\" class=\"wp-caption alignnone\" aria-describedby=\"caption-attachment-151510\"><img loading=\"lazy\" decoding=\"async\" class=\"size-full wp-image-151512\" src=\"https:\/\/exaudi.org\/wp-content\/uploads\/2025\/12\/cq5dam.thumbnail.cropped.750.422-1-6.jpeg\" alt=\"\" width=\"750\" height=\"422\" srcset=\"https:\/\/exaudi.org\/wp-content\/uploads\/2025\/12\/cq5dam.thumbnail.cropped.750.422-1-6.jpeg 750w, https:\/\/exaudi.org\/wp-content\/uploads\/2025\/12\/cq5dam.thumbnail.cropped.750.422-1-6-300x169.jpeg 300w, https:\/\/exaudi.org\/wp-content\/uploads\/2025\/12\/cq5dam.thumbnail.cropped.750.422-1-6-500x281.jpeg 500w\" sizes=\"auto, (max-width: 750px) 100vw, 750px\" \/><figcaption id=\"caption-attachment-151510\" class=\"wp-caption-text\"><span dir=\"auto\" style=\"vertical-align: inherit\"><span dir=\"auto\" style=\"vertical-align: inherit\">Giovanni XXIII visita l&#8217;Ospedale Pediatrico Bambino Ges\u00f9 il 25 dicembre 1958<\/span><\/span><\/figcaption><\/figure>\n<h3><b><span dir=\"auto\" style=\"vertical-align: inherit\"><span dir=\"auto\" style=\"vertical-align: inherit\">Paolo VI e le lotte del mondo del lavoro<\/span><\/span><\/b><\/h3>\n<p><span dir=\"auto\" style=\"vertical-align: inherit\"><span dir=\"auto\" style=\"vertical-align: inherit\">In Italia, il 1968 fu un anno segnato da intense tensioni sociali nel mondo del lavoro. Quell&#8217;anno, Papa Paolo VI\u00a0 <\/span><\/span><a href=\"https:\/\/www.vatican.va\/content\/paul-vi\/it\/homilies\/1968\/documents\/hf_p-vi_hom_19681225.html\" rel=\"external\"><span dir=\"auto\" style=\"vertical-align: inherit\"><span dir=\"auto\" style=\"vertical-align: inherit\">celebr\u00f2 la Messa di Natale tra i lavoratori.<\/span><\/span><\/a><span dir=\"auto\" style=\"vertical-align: inherit\"><span dir=\"auto\" style=\"vertical-align: inherit\"> \u00a0Il Pontefice visit\u00f2 le acciaierie di Taranto per sanare una frattura: quella tra la classe operaia e la Chiesa. Le acciaierie, che il quotidiano vaticano &#8220;L&#8217;Osservatore Romano&#8221; defin\u00ec &#8220;la nuova baracca dell&#8217;era tecnologica&#8221;, fecero da sfondo, quasi come il Natale. Nella sua omelia, Papa Paolo VI si rivolse ai lavoratori, esortandoli a guardare &#8220;al Cristo del Vangelo&#8221;: &#8220;Lavoratori, che ci ascoltate: Ges\u00f9 Cristo \u00e8 con voi&#8221;.<\/span><\/span><\/p>\n<p><i><span dir=\"auto\" style=\"vertical-align: inherit\"><span dir=\"auto\" style=\"vertical-align: inherit\">Vi parliamo dal cuore. Vi diremo una cosa molto semplice, ma piena di significato. Ed \u00e8 questa: abbiamo difficolt\u00e0 a parlarvi. Sentiamo la difficolt\u00e0 a farci capire da voi. O forse non vi capiamo abbastanza? \u00c8 un fatto che il dialogo ci risulta piuttosto difficile. Ci sembra che non ci sia un linguaggio comune tra voi e noi. Siete immersi in un mondo estraneo a quello in cui viviamo noi, uomini di Chiesa. Pensate e lavorate in modo molto diverso dalla Chiesa! Vi abbiamo detto, salutandovi, che siamo fratelli e amici: ma \u00e8 proprio vero? Perch\u00e9 tutti percepiamo questa evidenza: lavoro e religione, nel nostro mondo moderno, sono due cose separate, distanti, spesso persino opposte. C&#8217;\u00e8 stato un tempo in cui non era cos\u00ec.<\/span><\/span><\/i><\/p>\n<figure id=\"attachment_151513\" class=\"wp-caption alignnone\" aria-describedby=\"caption-attachment-151513\"><img loading=\"lazy\" decoding=\"async\" class=\"size-full wp-image-151515\" src=\"https:\/\/exaudi.org\/wp-content\/uploads\/2025\/12\/cq5dam.thumbnail.cropped.750.422-2-6.jpeg\" alt=\"\" width=\"750\" height=\"421\" srcset=\"https:\/\/exaudi.org\/wp-content\/uploads\/2025\/12\/cq5dam.thumbnail.cropped.750.422-2-6.jpeg 750w, https:\/\/exaudi.org\/wp-content\/uploads\/2025\/12\/cq5dam.thumbnail.cropped.750.422-2-6-300x168.jpeg 300w, https:\/\/exaudi.org\/wp-content\/uploads\/2025\/12\/cq5dam.thumbnail.cropped.750.422-2-6-500x281.jpeg 500w\" sizes=\"auto, (max-width: 750px) 100vw, 750px\" \/><figcaption id=\"caption-attachment-151513\" class=\"wp-caption-text\"><span dir=\"auto\" style=\"vertical-align: inherit\"><span dir=\"auto\" style=\"vertical-align: inherit\">Papa Paolo VI alle Acciaierie di Taranto<\/span><\/span><\/figcaption><\/figure>\n<h3><b><span dir=\"auto\" style=\"vertical-align: inherit\"><span dir=\"auto\" style=\"vertical-align: inherit\">Giovanni Paolo II e i primi passi dell&#8217;uomo nel terzo millennio<\/span><\/span><\/b><\/h3>\n<p><span dir=\"auto\" style=\"vertical-align: inherit\"><span dir=\"auto\" style=\"vertical-align: inherit\">Il passaggio storico dell\u2019umanit\u00e0 tra due millenni si condensa in un\u2019immagine impressa nella memoria collettiva:\u00a0 <\/span><\/span><a href=\"https:\/\/www.vatican.va\/content\/john-paul-ii\/es\/homilies\/1999\/documents\/hf_jp-ii_hom_24121999.html\" rel=\"external\"><span dir=\"auto\" style=\"vertical-align: inherit\"><span dir=\"auto\" style=\"vertical-align: inherit\">l\u2019apertura della Porta Santa, il 24 dicembre 1999.<\/span><\/span><\/a><span dir=\"auto\" style=\"vertical-align: inherit\"><span dir=\"auto\" style=\"vertical-align: inherit\"> \u00a0\u00c8 il giorno in cui Papa Giovanni Paolo II varca simbolicamente la soglia del terzo millennio. In quel momento, il tempo risuona di una risonanza singolare: \u00abNon \u00e8 solo la commemorazione della nascita del Redentore, \u00e8 l\u2019inizio solenne del Grande Giubileo\u00bb. L\u2019umanit\u00e0, segnata da ferite profonde come guerre e ingiustizie, si aggrappa a una speranza, a una Persona. Nessuno \u2013 afferma Papa\u00a0 <\/span><\/span><i><span dir=\"auto\" style=\"vertical-align: inherit\"><span dir=\"auto\" style=\"vertical-align: inherit\">Wojty\u0142a<\/span><\/span><\/i><span dir=\"auto\" style=\"vertical-align: inherit\"><span dir=\"auto\" style=\"vertical-align: inherit\"> \u00a0\u2013 \u00e8 escluso dall\u2019abbraccio del Padre.<\/span><\/span><\/p>\n<p><i><span dir=\"auto\" style=\"vertical-align: inherit\"><span dir=\"auto\" style=\"vertical-align: inherit\">Tu sei Cristo, il Figlio del Dio vivente! Alle soglie del terzo millennio, la Chiesa ti saluta, Figlio di Dio, venuto nel mondo per vincere la morte. Sei venuto a illuminare la vita dell&#8217;uomo mediante il Vangelo. La Chiesa ti saluta e, insieme a te, desidera entrare nel terzo millennio. Tu sei la nostra speranza. Tu solo hai parole di vita eterna. \u2026Sii per noi la Porta che ci introduce nel mistero del Padre. Nessuno sia escluso dal suo abbraccio di misericordia e di pace!<\/span><\/span><\/i><\/p>\n<figure id=\"attachment_151517\" class=\"wp-caption alignnone\" aria-describedby=\"caption-attachment-151517\"><img loading=\"lazy\" decoding=\"async\" class=\"size-full wp-image-151519\" src=\"https:\/\/exaudi.org\/wp-content\/uploads\/2025\/12\/cq5dam.thumbnail.cropped.750.422-3-4.jpeg\" alt=\"\" width=\"750\" height=\"422\" srcset=\"https:\/\/exaudi.org\/wp-content\/uploads\/2025\/12\/cq5dam.thumbnail.cropped.750.422-3-4.jpeg 750w, https:\/\/exaudi.org\/wp-content\/uploads\/2025\/12\/cq5dam.thumbnail.cropped.750.422-3-4-300x169.jpeg 300w, https:\/\/exaudi.org\/wp-content\/uploads\/2025\/12\/cq5dam.thumbnail.cropped.750.422-3-4-500x281.jpeg 500w\" sizes=\"auto, (max-width: 750px) 100vw, 750px\" \/><figcaption id=\"caption-attachment-151517\" class=\"wp-caption-text\"><span dir=\"auto\" style=\"vertical-align: inherit\"><span dir=\"auto\" style=\"vertical-align: inherit\">Messa della Vigilia di Natale presieduta da Papa Giovanni Paolo II e apertura del Grande Giubileo dell&#8217;Anno 2000, 24 dicembre 1999<\/span><\/span><\/figcaption><\/figure>\n<h3><b><span dir=\"auto\" style=\"vertical-align: inherit\"><span dir=\"auto\" style=\"vertical-align: inherit\">Benedetto XVI, la questione dei migranti e lo spazio per Dio<\/span><\/span><\/b><\/h3>\n<p><span dir=\"auto\" style=\"vertical-align: inherit\"><span dir=\"auto\" style=\"vertical-align: inherit\">C&#8217;\u00e8 una parte dell&#8217;umanit\u00e0 che cerca un futuro migliore, fuggendo dalla miseria e dalla persecuzione. Sono i migranti. Dopo un lungo e faticoso viaggio da Nazareth a Betlemme, Giuseppe e Maria hanno assistito alla nascita del Messia in una mangiatoia, perch\u00e9 non c&#8217;era posto per loro altrove. Se Maria e Giuseppe bussassero alla nostra porta, ci sarebbe posto per loro? Questa domanda, posta da Papa Benedetto XVI durante la Santa Messa del\u00a0 <\/span><\/span><a href=\"https:\/\/www.vatican.va\/content\/benedict-xvi\/es\/homilies\/2012\/documents\/hf_ben-xvi_hom_20121224_christmas.html\" rel=\"external\"><span dir=\"auto\" style=\"vertical-align: inherit\"><span dir=\"auto\" style=\"vertical-align: inherit\">24 dicembre 2012<\/span><\/span><\/a><span dir=\"auto\" style=\"vertical-align: inherit\"><span dir=\"auto\" style=\"vertical-align: inherit\"> , diventa un&#8217;esortazione alla preghiera &#8220;affinch\u00e9 si crei in noi uno spazio&#8221; per il Signore. &#8220;E perch\u00e9, cos\u00ec, possiamo riconoscerlo anche in coloro attraverso i quali ci parla: nei bambini, in coloro che soffrono, negli abbandonati, negli emarginati e nei poveri di questo mondo&#8221;.<\/span><\/span><\/p>\n<p><i><span dir=\"auto\" style=\"vertical-align: inherit\"><span dir=\"auto\" style=\"vertical-align: inherit\">Quindi la grande questione morale di ci\u00f2 che accade tra noi riguardo ai rifugiati, ai migranti e agli sfollati assume un significato ancora pi\u00f9 fondamentale: abbiamo un posto per Dio quando cerca di entrare in noi? Abbiamo tempo e spazio per Lui? Non \u00e8 proprio Dio stesso che rifiutiamo? E cos\u00ec inizia perch\u00e9 non abbiamo tempo per Dio. Pi\u00f9 ci muoviamo velocemente, pi\u00f9 efficienti sono i mezzi che ci permettono di risparmiare tempo, meno tempo ci rimane. E Dio? Quando si tratta di Lui, non sembra mai urgente. Il nostro tempo \u00e8 gi\u00e0 completamente occupato.<\/span><\/span><\/i><\/p>\n<figure id=\"attachment_151520\" class=\"wp-caption alignnone\" aria-describedby=\"caption-attachment-151520\"><img loading=\"lazy\" decoding=\"async\" class=\"size-full wp-image-151522\" src=\"https:\/\/exaudi.org\/wp-content\/uploads\/2025\/12\/cq5dam.thumbnail.cropped.750.422-4-4.jpeg\" alt=\"\" width=\"750\" height=\"422\" srcset=\"https:\/\/exaudi.org\/wp-content\/uploads\/2025\/12\/cq5dam.thumbnail.cropped.750.422-4-4.jpeg 750w, https:\/\/exaudi.org\/wp-content\/uploads\/2025\/12\/cq5dam.thumbnail.cropped.750.422-4-4-300x169.jpeg 300w, https:\/\/exaudi.org\/wp-content\/uploads\/2025\/12\/cq5dam.thumbnail.cropped.750.422-4-4-500x281.jpeg 500w\" sizes=\"auto, (max-width: 750px) 100vw, 750px\" \/><figcaption id=\"caption-attachment-151520\" class=\"wp-caption-text\"><span dir=\"auto\" style=\"vertical-align: inherit\"><span dir=\"auto\" style=\"vertical-align: inherit\">Santa Messa della Vigilia di Natale presieduta da Papa Benedetto XVI, 24 dicembre 2012<\/span><\/span><\/figcaption><\/figure>\n<h3><b><span dir=\"auto\" style=\"vertical-align: inherit\"><span dir=\"auto\" style=\"vertical-align: inherit\">Francesco e porta la speranza dove \u00e8 andata perduta<\/span><\/span><\/b><\/h3>\n<p><span dir=\"auto\" style=\"vertical-align: inherit\"><span dir=\"auto\" style=\"vertical-align: inherit\">Ges\u00f9 nasce per noi, per ogni uomo e donna. Nasce anche e soprattutto in mezzo alla miseria e all&#8217;emarginazione esistenziale.\u00a0 <\/span><\/span><a href=\"https:\/\/www.vatican.va\/content\/francesco\/es\/homilies\/2024\/documents\/20241224-omelia-natale.html\" rel=\"external\"><span dir=\"auto\" style=\"vertical-align: inherit\"><span dir=\"auto\" style=\"vertical-align: inherit\">Il Natale 2024<\/span><\/span><\/a><span dir=\"auto\" style=\"vertical-align: inherit\"><span dir=\"auto\" style=\"vertical-align: inherit\"> \u00a0\u00e8 segnato dall&#8217;apertura della Porta Santa e dall&#8217;inizio dell&#8217;Anno Santo della Speranza. Nella Messa, nella solennit\u00e0 del Natale del Signore, Papa Francesco esorta i cristiani a impegnarsi per trasformare il mondo.<\/span><\/span><\/p>\n<p><i><span dir=\"auto\" style=\"vertical-align: inherit\"><span dir=\"auto\" style=\"vertical-align: inherit\">Abbiamo tutti il \u200b\u200bdono e il compito di portare speranza dove \u00e8 andata perduta; dove la vita \u00e8 ferita, nelle aspettative tradite, nei sogni infranti, nei fallimenti strazianti; nella stanchezza di chi non pu\u00f2 andare oltre, nell&#8217;amara solitudine di chi si sente sconfitto, nella sofferenza che devasta l&#8217;anima; nelle lunghe giornate vuote dei prigionieri, nelle anguste e fredde stanze dei poveri, nei luoghi profanati dalla guerra e dalla violenza. Per portare speranza l\u00ec, per seminare speranza l\u00ec.<\/span><\/span><\/i><\/p>\n<figure id=\"attachment_151524\" class=\"wp-caption alignnone\" aria-describedby=\"caption-attachment-151524\"><img loading=\"lazy\" decoding=\"async\" class=\"size-full wp-image-151526\" src=\"https:\/\/exaudi.org\/wp-content\/uploads\/2025\/12\/cq5dam.thumbnail.cropped.750.422-5-2.jpeg\" alt=\"\" width=\"750\" height=\"422\" srcset=\"https:\/\/exaudi.org\/wp-content\/uploads\/2025\/12\/cq5dam.thumbnail.cropped.750.422-5-2.jpeg 750w, https:\/\/exaudi.org\/wp-content\/uploads\/2025\/12\/cq5dam.thumbnail.cropped.750.422-5-2-300x169.jpeg 300w, https:\/\/exaudi.org\/wp-content\/uploads\/2025\/12\/cq5dam.thumbnail.cropped.750.422-5-2-500x281.jpeg 500w\" sizes=\"auto, (max-width: 750px) 100vw, 750px\" \/><figcaption id=\"caption-attachment-151524\" class=\"wp-caption-text\"><span dir=\"auto\" style=\"vertical-align: inherit\"><span dir=\"auto\" style=\"vertical-align: inherit\">Messa della Vigilia di Natale presieduta da Papa Francesco nella Basilica di San Pietro, 24 dicembre 2024 (VATICAN MEDIA Divisione Foto)<\/span><\/span><\/figcaption><\/figure>\n<h3><b><span dir=\"auto\" style=\"vertical-align: inherit\"><span dir=\"auto\" style=\"vertical-align: inherit\">Leone XIV e il Natale, festa della luce<\/span><\/span><\/b><\/h3>\n<p><span dir=\"auto\" style=\"vertical-align: inherit\"><span dir=\"auto\" style=\"vertical-align: inherit\">Si avvicina il momento in cui celebriamo la nascita di Ges\u00f9. Il 24 dicembre, Leone XIV presieder\u00e0 la Messa nella Basilica di San Pietro. Nella solennit\u00e0 del Natale del Signore, l&#8217;umanit\u00e0 \u00e8 ancora alle prese con tante dolorose ferite. Nel 2020, in un periodo segnato dalla pandemia, l&#8217;allora Vescovo di Chiclayo e Amministratore Apostolico della Diocesi di Callao in Per\u00f9, Monsignor Robert Francis Prevost, invi\u00f2 un messaggio natalizio. Il suo augurio fu pubblicato sul canale YouTube della Diocesi di Callao. Mentre non si vede ancora la fine di questo tempo segnato dalla malattia e da tanti morti, l&#8217;allora Vescovo di Chiclayo sottoline\u00f2 che la festa della speranza \u00e8 arrivata. Il Natale \u00e8 sempre &#8220;una festa di luce sulla terra&#8221;, anche in tempi che sembrano dominati dall&#8217;oscurit\u00e0.<\/span><\/span><\/p>\n<p><em><strong><span dir=\"auto\" style=\"vertical-align: inherit\"><span dir=\"auto\" style=\"vertical-align: inherit\">Fonte:\u00a0 <\/span><\/span><a href=\"https:\/\/www.vaticannews.va\/es\/papa\/news\/2025-12\/la-navidad-la-humanidad-atormentada-y-la-voz-de-los-papas.html\" target=\"_blank\" rel=\"noopener\"><span dir=\"auto\" style=\"vertical-align: inherit\"><span dir=\"auto\" style=\"vertical-align: inherit\">Amedeo Lomonaco<\/span><\/span><\/a><\/strong><\/em><\/p>\n","protected":false},"excerpt":{"rendered":"<p>Per la solennit\u00e0 del Natale del Signore, esploriamo alcune riflessioni dei Papi su questa festa che rinnova la speranza anche in mezzo a profonde ferite e angosce<\/p>\n","protected":false},"author":17,"featured_media":151531,"comment_status":"closed","ping_status":"closed","sticky":false,"template":"","format":"standard","meta":{"_acf_changed":false,"_crdt_document":"","inline_featured_image":false,"footnotes":""},"categories":[71],"tags":[64851,2480,4696,58164],"class_list":["post-151541","post","type-post","status-publish","format-standard","has-post-thumbnail","hentry","category-analisi","tag-featured-it-2","tag-messaggio","tag-natale","tag-papa-leone-xiv"],"acf":[],"yoast_head":"<!-- This site is optimized with the Yoast SEO plugin v27.4 - https:\/\/yoast.com\/product\/yoast-seo-wordpress\/ -->\n<title>Natale, \u201cumanit\u00e0 tormentata\u201d e la voce consolatrice dei Papi &#8211; Exaudi<\/title>\n<meta name=\"robots\" content=\"index, follow, max-snippet:-1, max-image-preview:large, max-video-preview:-1\" \/>\n<link rel=\"canonical\" href=\"https:\/\/exaudi.org\/it\/natale-umanita-tormentata-e-la-voce-consolatrice-dei-papi\/\" \/>\n<meta property=\"og:locale\" content=\"it_IT\" \/>\n<meta property=\"og:type\" content=\"article\" \/>\n<meta property=\"og:title\" content=\"Natale, \u201cumanit\u00e0 tormentata\u201d e la voce consolatrice dei Papi &#8211; Exaudi\" \/>\n<meta property=\"og:description\" content=\"Per la solennit\u00e0 del Natale del Signore, esploriamo alcune riflessioni dei Papi su questa festa che rinnova la speranza anche in mezzo a profonde ferite e angosce\" \/>\n<meta property=\"og:url\" content=\"https:\/\/exaudi.org\/it\/natale-umanita-tormentata-e-la-voce-consolatrice-dei-papi\/\" \/>\n<meta property=\"og:site_name\" content=\"Exaudi\" \/>\n<meta property=\"article:publisher\" content=\"https:\/\/www.facebook.com\/ExaudiNews\" \/>\n<meta property=\"article:author\" content=\"https:\/\/www.facebook.com\/ExaudiNotizie\/\" \/>\n<meta property=\"article:published_time\" content=\"2025-12-23T15:54:27+00:00\" \/>\n<meta property=\"og:image\" content=\"https:\/\/exaudi.org\/wp-content\/uploads\/2025\/12\/cq5dam.thumbnail.cropped.750.422-6-3.jpeg\" \/>\n\t<meta property=\"og:image:width\" content=\"750\" \/>\n\t<meta property=\"og:image:height\" content=\"422\" \/>\n\t<meta property=\"og:image:type\" content=\"image\/jpeg\" \/>\n<meta name=\"author\" content=\"Exaudi Redazione\" \/>\n<meta name=\"twitter:card\" content=\"summary_large_image\" \/>\n<meta name=\"twitter:creator\" content=\"@Exaudi_Notizie\" \/>\n<meta name=\"twitter:site\" content=\"@Exaudi_News\" \/>\n<meta name=\"twitter:label1\" content=\"Scritto da\" \/>\n\t<meta name=\"twitter:data1\" content=\"Exaudi Redazione\" \/>\n\t<meta name=\"twitter:label2\" content=\"Tempo di lettura stimato\" \/>\n\t<meta name=\"twitter:data2\" content=\"6 minuti\" \/>\n<script type=\"application\/ld+json\" class=\"yoast-schema-graph\">{\"@context\":\"https:\\\/\\\/schema.org\",\"@graph\":[{\"@type\":\"Article\",\"@id\":\"https:\\\/\\\/exaudi.org\\\/it\\\/natale-umanita-tormentata-e-la-voce-consolatrice-dei-papi\\\/#article\",\"isPartOf\":{\"@id\":\"https:\\\/\\\/exaudi.org\\\/it\\\/natale-umanita-tormentata-e-la-voce-consolatrice-dei-papi\\\/\"},\"author\":{\"name\":\"Exaudi Redazione\",\"@id\":\"https:\\\/\\\/exaudi.org\\\/#\\\/schema\\\/person\\\/e1ab6ed07c01774724dd96f925f3a5f0\"},\"headline\":\"Natale, \u201cumanit\u00e0 tormentata\u201d e la voce consolatrice dei Papi\",\"datePublished\":\"2025-12-23T15:54:27+00:00\",\"mainEntityOfPage\":{\"@id\":\"https:\\\/\\\/exaudi.org\\\/it\\\/natale-umanita-tormentata-e-la-voce-consolatrice-dei-papi\\\/\"},\"wordCount\":1316,\"image\":{\"@id\":\"https:\\\/\\\/exaudi.org\\\/it\\\/natale-umanita-tormentata-e-la-voce-consolatrice-dei-papi\\\/#primaryimage\"},\"thumbnailUrl\":\"https:\\\/\\\/exaudi.org\\\/wp-content\\\/uploads\\\/2025\\\/12\\\/cq5dam.thumbnail.cropped.750.422-6-3.jpeg\",\"keywords\":[\"Featured\",\"messaggio\",\"natale\",\"Papa Leone XIV\"],\"articleSection\":[\"Analisi\"],\"inLanguage\":\"it-IT\"},{\"@type\":\"WebPage\",\"@id\":\"https:\\\/\\\/exaudi.org\\\/it\\\/natale-umanita-tormentata-e-la-voce-consolatrice-dei-papi\\\/\",\"url\":\"https:\\\/\\\/exaudi.org\\\/it\\\/natale-umanita-tormentata-e-la-voce-consolatrice-dei-papi\\\/\",\"name\":\"Natale, \u201cumanit\u00e0 tormentata\u201d e la voce consolatrice dei Papi &#8211; Exaudi\",\"isPartOf\":{\"@id\":\"https:\\\/\\\/exaudi.org\\\/#website\"},\"primaryImageOfPage\":{\"@id\":\"https:\\\/\\\/exaudi.org\\\/it\\\/natale-umanita-tormentata-e-la-voce-consolatrice-dei-papi\\\/#primaryimage\"},\"image\":{\"@id\":\"https:\\\/\\\/exaudi.org\\\/it\\\/natale-umanita-tormentata-e-la-voce-consolatrice-dei-papi\\\/#primaryimage\"},\"thumbnailUrl\":\"https:\\\/\\\/exaudi.org\\\/wp-content\\\/uploads\\\/2025\\\/12\\\/cq5dam.thumbnail.cropped.750.422-6-3.jpeg\",\"datePublished\":\"2025-12-23T15:54:27+00:00\",\"author\":{\"@id\":\"https:\\\/\\\/exaudi.org\\\/#\\\/schema\\\/person\\\/e1ab6ed07c01774724dd96f925f3a5f0\"},\"breadcrumb\":{\"@id\":\"https:\\\/\\\/exaudi.org\\\/it\\\/natale-umanita-tormentata-e-la-voce-consolatrice-dei-papi\\\/#breadcrumb\"},\"inLanguage\":\"it-IT\",\"potentialAction\":[{\"@type\":\"ReadAction\",\"target\":[\"https:\\\/\\\/exaudi.org\\\/it\\\/natale-umanita-tormentata-e-la-voce-consolatrice-dei-papi\\\/\"]}]},{\"@type\":\"ImageObject\",\"inLanguage\":\"it-IT\",\"@id\":\"https:\\\/\\\/exaudi.org\\\/it\\\/natale-umanita-tormentata-e-la-voce-consolatrice-dei-papi\\\/#primaryimage\",\"url\":\"https:\\\/\\\/exaudi.org\\\/wp-content\\\/uploads\\\/2025\\\/12\\\/cq5dam.thumbnail.cropped.750.422-6-3.jpeg\",\"contentUrl\":\"https:\\\/\\\/exaudi.org\\\/wp-content\\\/uploads\\\/2025\\\/12\\\/cq5dam.thumbnail.cropped.750.422-6-3.jpeg\",\"width\":750,\"height\":422},{\"@type\":\"BreadcrumbList\",\"@id\":\"https:\\\/\\\/exaudi.org\\\/it\\\/natale-umanita-tormentata-e-la-voce-consolatrice-dei-papi\\\/#breadcrumb\",\"itemListElement\":[{\"@type\":\"ListItem\",\"position\":1,\"name\":\"Portada\",\"item\":\"https:\\\/\\\/exaudi.org\\\/it\\\/\"},{\"@type\":\"ListItem\",\"position\":2,\"name\":\"Natale, \u201cumanit\u00e0 tormentata\u201d e la voce consolatrice dei Papi\"}]},{\"@type\":\"WebSite\",\"@id\":\"https:\\\/\\\/exaudi.org\\\/#website\",\"url\":\"https:\\\/\\\/exaudi.org\\\/\",\"name\":\"Exaudi\",\"description\":\"News\",\"potentialAction\":[{\"@type\":\"SearchAction\",\"target\":{\"@type\":\"EntryPoint\",\"urlTemplate\":\"https:\\\/\\\/exaudi.org\\\/?s={search_term_string}\"},\"query-input\":{\"@type\":\"PropertyValueSpecification\",\"valueRequired\":true,\"valueName\":\"search_term_string\"}}],\"inLanguage\":\"it-IT\"},{\"@type\":\"Person\",\"@id\":\"https:\\\/\\\/exaudi.org\\\/#\\\/schema\\\/person\\\/e1ab6ed07c01774724dd96f925f3a5f0\",\"name\":\"Exaudi Redazione\",\"image\":{\"@type\":\"ImageObject\",\"inLanguage\":\"it-IT\",\"@id\":\"https:\\\/\\\/secure.gravatar.com\\\/avatar\\\/ad6774b3ada023bf5b939d64f45c94b3adf91502dd883507d469b4308a943bb3?s=96&d=mm&r=g\",\"url\":\"https:\\\/\\\/secure.gravatar.com\\\/avatar\\\/ad6774b3ada023bf5b939d64f45c94b3adf91502dd883507d469b4308a943bb3?s=96&d=mm&r=g\",\"contentUrl\":\"https:\\\/\\\/secure.gravatar.com\\\/avatar\\\/ad6774b3ada023bf5b939d64f45c94b3adf91502dd883507d469b4308a943bb3?s=96&d=mm&r=g\",\"caption\":\"Exaudi Redazione\"},\"description\":\"Che cosa \u00e8 Exaudi News? Exaudi News \u00e8 un agenzia cattolica internazionale che informa, istruisce e trasforma quotidianamente in spagnolo, inglese e italiano. Attraverso notizie, articoli di analisi e trasmissioni in diretta degli eventi del Papa, Exaudi cerca di rafforzare l'unit\u00e0 dei cristiani e di contribuire all'evangelizzazione del mondo, sempre guidato dalla dottrina sociale della Chiesa. Lavoriamo per portare la verit\u00e0 e i valori cristiani in ogni angolo del pianeta. Aiutaci a trasformare il mondo con Exaudi! Noi di Exaudi crediamo che l'evangelizzazione e l'informazione di qualit\u00e0 possano cambiare la vita. Per continuare la nostra missione ed espandere la nostra portata, abbiamo bisogno del tuo aiuto. Stiamo anche cercando persone motivate che vogliano unirsi al nostro team. Grazie al vostro sostegno raggiungeremo pi\u00f9 persone, diffonderemo il messaggio di Cristo e rafforzeremo l'unit\u00e0 dei cristiani. Vuoi unirti alla nostra missione? Per maggiori informazioni su come contribuire, visita Exaudi.org\\\/it o contattaci direttamente: info@exaudi.org Exaudi: informa, forma e trasforma.\",\"sameAs\":[\"https:\\\/\\\/www.facebook.com\\\/ExaudiNotizie\\\/\",\"https:\\\/\\\/www.instagram.com\\\/Exaudi_notizie\\\/\",\"https:\\\/\\\/x.com\\\/Exaudi_Notizie\",\"https:\\\/\\\/www.youtube.com\\\/@exaudicatholicnews\"],\"url\":\"https:\\\/\\\/exaudi.org\\\/it\\\/author\\\/dlvedi-org\\\/\"}]}<\/script>\n<!-- \/ Yoast SEO plugin. -->","yoast_head_json":{"title":"Natale, \u201cumanit\u00e0 tormentata\u201d e la voce consolatrice dei Papi &#8211; Exaudi","robots":{"index":"index","follow":"follow","max-snippet":"max-snippet:-1","max-image-preview":"max-image-preview:large","max-video-preview":"max-video-preview:-1"},"canonical":"https:\/\/exaudi.org\/it\/natale-umanita-tormentata-e-la-voce-consolatrice-dei-papi\/","og_locale":"it_IT","og_type":"article","og_title":"Natale, \u201cumanit\u00e0 tormentata\u201d e la voce consolatrice dei Papi &#8211; Exaudi","og_description":"Per la solennit\u00e0 del Natale del Signore, esploriamo alcune riflessioni dei Papi su questa festa che rinnova la speranza anche in mezzo a profonde ferite e angosce","og_url":"https:\/\/exaudi.org\/it\/natale-umanita-tormentata-e-la-voce-consolatrice-dei-papi\/","og_site_name":"Exaudi","article_publisher":"https:\/\/www.facebook.com\/ExaudiNews","article_author":"https:\/\/www.facebook.com\/ExaudiNotizie\/","article_published_time":"2025-12-23T15:54:27+00:00","og_image":[{"width":750,"height":422,"url":"https:\/\/exaudi.org\/wp-content\/uploads\/2025\/12\/cq5dam.thumbnail.cropped.750.422-6-3.jpeg","type":"image\/jpeg"}],"author":"Exaudi Redazione","twitter_card":"summary_large_image","twitter_creator":"@Exaudi_Notizie","twitter_site":"@Exaudi_News","twitter_misc":{"Scritto da":"Exaudi Redazione","Tempo di lettura stimato":"6 minuti"},"schema":{"@context":"https:\/\/schema.org","@graph":[{"@type":"Article","@id":"https:\/\/exaudi.org\/it\/natale-umanita-tormentata-e-la-voce-consolatrice-dei-papi\/#article","isPartOf":{"@id":"https:\/\/exaudi.org\/it\/natale-umanita-tormentata-e-la-voce-consolatrice-dei-papi\/"},"author":{"name":"Exaudi Redazione","@id":"https:\/\/exaudi.org\/#\/schema\/person\/e1ab6ed07c01774724dd96f925f3a5f0"},"headline":"Natale, \u201cumanit\u00e0 tormentata\u201d e la voce consolatrice dei Papi","datePublished":"2025-12-23T15:54:27+00:00","mainEntityOfPage":{"@id":"https:\/\/exaudi.org\/it\/natale-umanita-tormentata-e-la-voce-consolatrice-dei-papi\/"},"wordCount":1316,"image":{"@id":"https:\/\/exaudi.org\/it\/natale-umanita-tormentata-e-la-voce-consolatrice-dei-papi\/#primaryimage"},"thumbnailUrl":"https:\/\/exaudi.org\/wp-content\/uploads\/2025\/12\/cq5dam.thumbnail.cropped.750.422-6-3.jpeg","keywords":["Featured","messaggio","natale","Papa Leone XIV"],"articleSection":["Analisi"],"inLanguage":"it-IT"},{"@type":"WebPage","@id":"https:\/\/exaudi.org\/it\/natale-umanita-tormentata-e-la-voce-consolatrice-dei-papi\/","url":"https:\/\/exaudi.org\/it\/natale-umanita-tormentata-e-la-voce-consolatrice-dei-papi\/","name":"Natale, \u201cumanit\u00e0 tormentata\u201d e la voce consolatrice dei Papi &#8211; Exaudi","isPartOf":{"@id":"https:\/\/exaudi.org\/#website"},"primaryImageOfPage":{"@id":"https:\/\/exaudi.org\/it\/natale-umanita-tormentata-e-la-voce-consolatrice-dei-papi\/#primaryimage"},"image":{"@id":"https:\/\/exaudi.org\/it\/natale-umanita-tormentata-e-la-voce-consolatrice-dei-papi\/#primaryimage"},"thumbnailUrl":"https:\/\/exaudi.org\/wp-content\/uploads\/2025\/12\/cq5dam.thumbnail.cropped.750.422-6-3.jpeg","datePublished":"2025-12-23T15:54:27+00:00","author":{"@id":"https:\/\/exaudi.org\/#\/schema\/person\/e1ab6ed07c01774724dd96f925f3a5f0"},"breadcrumb":{"@id":"https:\/\/exaudi.org\/it\/natale-umanita-tormentata-e-la-voce-consolatrice-dei-papi\/#breadcrumb"},"inLanguage":"it-IT","potentialAction":[{"@type":"ReadAction","target":["https:\/\/exaudi.org\/it\/natale-umanita-tormentata-e-la-voce-consolatrice-dei-papi\/"]}]},{"@type":"ImageObject","inLanguage":"it-IT","@id":"https:\/\/exaudi.org\/it\/natale-umanita-tormentata-e-la-voce-consolatrice-dei-papi\/#primaryimage","url":"https:\/\/exaudi.org\/wp-content\/uploads\/2025\/12\/cq5dam.thumbnail.cropped.750.422-6-3.jpeg","contentUrl":"https:\/\/exaudi.org\/wp-content\/uploads\/2025\/12\/cq5dam.thumbnail.cropped.750.422-6-3.jpeg","width":750,"height":422},{"@type":"BreadcrumbList","@id":"https:\/\/exaudi.org\/it\/natale-umanita-tormentata-e-la-voce-consolatrice-dei-papi\/#breadcrumb","itemListElement":[{"@type":"ListItem","position":1,"name":"Portada","item":"https:\/\/exaudi.org\/it\/"},{"@type":"ListItem","position":2,"name":"Natale, \u201cumanit\u00e0 tormentata\u201d e la voce consolatrice dei Papi"}]},{"@type":"WebSite","@id":"https:\/\/exaudi.org\/#website","url":"https:\/\/exaudi.org\/","name":"Exaudi","description":"News","potentialAction":[{"@type":"SearchAction","target":{"@type":"EntryPoint","urlTemplate":"https:\/\/exaudi.org\/?s={search_term_string}"},"query-input":{"@type":"PropertyValueSpecification","valueRequired":true,"valueName":"search_term_string"}}],"inLanguage":"it-IT"},{"@type":"Person","@id":"https:\/\/exaudi.org\/#\/schema\/person\/e1ab6ed07c01774724dd96f925f3a5f0","name":"Exaudi Redazione","image":{"@type":"ImageObject","inLanguage":"it-IT","@id":"https:\/\/secure.gravatar.com\/avatar\/ad6774b3ada023bf5b939d64f45c94b3adf91502dd883507d469b4308a943bb3?s=96&d=mm&r=g","url":"https:\/\/secure.gravatar.com\/avatar\/ad6774b3ada023bf5b939d64f45c94b3adf91502dd883507d469b4308a943bb3?s=96&d=mm&r=g","contentUrl":"https:\/\/secure.gravatar.com\/avatar\/ad6774b3ada023bf5b939d64f45c94b3adf91502dd883507d469b4308a943bb3?s=96&d=mm&r=g","caption":"Exaudi Redazione"},"description":"Che cosa \u00e8 Exaudi News? Exaudi News \u00e8 un agenzia cattolica internazionale che informa, istruisce e trasforma quotidianamente in spagnolo, inglese e italiano. Attraverso notizie, articoli di analisi e trasmissioni in diretta degli eventi del Papa, Exaudi cerca di rafforzare l'unit\u00e0 dei cristiani e di contribuire all'evangelizzazione del mondo, sempre guidato dalla dottrina sociale della Chiesa. Lavoriamo per portare la verit\u00e0 e i valori cristiani in ogni angolo del pianeta. Aiutaci a trasformare il mondo con Exaudi! Noi di Exaudi crediamo che l'evangelizzazione e l'informazione di qualit\u00e0 possano cambiare la vita. Per continuare la nostra missione ed espandere la nostra portata, abbiamo bisogno del tuo aiuto. Stiamo anche cercando persone motivate che vogliano unirsi al nostro team. Grazie al vostro sostegno raggiungeremo pi\u00f9 persone, diffonderemo il messaggio di Cristo e rafforzeremo l'unit\u00e0 dei cristiani. Vuoi unirti alla nostra missione? Per maggiori informazioni su come contribuire, visita Exaudi.org\/it o contattaci direttamente: info@exaudi.org Exaudi: informa, forma e trasforma.","sameAs":["https:\/\/www.facebook.com\/ExaudiNotizie\/","https:\/\/www.instagram.com\/Exaudi_notizie\/","https:\/\/x.com\/Exaudi_Notizie","https:\/\/www.youtube.com\/@exaudicatholicnews"],"url":"https:\/\/exaudi.org\/it\/author\/dlvedi-org\/"}]}},"jetpack_featured_media_url":"https:\/\/exaudi.org\/wp-content\/uploads\/2025\/12\/cq5dam.thumbnail.cropped.750.422-6-3.jpeg","jetpack_shortlink":"https:\/\/wp.me\/pgKjF2-Dqd","_links":{"self":[{"href":"https:\/\/exaudi.org\/it\/wp-json\/wp\/v2\/posts\/151541","targetHints":{"allow":["GET"]}}],"collection":[{"href":"https:\/\/exaudi.org\/it\/wp-json\/wp\/v2\/posts"}],"about":[{"href":"https:\/\/exaudi.org\/it\/wp-json\/wp\/v2\/types\/post"}],"author":[{"embeddable":true,"href":"https:\/\/exaudi.org\/it\/wp-json\/wp\/v2\/users\/17"}],"replies":[{"embeddable":true,"href":"https:\/\/exaudi.org\/it\/wp-json\/wp\/v2\/comments?post=151541"}],"version-history":[{"count":3,"href":"https:\/\/exaudi.org\/it\/wp-json\/wp\/v2\/posts\/151541\/revisions"}],"predecessor-version":[{"id":151544,"href":"https:\/\/exaudi.org\/it\/wp-json\/wp\/v2\/posts\/151541\/revisions\/151544"}],"wp:featuredmedia":[{"embeddable":true,"href":"https:\/\/exaudi.org\/it\/wp-json\/wp\/v2\/media\/151531"}],"wp:attachment":[{"href":"https:\/\/exaudi.org\/it\/wp-json\/wp\/v2\/media?parent=151541"}],"wp:term":[{"taxonomy":"category","embeddable":true,"href":"https:\/\/exaudi.org\/it\/wp-json\/wp\/v2\/categories?post=151541"},{"taxonomy":"post_tag","embeddable":true,"href":"https:\/\/exaudi.org\/it\/wp-json\/wp\/v2\/tags?post=151541"}],"curies":[{"name":"wp","href":"https:\/\/api.w.org\/{rel}","templated":true}]}}