{"id":150848,"date":"2025-12-17T15:24:37","date_gmt":"2025-12-17T14:24:37","guid":{"rendered":"https:\/\/exaudi.org\/?p=150848"},"modified":"2025-12-17T15:24:37","modified_gmt":"2025-12-17T14:24:37","slug":"la-fondazione-carf-vi-invita-a-trascorrere-il-natale-con-sacerdoti-e-seminaristi-dei-paesi-dimenticati-della-terra","status":"publish","type":"post","link":"https:\/\/exaudi.org\/it\/la-fondazione-carf-vi-invita-a-trascorrere-il-natale-con-sacerdoti-e-seminaristi-dei-paesi-dimenticati-della-terra\/","title":{"rendered":"La Fondazione CARF vi invita a trascorrere il Natale con sacerdoti e seminaristi dei &#8220;Paesi dimenticati della Terra&#8221;"},"content":{"rendered":"<p><span dir=\"auto\" style=\"vertical-align: inherit\"><span dir=\"auto\" style=\"vertical-align: inherit\">La Fondazione CARF organizza pellegrinaggi a Roma, Pamplona e in Terra Santa. Ma per questo Natale ha preparato un viaggio molto speciale e personalizzato. Vi invita a trascorrere il Natale in Nigeria (con Padre\u00a0 <\/span><\/span><a href=\"https:\/\/exaudi.org\/es\/emmanuel-enwenwen-sacerdote-muchos-nigerianos-son-hoy-misioneros\/\" target=\"_blank\" rel=\"noopener\"><span dir=\"auto\" style=\"vertical-align: inherit\"><span dir=\"auto\" style=\"vertical-align: inherit\">Emmanuel<\/span><\/span><\/a><span dir=\"auto\" style=\"vertical-align: inherit\"><span dir=\"auto\" style=\"vertical-align: inherit\"> ), Angola (con il seminarista Gon\u00e7alves), Venezuela (con Padre Humberto) e Cina (con il seminarista Xudong).<\/span><\/span><\/p>\n<h3><strong><em><span dir=\"auto\" style=\"vertical-align: inherit\"><span dir=\"auto\" style=\"vertical-align: inherit\">L&#8217;aumento delle vocazioni in Nigeria e la persecuzione religiosa<\/span><\/span><\/em><\/strong><\/h3>\n<p><a href=\"https:\/\/exaudi.org\/es\/emmanuel-enwenwen-sacerdote-muchos-nigerianos-son-hoy-misioneros\/\" target=\"_blank\" rel=\"noopener\"><span dir=\"auto\" style=\"vertical-align: inherit\"><span dir=\"auto\" style=\"vertical-align: inherit\">Emmanuel Enwenwen<\/span><\/span><\/a><span dir=\"auto\" style=\"vertical-align: inherit\"><span dir=\"auto\" style=\"vertical-align: inherit\"> \u00a0\u00e8 un sacerdote della diocesi cattolica di Ikot Ekpene, in Nigeria. Studia Comunicazione Istituzionale a Roma da diversi anni, grazie a una borsa di studio dei benefattori della Fondazione CARF.<\/span><\/span><\/p>\n<p><span dir=\"auto\" style=\"vertical-align: inherit\"><span dir=\"auto\" style=\"vertical-align: inherit\">Nonostante tutte le difficolt\u00e0 e le persecuzioni in Nigeria, le vocazioni nel Paese aumentano ogni anno. &#8220;Qualche anno fa, eravamo beneficiari di missionari venuti a evangelizzarci.\u00a0 <\/span><\/span><strong><span dir=\"auto\" style=\"vertical-align: inherit\"><span dir=\"auto\" style=\"vertical-align: inherit\">Oggi, molti nigeriani sono diventati missionari in diverse parti del mondo&#8221;,\u00a0<\/span><\/span><\/strong><span dir=\"auto\" style=\"vertical-align: inherit\"><span dir=\"auto\" style=\"vertical-align: inherit\"> osserva.<\/span><\/span><\/p>\n<p><span dir=\"auto\" style=\"vertical-align: inherit\"><span dir=\"auto\" style=\"vertical-align: inherit\">Tuttavia, la Chiesa cattolica in Nigeria deve affrontare numerose sfide nel suo impegno per realizzare la sua missione spirituale e sociale. Uno dei problemi principali \u00e8 l&#8217;insicurezza. La violenza di gruppi ribelli, banditi e rapitori prende di mira il clero, i laici e persino i luoghi di culto, interrompendo le attivit\u00e0 pastorali e seminando paura. &#8220;In alcune parti del Paese, la Chiesa \u00e8 diventata una facile via verso il martirio&#8221;, lamenta Emmanuel.<\/span><\/span><\/p>\n<p><span dir=\"auto\" style=\"vertical-align: inherit\"><span dir=\"auto\" style=\"vertical-align: inherit\">Ma nonostante ci\u00f2, questo giovane sacerdote che studia a Roma ricorda che il futuro della Chiesa cattolica in Nigeria ha un significato profondo, non solo per i fedeli, ma per l&#8217;anima stessa della nazione.<\/span><\/span><\/p>\n<p><span dir=\"auto\" style=\"vertical-align: inherit\"><span dir=\"auto\" style=\"vertical-align: inherit\">&#8220;Grazie a una popolazione giovane e dinamica, la Chiesa ha la capacit\u00e0 di rimodellare il panorama morale della nazione. Inoltre, con i numerosi giovani nei seminari e nei conventi, c&#8217;\u00e8 grande speranza di continuit\u00e0 nel futuro&#8221;, afferma.<\/span><\/span><\/p>\n<p><span dir=\"auto\" style=\"vertical-align: inherit\"><span dir=\"auto\" style=\"vertical-align: inherit\">La Fondazione CARF sostiene seminaristi, sacerdoti e religiosi in 130 paesi. In questo Natale, invita benefattori, amici e le loro famiglie a ricordare i pi\u00f9 vulnerabili, coloro che vivono nei paesi dimenticati del mondo: a pensare a loro, pregare per loro e contribuire alle loro necessit\u00e0, affinch\u00e9, dopo aver ricevuto una solida formazione, possano celebrare il Natale quest&#8217;anno e negli anni a venire con la loro gente, a cui spiegheranno che Dio si \u00e8 fatto uomo per portare luce, calore e speranza nelle case di tutto il mondo.<\/span><\/span><\/p>\n<p><strong><u><span dir=\"auto\" style=\"vertical-align: inherit\"><span dir=\"auto\" style=\"vertical-align: inherit\">Di<\/span><\/span><\/u><\/strong><span dir=\"auto\" style=\"vertical-align: inherit\"><span dir=\"auto\" style=\"vertical-align: inherit\">:<\/span><\/span><\/p>\n<p><span dir=\"auto\" style=\"vertical-align: inherit\"><span dir=\"auto\" style=\"vertical-align: inherit\">La Fondazione CARF \u00e8 nata il 14 febbraio 1989, ispirata da San Giovanni Paolo II e animata dal Beato \u00c1lvaro del Portillo, con tre obiettivi: pregare per le vocazioni sacerdotali; promuovere il buon nome dei sacerdoti in tutto il mondo; e aiutare nella formazione integrale dei seminaristi, dei sacerdoti diocesani, dei religiosi e delle religiose per servire meglio la Chiesa in tutto il mondo.<\/span><\/span><\/p>\n<p><span dir=\"auto\" style=\"vertical-align: inherit\"><span dir=\"auto\" style=\"vertical-align: inherit\">Dalla sua nascita a oggi, grazie al sostegno dei suoi benefattori e amici, la Fondazione CARF ha finanziato borse di studio per quasi 30.000 studenti provenienti da famiglie a basso reddito in 130 paesi, per migliorare la loro formazione intellettuale, umana e spirituale presso la Pontificia Universit\u00e0 della Santa Croce a Roma e presso le Facolt\u00e0 Ecclesiastiche dell&#8217;Universit\u00e0 di Navarra a Pamplona. Tra questi, 129 studenti sono stati ordinati vescovi e quattro sono stati creati cardinali.<\/span><\/span><\/p>\n","protected":false},"excerpt":{"rendered":"<p>Emmanuel Enwenwen, sacerdote nigeriano: &#8220;La Chiesa \u00e8 diventata una facile via verso il martirio&#8221;<\/p>\n","protected":false},"author":119,"featured_media":150840,"comment_status":"closed","ping_status":"closed","sticky":false,"template":"","format":"standard","meta":{"_acf_changed":false,"_crdt_document":"","inline_featured_image":false,"footnotes":""},"categories":[73],"tags":[86449,86448,19959,86455,86450,86451,86452,20566,75932,11577,86462,86453,4696,86454,86456,86457,86458,86461,1302,86459,10333,4522,86460,819,64787,13555,15574],"class_list":["post-150848","post","type-post","status-publish","format-standard","has-post-thumbnail","hentry","category-chiesa-e-mondo","tag-aiuti-per-i-seminaristi-diocesani","tag-angola-goncalves-2","tag-beato-alvaro-del-portillo-2","tag-borse-di-studio-carf-per-i-vescovi","tag-borse-di-studio-per-la-formazione-sacerdotale","tag-cardinali-carf","tag-china-xudong-2","tag-donazioni-carf","tag-emmanuel-enwenwen-2","tag-fondazione-carf","tag-humberto-dal-venezuela","tag-martirio-della-chiesa-in-nigeria","tag-natale","tag-natale-di-solidarieta","tag-paesi-dimenticati-della-terra","tag-pellegrinaggi-a-roma-e-pamplona","tag-persecuzione-religiosa-in-nigeria","tag-pontificia-universita-della-santa-sede-cross","tag-sacerdoti","tag-sacerdoti-in-nigeria","tag-san-giovanni-paolo-ii","tag-seminaristi","tag-seminaristi-dei-paesi-dimenticati","tag-terra-santa","tag-trending-it-236","tag-universita-di-navarra","tag-vocazioni-sacerdotali"],"acf":[],"yoast_head":"<!-- This site is optimized with the Yoast SEO plugin v27.4 - https:\/\/yoast.com\/product\/yoast-seo-wordpress\/ -->\n<title>La Fondazione CARF vi invita a trascorrere il Natale con sacerdoti e seminaristi dei &quot;Paesi dimenticati della Terra&quot; &#8211; Exaudi<\/title>\n<meta name=\"robots\" content=\"index, follow, max-snippet:-1, max-image-preview:large, max-video-preview:-1\" \/>\n<link rel=\"canonical\" href=\"https:\/\/exaudi.org\/it\/la-fondazione-carf-vi-invita-a-trascorrere-il-natale-con-sacerdoti-e-seminaristi-dei-paesi-dimenticati-della-terra\/\" \/>\n<meta property=\"og:locale\" content=\"it_IT\" \/>\n<meta property=\"og:type\" content=\"article\" \/>\n<meta property=\"og:title\" content=\"La Fondazione CARF vi invita a trascorrere il Natale con sacerdoti e seminaristi dei &quot;Paesi dimenticati della Terra&quot; &#8211; Exaudi\" \/>\n<meta property=\"og:description\" content=\"Emmanuel Enwenwen, sacerdote nigeriano: &quot;La Chiesa \u00e8 diventata una facile via verso il martirio&quot;\" \/>\n<meta property=\"og:url\" content=\"https:\/\/exaudi.org\/it\/la-fondazione-carf-vi-invita-a-trascorrere-il-natale-con-sacerdoti-e-seminaristi-dei-paesi-dimenticati-della-terra\/\" \/>\n<meta property=\"og:site_name\" content=\"Exaudi\" \/>\n<meta property=\"article:publisher\" content=\"https:\/\/www.facebook.com\/ExaudiNews\" \/>\n<meta property=\"article:author\" content=\"https:\/\/www.facebook.com\/fundacioncarf\/\" \/>\n<meta property=\"article:published_time\" content=\"2025-12-17T14:24:37+00:00\" \/>\n<meta property=\"og:image\" content=\"https:\/\/exaudi.org\/wp-content\/uploads\/2025\/12\/WhatsApp-Image-2025-12-17-at-14.05.31.jpeg\" \/>\n\t<meta property=\"og:image:width\" content=\"2001\" \/>\n\t<meta property=\"og:image:height\" content=\"1355\" \/>\n\t<meta property=\"og:image:type\" content=\"image\/jpeg\" \/>\n<meta name=\"author\" content=\"Fundaci\u00f3n CARF\" \/>\n<meta name=\"twitter:card\" content=\"summary_large_image\" \/>\n<meta name=\"twitter:creator\" content=\"@https:\/\/x.com\/fundacioncarf\" \/>\n<meta name=\"twitter:site\" content=\"@Exaudi_News\" \/>\n<meta name=\"twitter:label1\" content=\"Scritto da\" \/>\n\t<meta name=\"twitter:data1\" content=\"Fundaci\u00f3n CARF\" \/>\n\t<meta name=\"twitter:label2\" content=\"Tempo di lettura stimato\" \/>\n\t<meta name=\"twitter:data2\" content=\"2 minuti\" \/>\n<script type=\"application\/ld+json\" class=\"yoast-schema-graph\">{\"@context\":\"https:\\\/\\\/schema.org\",\"@graph\":[{\"@type\":\"Article\",\"@id\":\"https:\\\/\\\/exaudi.org\\\/it\\\/la-fondazione-carf-vi-invita-a-trascorrere-il-natale-con-sacerdoti-e-seminaristi-dei-paesi-dimenticati-della-terra\\\/#article\",\"isPartOf\":{\"@id\":\"https:\\\/\\\/exaudi.org\\\/it\\\/la-fondazione-carf-vi-invita-a-trascorrere-il-natale-con-sacerdoti-e-seminaristi-dei-paesi-dimenticati-della-terra\\\/\"},\"author\":{\"name\":\"Fundaci\u00f3n CARF\",\"@id\":\"https:\\\/\\\/exaudi.org\\\/#\\\/schema\\\/person\\\/fab8261a088ccf38cb54b3c50baa7baf\"},\"headline\":\"La Fondazione CARF vi invita a trascorrere il Natale con sacerdoti e seminaristi dei &#8220;Paesi dimenticati della Terra&#8221;\",\"datePublished\":\"2025-12-17T14:24:37+00:00\",\"mainEntityOfPage\":{\"@id\":\"https:\\\/\\\/exaudi.org\\\/it\\\/la-fondazione-carf-vi-invita-a-trascorrere-il-natale-con-sacerdoti-e-seminaristi-dei-paesi-dimenticati-della-terra\\\/\"},\"wordCount\":514,\"image\":{\"@id\":\"https:\\\/\\\/exaudi.org\\\/it\\\/la-fondazione-carf-vi-invita-a-trascorrere-il-natale-con-sacerdoti-e-seminaristi-dei-paesi-dimenticati-della-terra\\\/#primaryimage\"},\"thumbnailUrl\":\"https:\\\/\\\/exaudi.org\\\/wp-content\\\/uploads\\\/2025\\\/12\\\/WhatsApp-Image-2025-12-17-at-14.05.31.jpeg\",\"keywords\":[\"aiuti per i seminaristi diocesani\",\"Angola Gon\u00e7alves\",\"BEATO \u00c1LVARO DEL PORTILLO\",\"borse di studio CARF per i vescovi\",\"borse di studio per la formazione sacerdotale\",\"cardinali CARF\",\"China Xudong\",\"DONAZIONI CARF\",\"Emmanuel Enwenwen\",\"FONDAZIONE CARF\",\"Humberto dal Venezuela\",\"martirio della Chiesa in Nigeria\",\"natale\",\"Natale di solidariet\u00e0\",\"Paesi dimenticati della Terra\",\"pellegrinaggi a Roma e Pamplona\",\"persecuzione religiosa in Nigeria\",\"Pontificia Universit\u00e0 della Santa Sede Cross\",\"sacerdoti\",\"sacerdoti in Nigeria\",\"SAN GIOVANNI PAOLO II\",\"seminaristi\",\"seminaristi dei Paesi dimenticati\",\"Terra Santa\",\"Trending\",\"UNIVERSIT\u00c0 DI NAVARRA\",\"VOCAZIONI SACERDOTALI\"],\"articleSection\":[\"Chiesa e Mondo\"],\"inLanguage\":\"it-IT\"},{\"@type\":\"WebPage\",\"@id\":\"https:\\\/\\\/exaudi.org\\\/it\\\/la-fondazione-carf-vi-invita-a-trascorrere-il-natale-con-sacerdoti-e-seminaristi-dei-paesi-dimenticati-della-terra\\\/\",\"url\":\"https:\\\/\\\/exaudi.org\\\/it\\\/la-fondazione-carf-vi-invita-a-trascorrere-il-natale-con-sacerdoti-e-seminaristi-dei-paesi-dimenticati-della-terra\\\/\",\"name\":\"La Fondazione CARF vi invita a trascorrere il Natale con sacerdoti e seminaristi dei \\\"Paesi dimenticati della Terra\\\" &#8211; Exaudi\",\"isPartOf\":{\"@id\":\"https:\\\/\\\/exaudi.org\\\/#website\"},\"primaryImageOfPage\":{\"@id\":\"https:\\\/\\\/exaudi.org\\\/it\\\/la-fondazione-carf-vi-invita-a-trascorrere-il-natale-con-sacerdoti-e-seminaristi-dei-paesi-dimenticati-della-terra\\\/#primaryimage\"},\"image\":{\"@id\":\"https:\\\/\\\/exaudi.org\\\/it\\\/la-fondazione-carf-vi-invita-a-trascorrere-il-natale-con-sacerdoti-e-seminaristi-dei-paesi-dimenticati-della-terra\\\/#primaryimage\"},\"thumbnailUrl\":\"https:\\\/\\\/exaudi.org\\\/wp-content\\\/uploads\\\/2025\\\/12\\\/WhatsApp-Image-2025-12-17-at-14.05.31.jpeg\",\"datePublished\":\"2025-12-17T14:24:37+00:00\",\"author\":{\"@id\":\"https:\\\/\\\/exaudi.org\\\/#\\\/schema\\\/person\\\/fab8261a088ccf38cb54b3c50baa7baf\"},\"breadcrumb\":{\"@id\":\"https:\\\/\\\/exaudi.org\\\/it\\\/la-fondazione-carf-vi-invita-a-trascorrere-il-natale-con-sacerdoti-e-seminaristi-dei-paesi-dimenticati-della-terra\\\/#breadcrumb\"},\"inLanguage\":\"it-IT\",\"potentialAction\":[{\"@type\":\"ReadAction\",\"target\":[\"https:\\\/\\\/exaudi.org\\\/it\\\/la-fondazione-carf-vi-invita-a-trascorrere-il-natale-con-sacerdoti-e-seminaristi-dei-paesi-dimenticati-della-terra\\\/\"]}]},{\"@type\":\"ImageObject\",\"inLanguage\":\"it-IT\",\"@id\":\"https:\\\/\\\/exaudi.org\\\/it\\\/la-fondazione-carf-vi-invita-a-trascorrere-il-natale-con-sacerdoti-e-seminaristi-dei-paesi-dimenticati-della-terra\\\/#primaryimage\",\"url\":\"https:\\\/\\\/exaudi.org\\\/wp-content\\\/uploads\\\/2025\\\/12\\\/WhatsApp-Image-2025-12-17-at-14.05.31.jpeg\",\"contentUrl\":\"https:\\\/\\\/exaudi.org\\\/wp-content\\\/uploads\\\/2025\\\/12\\\/WhatsApp-Image-2025-12-17-at-14.05.31.jpeg\",\"width\":2001,\"height\":1355},{\"@type\":\"BreadcrumbList\",\"@id\":\"https:\\\/\\\/exaudi.org\\\/it\\\/la-fondazione-carf-vi-invita-a-trascorrere-il-natale-con-sacerdoti-e-seminaristi-dei-paesi-dimenticati-della-terra\\\/#breadcrumb\",\"itemListElement\":[{\"@type\":\"ListItem\",\"position\":1,\"name\":\"Portada\",\"item\":\"https:\\\/\\\/exaudi.org\\\/it\\\/\"},{\"@type\":\"ListItem\",\"position\":2,\"name\":\"La Fondazione CARF vi invita a trascorrere il Natale con sacerdoti e seminaristi dei \u00abPaesi dimenticati della Terra\u00bb\"}]},{\"@type\":\"WebSite\",\"@id\":\"https:\\\/\\\/exaudi.org\\\/#website\",\"url\":\"https:\\\/\\\/exaudi.org\\\/\",\"name\":\"Exaudi\",\"description\":\"News\",\"potentialAction\":[{\"@type\":\"SearchAction\",\"target\":{\"@type\":\"EntryPoint\",\"urlTemplate\":\"https:\\\/\\\/exaudi.org\\\/?s={search_term_string}\"},\"query-input\":{\"@type\":\"PropertyValueSpecification\",\"valueRequired\":true,\"valueName\":\"search_term_string\"}}],\"inLanguage\":\"it-IT\"},{\"@type\":\"Person\",\"@id\":\"https:\\\/\\\/exaudi.org\\\/#\\\/schema\\\/person\\\/fab8261a088ccf38cb54b3c50baa7baf\",\"name\":\"Fundaci\u00f3n CARF\",\"image\":{\"@type\":\"ImageObject\",\"inLanguage\":\"it-IT\",\"@id\":\"https:\\\/\\\/secure.gravatar.com\\\/avatar\\\/ab292d3529973c0d1cf4cda9208c6a8a7ee52923f0a291c39104715fa46aae4b?s=96&d=mm&r=g\",\"url\":\"https:\\\/\\\/secure.gravatar.com\\\/avatar\\\/ab292d3529973c0d1cf4cda9208c6a8a7ee52923f0a291c39104715fa46aae4b?s=96&d=mm&r=g\",\"contentUrl\":\"https:\\\/\\\/secure.gravatar.com\\\/avatar\\\/ab292d3529973c0d1cf4cda9208c6a8a7ee52923f0a291c39104715fa46aae4b?s=96&d=mm&r=g\",\"caption\":\"Fundaci\u00f3n CARF\"},\"description\":\"Trabajamos para llevar la sonrisa de Dios a todos los rincones del mundo a trav\u00e9s de los sacerdotes y ayudando a su formaci\u00f3n. Gracias a nuestros benefactores, ayudamos a la formaci\u00f3n de los sacerdotes, difundimos su buen nombre y rezamos por su fidelidad y las vocaciones. Trabajamos para servir a la Iglesia y que ninguna vocaci\u00f3n se pierda y luego ellos puedan transmitir en su labor pastoral toda la luz, ciencia y doctrina recibida. Acad\u00e9mico Las licenciaturas, programas de especializacio\u0301n o doctorados, otorgan a cada candidato una formaci\u00f3n espec\u00edfica en Teologi\u0301a, Filosofi\u0301a, Derecho Cano\u0301nico o Comunicacio\u0301n Social Institucional. Espiritual Los seminaristas y sacerdotes complementan su formacio\u0301n acade\u0301mica y humana con la espiritual, ya que deben estar preparados para seguir su vocaci\u00f3n y prestar su cuerpo y su espi\u0301ritu al Sen\u0303or. Humano A trave\u0301s del ambiente de familia y de preparaci\u00f3n, se consigue el desarrollo de actitudes, capacidades y valores que impactan en el crecimiento personal y social de los sacerdotes.\",\"sameAs\":[\"https:\\\/\\\/fundacioncarf.org\\\/\",\"https:\\\/\\\/www.facebook.com\\\/fundacioncarf\\\/\",\"https:\\\/\\\/www.instagram.com\\\/fundacioncarf\\\/\",\"https:\\\/\\\/www.linkedin.com\\\/company\\\/fundacioncarf\\\/posts\\\/?feedView=all\",\"https:\\\/\\\/x.com\\\/https:\\\/\\\/x.com\\\/fundacioncarf\",\"https:\\\/\\\/www.youtube.com\\\/c\\\/fundacioncarf\"],\"url\":\"https:\\\/\\\/exaudi.org\\\/it\\\/author\\\/carf\\\/\"}]}<\/script>\n<!-- \/ Yoast SEO plugin. -->","yoast_head_json":{"title":"La Fondazione CARF vi invita a trascorrere il Natale con sacerdoti e seminaristi dei \"Paesi dimenticati della Terra\" &#8211; Exaudi","robots":{"index":"index","follow":"follow","max-snippet":"max-snippet:-1","max-image-preview":"max-image-preview:large","max-video-preview":"max-video-preview:-1"},"canonical":"https:\/\/exaudi.org\/it\/la-fondazione-carf-vi-invita-a-trascorrere-il-natale-con-sacerdoti-e-seminaristi-dei-paesi-dimenticati-della-terra\/","og_locale":"it_IT","og_type":"article","og_title":"La Fondazione CARF vi invita a trascorrere il Natale con sacerdoti e seminaristi dei \"Paesi dimenticati della Terra\" &#8211; Exaudi","og_description":"Emmanuel Enwenwen, sacerdote nigeriano: \"La Chiesa \u00e8 diventata una facile via verso il martirio\"","og_url":"https:\/\/exaudi.org\/it\/la-fondazione-carf-vi-invita-a-trascorrere-il-natale-con-sacerdoti-e-seminaristi-dei-paesi-dimenticati-della-terra\/","og_site_name":"Exaudi","article_publisher":"https:\/\/www.facebook.com\/ExaudiNews","article_author":"https:\/\/www.facebook.com\/fundacioncarf\/","article_published_time":"2025-12-17T14:24:37+00:00","og_image":[{"width":2001,"height":1355,"url":"https:\/\/exaudi.org\/wp-content\/uploads\/2025\/12\/WhatsApp-Image-2025-12-17-at-14.05.31.jpeg","type":"image\/jpeg"}],"author":"Fundaci\u00f3n CARF","twitter_card":"summary_large_image","twitter_creator":"@https:\/\/x.com\/fundacioncarf","twitter_site":"@Exaudi_News","twitter_misc":{"Scritto da":"Fundaci\u00f3n CARF","Tempo di lettura stimato":"2 minuti"},"schema":{"@context":"https:\/\/schema.org","@graph":[{"@type":"Article","@id":"https:\/\/exaudi.org\/it\/la-fondazione-carf-vi-invita-a-trascorrere-il-natale-con-sacerdoti-e-seminaristi-dei-paesi-dimenticati-della-terra\/#article","isPartOf":{"@id":"https:\/\/exaudi.org\/it\/la-fondazione-carf-vi-invita-a-trascorrere-il-natale-con-sacerdoti-e-seminaristi-dei-paesi-dimenticati-della-terra\/"},"author":{"name":"Fundaci\u00f3n CARF","@id":"https:\/\/exaudi.org\/#\/schema\/person\/fab8261a088ccf38cb54b3c50baa7baf"},"headline":"La Fondazione CARF vi invita a trascorrere il Natale con sacerdoti e seminaristi dei &#8220;Paesi dimenticati della Terra&#8221;","datePublished":"2025-12-17T14:24:37+00:00","mainEntityOfPage":{"@id":"https:\/\/exaudi.org\/it\/la-fondazione-carf-vi-invita-a-trascorrere-il-natale-con-sacerdoti-e-seminaristi-dei-paesi-dimenticati-della-terra\/"},"wordCount":514,"image":{"@id":"https:\/\/exaudi.org\/it\/la-fondazione-carf-vi-invita-a-trascorrere-il-natale-con-sacerdoti-e-seminaristi-dei-paesi-dimenticati-della-terra\/#primaryimage"},"thumbnailUrl":"https:\/\/exaudi.org\/wp-content\/uploads\/2025\/12\/WhatsApp-Image-2025-12-17-at-14.05.31.jpeg","keywords":["aiuti per i seminaristi diocesani","Angola Gon\u00e7alves","BEATO \u00c1LVARO DEL PORTILLO","borse di studio CARF per i vescovi","borse di studio per la formazione sacerdotale","cardinali CARF","China Xudong","DONAZIONI CARF","Emmanuel Enwenwen","FONDAZIONE CARF","Humberto dal Venezuela","martirio della Chiesa in Nigeria","natale","Natale di solidariet\u00e0","Paesi dimenticati della Terra","pellegrinaggi a Roma e Pamplona","persecuzione religiosa in Nigeria","Pontificia Universit\u00e0 della Santa Sede Cross","sacerdoti","sacerdoti in Nigeria","SAN GIOVANNI PAOLO II","seminaristi","seminaristi dei Paesi dimenticati","Terra Santa","Trending","UNIVERSIT\u00c0 DI NAVARRA","VOCAZIONI SACERDOTALI"],"articleSection":["Chiesa e Mondo"],"inLanguage":"it-IT"},{"@type":"WebPage","@id":"https:\/\/exaudi.org\/it\/la-fondazione-carf-vi-invita-a-trascorrere-il-natale-con-sacerdoti-e-seminaristi-dei-paesi-dimenticati-della-terra\/","url":"https:\/\/exaudi.org\/it\/la-fondazione-carf-vi-invita-a-trascorrere-il-natale-con-sacerdoti-e-seminaristi-dei-paesi-dimenticati-della-terra\/","name":"La Fondazione CARF vi invita a trascorrere il Natale con sacerdoti e seminaristi dei \"Paesi dimenticati della Terra\" &#8211; Exaudi","isPartOf":{"@id":"https:\/\/exaudi.org\/#website"},"primaryImageOfPage":{"@id":"https:\/\/exaudi.org\/it\/la-fondazione-carf-vi-invita-a-trascorrere-il-natale-con-sacerdoti-e-seminaristi-dei-paesi-dimenticati-della-terra\/#primaryimage"},"image":{"@id":"https:\/\/exaudi.org\/it\/la-fondazione-carf-vi-invita-a-trascorrere-il-natale-con-sacerdoti-e-seminaristi-dei-paesi-dimenticati-della-terra\/#primaryimage"},"thumbnailUrl":"https:\/\/exaudi.org\/wp-content\/uploads\/2025\/12\/WhatsApp-Image-2025-12-17-at-14.05.31.jpeg","datePublished":"2025-12-17T14:24:37+00:00","author":{"@id":"https:\/\/exaudi.org\/#\/schema\/person\/fab8261a088ccf38cb54b3c50baa7baf"},"breadcrumb":{"@id":"https:\/\/exaudi.org\/it\/la-fondazione-carf-vi-invita-a-trascorrere-il-natale-con-sacerdoti-e-seminaristi-dei-paesi-dimenticati-della-terra\/#breadcrumb"},"inLanguage":"it-IT","potentialAction":[{"@type":"ReadAction","target":["https:\/\/exaudi.org\/it\/la-fondazione-carf-vi-invita-a-trascorrere-il-natale-con-sacerdoti-e-seminaristi-dei-paesi-dimenticati-della-terra\/"]}]},{"@type":"ImageObject","inLanguage":"it-IT","@id":"https:\/\/exaudi.org\/it\/la-fondazione-carf-vi-invita-a-trascorrere-il-natale-con-sacerdoti-e-seminaristi-dei-paesi-dimenticati-della-terra\/#primaryimage","url":"https:\/\/exaudi.org\/wp-content\/uploads\/2025\/12\/WhatsApp-Image-2025-12-17-at-14.05.31.jpeg","contentUrl":"https:\/\/exaudi.org\/wp-content\/uploads\/2025\/12\/WhatsApp-Image-2025-12-17-at-14.05.31.jpeg","width":2001,"height":1355},{"@type":"BreadcrumbList","@id":"https:\/\/exaudi.org\/it\/la-fondazione-carf-vi-invita-a-trascorrere-il-natale-con-sacerdoti-e-seminaristi-dei-paesi-dimenticati-della-terra\/#breadcrumb","itemListElement":[{"@type":"ListItem","position":1,"name":"Portada","item":"https:\/\/exaudi.org\/it\/"},{"@type":"ListItem","position":2,"name":"La Fondazione CARF vi invita a trascorrere il Natale con sacerdoti e seminaristi dei \u00abPaesi dimenticati della Terra\u00bb"}]},{"@type":"WebSite","@id":"https:\/\/exaudi.org\/#website","url":"https:\/\/exaudi.org\/","name":"Exaudi","description":"News","potentialAction":[{"@type":"SearchAction","target":{"@type":"EntryPoint","urlTemplate":"https:\/\/exaudi.org\/?s={search_term_string}"},"query-input":{"@type":"PropertyValueSpecification","valueRequired":true,"valueName":"search_term_string"}}],"inLanguage":"it-IT"},{"@type":"Person","@id":"https:\/\/exaudi.org\/#\/schema\/person\/fab8261a088ccf38cb54b3c50baa7baf","name":"Fundaci\u00f3n CARF","image":{"@type":"ImageObject","inLanguage":"it-IT","@id":"https:\/\/secure.gravatar.com\/avatar\/ab292d3529973c0d1cf4cda9208c6a8a7ee52923f0a291c39104715fa46aae4b?s=96&d=mm&r=g","url":"https:\/\/secure.gravatar.com\/avatar\/ab292d3529973c0d1cf4cda9208c6a8a7ee52923f0a291c39104715fa46aae4b?s=96&d=mm&r=g","contentUrl":"https:\/\/secure.gravatar.com\/avatar\/ab292d3529973c0d1cf4cda9208c6a8a7ee52923f0a291c39104715fa46aae4b?s=96&d=mm&r=g","caption":"Fundaci\u00f3n CARF"},"description":"Trabajamos para llevar la sonrisa de Dios a todos los rincones del mundo a trav\u00e9s de los sacerdotes y ayudando a su formaci\u00f3n. Gracias a nuestros benefactores, ayudamos a la formaci\u00f3n de los sacerdotes, difundimos su buen nombre y rezamos por su fidelidad y las vocaciones. Trabajamos para servir a la Iglesia y que ninguna vocaci\u00f3n se pierda y luego ellos puedan transmitir en su labor pastoral toda la luz, ciencia y doctrina recibida. Acad\u00e9mico Las licenciaturas, programas de especializacio\u0301n o doctorados, otorgan a cada candidato una formaci\u00f3n espec\u00edfica en Teologi\u0301a, Filosofi\u0301a, Derecho Cano\u0301nico o Comunicacio\u0301n Social Institucional. Espiritual Los seminaristas y sacerdotes complementan su formacio\u0301n acade\u0301mica y humana con la espiritual, ya que deben estar preparados para seguir su vocaci\u00f3n y prestar su cuerpo y su espi\u0301ritu al Sen\u0303or. Humano A trave\u0301s del ambiente de familia y de preparaci\u00f3n, se consigue el desarrollo de actitudes, capacidades y valores que impactan en el crecimiento personal y social de los sacerdotes.","sameAs":["https:\/\/fundacioncarf.org\/","https:\/\/www.facebook.com\/fundacioncarf\/","https:\/\/www.instagram.com\/fundacioncarf\/","https:\/\/www.linkedin.com\/company\/fundacioncarf\/posts\/?feedView=all","https:\/\/x.com\/https:\/\/x.com\/fundacioncarf","https:\/\/www.youtube.com\/c\/fundacioncarf"],"url":"https:\/\/exaudi.org\/it\/author\/carf\/"}]}},"jetpack_featured_media_url":"https:\/\/exaudi.org\/wp-content\/uploads\/2025\/12\/WhatsApp-Image-2025-12-17-at-14.05.31.jpeg","jetpack_shortlink":"https:\/\/wp.me\/pgKjF2-Df2","_links":{"self":[{"href":"https:\/\/exaudi.org\/it\/wp-json\/wp\/v2\/posts\/150848","targetHints":{"allow":["GET"]}}],"collection":[{"href":"https:\/\/exaudi.org\/it\/wp-json\/wp\/v2\/posts"}],"about":[{"href":"https:\/\/exaudi.org\/it\/wp-json\/wp\/v2\/types\/post"}],"author":[{"embeddable":true,"href":"https:\/\/exaudi.org\/it\/wp-json\/wp\/v2\/users\/119"}],"replies":[{"embeddable":true,"href":"https:\/\/exaudi.org\/it\/wp-json\/wp\/v2\/comments?post=150848"}],"version-history":[{"count":3,"href":"https:\/\/exaudi.org\/it\/wp-json\/wp\/v2\/posts\/150848\/revisions"}],"predecessor-version":[{"id":150851,"href":"https:\/\/exaudi.org\/it\/wp-json\/wp\/v2\/posts\/150848\/revisions\/150851"}],"wp:featuredmedia":[{"embeddable":true,"href":"https:\/\/exaudi.org\/it\/wp-json\/wp\/v2\/media\/150840"}],"wp:attachment":[{"href":"https:\/\/exaudi.org\/it\/wp-json\/wp\/v2\/media?parent=150848"}],"wp:term":[{"taxonomy":"category","embeddable":true,"href":"https:\/\/exaudi.org\/it\/wp-json\/wp\/v2\/categories?post=150848"},{"taxonomy":"post_tag","embeddable":true,"href":"https:\/\/exaudi.org\/it\/wp-json\/wp\/v2\/tags?post=150848"}],"curies":[{"name":"wp","href":"https:\/\/api.w.org\/{rel}","templated":true}]}}