{"id":150743,"date":"2025-12-16T17:32:42","date_gmt":"2025-12-16T16:32:42","guid":{"rendered":"https:\/\/exaudi.org\/?p=150743"},"modified":"2025-12-16T17:32:42","modified_gmt":"2025-12-16T16:32:42","slug":"conversando-sulla-vita","status":"publish","type":"post","link":"https:\/\/exaudi.org\/it\/conversando-sulla-vita\/","title":{"rendered":"Conversando sulla vita"},"content":{"rendered":"<p><span dir=\"auto\" style=\"vertical-align: inherit\"><span dir=\"auto\" style=\"vertical-align: inherit\">Ho incontrato Rafael Alvira Dom\u00ednguez (1942-2024) in alcune occasioni: a Pamplona, \u200b\u200bPiura e Lima. A volte davanti a una tazza di caff\u00e8, altre volte a conferenze o convegni in cui era relatore. Era un filosofo gentile con una vocazione umanista. Coltivava filosofia politica e antropologia, ed era interessato al dialogo tra economia e scienze umane. Nei suoi interventi dotti e pratici, il suo pensiero traspariva, filtrato attraverso la lente della vita. Questo modo di pensare platonico emerge nel suo recente libro, *\u00a0 <\/span><\/span><em><span dir=\"auto\" style=\"vertical-align: inherit\"><span dir=\"auto\" style=\"vertical-align: inherit\">Conversar la vida. Un di\u00e1logo con Rafael Alvira*\u00a0<\/span><\/span><\/em><span dir=\"auto\" style=\"vertical-align: inherit\"><span dir=\"auto\" style=\"vertical-align: inherit\"> (Ediciones Cristiandad, 2025, edizione Kindle), che raccoglie alcune conversazioni\/interviste che ha avuto l&#8217;anno prima della sua morte. \u00c8 una lettura stimolante. Mi ha offerto un ritratto pi\u00f9 dettagliato del professor Alvira, rivelando aspetti a me precedentemente sconosciuti. Diremmo ora un pensatore innovativo, gi\u00e0 in controtendenza rispetto ad alcune tendenze, il cui contributo \u00e8 apprezzato in questo tempo cos\u00ec pieno di luoghi comuni e riduzionismi antropologici.<\/span><\/span><\/p>\n<p><span dir=\"auto\" style=\"vertical-align: inherit\"><span dir=\"auto\" style=\"vertical-align: inherit\">Era direttore dell&#8217;Istituto\u00a0 <\/span><\/span><em><span dir=\"auto\" style=\"vertical-align: inherit\"><span dir=\"auto\" style=\"vertical-align: inherit\">per l&#8217;Impresa e l&#8217;Umanesimo<\/span><\/span><\/em><span dir=\"auto\" style=\"vertical-align: inherit\"><span dir=\"auto\" style=\"vertical-align: inherit\"> \u00a0presso l&#8217;Universit\u00e0 di Navarra. Ho apprezzato la lettura di molti dei quaderni, delle riviste e dei libri che pubblicavano. Alvira afferma: &#8220;Credevamo che il tema della filosofia nel suo rapporto con il mondo e la sfera civica fosse molto importante, che la filosofia dovesse essere coltivata in s\u00e9 stessa e anche nella societ\u00e0 e nel mondo, in tutti gli aspetti. E in un mondo come il nostro, in cui l&#8217;impresa gioca un ruolo cos\u00ec importante, mi \u00e8 sembrato che la filosofia avesse qualcosa da dire su questo argomento&#8221; (p. 27). Hanno parlato con la IESE Business School, ma non sono riusciti a stabilire canali di collaborazione adeguati. Alla data di pubblicazione di questo libro, una nota a pi\u00e8 di pagina indica che\u00a0 <\/span><\/span><em><span dir=\"auto\" style=\"vertical-align: inherit\"><span dir=\"auto\" style=\"vertical-align: inherit\">Impresa e Umanesimo<\/span><\/span><\/em><span dir=\"auto\" style=\"vertical-align: inherit\"><span dir=\"auto\" style=\"vertical-align: inherit\"> \u00a0non \u00e8 pi\u00f9 attivo. \u00c8 un peccato che sia scomparso, ma, allo stesso tempo, rappresenta un compito impegnativo continuare gli sforzi per promuovere un dialogo interdisciplinare serio e profondo tra filosofia politica, antropologia, storia, discipline umanistiche e impresa.<\/span><\/span><\/p>\n<p><span dir=\"auto\" style=\"vertical-align: inherit\"><span dir=\"auto\" style=\"vertical-align: inherit\">Una delle espressioni che pi\u00f9 ci risuona \u00e8 &#8220;cambiamento continuo&#8221;. Alvira sostiene che &#8220;nella modernit\u00e0, il concetto di\u00a0 <\/span><\/span><em><span dir=\"auto\" style=\"vertical-align: inherit\"><span dir=\"auto\" style=\"vertical-align: inherit\">novit\u00e0<\/span><\/span><\/em><span dir=\"auto\" style=\"vertical-align: inherit\"><span dir=\"auto\" style=\"vertical-align: inherit\"> , molto profondo nel cristianesimo, si \u00e8 trasformato nel concetto di cambiamento: cambiamento e progresso; cambiando, progrediamo. E abbiamo dimenticato che\u00a0 <\/span><\/span><em><span dir=\"auto\" style=\"vertical-align: inherit\"><span dir=\"auto\" style=\"vertical-align: inherit\">l&#8217;innovazione<\/span><\/span><\/em><span dir=\"auto\" style=\"vertical-align: inherit\"><span dir=\"auto\" style=\"vertical-align: inherit\"> \u00a0non \u00e8 questo;\u00a0 <\/span><\/span><em><span dir=\"auto\" style=\"vertical-align: inherit\"><span dir=\"auto\" style=\"vertical-align: inherit\">l&#8217;innovazione\u00a0<\/span><\/span><\/em><span dir=\"auto\" style=\"vertical-align: inherit\"><span dir=\"auto\" style=\"vertical-align: inherit\"> consiste nell&#8217;aggiungere pi\u00f9 profondit\u00e0 e pi\u00f9 amore, e non semplicemente progredire perch\u00e9 si dice di progredire. E, quel che \u00e8 peggio, dire di progredire perch\u00e9 ci si adatta a ci\u00f2 che esiste, quando ci\u00f2 che esiste \u00e8 culturalmente molto basso&#8221; (p. 46). Quest&#8217;ultimo punto merita di essere tenuto a mente. Non tutte le tendenze, aggiunge, potrebbero essere addirittura dannose. Una sana prudenza, quindi, consiglia di non gettarsi a capofitto tra le braccia della prima novit\u00e0 che sembra. Saltare su un treno o un aereo il prima possibile non garantisce una buona destinazione.<\/span><\/span><\/p>\n<p><span dir=\"auto\" style=\"vertical-align: inherit\"><span dir=\"auto\" style=\"vertical-align: inherit\">D&#8217;altra parte, se consideriamo che l&#8217;innovazione \u2013 come suggerisce Alvira \u2013 consiste nel dare pi\u00f9 amore e profondit\u00e0 alla nostra vita quotidiana, si scopre che non serve essere un genio per scoprire soluzioni sempre pi\u00f9 efficaci ed efficienti, come se quest&#8217;ultima fosse il coronamento della vita. L&#8217;innovazione \u00e8 alla portata della persona media, come quando una coppia il cui amore dura da decenni riesce a mantenere l&#8217;entusiasmo di aggiungere piccole novit\u00e0 alla propria routine quotidiana: questo \u00e8 amore ritrovato, questa \u00e8 profondit\u00e0, o, come direbbe Gabriel Marcel, aggiungere la freschezza della presenza alla costanza della routine.<\/span><\/span><\/p>\n<p><span dir=\"auto\" style=\"vertical-align: inherit\"><span dir=\"auto\" style=\"vertical-align: inherit\">Alvira sottolinea che &#8220;essere eruditi, come essere scienziati o tecnici, \u00e8 una cosa bella e buona, \u00e8 molto umano, ma c&#8217;\u00e8 una differenza tra essere umani ed essere umanisti. Essere eruditi, scientifici o tecnici \u00e8 essere umani solo parzialmente. \u00c8 come se considerassimo la vista o l&#8217;udito come dimensioni della conoscenza umana: sono umani, ma sono solo una parte di ci\u00f2 che significa essere umani&#8221; (p. 72). L&#8217;umanista \u00e8 consapevole dell&#8217;immensit\u00e0 di ci\u00f2 che non sa. &#8220;E poi si apre in entrambe le dimensioni, orizzontalmente \u2013 all&#8217;universalit\u00e0 \u2013 e verticalmente \u2013 alla profondit\u00e0. E questa apertura non \u00e8 semplicemente attenzione cognitiva, ma piuttosto accompagnata dal cuore, perch\u00e9 mi interessa davvero&#8221; (p. 73). Testa, cuore e spirito convergono nell&#8217;essere umano per rivelare le sue fibre pi\u00f9 distintive, aperte alla trascendenza e ai propri simili.<\/span><\/span><\/p>\n<p><span dir=\"auto\" style=\"vertical-align: inherit\"><span dir=\"auto\" style=\"vertical-align: inherit\">Amore, profondit\u00e0 e anche grandezza d&#8217;animo per affrontare le sfide e intraprendere progetti nobili, perseveranza per non fermarsi alla prima difficolt\u00e0 e visione per intravedere un futuro pi\u00f9 umano, distinguendo il grano dalla zizzania.<\/span><\/span><\/p>\n","protected":false},"excerpt":{"rendered":"<p>Un dialogo umanista su innovazione, amore e profondit\u00e0 nel pensiero di Rafael Alvira Dom\u00ednguez<\/p>\n","protected":false},"author":109,"featured_media":150473,"comment_status":"closed","ping_status":"closed","sticky":false,"template":"","format":"standard","meta":{"_acf_changed":false,"_crdt_document":"","inline_featured_image":false,"footnotes":""},"categories":[129],"tags":[86301,86302,61491,86306,86307,86303,12982,86304,86305,86308,11935,30005,86309,14663,31078,31503,86310,86311,86312,86313,26730,86314,86315,86316,54465,86317,64787,64803,13555,574],"class_list":["post-150743","post","type-post","status-publish","format-standard","has-post-thumbnail","hentry","category-voci","tag-amore-e-profondita","tag-antropologia-filosofica-2","tag-business-2","tag-business-e-scienze-umane","tag-business-e-umanesimo","tag-conversando-sulla-vita","tag-conversazione","tag-cultura-umanista","tag-dialogo-interdisciplinare","tag-etica-e-business","tag-filosofia-2","tag-filosofia-politica-2","tag-filosofia-umanista","tag-francisco-bobadilla-2","tag-gabriel-marcel-2","tag-iese-2","tag-innovazione-e-profondita","tag-istituto-per-limpresa-e-lumanesimo","tag-modernita-e-cambiamento","tag-novita-e-innovazione","tag-pensiero-contemporaneo","tag-rafael-alvira-2","tag-rafael-alvira-dominguez-2","tag-riduzionismo-antropologico","tag-scienze-umane","tag-trascendenza-umana","tag-trending-it-236","tag-umanesimo-cristiano-it","tag-universita-di-navarra","tag-vita"],"acf":[],"yoast_head":"<!-- This site is optimized with the Yoast SEO plugin v27.5 - https:\/\/yoast.com\/product\/yoast-seo-wordpress\/ -->\n<title>Conversando sulla vita &#8211; Exaudi<\/title>\n<meta name=\"robots\" content=\"index, follow, max-snippet:-1, max-image-preview:large, max-video-preview:-1\" \/>\n<link rel=\"canonical\" href=\"https:\/\/exaudi.org\/it\/conversando-sulla-vita\/\" \/>\n<meta property=\"og:locale\" content=\"it_IT\" \/>\n<meta property=\"og:type\" content=\"article\" \/>\n<meta property=\"og:title\" content=\"Conversando sulla vita &#8211; Exaudi\" \/>\n<meta property=\"og:description\" content=\"Un dialogo umanista su innovazione, amore e profondit\u00e0 nel pensiero di Rafael Alvira Dom\u00ednguez\" \/>\n<meta property=\"og:url\" content=\"https:\/\/exaudi.org\/it\/conversando-sulla-vita\/\" \/>\n<meta property=\"og:site_name\" content=\"Exaudi\" \/>\n<meta property=\"article:publisher\" content=\"https:\/\/www.facebook.com\/ExaudiNews\" \/>\n<meta property=\"article:published_time\" content=\"2025-12-16T16:32:42+00:00\" \/>\n<meta property=\"og:image\" content=\"https:\/\/exaudi.org\/wp-content\/uploads\/2025\/12\/rafael_alvira.jpg\" \/>\n\t<meta property=\"og:image:width\" content=\"2000\" \/>\n\t<meta property=\"og:image:height\" content=\"1125\" \/>\n\t<meta property=\"og:image:type\" content=\"image\/jpeg\" \/>\n<meta name=\"author\" content=\"Francisco Bobadilla\" \/>\n<meta name=\"twitter:card\" content=\"summary_large_image\" \/>\n<meta name=\"twitter:creator\" content=\"@Exaudi_News\" \/>\n<meta name=\"twitter:site\" content=\"@Exaudi_News\" \/>\n<meta name=\"twitter:label1\" content=\"Scritto da\" \/>\n\t<meta name=\"twitter:data1\" content=\"Francisco Bobadilla\" \/>\n\t<meta name=\"twitter:label2\" content=\"Tempo di lettura stimato\" \/>\n\t<meta name=\"twitter:data2\" content=\"3 minuti\" \/>\n<script type=\"application\/ld+json\" class=\"yoast-schema-graph\">{\"@context\":\"https:\\\/\\\/schema.org\",\"@graph\":[{\"@type\":\"Article\",\"@id\":\"https:\\\/\\\/exaudi.org\\\/it\\\/conversando-sulla-vita\\\/#article\",\"isPartOf\":{\"@id\":\"https:\\\/\\\/exaudi.org\\\/it\\\/conversando-sulla-vita\\\/\"},\"author\":{\"name\":\"Francisco Bobadilla\",\"@id\":\"https:\\\/\\\/exaudi.org\\\/#\\\/schema\\\/person\\\/f2d4ad1e1e2bb7dad42a623b75b7166b\"},\"headline\":\"Conversando sulla vita\",\"datePublished\":\"2025-12-16T16:32:42+00:00\",\"mainEntityOfPage\":{\"@id\":\"https:\\\/\\\/exaudi.org\\\/it\\\/conversando-sulla-vita\\\/\"},\"wordCount\":721,\"image\":{\"@id\":\"https:\\\/\\\/exaudi.org\\\/it\\\/conversando-sulla-vita\\\/#primaryimage\"},\"thumbnailUrl\":\"https:\\\/\\\/exaudi.org\\\/wp-content\\\/uploads\\\/2025\\\/12\\\/rafael_alvira.jpg\",\"keywords\":[\"amore e profondit\u00e0\",\"antropologia filosofica\",\"Business\",\"business e scienze umane\",\"Business e umanesimo\",\"Conversando sulla vita\",\"CONVERSAZIONE\",\"cultura umanista\",\"dialogo interdisciplinare\",\"etica e business\",\"FILOSOFIA\",\"filosofia politica\",\"filosofia umanista\",\"FRANCISCO BOBADILLA\",\"Gabriel Marcel\",\"IESE\",\"innovazione e profondit\u00e0\",\"Istituto per l'Impresa e l'Umanesimo\",\"modernit\u00e0 e cambiamento\",\"novit\u00e0 e innovazione\",\"pensiero contemporaneo\",\"Rafael Alvira\",\"Rafael Alvira Dom\u00ednguez\",\"riduzionismo antropologico\",\"Scienze Umane\",\"trascendenza umana\",\"Trending\",\"Umanesimo cristiano\",\"UNIVERSIT\u00c0 DI NAVARRA\",\"vita\"],\"articleSection\":[\"Voci\"],\"inLanguage\":\"it-IT\"},{\"@type\":\"WebPage\",\"@id\":\"https:\\\/\\\/exaudi.org\\\/it\\\/conversando-sulla-vita\\\/\",\"url\":\"https:\\\/\\\/exaudi.org\\\/it\\\/conversando-sulla-vita\\\/\",\"name\":\"Conversando sulla vita &#8211; Exaudi\",\"isPartOf\":{\"@id\":\"https:\\\/\\\/exaudi.org\\\/#website\"},\"primaryImageOfPage\":{\"@id\":\"https:\\\/\\\/exaudi.org\\\/it\\\/conversando-sulla-vita\\\/#primaryimage\"},\"image\":{\"@id\":\"https:\\\/\\\/exaudi.org\\\/it\\\/conversando-sulla-vita\\\/#primaryimage\"},\"thumbnailUrl\":\"https:\\\/\\\/exaudi.org\\\/wp-content\\\/uploads\\\/2025\\\/12\\\/rafael_alvira.jpg\",\"datePublished\":\"2025-12-16T16:32:42+00:00\",\"author\":{\"@id\":\"https:\\\/\\\/exaudi.org\\\/#\\\/schema\\\/person\\\/f2d4ad1e1e2bb7dad42a623b75b7166b\"},\"breadcrumb\":{\"@id\":\"https:\\\/\\\/exaudi.org\\\/it\\\/conversando-sulla-vita\\\/#breadcrumb\"},\"inLanguage\":\"it-IT\",\"potentialAction\":[{\"@type\":\"ReadAction\",\"target\":[\"https:\\\/\\\/exaudi.org\\\/it\\\/conversando-sulla-vita\\\/\"]}]},{\"@type\":\"ImageObject\",\"inLanguage\":\"it-IT\",\"@id\":\"https:\\\/\\\/exaudi.org\\\/it\\\/conversando-sulla-vita\\\/#primaryimage\",\"url\":\"https:\\\/\\\/exaudi.org\\\/wp-content\\\/uploads\\\/2025\\\/12\\\/rafael_alvira.jpg\",\"contentUrl\":\"https:\\\/\\\/exaudi.org\\\/wp-content\\\/uploads\\\/2025\\\/12\\\/rafael_alvira.jpg\",\"width\":2000,\"height\":1125},{\"@type\":\"BreadcrumbList\",\"@id\":\"https:\\\/\\\/exaudi.org\\\/it\\\/conversando-sulla-vita\\\/#breadcrumb\",\"itemListElement\":[{\"@type\":\"ListItem\",\"position\":1,\"name\":\"Portada\",\"item\":\"https:\\\/\\\/exaudi.org\\\/it\\\/\"},{\"@type\":\"ListItem\",\"position\":2,\"name\":\"Conversando sulla vita\"}]},{\"@type\":\"WebSite\",\"@id\":\"https:\\\/\\\/exaudi.org\\\/#website\",\"url\":\"https:\\\/\\\/exaudi.org\\\/\",\"name\":\"Exaudi\",\"description\":\"News\",\"potentialAction\":[{\"@type\":\"SearchAction\",\"target\":{\"@type\":\"EntryPoint\",\"urlTemplate\":\"https:\\\/\\\/exaudi.org\\\/?s={search_term_string}\"},\"query-input\":{\"@type\":\"PropertyValueSpecification\",\"valueRequired\":true,\"valueName\":\"search_term_string\"}}],\"inLanguage\":\"it-IT\"},{\"@type\":\"Person\",\"@id\":\"https:\\\/\\\/exaudi.org\\\/#\\\/schema\\\/person\\\/f2d4ad1e1e2bb7dad42a623b75b7166b\",\"name\":\"Francisco Bobadilla\",\"image\":{\"@type\":\"ImageObject\",\"inLanguage\":\"it-IT\",\"@id\":\"https:\\\/\\\/secure.gravatar.com\\\/avatar\\\/8d65d74eeda045f5ef133a25b739fed12768ab871a0ddb2772cf98408d61ee37?s=96&d=mm&r=g\",\"url\":\"https:\\\/\\\/secure.gravatar.com\\\/avatar\\\/8d65d74eeda045f5ef133a25b739fed12768ab871a0ddb2772cf98408d61ee37?s=96&d=mm&r=g\",\"contentUrl\":\"https:\\\/\\\/secure.gravatar.com\\\/avatar\\\/8d65d74eeda045f5ef133a25b739fed12768ab871a0ddb2772cf98408d61ee37?s=96&d=mm&r=g\",\"caption\":\"Francisco Bobadilla\"},\"description\":\"Francisco Bobadilla es profesor principal de la Universidad de Piura, donde dicta clases para el pre-grado y posgrado. Interesado en las Humanidades y en la dimensi\u00f3n \u00e9tica de la conducta humana. Lector habitual, de cuyas lecturas se nutre en gran parte este blog. Es autor, entre otros, de los libros \u201cPasi\u00f3n por la Excelencia\u201d, \u201cEmpresas con alma\u201d, \u00abProgreso econ\u00f3mico y desarrollo humano\u00bb, \u00abEl C\u00f3digo da Vinci: de la ficci\u00f3n a la realidad\u00bb; \u00abLa disponibilidad de los derechos de la personalidad\u00bb. Abogado y Master en Derecho Civil por la PUCP, doctor en Derecho por la Universidad de Zaragoza; Licenciado en Ciencias de la Informaci\u00f3n por la Universidad de Piura. Sus temas: pensamiento pol\u00edtico y social, \u00e9tica y cultura, derechos de la persona.\",\"sameAs\":[\"https:\\\/\\\/tertuliaabierta.wordpress.com\\\/\"],\"url\":\"https:\\\/\\\/exaudi.org\\\/it\\\/author\\\/francisco-bobadilla\\\/\"}]}<\/script>\n<!-- \/ Yoast SEO plugin. -->","yoast_head_json":{"title":"Conversando sulla vita &#8211; Exaudi","robots":{"index":"index","follow":"follow","max-snippet":"max-snippet:-1","max-image-preview":"max-image-preview:large","max-video-preview":"max-video-preview:-1"},"canonical":"https:\/\/exaudi.org\/it\/conversando-sulla-vita\/","og_locale":"it_IT","og_type":"article","og_title":"Conversando sulla vita &#8211; Exaudi","og_description":"Un dialogo umanista su innovazione, amore e profondit\u00e0 nel pensiero di Rafael Alvira Dom\u00ednguez","og_url":"https:\/\/exaudi.org\/it\/conversando-sulla-vita\/","og_site_name":"Exaudi","article_publisher":"https:\/\/www.facebook.com\/ExaudiNews","article_published_time":"2025-12-16T16:32:42+00:00","og_image":[{"width":2000,"height":1125,"url":"https:\/\/exaudi.org\/wp-content\/uploads\/2025\/12\/rafael_alvira.jpg","type":"image\/jpeg"}],"author":"Francisco Bobadilla","twitter_card":"summary_large_image","twitter_creator":"@Exaudi_News","twitter_site":"@Exaudi_News","twitter_misc":{"Scritto da":"Francisco Bobadilla","Tempo di lettura stimato":"3 minuti"},"schema":{"@context":"https:\/\/schema.org","@graph":[{"@type":"Article","@id":"https:\/\/exaudi.org\/it\/conversando-sulla-vita\/#article","isPartOf":{"@id":"https:\/\/exaudi.org\/it\/conversando-sulla-vita\/"},"author":{"name":"Francisco Bobadilla","@id":"https:\/\/exaudi.org\/#\/schema\/person\/f2d4ad1e1e2bb7dad42a623b75b7166b"},"headline":"Conversando sulla vita","datePublished":"2025-12-16T16:32:42+00:00","mainEntityOfPage":{"@id":"https:\/\/exaudi.org\/it\/conversando-sulla-vita\/"},"wordCount":721,"image":{"@id":"https:\/\/exaudi.org\/it\/conversando-sulla-vita\/#primaryimage"},"thumbnailUrl":"https:\/\/exaudi.org\/wp-content\/uploads\/2025\/12\/rafael_alvira.jpg","keywords":["amore e profondit\u00e0","antropologia filosofica","Business","business e scienze umane","Business e umanesimo","Conversando sulla vita","CONVERSAZIONE","cultura umanista","dialogo interdisciplinare","etica e business","FILOSOFIA","filosofia politica","filosofia umanista","FRANCISCO BOBADILLA","Gabriel Marcel","IESE","innovazione e profondit\u00e0","Istituto per l'Impresa e l'Umanesimo","modernit\u00e0 e cambiamento","novit\u00e0 e innovazione","pensiero contemporaneo","Rafael Alvira","Rafael Alvira Dom\u00ednguez","riduzionismo antropologico","Scienze Umane","trascendenza umana","Trending","Umanesimo cristiano","UNIVERSIT\u00c0 DI NAVARRA","vita"],"articleSection":["Voci"],"inLanguage":"it-IT"},{"@type":"WebPage","@id":"https:\/\/exaudi.org\/it\/conversando-sulla-vita\/","url":"https:\/\/exaudi.org\/it\/conversando-sulla-vita\/","name":"Conversando sulla vita &#8211; Exaudi","isPartOf":{"@id":"https:\/\/exaudi.org\/#website"},"primaryImageOfPage":{"@id":"https:\/\/exaudi.org\/it\/conversando-sulla-vita\/#primaryimage"},"image":{"@id":"https:\/\/exaudi.org\/it\/conversando-sulla-vita\/#primaryimage"},"thumbnailUrl":"https:\/\/exaudi.org\/wp-content\/uploads\/2025\/12\/rafael_alvira.jpg","datePublished":"2025-12-16T16:32:42+00:00","author":{"@id":"https:\/\/exaudi.org\/#\/schema\/person\/f2d4ad1e1e2bb7dad42a623b75b7166b"},"breadcrumb":{"@id":"https:\/\/exaudi.org\/it\/conversando-sulla-vita\/#breadcrumb"},"inLanguage":"it-IT","potentialAction":[{"@type":"ReadAction","target":["https:\/\/exaudi.org\/it\/conversando-sulla-vita\/"]}]},{"@type":"ImageObject","inLanguage":"it-IT","@id":"https:\/\/exaudi.org\/it\/conversando-sulla-vita\/#primaryimage","url":"https:\/\/exaudi.org\/wp-content\/uploads\/2025\/12\/rafael_alvira.jpg","contentUrl":"https:\/\/exaudi.org\/wp-content\/uploads\/2025\/12\/rafael_alvira.jpg","width":2000,"height":1125},{"@type":"BreadcrumbList","@id":"https:\/\/exaudi.org\/it\/conversando-sulla-vita\/#breadcrumb","itemListElement":[{"@type":"ListItem","position":1,"name":"Portada","item":"https:\/\/exaudi.org\/it\/"},{"@type":"ListItem","position":2,"name":"Conversando sulla vita"}]},{"@type":"WebSite","@id":"https:\/\/exaudi.org\/#website","url":"https:\/\/exaudi.org\/","name":"Exaudi","description":"News","potentialAction":[{"@type":"SearchAction","target":{"@type":"EntryPoint","urlTemplate":"https:\/\/exaudi.org\/?s={search_term_string}"},"query-input":{"@type":"PropertyValueSpecification","valueRequired":true,"valueName":"search_term_string"}}],"inLanguage":"it-IT"},{"@type":"Person","@id":"https:\/\/exaudi.org\/#\/schema\/person\/f2d4ad1e1e2bb7dad42a623b75b7166b","name":"Francisco Bobadilla","image":{"@type":"ImageObject","inLanguage":"it-IT","@id":"https:\/\/secure.gravatar.com\/avatar\/8d65d74eeda045f5ef133a25b739fed12768ab871a0ddb2772cf98408d61ee37?s=96&d=mm&r=g","url":"https:\/\/secure.gravatar.com\/avatar\/8d65d74eeda045f5ef133a25b739fed12768ab871a0ddb2772cf98408d61ee37?s=96&d=mm&r=g","contentUrl":"https:\/\/secure.gravatar.com\/avatar\/8d65d74eeda045f5ef133a25b739fed12768ab871a0ddb2772cf98408d61ee37?s=96&d=mm&r=g","caption":"Francisco Bobadilla"},"description":"Francisco Bobadilla es profesor principal de la Universidad de Piura, donde dicta clases para el pre-grado y posgrado. Interesado en las Humanidades y en la dimensi\u00f3n \u00e9tica de la conducta humana. Lector habitual, de cuyas lecturas se nutre en gran parte este blog. Es autor, entre otros, de los libros \u201cPasi\u00f3n por la Excelencia\u201d, \u201cEmpresas con alma\u201d, \u00abProgreso econ\u00f3mico y desarrollo humano\u00bb, \u00abEl C\u00f3digo da Vinci: de la ficci\u00f3n a la realidad\u00bb; \u00abLa disponibilidad de los derechos de la personalidad\u00bb. Abogado y Master en Derecho Civil por la PUCP, doctor en Derecho por la Universidad de Zaragoza; Licenciado en Ciencias de la Informaci\u00f3n por la Universidad de Piura. Sus temas: pensamiento pol\u00edtico y social, \u00e9tica y cultura, derechos de la persona.","sameAs":["https:\/\/tertuliaabierta.wordpress.com\/"],"url":"https:\/\/exaudi.org\/it\/author\/francisco-bobadilla\/"}]}},"jetpack_featured_media_url":"https:\/\/exaudi.org\/wp-content\/uploads\/2025\/12\/rafael_alvira.jpg","jetpack_shortlink":"https:\/\/wp.me\/pgKjF2-Ddl","_links":{"self":[{"href":"https:\/\/exaudi.org\/it\/wp-json\/wp\/v2\/posts\/150743","targetHints":{"allow":["GET"]}}],"collection":[{"href":"https:\/\/exaudi.org\/it\/wp-json\/wp\/v2\/posts"}],"about":[{"href":"https:\/\/exaudi.org\/it\/wp-json\/wp\/v2\/types\/post"}],"author":[{"embeddable":true,"href":"https:\/\/exaudi.org\/it\/wp-json\/wp\/v2\/users\/109"}],"replies":[{"embeddable":true,"href":"https:\/\/exaudi.org\/it\/wp-json\/wp\/v2\/comments?post=150743"}],"version-history":[{"count":3,"href":"https:\/\/exaudi.org\/it\/wp-json\/wp\/v2\/posts\/150743\/revisions"}],"predecessor-version":[{"id":150746,"href":"https:\/\/exaudi.org\/it\/wp-json\/wp\/v2\/posts\/150743\/revisions\/150746"}],"wp:featuredmedia":[{"embeddable":true,"href":"https:\/\/exaudi.org\/it\/wp-json\/wp\/v2\/media\/150473"}],"wp:attachment":[{"href":"https:\/\/exaudi.org\/it\/wp-json\/wp\/v2\/media?parent=150743"}],"wp:term":[{"taxonomy":"category","embeddable":true,"href":"https:\/\/exaudi.org\/it\/wp-json\/wp\/v2\/categories?post=150743"},{"taxonomy":"post_tag","embeddable":true,"href":"https:\/\/exaudi.org\/it\/wp-json\/wp\/v2\/tags?post=150743"}],"curies":[{"name":"wp","href":"https:\/\/api.w.org\/{rel}","templated":true}]}}