{"id":150566,"date":"2025-12-15T16:12:12","date_gmt":"2025-12-15T15:12:12","guid":{"rendered":"https:\/\/exaudi.org\/?p=150566"},"modified":"2025-12-15T16:12:12","modified_gmt":"2025-12-15T15:12:12","slug":"betlemme-e-la-vera-ricchezza","status":"publish","type":"post","link":"https:\/\/exaudi.org\/it\/betlemme-e-la-vera-ricchezza\/","title":{"rendered":"Betlemme e la vera ricchezza"},"content":{"rendered":"<p><span dir=\"auto\" style=\"vertical-align: inherit\"><span dir=\"auto\" style=\"vertical-align: inherit\">La terza domenica di Avvento porta il titolo pieno di speranza di &#8220;Gaudete&#8221;, che significa &#8220;Rallegratevi, perch\u00e9 la grande festa della venuta del Signore \u00e8 vicina&#8221;. Le letture e il Vangelo della Messa odierna sono stati scelti in armonia con questo messaggio.<\/span><\/span><\/p>\n<p><span dir=\"auto\" style=\"vertical-align: inherit\"><span dir=\"auto\" style=\"vertical-align: inherit\">In Isaia 35:1 leggiamo: <\/span><\/span><br \/>\n<em><span dir=\"auto\" style=\"vertical-align: inherit\"><span dir=\"auto\" style=\"vertical-align: inherit\">\u201cIl deserto e la terra arida si rallegreranno, la steppa esulter\u00e0 e fiorir\u00e0 come il croco\u201d.<\/span><\/span><\/em><\/p>\n<p><span dir=\"auto\" style=\"vertical-align: inherit\"><span dir=\"auto\" style=\"vertical-align: inherit\">S\u00ec, il deserto di questo mondo fiorir\u00e0 splendidamente se lo innaffiamo con il nostro amore. Proprio quell&#8217;amore che abbiamo ricevuto da Dio e che dobbiamo condividere con gli altri. San Giovanni della Croce ha scritto sulla mancanza d&#8217;amore: &#8220;<\/span><\/span><em><span dir=\"auto\" style=\"vertical-align: inherit\"><span dir=\"auto\" style=\"vertical-align: inherit\">Dove non c&#8217;\u00e8 amore, metti amore e troverai amore&#8221;.<\/span><\/span><\/em><\/p>\n<p><span dir=\"auto\" style=\"vertical-align: inherit\"><span dir=\"auto\" style=\"vertical-align: inherit\">Questo \u00e8 l\u2019annuncio perfetto della venuta del Figlio di Dio.\u00a0 <\/span><\/span><em><span dir=\"auto\" style=\"vertical-align: inherit\"><span dir=\"auto\" style=\"vertical-align: inherit\">\u00abDio \u00e8 amore\u00bb<\/span><\/span><\/em><span dir=\"auto\" style=\"vertical-align: inherit\"><span dir=\"auto\" style=\"vertical-align: inherit\"> \u00a0(1 Giovanni 4,8). Pi\u00f9 tardi, Ges\u00f9 dir\u00e0 di s\u00e9:\u00a0 <\/span><\/span><em><span dir=\"auto\" style=\"vertical-align: inherit\"><span dir=\"auto\" style=\"vertical-align: inherit\">\u00abIo sono mite e umile di cuore\u00bb<\/span><\/span><\/em><span dir=\"auto\" style=\"vertical-align: inherit\"><span dir=\"auto\" style=\"vertical-align: inherit\"> \u00a0(Matteo 11,29).<\/span><\/span><\/p>\n<h3><strong><span dir=\"auto\" style=\"vertical-align: inherit\"><span dir=\"auto\" style=\"vertical-align: inherit\">La vera ricchezza<\/span><\/span><\/strong><\/h3>\n<p><span dir=\"auto\" style=\"vertical-align: inherit\"><span dir=\"auto\" style=\"vertical-align: inherit\">Fin dall&#8217;inizio di questo articolo abbiamo parlato di amore, ma il titolo menziona &#8220;vera ricchezza&#8221;. Perch\u00e9? La vera ricchezza divina di Dio non risiede nei beni materiali, ma nella capacit\u00e0 di amare.<\/span><\/span><\/p>\n<p><span dir=\"auto\" style=\"vertical-align: inherit\"><span dir=\"auto\" style=\"vertical-align: inherit\">Molti santi sono giunti a questa conclusione, tra cui Giovanni Paolo II ed Escriv\u00e1. E allora volgiamo lo sguardo al Vangelo del giorno.<\/span><\/span><\/p>\n<p><span dir=\"auto\" style=\"vertical-align: inherit\"><span dir=\"auto\" style=\"vertical-align: inherit\">Nel Vangelo di Matteo leggiamo: <\/span><\/span><br \/>\n<em><span dir=\"auto\" style=\"vertical-align: inherit\"><span dir=\"auto\" style=\"vertical-align: inherit\">\u00abChe cosa siete andati a vedere nel deserto? Un uomo vestito con morbide vesti? Quelli che vestono morbide vesti stanno nei palazzi dei re\u00bb<\/span><\/span><\/em><span dir=\"auto\" style=\"vertical-align: inherit\"><span dir=\"auto\" style=\"vertical-align: inherit\"> \u00a0(Mt 11,2-11).<\/span><\/span><\/p>\n<p><span dir=\"auto\" style=\"vertical-align: inherit\"><span dir=\"auto\" style=\"vertical-align: inherit\">Queste parole provengono da Ges\u00f9 e si riferiscono a Giovanni Battista. Ma vorrei applicare questo testo a Ges\u00f9 stesso.<\/span><\/span><\/p>\n<p><span dir=\"auto\" style=\"vertical-align: inherit\"><span dir=\"auto\" style=\"vertical-align: inherit\">Nella mangiatoia di Betlemme troviamo una famiglia povera: un padre artigiano; una madre casalinga; e un neonato in una mangiatoia. Odora di povert\u00e0? S\u00ec, di povert\u00e0, se la definiamo come mancanza di denaro. Ma no. In questa stalla, che per gli standard umani sembra misera, abbonda la ricchezza: la ricchezza dell&#8217;amore.<\/span><\/span><\/p>\n<p><span dir=\"auto\" style=\"vertical-align: inherit\"><span dir=\"auto\" style=\"vertical-align: inherit\">Questa stalla risplende nell&#8217;oscurit\u00e0 come se fosse in pieno giorno. L&#8217;amore di Dio splende pi\u00f9 del sole e illumina non solo la stalla di Betlemme, ma il mondo intero.<\/span><\/span><\/p>\n<h3><strong><span dir=\"auto\" style=\"vertical-align: inherit\"><span dir=\"auto\" style=\"vertical-align: inherit\">La Cattedra di Ges\u00f9 Cristo<\/span><\/span><\/strong><\/h3>\n<p><span dir=\"auto\" style=\"vertical-align: inherit\"><span dir=\"auto\" style=\"vertical-align: inherit\">Ges\u00f9 ha trasformato quella vecchia e sporca mangiatoia in un pulpito da cui predica a noi. Il suo linguaggio \u00e8 semplice e, allo stesso tempo, rivoluzionario. Lui, il Figlio dell&#8217;Onnipotente, il Creatore del mondo, che possiede tutto e ha creato tutto, sceglie di venire al mondo in circostanze umili.<\/span><\/span><\/p>\n<p><span dir=\"auto\" style=\"vertical-align: inherit\"><span dir=\"auto\" style=\"vertical-align: inherit\">Con ci\u00f2, capovolge l&#8217;ordine gerarchico di questo mondo. Trasforma il potere dominante del denaro nel potere dell&#8217;amore, che pu\u00f2 cambiare ogni cosa. Pi\u00f9 tardi, nei suoi sermoni, proclamer\u00e0 questo insegnamento, soprattutto davanti ai farisei, suscitando grande scalpore.<\/span><\/span><\/p>\n<h3><strong><span dir=\"auto\" style=\"vertical-align: inherit\"><span dir=\"auto\" style=\"vertical-align: inherit\">Arrendersi a Dio<\/span><\/span><\/strong><\/h3>\n<p><span dir=\"auto\" style=\"vertical-align: inherit\"><span dir=\"auto\" style=\"vertical-align: inherit\">Ges\u00f9 assumer\u00e0 la professione del padre Giuseppe e diventer\u00e0 il capofamiglia. Inizialmente lavorer\u00e0 al fianco del padre, poi da solo, prendendosi cura della madre. Ma vivr\u00e0 sempre &#8220;mangiando e basta&#8221;.<\/span><\/span><\/p>\n<p><span dir=\"auto\" style=\"vertical-align: inherit\"><span dir=\"auto\" style=\"vertical-align: inherit\">In seguito, per tre anni, visse come predicatore itinerante, senza fissa dimora, emarginato. Eppure, fu accolto come ospite d&#8217;onore dai grandi personaggi del suo tempo. Che personalit\u00e0 affascinante doveva essere!<\/span><\/span><\/p>\n<p><span dir=\"auto\" style=\"vertical-align: inherit\"><span dir=\"auto\" style=\"vertical-align: inherit\">Il confessore di Margherita Maria Alacoque, Claude de la Colombi\u00e8re, scrisse il libro\u00a0 <\/span><\/span><em><span dir=\"auto\" style=\"vertical-align: inherit\"><span dir=\"auto\" style=\"vertical-align: inherit\">&#8220;Abbandonarsi con fiducia alla Divina Provvidenza: il segreto della pace e della felicit\u00e0<\/span><\/span><\/em><span dir=\"auto\" style=\"vertical-align: inherit\"><span dir=\"auto\" style=\"vertical-align: inherit\"> &#8220;. Questa fu esattamente la vita di Ges\u00f9 sulla terra.<\/span><\/span><\/p>\n<p><span dir=\"auto\" style=\"vertical-align: inherit\"><span dir=\"auto\" style=\"vertical-align: inherit\">Venne al mondo come un bambino bisognoso. Fu lasciato a suo padre, Giuseppe, e a sua madre, Maria. E tutto and\u00f2 bene per lui. Dio Padre, nella sua amorevole provvidenza, scelse le persone migliori per questo ruolo e le prepar\u00f2.<\/span><\/span><\/p>\n<p><span dir=\"auto\" style=\"vertical-align: inherit\"><span dir=\"auto\" style=\"vertical-align: inherit\">E noi?<\/span><\/span><\/p>\n<p><span dir=\"auto\" style=\"vertical-align: inherit\"><span dir=\"auto\" style=\"vertical-align: inherit\">Siamo pronti ad accogliere Ges\u00f9 nei nostri cuori? Egli viene a noi come un bambino, come un neonato indifeso. Cosa gli diremo?<\/span><\/span><\/p>\n<p><span dir=\"auto\" style=\"vertical-align: inherit\"><span dir=\"auto\" style=\"vertical-align: inherit\">Dobbiamo dirgli: &#8220;Non Ti conosco&#8221;? O meglio: &#8220;Caro Ges\u00f9, Ti accolgo nella mia casa; sii parte della mia vita&#8221;? Illumina la mia vita, che finora \u00e8 stata nell&#8217;oscurit\u00e0. Voglio iniziare una nuova vita con Te. Metterti al primo posto nei miei pensieri e nelle mie azioni. E, per amore Tuo, amer\u00f2 i miei simili.<\/span><\/span><\/p>\n<p><span dir=\"auto\" style=\"vertical-align: inherit\"><span dir=\"auto\" style=\"vertical-align: inherit\">Alla domanda sul perch\u00e9 amasse cos\u00ec intensamente le persone, Escriv\u00e1 rispose con la frase:\u00a0 <\/span><\/span><em><span dir=\"auto\" style=\"vertical-align: inherit\"><span dir=\"auto\" style=\"vertical-align: inherit\">&#8220;Vedo in te il sangue di Cristo che scorre nelle tue vene&#8221;.<\/span><\/span><\/em><\/p>\n<p><span dir=\"auto\" style=\"vertical-align: inherit\"><span dir=\"auto\" style=\"vertical-align: inherit\">S\u00ec, l&#8217;amore per il prossimo \u00e8 una conseguenza, un&#8217;eccedenza dell&#8217;amore che abbiamo ricevuto da Dio.<\/span><\/span><\/p>\n<h3><strong><span dir=\"auto\" style=\"vertical-align: inherit\"><span dir=\"auto\" style=\"vertical-align: inherit\">La ricchezza della povert\u00e0<\/span><\/span><\/strong><\/h3>\n<p><span dir=\"auto\" style=\"vertical-align: inherit\"><span dir=\"auto\" style=\"vertical-align: inherit\">Papa Leone XIV pubblic\u00f2 la lettera apostolica\u00a0 <\/span><\/span><em><span dir=\"auto\" style=\"vertical-align: inherit\"><span dir=\"auto\" style=\"vertical-align: inherit\">&#8220;Dilexi te&#8221;<\/span><\/span><\/em><span dir=\"auto\" style=\"vertical-align: inherit\"><span dir=\"auto\" style=\"vertical-align: inherit\"> il 4 ottobre, sull&#8217;amore per i poveri. Ges\u00f9 venne al mondo povero. Madre Teresa vide Ges\u00f9 nei pi\u00f9 poveri tra i poveri. E noi? Facciamo lo stesso? No? \u00c8 comprensibile. Viviamo in un mondo in cui il denaro governa tutto, e chi non ne ha \u00e8 considerato un fallito.<\/span><\/span><\/p>\n<p><span dir=\"auto\" style=\"vertical-align: inherit\"><span dir=\"auto\" style=\"vertical-align: inherit\">Quindi, Ges\u00f9, il Figlio del Creatore del mondo, \u00e8 stato un fallimento? E in effetti, \u00e8 cos\u00ec che fu trattato da Erode e Pilato. Lo trattiamo allo stesso modo?<\/span><\/span><\/p>\n<p><span dir=\"auto\" style=\"vertical-align: inherit\"><span dir=\"auto\" style=\"vertical-align: inherit\">Dal suo pulpito nella mangiatoia di Betlemme, Ges\u00f9, il Figlio di Dio, l&#8217;Emmanuele, proclama un nuovo insegnamento. Sta a noi accoglierlo o rifiutarlo. Prego per te, caro lettore, affinch\u00e9 anche tu possa essere tra coloro che accolgono l&#8217;insegnamento di Cristo e desiderano integrarlo nella propria vita.<\/span><\/span><\/p>\n<p><span dir=\"auto\" style=\"vertical-align: inherit\"><span dir=\"auto\" style=\"vertical-align: inherit\">Concludiamo questo articolo con l\u2019inno che abbiamo cantato oggi alla Messa domenicale Gaudete: <\/span><\/span><br \/>\n<em><span dir=\"auto\" style=\"vertical-align: inherit\"><span dir=\"auto\" style=\"vertical-align: inherit\">\u00abRallegrati, figlia di Sion, e giubila, Gerusalemme! Ecco, a te viene il tuo re, viene il Principe della pace\u00bb<\/span><\/span><\/em><span dir=\"auto\" style=\"vertical-align: inherit\"><span dir=\"auto\" style=\"vertical-align: inherit\"> \u00a0(<\/span><\/span><em><span dir=\"auto\" style=\"vertical-align: inherit\"><span dir=\"auto\" style=\"vertical-align: inherit\">Gotteslob 228,1<\/span><\/span><\/em><span dir=\"auto\" style=\"vertical-align: inherit\"><span dir=\"auto\" style=\"vertical-align: inherit\">).<\/span><\/span><\/p>\n<p><span dir=\"auto\" style=\"vertical-align: inherit\"><span dir=\"auto\" style=\"vertical-align: inherit\">Buone feste!<\/span><\/span><\/p>\n","protected":false},"excerpt":{"rendered":"<p>Domenica Gaudete<\/p>\n","protected":false},"author":174,"featured_media":150416,"comment_status":"closed","ping_status":"closed","sticky":false,"template":"","format":"standard","meta":{"_acf_changed":false,"_crdt_document":"","inline_featured_image":false,"footnotes":""},"categories":[71],"tags":[85987,17762,7750,11722,34874,35084,37317,1671,69934,3074,80133,6530,40569,23496,55955,4695,46664,37181,64787,85988],"class_list":["post-150566","post","type-post","status-publish","format-standard","has-post-thumbnail","hentry","category-analisi","tag-abbandono-alla-provvidenza","tag-amore-divino","tag-avvento","tag-betlemme","tag-domenica-gaudete","tag-emmanuele","tag-gioia-cristiana","tag-giovanni-paolo-ii","tag-i-poveri","tag-josemaria-escriva-it","tag-karl-maria-de-molina-3","tag-madre-teresa","tag-natale-2025","tag-nativita","tag-poverta-evangelica","tag-presepe","tag-principe-della-pace","tag-san-giovanni-della-croce","tag-trending-it-236","tag-vera-ricchezza"],"acf":[],"yoast_head":"<!-- This site is optimized with the Yoast SEO plugin v27.4 - https:\/\/yoast.com\/product\/yoast-seo-wordpress\/ -->\n<title>Betlemme e la vera ricchezza &#8211; Exaudi<\/title>\n<meta name=\"robots\" content=\"index, follow, max-snippet:-1, max-image-preview:large, max-video-preview:-1\" \/>\n<link rel=\"canonical\" href=\"https:\/\/exaudi.org\/it\/betlemme-e-la-vera-ricchezza\/\" \/>\n<meta property=\"og:locale\" content=\"it_IT\" \/>\n<meta property=\"og:type\" content=\"article\" \/>\n<meta property=\"og:title\" content=\"Betlemme e la vera ricchezza &#8211; Exaudi\" \/>\n<meta property=\"og:description\" content=\"Domenica Gaudete\" \/>\n<meta property=\"og:url\" content=\"https:\/\/exaudi.org\/it\/betlemme-e-la-vera-ricchezza\/\" \/>\n<meta property=\"og:site_name\" content=\"Exaudi\" \/>\n<meta property=\"article:publisher\" content=\"https:\/\/www.facebook.com\/ExaudiNews\" \/>\n<meta property=\"article:published_time\" content=\"2025-12-15T15:12:12+00:00\" \/>\n<meta property=\"og:image\" content=\"https:\/\/exaudi.org\/wp-content\/uploads\/2025\/12\/Krippe-St-compressed-scaled.jpg\" \/>\n\t<meta property=\"og:image:width\" content=\"2560\" \/>\n\t<meta property=\"og:image:height\" content=\"1920\" \/>\n\t<meta property=\"og:image:type\" content=\"image\/jpeg\" \/>\n<meta name=\"author\" content=\"Karl-Mar\u00eda de Molina\" \/>\n<meta name=\"twitter:card\" content=\"summary_large_image\" \/>\n<meta name=\"twitter:creator\" content=\"@Exaudi_News\" \/>\n<meta name=\"twitter:site\" content=\"@Exaudi_News\" \/>\n<meta name=\"twitter:label1\" content=\"Scritto da\" \/>\n\t<meta name=\"twitter:data1\" content=\"Karl-Mar\u00eda de Molina\" \/>\n\t<meta name=\"twitter:label2\" content=\"Tempo di lettura stimato\" \/>\n\t<meta name=\"twitter:data2\" content=\"4 minuti\" \/>\n<script type=\"application\/ld+json\" class=\"yoast-schema-graph\">{\"@context\":\"https:\\\/\\\/schema.org\",\"@graph\":[{\"@type\":\"Article\",\"@id\":\"https:\\\/\\\/exaudi.org\\\/it\\\/betlemme-e-la-vera-ricchezza\\\/#article\",\"isPartOf\":{\"@id\":\"https:\\\/\\\/exaudi.org\\\/it\\\/betlemme-e-la-vera-ricchezza\\\/\"},\"author\":{\"name\":\"Karl-Mar\u00eda de Molina\",\"@id\":\"https:\\\/\\\/exaudi.org\\\/#\\\/schema\\\/person\\\/f400c74be36537b2cb3c5fed4d2c2e00\"},\"headline\":\"Betlemme e la vera ricchezza\",\"datePublished\":\"2025-12-15T15:12:12+00:00\",\"mainEntityOfPage\":{\"@id\":\"https:\\\/\\\/exaudi.org\\\/it\\\/betlemme-e-la-vera-ricchezza\\\/\"},\"wordCount\":858,\"image\":{\"@id\":\"https:\\\/\\\/exaudi.org\\\/it\\\/betlemme-e-la-vera-ricchezza\\\/#primaryimage\"},\"thumbnailUrl\":\"https:\\\/\\\/exaudi.org\\\/wp-content\\\/uploads\\\/2025\\\/12\\\/Krippe-St-compressed-scaled.jpg\",\"keywords\":[\"Abbandono alla Provvidenza\",\"AMORE DIVINO\",\"Avvento\",\"BETLEMME\",\"domenica Gaudete\",\"Emmanuele\",\"gioia cristiana\",\"Giovanni Paolo II\",\"I Poveri\",\"Josemaria Escriv\u00e0\",\"Karl-Maria de Molina\",\"Madre Teresa\",\"Natale 2025\",\"Nativit\u00e0\",\"povert\u00e0 evangelica\",\"presepe\",\"Principe della pace\",\"San Giovanni della Croce\",\"Trending\",\"vera ricchezza\"],\"articleSection\":[\"Analisi\"],\"inLanguage\":\"it-IT\"},{\"@type\":\"WebPage\",\"@id\":\"https:\\\/\\\/exaudi.org\\\/it\\\/betlemme-e-la-vera-ricchezza\\\/\",\"url\":\"https:\\\/\\\/exaudi.org\\\/it\\\/betlemme-e-la-vera-ricchezza\\\/\",\"name\":\"Betlemme e la vera ricchezza &#8211; Exaudi\",\"isPartOf\":{\"@id\":\"https:\\\/\\\/exaudi.org\\\/#website\"},\"primaryImageOfPage\":{\"@id\":\"https:\\\/\\\/exaudi.org\\\/it\\\/betlemme-e-la-vera-ricchezza\\\/#primaryimage\"},\"image\":{\"@id\":\"https:\\\/\\\/exaudi.org\\\/it\\\/betlemme-e-la-vera-ricchezza\\\/#primaryimage\"},\"thumbnailUrl\":\"https:\\\/\\\/exaudi.org\\\/wp-content\\\/uploads\\\/2025\\\/12\\\/Krippe-St-compressed-scaled.jpg\",\"datePublished\":\"2025-12-15T15:12:12+00:00\",\"author\":{\"@id\":\"https:\\\/\\\/exaudi.org\\\/#\\\/schema\\\/person\\\/f400c74be36537b2cb3c5fed4d2c2e00\"},\"breadcrumb\":{\"@id\":\"https:\\\/\\\/exaudi.org\\\/it\\\/betlemme-e-la-vera-ricchezza\\\/#breadcrumb\"},\"inLanguage\":\"it-IT\",\"potentialAction\":[{\"@type\":\"ReadAction\",\"target\":[\"https:\\\/\\\/exaudi.org\\\/it\\\/betlemme-e-la-vera-ricchezza\\\/\"]}]},{\"@type\":\"ImageObject\",\"inLanguage\":\"it-IT\",\"@id\":\"https:\\\/\\\/exaudi.org\\\/it\\\/betlemme-e-la-vera-ricchezza\\\/#primaryimage\",\"url\":\"https:\\\/\\\/exaudi.org\\\/wp-content\\\/uploads\\\/2025\\\/12\\\/Krippe-St-compressed-scaled.jpg\",\"contentUrl\":\"https:\\\/\\\/exaudi.org\\\/wp-content\\\/uploads\\\/2025\\\/12\\\/Krippe-St-compressed-scaled.jpg\",\"width\":2560,\"height\":1920},{\"@type\":\"BreadcrumbList\",\"@id\":\"https:\\\/\\\/exaudi.org\\\/it\\\/betlemme-e-la-vera-ricchezza\\\/#breadcrumb\",\"itemListElement\":[{\"@type\":\"ListItem\",\"position\":1,\"name\":\"Portada\",\"item\":\"https:\\\/\\\/exaudi.org\\\/it\\\/\"},{\"@type\":\"ListItem\",\"position\":2,\"name\":\"Betlemme e la vera ricchezza\"}]},{\"@type\":\"WebSite\",\"@id\":\"https:\\\/\\\/exaudi.org\\\/#website\",\"url\":\"https:\\\/\\\/exaudi.org\\\/\",\"name\":\"Exaudi\",\"description\":\"News\",\"potentialAction\":[{\"@type\":\"SearchAction\",\"target\":{\"@type\":\"EntryPoint\",\"urlTemplate\":\"https:\\\/\\\/exaudi.org\\\/?s={search_term_string}\"},\"query-input\":{\"@type\":\"PropertyValueSpecification\",\"valueRequired\":true,\"valueName\":\"search_term_string\"}}],\"inLanguage\":\"it-IT\"},{\"@type\":\"Person\",\"@id\":\"https:\\\/\\\/exaudi.org\\\/#\\\/schema\\\/person\\\/f400c74be36537b2cb3c5fed4d2c2e00\",\"name\":\"Karl-Mar\u00eda de Molina\",\"image\":{\"@type\":\"ImageObject\",\"inLanguage\":\"it-IT\",\"@id\":\"https:\\\/\\\/secure.gravatar.com\\\/avatar\\\/16ba20466e14cad5d2d1b0cfc0a9b5eba327d57bf7faeaeff34294949227047f?s=96&d=mm&r=g\",\"url\":\"https:\\\/\\\/secure.gravatar.com\\\/avatar\\\/16ba20466e14cad5d2d1b0cfc0a9b5eba327d57bf7faeaeff34294949227047f?s=96&d=mm&r=g\",\"contentUrl\":\"https:\\\/\\\/secure.gravatar.com\\\/avatar\\\/16ba20466e14cad5d2d1b0cfc0a9b5eba327d57bf7faeaeff34294949227047f?s=96&d=mm&r=g\",\"caption\":\"Karl-Mar\u00eda de Molina\"},\"description\":\"Dr.-Ing. Karl-Maria de Molina estudi\u00f3 ingenier\u00eda, filosof\u00eda y teolog\u00eda y obtuvo su doctorado en tecnolog\u00eda automotriz. Ha escrito libros sobre tecnolog\u00eda automovil\u00edstica y metodolog\u00eda de trabajo, y ha editado obras sobre cultura laboral y desarrollo de competencias. Ha ocupado varios puestos docentes en universidades alemanas; imparte seminarios sobre el desarrollo de l\u00edderes; ha fundado varias empresas y ha desarrollado y comercializado productos innovadores. El conocimiento necesario para esta serie de art\u00edculos sobre la fe lo adquiri\u00f3 el autor mediante el estudio de la filosof\u00eda y la teolog\u00eda, la lectura diaria del Evangelio y de libros espirituales, as\u00ed como la asistencia diaria a la Eucarist\u00eda.\",\"sameAs\":[\"https:\\\/\\\/familyvalued.org\\\/en\\\/family-valued-english\\\/\"],\"url\":\"https:\\\/\\\/exaudi.org\\\/it\\\/author\\\/karl-maria-de-molina\\\/\"}]}<\/script>\n<!-- \/ Yoast SEO plugin. -->","yoast_head_json":{"title":"Betlemme e la vera ricchezza &#8211; Exaudi","robots":{"index":"index","follow":"follow","max-snippet":"max-snippet:-1","max-image-preview":"max-image-preview:large","max-video-preview":"max-video-preview:-1"},"canonical":"https:\/\/exaudi.org\/it\/betlemme-e-la-vera-ricchezza\/","og_locale":"it_IT","og_type":"article","og_title":"Betlemme e la vera ricchezza &#8211; Exaudi","og_description":"Domenica Gaudete","og_url":"https:\/\/exaudi.org\/it\/betlemme-e-la-vera-ricchezza\/","og_site_name":"Exaudi","article_publisher":"https:\/\/www.facebook.com\/ExaudiNews","article_published_time":"2025-12-15T15:12:12+00:00","og_image":[{"width":2560,"height":1920,"url":"https:\/\/exaudi.org\/wp-content\/uploads\/2025\/12\/Krippe-St-compressed-scaled.jpg","type":"image\/jpeg"}],"author":"Karl-Mar\u00eda de Molina","twitter_card":"summary_large_image","twitter_creator":"@Exaudi_News","twitter_site":"@Exaudi_News","twitter_misc":{"Scritto da":"Karl-Mar\u00eda de Molina","Tempo di lettura stimato":"4 minuti"},"schema":{"@context":"https:\/\/schema.org","@graph":[{"@type":"Article","@id":"https:\/\/exaudi.org\/it\/betlemme-e-la-vera-ricchezza\/#article","isPartOf":{"@id":"https:\/\/exaudi.org\/it\/betlemme-e-la-vera-ricchezza\/"},"author":{"name":"Karl-Mar\u00eda de Molina","@id":"https:\/\/exaudi.org\/#\/schema\/person\/f400c74be36537b2cb3c5fed4d2c2e00"},"headline":"Betlemme e la vera ricchezza","datePublished":"2025-12-15T15:12:12+00:00","mainEntityOfPage":{"@id":"https:\/\/exaudi.org\/it\/betlemme-e-la-vera-ricchezza\/"},"wordCount":858,"image":{"@id":"https:\/\/exaudi.org\/it\/betlemme-e-la-vera-ricchezza\/#primaryimage"},"thumbnailUrl":"https:\/\/exaudi.org\/wp-content\/uploads\/2025\/12\/Krippe-St-compressed-scaled.jpg","keywords":["Abbandono alla Provvidenza","AMORE DIVINO","Avvento","BETLEMME","domenica Gaudete","Emmanuele","gioia cristiana","Giovanni Paolo II","I Poveri","Josemaria Escriv\u00e0","Karl-Maria de Molina","Madre Teresa","Natale 2025","Nativit\u00e0","povert\u00e0 evangelica","presepe","Principe della pace","San Giovanni della Croce","Trending","vera ricchezza"],"articleSection":["Analisi"],"inLanguage":"it-IT"},{"@type":"WebPage","@id":"https:\/\/exaudi.org\/it\/betlemme-e-la-vera-ricchezza\/","url":"https:\/\/exaudi.org\/it\/betlemme-e-la-vera-ricchezza\/","name":"Betlemme e la vera ricchezza &#8211; Exaudi","isPartOf":{"@id":"https:\/\/exaudi.org\/#website"},"primaryImageOfPage":{"@id":"https:\/\/exaudi.org\/it\/betlemme-e-la-vera-ricchezza\/#primaryimage"},"image":{"@id":"https:\/\/exaudi.org\/it\/betlemme-e-la-vera-ricchezza\/#primaryimage"},"thumbnailUrl":"https:\/\/exaudi.org\/wp-content\/uploads\/2025\/12\/Krippe-St-compressed-scaled.jpg","datePublished":"2025-12-15T15:12:12+00:00","author":{"@id":"https:\/\/exaudi.org\/#\/schema\/person\/f400c74be36537b2cb3c5fed4d2c2e00"},"breadcrumb":{"@id":"https:\/\/exaudi.org\/it\/betlemme-e-la-vera-ricchezza\/#breadcrumb"},"inLanguage":"it-IT","potentialAction":[{"@type":"ReadAction","target":["https:\/\/exaudi.org\/it\/betlemme-e-la-vera-ricchezza\/"]}]},{"@type":"ImageObject","inLanguage":"it-IT","@id":"https:\/\/exaudi.org\/it\/betlemme-e-la-vera-ricchezza\/#primaryimage","url":"https:\/\/exaudi.org\/wp-content\/uploads\/2025\/12\/Krippe-St-compressed-scaled.jpg","contentUrl":"https:\/\/exaudi.org\/wp-content\/uploads\/2025\/12\/Krippe-St-compressed-scaled.jpg","width":2560,"height":1920},{"@type":"BreadcrumbList","@id":"https:\/\/exaudi.org\/it\/betlemme-e-la-vera-ricchezza\/#breadcrumb","itemListElement":[{"@type":"ListItem","position":1,"name":"Portada","item":"https:\/\/exaudi.org\/it\/"},{"@type":"ListItem","position":2,"name":"Betlemme e la vera ricchezza"}]},{"@type":"WebSite","@id":"https:\/\/exaudi.org\/#website","url":"https:\/\/exaudi.org\/","name":"Exaudi","description":"News","potentialAction":[{"@type":"SearchAction","target":{"@type":"EntryPoint","urlTemplate":"https:\/\/exaudi.org\/?s={search_term_string}"},"query-input":{"@type":"PropertyValueSpecification","valueRequired":true,"valueName":"search_term_string"}}],"inLanguage":"it-IT"},{"@type":"Person","@id":"https:\/\/exaudi.org\/#\/schema\/person\/f400c74be36537b2cb3c5fed4d2c2e00","name":"Karl-Mar\u00eda de Molina","image":{"@type":"ImageObject","inLanguage":"it-IT","@id":"https:\/\/secure.gravatar.com\/avatar\/16ba20466e14cad5d2d1b0cfc0a9b5eba327d57bf7faeaeff34294949227047f?s=96&d=mm&r=g","url":"https:\/\/secure.gravatar.com\/avatar\/16ba20466e14cad5d2d1b0cfc0a9b5eba327d57bf7faeaeff34294949227047f?s=96&d=mm&r=g","contentUrl":"https:\/\/secure.gravatar.com\/avatar\/16ba20466e14cad5d2d1b0cfc0a9b5eba327d57bf7faeaeff34294949227047f?s=96&d=mm&r=g","caption":"Karl-Mar\u00eda de Molina"},"description":"Dr.-Ing. Karl-Maria de Molina estudi\u00f3 ingenier\u00eda, filosof\u00eda y teolog\u00eda y obtuvo su doctorado en tecnolog\u00eda automotriz. Ha escrito libros sobre tecnolog\u00eda automovil\u00edstica y metodolog\u00eda de trabajo, y ha editado obras sobre cultura laboral y desarrollo de competencias. Ha ocupado varios puestos docentes en universidades alemanas; imparte seminarios sobre el desarrollo de l\u00edderes; ha fundado varias empresas y ha desarrollado y comercializado productos innovadores. El conocimiento necesario para esta serie de art\u00edculos sobre la fe lo adquiri\u00f3 el autor mediante el estudio de la filosof\u00eda y la teolog\u00eda, la lectura diaria del Evangelio y de libros espirituales, as\u00ed como la asistencia diaria a la Eucarist\u00eda.","sameAs":["https:\/\/familyvalued.org\/en\/family-valued-english\/"],"url":"https:\/\/exaudi.org\/it\/author\/karl-maria-de-molina\/"}]}},"jetpack_featured_media_url":"https:\/\/exaudi.org\/wp-content\/uploads\/2025\/12\/Krippe-St-compressed-scaled.jpg","jetpack_shortlink":"https:\/\/wp.me\/pgKjF2-Dau","_links":{"self":[{"href":"https:\/\/exaudi.org\/it\/wp-json\/wp\/v2\/posts\/150566","targetHints":{"allow":["GET"]}}],"collection":[{"href":"https:\/\/exaudi.org\/it\/wp-json\/wp\/v2\/posts"}],"about":[{"href":"https:\/\/exaudi.org\/it\/wp-json\/wp\/v2\/types\/post"}],"author":[{"embeddable":true,"href":"https:\/\/exaudi.org\/it\/wp-json\/wp\/v2\/users\/174"}],"replies":[{"embeddable":true,"href":"https:\/\/exaudi.org\/it\/wp-json\/wp\/v2\/comments?post=150566"}],"version-history":[{"count":4,"href":"https:\/\/exaudi.org\/it\/wp-json\/wp\/v2\/posts\/150566\/revisions"}],"predecessor-version":[{"id":150570,"href":"https:\/\/exaudi.org\/it\/wp-json\/wp\/v2\/posts\/150566\/revisions\/150570"}],"wp:featuredmedia":[{"embeddable":true,"href":"https:\/\/exaudi.org\/it\/wp-json\/wp\/v2\/media\/150416"}],"wp:attachment":[{"href":"https:\/\/exaudi.org\/it\/wp-json\/wp\/v2\/media?parent=150566"}],"wp:term":[{"taxonomy":"category","embeddable":true,"href":"https:\/\/exaudi.org\/it\/wp-json\/wp\/v2\/categories?post=150566"},{"taxonomy":"post_tag","embeddable":true,"href":"https:\/\/exaudi.org\/it\/wp-json\/wp\/v2\/tags?post=150566"}],"curies":[{"name":"wp","href":"https:\/\/api.w.org\/{rel}","templated":true}]}}