{"id":14978,"date":"2021-05-04T14:51:46","date_gmt":"2021-05-04T12:51:46","guid":{"rendered":"https:\/\/exaudi.org\/?p=14978"},"modified":"2021-05-04T14:51:46","modified_gmt":"2021-05-04T12:51:46","slug":"tre-giganti-della-teologia-a-confronto","status":"publish","type":"post","link":"https:\/\/exaudi.org\/it\/tre-giganti-della-teologia-a-confronto\/","title":{"rendered":"Tre giganti della teologia a confronto"},"content":{"rendered":"<p>Un dialogo a tre voci \u201cper una rifondazione epistemologica\u201d della teologia. Si intitola\u00a0\u201cOggi e domani. Immaginare la teologia\u201d\u00a0l\u2019incontro in programma all\u2019Istituto Giovanni Paolo II\u00a0mercoled\u00ec 5 maggio alle 15\u00a0che vedr\u00e0 protagonisti tre giganti della teologia contemporanea come\u00a0Christoph Theobald,\u00a0Elmar Salmann\u00a0e\u00a0Pierangelo Sequeri.<\/p>\n<p>L\u2019incontro, organizzato dalla Cattedra\u00a0Gaudium et Spes, si svolger\u00e0 nell\u2019auditorium Carlo Cafarra e sar\u00e0 introdotto dal Gran Cancelliere\u00a0Vincenzo Paglia\u00a0e moderato da\u00a0Lucia Vantini\u00a0dell\u2019Universit\u00e0 di Verona.<\/p>\n<h4>I temi<\/h4>\n<p>Christoph Theobald del\u00a0Centro S\u00e8vres di Parigi parler\u00e0 sul tema\u00a0\u201cLa teologia e il magistero dal Concilio\u00a0Vaticano II a oggi: esperienze\u00a0di reciprocit\u00e0 e possibilit\u00e0 di futuro\u201d.\u00a0Elmar Salmann del Pontificio Ateneo Sant\u2019Anselmo di Roma tratter\u00e0 invece di\u00a0\u201cAccompagnare le metamorfosi dell\u2019immaginazione religiosa. Le vicende della Teologia negli ultimi sessant\u2019anni\u201d. Infine, Pierangelo Sequeri, preside del Pontificio Istituto Giovanni Paolo II, rifletter\u00e0 sull\u2019argomento\u00a0\u201cL\u2019immagine ecclesiale e l\u2019immagine pubblica del sapere della fede: bastioni da abbattere o ponti da costruire?\u201d.<\/p>\n<h4>Spiegare le ragioni della speranza<\/h4>\n<p>\u201cIl compito di \u201cimmaginare\u201d il sapere della fede \u2013 spiega don Giovanni Cesare Pagazzi, direttore della cattedra Gaudium et Spes \u2013\u00a0\u00e8 stato indicato a pi\u00f9 riprese dal magistero di papa Francesco. In\u00a0Veritatis Gaudium\u00a0egli ha richiamato non solo l\u2019originaria e imprescindibile spinta missionaria della teologia, ma ne ha pure evidenziato caratteristiche che aprono orizzonti, tempi, modalit\u00e0 e luoghi per onorare, con fedelt\u00e0 creativa, il dovere di spiegare le ragioni della speranza che freme nei battezzati. Anche la teologia deve contribuire, nel modo che le \u00e8 proprio, alla fraternit\u00e0 umana di cui quella cristiana \u00e8 sacramento\u201d.<\/p>\n<p>\u201cChristoph Theobald, Elmar Salmann e Pierangelo Sequeri sono tre figure emblematiche della teologia contemporanea\u201d aggiunge Pagazzi. \u201cLa solidit\u00e0, la sensibilit\u00e0 ecclesiale e culturale che distingue il loro lavoro promettono uno spazio dove leggere il presente e immaginare l\u2019avvenire teologico, nonostante tutto, con\u00a0la gioia del Vangelo\u201d.<\/p>\n<p>L\u2019incontro sar\u00e0 trasmesso in diretta su<a href=\"https:\/\/www.youtube.com\/channel\/UCkI4OUXU7_LBguDrPZQKsng\">\u00a0youtube<\/a>\u00a0e Facebook in<a href=\"https:\/\/www.youtube.com\/watch?v=Z1ErvpYl2VQ\">\u00a0italiano<\/a>,\u00a0<a href=\"https:\/\/www.youtube.com\/watch?v=WbuGRydnmyQ\">inglese<\/a>\u00a0e\u00a0<a href=\"https:\/\/www.youtube.com\/watch?v=zLHg6oJTrBk&amp;feature=emb_logo\">francese<\/a>\u00a0e aprir\u00e0 gli eventi organizzati dall\u2019Istituto per celebrare i\u00a0quarant\u2019anni dalla fondazione, avvenuta il 13 maggio 1981 per iniziativa di papa Giovanni Paolo II.<\/p>\n","protected":false},"excerpt":{"rendered":"<p>Il dialogo tra Theobald, Salmann e Sequeri apre le celebrazioni per i 40 anni del \u201cGiovanni Paolo II\u201d<\/p>\n","protected":false},"author":17,"featured_media":14986,"comment_status":"closed","ping_status":"closed","sticky":false,"template":"","format":"standard","meta":{"_acf_changed":false,"_crdt_document":"","inline_featured_image":false,"footnotes":""},"categories":[73,297],"tags":[1959,2114],"class_list":["post-14978","post","type-post","status-publish","format-standard","has-post-thumbnail","hentry","category-chiesa-e-mondo","category-ultime-notizie","tag-istituto-giovanni-paolo-ii","tag-teologia"],"acf":[],"yoast_head":"<!-- This site is optimized with the Yoast SEO plugin v27.4 - https:\/\/yoast.com\/product\/yoast-seo-wordpress\/ -->\n<title>Tre giganti della teologia a confronto &#8211; Exaudi<\/title>\n<meta name=\"description\" content=\"Tre giganti della teologia contemporanea dialogheranno nell&#039;evento che inaugura le celebrazioni per i 40 anni dell&#039;istituto Giovanni Paolo II\" \/>\n<meta name=\"robots\" content=\"index, follow, max-snippet:-1, max-image-preview:large, max-video-preview:-1\" \/>\n<link rel=\"canonical\" href=\"https:\/\/exaudi.org\/it\/tre-giganti-della-teologia-a-confronto\/\" \/>\n<meta property=\"og:locale\" content=\"it_IT\" \/>\n<meta property=\"og:type\" content=\"article\" \/>\n<meta property=\"og:title\" content=\"Tre giganti della teologia a confronto &#8211; Exaudi\" \/>\n<meta property=\"og:description\" content=\"Tre giganti della teologia contemporanea dialogheranno nell&#039;evento che inaugura le celebrazioni per i 40 anni dell&#039;istituto Giovanni Paolo II\" \/>\n<meta property=\"og:url\" content=\"https:\/\/exaudi.org\/it\/tre-giganti-della-teologia-a-confronto\/\" \/>\n<meta property=\"og:site_name\" content=\"Exaudi\" \/>\n<meta property=\"article:publisher\" content=\"https:\/\/www.facebook.com\/ExaudiNews\" \/>\n<meta property=\"article:author\" content=\"https:\/\/www.facebook.com\/ExaudiNotizie\/\" \/>\n<meta property=\"article:published_time\" content=\"2021-05-04T12:51:46+00:00\" \/>\n<meta property=\"og:image\" content=\"https:\/\/exaudi.org\/wp-content\/uploads\/2021\/05\/Sequeri-scaled.jpg\" \/>\n\t<meta property=\"og:image:width\" content=\"2560\" \/>\n\t<meta property=\"og:image:height\" content=\"1448\" \/>\n\t<meta property=\"og:image:type\" content=\"image\/jpeg\" \/>\n<meta name=\"author\" content=\"Exaudi Redazione\" \/>\n<meta name=\"twitter:card\" content=\"summary_large_image\" \/>\n<meta name=\"twitter:creator\" content=\"@Exaudi_Notizie\" \/>\n<meta name=\"twitter:site\" content=\"@Exaudi_News\" \/>\n<meta name=\"twitter:label1\" content=\"Scritto da\" \/>\n\t<meta name=\"twitter:data1\" content=\"Exaudi Redazione\" \/>\n\t<meta name=\"twitter:label2\" content=\"Tempo di lettura stimato\" \/>\n\t<meta name=\"twitter:data2\" content=\"2 minuti\" \/>\n<script type=\"application\/ld+json\" class=\"yoast-schema-graph\">{\"@context\":\"https:\\\/\\\/schema.org\",\"@graph\":[{\"@type\":\"Article\",\"@id\":\"https:\\\/\\\/exaudi.org\\\/it\\\/tre-giganti-della-teologia-a-confronto\\\/#article\",\"isPartOf\":{\"@id\":\"https:\\\/\\\/exaudi.org\\\/it\\\/tre-giganti-della-teologia-a-confronto\\\/\"},\"author\":{\"name\":\"Exaudi Redazione\",\"@id\":\"https:\\\/\\\/exaudi.org\\\/#\\\/schema\\\/person\\\/e1ab6ed07c01774724dd96f925f3a5f0\"},\"headline\":\"Tre giganti della teologia a confronto\",\"datePublished\":\"2021-05-04T12:51:46+00:00\",\"mainEntityOfPage\":{\"@id\":\"https:\\\/\\\/exaudi.org\\\/it\\\/tre-giganti-della-teologia-a-confronto\\\/\"},\"wordCount\":356,\"image\":{\"@id\":\"https:\\\/\\\/exaudi.org\\\/it\\\/tre-giganti-della-teologia-a-confronto\\\/#primaryimage\"},\"thumbnailUrl\":\"https:\\\/\\\/exaudi.org\\\/wp-content\\\/uploads\\\/2021\\\/05\\\/Sequeri-scaled.jpg\",\"keywords\":[\"Istituto Giovanni Paolo II\",\"Teologia\"],\"articleSection\":[\"Chiesa e Mondo\",\"Ultime Notizie\"],\"inLanguage\":\"it-IT\"},{\"@type\":\"WebPage\",\"@id\":\"https:\\\/\\\/exaudi.org\\\/it\\\/tre-giganti-della-teologia-a-confronto\\\/\",\"url\":\"https:\\\/\\\/exaudi.org\\\/it\\\/tre-giganti-della-teologia-a-confronto\\\/\",\"name\":\"Tre giganti della teologia a confronto &#8211; Exaudi\",\"isPartOf\":{\"@id\":\"https:\\\/\\\/exaudi.org\\\/#website\"},\"primaryImageOfPage\":{\"@id\":\"https:\\\/\\\/exaudi.org\\\/it\\\/tre-giganti-della-teologia-a-confronto\\\/#primaryimage\"},\"image\":{\"@id\":\"https:\\\/\\\/exaudi.org\\\/it\\\/tre-giganti-della-teologia-a-confronto\\\/#primaryimage\"},\"thumbnailUrl\":\"https:\\\/\\\/exaudi.org\\\/wp-content\\\/uploads\\\/2021\\\/05\\\/Sequeri-scaled.jpg\",\"datePublished\":\"2021-05-04T12:51:46+00:00\",\"author\":{\"@id\":\"https:\\\/\\\/exaudi.org\\\/#\\\/schema\\\/person\\\/e1ab6ed07c01774724dd96f925f3a5f0\"},\"description\":\"Tre giganti della teologia contemporanea dialogheranno nell'evento che inaugura le celebrazioni per i 40 anni dell'istituto Giovanni Paolo II\",\"breadcrumb\":{\"@id\":\"https:\\\/\\\/exaudi.org\\\/it\\\/tre-giganti-della-teologia-a-confronto\\\/#breadcrumb\"},\"inLanguage\":\"it-IT\",\"potentialAction\":[{\"@type\":\"ReadAction\",\"target\":[\"https:\\\/\\\/exaudi.org\\\/it\\\/tre-giganti-della-teologia-a-confronto\\\/\"]}]},{\"@type\":\"ImageObject\",\"inLanguage\":\"it-IT\",\"@id\":\"https:\\\/\\\/exaudi.org\\\/it\\\/tre-giganti-della-teologia-a-confronto\\\/#primaryimage\",\"url\":\"https:\\\/\\\/exaudi.org\\\/wp-content\\\/uploads\\\/2021\\\/05\\\/Sequeri-scaled.jpg\",\"contentUrl\":\"https:\\\/\\\/exaudi.org\\\/wp-content\\\/uploads\\\/2021\\\/05\\\/Sequeri-scaled.jpg\",\"width\":2560,\"height\":1448,\"caption\":\"Pierangelo Sequeri \u00a9 Istituto Giovanni Paolo II\"},{\"@type\":\"BreadcrumbList\",\"@id\":\"https:\\\/\\\/exaudi.org\\\/it\\\/tre-giganti-della-teologia-a-confronto\\\/#breadcrumb\",\"itemListElement\":[{\"@type\":\"ListItem\",\"position\":1,\"name\":\"Portada\",\"item\":\"https:\\\/\\\/exaudi.org\\\/it\\\/\"},{\"@type\":\"ListItem\",\"position\":2,\"name\":\"Tre giganti della teologia a confronto\"}]},{\"@type\":\"WebSite\",\"@id\":\"https:\\\/\\\/exaudi.org\\\/#website\",\"url\":\"https:\\\/\\\/exaudi.org\\\/\",\"name\":\"Exaudi\",\"description\":\"News\",\"potentialAction\":[{\"@type\":\"SearchAction\",\"target\":{\"@type\":\"EntryPoint\",\"urlTemplate\":\"https:\\\/\\\/exaudi.org\\\/?s={search_term_string}\"},\"query-input\":{\"@type\":\"PropertyValueSpecification\",\"valueRequired\":true,\"valueName\":\"search_term_string\"}}],\"inLanguage\":\"it-IT\"},{\"@type\":\"Person\",\"@id\":\"https:\\\/\\\/exaudi.org\\\/#\\\/schema\\\/person\\\/e1ab6ed07c01774724dd96f925f3a5f0\",\"name\":\"Exaudi Redazione\",\"image\":{\"@type\":\"ImageObject\",\"inLanguage\":\"it-IT\",\"@id\":\"https:\\\/\\\/secure.gravatar.com\\\/avatar\\\/ad6774b3ada023bf5b939d64f45c94b3adf91502dd883507d469b4308a943bb3?s=96&d=mm&r=g\",\"url\":\"https:\\\/\\\/secure.gravatar.com\\\/avatar\\\/ad6774b3ada023bf5b939d64f45c94b3adf91502dd883507d469b4308a943bb3?s=96&d=mm&r=g\",\"contentUrl\":\"https:\\\/\\\/secure.gravatar.com\\\/avatar\\\/ad6774b3ada023bf5b939d64f45c94b3adf91502dd883507d469b4308a943bb3?s=96&d=mm&r=g\",\"caption\":\"Exaudi Redazione\"},\"description\":\"Che cosa \u00e8 Exaudi News? Exaudi News \u00e8 un agenzia cattolica internazionale che informa, istruisce e trasforma quotidianamente in spagnolo, inglese e italiano. Attraverso notizie, articoli di analisi e trasmissioni in diretta degli eventi del Papa, Exaudi cerca di rafforzare l'unit\u00e0 dei cristiani e di contribuire all'evangelizzazione del mondo, sempre guidato dalla dottrina sociale della Chiesa. Lavoriamo per portare la verit\u00e0 e i valori cristiani in ogni angolo del pianeta. Aiutaci a trasformare il mondo con Exaudi! Noi di Exaudi crediamo che l'evangelizzazione e l'informazione di qualit\u00e0 possano cambiare la vita. Per continuare la nostra missione ed espandere la nostra portata, abbiamo bisogno del tuo aiuto. Stiamo anche cercando persone motivate che vogliano unirsi al nostro team. Grazie al vostro sostegno raggiungeremo pi\u00f9 persone, diffonderemo il messaggio di Cristo e rafforzeremo l'unit\u00e0 dei cristiani. Vuoi unirti alla nostra missione? Per maggiori informazioni su come contribuire, visita Exaudi.org\\\/it o contattaci direttamente: info@exaudi.org Exaudi: informa, forma e trasforma.\",\"sameAs\":[\"https:\\\/\\\/www.facebook.com\\\/ExaudiNotizie\\\/\",\"https:\\\/\\\/www.instagram.com\\\/Exaudi_notizie\\\/\",\"https:\\\/\\\/x.com\\\/Exaudi_Notizie\",\"https:\\\/\\\/www.youtube.com\\\/@exaudicatholicnews\"],\"url\":\"https:\\\/\\\/exaudi.org\\\/it\\\/author\\\/dlvedi-org\\\/\"}]}<\/script>\n<!-- \/ Yoast SEO plugin. -->","yoast_head_json":{"title":"Tre giganti della teologia a confronto &#8211; Exaudi","description":"Tre giganti della teologia contemporanea dialogheranno nell'evento che inaugura le celebrazioni per i 40 anni dell'istituto Giovanni Paolo II","robots":{"index":"index","follow":"follow","max-snippet":"max-snippet:-1","max-image-preview":"max-image-preview:large","max-video-preview":"max-video-preview:-1"},"canonical":"https:\/\/exaudi.org\/it\/tre-giganti-della-teologia-a-confronto\/","og_locale":"it_IT","og_type":"article","og_title":"Tre giganti della teologia a confronto &#8211; Exaudi","og_description":"Tre giganti della teologia contemporanea dialogheranno nell'evento che inaugura le celebrazioni per i 40 anni dell'istituto Giovanni Paolo II","og_url":"https:\/\/exaudi.org\/it\/tre-giganti-della-teologia-a-confronto\/","og_site_name":"Exaudi","article_publisher":"https:\/\/www.facebook.com\/ExaudiNews","article_author":"https:\/\/www.facebook.com\/ExaudiNotizie\/","article_published_time":"2021-05-04T12:51:46+00:00","og_image":[{"width":2560,"height":1448,"url":"https:\/\/exaudi.org\/wp-content\/uploads\/2021\/05\/Sequeri-scaled.jpg","type":"image\/jpeg"}],"author":"Exaudi Redazione","twitter_card":"summary_large_image","twitter_creator":"@Exaudi_Notizie","twitter_site":"@Exaudi_News","twitter_misc":{"Scritto da":"Exaudi Redazione","Tempo di lettura stimato":"2 minuti"},"schema":{"@context":"https:\/\/schema.org","@graph":[{"@type":"Article","@id":"https:\/\/exaudi.org\/it\/tre-giganti-della-teologia-a-confronto\/#article","isPartOf":{"@id":"https:\/\/exaudi.org\/it\/tre-giganti-della-teologia-a-confronto\/"},"author":{"name":"Exaudi Redazione","@id":"https:\/\/exaudi.org\/#\/schema\/person\/e1ab6ed07c01774724dd96f925f3a5f0"},"headline":"Tre giganti della teologia a confronto","datePublished":"2021-05-04T12:51:46+00:00","mainEntityOfPage":{"@id":"https:\/\/exaudi.org\/it\/tre-giganti-della-teologia-a-confronto\/"},"wordCount":356,"image":{"@id":"https:\/\/exaudi.org\/it\/tre-giganti-della-teologia-a-confronto\/#primaryimage"},"thumbnailUrl":"https:\/\/exaudi.org\/wp-content\/uploads\/2021\/05\/Sequeri-scaled.jpg","keywords":["Istituto Giovanni Paolo II","Teologia"],"articleSection":["Chiesa e Mondo","Ultime Notizie"],"inLanguage":"it-IT"},{"@type":"WebPage","@id":"https:\/\/exaudi.org\/it\/tre-giganti-della-teologia-a-confronto\/","url":"https:\/\/exaudi.org\/it\/tre-giganti-della-teologia-a-confronto\/","name":"Tre giganti della teologia a confronto &#8211; Exaudi","isPartOf":{"@id":"https:\/\/exaudi.org\/#website"},"primaryImageOfPage":{"@id":"https:\/\/exaudi.org\/it\/tre-giganti-della-teologia-a-confronto\/#primaryimage"},"image":{"@id":"https:\/\/exaudi.org\/it\/tre-giganti-della-teologia-a-confronto\/#primaryimage"},"thumbnailUrl":"https:\/\/exaudi.org\/wp-content\/uploads\/2021\/05\/Sequeri-scaled.jpg","datePublished":"2021-05-04T12:51:46+00:00","author":{"@id":"https:\/\/exaudi.org\/#\/schema\/person\/e1ab6ed07c01774724dd96f925f3a5f0"},"description":"Tre giganti della teologia contemporanea dialogheranno nell'evento che inaugura le celebrazioni per i 40 anni dell'istituto Giovanni Paolo II","breadcrumb":{"@id":"https:\/\/exaudi.org\/it\/tre-giganti-della-teologia-a-confronto\/#breadcrumb"},"inLanguage":"it-IT","potentialAction":[{"@type":"ReadAction","target":["https:\/\/exaudi.org\/it\/tre-giganti-della-teologia-a-confronto\/"]}]},{"@type":"ImageObject","inLanguage":"it-IT","@id":"https:\/\/exaudi.org\/it\/tre-giganti-della-teologia-a-confronto\/#primaryimage","url":"https:\/\/exaudi.org\/wp-content\/uploads\/2021\/05\/Sequeri-scaled.jpg","contentUrl":"https:\/\/exaudi.org\/wp-content\/uploads\/2021\/05\/Sequeri-scaled.jpg","width":2560,"height":1448,"caption":"Pierangelo Sequeri \u00a9 Istituto Giovanni Paolo II"},{"@type":"BreadcrumbList","@id":"https:\/\/exaudi.org\/it\/tre-giganti-della-teologia-a-confronto\/#breadcrumb","itemListElement":[{"@type":"ListItem","position":1,"name":"Portada","item":"https:\/\/exaudi.org\/it\/"},{"@type":"ListItem","position":2,"name":"Tre giganti della teologia a confronto"}]},{"@type":"WebSite","@id":"https:\/\/exaudi.org\/#website","url":"https:\/\/exaudi.org\/","name":"Exaudi","description":"News","potentialAction":[{"@type":"SearchAction","target":{"@type":"EntryPoint","urlTemplate":"https:\/\/exaudi.org\/?s={search_term_string}"},"query-input":{"@type":"PropertyValueSpecification","valueRequired":true,"valueName":"search_term_string"}}],"inLanguage":"it-IT"},{"@type":"Person","@id":"https:\/\/exaudi.org\/#\/schema\/person\/e1ab6ed07c01774724dd96f925f3a5f0","name":"Exaudi Redazione","image":{"@type":"ImageObject","inLanguage":"it-IT","@id":"https:\/\/secure.gravatar.com\/avatar\/ad6774b3ada023bf5b939d64f45c94b3adf91502dd883507d469b4308a943bb3?s=96&d=mm&r=g","url":"https:\/\/secure.gravatar.com\/avatar\/ad6774b3ada023bf5b939d64f45c94b3adf91502dd883507d469b4308a943bb3?s=96&d=mm&r=g","contentUrl":"https:\/\/secure.gravatar.com\/avatar\/ad6774b3ada023bf5b939d64f45c94b3adf91502dd883507d469b4308a943bb3?s=96&d=mm&r=g","caption":"Exaudi Redazione"},"description":"Che cosa \u00e8 Exaudi News? Exaudi News \u00e8 un agenzia cattolica internazionale che informa, istruisce e trasforma quotidianamente in spagnolo, inglese e italiano. Attraverso notizie, articoli di analisi e trasmissioni in diretta degli eventi del Papa, Exaudi cerca di rafforzare l'unit\u00e0 dei cristiani e di contribuire all'evangelizzazione del mondo, sempre guidato dalla dottrina sociale della Chiesa. Lavoriamo per portare la verit\u00e0 e i valori cristiani in ogni angolo del pianeta. Aiutaci a trasformare il mondo con Exaudi! Noi di Exaudi crediamo che l'evangelizzazione e l'informazione di qualit\u00e0 possano cambiare la vita. Per continuare la nostra missione ed espandere la nostra portata, abbiamo bisogno del tuo aiuto. Stiamo anche cercando persone motivate che vogliano unirsi al nostro team. Grazie al vostro sostegno raggiungeremo pi\u00f9 persone, diffonderemo il messaggio di Cristo e rafforzeremo l'unit\u00e0 dei cristiani. Vuoi unirti alla nostra missione? Per maggiori informazioni su come contribuire, visita Exaudi.org\/it o contattaci direttamente: info@exaudi.org Exaudi: informa, forma e trasforma.","sameAs":["https:\/\/www.facebook.com\/ExaudiNotizie\/","https:\/\/www.instagram.com\/Exaudi_notizie\/","https:\/\/x.com\/Exaudi_Notizie","https:\/\/www.youtube.com\/@exaudicatholicnews"],"url":"https:\/\/exaudi.org\/it\/author\/dlvedi-org\/"}]}},"jetpack_featured_media_url":"https:\/\/exaudi.org\/wp-content\/uploads\/2021\/05\/Sequeri-scaled.jpg","jetpack_shortlink":"https:\/\/wp.me\/pgKjF2-3TA","_links":{"self":[{"href":"https:\/\/exaudi.org\/it\/wp-json\/wp\/v2\/posts\/14978","targetHints":{"allow":["GET"]}}],"collection":[{"href":"https:\/\/exaudi.org\/it\/wp-json\/wp\/v2\/posts"}],"about":[{"href":"https:\/\/exaudi.org\/it\/wp-json\/wp\/v2\/types\/post"}],"author":[{"embeddable":true,"href":"https:\/\/exaudi.org\/it\/wp-json\/wp\/v2\/users\/17"}],"replies":[{"embeddable":true,"href":"https:\/\/exaudi.org\/it\/wp-json\/wp\/v2\/comments?post=14978"}],"version-history":[{"count":0,"href":"https:\/\/exaudi.org\/it\/wp-json\/wp\/v2\/posts\/14978\/revisions"}],"wp:featuredmedia":[{"embeddable":true,"href":"https:\/\/exaudi.org\/it\/wp-json\/wp\/v2\/media\/14986"}],"wp:attachment":[{"href":"https:\/\/exaudi.org\/it\/wp-json\/wp\/v2\/media?parent=14978"}],"wp:term":[{"taxonomy":"category","embeddable":true,"href":"https:\/\/exaudi.org\/it\/wp-json\/wp\/v2\/categories?post=14978"},{"taxonomy":"post_tag","embeddable":true,"href":"https:\/\/exaudi.org\/it\/wp-json\/wp\/v2\/tags?post=14978"}],"curies":[{"name":"wp","href":"https:\/\/api.w.org\/{rel}","templated":true}]}}