{"id":149364,"date":"2025-12-07T16:59:20","date_gmt":"2025-12-07T15:59:20","guid":{"rendered":"https:\/\/exaudi.org\/?p=149364"},"modified":"2025-12-07T16:59:20","modified_gmt":"2025-12-07T15:59:20","slug":"il-papa-ognuno-di-noi-puo-essere-una-piccola-luce-se-accogliamo-gesu","status":"publish","type":"post","link":"https:\/\/exaudi.org\/it\/il-papa-ognuno-di-noi-puo-essere-una-piccola-luce-se-accogliamo-gesu\/","title":{"rendered":"Il Papa: Ognuno di noi pu\u00f2 essere una piccola luce, se accogliamo Ges\u00f9"},"content":{"rendered":"<p>A mezzogiorno di oggi, Seconda Domenica di Avvento, Papa Leone XIV si \u00e8 affacciato alla finestra del suo studio nel Palazzo Apostolico Vaticano per recitare l&#8217;Angelus con i fedeli e i pellegrini riuniti in Piazza San Pietro.<\/p>\n<p>Il Santo Padre ha ricordato loro che, di fronte all&#8217;imminenza del Regno di Dio, i fedeli sono chiamati a un&#8217;autentica conversione e a prepararsi a una novit\u00e0 divina che irrompe non con potenza, ma con dolcezza e misericordia. &#8220;Ognuno di noi pu\u00f2 essere una piccola luce se accoglie Ges\u00f9. Impariamo a farlo come Maria, nostra Madre, donna che attende con fiducia e speranza&#8221;, ha detto il Papa.<\/p>\n<p>Di seguito le parole del Papa che introducono la preghiera mariana:<\/p>\n<p>***<\/p>\n<div class=\"abstract text parbase vaticanrichtext\">\n<p>PAPA LEONE XIV<\/p>\n<p><i><b><span class=\"title-1-color\">ANGELUS<\/span><\/b><\/i><\/p>\n<p><i><span class=\"color-text\">Piazza San Pietro<br \/>\nII Domenica di Avvento, 7 dicembre 2025<\/span><\/i><\/p>\n<p>&nbsp;<\/p>\n<p>________________________________________<\/p>\n<div class=\"clearfix\"><\/div>\n<\/div>\n<div class=\"text parbase vaticanrichtext\">\n<p><i>Cari fratelli e sorelle, buona domenica!<\/i><\/p>\n<p>Il Vangelo di questa seconda domenica di Avvento ci annuncia la venuta del Regno di Dio (cfr\u00a0<i>Mt<\/i>\u00a03,1-12). Prima di Ges\u00f9, compare sulla scena il suo Precursore, Giovanni il Battista. Egli predicava nel deserto della Giudea dicendo: \u00abConvertitevi, perch\u00e9 il regno dei cieli \u00e8 vicino!\u00bb (<i>Mt<\/i>\u00a03,1).<\/p>\n<p>Nella preghiera del \u201cPadre nostro\u201d, noi chiediamo ogni giorno: \u00abVenga il tuo regno\u00bb. Ges\u00f9 stesso ce l\u2019ha insegnato. E con questa invocazione ci orientiamo al Nuovo che Dio ha in serbo per noi, riconosciamo che il corso della storia non \u00e8 gi\u00e0 scritto dai potenti di questo mondo. Mettiamo pensieri ed energie a servizio di un Dio che viene a regnare non per dominarci, ma per liberarci. \u00c8 un \u201cvangelo\u201d: una vera buona notizia, che ci motiva e ci coinvolge.<\/p>\n<p>Certo, il tono del Battista \u00e8 severo, ma il popolo lo ascolta perch\u00e9 nelle sue parole sente risuonare l\u2019appello di Dio a non scherzare con la vita, ad approfittare del momento presente per prepararsi all\u2019incontro con Colui che giudica in base alle opere e alle intenzioni del cuore, e non secondo le apparenze.<\/p>\n<p>Lo stesso Giovanni sar\u00e0 sorpreso dal modo in cui il Regno di Dio si manifester\u00e0 in Ges\u00f9 Cristo, nella mitezza e nella misericordia. Il profeta Isaia lo paragona a un germoglio: un\u2019immagine non di potenza o di distruzione, ma di nascita e di novit\u00e0. Sul germoglio che spunta da un tronco apparentemente morto, inizia a soffiare lo Spirito Santo con i suoi doni (cfr\u00a0<i>Is<\/i>\u00a011,1-10). Ognuno di noi pu\u00f2 pensare a una sorpresa simile che gli \u00e8 capitata nella vita.<\/p>\n<p>\u00c8 l\u2019esperienza che la Chiesa ha vissuto con il\u00a0<a href=\"https:\/\/www.vatican.va\/archive\/hist_councils\/ii_vatican_council\/index_it.htm\">Concilio Vaticano II<\/a>, che si concludeva proprio sessant\u2019anni fa: un\u2019esperienza che si rinnova quando camminiamo insieme verso il Regno di Dio, tutti protesi ad accoglierlo e a servirlo. Allora non soltanto germogliano realt\u00e0 che parevano deboli o marginali, ma si realizza ci\u00f2 che umanamente si sarebbe detto impossibile. Con le immagini del profeta: \u00abIl lupo dimorer\u00e0 insieme con l\u2019agnello; il leopardo si sdraier\u00e0 accanto al capretto; il vitello e il leoncello pascoleranno insieme e un piccolo fanciullo li guider\u00e0\u00bb (<i>Is<\/i>\u00a011,6).<\/p>\n<p>Sorelle e fratelli, come ha bisogno il mondo di questa speranza! Nulla \u00e8 impossibile a Dio. Prepariamoci al suo Regno, facciamogli spazio. Il \u201cpi\u00f9 piccolo\u201d, Ges\u00f9 di Nazaret, ci guider\u00e0! Lui che si \u00e8 messo nelle nostre mani, dalla notte della sua nascita all\u2019ora oscura della morte in croce, risplende sulla nostra storia come Sole che sorge. Un giorno nuovo \u00e8 iniziato: svegliamoci e camminiamo nella sua luce!<\/p>\n<p>Ecco la spiritualit\u00e0 dell\u2019Avvento, tanto luminosa e concreta. Le luminarie lungo le strade ci ricordino che ognuno di noi pu\u00f2 essere una piccola luce, se accoglie Ges\u00f9, germoglio di un mondo nuovo. Impariamo a farlo da Maria, nostra Madre, donna dell\u2019attesa fiduciosa e della speranza.<\/p>\n<p>_______________<\/p>\n<p><b>Dopo l&#8217;Angelus<\/b><\/p>\n<p><i>Cari fratelli e sorelle!<\/i><\/p>\n<p>Da pochi giorni sono rientrato dal mio\u00a0<a href=\"https:\/\/www.vatican.va\/content\/leo-xiv\/it\/travels\/2025\/documents\/turchia-libano-2025.html\">primo viaggio apostolico, in T\u00fcrkiye e in Libano<\/a>. Con l\u2019amato fratello Bartolomeo, Patriarca Ecumenico di Costantinopoli, e i Rappresentanti di altre confessioni cristiane, ci siamo incontrati per\u00a0<a href=\"https:\/\/www.vatican.va\/content\/leo-xiv\/it\/events\/event.dir.html\/content\/vaticanevents\/it\/2025\/11\/28\/turchia-incontro-ecumenico.html\">pregare insieme a \u0130znik<\/a>, l\u2019antica Nicea, dove 1700 anni fa si tenne il primo Concilio ecumenico. Proprio oggi ricorre il 60\u00b0 anniversario della\u00a0<a href=\"https:\/\/www.christianunity.va\/content\/unitacristiani\/it\/dialoghi\/sezione-orientale\/chiese-ortodosse-di-tradizione-bizantina\/relazioni-bilaterali\/patriarcato-ecumenico\/dichiarazioni-comuni\/1965-dichiarazione-comune-di-papa-paolo-vi-e-del-patriarca-ecume.html\">Dichiarazione comune tra Paolo VI e il Patriarca Atenagora<\/a>, che poneva fine alle reciproche scomuniche. Rendiamo grazie a Dio e rinnoviamo l\u2019impegno nel cammino verso la piena unit\u00e0 visibile di tutti i cristiani. In T\u00fcrkiye ho avuto la gioia di incontrare la comunit\u00e0 cattolica: attraverso il dialogo paziente e il servizio a chi soffre, essa testimonia il Vangelo dell\u2019amore e la logica di Dio che si manifesta nella piccolezza.<\/p>\n<p>Il Libano continua a essere un mosaico di convivenza e mi ha confortato ascoltare tante testimonianze in questo senso. Ho incontrato persone che annunciano il Vangelo accogliendo gli sfollati, visitando i carcerati, condividendo il pane con chi si trova nel bisogno. Sono stato confortato dal vedere tanta gente per strada a salutarmi e mi ha commosso\u00a0<a href=\"https:\/\/www.youtube.com\/watch?v=50pUJO1Ab5U\">l\u2019incontro con i parenti delle vittime<\/a>\u00a0dell\u2019esplosione nel porto di Beirut. I libanesi attendevano una parola e una presenza di consolazione, ma sono stati loro a confortare me con la loro fede e il loro entusiasmo! Ringrazio tutti coloro che mi hanno accompagnato con la preghiera. Cari fratelli e sorelle, quanto \u00e8 avvenuto nei giorni scorsi\u00a0<a href=\"https:\/\/www.vatican.va\/content\/leo-xiv\/it\/travels\/2025\/documents\/turchia-libano-2025.html\">in T\u00fcrkiye e Libano<\/a>\u00a0ci insegna che la pace \u00e8 possibile e che i cristiani in dialogo con gli uomini e le donne di altre fedi e culture possono contribuire a costruirla. Non lo dimentichiamo: la pace \u00e8 possibile!<\/p>\n<p>Sono vicino ai popoli del Sud e del Sud-Est asiatico, duramente provati dai recenti disastri naturali. Prego per le vittime, per le famiglie che piangono i loro cari e per quanti portano soccorso. Esorto la comunit\u00e0 internazionale e tutte le persone di buona volont\u00e0 a sostenere con gesti di solidariet\u00e0 i fratelli e le sorelle di quelle regioni.<\/p>\n<p>Saluto con affetto tutti voi, romani e pellegrini. Saluto tutti quelli che sono venuti da altre parti del mondo, in particolare i fedeli peruviani di Pisco, Cusco e Lima; i polacchi, ricordando anche la\u00a0<i>Giornata di preghiera e aiuto materiale alla Chiesa dell\u2019Est<\/i>; e anche il gruppo di studenti portoghesi.<\/p>\n<p>Saluto poi i gruppi parrocchiali di Lentiai, Manerbio, Santa Cesarea Terme, Cerfignano, Roverchiara e Roverchiaretta; i ragazzi di Marostica e Pianezze, i cresimandi di Cavaion Veronese, i giovani dell\u2019Oratorio di Mezzocorona, il gruppo di ministranti di Bologna e i soci della Mutua Madonna del Granato.<\/p>\n<p>Auguro a tutti una buona domenica e un buon cammino di Avvento.<\/p>\n<\/div>\n","protected":false},"excerpt":{"rendered":"<p>Parole del Papa all&#8217;Angelus<\/p>\n","protected":false},"author":17,"featured_media":149348,"comment_status":"closed","ping_status":"closed","sticky":false,"template":"","format":"standard","meta":{"_acf_changed":false,"_crdt_document":"","inline_featured_image":false,"footnotes":""},"categories":[69,67],"tags":[250,64851,84708],"class_list":["post-149364","post","type-post","status-publish","format-standard","has-post-thumbnail","hentry","category-angelus-it","category-leone-xiv","tag-angelus-it","tag-featured-it-2","tag-seconda-domenica-di-avvento"],"acf":[],"yoast_head":"<!-- This site is optimized with the Yoast SEO plugin v27.4 - https:\/\/yoast.com\/product\/yoast-seo-wordpress\/ -->\n<title>Il Papa: Ognuno di noi pu\u00f2 essere una piccola luce, se accogliamo Ges\u00f9 &#8211; Exaudi<\/title>\n<meta name=\"robots\" content=\"index, follow, max-snippet:-1, max-image-preview:large, max-video-preview:-1\" \/>\n<link rel=\"canonical\" href=\"https:\/\/exaudi.org\/it\/il-papa-ognuno-di-noi-puo-essere-una-piccola-luce-se-accogliamo-gesu\/\" \/>\n<meta property=\"og:locale\" content=\"it_IT\" \/>\n<meta property=\"og:type\" content=\"article\" \/>\n<meta property=\"og:title\" content=\"Il Papa: Ognuno di noi pu\u00f2 essere una piccola luce, se accogliamo Ges\u00f9 &#8211; Exaudi\" \/>\n<meta property=\"og:description\" content=\"Parole del Papa all&#039;Angelus\" \/>\n<meta property=\"og:url\" content=\"https:\/\/exaudi.org\/it\/il-papa-ognuno-di-noi-puo-essere-una-piccola-luce-se-accogliamo-gesu\/\" \/>\n<meta property=\"og:site_name\" content=\"Exaudi\" \/>\n<meta property=\"article:publisher\" content=\"https:\/\/www.facebook.com\/ExaudiNews\" \/>\n<meta property=\"article:author\" content=\"https:\/\/www.facebook.com\/ExaudiNotizie\/\" \/>\n<meta property=\"article:published_time\" content=\"2025-12-07T15:59:20+00:00\" \/>\n<meta property=\"og:image\" content=\"https:\/\/exaudi.org\/wp-content\/uploads\/2025\/12\/FB_IMG_1765120504000.jpg\" \/>\n\t<meta property=\"og:image:width\" content=\"1080\" \/>\n\t<meta property=\"og:image:height\" content=\"720\" \/>\n\t<meta property=\"og:image:type\" content=\"image\/jpeg\" \/>\n<meta name=\"author\" content=\"Exaudi Redazione\" \/>\n<meta name=\"twitter:card\" content=\"summary_large_image\" \/>\n<meta name=\"twitter:creator\" content=\"@Exaudi_Notizie\" \/>\n<meta name=\"twitter:site\" content=\"@Exaudi_News\" \/>\n<meta name=\"twitter:label1\" content=\"Scritto da\" \/>\n\t<meta name=\"twitter:data1\" content=\"Exaudi Redazione\" \/>\n\t<meta name=\"twitter:label2\" content=\"Tempo di lettura stimato\" \/>\n\t<meta name=\"twitter:data2\" content=\"5 minuti\" \/>\n<script type=\"application\/ld+json\" class=\"yoast-schema-graph\">{\"@context\":\"https:\\\/\\\/schema.org\",\"@graph\":[{\"@type\":\"Article\",\"@id\":\"https:\\\/\\\/exaudi.org\\\/it\\\/il-papa-ognuno-di-noi-puo-essere-una-piccola-luce-se-accogliamo-gesu\\\/#article\",\"isPartOf\":{\"@id\":\"https:\\\/\\\/exaudi.org\\\/it\\\/il-papa-ognuno-di-noi-puo-essere-una-piccola-luce-se-accogliamo-gesu\\\/\"},\"author\":{\"name\":\"Exaudi Redazione\",\"@id\":\"https:\\\/\\\/exaudi.org\\\/#\\\/schema\\\/person\\\/e1ab6ed07c01774724dd96f925f3a5f0\"},\"headline\":\"Il Papa: Ognuno di noi pu\u00f2 essere una piccola luce, se accogliamo Ges\u00f9\",\"datePublished\":\"2025-12-07T15:59:20+00:00\",\"mainEntityOfPage\":{\"@id\":\"https:\\\/\\\/exaudi.org\\\/it\\\/il-papa-ognuno-di-noi-puo-essere-una-piccola-luce-se-accogliamo-gesu\\\/\"},\"wordCount\":1069,\"image\":{\"@id\":\"https:\\\/\\\/exaudi.org\\\/it\\\/il-papa-ognuno-di-noi-puo-essere-una-piccola-luce-se-accogliamo-gesu\\\/#primaryimage\"},\"thumbnailUrl\":\"https:\\\/\\\/exaudi.org\\\/wp-content\\\/uploads\\\/2025\\\/12\\\/FB_IMG_1765120504000.jpg\",\"keywords\":[\"\u00e1ngelus\",\"Featured\",\"Seconda Domenica di Avvento\"],\"articleSection\":[\"Angelus\",\"Leone XIV\"],\"inLanguage\":\"it-IT\"},{\"@type\":\"WebPage\",\"@id\":\"https:\\\/\\\/exaudi.org\\\/it\\\/il-papa-ognuno-di-noi-puo-essere-una-piccola-luce-se-accogliamo-gesu\\\/\",\"url\":\"https:\\\/\\\/exaudi.org\\\/it\\\/il-papa-ognuno-di-noi-puo-essere-una-piccola-luce-se-accogliamo-gesu\\\/\",\"name\":\"Il Papa: Ognuno di noi pu\u00f2 essere una piccola luce, se accogliamo Ges\u00f9 &#8211; Exaudi\",\"isPartOf\":{\"@id\":\"https:\\\/\\\/exaudi.org\\\/#website\"},\"primaryImageOfPage\":{\"@id\":\"https:\\\/\\\/exaudi.org\\\/it\\\/il-papa-ognuno-di-noi-puo-essere-una-piccola-luce-se-accogliamo-gesu\\\/#primaryimage\"},\"image\":{\"@id\":\"https:\\\/\\\/exaudi.org\\\/it\\\/il-papa-ognuno-di-noi-puo-essere-una-piccola-luce-se-accogliamo-gesu\\\/#primaryimage\"},\"thumbnailUrl\":\"https:\\\/\\\/exaudi.org\\\/wp-content\\\/uploads\\\/2025\\\/12\\\/FB_IMG_1765120504000.jpg\",\"datePublished\":\"2025-12-07T15:59:20+00:00\",\"author\":{\"@id\":\"https:\\\/\\\/exaudi.org\\\/#\\\/schema\\\/person\\\/e1ab6ed07c01774724dd96f925f3a5f0\"},\"breadcrumb\":{\"@id\":\"https:\\\/\\\/exaudi.org\\\/it\\\/il-papa-ognuno-di-noi-puo-essere-una-piccola-luce-se-accogliamo-gesu\\\/#breadcrumb\"},\"inLanguage\":\"it-IT\",\"potentialAction\":[{\"@type\":\"ReadAction\",\"target\":[\"https:\\\/\\\/exaudi.org\\\/it\\\/il-papa-ognuno-di-noi-puo-essere-una-piccola-luce-se-accogliamo-gesu\\\/\"]}]},{\"@type\":\"ImageObject\",\"inLanguage\":\"it-IT\",\"@id\":\"https:\\\/\\\/exaudi.org\\\/it\\\/il-papa-ognuno-di-noi-puo-essere-una-piccola-luce-se-accogliamo-gesu\\\/#primaryimage\",\"url\":\"https:\\\/\\\/exaudi.org\\\/wp-content\\\/uploads\\\/2025\\\/12\\\/FB_IMG_1765120504000.jpg\",\"contentUrl\":\"https:\\\/\\\/exaudi.org\\\/wp-content\\\/uploads\\\/2025\\\/12\\\/FB_IMG_1765120504000.jpg\",\"width\":1080,\"height\":720},{\"@type\":\"BreadcrumbList\",\"@id\":\"https:\\\/\\\/exaudi.org\\\/it\\\/il-papa-ognuno-di-noi-puo-essere-una-piccola-luce-se-accogliamo-gesu\\\/#breadcrumb\",\"itemListElement\":[{\"@type\":\"ListItem\",\"position\":1,\"name\":\"Portada\",\"item\":\"https:\\\/\\\/exaudi.org\\\/it\\\/\"},{\"@type\":\"ListItem\",\"position\":2,\"name\":\"Il Papa: Ognuno di noi pu\u00f2 essere una piccola luce, se accogliamo Ges\u00f9\"}]},{\"@type\":\"WebSite\",\"@id\":\"https:\\\/\\\/exaudi.org\\\/#website\",\"url\":\"https:\\\/\\\/exaudi.org\\\/\",\"name\":\"Exaudi\",\"description\":\"News\",\"potentialAction\":[{\"@type\":\"SearchAction\",\"target\":{\"@type\":\"EntryPoint\",\"urlTemplate\":\"https:\\\/\\\/exaudi.org\\\/?s={search_term_string}\"},\"query-input\":{\"@type\":\"PropertyValueSpecification\",\"valueRequired\":true,\"valueName\":\"search_term_string\"}}],\"inLanguage\":\"it-IT\"},{\"@type\":\"Person\",\"@id\":\"https:\\\/\\\/exaudi.org\\\/#\\\/schema\\\/person\\\/e1ab6ed07c01774724dd96f925f3a5f0\",\"name\":\"Exaudi Redazione\",\"image\":{\"@type\":\"ImageObject\",\"inLanguage\":\"it-IT\",\"@id\":\"https:\\\/\\\/secure.gravatar.com\\\/avatar\\\/ad6774b3ada023bf5b939d64f45c94b3adf91502dd883507d469b4308a943bb3?s=96&d=mm&r=g\",\"url\":\"https:\\\/\\\/secure.gravatar.com\\\/avatar\\\/ad6774b3ada023bf5b939d64f45c94b3adf91502dd883507d469b4308a943bb3?s=96&d=mm&r=g\",\"contentUrl\":\"https:\\\/\\\/secure.gravatar.com\\\/avatar\\\/ad6774b3ada023bf5b939d64f45c94b3adf91502dd883507d469b4308a943bb3?s=96&d=mm&r=g\",\"caption\":\"Exaudi Redazione\"},\"description\":\"Che cosa \u00e8 Exaudi News? Exaudi News \u00e8 un agenzia cattolica internazionale che informa, istruisce e trasforma quotidianamente in spagnolo, inglese e italiano. Attraverso notizie, articoli di analisi e trasmissioni in diretta degli eventi del Papa, Exaudi cerca di rafforzare l'unit\u00e0 dei cristiani e di contribuire all'evangelizzazione del mondo, sempre guidato dalla dottrina sociale della Chiesa. Lavoriamo per portare la verit\u00e0 e i valori cristiani in ogni angolo del pianeta. Aiutaci a trasformare il mondo con Exaudi! Noi di Exaudi crediamo che l'evangelizzazione e l'informazione di qualit\u00e0 possano cambiare la vita. Per continuare la nostra missione ed espandere la nostra portata, abbiamo bisogno del tuo aiuto. Stiamo anche cercando persone motivate che vogliano unirsi al nostro team. Grazie al vostro sostegno raggiungeremo pi\u00f9 persone, diffonderemo il messaggio di Cristo e rafforzeremo l'unit\u00e0 dei cristiani. Vuoi unirti alla nostra missione? Per maggiori informazioni su come contribuire, visita Exaudi.org\\\/it o contattaci direttamente: info@exaudi.org Exaudi: informa, forma e trasforma.\",\"sameAs\":[\"https:\\\/\\\/www.facebook.com\\\/ExaudiNotizie\\\/\",\"https:\\\/\\\/www.instagram.com\\\/Exaudi_notizie\\\/\",\"https:\\\/\\\/x.com\\\/Exaudi_Notizie\",\"https:\\\/\\\/www.youtube.com\\\/@exaudicatholicnews\"],\"url\":\"https:\\\/\\\/exaudi.org\\\/it\\\/author\\\/dlvedi-org\\\/\"}]}<\/script>\n<!-- \/ Yoast SEO plugin. -->","yoast_head_json":{"title":"Il Papa: Ognuno di noi pu\u00f2 essere una piccola luce, se accogliamo Ges\u00f9 &#8211; Exaudi","robots":{"index":"index","follow":"follow","max-snippet":"max-snippet:-1","max-image-preview":"max-image-preview:large","max-video-preview":"max-video-preview:-1"},"canonical":"https:\/\/exaudi.org\/it\/il-papa-ognuno-di-noi-puo-essere-una-piccola-luce-se-accogliamo-gesu\/","og_locale":"it_IT","og_type":"article","og_title":"Il Papa: Ognuno di noi pu\u00f2 essere una piccola luce, se accogliamo Ges\u00f9 &#8211; Exaudi","og_description":"Parole del Papa all'Angelus","og_url":"https:\/\/exaudi.org\/it\/il-papa-ognuno-di-noi-puo-essere-una-piccola-luce-se-accogliamo-gesu\/","og_site_name":"Exaudi","article_publisher":"https:\/\/www.facebook.com\/ExaudiNews","article_author":"https:\/\/www.facebook.com\/ExaudiNotizie\/","article_published_time":"2025-12-07T15:59:20+00:00","og_image":[{"width":1080,"height":720,"url":"https:\/\/exaudi.org\/wp-content\/uploads\/2025\/12\/FB_IMG_1765120504000.jpg","type":"image\/jpeg"}],"author":"Exaudi Redazione","twitter_card":"summary_large_image","twitter_creator":"@Exaudi_Notizie","twitter_site":"@Exaudi_News","twitter_misc":{"Scritto da":"Exaudi Redazione","Tempo di lettura stimato":"5 minuti"},"schema":{"@context":"https:\/\/schema.org","@graph":[{"@type":"Article","@id":"https:\/\/exaudi.org\/it\/il-papa-ognuno-di-noi-puo-essere-una-piccola-luce-se-accogliamo-gesu\/#article","isPartOf":{"@id":"https:\/\/exaudi.org\/it\/il-papa-ognuno-di-noi-puo-essere-una-piccola-luce-se-accogliamo-gesu\/"},"author":{"name":"Exaudi Redazione","@id":"https:\/\/exaudi.org\/#\/schema\/person\/e1ab6ed07c01774724dd96f925f3a5f0"},"headline":"Il Papa: Ognuno di noi pu\u00f2 essere una piccola luce, se accogliamo Ges\u00f9","datePublished":"2025-12-07T15:59:20+00:00","mainEntityOfPage":{"@id":"https:\/\/exaudi.org\/it\/il-papa-ognuno-di-noi-puo-essere-una-piccola-luce-se-accogliamo-gesu\/"},"wordCount":1069,"image":{"@id":"https:\/\/exaudi.org\/it\/il-papa-ognuno-di-noi-puo-essere-una-piccola-luce-se-accogliamo-gesu\/#primaryimage"},"thumbnailUrl":"https:\/\/exaudi.org\/wp-content\/uploads\/2025\/12\/FB_IMG_1765120504000.jpg","keywords":["\u00e1ngelus","Featured","Seconda Domenica di Avvento"],"articleSection":["Angelus","Leone XIV"],"inLanguage":"it-IT"},{"@type":"WebPage","@id":"https:\/\/exaudi.org\/it\/il-papa-ognuno-di-noi-puo-essere-una-piccola-luce-se-accogliamo-gesu\/","url":"https:\/\/exaudi.org\/it\/il-papa-ognuno-di-noi-puo-essere-una-piccola-luce-se-accogliamo-gesu\/","name":"Il Papa: Ognuno di noi pu\u00f2 essere una piccola luce, se accogliamo Ges\u00f9 &#8211; Exaudi","isPartOf":{"@id":"https:\/\/exaudi.org\/#website"},"primaryImageOfPage":{"@id":"https:\/\/exaudi.org\/it\/il-papa-ognuno-di-noi-puo-essere-una-piccola-luce-se-accogliamo-gesu\/#primaryimage"},"image":{"@id":"https:\/\/exaudi.org\/it\/il-papa-ognuno-di-noi-puo-essere-una-piccola-luce-se-accogliamo-gesu\/#primaryimage"},"thumbnailUrl":"https:\/\/exaudi.org\/wp-content\/uploads\/2025\/12\/FB_IMG_1765120504000.jpg","datePublished":"2025-12-07T15:59:20+00:00","author":{"@id":"https:\/\/exaudi.org\/#\/schema\/person\/e1ab6ed07c01774724dd96f925f3a5f0"},"breadcrumb":{"@id":"https:\/\/exaudi.org\/it\/il-papa-ognuno-di-noi-puo-essere-una-piccola-luce-se-accogliamo-gesu\/#breadcrumb"},"inLanguage":"it-IT","potentialAction":[{"@type":"ReadAction","target":["https:\/\/exaudi.org\/it\/il-papa-ognuno-di-noi-puo-essere-una-piccola-luce-se-accogliamo-gesu\/"]}]},{"@type":"ImageObject","inLanguage":"it-IT","@id":"https:\/\/exaudi.org\/it\/il-papa-ognuno-di-noi-puo-essere-una-piccola-luce-se-accogliamo-gesu\/#primaryimage","url":"https:\/\/exaudi.org\/wp-content\/uploads\/2025\/12\/FB_IMG_1765120504000.jpg","contentUrl":"https:\/\/exaudi.org\/wp-content\/uploads\/2025\/12\/FB_IMG_1765120504000.jpg","width":1080,"height":720},{"@type":"BreadcrumbList","@id":"https:\/\/exaudi.org\/it\/il-papa-ognuno-di-noi-puo-essere-una-piccola-luce-se-accogliamo-gesu\/#breadcrumb","itemListElement":[{"@type":"ListItem","position":1,"name":"Portada","item":"https:\/\/exaudi.org\/it\/"},{"@type":"ListItem","position":2,"name":"Il Papa: Ognuno di noi pu\u00f2 essere una piccola luce, se accogliamo Ges\u00f9"}]},{"@type":"WebSite","@id":"https:\/\/exaudi.org\/#website","url":"https:\/\/exaudi.org\/","name":"Exaudi","description":"News","potentialAction":[{"@type":"SearchAction","target":{"@type":"EntryPoint","urlTemplate":"https:\/\/exaudi.org\/?s={search_term_string}"},"query-input":{"@type":"PropertyValueSpecification","valueRequired":true,"valueName":"search_term_string"}}],"inLanguage":"it-IT"},{"@type":"Person","@id":"https:\/\/exaudi.org\/#\/schema\/person\/e1ab6ed07c01774724dd96f925f3a5f0","name":"Exaudi Redazione","image":{"@type":"ImageObject","inLanguage":"it-IT","@id":"https:\/\/secure.gravatar.com\/avatar\/ad6774b3ada023bf5b939d64f45c94b3adf91502dd883507d469b4308a943bb3?s=96&d=mm&r=g","url":"https:\/\/secure.gravatar.com\/avatar\/ad6774b3ada023bf5b939d64f45c94b3adf91502dd883507d469b4308a943bb3?s=96&d=mm&r=g","contentUrl":"https:\/\/secure.gravatar.com\/avatar\/ad6774b3ada023bf5b939d64f45c94b3adf91502dd883507d469b4308a943bb3?s=96&d=mm&r=g","caption":"Exaudi Redazione"},"description":"Che cosa \u00e8 Exaudi News? Exaudi News \u00e8 un agenzia cattolica internazionale che informa, istruisce e trasforma quotidianamente in spagnolo, inglese e italiano. Attraverso notizie, articoli di analisi e trasmissioni in diretta degli eventi del Papa, Exaudi cerca di rafforzare l'unit\u00e0 dei cristiani e di contribuire all'evangelizzazione del mondo, sempre guidato dalla dottrina sociale della Chiesa. Lavoriamo per portare la verit\u00e0 e i valori cristiani in ogni angolo del pianeta. Aiutaci a trasformare il mondo con Exaudi! Noi di Exaudi crediamo che l'evangelizzazione e l'informazione di qualit\u00e0 possano cambiare la vita. Per continuare la nostra missione ed espandere la nostra portata, abbiamo bisogno del tuo aiuto. Stiamo anche cercando persone motivate che vogliano unirsi al nostro team. Grazie al vostro sostegno raggiungeremo pi\u00f9 persone, diffonderemo il messaggio di Cristo e rafforzeremo l'unit\u00e0 dei cristiani. Vuoi unirti alla nostra missione? Per maggiori informazioni su come contribuire, visita Exaudi.org\/it o contattaci direttamente: info@exaudi.org Exaudi: informa, forma e trasforma.","sameAs":["https:\/\/www.facebook.com\/ExaudiNotizie\/","https:\/\/www.instagram.com\/Exaudi_notizie\/","https:\/\/x.com\/Exaudi_Notizie","https:\/\/www.youtube.com\/@exaudicatholicnews"],"url":"https:\/\/exaudi.org\/it\/author\/dlvedi-org\/"}]}},"jetpack_featured_media_url":"https:\/\/exaudi.org\/wp-content\/uploads\/2025\/12\/FB_IMG_1765120504000.jpg","jetpack_shortlink":"https:\/\/wp.me\/pgKjF2-CR6","_links":{"self":[{"href":"https:\/\/exaudi.org\/it\/wp-json\/wp\/v2\/posts\/149364","targetHints":{"allow":["GET"]}}],"collection":[{"href":"https:\/\/exaudi.org\/it\/wp-json\/wp\/v2\/posts"}],"about":[{"href":"https:\/\/exaudi.org\/it\/wp-json\/wp\/v2\/types\/post"}],"author":[{"embeddable":true,"href":"https:\/\/exaudi.org\/it\/wp-json\/wp\/v2\/users\/17"}],"replies":[{"embeddable":true,"href":"https:\/\/exaudi.org\/it\/wp-json\/wp\/v2\/comments?post=149364"}],"version-history":[{"count":2,"href":"https:\/\/exaudi.org\/it\/wp-json\/wp\/v2\/posts\/149364\/revisions"}],"predecessor-version":[{"id":149366,"href":"https:\/\/exaudi.org\/it\/wp-json\/wp\/v2\/posts\/149364\/revisions\/149366"}],"wp:featuredmedia":[{"embeddable":true,"href":"https:\/\/exaudi.org\/it\/wp-json\/wp\/v2\/media\/149348"}],"wp:attachment":[{"href":"https:\/\/exaudi.org\/it\/wp-json\/wp\/v2\/media?parent=149364"}],"wp:term":[{"taxonomy":"category","embeddable":true,"href":"https:\/\/exaudi.org\/it\/wp-json\/wp\/v2\/categories?post=149364"},{"taxonomy":"post_tag","embeddable":true,"href":"https:\/\/exaudi.org\/it\/wp-json\/wp\/v2\/tags?post=149364"}],"curies":[{"name":"wp","href":"https:\/\/api.w.org\/{rel}","templated":true}]}}