{"id":149225,"date":"2025-12-05T16:12:59","date_gmt":"2025-12-05T15:12:59","guid":{"rendered":"https:\/\/exaudi.org\/?p=149225"},"modified":"2025-12-05T16:12:59","modified_gmt":"2025-12-05T15:12:59","slug":"valorizzare-i-punti-di-forza-o-correggere-le-debolezze","status":"publish","type":"post","link":"https:\/\/exaudi.org\/it\/valorizzare-i-punti-di-forza-o-correggere-le-debolezze\/","title":{"rendered":"Valorizzare i punti di forza o correggere le debolezze"},"content":{"rendered":"<section class=\"elementor-section elementor-top-section elementor-element elementor-element-6a27c22 elementor-section-boxed elementor-section-height-default elementor-section-height-default\" data-id=\"6a27c22\" data-element_type=\"section\">\n<div class=\"elementor-container elementor-column-gap-default\">\n<div class=\"elementor-column elementor-col-100 elementor-top-column elementor-element elementor-element-cede75d\" data-id=\"cede75d\" data-element_type=\"column\">\n<div class=\"elementor-widget-wrap elementor-element-populated\">\n<div class=\"elementor-element elementor-element-f41f7bc elementor-widget elementor-widget-text-editor\" data-id=\"f41f7bc\" data-element_type=\"widget\" data-widget_type=\"text-editor.default\">\n<div class=\"elementor-widget-container\">\n<p style=\"text-align: center\"><em><strong><span dir=\"auto\" style=\"vertical-align: inherit\"><span dir=\"auto\" style=\"vertical-align: inherit\">Di solito moltiplichiamo <\/span><\/span><\/strong><\/em><br \/>\n<em><strong><span dir=\"auto\" style=\"vertical-align: inherit\"><span dir=\"auto\" style=\"vertical-align: inherit\">ci\u00f2 a cui prestiamo attenzione, <\/span><\/span><\/strong><\/em><br \/>\n<em><strong><span dir=\"auto\" style=\"vertical-align: inherit\"><span dir=\"auto\" style=\"vertical-align: inherit\">anche se lo facciamo con lo scopo di correggerlo.<\/span><\/span><\/strong><\/em><\/p>\n<p><img loading=\"lazy\" decoding=\"async\" class=\"size-full wp-image-148998 alignnone\" src=\"https:\/\/exaudi.org\/wp-content\/uploads\/2025\/12\/defectos-limitaciones-diferencias-8.png\" alt=\"\" width=\"778\" height=\"511\" srcset=\"https:\/\/exaudi.org\/wp-content\/uploads\/2025\/12\/defectos-limitaciones-diferencias-8.png 778w, https:\/\/exaudi.org\/wp-content\/uploads\/2025\/12\/defectos-limitaciones-diferencias-8-300x197.png 300w, https:\/\/exaudi.org\/wp-content\/uploads\/2025\/12\/defectos-limitaciones-diferencias-8-770x506.png 770w, https:\/\/exaudi.org\/wp-content\/uploads\/2025\/12\/defectos-limitaciones-diferencias-8-500x328.png 500w\" sizes=\"auto, (max-width: 778px) 100vw, 778px\" \/><\/p>\n<\/div>\n<\/div>\n<\/div>\n<\/div>\n<\/div>\n<\/section>\n<section class=\"elementor-section elementor-top-section elementor-element elementor-element-5204b64 elementor-section-boxed elementor-section-height-default elementor-section-height-default\" data-id=\"5204b64\" data-element_type=\"section\">\n<div class=\"elementor-container elementor-column-gap-default\">\n<div class=\"elementor-column elementor-col-100 elementor-top-column elementor-element elementor-element-36ef658\" data-id=\"36ef658\" data-element_type=\"column\">\n<div class=\"elementor-widget-wrap elementor-element-populated\">\n<div class=\"elementor-element elementor-element-4ccea05 elementor-widget elementor-widget-heading\" data-id=\"4ccea05\" data-element_type=\"widget\" data-widget_type=\"heading.default\">\n<div class=\"elementor-widget-container\">\n<h3 class=\"elementor-heading-title elementor-size-default\"><strong><span dir=\"auto\" style=\"vertical-align: inherit\"><span dir=\"auto\" style=\"vertical-align: inherit\">Promuovere le qualit\u00e0, condizione per l&#8217;efficacia<\/span><\/span><\/strong><\/h3>\n<\/div>\n<\/div>\n<\/div>\n<\/div>\n<\/div>\n<\/section>\n<section class=\"elementor-section elementor-top-section elementor-element elementor-element-88e5fc9 elementor-section-boxed elementor-section-height-default elementor-section-height-default\" data-id=\"88e5fc9\" data-element_type=\"section\">\n<div class=\"elementor-container elementor-column-gap-default\">\n<div class=\"elementor-column elementor-col-100 elementor-top-column elementor-element elementor-element-70b9c0f\" data-id=\"70b9c0f\" data-element_type=\"column\">\n<div class=\"elementor-widget-wrap elementor-element-populated\">\n<div class=\"elementor-element elementor-element-5b28108 elementor-widget elementor-widget-text-editor\" data-id=\"5b28108\" data-element_type=\"widget\" data-widget_type=\"text-editor.default\">\n<div class=\"elementor-widget-container\">\n<h3><strong><span dir=\"auto\" style=\"vertical-align: inherit\"><span dir=\"auto\" style=\"vertical-align: inherit\">Incoraggiare le qualit\u00e0\u2026\u00a0<\/span><\/span><\/strong><\/h3>\n<p><a href=\"https:\/\/edufamilia.com\/15-aceptar-los-defectos-y-limitaciones\/\" target=\"_blank\" rel=\"noopener\"><span dir=\"auto\" style=\"vertical-align: inherit\"><span dir=\"auto\" style=\"vertical-align: inherit\">Come ho gi\u00e0 detto,<\/span><\/span><\/a><span dir=\"auto\" style=\"vertical-align: inherit\"><span dir=\"auto\" style=\"vertical-align: inherit\"> \u00a0e anche se a pensarci bene pu\u00f2 sembrare spesso ovvio,\u00a0 <\/span><\/span><a href=\"https:\/\/youtu.be\/1tObA7Aj3ns\" target=\"_blank\" rel=\"noopener\"><span dir=\"auto\" style=\"vertical-align: inherit\"><span dir=\"auto\" style=\"vertical-align: inherit\">\u00e8 difficile convincersi\u00a0 <\/span><\/span><em><span dir=\"auto\" style=\"vertical-align: inherit\"><span dir=\"auto\" style=\"vertical-align: inherit\">operativamente<\/span><\/span><\/em><span dir=\"auto\" style=\"vertical-align: inherit\"><span dir=\"auto\" style=\"vertical-align: inherit\">,<\/span><\/span><\/a><span dir=\"auto\" style=\"vertical-align: inherit\"><span dir=\"auto\" style=\"vertical-align: inherit\"> \u00a0nell&#8217;educazione dei figli e nel trattamento del coniuge, che coltivare le qualit\u00e0 \u00e8 sempre molto pi\u00f9 proficuo che correggere i difetti.<\/span><\/span><\/p>\n<p><span dir=\"auto\" style=\"vertical-align: inherit\"><span dir=\"auto\" style=\"vertical-align: inherit\">E ancora di pi\u00f9 \u2014aggiungo ora\u2014 che la cosa migliore da fare con i difetti \u00e8\u00a0 <\/span><\/span><strong><em><span dir=\"auto\" style=\"vertical-align: inherit\"><span dir=\"auto\" style=\"vertical-align: inherit\">ignorarli!<\/span><\/span><\/em><\/strong><\/p>\n<h3><strong><span dir=\"auto\" style=\"vertical-align: inherit\"><span dir=\"auto\" style=\"vertical-align: inherit\">Ignorare i difetti?<\/span><\/span><\/strong><\/h3>\n<p><span dir=\"auto\" style=\"vertical-align: inherit\"><span dir=\"auto\" style=\"vertical-align: inherit\">Cosa significa\u00a0 <\/span><\/span><em><span dir=\"auto\" style=\"vertical-align: inherit\"><span dir=\"auto\" style=\"vertical-align: inherit\">ignorare\u00a0<\/span><\/span><\/em><span dir=\"auto\" style=\"vertical-align: inherit\"><span dir=\"auto\" style=\"vertical-align: inherit\"> i difetti delle persone che amo? Come posso aiutarle a superarli se non li porto alla luce? Non significa forse che le sto trascurando, che non le sto amando veramente?<\/span><\/span><\/p>\n<p><span dir=\"auto\" style=\"vertical-align: inherit\"><span dir=\"auto\" style=\"vertical-align: inherit\">No. Significa impegnarsi a prestare attenzione al meglio di ogni persona, a coltivare le sue qualit\u00e0, che \u00e8 ci\u00f2 che \u00e8 veramente efficace.<\/span><\/span><\/p>\n<\/div>\n<\/div>\n<div class=\"elementor-element elementor-element-efb7637 elementor-widget elementor-widget-text-editor\" data-id=\"efb7637\" data-element_type=\"widget\" data-widget_type=\"text-editor.default\">\n<div class=\"elementor-widget-container\">\n<p style=\"text-align: center\"><em><strong><span dir=\"auto\" style=\"vertical-align: inherit\"><span dir=\"auto\" style=\"vertical-align: inherit\">La cosa migliore da fare con i difetti \u00e8 <\/span><\/span><\/strong><\/em><br \/>\n<em><strong><span dir=\"auto\" style=\"vertical-align: inherit\"><span dir=\"auto\" style=\"vertical-align: inherit\">ignorarli! <\/span><\/span><\/strong><\/em><br \/>\n<em><strong><span dir=\"auto\" style=\"vertical-align: inherit\"><span dir=\"auto\" style=\"vertical-align: inherit\">Non prestate loro alcuna attenzione!<\/span><\/span><\/strong><\/em><\/p>\n<\/div>\n<\/div>\n<\/div>\n<\/div>\n<\/div>\n<\/section>\n<section class=\"elementor-section elementor-top-section elementor-element elementor-element-9f1055f elementor-section-boxed elementor-section-height-default elementor-section-height-default\" data-id=\"9f1055f\" data-element_type=\"section\">\n<div class=\"elementor-container elementor-column-gap-default\">\n<div class=\"elementor-column elementor-col-100 elementor-top-column elementor-element elementor-element-cab9b2e\" data-id=\"cab9b2e\" data-element_type=\"column\">\n<div class=\"elementor-widget-wrap elementor-element-populated\">\n<div class=\"elementor-element elementor-element-45da1bb elementor-widget elementor-widget-heading\" data-id=\"45da1bb\" data-element_type=\"widget\" data-widget_type=\"heading.default\">\n<div class=\"elementor-widget-container\">\n<h3 class=\"elementor-heading-title elementor-size-large\"><strong><span dir=\"auto\" style=\"vertical-align: inherit\"><span dir=\"auto\" style=\"vertical-align: inherit\">Verifica sperimentale<\/span><\/span><\/strong><\/h3>\n<\/div>\n<\/div>\n<\/div>\n<\/div>\n<\/div>\n<\/section>\n<section class=\"elementor-section elementor-top-section elementor-element elementor-element-5068199 elementor-section-boxed elementor-section-height-default elementor-section-height-default\" data-id=\"5068199\" data-element_type=\"section\">\n<div class=\"elementor-container elementor-column-gap-default\">\n<div class=\"elementor-column elementor-col-100 elementor-top-column elementor-element elementor-element-58d4b9b\" data-id=\"58d4b9b\" data-element_type=\"column\">\n<div class=\"elementor-widget-wrap elementor-element-populated\">\n<div class=\"elementor-element elementor-element-5f6ce2a elementor-widget elementor-widget-heading\" data-id=\"5f6ce2a\" data-element_type=\"widget\" data-widget_type=\"heading.default\">\n<div class=\"elementor-widget-container\">\n<h3 class=\"elementor-heading-title elementor-size-default\"><strong><span dir=\"auto\" style=\"vertical-align: inherit\"><span dir=\"auto\" style=\"vertical-align: inherit\">Correggere i difetti o valorizzare le qualit\u00e0?: primo esperimento<\/span><\/span><\/strong><\/h3>\n<\/div>\n<\/div>\n<\/div>\n<\/div>\n<\/div>\n<\/section>\n<section class=\"elementor-section elementor-top-section elementor-element elementor-element-831e350 elementor-section-boxed elementor-section-height-default elementor-section-height-default\" data-id=\"831e350\" data-element_type=\"section\">\n<div class=\"elementor-container elementor-column-gap-default\">\n<div class=\"elementor-column elementor-col-100 elementor-top-column elementor-element elementor-element-30bf7bd\" data-id=\"30bf7bd\" data-element_type=\"column\">\n<div class=\"elementor-widget-wrap elementor-element-populated\">\n<div class=\"elementor-element elementor-element-6420f31 elementor-widget elementor-widget-text-editor\" data-id=\"6420f31\" data-element_type=\"widget\" data-widget_type=\"text-editor.default\">\n<div class=\"elementor-widget-container\">\n<p><span dir=\"auto\" style=\"vertical-align: inherit\"><span dir=\"auto\" style=\"vertical-align: inherit\">Per i pi\u00f9 recalcitranti, mi limiter\u00f2 a trascrivere,\u00a0 <\/span><\/span><em><span dir=\"auto\" style=\"vertical-align: inherit\"><span dir=\"auto\" style=\"vertical-align: inherit\">letteralmente<\/span><\/span><\/em><span dir=\"auto\" style=\"vertical-align: inherit\"><span dir=\"auto\" style=\"vertical-align: inherit\">, la prima parte dell&#8217;esperimento raccolto da\u00a0 <\/span><\/span><strong><span dir=\"auto\" style=\"vertical-align: inherit\"><span dir=\"auto\" style=\"vertical-align: inherit\">Elisabeth Lukas<\/span><\/span><\/strong><span dir=\"auto\" style=\"vertical-align: inherit\"><span dir=\"auto\" style=\"vertical-align: inherit\"> \u00a0(in\u00a0 <\/span><\/span><em><span dir=\"auto\" style=\"vertical-align: inherit\"><span dir=\"auto\" style=\"vertical-align: inherit\">Equilibrium and Healing through Logotherapy<\/span><\/span><\/em><span dir=\"auto\" style=\"vertical-align: inherit\"><span dir=\"auto\" style=\"vertical-align: inherit\"> . Barcellona: Paid\u00f3s, 2004, pp. 55-57).<\/span><\/span><\/p>\n<p><span dir=\"auto\" style=\"vertical-align: inherit\"><span dir=\"auto\" style=\"vertical-align: inherit\">Ecco le sue parole:<\/span><\/span><\/p>\n<p><span dir=\"auto\" style=\"vertical-align: inherit\"><span dir=\"auto\" style=\"vertical-align: inherit\">&#8220;La scelta di ci\u00f2 a cui prestiamo attenzione in via preferenziale \u00e8 un atto da cui dipendono molte cose, come dimostrato nel piccolo esperimento di psicologia comportamentista che presentiamo di seguito:<\/span><\/span><\/p>\n<\/div>\n<\/div>\n<\/div>\n<\/div>\n<\/div>\n<\/section>\n<section class=\"elementor-section elementor-top-section elementor-element elementor-element-5805966 elementor-section-boxed elementor-section-height-default elementor-section-height-default\" data-id=\"5805966\" data-element_type=\"section\">\n<div class=\"elementor-container elementor-column-gap-default\">\n<div class=\"elementor-column elementor-col-100 elementor-top-column elementor-element elementor-element-82be7ba\" data-id=\"82be7ba\" data-element_type=\"column\">\n<div class=\"elementor-widget-wrap elementor-element-populated\">\n<div class=\"elementor-element elementor-element-6cc8f56 elementor-widget elementor-widget-text-editor\" data-id=\"6cc8f56\" data-element_type=\"widget\" data-widget_type=\"text-editor.default\">\n<div class=\"elementor-widget-container\">\n<h3><strong><span dir=\"auto\" style=\"vertical-align: inherit\"><span dir=\"auto\" style=\"vertical-align: inherit\">L&#8217;esperimento inizia<\/span><\/span><\/strong><\/h3>\n<p class=\"LPrNorm\"><span dir=\"auto\" style=\"vertical-align: inherit\"><span dir=\"auto\" style=\"vertical-align: inherit\">Erano le 9:20 del mattino in un&#8217;aula di scuola elementare: quarantotto studenti e due insegnanti. L&#8217;aula era divisa in due sezioni separate da una parete scorrevole. I banchi erano disposti in sei gruppi di otto bambini ciascuno. Agli studenti erano stati assegnati i compiti, che dovevano svolgere al banco, mentre le due insegnanti, giovani e qualificate, insegnavano la lettura separatamente, in piccoli gruppi.<\/span><\/span><\/p>\n<p class=\"LPrNorm\"><span dir=\"auto\" style=\"vertical-align: inherit\"><span dir=\"auto\" style=\"vertical-align: inherit\">Gli osservatori entrarono in classe, si sedettero e, per i successivi venti minuti, registrarono a intervalli di dieci secondi il numero di bambini che non erano seduti al loro posto. Lo studio dur\u00f2 sei giorni. Gli osservatori registrarono anche la frequenza con cui gli insegnanti chiedevano ai bambini di sedersi o di tornare al loro posto.<\/span><\/span><\/p>\n<p class=\"LPrNorm\"><span dir=\"auto\" style=\"vertical-align: inherit\"><span dir=\"auto\" style=\"vertical-align: inherit\">Durante questi primi sei giorni, sono stati registrati tre bambini che si allontanavano dalle loro sedie ogni dieci secondi, mentre gli insegnanti dicevano &#8220;siediti&#8221; circa sette volte durante i venti minuti di osservazione.<\/span><\/span><\/p>\n<\/div>\n<\/div>\n<div class=\"elementor-element elementor-element-76e4c5e elementor-widget elementor-widget-text-editor\" data-id=\"76e4c5e\" data-element_type=\"widget\" data-widget_type=\"text-editor.default\">\n<div class=\"elementor-widget-container\">\n<p style=\"text-align: center\"><em><strong><span dir=\"auto\" style=\"vertical-align: inherit\"><span dir=\"auto\" style=\"vertical-align: inherit\">Sette avvertimenti, <\/span><\/span><\/strong><\/em><br \/>\n<em><strong><span dir=\"auto\" style=\"vertical-align: inherit\"><span dir=\"auto\" style=\"vertical-align: inherit\">tre violazioni.<\/span><\/span><\/strong><\/em><\/p>\n<\/div>\n<\/div>\n<\/div>\n<\/div>\n<\/div>\n<\/section>\n<section class=\"elementor-section elementor-top-section elementor-element elementor-element-b1df954 elementor-section-boxed elementor-section-height-default elementor-section-height-default\" data-id=\"b1df954\" data-element_type=\"section\">\n<div class=\"elementor-container elementor-column-gap-default\">\n<div class=\"elementor-column elementor-col-100 elementor-top-column elementor-element elementor-element-7ff85ca\" data-id=\"7ff85ca\" data-element_type=\"column\">\n<div class=\"elementor-widget-wrap elementor-element-populated\">\n<div class=\"elementor-element elementor-element-e72bf45 elementor-widget elementor-widget-text-editor\" data-id=\"e72bf45\" data-element_type=\"widget\" data-widget_type=\"text-editor.default\">\n<div class=\"elementor-widget-container\">\n<h3><strong><span dir=\"auto\" style=\"vertical-align: inherit\"><span dir=\"auto\" style=\"vertical-align: inherit\">Cambiamento di rotta<\/span><\/span><\/strong><\/h3>\n<p><span dir=\"auto\" style=\"vertical-align: inherit\"><span dir=\"auto\" style=\"vertical-align: inherit\">Poi accadde qualcosa di sorprendente.<\/span><\/span><\/p>\n<ul>\n<li><span dir=\"auto\" style=\"vertical-align: inherit\"><span dir=\"auto\" style=\"vertical-align: inherit\">Agli insegnanti \u00e8 stato chiesto di dire pi\u00f9 spesso ai bambini di &#8220;sedersi&#8221;.<\/span><\/span><\/li>\n<li><span dir=\"auto\" style=\"vertical-align: inherit\"><span dir=\"auto\" style=\"vertical-align: inherit\">Nei dodici giorni successivi, gli insegnanti dissero &#8220;seduti&#8221; 27,5 volte in ogni intervallo di venti minuti e ci furono pi\u00f9 bambini che si alzarono (una media di 4,5 ogni dieci secondi).<\/span><\/span><\/li>\n<\/ul>\n<\/div>\n<\/div>\n<div class=\"elementor-element elementor-element-bbcb444 elementor-widget elementor-widget-text-editor\" data-id=\"bbcb444\" data-element_type=\"widget\" data-widget_type=\"text-editor.default\">\n<div class=\"elementor-widget-container\">\n<p style=\"text-align: center\"><em><strong><span dir=\"auto\" style=\"vertical-align: inherit\"><span dir=\"auto\" style=\"vertical-align: inherit\">Ventisette ammonizioni &#8220;e mezzo&#8221;, <\/span><\/span><\/strong><\/em><br \/>\n<em><strong><span dir=\"auto\" style=\"vertical-align: inherit\"><span dir=\"auto\" style=\"vertical-align: inherit\">quattro infrazioni &#8220;e mezzo&#8221;.<\/span><\/span><\/strong><\/em><\/p>\n<\/div>\n<\/div>\n<\/div>\n<\/div>\n<\/div>\n<\/section>\n<section class=\"elementor-section elementor-top-section elementor-element elementor-element-8b1cdef elementor-section-boxed elementor-section-height-default elementor-section-height-default\" data-id=\"8b1cdef\" data-element_type=\"section\">\n<div class=\"elementor-container elementor-column-gap-default\">\n<div class=\"elementor-column elementor-col-100 elementor-top-column elementor-element elementor-element-5c6c953\" data-id=\"5c6c953\" data-element_type=\"column\">\n<div class=\"elementor-widget-wrap elementor-element-populated\">\n<div class=\"elementor-element elementor-element-4d3394f elementor-widget elementor-widget-image\" data-id=\"4d3394f\" data-element_type=\"widget\" data-widget_type=\"image.default\">\n<div class=\"elementor-widget-container\"><img loading=\"lazy\" decoding=\"async\" class=\"size-full wp-image-149001 alignnone\" src=\"https:\/\/exaudi.org\/wp-content\/uploads\/2025\/12\/fomentar-cualidades-o-corregir-defectos-1.png\" alt=\"\" width=\"732\" height=\"487\" srcset=\"https:\/\/exaudi.org\/wp-content\/uploads\/2025\/12\/fomentar-cualidades-o-corregir-defectos-1.png 732w, https:\/\/exaudi.org\/wp-content\/uploads\/2025\/12\/fomentar-cualidades-o-corregir-defectos-1-300x200.png 300w, https:\/\/exaudi.org\/wp-content\/uploads\/2025\/12\/fomentar-cualidades-o-corregir-defectos-1-360x240.png?crop=1 360w, https:\/\/exaudi.org\/wp-content\/uploads\/2025\/12\/fomentar-cualidades-o-corregir-defectos-1-500x333.png 500w\" sizes=\"auto, (max-width: 732px) 100vw, 732px\" \/><\/div>\n<\/div>\n<\/div>\n<\/div>\n<\/div>\n<\/section>\n<section class=\"elementor-section elementor-top-section elementor-element elementor-element-b9ccc3b elementor-section-boxed elementor-section-height-default elementor-section-height-default\" data-id=\"b9ccc3b\" data-element_type=\"section\">\n<div class=\"elementor-container elementor-column-gap-default\">\n<div class=\"elementor-column elementor-col-100 elementor-top-column elementor-element elementor-element-5f03316\" data-id=\"5f03316\" data-element_type=\"column\">\n<div class=\"elementor-widget-wrap elementor-element-populated\">\n<div class=\"elementor-element elementor-element-d42c8c6 elementor-widget elementor-widget-text-editor\" data-id=\"d42c8c6\" data-element_type=\"widget\" data-widget_type=\"text-editor.default\">\n<div class=\"elementor-widget-container\">\n<h3><span dir=\"auto\" style=\"vertical-align: inherit\"><span dir=\"auto\" style=\"vertical-align: inherit\">Nuovo cambio di direzione<\/span><\/span><\/h3>\n<p><span dir=\"auto\" style=\"vertical-align: inherit\"><span dir=\"auto\" style=\"vertical-align: inherit\">Abbiamo fatto un altro test.<\/span><\/span><\/p>\n<ul>\n<li><span dir=\"auto\" style=\"vertical-align: inherit\"><span dir=\"auto\" style=\"vertical-align: inherit\">Negli otto giorni successivi, gli insegnanti ripeterono la frase &#8220;seduti&#8221; solo sette volte in venti minuti [qualit\u00e0 incoraggianti].<\/span><\/span><\/li>\n<li><span dir=\"auto\" style=\"vertical-align: inherit\"><span dir=\"auto\" style=\"vertical-align: inherit\">Il numero di studenti che hanno lasciato il proprio posto \u00e8 tornato a essere in media tre ogni dieci secondi.<\/span><\/span><\/li>\n<\/ul>\n<\/div>\n<\/div>\n<div class=\"elementor-element elementor-element-8d2f431 elementor-widget elementor-widget-text-editor\" data-id=\"8d2f431\" data-element_type=\"widget\" data-widget_type=\"text-editor.default\">\n<div class=\"elementor-widget-container\">\n<p style=\"text-align: center\"><em><strong><span dir=\"auto\" style=\"vertical-align: inherit\"><span dir=\"auto\" style=\"vertical-align: inherit\">Sette avvertimenti, <\/span><\/span><\/strong><\/em><br \/>\n<em><strong><span dir=\"auto\" style=\"vertical-align: inherit\"><span dir=\"auto\" style=\"vertical-align: inherit\">tre violazioni.<\/span><\/span><\/strong><\/em><\/p>\n<\/div>\n<\/div>\n<\/div>\n<\/div>\n<\/div>\n<\/section>\n<section class=\"elementor-section elementor-top-section elementor-element elementor-element-14ec2f4 elementor-section-boxed elementor-section-height-default elementor-section-height-default\" data-id=\"14ec2f4\" data-element_type=\"section\">\n<div class=\"elementor-container elementor-column-gap-default\">\n<div class=\"elementor-column elementor-col-100 elementor-top-column elementor-element elementor-element-311422f\" data-id=\"311422f\" data-element_type=\"column\">\n<div class=\"elementor-widget-wrap elementor-element-populated\">\n<div class=\"elementor-element elementor-element-ccb0e9d elementor-widget elementor-widget-text-editor\" data-id=\"ccb0e9d\" data-element_type=\"widget\" data-widget_type=\"text-editor.default\">\n<div class=\"elementor-widget-container\">\n<h3><strong><span dir=\"auto\" style=\"vertical-align: inherit\"><span dir=\"auto\" style=\"vertical-align: inherit\">Un nuovo investimento di rotta<\/span><\/span><\/strong><\/h3>\n<ul>\n<li><span dir=\"auto\" style=\"vertical-align: inherit\"><span dir=\"auto\" style=\"vertical-align: inherit\">Poi abbiamo chiesto di nuovo agli insegnanti di dire &#8220;seduti&#8221; pi\u00f9 spesso (28 volte in venti minuti).<\/span><\/span><\/li>\n<li><span dir=\"auto\" style=\"vertical-align: inherit\"><span dir=\"auto\" style=\"vertical-align: inherit\">I bambini cominciarono ad alzarsi pi\u00f9 frequentemente, 4 volte ogni dieci secondi.<\/span><\/span><\/li>\n<\/ul>\n<\/div>\n<\/div>\n<div class=\"elementor-element elementor-element-57368d1 elementor-widget elementor-widget-text-editor\" data-id=\"57368d1\" data-element_type=\"widget\" data-widget_type=\"text-editor.default\">\n<div class=\"elementor-widget-container\">\n<p style=\"text-align: center\"><em><strong><span dir=\"auto\" style=\"vertical-align: inherit\"><span dir=\"auto\" style=\"vertical-align: inherit\">Ventotto avvertimenti, <\/span><\/span><\/strong><\/em><br \/>\n<em><strong><span dir=\"auto\" style=\"vertical-align: inherit\"><span dir=\"auto\" style=\"vertical-align: inherit\">quattro violazioni.<\/span><\/span><\/strong><\/em><\/p>\n<\/div>\n<\/div>\n<\/div>\n<\/div>\n<\/div>\n<\/section>\n<section class=\"elementor-section elementor-top-section elementor-element elementor-element-4d8ec10 elementor-section-boxed elementor-section-height-default elementor-section-height-default\" data-id=\"4d8ec10\" data-element_type=\"section\">\n<div class=\"elementor-container elementor-column-gap-default\">\n<div class=\"elementor-column elementor-col-50 elementor-top-column elementor-element elementor-element-2c804c7\" data-id=\"2c804c7\" data-element_type=\"column\">\n<div class=\"elementor-widget-wrap elementor-element-populated\">\n<div class=\"elementor-element elementor-element-e115133 elementor-widget elementor-widget-image\" data-id=\"e115133\" data-element_type=\"widget\" data-widget_type=\"image.default\">\n<div class=\"elementor-widget-container\"><img loading=\"lazy\" decoding=\"async\" class=\"size-full wp-image-149004 alignnone\" src=\"https:\/\/exaudi.org\/wp-content\/uploads\/2025\/12\/defectos-limitaciones-diferencias.jpg\" alt=\"\" width=\"382\" height=\"508\" srcset=\"https:\/\/exaudi.org\/wp-content\/uploads\/2025\/12\/defectos-limitaciones-diferencias.jpg 382w, https:\/\/exaudi.org\/wp-content\/uploads\/2025\/12\/defectos-limitaciones-diferencias-226x300.jpg 226w\" sizes=\"auto, (max-width: 382px) 100vw, 382px\" \/><\/div>\n<\/div>\n<\/div>\n<\/div>\n<div class=\"elementor-column elementor-col-50 elementor-top-column elementor-element elementor-element-923f180\" data-id=\"923f180\" data-element_type=\"column\">\n<div class=\"elementor-widget-wrap elementor-element-populated\">\n<div class=\"elementor-element elementor-element-1ec89c4 elementor-widget elementor-widget-text-editor\" data-id=\"1ec89c4\" data-element_type=\"widget\" data-widget_type=\"text-editor.default\">\n<div class=\"elementor-widget-container\">\n<h3><strong><span dir=\"auto\" style=\"vertical-align: inherit\"><span dir=\"auto\" style=\"vertical-align: inherit\">Prova definitiva: l&#8217;efficacia della promozione delle qualit\u00e0<\/span><\/span><\/strong><\/h3>\n<ul>\n<li><span dir=\"auto\" style=\"vertical-align: inherit\"><span dir=\"auto\" style=\"vertical-align: inherit\">Infine, abbiamo chiesto agli insegnanti di astenersi completamente dal dire &#8220;siediti&#8221; [incoraggia le qualit\u00e0!]<\/span><\/span><\/li>\n<li><span dir=\"auto\" style=\"vertical-align: inherit\"><span dir=\"auto\" style=\"vertical-align: inherit\">e invece loderanno l&#8217;atto di lavorare e stare seduti fermi.<\/span><\/span><\/li>\n<li><span dir=\"auto\" style=\"vertical-align: inherit\"><span dir=\"auto\" style=\"vertical-align: inherit\">Se la cavarono bene e meno di due bambini si alzarono in piedi ogni dieci secondi (il valore pi\u00f9 basso tra tutte le osservazioni).<\/span><\/span><\/li>\n<\/ul>\n<\/div>\n<\/div>\n<div class=\"elementor-element elementor-element-65af191 elementor-widget elementor-widget-text-editor\" data-id=\"65af191\" data-element_type=\"widget\" data-widget_type=\"text-editor.default\">\n<div class=\"elementor-widget-container\">\n<p style=\"text-align: center\"><em><strong><span dir=\"auto\" style=\"vertical-align: inherit\"><span dir=\"auto\" style=\"vertical-align: inherit\">Nessun avvertimento <\/span><\/span><\/strong><\/em><br \/>\n<em><strong><span dir=\"auto\" style=\"vertical-align: inherit\"><span dir=\"auto\" style=\"vertical-align: inherit\">(solo elogi), <\/span><\/span><\/strong><\/em><br \/>\n<em><strong><span dir=\"auto\" style=\"vertical-align: inherit\"><span dir=\"auto\" style=\"vertical-align: inherit\">solo due violazioni <\/span><\/span><\/strong><\/em><br \/>\n<em><strong><span dir=\"auto\" style=\"vertical-align: inherit\"><span dir=\"auto\" style=\"vertical-align: inherit\">(il numero pi\u00f9 basso di sempre <\/span><\/span><\/strong><\/em><br \/>\n<em><strong><span dir=\"auto\" style=\"vertical-align: inherit\"><span dir=\"auto\" style=\"vertical-align: inherit\">).<\/span><\/span><\/strong><\/em><\/p>\n<\/div>\n<\/div>\n<\/div>\n<\/div>\n<\/div>\n<\/section>\n<section class=\"elementor-section elementor-top-section elementor-element elementor-element-1cdda7f elementor-section-boxed elementor-section-height-default elementor-section-height-default\" data-id=\"1cdda7f\" data-element_type=\"section\">\n<div class=\"elementor-container elementor-column-gap-default\">\n<div class=\"elementor-column elementor-col-100 elementor-top-column elementor-element elementor-element-867ab4f\" data-id=\"867ab4f\" data-element_type=\"column\">\n<div class=\"elementor-widget-wrap elementor-element-populated\">\n<div class=\"elementor-element elementor-element-d8a8491 elementor-widget elementor-widget-text-editor\" data-id=\"d8a8491\" data-element_type=\"widget\" data-widget_type=\"text-editor.default\">\n<div class=\"elementor-widget-container\">\n<p style=\"text-align: center\"><em><strong><span dir=\"auto\" style=\"vertical-align: inherit\"><span dir=\"auto\" style=\"vertical-align: inherit\">Pi\u00f9 correzioni e avvertimenti, pi\u00f9 violazioni. <\/span><\/span><\/strong><\/em><br \/>\n<em><strong><span dir=\"auto\" style=\"vertical-align: inherit\"><span dir=\"auto\" style=\"vertical-align: inherit\">Meno correzioni e avvertimenti, meno violazioni. <\/span><\/span><\/strong><\/em><br \/>\n<em><strong><span dir=\"auto\" style=\"vertical-align: inherit\"><span dir=\"auto\" style=\"vertical-align: inherit\">Elogi giustificati, comportamento migliore!<\/span><\/span><\/strong><\/em><\/p>\n<\/div>\n<\/div>\n<\/div>\n<\/div>\n<\/div>\n<\/section>\n<section class=\"elementor-section elementor-top-section elementor-element elementor-element-7b6ae69 elementor-section-boxed elementor-section-height-default elementor-section-height-default\" data-id=\"7b6ae69\" data-element_type=\"section\">\n<div class=\"elementor-container elementor-column-gap-default\">\n<div class=\"elementor-column elementor-col-100 elementor-top-column elementor-element elementor-element-c22b54e\" data-id=\"c22b54e\" data-element_type=\"column\">\n<div class=\"elementor-widget-wrap elementor-element-populated\">\n<div class=\"elementor-element elementor-element-8446907 elementor-widget elementor-widget-heading\" data-id=\"8446907\" data-element_type=\"widget\" data-widget_type=\"heading.default\">\n<div class=\"elementor-widget-container\">\n<h3 class=\"elementor-heading-title elementor-size-default\"><strong><span dir=\"auto\" style=\"vertical-align: inherit\"><span dir=\"auto\" style=\"vertical-align: inherit\">Correggere i difetti o favorire le qualit\u00e0?: secondo esperimento<\/span><\/span><\/strong><\/h3>\n<\/div>\n<\/div>\n<\/div>\n<\/div>\n<\/div>\n<\/section>\n<section class=\"elementor-section elementor-top-section elementor-element elementor-element-470a72b elementor-section-boxed elementor-section-height-default elementor-section-height-default\" data-id=\"470a72b\" data-element_type=\"section\">\n<div class=\"elementor-container elementor-column-gap-default\">\n<div class=\"elementor-column elementor-col-100 elementor-top-column elementor-element elementor-element-48abb32\" data-id=\"48abb32\" data-element_type=\"column\">\n<div class=\"elementor-widget-wrap elementor-element-populated\">\n<div class=\"elementor-element elementor-element-10bbe43 elementor-widget elementor-widget-text-editor\" data-id=\"10bbe43\" data-element_type=\"widget\" data-widget_type=\"text-editor.default\">\n<div class=\"elementor-widget-container\">\n<p><span dir=\"auto\" style=\"vertical-align: inherit\"><span dir=\"auto\" style=\"vertical-align: inherit\">Non contenti di questa prima verifica sperimentale, gli autori del test hanno voluto rafforzarla.<\/span><\/span><\/p>\n<p><em><strong><span dir=\"auto\" style=\"vertical-align: inherit\"><span dir=\"auto\" style=\"vertical-align: inherit\">Lukas<\/span><\/span><\/strong><\/em><span dir=\"auto\" style=\"vertical-align: inherit\"><span dir=\"auto\" style=\"vertical-align: inherit\"> racconta di nuovo la storia\u00a0 <\/span><span dir=\"auto\" style=\"vertical-align: inherit\">\u00a0e io trascrivo le sue parole alla lettera:<\/span><\/span><\/p>\n<\/div>\n<\/div>\n<\/div>\n<\/div>\n<\/div>\n<\/section>\n<section class=\"elementor-section elementor-top-section elementor-element elementor-element-fe63027 elementor-section-boxed elementor-section-height-default elementor-section-height-default\" data-id=\"fe63027\" data-element_type=\"section\">\n<div class=\"elementor-container elementor-column-gap-default\">\n<div class=\"elementor-column elementor-col-100 elementor-top-column elementor-element elementor-element-4f3ceac\" data-id=\"4f3ceac\" data-element_type=\"column\">\n<div class=\"elementor-widget-wrap elementor-element-populated\">\n<div class=\"elementor-element elementor-element-b1d5940 elementor-widget elementor-widget-text-editor\" data-id=\"b1d5940\" data-element_type=\"widget\" data-widget_type=\"text-editor.default\">\n<div class=\"elementor-widget-container\">\n<h3><strong><span dir=\"auto\" style=\"vertical-align: inherit\"><span dir=\"auto\" style=\"vertical-align: inherit\">Sviluppo<\/span><\/span><\/strong><\/h3>\n<h3><strong><span dir=\"auto\" style=\"vertical-align: inherit\"><span dir=\"auto\" style=\"vertical-align: inherit\">Il rafforzamento del negativo<\/span><\/span><\/strong><\/h3>\n<p class=\"LPrNorm\"><span dir=\"auto\" style=\"vertical-align: inherit\"><span dir=\"auto\" style=\"vertical-align: inherit\">&#8220;Vediamo quanto pu\u00f2 essere rafforzato il negativo se ci concentriamo solo su di esso:<\/span><\/span><\/p>\n<p class=\"LPrNorm\"><span dir=\"auto\" style=\"vertical-align: inherit\"><span dir=\"auto\" style=\"vertical-align: inherit\">In un esperimento, abbiamo trasformato una classe &#8220;buona&#8221; in una classe &#8220;cattiva&#8221; per alcune settimane. Abbiamo suggerito all&#8217;insegnante di\u00a0 <\/span><\/span><em><strong><span dir=\"auto\" style=\"vertical-align: inherit\"><span dir=\"auto\" style=\"vertical-align: inherit\">non<\/span><\/span><\/strong><span dir=\"auto\" style=\"vertical-align: inherit\"><span dir=\"auto\" style=\"vertical-align: inherit\"> \u00a0elogiare pi\u00f9 i suoi studenti\u00a0 <\/span><\/span><strong><span dir=\"auto\" style=\"vertical-align: inherit\"><span dir=\"auto\" style=\"vertical-align: inherit\">[nessuna<\/span><\/span><\/strong><span dir=\"auto\" style=\"vertical-align: inherit\"><span dir=\"auto\" style=\"vertical-align: inherit\"> \u00a0qualit\u00e0 positiva incoraggiante].<\/span><\/span><\/em><span dir=\"auto\" style=\"vertical-align: inherit\"><span dir=\"auto\" style=\"vertical-align: inherit\"> \u00a0Quando ha smesso di elogiarli, il comportamento dirompente indesiderato \u00e8 aumentato dall&#8217;8,7% al 25,5%. L&#8217;insegnante ha rimproverato il comportamento scorretto e si \u00e8 astenuto dall&#8217;elogiare [qualit\u00e0 positive incoraggianti] il comportamento dei bambini che stavano facendo i compiti.<\/span><\/span><\/p>\n<p class=\"LPrNorm\"><span dir=\"auto\" style=\"vertical-align: inherit\"><span dir=\"auto\" style=\"vertical-align: inherit\">Quando abbiamo chiesto all&#8217;insegnante di bocciare i suoi studenti 16 volte in 20 minuti invece di 5, il comportamento dirompente \u00e8 aumentato ulteriormente, raggiungendo una media del 31,2% e rimanendo sopra il 50% per diversi giorni.<\/span><\/span><\/p>\n<p class=\"LPrNorm\"><span dir=\"auto\" style=\"vertical-align: inherit\"><span dir=\"auto\" style=\"vertical-align: inherit\">La cattiva condotta \u00e8 stata ulteriormente accentuata dall&#8217;attenzione che ha ricevuto.<\/span><\/span><\/p>\n<h3><strong><span dir=\"auto\" style=\"vertical-align: inherit\"><span dir=\"auto\" style=\"vertical-align: inherit\">L&#8217;efficacia della lode<\/span><\/span><\/strong><\/h3>\n<p class=\"LPrNorm\"><span dir=\"auto\" style=\"vertical-align: inherit\"><span dir=\"auto\" style=\"vertical-align: inherit\">Quando i bambini vennero nuovamente lodati [e le loro qualit\u00e0 vennero incoraggiate], la loro volont\u00e0 di lavorare torn\u00f2.\u201d<\/span><\/span><\/p>\n<\/div>\n<\/div>\n<\/div>\n<\/div>\n<\/div>\n<\/section>\n<section class=\"elementor-section elementor-top-section elementor-element elementor-element-8bd5c2e elementor-section-boxed elementor-section-height-default elementor-section-height-default\" data-id=\"8bd5c2e\" data-element_type=\"section\">\n<div class=\"elementor-container elementor-column-gap-default\">\n<div class=\"elementor-column elementor-col-33 elementor-top-column elementor-element elementor-element-cc9995e\" data-id=\"cc9995e\" data-element_type=\"column\">\n<div class=\"elementor-widget-wrap elementor-element-populated\">\n<div class=\"elementor-element elementor-element-de48084 elementor-widget elementor-widget-image\" data-id=\"de48084\" data-element_type=\"widget\" data-widget_type=\"image.default\">\n<div class=\"elementor-widget-container\"><img loading=\"lazy\" decoding=\"async\" class=\"size-full wp-image-149008 alignnone\" src=\"https:\/\/exaudi.org\/wp-content\/uploads\/2025\/12\/Fomentar_cualidades-1-970x323-1.png\" alt=\"\" width=\"970\" height=\"323\" srcset=\"https:\/\/exaudi.org\/wp-content\/uploads\/2025\/12\/Fomentar_cualidades-1-970x323-1.png 970w, https:\/\/exaudi.org\/wp-content\/uploads\/2025\/12\/Fomentar_cualidades-1-970x323-1-300x100.png 300w, https:\/\/exaudi.org\/wp-content\/uploads\/2025\/12\/Fomentar_cualidades-1-970x323-1-770x256.png 770w, https:\/\/exaudi.org\/wp-content\/uploads\/2025\/12\/Fomentar_cualidades-1-970x323-1-500x166.png 500w\" sizes=\"auto, (max-width: 970px) 100vw, 970px\" \/><\/div>\n<\/div>\n<\/div>\n<\/div>\n<\/div>\n<\/section>\n<section class=\"elementor-section elementor-top-section elementor-element elementor-element-1ff6244 elementor-section-boxed elementor-section-height-default elementor-section-height-default\" data-id=\"1ff6244\" data-element_type=\"section\">\n<div class=\"elementor-container elementor-column-gap-default\">\n<div class=\"elementor-column elementor-col-100 elementor-top-column elementor-element elementor-element-1f3caba\" data-id=\"1f3caba\" data-element_type=\"column\">\n<div class=\"elementor-widget-wrap elementor-element-populated\">\n<div class=\"elementor-element elementor-element-3c3bcf3 elementor-widget elementor-widget-text-editor\" data-id=\"3c3bcf3\" data-element_type=\"widget\" data-widget_type=\"text-editor.default\">\n<div class=\"elementor-widget-container\">\n<p style=\"text-align: center\"><em><strong><span dir=\"auto\" style=\"vertical-align: inherit\"><span dir=\"auto\" style=\"vertical-align: inherit\">Avvertimenti e correzioni eccessivi\u00a0 <\/span><\/span><\/strong><\/em><br \/>\n<em><strong><span dir=\"auto\" style=\"vertical-align: inherit\"><span dir=\"auto\" style=\"vertical-align: inherit\">trasformano un comportamento positivo <\/span><\/span><\/strong><\/em><br \/>\n<em><strong><span dir=\"auto\" style=\"vertical-align: inherit\"><span dir=\"auto\" style=\"vertical-align: inherit\">in un comportamento riprovevole.<\/span><\/span><\/strong><\/em><\/p>\n<\/div>\n<\/div>\n<\/div>\n<\/div>\n<\/div>\n<\/section>\n<section class=\"elementor-section elementor-top-section elementor-element elementor-element-bb60658 elementor-section-boxed elementor-section-height-default elementor-section-height-default\" data-id=\"bb60658\" data-element_type=\"section\">\n<div class=\"elementor-container elementor-column-gap-default\">\n<div class=\"elementor-column elementor-col-100 elementor-top-column elementor-element elementor-element-12a6893\" data-id=\"12a6893\" data-element_type=\"column\">\n<div class=\"elementor-widget-wrap elementor-element-populated\">\n<div class=\"elementor-element elementor-element-a1170e1 elementor-widget elementor-widget-text-editor\" data-id=\"a1170e1\" data-element_type=\"widget\" data-widget_type=\"text-editor.default\">\n<div class=\"elementor-widget-container\">\n<h3 class=\"LTt3Ap\"><strong><span dir=\"auto\" style=\"vertical-align: inherit\"><span dir=\"auto\" style=\"vertical-align: inherit\">Morale<\/span><\/span><\/strong><\/h3>\n<p><span dir=\"auto\" style=\"vertical-align: inherit\"><span dir=\"auto\" style=\"vertical-align: inherit\">L&#8217;esperimento dimostra come\u00a0 <\/span><\/span><em><span dir=\"auto\" style=\"vertical-align: inherit\"><span dir=\"auto\" style=\"vertical-align: inherit\">il comportamento<\/span><\/span><\/em><span dir=\"auto\" style=\"vertical-align: inherit\"><span dir=\"auto\" style=\"vertical-align: inherit\"> \u00a0indesiderato\u00a0 e dirompente di un gruppo di bambini <\/span><\/span><em><span dir=\"auto\" style=\"vertical-align: inherit\"><span dir=\"auto\" style=\"vertical-align: inherit\">possa aumentare<\/span><\/span><\/em><span dir=\"auto\" style=\"vertical-align: inherit\"><span dir=\"auto\" style=\"vertical-align: inherit\"> , in poche settimane, dall&#8217;8,7% a un allarmante 50%.<\/span><\/span><\/p>\n<p><span dir=\"auto\" style=\"vertical-align: inherit\"><span dir=\"auto\" style=\"vertical-align: inherit\">E\u00a0 <\/span><\/span><em><span dir=\"auto\" style=\"vertical-align: inherit\"><span dir=\"auto\" style=\"vertical-align: inherit\">proprio dall&#8217;attenzione prestata a questo comportamento<\/span><\/span><\/em><span dir=\"auto\" style=\"vertical-align: inherit\"><span dir=\"auto\" style=\"vertical-align: inherit\"> !<\/span><\/span><\/p>\n<\/div>\n<\/div>\n<div class=\"elementor-element elementor-element-17eddd4 elementor-widget elementor-widget-text-editor\" data-id=\"17eddd4\" data-element_type=\"widget\" data-widget_type=\"text-editor.default\">\n<div class=\"elementor-widget-container\">\n<p style=\"text-align: center\"><em><strong><span dir=\"auto\" style=\"vertical-align: inherit\"><span dir=\"auto\" style=\"vertical-align: inherit\">Il comportamento dirompente aumenta <\/span><\/span><\/strong><\/em><br \/>\n<em><strong><span dir=\"auto\" style=\"vertical-align: inherit\"><span dir=\"auto\" style=\"vertical-align: inherit\">semplicemente prestandovi attenzione.<\/span><\/span><\/strong><\/em><\/p>\n<\/div>\n<\/div>\n<\/div>\n<\/div>\n<\/div>\n<\/section>\n<section class=\"elementor-section elementor-top-section elementor-element elementor-element-082a069 elementor-section-boxed elementor-section-height-default elementor-section-height-default\" data-id=\"082a069\" data-element_type=\"section\">\n<div class=\"elementor-container elementor-column-gap-default\">\n<div class=\"elementor-column elementor-col-100 elementor-top-column elementor-element elementor-element-ad271b7\" data-id=\"ad271b7\" data-element_type=\"column\">\n<div class=\"elementor-widget-wrap elementor-element-populated\">\n<div class=\"elementor-element elementor-element-e7e0f29 elementor-widget elementor-widget-heading\" data-id=\"e7e0f29\" data-element_type=\"widget\" data-widget_type=\"heading.default\">\n<div class=\"elementor-widget-container\">\n<h3 class=\"elementor-heading-title elementor-size-default\"><strong><span dir=\"auto\" style=\"vertical-align: inherit\"><span dir=\"auto\" style=\"vertical-align: inherit\">Lezione: La \u201ctrappola\u201d della critica<\/span><\/span><\/strong><\/h3>\n<\/div>\n<\/div>\n<\/div>\n<\/div>\n<\/div>\n<\/section>\n<section class=\"elementor-section elementor-top-section elementor-element elementor-element-66fad4b elementor-section-boxed elementor-section-height-default elementor-section-height-default\" data-id=\"66fad4b\" data-element_type=\"section\">\n<div class=\"elementor-container elementor-column-gap-default\">\n<div class=\"elementor-column elementor-col-100 elementor-top-column elementor-element elementor-element-57c87f1\" data-id=\"57c87f1\" data-element_type=\"column\">\n<div class=\"elementor-widget-wrap elementor-element-populated\">\n<div class=\"elementor-element elementor-element-c0fba90 elementor-widget elementor-widget-text-editor\" data-id=\"c0fba90\" data-element_type=\"widget\" data-widget_type=\"text-editor.default\">\n<div class=\"elementor-widget-container\">\n<h3><strong><span dir=\"auto\" style=\"vertical-align: inherit\"><span dir=\"auto\" style=\"vertical-align: inherit\">La critica si autoalimenta, moltiplicando i cattivi comportamenti<\/span><\/span><\/strong><\/h3>\n<p><span dir=\"auto\" style=\"vertical-align: inherit\"><span dir=\"auto\" style=\"vertical-align: inherit\">Ci\u00f2 che \u00e8 stato dimostrato in questi esperimenti \u00e8 la cosiddetta &#8220;trappola della critica&#8221;, vale a dire che nella maggior parte dei casi ci\u00f2 che fa la critica rinforzata \u00e8 in realt\u00e0 provocare il comportamento criticato.<\/span><\/span><\/p>\n<p><span dir=\"auto\" style=\"vertical-align: inherit\"><span dir=\"auto\" style=\"vertical-align: inherit\">E poich\u00e9 il comportamento dirompente criticato viene rafforzato, allora viene criticato ancora di pi\u00f9, e questa critica rafforza nuovamente il comportamento, a meno che la critica non venga ridotta\u00a0 <\/span><\/span><em><span dir=\"auto\" style=\"vertical-align: inherit\"><span dir=\"auto\" style=\"vertical-align: inherit\">nonostante <\/span><\/span><\/em>\u00a0<em><span dir=\"auto\" style=\"vertical-align: inherit\"><span dir=\"auto\" style=\"vertical-align: inherit\">il<\/span><\/span><\/em><span dir=\"auto\" style=\"vertical-align: inherit\"><span dir=\"auto\" style=\"vertical-align: inherit\"> \u00a0comportamento dirompente ripetuto e l&#8217;attenzione non venga rivolta alle qualit\u00e0 positive [incoraggianti], il che,\u00a0 <\/span><\/span><em><span dir=\"auto\" style=\"vertical-align: inherit\"><span dir=\"auto\" style=\"vertical-align: inherit\">nella vita reale, al di fuori di un contesto sperimentale,\u00a0 <\/span><\/span><strong><span dir=\"auto\" style=\"vertical-align: inherit\"><span dir=\"auto\" style=\"vertical-align: inherit\">non \u00e8 facile.<\/span><\/span><\/strong><\/em><\/p>\n<\/div>\n<\/div>\n<\/div>\n<\/div>\n<\/div>\n<\/section>\n<section class=\"elementor-section elementor-top-section elementor-element elementor-element-d043db3 elementor-section-boxed elementor-section-height-default elementor-section-height-default\" data-id=\"d043db3\" data-element_type=\"section\">\n<div class=\"elementor-container elementor-column-gap-default\">\n<div class=\"elementor-column elementor-col-50 elementor-top-column elementor-element elementor-element-74146ae\" data-id=\"74146ae\" data-element_type=\"column\">\n<div class=\"elementor-widget-wrap elementor-element-populated\">\n<div class=\"elementor-element elementor-element-3a0cc03 elementor-widget elementor-widget-text-editor\" data-id=\"3a0cc03\" data-element_type=\"widget\" data-widget_type=\"text-editor.default\">\n<div class=\"elementor-widget-container\">\n<h3><strong><span dir=\"auto\" style=\"vertical-align: inherit\"><span dir=\"auto\" style=\"vertical-align: inherit\">Coltivare le qualit\u00e0&#8230; il trionfo definitivo!<\/span><\/span><\/strong><\/h3>\n<p><span dir=\"auto\" style=\"vertical-align: inherit\"><span dir=\"auto\" style=\"vertical-align: inherit\">A questo si aggiunge il fattore aggravante che <\/span><\/span><em><span dir=\"auto\" style=\"vertical-align: inherit\"><span dir=\"auto\" style=\"vertical-align: inherit\">la critica spesso ottiene\u00a0 <\/span><\/span><strong><span dir=\"auto\" style=\"vertical-align: inherit\"><span dir=\"auto\" style=\"vertical-align: inherit\">risultati a breve termine,<\/span><\/span><\/strong><\/em><span dir=\"auto\" style=\"vertical-align: inherit\"><span dir=\"auto\" style=\"vertical-align: inherit\"> \u00a0il che fa dimenticare il meccanismo fondamentale della trappola.<\/span><\/span><\/p>\n<p><span dir=\"auto\" style=\"vertical-align: inherit\"><span dir=\"auto\" style=\"vertical-align: inherit\">Pertanto, i comandi &#8220;seduti&#8221; impartiti dagli insegnanti nella routine scolastica quotidiana sopra menzionata fanno s\u00ec che i bambini si siedano momentaneamente, anche se poi si alzano di nuovo con una frequenza ancora maggiore, e questo sedersi momentaneo\u00a0 <\/span><\/span><em><span dir=\"auto\" style=\"vertical-align: inherit\"><span dir=\"auto\" style=\"vertical-align: inherit\">pu\u00f2 creare l&#8217;\u00a0 <\/span><\/span><strong><span dir=\"auto\" style=\"vertical-align: inherit\"><span dir=\"auto\" style=\"vertical-align: inherit\">illusione<\/span><\/span><\/strong><span dir=\"auto\" style=\"vertical-align: inherit\"><span dir=\"auto\" style=\"vertical-align: inherit\"> \u00a0che la critica fosse corretta e tempestiva<\/span><\/span><\/em><span dir=\"auto\" style=\"vertical-align: inherit\"><span dir=\"auto\" style=\"vertical-align: inherit\">.<\/span><\/span><\/p>\n<p><span dir=\"auto\" style=\"vertical-align: inherit\"><span dir=\"auto\" style=\"vertical-align: inherit\">Tuttavia, il suo effetto finale \u00e8 opposto, perch\u00e9 costringe gli insegnanti a concentrarsi sul negativo piuttosto che sul positivo, e perch\u00e9 ci\u00f2 su cui ci concentriamo mentalmente riceve sempre un rinforzo.&#8221;<\/span><\/span><\/p>\n<\/div>\n<\/div>\n<\/div>\n<\/div>\n<div class=\"elementor-column elementor-col-50 elementor-top-column elementor-element elementor-element-4d4b913\" data-id=\"4d4b913\" data-element_type=\"column\">\n<div class=\"elementor-widget-wrap elementor-element-populated\">\n<div class=\"elementor-element elementor-element-46e2200 elementor-widget elementor-widget-image\" data-id=\"46e2200\" data-element_type=\"widget\" data-widget_type=\"image.default\">\n<div class=\"elementor-widget-container\"><img loading=\"lazy\" decoding=\"async\" class=\"size-full wp-image-149012 alignnone\" src=\"https:\/\/exaudi.org\/wp-content\/uploads\/2025\/12\/defectos-limitaciones-diferencias-1.jpg\" alt=\"\" width=\"242\" height=\"431\" srcset=\"https:\/\/exaudi.org\/wp-content\/uploads\/2025\/12\/defectos-limitaciones-diferencias-1.jpg 242w, https:\/\/exaudi.org\/wp-content\/uploads\/2025\/12\/defectos-limitaciones-diferencias-1-168x300.jpg 168w\" sizes=\"auto, (max-width: 242px) 100vw, 242px\" \/><\/div>\n<\/div>\n<\/div>\n<\/div>\n<\/div>\n<\/section>\n<section class=\"elementor-section elementor-top-section elementor-element elementor-element-eb4496c elementor-section-boxed elementor-section-height-default elementor-section-height-default\" data-id=\"eb4496c\" data-element_type=\"section\">\n<div class=\"elementor-container elementor-column-gap-default\">\n<div class=\"elementor-column elementor-col-100 elementor-top-column elementor-element elementor-element-d5f136e\" data-id=\"d5f136e\" data-element_type=\"column\">\n<div class=\"elementor-widget-wrap elementor-element-populated\">\n<div class=\"elementor-element elementor-element-592c458 elementor-widget elementor-widget-text-editor\" data-id=\"592c458\" data-element_type=\"widget\" data-widget_type=\"text-editor.default\">\n<div class=\"elementor-widget-container\">\n<p style=\"text-align: center\"><em><strong><span dir=\"auto\" style=\"vertical-align: inherit\"><span dir=\"auto\" style=\"vertical-align: inherit\">La \u201ctrappola della critica\u201d: <\/span><\/span><\/strong><\/em><br \/>\n<em><strong><span dir=\"auto\" style=\"vertical-align: inherit\"><span dir=\"auto\" style=\"vertical-align: inherit\">nella maggior parte dei casi, le critiche ripetute <\/span><\/span><\/strong><\/em><br \/>\n<em><strong><span dir=\"auto\" style=\"vertical-align: inherit\"><span dir=\"auto\" style=\"vertical-align: inherit\">provocano sempre pi\u00f9 comportamenti criticati.<\/span><\/span><\/strong><\/em><\/p>\n<\/div>\n<\/div>\n<\/div>\n<\/div>\n<\/div>\n<\/section>\n<section class=\"elementor-section elementor-top-section elementor-element elementor-element-0407a19 elementor-section-boxed elementor-section-height-default elementor-section-height-default\" data-id=\"0407a19\" data-element_type=\"section\">\n<div class=\"elementor-container elementor-column-gap-default\">\n<div class=\"elementor-column elementor-col-100 elementor-top-column elementor-element elementor-element-7ac9213\" data-id=\"7ac9213\" data-element_type=\"column\">\n<div class=\"elementor-widget-wrap elementor-element-populated\">\n<div class=\"elementor-element elementor-element-7b28031 elementor-widget elementor-widget-heading\" data-id=\"7b28031\" data-element_type=\"widget\" data-widget_type=\"heading.default\">\n<div class=\"elementor-widget-container\">\n<h3 class=\"elementor-heading-title elementor-size-large\"><strong><span dir=\"auto\" style=\"vertical-align: inherit\"><span dir=\"auto\" style=\"vertical-align: inherit\">Conclusione<\/span><\/span><\/strong><\/h3>\n<\/div>\n<\/div>\n<\/div>\n<\/div>\n<\/div>\n<\/section>\n<section class=\"elementor-section elementor-top-section elementor-element elementor-element-c5a6f9e elementor-section-boxed elementor-section-height-default elementor-section-height-default\" data-id=\"c5a6f9e\" data-element_type=\"section\">\n<div class=\"elementor-container elementor-column-gap-default\">\n<div class=\"elementor-column elementor-col-100 elementor-top-column elementor-element elementor-element-45b2dcb\" data-id=\"45b2dcb\" data-element_type=\"column\">\n<div class=\"elementor-widget-wrap elementor-element-populated\">\n<div class=\"elementor-element elementor-element-7fbbebf elementor-widget elementor-widget-text-editor\" data-id=\"7fbbebf\" data-element_type=\"widget\" data-widget_type=\"text-editor.default\">\n<div class=\"elementor-widget-container\">\n<p style=\"text-align: center\"><em><strong><span dir=\"auto\" style=\"vertical-align: inherit\"><span dir=\"auto\" style=\"vertical-align: inherit\">Contrariamente a quanto spesso si crede, <\/span><\/span><\/strong><\/em><br \/>\n<em><strong><span dir=\"auto\" style=\"vertical-align: inherit\"><span dir=\"auto\" style=\"vertical-align: inherit\">\u00e8 assolutamente dimostrato <\/span><\/span><\/strong><\/em><br \/>\n<em><strong><span dir=\"auto\" style=\"vertical-align: inherit\"><span dir=\"auto\" style=\"vertical-align: inherit\">che coltivare le qualit\u00e0 \u00e8 molto pi\u00f9 efficace <\/span><\/span><\/strong><\/em><br \/>\n<em><strong><span dir=\"auto\" style=\"vertical-align: inherit\"><span dir=\"auto\" style=\"vertical-align: inherit\">che cercare di eliminare i difetti.<\/span><\/span><\/strong><\/em><\/p>\n<\/div>\n<\/div>\n<\/div>\n<\/div>\n<\/div>\n<\/section>\n<section class=\"elementor-section elementor-top-section elementor-element elementor-element-24dad53f elementor-section-boxed elementor-section-height-default elementor-section-height-default\" data-id=\"24dad53f\" data-element_type=\"section\">\n<div class=\"elementor-container elementor-column-gap-default\">\n<div class=\"elementor-column elementor-col-100 elementor-top-column elementor-element elementor-element-1c59d449\" data-id=\"1c59d449\" data-element_type=\"column\">\n<div class=\"elementor-widget-wrap elementor-element-populated\">\n<div class=\"elementor-element elementor-element-4149fd07 elementor-widget elementor-widget-text-editor\" data-id=\"4149fd07\" data-element_type=\"widget\" data-widget_type=\"text-editor.default\">\n<div class=\"elementor-widget-container\">\n<p><strong><span dir=\"auto\" style=\"vertical-align: inherit\"><span dir=\"auto\" style=\"vertical-align: inherit\">Tom\u00e1s Melendo, <\/span><\/span><\/strong><br \/>\n<strong><span dir=\"auto\" style=\"vertical-align: inherit\"><span dir=\"auto\" style=\"vertical-align: inherit\">Presidente di Edufamilia <\/span><\/span><\/strong><br \/>\n<strong><a href=\"http:\/\/www.edufamilia.com\/\" rel=\"nofollow\"><span dir=\"auto\" style=\"vertical-align: inherit\"><span dir=\"auto\" style=\"vertical-align: inherit\">http:\/\/www.edufamilia.com<\/span><\/span><\/a><\/strong><br \/>\n<strong><span dir=\"auto\" style=\"vertical-align: inherit\"><span dir=\"auto\" style=\"vertical-align: inherit\"> tmelendo@uma.es<\/span><\/span><\/strong><\/p>\n<\/div>\n<\/div>\n<\/div>\n<\/div>\n<\/div>\n<\/section>\n","protected":false},"excerpt":{"rendered":"<p>Valorizzare i punti di forza: una strada sicura per il successo<\/p>\n","protected":false},"author":167,"featured_media":148994,"comment_status":"closed","ping_status":"closed","sticky":false,"template":"","format":"standard","meta":{"_acf_changed":false,"_crdt_document":"","inline_featured_image":false,"footnotes":""},"categories":[129],"tags":[1752,84599,84600,3273,84604,73518,84601,84602,69840,84603,758,1720,3986,13547,73519,84607,11774,79650,84611,48673,834,84608,56912,5772,84609,22432,84610,74340,84605,14780,46922,64787,84606],"class_list":["post-149225","post","type-post","status-publish","format-standard","has-post-thumbnail","hentry","category-voci","tag-amore","tag-attenzione-positiva","tag-attenzione-selettiva","tag-bambini","tag-comportamento-elogiativo","tag-comportamento-infantile","tag-correggere-le-debolezze","tag-critica-distruttiva","tag-edufamilia-2","tag-elisabeth-lukas-2","tag-famiglia","tag-felicita","tag-genitori","tag-genitorialita","tag-genitorialita-efficace","tag-ignorare-le-debolezze","tag-istruzione","tag-knowmoretolovebetter","tag-la-trappola-della-critica","tag-logoterapia-2","tag-matrimonio","tag-matrimonio-positivo-2","tag-pedagogia-positiva-2","tag-persona","tag-psicologia-comportamentale","tag-relazioni-familiari","tag-rinforzo-negativo","tag-rinforzo-positivo","tag-successo-scolastico","tag-sviluppo-personale","tag-tomas-melendo-2","tag-trending-it-236","tag-valorizzare-i-punti-di-forza"],"acf":[],"yoast_head":"<!-- This site is optimized with the Yoast SEO plugin v27.5 - https:\/\/yoast.com\/product\/yoast-seo-wordpress\/ -->\n<title>Valorizzare i punti di forza o correggere le debolezze &#8211; Exaudi<\/title>\n<meta name=\"robots\" content=\"index, follow, max-snippet:-1, max-image-preview:large, max-video-preview:-1\" \/>\n<link rel=\"canonical\" href=\"https:\/\/exaudi.org\/it\/valorizzare-i-punti-di-forza-o-correggere-le-debolezze\/\" \/>\n<meta property=\"og:locale\" content=\"it_IT\" \/>\n<meta property=\"og:type\" content=\"article\" \/>\n<meta property=\"og:title\" content=\"Valorizzare i punti di forza o correggere le debolezze &#8211; Exaudi\" \/>\n<meta property=\"og:description\" content=\"Valorizzare i punti di forza: una strada sicura per il successo\" \/>\n<meta property=\"og:url\" content=\"https:\/\/exaudi.org\/it\/valorizzare-i-punti-di-forza-o-correggere-le-debolezze\/\" \/>\n<meta property=\"og:site_name\" content=\"Exaudi\" \/>\n<meta property=\"article:publisher\" content=\"https:\/\/www.facebook.com\/ExaudiNews\" \/>\n<meta property=\"article:author\" content=\"https:\/\/www.facebook.com\/TomasMelendo\" \/>\n<meta property=\"article:published_time\" content=\"2025-12-05T15:12:59+00:00\" \/>\n<meta property=\"og:image\" content=\"https:\/\/exaudi.org\/wp-content\/uploads\/2025\/12\/16.Fomentar-cualidades-o-corregir-defectos.jpg\" \/>\n\t<meta property=\"og:image:width\" content=\"1920\" \/>\n\t<meta property=\"og:image:height\" content=\"1080\" \/>\n\t<meta property=\"og:image:type\" content=\"image\/jpeg\" \/>\n<meta name=\"author\" content=\"EduFamilia\" \/>\n<meta name=\"twitter:card\" content=\"summary_large_image\" \/>\n<meta name=\"twitter:creator\" content=\"@Exaudi_News\" \/>\n<meta name=\"twitter:site\" content=\"@Exaudi_News\" \/>\n<meta name=\"twitter:label1\" content=\"Scritto da\" \/>\n\t<meta name=\"twitter:data1\" content=\"EduFamilia\" \/>\n\t<meta name=\"twitter:label2\" content=\"Tempo di lettura stimato\" \/>\n\t<meta name=\"twitter:data2\" content=\"6 minuti\" \/>\n<script type=\"application\/ld+json\" class=\"yoast-schema-graph\">{\"@context\":\"https:\\\/\\\/schema.org\",\"@graph\":[{\"@type\":\"Article\",\"@id\":\"https:\\\/\\\/exaudi.org\\\/it\\\/valorizzare-i-punti-di-forza-o-correggere-le-debolezze\\\/#article\",\"isPartOf\":{\"@id\":\"https:\\\/\\\/exaudi.org\\\/it\\\/valorizzare-i-punti-di-forza-o-correggere-le-debolezze\\\/\"},\"author\":{\"name\":\"EduFamilia\",\"@id\":\"https:\\\/\\\/exaudi.org\\\/#\\\/schema\\\/person\\\/789fd6e2af95f3a374496fef6b8057fc\"},\"headline\":\"Valorizzare i punti di forza o correggere le debolezze\",\"datePublished\":\"2025-12-05T15:12:59+00:00\",\"mainEntityOfPage\":{\"@id\":\"https:\\\/\\\/exaudi.org\\\/it\\\/valorizzare-i-punti-di-forza-o-correggere-le-debolezze\\\/\"},\"wordCount\":1126,\"image\":{\"@id\":\"https:\\\/\\\/exaudi.org\\\/it\\\/valorizzare-i-punti-di-forza-o-correggere-le-debolezze\\\/#primaryimage\"},\"thumbnailUrl\":\"https:\\\/\\\/exaudi.org\\\/wp-content\\\/uploads\\\/2025\\\/12\\\/16.Fomentar-cualidades-o-corregir-defectos.jpg\",\"keywords\":[\"amore\",\"attenzione positiva\",\"attenzione selettiva\",\"bambini\",\"comportamento elogiativo\",\"Comportamento infantile\",\"correggere le debolezze\",\"critica distruttiva\",\"EduFamilia\",\"Elisabeth Lukas\",\"famiglia\",\"felicit\u00e0\",\"genitori\",\"GENITORIALIT\u00c0\",\"Genitorialit\u00e0 efficace\",\"ignorare le debolezze\",\"ISTRUZIONE\",\"KnowMoreToLoveBetter\",\"la trappola della critica\",\"logoterapia\",\"matrimonio\",\"matrimonio positivo\",\"pedagogia positiva\",\"persona\",\"psicologia comportamentale\",\"relazioni familiari\",\"rinforzo negativo\",\"rinforzo positivo\",\"successo scolastico\",\"SVILUPPO PERSONALE\",\"Tom\u00e1s Melendo\",\"Trending\",\"valorizzare i punti di forza\"],\"articleSection\":[\"Voci\"],\"inLanguage\":\"it-IT\"},{\"@type\":\"WebPage\",\"@id\":\"https:\\\/\\\/exaudi.org\\\/it\\\/valorizzare-i-punti-di-forza-o-correggere-le-debolezze\\\/\",\"url\":\"https:\\\/\\\/exaudi.org\\\/it\\\/valorizzare-i-punti-di-forza-o-correggere-le-debolezze\\\/\",\"name\":\"Valorizzare i punti di forza o correggere le debolezze &#8211; Exaudi\",\"isPartOf\":{\"@id\":\"https:\\\/\\\/exaudi.org\\\/#website\"},\"primaryImageOfPage\":{\"@id\":\"https:\\\/\\\/exaudi.org\\\/it\\\/valorizzare-i-punti-di-forza-o-correggere-le-debolezze\\\/#primaryimage\"},\"image\":{\"@id\":\"https:\\\/\\\/exaudi.org\\\/it\\\/valorizzare-i-punti-di-forza-o-correggere-le-debolezze\\\/#primaryimage\"},\"thumbnailUrl\":\"https:\\\/\\\/exaudi.org\\\/wp-content\\\/uploads\\\/2025\\\/12\\\/16.Fomentar-cualidades-o-corregir-defectos.jpg\",\"datePublished\":\"2025-12-05T15:12:59+00:00\",\"author\":{\"@id\":\"https:\\\/\\\/exaudi.org\\\/#\\\/schema\\\/person\\\/789fd6e2af95f3a374496fef6b8057fc\"},\"breadcrumb\":{\"@id\":\"https:\\\/\\\/exaudi.org\\\/it\\\/valorizzare-i-punti-di-forza-o-correggere-le-debolezze\\\/#breadcrumb\"},\"inLanguage\":\"it-IT\",\"potentialAction\":[{\"@type\":\"ReadAction\",\"target\":[\"https:\\\/\\\/exaudi.org\\\/it\\\/valorizzare-i-punti-di-forza-o-correggere-le-debolezze\\\/\"]}]},{\"@type\":\"ImageObject\",\"inLanguage\":\"it-IT\",\"@id\":\"https:\\\/\\\/exaudi.org\\\/it\\\/valorizzare-i-punti-di-forza-o-correggere-le-debolezze\\\/#primaryimage\",\"url\":\"https:\\\/\\\/exaudi.org\\\/wp-content\\\/uploads\\\/2025\\\/12\\\/16.Fomentar-cualidades-o-corregir-defectos.jpg\",\"contentUrl\":\"https:\\\/\\\/exaudi.org\\\/wp-content\\\/uploads\\\/2025\\\/12\\\/16.Fomentar-cualidades-o-corregir-defectos.jpg\",\"width\":1920,\"height\":1080},{\"@type\":\"BreadcrumbList\",\"@id\":\"https:\\\/\\\/exaudi.org\\\/it\\\/valorizzare-i-punti-di-forza-o-correggere-le-debolezze\\\/#breadcrumb\",\"itemListElement\":[{\"@type\":\"ListItem\",\"position\":1,\"name\":\"Portada\",\"item\":\"https:\\\/\\\/exaudi.org\\\/it\\\/\"},{\"@type\":\"ListItem\",\"position\":2,\"name\":\"Valorizzare i punti di forza o correggere le debolezze\"}]},{\"@type\":\"WebSite\",\"@id\":\"https:\\\/\\\/exaudi.org\\\/#website\",\"url\":\"https:\\\/\\\/exaudi.org\\\/\",\"name\":\"Exaudi\",\"description\":\"News\",\"potentialAction\":[{\"@type\":\"SearchAction\",\"target\":{\"@type\":\"EntryPoint\",\"urlTemplate\":\"https:\\\/\\\/exaudi.org\\\/?s={search_term_string}\"},\"query-input\":{\"@type\":\"PropertyValueSpecification\",\"valueRequired\":true,\"valueName\":\"search_term_string\"}}],\"inLanguage\":\"it-IT\"},{\"@type\":\"Person\",\"@id\":\"https:\\\/\\\/exaudi.org\\\/#\\\/schema\\\/person\\\/789fd6e2af95f3a374496fef6b8057fc\",\"name\":\"EduFamilia\",\"image\":{\"@type\":\"ImageObject\",\"inLanguage\":\"it-IT\",\"@id\":\"https:\\\/\\\/secure.gravatar.com\\\/avatar\\\/2ef1f3f76e97154daa0e14918939159ff06d6dba59a62843c706f74f696d396c?s=96&d=mm&r=g\",\"url\":\"https:\\\/\\\/secure.gravatar.com\\\/avatar\\\/2ef1f3f76e97154daa0e14918939159ff06d6dba59a62843c706f74f696d396c?s=96&d=mm&r=g\",\"contentUrl\":\"https:\\\/\\\/secure.gravatar.com\\\/avatar\\\/2ef1f3f76e97154daa0e14918939159ff06d6dba59a62843c706f74f696d396c?s=96&d=mm&r=g\",\"caption\":\"EduFamilia\"},\"description\":\"Edufamilia es una asociaci\u00f3n sin \u00e1nimo de lucro, nacida en el a\u00f1o 2005. Su fundador, Tom\u00e1s Melendo, advirti\u00f3 que una mejora en la calidad de las familias facilitar\u00eda la resoluci\u00f3n de bastantes de los problemas que aquejan a la sociedad de hoy. Y, apoyado siempre por su mujer, decidi\u00f3 lanzarse a esta aventura que cuenta con casi veinte a\u00f1os de vida y con m\u00faltiples ediciones de los distintos cursos formativos: M\u00e1steres y Maestr\u00edas, Expertos, cursos m\u00e1s breves, conferencias, ciclos culturales, seminarios y otros programas educativos. Aunque las primeras ediciones tuvieron car\u00e1cter presencial, actualmente se ha hecho un gran esfuerzo por promover la infraestructura virtual para adaptarse a los nuevos tiempos y que la formaci\u00f3n en torno a la familia alcance al mundo entero.\",\"sameAs\":[\"https:\\\/\\\/edufamilia.com\\\/\",\"https:\\\/\\\/www.facebook.com\\\/TomasMelendo\",\"https:\\\/\\\/www.instagram.com\\\/tomasmelendo\\\/\",\"https:\\\/\\\/www.linkedin.com\\\/company\\\/asociacin-edufamilia\\\/\",\"https:\\\/\\\/www.youtube.com\\\/channel\\\/UCU-7o2eQZJuHNtXB8AMMc1Q\"],\"url\":\"https:\\\/\\\/exaudi.org\\\/it\\\/author\\\/edufamilia\\\/\"}]}<\/script>\n<!-- \/ Yoast SEO plugin. -->","yoast_head_json":{"title":"Valorizzare i punti di forza o correggere le debolezze &#8211; Exaudi","robots":{"index":"index","follow":"follow","max-snippet":"max-snippet:-1","max-image-preview":"max-image-preview:large","max-video-preview":"max-video-preview:-1"},"canonical":"https:\/\/exaudi.org\/it\/valorizzare-i-punti-di-forza-o-correggere-le-debolezze\/","og_locale":"it_IT","og_type":"article","og_title":"Valorizzare i punti di forza o correggere le debolezze &#8211; Exaudi","og_description":"Valorizzare i punti di forza: una strada sicura per il successo","og_url":"https:\/\/exaudi.org\/it\/valorizzare-i-punti-di-forza-o-correggere-le-debolezze\/","og_site_name":"Exaudi","article_publisher":"https:\/\/www.facebook.com\/ExaudiNews","article_author":"https:\/\/www.facebook.com\/TomasMelendo","article_published_time":"2025-12-05T15:12:59+00:00","og_image":[{"width":1920,"height":1080,"url":"https:\/\/exaudi.org\/wp-content\/uploads\/2025\/12\/16.Fomentar-cualidades-o-corregir-defectos.jpg","type":"image\/jpeg"}],"author":"EduFamilia","twitter_card":"summary_large_image","twitter_creator":"@Exaudi_News","twitter_site":"@Exaudi_News","twitter_misc":{"Scritto da":"EduFamilia","Tempo di lettura stimato":"6 minuti"},"schema":{"@context":"https:\/\/schema.org","@graph":[{"@type":"Article","@id":"https:\/\/exaudi.org\/it\/valorizzare-i-punti-di-forza-o-correggere-le-debolezze\/#article","isPartOf":{"@id":"https:\/\/exaudi.org\/it\/valorizzare-i-punti-di-forza-o-correggere-le-debolezze\/"},"author":{"name":"EduFamilia","@id":"https:\/\/exaudi.org\/#\/schema\/person\/789fd6e2af95f3a374496fef6b8057fc"},"headline":"Valorizzare i punti di forza o correggere le debolezze","datePublished":"2025-12-05T15:12:59+00:00","mainEntityOfPage":{"@id":"https:\/\/exaudi.org\/it\/valorizzare-i-punti-di-forza-o-correggere-le-debolezze\/"},"wordCount":1126,"image":{"@id":"https:\/\/exaudi.org\/it\/valorizzare-i-punti-di-forza-o-correggere-le-debolezze\/#primaryimage"},"thumbnailUrl":"https:\/\/exaudi.org\/wp-content\/uploads\/2025\/12\/16.Fomentar-cualidades-o-corregir-defectos.jpg","keywords":["amore","attenzione positiva","attenzione selettiva","bambini","comportamento elogiativo","Comportamento infantile","correggere le debolezze","critica distruttiva","EduFamilia","Elisabeth Lukas","famiglia","felicit\u00e0","genitori","GENITORIALIT\u00c0","Genitorialit\u00e0 efficace","ignorare le debolezze","ISTRUZIONE","KnowMoreToLoveBetter","la trappola della critica","logoterapia","matrimonio","matrimonio positivo","pedagogia positiva","persona","psicologia comportamentale","relazioni familiari","rinforzo negativo","rinforzo positivo","successo scolastico","SVILUPPO PERSONALE","Tom\u00e1s Melendo","Trending","valorizzare i punti di forza"],"articleSection":["Voci"],"inLanguage":"it-IT"},{"@type":"WebPage","@id":"https:\/\/exaudi.org\/it\/valorizzare-i-punti-di-forza-o-correggere-le-debolezze\/","url":"https:\/\/exaudi.org\/it\/valorizzare-i-punti-di-forza-o-correggere-le-debolezze\/","name":"Valorizzare i punti di forza o correggere le debolezze &#8211; Exaudi","isPartOf":{"@id":"https:\/\/exaudi.org\/#website"},"primaryImageOfPage":{"@id":"https:\/\/exaudi.org\/it\/valorizzare-i-punti-di-forza-o-correggere-le-debolezze\/#primaryimage"},"image":{"@id":"https:\/\/exaudi.org\/it\/valorizzare-i-punti-di-forza-o-correggere-le-debolezze\/#primaryimage"},"thumbnailUrl":"https:\/\/exaudi.org\/wp-content\/uploads\/2025\/12\/16.Fomentar-cualidades-o-corregir-defectos.jpg","datePublished":"2025-12-05T15:12:59+00:00","author":{"@id":"https:\/\/exaudi.org\/#\/schema\/person\/789fd6e2af95f3a374496fef6b8057fc"},"breadcrumb":{"@id":"https:\/\/exaudi.org\/it\/valorizzare-i-punti-di-forza-o-correggere-le-debolezze\/#breadcrumb"},"inLanguage":"it-IT","potentialAction":[{"@type":"ReadAction","target":["https:\/\/exaudi.org\/it\/valorizzare-i-punti-di-forza-o-correggere-le-debolezze\/"]}]},{"@type":"ImageObject","inLanguage":"it-IT","@id":"https:\/\/exaudi.org\/it\/valorizzare-i-punti-di-forza-o-correggere-le-debolezze\/#primaryimage","url":"https:\/\/exaudi.org\/wp-content\/uploads\/2025\/12\/16.Fomentar-cualidades-o-corregir-defectos.jpg","contentUrl":"https:\/\/exaudi.org\/wp-content\/uploads\/2025\/12\/16.Fomentar-cualidades-o-corregir-defectos.jpg","width":1920,"height":1080},{"@type":"BreadcrumbList","@id":"https:\/\/exaudi.org\/it\/valorizzare-i-punti-di-forza-o-correggere-le-debolezze\/#breadcrumb","itemListElement":[{"@type":"ListItem","position":1,"name":"Portada","item":"https:\/\/exaudi.org\/it\/"},{"@type":"ListItem","position":2,"name":"Valorizzare i punti di forza o correggere le debolezze"}]},{"@type":"WebSite","@id":"https:\/\/exaudi.org\/#website","url":"https:\/\/exaudi.org\/","name":"Exaudi","description":"News","potentialAction":[{"@type":"SearchAction","target":{"@type":"EntryPoint","urlTemplate":"https:\/\/exaudi.org\/?s={search_term_string}"},"query-input":{"@type":"PropertyValueSpecification","valueRequired":true,"valueName":"search_term_string"}}],"inLanguage":"it-IT"},{"@type":"Person","@id":"https:\/\/exaudi.org\/#\/schema\/person\/789fd6e2af95f3a374496fef6b8057fc","name":"EduFamilia","image":{"@type":"ImageObject","inLanguage":"it-IT","@id":"https:\/\/secure.gravatar.com\/avatar\/2ef1f3f76e97154daa0e14918939159ff06d6dba59a62843c706f74f696d396c?s=96&d=mm&r=g","url":"https:\/\/secure.gravatar.com\/avatar\/2ef1f3f76e97154daa0e14918939159ff06d6dba59a62843c706f74f696d396c?s=96&d=mm&r=g","contentUrl":"https:\/\/secure.gravatar.com\/avatar\/2ef1f3f76e97154daa0e14918939159ff06d6dba59a62843c706f74f696d396c?s=96&d=mm&r=g","caption":"EduFamilia"},"description":"Edufamilia es una asociaci\u00f3n sin \u00e1nimo de lucro, nacida en el a\u00f1o 2005. Su fundador, Tom\u00e1s Melendo, advirti\u00f3 que una mejora en la calidad de las familias facilitar\u00eda la resoluci\u00f3n de bastantes de los problemas que aquejan a la sociedad de hoy. Y, apoyado siempre por su mujer, decidi\u00f3 lanzarse a esta aventura que cuenta con casi veinte a\u00f1os de vida y con m\u00faltiples ediciones de los distintos cursos formativos: M\u00e1steres y Maestr\u00edas, Expertos, cursos m\u00e1s breves, conferencias, ciclos culturales, seminarios y otros programas educativos. Aunque las primeras ediciones tuvieron car\u00e1cter presencial, actualmente se ha hecho un gran esfuerzo por promover la infraestructura virtual para adaptarse a los nuevos tiempos y que la formaci\u00f3n en torno a la familia alcance al mundo entero.","sameAs":["https:\/\/edufamilia.com\/","https:\/\/www.facebook.com\/TomasMelendo","https:\/\/www.instagram.com\/tomasmelendo\/","https:\/\/www.linkedin.com\/company\/asociacin-edufamilia\/","https:\/\/www.youtube.com\/channel\/UCU-7o2eQZJuHNtXB8AMMc1Q"],"url":"https:\/\/exaudi.org\/it\/author\/edufamilia\/"}]}},"jetpack_featured_media_url":"https:\/\/exaudi.org\/wp-content\/uploads\/2025\/12\/16.Fomentar-cualidades-o-corregir-defectos.jpg","jetpack_shortlink":"https:\/\/wp.me\/pgKjF2-COR","_links":{"self":[{"href":"https:\/\/exaudi.org\/it\/wp-json\/wp\/v2\/posts\/149225","targetHints":{"allow":["GET"]}}],"collection":[{"href":"https:\/\/exaudi.org\/it\/wp-json\/wp\/v2\/posts"}],"about":[{"href":"https:\/\/exaudi.org\/it\/wp-json\/wp\/v2\/types\/post"}],"author":[{"embeddable":true,"href":"https:\/\/exaudi.org\/it\/wp-json\/wp\/v2\/users\/167"}],"replies":[{"embeddable":true,"href":"https:\/\/exaudi.org\/it\/wp-json\/wp\/v2\/comments?post=149225"}],"version-history":[{"count":3,"href":"https:\/\/exaudi.org\/it\/wp-json\/wp\/v2\/posts\/149225\/revisions"}],"predecessor-version":[{"id":149229,"href":"https:\/\/exaudi.org\/it\/wp-json\/wp\/v2\/posts\/149225\/revisions\/149229"}],"wp:featuredmedia":[{"embeddable":true,"href":"https:\/\/exaudi.org\/it\/wp-json\/wp\/v2\/media\/148994"}],"wp:attachment":[{"href":"https:\/\/exaudi.org\/it\/wp-json\/wp\/v2\/media?parent=149225"}],"wp:term":[{"taxonomy":"category","embeddable":true,"href":"https:\/\/exaudi.org\/it\/wp-json\/wp\/v2\/categories?post=149225"},{"taxonomy":"post_tag","embeddable":true,"href":"https:\/\/exaudi.org\/it\/wp-json\/wp\/v2\/tags?post=149225"}],"curies":[{"name":"wp","href":"https:\/\/api.w.org\/{rel}","templated":true}]}}