{"id":149217,"date":"2025-12-05T15:57:01","date_gmt":"2025-12-05T14:57:01","guid":{"rendered":"https:\/\/exaudi.org\/?p=149217"},"modified":"2025-12-05T15:57:01","modified_gmt":"2025-12-05T14:57:01","slug":"i-figli-come-dono-di-dio","status":"publish","type":"post","link":"https:\/\/exaudi.org\/it\/i-figli-come-dono-di-dio\/","title":{"rendered":"I figli come dono di Dio"},"content":{"rendered":"<p dir=\"auto\"><span dir=\"auto\" style=\"vertical-align: inherit\"><span dir=\"auto\" style=\"vertical-align: inherit\">Al centro dell&#8217;insegnamento cattolico sulla famiglia, i figli non sono semplicemente frutto di progetti umani, ma doni preziosi della Divina Provvidenza. Questa visione, radicata nella Sacra Scrittura e sviluppata in documenti magisteriali come l&#8217;esortazione apostolica di San Giovanni Paolo II Familiaris Consortio, ci invita a riflettere su come educhiamo le nuove generazioni. Li vediamo come &#8220;progetti&#8221; da plasmare per il successo sociale ed economico, o come doni affidati da Dio per formare discepoli del Vangelo? Il paragrafo 36 di Familiaris Consortio ci offre una guida illuminante per navigare questa tensione, ricordandoci che l&#8217;educazione dei genitori \u00e8 un diritto e un dovere essenziale, originario e primario, fondato sull&#8217;amore paterno e materno, che riflette l&#8217;amore creativo di Dio.<\/span><\/span><\/p>\n<p dir=\"auto\"><span dir=\"auto\" style=\"vertical-align: inherit\"><span dir=\"auto\" style=\"vertical-align: inherit\">In questo articolo esploreremo questa prospettiva in modo positivo e costruttivo, evidenziando come un&#8217;educazione olistica possa armonizzare lo sviluppo umano con la fede, favorendo non consumatori passivi del mondo, ma discepoli attivi del Regno.<\/span><\/span><\/p>\n<h3 dir=\"auto\"><strong><span dir=\"auto\" style=\"vertical-align: inherit\"><span dir=\"auto\" style=\"vertical-align: inherit\">I figli come dono: partecipazione all&#8217;opera creatrice di Dio<\/span><\/span><\/strong><\/h3>\n<p dir=\"auto\"><span dir=\"auto\" style=\"vertical-align: inherit\"><span dir=\"auto\" style=\"vertical-align: inherit\">La tradizione cattolica afferma chiaramente che i figli sono un dono supremo di Dio, non un prodotto delle nostre ambizioni. Nell&#8217;enciclica Humanae Vitae, Papa Paolo VI insegna che &#8220;i figli sono senza dubbio il dono pi\u00f9 eccellente del matrimonio e contribuiscono grandemente al bene degli stessi genitori&#8221;. Questa affermazione non \u00e8 poetica, ma teologica: il figlio arriva come una benedizione che arricchisce la comunione familiare, ricordandoci che la vita umana \u00e8 sacra e partecipa al mistero della creazione divina.<\/span><\/span><\/p>\n<p dir=\"auto\"><span dir=\"auto\" style=\"vertical-align: inherit\"><span dir=\"auto\" style=\"vertical-align: inherit\">Papa Francesco, nell&#8217;udienza generale dell&#8217;11 febbraio 2015, ha approfondito questo aspetto, affermando che &#8220;i figli sono un dono. Ognuno \u00e8 unico e irripetibile e, allo stesso tempo, \u00e8 inconfondibilmente legato alle proprie radici&#8221;. Vedere un figlio come un dono significa accoglierlo con gratitudine, riconoscendo la sua dignit\u00e0 intrinseca come immagine di Dio (Genesi 1,27), non come una tela bianca su cui imporre le nostre aspettative.<\/span><\/span><\/p>\n<p dir=\"auto\"><span dir=\"auto\" style=\"vertical-align: inherit\"><span dir=\"auto\" style=\"vertical-align: inherit\">Didatticamente, questo ci insegna a coltivare un atteggiamento di apertura. Invece di insistere per risultati esteriori, i genitori sono chiamati a nutrire la crescita integrale del figlio. Il Catechismo della Chiesa Cattolica (n. 2226) sottolinea che &#8220;l&#8217;educazione dei genitori alla fede deve iniziare fin dalla prima infanzia&#8221;, \u200b\u200baiutando i membri della famiglia a crescere insieme nella fede. Questa educazione precoce non \u00e8 un &#8220;progetto&#8221; calcolato, ma un processo organico di amore, in cui il bambino impara ad amare Dio e il prossimo attraverso l&#8217;esempio quotidiano. Costruiamo, quindi, famiglie in cui la preghiera familiare, la lettura della Bibbia e gli atti di carit\u00e0 forniscano un terreno fertile per questo dono divino.<\/span><\/span><\/p>\n<h3 dir=\"auto\"><strong><span dir=\"auto\" style=\"vertical-align: inherit\"><span dir=\"auto\" style=\"vertical-align: inherit\">La tentazione dell&#8217;educazione elitaria: sacrificare la fede per il successo mondano<\/span><\/span><\/strong><\/h3>\n<p dir=\"auto\"><span dir=\"auto\" style=\"vertical-align: inherit\"><span dir=\"auto\" style=\"vertical-align: inherit\">In un mondo ossessionato dal successo materiale \u2013 carriere prestigiose, status sociale e successi accademici \u2013 sorge la tentazione di trattare i figli come &#8220;progetti&#8221; da ottimizzare. Familiaris Consortio (n. 36) mette implicitamente in guardia da questo, sottolineando che il dovere educativo dei genitori \u00e8 &#8220;insostituibile e inalienabile&#8221;, non delegabile a istituzioni che privilegiano il mondano sullo spirituale. Questa educazione elitaria, che sacrifica la fede in nome del &#8220;successo&#8221;, pu\u00f2 portare alla formazione di consumatori egoisti invece che di discepoli generosi.<\/span><\/span><\/p>\n<p dir=\"auto\"><span dir=\"auto\" style=\"vertical-align: inherit\"><span dir=\"auto\" style=\"vertical-align: inherit\">Quando diamo priorit\u00e0 al successo elitario \u2013 ad esempio, iscrivendo i nostri figli a scuole esclusive che ignorano la formazione morale \u2013 rischiamo di crescere individui che vedono la vita come un mercato di opportunit\u00e0, piuttosto che discepoli che rispondono alla chiamata di Cristo: \u00abAndate dunque e fate discepoli tutti i popoli\u00bb (Mt 28,19). Tuttavia, questa tentazione non \u00e8 inevitabile; \u00e8 un&#8217;opportunit\u00e0 di discernimento. La dichiarazione conciliare Gravissimum Educationis ci guida affermando che la Chiesa contribuisce a \u00abriempire la vita [dei bambini] dello spirito di Cristo\u00bb, promuovendo un&#8217;educazione che integri fede e ragione per il bene comune.<\/span><\/span><\/p>\n<h3 dir=\"auto\"><strong><span dir=\"auto\" style=\"vertical-align: inherit\"><span dir=\"auto\" style=\"vertical-align: inherit\">Formazione dei discepoli: strumenti pratici per un&#8217;educazione olistica<\/span><\/span><\/strong><\/h3>\n<p dir=\"auto\"><span dir=\"auto\" style=\"vertical-align: inherit\"><span dir=\"auto\" style=\"vertical-align: inherit\">Per essere didascalici, vediamo come trasformare questa visione in azione quotidiana:<\/span><\/span><\/p>\n<ol dir=\"auto\">\n<li><span dir=\"auto\" style=\"vertical-align: inherit\"><span dir=\"auto\" style=\"vertical-align: inherit\">Riconosciamo che educare discepoli significa formare persone che vivono il Vangelo nel mondo. Il Catechismo (n. 1814) definisce la fede come \u00abla virt\u00f9 teologale per la quale crediamo in Dio e in tutto ci\u00f2 che egli ci ha detto e rivelato\u00bb, e questa si trasmette in casa attraverso semplici rituali: la Messa domenicale in famiglia, la benedizione della mensa o la discussione sulle letture bibliche.<\/span><\/span><\/li>\n<li><span dir=\"auto\" style=\"vertical-align: inherit\"><span dir=\"auto\" style=\"vertical-align: inherit\">Accogliamo il successo mondano come un mezzo, non come un fine. Amoris Laetitia ci ricorda: &#8220;Il Dio Uno e Trino \u00e8 comunione d&#8217;amore, e la famiglia ne \u00e8 il riflesso vivente&#8221;. Incoraggiamo i nostri figli a perseguire studi e carriere con eccellenza, ma sempre con un approccio orientato al servizio.<\/span><\/span><\/li>\n<li><span dir=\"auto\" style=\"vertical-align: inherit\"><span dir=\"auto\" style=\"vertical-align: inherit\">Promuoviamo comunit\u00e0 solidali. Il Codice di Diritto Canonico (can. 793) afferma che i genitori hanno il diritto e il dovere di scegliere i mezzi e le istituzioni che meglio provvedono all&#8217;educazione cattolica dei propri figli. Uniamoci alle parrocchie e ai gruppi familiari per condividere esperienze e rafforzare il concetto che la fede \u00e8 fonte di vera gioia.<\/span><\/span><\/li>\n<\/ol>\n<h3 dir=\"auto\"><strong><span dir=\"auto\" style=\"vertical-align: inherit\"><span dir=\"auto\" style=\"vertical-align: inherit\">Verso una genitorialit\u00e0 che costruisce il Regno<\/span><\/span><\/strong><\/h3>\n<p dir=\"auto\"><span dir=\"auto\" style=\"vertical-align: inherit\"><span dir=\"auto\" style=\"vertical-align: inherit\">Considerare i figli come doni piuttosto che come progetti ci rende liberi di crescere discepoli che trasformano il mondo con l&#8217;amore di Cristo. Lungi dall&#8217;essere un peso, questa prospettiva \u2013 ispirata a Familiaris Consortio 36 e all&#8217;intero Magistero cattolico \u2013 ci invita a un&#8217;educazione positiva, in cui il successo umano si intreccia con la fede eterna.<\/span><\/span><\/p>\n<p dir=\"auto\"><span dir=\"auto\" style=\"vertical-align: inherit\"><span dir=\"auto\" style=\"vertical-align: inherit\">Genitori ed educatori, confidiamo nell&#8217;amore che Dio ci ha donato: \u00e8 il principio guida che arricchisce ogni impegno educativo con dolcezza, perseveranza e sacrificio gioioso. In questo modo, formeremo non solo individui di successo, ma santi che illumineranno la societ\u00e0. Che Maria, modello di maternit\u00e0 fedele, ci guidi in questa splendida missione.<\/span><\/span><\/p>\n","protected":false},"excerpt":{"rendered":"<p>Educare discepoli anzich\u00e9 consumatori: la tentazione di un&#8217;educazione elitaria che sacrifica la fede in nome del successo (Familiaris Consortio, 36)<\/p>\n","protected":false},"author":154,"featured_media":149019,"comment_status":"closed","ping_status":"closed","sticky":false,"template":"","format":"standard","meta":{"_acf_changed":false,"_crdt_document":"","inline_featured_image":false,"footnotes":""},"categories":[71],"tags":[833,66434,25068,84583,46947,15915,84584,20616,21566,84586,84587,52985,66871,65698,84588,33200,84589,10333,84590,84585,64787,50542],"class_list":["post-149217","post","type-post","status-publish","format-standard","has-post-thumbnail","hentry","category-analisi","tag-amoris-laetitia","tag-catechesi-familiare","tag-catechismo-della-chiesa-cattolica","tag-consumatori-vs-discepoli","tag-discepoli-di-cristo","tag-educazione-alla-fede","tag-educazione-elitaria","tag-famiglia-cristiana-3","tag-familiaris-consortio-2","tag-fede-e-successo-mondano","tag-formazione-integrale-del-figlio","tag-genitori-cattolici","tag-genitorialita-cattolica","tag-gravissimum-educationis-2","tag-i-figli-come-dono-di-dio","tag-laetare-2","tag-missione-educativa-dei-genitori","tag-san-giovanni-paolo-ii","tag-santita-nella-famiglia","tag-successo-secondo-il-vangelo","tag-trending-it-236","tag-vocazione-dei-genitori"],"acf":[],"yoast_head":"<!-- This site is optimized with the Yoast SEO plugin v27.4 - https:\/\/yoast.com\/product\/yoast-seo-wordpress\/ -->\n<title>I figli come dono di Dio &#8211; Exaudi<\/title>\n<meta name=\"robots\" content=\"index, follow, max-snippet:-1, max-image-preview:large, max-video-preview:-1\" \/>\n<link rel=\"canonical\" href=\"https:\/\/exaudi.org\/it\/i-figli-come-dono-di-dio\/\" \/>\n<meta property=\"og:locale\" content=\"it_IT\" \/>\n<meta property=\"og:type\" content=\"article\" \/>\n<meta property=\"og:title\" content=\"I figli come dono di Dio &#8211; Exaudi\" \/>\n<meta property=\"og:description\" content=\"Educare discepoli anzich\u00e9 consumatori: la tentazione di un&#039;educazione elitaria che sacrifica la fede in nome del successo (Familiaris Consortio, 36)\" \/>\n<meta property=\"og:url\" content=\"https:\/\/exaudi.org\/it\/i-figli-come-dono-di-dio\/\" \/>\n<meta property=\"og:site_name\" content=\"Exaudi\" \/>\n<meta property=\"article:publisher\" content=\"https:\/\/www.facebook.com\/ExaudiNews\" \/>\n<meta property=\"article:published_time\" content=\"2025-12-05T14:57:01+00:00\" \/>\n<meta property=\"og:image\" content=\"https:\/\/exaudi.org\/wp-content\/uploads\/2025\/12\/pexels-fotios-photos-1909014-scaled.jpg\" \/>\n\t<meta property=\"og:image:width\" content=\"2560\" \/>\n\t<meta property=\"og:image:height\" content=\"1707\" \/>\n\t<meta property=\"og:image:type\" content=\"image\/jpeg\" \/>\n<meta name=\"author\" content=\"Laetare\" \/>\n<meta name=\"twitter:card\" content=\"summary_large_image\" \/>\n<meta name=\"twitter:creator\" content=\"@Exaudi_News\" \/>\n<meta name=\"twitter:site\" content=\"@Exaudi_News\" \/>\n<meta name=\"twitter:label1\" content=\"Scritto da\" \/>\n\t<meta name=\"twitter:data1\" content=\"Laetare\" \/>\n\t<meta name=\"twitter:label2\" content=\"Tempo di lettura stimato\" \/>\n\t<meta name=\"twitter:data2\" content=\"4 minuti\" \/>\n<script type=\"application\/ld+json\" class=\"yoast-schema-graph\">{\"@context\":\"https:\\\/\\\/schema.org\",\"@graph\":[{\"@type\":\"Article\",\"@id\":\"https:\\\/\\\/exaudi.org\\\/it\\\/i-figli-come-dono-di-dio\\\/#article\",\"isPartOf\":{\"@id\":\"https:\\\/\\\/exaudi.org\\\/it\\\/i-figli-come-dono-di-dio\\\/\"},\"author\":{\"name\":\"Laetare\",\"@id\":\"https:\\\/\\\/exaudi.org\\\/#\\\/schema\\\/person\\\/b4f60770b050db60868378f3d473b3d4\"},\"headline\":\"I figli come dono di Dio\",\"datePublished\":\"2025-12-05T14:57:01+00:00\",\"mainEntityOfPage\":{\"@id\":\"https:\\\/\\\/exaudi.org\\\/it\\\/i-figli-come-dono-di-dio\\\/\"},\"wordCount\":908,\"image\":{\"@id\":\"https:\\\/\\\/exaudi.org\\\/it\\\/i-figli-come-dono-di-dio\\\/#primaryimage\"},\"thumbnailUrl\":\"https:\\\/\\\/exaudi.org\\\/wp-content\\\/uploads\\\/2025\\\/12\\\/pexels-fotios-photos-1909014-scaled.jpg\",\"keywords\":[\"Amoris Laetitia\",\"catechesi familiare\",\"Catechismo della Chiesa Cattolica\",\"consumatori vs. discepoli\",\"Discepoli di Cristo\",\"EDUCAZIONE ALLA FEDE\",\"educazione elitaria\",\"FAMIGLIA CRISTIANA\",\"FAMILIARIS CONSORTIO\",\"fede e successo mondano\",\"formazione integrale del figlio\",\"Genitori cattolici\",\"genitorialit\u00e0 cattolica\",\"Gravissimum Educationis\",\"i figli come dono di Dio\",\"Laetare\",\"missione educativa dei genitori\",\"SAN GIOVANNI PAOLO II\",\"santit\u00e0 nella famiglia\",\"successo secondo il Vangelo\",\"Trending\",\"vocazione dei genitori\"],\"articleSection\":[\"Analisi\"],\"inLanguage\":\"it-IT\"},{\"@type\":\"WebPage\",\"@id\":\"https:\\\/\\\/exaudi.org\\\/it\\\/i-figli-come-dono-di-dio\\\/\",\"url\":\"https:\\\/\\\/exaudi.org\\\/it\\\/i-figli-come-dono-di-dio\\\/\",\"name\":\"I figli come dono di Dio &#8211; Exaudi\",\"isPartOf\":{\"@id\":\"https:\\\/\\\/exaudi.org\\\/#website\"},\"primaryImageOfPage\":{\"@id\":\"https:\\\/\\\/exaudi.org\\\/it\\\/i-figli-come-dono-di-dio\\\/#primaryimage\"},\"image\":{\"@id\":\"https:\\\/\\\/exaudi.org\\\/it\\\/i-figli-come-dono-di-dio\\\/#primaryimage\"},\"thumbnailUrl\":\"https:\\\/\\\/exaudi.org\\\/wp-content\\\/uploads\\\/2025\\\/12\\\/pexels-fotios-photos-1909014-scaled.jpg\",\"datePublished\":\"2025-12-05T14:57:01+00:00\",\"author\":{\"@id\":\"https:\\\/\\\/exaudi.org\\\/#\\\/schema\\\/person\\\/b4f60770b050db60868378f3d473b3d4\"},\"breadcrumb\":{\"@id\":\"https:\\\/\\\/exaudi.org\\\/it\\\/i-figli-come-dono-di-dio\\\/#breadcrumb\"},\"inLanguage\":\"it-IT\",\"potentialAction\":[{\"@type\":\"ReadAction\",\"target\":[\"https:\\\/\\\/exaudi.org\\\/it\\\/i-figli-come-dono-di-dio\\\/\"]}]},{\"@type\":\"ImageObject\",\"inLanguage\":\"it-IT\",\"@id\":\"https:\\\/\\\/exaudi.org\\\/it\\\/i-figli-come-dono-di-dio\\\/#primaryimage\",\"url\":\"https:\\\/\\\/exaudi.org\\\/wp-content\\\/uploads\\\/2025\\\/12\\\/pexels-fotios-photos-1909014-scaled.jpg\",\"contentUrl\":\"https:\\\/\\\/exaudi.org\\\/wp-content\\\/uploads\\\/2025\\\/12\\\/pexels-fotios-photos-1909014-scaled.jpg\",\"width\":2560,\"height\":1707},{\"@type\":\"BreadcrumbList\",\"@id\":\"https:\\\/\\\/exaudi.org\\\/it\\\/i-figli-come-dono-di-dio\\\/#breadcrumb\",\"itemListElement\":[{\"@type\":\"ListItem\",\"position\":1,\"name\":\"Portada\",\"item\":\"https:\\\/\\\/exaudi.org\\\/it\\\/\"},{\"@type\":\"ListItem\",\"position\":2,\"name\":\"I figli come dono di Dio\"}]},{\"@type\":\"WebSite\",\"@id\":\"https:\\\/\\\/exaudi.org\\\/#website\",\"url\":\"https:\\\/\\\/exaudi.org\\\/\",\"name\":\"Exaudi\",\"description\":\"News\",\"potentialAction\":[{\"@type\":\"SearchAction\",\"target\":{\"@type\":\"EntryPoint\",\"urlTemplate\":\"https:\\\/\\\/exaudi.org\\\/?s={search_term_string}\"},\"query-input\":{\"@type\":\"PropertyValueSpecification\",\"valueRequired\":true,\"valueName\":\"search_term_string\"}}],\"inLanguage\":\"it-IT\"},{\"@type\":\"Person\",\"@id\":\"https:\\\/\\\/exaudi.org\\\/#\\\/schema\\\/person\\\/b4f60770b050db60868378f3d473b3d4\",\"name\":\"Laetare\",\"image\":{\"@type\":\"ImageObject\",\"inLanguage\":\"it-IT\",\"@id\":\"https:\\\/\\\/secure.gravatar.com\\\/avatar\\\/239ae5fc763d8bf7c26706d150679faa0bec9e2d51089775f40e9decb4806f15?s=96&d=mm&r=g\",\"url\":\"https:\\\/\\\/secure.gravatar.com\\\/avatar\\\/239ae5fc763d8bf7c26706d150679faa0bec9e2d51089775f40e9decb4806f15?s=96&d=mm&r=g\",\"contentUrl\":\"https:\\\/\\\/secure.gravatar.com\\\/avatar\\\/239ae5fc763d8bf7c26706d150679faa0bec9e2d51089775f40e9decb4806f15?s=96&d=mm&r=g\",\"caption\":\"Laetare\"},\"description\":\"Laetare es una asociaci\u00f3n fundada por Gabriel N\u00fa\u00f1ez, nacida en Sevilla con el prop\u00f3sito de defender y promover el desarrollo integral de la familia cristiana. Su actividad se organiza en cuatro ejes fundamentales: sensibilizar, orar, formar y servir. La asociaci\u00f3n trabaja en la preservaci\u00f3n de la familia como pilar de la sociedad, ofreciendo formaci\u00f3n especializada, retiros espirituales y apoyo integral a matrimonios en crisis, con un enfoque basado en la doctrina cat\u00f3lica y la acci\u00f3n comunitaria.\",\"url\":\"https:\\\/\\\/exaudi.org\\\/it\\\/author\\\/laetare\\\/\"}]}<\/script>\n<!-- \/ Yoast SEO plugin. -->","yoast_head_json":{"title":"I figli come dono di Dio &#8211; Exaudi","robots":{"index":"index","follow":"follow","max-snippet":"max-snippet:-1","max-image-preview":"max-image-preview:large","max-video-preview":"max-video-preview:-1"},"canonical":"https:\/\/exaudi.org\/it\/i-figli-come-dono-di-dio\/","og_locale":"it_IT","og_type":"article","og_title":"I figli come dono di Dio &#8211; Exaudi","og_description":"Educare discepoli anzich\u00e9 consumatori: la tentazione di un'educazione elitaria che sacrifica la fede in nome del successo (Familiaris Consortio, 36)","og_url":"https:\/\/exaudi.org\/it\/i-figli-come-dono-di-dio\/","og_site_name":"Exaudi","article_publisher":"https:\/\/www.facebook.com\/ExaudiNews","article_published_time":"2025-12-05T14:57:01+00:00","og_image":[{"width":2560,"height":1707,"url":"https:\/\/exaudi.org\/wp-content\/uploads\/2025\/12\/pexels-fotios-photos-1909014-scaled.jpg","type":"image\/jpeg"}],"author":"Laetare","twitter_card":"summary_large_image","twitter_creator":"@Exaudi_News","twitter_site":"@Exaudi_News","twitter_misc":{"Scritto da":"Laetare","Tempo di lettura stimato":"4 minuti"},"schema":{"@context":"https:\/\/schema.org","@graph":[{"@type":"Article","@id":"https:\/\/exaudi.org\/it\/i-figli-come-dono-di-dio\/#article","isPartOf":{"@id":"https:\/\/exaudi.org\/it\/i-figli-come-dono-di-dio\/"},"author":{"name":"Laetare","@id":"https:\/\/exaudi.org\/#\/schema\/person\/b4f60770b050db60868378f3d473b3d4"},"headline":"I figli come dono di Dio","datePublished":"2025-12-05T14:57:01+00:00","mainEntityOfPage":{"@id":"https:\/\/exaudi.org\/it\/i-figli-come-dono-di-dio\/"},"wordCount":908,"image":{"@id":"https:\/\/exaudi.org\/it\/i-figli-come-dono-di-dio\/#primaryimage"},"thumbnailUrl":"https:\/\/exaudi.org\/wp-content\/uploads\/2025\/12\/pexels-fotios-photos-1909014-scaled.jpg","keywords":["Amoris Laetitia","catechesi familiare","Catechismo della Chiesa Cattolica","consumatori vs. discepoli","Discepoli di Cristo","EDUCAZIONE ALLA FEDE","educazione elitaria","FAMIGLIA CRISTIANA","FAMILIARIS CONSORTIO","fede e successo mondano","formazione integrale del figlio","Genitori cattolici","genitorialit\u00e0 cattolica","Gravissimum Educationis","i figli come dono di Dio","Laetare","missione educativa dei genitori","SAN GIOVANNI PAOLO II","santit\u00e0 nella famiglia","successo secondo il Vangelo","Trending","vocazione dei genitori"],"articleSection":["Analisi"],"inLanguage":"it-IT"},{"@type":"WebPage","@id":"https:\/\/exaudi.org\/it\/i-figli-come-dono-di-dio\/","url":"https:\/\/exaudi.org\/it\/i-figli-come-dono-di-dio\/","name":"I figli come dono di Dio &#8211; Exaudi","isPartOf":{"@id":"https:\/\/exaudi.org\/#website"},"primaryImageOfPage":{"@id":"https:\/\/exaudi.org\/it\/i-figli-come-dono-di-dio\/#primaryimage"},"image":{"@id":"https:\/\/exaudi.org\/it\/i-figli-come-dono-di-dio\/#primaryimage"},"thumbnailUrl":"https:\/\/exaudi.org\/wp-content\/uploads\/2025\/12\/pexels-fotios-photos-1909014-scaled.jpg","datePublished":"2025-12-05T14:57:01+00:00","author":{"@id":"https:\/\/exaudi.org\/#\/schema\/person\/b4f60770b050db60868378f3d473b3d4"},"breadcrumb":{"@id":"https:\/\/exaudi.org\/it\/i-figli-come-dono-di-dio\/#breadcrumb"},"inLanguage":"it-IT","potentialAction":[{"@type":"ReadAction","target":["https:\/\/exaudi.org\/it\/i-figli-come-dono-di-dio\/"]}]},{"@type":"ImageObject","inLanguage":"it-IT","@id":"https:\/\/exaudi.org\/it\/i-figli-come-dono-di-dio\/#primaryimage","url":"https:\/\/exaudi.org\/wp-content\/uploads\/2025\/12\/pexels-fotios-photos-1909014-scaled.jpg","contentUrl":"https:\/\/exaudi.org\/wp-content\/uploads\/2025\/12\/pexels-fotios-photos-1909014-scaled.jpg","width":2560,"height":1707},{"@type":"BreadcrumbList","@id":"https:\/\/exaudi.org\/it\/i-figli-come-dono-di-dio\/#breadcrumb","itemListElement":[{"@type":"ListItem","position":1,"name":"Portada","item":"https:\/\/exaudi.org\/it\/"},{"@type":"ListItem","position":2,"name":"I figli come dono di Dio"}]},{"@type":"WebSite","@id":"https:\/\/exaudi.org\/#website","url":"https:\/\/exaudi.org\/","name":"Exaudi","description":"News","potentialAction":[{"@type":"SearchAction","target":{"@type":"EntryPoint","urlTemplate":"https:\/\/exaudi.org\/?s={search_term_string}"},"query-input":{"@type":"PropertyValueSpecification","valueRequired":true,"valueName":"search_term_string"}}],"inLanguage":"it-IT"},{"@type":"Person","@id":"https:\/\/exaudi.org\/#\/schema\/person\/b4f60770b050db60868378f3d473b3d4","name":"Laetare","image":{"@type":"ImageObject","inLanguage":"it-IT","@id":"https:\/\/secure.gravatar.com\/avatar\/239ae5fc763d8bf7c26706d150679faa0bec9e2d51089775f40e9decb4806f15?s=96&d=mm&r=g","url":"https:\/\/secure.gravatar.com\/avatar\/239ae5fc763d8bf7c26706d150679faa0bec9e2d51089775f40e9decb4806f15?s=96&d=mm&r=g","contentUrl":"https:\/\/secure.gravatar.com\/avatar\/239ae5fc763d8bf7c26706d150679faa0bec9e2d51089775f40e9decb4806f15?s=96&d=mm&r=g","caption":"Laetare"},"description":"Laetare es una asociaci\u00f3n fundada por Gabriel N\u00fa\u00f1ez, nacida en Sevilla con el prop\u00f3sito de defender y promover el desarrollo integral de la familia cristiana. Su actividad se organiza en cuatro ejes fundamentales: sensibilizar, orar, formar y servir. La asociaci\u00f3n trabaja en la preservaci\u00f3n de la familia como pilar de la sociedad, ofreciendo formaci\u00f3n especializada, retiros espirituales y apoyo integral a matrimonios en crisis, con un enfoque basado en la doctrina cat\u00f3lica y la acci\u00f3n comunitaria.","url":"https:\/\/exaudi.org\/it\/author\/laetare\/"}]}},"jetpack_featured_media_url":"https:\/\/exaudi.org\/wp-content\/uploads\/2025\/12\/pexels-fotios-photos-1909014-scaled.jpg","jetpack_shortlink":"https:\/\/wp.me\/pgKjF2-COJ","_links":{"self":[{"href":"https:\/\/exaudi.org\/it\/wp-json\/wp\/v2\/posts\/149217","targetHints":{"allow":["GET"]}}],"collection":[{"href":"https:\/\/exaudi.org\/it\/wp-json\/wp\/v2\/posts"}],"about":[{"href":"https:\/\/exaudi.org\/it\/wp-json\/wp\/v2\/types\/post"}],"author":[{"embeddable":true,"href":"https:\/\/exaudi.org\/it\/wp-json\/wp\/v2\/users\/154"}],"replies":[{"embeddable":true,"href":"https:\/\/exaudi.org\/it\/wp-json\/wp\/v2\/comments?post=149217"}],"version-history":[{"count":3,"href":"https:\/\/exaudi.org\/it\/wp-json\/wp\/v2\/posts\/149217\/revisions"}],"predecessor-version":[{"id":149220,"href":"https:\/\/exaudi.org\/it\/wp-json\/wp\/v2\/posts\/149217\/revisions\/149220"}],"wp:featuredmedia":[{"embeddable":true,"href":"https:\/\/exaudi.org\/it\/wp-json\/wp\/v2\/media\/149019"}],"wp:attachment":[{"href":"https:\/\/exaudi.org\/it\/wp-json\/wp\/v2\/media?parent=149217"}],"wp:term":[{"taxonomy":"category","embeddable":true,"href":"https:\/\/exaudi.org\/it\/wp-json\/wp\/v2\/categories?post=149217"},{"taxonomy":"post_tag","embeddable":true,"href":"https:\/\/exaudi.org\/it\/wp-json\/wp\/v2\/tags?post=149217"}],"curies":[{"name":"wp","href":"https:\/\/api.w.org\/{rel}","templated":true}]}}