{"id":149025,"date":"2025-12-03T13:41:29","date_gmt":"2025-12-03T12:41:29","guid":{"rendered":"https:\/\/exaudi.org\/?p=149025"},"modified":"2025-12-03T13:41:29","modified_gmt":"2025-12-03T12:41:29","slug":"cardinale-arizmendi-vittime-della-violenza","status":"publish","type":"post","link":"https:\/\/exaudi.org\/it\/cardinale-arizmendi-vittime-della-violenza\/","title":{"rendered":"Cardinale Arizmendi: Vittime della violenza"},"content":{"rendered":"<p><span dir=\"auto\" style=\"vertical-align: inherit\"><span dir=\"auto\" style=\"vertical-align: inherit\">Il cardinale\u00a0 <\/span><\/span><a href=\"https:\/\/exaudi.org\/es\/author\/felipearizmendi\/\" target=\"_blank\" rel=\"noopener\"><span dir=\"auto\" style=\"vertical-align: inherit\"><span dir=\"auto\" style=\"vertical-align: inherit\">Felipe Arizmendi<\/span><\/span><\/a><span dir=\"auto\" style=\"vertical-align: inherit\"><span dir=\"auto\" style=\"vertical-align: inherit\">, vescovo emerito di San Crist\u00f3bal de Las Casas e responsabile della Dottrina della fede presso la\u00a0 <\/span><\/span><a href=\"https:\/\/www.cem.org.mx\/\" target=\"_blank\" rel=\"noopener\"><span dir=\"auto\" style=\"vertical-align: inherit\"><span dir=\"auto\" style=\"vertical-align: inherit\">Conferenza episcopale messicana (CEM)<\/span><\/span><\/a><span dir=\"auto\" style=\"vertical-align: inherit\"><span dir=\"auto\" style=\"vertical-align: inherit\">, offre ai lettori di Exaudi il suo articolo settimanale.<\/span><\/span><\/p>\n<h3><strong><span dir=\"auto\" style=\"vertical-align: inherit\"><span dir=\"auto\" style=\"vertical-align: inherit\">FATTI<\/span><\/span><\/strong><\/h3>\n<p><span dir=\"auto\" style=\"vertical-align: inherit\"><span dir=\"auto\" style=\"vertical-align: inherit\">Poco pi\u00f9 di un anno fa, a San Crist\u00f3bal de Las Casas, \u00e8 stato assassinato il sacerdote tsotsil Marcelo P\u00e9rez. Alcune famiglie, che detenevano il potere municipale da anni, lo consideravano un nemico, sebbene il sacerdote cercasse solo pace e rispetto tra i gruppi indigeni. La sua morte non \u00e8 stata causata da un gruppo criminale organizzato, ma da un assassino a pagamento. Siamo tutti vulnerabili. Un vescovo ci ha raccontato che deve viaggiare con delle guardie del corpo a causa delle minacce ricevute per aver denunciato le ingiustizie e gli abusi dei gruppi criminali, tra cui il disboscamento illegale.<\/span><\/span><\/p>\n<p><span dir=\"auto\" style=\"vertical-align: inherit\"><span dir=\"auto\" style=\"vertical-align: inherit\">Circa dieci anni fa, un mio lontano nipote, un povero contadino, fu\u00a0 <\/span><\/span><em><span dir=\"auto\" style=\"vertical-align: inherit\"><span dir=\"auto\" style=\"vertical-align: inherit\">rapito\u00a0<\/span><\/span><\/em><span dir=\"auto\" style=\"vertical-align: inherit\"><span dir=\"auto\" style=\"vertical-align: inherit\"> e portato sulle montagne di Guerrero. L\u00ec, lui e altri furono costretti a piantare, coltivare e coltivare marijuana per un&#8217;organizzazione di narcotrafficanti. Furono trattati come schiavi e tenuti sotto costante fuoco nemico per impedirne la fuga. Passarono mesi e non ricevemmo alcuna informazione, n\u00e9 vennero avanzate richieste di riscatto per la sua liberazione. Fortunatamente, approfittando di un momento di disattenzione dei suoi rapitori, riusc\u00ec a fuggire e torn\u00f2 a casa picchiato ed emaciato, poich\u00e9 gli avevano a malapena fornito cibo. \u00c8 cos\u00ec che trattano i giovani, rapendoli o adescandoli con offerte di lavoro per costringerli a estorcere denaro e persino a uccidere. Se rifiutano, vengono torturati e persino assassinati.<\/span><\/span><\/p>\n<p><span dir=\"auto\" style=\"vertical-align: inherit\"><span dir=\"auto\" style=\"vertical-align: inherit\">Nella nostra regione, il gruppo armato controlla ed estorce denaro a tutti; i suoi membri sono diventati mostruosamente ricchi. Non si possono acquistare materiali da costruzione se non da chi loro indicano e al prezzo da loro stabilito. Non si pu\u00f2 comprare una mucca, un maiale o un agnello da chi si vuole, ad esempio, per preparare e vendere <\/span><\/span><em><span dir=\"auto\" style=\"vertical-align: inherit\"><span dir=\"auto\" style=\"vertical-align: inherit\">tacos,\u00a0<\/span><\/span><\/em><span dir=\"auto\" style=\"vertical-align: inherit\"><span dir=\"auto\" style=\"vertical-align: inherit\"> ma solo da chi loro impongono. Tutti devono pagare una tassa per tutto ci\u00f2 che commerciano, dagli\u00a0 <\/span><\/span><em><span dir=\"auto\" style=\"vertical-align: inherit\"><span dir=\"auto\" style=\"vertical-align: inherit\">snack\u00a0<\/span><\/span><\/em><span dir=\"auto\" style=\"vertical-align: inherit\"><span dir=\"auto\" style=\"vertical-align: inherit\"> al mercato o nella piazza locale alle uova, alle tortillas e alle sigarette. Gli agricoltori sono tenuti a pagare una tassa annuale per tutto ci\u00f2 che coltivano. Chi emigra negli Stati Uniti in cerca di lavoro paga migliaia di dollari e, se non paga, il gruppo se la prende con le loro famiglie. I tassisti sono controllati da loro, costretti a fare da\u00a0 <\/span><\/span><em><span dir=\"auto\" style=\"vertical-align: inherit\"><span dir=\"auto\" style=\"vertical-align: inherit\">vedette,\u00a0<\/span><\/span><\/em><span dir=\"auto\" style=\"vertical-align: inherit\"><span dir=\"auto\" style=\"vertical-align: inherit\"> bloccare le strade o consegnare pacchi senza sapere cosa trasportano; potrebbe essere droga, armi o denaro; e se la polizia li ferma, sono i tassisti a finire in prigione. I gruppi criminali sono al comando e tutti devono pagarli per tutto. Anche alcuni leader locali si sottomettono a loro, non volontariamente, ma sotto minaccia di morte.<\/span><\/span><\/p>\n<h3><strong><span dir=\"auto\" style=\"vertical-align: inherit\"><span dir=\"auto\" style=\"vertical-align: inherit\">FULMINE<\/span><\/span><\/strong><\/h3>\n<p><span dir=\"auto\" style=\"vertical-align: inherit\"><span dir=\"auto\" style=\"vertical-align: inherit\">Nel messaggio al termine della recente assemblea, i vescovi messicani hanno espresso:<\/span><\/span><\/p>\n<p><em><span dir=\"auto\" style=\"vertical-align: inherit\"><span dir=\"auto\" style=\"vertical-align: inherit\">\u201cSacerdoti, suore, operatori pastorali e persino alcuni politici che cercavano di cambiare questa situazione sono stati minacciati e assassinati, lasciando i cittadini impotenti. Abbiamo pianto la morte di diversi fratelli sacerdoti che hanno dato la vita al servizio delle loro comunit\u00e0. Siamo addolorati per tutti coloro che, cercando il bene, sono stati sacrificati\u201d.<\/span><\/span><\/em><\/p>\n<p><em><span dir=\"auto\" style=\"vertical-align: inherit\"><span dir=\"auto\" style=\"vertical-align: inherit\">I nostri giovani vengono rapiti e portati nei campi di corruzione o di sterminio, diventando una delle pi\u00f9 grandi tragedie della nostra societ\u00e0. Tutto questo<\/span><\/span><\/em><\/p>\n<p><em><span dir=\"auto\" style=\"vertical-align: inherit\"><span dir=\"auto\" style=\"vertical-align: inherit\">Parla del degrado sociale a cui siamo giunti, che richiede una profonda conversione da parte di coloro che hanno scelto il male. Facciamo un forte appello alla conversione personale e sociale per raggiungere una vera trasformazione.<\/span><\/span><\/em><\/p>\n<p><em><span dir=\"auto\" style=\"vertical-align: inherit\"><span dir=\"auto\" style=\"vertical-align: inherit\">La migrazione forzata continua. Migliaia di messicani sono costretti a lasciare la loro patria, non solo in cerca di migliori opportunit\u00e0, ma anche per sfuggire alla violenza. E coloro che migrano incontrano nuove forme di violenza lungo il cammino. Migliaia di nostri fratelli e sorelle centroamericani, e altri provenienti da diversi continenti, attraversano il nostro territorio, vittime di estorsioni, rapimenti, tratta e morte.<\/span><\/span><\/em><\/p>\n<p><em><span dir=\"auto\" style=\"vertical-align: inherit\"><span dir=\"auto\" style=\"vertical-align: inherit\">E in ciascuna di queste realt\u00e0, la Chiesa \u00e8 presente con centri di accoglienza per migranti, rifugi, difesa dei diritti umani e assistenza pastorale. Il volto del migrante \u00e8 il volto di Cristo crocifisso oggi.<\/span><\/span><\/em><\/p>\n<p><em><span dir=\"auto\" style=\"vertical-align: inherit\"><span dir=\"auto\" style=\"vertical-align: inherit\">Non dobbiamo soffermarci su fredde statistiche che si limitano a descrivere queste realt\u00e0 di insicurezza, povert\u00e0 e ingiustizia. Questi sono volti reali. Queste sono famiglie distrutte. Queste sono\u00a0 <\/span><\/span><\/em><em><span dir=\"auto\" style=\"vertical-align: inherit\"><span dir=\"auto\" style=\"vertical-align: inherit\">madri che piangono i loro figli. Queste sono comunit\u00e0 indifese e impoverite. Noi, come <\/span><\/span><\/em><em><span dir=\"auto\" style=\"vertical-align: inherit\"><span dir=\"auto\" style=\"vertical-align: inherit\">pastori, non possiamo rimanere indifferenti.<\/span><\/span><\/em><\/p>\n<p><em><span dir=\"auto\" style=\"vertical-align: inherit\"><span dir=\"auto\" style=\"vertical-align: inherit\">Fratelli e sorelle migranti, voi che soffrite violenza, minacce, paura e sfollamenti forzati, sappiate che i vostri vescovi sono con voi. Ascoltiamo il vostro grido, condividiamo la vostra angoscia, accompagniamo il vostro dolore. E vogliamo che la testimonianza dei nostri\u00a0 <\/span><\/span><\/em><em><span dir=\"auto\" style=\"vertical-align: inherit\"><span dir=\"auto\" style=\"vertical-align: inherit\">martiri sia fonte di speranza: loro hanno trionfato perch\u00e9 Cristo ha trionfato, e anche noi\u00a0 <\/span><\/span><\/em><em><span dir=\"auto\" style=\"vertical-align: inherit\"><span dir=\"auto\" style=\"vertical-align: inherit\">trionferemo se rimarremo uniti a Lui.<\/span><\/span><\/em><\/p>\n<h3><strong><span dir=\"auto\" style=\"vertical-align: inherit\"><span dir=\"auto\" style=\"vertical-align: inherit\">AZIONI<\/span><\/span><\/strong><\/h3>\n<p><span dir=\"auto\" style=\"vertical-align: inherit\"><span dir=\"auto\" style=\"vertical-align: inherit\">Chi di noi pu\u00f2 rivolgersi alle autorit\u00e0 a qualsiasi livello, con la dovuta prudenza ma anche con coraggio, deve informarle di questi abusi, sperando che facciano qualcosa per ristabilire l&#8217;ordine. Preghiamo per loro, affinch\u00e9 Dio li illumini e li rafforzi.<\/span><\/span><\/p>\n","protected":false},"excerpt":{"rendered":"<p>Il grido dei vescovi di fronte al dolore di un popolo martirizzato<\/p>\n","protected":false},"author":24,"featured_media":148948,"comment_status":"closed","ping_status":"closed","sticky":false,"template":"","format":"standard","meta":{"_acf_changed":false,"_crdt_document":"","inline_featured_image":false,"footnotes":""},"categories":[129],"tags":[84331,11088,15413,16216,84332,24784,64833,34560,84333,84334,84335,84336,11662,45802,84337,84338,71374,28778,28986,84341,13328,35650,75096,84342,84343,84339,64787,64837,972,29057,84344,84340],"class_list":["post-149025","post","type-post","status-publish","format-standard","has-post-thumbnail","hentry","category-voci","tag-assassinio-di-sacerdoti","tag-cardinale-felipe-arizmendi","tag-cardinale-felipe-arizmendi-esquivel","tag-cem-3","tag-centri-di-accoglienza-per-migranti","tag-chiapas-3","tag-chiesa-cattolica-in-messico","tag-conferenza-episcopale-messicana","tag-controllo-criminale-del-territorio","tag-conversione-sociale","tag-corruzione-municipale","tag-crimine-organizzato","tag-estorsione","tag-guerrero-2","tag-ingiustizia-sociale","tag-martiri-della-fede","tag-migrazione-forzata","tag-pace-e-giustizia","tag-padre-marcelo-perez-2","tag-rapimento-di-giovani","tag-san-cristobal-de-las-casas-2","tag-schiavitu-moderna","tag-sfollamento-forzato","tag-tassisti-che-fanno-da-vedette","tag-traffico-di-droga-droga","tag-traffico-di-droga-nelle-comunita-indigene","tag-trending-it-236","tag-vescovi-messicani","tag-violenza","tag-violenza-in-messico","tag-vittime-di-violenza","tag-volto-di-cristo-crocifisso"],"acf":[],"yoast_head":"<!-- This site is optimized with the Yoast SEO plugin v27.4 - https:\/\/yoast.com\/product\/yoast-seo-wordpress\/ -->\n<title>Cardinale Arizmendi: Vittime della violenza &#8211; Exaudi<\/title>\n<meta name=\"robots\" content=\"index, follow, max-snippet:-1, max-image-preview:large, max-video-preview:-1\" \/>\n<link rel=\"canonical\" href=\"https:\/\/exaudi.org\/it\/cardinale-arizmendi-vittime-della-violenza\/\" \/>\n<meta property=\"og:locale\" content=\"it_IT\" \/>\n<meta property=\"og:type\" content=\"article\" \/>\n<meta property=\"og:title\" content=\"Cardinale Arizmendi: Vittime della violenza &#8211; Exaudi\" \/>\n<meta property=\"og:description\" content=\"Il grido dei vescovi di fronte al dolore di un popolo martirizzato\" \/>\n<meta property=\"og:url\" content=\"https:\/\/exaudi.org\/it\/cardinale-arizmendi-vittime-della-violenza\/\" \/>\n<meta property=\"og:site_name\" content=\"Exaudi\" \/>\n<meta property=\"article:publisher\" content=\"https:\/\/www.facebook.com\/ExaudiNews\" \/>\n<meta property=\"article:published_time\" content=\"2025-12-03T12:41:29+00:00\" \/>\n<meta property=\"og:image\" content=\"https:\/\/exaudi.org\/wp-content\/uploads\/2025\/12\/cq5dam.thumbnail.cropped.750.422-5.jpeg\" \/>\n\t<meta property=\"og:image:width\" content=\"750\" \/>\n\t<meta property=\"og:image:height\" content=\"422\" \/>\n\t<meta property=\"og:image:type\" content=\"image\/jpeg\" \/>\n<meta name=\"author\" content=\"Cardenal Felipe Arizmendi\" \/>\n<meta name=\"twitter:card\" content=\"summary_large_image\" \/>\n<meta name=\"twitter:creator\" content=\"@Exaudi_News\" \/>\n<meta name=\"twitter:site\" content=\"@Exaudi_News\" \/>\n<meta name=\"twitter:label1\" content=\"Scritto da\" \/>\n\t<meta name=\"twitter:data1\" content=\"Cardenal Felipe Arizmendi\" \/>\n\t<meta name=\"twitter:label2\" content=\"Tempo di lettura stimato\" \/>\n\t<meta name=\"twitter:data2\" content=\"4 minuti\" \/>\n<script type=\"application\/ld+json\" class=\"yoast-schema-graph\">{\"@context\":\"https:\\\/\\\/schema.org\",\"@graph\":[{\"@type\":\"Article\",\"@id\":\"https:\\\/\\\/exaudi.org\\\/it\\\/cardinale-arizmendi-vittime-della-violenza\\\/#article\",\"isPartOf\":{\"@id\":\"https:\\\/\\\/exaudi.org\\\/it\\\/cardinale-arizmendi-vittime-della-violenza\\\/\"},\"author\":{\"name\":\"Cardenal Felipe Arizmendi\",\"@id\":\"https:\\\/\\\/exaudi.org\\\/#\\\/schema\\\/person\\\/c7d223f87e58f1105d044d8da1439102\"},\"headline\":\"Cardinale Arizmendi: Vittime della violenza\",\"datePublished\":\"2025-12-03T12:41:29+00:00\",\"mainEntityOfPage\":{\"@id\":\"https:\\\/\\\/exaudi.org\\\/it\\\/cardinale-arizmendi-vittime-della-violenza\\\/\"},\"wordCount\":833,\"image\":{\"@id\":\"https:\\\/\\\/exaudi.org\\\/it\\\/cardinale-arizmendi-vittime-della-violenza\\\/#primaryimage\"},\"thumbnailUrl\":\"https:\\\/\\\/exaudi.org\\\/wp-content\\\/uploads\\\/2025\\\/12\\\/cq5dam.thumbnail.cropped.750.422-5.jpeg\",\"keywords\":[\"assassinio di sacerdoti\",\"CARDINALE FELIPE ARIZMENDI\",\"CARDINALE FELIPE ARIZMENDI ESQUIVEL\",\"CEM\",\"centri di accoglienza per migranti\",\"Chiapas\",\"Chiesa cattolica in Messico\",\"Conferenza Episcopale Messicana\",\"controllo criminale del territorio\",\"conversione sociale\",\"corruzione municipale\",\"crimine organizzato\",\"ESTORSIONE\",\"Guerrero\",\"ingiustizia sociale\",\"martiri della fede\",\"Migrazione forzata\",\"pace e giustizia\",\"Padre Marcelo P\u00e9rez\",\"rapimento di giovani\",\"SAN CRIST\u00d3BAL DE LAS CASAS\",\"schiavit\u00f9 moderna\",\"Sfollamento forzato\",\"tassisti che fanno da vedette\",\"traffico di droga droga\",\"traffico di droga nelle comunit\u00e0 indigene\",\"Trending\",\"Vescovi messicani\",\"violenza\",\"violenza in Messico\",\"vittime di violenza\",\"volto di Cristo crocifisso\"],\"articleSection\":[\"Voci\"],\"inLanguage\":\"it-IT\"},{\"@type\":\"WebPage\",\"@id\":\"https:\\\/\\\/exaudi.org\\\/it\\\/cardinale-arizmendi-vittime-della-violenza\\\/\",\"url\":\"https:\\\/\\\/exaudi.org\\\/it\\\/cardinale-arizmendi-vittime-della-violenza\\\/\",\"name\":\"Cardinale Arizmendi: Vittime della violenza &#8211; Exaudi\",\"isPartOf\":{\"@id\":\"https:\\\/\\\/exaudi.org\\\/#website\"},\"primaryImageOfPage\":{\"@id\":\"https:\\\/\\\/exaudi.org\\\/it\\\/cardinale-arizmendi-vittime-della-violenza\\\/#primaryimage\"},\"image\":{\"@id\":\"https:\\\/\\\/exaudi.org\\\/it\\\/cardinale-arizmendi-vittime-della-violenza\\\/#primaryimage\"},\"thumbnailUrl\":\"https:\\\/\\\/exaudi.org\\\/wp-content\\\/uploads\\\/2025\\\/12\\\/cq5dam.thumbnail.cropped.750.422-5.jpeg\",\"datePublished\":\"2025-12-03T12:41:29+00:00\",\"author\":{\"@id\":\"https:\\\/\\\/exaudi.org\\\/#\\\/schema\\\/person\\\/c7d223f87e58f1105d044d8da1439102\"},\"breadcrumb\":{\"@id\":\"https:\\\/\\\/exaudi.org\\\/it\\\/cardinale-arizmendi-vittime-della-violenza\\\/#breadcrumb\"},\"inLanguage\":\"it-IT\",\"potentialAction\":[{\"@type\":\"ReadAction\",\"target\":[\"https:\\\/\\\/exaudi.org\\\/it\\\/cardinale-arizmendi-vittime-della-violenza\\\/\"]}]},{\"@type\":\"ImageObject\",\"inLanguage\":\"it-IT\",\"@id\":\"https:\\\/\\\/exaudi.org\\\/it\\\/cardinale-arizmendi-vittime-della-violenza\\\/#primaryimage\",\"url\":\"https:\\\/\\\/exaudi.org\\\/wp-content\\\/uploads\\\/2025\\\/12\\\/cq5dam.thumbnail.cropped.750.422-5.jpeg\",\"contentUrl\":\"https:\\\/\\\/exaudi.org\\\/wp-content\\\/uploads\\\/2025\\\/12\\\/cq5dam.thumbnail.cropped.750.422-5.jpeg\",\"width\":750,\"height\":422},{\"@type\":\"BreadcrumbList\",\"@id\":\"https:\\\/\\\/exaudi.org\\\/it\\\/cardinale-arizmendi-vittime-della-violenza\\\/#breadcrumb\",\"itemListElement\":[{\"@type\":\"ListItem\",\"position\":1,\"name\":\"Portada\",\"item\":\"https:\\\/\\\/exaudi.org\\\/it\\\/\"},{\"@type\":\"ListItem\",\"position\":2,\"name\":\"Cardinale Arizmendi: Vittime della violenza\"}]},{\"@type\":\"WebSite\",\"@id\":\"https:\\\/\\\/exaudi.org\\\/#website\",\"url\":\"https:\\\/\\\/exaudi.org\\\/\",\"name\":\"Exaudi\",\"description\":\"News\",\"potentialAction\":[{\"@type\":\"SearchAction\",\"target\":{\"@type\":\"EntryPoint\",\"urlTemplate\":\"https:\\\/\\\/exaudi.org\\\/?s={search_term_string}\"},\"query-input\":{\"@type\":\"PropertyValueSpecification\",\"valueRequired\":true,\"valueName\":\"search_term_string\"}}],\"inLanguage\":\"it-IT\"},{\"@type\":\"Person\",\"@id\":\"https:\\\/\\\/exaudi.org\\\/#\\\/schema\\\/person\\\/c7d223f87e58f1105d044d8da1439102\",\"name\":\"Cardenal Felipe Arizmendi\",\"image\":{\"@type\":\"ImageObject\",\"inLanguage\":\"it-IT\",\"@id\":\"https:\\\/\\\/secure.gravatar.com\\\/avatar\\\/4ffc5520d896b86d39346168903de33a17ef0f23d16de0ff45062c1ff422ed2f?s=96&d=mm&r=g\",\"url\":\"https:\\\/\\\/secure.gravatar.com\\\/avatar\\\/4ffc5520d896b86d39346168903de33a17ef0f23d16de0ff45062c1ff422ed2f?s=96&d=mm&r=g\",\"contentUrl\":\"https:\\\/\\\/secure.gravatar.com\\\/avatar\\\/4ffc5520d896b86d39346168903de33a17ef0f23d16de0ff45062c1ff422ed2f?s=96&d=mm&r=g\",\"caption\":\"Cardenal Felipe Arizmendi\"},\"description\":\"Nacido en Chiltepec el 1 de mayo de 1940. Estudi\u00f3 Humanidades y Filosof\u00eda en el Seminario de Toluca, de 1952 a 1959. Curs\u00f3 la Teolog\u00eda en la Universidad Pontificia de Salamanca, Espa\u00f1a, de 1959 a 1963, obteniendo la licenciatura en Teolog\u00eda Dogm\u00e1tica. Por su cuenta, se especializ\u00f3 en Liturgia. Fue ordenado sacerdote el 25 de agosto de 1963 en Toluca. Sirvi\u00f3 como Vicario Parroquial en tres parroquias por tres a\u00f1os y medio y fue p\u00e1rroco de una comunidad ind\u00edgena otom\u00ed, de 1967 a 1970. Fue Director Espiritual del Seminario de Toluca por diez a\u00f1os, y Rector del mismo de 1981 a 1991. El 7 de marzo de 1991, fue ordenado obispo de la di\u00f3cesis de Tapachula, donde estuvo hasta el 30 de abril del a\u00f1o 2000. El 1 de mayo del 2000, inici\u00f3 su ministerio episcopal como XLVI obispo de la di\u00f3cesis de San Crist\u00f3bal de las Casas, Chiapas, una de las di\u00f3cesis m\u00e1s antiguas de M\u00e9xico, erigida en 1539; all\u00ed sirvi\u00f3 por casi 18 a\u00f1os. Ha ocupado diversos cargos en la Conferencia del Episcopado Mexicano y en el CELAM. El 3 de noviembre de 2017, el Papa Francisco le acept\u00f3, por edad, su renuncia al servicio episcopal en esta di\u00f3cesis, que entreg\u00f3 a su sucesor el 3 de enero de 2018. Desde entonces, reside en la ciudad de Toluca. Desde 1979, escribe art\u00edculos de actualidad en varios medios religiosos y civiles. Es autor de varias publicaciones.\",\"url\":\"https:\\\/\\\/exaudi.org\\\/it\\\/author\\\/felipearizmendi\\\/\"}]}<\/script>\n<!-- \/ Yoast SEO plugin. -->","yoast_head_json":{"title":"Cardinale Arizmendi: Vittime della violenza &#8211; Exaudi","robots":{"index":"index","follow":"follow","max-snippet":"max-snippet:-1","max-image-preview":"max-image-preview:large","max-video-preview":"max-video-preview:-1"},"canonical":"https:\/\/exaudi.org\/it\/cardinale-arizmendi-vittime-della-violenza\/","og_locale":"it_IT","og_type":"article","og_title":"Cardinale Arizmendi: Vittime della violenza &#8211; Exaudi","og_description":"Il grido dei vescovi di fronte al dolore di un popolo martirizzato","og_url":"https:\/\/exaudi.org\/it\/cardinale-arizmendi-vittime-della-violenza\/","og_site_name":"Exaudi","article_publisher":"https:\/\/www.facebook.com\/ExaudiNews","article_published_time":"2025-12-03T12:41:29+00:00","og_image":[{"width":750,"height":422,"url":"https:\/\/exaudi.org\/wp-content\/uploads\/2025\/12\/cq5dam.thumbnail.cropped.750.422-5.jpeg","type":"image\/jpeg"}],"author":"Cardenal Felipe Arizmendi","twitter_card":"summary_large_image","twitter_creator":"@Exaudi_News","twitter_site":"@Exaudi_News","twitter_misc":{"Scritto da":"Cardenal Felipe Arizmendi","Tempo di lettura stimato":"4 minuti"},"schema":{"@context":"https:\/\/schema.org","@graph":[{"@type":"Article","@id":"https:\/\/exaudi.org\/it\/cardinale-arizmendi-vittime-della-violenza\/#article","isPartOf":{"@id":"https:\/\/exaudi.org\/it\/cardinale-arizmendi-vittime-della-violenza\/"},"author":{"name":"Cardenal Felipe Arizmendi","@id":"https:\/\/exaudi.org\/#\/schema\/person\/c7d223f87e58f1105d044d8da1439102"},"headline":"Cardinale Arizmendi: Vittime della violenza","datePublished":"2025-12-03T12:41:29+00:00","mainEntityOfPage":{"@id":"https:\/\/exaudi.org\/it\/cardinale-arizmendi-vittime-della-violenza\/"},"wordCount":833,"image":{"@id":"https:\/\/exaudi.org\/it\/cardinale-arizmendi-vittime-della-violenza\/#primaryimage"},"thumbnailUrl":"https:\/\/exaudi.org\/wp-content\/uploads\/2025\/12\/cq5dam.thumbnail.cropped.750.422-5.jpeg","keywords":["assassinio di sacerdoti","CARDINALE FELIPE ARIZMENDI","CARDINALE FELIPE ARIZMENDI ESQUIVEL","CEM","centri di accoglienza per migranti","Chiapas","Chiesa cattolica in Messico","Conferenza Episcopale Messicana","controllo criminale del territorio","conversione sociale","corruzione municipale","crimine organizzato","ESTORSIONE","Guerrero","ingiustizia sociale","martiri della fede","Migrazione forzata","pace e giustizia","Padre Marcelo P\u00e9rez","rapimento di giovani","SAN CRIST\u00d3BAL DE LAS CASAS","schiavit\u00f9 moderna","Sfollamento forzato","tassisti che fanno da vedette","traffico di droga droga","traffico di droga nelle comunit\u00e0 indigene","Trending","Vescovi messicani","violenza","violenza in Messico","vittime di violenza","volto di Cristo crocifisso"],"articleSection":["Voci"],"inLanguage":"it-IT"},{"@type":"WebPage","@id":"https:\/\/exaudi.org\/it\/cardinale-arizmendi-vittime-della-violenza\/","url":"https:\/\/exaudi.org\/it\/cardinale-arizmendi-vittime-della-violenza\/","name":"Cardinale Arizmendi: Vittime della violenza &#8211; Exaudi","isPartOf":{"@id":"https:\/\/exaudi.org\/#website"},"primaryImageOfPage":{"@id":"https:\/\/exaudi.org\/it\/cardinale-arizmendi-vittime-della-violenza\/#primaryimage"},"image":{"@id":"https:\/\/exaudi.org\/it\/cardinale-arizmendi-vittime-della-violenza\/#primaryimage"},"thumbnailUrl":"https:\/\/exaudi.org\/wp-content\/uploads\/2025\/12\/cq5dam.thumbnail.cropped.750.422-5.jpeg","datePublished":"2025-12-03T12:41:29+00:00","author":{"@id":"https:\/\/exaudi.org\/#\/schema\/person\/c7d223f87e58f1105d044d8da1439102"},"breadcrumb":{"@id":"https:\/\/exaudi.org\/it\/cardinale-arizmendi-vittime-della-violenza\/#breadcrumb"},"inLanguage":"it-IT","potentialAction":[{"@type":"ReadAction","target":["https:\/\/exaudi.org\/it\/cardinale-arizmendi-vittime-della-violenza\/"]}]},{"@type":"ImageObject","inLanguage":"it-IT","@id":"https:\/\/exaudi.org\/it\/cardinale-arizmendi-vittime-della-violenza\/#primaryimage","url":"https:\/\/exaudi.org\/wp-content\/uploads\/2025\/12\/cq5dam.thumbnail.cropped.750.422-5.jpeg","contentUrl":"https:\/\/exaudi.org\/wp-content\/uploads\/2025\/12\/cq5dam.thumbnail.cropped.750.422-5.jpeg","width":750,"height":422},{"@type":"BreadcrumbList","@id":"https:\/\/exaudi.org\/it\/cardinale-arizmendi-vittime-della-violenza\/#breadcrumb","itemListElement":[{"@type":"ListItem","position":1,"name":"Portada","item":"https:\/\/exaudi.org\/it\/"},{"@type":"ListItem","position":2,"name":"Cardinale Arizmendi: Vittime della violenza"}]},{"@type":"WebSite","@id":"https:\/\/exaudi.org\/#website","url":"https:\/\/exaudi.org\/","name":"Exaudi","description":"News","potentialAction":[{"@type":"SearchAction","target":{"@type":"EntryPoint","urlTemplate":"https:\/\/exaudi.org\/?s={search_term_string}"},"query-input":{"@type":"PropertyValueSpecification","valueRequired":true,"valueName":"search_term_string"}}],"inLanguage":"it-IT"},{"@type":"Person","@id":"https:\/\/exaudi.org\/#\/schema\/person\/c7d223f87e58f1105d044d8da1439102","name":"Cardenal Felipe Arizmendi","image":{"@type":"ImageObject","inLanguage":"it-IT","@id":"https:\/\/secure.gravatar.com\/avatar\/4ffc5520d896b86d39346168903de33a17ef0f23d16de0ff45062c1ff422ed2f?s=96&d=mm&r=g","url":"https:\/\/secure.gravatar.com\/avatar\/4ffc5520d896b86d39346168903de33a17ef0f23d16de0ff45062c1ff422ed2f?s=96&d=mm&r=g","contentUrl":"https:\/\/secure.gravatar.com\/avatar\/4ffc5520d896b86d39346168903de33a17ef0f23d16de0ff45062c1ff422ed2f?s=96&d=mm&r=g","caption":"Cardenal Felipe Arizmendi"},"description":"Nacido en Chiltepec el 1 de mayo de 1940. Estudi\u00f3 Humanidades y Filosof\u00eda en el Seminario de Toluca, de 1952 a 1959. Curs\u00f3 la Teolog\u00eda en la Universidad Pontificia de Salamanca, Espa\u00f1a, de 1959 a 1963, obteniendo la licenciatura en Teolog\u00eda Dogm\u00e1tica. Por su cuenta, se especializ\u00f3 en Liturgia. Fue ordenado sacerdote el 25 de agosto de 1963 en Toluca. Sirvi\u00f3 como Vicario Parroquial en tres parroquias por tres a\u00f1os y medio y fue p\u00e1rroco de una comunidad ind\u00edgena otom\u00ed, de 1967 a 1970. Fue Director Espiritual del Seminario de Toluca por diez a\u00f1os, y Rector del mismo de 1981 a 1991. El 7 de marzo de 1991, fue ordenado obispo de la di\u00f3cesis de Tapachula, donde estuvo hasta el 30 de abril del a\u00f1o 2000. El 1 de mayo del 2000, inici\u00f3 su ministerio episcopal como XLVI obispo de la di\u00f3cesis de San Crist\u00f3bal de las Casas, Chiapas, una de las di\u00f3cesis m\u00e1s antiguas de M\u00e9xico, erigida en 1539; all\u00ed sirvi\u00f3 por casi 18 a\u00f1os. Ha ocupado diversos cargos en la Conferencia del Episcopado Mexicano y en el CELAM. El 3 de noviembre de 2017, el Papa Francisco le acept\u00f3, por edad, su renuncia al servicio episcopal en esta di\u00f3cesis, que entreg\u00f3 a su sucesor el 3 de enero de 2018. Desde entonces, reside en la ciudad de Toluca. Desde 1979, escribe art\u00edculos de actualidad en varios medios religiosos y civiles. Es autor de varias publicaciones.","url":"https:\/\/exaudi.org\/it\/author\/felipearizmendi\/"}]}},"jetpack_featured_media_url":"https:\/\/exaudi.org\/wp-content\/uploads\/2025\/12\/cq5dam.thumbnail.cropped.750.422-5.jpeg","jetpack_shortlink":"https:\/\/wp.me\/pgKjF2-CLD","_links":{"self":[{"href":"https:\/\/exaudi.org\/it\/wp-json\/wp\/v2\/posts\/149025","targetHints":{"allow":["GET"]}}],"collection":[{"href":"https:\/\/exaudi.org\/it\/wp-json\/wp\/v2\/posts"}],"about":[{"href":"https:\/\/exaudi.org\/it\/wp-json\/wp\/v2\/types\/post"}],"author":[{"embeddable":true,"href":"https:\/\/exaudi.org\/it\/wp-json\/wp\/v2\/users\/24"}],"replies":[{"embeddable":true,"href":"https:\/\/exaudi.org\/it\/wp-json\/wp\/v2\/comments?post=149025"}],"version-history":[{"count":4,"href":"https:\/\/exaudi.org\/it\/wp-json\/wp\/v2\/posts\/149025\/revisions"}],"predecessor-version":[{"id":149030,"href":"https:\/\/exaudi.org\/it\/wp-json\/wp\/v2\/posts\/149025\/revisions\/149030"}],"wp:featuredmedia":[{"embeddable":true,"href":"https:\/\/exaudi.org\/it\/wp-json\/wp\/v2\/media\/148948"}],"wp:attachment":[{"href":"https:\/\/exaudi.org\/it\/wp-json\/wp\/v2\/media?parent=149025"}],"wp:term":[{"taxonomy":"category","embeddable":true,"href":"https:\/\/exaudi.org\/it\/wp-json\/wp\/v2\/categories?post=149025"},{"taxonomy":"post_tag","embeddable":true,"href":"https:\/\/exaudi.org\/it\/wp-json\/wp\/v2\/tags?post=149025"}],"curies":[{"name":"wp","href":"https:\/\/api.w.org\/{rel}","templated":true}]}}