{"id":14892,"date":"2021-05-03T18:42:34","date_gmt":"2021-05-03T16:42:34","guid":{"rendered":"https:\/\/exaudi.org\/?p=14892"},"modified":"2021-05-06T09:09:19","modified_gmt":"2021-05-06T07:09:19","slug":"francesco-aprira-gli-stati-generali-della-natalita","status":"publish","type":"post","link":"https:\/\/exaudi.org\/it\/francesco-aprira-gli-stati-generali-della-natalita\/","title":{"rendered":"Francesco aprir\u00e0 gli Stati generali della Natalit\u00e0"},"content":{"rendered":"<p>Sar\u00e0 Papa Francesco ad aprire, il prossimo venerd\u00ec 14 maggio presso il Foyer dell\u2019Auditorium della Conciliazione a Roma, la prima edizione degli Stati Generali della Natalit\u00e0. Un grande meeting dedicato al futuro della demografia in Italia, che intende lanciare un appello alla corresponsabilit\u00e0 per far ripartire il Paese a partire da nuove nascite.<\/p>\n<h4>La sfida dell\u2019inverno demografico<\/h4>\n<p>Il Santo Padre arriver\u00e0 alle ore 9.15 presso la struttura in via della Conciliazione per aprire l\u2019incontro dedicato al destino demografico dell\u2019Italia e del mondo. Un tema reso ancor pi\u00f9 d\u2019attualit\u00e0 dagli effetti drammatici della pandemia, che ha portato oltre un milione di famiglie povere in pi\u00f9 nel Paese. Gli Stati Generali della Natalit\u00e0 sono stati convocati dal presidente nazionale del Forum delle associazioni familiari, Gigi De Palo. L&#8217;obiettivo \u00e8 mettere attorno a un tavolo istituzioni, imprese, media e mondo della cultura per approfondire la sfida dell\u2019inverno demografico e sollecitare una nuova narrazione sul tema della natalit\u00e0.<\/p>\n<p>Da oltre un decennio l\u2019Italia \u00e8 un Paese sempre pi\u00f9 anziano e meno popolato, affetto da carenze strutturali e legislative. Carenze a livello fiscale, economico e sociale che si riversano sul crollo delle nascite. Ora l\u2019imperdibile opportunit\u00e0 del Piano Nazionale di Ripresa e Resilienza (PNRR), appena consegnato dal Governo italiano, all\u2019Unione Europea.<\/p>\n<h4>Tre tavoli tematici<\/h4>\n<p>Dopo l\u2019intervento del Santo Padre, sono previsti i saluti istituzionali della ministra per la Famiglia, Elena Bonetti, del ministro dell\u2019Istruzione, Patrizio Bianchi, e del presidente della Regione Lazio, Nicola Zingaretti. Subito dopo il presidente dell\u2019Istat, Gian Carlo Blangiardo presenter\u00e0 dati inediti e proiezioni sulla natalit\u00e0 in Italia nei prossimi decenni. Seguiranno tre tavoli tematici: uno dedicato al mondo delle imprese, uno alle banche e alle assicurazioni, uno al mondo dei media, sport e spettacolo.<\/p>\n<p>Tra gli ospiti i vertici di aziende come Poste Italiane, Open Fiber, Rai, Enel, Federcasse, Lux Vide, Generali Italia e Fondazione Mediolanum Onlus. Interverranno alcuni giornalisti, tra cui il direttore di Avvenire, Marco Tarquinio, l\u2019editorialista del Corriere della Sera, Aldo Cazzullo, Annalisa Cuzzocrea di Repubblica. Parleranno di famiglia e natalit\u00e0, tra gli altri, il calciatore Ciro Immobile, attaccante della Lazio, insieme alla moglie Jessica e l\u2019attrice Anna Foglietta.<\/p>\n<p>Il programma dell\u2019evento \u00e8 consultabile su <a href=\"http:\/\/www.statigeneralidellanatalit\u00e0\" rel=\"nofollow\">http:\/\/www.statigeneralidellanatalit\u00e0<\/a>. Gli Stati Generali della Natalit\u00e0 si concluderanno attorno alle ore 13.30.<\/p>\n","protected":false},"excerpt":{"rendered":"<p>Promossi dal Forum delle associazioni familiari. Si terranno il 14 maggio<\/p>\n","protected":false},"author":17,"featured_media":14786,"comment_status":"closed","ping_status":"closed","sticky":false,"template":"","format":"standard","meta":{"_acf_changed":false,"_crdt_document":"","inline_featured_image":false,"footnotes":""},"categories":[73,58,87],"tags":[758,2104,1586,251],"class_list":["post-14892","post","type-post","status-publish","format-standard","has-post-thumbnail","hentry","category-chiesa-e-mondo","category-featured-news","category-matrimonio-e-famiglia","tag-famiglia","tag-forum-associazioni-familiari","tag-inverno-demografico","tag-papa-francesco"],"acf":[],"yoast_head":"<!-- This site is optimized with the Yoast SEO plugin v27.5 - https:\/\/yoast.com\/product\/yoast-seo-wordpress\/ -->\n<title>Francesco aprir\u00e0 gli Stati generali della Natalit\u00e0 &#8211; Exaudi<\/title>\n<meta name=\"description\" content=\"Gli Stati generali della natalit\u00e0 promossi dal Forum delle associazioni familiari saranno inaugurati da Papa Francesco il prossimo 14 maggio\" \/>\n<meta name=\"robots\" content=\"index, follow, max-snippet:-1, max-image-preview:large, max-video-preview:-1\" \/>\n<link rel=\"canonical\" href=\"https:\/\/exaudi.org\/it\/francesco-aprira-gli-stati-generali-della-natalita\/\" \/>\n<meta property=\"og:locale\" content=\"it_IT\" \/>\n<meta property=\"og:type\" content=\"article\" \/>\n<meta property=\"og:title\" content=\"Francesco aprir\u00e0 gli Stati generali della Natalit\u00e0 &#8211; Exaudi\" \/>\n<meta property=\"og:description\" content=\"Gli Stati generali della natalit\u00e0 promossi dal Forum delle associazioni familiari saranno inaugurati da Papa Francesco il prossimo 14 maggio\" \/>\n<meta property=\"og:url\" content=\"https:\/\/exaudi.org\/it\/francesco-aprira-gli-stati-generali-della-natalita\/\" \/>\n<meta property=\"og:site_name\" content=\"Exaudi\" \/>\n<meta property=\"article:publisher\" content=\"https:\/\/www.facebook.com\/ExaudiNews\" \/>\n<meta property=\"article:author\" content=\"https:\/\/www.facebook.com\/ExaudiNotizie\/\" \/>\n<meta property=\"article:published_time\" content=\"2021-05-03T16:42:34+00:00\" \/>\n<meta property=\"article:modified_time\" content=\"2021-05-06T07:09:19+00:00\" \/>\n<meta property=\"og:image\" content=\"https:\/\/exaudi.org\/wp-content\/uploads\/2021\/05\/Bautismo.jpg-800\u00d7532-768x513-1.png\" \/>\n\t<meta property=\"og:image:width\" content=\"768\" \/>\n\t<meta property=\"og:image:height\" content=\"513\" \/>\n\t<meta property=\"og:image:type\" content=\"image\/png\" \/>\n<meta name=\"author\" content=\"Exaudi Redazione\" \/>\n<meta name=\"twitter:card\" content=\"summary_large_image\" \/>\n<meta name=\"twitter:creator\" content=\"@Exaudi_Notizie\" \/>\n<meta name=\"twitter:site\" content=\"@Exaudi_News\" \/>\n<meta name=\"twitter:label1\" content=\"Scritto da\" \/>\n\t<meta name=\"twitter:data1\" content=\"Exaudi Redazione\" \/>\n\t<meta name=\"twitter:label2\" content=\"Tempo di lettura stimato\" \/>\n\t<meta name=\"twitter:data2\" content=\"2 minuti\" \/>\n<script type=\"application\/ld+json\" class=\"yoast-schema-graph\">{\"@context\":\"https:\\\/\\\/schema.org\",\"@graph\":[{\"@type\":\"Article\",\"@id\":\"https:\\\/\\\/exaudi.org\\\/it\\\/francesco-aprira-gli-stati-generali-della-natalita\\\/#article\",\"isPartOf\":{\"@id\":\"https:\\\/\\\/exaudi.org\\\/it\\\/francesco-aprira-gli-stati-generali-della-natalita\\\/\"},\"author\":{\"name\":\"Exaudi Redazione\",\"@id\":\"https:\\\/\\\/exaudi.org\\\/#\\\/schema\\\/person\\\/e1ab6ed07c01774724dd96f925f3a5f0\"},\"headline\":\"Francesco aprir\u00e0 gli Stati generali della Natalit\u00e0\",\"datePublished\":\"2021-05-03T16:42:34+00:00\",\"dateModified\":\"2021-05-06T07:09:19+00:00\",\"mainEntityOfPage\":{\"@id\":\"https:\\\/\\\/exaudi.org\\\/it\\\/francesco-aprira-gli-stati-generali-della-natalita\\\/\"},\"wordCount\":387,\"image\":{\"@id\":\"https:\\\/\\\/exaudi.org\\\/it\\\/francesco-aprira-gli-stati-generali-della-natalita\\\/#primaryimage\"},\"thumbnailUrl\":\"https:\\\/\\\/exaudi.org\\\/wp-content\\\/uploads\\\/2021\\\/05\\\/Bautismo.jpg-800\u00d7532-768x513-1.png\",\"keywords\":[\"famiglia\",\"Forum associazioni familiari\",\"inverno demografico\",\"Papa Francesco\"],\"articleSection\":[\"Chiesa e Mondo\",\"Featured News\",\"Matrimonio e famiglia\"],\"inLanguage\":\"it-IT\"},{\"@type\":\"WebPage\",\"@id\":\"https:\\\/\\\/exaudi.org\\\/it\\\/francesco-aprira-gli-stati-generali-della-natalita\\\/\",\"url\":\"https:\\\/\\\/exaudi.org\\\/it\\\/francesco-aprira-gli-stati-generali-della-natalita\\\/\",\"name\":\"Francesco aprir\u00e0 gli Stati generali della Natalit\u00e0 &#8211; Exaudi\",\"isPartOf\":{\"@id\":\"https:\\\/\\\/exaudi.org\\\/#website\"},\"primaryImageOfPage\":{\"@id\":\"https:\\\/\\\/exaudi.org\\\/it\\\/francesco-aprira-gli-stati-generali-della-natalita\\\/#primaryimage\"},\"image\":{\"@id\":\"https:\\\/\\\/exaudi.org\\\/it\\\/francesco-aprira-gli-stati-generali-della-natalita\\\/#primaryimage\"},\"thumbnailUrl\":\"https:\\\/\\\/exaudi.org\\\/wp-content\\\/uploads\\\/2021\\\/05\\\/Bautismo.jpg-800\u00d7532-768x513-1.png\",\"datePublished\":\"2021-05-03T16:42:34+00:00\",\"dateModified\":\"2021-05-06T07:09:19+00:00\",\"author\":{\"@id\":\"https:\\\/\\\/exaudi.org\\\/#\\\/schema\\\/person\\\/e1ab6ed07c01774724dd96f925f3a5f0\"},\"description\":\"Gli Stati generali della natalit\u00e0 promossi dal Forum delle associazioni familiari saranno inaugurati da Papa Francesco il prossimo 14 maggio\",\"breadcrumb\":{\"@id\":\"https:\\\/\\\/exaudi.org\\\/it\\\/francesco-aprira-gli-stati-generali-della-natalita\\\/#breadcrumb\"},\"inLanguage\":\"it-IT\",\"potentialAction\":[{\"@type\":\"ReadAction\",\"target\":[\"https:\\\/\\\/exaudi.org\\\/it\\\/francesco-aprira-gli-stati-generali-della-natalita\\\/\"]}]},{\"@type\":\"ImageObject\",\"inLanguage\":\"it-IT\",\"@id\":\"https:\\\/\\\/exaudi.org\\\/it\\\/francesco-aprira-gli-stati-generali-della-natalita\\\/#primaryimage\",\"url\":\"https:\\\/\\\/exaudi.org\\\/wp-content\\\/uploads\\\/2021\\\/05\\\/Bautismo.jpg-800\u00d7532-768x513-1.png\",\"contentUrl\":\"https:\\\/\\\/exaudi.org\\\/wp-content\\\/uploads\\\/2021\\\/05\\\/Bautismo.jpg-800\u00d7532-768x513-1.png\",\"width\":768,\"height\":513,\"caption\":\"Copyright: Vatican Media\"},{\"@type\":\"BreadcrumbList\",\"@id\":\"https:\\\/\\\/exaudi.org\\\/it\\\/francesco-aprira-gli-stati-generali-della-natalita\\\/#breadcrumb\",\"itemListElement\":[{\"@type\":\"ListItem\",\"position\":1,\"name\":\"Portada\",\"item\":\"https:\\\/\\\/exaudi.org\\\/it\\\/\"},{\"@type\":\"ListItem\",\"position\":2,\"name\":\"Francesco aprir\u00e0 gli Stati generali della Natalit\u00e0\"}]},{\"@type\":\"WebSite\",\"@id\":\"https:\\\/\\\/exaudi.org\\\/#website\",\"url\":\"https:\\\/\\\/exaudi.org\\\/\",\"name\":\"Exaudi\",\"description\":\"News\",\"potentialAction\":[{\"@type\":\"SearchAction\",\"target\":{\"@type\":\"EntryPoint\",\"urlTemplate\":\"https:\\\/\\\/exaudi.org\\\/?s={search_term_string}\"},\"query-input\":{\"@type\":\"PropertyValueSpecification\",\"valueRequired\":true,\"valueName\":\"search_term_string\"}}],\"inLanguage\":\"it-IT\"},{\"@type\":\"Person\",\"@id\":\"https:\\\/\\\/exaudi.org\\\/#\\\/schema\\\/person\\\/e1ab6ed07c01774724dd96f925f3a5f0\",\"name\":\"Exaudi Redazione\",\"image\":{\"@type\":\"ImageObject\",\"inLanguage\":\"it-IT\",\"@id\":\"https:\\\/\\\/secure.gravatar.com\\\/avatar\\\/ad6774b3ada023bf5b939d64f45c94b3adf91502dd883507d469b4308a943bb3?s=96&d=mm&r=g\",\"url\":\"https:\\\/\\\/secure.gravatar.com\\\/avatar\\\/ad6774b3ada023bf5b939d64f45c94b3adf91502dd883507d469b4308a943bb3?s=96&d=mm&r=g\",\"contentUrl\":\"https:\\\/\\\/secure.gravatar.com\\\/avatar\\\/ad6774b3ada023bf5b939d64f45c94b3adf91502dd883507d469b4308a943bb3?s=96&d=mm&r=g\",\"caption\":\"Exaudi Redazione\"},\"description\":\"Che cosa \u00e8 Exaudi News? Exaudi News \u00e8 un agenzia cattolica internazionale che informa, istruisce e trasforma quotidianamente in spagnolo, inglese e italiano. Attraverso notizie, articoli di analisi e trasmissioni in diretta degli eventi del Papa, Exaudi cerca di rafforzare l'unit\u00e0 dei cristiani e di contribuire all'evangelizzazione del mondo, sempre guidato dalla dottrina sociale della Chiesa. Lavoriamo per portare la verit\u00e0 e i valori cristiani in ogni angolo del pianeta. Aiutaci a trasformare il mondo con Exaudi! Noi di Exaudi crediamo che l'evangelizzazione e l'informazione di qualit\u00e0 possano cambiare la vita. Per continuare la nostra missione ed espandere la nostra portata, abbiamo bisogno del tuo aiuto. Stiamo anche cercando persone motivate che vogliano unirsi al nostro team. Grazie al vostro sostegno raggiungeremo pi\u00f9 persone, diffonderemo il messaggio di Cristo e rafforzeremo l'unit\u00e0 dei cristiani. Vuoi unirti alla nostra missione? Per maggiori informazioni su come contribuire, visita Exaudi.org\\\/it o contattaci direttamente: info@exaudi.org Exaudi: informa, forma e trasforma.\",\"sameAs\":[\"https:\\\/\\\/www.facebook.com\\\/ExaudiNotizie\\\/\",\"https:\\\/\\\/www.instagram.com\\\/Exaudi_notizie\\\/\",\"https:\\\/\\\/x.com\\\/Exaudi_Notizie\",\"https:\\\/\\\/www.youtube.com\\\/@exaudicatholicnews\"],\"url\":\"https:\\\/\\\/exaudi.org\\\/it\\\/author\\\/dlvedi-org\\\/\"}]}<\/script>\n<!-- \/ Yoast SEO plugin. -->","yoast_head_json":{"title":"Francesco aprir\u00e0 gli Stati generali della Natalit\u00e0 &#8211; Exaudi","description":"Gli Stati generali della natalit\u00e0 promossi dal Forum delle associazioni familiari saranno inaugurati da Papa Francesco il prossimo 14 maggio","robots":{"index":"index","follow":"follow","max-snippet":"max-snippet:-1","max-image-preview":"max-image-preview:large","max-video-preview":"max-video-preview:-1"},"canonical":"https:\/\/exaudi.org\/it\/francesco-aprira-gli-stati-generali-della-natalita\/","og_locale":"it_IT","og_type":"article","og_title":"Francesco aprir\u00e0 gli Stati generali della Natalit\u00e0 &#8211; Exaudi","og_description":"Gli Stati generali della natalit\u00e0 promossi dal Forum delle associazioni familiari saranno inaugurati da Papa Francesco il prossimo 14 maggio","og_url":"https:\/\/exaudi.org\/it\/francesco-aprira-gli-stati-generali-della-natalita\/","og_site_name":"Exaudi","article_publisher":"https:\/\/www.facebook.com\/ExaudiNews","article_author":"https:\/\/www.facebook.com\/ExaudiNotizie\/","article_published_time":"2021-05-03T16:42:34+00:00","article_modified_time":"2021-05-06T07:09:19+00:00","og_image":[{"width":768,"height":513,"url":"https:\/\/exaudi.org\/wp-content\/uploads\/2021\/05\/Bautismo.jpg-800\u00d7532-768x513-1.png","type":"image\/png"}],"author":"Exaudi Redazione","twitter_card":"summary_large_image","twitter_creator":"@Exaudi_Notizie","twitter_site":"@Exaudi_News","twitter_misc":{"Scritto da":"Exaudi Redazione","Tempo di lettura stimato":"2 minuti"},"schema":{"@context":"https:\/\/schema.org","@graph":[{"@type":"Article","@id":"https:\/\/exaudi.org\/it\/francesco-aprira-gli-stati-generali-della-natalita\/#article","isPartOf":{"@id":"https:\/\/exaudi.org\/it\/francesco-aprira-gli-stati-generali-della-natalita\/"},"author":{"name":"Exaudi Redazione","@id":"https:\/\/exaudi.org\/#\/schema\/person\/e1ab6ed07c01774724dd96f925f3a5f0"},"headline":"Francesco aprir\u00e0 gli Stati generali della Natalit\u00e0","datePublished":"2021-05-03T16:42:34+00:00","dateModified":"2021-05-06T07:09:19+00:00","mainEntityOfPage":{"@id":"https:\/\/exaudi.org\/it\/francesco-aprira-gli-stati-generali-della-natalita\/"},"wordCount":387,"image":{"@id":"https:\/\/exaudi.org\/it\/francesco-aprira-gli-stati-generali-della-natalita\/#primaryimage"},"thumbnailUrl":"https:\/\/exaudi.org\/wp-content\/uploads\/2021\/05\/Bautismo.jpg-800\u00d7532-768x513-1.png","keywords":["famiglia","Forum associazioni familiari","inverno demografico","Papa Francesco"],"articleSection":["Chiesa e Mondo","Featured News","Matrimonio e famiglia"],"inLanguage":"it-IT"},{"@type":"WebPage","@id":"https:\/\/exaudi.org\/it\/francesco-aprira-gli-stati-generali-della-natalita\/","url":"https:\/\/exaudi.org\/it\/francesco-aprira-gli-stati-generali-della-natalita\/","name":"Francesco aprir\u00e0 gli Stati generali della Natalit\u00e0 &#8211; Exaudi","isPartOf":{"@id":"https:\/\/exaudi.org\/#website"},"primaryImageOfPage":{"@id":"https:\/\/exaudi.org\/it\/francesco-aprira-gli-stati-generali-della-natalita\/#primaryimage"},"image":{"@id":"https:\/\/exaudi.org\/it\/francesco-aprira-gli-stati-generali-della-natalita\/#primaryimage"},"thumbnailUrl":"https:\/\/exaudi.org\/wp-content\/uploads\/2021\/05\/Bautismo.jpg-800\u00d7532-768x513-1.png","datePublished":"2021-05-03T16:42:34+00:00","dateModified":"2021-05-06T07:09:19+00:00","author":{"@id":"https:\/\/exaudi.org\/#\/schema\/person\/e1ab6ed07c01774724dd96f925f3a5f0"},"description":"Gli Stati generali della natalit\u00e0 promossi dal Forum delle associazioni familiari saranno inaugurati da Papa Francesco il prossimo 14 maggio","breadcrumb":{"@id":"https:\/\/exaudi.org\/it\/francesco-aprira-gli-stati-generali-della-natalita\/#breadcrumb"},"inLanguage":"it-IT","potentialAction":[{"@type":"ReadAction","target":["https:\/\/exaudi.org\/it\/francesco-aprira-gli-stati-generali-della-natalita\/"]}]},{"@type":"ImageObject","inLanguage":"it-IT","@id":"https:\/\/exaudi.org\/it\/francesco-aprira-gli-stati-generali-della-natalita\/#primaryimage","url":"https:\/\/exaudi.org\/wp-content\/uploads\/2021\/05\/Bautismo.jpg-800\u00d7532-768x513-1.png","contentUrl":"https:\/\/exaudi.org\/wp-content\/uploads\/2021\/05\/Bautismo.jpg-800\u00d7532-768x513-1.png","width":768,"height":513,"caption":"Copyright: Vatican Media"},{"@type":"BreadcrumbList","@id":"https:\/\/exaudi.org\/it\/francesco-aprira-gli-stati-generali-della-natalita\/#breadcrumb","itemListElement":[{"@type":"ListItem","position":1,"name":"Portada","item":"https:\/\/exaudi.org\/it\/"},{"@type":"ListItem","position":2,"name":"Francesco aprir\u00e0 gli Stati generali della Natalit\u00e0"}]},{"@type":"WebSite","@id":"https:\/\/exaudi.org\/#website","url":"https:\/\/exaudi.org\/","name":"Exaudi","description":"News","potentialAction":[{"@type":"SearchAction","target":{"@type":"EntryPoint","urlTemplate":"https:\/\/exaudi.org\/?s={search_term_string}"},"query-input":{"@type":"PropertyValueSpecification","valueRequired":true,"valueName":"search_term_string"}}],"inLanguage":"it-IT"},{"@type":"Person","@id":"https:\/\/exaudi.org\/#\/schema\/person\/e1ab6ed07c01774724dd96f925f3a5f0","name":"Exaudi Redazione","image":{"@type":"ImageObject","inLanguage":"it-IT","@id":"https:\/\/secure.gravatar.com\/avatar\/ad6774b3ada023bf5b939d64f45c94b3adf91502dd883507d469b4308a943bb3?s=96&d=mm&r=g","url":"https:\/\/secure.gravatar.com\/avatar\/ad6774b3ada023bf5b939d64f45c94b3adf91502dd883507d469b4308a943bb3?s=96&d=mm&r=g","contentUrl":"https:\/\/secure.gravatar.com\/avatar\/ad6774b3ada023bf5b939d64f45c94b3adf91502dd883507d469b4308a943bb3?s=96&d=mm&r=g","caption":"Exaudi Redazione"},"description":"Che cosa \u00e8 Exaudi News? Exaudi News \u00e8 un agenzia cattolica internazionale che informa, istruisce e trasforma quotidianamente in spagnolo, inglese e italiano. Attraverso notizie, articoli di analisi e trasmissioni in diretta degli eventi del Papa, Exaudi cerca di rafforzare l'unit\u00e0 dei cristiani e di contribuire all'evangelizzazione del mondo, sempre guidato dalla dottrina sociale della Chiesa. Lavoriamo per portare la verit\u00e0 e i valori cristiani in ogni angolo del pianeta. Aiutaci a trasformare il mondo con Exaudi! Noi di Exaudi crediamo che l'evangelizzazione e l'informazione di qualit\u00e0 possano cambiare la vita. Per continuare la nostra missione ed espandere la nostra portata, abbiamo bisogno del tuo aiuto. Stiamo anche cercando persone motivate che vogliano unirsi al nostro team. Grazie al vostro sostegno raggiungeremo pi\u00f9 persone, diffonderemo il messaggio di Cristo e rafforzeremo l'unit\u00e0 dei cristiani. Vuoi unirti alla nostra missione? Per maggiori informazioni su come contribuire, visita Exaudi.org\/it o contattaci direttamente: info@exaudi.org Exaudi: informa, forma e trasforma.","sameAs":["https:\/\/www.facebook.com\/ExaudiNotizie\/","https:\/\/www.instagram.com\/Exaudi_notizie\/","https:\/\/x.com\/Exaudi_Notizie","https:\/\/www.youtube.com\/@exaudicatholicnews"],"url":"https:\/\/exaudi.org\/it\/author\/dlvedi-org\/"}]}},"jetpack_featured_media_url":"https:\/\/exaudi.org\/wp-content\/uploads\/2021\/05\/Bautismo.jpg-800\u00d7532-768x513-1.png","jetpack_shortlink":"https:\/\/wp.me\/pgKjF2-3Sc","_links":{"self":[{"href":"https:\/\/exaudi.org\/it\/wp-json\/wp\/v2\/posts\/14892","targetHints":{"allow":["GET"]}}],"collection":[{"href":"https:\/\/exaudi.org\/it\/wp-json\/wp\/v2\/posts"}],"about":[{"href":"https:\/\/exaudi.org\/it\/wp-json\/wp\/v2\/types\/post"}],"author":[{"embeddable":true,"href":"https:\/\/exaudi.org\/it\/wp-json\/wp\/v2\/users\/17"}],"replies":[{"embeddable":true,"href":"https:\/\/exaudi.org\/it\/wp-json\/wp\/v2\/comments?post=14892"}],"version-history":[{"count":0,"href":"https:\/\/exaudi.org\/it\/wp-json\/wp\/v2\/posts\/14892\/revisions"}],"wp:featuredmedia":[{"embeddable":true,"href":"https:\/\/exaudi.org\/it\/wp-json\/wp\/v2\/media\/14786"}],"wp:attachment":[{"href":"https:\/\/exaudi.org\/it\/wp-json\/wp\/v2\/media?parent=14892"}],"wp:term":[{"taxonomy":"category","embeddable":true,"href":"https:\/\/exaudi.org\/it\/wp-json\/wp\/v2\/categories?post=14892"},{"taxonomy":"post_tag","embeddable":true,"href":"https:\/\/exaudi.org\/it\/wp-json\/wp\/v2\/tags?post=14892"}],"curies":[{"name":"wp","href":"https:\/\/api.w.org\/{rel}","templated":true}]}}