{"id":148837,"date":"2025-12-02T16:04:58","date_gmt":"2025-12-02T15:04:58","guid":{"rendered":"https:\/\/exaudi.org\/?p=148837"},"modified":"2025-12-02T16:04:58","modified_gmt":"2025-12-02T15:04:58","slug":"papa-leone-xiv-a-beirut-un-gesto-di-speranza-nella-sofferenza","status":"publish","type":"post","link":"https:\/\/exaudi.org\/it\/papa-leone-xiv-a-beirut-un-gesto-di-speranza-nella-sofferenza\/","title":{"rendered":"Papa Leone XIV a Beirut: un gesto di speranza nella sofferenza"},"content":{"rendered":"<p><span dir=\"auto\" style=\"vertical-align: inherit\"><span dir=\"auto\" style=\"vertical-align: inherit\">In una toccante conclusione del suo primo viaggio apostolico all&#8217;estero, che ha incluso tappe in Turchia e Libano, Papa Leone XIV ha iniziato marted\u00ec il suo terzo e ultimo giorno a Beirut con una visita all&#8217;Ospedale della Croce di Jal Ed Dib. Questo centro, uno dei pi\u00f9 grandi del Medio Oriente per persone con disabilit\u00e0 mentali, \u00e8 diventato lo scenario di un profondo messaggio di compassione e solidariet\u00e0. Fondato nel 1919 dal Beato Padre Jacques Haddad, noto come Padre Yaacoub, instancabile apostolo della carit\u00e0, l&#8217;ospedale \u00e8 stato trasformato nel 1951 in un rifugio per i pi\u00f9 vulnerabili e oggi accoglie centinaia di pazienti nei suoi cinque ampi reparti.<\/span><\/span><\/p>\n<p><span dir=\"auto\" style=\"vertical-align: inherit\"><span dir=\"auto\" style=\"vertical-align: inherit\">L&#8217;arrivo del Papa \u00e8 stato accolto con un misto di emozione e affetto da pazienti, medici, Suore Francescane della Croce e operatori sanitari. La folla si \u00e8 riversata lungo le strade per accoglierlo, un gesto che sottolinea l&#8217;impatto della sua presenza in una nazione segnata da conflitti, povert\u00e0 e vulnerabilit\u00e0. Leone XIV, visibilmente commosso, ha espresso la sua gioia di essere l\u00ec: &#8220;Ho voluto venire perch\u00e9 Ges\u00f9 abita in questo luogo: in voi che siete malati e in voi che vi prendete cura dei malati: le suore, i medici, tutti gli operatori sanitari e il personale&#8221;. Ha assicurato a tutti la sua presenza nelle preghiere e li ha ringraziati per l&#8217;inno di speranza eseguito da un coro locale, un dettaglio che ha simboleggiato lo spirito della visita.<\/span><\/span><\/p>\n<p><span dir=\"auto\" style=\"vertical-align: inherit\"><span dir=\"auto\" style=\"vertical-align: inherit\">Il Papa ha dedicato parole speciali all&#8217;eredit\u00e0 del Beato Padre Jacques, ricordandone la santit\u00e0 manifestata nell&#8217;amore per i poveri e i sofferenti. &#8220;\u00c8 ricordato per la santit\u00e0 di vita che ha dimostrato soprattutto attraverso il suo amore per i pi\u00f9 poveri e per coloro che soffrono&#8221;, ha affermato. Le Suore Francescane della Croce, che continuano la sua opera con dedizione e gioia, sono state elogiate come &#8220;segno tangibile dell&#8217;amore misericordioso di Cristo&#8221;. Leone XIV le ha paragonate al Buon Samaritano del Vangelo, che si ferma ad aiutare l&#8217;uomo ferito per sollevarlo e guarirlo, e ha riconosciuto le sfide che devono affrontare: stanchezza, scoraggiamento e condizioni avverse in un contesto regionale cos\u00ec instabile.<\/span><\/span><\/p>\n<p><img loading=\"lazy\" decoding=\"async\" class=\"size-full wp-image-148750 alignnone\" src=\"https:\/\/exaudi.org\/wp-content\/uploads\/2025\/12\/cq5dam.thumbnail.cropped.500.281.jpeg\" alt=\"\" width=\"500\" height=\"281\" srcset=\"https:\/\/exaudi.org\/wp-content\/uploads\/2025\/12\/cq5dam.thumbnail.cropped.500.281.jpeg 500w, https:\/\/exaudi.org\/wp-content\/uploads\/2025\/12\/cq5dam.thumbnail.cropped.500.281-300x169.jpeg 300w\" sizes=\"auto, (max-width: 500px) 100vw, 500px\" \/><\/p>\n<p><span dir=\"auto\" style=\"vertical-align: inherit\"><span dir=\"auto\" style=\"vertical-align: inherit\">\u00abA volte possono subentrare stanchezza o scoraggiamento, soprattutto a causa delle condizioni non sempre favorevoli in cui si lavora. Vi incoraggio a non perdere la gioia di questa missione e, nonostante alcune difficolt\u00e0, vi invito a tenere sempre presente il bene che potete fare. \u00c8 un&#8217;opera grande agli occhi di Dio\u00bb, ha esortato il Santo Padre. Tra i doni ricevuti, ha evidenziato un&#8217;immagine del fondatore, che simboleggia la continuit\u00e0 di questa missione umanitaria in un ospedale che, dalla sua conversione nel 1937 da centro psichiatrico a casa di riposo per disabili mentali, \u00e8 stato un faro di speranza.<\/span><\/span><\/p>\n<p><span dir=\"auto\" style=\"vertical-align: inherit\"><span dir=\"auto\" style=\"vertical-align: inherit\">Ma il messaggio di Leone XIV trascendeva le mura dell&#8217;ospedale. Rivolgendosi alla societ\u00e0 libanese e al mondo intero, il Papa lanci\u00f2 un appello urgente a non ignorare i pi\u00f9 vulnerabili. &#8220;Non possiamo dimenticare i pi\u00f9 vulnerabili. Non possiamo progredire come societ\u00e0 aggrappandoci a falsi miti di benessere ignorando la realt\u00e0 della povert\u00e0 e della fragilit\u00e0&#8221;, ammoniva. In particolare, esortava i cristiani \u2013 come Chiesa di Ges\u00f9 \u2013 a prendersi cura dei poveri, ricordando che &#8220;il Vangelo stesso ce lo chiede, e il grido dei poveri, che attraversa anche la Scrittura, ci interpella&#8221;. Citava la sua esortazione apostolica *Dilexi te* (9): &#8220;Nei volti feriti dei poveri troviamo impressa la sofferenza degli innocenti e, quindi, la stessa sofferenza di Cristo&#8221;.<\/span><\/span><\/p>\n<p><img loading=\"lazy\" decoding=\"async\" class=\"size-full wp-image-148753 alignnone\" src=\"https:\/\/exaudi.org\/wp-content\/uploads\/2025\/12\/cq5dam.thumbnail.cropped.500.281-2.jpeg\" alt=\"\" width=\"500\" height=\"281\" srcset=\"https:\/\/exaudi.org\/wp-content\/uploads\/2025\/12\/cq5dam.thumbnail.cropped.500.281-2.jpeg 500w, https:\/\/exaudi.org\/wp-content\/uploads\/2025\/12\/cq5dam.thumbnail.cropped.500.281-2-300x169.jpeg 300w\" sizes=\"auto, (max-width: 500px) 100vw, 500px\" \/><\/p>\n<p><span dir=\"auto\" style=\"vertical-align: inherit\"><span dir=\"auto\" style=\"vertical-align: inherit\">Il momento culminante \u00e8 stato il saluto diretto ai malati: \u00abDio vi tiene nel palmo della sua mano; vi accompagna con amore e vi offre la sua tenerezza attraverso le mani e i sorrisi di chi si prende cura di voi\u00bb. Con voce piena di affetto, ha concluso: \u00abVi amo, siete miei figli! Non dimenticatelo mai!\u00bb. La visita, durata circa un&#8217;ora, ha incluso momenti di benedizione e preghiera, lasciando un&#8217;eco di speranza in un Libano che lotta per ricostruirsi dopo anni di crisi.<\/span><\/span><\/p>\n","protected":false},"excerpt":{"rendered":"<p>Il Papa visita l&#8217;Ospedale della Croce e invita a ricordare i pi\u00f9 vulnerabili<\/p>\n","protected":false},"author":17,"featured_media":148747,"comment_status":"closed","ping_status":"closed","sticky":false,"template":"","format":"standard","meta":{"_acf_changed":false,"_crdt_document":"","inline_featured_image":false,"footnotes":""},"categories":[67,67,119],"tags":[84098,1873,62601,84105,84099,76322,84100,64910,64910,411,84106,49210,84104,84107,84108,84101,84103,64787,4952,84102,84109,84110],"class_list":{"0":"post-148837","1":"post","2":"type-post","3":"status-publish","4":"format-standard","5":"has-post-thumbnail","6":"hentry","7":"category-leone-xiv","9":"category-viaggi","10":"tag-beato-yaacoub-2","11":"tag-beirut-it","12":"tag-chiesa-e-poveri","13":"tag-crisi-libanese","14":"tag-cura-dei-vulnerabili","15":"tag-dilexi-te-2","16":"tag-disabilita-mentale","17":"tag-leone-xiv-it","19":"tag-libano-it","20":"tag-messaggio-di-compassione","21":"tag-misericordia-papale","22":"tag-ospedale-jal-ed-dib","23":"tag-padre-jacques-haddad-2","24":"tag-papa-in-libano-2025","25":"tag-speranza-per-i-cristiani-in-libano","26":"tag-suore-francescane-della-croce","27":"tag-trending-it-236","28":"tag-trending-it","29":"tag-vangelo-e-fragilita","30":"tag-viaggio-apostolico-di-leone-xiv","31":"tag-visita-allospedale-della-croce"},"acf":[],"yoast_head":"<!-- This site is optimized with the Yoast SEO plugin v27.4 - https:\/\/yoast.com\/product\/yoast-seo-wordpress\/ -->\n<title>Papa Leone XIV a Beirut: un gesto di speranza nella sofferenza &#8211; Exaudi<\/title>\n<meta name=\"robots\" content=\"index, follow, max-snippet:-1, max-image-preview:large, max-video-preview:-1\" \/>\n<link rel=\"canonical\" href=\"https:\/\/exaudi.org\/it\/papa-leone-xiv-a-beirut-un-gesto-di-speranza-nella-sofferenza\/\" \/>\n<meta property=\"og:locale\" content=\"it_IT\" \/>\n<meta property=\"og:type\" content=\"article\" \/>\n<meta property=\"og:title\" content=\"Papa Leone XIV a Beirut: un gesto di speranza nella sofferenza &#8211; Exaudi\" \/>\n<meta property=\"og:description\" content=\"Il Papa visita l&#039;Ospedale della Croce e invita a ricordare i pi\u00f9 vulnerabili\" \/>\n<meta property=\"og:url\" content=\"https:\/\/exaudi.org\/it\/papa-leone-xiv-a-beirut-un-gesto-di-speranza-nella-sofferenza\/\" \/>\n<meta property=\"og:site_name\" content=\"Exaudi\" \/>\n<meta property=\"article:publisher\" content=\"https:\/\/www.facebook.com\/ExaudiNews\" \/>\n<meta property=\"article:author\" content=\"https:\/\/www.facebook.com\/ExaudiNotizie\/\" \/>\n<meta property=\"article:published_time\" content=\"2025-12-02T15:04:58+00:00\" \/>\n<meta property=\"og:image\" content=\"https:\/\/exaudi.org\/wp-content\/uploads\/2025\/12\/cq5dam.thumbnail.cropped.500.281-4.jpeg\" \/>\n\t<meta property=\"og:image:width\" content=\"500\" \/>\n\t<meta property=\"og:image:height\" content=\"281\" \/>\n\t<meta property=\"og:image:type\" content=\"image\/jpeg\" \/>\n<meta name=\"author\" content=\"Exaudi Redazione\" \/>\n<meta name=\"twitter:card\" content=\"summary_large_image\" \/>\n<meta name=\"twitter:creator\" content=\"@Exaudi_Notizie\" \/>\n<meta name=\"twitter:site\" content=\"@Exaudi_News\" \/>\n<meta name=\"twitter:label1\" content=\"Scritto da\" \/>\n\t<meta name=\"twitter:data1\" content=\"Exaudi Redazione\" \/>\n\t<meta name=\"twitter:label2\" content=\"Tempo di lettura stimato\" \/>\n\t<meta name=\"twitter:data2\" content=\"3 minuti\" \/>\n<script type=\"application\/ld+json\" class=\"yoast-schema-graph\">{\"@context\":\"https:\\\/\\\/schema.org\",\"@graph\":[{\"@type\":\"Article\",\"@id\":\"https:\\\/\\\/exaudi.org\\\/it\\\/papa-leone-xiv-a-beirut-un-gesto-di-speranza-nella-sofferenza\\\/#article\",\"isPartOf\":{\"@id\":\"https:\\\/\\\/exaudi.org\\\/it\\\/papa-leone-xiv-a-beirut-un-gesto-di-speranza-nella-sofferenza\\\/\"},\"author\":{\"name\":\"Exaudi Redazione\",\"@id\":\"https:\\\/\\\/exaudi.org\\\/#\\\/schema\\\/person\\\/e1ab6ed07c01774724dd96f925f3a5f0\"},\"headline\":\"Papa Leone XIV a Beirut: un gesto di speranza nella sofferenza\",\"datePublished\":\"2025-12-02T15:04:58+00:00\",\"mainEntityOfPage\":{\"@id\":\"https:\\\/\\\/exaudi.org\\\/it\\\/papa-leone-xiv-a-beirut-un-gesto-di-speranza-nella-sofferenza\\\/\"},\"wordCount\":658,\"image\":{\"@id\":\"https:\\\/\\\/exaudi.org\\\/it\\\/papa-leone-xiv-a-beirut-un-gesto-di-speranza-nella-sofferenza\\\/#primaryimage\"},\"thumbnailUrl\":\"https:\\\/\\\/exaudi.org\\\/wp-content\\\/uploads\\\/2025\\\/12\\\/cq5dam.thumbnail.cropped.500.281-4.jpeg\",\"keywords\":[\"Beato Yaacoub\",\"beirut\",\"Chiesa e poveri\",\"crisi libanese\",\"cura dei vulnerabili\",\"Dilexi Te\",\"disabilit\u00e0 mentale\",\"Leone XIV\",\"Leone XIV\",\"L\u00edbano\",\"messaggio di compassione\",\"misericordia papale\",\"Ospedale Jal Ed Dib\",\"Padre Jacques Haddad\",\"Papa in Libano 2025\",\"speranza per i cristiani in Libano\",\"Suore Francescane della Croce\",\"Trending\",\"Trending\",\"Vangelo e fragilit\u00e0\",\"Viaggio apostolico di Leone XIV\",\"visita all'Ospedale della Croce\"],\"articleSection\":[\"Leone XIV\",\"Leone XIV\",\"Viaggi\"],\"inLanguage\":\"it-IT\"},{\"@type\":\"WebPage\",\"@id\":\"https:\\\/\\\/exaudi.org\\\/it\\\/papa-leone-xiv-a-beirut-un-gesto-di-speranza-nella-sofferenza\\\/\",\"url\":\"https:\\\/\\\/exaudi.org\\\/it\\\/papa-leone-xiv-a-beirut-un-gesto-di-speranza-nella-sofferenza\\\/\",\"name\":\"Papa Leone XIV a Beirut: un gesto di speranza nella sofferenza &#8211; Exaudi\",\"isPartOf\":{\"@id\":\"https:\\\/\\\/exaudi.org\\\/#website\"},\"primaryImageOfPage\":{\"@id\":\"https:\\\/\\\/exaudi.org\\\/it\\\/papa-leone-xiv-a-beirut-un-gesto-di-speranza-nella-sofferenza\\\/#primaryimage\"},\"image\":{\"@id\":\"https:\\\/\\\/exaudi.org\\\/it\\\/papa-leone-xiv-a-beirut-un-gesto-di-speranza-nella-sofferenza\\\/#primaryimage\"},\"thumbnailUrl\":\"https:\\\/\\\/exaudi.org\\\/wp-content\\\/uploads\\\/2025\\\/12\\\/cq5dam.thumbnail.cropped.500.281-4.jpeg\",\"datePublished\":\"2025-12-02T15:04:58+00:00\",\"author\":{\"@id\":\"https:\\\/\\\/exaudi.org\\\/#\\\/schema\\\/person\\\/e1ab6ed07c01774724dd96f925f3a5f0\"},\"breadcrumb\":{\"@id\":\"https:\\\/\\\/exaudi.org\\\/it\\\/papa-leone-xiv-a-beirut-un-gesto-di-speranza-nella-sofferenza\\\/#breadcrumb\"},\"inLanguage\":\"it-IT\",\"potentialAction\":[{\"@type\":\"ReadAction\",\"target\":[\"https:\\\/\\\/exaudi.org\\\/it\\\/papa-leone-xiv-a-beirut-un-gesto-di-speranza-nella-sofferenza\\\/\"]}]},{\"@type\":\"ImageObject\",\"inLanguage\":\"it-IT\",\"@id\":\"https:\\\/\\\/exaudi.org\\\/it\\\/papa-leone-xiv-a-beirut-un-gesto-di-speranza-nella-sofferenza\\\/#primaryimage\",\"url\":\"https:\\\/\\\/exaudi.org\\\/wp-content\\\/uploads\\\/2025\\\/12\\\/cq5dam.thumbnail.cropped.500.281-4.jpeg\",\"contentUrl\":\"https:\\\/\\\/exaudi.org\\\/wp-content\\\/uploads\\\/2025\\\/12\\\/cq5dam.thumbnail.cropped.500.281-4.jpeg\",\"width\":500,\"height\":281},{\"@type\":\"BreadcrumbList\",\"@id\":\"https:\\\/\\\/exaudi.org\\\/it\\\/papa-leone-xiv-a-beirut-un-gesto-di-speranza-nella-sofferenza\\\/#breadcrumb\",\"itemListElement\":[{\"@type\":\"ListItem\",\"position\":1,\"name\":\"Portada\",\"item\":\"https:\\\/\\\/exaudi.org\\\/it\\\/\"},{\"@type\":\"ListItem\",\"position\":2,\"name\":\"Papa Leone XIV a Beirut: un gesto di speranza nella sofferenza\"}]},{\"@type\":\"WebSite\",\"@id\":\"https:\\\/\\\/exaudi.org\\\/#website\",\"url\":\"https:\\\/\\\/exaudi.org\\\/\",\"name\":\"Exaudi\",\"description\":\"News\",\"potentialAction\":[{\"@type\":\"SearchAction\",\"target\":{\"@type\":\"EntryPoint\",\"urlTemplate\":\"https:\\\/\\\/exaudi.org\\\/?s={search_term_string}\"},\"query-input\":{\"@type\":\"PropertyValueSpecification\",\"valueRequired\":true,\"valueName\":\"search_term_string\"}}],\"inLanguage\":\"it-IT\"},{\"@type\":\"Person\",\"@id\":\"https:\\\/\\\/exaudi.org\\\/#\\\/schema\\\/person\\\/e1ab6ed07c01774724dd96f925f3a5f0\",\"name\":\"Exaudi Redazione\",\"image\":{\"@type\":\"ImageObject\",\"inLanguage\":\"it-IT\",\"@id\":\"https:\\\/\\\/secure.gravatar.com\\\/avatar\\\/ad6774b3ada023bf5b939d64f45c94b3adf91502dd883507d469b4308a943bb3?s=96&d=mm&r=g\",\"url\":\"https:\\\/\\\/secure.gravatar.com\\\/avatar\\\/ad6774b3ada023bf5b939d64f45c94b3adf91502dd883507d469b4308a943bb3?s=96&d=mm&r=g\",\"contentUrl\":\"https:\\\/\\\/secure.gravatar.com\\\/avatar\\\/ad6774b3ada023bf5b939d64f45c94b3adf91502dd883507d469b4308a943bb3?s=96&d=mm&r=g\",\"caption\":\"Exaudi Redazione\"},\"description\":\"Che cosa \u00e8 Exaudi News? Exaudi News \u00e8 un agenzia cattolica internazionale che informa, istruisce e trasforma quotidianamente in spagnolo, inglese e italiano. Attraverso notizie, articoli di analisi e trasmissioni in diretta degli eventi del Papa, Exaudi cerca di rafforzare l'unit\u00e0 dei cristiani e di contribuire all'evangelizzazione del mondo, sempre guidato dalla dottrina sociale della Chiesa. Lavoriamo per portare la verit\u00e0 e i valori cristiani in ogni angolo del pianeta. Aiutaci a trasformare il mondo con Exaudi! Noi di Exaudi crediamo che l'evangelizzazione e l'informazione di qualit\u00e0 possano cambiare la vita. Per continuare la nostra missione ed espandere la nostra portata, abbiamo bisogno del tuo aiuto. Stiamo anche cercando persone motivate che vogliano unirsi al nostro team. Grazie al vostro sostegno raggiungeremo pi\u00f9 persone, diffonderemo il messaggio di Cristo e rafforzeremo l'unit\u00e0 dei cristiani. Vuoi unirti alla nostra missione? Per maggiori informazioni su come contribuire, visita Exaudi.org\\\/it o contattaci direttamente: info@exaudi.org Exaudi: informa, forma e trasforma.\",\"sameAs\":[\"https:\\\/\\\/www.facebook.com\\\/ExaudiNotizie\\\/\",\"https:\\\/\\\/www.instagram.com\\\/Exaudi_notizie\\\/\",\"https:\\\/\\\/x.com\\\/Exaudi_Notizie\",\"https:\\\/\\\/www.youtube.com\\\/@exaudicatholicnews\"],\"url\":\"https:\\\/\\\/exaudi.org\\\/it\\\/author\\\/dlvedi-org\\\/\"}]}<\/script>\n<!-- \/ Yoast SEO plugin. -->","yoast_head_json":{"title":"Papa Leone XIV a Beirut: un gesto di speranza nella sofferenza &#8211; Exaudi","robots":{"index":"index","follow":"follow","max-snippet":"max-snippet:-1","max-image-preview":"max-image-preview:large","max-video-preview":"max-video-preview:-1"},"canonical":"https:\/\/exaudi.org\/it\/papa-leone-xiv-a-beirut-un-gesto-di-speranza-nella-sofferenza\/","og_locale":"it_IT","og_type":"article","og_title":"Papa Leone XIV a Beirut: un gesto di speranza nella sofferenza &#8211; Exaudi","og_description":"Il Papa visita l'Ospedale della Croce e invita a ricordare i pi\u00f9 vulnerabili","og_url":"https:\/\/exaudi.org\/it\/papa-leone-xiv-a-beirut-un-gesto-di-speranza-nella-sofferenza\/","og_site_name":"Exaudi","article_publisher":"https:\/\/www.facebook.com\/ExaudiNews","article_author":"https:\/\/www.facebook.com\/ExaudiNotizie\/","article_published_time":"2025-12-02T15:04:58+00:00","og_image":[{"width":500,"height":281,"url":"https:\/\/exaudi.org\/wp-content\/uploads\/2025\/12\/cq5dam.thumbnail.cropped.500.281-4.jpeg","type":"image\/jpeg"}],"author":"Exaudi Redazione","twitter_card":"summary_large_image","twitter_creator":"@Exaudi_Notizie","twitter_site":"@Exaudi_News","twitter_misc":{"Scritto da":"Exaudi Redazione","Tempo di lettura stimato":"3 minuti"},"schema":{"@context":"https:\/\/schema.org","@graph":[{"@type":"Article","@id":"https:\/\/exaudi.org\/it\/papa-leone-xiv-a-beirut-un-gesto-di-speranza-nella-sofferenza\/#article","isPartOf":{"@id":"https:\/\/exaudi.org\/it\/papa-leone-xiv-a-beirut-un-gesto-di-speranza-nella-sofferenza\/"},"author":{"name":"Exaudi Redazione","@id":"https:\/\/exaudi.org\/#\/schema\/person\/e1ab6ed07c01774724dd96f925f3a5f0"},"headline":"Papa Leone XIV a Beirut: un gesto di speranza nella sofferenza","datePublished":"2025-12-02T15:04:58+00:00","mainEntityOfPage":{"@id":"https:\/\/exaudi.org\/it\/papa-leone-xiv-a-beirut-un-gesto-di-speranza-nella-sofferenza\/"},"wordCount":658,"image":{"@id":"https:\/\/exaudi.org\/it\/papa-leone-xiv-a-beirut-un-gesto-di-speranza-nella-sofferenza\/#primaryimage"},"thumbnailUrl":"https:\/\/exaudi.org\/wp-content\/uploads\/2025\/12\/cq5dam.thumbnail.cropped.500.281-4.jpeg","keywords":["Beato Yaacoub","beirut","Chiesa e poveri","crisi libanese","cura dei vulnerabili","Dilexi Te","disabilit\u00e0 mentale","Leone XIV","Leone XIV","L\u00edbano","messaggio di compassione","misericordia papale","Ospedale Jal Ed Dib","Padre Jacques Haddad","Papa in Libano 2025","speranza per i cristiani in Libano","Suore Francescane della Croce","Trending","Trending","Vangelo e fragilit\u00e0","Viaggio apostolico di Leone XIV","visita all'Ospedale della Croce"],"articleSection":["Leone XIV","Leone XIV","Viaggi"],"inLanguage":"it-IT"},{"@type":"WebPage","@id":"https:\/\/exaudi.org\/it\/papa-leone-xiv-a-beirut-un-gesto-di-speranza-nella-sofferenza\/","url":"https:\/\/exaudi.org\/it\/papa-leone-xiv-a-beirut-un-gesto-di-speranza-nella-sofferenza\/","name":"Papa Leone XIV a Beirut: un gesto di speranza nella sofferenza &#8211; Exaudi","isPartOf":{"@id":"https:\/\/exaudi.org\/#website"},"primaryImageOfPage":{"@id":"https:\/\/exaudi.org\/it\/papa-leone-xiv-a-beirut-un-gesto-di-speranza-nella-sofferenza\/#primaryimage"},"image":{"@id":"https:\/\/exaudi.org\/it\/papa-leone-xiv-a-beirut-un-gesto-di-speranza-nella-sofferenza\/#primaryimage"},"thumbnailUrl":"https:\/\/exaudi.org\/wp-content\/uploads\/2025\/12\/cq5dam.thumbnail.cropped.500.281-4.jpeg","datePublished":"2025-12-02T15:04:58+00:00","author":{"@id":"https:\/\/exaudi.org\/#\/schema\/person\/e1ab6ed07c01774724dd96f925f3a5f0"},"breadcrumb":{"@id":"https:\/\/exaudi.org\/it\/papa-leone-xiv-a-beirut-un-gesto-di-speranza-nella-sofferenza\/#breadcrumb"},"inLanguage":"it-IT","potentialAction":[{"@type":"ReadAction","target":["https:\/\/exaudi.org\/it\/papa-leone-xiv-a-beirut-un-gesto-di-speranza-nella-sofferenza\/"]}]},{"@type":"ImageObject","inLanguage":"it-IT","@id":"https:\/\/exaudi.org\/it\/papa-leone-xiv-a-beirut-un-gesto-di-speranza-nella-sofferenza\/#primaryimage","url":"https:\/\/exaudi.org\/wp-content\/uploads\/2025\/12\/cq5dam.thumbnail.cropped.500.281-4.jpeg","contentUrl":"https:\/\/exaudi.org\/wp-content\/uploads\/2025\/12\/cq5dam.thumbnail.cropped.500.281-4.jpeg","width":500,"height":281},{"@type":"BreadcrumbList","@id":"https:\/\/exaudi.org\/it\/papa-leone-xiv-a-beirut-un-gesto-di-speranza-nella-sofferenza\/#breadcrumb","itemListElement":[{"@type":"ListItem","position":1,"name":"Portada","item":"https:\/\/exaudi.org\/it\/"},{"@type":"ListItem","position":2,"name":"Papa Leone XIV a Beirut: un gesto di speranza nella sofferenza"}]},{"@type":"WebSite","@id":"https:\/\/exaudi.org\/#website","url":"https:\/\/exaudi.org\/","name":"Exaudi","description":"News","potentialAction":[{"@type":"SearchAction","target":{"@type":"EntryPoint","urlTemplate":"https:\/\/exaudi.org\/?s={search_term_string}"},"query-input":{"@type":"PropertyValueSpecification","valueRequired":true,"valueName":"search_term_string"}}],"inLanguage":"it-IT"},{"@type":"Person","@id":"https:\/\/exaudi.org\/#\/schema\/person\/e1ab6ed07c01774724dd96f925f3a5f0","name":"Exaudi Redazione","image":{"@type":"ImageObject","inLanguage":"it-IT","@id":"https:\/\/secure.gravatar.com\/avatar\/ad6774b3ada023bf5b939d64f45c94b3adf91502dd883507d469b4308a943bb3?s=96&d=mm&r=g","url":"https:\/\/secure.gravatar.com\/avatar\/ad6774b3ada023bf5b939d64f45c94b3adf91502dd883507d469b4308a943bb3?s=96&d=mm&r=g","contentUrl":"https:\/\/secure.gravatar.com\/avatar\/ad6774b3ada023bf5b939d64f45c94b3adf91502dd883507d469b4308a943bb3?s=96&d=mm&r=g","caption":"Exaudi Redazione"},"description":"Che cosa \u00e8 Exaudi News? Exaudi News \u00e8 un agenzia cattolica internazionale che informa, istruisce e trasforma quotidianamente in spagnolo, inglese e italiano. Attraverso notizie, articoli di analisi e trasmissioni in diretta degli eventi del Papa, Exaudi cerca di rafforzare l'unit\u00e0 dei cristiani e di contribuire all'evangelizzazione del mondo, sempre guidato dalla dottrina sociale della Chiesa. Lavoriamo per portare la verit\u00e0 e i valori cristiani in ogni angolo del pianeta. Aiutaci a trasformare il mondo con Exaudi! Noi di Exaudi crediamo che l'evangelizzazione e l'informazione di qualit\u00e0 possano cambiare la vita. Per continuare la nostra missione ed espandere la nostra portata, abbiamo bisogno del tuo aiuto. Stiamo anche cercando persone motivate che vogliano unirsi al nostro team. Grazie al vostro sostegno raggiungeremo pi\u00f9 persone, diffonderemo il messaggio di Cristo e rafforzeremo l'unit\u00e0 dei cristiani. Vuoi unirti alla nostra missione? Per maggiori informazioni su come contribuire, visita Exaudi.org\/it o contattaci direttamente: info@exaudi.org Exaudi: informa, forma e trasforma.","sameAs":["https:\/\/www.facebook.com\/ExaudiNotizie\/","https:\/\/www.instagram.com\/Exaudi_notizie\/","https:\/\/x.com\/Exaudi_Notizie","https:\/\/www.youtube.com\/@exaudicatholicnews"],"url":"https:\/\/exaudi.org\/it\/author\/dlvedi-org\/"}]}},"jetpack_featured_media_url":"https:\/\/exaudi.org\/wp-content\/uploads\/2025\/12\/cq5dam.thumbnail.cropped.500.281-4.jpeg","jetpack_shortlink":"https:\/\/wp.me\/pgKjF2-CIB","_links":{"self":[{"href":"https:\/\/exaudi.org\/it\/wp-json\/wp\/v2\/posts\/148837","targetHints":{"allow":["GET"]}}],"collection":[{"href":"https:\/\/exaudi.org\/it\/wp-json\/wp\/v2\/posts"}],"about":[{"href":"https:\/\/exaudi.org\/it\/wp-json\/wp\/v2\/types\/post"}],"author":[{"embeddable":true,"href":"https:\/\/exaudi.org\/it\/wp-json\/wp\/v2\/users\/17"}],"replies":[{"embeddable":true,"href":"https:\/\/exaudi.org\/it\/wp-json\/wp\/v2\/comments?post=148837"}],"version-history":[{"count":4,"href":"https:\/\/exaudi.org\/it\/wp-json\/wp\/v2\/posts\/148837\/revisions"}],"predecessor-version":[{"id":148841,"href":"https:\/\/exaudi.org\/it\/wp-json\/wp\/v2\/posts\/148837\/revisions\/148841"}],"wp:featuredmedia":[{"embeddable":true,"href":"https:\/\/exaudi.org\/it\/wp-json\/wp\/v2\/media\/148747"}],"wp:attachment":[{"href":"https:\/\/exaudi.org\/it\/wp-json\/wp\/v2\/media?parent=148837"}],"wp:term":[{"taxonomy":"category","embeddable":true,"href":"https:\/\/exaudi.org\/it\/wp-json\/wp\/v2\/categories?post=148837"},{"taxonomy":"post_tag","embeddable":true,"href":"https:\/\/exaudi.org\/it\/wp-json\/wp\/v2\/tags?post=148837"}],"curies":[{"name":"wp","href":"https:\/\/api.w.org\/{rel}","templated":true}]}}