{"id":148718,"date":"2025-12-01T21:46:00","date_gmt":"2025-12-01T20:46:00","guid":{"rendered":"https:\/\/exaudi.org\/?p=148718"},"modified":"2025-12-01T21:46:00","modified_gmt":"2025-12-01T20:46:00","slug":"osare-pensare-e-godere-della-fede","status":"publish","type":"post","link":"https:\/\/exaudi.org\/it\/osare-pensare-e-godere-della-fede\/","title":{"rendered":"Osare pensare e godere della fede"},"content":{"rendered":"<p><a href=\"https:\/\/bac-editorial.es\/popular\/1733-teologia-para-incredulos.html?post=1\" target=\"_blank\" rel=\"noopener\"><em><strong><span dir=\"auto\" style=\"vertical-align: inherit\"><span dir=\"auto\" style=\"vertical-align: inherit\">Teologia per i non credenti<\/span><\/span><\/strong><\/em><\/a><span dir=\"auto\" style=\"vertical-align: inherit\"><span dir=\"auto\" style=\"vertical-align: inherit\">. Non \u00e8 comune trovare sugli scaffali delle librerie o dei grandi magazzini un libro di un filosofo contemporaneo che si propone di parlare di Dio e del suo rapporto con l&#8217;uomo, e ancora di pi\u00f9 che queste pagine siano rivolte a coloro che non credono, o a coloro che non riescono a superare la loro mancanza di fede o non riescono a trovare la strada per un incontro gioioso e sereno con Dio.<\/span><\/span><\/p>\n<p><span dir=\"auto\" style=\"vertical-align: inherit\"><span dir=\"auto\" style=\"vertical-align: inherit\">\u00c8 davvero confortante che in questi tempi postmoderni, caratterizzati da un approccio ristretto e ottuso, qualcuno ci offra un testo ricco di umorismo e di profonda intuizione filosofica e teologica. Eppure, evita passaggi astrusi e complicati: tutto in questo libro scorre con la naturalezza di una conversazione tra amici o di una chiacchierata informale a tavola. In definitiva, questo \u00e8 un libro che promuove la ragione e il suo esercizio pi\u00f9 sublime: riflettere su Dio per conoscerlo, lodarlo e rivolgersi a Lui. E tutto questo \u00e8 presentato senza trascurare la vita quotidiana degli uomini e delle donne contemporanei.<\/span><\/span><\/p>\n<p><span dir=\"auto\" style=\"vertical-align: inherit\"><span dir=\"auto\" style=\"vertical-align: inherit\">L&#8217;autore \u00e8 professore di Filosofia all&#8217;Universit\u00e0 di Siviglia e membro della Reale Accademia di Scienze Morali e Politiche di Madrid. \u00c8 inoltre autore di diversi libri e professore presso universit\u00e0 europee e americane.<\/span><\/span><\/p>\n<p><span dir=\"auto\" style=\"vertical-align: inherit\"><span dir=\"auto\" style=\"vertical-align: inherit\">Il prologo \u00e8 scritto da Olegario Gonz\u00e1lez de Cardedal e il libro \u00e8 composto da venti brevi capitoli, apparentemente sconnessi, poich\u00e9 non si tratta di un manuale o di uno studio sistematico, bens\u00ec di una sorta di narrazione intellettuale in cui l&#8217;autore riversa la sua esperienza di vita e il suo recupero della fede cattolica.<\/span><\/span><\/p>\n<p><span dir=\"auto\" style=\"vertical-align: inherit\"><span dir=\"auto\" style=\"vertical-align: inherit\">Gli argomenti sono vari, dagli eventi personali che hanno segnato il suo cammino verso la fede, persa nelle tempeste del &#8217;68, alle lettere di un insegnante che ha ritrovato la fede a uno studente che l&#8217;ha persa, agli argomenti per dimostrare l&#8217;esistenza di Dio, all&#8217;immodestia del relativismo, ai commenti su film come\u00a0 <\/span><\/span><em><span dir=\"auto\" style=\"vertical-align: inherit\"><span dir=\"auto\" style=\"vertical-align: inherit\">Lourdes<\/span><\/span><\/em><span dir=\"auto\" style=\"vertical-align: inherit\"><span dir=\"auto\" style=\"vertical-align: inherit\">,\u00a0 <\/span><\/span><em><span dir=\"auto\" style=\"vertical-align: inherit\"><span dir=\"auto\" style=\"vertical-align: inherit\">La passione di Cristo<\/span><\/span><\/em><span dir=\"auto\" style=\"vertical-align: inherit\"><span dir=\"auto\" style=\"vertical-align: inherit\"> \u00a0o\u00a0 <\/span><\/span><em><span dir=\"auto\" style=\"vertical-align: inherit\"><span dir=\"auto\" style=\"vertical-align: inherit\">Il silenzio<\/span><\/span><\/em><span dir=\"auto\" style=\"vertical-align: inherit\"><span dir=\"auto\" style=\"vertical-align: inherit\">, al problema del male, all&#8217;antipatia dei credenti, al clericalismo, alla grandezza della libert\u00e0 e della speranza o alla religione e alla malattia mentale.<\/span><\/span><\/p>\n<p><span dir=\"auto\" style=\"vertical-align: inherit\"><span dir=\"auto\" style=\"vertical-align: inherit\">Un altro pregio di questo breve saggio \u00e8 il suo elegante rispetto per la libert\u00e0 del lettore, senza imporre idee o nascondere i dubbi o le incertezze che l&#8217;autore percepisce nella propria vita o in quella di alcuni cattolici. Non offre risposte convenzionali o chiuse ai misteri della vita e della fede. In definitiva, \u00e8 un invito a esercitare la ragione al massimo delle sue possibilit\u00e0, tenendo presente Dio. Allo stesso tempo, sottolinea che la fede non \u00e8 solo una questione di intelletto o volont\u00e0, ma un atto della persona.<\/span><\/span><\/p>\n","protected":false},"excerpt":{"rendered":"<p>Teologia per i non credenti<\/p>\n","protected":false},"author":162,"featured_media":148513,"comment_status":"closed","ping_status":"closed","sticky":false,"template":"","format":"standard","meta":{"_acf_changed":false,"_crdt_document":"","inline_featured_image":false,"footnotes":""},"categories":[71],"tags":[61335,43026,15918,15434,74160,83924,20607,11431,62089,83919,10745,83921,83920,83922,83923,45970,83925,17634,64903,83918,83926,83927,64787,83928],"class_list":["post-148718","post","type-post","status-publish","format-standard","has-post-thumbnail","hentry","category-analisi","tag-ateismo-e-fede","tag-dialogo-tra-fede-e-ragione","tag-exaudi-3","tag-fede-cattolica","tag-filosofia-della-religione","tag-il-problema-del-male","tag-incontro-con-dio","tag-juan-arana-2","tag-juan-jose-munoz-2","tag-librismo-e-fede","tag-libro-2","tag-libro-consigliato-2025","tag-libro-cristiano-2","tag-olegario-gonzalez-de-cardedal-2","tag-pensare-a-dio","tag-ragione-e-fede","tag-recensione-di-un-libro-cattolico","tag-riflessione-spirituale","tag-speranza-cristiana-it","tag-spiritualita-postmoderna","tag-teologia-contemporanea-2","tag-teologia-per-i-non-credenti","tag-trending-it-236","tag-universita-di-siviglia"],"acf":[],"yoast_head":"<!-- This site is optimized with the Yoast SEO plugin v27.5 - https:\/\/yoast.com\/product\/yoast-seo-wordpress\/ -->\n<title>Osare pensare e godere della fede &#8211; Exaudi<\/title>\n<meta name=\"robots\" content=\"index, follow, max-snippet:-1, max-image-preview:large, max-video-preview:-1\" \/>\n<link rel=\"canonical\" href=\"https:\/\/exaudi.org\/it\/osare-pensare-e-godere-della-fede\/\" \/>\n<meta property=\"og:locale\" content=\"it_IT\" \/>\n<meta property=\"og:type\" content=\"article\" \/>\n<meta property=\"og:title\" content=\"Osare pensare e godere della fede &#8211; Exaudi\" \/>\n<meta property=\"og:description\" content=\"Teologia per i non credenti\" \/>\n<meta property=\"og:url\" content=\"https:\/\/exaudi.org\/it\/osare-pensare-e-godere-della-fede\/\" \/>\n<meta property=\"og:site_name\" content=\"Exaudi\" \/>\n<meta property=\"article:publisher\" content=\"https:\/\/www.facebook.com\/ExaudiNews\" \/>\n<meta property=\"article:published_time\" content=\"2025-12-01T20:46:00+00:00\" \/>\n<meta property=\"og:image\" content=\"https:\/\/exaudi.org\/wp-content\/uploads\/2025\/12\/teologia-para-incredulos.jpg\" \/>\n\t<meta property=\"og:image:width\" content=\"482\" \/>\n\t<meta property=\"og:image:height\" content=\"486\" \/>\n\t<meta property=\"og:image:type\" content=\"image\/jpeg\" \/>\n<meta name=\"author\" content=\"Juan Jos\u00e9 Mu\u00f1oz\" \/>\n<meta name=\"twitter:card\" content=\"summary_large_image\" \/>\n<meta name=\"twitter:creator\" content=\"@Exaudi_News\" \/>\n<meta name=\"twitter:site\" content=\"@Exaudi_News\" \/>\n<meta name=\"twitter:label1\" content=\"Scritto da\" \/>\n\t<meta name=\"twitter:data1\" content=\"Juan Jos\u00e9 Mu\u00f1oz\" \/>\n\t<meta name=\"twitter:label2\" content=\"Tempo di lettura stimato\" \/>\n\t<meta name=\"twitter:data2\" content=\"2 minuti\" \/>\n<script type=\"application\/ld+json\" class=\"yoast-schema-graph\">{\"@context\":\"https:\\\/\\\/schema.org\",\"@graph\":[{\"@type\":\"Article\",\"@id\":\"https:\\\/\\\/exaudi.org\\\/it\\\/osare-pensare-e-godere-della-fede\\\/#article\",\"isPartOf\":{\"@id\":\"https:\\\/\\\/exaudi.org\\\/it\\\/osare-pensare-e-godere-della-fede\\\/\"},\"author\":{\"name\":\"Juan Jos\u00e9 Mu\u00f1oz\",\"@id\":\"https:\\\/\\\/exaudi.org\\\/#\\\/schema\\\/person\\\/d2decdafda983eb540b6c6f17e11b28d\"},\"headline\":\"Osare pensare e godere della fede\",\"datePublished\":\"2025-12-01T20:46:00+00:00\",\"mainEntityOfPage\":{\"@id\":\"https:\\\/\\\/exaudi.org\\\/it\\\/osare-pensare-e-godere-della-fede\\\/\"},\"wordCount\":441,\"image\":{\"@id\":\"https:\\\/\\\/exaudi.org\\\/it\\\/osare-pensare-e-godere-della-fede\\\/#primaryimage\"},\"thumbnailUrl\":\"https:\\\/\\\/exaudi.org\\\/wp-content\\\/uploads\\\/2025\\\/12\\\/teologia-para-incredulos.jpg\",\"keywords\":[\"Ateismo e fede\",\"dialogo tra fede e ragione\",\"EXAUDI\",\"FEDE CATTOLICA\",\"filosofia della religione\",\"Il problema del male\",\"INCONTRO CON DIO\",\"JUAN ARANA\",\"Juan Jos\u00e9 Mu\u00f1oz\",\"Librismo e fede\",\"LIBRO\",\"Libro consigliato 2025\",\"Libro cristiano\",\"Olegario Gonz\u00e1lez de Cardedal\",\"Pensare a Dio\",\"ragione e fede\",\"Recensione di un libro cattolico\",\"RIFLESSIONE SPIRITUALE\",\"speranza cristiana\",\"Spiritualit\u00e0 postmoderna\",\"Teologia contemporanea\",\"Teologia per i non credenti\",\"Trending\",\"Universit\u00e0 di Siviglia\"],\"articleSection\":[\"Analisi\"],\"inLanguage\":\"it-IT\"},{\"@type\":\"WebPage\",\"@id\":\"https:\\\/\\\/exaudi.org\\\/it\\\/osare-pensare-e-godere-della-fede\\\/\",\"url\":\"https:\\\/\\\/exaudi.org\\\/it\\\/osare-pensare-e-godere-della-fede\\\/\",\"name\":\"Osare pensare e godere della fede &#8211; Exaudi\",\"isPartOf\":{\"@id\":\"https:\\\/\\\/exaudi.org\\\/#website\"},\"primaryImageOfPage\":{\"@id\":\"https:\\\/\\\/exaudi.org\\\/it\\\/osare-pensare-e-godere-della-fede\\\/#primaryimage\"},\"image\":{\"@id\":\"https:\\\/\\\/exaudi.org\\\/it\\\/osare-pensare-e-godere-della-fede\\\/#primaryimage\"},\"thumbnailUrl\":\"https:\\\/\\\/exaudi.org\\\/wp-content\\\/uploads\\\/2025\\\/12\\\/teologia-para-incredulos.jpg\",\"datePublished\":\"2025-12-01T20:46:00+00:00\",\"author\":{\"@id\":\"https:\\\/\\\/exaudi.org\\\/#\\\/schema\\\/person\\\/d2decdafda983eb540b6c6f17e11b28d\"},\"breadcrumb\":{\"@id\":\"https:\\\/\\\/exaudi.org\\\/it\\\/osare-pensare-e-godere-della-fede\\\/#breadcrumb\"},\"inLanguage\":\"it-IT\",\"potentialAction\":[{\"@type\":\"ReadAction\",\"target\":[\"https:\\\/\\\/exaudi.org\\\/it\\\/osare-pensare-e-godere-della-fede\\\/\"]}]},{\"@type\":\"ImageObject\",\"inLanguage\":\"it-IT\",\"@id\":\"https:\\\/\\\/exaudi.org\\\/it\\\/osare-pensare-e-godere-della-fede\\\/#primaryimage\",\"url\":\"https:\\\/\\\/exaudi.org\\\/wp-content\\\/uploads\\\/2025\\\/12\\\/teologia-para-incredulos.jpg\",\"contentUrl\":\"https:\\\/\\\/exaudi.org\\\/wp-content\\\/uploads\\\/2025\\\/12\\\/teologia-para-incredulos.jpg\",\"width\":482,\"height\":486},{\"@type\":\"BreadcrumbList\",\"@id\":\"https:\\\/\\\/exaudi.org\\\/it\\\/osare-pensare-e-godere-della-fede\\\/#breadcrumb\",\"itemListElement\":[{\"@type\":\"ListItem\",\"position\":1,\"name\":\"Portada\",\"item\":\"https:\\\/\\\/exaudi.org\\\/it\\\/\"},{\"@type\":\"ListItem\",\"position\":2,\"name\":\"Osare pensare e godere della fede\"}]},{\"@type\":\"WebSite\",\"@id\":\"https:\\\/\\\/exaudi.org\\\/#website\",\"url\":\"https:\\\/\\\/exaudi.org\\\/\",\"name\":\"Exaudi\",\"description\":\"News\",\"potentialAction\":[{\"@type\":\"SearchAction\",\"target\":{\"@type\":\"EntryPoint\",\"urlTemplate\":\"https:\\\/\\\/exaudi.org\\\/?s={search_term_string}\"},\"query-input\":{\"@type\":\"PropertyValueSpecification\",\"valueRequired\":true,\"valueName\":\"search_term_string\"}}],\"inLanguage\":\"it-IT\"},{\"@type\":\"Person\",\"@id\":\"https:\\\/\\\/exaudi.org\\\/#\\\/schema\\\/person\\\/d2decdafda983eb540b6c6f17e11b28d\",\"name\":\"Juan Jos\u00e9 Mu\u00f1oz\",\"image\":{\"@type\":\"ImageObject\",\"inLanguage\":\"it-IT\",\"@id\":\"https:\\\/\\\/secure.gravatar.com\\\/avatar\\\/568847b361aff856768ffcaa1aa3bd960a47bbf9e134750a5c271009ad01e038?s=96&d=mm&r=g\",\"url\":\"https:\\\/\\\/secure.gravatar.com\\\/avatar\\\/568847b361aff856768ffcaa1aa3bd960a47bbf9e134750a5c271009ad01e038?s=96&d=mm&r=g\",\"contentUrl\":\"https:\\\/\\\/secure.gravatar.com\\\/avatar\\\/568847b361aff856768ffcaa1aa3bd960a47bbf9e134750a5c271009ad01e038?s=96&d=mm&r=g\",\"caption\":\"Juan Jos\u00e9 Mu\u00f1oz\"},\"description\":\"Juan Jos\u00e9 Mu\u00f1oz es doctor en Filosof\u00eda, ha sido profesor de Antropolog\u00eda del cine, de \u00c9tica de la imagen y de Critica de cine y televisi\u00f3n. Desde 2015 es sacerdote\",\"url\":\"https:\\\/\\\/exaudi.org\\\/it\\\/author\\\/juan-jose-munoz\\\/\"}]}<\/script>\n<!-- \/ Yoast SEO plugin. -->","yoast_head_json":{"title":"Osare pensare e godere della fede &#8211; Exaudi","robots":{"index":"index","follow":"follow","max-snippet":"max-snippet:-1","max-image-preview":"max-image-preview:large","max-video-preview":"max-video-preview:-1"},"canonical":"https:\/\/exaudi.org\/it\/osare-pensare-e-godere-della-fede\/","og_locale":"it_IT","og_type":"article","og_title":"Osare pensare e godere della fede &#8211; Exaudi","og_description":"Teologia per i non credenti","og_url":"https:\/\/exaudi.org\/it\/osare-pensare-e-godere-della-fede\/","og_site_name":"Exaudi","article_publisher":"https:\/\/www.facebook.com\/ExaudiNews","article_published_time":"2025-12-01T20:46:00+00:00","og_image":[{"width":482,"height":486,"url":"https:\/\/exaudi.org\/wp-content\/uploads\/2025\/12\/teologia-para-incredulos.jpg","type":"image\/jpeg"}],"author":"Juan Jos\u00e9 Mu\u00f1oz","twitter_card":"summary_large_image","twitter_creator":"@Exaudi_News","twitter_site":"@Exaudi_News","twitter_misc":{"Scritto da":"Juan Jos\u00e9 Mu\u00f1oz","Tempo di lettura stimato":"2 minuti"},"schema":{"@context":"https:\/\/schema.org","@graph":[{"@type":"Article","@id":"https:\/\/exaudi.org\/it\/osare-pensare-e-godere-della-fede\/#article","isPartOf":{"@id":"https:\/\/exaudi.org\/it\/osare-pensare-e-godere-della-fede\/"},"author":{"name":"Juan Jos\u00e9 Mu\u00f1oz","@id":"https:\/\/exaudi.org\/#\/schema\/person\/d2decdafda983eb540b6c6f17e11b28d"},"headline":"Osare pensare e godere della fede","datePublished":"2025-12-01T20:46:00+00:00","mainEntityOfPage":{"@id":"https:\/\/exaudi.org\/it\/osare-pensare-e-godere-della-fede\/"},"wordCount":441,"image":{"@id":"https:\/\/exaudi.org\/it\/osare-pensare-e-godere-della-fede\/#primaryimage"},"thumbnailUrl":"https:\/\/exaudi.org\/wp-content\/uploads\/2025\/12\/teologia-para-incredulos.jpg","keywords":["Ateismo e fede","dialogo tra fede e ragione","EXAUDI","FEDE CATTOLICA","filosofia della religione","Il problema del male","INCONTRO CON DIO","JUAN ARANA","Juan Jos\u00e9 Mu\u00f1oz","Librismo e fede","LIBRO","Libro consigliato 2025","Libro cristiano","Olegario Gonz\u00e1lez de Cardedal","Pensare a Dio","ragione e fede","Recensione di un libro cattolico","RIFLESSIONE SPIRITUALE","speranza cristiana","Spiritualit\u00e0 postmoderna","Teologia contemporanea","Teologia per i non credenti","Trending","Universit\u00e0 di Siviglia"],"articleSection":["Analisi"],"inLanguage":"it-IT"},{"@type":"WebPage","@id":"https:\/\/exaudi.org\/it\/osare-pensare-e-godere-della-fede\/","url":"https:\/\/exaudi.org\/it\/osare-pensare-e-godere-della-fede\/","name":"Osare pensare e godere della fede &#8211; Exaudi","isPartOf":{"@id":"https:\/\/exaudi.org\/#website"},"primaryImageOfPage":{"@id":"https:\/\/exaudi.org\/it\/osare-pensare-e-godere-della-fede\/#primaryimage"},"image":{"@id":"https:\/\/exaudi.org\/it\/osare-pensare-e-godere-della-fede\/#primaryimage"},"thumbnailUrl":"https:\/\/exaudi.org\/wp-content\/uploads\/2025\/12\/teologia-para-incredulos.jpg","datePublished":"2025-12-01T20:46:00+00:00","author":{"@id":"https:\/\/exaudi.org\/#\/schema\/person\/d2decdafda983eb540b6c6f17e11b28d"},"breadcrumb":{"@id":"https:\/\/exaudi.org\/it\/osare-pensare-e-godere-della-fede\/#breadcrumb"},"inLanguage":"it-IT","potentialAction":[{"@type":"ReadAction","target":["https:\/\/exaudi.org\/it\/osare-pensare-e-godere-della-fede\/"]}]},{"@type":"ImageObject","inLanguage":"it-IT","@id":"https:\/\/exaudi.org\/it\/osare-pensare-e-godere-della-fede\/#primaryimage","url":"https:\/\/exaudi.org\/wp-content\/uploads\/2025\/12\/teologia-para-incredulos.jpg","contentUrl":"https:\/\/exaudi.org\/wp-content\/uploads\/2025\/12\/teologia-para-incredulos.jpg","width":482,"height":486},{"@type":"BreadcrumbList","@id":"https:\/\/exaudi.org\/it\/osare-pensare-e-godere-della-fede\/#breadcrumb","itemListElement":[{"@type":"ListItem","position":1,"name":"Portada","item":"https:\/\/exaudi.org\/it\/"},{"@type":"ListItem","position":2,"name":"Osare pensare e godere della fede"}]},{"@type":"WebSite","@id":"https:\/\/exaudi.org\/#website","url":"https:\/\/exaudi.org\/","name":"Exaudi","description":"News","potentialAction":[{"@type":"SearchAction","target":{"@type":"EntryPoint","urlTemplate":"https:\/\/exaudi.org\/?s={search_term_string}"},"query-input":{"@type":"PropertyValueSpecification","valueRequired":true,"valueName":"search_term_string"}}],"inLanguage":"it-IT"},{"@type":"Person","@id":"https:\/\/exaudi.org\/#\/schema\/person\/d2decdafda983eb540b6c6f17e11b28d","name":"Juan Jos\u00e9 Mu\u00f1oz","image":{"@type":"ImageObject","inLanguage":"it-IT","@id":"https:\/\/secure.gravatar.com\/avatar\/568847b361aff856768ffcaa1aa3bd960a47bbf9e134750a5c271009ad01e038?s=96&d=mm&r=g","url":"https:\/\/secure.gravatar.com\/avatar\/568847b361aff856768ffcaa1aa3bd960a47bbf9e134750a5c271009ad01e038?s=96&d=mm&r=g","contentUrl":"https:\/\/secure.gravatar.com\/avatar\/568847b361aff856768ffcaa1aa3bd960a47bbf9e134750a5c271009ad01e038?s=96&d=mm&r=g","caption":"Juan Jos\u00e9 Mu\u00f1oz"},"description":"Juan Jos\u00e9 Mu\u00f1oz es doctor en Filosof\u00eda, ha sido profesor de Antropolog\u00eda del cine, de \u00c9tica de la imagen y de Critica de cine y televisi\u00f3n. Desde 2015 es sacerdote","url":"https:\/\/exaudi.org\/it\/author\/juan-jose-munoz\/"}]}},"jetpack_featured_media_url":"https:\/\/exaudi.org\/wp-content\/uploads\/2025\/12\/teologia-para-incredulos.jpg","jetpack_shortlink":"https:\/\/wp.me\/pgKjF2-CGG","_links":{"self":[{"href":"https:\/\/exaudi.org\/it\/wp-json\/wp\/v2\/posts\/148718","targetHints":{"allow":["GET"]}}],"collection":[{"href":"https:\/\/exaudi.org\/it\/wp-json\/wp\/v2\/posts"}],"about":[{"href":"https:\/\/exaudi.org\/it\/wp-json\/wp\/v2\/types\/post"}],"author":[{"embeddable":true,"href":"https:\/\/exaudi.org\/it\/wp-json\/wp\/v2\/users\/162"}],"replies":[{"embeddable":true,"href":"https:\/\/exaudi.org\/it\/wp-json\/wp\/v2\/comments?post=148718"}],"version-history":[{"count":3,"href":"https:\/\/exaudi.org\/it\/wp-json\/wp\/v2\/posts\/148718\/revisions"}],"predecessor-version":[{"id":148723,"href":"https:\/\/exaudi.org\/it\/wp-json\/wp\/v2\/posts\/148718\/revisions\/148723"}],"wp:featuredmedia":[{"embeddable":true,"href":"https:\/\/exaudi.org\/it\/wp-json\/wp\/v2\/media\/148513"}],"wp:attachment":[{"href":"https:\/\/exaudi.org\/it\/wp-json\/wp\/v2\/media?parent=148718"}],"wp:term":[{"taxonomy":"category","embeddable":true,"href":"https:\/\/exaudi.org\/it\/wp-json\/wp\/v2\/categories?post=148718"},{"taxonomy":"post_tag","embeddable":true,"href":"https:\/\/exaudi.org\/it\/wp-json\/wp\/v2\/tags?post=148718"}],"curies":[{"name":"wp","href":"https:\/\/api.w.org\/{rel}","templated":true}]}}