{"id":148661,"date":"2025-12-01T20:10:47","date_gmt":"2025-12-01T19:10:47","guid":{"rendered":"https:\/\/exaudi.org\/?p=148661"},"modified":"2025-12-01T20:10:47","modified_gmt":"2025-12-01T19:10:47","slug":"45-premio-mondiale-fernando-rielo-di-poesia-mistica-dieci-finalisti-da-quattro-continenti-si-sfidano-a-barcellona","status":"publish","type":"post","link":"https:\/\/exaudi.org\/it\/45-premio-mondiale-fernando-rielo-di-poesia-mistica-dieci-finalisti-da-quattro-continenti-si-sfidano-a-barcellona\/","title":{"rendered":"45\u00b0 Premio Mondiale Fernando Rielo di Poesia Mistica: Dieci finalisti da quattro continenti si sfidano a Barcellona"},"content":{"rendered":"<p><span dir=\"auto\" style=\"vertical-align: inherit\"><span dir=\"auto\" style=\"vertical-align: inherit\">La\u00a0 <\/span><\/span><a href=\"https:\/\/rielo.org\/event\/acto-de-proclamacion-y-entrega-del-xlv-premio-mundial-fernando-rielo-de-poesia-mistica\/\" target=\"_blank\" rel=\"noopener\"><span dir=\"auto\" style=\"vertical-align: inherit\"><span dir=\"auto\" style=\"vertical-align: inherit\">Fondazione Fernando Rielo<\/span><\/span><\/a><span dir=\"auto\" style=\"vertical-align: inherit\"><span dir=\"auto\" style=\"vertical-align: inherit\"> \u00a0ha annunciato le dieci raccolte di poesie finaliste per la 45a edizione del Premio Mondiale Fernando Rielo di Poesia Mistica, uno dei premi pi\u00f9 longevi e prestigiosi del genere in lingua spagnola. Quest&#8217;anno sono state presentate 435 opere da numerosi paesi.<\/span><\/span><\/p>\n<p><span dir=\"auto\" style=\"vertical-align: inherit\"><span dir=\"auto\" style=\"vertical-align: inherit\">I titoli selezionati rappresentano la diversit\u00e0 geografica e la vitalit\u00e0 creativa che caratterizzano questo concorso fin dalla sua creazione nel 1981. Tra i finalisti figurano autori provenienti da Spagna (cinque), Colombia, Venezuela, Uruguay, Stati Uniti e, per la prima volta nella storia del premio, un poeta della Repubblica di Corea.<\/span><\/span><\/p>\n<p><span dir=\"auto\" style=\"vertical-align: inherit\"><span dir=\"auto\" style=\"vertical-align: inherit\">L&#8217;elenco completo dei finalisti \u00e8 il seguente:<\/span><\/span><\/p>\n<ul>\n<li><span dir=\"auto\" style=\"vertical-align: inherit\"><span dir=\"auto\" style=\"vertical-align: inherit\">Via Crucis: Via Crucis in versi \u2013 Basilio Rodr\u00edguez Ca\u00f1ada (Madrid, Spagna)<\/span><\/span><\/li>\n<li><span dir=\"auto\" style=\"vertical-align: inherit\"><span dir=\"auto\" style=\"vertical-align: inherit\">Lux Silentii \u2013 Gema Mat\u00edas (Golden, Colorado, Stati Uniti)<\/span><\/span><\/li>\n<li><span dir=\"auto\" style=\"vertical-align: inherit\"><span dir=\"auto\" style=\"vertical-align: inherit\">Lettera dall&#8217;ombra del glicine \u2013 Han Muk (Repubblica di Corea)<\/span><\/span><\/li>\n<li><span dir=\"auto\" style=\"vertical-align: inherit\"><span dir=\"auto\" style=\"vertical-align: inherit\">Alchimia del culto \u2013 Jessica Mariella Cardozo Castro (Canelones, Uruguay)<\/span><\/span><\/li>\n<li><span dir=\"auto\" style=\"vertical-align: inherit\"><span dir=\"auto\" style=\"vertical-align: inherit\">Contemplazioni \u2013 Jes\u00fas Mart\u00ednez Garc\u00eda (Saragozza, Spagna)<\/span><\/span><\/li>\n<li><span dir=\"auto\" style=\"vertical-align: inherit\"><span dir=\"auto\" style=\"vertical-align: inherit\">Il luogo della tua voce \u2013 Jorge de Arco (Madrid, Spagna)<\/span><\/span><\/li>\n<li><span dir=\"auto\" style=\"vertical-align: inherit\"><span dir=\"auto\" style=\"vertical-align: inherit\">Naufrago salvato \u2013 Luis Mar\u00eda Llena Le\u00f3n (Sobrado dos Monxes, La Coru\u00f1a, Spagna)<\/span><\/span><\/li>\n<li><span dir=\"auto\" style=\"vertical-align: inherit\"><span dir=\"auto\" style=\"vertical-align: inherit\">Dove la luce non ha forma \u2013 Patricia Aliaga Rodrigo (Tarragona, Spagna)<\/span><\/span><\/li>\n<li><span dir=\"auto\" style=\"vertical-align: inherit\"><span dir=\"auto\" style=\"vertical-align: inherit\">Assioma Spirituale \u2013 Piedad Serna Figueroa (Bogot\u00e1, Colombia)<\/span><\/span><\/li>\n<li><span dir=\"auto\" style=\"vertical-align: inherit\"><span dir=\"auto\" style=\"vertical-align: inherit\">Preludio alla fine del mondo \u2013 Yazalde De Abreu (La Victoria, Venezuela)<\/span><\/span><\/li>\n<\/ul>\n<p><span dir=\"auto\" style=\"vertical-align: inherit\"><span dir=\"auto\" style=\"vertical-align: inherit\">La cerimonia di proclamazione e premiazione avr\u00e0 luogo marted\u00ec 9 dicembre 2025 alle 17:00 presso l&#8217;Aula Magna dell&#8217;Universit\u00e0 Abat Oliba CEU di Barcellona. L&#8217;ingresso \u00e8 gratuito fino a esaurimento posti e l&#8217;evento comprender\u00e0 una lettura di poesie e musica per accompagnare la cerimonia.<\/span><\/span><\/p>\n<p><span dir=\"auto\" style=\"vertical-align: inherit\"><span dir=\"auto\" style=\"vertical-align: inherit\">Il premio comprende 7.000 euro, la pubblicazione dell&#8217;opera vincitrice e una medaglia commemorativa. La giuria, presieduta dal presidente della Fondazione Fernando Rielo, annuncer\u00e0 pubblicamente il suo verdetto durante l&#8217;evento.<\/span><\/span><\/p>\n<p><span dir=\"auto\" style=\"vertical-align: inherit\"><span dir=\"auto\" style=\"vertical-align: inherit\">Fin dalla sua nascita, il Premio Mondiale Fernando Rielo per la Poesia Mistica si \u00e8 affermato come punto di riferimento internazionale per il genere, attraendo ogni anno centinaia di poeti che esplorano l&#8217;esperienza trascendente attraverso i versi. L&#8217;inclusione di un autore coreano quest&#8217;anno sottolinea la crescente portata universale del concorso e la sua capacit\u00e0 di unire culture diverse attraverso l&#8217;espressione mistica.<\/span><\/span><\/p>\n<p><span dir=\"auto\" style=\"vertical-align: inherit\"><span dir=\"auto\" style=\"vertical-align: inherit\">La Fondazione Fernando Rielo, fondata dal filosofo e poeta Fernando Rielo Pardal (1923-2004), si dedica alla promozione del dialogo interculturale attraverso la poesia mistica, la musica sacra e il pensiero umanistico. Oltre a questo premio, organizza annualmente il Premio Internazionale di Musica Sacra e svolge numerose attivit\u00e0 accademiche e culturali in Europa e nelle Americhe.<\/span><\/span><\/p>\n","protected":false},"excerpt":{"rendered":"<p>L&#8217;opera vincitrice sar\u00e0 annunciata il 9 dicembre presso l&#8217;Universit\u00e0 Abat Oliba CEU tra le raccolte di poesie presentate da Spagna, Colombia, Venezuela, Uruguay, Stati Uniti e Corea del Sud<\/p>\n","protected":false},"author":17,"featured_media":148629,"comment_status":"closed","ping_status":"closed","sticky":false,"template":"","format":"standard","meta":{"_acf_changed":false,"_crdt_document":"","inline_featured_image":false,"footnotes":""},"categories":[73],"tags":[83782,935,83783,83784,19284,83785,19285,83786,83787,83788,83790,83792,35740,83789,83791,83793,35741,83794,83795],"class_list":["post-148661","post","type-post","status-publish","format-standard","has-post-thumbnail","hentry","category-chiesa-e-mondo","tag-atto-9-dicembre-2025","tag-barcellona","tag-basilio-rodriguez-canada-2","tag-evento-culturale-barcellona","tag-fernando-rielo-2","tag-finalisti-2025","tag-fondazione-fernando-rielo","tag-gema-matias-2","tag-han-muk-2","tag-jessica-cardozo-misticismo-e-letteratura","tag-poesia-coreana-2","tag-poesia-latinoamericana-2","tag-poesia-mistica-2","tag-poesia-spagnola-contemporanea","tag-poesia-spirituale","tag-premio-di-poesia-7000-euro","tag-premio-mondiale-di-poesia-mistica","tag-universita-abat-oliba-ceu","tag-xlv-edizione-2025"],"acf":[],"yoast_head":"<!-- This site is optimized with the Yoast SEO plugin v27.5 - https:\/\/yoast.com\/product\/yoast-seo-wordpress\/ -->\n<title>45\u00b0 Premio Mondiale Fernando Rielo di Poesia Mistica: Dieci finalisti da quattro continenti si sfidano a Barcellona &#8211; Exaudi<\/title>\n<meta name=\"robots\" content=\"index, follow, max-snippet:-1, max-image-preview:large, max-video-preview:-1\" \/>\n<link rel=\"canonical\" href=\"https:\/\/exaudi.org\/it\/45-premio-mondiale-fernando-rielo-di-poesia-mistica-dieci-finalisti-da-quattro-continenti-si-sfidano-a-barcellona\/\" \/>\n<meta property=\"og:locale\" content=\"it_IT\" \/>\n<meta property=\"og:type\" content=\"article\" \/>\n<meta property=\"og:title\" content=\"45\u00b0 Premio Mondiale Fernando Rielo di Poesia Mistica: Dieci finalisti da quattro continenti si sfidano a Barcellona &#8211; Exaudi\" \/>\n<meta property=\"og:description\" content=\"L&#039;opera vincitrice sar\u00e0 annunciata il 9 dicembre presso l&#039;Universit\u00e0 Abat Oliba CEU tra le raccolte di poesie presentate da Spagna, Colombia, Venezuela, Uruguay, Stati Uniti e Corea del Sud\" \/>\n<meta property=\"og:url\" content=\"https:\/\/exaudi.org\/it\/45-premio-mondiale-fernando-rielo-di-poesia-mistica-dieci-finalisti-da-quattro-continenti-si-sfidano-a-barcellona\/\" \/>\n<meta property=\"og:site_name\" content=\"Exaudi\" \/>\n<meta property=\"article:publisher\" content=\"https:\/\/www.facebook.com\/ExaudiNews\" \/>\n<meta property=\"article:author\" content=\"https:\/\/www.facebook.com\/ExaudiNotizie\/\" \/>\n<meta property=\"article:published_time\" content=\"2025-12-01T19:10:47+00:00\" \/>\n<meta property=\"og:image\" content=\"https:\/\/exaudi.org\/wp-content\/uploads\/2025\/12\/Captura-de-pantalla-2025-12-01-a-las-17.59.36.png\" \/>\n\t<meta property=\"og:image:width\" content=\"995\" \/>\n\t<meta property=\"og:image:height\" content=\"580\" \/>\n\t<meta property=\"og:image:type\" content=\"image\/png\" \/>\n<meta name=\"author\" content=\"Exaudi Redazione\" \/>\n<meta name=\"twitter:card\" content=\"summary_large_image\" \/>\n<meta name=\"twitter:creator\" content=\"@Exaudi_Notizie\" \/>\n<meta name=\"twitter:site\" content=\"@Exaudi_News\" \/>\n<meta name=\"twitter:label1\" content=\"Scritto da\" \/>\n\t<meta name=\"twitter:data1\" content=\"Exaudi Redazione\" \/>\n\t<meta name=\"twitter:label2\" content=\"Tempo di lettura stimato\" \/>\n\t<meta name=\"twitter:data2\" content=\"2 minuti\" \/>\n<script type=\"application\/ld+json\" class=\"yoast-schema-graph\">{\"@context\":\"https:\\\/\\\/schema.org\",\"@graph\":[{\"@type\":\"Article\",\"@id\":\"https:\\\/\\\/exaudi.org\\\/it\\\/45-premio-mondiale-fernando-rielo-di-poesia-mistica-dieci-finalisti-da-quattro-continenti-si-sfidano-a-barcellona\\\/#article\",\"isPartOf\":{\"@id\":\"https:\\\/\\\/exaudi.org\\\/it\\\/45-premio-mondiale-fernando-rielo-di-poesia-mistica-dieci-finalisti-da-quattro-continenti-si-sfidano-a-barcellona\\\/\"},\"author\":{\"name\":\"Exaudi Redazione\",\"@id\":\"https:\\\/\\\/exaudi.org\\\/#\\\/schema\\\/person\\\/e1ab6ed07c01774724dd96f925f3a5f0\"},\"headline\":\"45\u00b0 Premio Mondiale Fernando Rielo di Poesia Mistica: Dieci finalisti da quattro continenti si sfidano a Barcellona\",\"datePublished\":\"2025-12-01T19:10:47+00:00\",\"mainEntityOfPage\":{\"@id\":\"https:\\\/\\\/exaudi.org\\\/it\\\/45-premio-mondiale-fernando-rielo-di-poesia-mistica-dieci-finalisti-da-quattro-continenti-si-sfidano-a-barcellona\\\/\"},\"wordCount\":413,\"image\":{\"@id\":\"https:\\\/\\\/exaudi.org\\\/it\\\/45-premio-mondiale-fernando-rielo-di-poesia-mistica-dieci-finalisti-da-quattro-continenti-si-sfidano-a-barcellona\\\/#primaryimage\"},\"thumbnailUrl\":\"https:\\\/\\\/exaudi.org\\\/wp-content\\\/uploads\\\/2025\\\/12\\\/Captura-de-pantalla-2025-12-01-a-las-17.59.36.png\",\"keywords\":[\"atto 9 dicembre 2025\",\"Barcellona\",\"Basilio Rodr\u00edguez Ca\u00f1ada\",\"evento culturale Barcellona\",\"FERNANDO RIELO\",\"finalisti 2025\",\"FONDAZIONE FERNANDO RIELO\",\"Gema Mat\u00edas\",\"Han Muk\",\"Jessica Cardozo misticismo e letteratura\",\"poesia coreana\",\"poesia latinoamericana\",\"Poesia Mistica\",\"poesia spagnola contemporanea\",\"poesia spirituale\",\"Premio di poesia 7000 euro\",\"Premio Mondiale di Poesia Mistica\",\"Universit\u00e0 Abat Oliba-CEU\",\"XLV edizione 2025\"],\"articleSection\":[\"Chiesa e Mondo\"],\"inLanguage\":\"it-IT\"},{\"@type\":\"WebPage\",\"@id\":\"https:\\\/\\\/exaudi.org\\\/it\\\/45-premio-mondiale-fernando-rielo-di-poesia-mistica-dieci-finalisti-da-quattro-continenti-si-sfidano-a-barcellona\\\/\",\"url\":\"https:\\\/\\\/exaudi.org\\\/it\\\/45-premio-mondiale-fernando-rielo-di-poesia-mistica-dieci-finalisti-da-quattro-continenti-si-sfidano-a-barcellona\\\/\",\"name\":\"45\u00b0 Premio Mondiale Fernando Rielo di Poesia Mistica: Dieci finalisti da quattro continenti si sfidano a Barcellona &#8211; Exaudi\",\"isPartOf\":{\"@id\":\"https:\\\/\\\/exaudi.org\\\/#website\"},\"primaryImageOfPage\":{\"@id\":\"https:\\\/\\\/exaudi.org\\\/it\\\/45-premio-mondiale-fernando-rielo-di-poesia-mistica-dieci-finalisti-da-quattro-continenti-si-sfidano-a-barcellona\\\/#primaryimage\"},\"image\":{\"@id\":\"https:\\\/\\\/exaudi.org\\\/it\\\/45-premio-mondiale-fernando-rielo-di-poesia-mistica-dieci-finalisti-da-quattro-continenti-si-sfidano-a-barcellona\\\/#primaryimage\"},\"thumbnailUrl\":\"https:\\\/\\\/exaudi.org\\\/wp-content\\\/uploads\\\/2025\\\/12\\\/Captura-de-pantalla-2025-12-01-a-las-17.59.36.png\",\"datePublished\":\"2025-12-01T19:10:47+00:00\",\"author\":{\"@id\":\"https:\\\/\\\/exaudi.org\\\/#\\\/schema\\\/person\\\/e1ab6ed07c01774724dd96f925f3a5f0\"},\"breadcrumb\":{\"@id\":\"https:\\\/\\\/exaudi.org\\\/it\\\/45-premio-mondiale-fernando-rielo-di-poesia-mistica-dieci-finalisti-da-quattro-continenti-si-sfidano-a-barcellona\\\/#breadcrumb\"},\"inLanguage\":\"it-IT\",\"potentialAction\":[{\"@type\":\"ReadAction\",\"target\":[\"https:\\\/\\\/exaudi.org\\\/it\\\/45-premio-mondiale-fernando-rielo-di-poesia-mistica-dieci-finalisti-da-quattro-continenti-si-sfidano-a-barcellona\\\/\"]}]},{\"@type\":\"ImageObject\",\"inLanguage\":\"it-IT\",\"@id\":\"https:\\\/\\\/exaudi.org\\\/it\\\/45-premio-mondiale-fernando-rielo-di-poesia-mistica-dieci-finalisti-da-quattro-continenti-si-sfidano-a-barcellona\\\/#primaryimage\",\"url\":\"https:\\\/\\\/exaudi.org\\\/wp-content\\\/uploads\\\/2025\\\/12\\\/Captura-de-pantalla-2025-12-01-a-las-17.59.36.png\",\"contentUrl\":\"https:\\\/\\\/exaudi.org\\\/wp-content\\\/uploads\\\/2025\\\/12\\\/Captura-de-pantalla-2025-12-01-a-las-17.59.36.png\",\"width\":995,\"height\":580},{\"@type\":\"BreadcrumbList\",\"@id\":\"https:\\\/\\\/exaudi.org\\\/it\\\/45-premio-mondiale-fernando-rielo-di-poesia-mistica-dieci-finalisti-da-quattro-continenti-si-sfidano-a-barcellona\\\/#breadcrumb\",\"itemListElement\":[{\"@type\":\"ListItem\",\"position\":1,\"name\":\"Portada\",\"item\":\"https:\\\/\\\/exaudi.org\\\/it\\\/\"},{\"@type\":\"ListItem\",\"position\":2,\"name\":\"45\u00b0 Premio Mondiale Fernando Rielo di Poesia Mistica: Dieci finalisti da quattro continenti si sfidano a Barcellona\"}]},{\"@type\":\"WebSite\",\"@id\":\"https:\\\/\\\/exaudi.org\\\/#website\",\"url\":\"https:\\\/\\\/exaudi.org\\\/\",\"name\":\"Exaudi\",\"description\":\"News\",\"potentialAction\":[{\"@type\":\"SearchAction\",\"target\":{\"@type\":\"EntryPoint\",\"urlTemplate\":\"https:\\\/\\\/exaudi.org\\\/?s={search_term_string}\"},\"query-input\":{\"@type\":\"PropertyValueSpecification\",\"valueRequired\":true,\"valueName\":\"search_term_string\"}}],\"inLanguage\":\"it-IT\"},{\"@type\":\"Person\",\"@id\":\"https:\\\/\\\/exaudi.org\\\/#\\\/schema\\\/person\\\/e1ab6ed07c01774724dd96f925f3a5f0\",\"name\":\"Exaudi Redazione\",\"image\":{\"@type\":\"ImageObject\",\"inLanguage\":\"it-IT\",\"@id\":\"https:\\\/\\\/secure.gravatar.com\\\/avatar\\\/ad6774b3ada023bf5b939d64f45c94b3adf91502dd883507d469b4308a943bb3?s=96&d=mm&r=g\",\"url\":\"https:\\\/\\\/secure.gravatar.com\\\/avatar\\\/ad6774b3ada023bf5b939d64f45c94b3adf91502dd883507d469b4308a943bb3?s=96&d=mm&r=g\",\"contentUrl\":\"https:\\\/\\\/secure.gravatar.com\\\/avatar\\\/ad6774b3ada023bf5b939d64f45c94b3adf91502dd883507d469b4308a943bb3?s=96&d=mm&r=g\",\"caption\":\"Exaudi Redazione\"},\"description\":\"Che cosa \u00e8 Exaudi News? Exaudi News \u00e8 un agenzia cattolica internazionale che informa, istruisce e trasforma quotidianamente in spagnolo, inglese e italiano. Attraverso notizie, articoli di analisi e trasmissioni in diretta degli eventi del Papa, Exaudi cerca di rafforzare l'unit\u00e0 dei cristiani e di contribuire all'evangelizzazione del mondo, sempre guidato dalla dottrina sociale della Chiesa. Lavoriamo per portare la verit\u00e0 e i valori cristiani in ogni angolo del pianeta. Aiutaci a trasformare il mondo con Exaudi! Noi di Exaudi crediamo che l'evangelizzazione e l'informazione di qualit\u00e0 possano cambiare la vita. Per continuare la nostra missione ed espandere la nostra portata, abbiamo bisogno del tuo aiuto. Stiamo anche cercando persone motivate che vogliano unirsi al nostro team. Grazie al vostro sostegno raggiungeremo pi\u00f9 persone, diffonderemo il messaggio di Cristo e rafforzeremo l'unit\u00e0 dei cristiani. Vuoi unirti alla nostra missione? Per maggiori informazioni su come contribuire, visita Exaudi.org\\\/it o contattaci direttamente: info@exaudi.org Exaudi: informa, forma e trasforma.\",\"sameAs\":[\"https:\\\/\\\/www.facebook.com\\\/ExaudiNotizie\\\/\",\"https:\\\/\\\/www.instagram.com\\\/Exaudi_notizie\\\/\",\"https:\\\/\\\/x.com\\\/Exaudi_Notizie\",\"https:\\\/\\\/www.youtube.com\\\/@exaudicatholicnews\"],\"url\":\"https:\\\/\\\/exaudi.org\\\/it\\\/author\\\/dlvedi-org\\\/\"}]}<\/script>\n<!-- \/ Yoast SEO plugin. -->","yoast_head_json":{"title":"45\u00b0 Premio Mondiale Fernando Rielo di Poesia Mistica: Dieci finalisti da quattro continenti si sfidano a Barcellona &#8211; Exaudi","robots":{"index":"index","follow":"follow","max-snippet":"max-snippet:-1","max-image-preview":"max-image-preview:large","max-video-preview":"max-video-preview:-1"},"canonical":"https:\/\/exaudi.org\/it\/45-premio-mondiale-fernando-rielo-di-poesia-mistica-dieci-finalisti-da-quattro-continenti-si-sfidano-a-barcellona\/","og_locale":"it_IT","og_type":"article","og_title":"45\u00b0 Premio Mondiale Fernando Rielo di Poesia Mistica: Dieci finalisti da quattro continenti si sfidano a Barcellona &#8211; Exaudi","og_description":"L'opera vincitrice sar\u00e0 annunciata il 9 dicembre presso l'Universit\u00e0 Abat Oliba CEU tra le raccolte di poesie presentate da Spagna, Colombia, Venezuela, Uruguay, Stati Uniti e Corea del Sud","og_url":"https:\/\/exaudi.org\/it\/45-premio-mondiale-fernando-rielo-di-poesia-mistica-dieci-finalisti-da-quattro-continenti-si-sfidano-a-barcellona\/","og_site_name":"Exaudi","article_publisher":"https:\/\/www.facebook.com\/ExaudiNews","article_author":"https:\/\/www.facebook.com\/ExaudiNotizie\/","article_published_time":"2025-12-01T19:10:47+00:00","og_image":[{"width":995,"height":580,"url":"https:\/\/exaudi.org\/wp-content\/uploads\/2025\/12\/Captura-de-pantalla-2025-12-01-a-las-17.59.36.png","type":"image\/png"}],"author":"Exaudi Redazione","twitter_card":"summary_large_image","twitter_creator":"@Exaudi_Notizie","twitter_site":"@Exaudi_News","twitter_misc":{"Scritto da":"Exaudi Redazione","Tempo di lettura stimato":"2 minuti"},"schema":{"@context":"https:\/\/schema.org","@graph":[{"@type":"Article","@id":"https:\/\/exaudi.org\/it\/45-premio-mondiale-fernando-rielo-di-poesia-mistica-dieci-finalisti-da-quattro-continenti-si-sfidano-a-barcellona\/#article","isPartOf":{"@id":"https:\/\/exaudi.org\/it\/45-premio-mondiale-fernando-rielo-di-poesia-mistica-dieci-finalisti-da-quattro-continenti-si-sfidano-a-barcellona\/"},"author":{"name":"Exaudi Redazione","@id":"https:\/\/exaudi.org\/#\/schema\/person\/e1ab6ed07c01774724dd96f925f3a5f0"},"headline":"45\u00b0 Premio Mondiale Fernando Rielo di Poesia Mistica: Dieci finalisti da quattro continenti si sfidano a Barcellona","datePublished":"2025-12-01T19:10:47+00:00","mainEntityOfPage":{"@id":"https:\/\/exaudi.org\/it\/45-premio-mondiale-fernando-rielo-di-poesia-mistica-dieci-finalisti-da-quattro-continenti-si-sfidano-a-barcellona\/"},"wordCount":413,"image":{"@id":"https:\/\/exaudi.org\/it\/45-premio-mondiale-fernando-rielo-di-poesia-mistica-dieci-finalisti-da-quattro-continenti-si-sfidano-a-barcellona\/#primaryimage"},"thumbnailUrl":"https:\/\/exaudi.org\/wp-content\/uploads\/2025\/12\/Captura-de-pantalla-2025-12-01-a-las-17.59.36.png","keywords":["atto 9 dicembre 2025","Barcellona","Basilio Rodr\u00edguez Ca\u00f1ada","evento culturale Barcellona","FERNANDO RIELO","finalisti 2025","FONDAZIONE FERNANDO RIELO","Gema Mat\u00edas","Han Muk","Jessica Cardozo misticismo e letteratura","poesia coreana","poesia latinoamericana","Poesia Mistica","poesia spagnola contemporanea","poesia spirituale","Premio di poesia 7000 euro","Premio Mondiale di Poesia Mistica","Universit\u00e0 Abat Oliba-CEU","XLV edizione 2025"],"articleSection":["Chiesa e Mondo"],"inLanguage":"it-IT"},{"@type":"WebPage","@id":"https:\/\/exaudi.org\/it\/45-premio-mondiale-fernando-rielo-di-poesia-mistica-dieci-finalisti-da-quattro-continenti-si-sfidano-a-barcellona\/","url":"https:\/\/exaudi.org\/it\/45-premio-mondiale-fernando-rielo-di-poesia-mistica-dieci-finalisti-da-quattro-continenti-si-sfidano-a-barcellona\/","name":"45\u00b0 Premio Mondiale Fernando Rielo di Poesia Mistica: Dieci finalisti da quattro continenti si sfidano a Barcellona &#8211; Exaudi","isPartOf":{"@id":"https:\/\/exaudi.org\/#website"},"primaryImageOfPage":{"@id":"https:\/\/exaudi.org\/it\/45-premio-mondiale-fernando-rielo-di-poesia-mistica-dieci-finalisti-da-quattro-continenti-si-sfidano-a-barcellona\/#primaryimage"},"image":{"@id":"https:\/\/exaudi.org\/it\/45-premio-mondiale-fernando-rielo-di-poesia-mistica-dieci-finalisti-da-quattro-continenti-si-sfidano-a-barcellona\/#primaryimage"},"thumbnailUrl":"https:\/\/exaudi.org\/wp-content\/uploads\/2025\/12\/Captura-de-pantalla-2025-12-01-a-las-17.59.36.png","datePublished":"2025-12-01T19:10:47+00:00","author":{"@id":"https:\/\/exaudi.org\/#\/schema\/person\/e1ab6ed07c01774724dd96f925f3a5f0"},"breadcrumb":{"@id":"https:\/\/exaudi.org\/it\/45-premio-mondiale-fernando-rielo-di-poesia-mistica-dieci-finalisti-da-quattro-continenti-si-sfidano-a-barcellona\/#breadcrumb"},"inLanguage":"it-IT","potentialAction":[{"@type":"ReadAction","target":["https:\/\/exaudi.org\/it\/45-premio-mondiale-fernando-rielo-di-poesia-mistica-dieci-finalisti-da-quattro-continenti-si-sfidano-a-barcellona\/"]}]},{"@type":"ImageObject","inLanguage":"it-IT","@id":"https:\/\/exaudi.org\/it\/45-premio-mondiale-fernando-rielo-di-poesia-mistica-dieci-finalisti-da-quattro-continenti-si-sfidano-a-barcellona\/#primaryimage","url":"https:\/\/exaudi.org\/wp-content\/uploads\/2025\/12\/Captura-de-pantalla-2025-12-01-a-las-17.59.36.png","contentUrl":"https:\/\/exaudi.org\/wp-content\/uploads\/2025\/12\/Captura-de-pantalla-2025-12-01-a-las-17.59.36.png","width":995,"height":580},{"@type":"BreadcrumbList","@id":"https:\/\/exaudi.org\/it\/45-premio-mondiale-fernando-rielo-di-poesia-mistica-dieci-finalisti-da-quattro-continenti-si-sfidano-a-barcellona\/#breadcrumb","itemListElement":[{"@type":"ListItem","position":1,"name":"Portada","item":"https:\/\/exaudi.org\/it\/"},{"@type":"ListItem","position":2,"name":"45\u00b0 Premio Mondiale Fernando Rielo di Poesia Mistica: Dieci finalisti da quattro continenti si sfidano a Barcellona"}]},{"@type":"WebSite","@id":"https:\/\/exaudi.org\/#website","url":"https:\/\/exaudi.org\/","name":"Exaudi","description":"News","potentialAction":[{"@type":"SearchAction","target":{"@type":"EntryPoint","urlTemplate":"https:\/\/exaudi.org\/?s={search_term_string}"},"query-input":{"@type":"PropertyValueSpecification","valueRequired":true,"valueName":"search_term_string"}}],"inLanguage":"it-IT"},{"@type":"Person","@id":"https:\/\/exaudi.org\/#\/schema\/person\/e1ab6ed07c01774724dd96f925f3a5f0","name":"Exaudi Redazione","image":{"@type":"ImageObject","inLanguage":"it-IT","@id":"https:\/\/secure.gravatar.com\/avatar\/ad6774b3ada023bf5b939d64f45c94b3adf91502dd883507d469b4308a943bb3?s=96&d=mm&r=g","url":"https:\/\/secure.gravatar.com\/avatar\/ad6774b3ada023bf5b939d64f45c94b3adf91502dd883507d469b4308a943bb3?s=96&d=mm&r=g","contentUrl":"https:\/\/secure.gravatar.com\/avatar\/ad6774b3ada023bf5b939d64f45c94b3adf91502dd883507d469b4308a943bb3?s=96&d=mm&r=g","caption":"Exaudi Redazione"},"description":"Che cosa \u00e8 Exaudi News? Exaudi News \u00e8 un agenzia cattolica internazionale che informa, istruisce e trasforma quotidianamente in spagnolo, inglese e italiano. Attraverso notizie, articoli di analisi e trasmissioni in diretta degli eventi del Papa, Exaudi cerca di rafforzare l'unit\u00e0 dei cristiani e di contribuire all'evangelizzazione del mondo, sempre guidato dalla dottrina sociale della Chiesa. Lavoriamo per portare la verit\u00e0 e i valori cristiani in ogni angolo del pianeta. Aiutaci a trasformare il mondo con Exaudi! Noi di Exaudi crediamo che l'evangelizzazione e l'informazione di qualit\u00e0 possano cambiare la vita. Per continuare la nostra missione ed espandere la nostra portata, abbiamo bisogno del tuo aiuto. Stiamo anche cercando persone motivate che vogliano unirsi al nostro team. Grazie al vostro sostegno raggiungeremo pi\u00f9 persone, diffonderemo il messaggio di Cristo e rafforzeremo l'unit\u00e0 dei cristiani. Vuoi unirti alla nostra missione? Per maggiori informazioni su come contribuire, visita Exaudi.org\/it o contattaci direttamente: info@exaudi.org Exaudi: informa, forma e trasforma.","sameAs":["https:\/\/www.facebook.com\/ExaudiNotizie\/","https:\/\/www.instagram.com\/Exaudi_notizie\/","https:\/\/x.com\/Exaudi_Notizie","https:\/\/www.youtube.com\/@exaudicatholicnews"],"url":"https:\/\/exaudi.org\/it\/author\/dlvedi-org\/"}]}},"jetpack_featured_media_url":"https:\/\/exaudi.org\/wp-content\/uploads\/2025\/12\/Captura-de-pantalla-2025-12-01-a-las-17.59.36.png","jetpack_shortlink":"https:\/\/wp.me\/pgKjF2-CFL","_links":{"self":[{"href":"https:\/\/exaudi.org\/it\/wp-json\/wp\/v2\/posts\/148661","targetHints":{"allow":["GET"]}}],"collection":[{"href":"https:\/\/exaudi.org\/it\/wp-json\/wp\/v2\/posts"}],"about":[{"href":"https:\/\/exaudi.org\/it\/wp-json\/wp\/v2\/types\/post"}],"author":[{"embeddable":true,"href":"https:\/\/exaudi.org\/it\/wp-json\/wp\/v2\/users\/17"}],"replies":[{"embeddable":true,"href":"https:\/\/exaudi.org\/it\/wp-json\/wp\/v2\/comments?post=148661"}],"version-history":[{"count":3,"href":"https:\/\/exaudi.org\/it\/wp-json\/wp\/v2\/posts\/148661\/revisions"}],"predecessor-version":[{"id":148664,"href":"https:\/\/exaudi.org\/it\/wp-json\/wp\/v2\/posts\/148661\/revisions\/148664"}],"wp:featuredmedia":[{"embeddable":true,"href":"https:\/\/exaudi.org\/it\/wp-json\/wp\/v2\/media\/148629"}],"wp:attachment":[{"href":"https:\/\/exaudi.org\/it\/wp-json\/wp\/v2\/media?parent=148661"}],"wp:term":[{"taxonomy":"category","embeddable":true,"href":"https:\/\/exaudi.org\/it\/wp-json\/wp\/v2\/categories?post=148661"},{"taxonomy":"post_tag","embeddable":true,"href":"https:\/\/exaudi.org\/it\/wp-json\/wp\/v2\/tags?post=148661"}],"curies":[{"name":"wp","href":"https:\/\/api.w.org\/{rel}","templated":true}]}}