{"id":148488,"date":"2025-11-30T19:21:03","date_gmt":"2025-11-30T18:21:03","guid":{"rendered":"https:\/\/exaudi.org\/?p=148488"},"modified":"2025-11-30T19:21:03","modified_gmt":"2025-11-30T18:21:03","slug":"papa-leone-xiv-in-libano-la-pace-un-imperativo-quotidiano-in-mezzo-alla-tempesta","status":"publish","type":"post","link":"https:\/\/exaudi.org\/it\/papa-leone-xiv-in-libano-la-pace-un-imperativo-quotidiano-in-mezzo-alla-tempesta\/","title":{"rendered":"Papa Leone XIV in Libano: la pace, un imperativo quotidiano in mezzo alla tempesta"},"content":{"rendered":"<p dir=\"auto\"><span dir=\"auto\" style=\"vertical-align: inherit\"><span dir=\"auto\" style=\"vertical-align: inherit\">In una giornata segnata da una pioggia torrenziale e da un&#8217;esplosione di danze e musica che hanno sfidato le intemperie, Papa Leone XIV ha messo piede sul suolo libanese il 30 novembre 2025, inaugurando il suo tanto atteso viaggio apostolico in questa nazione emblematica del dialogo interreligioso. Dopo una cerimonia di benvenuto all&#8217;aeroporto internazionale di Beirut-Rafic Hariri e incontri privati \u200b\u200bcon il presidente Joseph Khalil Aoun, il presidente dell&#8217;Assemblea nazionale, Nabih Berri, e il primo ministro Nawaf Salam, il Pontefice si \u00e8 recato al Palazzo presidenziale. L\u00ec, nella storica Sala 25 maggio, alla presenza delle autorit\u00e0 civili, dei rappresentanti della societ\u00e0 civile e del corpo diplomatico, ha pronunciato un discorso che \u00e8 risuonato come un inno alla pace: non come un mero ideale astratto, ma come un desiderio ardente, una vocazione quotidiana e un dono divino che ha urgente bisogno di essere coltivato in tempi di crisi.<\/span><\/span><\/p>\n<p dir=\"auto\"><span dir=\"auto\" style=\"vertical-align: inherit\"><span dir=\"auto\" style=\"vertical-align: inherit\">\u00abBeati gli operatori di pace!\u00bb esclam\u00f2 Leone XIV aprendo il suo discorso, invocando le Beatitudini per sottolineare che la pace trascende le parole e diventa azione concreta. In un Libano afflitto da decenni di instabilit\u00e0 politica, economica e sociale \u2013 aggravata dalla vicinanza di conflitti regionali e da un&#8217;\u00abemorragia\u00bb di giovani che emigrano in cerca di migliori opportunit\u00e0 \u2013 il Papa dipinse un ritratto pieno di speranza di un popolo che \u00abnon si arrende, ma anzi, di fronte alle prove, sa sempre rialzarsi con coraggio\u00bb. Questa resilienza, afferm\u00f2, \u00e8 il primo pilastro dei veri operatori di pace: una tenacia che non teme le sconfitte apparenti n\u00e9 soccombe alle delusioni, ma abbraccia la realt\u00e0 con perseveranza e speranza.<\/span><\/span><\/p>\n<p dir=\"auto\"><span dir=\"auto\" style=\"vertical-align: inherit\"><span dir=\"auto\" style=\"vertical-align: inherit\">La scena era tanto simbolica quanto commovente. Nonostante la pioggia battente, migliaia di libanesi si sono radunati lungo le vie di Beirut per accogliere il Papa nella sua papamobile, sventolando bandiere vaticane e libanesi in un gesto di fraternit\u00e0 in netto contrasto con le ombre dell&#8217;incertezza globale. Il Presidente Aoun, nel suo discorso di benvenuto, ha implorato il mondo: &#8220;Santo Padre, la imploriamo di dire al mondo che non moriremo, non ce ne andremo, non dispereremo e non ci arrenderemo&#8221;. Ha ricordato la fede incrollabile di un popolo che, nella sua diversit\u00e0 cristiana e musulmana, difende la libert\u00e0 e la dignit\u00e0 sotto una Costituzione che promuove l&#8217;uguaglianza e l&#8217;apertura. Dopo aver firmato il Libro d&#8217;Onore e aver piantato simbolicamente un &#8220;Cedro dell&#8217;Amicizia&#8221; \u2013 l&#8217;albero nazionale libanese, emblema di longevit\u00e0 e ospitalit\u00e0 \u2013 lo scambio di doni ha lasciato il posto a un pubblico in attesa, dove il Papa ha pronunciato il suo messaggio con la profonda intuizione di chi comprende le ferite di un mondo spezzato.<\/span><\/span><\/p>\n<p dir=\"auto\"><img loading=\"lazy\" decoding=\"async\" class=\"size-full wp-image-148435 alignnone\" src=\"https:\/\/exaudi.org\/wp-content\/uploads\/2025\/11\/SaveClip.App_590871167_1254720740014791_3091373748353115661_n.jpg\" alt=\"\" width=\"1080\" height=\"720\" srcset=\"https:\/\/exaudi.org\/wp-content\/uploads\/2025\/11\/SaveClip.App_590871167_1254720740014791_3091373748353115661_n.jpg 1080w, https:\/\/exaudi.org\/wp-content\/uploads\/2025\/11\/SaveClip.App_590871167_1254720740014791_3091373748353115661_n-300x200.jpg 300w, https:\/\/exaudi.org\/wp-content\/uploads\/2025\/11\/SaveClip.App_590871167_1254720740014791_3091373748353115661_n-1024x683.jpg 1024w, https:\/\/exaudi.org\/wp-content\/uploads\/2025\/11\/SaveClip.App_590871167_1254720740014791_3091373748353115661_n-770x513.jpg 770w, https:\/\/exaudi.org\/wp-content\/uploads\/2025\/11\/SaveClip.App_590871167_1254720740014791_3091373748353115661_n-360x240.jpg?crop=1 360w, https:\/\/exaudi.org\/wp-content\/uploads\/2025\/11\/SaveClip.App_590871167_1254720740014791_3091373748353115661_n-500x333.jpg 500w\" sizes=\"auto, (max-width: 1080px) 100vw, 1080px\" \/><\/p>\n<p dir=\"auto\"><span dir=\"auto\" style=\"vertical-align: inherit\"><span dir=\"auto\" style=\"vertical-align: inherit\">Al centro del suo discorso, Leone XIV ha delineato tre caratteristiche essenziali per forgiare la pace in contesti &#8220;complessi, conflittuali e incerti&#8221; come il Libano e tanti altri angoli del mondo, dove un &#8220;pessimismo&#8221; dilagante e un'&#8221;economia assassina&#8221; minano il bene comune. In primo luogo, la riconciliazione: un cammino arduo che richiede di affrontare ferite personali e collettive che &#8220;richiedono molti anni, a volte intere generazioni, per guarire&#8221;. &#8220;Non c&#8217;\u00e8 riconciliazione duratura senza un obiettivo comune, senza l&#8217;apertura a un futuro in cui il bene prevalga sul male sofferto o inflitto&#8221;, ha ammonito il Papa, ricordando che verit\u00e0 e riconciliazione &#8220;crescono solo insieme&#8221;. Ha esortato le istituzioni a dare priorit\u00e0 al bene comune &#8220;rispetto agli interessi parziali&#8221;, rifiutando l&#8217;isolamento nella propria sofferenza o nel settarismo che frammenta la societ\u00e0. Facendo riferimento alla sua enciclica\u00a0 <\/span><\/span><em><span dir=\"auto\" style=\"vertical-align: inherit\"><span dir=\"auto\" style=\"vertical-align: inherit\">Fratelli tutti<\/span><\/span><\/em><span dir=\"auto\" style=\"vertical-align: inherit\"><span dir=\"auto\" style=\"vertical-align: inherit\"> , ha sottolineato che l&#8217;identit\u00e0 locale e l&#8217;apertura globale sono &#8220;due poli inseparabili e ugualmente vitali&#8221; per qualsiasi nazione.<\/span><\/span><\/p>\n<p dir=\"auto\"><span dir=\"auto\" style=\"vertical-align: inherit\"><span dir=\"auto\" style=\"vertical-align: inherit\">Il secondo tema era il valore di rimanere in patria, un sacrificio che Leone XIV elev\u00f2 a virt\u00f9 eroica. Riconoscendo il dolore della diaspora libanese \u2013 che arricchisce il mondo ma lascia il Paese sanguinante \u2013 il Papa ha lamentato come \u201cl&#8217;incertezza, la violenza, la povert\u00e0 e tante altre minacce\u201d spingano i giovani e le famiglie ad andarsene. \u201cLa Chiesa non vuole che nessuno sia costretto ad abbandonare la propria patria\u201d, ha dichiarato con fermezza, incoraggiando la creazione di condizioni che consentano ai giovani di tornare o di rimanere, trasformando il Libano in \u201cuna terra piena di vita\u201d. Rivolgendosi direttamente ai leader, li ha esortati: \u201cNon separatevi mai dal vostro popolo e mettetevi al servizio della vostra nazione \u2013 cos\u00ec ricca nella sua diversit\u00e0 \u2013 con impegno e dedizione. Che possiate parlare un solo linguaggio: il linguaggio della speranza che unisce tutti in un processo costante di nuovi inizi\u201d.<\/span><\/span><\/p>\n<p dir=\"auto\"><span dir=\"auto\" style=\"vertical-align: inherit\"><span dir=\"auto\" style=\"vertical-align: inherit\">Non \u00e8 passato inosservato l&#8217;omaggio speciale alle donne, che il Papa ha definito &#8220;operatrici essenziali di pace&#8221;. &#8220;Hanno una specifica capacit\u00e0 di custodire e sviluppare legami profondi con la vita, con le persone e con i luoghi&#8221;, ha affermato, sottolineando il loro ruolo nel rinnovamento sociale, politico e religioso. Insieme alla forza dei giovani, rappresentano un &#8220;fattore di vero rinnovamento&#8221; in un mondo che ha bisogno di costruire legami invece di spezzarli.<\/span><\/span><\/p>\n<p dir=\"auto\"><span dir=\"auto\" style=\"vertical-align: inherit\"><span dir=\"auto\" style=\"vertical-align: inherit\">In chiusura del suo discorso, Leone XIV ha invocato la ricca tradizione culturale libanese di musica e danza, che ha esploso nella cerimonia con vibranti esibizioni nonostante la pioggia. &#8220;\u00c8 un popolo che ama la musica, che, nei giorni di festa, diventa danza, linguaggio di gioia e comunione&#8221;, ha riflettuto. Ha paragonato la pace a un &#8220;movimento interiore che trabocca verso l&#8217;esterno&#8221;, guidato dallo Spirito Santo: una danza in cui i passi degli altri si armonizzano, senza calpestare il terreno degli altri. &#8220;La pace \u00e8 un dono che viene da Dio e, soprattutto, dimora nei nostri cuori&#8221;, ha concluso, esprimendo gratitudine al Presidente Aoun e pregando affinch\u00e9 cresca nel popolo libanese un desiderio di pace &#8220;nato da Dio&#8221;.<\/span><\/span><\/p>\n<p dir=\"auto\"><img loading=\"lazy\" decoding=\"async\" class=\"size-full wp-image-148438 alignnone\" src=\"https:\/\/exaudi.org\/wp-content\/uploads\/2025\/11\/SaveClip.App_590696803_1254720750014790_8086539947614202034_n.jpg\" alt=\"\" width=\"1080\" height=\"720\" srcset=\"https:\/\/exaudi.org\/wp-content\/uploads\/2025\/11\/SaveClip.App_590696803_1254720750014790_8086539947614202034_n.jpg 1080w, https:\/\/exaudi.org\/wp-content\/uploads\/2025\/11\/SaveClip.App_590696803_1254720750014790_8086539947614202034_n-300x200.jpg 300w, https:\/\/exaudi.org\/wp-content\/uploads\/2025\/11\/SaveClip.App_590696803_1254720750014790_8086539947614202034_n-1024x683.jpg 1024w, https:\/\/exaudi.org\/wp-content\/uploads\/2025\/11\/SaveClip.App_590696803_1254720750014790_8086539947614202034_n-770x513.jpg 770w, https:\/\/exaudi.org\/wp-content\/uploads\/2025\/11\/SaveClip.App_590696803_1254720750014790_8086539947614202034_n-360x240.jpg?crop=1 360w, https:\/\/exaudi.org\/wp-content\/uploads\/2025\/11\/SaveClip.App_590696803_1254720750014790_8086539947614202034_n-500x333.jpg 500w\" sizes=\"auto, (max-width: 1080px) 100vw, 1080px\" \/><\/p>\n<p dir=\"auto\"><span dir=\"auto\" style=\"vertical-align: inherit\"><span dir=\"auto\" style=\"vertical-align: inherit\">Questo viaggio di Leone XIV, il primo di un Papa in Libano in tempi turbolenti, non \u00e8 solo un gesto diplomatico, ma un monito profetico: in un Levante sconvolto, la pace si costruisce fianco a fianco con la verit\u00e0 e la speranza. Mentre il mondo guarda, Beirut diventa il palcoscenico di una chiamata universale: benedetti coloro che, come questo popolo resiliente, scelgono di ricominciare.<\/span><\/span><\/p>\n<p dir=\"auto\"><em><strong><span dir=\"auto\" style=\"vertical-align: inherit\"><span dir=\"auto\" style=\"vertical-align: inherit\">Testo integrale delle parole del Santo Padre:<\/span><\/span><\/strong><\/em><\/p>\n<div class=\"abstract text parbase vaticanrichtext\">\n<p><span class=\"color-text\">VIAGGIO APOSTOLICO DI SUA SANTIT\u00c0 LEONE XIV<br \/>\nIN T\u00dcRKIYE E IN LIBANO<br \/>\nCON PELLEGRINAGGIO A \u0130ZNIK (T\u00dcRKIYE)<br \/>\nIN OCCASIONE DEL 1700\u00b0 ANNIVERSARIO DEL PRIMO CONCILIO DI NICEA<br \/>\n(27 novembre &#8211; 2 dicembre 2025)<\/span><\/p>\n<p><span class=\"color-text\"><b>INCONTRO CON LE AUTORIT\u00c0, I RAPPRESENTANTI DELLA SOCIET\u00c0 CIVILE<br \/>\nE IL CORPO DIPLOMATICO<\/b><\/span><\/p>\n<p><i><span class=\"title-1-color\"><b>DISCORSO DEL SANTO PADRE<\/b><\/span><\/i><\/p>\n<p><i>Palazzo Presidenziale (Beirut)<br \/>\nDomenica, 30 novembre 2025<\/i><\/p>\n<p>&nbsp;<\/p>\n<p>____________________________________<\/p>\n<div class=\"clearfix\"><\/div>\n<\/div>\n<div class=\"text parbase vaticanrichtext\">\n<p><i>Signor Presidente della Repubblica,<br \/>\ndistinte Autorit\u00e0 civili e religiose,<br \/>\nmembri del Corpo diplomatico,<br \/>\nSignore, Signori!<br \/>\nBeati gli operatori di pace!<\/i><\/p>\n<p>\u00c8 una grande gioia incontrarvi e visitare questa terra in cui \u201cpace\u201d \u00e8 molto pi\u00f9 di una parola: qui la pace \u00e8 un desiderio e una vocazione, \u00e8 un dono e un cantiere sempre aperto. Voi siete investiti di autorit\u00e0 in questo Paese, ciascuno nei propri ambiti e con ruoli specifici. \u00c8 alla luce di questa autorit\u00e0 che desidero rivolgervi la parola di Ges\u00f9, scelta come ispirazione fondamentale di questo mio viaggio:\u00a0\u00abBeati gli operatori di pace!\u00bb (<i>Mt<\/i>\u00a05,9). Certo, vi sono milioni di Libanesi, qui e nel mondo intero, che servono la pace silenziosamente, giorno dopo giorno. A voi, per\u00f2, che avete compiti istituzionali importanti all\u2019interno di questo popolo, \u00e8 destinata una speciale beatitudine se a tutto potrete dire di avere anteposto l\u2019obiettivo della pace. Desidero, in questo nostro incontro, riflettere un po\u2019 con voi su che cosa significhi essere operatori di pace entro circostanze molto complesse, conflittuali e incerte.<\/p>\n<p>Oltre alle bellezze naturali e alle ricchezze culturali del Libano, gi\u00e0 elogiate da tutti i miei Predecessori che hanno visitato il vostro Paese, risplende una qualit\u00e0 che distingue i Libanesi: siete un popolo che non soccombe, ma che, di fronte alle prove, sa sempre rinascere con coraggio. La vostra resilienza \u00e8 caratteristica imprescindibile degli autentici operatori di pace: l\u2019opera della pace, infatti, \u00e8 un continuo ricominciare. L\u2019impegno e l\u2019amore per la pace non conosce paura di fronte alle sconfitte apparenti, non si lascia piegare dalle delusioni, ma sa guardare lontano, accogliendo e abbracciando con speranza tutte le realt\u00e0. Ci vuole tenacia per costruire la pace; ci vuole perseveranza per custodire e far crescere la vita.<\/p>\n<p>Interrogate la vostra storia. Chiedetevi da dove viene la formidabile energia che non ha mai lasciato il vostro popolo a terra, privo di fiducia nel domani. Siete un Paese variegato, una comunit\u00e0 di comunit\u00e0, ma unita da una lingua comune. Non mi riferisco soltanto all\u2019arabo levantino che parlate, attraverso il quale il vostro grande passato ha disseminato perle di inestimabile valore, mi riferisco soprattutto alla lingua della speranza, quella che vi ha sempre permesso di ricominciare.<\/p>\n<p>Attorno a noi, quasi in tutto il mondo, sembra avere vinto una sorta di pessimismo e sentimento di impotenza: le persone sembrano non riuscire pi\u00f9 nemmeno a chiedersi che cosa possono fare per modificare il corso della storia. Le grandi decisioni sembrano essere prese da pochi e, spesso, a scapito del bene comune, \u00e8 ci\u00f2 appare a molti come un destino ineluttabile. Voi avete molto sofferto le conseguenze di un&#8217;economia che uccide (cfr. Esortazione Apostolica\u00a0<i><a href=\"https:\/\/www.vatican.va\/content\/francesco\/it\/apost_exhortations\/documents\/papa-francesco_esortazione-ap_20131124_evangelii-gaudium.html#No_a_un%E2%80%99economia_dell%E2%80%99esclusione\">Evangelii Gaudium<\/a><\/i>, 53), che anche nel Levante ha ripercussioni devastanti, della radicalizzazione delle identit\u00e0 e dei conflitti, ma sempre avete voluto e saputo ricominciare.<\/p>\n<p>Il Libano pu\u00f2 vantare una societ\u00e0 civile vivace, ben formata, ricca di giovani capaci di plasmare i sogni e le aspirazioni di un intero Paese. Vi incoraggio pertanto a non separarvi mai dalla vostra gente e a porvi al servizio del vostro popolo \u2013 cos\u00ec ricco nella sua variet\u00e0 &#8211; con impegno e dedizione. Possiate tutti far risuonare una sola lingua: la lingua della speranza che fa convergere tutti nel coraggio di ricominciare sempre di nuovo. Il desiderio di vivere e di crescere insieme, come popolo, faccia di ogni gruppo la voce di una polifonia. Vi aiuti anche il profondo legame di affetto che lega al proprio Paese tanti Libanesi dispersi nel mondo. Essi amano la propria origine, pregano per il popolo di cui si sentono parte e lo sostengono con le molteplici esperienze e competenze che li rendono cos\u00ec apprezzati in ogni luogo.<\/p>\n<p>Veniamo cos\u00ec a una seconda caratteristica degli operatori di pace: non soltanto essi sanno ricominciare, ma lo fanno innanzitutto attraverso l\u2019ardua via della riconciliazione. Vi sono infatti ferite personali e collettive che chiedono lunghi anni, a volte intere generazioni per potersi rimarginare. Se non vengono curate, se non si lavora, ad esempio, a una guarigione della memoria, a un avvicinamento tra chi ha subito torti e ingiustizie, difficilmente si va verso la pace. Si resta fermi, prigionieri ognuno del suo dolore e delle sue ragioni. Tuttavia, verit\u00e0 e riconciliazione crescono sempre insieme: sia in una famiglia, sia tra le diverse comunit\u00e0 e le varie anime di un Paese, sia tra le Nazioni.<\/p>\n<p>Allo stesso tempo, non c\u2019\u00e8 riconciliazione duratura senza un traguardo comune, senza un\u2019apertura verso un futuro, nel quale il bene prevalga sul male subito o inflitto nel passato o nel presente. Una cultura della riconciliazione, perci\u00f2, non nasce solo dal basso, dalla disponibilit\u00e0 e dal coraggio di alcuni, ma ha bisogno di autorit\u00e0 e istituzioni che riconoscano il bene comune superiore a quello di parte. Il bene comune \u00e8 pi\u00f9 della somma di tanti interessi: avvicina il pi\u00f9 possibile gli obiettivi di ciascuno e li muove in una direzione in cui tutti avranno di pi\u00f9 che andando avanti da soli. La pace \u00e8 infatti molto pi\u00f9 di un equilibrio, sempre precario, tra chi vive separato sotto lo stesso tetto. La pace \u00e8 saper abitare insieme, in comunione, da persone riconciliate. Una riconciliazione che oltre a farci convivere, ci insegner\u00e0 a lavorare insieme, fianco a fianco per un futuro condiviso. E allora, la pace diventa quell\u2019abbondanza che ci sorprende quando il nostro orizzonte si allarga oltre ogni recinto e barriera. A volte si pensa che, prima di compiere qualsiasi passo, occorra chiarire tutto, risolvere tutto, invece \u00e8 il confronto reciproco, anche nelle incomprensioni, la strada che porta verso la riconciliazione. La verit\u00e0 pi\u00f9 grande di tutte \u00e8 che ci troviamo insieme inseriti in un disegno che Dio ha predisposto perch\u00e9 tutti possiamo raggiungere una pienezza di vita nella relazione tra di noi e con Lui.<\/p>\n<p>Infine, vorrei tratteggiare una terza caratteristica degli operatori di pace. Essi osano rimanere, anche quando costa sacrificio. Vengono momenti in cui \u00e8 pi\u00f9 facile fuggire, o, semplicemente, risulta pi\u00f9 conveniente andare altrove. Ci vuole davvero coraggio e lungimiranza restare o tornare nel proprio Paese, stimando degne d\u2019amore e di dedizione anche condizioni piuttosto difficili. Sappiamo che l\u2019incertezza, la violenza, la povert\u00e0 e molte altre minacce producono qui, come in altri luoghi del mondo, un\u2019emorragia di giovani e di famiglie che cercano futuro altrove, pur con grande dolore nel lasciare la propria patria. Occorre certamente riconoscere che molto di positivo arriva a tutti voi dai Libanesi sparsi nel mondo. Tuttavia, non dobbiamo dimenticare che restare preso i suoi e collaborare giorno per giorno allo sviluppo della civilt\u00e0 dell\u2019amore e della pace, rimane qualcosa di molto apprezzabile.<\/p>\n<p>La Chiesa, infatti, non \u00e8 soltanto preoccupata della dignit\u00e0 di coloro che si muovono verso Paesi diversi dal proprio, ma vuole che nessuno sia costretto a partire e che chiunque lo desideri possa in sicurezza ritornare. La mobilit\u00e0 umana, infatti, rappresenta un\u2019immensa opportunit\u00e0 di incontro e di reciproco arricchimento, ma non cancella lo speciale legame che unisce ciascuno a determinati luoghi, a cui deve la propria identit\u00e0 in modo del tutto peculiare. E la pace cresce sempre in un contesto vitale concreto, fatto di legami geografici, storici e spirituali. Occorre incoraggiare coloro che li favoriscono e se ne nutrono, e non cedono a localismi e nazionalismi. Nell\u2019Enciclica\u00a0<i><a href=\"https:\/\/www.vatican.va\/content\/francesco\/it\/encyclicals\/documents\/papa-francesco_20201003_enciclica-fratelli-tutti.html\">Fratelli tutti<\/a>\u00a0<\/i><a href=\"https:\/\/www.vatican.va\/content\/francesco\/it.html\">Papa Francesco<\/a>\u00a0indicava questa strada: \u00abBisogna guardare al globale, che ci riscatta dalla meschinit\u00e0 casalinga. Quando la casa non \u00e8 pi\u00f9 famiglia, ma \u00e8 recinto, cella, il globale ci riscatta perch\u00e9 \u00e8 come la causa finale che ci attira verso la pienezza. Al tempo stesso, bisogna assumere cordialmente la dimensione locale, perch\u00e9 possiede qualcosa che il globale non ha: essere lievito, arricchire, avviare dispositivi di sussidiariet\u00e0. Pertanto, la fraternit\u00e0 universale e l\u2019amicizia sociale all\u2019interno di ogni societ\u00e0 sono due poli inseparabili e coessenziali\u00bb (<a href=\"https:\/\/www.vatican.va\/content\/francesco\/it\/encyclicals\/documents\/papa-francesco_20201003_enciclica-fratelli-tutti.html#142\">n. 142<\/a>).<\/p>\n<p>Questa \u00e8 una sfida non solo del Libano, ma di tutto il Levante: che cosa fare perch\u00e9 soprattutto i giovani non si sentano costretti ad abbandonare la propria terra e ad emigrare? Come motivarli a non cercare la pace altrove, ma a trovarne garanzie e a diventarne protagonisti nella propria terra nativa? Cristiani e musulmani, insieme a tutte le componenti religiose e civili della societ\u00e0 libanese, sono chiamati a fare la loro parte in questo senso e ed impegnarsi a sensibilizzare in merito la comunit\u00e0 internazionale.<\/p>\n<p>In questo contesto, mi preme sottolineare il ruolo imprescindibile delle donne nel faticoso e paziente impegno per custodire e costruire la pace. Non dimentichiamo che le donne hanno una specifica capacit\u00e0 di operare la pace, perch\u00e9 sanno custodire e sviluppare legami profondi con la vita e con le persone. La loro partecipazione alla vita sociale e politica, cos\u00ec come a quella delle proprie comunit\u00e0 religiose, similmente all\u2019energia che viene dai giovani, rappresenta in tutto il mondo un fattore di vero rinnovamento. Beate, dunque, le operatrici di pace e beati i giovani che restano o che ritornano, perch\u00e9 il Libano sia ancora una terra piena di vita.<\/p>\n<p>Concludo ispirandomi ad un\u2019altra caratteristica preziosa della vostra tradizione millenaria. Siete un popolo che ha a cuore la musica, la quale, nei giorni di festa, si trasforma in danza, divenendo linguaggio di gioia e di comunione. Questo tratto della vostra cultura ci aiuta a comprendere che la pace non \u00e8 soltanto il risultato di un impegno umano, per quanto necessario: la pace \u00e8 un dono che viene da Dio e che, innanzitutto, abita il nostro cuore. \u00c8 come un movimento interiore che si riversa verso l\u2019esterno, abilitandoci a lasciarci guidare da una melodia pi\u00f9 grande di noi stessi, quella dell\u2019amore divino. Chi danza avanza leggero, senza calpestare la terra, armonizzando i propri passi con quelli degli altri. Cos\u00ec \u00e8 la pace: un cammino mosso dallo Spirito, che mette il cuore in ascolto e lo rende pi\u00f9 attento e rispettoso verso l\u2019altro. Possa crescere fra voi questo desiderio di pace che nasce da Dio e pu\u00f2 trasformare gi\u00e0 oggi il modo di guardare gli altri e di abitare insieme questa Terra che Egli ama profondamente e continua a benedire.<\/p>\n<p>Signor Presidente, Distinte Autorit\u00e0, vi ringrazio nuovamente per l\u2019accoglienza che mi state riservando. State certi della mia preghiera e quella di tutta la Chiesa per il vostro delicato servizio per il bene comune.<\/p>\n<p><iframe loading=\"lazy\" title=\"Baabda, Lebanon, Courtesy Visit to the President of the Republic, 30 November 2025, Pope Leo XIV\" width=\"500\" height=\"281\" src=\"https:\/\/www.youtube.com\/embed\/DHyAml9dkvs?feature=oembed\" frameborder=\"0\" allow=\"accelerometer; autoplay; clipboard-write; encrypted-media; gyroscope; picture-in-picture; web-share\" referrerpolicy=\"strict-origin-when-cross-origin\" allowfullscreen><\/iframe><\/p>\n<\/div>\n","protected":false},"excerpt":{"rendered":"<p>Papa Leone XIV inizia il suo viaggio apostolico nella terra del cedro con un appello urgente alle autorit\u00e0 e alla societ\u00e0 civile: essere artefici di riconciliazione e speranza di fronte alle ferite di un popolo resiliente, martoriato dal conflitto e dall&#8217;emigrazione di massa<\/p>\n","protected":false},"author":17,"featured_media":148428,"comment_status":"closed","ping_status":"closed","sticky":false,"template":"","format":"standard","meta":{"_acf_changed":false,"_crdt_document":"","inline_featured_image":false,"footnotes":""},"categories":[67,119],"tags":[83584,83585,83586,83587,83590,64851,64539,83588,64910,83589,64393,83591,83583,58164,58164,4952,24638,83593,83192,83594],"class_list":{"0":"post-148488","1":"post","2":"type-post","3":"status-publish","4":"format-standard","5":"has-post-thumbnail","6":"hentry","7":"category-leone-xiv","8":"category-viaggi","9":"tag-beati-operatori-di-pace","10":"tag-cedro-dellamicizia","11":"tag-diaspora-libanese","12":"tag-discorso-del-papa-alle-autorita-libanesi","13":"tag-donne-impegnate-per-la-pace","14":"tag-featured-it-2","15":"tag-fratelli-tutti-it","16":"tag-giovani-libanesi","17":"tag-leone-xiv-it","18":"tag-libano-novembre-2025","19":"tag-messaggio-di-papa-leone-xiv","20":"tag-pace-in-libano","21":"tag-palazzo-presidenziale-di-beirut","22":"tag-papa-leone-xiv","24":"tag-trending-it","25":"tag-vatican-news-3","26":"tag-viaggio-apostolico-in-libano","27":"tag-viaggio-apostolico-in-turchia-e-libano","28":"tag-visita-papale-a-beirut-2025"},"acf":[],"yoast_head":"<!-- This site is optimized with the Yoast SEO plugin v27.5 - https:\/\/yoast.com\/product\/yoast-seo-wordpress\/ -->\n<title>Papa Leone XIV in Libano: la pace, un imperativo quotidiano in mezzo alla tempesta &#8211; Exaudi<\/title>\n<meta name=\"robots\" content=\"index, follow, max-snippet:-1, max-image-preview:large, max-video-preview:-1\" \/>\n<link rel=\"canonical\" href=\"https:\/\/exaudi.org\/it\/papa-leone-xiv-in-libano-la-pace-un-imperativo-quotidiano-in-mezzo-alla-tempesta\/\" \/>\n<meta property=\"og:locale\" content=\"it_IT\" \/>\n<meta property=\"og:type\" content=\"article\" \/>\n<meta property=\"og:title\" content=\"Papa Leone XIV in Libano: la pace, un imperativo quotidiano in mezzo alla tempesta &#8211; Exaudi\" \/>\n<meta property=\"og:description\" content=\"Papa Leone XIV inizia il suo viaggio apostolico nella terra del cedro con un appello urgente alle autorit\u00e0 e alla societ\u00e0 civile: essere artefici di riconciliazione e speranza di fronte alle ferite di un popolo resiliente, martoriato dal conflitto e dall&#039;emigrazione di massa\" \/>\n<meta property=\"og:url\" content=\"https:\/\/exaudi.org\/it\/papa-leone-xiv-in-libano-la-pace-un-imperativo-quotidiano-in-mezzo-alla-tempesta\/\" \/>\n<meta property=\"og:site_name\" content=\"Exaudi\" \/>\n<meta property=\"article:publisher\" content=\"https:\/\/www.facebook.com\/ExaudiNews\" \/>\n<meta property=\"article:author\" content=\"https:\/\/www.facebook.com\/ExaudiNotizie\/\" \/>\n<meta property=\"article:published_time\" content=\"2025-11-30T18:21:03+00:00\" \/>\n<meta property=\"og:image\" content=\"https:\/\/exaudi.org\/wp-content\/uploads\/2025\/11\/cq5dam.thumbnail.cropped.750.422-16.jpeg\" \/>\n\t<meta property=\"og:image:width\" content=\"750\" \/>\n\t<meta property=\"og:image:height\" content=\"422\" \/>\n\t<meta property=\"og:image:type\" content=\"image\/jpeg\" \/>\n<meta name=\"author\" content=\"Exaudi Redazione\" \/>\n<meta name=\"twitter:card\" content=\"summary_large_image\" \/>\n<meta name=\"twitter:creator\" content=\"@Exaudi_Notizie\" \/>\n<meta name=\"twitter:site\" content=\"@Exaudi_News\" \/>\n<meta name=\"twitter:label1\" content=\"Scritto da\" \/>\n\t<meta name=\"twitter:data1\" content=\"Exaudi Redazione\" \/>\n\t<meta name=\"twitter:label2\" content=\"Tempo di lettura stimato\" \/>\n\t<meta name=\"twitter:data2\" content=\"14 minuti\" \/>\n<script type=\"application\/ld+json\" class=\"yoast-schema-graph\">{\"@context\":\"https:\\\/\\\/schema.org\",\"@graph\":[{\"@type\":\"Article\",\"@id\":\"https:\\\/\\\/exaudi.org\\\/it\\\/papa-leone-xiv-in-libano-la-pace-un-imperativo-quotidiano-in-mezzo-alla-tempesta\\\/#article\",\"isPartOf\":{\"@id\":\"https:\\\/\\\/exaudi.org\\\/it\\\/papa-leone-xiv-in-libano-la-pace-un-imperativo-quotidiano-in-mezzo-alla-tempesta\\\/\"},\"author\":{\"name\":\"Exaudi Redazione\",\"@id\":\"https:\\\/\\\/exaudi.org\\\/#\\\/schema\\\/person\\\/e1ab6ed07c01774724dd96f925f3a5f0\"},\"headline\":\"Papa Leone XIV in Libano: la pace, un imperativo quotidiano in mezzo alla tempesta\",\"datePublished\":\"2025-11-30T18:21:03+00:00\",\"mainEntityOfPage\":{\"@id\":\"https:\\\/\\\/exaudi.org\\\/it\\\/papa-leone-xiv-in-libano-la-pace-un-imperativo-quotidiano-in-mezzo-alla-tempesta\\\/\"},\"wordCount\":2748,\"image\":{\"@id\":\"https:\\\/\\\/exaudi.org\\\/it\\\/papa-leone-xiv-in-libano-la-pace-un-imperativo-quotidiano-in-mezzo-alla-tempesta\\\/#primaryimage\"},\"thumbnailUrl\":\"https:\\\/\\\/exaudi.org\\\/wp-content\\\/uploads\\\/2025\\\/11\\\/cq5dam.thumbnail.cropped.750.422-16.jpeg\",\"keywords\":[\"Beati operatori di pace\",\"cedro dell'amicizia\",\"Diaspora libanese\",\"Discorso del Papa alle autorit\u00e0 libanesi\",\"Donne impegnate per la pace\",\"Featured\",\"Fratelli Tutti\",\"Giovani libanesi\",\"Leone XIV\",\"Libano novembre 2025\",\"Messaggio di Papa Leone XIV\",\"Pace in Libano\",\"Palazzo Presidenziale di Beirut\",\"Papa Leone XIV\",\"Papa Leone XIV\",\"Trending\",\"Vatican News\",\"Viaggio apostolico in Libano\",\"Viaggio apostolico in Turchia e Libano\",\"Visita papale a Beirut 2025\"],\"articleSection\":[\"Leone XIV\",\"Viaggi\"],\"inLanguage\":\"it-IT\"},{\"@type\":\"WebPage\",\"@id\":\"https:\\\/\\\/exaudi.org\\\/it\\\/papa-leone-xiv-in-libano-la-pace-un-imperativo-quotidiano-in-mezzo-alla-tempesta\\\/\",\"url\":\"https:\\\/\\\/exaudi.org\\\/it\\\/papa-leone-xiv-in-libano-la-pace-un-imperativo-quotidiano-in-mezzo-alla-tempesta\\\/\",\"name\":\"Papa Leone XIV in Libano: la pace, un imperativo quotidiano in mezzo alla tempesta &#8211; Exaudi\",\"isPartOf\":{\"@id\":\"https:\\\/\\\/exaudi.org\\\/#website\"},\"primaryImageOfPage\":{\"@id\":\"https:\\\/\\\/exaudi.org\\\/it\\\/papa-leone-xiv-in-libano-la-pace-un-imperativo-quotidiano-in-mezzo-alla-tempesta\\\/#primaryimage\"},\"image\":{\"@id\":\"https:\\\/\\\/exaudi.org\\\/it\\\/papa-leone-xiv-in-libano-la-pace-un-imperativo-quotidiano-in-mezzo-alla-tempesta\\\/#primaryimage\"},\"thumbnailUrl\":\"https:\\\/\\\/exaudi.org\\\/wp-content\\\/uploads\\\/2025\\\/11\\\/cq5dam.thumbnail.cropped.750.422-16.jpeg\",\"datePublished\":\"2025-11-30T18:21:03+00:00\",\"author\":{\"@id\":\"https:\\\/\\\/exaudi.org\\\/#\\\/schema\\\/person\\\/e1ab6ed07c01774724dd96f925f3a5f0\"},\"breadcrumb\":{\"@id\":\"https:\\\/\\\/exaudi.org\\\/it\\\/papa-leone-xiv-in-libano-la-pace-un-imperativo-quotidiano-in-mezzo-alla-tempesta\\\/#breadcrumb\"},\"inLanguage\":\"it-IT\",\"potentialAction\":[{\"@type\":\"ReadAction\",\"target\":[\"https:\\\/\\\/exaudi.org\\\/it\\\/papa-leone-xiv-in-libano-la-pace-un-imperativo-quotidiano-in-mezzo-alla-tempesta\\\/\"]}]},{\"@type\":\"ImageObject\",\"inLanguage\":\"it-IT\",\"@id\":\"https:\\\/\\\/exaudi.org\\\/it\\\/papa-leone-xiv-in-libano-la-pace-un-imperativo-quotidiano-in-mezzo-alla-tempesta\\\/#primaryimage\",\"url\":\"https:\\\/\\\/exaudi.org\\\/wp-content\\\/uploads\\\/2025\\\/11\\\/cq5dam.thumbnail.cropped.750.422-16.jpeg\",\"contentUrl\":\"https:\\\/\\\/exaudi.org\\\/wp-content\\\/uploads\\\/2025\\\/11\\\/cq5dam.thumbnail.cropped.750.422-16.jpeg\",\"width\":750,\"height\":422},{\"@type\":\"BreadcrumbList\",\"@id\":\"https:\\\/\\\/exaudi.org\\\/it\\\/papa-leone-xiv-in-libano-la-pace-un-imperativo-quotidiano-in-mezzo-alla-tempesta\\\/#breadcrumb\",\"itemListElement\":[{\"@type\":\"ListItem\",\"position\":1,\"name\":\"Portada\",\"item\":\"https:\\\/\\\/exaudi.org\\\/it\\\/\"},{\"@type\":\"ListItem\",\"position\":2,\"name\":\"Papa Leone XIV in Libano: la pace, un imperativo quotidiano in mezzo alla tempesta\"}]},{\"@type\":\"WebSite\",\"@id\":\"https:\\\/\\\/exaudi.org\\\/#website\",\"url\":\"https:\\\/\\\/exaudi.org\\\/\",\"name\":\"Exaudi\",\"description\":\"News\",\"potentialAction\":[{\"@type\":\"SearchAction\",\"target\":{\"@type\":\"EntryPoint\",\"urlTemplate\":\"https:\\\/\\\/exaudi.org\\\/?s={search_term_string}\"},\"query-input\":{\"@type\":\"PropertyValueSpecification\",\"valueRequired\":true,\"valueName\":\"search_term_string\"}}],\"inLanguage\":\"it-IT\"},{\"@type\":\"Person\",\"@id\":\"https:\\\/\\\/exaudi.org\\\/#\\\/schema\\\/person\\\/e1ab6ed07c01774724dd96f925f3a5f0\",\"name\":\"Exaudi Redazione\",\"image\":{\"@type\":\"ImageObject\",\"inLanguage\":\"it-IT\",\"@id\":\"https:\\\/\\\/secure.gravatar.com\\\/avatar\\\/ad6774b3ada023bf5b939d64f45c94b3adf91502dd883507d469b4308a943bb3?s=96&d=mm&r=g\",\"url\":\"https:\\\/\\\/secure.gravatar.com\\\/avatar\\\/ad6774b3ada023bf5b939d64f45c94b3adf91502dd883507d469b4308a943bb3?s=96&d=mm&r=g\",\"contentUrl\":\"https:\\\/\\\/secure.gravatar.com\\\/avatar\\\/ad6774b3ada023bf5b939d64f45c94b3adf91502dd883507d469b4308a943bb3?s=96&d=mm&r=g\",\"caption\":\"Exaudi Redazione\"},\"description\":\"Che cosa \u00e8 Exaudi News? Exaudi News \u00e8 un agenzia cattolica internazionale che informa, istruisce e trasforma quotidianamente in spagnolo, inglese e italiano. Attraverso notizie, articoli di analisi e trasmissioni in diretta degli eventi del Papa, Exaudi cerca di rafforzare l'unit\u00e0 dei cristiani e di contribuire all'evangelizzazione del mondo, sempre guidato dalla dottrina sociale della Chiesa. Lavoriamo per portare la verit\u00e0 e i valori cristiani in ogni angolo del pianeta. Aiutaci a trasformare il mondo con Exaudi! Noi di Exaudi crediamo che l'evangelizzazione e l'informazione di qualit\u00e0 possano cambiare la vita. Per continuare la nostra missione ed espandere la nostra portata, abbiamo bisogno del tuo aiuto. Stiamo anche cercando persone motivate che vogliano unirsi al nostro team. Grazie al vostro sostegno raggiungeremo pi\u00f9 persone, diffonderemo il messaggio di Cristo e rafforzeremo l'unit\u00e0 dei cristiani. Vuoi unirti alla nostra missione? Per maggiori informazioni su come contribuire, visita Exaudi.org\\\/it o contattaci direttamente: info@exaudi.org Exaudi: informa, forma e trasforma.\",\"sameAs\":[\"https:\\\/\\\/www.facebook.com\\\/ExaudiNotizie\\\/\",\"https:\\\/\\\/www.instagram.com\\\/Exaudi_notizie\\\/\",\"https:\\\/\\\/x.com\\\/Exaudi_Notizie\",\"https:\\\/\\\/www.youtube.com\\\/@exaudicatholicnews\"],\"url\":\"https:\\\/\\\/exaudi.org\\\/it\\\/author\\\/dlvedi-org\\\/\"}]}<\/script>\n<!-- \/ Yoast SEO plugin. -->","yoast_head_json":{"title":"Papa Leone XIV in Libano: la pace, un imperativo quotidiano in mezzo alla tempesta &#8211; Exaudi","robots":{"index":"index","follow":"follow","max-snippet":"max-snippet:-1","max-image-preview":"max-image-preview:large","max-video-preview":"max-video-preview:-1"},"canonical":"https:\/\/exaudi.org\/it\/papa-leone-xiv-in-libano-la-pace-un-imperativo-quotidiano-in-mezzo-alla-tempesta\/","og_locale":"it_IT","og_type":"article","og_title":"Papa Leone XIV in Libano: la pace, un imperativo quotidiano in mezzo alla tempesta &#8211; Exaudi","og_description":"Papa Leone XIV inizia il suo viaggio apostolico nella terra del cedro con un appello urgente alle autorit\u00e0 e alla societ\u00e0 civile: essere artefici di riconciliazione e speranza di fronte alle ferite di un popolo resiliente, martoriato dal conflitto e dall'emigrazione di massa","og_url":"https:\/\/exaudi.org\/it\/papa-leone-xiv-in-libano-la-pace-un-imperativo-quotidiano-in-mezzo-alla-tempesta\/","og_site_name":"Exaudi","article_publisher":"https:\/\/www.facebook.com\/ExaudiNews","article_author":"https:\/\/www.facebook.com\/ExaudiNotizie\/","article_published_time":"2025-11-30T18:21:03+00:00","og_image":[{"width":750,"height":422,"url":"https:\/\/exaudi.org\/wp-content\/uploads\/2025\/11\/cq5dam.thumbnail.cropped.750.422-16.jpeg","type":"image\/jpeg"}],"author":"Exaudi Redazione","twitter_card":"summary_large_image","twitter_creator":"@Exaudi_Notizie","twitter_site":"@Exaudi_News","twitter_misc":{"Scritto da":"Exaudi Redazione","Tempo di lettura stimato":"14 minuti"},"schema":{"@context":"https:\/\/schema.org","@graph":[{"@type":"Article","@id":"https:\/\/exaudi.org\/it\/papa-leone-xiv-in-libano-la-pace-un-imperativo-quotidiano-in-mezzo-alla-tempesta\/#article","isPartOf":{"@id":"https:\/\/exaudi.org\/it\/papa-leone-xiv-in-libano-la-pace-un-imperativo-quotidiano-in-mezzo-alla-tempesta\/"},"author":{"name":"Exaudi Redazione","@id":"https:\/\/exaudi.org\/#\/schema\/person\/e1ab6ed07c01774724dd96f925f3a5f0"},"headline":"Papa Leone XIV in Libano: la pace, un imperativo quotidiano in mezzo alla tempesta","datePublished":"2025-11-30T18:21:03+00:00","mainEntityOfPage":{"@id":"https:\/\/exaudi.org\/it\/papa-leone-xiv-in-libano-la-pace-un-imperativo-quotidiano-in-mezzo-alla-tempesta\/"},"wordCount":2748,"image":{"@id":"https:\/\/exaudi.org\/it\/papa-leone-xiv-in-libano-la-pace-un-imperativo-quotidiano-in-mezzo-alla-tempesta\/#primaryimage"},"thumbnailUrl":"https:\/\/exaudi.org\/wp-content\/uploads\/2025\/11\/cq5dam.thumbnail.cropped.750.422-16.jpeg","keywords":["Beati operatori di pace","cedro dell'amicizia","Diaspora libanese","Discorso del Papa alle autorit\u00e0 libanesi","Donne impegnate per la pace","Featured","Fratelli Tutti","Giovani libanesi","Leone XIV","Libano novembre 2025","Messaggio di Papa Leone XIV","Pace in Libano","Palazzo Presidenziale di Beirut","Papa Leone XIV","Papa Leone XIV","Trending","Vatican News","Viaggio apostolico in Libano","Viaggio apostolico in Turchia e Libano","Visita papale a Beirut 2025"],"articleSection":["Leone XIV","Viaggi"],"inLanguage":"it-IT"},{"@type":"WebPage","@id":"https:\/\/exaudi.org\/it\/papa-leone-xiv-in-libano-la-pace-un-imperativo-quotidiano-in-mezzo-alla-tempesta\/","url":"https:\/\/exaudi.org\/it\/papa-leone-xiv-in-libano-la-pace-un-imperativo-quotidiano-in-mezzo-alla-tempesta\/","name":"Papa Leone XIV in Libano: la pace, un imperativo quotidiano in mezzo alla tempesta &#8211; Exaudi","isPartOf":{"@id":"https:\/\/exaudi.org\/#website"},"primaryImageOfPage":{"@id":"https:\/\/exaudi.org\/it\/papa-leone-xiv-in-libano-la-pace-un-imperativo-quotidiano-in-mezzo-alla-tempesta\/#primaryimage"},"image":{"@id":"https:\/\/exaudi.org\/it\/papa-leone-xiv-in-libano-la-pace-un-imperativo-quotidiano-in-mezzo-alla-tempesta\/#primaryimage"},"thumbnailUrl":"https:\/\/exaudi.org\/wp-content\/uploads\/2025\/11\/cq5dam.thumbnail.cropped.750.422-16.jpeg","datePublished":"2025-11-30T18:21:03+00:00","author":{"@id":"https:\/\/exaudi.org\/#\/schema\/person\/e1ab6ed07c01774724dd96f925f3a5f0"},"breadcrumb":{"@id":"https:\/\/exaudi.org\/it\/papa-leone-xiv-in-libano-la-pace-un-imperativo-quotidiano-in-mezzo-alla-tempesta\/#breadcrumb"},"inLanguage":"it-IT","potentialAction":[{"@type":"ReadAction","target":["https:\/\/exaudi.org\/it\/papa-leone-xiv-in-libano-la-pace-un-imperativo-quotidiano-in-mezzo-alla-tempesta\/"]}]},{"@type":"ImageObject","inLanguage":"it-IT","@id":"https:\/\/exaudi.org\/it\/papa-leone-xiv-in-libano-la-pace-un-imperativo-quotidiano-in-mezzo-alla-tempesta\/#primaryimage","url":"https:\/\/exaudi.org\/wp-content\/uploads\/2025\/11\/cq5dam.thumbnail.cropped.750.422-16.jpeg","contentUrl":"https:\/\/exaudi.org\/wp-content\/uploads\/2025\/11\/cq5dam.thumbnail.cropped.750.422-16.jpeg","width":750,"height":422},{"@type":"BreadcrumbList","@id":"https:\/\/exaudi.org\/it\/papa-leone-xiv-in-libano-la-pace-un-imperativo-quotidiano-in-mezzo-alla-tempesta\/#breadcrumb","itemListElement":[{"@type":"ListItem","position":1,"name":"Portada","item":"https:\/\/exaudi.org\/it\/"},{"@type":"ListItem","position":2,"name":"Papa Leone XIV in Libano: la pace, un imperativo quotidiano in mezzo alla tempesta"}]},{"@type":"WebSite","@id":"https:\/\/exaudi.org\/#website","url":"https:\/\/exaudi.org\/","name":"Exaudi","description":"News","potentialAction":[{"@type":"SearchAction","target":{"@type":"EntryPoint","urlTemplate":"https:\/\/exaudi.org\/?s={search_term_string}"},"query-input":{"@type":"PropertyValueSpecification","valueRequired":true,"valueName":"search_term_string"}}],"inLanguage":"it-IT"},{"@type":"Person","@id":"https:\/\/exaudi.org\/#\/schema\/person\/e1ab6ed07c01774724dd96f925f3a5f0","name":"Exaudi Redazione","image":{"@type":"ImageObject","inLanguage":"it-IT","@id":"https:\/\/secure.gravatar.com\/avatar\/ad6774b3ada023bf5b939d64f45c94b3adf91502dd883507d469b4308a943bb3?s=96&d=mm&r=g","url":"https:\/\/secure.gravatar.com\/avatar\/ad6774b3ada023bf5b939d64f45c94b3adf91502dd883507d469b4308a943bb3?s=96&d=mm&r=g","contentUrl":"https:\/\/secure.gravatar.com\/avatar\/ad6774b3ada023bf5b939d64f45c94b3adf91502dd883507d469b4308a943bb3?s=96&d=mm&r=g","caption":"Exaudi Redazione"},"description":"Che cosa \u00e8 Exaudi News? Exaudi News \u00e8 un agenzia cattolica internazionale che informa, istruisce e trasforma quotidianamente in spagnolo, inglese e italiano. Attraverso notizie, articoli di analisi e trasmissioni in diretta degli eventi del Papa, Exaudi cerca di rafforzare l'unit\u00e0 dei cristiani e di contribuire all'evangelizzazione del mondo, sempre guidato dalla dottrina sociale della Chiesa. Lavoriamo per portare la verit\u00e0 e i valori cristiani in ogni angolo del pianeta. Aiutaci a trasformare il mondo con Exaudi! Noi di Exaudi crediamo che l'evangelizzazione e l'informazione di qualit\u00e0 possano cambiare la vita. Per continuare la nostra missione ed espandere la nostra portata, abbiamo bisogno del tuo aiuto. Stiamo anche cercando persone motivate che vogliano unirsi al nostro team. Grazie al vostro sostegno raggiungeremo pi\u00f9 persone, diffonderemo il messaggio di Cristo e rafforzeremo l'unit\u00e0 dei cristiani. Vuoi unirti alla nostra missione? Per maggiori informazioni su come contribuire, visita Exaudi.org\/it o contattaci direttamente: info@exaudi.org Exaudi: informa, forma e trasforma.","sameAs":["https:\/\/www.facebook.com\/ExaudiNotizie\/","https:\/\/www.instagram.com\/Exaudi_notizie\/","https:\/\/x.com\/Exaudi_Notizie","https:\/\/www.youtube.com\/@exaudicatholicnews"],"url":"https:\/\/exaudi.org\/it\/author\/dlvedi-org\/"}]}},"jetpack_featured_media_url":"https:\/\/exaudi.org\/wp-content\/uploads\/2025\/11\/cq5dam.thumbnail.cropped.750.422-16.jpeg","jetpack_shortlink":"https:\/\/wp.me\/pgKjF2-CCY","_links":{"self":[{"href":"https:\/\/exaudi.org\/it\/wp-json\/wp\/v2\/posts\/148488","targetHints":{"allow":["GET"]}}],"collection":[{"href":"https:\/\/exaudi.org\/it\/wp-json\/wp\/v2\/posts"}],"about":[{"href":"https:\/\/exaudi.org\/it\/wp-json\/wp\/v2\/types\/post"}],"author":[{"embeddable":true,"href":"https:\/\/exaudi.org\/it\/wp-json\/wp\/v2\/users\/17"}],"replies":[{"embeddable":true,"href":"https:\/\/exaudi.org\/it\/wp-json\/wp\/v2\/comments?post=148488"}],"version-history":[{"count":5,"href":"https:\/\/exaudi.org\/it\/wp-json\/wp\/v2\/posts\/148488\/revisions"}],"predecessor-version":[{"id":148493,"href":"https:\/\/exaudi.org\/it\/wp-json\/wp\/v2\/posts\/148488\/revisions\/148493"}],"wp:featuredmedia":[{"embeddable":true,"href":"https:\/\/exaudi.org\/it\/wp-json\/wp\/v2\/media\/148428"}],"wp:attachment":[{"href":"https:\/\/exaudi.org\/it\/wp-json\/wp\/v2\/media?parent=148488"}],"wp:term":[{"taxonomy":"category","embeddable":true,"href":"https:\/\/exaudi.org\/it\/wp-json\/wp\/v2\/categories?post=148488"},{"taxonomy":"post_tag","embeddable":true,"href":"https:\/\/exaudi.org\/it\/wp-json\/wp\/v2\/tags?post=148488"}],"curies":[{"name":"wp","href":"https:\/\/api.w.org\/{rel}","templated":true}]}}