{"id":147982,"date":"2025-11-27T17:53:56","date_gmt":"2025-11-27T16:53:56","guid":{"rendered":"https:\/\/exaudi.org\/?p=147982"},"modified":"2025-11-27T17:59:24","modified_gmt":"2025-11-27T16:59:24","slug":"papa-leone-xiv-in-turchia-questo-paese-e-un-ponte-tra-oriente-e-occidente","status":"publish","type":"post","link":"https:\/\/exaudi.org\/it\/papa-leone-xiv-in-turchia-questo-paese-e-un-ponte-tra-oriente-e-occidente\/","title":{"rendered":"Papa Leone XIV in Turchia: &#8220;Questo Paese \u00e8 un ponte tra Oriente e Occidente&#8221;"},"content":{"rendered":"<p dir=\"auto\"><span dir=\"auto\" style=\"vertical-align: inherit;\"><span dir=\"auto\" style=\"vertical-align: inherit;\">Papa Leone XIV ha intrapreso gioved\u00ec il suo primo viaggio apostolico internazionale, visitando la Turchia in un gesto simbolico che rafforza il dialogo interreligioso e la fraternit\u00e0 globale. Eletto successore di Pietro l&#8217;8 maggio 2015 e avendo ufficialmente iniziato il suo ministero petrino con una messa in Piazza San Pietro il 18 maggio, questo viaggio segna il debutto del Pontefice fuori dall&#8217;Italia. Il tour, che includer\u00e0 anche una visita in Libano, inizia ad Ankara con un toccante discorso alle autorit\u00e0 turche, alla societ\u00e0 civile e al corpo diplomatico, sottolineando il ruolo storico della Turchia come culla del cristianesimo e &#8220;ponte&#8221; tra continenti e culture.<\/span><\/span><\/p>\n<p dir=\"auto\"><span dir=\"auto\" style=\"vertical-align: inherit;\"><span dir=\"auto\" style=\"vertical-align: inherit;\">In una sala gremita di rappresentanti governativi, leader religiosi e diplomatici, Papa Leone XIV \u2013 che assunse il pontificato dopo la morte di Francesco nel 2014 \u2013 sottoline\u00f2 la necessit\u00e0 di costruire &#8220;fraternit\u00e0&#8221; in un mondo polarizzato da conflitti e disuguaglianze. &#8220;Questa terra \u00e8 indissolubilmente legata alle origini del cristianesimo e oggi invita i figli di Abramo e tutta l&#8217;umanit\u00e0 a una fraternit\u00e0 che riconosce e apprezza le differenze&#8221;, proclam\u00f2 il Pontefice all&#8217;inizio del suo discorso, rivolto al presidente turco e ai presenti.<\/span><\/span><\/p>\n<p dir=\"auto\"><span dir=\"auto\" style=\"vertical-align: inherit;\"><span dir=\"auto\" style=\"vertical-align: inherit;\">Il discorso, pronunciato in inglese con traduzione simultanea in turco, si \u00e8 incentrato sull&#8217;immagine del ponte sullo Stretto dei Dardanelli, logo ufficiale del viaggio, come metafora dell&#8217;identit\u00e0 turca. &#8220;Prima di unire l&#8217;Asia all&#8217;Europa, l&#8217;Oriente all&#8217;Occidente, questo ponte collega la Turchia a se stessa&#8221;, ha affermato Leone XIV, sottolineando che la diversit\u00e0 interna del Paese non \u00e8 una debolezza, ma una ricchezza che alimenta grandi civilt\u00e0. A questo proposito, ha messo in guardia contro l'&#8221;uniformit\u00e0&#8221; che impoverisce la societ\u00e0 e ha auspicato una &#8220;cultura dell&#8217;incontro&#8221;, ispirandosi agli insegnamenti del suo predecessore, Papa Francesco, e alla figura di San Giovanni XXIII, noto come il &#8220;Papa turco&#8221; per il suo lavoro come delegato apostolico nel Paese tra il 1935 e il 1945.<\/span><\/span><\/p>\n<p dir=\"auto\"><img loading=\"lazy\" decoding=\"async\" class=\"size-full wp-image-147975 alignnone\" src=\"https:\/\/exaudi.org\/wp-content\/uploads\/2025\/11\/cq5dam.thumbnail.cropped.750.422-1-7.jpeg\" alt=\"\" width=\"750\" height=\"422\" srcset=\"https:\/\/exaudi.org\/wp-content\/uploads\/2025\/11\/cq5dam.thumbnail.cropped.750.422-1-7.jpeg 750w, https:\/\/exaudi.org\/wp-content\/uploads\/2025\/11\/cq5dam.thumbnail.cropped.750.422-1-7-300x169.jpeg 300w, https:\/\/exaudi.org\/wp-content\/uploads\/2025\/11\/cq5dam.thumbnail.cropped.750.422-1-7-500x281.jpeg 500w\" sizes=\"auto, (max-width: 750px) 100vw, 750px\" \/><\/p>\n<p dir=\"auto\"><span dir=\"auto\" style=\"vertical-align: inherit;\"><span dir=\"auto\" style=\"vertical-align: inherit;\">Il Papa ha esteso il suo messaggio alle urgenti questioni globali. Ha invocato la protezione del creato di Dio di fronte alla bellezza naturale della Turchia, criticando &#8220;ambizioni e scelte che calpestano la giustizia e la pace&#8221;. Con un cenno ai progressi tecnologici, ha messo in guardia dal rischio che l&#8217;intelligenza artificiale possa &#8220;esacerbare l&#8217;ingiustizia&#8221; se non \u00e8 orientata al bene comune, riproducendo &#8220;le nostre preferenze&#8221; invece di promuovere la solidariet\u00e0. &#8220;Giustizia e misericordia sfidano la mentalit\u00e0 del &#8216;pi\u00f9 forte fa il giusto&#8217; e osano chiedere che compassione e solidariet\u00e0 siano i criteri autentici per lo sviluppo&#8221;, ha dichiarato, ricordando il Dio &#8220;misericordioso e compassionevole&#8221; del Salmo 103.<\/span><\/span><\/p>\n<p dir=\"auto\"><span dir=\"auto\" style=\"vertical-align: inherit;\"><span dir=\"auto\" style=\"vertical-align: inherit;\">Il Papa ha dedicato un capitolo speciale alla famiglia, pilastro della cultura turca, come &#8220;primo nucleo della vita sociale&#8221; dove si apprende il valore dell'&#8221;altro&#8221;. Ha elogiato le iniziative locali che sostengono il matrimonio e la procreazione, rifiutando le &#8220;economie consumistiche&#8221; che trasformano la solitudine in un business. Ha anche sottolineato il ruolo delle donne nella societ\u00e0 turca: &#8220;Attraverso i loro studi e la partecipazione attiva alla vita professionale, culturale e politica, le donne servono il loro Paese ed esercitano un&#8217;influenza positiva sulla scena internazionale&#8221;. Questa enfasi sull&#8217;uguaglianza e sull&#8217;emancipazione femminile \u00e8 in sintonia con gli sforzi della Turchia per modernizzare la propria societ\u00e0, sebbene permangano sfide relative ai diritti di genere e alle libert\u00e0 civili.<\/span><\/span><\/p>\n<p dir=\"auto\"><span dir=\"auto\" style=\"vertical-align: inherit;\"><span dir=\"auto\" style=\"vertical-align: inherit;\">Papa Leone XIV ha ricordato le visite dei suoi predecessori \u2013 Paolo VI nel 1967, Giovanni Paolo II nel 1979, Benedetto XVI nel 2006 e Francesco nel 2014 \u2013 come prova delle \u201cbuone relazioni\u201d tra la Santa Sede e la Repubblica di Turchia. \u201cDesideriamo cooperare alla costruzione di un mondo migliore con il contributo di questo Paese, che \u00e8 un ponte tra Oriente e Occidente, Asia ed Europa, e un crocevia di culture e religioni\u201d, ha affermato. Nel contesto dell&#8217;anniversario di Nicea, ha invocato lo spirito di dialogo dei primi otto concili ecumenici tenutisi su quello che oggi \u00e8 suolo turco, esortando tutti a \u201cpromuovere il dialogo con ferma risolutezza e paziente determinazione\u201d.<\/span><\/span><\/p>\n<p dir=\"auto\"><span dir=\"auto\" style=\"vertical-align: inherit;\"><span dir=\"auto\" style=\"vertical-align: inherit;\">Il Papa non si \u00e8 sottratto alle tensioni globali: ha denunciato una \u201cterza guerra mondiale a pezzi\u201d, alimentata da strategie di potenza economica e militare che distolgono risorse da sfide reali come la pace, la lotta alla fame, la salute, l\u2019istruzione e la tutela dell\u2019ambiente. \u201c\u00c8 in gioco il futuro dell\u2019umanit\u00e0. Non cediamo in nessuna circostanza!\u201d, ha esclamato, proponendo alla Santa Sede, con la sua \u201cforza spirituale e morale\u201d, di collaborare con le nazioni impegnate per lo sviluppo integrale. \u201cCamminiamo insieme, nella verit\u00e0 e nell\u2019amicizia, confidando umilmente nell\u2019aiuto di Dio\u201d, ha concluso, davanti a un pubblico calorosamente applaudito.<\/span><\/span><\/p>\n<p dir=\"auto\"><img loading=\"lazy\" decoding=\"async\" class=\"size-full wp-image-147972 alignnone\" src=\"https:\/\/exaudi.org\/wp-content\/uploads\/2025\/11\/cq5dam.thumbnail.cropped.500.281-2-1.jpeg\" alt=\"\" width=\"500\" height=\"281\" srcset=\"https:\/\/exaudi.org\/wp-content\/uploads\/2025\/11\/cq5dam.thumbnail.cropped.500.281-2-1.jpeg 500w, https:\/\/exaudi.org\/wp-content\/uploads\/2025\/11\/cq5dam.thumbnail.cropped.500.281-2-1-300x169.jpeg 300w\" sizes=\"auto, (max-width: 500px) 100vw, 500px\" \/><\/p>\n<p dir=\"auto\"><span dir=\"auto\" style=\"vertical-align: inherit;\"><span dir=\"auto\" style=\"vertical-align: inherit;\">Questo viaggio apostolico, che durer\u00e0 fino al 2 dicembre e includer\u00e0 il Libano, avviene in un momento di instabilit\u00e0 regionale, segnato da conflitti in Medio Oriente e tensioni migratorie nel Mediterraneo. La presenza di Leone XIV in Turchia, un Paese con una minoranza cristiana che rappresenta solo lo 0,2% dei suoi 85 milioni di abitanti, rafforza l&#8217;impegno della Chiesa cattolica per l&#8217;ecumenismo e il dialogo interreligioso, in un contesto in cui predomina l&#8217;Islam sunnita sotto la guida del Presidente Recep Tayyip Erdo\u011fan. Gli analisti vedono questo viaggio come un gesto di continuit\u00e0 con l&#8217;eredit\u00e0 di Papa Francesco, ma con una rinnovata enfasi sull'&#8221;unit\u00e0 della famiglia umana&#8221; di fronte alla polarizzazione globale.<\/span><\/span><\/p>\n<p dir=\"auto\"><span dir=\"auto\" style=\"vertical-align: inherit;\"><span dir=\"auto\" style=\"vertical-align: inherit;\">Il discorso \u00e8 stato accolto con ottimismo dalla comunit\u00e0 cattolica locale, che conta circa 35.000 fedeli, e dagli osservatori diplomatici, che hanno sottolineato il potenziale della Turchia come mediatore nelle crisi globali. Mentre il Papa si prepara al suo pellegrinaggio a Iznik, il suo messaggio risuona come un urgente appello alla riconciliazione in un mondo frammentato.<\/span><\/span><\/p>\n<p dir=\"auto\">***<\/p>\n<div class=\"abstract text parbase vaticanrichtext\">\n<p><span class=\"color-text\">VIAGGIO APOSTOLICO DI SUA SANTIT\u00c0 LEONE XIV<br \/>\nIN T\u00dcRKIYE E IN LIBANO<br \/>\nCON PELLEGRINAGGIO A \u0130ZNIK (T\u00dcRKIYE)<br \/>\nIN OCCASIONE DEL 1700\u00b0 ANNIVERSARIO DEL PRIMO CONCILIO DI NICEA<br \/>\n(27 novembre &#8211; 2 dicembre 2025)<\/span><\/p>\n<p><b><span class=\"color-text\">INCONTRO CON LE AUTORIT\u00c0, CON I RAPPRESENTANTI DELLA\u00a0 SOCIET\u00c0 CIVILE<br \/>\nE CON IL CORPO DIPLOMATICO<\/span><\/b><\/p>\n<p><i><span class=\"title-1-color\"><b>DISCORSO DEL SANTO PADRE<\/b><\/span><\/i><\/p>\n<p><i>Palazzo Presidenziale (Ankara)<br \/>\nGioved\u00ec, 27 novembre 2025<\/i><\/p>\n<p>&nbsp;<\/p>\n<p>____________________________________<\/p>\n<div class=\"clearfix\"><\/div>\n<\/div>\n<div class=\"text parbase vaticanrichtext\">\n<p><i>Signor Presidente,<br \/>\ndistinte Autorit\u00e0 e membri del Corpo Diplomatico,<br \/>\nSignore e Signori!<\/i><\/p>\n<p>Grazie di cuore per la cortese accoglienza! Sono lieto di iniziare dal vostro Paese i viaggi apostolici del mio pontificato, dal momento che questa terra \u00e8 legata inscindibilmente alle origini del cristianesimo e oggi richiama i figli di Abramo e l\u2019umanit\u00e0 intera a una fraternit\u00e0 che riconosca e apprezzi le differenze.<\/p>\n<p>La bellezza naturale del vostro Paese ci sollecita a custodire la creazione di Dio. Pi\u00f9 ancora, la ricchezza culturale, artistica e spirituale dei luoghi che abitate ci ricorda che nell\u2019incontro fra generazioni, tradizioni e idee diverse prendono forma le grandi civilt\u00e0, nelle quali sviluppo e sapienza si compongono in unit\u00e0. \u00c8 vero, il nostro mondo ha alle spalle secoli di conflitti e attorno a noi esso \u00e8 ancora destabilizzato da ambizioni e decisioni che calpestano la giustizia e la pace. Tuttavia, davanti alle sfide che ci interpellano, essere un popolo dal grande passato rappresenta un dono e una responsabilit\u00e0.<\/p>\n<p>L\u2019immagine del ponte sullo Stretto dei Dardanelli, scelta come emblema di questo mio viaggio, esprime con efficacia il ruolo speciale del vostro Paese. Voi avete un posto importante nel presente e nel futuro del Mediterraneo e del mondo intero, anzitutto valorizzando le vostre interne diversit\u00e0. Prima di collegare Asia ed Europa, Oriente e Occidente, infatti, quel ponte lega la T\u00fcrkiye a s\u00e9 stessa, ne compone le parti e cos\u00ec ne fa, per cos\u00ec dire, dall\u2019interno un crocevia di sensibilit\u00e0, che omologare rappresenterebbe un impoverimento. Una societ\u00e0, infatti, \u00e8 viva se \u00e8 plurale: sono i ponti fra le sue diverse anime a renderla una societ\u00e0 civile. Oggi le comunit\u00e0 umane sono sempre pi\u00f9 polarizzate e lacerate da posizioni estreme, che le frantumano.<\/p>\n<p>Desidero assicurare che all\u2019unit\u00e0 del vostro Paese intendono contribuire positivamente anche i cristiani, che sono e si sentono parte dell\u2019identit\u00e0 turca, tanto apprezzata da\u00a0<a href=\"https:\/\/www.vatican.va\/content\/vatican\/it\/holy-father\/giovanni-xxiii.html\">San Giovanni XXIII<\/a>, da voi ricordato come il \u201cPapa turco\u201d per la profonda amicizia che lo leg\u00f2 sempre al vostro popolo. Egli, che fu Amministratore del Vicariato Latino di Istanbul e Delegato Apostolico in T\u00fcrkiye e Grecia dal 1935 al 1945, si adoper\u00f2 intensamente affinch\u00e9 i cattolici non si estraniassero dalla costruzione della vostra nuova Repubblica. \u00abEcco \u2013 scriveva in quegli anni \u2013, noi cattolici latini di Istanbul, e cattolici di altro rito: armeno, greco, caldeo, siriano, ecc. siamo qui una modesta minoranza che vive alla superficie di un vasto mondo con cui abbiamo solo contatti di carattere esteriore. Noi amiamo distinguerci da chi non professa la nostra fede: fratelli ortodossi, protestanti, israeliti, musulmani, credenti o non credenti di altre religioni [\u2026]. Pare logico che ciascuno si occupi di s\u00e9, della sua tradizione familiare o nazionale, tenendosi serrato entro il cerchio limitato della propria consorteria [\u2026]. Miei cari fratelli e figliuoli: io debbo dirvi che nella luce del Vangelo e del principio cattolico, questa \u00e8 una logica falsa\u00bb.\u00a0<a class=\" cleaner\" href=\"https:\/\/www.vatican.va\/content\/leo-xiv\/it\/speeches\/2025\/november\/documents\/20251127-turchia-autorita.html#_ftn1\" name=\"_ftnref1\">[1]<\/a>\u00a0Da allora, indubbiamente, grandi passi avanti sono stati fatti in seno alla Chiesa e nella vostra societ\u00e0, ma quelle parole sprigionano ancora molta luce e continuano a ispirare una logica evangelica e pi\u00f9 vera, che\u00a0\u00a0<a href=\"https:\/\/www.vatican.va\/content\/vatican\/it\/holy-father\/francesco.html\">Papa Francesco<\/a>\u00a0ha definito \u201ccultura dell\u2019incontro\u201d.<\/p>\n<p>Dal cuore del Mediterraneo, infatti, il\u00a0<a href=\"https:\/\/www.vatican.va\/content\/vatican\/it\/holy-father\/francesco.html\">mio venerato Predecessore<\/a>\u00a0oppose alla \u201cglobalizzazione dell\u2019indifferenza\u201d l\u2019invito a sentire il dolore altrui, ad ascoltare il grido dei poveri e della terra, ispirando cos\u00ec un agire compassionevole, riflesso dell\u2019unico Dio, che \u00e8 clemente e misericordioso, \u00ablento all\u2019ira e grande nell\u2019amore\u00bb (<i>Sal<\/i>\u00a0103,8). L\u2019immagine del grande ponte \u00e8 di aiuto anche in questo senso. Dio, rivelandosi, ha stabilito un ponte fra cielo e terra: lo ha fatto perch\u00e9 il nostro cuore cambiasse, diventando simile al suo. \u00c8 un ponte sospeso, grandioso, che quasi sfida le leggi della fisica: cos\u00ec \u00e8 l\u2019amore, che, oltre alla dimensione intima e privata, ha anche quella visibile e pubblica.<\/p>\n<p>Giustizia e misericordia sfidano la legge della forza e osano chiedere che la compassione e la solidariet\u00e0 siano considerate criteri di sviluppo. Per questo, in una societ\u00e0 come quella turca, dove la religione ha un ruolo visibile, \u00e8 fondamentale onorare la dignit\u00e0 e la libert\u00e0 di tutti i figli di Dio: uomini e donne, connazionali e stranieri, poveri e ricchi. Tutti siamo figli di Dio e questo ha conseguenze personali, sociali e politiche. Chi ha un cuore docile al volere di Dio promuover\u00e0 sempre il bene comune e il rispetto per tutti. Oggi questa \u00e8 una grande sfida, che deve rimodellare le politiche locali e le relazioni internazionali, specialmente davanti a un\u2019evoluzione tecnologica che potrebbe altrimenti accentuare le ingiustizie, invece di contribuire a dissolverle. Persino le intelligenze artificiali, infatti, riproducono le nostre preferenze e accelerano i processi che, a ben vedere, non sono le macchine, ma \u00e8 l\u2019umanit\u00e0 ad avere intrapreso. Lavoriamo dunque insieme, per modificare la traiettoria dello sviluppo e per riparare i danni gi\u00e0 inferti all\u2019unit\u00e0 della famiglia umana.<\/p>\n<p>Signore e Signori, ho parlato di \u201cfamiglia umana\u201d. Si tratta di una metafora che ci invita a stabilire un collegamento \u2013 ancora una volta un ponte \u2013 fra i destini di tutti e l\u2019esperienza di ciascuno. Per ognuno di noi, infatti, la famiglia \u00e8 stata il primo nucleo della vita sociale, in cui sperimentare che senza l\u2019altro non c\u2019\u00e8 \u201cio\u201d. Pi\u00f9 che in altri Paesi, la famiglia conserva nella cultura turca una grande importanza e non mancano iniziative per sostenerne la centralit\u00e0. Al suo interno, infatti, maturano atteggiamenti essenziali per la convivenza civile e una prima, fondamentale sensibilit\u00e0 verso il bene comune. Certo, ogni famiglia pu\u00f2 anche chiudersi in s\u00e9 stessa, coltivare inimicizie, o impedire a qualcuno dei suoi membri di esprimersi, fino a ostacolare lo sviluppo dei suoi talenti. Tuttavia, non \u00e8 da una cultura individualistica, n\u00e9 dal disprezzo del matrimonio e della fecondit\u00e0, che le persone possono ottenere maggiori opportunit\u00e0 di vita e di felicit\u00e0.<\/p>\n<p>A questo inganno delle economie consumistiche, in cui le solitudini diventano\u00a0<i>business<\/i>, \u00e8 bene rispondere con una cultura che apprezza gli affetti e i legami. Solo insieme diventiamo autenticamente noi stessi. Solo nell\u2019amore diventa profonda la nostra interiorit\u00e0 e forte la nostra identit\u00e0. Chi disprezza i legami fondamentali e non impara a sostenerne persino i limiti e le fragilit\u00e0, pi\u00f9 facilmente diventa intollerante e incapace di interagire con un mondo complesso. Nella vita familiare infatti emergono in modo del tutto specifico il valore dell\u2019amore coniugale e l\u2019apporto femminile. Le donne, in particolare, anche attraverso lo studio e la partecipazione attiva alla vita professionale, culturale e politica, sempre pi\u00f9 si mettono a servizio del Paese e della sua positiva influenza nel panorama internazionale. Dunque, sono molto da apprezzare le importanti iniziative in tal senso, a sostegno della famiglia e del contributo femminile alla piena fioritura della vita sociale.<\/p>\n<p>Signor Presidente, possa la T\u00fcrkiye essere un fattore di stabilit\u00e0 e di avvicinamento fra i popoli, a servizio di una pace giusta e duratura. La visita in T\u00fcrkiye di quattro Papi \u2013\u00a0<a href=\"https:\/\/www.vatican.va\/content\/paul-vi\/it\/travels\/documents\/istanbul.html\">Paolo VI nel 1967<\/a>,\u00a0<a href=\"https:\/\/www.vatican.va\/content\/john-paul-ii\/it\/travels\/1979\/travels\/documents\/trav_turkey.html\">Giovanni Paolo II nel 1979<\/a>,\u00a0<a href=\"https:\/\/www.vatican.va\/content\/benedict-xvi\/it\/travels\/2006\/outside\/documents\/turkey.html\">Benedetto XVI nel 2006<\/a>\u00a0e\u00a0<a href=\"https:\/\/www.vatican.va\/content\/francesco\/it\/travels\/2014\/outside\/documents\/papa-francesco-turchia-2014.html\">Francesco nel 2014<\/a>\u00a0\u2013 attesta che la Santa Sede non solo mantiene buone relazioni con la Repubblica di T\u00fcrkiye, ma desidera cooperare a costruire un mondo migliore con l\u2019apporto di questo Paese, che costituisce un ponte tra Est e Ovest, tra Asia ed Europa, e un crocevia di culture e religioni. L\u2019occasione stessa di questo viaggio, il 1700\u00b0 anniversario del Concilio di Nicea, ci parla di incontro e di dialogo, come pure il fatto che i primi otto Concili ecumenici si tennero nelle terre dell\u2019attuale T\u00fcrkiye.<\/p>\n<p>Oggi pi\u00f9 che mai c\u2019\u00e8 bisogno di personalit\u00e0 che favoriscano il dialogo e lo pratichino con ferma volont\u00e0 e paziente tenacia. Dopo la stagione della costruzione delle grandi organizzazioni internazionali, seguita alle tragedie delle due guerre mondiali, stiamo attraversando una fase fortemente conflittuale a livello globale, in cui prevalgono strategie di potere economico e militare, alimentando quella che\u00a0<a href=\"https:\/\/www.vatican.va\/content\/vatican\/it\/holy-father\/francesco.html\">Papa Francesco<\/a>\u00a0chiamava \u201cterza guerra mondiale a pezzi\u201d. Non bisogna cedere in alcun modo a questa deriva! Ne va del futuro dell\u2019umanit\u00e0. Perch\u00e9 le energie e le risorse assorbite da questa dinamica distruttiva sono sottratte alle vere sfide che la famiglia umana oggi dovrebbe affrontare invece unita, cio\u00e8 la pace, la lotta contro la fame e la miseria, per la salute e l\u2019educazione e per la salvaguardia del creato.<\/p>\n<p>La Santa Sede, con la sua sola forza, che \u00e8 quella spirituale e morale, desidera cooperare con tutte le Nazioni che hanno a cuore lo sviluppo integrale di ogni uomo e di tutti gli uomini e le donne. Camminiamo insieme, allora, nella verit\u00e0 e nell\u2019amicizia, confidando umilmente nell\u2019aiuto di Dio. Grazie.<\/p>\n<p>________________<\/p>\n<p><a class=\" cleaner\" href=\"https:\/\/www.vatican.va\/content\/leo-xiv\/it\/speeches\/2025\/november\/documents\/20251127-turchia-autorita.html#_ftnref1\" name=\"_ftn1\">[1]<\/a>\u00a0Angelo G. Roncalli (Giovanni XXIII),\u00a0<i>La predicazione a Istanbul. Omelie, discorsi e note pastorali (1935-1944)<\/i>, Olschki, Firenze 1993, 367-368.<\/p>\n<p><iframe loading=\"lazy\" title=\"Ankara, Meeting with Authorities, November 27 2025 - Pope Leo XIV\" width=\"500\" height=\"281\" src=\"https:\/\/www.youtube.com\/embed\/25fkhwvD9Ew?feature=oembed\" frameborder=\"0\" allow=\"accelerometer; autoplay; clipboard-write; encrypted-media; gyroscope; picture-in-picture; web-share\" referrerpolicy=\"strict-origin-when-cross-origin\" allowfullscreen><\/iframe><\/p>\n<\/div>\n","protected":false},"excerpt":{"rendered":"<p>Nel suo primo viaggio apostolico fuori dall&#8217;Italia dall&#8217;inizio del pontificato, a maggio, il Papa ha esortato all&#8217;unit\u00e0 sociale, al rispetto della diversit\u00e0 e alla salvaguardia del creato durante un incontro con le autorit\u00e0 ad Ankara, in occasione del 1700\u00b0 anniversario del Concilio di Nicea<\/p>\n","protected":false},"author":17,"featured_media":147979,"comment_status":"closed","ping_status":"closed","sticky":false,"template":"","format":"standard","meta":{"_acf_changed":false,"_crdt_document":"","inline_featured_image":false,"footnotes":""},"categories":[67,119],"tags":[83185,2053,16236,8329,15663,26930,665,16685,758,64851,1668,50096,45197,19629,58164,83186,83188,83189,83187,8477,7231,83190,8328,21775,8357,72744,83191,83192],"class_list":["post-147982","post","type-post","status-publish","format-standard","has-post-thumbnail","hentry","category-leone-xiv","category-viaggi","tag-ankara-2","tag-bene-comune","tag-concilio-di-nicea","tag-corpo-diplomatico","tag-cultura-dellincontro","tag-dialogo-ecumenico-2","tag-dialogo-interreligioso","tag-diversita","tag-famiglia","tag-featured-it-2","tag-fraternita","tag-giustizia-e-misericordia","tag-intelligenza-artificiale-it","tag-pace-nel-mondo","tag-papa-leone-xiv","tag-papa-turco-2","tag-ponte-dei-dardanelli","tag-ponte-tra-oriente-e-occidente","tag-primo-viaggio-apostolico","tag-relazioni-diplomatiche","tag-san-giovanni-xxiii","tag-sede-del-santo-sepolcro","tag-societa-civile","tag-sviluppo-integrale","tag-turchia","tag-tutela-del-creato","tag-unita-sociale","tag-viaggio-apostolico-in-turchia-e-libano"],"acf":[],"yoast_head":"<!-- This site is optimized with the Yoast SEO plugin v27.4 - https:\/\/yoast.com\/product\/yoast-seo-wordpress\/ -->\n<title>Papa Leone XIV in Turchia: &quot;Questo Paese \u00e8 un ponte tra Oriente e Occidente&quot; &#8211; Exaudi<\/title>\n<meta name=\"robots\" content=\"index, follow, max-snippet:-1, max-image-preview:large, max-video-preview:-1\" \/>\n<link rel=\"canonical\" href=\"https:\/\/exaudi.org\/it\/papa-leone-xiv-in-turchia-questo-paese-e-un-ponte-tra-oriente-e-occidente\/\" \/>\n<meta property=\"og:locale\" content=\"it_IT\" \/>\n<meta property=\"og:type\" content=\"article\" \/>\n<meta property=\"og:title\" content=\"Papa Leone XIV in Turchia: &quot;Questo Paese \u00e8 un ponte tra Oriente e Occidente&quot; &#8211; Exaudi\" \/>\n<meta property=\"og:description\" content=\"Nel suo primo viaggio apostolico fuori dall&#039;Italia dall&#039;inizio del pontificato, a maggio, il Papa ha esortato all&#039;unit\u00e0 sociale, al rispetto della diversit\u00e0 e alla salvaguardia del creato durante un incontro con le autorit\u00e0 ad Ankara, in occasione del 1700\u00b0 anniversario del Concilio di Nicea\" \/>\n<meta property=\"og:url\" content=\"https:\/\/exaudi.org\/it\/papa-leone-xiv-in-turchia-questo-paese-e-un-ponte-tra-oriente-e-occidente\/\" \/>\n<meta property=\"og:site_name\" content=\"Exaudi\" \/>\n<meta property=\"article:publisher\" content=\"https:\/\/www.facebook.com\/ExaudiNews\" \/>\n<meta property=\"article:author\" content=\"https:\/\/www.facebook.com\/ExaudiNotizie\/\" \/>\n<meta property=\"article:published_time\" content=\"2025-11-27T16:53:56+00:00\" \/>\n<meta property=\"article:modified_time\" content=\"2025-11-27T16:59:24+00:00\" \/>\n<meta property=\"og:image\" content=\"https:\/\/exaudi.org\/wp-content\/uploads\/2025\/11\/SnapInsta.to_589645264_1252328300254035_2106702338324070918_n.jpg\" \/>\n\t<meta property=\"og:image:width\" content=\"1080\" \/>\n\t<meta property=\"og:image:height\" content=\"720\" \/>\n\t<meta property=\"og:image:type\" content=\"image\/jpeg\" \/>\n<meta name=\"author\" content=\"Exaudi Redazione\" \/>\n<meta name=\"twitter:card\" content=\"summary_large_image\" \/>\n<meta name=\"twitter:creator\" content=\"@Exaudi_Notizie\" \/>\n<meta name=\"twitter:site\" content=\"@Exaudi_News\" \/>\n<meta name=\"twitter:label1\" content=\"Scritto da\" \/>\n\t<meta name=\"twitter:data1\" content=\"Exaudi Redazione\" \/>\n\t<meta name=\"twitter:label2\" content=\"Tempo di lettura stimato\" \/>\n\t<meta name=\"twitter:data2\" content=\"12 minuti\" \/>\n<script type=\"application\/ld+json\" class=\"yoast-schema-graph\">{\"@context\":\"https:\\\/\\\/schema.org\",\"@graph\":[{\"@type\":\"Article\",\"@id\":\"https:\\\/\\\/exaudi.org\\\/it\\\/papa-leone-xiv-in-turchia-questo-paese-e-un-ponte-tra-oriente-e-occidente\\\/#article\",\"isPartOf\":{\"@id\":\"https:\\\/\\\/exaudi.org\\\/it\\\/papa-leone-xiv-in-turchia-questo-paese-e-un-ponte-tra-oriente-e-occidente\\\/\"},\"author\":{\"name\":\"Exaudi Redazione\",\"@id\":\"https:\\\/\\\/exaudi.org\\\/#\\\/schema\\\/person\\\/e1ab6ed07c01774724dd96f925f3a5f0\"},\"headline\":\"Papa Leone XIV in Turchia: &#8220;Questo Paese \u00e8 un ponte tra Oriente e Occidente&#8221;\",\"datePublished\":\"2025-11-27T16:53:56+00:00\",\"dateModified\":\"2025-11-27T16:59:24+00:00\",\"mainEntityOfPage\":{\"@id\":\"https:\\\/\\\/exaudi.org\\\/it\\\/papa-leone-xiv-in-turchia-questo-paese-e-un-ponte-tra-oriente-e-occidente\\\/\"},\"wordCount\":2415,\"image\":{\"@id\":\"https:\\\/\\\/exaudi.org\\\/it\\\/papa-leone-xiv-in-turchia-questo-paese-e-un-ponte-tra-oriente-e-occidente\\\/#primaryimage\"},\"thumbnailUrl\":\"https:\\\/\\\/exaudi.org\\\/wp-content\\\/uploads\\\/2025\\\/11\\\/SnapInsta.to_589645264_1252328300254035_2106702338324070918_n.jpg\",\"keywords\":[\"Ankara\",\"bene comune\",\"CONCILIO DI NICEA\",\"Corpo Diplomatico\",\"CULTURA DELL'INCONTRO\",\"dialogo ecumenico\",\"dialogo interreligioso\",\"DIVERSIT\u00c0\",\"famiglia\",\"Featured\",\"fraternit\u00e0\",\"Giustizia e misericordia\",\"Intelligenza artificiale\",\"PACE NEL MONDO\",\"Papa Leone XIV\",\"Papa turco\",\"Ponte dei Dardanelli\",\"Ponte tra Oriente e Occidente\",\"Primo viaggio apostolico\",\"Relazioni diplomatiche\",\"San Giovanni XXIII\",\"Sede del Santo Sepolcro\",\"Societ\u00e0 Civile\",\"SVILUPPO INTEGRALE\",\"Turchia\",\"tutela del Creato\",\"Unit\u00e0 sociale\",\"Viaggio apostolico in Turchia e Libano\"],\"articleSection\":[\"Leone XIV\",\"Viaggi\"],\"inLanguage\":\"it-IT\"},{\"@type\":\"WebPage\",\"@id\":\"https:\\\/\\\/exaudi.org\\\/it\\\/papa-leone-xiv-in-turchia-questo-paese-e-un-ponte-tra-oriente-e-occidente\\\/\",\"url\":\"https:\\\/\\\/exaudi.org\\\/it\\\/papa-leone-xiv-in-turchia-questo-paese-e-un-ponte-tra-oriente-e-occidente\\\/\",\"name\":\"Papa Leone XIV in Turchia: \\\"Questo Paese \u00e8 un ponte tra Oriente e Occidente\\\" &#8211; Exaudi\",\"isPartOf\":{\"@id\":\"https:\\\/\\\/exaudi.org\\\/#website\"},\"primaryImageOfPage\":{\"@id\":\"https:\\\/\\\/exaudi.org\\\/it\\\/papa-leone-xiv-in-turchia-questo-paese-e-un-ponte-tra-oriente-e-occidente\\\/#primaryimage\"},\"image\":{\"@id\":\"https:\\\/\\\/exaudi.org\\\/it\\\/papa-leone-xiv-in-turchia-questo-paese-e-un-ponte-tra-oriente-e-occidente\\\/#primaryimage\"},\"thumbnailUrl\":\"https:\\\/\\\/exaudi.org\\\/wp-content\\\/uploads\\\/2025\\\/11\\\/SnapInsta.to_589645264_1252328300254035_2106702338324070918_n.jpg\",\"datePublished\":\"2025-11-27T16:53:56+00:00\",\"dateModified\":\"2025-11-27T16:59:24+00:00\",\"author\":{\"@id\":\"https:\\\/\\\/exaudi.org\\\/#\\\/schema\\\/person\\\/e1ab6ed07c01774724dd96f925f3a5f0\"},\"breadcrumb\":{\"@id\":\"https:\\\/\\\/exaudi.org\\\/it\\\/papa-leone-xiv-in-turchia-questo-paese-e-un-ponte-tra-oriente-e-occidente\\\/#breadcrumb\"},\"inLanguage\":\"it-IT\",\"potentialAction\":[{\"@type\":\"ReadAction\",\"target\":[\"https:\\\/\\\/exaudi.org\\\/it\\\/papa-leone-xiv-in-turchia-questo-paese-e-un-ponte-tra-oriente-e-occidente\\\/\"]}]},{\"@type\":\"ImageObject\",\"inLanguage\":\"it-IT\",\"@id\":\"https:\\\/\\\/exaudi.org\\\/it\\\/papa-leone-xiv-in-turchia-questo-paese-e-un-ponte-tra-oriente-e-occidente\\\/#primaryimage\",\"url\":\"https:\\\/\\\/exaudi.org\\\/wp-content\\\/uploads\\\/2025\\\/11\\\/SnapInsta.to_589645264_1252328300254035_2106702338324070918_n.jpg\",\"contentUrl\":\"https:\\\/\\\/exaudi.org\\\/wp-content\\\/uploads\\\/2025\\\/11\\\/SnapInsta.to_589645264_1252328300254035_2106702338324070918_n.jpg\",\"width\":1080,\"height\":720},{\"@type\":\"BreadcrumbList\",\"@id\":\"https:\\\/\\\/exaudi.org\\\/it\\\/papa-leone-xiv-in-turchia-questo-paese-e-un-ponte-tra-oriente-e-occidente\\\/#breadcrumb\",\"itemListElement\":[{\"@type\":\"ListItem\",\"position\":1,\"name\":\"Portada\",\"item\":\"https:\\\/\\\/exaudi.org\\\/it\\\/\"},{\"@type\":\"ListItem\",\"position\":2,\"name\":\"Papa Leone XIV in Turchia: \u00abQuesto Paese \u00e8 un ponte tra Oriente e Occidente\u00bb\"}]},{\"@type\":\"WebSite\",\"@id\":\"https:\\\/\\\/exaudi.org\\\/#website\",\"url\":\"https:\\\/\\\/exaudi.org\\\/\",\"name\":\"Exaudi\",\"description\":\"News\",\"potentialAction\":[{\"@type\":\"SearchAction\",\"target\":{\"@type\":\"EntryPoint\",\"urlTemplate\":\"https:\\\/\\\/exaudi.org\\\/?s={search_term_string}\"},\"query-input\":{\"@type\":\"PropertyValueSpecification\",\"valueRequired\":true,\"valueName\":\"search_term_string\"}}],\"inLanguage\":\"it-IT\"},{\"@type\":\"Person\",\"@id\":\"https:\\\/\\\/exaudi.org\\\/#\\\/schema\\\/person\\\/e1ab6ed07c01774724dd96f925f3a5f0\",\"name\":\"Exaudi Redazione\",\"image\":{\"@type\":\"ImageObject\",\"inLanguage\":\"it-IT\",\"@id\":\"https:\\\/\\\/secure.gravatar.com\\\/avatar\\\/ad6774b3ada023bf5b939d64f45c94b3adf91502dd883507d469b4308a943bb3?s=96&d=mm&r=g\",\"url\":\"https:\\\/\\\/secure.gravatar.com\\\/avatar\\\/ad6774b3ada023bf5b939d64f45c94b3adf91502dd883507d469b4308a943bb3?s=96&d=mm&r=g\",\"contentUrl\":\"https:\\\/\\\/secure.gravatar.com\\\/avatar\\\/ad6774b3ada023bf5b939d64f45c94b3adf91502dd883507d469b4308a943bb3?s=96&d=mm&r=g\",\"caption\":\"Exaudi Redazione\"},\"description\":\"Che cosa \u00e8 Exaudi News? Exaudi News \u00e8 un agenzia cattolica internazionale che informa, istruisce e trasforma quotidianamente in spagnolo, inglese e italiano. Attraverso notizie, articoli di analisi e trasmissioni in diretta degli eventi del Papa, Exaudi cerca di rafforzare l'unit\u00e0 dei cristiani e di contribuire all'evangelizzazione del mondo, sempre guidato dalla dottrina sociale della Chiesa. Lavoriamo per portare la verit\u00e0 e i valori cristiani in ogni angolo del pianeta. Aiutaci a trasformare il mondo con Exaudi! Noi di Exaudi crediamo che l'evangelizzazione e l'informazione di qualit\u00e0 possano cambiare la vita. Per continuare la nostra missione ed espandere la nostra portata, abbiamo bisogno del tuo aiuto. Stiamo anche cercando persone motivate che vogliano unirsi al nostro team. Grazie al vostro sostegno raggiungeremo pi\u00f9 persone, diffonderemo il messaggio di Cristo e rafforzeremo l'unit\u00e0 dei cristiani. Vuoi unirti alla nostra missione? Per maggiori informazioni su come contribuire, visita Exaudi.org\\\/it o contattaci direttamente: info@exaudi.org Exaudi: informa, forma e trasforma.\",\"sameAs\":[\"https:\\\/\\\/www.facebook.com\\\/ExaudiNotizie\\\/\",\"https:\\\/\\\/www.instagram.com\\\/Exaudi_notizie\\\/\",\"https:\\\/\\\/x.com\\\/Exaudi_Notizie\",\"https:\\\/\\\/www.youtube.com\\\/@exaudicatholicnews\"],\"url\":\"https:\\\/\\\/exaudi.org\\\/it\\\/author\\\/dlvedi-org\\\/\"}]}<\/script>\n<!-- \/ Yoast SEO plugin. -->","yoast_head_json":{"title":"Papa Leone XIV in Turchia: \"Questo Paese \u00e8 un ponte tra Oriente e Occidente\" &#8211; Exaudi","robots":{"index":"index","follow":"follow","max-snippet":"max-snippet:-1","max-image-preview":"max-image-preview:large","max-video-preview":"max-video-preview:-1"},"canonical":"https:\/\/exaudi.org\/it\/papa-leone-xiv-in-turchia-questo-paese-e-un-ponte-tra-oriente-e-occidente\/","og_locale":"it_IT","og_type":"article","og_title":"Papa Leone XIV in Turchia: \"Questo Paese \u00e8 un ponte tra Oriente e Occidente\" &#8211; Exaudi","og_description":"Nel suo primo viaggio apostolico fuori dall'Italia dall'inizio del pontificato, a maggio, il Papa ha esortato all'unit\u00e0 sociale, al rispetto della diversit\u00e0 e alla salvaguardia del creato durante un incontro con le autorit\u00e0 ad Ankara, in occasione del 1700\u00b0 anniversario del Concilio di Nicea","og_url":"https:\/\/exaudi.org\/it\/papa-leone-xiv-in-turchia-questo-paese-e-un-ponte-tra-oriente-e-occidente\/","og_site_name":"Exaudi","article_publisher":"https:\/\/www.facebook.com\/ExaudiNews","article_author":"https:\/\/www.facebook.com\/ExaudiNotizie\/","article_published_time":"2025-11-27T16:53:56+00:00","article_modified_time":"2025-11-27T16:59:24+00:00","og_image":[{"width":1080,"height":720,"url":"https:\/\/exaudi.org\/wp-content\/uploads\/2025\/11\/SnapInsta.to_589645264_1252328300254035_2106702338324070918_n.jpg","type":"image\/jpeg"}],"author":"Exaudi Redazione","twitter_card":"summary_large_image","twitter_creator":"@Exaudi_Notizie","twitter_site":"@Exaudi_News","twitter_misc":{"Scritto da":"Exaudi Redazione","Tempo di lettura stimato":"12 minuti"},"schema":{"@context":"https:\/\/schema.org","@graph":[{"@type":"Article","@id":"https:\/\/exaudi.org\/it\/papa-leone-xiv-in-turchia-questo-paese-e-un-ponte-tra-oriente-e-occidente\/#article","isPartOf":{"@id":"https:\/\/exaudi.org\/it\/papa-leone-xiv-in-turchia-questo-paese-e-un-ponte-tra-oriente-e-occidente\/"},"author":{"name":"Exaudi Redazione","@id":"https:\/\/exaudi.org\/#\/schema\/person\/e1ab6ed07c01774724dd96f925f3a5f0"},"headline":"Papa Leone XIV in Turchia: &#8220;Questo Paese \u00e8 un ponte tra Oriente e Occidente&#8221;","datePublished":"2025-11-27T16:53:56+00:00","dateModified":"2025-11-27T16:59:24+00:00","mainEntityOfPage":{"@id":"https:\/\/exaudi.org\/it\/papa-leone-xiv-in-turchia-questo-paese-e-un-ponte-tra-oriente-e-occidente\/"},"wordCount":2415,"image":{"@id":"https:\/\/exaudi.org\/it\/papa-leone-xiv-in-turchia-questo-paese-e-un-ponte-tra-oriente-e-occidente\/#primaryimage"},"thumbnailUrl":"https:\/\/exaudi.org\/wp-content\/uploads\/2025\/11\/SnapInsta.to_589645264_1252328300254035_2106702338324070918_n.jpg","keywords":["Ankara","bene comune","CONCILIO DI NICEA","Corpo Diplomatico","CULTURA DELL'INCONTRO","dialogo ecumenico","dialogo interreligioso","DIVERSIT\u00c0","famiglia","Featured","fraternit\u00e0","Giustizia e misericordia","Intelligenza artificiale","PACE NEL MONDO","Papa Leone XIV","Papa turco","Ponte dei Dardanelli","Ponte tra Oriente e Occidente","Primo viaggio apostolico","Relazioni diplomatiche","San Giovanni XXIII","Sede del Santo Sepolcro","Societ\u00e0 Civile","SVILUPPO INTEGRALE","Turchia","tutela del Creato","Unit\u00e0 sociale","Viaggio apostolico in Turchia e Libano"],"articleSection":["Leone XIV","Viaggi"],"inLanguage":"it-IT"},{"@type":"WebPage","@id":"https:\/\/exaudi.org\/it\/papa-leone-xiv-in-turchia-questo-paese-e-un-ponte-tra-oriente-e-occidente\/","url":"https:\/\/exaudi.org\/it\/papa-leone-xiv-in-turchia-questo-paese-e-un-ponte-tra-oriente-e-occidente\/","name":"Papa Leone XIV in Turchia: \"Questo Paese \u00e8 un ponte tra Oriente e Occidente\" &#8211; Exaudi","isPartOf":{"@id":"https:\/\/exaudi.org\/#website"},"primaryImageOfPage":{"@id":"https:\/\/exaudi.org\/it\/papa-leone-xiv-in-turchia-questo-paese-e-un-ponte-tra-oriente-e-occidente\/#primaryimage"},"image":{"@id":"https:\/\/exaudi.org\/it\/papa-leone-xiv-in-turchia-questo-paese-e-un-ponte-tra-oriente-e-occidente\/#primaryimage"},"thumbnailUrl":"https:\/\/exaudi.org\/wp-content\/uploads\/2025\/11\/SnapInsta.to_589645264_1252328300254035_2106702338324070918_n.jpg","datePublished":"2025-11-27T16:53:56+00:00","dateModified":"2025-11-27T16:59:24+00:00","author":{"@id":"https:\/\/exaudi.org\/#\/schema\/person\/e1ab6ed07c01774724dd96f925f3a5f0"},"breadcrumb":{"@id":"https:\/\/exaudi.org\/it\/papa-leone-xiv-in-turchia-questo-paese-e-un-ponte-tra-oriente-e-occidente\/#breadcrumb"},"inLanguage":"it-IT","potentialAction":[{"@type":"ReadAction","target":["https:\/\/exaudi.org\/it\/papa-leone-xiv-in-turchia-questo-paese-e-un-ponte-tra-oriente-e-occidente\/"]}]},{"@type":"ImageObject","inLanguage":"it-IT","@id":"https:\/\/exaudi.org\/it\/papa-leone-xiv-in-turchia-questo-paese-e-un-ponte-tra-oriente-e-occidente\/#primaryimage","url":"https:\/\/exaudi.org\/wp-content\/uploads\/2025\/11\/SnapInsta.to_589645264_1252328300254035_2106702338324070918_n.jpg","contentUrl":"https:\/\/exaudi.org\/wp-content\/uploads\/2025\/11\/SnapInsta.to_589645264_1252328300254035_2106702338324070918_n.jpg","width":1080,"height":720},{"@type":"BreadcrumbList","@id":"https:\/\/exaudi.org\/it\/papa-leone-xiv-in-turchia-questo-paese-e-un-ponte-tra-oriente-e-occidente\/#breadcrumb","itemListElement":[{"@type":"ListItem","position":1,"name":"Portada","item":"https:\/\/exaudi.org\/it\/"},{"@type":"ListItem","position":2,"name":"Papa Leone XIV in Turchia: \u00abQuesto Paese \u00e8 un ponte tra Oriente e Occidente\u00bb"}]},{"@type":"WebSite","@id":"https:\/\/exaudi.org\/#website","url":"https:\/\/exaudi.org\/","name":"Exaudi","description":"News","potentialAction":[{"@type":"SearchAction","target":{"@type":"EntryPoint","urlTemplate":"https:\/\/exaudi.org\/?s={search_term_string}"},"query-input":{"@type":"PropertyValueSpecification","valueRequired":true,"valueName":"search_term_string"}}],"inLanguage":"it-IT"},{"@type":"Person","@id":"https:\/\/exaudi.org\/#\/schema\/person\/e1ab6ed07c01774724dd96f925f3a5f0","name":"Exaudi Redazione","image":{"@type":"ImageObject","inLanguage":"it-IT","@id":"https:\/\/secure.gravatar.com\/avatar\/ad6774b3ada023bf5b939d64f45c94b3adf91502dd883507d469b4308a943bb3?s=96&d=mm&r=g","url":"https:\/\/secure.gravatar.com\/avatar\/ad6774b3ada023bf5b939d64f45c94b3adf91502dd883507d469b4308a943bb3?s=96&d=mm&r=g","contentUrl":"https:\/\/secure.gravatar.com\/avatar\/ad6774b3ada023bf5b939d64f45c94b3adf91502dd883507d469b4308a943bb3?s=96&d=mm&r=g","caption":"Exaudi Redazione"},"description":"Che cosa \u00e8 Exaudi News? Exaudi News \u00e8 un agenzia cattolica internazionale che informa, istruisce e trasforma quotidianamente in spagnolo, inglese e italiano. Attraverso notizie, articoli di analisi e trasmissioni in diretta degli eventi del Papa, Exaudi cerca di rafforzare l'unit\u00e0 dei cristiani e di contribuire all'evangelizzazione del mondo, sempre guidato dalla dottrina sociale della Chiesa. Lavoriamo per portare la verit\u00e0 e i valori cristiani in ogni angolo del pianeta. Aiutaci a trasformare il mondo con Exaudi! Noi di Exaudi crediamo che l'evangelizzazione e l'informazione di qualit\u00e0 possano cambiare la vita. Per continuare la nostra missione ed espandere la nostra portata, abbiamo bisogno del tuo aiuto. Stiamo anche cercando persone motivate che vogliano unirsi al nostro team. Grazie al vostro sostegno raggiungeremo pi\u00f9 persone, diffonderemo il messaggio di Cristo e rafforzeremo l'unit\u00e0 dei cristiani. Vuoi unirti alla nostra missione? Per maggiori informazioni su come contribuire, visita Exaudi.org\/it o contattaci direttamente: info@exaudi.org Exaudi: informa, forma e trasforma.","sameAs":["https:\/\/www.facebook.com\/ExaudiNotizie\/","https:\/\/www.instagram.com\/Exaudi_notizie\/","https:\/\/x.com\/Exaudi_Notizie","https:\/\/www.youtube.com\/@exaudicatholicnews"],"url":"https:\/\/exaudi.org\/it\/author\/dlvedi-org\/"}]}},"jetpack_featured_media_url":"https:\/\/exaudi.org\/wp-content\/uploads\/2025\/11\/SnapInsta.to_589645264_1252328300254035_2106702338324070918_n.jpg","jetpack_shortlink":"https:\/\/wp.me\/pgKjF2-CuO","_links":{"self":[{"href":"https:\/\/exaudi.org\/it\/wp-json\/wp\/v2\/posts\/147982","targetHints":{"allow":["GET"]}}],"collection":[{"href":"https:\/\/exaudi.org\/it\/wp-json\/wp\/v2\/posts"}],"about":[{"href":"https:\/\/exaudi.org\/it\/wp-json\/wp\/v2\/types\/post"}],"author":[{"embeddable":true,"href":"https:\/\/exaudi.org\/it\/wp-json\/wp\/v2\/users\/17"}],"replies":[{"embeddable":true,"href":"https:\/\/exaudi.org\/it\/wp-json\/wp\/v2\/comments?post=147982"}],"version-history":[{"count":6,"href":"https:\/\/exaudi.org\/it\/wp-json\/wp\/v2\/posts\/147982\/revisions"}],"predecessor-version":[{"id":148056,"href":"https:\/\/exaudi.org\/it\/wp-json\/wp\/v2\/posts\/147982\/revisions\/148056"}],"wp:featuredmedia":[{"embeddable":true,"href":"https:\/\/exaudi.org\/it\/wp-json\/wp\/v2\/media\/147979"}],"wp:attachment":[{"href":"https:\/\/exaudi.org\/it\/wp-json\/wp\/v2\/media?parent=147982"}],"wp:term":[{"taxonomy":"category","embeddable":true,"href":"https:\/\/exaudi.org\/it\/wp-json\/wp\/v2\/categories?post=147982"},{"taxonomy":"post_tag","embeddable":true,"href":"https:\/\/exaudi.org\/it\/wp-json\/wp\/v2\/tags?post=147982"}],"curies":[{"name":"wp","href":"https:\/\/api.w.org\/{rel}","templated":true}]}}