{"id":147369,"date":"2025-11-23T14:54:29","date_gmt":"2025-11-23T13:54:29","guid":{"rendered":"https:\/\/exaudi.org\/?p=147369"},"modified":"2025-11-23T15:01:53","modified_gmt":"2025-11-23T14:01:53","slug":"riflessione-del-vescovo-enrique-diaz-dio-ci-ha-trasferiti-nel-regno-del-suo-figlio-diletto","status":"publish","type":"post","link":"https:\/\/exaudi.org\/it\/riflessione-del-vescovo-enrique-diaz-dio-ci-ha-trasferiti-nel-regno-del-suo-figlio-diletto\/","title":{"rendered":"Riflessione del Vescovo Enrique D\u00edaz: &#8220;Dio ci ha trasferiti nel Regno del suo Figlio diletto&#8221;"},"content":{"rendered":"<p><span dir=\"auto\"><span dir=\"auto\" style=\"vertical-align: inherit\"><span dir=\"auto\" style=\"vertical-align: inherit\">Monsignor Enrique D\u00edaz D\u00edaz condivide con i lettori di Exaudi la sua riflessione sul\u00a0 <\/span><\/span><a href=\"https:\/\/www.dominicos.org\/predicacion\/homilia\/23-11-2025\/lecturas\/\" target=\"_blank\" rel=\"noopener\"><span dir=\"auto\" style=\"vertical-align: inherit\"><span dir=\"auto\" style=\"vertical-align: inherit\">Vangelo di questa domenica, 23 novembre 2025<\/span><\/span><\/a><span dir=\"auto\" style=\"vertical-align: inherit\"><span dir=\"auto\" style=\"vertical-align: inherit\"> , intitolato:<\/span><\/span><\/span><span dir=\"auto\"><span dir=\"auto\" style=\"vertical-align: inherit\"><span dir=\"auto\" style=\"vertical-align: inherit\">\u00a0\u00a0<\/span><\/span><em><span dir=\"auto\" style=\"vertical-align: inherit\"><span dir=\"auto\" style=\"vertical-align: inherit\">\u201cDio ci ha trasferiti nel Regno del suo amato Figlio\u201d<\/span><\/span><\/em><\/span><em><span dir=\"auto\"><span dir=\"auto\" style=\"vertical-align: inherit\"><span dir=\"auto\" style=\"vertical-align: inherit\">.<\/span><\/span><\/span><\/em><\/p>\n<p><span dir=\"auto\"><span dir=\"auto\" style=\"vertical-align: inherit\"><span dir=\"auto\" style=\"vertical-align: inherit\">***<\/span><\/span><\/span><\/p>\n<p><span dir=\"auto\" style=\"vertical-align: inherit\"><span dir=\"auto\" style=\"vertical-align: inherit\">2 Samuele 5:1-3:\u00a0 <\/span><\/span><em><span dir=\"auto\" style=\"vertical-align: inherit\"><span dir=\"auto\" style=\"vertical-align: inherit\">\u201cUnsero Davide re d\u2019Israele\u201d<\/span><\/span><\/em><\/p>\n<p><span dir=\"auto\" style=\"vertical-align: inherit\"><span dir=\"auto\" style=\"vertical-align: inherit\">Salmo 121:\u00a0 <\/span><\/span><em><span dir=\"auto\" style=\"vertical-align: inherit\"><span dir=\"auto\" style=\"vertical-align: inherit\">\u201cAndiamo con gioia incontro al Signore\u201d<\/span><\/span><\/em><\/p>\n<p><span dir=\"auto\" style=\"vertical-align: inherit\"><span dir=\"auto\" style=\"vertical-align: inherit\">Colossesi 1:12-20:\u00a0 <\/span><\/span><em><span dir=\"auto\" style=\"vertical-align: inherit\"><span dir=\"auto\" style=\"vertical-align: inherit\">\u201cDio ci ha trasferiti nel regno del suo amato Figlio\u201d<\/span><\/span><\/em><\/p>\n<p><span dir=\"auto\" style=\"vertical-align: inherit\"><span dir=\"auto\" style=\"vertical-align: inherit\">Luca 23:35-43:\u00a0 <\/span><\/span><em><span dir=\"auto\" style=\"vertical-align: inherit\"><span dir=\"auto\" style=\"vertical-align: inherit\">\u00abSignore, quando entrerai nel tuo regno, ricordati di me\u00bb.<\/span><\/span><\/em><\/p>\n<p><span dir=\"auto\" style=\"vertical-align: inherit\"><span dir=\"auto\" style=\"vertical-align: inherit\">Con l&#8217;avvicinarsi del centenario della resistenza Cristera, un conflitto in cui molti martiri hanno dato la vita per difendere la fede, la necessit\u00e0 di proclamare Cristo come nostro Re si fa sempre pi\u00f9 forte in un mondo in cui la violenza e la criminalit\u00e0 sembrano regnare, dove la menzogna e la corruzione hanno preso piede, dove il potere e il denaro dettano le loro condizioni. Cristo regna in mezzo a noi? Oggi, mentre celebriamo questa festa tanto cara al popolo messicano, &#8220;Cristo Re&#8221;, una risposta \u00e8 imperativa, non tanto con parole e grida, ma con la coerenza dei nostri atteggiamenti e delle nostre azioni. \u00c8 una festa che chiude l&#8217;intero ciclo liturgico, ma ci insegna anche il vero significato del tempo e della natura: appartengono a Dio e sono destinati a dargli gloria. Non in senso egoistico, come se Dio avesse bisogno di milioni di persone che lo lodano per essere felice, ma nel senso della pi\u00f9 grande generosit\u00e0, che ci rivela come la felicit\u00e0 dell&#8217;umanit\u00e0 sia la pi\u00f9 grande gloria di Dio.<\/span><\/span><\/p>\n<p><span dir=\"auto\" style=\"vertical-align: inherit\"><span dir=\"auto\" style=\"vertical-align: inherit\">Quando l&#8217;uomo trova Dio nel suo cuore, quando cerca di vivere a Sua immagine e somiglianza, quando diventa creatore e generatore di vita e bellezza, allora l&#8217;uomo trova la sua massima realizzazione. Ma quando attacca Dio frontalmente con il pretesto del rispetto della dignit\u00e0 umana, diventa cos\u00ec squilibrato che perde ogni significato e finisce nel caos, rivoltandosi contro se stesso. La nostra societ\u00e0 pu\u00f2 essere in grado di organizzarsi senza Dio, ma avr\u00e0 sempre un enorme vuoto nel suo cuore che cercher\u00e0 di colmare con potere, ricchezza o piacere, come abbiamo visto e sofferto negli ultimi anni. Naturalmente, quando l&#8217;immagine di Dio viene usata per i fini perversi dell&#8217;uomo, alla fine distrugge sia la societ\u00e0 che gli individui.<\/span><\/span><\/p>\n<p><span dir=\"auto\" style=\"vertical-align: inherit\"><span dir=\"auto\" style=\"vertical-align: inherit\">Oggi pi\u00f9 che mai siamo esortati a volgere lo sguardo a Cristo e a riconoscerlo come nostro re, ma anche a scoprire le solide fondamenta del suo regno. Il regno di Ges\u00f9 \u00e8 molto diverso da quello che gli uomini avrebbero potuto immaginare, lontano dall&#8217;ambizione di potere di pochi. Ges\u00f9 viene per offrire un regno di vita. La sua proposta \u00e8 la partecipazione di tutti i popoli e di tutte le nazioni a una vita piena come figli di Dio. \u00c8 per realizzare il progetto del Padre. Tuttavia, Egli non usa n\u00e9 il potere, n\u00e9 il denaro, n\u00e9 la forza per instaurare il suo Regno: la sua unica arma \u00e8 l&#8217;amore, un amore completo, un amore totale.<\/span><\/span><\/p>\n<p><span dir=\"auto\" style=\"vertical-align: inherit\"><span dir=\"auto\" style=\"vertical-align: inherit\">In questo giorno, siamo invitati a contemplarlo cos\u00ec come lo presenta San Luca: inchiodato alla croce, con un cartello con la sua condanna, circondato da autorit\u00e0, soldati e un ladro, che deride il suo regno e lo sfida a dimostrare il suo potere. Un re fallito? Potrebbe sembrare cos\u00ec agli occhi del mondo, e cos\u00ec sembrano tutti coloro che lo circondano, persino i suoi discepoli. Il paradosso di un re inchiodato alla croce ci ricorda ci\u00f2 che Ges\u00f9 disse a Pilato: <\/span><\/span><em><span dir=\"auto\" style=\"vertical-align: inherit\"><span dir=\"auto\" style=\"vertical-align: inherit\">&#8220;Il mio regno non \u00e8 di questo mondo<\/span><\/span><\/em><span dir=\"auto\" style=\"vertical-align: inherit\"><span dir=\"auto\" style=\"vertical-align: inherit\"> &#8220;. E non si riferisce al suo regno esistente su un piano spirituale o etereo, ma piuttosto a uno molto reale e concreto, come dimostra tutta la sua vita, le sue parabole sul Regno, la sua attenzione a coloro che soffrono di pi\u00f9 e il suo impegno per gli umili e i disprezzati. Il suo regno non \u00e8 come il mondo dove dominano la forza e il potere; il suo regno \u00e8 profondamente legato all&#8217;amore, al dono di s\u00e9 e al servizio. Quando vollero chiamarlo &#8220;re&#8221;, in un altro senso, dovette fuggire, poich\u00e9 non era venuto per essere servito, ma per servire.<\/span><\/span><\/p>\n<p><span dir=\"auto\" style=\"vertical-align: inherit\"><span dir=\"auto\" style=\"vertical-align: inherit\">Chiamandoci oggi discepoli di Ges\u00f9 e proclamandolo Re, ci impegniamo sinceramente a lottare per i suoi ideali e secondo il suo stile. Non possiamo tollerare l&#8217;intera catena di violenza che si \u00e8 scatenata. Non accettiamo, come cristiani, e nemmeno come esseri umani, i massacri crudeli e i crimini orrendi che si sono verificati. Solleviamo la nostra ferma protesta. Ma esaminiamo anche noi stessi e cerchiamo di scoprire cosa sta fallendo in questa societ\u00e0. \u00c8 necessario un nuovo tipo di educazione, che promuova l&#8217;amore, la responsabilit\u00e0 e l&#8217;accettazione del Vangelo, e questo pu\u00f2 essere trovato solo nell&#8217;esempio di Ges\u00f9. I regni del potere, della forza e della menzogna cadranno solo se costruiremo un regno di verit\u00e0, giustizia e vita.<\/span><\/span><\/p>\n<p><span dir=\"auto\" style=\"vertical-align: inherit\"><span dir=\"auto\" style=\"vertical-align: inherit\">Dobbiamo avvicinarci a questo Re e imparare da Lui il Suo sacrificio e il modo in cui costruisce il Suo regno. Dobbiamo cercare la vita per tutti e abbandonare l&#8217;egoismo e l&#8217;individualismo. In questo mondo che spesso considera Dio superfluo o estraneo, confessiamo con Pietro che solo Ges\u00f9 ha &#8220;parole di vita eterna&#8221;. Se vogliamo recuperare il vero significato dell&#8217;umanit\u00e0, non abbiamo altra scelta che aprire nuovamente l&#8217;uomo moderno a Dio, al Dio che parla e ci comunica il Suo amore affinch\u00e9 possiamo avere vita in abbondanza, al Dio che si fa carne e presenza in Ges\u00f9, nostro Re. L&#8217;impegno per la giustizia, la riconciliazione e la pace trova la sua radice ultima e il suo compimento nell&#8217;amore che Cristo ci ha rivelato. Tutti i credenti devono tradurre il nostro omaggio a Cristo Re in un serio impegno a costruire il Suo regno, ad amare i poveri e a lottare per la vera giustizia.<\/span><\/span><\/p>\n<p><span dir=\"auto\" style=\"vertical-align: inherit\"><span dir=\"auto\" style=\"vertical-align: inherit\">Come onoriamo Cristo Re? La festa di Cristo Re \u00e8 una festa per esaminare i nostri atteggiamenti verso Cristo e verso i nostri fratelli e sorelle; una festa per &#8220;intronizzare&#8221; questo Re d&#8217;Amore nelle nostre famiglie; una festa per diventare suoi fedeli seguaci, pieni di speranza e instancabili costruttori di un Regno diverso.<\/span><\/span><\/p>\n<p><em><span dir=\"auto\" style=\"vertical-align: inherit\"><span dir=\"auto\" style=\"vertical-align: inherit\">Padre buono e misericordioso, che hai voluto fondare ogni cosa nel tuo diletto Figlio, Re dell&#8217;universo, fa&#8217; che ogni creatura, liberata da ogni schiavit\u00f9, serva la tua maest\u00e0 e ti lodi eternamente. Amen.<\/span><\/span><\/em><\/p>\n","protected":false},"excerpt":{"rendered":"<p>Festa di Cristo Re<\/p>\n","protected":false},"author":25,"featured_media":147329,"comment_status":"closed","ping_status":"closed","sticky":false,"template":"","format":"standard","meta":{"_acf_changed":false,"_crdt_document":"","inline_featured_image":false,"footnotes":""},"categories":[73,95],"tags":[10963,32763,10964,64787,706],"class_list":["post-147369","post","type-post","status-publish","format-standard","has-post-thumbnail","hentry","category-chiesa-e-mondo","category-spiritualita","tag-enrique-diaz-2","tag-festa-di-cristo-re","tag-riflessione","tag-trending-it-236","tag-vangelo"],"acf":[],"yoast_head":"<!-- This site is optimized with the Yoast SEO plugin v27.5 - https:\/\/yoast.com\/product\/yoast-seo-wordpress\/ -->\n<title>Riflessione del Vescovo Enrique D\u00edaz: &quot;Dio ci ha trasferiti nel Regno del suo Figlio diletto&quot; &#8211; Exaudi<\/title>\n<meta name=\"robots\" content=\"index, follow, max-snippet:-1, max-image-preview:large, max-video-preview:-1\" \/>\n<link rel=\"canonical\" href=\"https:\/\/exaudi.org\/it\/riflessione-del-vescovo-enrique-diaz-dio-ci-ha-trasferiti-nel-regno-del-suo-figlio-diletto\/\" \/>\n<meta property=\"og:locale\" content=\"it_IT\" \/>\n<meta property=\"og:type\" content=\"article\" \/>\n<meta property=\"og:title\" content=\"Riflessione del Vescovo Enrique D\u00edaz: &quot;Dio ci ha trasferiti nel Regno del suo Figlio diletto&quot; &#8211; Exaudi\" \/>\n<meta property=\"og:description\" content=\"Festa di Cristo Re\" \/>\n<meta property=\"og:url\" content=\"https:\/\/exaudi.org\/it\/riflessione-del-vescovo-enrique-diaz-dio-ci-ha-trasferiti-nel-regno-del-suo-figlio-diletto\/\" \/>\n<meta property=\"og:site_name\" content=\"Exaudi\" \/>\n<meta property=\"article:publisher\" content=\"https:\/\/www.facebook.com\/ExaudiNews\" \/>\n<meta property=\"article:published_time\" content=\"2025-11-23T13:54:29+00:00\" \/>\n<meta property=\"article:modified_time\" content=\"2025-11-23T14:01:53+00:00\" \/>\n<meta property=\"og:image\" content=\"https:\/\/exaudi.org\/wp-content\/uploads\/2025\/11\/theater-6780537_1280.jpg\" \/>\n\t<meta property=\"og:image:width\" content=\"1280\" \/>\n\t<meta property=\"og:image:height\" content=\"853\" \/>\n\t<meta property=\"og:image:type\" content=\"image\/jpeg\" \/>\n<meta name=\"author\" content=\"Enrique D\u00edaz\" \/>\n<meta name=\"twitter:card\" content=\"summary_large_image\" \/>\n<meta name=\"twitter:creator\" content=\"@Exaudi_News\" \/>\n<meta name=\"twitter:site\" content=\"@Exaudi_News\" \/>\n<meta name=\"twitter:label1\" content=\"Scritto da\" \/>\n\t<meta name=\"twitter:data1\" content=\"Enrique D\u00edaz\" \/>\n\t<meta name=\"twitter:label2\" content=\"Tempo di lettura stimato\" \/>\n\t<meta name=\"twitter:data2\" content=\"5 minuti\" \/>\n<script type=\"application\/ld+json\" class=\"yoast-schema-graph\">{\"@context\":\"https:\\\/\\\/schema.org\",\"@graph\":[{\"@type\":\"Article\",\"@id\":\"https:\\\/\\\/exaudi.org\\\/it\\\/riflessione-del-vescovo-enrique-diaz-dio-ci-ha-trasferiti-nel-regno-del-suo-figlio-diletto\\\/#article\",\"isPartOf\":{\"@id\":\"https:\\\/\\\/exaudi.org\\\/it\\\/riflessione-del-vescovo-enrique-diaz-dio-ci-ha-trasferiti-nel-regno-del-suo-figlio-diletto\\\/\"},\"author\":{\"name\":\"Enrique D\u00edaz\",\"@id\":\"https:\\\/\\\/exaudi.org\\\/#\\\/schema\\\/person\\\/c02ffbd10830fa375f6882f7dcf1844d\"},\"headline\":\"Riflessione del Vescovo Enrique D\u00edaz: &#8220;Dio ci ha trasferiti nel Regno del suo Figlio diletto&#8221;\",\"datePublished\":\"2025-11-23T13:54:29+00:00\",\"dateModified\":\"2025-11-23T14:01:53+00:00\",\"mainEntityOfPage\":{\"@id\":\"https:\\\/\\\/exaudi.org\\\/it\\\/riflessione-del-vescovo-enrique-diaz-dio-ci-ha-trasferiti-nel-regno-del-suo-figlio-diletto\\\/\"},\"wordCount\":1051,\"image\":{\"@id\":\"https:\\\/\\\/exaudi.org\\\/it\\\/riflessione-del-vescovo-enrique-diaz-dio-ci-ha-trasferiti-nel-regno-del-suo-figlio-diletto\\\/#primaryimage\"},\"thumbnailUrl\":\"https:\\\/\\\/exaudi.org\\\/wp-content\\\/uploads\\\/2025\\\/11\\\/theater-6780537_1280.jpg\",\"keywords\":[\"ENRIQUE D\u00cdAZ\",\"Festa di Cristo Re\",\"RIFLESSIONE\",\"Trending\",\"Vangelo\"],\"articleSection\":[\"Chiesa e Mondo\",\"Spiritualit\u00e0\"],\"inLanguage\":\"it-IT\"},{\"@type\":\"WebPage\",\"@id\":\"https:\\\/\\\/exaudi.org\\\/it\\\/riflessione-del-vescovo-enrique-diaz-dio-ci-ha-trasferiti-nel-regno-del-suo-figlio-diletto\\\/\",\"url\":\"https:\\\/\\\/exaudi.org\\\/it\\\/riflessione-del-vescovo-enrique-diaz-dio-ci-ha-trasferiti-nel-regno-del-suo-figlio-diletto\\\/\",\"name\":\"Riflessione del Vescovo Enrique D\u00edaz: \\\"Dio ci ha trasferiti nel Regno del suo Figlio diletto\\\" &#8211; Exaudi\",\"isPartOf\":{\"@id\":\"https:\\\/\\\/exaudi.org\\\/#website\"},\"primaryImageOfPage\":{\"@id\":\"https:\\\/\\\/exaudi.org\\\/it\\\/riflessione-del-vescovo-enrique-diaz-dio-ci-ha-trasferiti-nel-regno-del-suo-figlio-diletto\\\/#primaryimage\"},\"image\":{\"@id\":\"https:\\\/\\\/exaudi.org\\\/it\\\/riflessione-del-vescovo-enrique-diaz-dio-ci-ha-trasferiti-nel-regno-del-suo-figlio-diletto\\\/#primaryimage\"},\"thumbnailUrl\":\"https:\\\/\\\/exaudi.org\\\/wp-content\\\/uploads\\\/2025\\\/11\\\/theater-6780537_1280.jpg\",\"datePublished\":\"2025-11-23T13:54:29+00:00\",\"dateModified\":\"2025-11-23T14:01:53+00:00\",\"author\":{\"@id\":\"https:\\\/\\\/exaudi.org\\\/#\\\/schema\\\/person\\\/c02ffbd10830fa375f6882f7dcf1844d\"},\"breadcrumb\":{\"@id\":\"https:\\\/\\\/exaudi.org\\\/it\\\/riflessione-del-vescovo-enrique-diaz-dio-ci-ha-trasferiti-nel-regno-del-suo-figlio-diletto\\\/#breadcrumb\"},\"inLanguage\":\"it-IT\",\"potentialAction\":[{\"@type\":\"ReadAction\",\"target\":[\"https:\\\/\\\/exaudi.org\\\/it\\\/riflessione-del-vescovo-enrique-diaz-dio-ci-ha-trasferiti-nel-regno-del-suo-figlio-diletto\\\/\"]}]},{\"@type\":\"ImageObject\",\"inLanguage\":\"it-IT\",\"@id\":\"https:\\\/\\\/exaudi.org\\\/it\\\/riflessione-del-vescovo-enrique-diaz-dio-ci-ha-trasferiti-nel-regno-del-suo-figlio-diletto\\\/#primaryimage\",\"url\":\"https:\\\/\\\/exaudi.org\\\/wp-content\\\/uploads\\\/2025\\\/11\\\/theater-6780537_1280.jpg\",\"contentUrl\":\"https:\\\/\\\/exaudi.org\\\/wp-content\\\/uploads\\\/2025\\\/11\\\/theater-6780537_1280.jpg\",\"width\":1280,\"height\":853},{\"@type\":\"BreadcrumbList\",\"@id\":\"https:\\\/\\\/exaudi.org\\\/it\\\/riflessione-del-vescovo-enrique-diaz-dio-ci-ha-trasferiti-nel-regno-del-suo-figlio-diletto\\\/#breadcrumb\",\"itemListElement\":[{\"@type\":\"ListItem\",\"position\":1,\"name\":\"Portada\",\"item\":\"https:\\\/\\\/exaudi.org\\\/it\\\/\"},{\"@type\":\"ListItem\",\"position\":2,\"name\":\"Riflessione del Vescovo Enrique D\u00edaz: \u00abDio ci ha trasferiti nel Regno del suo Figlio diletto\u00bb\"}]},{\"@type\":\"WebSite\",\"@id\":\"https:\\\/\\\/exaudi.org\\\/#website\",\"url\":\"https:\\\/\\\/exaudi.org\\\/\",\"name\":\"Exaudi\",\"description\":\"News\",\"potentialAction\":[{\"@type\":\"SearchAction\",\"target\":{\"@type\":\"EntryPoint\",\"urlTemplate\":\"https:\\\/\\\/exaudi.org\\\/?s={search_term_string}\"},\"query-input\":{\"@type\":\"PropertyValueSpecification\",\"valueRequired\":true,\"valueName\":\"search_term_string\"}}],\"inLanguage\":\"it-IT\"},{\"@type\":\"Person\",\"@id\":\"https:\\\/\\\/exaudi.org\\\/#\\\/schema\\\/person\\\/c02ffbd10830fa375f6882f7dcf1844d\",\"name\":\"Enrique D\u00edaz\",\"image\":{\"@type\":\"ImageObject\",\"inLanguage\":\"it-IT\",\"@id\":\"https:\\\/\\\/secure.gravatar.com\\\/avatar\\\/7ca10be5325a95d04b74082d68ba605aa69611eb0f68f47096cb1bc349873284?s=96&d=mm&r=g\",\"url\":\"https:\\\/\\\/secure.gravatar.com\\\/avatar\\\/7ca10be5325a95d04b74082d68ba605aa69611eb0f68f47096cb1bc349873284?s=96&d=mm&r=g\",\"contentUrl\":\"https:\\\/\\\/secure.gravatar.com\\\/avatar\\\/7ca10be5325a95d04b74082d68ba605aa69611eb0f68f47096cb1bc349873284?s=96&d=mm&r=g\",\"caption\":\"Enrique D\u00edaz\"},\"description\":\"Naci\u00f3 en Huandacareo, Michoac\u00e1n, M\u00e9xico, en 1952. Realiz\u00f3 sus estudios de Filosof\u00eda y Teolog\u00eda en el Seminario de Morelia. Ordenado di\u00e1cono el 22 de mayo de 1977, y presb\u00edtero el 23 de octubre del mismo a\u00f1o. Obtuvo la Licenciatura en Sagrada Escritura en el Pontificio Instituto B\u00edblico en Roma. Ha desarrollado m\u00faltiples encargos pastorales como el de capell\u00e1n de la rector\u00eda de las Tres Aves Mar\u00edas; responsable de la Pastoral B\u00edblica Diocesana y director de la Escuela B\u00edblica en Morelia; maestro de Biblia en el Seminario Conciliar de Morelia, p\u00e1rroco de la Parroquia de Nuestra Se\u00f1ora de Guadalupe, Col. Guadalupe, Morelia; o vicario episcopal para la Zona de Nuestra Se\u00f1ora de la Luz, P\u00e1tzcuaro. Ordenado obispo auxiliar de san Crist\u00f3bal de las Casas en 2003. En la Conferencia Episcopal form\u00f3 parte de las Comisiones de Biblia, Diaconado y Ministerios Laicales. Fue responsable de las Dimensiones de Ministerios Laicales, de Educaci\u00f3n y Cultura. Ha participado en encuentros latinoamericanos y mundiales sobre el Diaconado Permanente. Actualmente es el responsable de la Dimensi\u00f3n de Pastoral de la Cultura. Particip\u00f3 como Miembro del S\u00ednodo de Obispos sobre la Palabra de Dios en la Vida y Misi\u00f3n de la Iglesia en Roma, en 2008. Recibi\u00f3 el nombramiento de obispo coadjutor de San Crist\u00f3bal de las Casas en 2014. Nombrado II obispo de Irapuato el d\u00eda 11 de marzo, tom\u00f3 posesi\u00f3n el 19 de Mayo. Colabora en varias revistas y publicaciones sobre todo con la reflexi\u00f3n diaria y dominical tanto en audio como escrita.\",\"url\":\"https:\\\/\\\/exaudi.org\\\/it\\\/author\\\/enriquediaz\\\/\"}]}<\/script>\n<!-- \/ Yoast SEO plugin. -->","yoast_head_json":{"title":"Riflessione del Vescovo Enrique D\u00edaz: \"Dio ci ha trasferiti nel Regno del suo Figlio diletto\" &#8211; Exaudi","robots":{"index":"index","follow":"follow","max-snippet":"max-snippet:-1","max-image-preview":"max-image-preview:large","max-video-preview":"max-video-preview:-1"},"canonical":"https:\/\/exaudi.org\/it\/riflessione-del-vescovo-enrique-diaz-dio-ci-ha-trasferiti-nel-regno-del-suo-figlio-diletto\/","og_locale":"it_IT","og_type":"article","og_title":"Riflessione del Vescovo Enrique D\u00edaz: \"Dio ci ha trasferiti nel Regno del suo Figlio diletto\" &#8211; Exaudi","og_description":"Festa di Cristo Re","og_url":"https:\/\/exaudi.org\/it\/riflessione-del-vescovo-enrique-diaz-dio-ci-ha-trasferiti-nel-regno-del-suo-figlio-diletto\/","og_site_name":"Exaudi","article_publisher":"https:\/\/www.facebook.com\/ExaudiNews","article_published_time":"2025-11-23T13:54:29+00:00","article_modified_time":"2025-11-23T14:01:53+00:00","og_image":[{"width":1280,"height":853,"url":"https:\/\/exaudi.org\/wp-content\/uploads\/2025\/11\/theater-6780537_1280.jpg","type":"image\/jpeg"}],"author":"Enrique D\u00edaz","twitter_card":"summary_large_image","twitter_creator":"@Exaudi_News","twitter_site":"@Exaudi_News","twitter_misc":{"Scritto da":"Enrique D\u00edaz","Tempo di lettura stimato":"5 minuti"},"schema":{"@context":"https:\/\/schema.org","@graph":[{"@type":"Article","@id":"https:\/\/exaudi.org\/it\/riflessione-del-vescovo-enrique-diaz-dio-ci-ha-trasferiti-nel-regno-del-suo-figlio-diletto\/#article","isPartOf":{"@id":"https:\/\/exaudi.org\/it\/riflessione-del-vescovo-enrique-diaz-dio-ci-ha-trasferiti-nel-regno-del-suo-figlio-diletto\/"},"author":{"name":"Enrique D\u00edaz","@id":"https:\/\/exaudi.org\/#\/schema\/person\/c02ffbd10830fa375f6882f7dcf1844d"},"headline":"Riflessione del Vescovo Enrique D\u00edaz: &#8220;Dio ci ha trasferiti nel Regno del suo Figlio diletto&#8221;","datePublished":"2025-11-23T13:54:29+00:00","dateModified":"2025-11-23T14:01:53+00:00","mainEntityOfPage":{"@id":"https:\/\/exaudi.org\/it\/riflessione-del-vescovo-enrique-diaz-dio-ci-ha-trasferiti-nel-regno-del-suo-figlio-diletto\/"},"wordCount":1051,"image":{"@id":"https:\/\/exaudi.org\/it\/riflessione-del-vescovo-enrique-diaz-dio-ci-ha-trasferiti-nel-regno-del-suo-figlio-diletto\/#primaryimage"},"thumbnailUrl":"https:\/\/exaudi.org\/wp-content\/uploads\/2025\/11\/theater-6780537_1280.jpg","keywords":["ENRIQUE D\u00cdAZ","Festa di Cristo Re","RIFLESSIONE","Trending","Vangelo"],"articleSection":["Chiesa e Mondo","Spiritualit\u00e0"],"inLanguage":"it-IT"},{"@type":"WebPage","@id":"https:\/\/exaudi.org\/it\/riflessione-del-vescovo-enrique-diaz-dio-ci-ha-trasferiti-nel-regno-del-suo-figlio-diletto\/","url":"https:\/\/exaudi.org\/it\/riflessione-del-vescovo-enrique-diaz-dio-ci-ha-trasferiti-nel-regno-del-suo-figlio-diletto\/","name":"Riflessione del Vescovo Enrique D\u00edaz: \"Dio ci ha trasferiti nel Regno del suo Figlio diletto\" &#8211; Exaudi","isPartOf":{"@id":"https:\/\/exaudi.org\/#website"},"primaryImageOfPage":{"@id":"https:\/\/exaudi.org\/it\/riflessione-del-vescovo-enrique-diaz-dio-ci-ha-trasferiti-nel-regno-del-suo-figlio-diletto\/#primaryimage"},"image":{"@id":"https:\/\/exaudi.org\/it\/riflessione-del-vescovo-enrique-diaz-dio-ci-ha-trasferiti-nel-regno-del-suo-figlio-diletto\/#primaryimage"},"thumbnailUrl":"https:\/\/exaudi.org\/wp-content\/uploads\/2025\/11\/theater-6780537_1280.jpg","datePublished":"2025-11-23T13:54:29+00:00","dateModified":"2025-11-23T14:01:53+00:00","author":{"@id":"https:\/\/exaudi.org\/#\/schema\/person\/c02ffbd10830fa375f6882f7dcf1844d"},"breadcrumb":{"@id":"https:\/\/exaudi.org\/it\/riflessione-del-vescovo-enrique-diaz-dio-ci-ha-trasferiti-nel-regno-del-suo-figlio-diletto\/#breadcrumb"},"inLanguage":"it-IT","potentialAction":[{"@type":"ReadAction","target":["https:\/\/exaudi.org\/it\/riflessione-del-vescovo-enrique-diaz-dio-ci-ha-trasferiti-nel-regno-del-suo-figlio-diletto\/"]}]},{"@type":"ImageObject","inLanguage":"it-IT","@id":"https:\/\/exaudi.org\/it\/riflessione-del-vescovo-enrique-diaz-dio-ci-ha-trasferiti-nel-regno-del-suo-figlio-diletto\/#primaryimage","url":"https:\/\/exaudi.org\/wp-content\/uploads\/2025\/11\/theater-6780537_1280.jpg","contentUrl":"https:\/\/exaudi.org\/wp-content\/uploads\/2025\/11\/theater-6780537_1280.jpg","width":1280,"height":853},{"@type":"BreadcrumbList","@id":"https:\/\/exaudi.org\/it\/riflessione-del-vescovo-enrique-diaz-dio-ci-ha-trasferiti-nel-regno-del-suo-figlio-diletto\/#breadcrumb","itemListElement":[{"@type":"ListItem","position":1,"name":"Portada","item":"https:\/\/exaudi.org\/it\/"},{"@type":"ListItem","position":2,"name":"Riflessione del Vescovo Enrique D\u00edaz: \u00abDio ci ha trasferiti nel Regno del suo Figlio diletto\u00bb"}]},{"@type":"WebSite","@id":"https:\/\/exaudi.org\/#website","url":"https:\/\/exaudi.org\/","name":"Exaudi","description":"News","potentialAction":[{"@type":"SearchAction","target":{"@type":"EntryPoint","urlTemplate":"https:\/\/exaudi.org\/?s={search_term_string}"},"query-input":{"@type":"PropertyValueSpecification","valueRequired":true,"valueName":"search_term_string"}}],"inLanguage":"it-IT"},{"@type":"Person","@id":"https:\/\/exaudi.org\/#\/schema\/person\/c02ffbd10830fa375f6882f7dcf1844d","name":"Enrique D\u00edaz","image":{"@type":"ImageObject","inLanguage":"it-IT","@id":"https:\/\/secure.gravatar.com\/avatar\/7ca10be5325a95d04b74082d68ba605aa69611eb0f68f47096cb1bc349873284?s=96&d=mm&r=g","url":"https:\/\/secure.gravatar.com\/avatar\/7ca10be5325a95d04b74082d68ba605aa69611eb0f68f47096cb1bc349873284?s=96&d=mm&r=g","contentUrl":"https:\/\/secure.gravatar.com\/avatar\/7ca10be5325a95d04b74082d68ba605aa69611eb0f68f47096cb1bc349873284?s=96&d=mm&r=g","caption":"Enrique D\u00edaz"},"description":"Naci\u00f3 en Huandacareo, Michoac\u00e1n, M\u00e9xico, en 1952. Realiz\u00f3 sus estudios de Filosof\u00eda y Teolog\u00eda en el Seminario de Morelia. Ordenado di\u00e1cono el 22 de mayo de 1977, y presb\u00edtero el 23 de octubre del mismo a\u00f1o. Obtuvo la Licenciatura en Sagrada Escritura en el Pontificio Instituto B\u00edblico en Roma. Ha desarrollado m\u00faltiples encargos pastorales como el de capell\u00e1n de la rector\u00eda de las Tres Aves Mar\u00edas; responsable de la Pastoral B\u00edblica Diocesana y director de la Escuela B\u00edblica en Morelia; maestro de Biblia en el Seminario Conciliar de Morelia, p\u00e1rroco de la Parroquia de Nuestra Se\u00f1ora de Guadalupe, Col. Guadalupe, Morelia; o vicario episcopal para la Zona de Nuestra Se\u00f1ora de la Luz, P\u00e1tzcuaro. Ordenado obispo auxiliar de san Crist\u00f3bal de las Casas en 2003. En la Conferencia Episcopal form\u00f3 parte de las Comisiones de Biblia, Diaconado y Ministerios Laicales. Fue responsable de las Dimensiones de Ministerios Laicales, de Educaci\u00f3n y Cultura. Ha participado en encuentros latinoamericanos y mundiales sobre el Diaconado Permanente. Actualmente es el responsable de la Dimensi\u00f3n de Pastoral de la Cultura. Particip\u00f3 como Miembro del S\u00ednodo de Obispos sobre la Palabra de Dios en la Vida y Misi\u00f3n de la Iglesia en Roma, en 2008. Recibi\u00f3 el nombramiento de obispo coadjutor de San Crist\u00f3bal de las Casas en 2014. Nombrado II obispo de Irapuato el d\u00eda 11 de marzo, tom\u00f3 posesi\u00f3n el 19 de Mayo. Colabora en varias revistas y publicaciones sobre todo con la reflexi\u00f3n diaria y dominical tanto en audio como escrita.","url":"https:\/\/exaudi.org\/it\/author\/enriquediaz\/"}]}},"jetpack_featured_media_url":"https:\/\/exaudi.org\/wp-content\/uploads\/2025\/11\/theater-6780537_1280.jpg","jetpack_shortlink":"https:\/\/wp.me\/pgKjF2-CkV","_links":{"self":[{"href":"https:\/\/exaudi.org\/it\/wp-json\/wp\/v2\/posts\/147369","targetHints":{"allow":["GET"]}}],"collection":[{"href":"https:\/\/exaudi.org\/it\/wp-json\/wp\/v2\/posts"}],"about":[{"href":"https:\/\/exaudi.org\/it\/wp-json\/wp\/v2\/types\/post"}],"author":[{"embeddable":true,"href":"https:\/\/exaudi.org\/it\/wp-json\/wp\/v2\/users\/25"}],"replies":[{"embeddable":true,"href":"https:\/\/exaudi.org\/it\/wp-json\/wp\/v2\/comments?post=147369"}],"version-history":[{"count":4,"href":"https:\/\/exaudi.org\/it\/wp-json\/wp\/v2\/posts\/147369\/revisions"}],"predecessor-version":[{"id":147380,"href":"https:\/\/exaudi.org\/it\/wp-json\/wp\/v2\/posts\/147369\/revisions\/147380"}],"wp:featuredmedia":[{"embeddable":true,"href":"https:\/\/exaudi.org\/it\/wp-json\/wp\/v2\/media\/147329"}],"wp:attachment":[{"href":"https:\/\/exaudi.org\/it\/wp-json\/wp\/v2\/media?parent=147369"}],"wp:term":[{"taxonomy":"category","embeddable":true,"href":"https:\/\/exaudi.org\/it\/wp-json\/wp\/v2\/categories?post=147369"},{"taxonomy":"post_tag","embeddable":true,"href":"https:\/\/exaudi.org\/it\/wp-json\/wp\/v2\/tags?post=147369"}],"curies":[{"name":"wp","href":"https:\/\/api.w.org\/{rel}","templated":true}]}}