{"id":147299,"date":"2025-11-22T17:16:56","date_gmt":"2025-11-22T16:16:56","guid":{"rendered":"https:\/\/exaudi.org\/?p=147299"},"modified":"2025-11-22T17:16:56","modified_gmt":"2025-11-22T16:16:56","slug":"leone-xiv-la-pace-che-gesu-porta-e-come-un-fuoco-che-ci-chiede-di-prendere-posizione-contro-lingiustizia","status":"publish","type":"post","link":"https:\/\/exaudi.org\/it\/leone-xiv-la-pace-che-gesu-porta-e-come-un-fuoco-che-ci-chiede-di-prendere-posizione-contro-lingiustizia\/","title":{"rendered":"Leone XIV: &#8220;La pace che Ges\u00f9 porta \u00e8 come un fuoco che ci chiede di prendere posizione contro l&#8217;ingiustizia&#8221;"},"content":{"rendered":"<p><span dir=\"auto\" style=\"vertical-align: inherit\"><span dir=\"auto\" style=\"vertical-align: inherit\">Sotto un cielo autunnale, in Piazza San Pietro, gremita di migliaia di pellegrini provenienti da tutto il mondo, Papa Leone XIV ha presieduto questo sabato l&#8217;Udienza Giubilare dedicata al Giubileo dei Cori e dei Gruppi Corali, in coincidenza con la memoria liturgica di Santa Cecilia, patrona della musica e dei musicisti. Dopo una toccante processione in papamobile, salutando e benedicendo i fedeli con il calore che lo caratterizza, il Pontefice ha pronunciato una profonda catechesi incentrata sulla speranza cristiana come &#8220;decisione attiva&#8221; che non ammette indifferenza di fronte alla sofferenza umana.<\/span><\/span><\/p>\n<p><span dir=\"auto\" style=\"vertical-align: inherit\"><span dir=\"auto\" style=\"vertical-align: inherit\">Nella sua riflessione, Leone XIV present\u00f2 la pace portata da Ges\u00f9 non come una tranquillit\u00e0 passiva, ma come un &#8220;fuoco&#8221; trasformativo che spinge i credenti a prendere posizione contro le ingiustizie del mondo contemporaneo. Prendendo come esempio ispiratore la vita dell&#8217;attivista americana Dorothy Day, il Papa esort\u00f2 tutti a unire mente, cuore e mani in un impegno concreto per la giustizia sociale e la dignit\u00e0 dei pi\u00f9 vulnerabili.<\/span><\/span><\/p>\n<h3><strong><span dir=\"auto\" style=\"vertical-align: inherit\"><span dir=\"auto\" style=\"vertical-align: inherit\">Il fuoco di Ges\u00f9: una pace che sconvolge e trasforma<\/span><\/span><\/strong><\/h3>\n<p><span dir=\"auto\" style=\"vertical-align: inherit\"><span dir=\"auto\" style=\"vertical-align: inherit\">Il Santo Padre ha iniziato la sua catechesi ricordando che la venuta di Ges\u00f9 nel mondo non porta una pace superficiale, ma un fuoco che accende il desiderio di cambiamento nei cuori. &#8220;In un certo senso&#8221;, ha spiegato, &#8220;Ges\u00f9 ci toglie la pace se pensiamo alla pace come a una calma inerte&#8221;. La vera pace di Dio, ha insistito, \u00e8 dinamica ed esigente:<\/span><\/span><\/p>\n<p><em><span dir=\"auto\" style=\"vertical-align: inherit\"><span dir=\"auto\" style=\"vertical-align: inherit\">\u00abLa pace che Ges\u00f9 porta \u00e8 come un fuoco e ci chiede molto. Soprattutto, ci chiede di prendere posizione. Di fronte all&#8217;ingiustizia, alla disuguaglianza, dove la dignit\u00e0 umana viene calpestata, dove i pi\u00f9 vulnerabili vengono messi a tacere: dobbiamo prendere posizione. Sperare \u00e8 prendere posizione. Sperare \u00e8 comprendere nel nostro cuore e dimostrare con le nostre azioni che le cose non devono continuare come prima. Anche questo \u00e8 il buon fuoco del Vangelo\u00bb.<\/span><\/span><\/em><\/p>\n<p><span dir=\"auto\" style=\"vertical-align: inherit\"><span dir=\"auto\" style=\"vertical-align: inherit\">Questo \u201cfuoco del desiderio\u201d, alimentato dall\u2019amore divino, non lascia spazio alla neutralit\u00e0. In un mondo segnato da conflitti, migrazioni forzate e sistemi economici che generano esclusione, il Papa ha invitato i cristiani a essere \u201coperatori di pace\u201d che trasformano l\u2019indignazione in azioni concrete di comunione e solidariet\u00e0.<\/span><\/span><\/p>\n<h3><strong><span dir=\"auto\" style=\"vertical-align: inherit\"><span dir=\"auto\" style=\"vertical-align: inherit\">Dorothy Day: da giornalista impegnata a pacificatrice<\/span><\/span><\/strong><\/h3>\n<p><span dir=\"auto\" style=\"vertical-align: inherit\"><span dir=\"auto\" style=\"vertical-align: inherit\">Per illustrare questa speranza attiva, Leone XIV propose la figura di Dorothy Day (1897-1980), una \u201c <\/span><\/span><em><span dir=\"auto\" style=\"vertical-align: inherit\"><span dir=\"auto\" style=\"vertical-align: inherit\">piccola ma grande donna americana<\/span><\/span><\/em><span dir=\"auto\" style=\"vertical-align: inherit\"><span dir=\"auto\" style=\"vertical-align: inherit\"> \u201d la cui conversione al cattolicesimo nel 1928 segn\u00f2 una svolta nella sua vita. Giornalista di formazione e attivista sociale fin da giovane, la Day fond\u00f2 il\u00a0 movimento <\/span><\/span><strong><span dir=\"auto\" style=\"vertical-align: inherit\"><span dir=\"auto\" style=\"vertical-align: inherit\">Catholic Worker<\/span><\/span><\/strong><span dir=\"auto\" style=\"vertical-align: inherit\"><span dir=\"auto\" style=\"vertical-align: inherit\"> nel 1933 \u00a0con Peter Maurin. Questa iniziativa diede vita a una rivista mensile con lo stesso nome e a una rete di rifugi che offrivano non solo cibo e rifugio, ma anche dignit\u00e0 e giustizia ai poveri, ai migranti e agli \u201cscartati\u201d della societ\u00e0 industriale americana.<\/span><\/span><\/p>\n<p><em><span dir=\"auto\" style=\"vertical-align: inherit\"><span dir=\"auto\" style=\"vertical-align: inherit\">\u201cIl fuoco del Suo amore ha acceso il cuore di Dorothy Day, una piccola ma grande donna americana che ha deciso di camminare con i lavoratori, con i migranti, con gli scartati da un sistema economico ingiusto, creando centri di carit\u00e0 e giustizia. Era una portatrice di pace che ardeva del fuoco di Ges\u00f9.\u201d<\/span><\/span><\/em><\/p>\n<p><span dir=\"auto\" style=\"vertical-align: inherit\"><span dir=\"auto\" style=\"vertical-align: inherit\">Il Papa ha sottolineato come la Day unisse teoria e pratica: \u201cScriveva e serviva: \u00e8 importante unire mente, cuore e mani. Questo \u00e8 prendere posizione. Scriveva come una giornalista, cio\u00e8 pensava e faceva pensare. Scrivere \u00e8 importante. E anche leggere lo \u00e8, oggi pi\u00f9 che mai. E poi Dorothy serviva i pasti, distribuiva i vestiti, si vestiva e mangiava come quelli che serviva\u201d.<\/span><\/span><\/p>\n<p><span dir=\"auto\" style=\"vertical-align: inherit\"><span dir=\"auto\" style=\"vertical-align: inherit\">La sua eredit\u00e0 si estese a migliaia di persone, creando comunit\u00e0 che \u201cnon erano grandi centri di servizio, ma punti di carit\u00e0 e giustizia dove le persone potevano chiamarsi per nome, conoscersi e trasformare l\u2019indignazione in comunione e azione\u201d. Leone XIV concluse che \u201cecco come sono gli operatori di pace: prendono posizione e accettano le conseguenze, ma vanno avanti\u201d.<\/span><\/span><\/p>\n<div class=\"abstract text parbase vaticanrichtext\">\n<p>***<\/p>\n<p><span class=\"color-text\">UDIENZA GIUBILARE<\/span><\/p>\n<p><i><b><span class=\"title-1-color\">CATECHESI DEL SANTO PADRE LEONE XIV<\/span><\/b><\/i><\/p>\n<p><i><span class=\"color-text\">Piazza San Pietro<\/span><br \/>\n<span class=\"color-text\">Sabato, 22 novembre 2025<\/span><\/i><\/p>\n<p>&nbsp;<\/p>\n<p><i><b><\/b><\/i>___________________________________<\/p>\n<div class=\"clearfix\"><\/div>\n<\/div>\n<div class=\"text parbase vaticanrichtext\">\n<p><b>Catechesi.\u00a09.\u00a0<i>Sperare \u00e8 prendere posizione. Dorothy Day<br \/>\n<\/i><\/b><\/p>\n<p><i>Cari fratelli e sorelle, buongiorno e benvenuti!<\/i><\/p>\n<p>Per molti di voi essere oggi a Roma \u00e8 la realizzazione di un grande desiderio. Per chi vive un pellegrinaggio e arriva alla meta \u00e8 importante ricordare il momento della decisione. Qualcosa, all\u2019inizio, si \u00e8 mosso dentro di voi, magari grazie alla parola o all\u2019invito di qualcun altro. Cos\u00ec, il Signore stesso vi ha presi per mano: un desiderio e poi una decisione. Senza questo, non sareste qui. \u00c8 importante ricordarlo.<\/p>\n<p>Ed \u00e8 importante anche quello che dal Vangelo poco fa abbiamo ascoltato: \u00abA chiunque fu dato molto, molto sar\u00e0 chiesto; a chi fu affidato molto, sar\u00e0 richiesto molto di pi\u00f9\u00bb. Ges\u00f9 lo dice ai discepoli pi\u00f9 vicini, a quelli che con Lui stavano di pi\u00f9. E anche noi abbiamo ricevuto tanto dal cammino vissuto fin qui, siamo stati con Ges\u00f9 e con la Chiesa e, anche se la Chiesa \u00e8 una comunit\u00e0 con i limiti umani, tanto abbiamo ricevuto. Allora, Ges\u00f9 si aspetta molto da noi. \u00c8 un segno di fiducia, di amicizia. Si aspetta molto, perch\u00e9 ci conosce e sa che possiamo!<\/p>\n<p>Ges\u00f9 \u00e8 venuto a portare il fuoco: il fuoco dell\u2019amore di Dio sulla terra e il fuoco del desiderio nei nostri cuori. In un certo modo, Ges\u00f9 ci toglie la pace, se pensiamo la pace come una calma inerte. Questa, per\u00f2, non \u00e8 la vera pace. A volte vorremmo essere \u201clasciati in pace\u201d: che nessuno ci disturbi, che gli altri non esistano pi\u00f9. Non \u00e8 la pace di Dio. La pace che Ges\u00f9 porta \u00e8 come un fuoco e ci chiede molto. Ci chiede, soprattutto, di\u00a0<i>prendere posizione<\/i>. Davanti alle ingiustizie, alle diseguaglianze, dove la dignit\u00e0 umana \u00e8 calpestata, dove ai fragili \u00e8 tolta la parola: prendere posizione. Sperare \u00e8 prendere posizione. Sperare \u00e8 capire nel cuore e mostrare nei fatti che le cose non devono continuare come prima. Anche questo \u00e8 il fuoco buono del Vangelo.<\/p>\n<p>Vorrei ricordare una piccola grande donna americana, Dorothy Day, vissuta nel secolo scorso. Aveva il fuoco dentro. Dorothy Day ha preso posizione. Ha visto che il modello di sviluppo del suo Paese non creava per tutti le stesse opportunit\u00e0, ha capito che il sogno per troppi era un incubo, che come cristiana doveva coinvolgersi coi lavoratori, coi migranti, con gli scartati da un\u2019economia che uccide. Scriveva e serviva: \u00e8 importante unire mente, cuore e mani. Questo \u00e8 prendere posizione. Scriveva come giornalista, cio\u00e8 pensava e faceva pensare. Scrivere \u00e8 importante. E anche leggere, oggi pi\u00f9 che mai. E poi Dorothy serviva i pasti, dava i vestiti, si vestiva e mangiava come quelli che serviva: univa mente, cuore e mani. In questo modo sperare \u00e8 prendere posizione.<\/p>\n<p>Dorothy Day ha coinvolto migliaia di persone. Hanno aperto case in tante citt\u00e0, in tanti quartieri: non grandi centri di servizi, ma punti di carit\u00e0 e di giustizia in cui chiamarsi per nome, conoscersi a uno a uno, e trasformare l\u2019indignazione in comunione e in azione. Ecco come sono gli operatori di pace: prendono posizione e ne portano le conseguenze, ma vanno avanti. Sperare \u00e8 prendere posizione, come Ges\u00f9, con Ges\u00f9. Il suo fuoco \u00e8 il nostro fuoco. Che il Giubileo lo ravvivi in noi e in tutta la Chiesa!<\/p>\n<p>__________________________________________<\/p>\n<p><b>Saluti<\/b><\/p>\n<p>Rivolgo un cordiale benvenuto ai fedeli di lingua italiana. In particolare, saluto i pellegrini della Diocesi di Saluzzo e quelli della Diocesi di Como, i partecipanti al Giubileo della Famiglia carismatica Orionina, i ministranti della Diocesi di Salerno-Campagna-Acerno, i fedeli di Monte San Giovanni Campano.<\/p>\n<p>Accolgo con affetto i Cori diocesani e parrocchiali che prendono parte al Giubileo dei Cori e delle Corali. Cari fratelli e sorelle, vi ringrazio per il prezioso servizio che svolgete nelle vostre comunit\u00e0; la musica e il canto legati all\u2019ambito liturgico sono una forma di preghiera, un percepire l\u2019attrazione del bello che eleva verso Dio e unisce i cuori nella lode. Santa Cecilia, patrona della musica e del canto, di cui oggi celebriamo la memoria, sostenga il vostro impegno e la vostra missione.<\/p>\n<p>Il mio pensiero va, infine, ai giovani, ai malati e agli sposi novelli. A ciascuno auguro di aderire con rinnovata generosit\u00e0 forza al Vangelo e di tradurlo in coerente testimonianza.<\/p>\n<p>A tutti la mia benedizione!<\/p>\n<\/div>\n","protected":false},"excerpt":{"rendered":"<p>Udienza Giubilare di Cori e Gruppi Corali<\/p>\n","protected":false},"author":17,"featured_media":147294,"comment_status":"closed","ping_status":"closed","sticky":false,"template":"","format":"standard","meta":{"_acf_changed":false,"_crdt_document":"","inline_featured_image":false,"footnotes":""},"categories":[67],"tags":[61192,82277,64538,82279,82278,9911,64851,82280,476,9070,15103,15414,3303,64910,82281,19289,82282,58164,5392,82283,33497,39181,64903,40284,266],"class_list":["post-147299","post","type-post","status-publish","format-standard","has-post-thumbnail","hentry","category-leone-xiv","tag-artigiani-di-pace","tag-catholic-worker-2","tag-dignita-umana-it-3","tag-dorothy-day-2","tag-dorothy-day-conversione","tag-famiglia-ulma","tag-featured-it-2","tag-fuoco-del-vangelo","tag-giubileo","tag-giubileo-2025-2","tag-helena-kmiec-2","tag-impegno-sociale","tag-ingiustizie-sociali","tag-leone-xiv-it","tag-martiri-contemporanei","tag-musica-liturgica-2","tag-pace-di-gesu","tag-papa-leone-xiv","tag-piazza-san-pietro","tag-prendere-posizione","tag-santa-cecilia-2","tag-speranza-attiva","tag-speranza-cristiana-it","tag-udienza-giubilare","tag-vaticano"],"acf":[],"yoast_head":"<!-- This site is optimized with the Yoast SEO plugin v27.4 - https:\/\/yoast.com\/product\/yoast-seo-wordpress\/ -->\n<title>Leone XIV: &quot;La pace che Ges\u00f9 porta \u00e8 come un fuoco che ci chiede di prendere posizione contro l&#039;ingiustizia&quot; &#8211; Exaudi<\/title>\n<meta name=\"robots\" content=\"index, follow, max-snippet:-1, max-image-preview:large, max-video-preview:-1\" \/>\n<link rel=\"canonical\" href=\"https:\/\/exaudi.org\/it\/leone-xiv-la-pace-che-gesu-porta-e-come-un-fuoco-che-ci-chiede-di-prendere-posizione-contro-lingiustizia\/\" \/>\n<meta property=\"og:locale\" content=\"it_IT\" \/>\n<meta property=\"og:type\" content=\"article\" \/>\n<meta property=\"og:title\" content=\"Leone XIV: &quot;La pace che Ges\u00f9 porta \u00e8 come un fuoco che ci chiede di prendere posizione contro l&#039;ingiustizia&quot; &#8211; Exaudi\" \/>\n<meta property=\"og:description\" content=\"Udienza Giubilare di Cori e Gruppi Corali\" \/>\n<meta property=\"og:url\" content=\"https:\/\/exaudi.org\/it\/leone-xiv-la-pace-che-gesu-porta-e-come-un-fuoco-che-ci-chiede-di-prendere-posizione-contro-lingiustizia\/\" \/>\n<meta property=\"og:site_name\" content=\"Exaudi\" \/>\n<meta property=\"article:publisher\" content=\"https:\/\/www.facebook.com\/ExaudiNews\" \/>\n<meta property=\"article:author\" content=\"https:\/\/www.facebook.com\/ExaudiNotizie\/\" \/>\n<meta property=\"article:published_time\" content=\"2025-11-22T16:16:56+00:00\" \/>\n<meta property=\"og:image\" content=\"https:\/\/exaudi.org\/wp-content\/uploads\/2025\/11\/cq5dam.thumbnail.cropped.500.281-9.jpeg\" \/>\n\t<meta property=\"og:image:width\" content=\"500\" \/>\n\t<meta property=\"og:image:height\" content=\"281\" \/>\n\t<meta property=\"og:image:type\" content=\"image\/jpeg\" \/>\n<meta name=\"author\" content=\"Exaudi Redazione\" \/>\n<meta name=\"twitter:card\" content=\"summary_large_image\" \/>\n<meta name=\"twitter:creator\" content=\"@Exaudi_Notizie\" \/>\n<meta name=\"twitter:site\" content=\"@Exaudi_News\" \/>\n<meta name=\"twitter:label1\" content=\"Scritto da\" \/>\n\t<meta name=\"twitter:data1\" content=\"Exaudi Redazione\" \/>\n\t<meta name=\"twitter:label2\" content=\"Tempo di lettura stimato\" \/>\n\t<meta name=\"twitter:data2\" content=\"7 minuti\" \/>\n<script type=\"application\/ld+json\" class=\"yoast-schema-graph\">{\"@context\":\"https:\\\/\\\/schema.org\",\"@graph\":[{\"@type\":\"Article\",\"@id\":\"https:\\\/\\\/exaudi.org\\\/it\\\/leone-xiv-la-pace-che-gesu-porta-e-come-un-fuoco-che-ci-chiede-di-prendere-posizione-contro-lingiustizia\\\/#article\",\"isPartOf\":{\"@id\":\"https:\\\/\\\/exaudi.org\\\/it\\\/leone-xiv-la-pace-che-gesu-porta-e-come-un-fuoco-che-ci-chiede-di-prendere-posizione-contro-lingiustizia\\\/\"},\"author\":{\"name\":\"Exaudi Redazione\",\"@id\":\"https:\\\/\\\/exaudi.org\\\/#\\\/schema\\\/person\\\/e1ab6ed07c01774724dd96f925f3a5f0\"},\"headline\":\"Leone XIV: &#8220;La pace che Ges\u00f9 porta \u00e8 come un fuoco che ci chiede di prendere posizione contro l&#8217;ingiustizia&#8221;\",\"datePublished\":\"2025-11-22T16:16:56+00:00\",\"mainEntityOfPage\":{\"@id\":\"https:\\\/\\\/exaudi.org\\\/it\\\/leone-xiv-la-pace-che-gesu-porta-e-come-un-fuoco-che-ci-chiede-di-prendere-posizione-contro-lingiustizia\\\/\"},\"wordCount\":1347,\"image\":{\"@id\":\"https:\\\/\\\/exaudi.org\\\/it\\\/leone-xiv-la-pace-che-gesu-porta-e-come-un-fuoco-che-ci-chiede-di-prendere-posizione-contro-lingiustizia\\\/#primaryimage\"},\"thumbnailUrl\":\"https:\\\/\\\/exaudi.org\\\/wp-content\\\/uploads\\\/2025\\\/11\\\/cq5dam.thumbnail.cropped.500.281-9.jpeg\",\"keywords\":[\"artigiani di pace\",\"Catholic Worker\",\"Dignit\u00e0 umana\",\"Dorothy Day\",\"Dorothy Day conversione\",\"famiglia Ulma\",\"Featured\",\"fuoco del Vangelo\",\"giubileo\",\"Giubileo 2025\",\"Helena Kmie\u0107\",\"IMPEGNO SOCIALE\",\"ingiustizie sociali\",\"Leone XIV\",\"martiri contemporanei\",\"MUSICA LITURGICA\",\"pace di Ges\u00f9\",\"Papa Leone XIV\",\"piazza San Pietro\",\"prendere posizione\",\"Santa Cecilia\",\"Speranza attiva\",\"speranza cristiana\",\"Udienza Giubilare\",\"Vaticano\"],\"articleSection\":[\"Leone XIV\"],\"inLanguage\":\"it-IT\"},{\"@type\":\"WebPage\",\"@id\":\"https:\\\/\\\/exaudi.org\\\/it\\\/leone-xiv-la-pace-che-gesu-porta-e-come-un-fuoco-che-ci-chiede-di-prendere-posizione-contro-lingiustizia\\\/\",\"url\":\"https:\\\/\\\/exaudi.org\\\/it\\\/leone-xiv-la-pace-che-gesu-porta-e-come-un-fuoco-che-ci-chiede-di-prendere-posizione-contro-lingiustizia\\\/\",\"name\":\"Leone XIV: \\\"La pace che Ges\u00f9 porta \u00e8 come un fuoco che ci chiede di prendere posizione contro l'ingiustizia\\\" &#8211; Exaudi\",\"isPartOf\":{\"@id\":\"https:\\\/\\\/exaudi.org\\\/#website\"},\"primaryImageOfPage\":{\"@id\":\"https:\\\/\\\/exaudi.org\\\/it\\\/leone-xiv-la-pace-che-gesu-porta-e-come-un-fuoco-che-ci-chiede-di-prendere-posizione-contro-lingiustizia\\\/#primaryimage\"},\"image\":{\"@id\":\"https:\\\/\\\/exaudi.org\\\/it\\\/leone-xiv-la-pace-che-gesu-porta-e-come-un-fuoco-che-ci-chiede-di-prendere-posizione-contro-lingiustizia\\\/#primaryimage\"},\"thumbnailUrl\":\"https:\\\/\\\/exaudi.org\\\/wp-content\\\/uploads\\\/2025\\\/11\\\/cq5dam.thumbnail.cropped.500.281-9.jpeg\",\"datePublished\":\"2025-11-22T16:16:56+00:00\",\"author\":{\"@id\":\"https:\\\/\\\/exaudi.org\\\/#\\\/schema\\\/person\\\/e1ab6ed07c01774724dd96f925f3a5f0\"},\"breadcrumb\":{\"@id\":\"https:\\\/\\\/exaudi.org\\\/it\\\/leone-xiv-la-pace-che-gesu-porta-e-come-un-fuoco-che-ci-chiede-di-prendere-posizione-contro-lingiustizia\\\/#breadcrumb\"},\"inLanguage\":\"it-IT\",\"potentialAction\":[{\"@type\":\"ReadAction\",\"target\":[\"https:\\\/\\\/exaudi.org\\\/it\\\/leone-xiv-la-pace-che-gesu-porta-e-come-un-fuoco-che-ci-chiede-di-prendere-posizione-contro-lingiustizia\\\/\"]}]},{\"@type\":\"ImageObject\",\"inLanguage\":\"it-IT\",\"@id\":\"https:\\\/\\\/exaudi.org\\\/it\\\/leone-xiv-la-pace-che-gesu-porta-e-come-un-fuoco-che-ci-chiede-di-prendere-posizione-contro-lingiustizia\\\/#primaryimage\",\"url\":\"https:\\\/\\\/exaudi.org\\\/wp-content\\\/uploads\\\/2025\\\/11\\\/cq5dam.thumbnail.cropped.500.281-9.jpeg\",\"contentUrl\":\"https:\\\/\\\/exaudi.org\\\/wp-content\\\/uploads\\\/2025\\\/11\\\/cq5dam.thumbnail.cropped.500.281-9.jpeg\",\"width\":500,\"height\":281},{\"@type\":\"BreadcrumbList\",\"@id\":\"https:\\\/\\\/exaudi.org\\\/it\\\/leone-xiv-la-pace-che-gesu-porta-e-come-un-fuoco-che-ci-chiede-di-prendere-posizione-contro-lingiustizia\\\/#breadcrumb\",\"itemListElement\":[{\"@type\":\"ListItem\",\"position\":1,\"name\":\"Portada\",\"item\":\"https:\\\/\\\/exaudi.org\\\/it\\\/\"},{\"@type\":\"ListItem\",\"position\":2,\"name\":\"Leone XIV: \u00abLa pace che Ges\u00f9 porta \u00e8 come un fuoco che ci chiede di prendere posizione contro l&#8217;ingiustizia\u00bb\"}]},{\"@type\":\"WebSite\",\"@id\":\"https:\\\/\\\/exaudi.org\\\/#website\",\"url\":\"https:\\\/\\\/exaudi.org\\\/\",\"name\":\"Exaudi\",\"description\":\"News\",\"potentialAction\":[{\"@type\":\"SearchAction\",\"target\":{\"@type\":\"EntryPoint\",\"urlTemplate\":\"https:\\\/\\\/exaudi.org\\\/?s={search_term_string}\"},\"query-input\":{\"@type\":\"PropertyValueSpecification\",\"valueRequired\":true,\"valueName\":\"search_term_string\"}}],\"inLanguage\":\"it-IT\"},{\"@type\":\"Person\",\"@id\":\"https:\\\/\\\/exaudi.org\\\/#\\\/schema\\\/person\\\/e1ab6ed07c01774724dd96f925f3a5f0\",\"name\":\"Exaudi Redazione\",\"image\":{\"@type\":\"ImageObject\",\"inLanguage\":\"it-IT\",\"@id\":\"https:\\\/\\\/secure.gravatar.com\\\/avatar\\\/ad6774b3ada023bf5b939d64f45c94b3adf91502dd883507d469b4308a943bb3?s=96&d=mm&r=g\",\"url\":\"https:\\\/\\\/secure.gravatar.com\\\/avatar\\\/ad6774b3ada023bf5b939d64f45c94b3adf91502dd883507d469b4308a943bb3?s=96&d=mm&r=g\",\"contentUrl\":\"https:\\\/\\\/secure.gravatar.com\\\/avatar\\\/ad6774b3ada023bf5b939d64f45c94b3adf91502dd883507d469b4308a943bb3?s=96&d=mm&r=g\",\"caption\":\"Exaudi Redazione\"},\"description\":\"Che cosa \u00e8 Exaudi News? Exaudi News \u00e8 un agenzia cattolica internazionale che informa, istruisce e trasforma quotidianamente in spagnolo, inglese e italiano. Attraverso notizie, articoli di analisi e trasmissioni in diretta degli eventi del Papa, Exaudi cerca di rafforzare l'unit\u00e0 dei cristiani e di contribuire all'evangelizzazione del mondo, sempre guidato dalla dottrina sociale della Chiesa. Lavoriamo per portare la verit\u00e0 e i valori cristiani in ogni angolo del pianeta. Aiutaci a trasformare il mondo con Exaudi! Noi di Exaudi crediamo che l'evangelizzazione e l'informazione di qualit\u00e0 possano cambiare la vita. Per continuare la nostra missione ed espandere la nostra portata, abbiamo bisogno del tuo aiuto. Stiamo anche cercando persone motivate che vogliano unirsi al nostro team. Grazie al vostro sostegno raggiungeremo pi\u00f9 persone, diffonderemo il messaggio di Cristo e rafforzeremo l'unit\u00e0 dei cristiani. Vuoi unirti alla nostra missione? Per maggiori informazioni su come contribuire, visita Exaudi.org\\\/it o contattaci direttamente: info@exaudi.org Exaudi: informa, forma e trasforma.\",\"sameAs\":[\"https:\\\/\\\/www.facebook.com\\\/ExaudiNotizie\\\/\",\"https:\\\/\\\/www.instagram.com\\\/Exaudi_notizie\\\/\",\"https:\\\/\\\/x.com\\\/Exaudi_Notizie\",\"https:\\\/\\\/www.youtube.com\\\/@exaudicatholicnews\"],\"url\":\"https:\\\/\\\/exaudi.org\\\/it\\\/author\\\/dlvedi-org\\\/\"}]}<\/script>\n<!-- \/ Yoast SEO plugin. -->","yoast_head_json":{"title":"Leone XIV: \"La pace che Ges\u00f9 porta \u00e8 come un fuoco che ci chiede di prendere posizione contro l'ingiustizia\" &#8211; Exaudi","robots":{"index":"index","follow":"follow","max-snippet":"max-snippet:-1","max-image-preview":"max-image-preview:large","max-video-preview":"max-video-preview:-1"},"canonical":"https:\/\/exaudi.org\/it\/leone-xiv-la-pace-che-gesu-porta-e-come-un-fuoco-che-ci-chiede-di-prendere-posizione-contro-lingiustizia\/","og_locale":"it_IT","og_type":"article","og_title":"Leone XIV: \"La pace che Ges\u00f9 porta \u00e8 come un fuoco che ci chiede di prendere posizione contro l'ingiustizia\" &#8211; Exaudi","og_description":"Udienza Giubilare di Cori e Gruppi Corali","og_url":"https:\/\/exaudi.org\/it\/leone-xiv-la-pace-che-gesu-porta-e-come-un-fuoco-che-ci-chiede-di-prendere-posizione-contro-lingiustizia\/","og_site_name":"Exaudi","article_publisher":"https:\/\/www.facebook.com\/ExaudiNews","article_author":"https:\/\/www.facebook.com\/ExaudiNotizie\/","article_published_time":"2025-11-22T16:16:56+00:00","og_image":[{"width":500,"height":281,"url":"https:\/\/exaudi.org\/wp-content\/uploads\/2025\/11\/cq5dam.thumbnail.cropped.500.281-9.jpeg","type":"image\/jpeg"}],"author":"Exaudi Redazione","twitter_card":"summary_large_image","twitter_creator":"@Exaudi_Notizie","twitter_site":"@Exaudi_News","twitter_misc":{"Scritto da":"Exaudi Redazione","Tempo di lettura stimato":"7 minuti"},"schema":{"@context":"https:\/\/schema.org","@graph":[{"@type":"Article","@id":"https:\/\/exaudi.org\/it\/leone-xiv-la-pace-che-gesu-porta-e-come-un-fuoco-che-ci-chiede-di-prendere-posizione-contro-lingiustizia\/#article","isPartOf":{"@id":"https:\/\/exaudi.org\/it\/leone-xiv-la-pace-che-gesu-porta-e-come-un-fuoco-che-ci-chiede-di-prendere-posizione-contro-lingiustizia\/"},"author":{"name":"Exaudi Redazione","@id":"https:\/\/exaudi.org\/#\/schema\/person\/e1ab6ed07c01774724dd96f925f3a5f0"},"headline":"Leone XIV: &#8220;La pace che Ges\u00f9 porta \u00e8 come un fuoco che ci chiede di prendere posizione contro l&#8217;ingiustizia&#8221;","datePublished":"2025-11-22T16:16:56+00:00","mainEntityOfPage":{"@id":"https:\/\/exaudi.org\/it\/leone-xiv-la-pace-che-gesu-porta-e-come-un-fuoco-che-ci-chiede-di-prendere-posizione-contro-lingiustizia\/"},"wordCount":1347,"image":{"@id":"https:\/\/exaudi.org\/it\/leone-xiv-la-pace-che-gesu-porta-e-come-un-fuoco-che-ci-chiede-di-prendere-posizione-contro-lingiustizia\/#primaryimage"},"thumbnailUrl":"https:\/\/exaudi.org\/wp-content\/uploads\/2025\/11\/cq5dam.thumbnail.cropped.500.281-9.jpeg","keywords":["artigiani di pace","Catholic Worker","Dignit\u00e0 umana","Dorothy Day","Dorothy Day conversione","famiglia Ulma","Featured","fuoco del Vangelo","giubileo","Giubileo 2025","Helena Kmie\u0107","IMPEGNO SOCIALE","ingiustizie sociali","Leone XIV","martiri contemporanei","MUSICA LITURGICA","pace di Ges\u00f9","Papa Leone XIV","piazza San Pietro","prendere posizione","Santa Cecilia","Speranza attiva","speranza cristiana","Udienza Giubilare","Vaticano"],"articleSection":["Leone XIV"],"inLanguage":"it-IT"},{"@type":"WebPage","@id":"https:\/\/exaudi.org\/it\/leone-xiv-la-pace-che-gesu-porta-e-come-un-fuoco-che-ci-chiede-di-prendere-posizione-contro-lingiustizia\/","url":"https:\/\/exaudi.org\/it\/leone-xiv-la-pace-che-gesu-porta-e-come-un-fuoco-che-ci-chiede-di-prendere-posizione-contro-lingiustizia\/","name":"Leone XIV: \"La pace che Ges\u00f9 porta \u00e8 come un fuoco che ci chiede di prendere posizione contro l'ingiustizia\" &#8211; Exaudi","isPartOf":{"@id":"https:\/\/exaudi.org\/#website"},"primaryImageOfPage":{"@id":"https:\/\/exaudi.org\/it\/leone-xiv-la-pace-che-gesu-porta-e-come-un-fuoco-che-ci-chiede-di-prendere-posizione-contro-lingiustizia\/#primaryimage"},"image":{"@id":"https:\/\/exaudi.org\/it\/leone-xiv-la-pace-che-gesu-porta-e-come-un-fuoco-che-ci-chiede-di-prendere-posizione-contro-lingiustizia\/#primaryimage"},"thumbnailUrl":"https:\/\/exaudi.org\/wp-content\/uploads\/2025\/11\/cq5dam.thumbnail.cropped.500.281-9.jpeg","datePublished":"2025-11-22T16:16:56+00:00","author":{"@id":"https:\/\/exaudi.org\/#\/schema\/person\/e1ab6ed07c01774724dd96f925f3a5f0"},"breadcrumb":{"@id":"https:\/\/exaudi.org\/it\/leone-xiv-la-pace-che-gesu-porta-e-come-un-fuoco-che-ci-chiede-di-prendere-posizione-contro-lingiustizia\/#breadcrumb"},"inLanguage":"it-IT","potentialAction":[{"@type":"ReadAction","target":["https:\/\/exaudi.org\/it\/leone-xiv-la-pace-che-gesu-porta-e-come-un-fuoco-che-ci-chiede-di-prendere-posizione-contro-lingiustizia\/"]}]},{"@type":"ImageObject","inLanguage":"it-IT","@id":"https:\/\/exaudi.org\/it\/leone-xiv-la-pace-che-gesu-porta-e-come-un-fuoco-che-ci-chiede-di-prendere-posizione-contro-lingiustizia\/#primaryimage","url":"https:\/\/exaudi.org\/wp-content\/uploads\/2025\/11\/cq5dam.thumbnail.cropped.500.281-9.jpeg","contentUrl":"https:\/\/exaudi.org\/wp-content\/uploads\/2025\/11\/cq5dam.thumbnail.cropped.500.281-9.jpeg","width":500,"height":281},{"@type":"BreadcrumbList","@id":"https:\/\/exaudi.org\/it\/leone-xiv-la-pace-che-gesu-porta-e-come-un-fuoco-che-ci-chiede-di-prendere-posizione-contro-lingiustizia\/#breadcrumb","itemListElement":[{"@type":"ListItem","position":1,"name":"Portada","item":"https:\/\/exaudi.org\/it\/"},{"@type":"ListItem","position":2,"name":"Leone XIV: \u00abLa pace che Ges\u00f9 porta \u00e8 come un fuoco che ci chiede di prendere posizione contro l&#8217;ingiustizia\u00bb"}]},{"@type":"WebSite","@id":"https:\/\/exaudi.org\/#website","url":"https:\/\/exaudi.org\/","name":"Exaudi","description":"News","potentialAction":[{"@type":"SearchAction","target":{"@type":"EntryPoint","urlTemplate":"https:\/\/exaudi.org\/?s={search_term_string}"},"query-input":{"@type":"PropertyValueSpecification","valueRequired":true,"valueName":"search_term_string"}}],"inLanguage":"it-IT"},{"@type":"Person","@id":"https:\/\/exaudi.org\/#\/schema\/person\/e1ab6ed07c01774724dd96f925f3a5f0","name":"Exaudi Redazione","image":{"@type":"ImageObject","inLanguage":"it-IT","@id":"https:\/\/secure.gravatar.com\/avatar\/ad6774b3ada023bf5b939d64f45c94b3adf91502dd883507d469b4308a943bb3?s=96&d=mm&r=g","url":"https:\/\/secure.gravatar.com\/avatar\/ad6774b3ada023bf5b939d64f45c94b3adf91502dd883507d469b4308a943bb3?s=96&d=mm&r=g","contentUrl":"https:\/\/secure.gravatar.com\/avatar\/ad6774b3ada023bf5b939d64f45c94b3adf91502dd883507d469b4308a943bb3?s=96&d=mm&r=g","caption":"Exaudi Redazione"},"description":"Che cosa \u00e8 Exaudi News? Exaudi News \u00e8 un agenzia cattolica internazionale che informa, istruisce e trasforma quotidianamente in spagnolo, inglese e italiano. Attraverso notizie, articoli di analisi e trasmissioni in diretta degli eventi del Papa, Exaudi cerca di rafforzare l'unit\u00e0 dei cristiani e di contribuire all'evangelizzazione del mondo, sempre guidato dalla dottrina sociale della Chiesa. Lavoriamo per portare la verit\u00e0 e i valori cristiani in ogni angolo del pianeta. Aiutaci a trasformare il mondo con Exaudi! Noi di Exaudi crediamo che l'evangelizzazione e l'informazione di qualit\u00e0 possano cambiare la vita. Per continuare la nostra missione ed espandere la nostra portata, abbiamo bisogno del tuo aiuto. Stiamo anche cercando persone motivate che vogliano unirsi al nostro team. Grazie al vostro sostegno raggiungeremo pi\u00f9 persone, diffonderemo il messaggio di Cristo e rafforzeremo l'unit\u00e0 dei cristiani. Vuoi unirti alla nostra missione? Per maggiori informazioni su come contribuire, visita Exaudi.org\/it o contattaci direttamente: info@exaudi.org Exaudi: informa, forma e trasforma.","sameAs":["https:\/\/www.facebook.com\/ExaudiNotizie\/","https:\/\/www.instagram.com\/Exaudi_notizie\/","https:\/\/x.com\/Exaudi_Notizie","https:\/\/www.youtube.com\/@exaudicatholicnews"],"url":"https:\/\/exaudi.org\/it\/author\/dlvedi-org\/"}]}},"jetpack_featured_media_url":"https:\/\/exaudi.org\/wp-content\/uploads\/2025\/11\/cq5dam.thumbnail.cropped.500.281-9.jpeg","jetpack_shortlink":"https:\/\/wp.me\/pgKjF2-CjN","_links":{"self":[{"href":"https:\/\/exaudi.org\/it\/wp-json\/wp\/v2\/posts\/147299","targetHints":{"allow":["GET"]}}],"collection":[{"href":"https:\/\/exaudi.org\/it\/wp-json\/wp\/v2\/posts"}],"about":[{"href":"https:\/\/exaudi.org\/it\/wp-json\/wp\/v2\/types\/post"}],"author":[{"embeddable":true,"href":"https:\/\/exaudi.org\/it\/wp-json\/wp\/v2\/users\/17"}],"replies":[{"embeddable":true,"href":"https:\/\/exaudi.org\/it\/wp-json\/wp\/v2\/comments?post=147299"}],"version-history":[{"count":5,"href":"https:\/\/exaudi.org\/it\/wp-json\/wp\/v2\/posts\/147299\/revisions"}],"predecessor-version":[{"id":147304,"href":"https:\/\/exaudi.org\/it\/wp-json\/wp\/v2\/posts\/147299\/revisions\/147304"}],"wp:featuredmedia":[{"embeddable":true,"href":"https:\/\/exaudi.org\/it\/wp-json\/wp\/v2\/media\/147294"}],"wp:attachment":[{"href":"https:\/\/exaudi.org\/it\/wp-json\/wp\/v2\/media?parent=147299"}],"wp:term":[{"taxonomy":"category","embeddable":true,"href":"https:\/\/exaudi.org\/it\/wp-json\/wp\/v2\/categories?post=147299"},{"taxonomy":"post_tag","embeddable":true,"href":"https:\/\/exaudi.org\/it\/wp-json\/wp\/v2\/tags?post=147299"}],"curies":[{"name":"wp","href":"https:\/\/api.w.org\/{rel}","templated":true}]}}