{"id":147242,"date":"2025-11-21T20:52:21","date_gmt":"2025-11-21T19:52:21","guid":{"rendered":"https:\/\/exaudi.org\/?p=147242"},"modified":"2025-11-21T20:52:21","modified_gmt":"2025-11-21T19:52:21","slug":"sete-di-dio-ieri-oggi-e-domani","status":"publish","type":"post","link":"https:\/\/exaudi.org\/it\/sete-di-dio-ieri-oggi-e-domani\/","title":{"rendered":"Sete di Dio ieri, oggi e domani"},"content":{"rendered":"<p><span dir=\"auto\" style=\"vertical-align: inherit\"><span dir=\"auto\" style=\"vertical-align: inherit\">Tra le preoccupazioni del nostro tempo vediamo la sete di Dio in tante ricerche personali avvolte in un clima di spiritualit\u00e0 non del tutto appagante.<\/span><\/span><\/p>\n<h3><strong><span dir=\"auto\" style=\"vertical-align: inherit\"><span dir=\"auto\" style=\"vertical-align: inherit\">Domande<\/span><\/span><\/strong><\/h3>\n<p><span dir=\"auto\" style=\"vertical-align: inherit\"><span dir=\"auto\" style=\"vertical-align: inherit\">Un tema importante, presente in molti casi, \u00e8 ci\u00f2 che accade oltre la barriera della morte: esiste una vera vita personale? Conserveremo la nostra identit\u00e0 personale al cento per cento? Vivremo un vero incontro con i nostri cari? \u00c8 possibile la resurrezione personale? Dio \u00e8 garanzia di felicit\u00e0? Esistono un paradiso e un inferno?<\/span><\/span><\/p>\n<p><span dir=\"auto\" style=\"vertical-align: inherit\"><span dir=\"auto\" style=\"vertical-align: inherit\">Sono domande inevitabili che sorgono in momenti intensi della vita personale e familiare, come la perdita di persone care o il fallimento di progetti amati. Molti pensatori e scrittori esprimono le loro risposte al paradosso cristiano fondamentale: come possiamo vivere con una speranza sicura sulla terra se tutto finisce con la morte? Oppure, la comprensione cristiana delle realt\u00e0 terrene ha senso se l&#8217;aldil\u00e0 vanifica il nostro lavoro e i nostri affetti?<\/span><\/span><\/p>\n<h3><strong><span dir=\"auto\" style=\"vertical-align: inherit\"><span dir=\"auto\" style=\"vertical-align: inherit\">Ricerche<\/span><\/span><\/strong><\/h3>\n<p><span dir=\"auto\" style=\"vertical-align: inherit\"><span dir=\"auto\" style=\"vertical-align: inherit\">Non si tratta solo di affermare l&#8217;esistenza di Dio, ma di conoscere chi \u00e8 Dio e qual \u00e8 il Suo essere pi\u00f9 profondo. Non solo, ma anche di comprendere la relazione di ogni persona con Dio, che coinvolge la mente, il cuore, i sentimenti e, in ultima analisi, l&#8217;abbandono fiducioso a Colui che ha dato tutto per ognuno di noi.<\/span><\/span><\/p>\n<p><span dir=\"auto\" style=\"vertical-align: inherit\"><span dir=\"auto\" style=\"vertical-align: inherit\">Forse \u00e8 pertinente il pensiero del filosofo francese B. Pascal, il quale riteneva che la conoscenza di Dio senza la conoscenza della propria miseria provoca orgoglio. La conoscenza della propria miseria senza la conoscenza di Dio provoca disperazione. La conoscenza di Ges\u00f9 Cristo, invece, favorisce la via di mezzo, perch\u00e9 in lui troviamo sia Dio sia la nostra miseria. (Pensieri, n. 192).<\/span><\/span><\/p>\n<p><span dir=\"auto\" style=\"vertical-align: inherit\"><span dir=\"auto\" style=\"vertical-align: inherit\">In ultima analisi, il pensiero di ciascuno dipende in larga misura dalla sua educazione religiosa, che spesso \u00e8 scaturita dal rispetto e dalla paura, piuttosto che dall&#8217;amore di Dio, che si prende veramente cura di ogni uomo e di ogni donna e lo ha dimostrato fino in fondo attraverso l&#8217;Incarnazione del suo Figlio unigenito e la sua morte in croce. Il buon Curato d&#8217;Ars lo ha illustrato quando qualcuno gli ha chiesto cosa avrebbe pensato se, alla fine della sua vita, avesse scoperto che Dio non esisteva. Ha risposto che in tal caso non si sarebbe pentito di aver dedicato la sua vita a un ideale di amore e servizio al prossimo. E naturalmente, ha taciuto il fatto di essere certo dell&#8217;esistenza di Dio, non per i suoi meriti, ma per l&#8217;infinita bont\u00e0 di Dio.<\/span><\/span><\/p>\n<h3><strong><span dir=\"auto\" style=\"vertical-align: inherit\"><span dir=\"auto\" style=\"vertical-align: inherit\">Re morti<\/span><\/span><\/strong><\/h3>\n<p><span dir=\"auto\" style=\"vertical-align: inherit\"><span dir=\"auto\" style=\"vertical-align: inherit\">Alla Basilica del Monastero di San Lorenzo de El Escorial si accede attraverso il Cortile dei Re, cos\u00ec chiamato in onore dei sei re d&#8217;Israele che commissionarono la costruzione di un tempio per la gloria di Yahweh. Una volta entrati, l&#8217;imponente pala d&#8217;altare cattura immediatamente l&#8217;attenzione e incarna il significato di questo grande tempio per l&#8217;incontro con Dio, invitando alla preghiera e alla fede nella storia della salvezza.<\/span><\/span><\/p>\n<p><span dir=\"auto\" style=\"vertical-align: inherit\"><span dir=\"auto\" style=\"vertical-align: inherit\">A destra e a sinistra della pala d&#8217;altare si trovano i due cenotafi di Carlo V e Filippo II, accompagnati dalle rispettive mogli e figlie, in adorazione devota di Ges\u00f9 Cristo nell&#8217;Eucaristia. Questi cenotafi in bronzo dorato sono opera di Leone e Pompeo Leoni, che scolpirono anche tutte le figure della pala d&#8217;altare. Non contengono le spoglie di questi imperatori, poich\u00e9 queste si trovano, come \u00e8 noto, nella cripta situata direttamente sotto il presbiterio e l&#8217;altare dove viene celebrata l&#8217;Eucaristia.<\/span><\/span><\/p>\n<p><span dir=\"auto\" style=\"vertical-align: inherit\"><span dir=\"auto\" style=\"vertical-align: inherit\">Perch\u00e9 in questo recinto inferiore giacciono le tombe dei re delle dinastie degli Asburgo e dei Borbone, anch&#8217;esse in marmo e bronzo, accanto al Cristo crocifisso. Dignit\u00e0 e fede, ma senza orgoglio, nella terra comune condivisa da tutti i mortali: nell&#8217;ora della morte siamo tutti uguali, anche se \u00e8 vero che le opere buone rimangono, come questo Monastero, il Pantheon Reale, la Basilica, la Biblioteca, la scuola, i cortili, le gallerie e i giardini.<\/span><\/span><\/p>\n<p><span dir=\"auto\" style=\"vertical-align: inherit\"><span dir=\"auto\" style=\"vertical-align: inherit\">I morti continuano a vivere in queste opere magnifiche, perch\u00e9 quegli uomini ebbero fede e riconobbero la loro miseria davanti al Dio che ha creato e salvato l&#8217;umanit\u00e0. Re, imperatori, artisti, artigiani e costruttori seppero adorare il Dio vivente e vero con la sua volont\u00e0 salvifica universale.<\/span><\/span><\/p>\n<h3><strong><span dir=\"auto\" style=\"vertical-align: inherit\"><span dir=\"auto\" style=\"vertical-align: inherit\">Morte e vita<\/span><\/span><\/strong><\/h3>\n<p><span dir=\"auto\" style=\"vertical-align: inherit\"><span dir=\"auto\" style=\"vertical-align: inherit\">S\u00ec, noi, uomini e donne del XXI secolo, riceviamo il grande messaggio della fede cristiana, della speranza che non delude e della vita abbondante in Dio a cui siamo chiamati. Dalla magnifica grandezza di queste opere, dalla bellezza che eleva l&#8217;anima, dalle scienze che cercano la verit\u00e0 e dalla saggezza del cuore, e molto altro ancora, noi, uomini di oggi, possiamo trovare il senso della storia. E in essa, il senso della vita personale, che ha la sua origine in Dio Padre, il Creatore, in Ges\u00f9 Cristo, il Redentore, e nello Spirito Santo, il Santificatore.<\/span><\/span><\/p>\n<p><span dir=\"auto\" style=\"vertical-align: inherit\"><span dir=\"auto\" style=\"vertical-align: inherit\">Morte e vita sono due facce della stessa medaglia quando si tratta di raggiungere la vera felicit\u00e0 a cui siamo tutti chiamati. Questo vale per ricchi e poveri, sani e malati, re e popolani. Basta visitare il Monastero di San Lorenzo de El Escorial e aprire gli occhi per essere catapultati negli aspetti pi\u00f9 sublimi e duraturi della storia.<\/span><\/span><\/p>\n<p><span dir=\"auto\" style=\"vertical-align: inherit\"><span dir=\"auto\" style=\"vertical-align: inherit\">Per fede sappiamo che Dio non \u00e8 arbitrario nel donare i suoi doni, ma li semina con infinita generosit\u00e0 \u2013 Ges\u00f9 Cristo ne \u00e8 la prova tangibile \u2013 in ogni anima: nessuno rimane estraneo all\u2019azione dello Spirito divino, che ci attrae con dolcezza e potenza, rispettando la libert\u00e0 di ogni uomo e donna. Questa libert\u00e0 spiega il terribile problema del male nel mondo, ma anche l\u2019amore disinteressato dei credenti e di quanti si sforzano di essere luce per il mondo.<\/span><\/span><\/p>\n<p><span dir=\"auto\" style=\"vertical-align: inherit\"><span dir=\"auto\" style=\"vertical-align: inherit\">Vale la pena sottolineare che le domande su Dio, l&#8217;aldil\u00e0 e la resurrezione personale coinvolgono cos\u00ec profondamente l&#8217;individuo che la sola riflessione intellettuale non \u00e8 sufficiente: perch\u00e9 non siamo semplicemente un cervello pensante o un corpo fisico, quella res cogitans e quella res extensa del filosofo Ren\u00e9 Descartes, grazie a Dio. E sia noto che il pensatore francese era un credente sincero e autentico, che si \u00e8 perso in una cristallina elaborazione intellettuale. Ed \u00e8 una fortuna che il suo atteggiamento di fiducia in Dio e nel cristianesimo gli abbia permesso di progredire alla luce della fede.<\/span><\/span><\/p>\n<h3><strong><span dir=\"auto\" style=\"vertical-align: inherit\"><span dir=\"auto\" style=\"vertical-align: inherit\">Come in uno specchio<\/span><\/span><\/strong><\/h3>\n<p><span dir=\"auto\" style=\"vertical-align: inherit\"><span dir=\"auto\" style=\"vertical-align: inherit\">San Paolo paragona la fede a uno specchio che riflette qualcosa di Dio e del nostro cammino nella storia della Salvezza, anche se non \u00e8 ancora l&#8217;incontro e il possesso definitivi nella Vita Eterna.<\/span><\/span><\/p>\n<p><span dir=\"auto\" style=\"vertical-align: inherit\"><span dir=\"auto\" style=\"vertical-align: inherit\">Qualcuno potrebbe rimanere sconcertato dalla certezza della fede proclamata dalla Chiesa nel Credo degli Apostoli: Credo in Dio Padre, Creatore; credo in Dio Figlio, Redentore; credo nello Spirito Santo, Santificatore; credo nella Chiesa; credo nel perdono dei peccati; credo nella vita eterna. Questa pu\u00f2 sembrare una certezza non scientifica, persino una posizione di orgoglio nei confronti di chi dubita di tante certezze. Tuttavia, l&#8217;affermazione della fede \u00e8 al tempo stesso luce e ombra, sicurezza e rischio, speranza e dolore. Nulla negli esseri umani \u00e8 come il diamante, chimicamente puro o un pensiero assoluto.<\/span><\/span><\/p>\n<p><span dir=\"auto\" style=\"vertical-align: inherit\"><span dir=\"auto\" style=\"vertical-align: inherit\">Papa Leone XIV lo espresse cos\u00ec: \u00abQuesto \u00e8 lo spirito missionario che deve animarci, senza chiuderci nel nostro piccolo gruppo o sentirci superiori al mondo; siamo chiamati a offrire a tutti l&#8217;amore di Dio, perch\u00e9 si realizzi questa unit\u00e0 che non annulla le differenze, ma valorizza la storia personale di ciascuno e la cultura sociale e religiosa di ogni popolo\u00bb.<\/span><\/span><\/p>\n<p><span dir=\"auto\" style=\"vertical-align: inherit\"><span dir=\"auto\" style=\"vertical-align: inherit\">Noi credenti siamo grati per il dono della fede e della grazia di Dio. Ci sforziamo di comprendere tutti, anche coloro che non ci comprendono, e di praticare la carit\u00e0, che \u00e8 ancora pi\u00f9 umana della semplice tolleranza. Amando il prossimo come figlio di Dio e fratello o sorella di Ges\u00f9 Cristo, siamo consapevoli delle difficolt\u00e0 che alcuni affrontano e chiediamo a Dio Padre di riversare la sua speranza su un mondo cos\u00ec spesso tormentato. In Ges\u00f9 Cristo, morto e risorto, abbiamo la ragione ultima della nostra speranza.<\/span><\/span><\/p>\n","protected":false},"excerpt":{"rendered":"<p>Oltre la morte: la speranza cristiana che risponde ai grandi interrogativi<\/p>\n","protected":false},"author":128,"featured_media":147145,"comment_status":"closed","ping_status":"closed","sticky":false,"template":"","format":"standard","meta":{"_acf_changed":false,"_crdt_document":"","inline_featured_image":false,"footnotes":""},"categories":[129],"tags":[82226,18690,64787],"class_list":["post-147242","post","type-post","status-publish","format-standard","has-post-thumbnail","hentry","category-voci","tag-escorial-2","tag-jesus-ortiz-lopez-2","tag-trending-it-236"],"acf":[],"yoast_head":"<!-- This site is optimized with the Yoast SEO plugin v27.4 - https:\/\/yoast.com\/product\/yoast-seo-wordpress\/ -->\n<title>Sete di Dio ieri, oggi e domani &#8211; Exaudi<\/title>\n<meta name=\"robots\" content=\"index, follow, max-snippet:-1, max-image-preview:large, max-video-preview:-1\" \/>\n<link rel=\"canonical\" href=\"https:\/\/exaudi.org\/it\/sete-di-dio-ieri-oggi-e-domani\/\" \/>\n<meta property=\"og:locale\" content=\"it_IT\" \/>\n<meta property=\"og:type\" content=\"article\" \/>\n<meta property=\"og:title\" content=\"Sete di Dio ieri, oggi e domani &#8211; Exaudi\" \/>\n<meta property=\"og:description\" content=\"Oltre la morte: la speranza cristiana che risponde ai grandi interrogativi\" \/>\n<meta property=\"og:url\" content=\"https:\/\/exaudi.org\/it\/sete-di-dio-ieri-oggi-e-domani\/\" \/>\n<meta property=\"og:site_name\" content=\"Exaudi\" \/>\n<meta property=\"article:publisher\" content=\"https:\/\/www.facebook.com\/ExaudiNews\" \/>\n<meta property=\"article:published_time\" content=\"2025-11-21T19:52:21+00:00\" \/>\n<meta property=\"og:image\" content=\"https:\/\/exaudi.org\/wp-content\/uploads\/2025\/11\/Escorial-JOL-Exaudi.jpg\" \/>\n\t<meta property=\"og:image:width\" content=\"1229\" \/>\n\t<meta property=\"og:image:height\" content=\"922\" \/>\n\t<meta property=\"og:image:type\" content=\"image\/jpeg\" \/>\n<meta name=\"author\" content=\"Jes\u00fas Ortiz L\u00f3pez\" \/>\n<meta name=\"twitter:card\" content=\"summary_large_image\" \/>\n<meta name=\"twitter:creator\" content=\"@Exaudi_News\" \/>\n<meta name=\"twitter:site\" content=\"@Exaudi_News\" \/>\n<meta name=\"twitter:label1\" content=\"Scritto da\" \/>\n\t<meta name=\"twitter:data1\" content=\"Jes\u00fas Ortiz L\u00f3pez\" \/>\n\t<meta name=\"twitter:label2\" content=\"Tempo di lettura stimato\" \/>\n\t<meta name=\"twitter:data2\" content=\"6 minuti\" \/>\n<script type=\"application\/ld+json\" class=\"yoast-schema-graph\">{\"@context\":\"https:\\\/\\\/schema.org\",\"@graph\":[{\"@type\":\"Article\",\"@id\":\"https:\\\/\\\/exaudi.org\\\/it\\\/sete-di-dio-ieri-oggi-e-domani\\\/#article\",\"isPartOf\":{\"@id\":\"https:\\\/\\\/exaudi.org\\\/it\\\/sete-di-dio-ieri-oggi-e-domani\\\/\"},\"author\":{\"name\":\"Jes\u00fas Ortiz L\u00f3pez\",\"@id\":\"https:\\\/\\\/exaudi.org\\\/#\\\/schema\\\/person\\\/3c3d6c1d74b3326212e45cd4d50eb7bc\"},\"headline\":\"Sete di Dio ieri, oggi e domani\",\"datePublished\":\"2025-11-21T19:52:21+00:00\",\"mainEntityOfPage\":{\"@id\":\"https:\\\/\\\/exaudi.org\\\/it\\\/sete-di-dio-ieri-oggi-e-domani\\\/\"},\"wordCount\":1307,\"image\":{\"@id\":\"https:\\\/\\\/exaudi.org\\\/it\\\/sete-di-dio-ieri-oggi-e-domani\\\/#primaryimage\"},\"thumbnailUrl\":\"https:\\\/\\\/exaudi.org\\\/wp-content\\\/uploads\\\/2025\\\/11\\\/Escorial-JOL-Exaudi.jpg\",\"keywords\":[\"Escorial\",\"JES\u00daS ORTIZ L\u00d3PEZ\",\"Trending\"],\"articleSection\":[\"Voci\"],\"inLanguage\":\"it-IT\"},{\"@type\":\"WebPage\",\"@id\":\"https:\\\/\\\/exaudi.org\\\/it\\\/sete-di-dio-ieri-oggi-e-domani\\\/\",\"url\":\"https:\\\/\\\/exaudi.org\\\/it\\\/sete-di-dio-ieri-oggi-e-domani\\\/\",\"name\":\"Sete di Dio ieri, oggi e domani &#8211; Exaudi\",\"isPartOf\":{\"@id\":\"https:\\\/\\\/exaudi.org\\\/#website\"},\"primaryImageOfPage\":{\"@id\":\"https:\\\/\\\/exaudi.org\\\/it\\\/sete-di-dio-ieri-oggi-e-domani\\\/#primaryimage\"},\"image\":{\"@id\":\"https:\\\/\\\/exaudi.org\\\/it\\\/sete-di-dio-ieri-oggi-e-domani\\\/#primaryimage\"},\"thumbnailUrl\":\"https:\\\/\\\/exaudi.org\\\/wp-content\\\/uploads\\\/2025\\\/11\\\/Escorial-JOL-Exaudi.jpg\",\"datePublished\":\"2025-11-21T19:52:21+00:00\",\"author\":{\"@id\":\"https:\\\/\\\/exaudi.org\\\/#\\\/schema\\\/person\\\/3c3d6c1d74b3326212e45cd4d50eb7bc\"},\"breadcrumb\":{\"@id\":\"https:\\\/\\\/exaudi.org\\\/it\\\/sete-di-dio-ieri-oggi-e-domani\\\/#breadcrumb\"},\"inLanguage\":\"it-IT\",\"potentialAction\":[{\"@type\":\"ReadAction\",\"target\":[\"https:\\\/\\\/exaudi.org\\\/it\\\/sete-di-dio-ieri-oggi-e-domani\\\/\"]}]},{\"@type\":\"ImageObject\",\"inLanguage\":\"it-IT\",\"@id\":\"https:\\\/\\\/exaudi.org\\\/it\\\/sete-di-dio-ieri-oggi-e-domani\\\/#primaryimage\",\"url\":\"https:\\\/\\\/exaudi.org\\\/wp-content\\\/uploads\\\/2025\\\/11\\\/Escorial-JOL-Exaudi.jpg\",\"contentUrl\":\"https:\\\/\\\/exaudi.org\\\/wp-content\\\/uploads\\\/2025\\\/11\\\/Escorial-JOL-Exaudi.jpg\",\"width\":1229,\"height\":922},{\"@type\":\"BreadcrumbList\",\"@id\":\"https:\\\/\\\/exaudi.org\\\/it\\\/sete-di-dio-ieri-oggi-e-domani\\\/#breadcrumb\",\"itemListElement\":[{\"@type\":\"ListItem\",\"position\":1,\"name\":\"Portada\",\"item\":\"https:\\\/\\\/exaudi.org\\\/it\\\/\"},{\"@type\":\"ListItem\",\"position\":2,\"name\":\"Sete di Dio ieri, oggi e domani\"}]},{\"@type\":\"WebSite\",\"@id\":\"https:\\\/\\\/exaudi.org\\\/#website\",\"url\":\"https:\\\/\\\/exaudi.org\\\/\",\"name\":\"Exaudi\",\"description\":\"News\",\"potentialAction\":[{\"@type\":\"SearchAction\",\"target\":{\"@type\":\"EntryPoint\",\"urlTemplate\":\"https:\\\/\\\/exaudi.org\\\/?s={search_term_string}\"},\"query-input\":{\"@type\":\"PropertyValueSpecification\",\"valueRequired\":true,\"valueName\":\"search_term_string\"}}],\"inLanguage\":\"it-IT\"},{\"@type\":\"Person\",\"@id\":\"https:\\\/\\\/exaudi.org\\\/#\\\/schema\\\/person\\\/3c3d6c1d74b3326212e45cd4d50eb7bc\",\"name\":\"Jes\u00fas Ortiz L\u00f3pez\",\"image\":{\"@type\":\"ImageObject\",\"inLanguage\":\"it-IT\",\"@id\":\"https:\\\/\\\/secure.gravatar.com\\\/avatar\\\/2d7ee77dedc332dcc206ca43529a8190285a10671f125c6318eb213d610dab47?s=96&d=mm&r=g\",\"url\":\"https:\\\/\\\/secure.gravatar.com\\\/avatar\\\/2d7ee77dedc332dcc206ca43529a8190285a10671f125c6318eb213d610dab47?s=96&d=mm&r=g\",\"contentUrl\":\"https:\\\/\\\/secure.gravatar.com\\\/avatar\\\/2d7ee77dedc332dcc206ca43529a8190285a10671f125c6318eb213d610dab47?s=96&d=mm&r=g\",\"caption\":\"Jes\u00fas Ortiz L\u00f3pez\"},\"description\":\"Jes\u00fas Ortiz L\u00f3pez es sacerdote que ejerce su labor pastoral en Madrid. Doctor en Pedagog\u00eda, por la Universidad de Navarra, y tambi\u00e9n Doctor en Derecho Can\u00f3nico. Durante varios a\u00f1os ha ejercido la docencia en esa misma Universidad, como Profesor del actual Instituto Superior de Ciencias Religiosas. Ha dirigido cursos de pedagog\u00eda religiosa para profesores de religi\u00f3n. Es autor de varias obras de sobre aspectos fundamentales de teolog\u00eda y catequ\u00e9tica, tales como: Creo pero no practico; Conocer a Dios; Preguntas comprometidas; Tres pilares de la vida cristiana.\",\"url\":\"https:\\\/\\\/exaudi.org\\\/it\\\/author\\\/jesus-ortiz-lopez\\\/\"}]}<\/script>\n<!-- \/ Yoast SEO plugin. -->","yoast_head_json":{"title":"Sete di Dio ieri, oggi e domani &#8211; Exaudi","robots":{"index":"index","follow":"follow","max-snippet":"max-snippet:-1","max-image-preview":"max-image-preview:large","max-video-preview":"max-video-preview:-1"},"canonical":"https:\/\/exaudi.org\/it\/sete-di-dio-ieri-oggi-e-domani\/","og_locale":"it_IT","og_type":"article","og_title":"Sete di Dio ieri, oggi e domani &#8211; Exaudi","og_description":"Oltre la morte: la speranza cristiana che risponde ai grandi interrogativi","og_url":"https:\/\/exaudi.org\/it\/sete-di-dio-ieri-oggi-e-domani\/","og_site_name":"Exaudi","article_publisher":"https:\/\/www.facebook.com\/ExaudiNews","article_published_time":"2025-11-21T19:52:21+00:00","og_image":[{"width":1229,"height":922,"url":"https:\/\/exaudi.org\/wp-content\/uploads\/2025\/11\/Escorial-JOL-Exaudi.jpg","type":"image\/jpeg"}],"author":"Jes\u00fas Ortiz L\u00f3pez","twitter_card":"summary_large_image","twitter_creator":"@Exaudi_News","twitter_site":"@Exaudi_News","twitter_misc":{"Scritto da":"Jes\u00fas Ortiz L\u00f3pez","Tempo di lettura stimato":"6 minuti"},"schema":{"@context":"https:\/\/schema.org","@graph":[{"@type":"Article","@id":"https:\/\/exaudi.org\/it\/sete-di-dio-ieri-oggi-e-domani\/#article","isPartOf":{"@id":"https:\/\/exaudi.org\/it\/sete-di-dio-ieri-oggi-e-domani\/"},"author":{"name":"Jes\u00fas Ortiz L\u00f3pez","@id":"https:\/\/exaudi.org\/#\/schema\/person\/3c3d6c1d74b3326212e45cd4d50eb7bc"},"headline":"Sete di Dio ieri, oggi e domani","datePublished":"2025-11-21T19:52:21+00:00","mainEntityOfPage":{"@id":"https:\/\/exaudi.org\/it\/sete-di-dio-ieri-oggi-e-domani\/"},"wordCount":1307,"image":{"@id":"https:\/\/exaudi.org\/it\/sete-di-dio-ieri-oggi-e-domani\/#primaryimage"},"thumbnailUrl":"https:\/\/exaudi.org\/wp-content\/uploads\/2025\/11\/Escorial-JOL-Exaudi.jpg","keywords":["Escorial","JES\u00daS ORTIZ L\u00d3PEZ","Trending"],"articleSection":["Voci"],"inLanguage":"it-IT"},{"@type":"WebPage","@id":"https:\/\/exaudi.org\/it\/sete-di-dio-ieri-oggi-e-domani\/","url":"https:\/\/exaudi.org\/it\/sete-di-dio-ieri-oggi-e-domani\/","name":"Sete di Dio ieri, oggi e domani &#8211; Exaudi","isPartOf":{"@id":"https:\/\/exaudi.org\/#website"},"primaryImageOfPage":{"@id":"https:\/\/exaudi.org\/it\/sete-di-dio-ieri-oggi-e-domani\/#primaryimage"},"image":{"@id":"https:\/\/exaudi.org\/it\/sete-di-dio-ieri-oggi-e-domani\/#primaryimage"},"thumbnailUrl":"https:\/\/exaudi.org\/wp-content\/uploads\/2025\/11\/Escorial-JOL-Exaudi.jpg","datePublished":"2025-11-21T19:52:21+00:00","author":{"@id":"https:\/\/exaudi.org\/#\/schema\/person\/3c3d6c1d74b3326212e45cd4d50eb7bc"},"breadcrumb":{"@id":"https:\/\/exaudi.org\/it\/sete-di-dio-ieri-oggi-e-domani\/#breadcrumb"},"inLanguage":"it-IT","potentialAction":[{"@type":"ReadAction","target":["https:\/\/exaudi.org\/it\/sete-di-dio-ieri-oggi-e-domani\/"]}]},{"@type":"ImageObject","inLanguage":"it-IT","@id":"https:\/\/exaudi.org\/it\/sete-di-dio-ieri-oggi-e-domani\/#primaryimage","url":"https:\/\/exaudi.org\/wp-content\/uploads\/2025\/11\/Escorial-JOL-Exaudi.jpg","contentUrl":"https:\/\/exaudi.org\/wp-content\/uploads\/2025\/11\/Escorial-JOL-Exaudi.jpg","width":1229,"height":922},{"@type":"BreadcrumbList","@id":"https:\/\/exaudi.org\/it\/sete-di-dio-ieri-oggi-e-domani\/#breadcrumb","itemListElement":[{"@type":"ListItem","position":1,"name":"Portada","item":"https:\/\/exaudi.org\/it\/"},{"@type":"ListItem","position":2,"name":"Sete di Dio ieri, oggi e domani"}]},{"@type":"WebSite","@id":"https:\/\/exaudi.org\/#website","url":"https:\/\/exaudi.org\/","name":"Exaudi","description":"News","potentialAction":[{"@type":"SearchAction","target":{"@type":"EntryPoint","urlTemplate":"https:\/\/exaudi.org\/?s={search_term_string}"},"query-input":{"@type":"PropertyValueSpecification","valueRequired":true,"valueName":"search_term_string"}}],"inLanguage":"it-IT"},{"@type":"Person","@id":"https:\/\/exaudi.org\/#\/schema\/person\/3c3d6c1d74b3326212e45cd4d50eb7bc","name":"Jes\u00fas Ortiz L\u00f3pez","image":{"@type":"ImageObject","inLanguage":"it-IT","@id":"https:\/\/secure.gravatar.com\/avatar\/2d7ee77dedc332dcc206ca43529a8190285a10671f125c6318eb213d610dab47?s=96&d=mm&r=g","url":"https:\/\/secure.gravatar.com\/avatar\/2d7ee77dedc332dcc206ca43529a8190285a10671f125c6318eb213d610dab47?s=96&d=mm&r=g","contentUrl":"https:\/\/secure.gravatar.com\/avatar\/2d7ee77dedc332dcc206ca43529a8190285a10671f125c6318eb213d610dab47?s=96&d=mm&r=g","caption":"Jes\u00fas Ortiz L\u00f3pez"},"description":"Jes\u00fas Ortiz L\u00f3pez es sacerdote que ejerce su labor pastoral en Madrid. Doctor en Pedagog\u00eda, por la Universidad de Navarra, y tambi\u00e9n Doctor en Derecho Can\u00f3nico. Durante varios a\u00f1os ha ejercido la docencia en esa misma Universidad, como Profesor del actual Instituto Superior de Ciencias Religiosas. Ha dirigido cursos de pedagog\u00eda religiosa para profesores de religi\u00f3n. Es autor de varias obras de sobre aspectos fundamentales de teolog\u00eda y catequ\u00e9tica, tales como: Creo pero no practico; Conocer a Dios; Preguntas comprometidas; Tres pilares de la vida cristiana.","url":"https:\/\/exaudi.org\/it\/author\/jesus-ortiz-lopez\/"}]}},"jetpack_featured_media_url":"https:\/\/exaudi.org\/wp-content\/uploads\/2025\/11\/Escorial-JOL-Exaudi.jpg","jetpack_shortlink":"https:\/\/wp.me\/pgKjF2-CiS","_links":{"self":[{"href":"https:\/\/exaudi.org\/it\/wp-json\/wp\/v2\/posts\/147242","targetHints":{"allow":["GET"]}}],"collection":[{"href":"https:\/\/exaudi.org\/it\/wp-json\/wp\/v2\/posts"}],"about":[{"href":"https:\/\/exaudi.org\/it\/wp-json\/wp\/v2\/types\/post"}],"author":[{"embeddable":true,"href":"https:\/\/exaudi.org\/it\/wp-json\/wp\/v2\/users\/128"}],"replies":[{"embeddable":true,"href":"https:\/\/exaudi.org\/it\/wp-json\/wp\/v2\/comments?post=147242"}],"version-history":[{"count":3,"href":"https:\/\/exaudi.org\/it\/wp-json\/wp\/v2\/posts\/147242\/revisions"}],"predecessor-version":[{"id":147258,"href":"https:\/\/exaudi.org\/it\/wp-json\/wp\/v2\/posts\/147242\/revisions\/147258"}],"wp:featuredmedia":[{"embeddable":true,"href":"https:\/\/exaudi.org\/it\/wp-json\/wp\/v2\/media\/147145"}],"wp:attachment":[{"href":"https:\/\/exaudi.org\/it\/wp-json\/wp\/v2\/media?parent=147242"}],"wp:term":[{"taxonomy":"category","embeddable":true,"href":"https:\/\/exaudi.org\/it\/wp-json\/wp\/v2\/categories?post=147242"},{"taxonomy":"post_tag","embeddable":true,"href":"https:\/\/exaudi.org\/it\/wp-json\/wp\/v2\/tags?post=147242"}],"curies":[{"name":"wp","href":"https:\/\/api.w.org\/{rel}","templated":true}]}}