{"id":147052,"date":"2025-11-20T17:16:47","date_gmt":"2025-11-20T16:16:47","guid":{"rendered":"https:\/\/exaudi.org\/?p=147052"},"modified":"2025-11-20T17:16:47","modified_gmt":"2025-11-20T16:16:47","slug":"papa-leone-xiv-prega-sulla-tomba-di-san-francesco-dassisi","status":"publish","type":"post","link":"https:\/\/exaudi.org\/it\/papa-leone-xiv-prega-sulla-tomba-di-san-francesco-dassisi\/","title":{"rendered":"Papa Leone XIV prega sulla tomba di San Francesco d&#8217;Assisi"},"content":{"rendered":"<div class=\"nt_content\">\n<p dir=\"auto\"><span dir=\"auto\" style=\"vertical-align: inherit\"><span dir=\"auto\" style=\"vertical-align: inherit\">Gioved\u00ec, Papa Leone XIV ha visitato la citt\u00e0 di Assisi, dove ha partecipato a un incontro con i vescovi della Conferenza Episcopale Italiana (CEI) in occasione della loro 81\u00aa Assemblea Generale. Prima di recarsi alla Basilica di Santa Maria degli Angeli, il Pontefice ha fatto una toccante sosta alla Basilica Inferiore di San Francesco per pregare sulla tomba del santo di Assisi, detto il\u00a0 <\/span><\/span><em><span dir=\"auto\" style=\"vertical-align: inherit\"><span dir=\"auto\" style=\"vertical-align: inherit\">Poverello<\/span><\/span><\/em><span dir=\"auto\" style=\"vertical-align: inherit\"><span dir=\"auto\" style=\"vertical-align: inherit\">.<\/span><\/span><\/p>\n<p dir=\"auto\"><span dir=\"auto\" style=\"vertical-align: inherit\"><span dir=\"auto\" style=\"vertical-align: inherit\">&#8220;\u00c8 una benedizione poter giungere oggi in questo luogo sacro. Ci stiamo avvicinando all&#8217;800\u00b0 anniversario della morte di San Francesco, che ci offre l&#8217;opportunit\u00e0 di prepararci a celebrare questo grande, umile e povero Santo, mentre il mondo cerca segni di speranza&#8221;, sono state le prime parole pronunciate pubblicamente da Papa Leone XIV ad Assisi, sottolineando l&#8217;attualit\u00e0 del messaggio francescano in un mondo bisognoso di segni di pace e rinnovamento.<\/span><\/span><\/p>\n<h3 dir=\"auto\"><strong><span dir=\"auto\" style=\"vertical-align: inherit\"><span dir=\"auto\" style=\"vertical-align: inherit\">Arrivo nella citt\u00e0 del Poverello<\/span><\/span><\/strong><\/h3>\n<p dir=\"auto\"><span dir=\"auto\" style=\"vertical-align: inherit\"><span dir=\"auto\" style=\"vertical-align: inherit\">Il Santo Padre \u00e8 arrivato in elicottero questa mattina, atterrando poco dopo le 8:00 allo stadio di Bastia Umbra. Da l\u00ec, si \u00e8 recato in auto ad Assisi, citt\u00e0 rinomata per la sua ricchezza artistica, storica e spirituale, che ha attratto milioni di pellegrini nel corso dei secoli. Venti papi hanno visitato questo luogo, tra cui Papa Francesco, che nel 2020 ha firmato qui la sua enciclica\u00a0 <\/span><\/span><em><span dir=\"auto\" style=\"vertical-align: inherit\"><span dir=\"auto\" style=\"vertical-align: inherit\">Fratelli tutti<\/span><\/span><\/em><span dir=\"auto\" style=\"vertical-align: inherit\"><span dir=\"auto\" style=\"vertical-align: inherit\"> \u00a0sulla fraternit\u00e0 e l&#8217;amicizia sociale.<\/span><\/span><\/p>\n<h3 dir=\"auto\"><strong><span dir=\"auto\" style=\"vertical-align: inherit\"><span dir=\"auto\" style=\"vertical-align: inherit\">Momento di preghiera nella cripta<\/span><\/span><\/strong><\/h3>\n<p dir=\"auto\"><span dir=\"auto\" style=\"vertical-align: inherit\"><span dir=\"auto\" style=\"vertical-align: inherit\">Poco dopo le 8.30, sotto una pioggia battente che non ha scoraggiato i fedeli radunati in piazza \u2013 che lo hanno accolto con cori entusiastici di &#8220;Viva il Papa!&#8221; \u2013, Leone XIV \u00e8 stato accolto nella Basilica inferiore dal cardinale Matteo Zuppi, presidente della CEI, e da fra Marco Moroni, custode del Sacro Convento, insieme ad altri frati francescani.<\/span><\/span><\/p>\n<p dir=\"auto\"><span dir=\"auto\" style=\"vertical-align: inherit\"><span dir=\"auto\" style=\"vertical-align: inherit\">Nella cripta, illuminata dalla lampada votiva \u2013 il cui olio \u00e8 stato donato quest&#8217;anno dalla Regione Abruzzo e reca l&#8217;iscrizione del verso dantesco &#8220;\u00c8 solo un raggio della sua luce&#8221; \u2013 il Papa \u00e8 rimasto in silenzio davanti alle antiche mura di pietra che racchiudono le spoglie del Patrono d&#8217;Italia, proprio sotto l&#8217;altare maggiore. Questo gesto rientra nei preparativi per le celebrazioni dell&#8217;ottavo centenario della morte di San Francesco, che includeranno l&#8217;esposizione delle sue reliquie.<\/span><\/span><\/p>\n<p dir=\"auto\"><span dir=\"auto\" style=\"vertical-align: inherit\"><span dir=\"auto\" style=\"vertical-align: inherit\">In un momento di profonda intimit\u00e0, trasmesso al mondo esterno attraverso gli altoparlanti, il Pontefice ha ribadito come la figura umile e radicale del santo continui a essere un faro di speranza per la Chiesa e per il mondo intero, anche a ottocento anni dalla sua scomparsa.<\/span><\/span><\/p>\n<p dir=\"auto\"><span dir=\"auto\" style=\"vertical-align: inherit\"><span dir=\"auto\" style=\"vertical-align: inherit\">La visita di Papa Leone XIV ad Assisi sottolinea ancora una volta l&#8217;attualit\u00e0 perenne del carisma francescano: povert\u00e0, fraternit\u00e0 e cura del creato come vie per rispondere al desiderio di pace e di speranza dell&#8217;umanit\u00e0 di oggi.<\/span><\/span><\/p>\n<\/div>\n<div class=\"author_bio \">\n<div class=\"ab_right\">\n<div class=\"social_autor_links\"><\/div>\n<\/div>\n<\/div>\n","protected":false},"excerpt":{"rendered":"<p>Alla ricerca di segni di speranza per il mondo<\/p>\n","protected":false},"author":17,"featured_media":147027,"comment_status":"closed","ping_status":"closed","sticky":false,"template":"","format":"standard","meta":{"_acf_changed":false,"_crdt_document":"","inline_featured_image":false,"footnotes":""},"categories":[67],"tags":[81997,81994,61671,349,64850,1885,64539,81996,64910,79155,82000,58164,81999,82001,82002,81998,4201,81995,82003,64787,266,82004],"class_list":["post-147052","post","type-post","status-publish","format-standard","has-post-thumbnail","hentry","category-leone-xiv","tag-800-anniversario-di-san-francesco","tag-basilica-di-san-francesco","tag-cardinale-zuppi","tag-cei","tag-chiesa-cattolica-it","tag-cura-del-creato","tag-fratelli-tutti-it","tag-fraternita-francescana","tag-leone-xiv-it","tag-novembre-2025","tag-pace-e-poverta","tag-papa-leone-xiv","tag-patrono-ditalia","tag-pellegrinaggio-papale","tag-poverello-2","tag-preghiera-del-papa-ad-assisi","tag-san-francesco-dassisi","tag-speranza-per-il-mondo","tag-tomba-di-san-francesco","tag-trending-it-236","tag-vaticano","tag-visita-papale-ad-assisi-2025"],"acf":[],"yoast_head":"<!-- This site is optimized with the Yoast SEO plugin v27.4 - https:\/\/yoast.com\/product\/yoast-seo-wordpress\/ -->\n<title>Papa Leone XIV prega sulla tomba di San Francesco d&#039;Assisi &#8211; Exaudi<\/title>\n<meta name=\"robots\" content=\"index, follow, max-snippet:-1, max-image-preview:large, max-video-preview:-1\" \/>\n<link rel=\"canonical\" href=\"https:\/\/exaudi.org\/it\/papa-leone-xiv-prega-sulla-tomba-di-san-francesco-dassisi\/\" \/>\n<meta property=\"og:locale\" content=\"it_IT\" \/>\n<meta property=\"og:type\" content=\"article\" \/>\n<meta property=\"og:title\" content=\"Papa Leone XIV prega sulla tomba di San Francesco d&#039;Assisi &#8211; Exaudi\" \/>\n<meta property=\"og:description\" content=\"Alla ricerca di segni di speranza per il mondo\" \/>\n<meta property=\"og:url\" content=\"https:\/\/exaudi.org\/it\/papa-leone-xiv-prega-sulla-tomba-di-san-francesco-dassisi\/\" \/>\n<meta property=\"og:site_name\" content=\"Exaudi\" \/>\n<meta property=\"article:publisher\" content=\"https:\/\/www.facebook.com\/ExaudiNews\" \/>\n<meta property=\"article:author\" content=\"https:\/\/www.facebook.com\/ExaudiNotizie\/\" \/>\n<meta property=\"article:published_time\" content=\"2025-11-20T16:16:47+00:00\" \/>\n<meta property=\"og:image\" content=\"https:\/\/exaudi.org\/wp-content\/uploads\/2025\/11\/cq5dam.thumbnail.cropped.750.422-2-4.jpeg\" \/>\n\t<meta property=\"og:image:width\" content=\"750\" \/>\n\t<meta property=\"og:image:height\" content=\"422\" \/>\n\t<meta property=\"og:image:type\" content=\"image\/jpeg\" \/>\n<meta name=\"author\" content=\"Exaudi Redazione\" \/>\n<meta name=\"twitter:card\" content=\"summary_large_image\" \/>\n<meta name=\"twitter:creator\" content=\"@Exaudi_Notizie\" \/>\n<meta name=\"twitter:site\" content=\"@Exaudi_News\" \/>\n<meta name=\"twitter:label1\" content=\"Scritto da\" \/>\n\t<meta name=\"twitter:data1\" content=\"Exaudi Redazione\" \/>\n\t<meta name=\"twitter:label2\" content=\"Tempo di lettura stimato\" \/>\n\t<meta name=\"twitter:data2\" content=\"2 minuti\" \/>\n<script type=\"application\/ld+json\" class=\"yoast-schema-graph\">{\"@context\":\"https:\\\/\\\/schema.org\",\"@graph\":[{\"@type\":\"Article\",\"@id\":\"https:\\\/\\\/exaudi.org\\\/it\\\/papa-leone-xiv-prega-sulla-tomba-di-san-francesco-dassisi\\\/#article\",\"isPartOf\":{\"@id\":\"https:\\\/\\\/exaudi.org\\\/it\\\/papa-leone-xiv-prega-sulla-tomba-di-san-francesco-dassisi\\\/\"},\"author\":{\"name\":\"Exaudi Redazione\",\"@id\":\"https:\\\/\\\/exaudi.org\\\/#\\\/schema\\\/person\\\/e1ab6ed07c01774724dd96f925f3a5f0\"},\"headline\":\"Papa Leone XIV prega sulla tomba di San Francesco d&#8217;Assisi\",\"datePublished\":\"2025-11-20T16:16:47+00:00\",\"mainEntityOfPage\":{\"@id\":\"https:\\\/\\\/exaudi.org\\\/it\\\/papa-leone-xiv-prega-sulla-tomba-di-san-francesco-dassisi\\\/\"},\"wordCount\":443,\"image\":{\"@id\":\"https:\\\/\\\/exaudi.org\\\/it\\\/papa-leone-xiv-prega-sulla-tomba-di-san-francesco-dassisi\\\/#primaryimage\"},\"thumbnailUrl\":\"https:\\\/\\\/exaudi.org\\\/wp-content\\\/uploads\\\/2025\\\/11\\\/cq5dam.thumbnail.cropped.750.422-2-4.jpeg\",\"keywords\":[\"800\u00b0 anniversario di San Francesco\",\"Basilica di San Francesco\",\"Cardinale Zuppi\",\"Cei\",\"CHIESA CATTOLICA\",\"cura del creato\",\"Fratelli Tutti\",\"Fraternit\u00e0 francescana\",\"Leone XIV\",\"novembre 2025\",\"pace e povert\u00e0\",\"Papa Leone XIV\",\"Patrono d'Italia\",\"pellegrinaggio papale\",\"Poverello\",\"Preghiera del Papa ad Assisi\",\"San Francesco d'Assisi\",\"speranza per il mondo\",\"tomba di San Francesco\",\"Trending\",\"Vaticano\",\"visita papale ad Assisi 2025\"],\"articleSection\":[\"Leone XIV\"],\"inLanguage\":\"it-IT\"},{\"@type\":\"WebPage\",\"@id\":\"https:\\\/\\\/exaudi.org\\\/it\\\/papa-leone-xiv-prega-sulla-tomba-di-san-francesco-dassisi\\\/\",\"url\":\"https:\\\/\\\/exaudi.org\\\/it\\\/papa-leone-xiv-prega-sulla-tomba-di-san-francesco-dassisi\\\/\",\"name\":\"Papa Leone XIV prega sulla tomba di San Francesco d'Assisi &#8211; Exaudi\",\"isPartOf\":{\"@id\":\"https:\\\/\\\/exaudi.org\\\/#website\"},\"primaryImageOfPage\":{\"@id\":\"https:\\\/\\\/exaudi.org\\\/it\\\/papa-leone-xiv-prega-sulla-tomba-di-san-francesco-dassisi\\\/#primaryimage\"},\"image\":{\"@id\":\"https:\\\/\\\/exaudi.org\\\/it\\\/papa-leone-xiv-prega-sulla-tomba-di-san-francesco-dassisi\\\/#primaryimage\"},\"thumbnailUrl\":\"https:\\\/\\\/exaudi.org\\\/wp-content\\\/uploads\\\/2025\\\/11\\\/cq5dam.thumbnail.cropped.750.422-2-4.jpeg\",\"datePublished\":\"2025-11-20T16:16:47+00:00\",\"author\":{\"@id\":\"https:\\\/\\\/exaudi.org\\\/#\\\/schema\\\/person\\\/e1ab6ed07c01774724dd96f925f3a5f0\"},\"breadcrumb\":{\"@id\":\"https:\\\/\\\/exaudi.org\\\/it\\\/papa-leone-xiv-prega-sulla-tomba-di-san-francesco-dassisi\\\/#breadcrumb\"},\"inLanguage\":\"it-IT\",\"potentialAction\":[{\"@type\":\"ReadAction\",\"target\":[\"https:\\\/\\\/exaudi.org\\\/it\\\/papa-leone-xiv-prega-sulla-tomba-di-san-francesco-dassisi\\\/\"]}]},{\"@type\":\"ImageObject\",\"inLanguage\":\"it-IT\",\"@id\":\"https:\\\/\\\/exaudi.org\\\/it\\\/papa-leone-xiv-prega-sulla-tomba-di-san-francesco-dassisi\\\/#primaryimage\",\"url\":\"https:\\\/\\\/exaudi.org\\\/wp-content\\\/uploads\\\/2025\\\/11\\\/cq5dam.thumbnail.cropped.750.422-2-4.jpeg\",\"contentUrl\":\"https:\\\/\\\/exaudi.org\\\/wp-content\\\/uploads\\\/2025\\\/11\\\/cq5dam.thumbnail.cropped.750.422-2-4.jpeg\",\"width\":750,\"height\":422},{\"@type\":\"BreadcrumbList\",\"@id\":\"https:\\\/\\\/exaudi.org\\\/it\\\/papa-leone-xiv-prega-sulla-tomba-di-san-francesco-dassisi\\\/#breadcrumb\",\"itemListElement\":[{\"@type\":\"ListItem\",\"position\":1,\"name\":\"Portada\",\"item\":\"https:\\\/\\\/exaudi.org\\\/it\\\/\"},{\"@type\":\"ListItem\",\"position\":2,\"name\":\"Papa Leone XIV prega sulla tomba di San Francesco d&#8217;Assisi\"}]},{\"@type\":\"WebSite\",\"@id\":\"https:\\\/\\\/exaudi.org\\\/#website\",\"url\":\"https:\\\/\\\/exaudi.org\\\/\",\"name\":\"Exaudi\",\"description\":\"News\",\"potentialAction\":[{\"@type\":\"SearchAction\",\"target\":{\"@type\":\"EntryPoint\",\"urlTemplate\":\"https:\\\/\\\/exaudi.org\\\/?s={search_term_string}\"},\"query-input\":{\"@type\":\"PropertyValueSpecification\",\"valueRequired\":true,\"valueName\":\"search_term_string\"}}],\"inLanguage\":\"it-IT\"},{\"@type\":\"Person\",\"@id\":\"https:\\\/\\\/exaudi.org\\\/#\\\/schema\\\/person\\\/e1ab6ed07c01774724dd96f925f3a5f0\",\"name\":\"Exaudi Redazione\",\"image\":{\"@type\":\"ImageObject\",\"inLanguage\":\"it-IT\",\"@id\":\"https:\\\/\\\/secure.gravatar.com\\\/avatar\\\/ad6774b3ada023bf5b939d64f45c94b3adf91502dd883507d469b4308a943bb3?s=96&d=mm&r=g\",\"url\":\"https:\\\/\\\/secure.gravatar.com\\\/avatar\\\/ad6774b3ada023bf5b939d64f45c94b3adf91502dd883507d469b4308a943bb3?s=96&d=mm&r=g\",\"contentUrl\":\"https:\\\/\\\/secure.gravatar.com\\\/avatar\\\/ad6774b3ada023bf5b939d64f45c94b3adf91502dd883507d469b4308a943bb3?s=96&d=mm&r=g\",\"caption\":\"Exaudi Redazione\"},\"description\":\"Che cosa \u00e8 Exaudi News? Exaudi News \u00e8 un agenzia cattolica internazionale che informa, istruisce e trasforma quotidianamente in spagnolo, inglese e italiano. Attraverso notizie, articoli di analisi e trasmissioni in diretta degli eventi del Papa, Exaudi cerca di rafforzare l'unit\u00e0 dei cristiani e di contribuire all'evangelizzazione del mondo, sempre guidato dalla dottrina sociale della Chiesa. Lavoriamo per portare la verit\u00e0 e i valori cristiani in ogni angolo del pianeta. Aiutaci a trasformare il mondo con Exaudi! Noi di Exaudi crediamo che l'evangelizzazione e l'informazione di qualit\u00e0 possano cambiare la vita. Per continuare la nostra missione ed espandere la nostra portata, abbiamo bisogno del tuo aiuto. Stiamo anche cercando persone motivate che vogliano unirsi al nostro team. Grazie al vostro sostegno raggiungeremo pi\u00f9 persone, diffonderemo il messaggio di Cristo e rafforzeremo l'unit\u00e0 dei cristiani. Vuoi unirti alla nostra missione? Per maggiori informazioni su come contribuire, visita Exaudi.org\\\/it o contattaci direttamente: info@exaudi.org Exaudi: informa, forma e trasforma.\",\"sameAs\":[\"https:\\\/\\\/www.facebook.com\\\/ExaudiNotizie\\\/\",\"https:\\\/\\\/www.instagram.com\\\/Exaudi_notizie\\\/\",\"https:\\\/\\\/x.com\\\/Exaudi_Notizie\",\"https:\\\/\\\/www.youtube.com\\\/@exaudicatholicnews\"],\"url\":\"https:\\\/\\\/exaudi.org\\\/it\\\/author\\\/dlvedi-org\\\/\"}]}<\/script>\n<!-- \/ Yoast SEO plugin. -->","yoast_head_json":{"title":"Papa Leone XIV prega sulla tomba di San Francesco d'Assisi &#8211; Exaudi","robots":{"index":"index","follow":"follow","max-snippet":"max-snippet:-1","max-image-preview":"max-image-preview:large","max-video-preview":"max-video-preview:-1"},"canonical":"https:\/\/exaudi.org\/it\/papa-leone-xiv-prega-sulla-tomba-di-san-francesco-dassisi\/","og_locale":"it_IT","og_type":"article","og_title":"Papa Leone XIV prega sulla tomba di San Francesco d'Assisi &#8211; Exaudi","og_description":"Alla ricerca di segni di speranza per il mondo","og_url":"https:\/\/exaudi.org\/it\/papa-leone-xiv-prega-sulla-tomba-di-san-francesco-dassisi\/","og_site_name":"Exaudi","article_publisher":"https:\/\/www.facebook.com\/ExaudiNews","article_author":"https:\/\/www.facebook.com\/ExaudiNotizie\/","article_published_time":"2025-11-20T16:16:47+00:00","og_image":[{"width":750,"height":422,"url":"https:\/\/exaudi.org\/wp-content\/uploads\/2025\/11\/cq5dam.thumbnail.cropped.750.422-2-4.jpeg","type":"image\/jpeg"}],"author":"Exaudi Redazione","twitter_card":"summary_large_image","twitter_creator":"@Exaudi_Notizie","twitter_site":"@Exaudi_News","twitter_misc":{"Scritto da":"Exaudi Redazione","Tempo di lettura stimato":"2 minuti"},"schema":{"@context":"https:\/\/schema.org","@graph":[{"@type":"Article","@id":"https:\/\/exaudi.org\/it\/papa-leone-xiv-prega-sulla-tomba-di-san-francesco-dassisi\/#article","isPartOf":{"@id":"https:\/\/exaudi.org\/it\/papa-leone-xiv-prega-sulla-tomba-di-san-francesco-dassisi\/"},"author":{"name":"Exaudi Redazione","@id":"https:\/\/exaudi.org\/#\/schema\/person\/e1ab6ed07c01774724dd96f925f3a5f0"},"headline":"Papa Leone XIV prega sulla tomba di San Francesco d&#8217;Assisi","datePublished":"2025-11-20T16:16:47+00:00","mainEntityOfPage":{"@id":"https:\/\/exaudi.org\/it\/papa-leone-xiv-prega-sulla-tomba-di-san-francesco-dassisi\/"},"wordCount":443,"image":{"@id":"https:\/\/exaudi.org\/it\/papa-leone-xiv-prega-sulla-tomba-di-san-francesco-dassisi\/#primaryimage"},"thumbnailUrl":"https:\/\/exaudi.org\/wp-content\/uploads\/2025\/11\/cq5dam.thumbnail.cropped.750.422-2-4.jpeg","keywords":["800\u00b0 anniversario di San Francesco","Basilica di San Francesco","Cardinale Zuppi","Cei","CHIESA CATTOLICA","cura del creato","Fratelli Tutti","Fraternit\u00e0 francescana","Leone XIV","novembre 2025","pace e povert\u00e0","Papa Leone XIV","Patrono d'Italia","pellegrinaggio papale","Poverello","Preghiera del Papa ad Assisi","San Francesco d'Assisi","speranza per il mondo","tomba di San Francesco","Trending","Vaticano","visita papale ad Assisi 2025"],"articleSection":["Leone XIV"],"inLanguage":"it-IT"},{"@type":"WebPage","@id":"https:\/\/exaudi.org\/it\/papa-leone-xiv-prega-sulla-tomba-di-san-francesco-dassisi\/","url":"https:\/\/exaudi.org\/it\/papa-leone-xiv-prega-sulla-tomba-di-san-francesco-dassisi\/","name":"Papa Leone XIV prega sulla tomba di San Francesco d'Assisi &#8211; Exaudi","isPartOf":{"@id":"https:\/\/exaudi.org\/#website"},"primaryImageOfPage":{"@id":"https:\/\/exaudi.org\/it\/papa-leone-xiv-prega-sulla-tomba-di-san-francesco-dassisi\/#primaryimage"},"image":{"@id":"https:\/\/exaudi.org\/it\/papa-leone-xiv-prega-sulla-tomba-di-san-francesco-dassisi\/#primaryimage"},"thumbnailUrl":"https:\/\/exaudi.org\/wp-content\/uploads\/2025\/11\/cq5dam.thumbnail.cropped.750.422-2-4.jpeg","datePublished":"2025-11-20T16:16:47+00:00","author":{"@id":"https:\/\/exaudi.org\/#\/schema\/person\/e1ab6ed07c01774724dd96f925f3a5f0"},"breadcrumb":{"@id":"https:\/\/exaudi.org\/it\/papa-leone-xiv-prega-sulla-tomba-di-san-francesco-dassisi\/#breadcrumb"},"inLanguage":"it-IT","potentialAction":[{"@type":"ReadAction","target":["https:\/\/exaudi.org\/it\/papa-leone-xiv-prega-sulla-tomba-di-san-francesco-dassisi\/"]}]},{"@type":"ImageObject","inLanguage":"it-IT","@id":"https:\/\/exaudi.org\/it\/papa-leone-xiv-prega-sulla-tomba-di-san-francesco-dassisi\/#primaryimage","url":"https:\/\/exaudi.org\/wp-content\/uploads\/2025\/11\/cq5dam.thumbnail.cropped.750.422-2-4.jpeg","contentUrl":"https:\/\/exaudi.org\/wp-content\/uploads\/2025\/11\/cq5dam.thumbnail.cropped.750.422-2-4.jpeg","width":750,"height":422},{"@type":"BreadcrumbList","@id":"https:\/\/exaudi.org\/it\/papa-leone-xiv-prega-sulla-tomba-di-san-francesco-dassisi\/#breadcrumb","itemListElement":[{"@type":"ListItem","position":1,"name":"Portada","item":"https:\/\/exaudi.org\/it\/"},{"@type":"ListItem","position":2,"name":"Papa Leone XIV prega sulla tomba di San Francesco d&#8217;Assisi"}]},{"@type":"WebSite","@id":"https:\/\/exaudi.org\/#website","url":"https:\/\/exaudi.org\/","name":"Exaudi","description":"News","potentialAction":[{"@type":"SearchAction","target":{"@type":"EntryPoint","urlTemplate":"https:\/\/exaudi.org\/?s={search_term_string}"},"query-input":{"@type":"PropertyValueSpecification","valueRequired":true,"valueName":"search_term_string"}}],"inLanguage":"it-IT"},{"@type":"Person","@id":"https:\/\/exaudi.org\/#\/schema\/person\/e1ab6ed07c01774724dd96f925f3a5f0","name":"Exaudi Redazione","image":{"@type":"ImageObject","inLanguage":"it-IT","@id":"https:\/\/secure.gravatar.com\/avatar\/ad6774b3ada023bf5b939d64f45c94b3adf91502dd883507d469b4308a943bb3?s=96&d=mm&r=g","url":"https:\/\/secure.gravatar.com\/avatar\/ad6774b3ada023bf5b939d64f45c94b3adf91502dd883507d469b4308a943bb3?s=96&d=mm&r=g","contentUrl":"https:\/\/secure.gravatar.com\/avatar\/ad6774b3ada023bf5b939d64f45c94b3adf91502dd883507d469b4308a943bb3?s=96&d=mm&r=g","caption":"Exaudi Redazione"},"description":"Che cosa \u00e8 Exaudi News? Exaudi News \u00e8 un agenzia cattolica internazionale che informa, istruisce e trasforma quotidianamente in spagnolo, inglese e italiano. Attraverso notizie, articoli di analisi e trasmissioni in diretta degli eventi del Papa, Exaudi cerca di rafforzare l'unit\u00e0 dei cristiani e di contribuire all'evangelizzazione del mondo, sempre guidato dalla dottrina sociale della Chiesa. Lavoriamo per portare la verit\u00e0 e i valori cristiani in ogni angolo del pianeta. Aiutaci a trasformare il mondo con Exaudi! Noi di Exaudi crediamo che l'evangelizzazione e l'informazione di qualit\u00e0 possano cambiare la vita. Per continuare la nostra missione ed espandere la nostra portata, abbiamo bisogno del tuo aiuto. Stiamo anche cercando persone motivate che vogliano unirsi al nostro team. Grazie al vostro sostegno raggiungeremo pi\u00f9 persone, diffonderemo il messaggio di Cristo e rafforzeremo l'unit\u00e0 dei cristiani. Vuoi unirti alla nostra missione? Per maggiori informazioni su come contribuire, visita Exaudi.org\/it o contattaci direttamente: info@exaudi.org Exaudi: informa, forma e trasforma.","sameAs":["https:\/\/www.facebook.com\/ExaudiNotizie\/","https:\/\/www.instagram.com\/Exaudi_notizie\/","https:\/\/x.com\/Exaudi_Notizie","https:\/\/www.youtube.com\/@exaudicatholicnews"],"url":"https:\/\/exaudi.org\/it\/author\/dlvedi-org\/"}]}},"jetpack_featured_media_url":"https:\/\/exaudi.org\/wp-content\/uploads\/2025\/11\/cq5dam.thumbnail.cropped.750.422-2-4.jpeg","jetpack_shortlink":"https:\/\/wp.me\/pgKjF2-CfO","_links":{"self":[{"href":"https:\/\/exaudi.org\/it\/wp-json\/wp\/v2\/posts\/147052","targetHints":{"allow":["GET"]}}],"collection":[{"href":"https:\/\/exaudi.org\/it\/wp-json\/wp\/v2\/posts"}],"about":[{"href":"https:\/\/exaudi.org\/it\/wp-json\/wp\/v2\/types\/post"}],"author":[{"embeddable":true,"href":"https:\/\/exaudi.org\/it\/wp-json\/wp\/v2\/users\/17"}],"replies":[{"embeddable":true,"href":"https:\/\/exaudi.org\/it\/wp-json\/wp\/v2\/comments?post=147052"}],"version-history":[{"count":3,"href":"https:\/\/exaudi.org\/it\/wp-json\/wp\/v2\/posts\/147052\/revisions"}],"predecessor-version":[{"id":147055,"href":"https:\/\/exaudi.org\/it\/wp-json\/wp\/v2\/posts\/147052\/revisions\/147055"}],"wp:featuredmedia":[{"embeddable":true,"href":"https:\/\/exaudi.org\/it\/wp-json\/wp\/v2\/media\/147027"}],"wp:attachment":[{"href":"https:\/\/exaudi.org\/it\/wp-json\/wp\/v2\/media?parent=147052"}],"wp:term":[{"taxonomy":"category","embeddable":true,"href":"https:\/\/exaudi.org\/it\/wp-json\/wp\/v2\/categories?post=147052"},{"taxonomy":"post_tag","embeddable":true,"href":"https:\/\/exaudi.org\/it\/wp-json\/wp\/v2\/tags?post=147052"}],"curies":[{"name":"wp","href":"https:\/\/api.w.org\/{rel}","templated":true}]}}