{"id":146980,"date":"2025-11-19T18:24:58","date_gmt":"2025-11-19T17:24:58","guid":{"rendered":"https:\/\/exaudi.org\/?p=146980"},"modified":"2025-11-19T18:24:58","modified_gmt":"2025-11-19T17:24:58","slug":"in-ucraina-si-continua-a-morire-dobbiamo-insistere-per-la-pace","status":"publish","type":"post","link":"https:\/\/exaudi.org\/it\/in-ucraina-si-continua-a-morire-dobbiamo-insistere-per-la-pace\/","title":{"rendered":"In Ucraina si continua a morire; &#8220;dobbiamo insistere per la pace&#8221;"},"content":{"rendered":"<p><span dir=\"auto\" style=\"vertical-align: inherit\"><span dir=\"auto\" style=\"vertical-align: inherit\">Dalla pace in Ucraina alle politiche migratorie degli Stati Uniti, dal terrorismo in Nigeria ai suoi possibili viaggi nel 2026, fino al suo soggiorno a Castel Gandolfo, temi internazionali e personali sono stati al centro del colloquio di questa sera, 18 novembre, tra Papa Leone XIV e un gruppo di giornalisti di varie lingue e testate giornalistiche riuniti nella cittadina laziale, dove il Pontefice \u00e8 tornato ieri sera per il suo giorno di riposo settimanale.<\/span><\/span><\/p>\n<h3><strong><span dir=\"auto\" style=\"vertical-align: inherit\"><span dir=\"auto\" style=\"vertical-align: inherit\">Pace in Ucraina<\/span><\/span><\/strong><\/h3>\n<p><span dir=\"auto\" style=\"vertical-align: inherit\"><span dir=\"auto\" style=\"vertical-align: inherit\">Uscendo dalla residenza di Villa Barberini, accolto dagli applausi e dai cori della folla radunata in strada, il Papa, come di consueto, ha risposto alle domande dei giornalisti, a cominciare da una sull&#8217;Ucraina, ancora sottoposta a intensi bombardamenti russi. Alla vigilia del tentativo di riprendere i negoziati in Turchia, al Papa \u00e8 stato chiesto della possibilit\u00e0 di cedere territorio alla Russia per porre fine alla guerra. Uno scenario recentemente sollevato anche dal presidente degli Stati Uniti Donald Trump. &#8220;Questo spetta a loro decidere; la Costituzione ucraina \u00e8 molto chiara&#8221;, ha affermato Leone XIV. &#8220;Il problema \u00e8 che non c&#8217;\u00e8 un cessate il fuoco, non riescono a raggiungere un punto in cui possano parlare e vedere come risolvere questo problema&#8230; Purtroppo, ogni giorno muoiono persone. Credo che dobbiamo insistere sulla pace, iniziando con questo: &#8220;cessate il fuoco&#8221; e poi impegnandoci nel dialogo&#8221;.<\/span><\/span><\/p>\n<h3><strong><span dir=\"auto\" style=\"vertical-align: inherit\"><span dir=\"auto\" style=\"vertical-align: inherit\">Misure contro i migranti negli Stati Uniti<\/span><\/span><\/strong><\/h3>\n<p><span dir=\"auto\" style=\"vertical-align: inherit\"><span dir=\"auto\" style=\"vertical-align: inherit\">Il Papa ha anche commentato la dichiarazione del 13 novembre della Conferenza Episcopale degli Stati Uniti (USCCB) sui migranti e i richiedenti asilo, rilasciata da Baltimora, dove si \u00e8 tenuta la sessione plenaria dell&#8217;USCCB. Per la prima volta da anni, i vescovi americani hanno pubblicato una lettera pastorale in cui dicono &#8220;no&#8221; alle deportazioni di massa, esprimendo la loro preoccupazione per la situazione nel Paese e ribadendo che la sicurezza nazionale e la tutela della dignit\u00e0 umana non sono incompatibili. A questo proposito, il Papa ha espresso il suo apprezzamento per la dichiarazione dei vescovi, definendola &#8220;molto importante&#8221;. &#8220;Vorrei invitare, soprattutto, tutti i cattolici, ma anche le persone di buona volont\u00e0, ad ascoltare attentamente ci\u00f2 che hanno detto. Credo che dobbiamo cercare il modo di trattare le persone con umanit\u00e0, trattandole con la dignit\u00e0 che possiedono&#8221;.<\/span><\/span><\/p>\n<p><span dir=\"auto\" style=\"vertical-align: inherit\"><span dir=\"auto\" style=\"vertical-align: inherit\">&#8220;Se qualcuno si trova negli Stati Uniti illegalmente, ci sono modi per affrontare la situazione. Ci sono tribunali. C&#8217;\u00e8 un sistema giudiziario. Penso che ci siano molti problemi con il sistema. Nessuno ha detto che gli Stati Uniti dovrebbero avere frontiere aperte&#8221;, ha sottolineato il Papa. &#8220;Credo che ogni Paese abbia il diritto di determinare chi entra, come e quando&#8221;. Tuttavia, ha aggiunto, &#8220;quando le persone vivono una vita dignitosa, e molte di loro sono qui da 10, 15 o 20 anni&#8230; trattarle in un modo che \u00e8, come minimo, estremamente irrispettoso, e ci sono stati alcuni casi di violenza&#8221;. &#8220;I vescovi sono stati molto chiari in quello che hanno detto. Voglio solo invitare tutti gli americani ad ascoltarli&#8221;, ha affermato Papa Leone XIII.<\/span><\/span><\/p>\n<h3><strong><span dir=\"auto\" style=\"vertical-align: inherit\"><span dir=\"auto\" style=\"vertical-align: inherit\">Le persecuzioni in Nigeria<\/span><\/span><\/strong><\/h3>\n<p><span dir=\"auto\" style=\"vertical-align: inherit\"><span dir=\"auto\" style=\"vertical-align: inherit\">Il Papa ha poi rivolto la sua attenzione all&#8217;Africa, e in particolare alla Nigeria \u2013 Paese menzionato anche nei suoi appelli all&#8217;Angelus di domenica scorsa \u2013 e alla potente ondata di odio e violenza che colpisce i cristiani e non solo: &#8220;Credo che in Nigeria e altrove ci sia indubbiamente un pericolo per i cristiani, ma per tutti; cristiani e musulmani sono stati massacrati. La questione del terrorismo \u00e8 legata all&#8217;economia della guerra per il controllo delle terre che possiedono. Purtroppo, molti cristiani sono morti, e credo che sia molto importante trovare modi affinch\u00e9 il governo e tutti i popoli promuovano un&#8217;autentica libert\u00e0 religiosa&#8221;.<\/span><\/span><\/p>\n<h3><strong><span dir=\"auto\" style=\"vertical-align: inherit\"><span dir=\"auto\" style=\"vertical-align: inherit\">Viaggi<\/span><\/span><\/strong><\/h3>\n<p><span dir=\"auto\" style=\"vertical-align: inherit\"><span dir=\"auto\" style=\"vertical-align: inherit\">Al Papa \u00e8 stato anche chiesto di un possibile viaggio nella &#8220;sua&#8221; America Latina, a partire dal Per\u00f9, dove \u00e8 stato missionario per oltre vent&#8217;anni. &#8220;Durante l&#8217;Anno Giubilare continuiamo con le nostre attivit\u00e0 quotidiane e l&#8217;anno prossimo programmeremo qualcosa&#8221;. &#8220;Ho sempre amato viaggiare&#8221;, ha aggiunto Papa Leone, &#8220;il problema \u00e8 organizzarlo con tutti i miei impegni&#8221;. In ogni caso, le possibili destinazioni da lui menzionate potrebbero essere Fatima, Guadalupe in Messico, e poi Uruguay, Argentina e Per\u00f9, &#8220;naturalmente&#8221;.<\/span><\/span><\/p>\n<h3><strong><span dir=\"auto\" style=\"vertical-align: inherit\"><span dir=\"auto\" style=\"vertical-align: inherit\">Giorni a Castel Gandolfo<\/span><\/span><\/strong><\/h3>\n<p><span dir=\"auto\" style=\"vertical-align: inherit\"><span dir=\"auto\" style=\"vertical-align: inherit\">Il Papa ha anche risposto alla curiosit\u00e0 di giornalisti e pubblico spiegando come trascorre il marted\u00ec a Castel Gandolfo: \u201cUn po\u2019 di esercizio, un po\u2019 di lettura, un po\u2019 di lavoro \u2013 ogni giorno ci sono lettere, telefonate, certe questioni forse pi\u00f9 importanti, pi\u00f9 urgenti \u2013 un po\u2019 di tennis, un po\u2019 di nuoto\u201d. E sul perch\u00e9 abbia bisogno di questa \u201cpausa\u201d dalla routine settimanale, ha risposto: \u201cCredo che l\u2019essere umano debba prendersi cura di s\u00e9. Ognuno dovrebbe fare qualche attivit\u00e0 per il corpo e per l\u2019anima. Per me funziona molto bene\u201d. \u00c8 \u201cuna pausa\u201d, ha affermato il Pontefice, \u201cche aiuta molto\u201d.<\/span><\/span><\/p>\n<h3><strong><span dir=\"auto\" style=\"vertical-align: inherit\"><span dir=\"auto\" style=\"vertical-align: inherit\">Il caso del vescovo di Cadice<\/span><\/span><\/strong><\/h3>\n<p><span dir=\"auto\" style=\"vertical-align: inherit\"><span dir=\"auto\" style=\"vertical-align: inherit\">Il giorno dopo l&#8217;udienza con la Conferenza Episcopale Spagnola, al Papa \u00e8 stato chiesto del caso di Rafael Zornoza, vescovo di Cadice e Ceuta, accusato di abusi sessuali negli anni Novanta. &#8220;Ogni caso ha una serie di protocolli chiaramente stabiliti&#8221;, ha affermato. Per quanto riguarda il caso specifico di Zornoza, &#8220;il vescovo stesso ha dovuto rispondere e insiste sulla sua innocenza. \u00c8 stata aperta un&#8217;indagine e dobbiamo lasciarla fare. A seconda dei risultati, ci saranno delle conseguenze&#8221;. Rivolgendosi alle vittime, il Papa ha espresso la speranza che &#8220;trovino un luogo sicuro dove poter parlare, dove poter presentare i loro casi&#8221;. Ha aggiunto: &#8220;\u00c8 anche importante rispettare i processi che richiedono tempo, ma abbiamo gi\u00e0 parlato della necessit\u00e0 di seguire i passi indicati dal sistema giudiziario, in questo caso, dalla Chiesa&#8221;.<\/span><\/span><\/p>\n<p><iframe loading=\"lazy\" title=\"Il Papa risponde ai giornalisti a Castel Gandolfo: Ucraina, migranti, abusi e violenze in Nigeria\" width=\"500\" height=\"281\" src=\"https:\/\/www.youtube.com\/embed\/sEOil_bwfN4?feature=oembed\" frameborder=\"0\" allow=\"accelerometer; autoplay; clipboard-write; encrypted-media; gyroscope; picture-in-picture; web-share\" referrerpolicy=\"strict-origin-when-cross-origin\" allowfullscreen><\/iframe><\/p>\n<p>&nbsp;<\/p>\n","protected":false},"excerpt":{"rendered":"<p>Leone XIV risponde alle domande dei giornalisti a Castel Gandolfo. Riguardo alle misure contro i migranti negli Stati Uniti, esorta a trattare le persone &#8220;con umanit\u00e0 e dignit\u00e0&#8221;. Poi discute di possibili viaggi in America Latina il prossimo anno e spiega come trascorre i suoi giorni liberi leggendo e praticando sport. E l&#8217;urgenza della pace in Ucraina, tra gli altri argomenti<\/p>\n","protected":false},"author":17,"featured_media":146865,"comment_status":"closed","ping_status":"closed","sticky":false,"template":"","format":"standard","meta":{"_acf_changed":false,"_crdt_document":"","inline_featured_image":false,"footnotes":""},"categories":[67],"tags":[1974,81909,3066,3294,48369,2506,81897,81900,81901,81904,2273,81911,81903,81902,6080,81905,8742,64910,81906,81907,81908,1545,6105,58164,81912,2183,81913,81914,81899,936,81898,2219,81915,64787,81916,1773,12428,81910,81917,73174,10977],"class_list":["post-146980","post","type-post","status-publish","format-standard","has-post-thumbnail","hentry","category-leone-xiv","tag-abusi","tag-abusi-del-vescovo-di-cadice","tag-america-latina-it","tag-argentina-it","tag-cadice","tag-castel-gandolfo","tag-cessate-il-fuoco-in-ucraina","tag-dialogo-di-pace","tag-dignita-dei-migranti","tag-dignita-dellumanita","tag-fatima-it","tag-giornalisti-vaticani","tag-guadalupe-messico","tag-guerra-di-donald-trump","tag-guerra-in-ucraina","tag-immigrazione-negli-stati-uniti","tag-intervista","tag-leone-xiv-it","tag-lettura-del-papa","tag-liberta-religiosa-in-nigeria","tag-migranti-negli-stati-uniti","tag-nigeria-it","tag-pace-in-ucraina","tag-papa-leone-xiv","tag-persecuzioni-in-nigeria","tag-peru-it","tag-protocolli-sugli-abusi-nella-chiesa","tag-rafael-zornoza-2","tag-riposo-papale","tag-spagna","tag-sport-del-papa","tag-stati-uniti","tag-terrorismo-in-nigeria","tag-trending-it-236","tag-trump-ucraina","tag-ucraina","tag-uruguay-2","tag-vescovi-statunitensi-usccb","tag-viaggi-papali-2026","tag-villa-barberini-2","tag-vittime-di-abusi"],"acf":[],"yoast_head":"<!-- This site is optimized with the Yoast SEO plugin v27.5 - https:\/\/yoast.com\/product\/yoast-seo-wordpress\/ -->\n<title>In Ucraina si continua a morire; &quot;dobbiamo insistere per la pace&quot; &#8211; Exaudi<\/title>\n<meta name=\"robots\" content=\"index, follow, max-snippet:-1, max-image-preview:large, max-video-preview:-1\" \/>\n<link rel=\"canonical\" href=\"https:\/\/exaudi.org\/it\/in-ucraina-si-continua-a-morire-dobbiamo-insistere-per-la-pace\/\" \/>\n<meta property=\"og:locale\" content=\"it_IT\" \/>\n<meta property=\"og:type\" content=\"article\" \/>\n<meta property=\"og:title\" content=\"In Ucraina si continua a morire; &quot;dobbiamo insistere per la pace&quot; &#8211; Exaudi\" \/>\n<meta property=\"og:description\" content=\"Leone XIV risponde alle domande dei giornalisti a Castel Gandolfo. Riguardo alle misure contro i migranti negli Stati Uniti, esorta a trattare le persone &quot;con umanit\u00e0 e dignit\u00e0&quot;. Poi discute di possibili viaggi in America Latina il prossimo anno e spiega come trascorre i suoi giorni liberi leggendo e praticando sport. E l&#039;urgenza della pace in Ucraina, tra gli altri argomenti\" \/>\n<meta property=\"og:url\" content=\"https:\/\/exaudi.org\/it\/in-ucraina-si-continua-a-morire-dobbiamo-insistere-per-la-pace\/\" \/>\n<meta property=\"og:site_name\" content=\"Exaudi\" \/>\n<meta property=\"article:publisher\" content=\"https:\/\/www.facebook.com\/ExaudiNews\" \/>\n<meta property=\"article:author\" content=\"https:\/\/www.facebook.com\/ExaudiNotizie\/\" \/>\n<meta property=\"article:published_time\" content=\"2025-11-19T17:24:58+00:00\" \/>\n<meta property=\"og:image\" content=\"https:\/\/exaudi.org\/wp-content\/uploads\/2025\/11\/cq5dam.thumbnail.cropped.500.281-2.jpeg\" \/>\n\t<meta property=\"og:image:width\" content=\"500\" \/>\n\t<meta property=\"og:image:height\" content=\"281\" \/>\n\t<meta property=\"og:image:type\" content=\"image\/jpeg\" \/>\n<meta name=\"author\" content=\"Exaudi Redazione\" \/>\n<meta name=\"twitter:card\" content=\"summary_large_image\" \/>\n<meta name=\"twitter:creator\" content=\"@Exaudi_Notizie\" \/>\n<meta name=\"twitter:site\" content=\"@Exaudi_News\" \/>\n<meta name=\"twitter:label1\" content=\"Scritto da\" \/>\n\t<meta name=\"twitter:data1\" content=\"Exaudi Redazione\" \/>\n\t<meta name=\"twitter:label2\" content=\"Tempo di lettura stimato\" \/>\n\t<meta name=\"twitter:data2\" content=\"5 minuti\" \/>\n<script type=\"application\/ld+json\" class=\"yoast-schema-graph\">{\"@context\":\"https:\\\/\\\/schema.org\",\"@graph\":[{\"@type\":\"Article\",\"@id\":\"https:\\\/\\\/exaudi.org\\\/it\\\/in-ucraina-si-continua-a-morire-dobbiamo-insistere-per-la-pace\\\/#article\",\"isPartOf\":{\"@id\":\"https:\\\/\\\/exaudi.org\\\/it\\\/in-ucraina-si-continua-a-morire-dobbiamo-insistere-per-la-pace\\\/\"},\"author\":{\"name\":\"Exaudi Redazione\",\"@id\":\"https:\\\/\\\/exaudi.org\\\/#\\\/schema\\\/person\\\/e1ab6ed07c01774724dd96f925f3a5f0\"},\"headline\":\"In Ucraina si continua a morire; &#8220;dobbiamo insistere per la pace&#8221;\",\"datePublished\":\"2025-11-19T17:24:58+00:00\",\"mainEntityOfPage\":{\"@id\":\"https:\\\/\\\/exaudi.org\\\/it\\\/in-ucraina-si-continua-a-morire-dobbiamo-insistere-per-la-pace\\\/\"},\"wordCount\":923,\"image\":{\"@id\":\"https:\\\/\\\/exaudi.org\\\/it\\\/in-ucraina-si-continua-a-morire-dobbiamo-insistere-per-la-pace\\\/#primaryimage\"},\"thumbnailUrl\":\"https:\\\/\\\/exaudi.org\\\/wp-content\\\/uploads\\\/2025\\\/11\\\/cq5dam.thumbnail.cropped.500.281-2.jpeg\",\"keywords\":[\"abusi\",\"Abusi del vescovo di Cadice\",\"Am\u00e9rica Latina\",\"Argentina\",\"Cadice\",\"Castel Gandolfo\",\"Cessate il fuoco in Ucraina\",\"Dialogo di pace\",\"Dignit\u00e0 dei migranti\",\"Dignit\u00e0 dell'umanit\u00e0\",\"fatima\",\"Giornalisti vaticani\",\"Guadalupe Messico\",\"Guerra di Donald Trump\",\"guerra in Ucraina\",\"Immigrazione negli Stati Uniti\",\"Intervista\",\"Leone XIV\",\"Lettura del Papa\",\"Libert\u00e0 religiosa in Nigeria\",\"Migranti negli Stati Uniti\",\"nigeria\",\"pace in Ucraina\",\"Papa Leone XIV\",\"Persecuzioni in Nigeria\",\"Per\u00fa\",\"Protocolli sugli abusi nella Chiesa\",\"Rafael Zornoza\",\"Riposo papale\",\"Spagna\",\"Sport del Papa\",\"Stati Uniti\",\"Terrorismo in Nigeria\",\"Trending\",\"Trump Ucraina\",\"Ucraina\",\"URUGUAY\",\"Vescovi statunitensi USCCB\",\"Viaggi papali 2026\",\"Villa Barberini\",\"VITTIME DI ABUSI\"],\"articleSection\":[\"Leone XIV\"],\"inLanguage\":\"it-IT\"},{\"@type\":\"WebPage\",\"@id\":\"https:\\\/\\\/exaudi.org\\\/it\\\/in-ucraina-si-continua-a-morire-dobbiamo-insistere-per-la-pace\\\/\",\"url\":\"https:\\\/\\\/exaudi.org\\\/it\\\/in-ucraina-si-continua-a-morire-dobbiamo-insistere-per-la-pace\\\/\",\"name\":\"In Ucraina si continua a morire; \\\"dobbiamo insistere per la pace\\\" &#8211; Exaudi\",\"isPartOf\":{\"@id\":\"https:\\\/\\\/exaudi.org\\\/#website\"},\"primaryImageOfPage\":{\"@id\":\"https:\\\/\\\/exaudi.org\\\/it\\\/in-ucraina-si-continua-a-morire-dobbiamo-insistere-per-la-pace\\\/#primaryimage\"},\"image\":{\"@id\":\"https:\\\/\\\/exaudi.org\\\/it\\\/in-ucraina-si-continua-a-morire-dobbiamo-insistere-per-la-pace\\\/#primaryimage\"},\"thumbnailUrl\":\"https:\\\/\\\/exaudi.org\\\/wp-content\\\/uploads\\\/2025\\\/11\\\/cq5dam.thumbnail.cropped.500.281-2.jpeg\",\"datePublished\":\"2025-11-19T17:24:58+00:00\",\"author\":{\"@id\":\"https:\\\/\\\/exaudi.org\\\/#\\\/schema\\\/person\\\/e1ab6ed07c01774724dd96f925f3a5f0\"},\"breadcrumb\":{\"@id\":\"https:\\\/\\\/exaudi.org\\\/it\\\/in-ucraina-si-continua-a-morire-dobbiamo-insistere-per-la-pace\\\/#breadcrumb\"},\"inLanguage\":\"it-IT\",\"potentialAction\":[{\"@type\":\"ReadAction\",\"target\":[\"https:\\\/\\\/exaudi.org\\\/it\\\/in-ucraina-si-continua-a-morire-dobbiamo-insistere-per-la-pace\\\/\"]}]},{\"@type\":\"ImageObject\",\"inLanguage\":\"it-IT\",\"@id\":\"https:\\\/\\\/exaudi.org\\\/it\\\/in-ucraina-si-continua-a-morire-dobbiamo-insistere-per-la-pace\\\/#primaryimage\",\"url\":\"https:\\\/\\\/exaudi.org\\\/wp-content\\\/uploads\\\/2025\\\/11\\\/cq5dam.thumbnail.cropped.500.281-2.jpeg\",\"contentUrl\":\"https:\\\/\\\/exaudi.org\\\/wp-content\\\/uploads\\\/2025\\\/11\\\/cq5dam.thumbnail.cropped.500.281-2.jpeg\",\"width\":500,\"height\":281},{\"@type\":\"BreadcrumbList\",\"@id\":\"https:\\\/\\\/exaudi.org\\\/it\\\/in-ucraina-si-continua-a-morire-dobbiamo-insistere-per-la-pace\\\/#breadcrumb\",\"itemListElement\":[{\"@type\":\"ListItem\",\"position\":1,\"name\":\"Portada\",\"item\":\"https:\\\/\\\/exaudi.org\\\/it\\\/\"},{\"@type\":\"ListItem\",\"position\":2,\"name\":\"In Ucraina si continua a morire; \u00abdobbiamo insistere per la pace\u00bb\"}]},{\"@type\":\"WebSite\",\"@id\":\"https:\\\/\\\/exaudi.org\\\/#website\",\"url\":\"https:\\\/\\\/exaudi.org\\\/\",\"name\":\"Exaudi\",\"description\":\"News\",\"potentialAction\":[{\"@type\":\"SearchAction\",\"target\":{\"@type\":\"EntryPoint\",\"urlTemplate\":\"https:\\\/\\\/exaudi.org\\\/?s={search_term_string}\"},\"query-input\":{\"@type\":\"PropertyValueSpecification\",\"valueRequired\":true,\"valueName\":\"search_term_string\"}}],\"inLanguage\":\"it-IT\"},{\"@type\":\"Person\",\"@id\":\"https:\\\/\\\/exaudi.org\\\/#\\\/schema\\\/person\\\/e1ab6ed07c01774724dd96f925f3a5f0\",\"name\":\"Exaudi Redazione\",\"image\":{\"@type\":\"ImageObject\",\"inLanguage\":\"it-IT\",\"@id\":\"https:\\\/\\\/secure.gravatar.com\\\/avatar\\\/ad6774b3ada023bf5b939d64f45c94b3adf91502dd883507d469b4308a943bb3?s=96&d=mm&r=g\",\"url\":\"https:\\\/\\\/secure.gravatar.com\\\/avatar\\\/ad6774b3ada023bf5b939d64f45c94b3adf91502dd883507d469b4308a943bb3?s=96&d=mm&r=g\",\"contentUrl\":\"https:\\\/\\\/secure.gravatar.com\\\/avatar\\\/ad6774b3ada023bf5b939d64f45c94b3adf91502dd883507d469b4308a943bb3?s=96&d=mm&r=g\",\"caption\":\"Exaudi Redazione\"},\"description\":\"Che cosa \u00e8 Exaudi News? Exaudi News \u00e8 un agenzia cattolica internazionale che informa, istruisce e trasforma quotidianamente in spagnolo, inglese e italiano. Attraverso notizie, articoli di analisi e trasmissioni in diretta degli eventi del Papa, Exaudi cerca di rafforzare l'unit\u00e0 dei cristiani e di contribuire all'evangelizzazione del mondo, sempre guidato dalla dottrina sociale della Chiesa. Lavoriamo per portare la verit\u00e0 e i valori cristiani in ogni angolo del pianeta. Aiutaci a trasformare il mondo con Exaudi! Noi di Exaudi crediamo che l'evangelizzazione e l'informazione di qualit\u00e0 possano cambiare la vita. Per continuare la nostra missione ed espandere la nostra portata, abbiamo bisogno del tuo aiuto. Stiamo anche cercando persone motivate che vogliano unirsi al nostro team. Grazie al vostro sostegno raggiungeremo pi\u00f9 persone, diffonderemo il messaggio di Cristo e rafforzeremo l'unit\u00e0 dei cristiani. Vuoi unirti alla nostra missione? Per maggiori informazioni su come contribuire, visita Exaudi.org\\\/it o contattaci direttamente: info@exaudi.org Exaudi: informa, forma e trasforma.\",\"sameAs\":[\"https:\\\/\\\/www.facebook.com\\\/ExaudiNotizie\\\/\",\"https:\\\/\\\/www.instagram.com\\\/Exaudi_notizie\\\/\",\"https:\\\/\\\/x.com\\\/Exaudi_Notizie\",\"https:\\\/\\\/www.youtube.com\\\/@exaudicatholicnews\"],\"url\":\"https:\\\/\\\/exaudi.org\\\/it\\\/author\\\/dlvedi-org\\\/\"}]}<\/script>\n<!-- \/ Yoast SEO plugin. -->","yoast_head_json":{"title":"In Ucraina si continua a morire; \"dobbiamo insistere per la pace\" &#8211; Exaudi","robots":{"index":"index","follow":"follow","max-snippet":"max-snippet:-1","max-image-preview":"max-image-preview:large","max-video-preview":"max-video-preview:-1"},"canonical":"https:\/\/exaudi.org\/it\/in-ucraina-si-continua-a-morire-dobbiamo-insistere-per-la-pace\/","og_locale":"it_IT","og_type":"article","og_title":"In Ucraina si continua a morire; \"dobbiamo insistere per la pace\" &#8211; Exaudi","og_description":"Leone XIV risponde alle domande dei giornalisti a Castel Gandolfo. Riguardo alle misure contro i migranti negli Stati Uniti, esorta a trattare le persone \"con umanit\u00e0 e dignit\u00e0\". Poi discute di possibili viaggi in America Latina il prossimo anno e spiega come trascorre i suoi giorni liberi leggendo e praticando sport. E l'urgenza della pace in Ucraina, tra gli altri argomenti","og_url":"https:\/\/exaudi.org\/it\/in-ucraina-si-continua-a-morire-dobbiamo-insistere-per-la-pace\/","og_site_name":"Exaudi","article_publisher":"https:\/\/www.facebook.com\/ExaudiNews","article_author":"https:\/\/www.facebook.com\/ExaudiNotizie\/","article_published_time":"2025-11-19T17:24:58+00:00","og_image":[{"width":500,"height":281,"url":"https:\/\/exaudi.org\/wp-content\/uploads\/2025\/11\/cq5dam.thumbnail.cropped.500.281-2.jpeg","type":"image\/jpeg"}],"author":"Exaudi Redazione","twitter_card":"summary_large_image","twitter_creator":"@Exaudi_Notizie","twitter_site":"@Exaudi_News","twitter_misc":{"Scritto da":"Exaudi Redazione","Tempo di lettura stimato":"5 minuti"},"schema":{"@context":"https:\/\/schema.org","@graph":[{"@type":"Article","@id":"https:\/\/exaudi.org\/it\/in-ucraina-si-continua-a-morire-dobbiamo-insistere-per-la-pace\/#article","isPartOf":{"@id":"https:\/\/exaudi.org\/it\/in-ucraina-si-continua-a-morire-dobbiamo-insistere-per-la-pace\/"},"author":{"name":"Exaudi Redazione","@id":"https:\/\/exaudi.org\/#\/schema\/person\/e1ab6ed07c01774724dd96f925f3a5f0"},"headline":"In Ucraina si continua a morire; &#8220;dobbiamo insistere per la pace&#8221;","datePublished":"2025-11-19T17:24:58+00:00","mainEntityOfPage":{"@id":"https:\/\/exaudi.org\/it\/in-ucraina-si-continua-a-morire-dobbiamo-insistere-per-la-pace\/"},"wordCount":923,"image":{"@id":"https:\/\/exaudi.org\/it\/in-ucraina-si-continua-a-morire-dobbiamo-insistere-per-la-pace\/#primaryimage"},"thumbnailUrl":"https:\/\/exaudi.org\/wp-content\/uploads\/2025\/11\/cq5dam.thumbnail.cropped.500.281-2.jpeg","keywords":["abusi","Abusi del vescovo di Cadice","Am\u00e9rica Latina","Argentina","Cadice","Castel Gandolfo","Cessate il fuoco in Ucraina","Dialogo di pace","Dignit\u00e0 dei migranti","Dignit\u00e0 dell'umanit\u00e0","fatima","Giornalisti vaticani","Guadalupe Messico","Guerra di Donald Trump","guerra in Ucraina","Immigrazione negli Stati Uniti","Intervista","Leone XIV","Lettura del Papa","Libert\u00e0 religiosa in Nigeria","Migranti negli Stati Uniti","nigeria","pace in Ucraina","Papa Leone XIV","Persecuzioni in Nigeria","Per\u00fa","Protocolli sugli abusi nella Chiesa","Rafael Zornoza","Riposo papale","Spagna","Sport del Papa","Stati Uniti","Terrorismo in Nigeria","Trending","Trump Ucraina","Ucraina","URUGUAY","Vescovi statunitensi USCCB","Viaggi papali 2026","Villa Barberini","VITTIME DI ABUSI"],"articleSection":["Leone XIV"],"inLanguage":"it-IT"},{"@type":"WebPage","@id":"https:\/\/exaudi.org\/it\/in-ucraina-si-continua-a-morire-dobbiamo-insistere-per-la-pace\/","url":"https:\/\/exaudi.org\/it\/in-ucraina-si-continua-a-morire-dobbiamo-insistere-per-la-pace\/","name":"In Ucraina si continua a morire; \"dobbiamo insistere per la pace\" &#8211; Exaudi","isPartOf":{"@id":"https:\/\/exaudi.org\/#website"},"primaryImageOfPage":{"@id":"https:\/\/exaudi.org\/it\/in-ucraina-si-continua-a-morire-dobbiamo-insistere-per-la-pace\/#primaryimage"},"image":{"@id":"https:\/\/exaudi.org\/it\/in-ucraina-si-continua-a-morire-dobbiamo-insistere-per-la-pace\/#primaryimage"},"thumbnailUrl":"https:\/\/exaudi.org\/wp-content\/uploads\/2025\/11\/cq5dam.thumbnail.cropped.500.281-2.jpeg","datePublished":"2025-11-19T17:24:58+00:00","author":{"@id":"https:\/\/exaudi.org\/#\/schema\/person\/e1ab6ed07c01774724dd96f925f3a5f0"},"breadcrumb":{"@id":"https:\/\/exaudi.org\/it\/in-ucraina-si-continua-a-morire-dobbiamo-insistere-per-la-pace\/#breadcrumb"},"inLanguage":"it-IT","potentialAction":[{"@type":"ReadAction","target":["https:\/\/exaudi.org\/it\/in-ucraina-si-continua-a-morire-dobbiamo-insistere-per-la-pace\/"]}]},{"@type":"ImageObject","inLanguage":"it-IT","@id":"https:\/\/exaudi.org\/it\/in-ucraina-si-continua-a-morire-dobbiamo-insistere-per-la-pace\/#primaryimage","url":"https:\/\/exaudi.org\/wp-content\/uploads\/2025\/11\/cq5dam.thumbnail.cropped.500.281-2.jpeg","contentUrl":"https:\/\/exaudi.org\/wp-content\/uploads\/2025\/11\/cq5dam.thumbnail.cropped.500.281-2.jpeg","width":500,"height":281},{"@type":"BreadcrumbList","@id":"https:\/\/exaudi.org\/it\/in-ucraina-si-continua-a-morire-dobbiamo-insistere-per-la-pace\/#breadcrumb","itemListElement":[{"@type":"ListItem","position":1,"name":"Portada","item":"https:\/\/exaudi.org\/it\/"},{"@type":"ListItem","position":2,"name":"In Ucraina si continua a morire; \u00abdobbiamo insistere per la pace\u00bb"}]},{"@type":"WebSite","@id":"https:\/\/exaudi.org\/#website","url":"https:\/\/exaudi.org\/","name":"Exaudi","description":"News","potentialAction":[{"@type":"SearchAction","target":{"@type":"EntryPoint","urlTemplate":"https:\/\/exaudi.org\/?s={search_term_string}"},"query-input":{"@type":"PropertyValueSpecification","valueRequired":true,"valueName":"search_term_string"}}],"inLanguage":"it-IT"},{"@type":"Person","@id":"https:\/\/exaudi.org\/#\/schema\/person\/e1ab6ed07c01774724dd96f925f3a5f0","name":"Exaudi Redazione","image":{"@type":"ImageObject","inLanguage":"it-IT","@id":"https:\/\/secure.gravatar.com\/avatar\/ad6774b3ada023bf5b939d64f45c94b3adf91502dd883507d469b4308a943bb3?s=96&d=mm&r=g","url":"https:\/\/secure.gravatar.com\/avatar\/ad6774b3ada023bf5b939d64f45c94b3adf91502dd883507d469b4308a943bb3?s=96&d=mm&r=g","contentUrl":"https:\/\/secure.gravatar.com\/avatar\/ad6774b3ada023bf5b939d64f45c94b3adf91502dd883507d469b4308a943bb3?s=96&d=mm&r=g","caption":"Exaudi Redazione"},"description":"Che cosa \u00e8 Exaudi News? Exaudi News \u00e8 un agenzia cattolica internazionale che informa, istruisce e trasforma quotidianamente in spagnolo, inglese e italiano. Attraverso notizie, articoli di analisi e trasmissioni in diretta degli eventi del Papa, Exaudi cerca di rafforzare l'unit\u00e0 dei cristiani e di contribuire all'evangelizzazione del mondo, sempre guidato dalla dottrina sociale della Chiesa. Lavoriamo per portare la verit\u00e0 e i valori cristiani in ogni angolo del pianeta. Aiutaci a trasformare il mondo con Exaudi! Noi di Exaudi crediamo che l'evangelizzazione e l'informazione di qualit\u00e0 possano cambiare la vita. Per continuare la nostra missione ed espandere la nostra portata, abbiamo bisogno del tuo aiuto. Stiamo anche cercando persone motivate che vogliano unirsi al nostro team. Grazie al vostro sostegno raggiungeremo pi\u00f9 persone, diffonderemo il messaggio di Cristo e rafforzeremo l'unit\u00e0 dei cristiani. Vuoi unirti alla nostra missione? Per maggiori informazioni su come contribuire, visita Exaudi.org\/it o contattaci direttamente: info@exaudi.org Exaudi: informa, forma e trasforma.","sameAs":["https:\/\/www.facebook.com\/ExaudiNotizie\/","https:\/\/www.instagram.com\/Exaudi_notizie\/","https:\/\/x.com\/Exaudi_Notizie","https:\/\/www.youtube.com\/@exaudicatholicnews"],"url":"https:\/\/exaudi.org\/it\/author\/dlvedi-org\/"}]}},"jetpack_featured_media_url":"https:\/\/exaudi.org\/wp-content\/uploads\/2025\/11\/cq5dam.thumbnail.cropped.500.281-2.jpeg","jetpack_shortlink":"https:\/\/wp.me\/pgKjF2-CeE","_links":{"self":[{"href":"https:\/\/exaudi.org\/it\/wp-json\/wp\/v2\/posts\/146980","targetHints":{"allow":["GET"]}}],"collection":[{"href":"https:\/\/exaudi.org\/it\/wp-json\/wp\/v2\/posts"}],"about":[{"href":"https:\/\/exaudi.org\/it\/wp-json\/wp\/v2\/types\/post"}],"author":[{"embeddable":true,"href":"https:\/\/exaudi.org\/it\/wp-json\/wp\/v2\/users\/17"}],"replies":[{"embeddable":true,"href":"https:\/\/exaudi.org\/it\/wp-json\/wp\/v2\/comments?post=146980"}],"version-history":[{"count":4,"href":"https:\/\/exaudi.org\/it\/wp-json\/wp\/v2\/posts\/146980\/revisions"}],"predecessor-version":[{"id":146984,"href":"https:\/\/exaudi.org\/it\/wp-json\/wp\/v2\/posts\/146980\/revisions\/146984"}],"wp:featuredmedia":[{"embeddable":true,"href":"https:\/\/exaudi.org\/it\/wp-json\/wp\/v2\/media\/146865"}],"wp:attachment":[{"href":"https:\/\/exaudi.org\/it\/wp-json\/wp\/v2\/media?parent=146980"}],"wp:term":[{"taxonomy":"category","embeddable":true,"href":"https:\/\/exaudi.org\/it\/wp-json\/wp\/v2\/categories?post=146980"},{"taxonomy":"post_tag","embeddable":true,"href":"https:\/\/exaudi.org\/it\/wp-json\/wp\/v2\/tags?post=146980"}],"curies":[{"name":"wp","href":"https:\/\/api.w.org\/{rel}","templated":true}]}}