{"id":146472,"date":"2025-11-13T19:01:00","date_gmt":"2025-11-13T18:01:00","guid":{"rendered":"https:\/\/exaudi.org\/?p=146472"},"modified":"2025-11-13T19:01:00","modified_gmt":"2025-11-13T18:01:00","slug":"la-scienza-non-e-ideologica","status":"publish","type":"post","link":"https:\/\/exaudi.org\/it\/la-scienza-non-e-ideologica\/","title":{"rendered":"La scienza non \u00e8 ideologica"},"content":{"rendered":"<section class=\"fusion-page-title-bar fusion-tb-page-title-bar\">\n<div id=\"SeccionTituloNSPCont\" class=\"fusion-fullwidth fullwidth-box fusion-builder-row-2 fusion-flex-container has-pattern-background has-mask-background SeccionTituloNSPCont hundred-percent-fullwidth non-hundred-percent-height-scrolling\">\n<div class=\"fusion-builder-row fusion-row fusion-flex-align-items-flex-start fusion-flex-content-wrap\">\n<div class=\"fusion-layout-column fusion_builder_column fusion-builder-column-1 fusion_builder_column_1_1 1_1 fusion-flex-column\">\n<div class=\"fusion-column-wrapper fusion-column-has-shadow fusion-flex-justify-content-flex-start fusion-content-layout-column\">\n<div class=\"fusion-title title fusion-title-1 fusion-sep-none fusion-title-text fusion-title-size-one\">\n<p><span dir=\"auto\" style=\"vertical-align: inherit\"><span dir=\"auto\" style=\"vertical-align: inherit\">L&#8217;integrit\u00e0 del processo di pubblicazione scientifica del gruppo editoriale Springer Nature, che include pubblicazioni chiave come Nature Communications, \u00e8 stata messa in discussione a seguito di una denuncia della scienziata Anna Krylov, professoressa di chimica presso l&#8217;Universit\u00e0 della California del Sud. Krylov ha annunciato le sue dimissioni da revisore, sostenendo che l&#8217;editore ha istituzionalizzato la censura e adottato pregiudizi ideologici che sacrificano il merito a favore di criteri basati sull&#8217;identit\u00e0, in linea con un &#8220;programma di giustizia sociale&#8221;. Questa politica editoriale si manifesta in linee guida che, secondo la ricercatrice, promuovono una preferenza per le ricercatrici, posticipando la competenza scientifica, o consigliano l&#8217;inclusione di citazioni bibliografiche di membri di gruppi identitari privi del necessario rigore. Da una prospettiva bioetica, questa estensione di criteri ideologici arbitrari, che si allontanano molto dalle prove scientifiche, ai meccanismi di diffusione dei risultati \u00e8 considerata un tradimento del rigore e della ricerca della verit\u00e0 che dovrebbero essere richiesti al mondo scientifico, mettendo cos\u00ec in discussione l&#8217;affidabilit\u00e0 di organi di informazione considerati punti di riferimento di qualit\u00e0.<\/span><\/span><\/p>\n<p><span dir=\"auto\" style=\"vertical-align: inherit\"><span dir=\"auto\" style=\"vertical-align: inherit\">In una lettera inviata al prestigioso <\/span><\/span><em><span dir=\"auto\" style=\"vertical-align: inherit\"><span dir=\"auto\" style=\"vertical-align: inherit\">gruppo editoriale Springer Nature, che pubblica riviste come <\/span><\/span><\/em>\u00a0<em><span dir=\"auto\" style=\"vertical-align: inherit\"><span dir=\"auto\" style=\"vertical-align: inherit\">Nature Communications, Nature Reviews Psychology e Nature Human Behavior, la scienziata\u00a0 <\/span><\/span><\/em><a href=\"https:\/\/substack.com\/@annakrylov\"><span dir=\"auto\" style=\"vertical-align: inherit\"><span dir=\"auto\" style=\"vertical-align: inherit\">Anna Krylov<\/span><\/span><\/a><span dir=\"auto\" style=\"vertical-align: inherit\"><span dir=\"auto\" style=\"vertical-align: inherit\">, docente di chimica presso l&#8217;Universit\u00e0 della California del Sud, esprime il suo rifiuto di continuare a collaborare con l&#8217;editore come revisore di articoli scientifici. Cita i pregiudizi ideologici, ben lontani da qualsiasi rigore scientifico, che il suddetto gruppo editoriale ha recentemente manifestato nella selezione degli articoli che decide di pubblicare, nonch\u00e9 i revisori, scienziati esperti nei vari campi di ricerca correlati a questi articoli, la cui opinione \u00e8 fondamentale per la loro accettazione o rifiuto.<\/span><\/span><\/p>\n<\/div>\n<\/div>\n<\/div>\n<\/div>\n<\/div>\n<\/section>\n<div class=\"fusion-row\">\n<section id=\"content\">\n<div id=\"post-10006028\" class=\"post-10006028 post type-post status-publish format-standard has-post-thumbnail hentry category-bioetica category-bioetica-press category-etica-de-la-investigacion category-informes tag-etica-investigacion-cientifica tag-nuevo-diseno-post\">\n<div class=\"post-content\">\n<div id=\"SeccionContenidoNSP\" class=\"fusion-fullwidth fullwidth-box fusion-builder-row-3 fusion-flex-container has-pattern-background has-mask-background SeccionContenidoNSP hundred-percent-fullwidth non-hundred-percent-height-scrolling\">\n<div class=\"fusion-builder-row fusion-row fusion-flex-align-items-flex-start fusion-flex-content-wrap\">\n<div class=\"fusion-layout-column fusion_builder_column fusion-builder-column-2 fusion_builder_column_1_1 1_1 fusion-flex-column\">\n<div class=\"fusion-column-wrapper fusion-column-has-shadow fusion-flex-justify-content-flex-start fusion-content-layout-column\">\n<div class=\"fusion-content-tb fusion-content-tb-1\">\n<div id=\"attachment_10006038\" class=\"wp-caption alignleft\">\n<p><a href=\"https:\/\/www.observatoriobioetica.org\/wp-content\/uploads\/2025\/11\/cui-krylov-2-733x414-1.jpg\" data-caption=\"Foto: UHH\/CUI, Adler\"><img loading=\"lazy\" decoding=\"async\" src=\"https:\/\/www.observatoriobioetica.org\/wp-content\/uploads\/2025\/11\/cui-krylov-2-733x414-1.jpg\" alt=\"\" width=\"319\" height=\"180\" aria-describedby=\"caption-attachment-10006038\" \/><\/a><\/p>\n<p id=\"caption-attachment-10006038\" class=\"wp-caption-text\"><span dir=\"auto\" style=\"vertical-align: inherit\"><span dir=\"auto\" style=\"vertical-align: inherit\">Foto: UHH\/CUI, Adler<\/span><\/span><\/p>\n<\/div>\n<p><span dir=\"auto\" style=\"vertical-align: inherit\"><span dir=\"auto\" style=\"vertical-align: inherit\">Il 24 ottobre 2025, Krylov spieg\u00f2 nella sua lettera le ragioni per cui aveva deciso di rifiutare l&#8217;offerta di revisione del manoscritto intitolato &#8220;Ampio dicroismo circolare nella resa di fotoemissione totale di nanoparticelle chirali libere create da un effetto dipolo elettrico puro&#8221;, presentato per la pubblicazione su\u00a0 <\/span><\/span><em><span dir=\"auto\" style=\"vertical-align: inherit\"><span dir=\"auto\" style=\"vertical-align: inherit\">Nature Communications<\/span><\/span><\/em><span dir=\"auto\" style=\"vertical-align: inherit\"><span dir=\"auto\" style=\"vertical-align: inherit\"> . Il suo rifiuto si estese anche ha proposte future, fino a quando Nature non avesse modificato le sue politiche di accettazione di articoli e revisori.<\/span><\/span><\/p>\n<p><span dir=\"auto\" style=\"vertical-align: inherit\"><span dir=\"auto\" style=\"vertical-align: inherit\">Il celebre scienziato ha affermato che &#8220;purtroppo, il gruppo Nature ha abbandonato la sua missione originaria in favore di un programma di giustizia sociale. Ha istituzionalizzato la censura, implementato politiche che sacrificano il merito in favore di criteri basati sull&#8217;identit\u00e0 e introdotto la manipolazione sociale nelle linee guida per gli autori e nel processo di pubblicazione. Di conseguenza, gli articoli pubblicati sulle riviste Nature non possono pi\u00f9 essere considerati scienza rigorosa&#8221;.<\/span><\/span><\/p>\n<p><span dir=\"auto\" style=\"vertical-align: inherit\"><span dir=\"auto\" style=\"vertical-align: inherit\">E lo ha illustrato con esempi che fanno riferimento ad altre pubblicazioni del gruppo, come lo\u00a0 <\/span><\/span><em><span dir=\"auto\" style=\"vertical-align: inherit\"><span dir=\"auto\" style=\"vertical-align: inherit\">Springer Nature Diversity Commitment\u00a0<\/span><\/span><\/em><span dir=\"auto\" style=\"vertical-align: inherit\"><span dir=\"auto\" style=\"vertical-align: inherit\"> (Skipper &amp; Inchcoombe, 2019), che mira a dare priorit\u00e0 alla diversit\u00e0 e all&#8217;inclusione nelle conferenze organizzate, nei loro contenuti, nei revisori coinvolti e nei comitati editoriali.<\/span><\/span><\/p>\n<p><span dir=\"auto\" style=\"vertical-align: inherit\"><span dir=\"auto\" style=\"vertical-align: inherit\">Pertanto, la preferenza \u00e8 data alle ricercatrici, privilegiando la discriminazione di genere positiva rispetto alla competenza scientifica. La ricercatrice si \u00e8 chiesta se la sua selezione come revisore fosse basata sulla sua competenza scientifica o semplicemente sul suo genere.<\/span><\/span><\/p>\n<p><span dir=\"auto\" style=\"vertical-align: inherit\"><span dir=\"auto\" style=\"vertical-align: inherit\">Nella sua lettera, cita il caso di\u00a0 <\/span><\/span><em><span dir=\"auto\" style=\"vertical-align: inherit\"><span dir=\"auto\" style=\"vertical-align: inherit\">Nature Reviews Psychology,\u00a0<\/span><\/span><\/em><span dir=\"auto\" style=\"vertical-align: inherit\"><span dir=\"auto\" style=\"vertical-align: inherit\"> una rivista appartenente allo stesso gruppo, che incoraggia l&#8217;inclusione di citazioni bibliografiche nei manoscritti di membri di gruppi identitari privilegiati, anche se il loro lavoro non possiede il merito o la rilevanza necessari. Ci\u00f2 rappresenta una violazione della qualit\u00e0 scientifica richiesta alle fonti citate dagli autori, al fine di continuare a promuovere una discriminazione positiva a favore dei gruppi considerati aventi un&#8217;identit\u00e0 privilegiata, secondo i criteri della rivista, ovviamente.<\/span><\/span><\/p>\n<p><span dir=\"auto\" style=\"vertical-align: inherit\"><span dir=\"auto\" style=\"vertical-align: inherit\">Infine, Krylov denuncia la pratica della censura istituzionalizzata da parte della suddetta casa editrice.<\/span><\/span><\/p>\n<p><span dir=\"auto\" style=\"vertical-align: inherit\"><span dir=\"auto\" style=\"vertical-align: inherit\">Per questo motivo, la rivista <\/span><\/span><em><span dir=\"auto\" style=\"vertical-align: inherit\"><span dir=\"auto\" style=\"vertical-align: inherit\">\u00a0Nature Human Behavior\u00a0<\/span><\/span><\/em><span dir=\"auto\" style=\"vertical-align: inherit\"><span dir=\"auto\" style=\"vertical-align: inherit\"> ha pubblicato un manifesto sulla censura in cui dichiara apertamente la sua intenzione di censurare i risultati di ricerche legittime che considera potenzialmente &#8220;dannosi&#8221; per determinati gruppi.<\/span><\/span><\/p>\n<p><span dir=\"auto\" style=\"vertical-align: inherit\"><span dir=\"auto\" style=\"vertical-align: inherit\">Questa censura, promossa da criteri puramente ideologici che nulla hanno a che vedere con il rigore scientifico richiesto a un gruppo editoriale del prestigio di Nature, mette seriamente in dubbio l&#8217;affidabilit\u00e0 dei mezzi di divulgazione scientifica, finora considerati punti di riferimento di qualit\u00e0.<\/span><\/span><\/p>\n<h3><span dir=\"auto\" style=\"vertical-align: inherit\"><span dir=\"auto\" style=\"vertical-align: inherit\">Valutazione bioetica<\/span><\/span><\/h3>\n<p><span dir=\"auto\" style=\"vertical-align: inherit\"><span dir=\"auto\" style=\"vertical-align: inherit\">La ricerca scientifica e la pubblicazione scientifica sono interdipendenti e si sostengono a vicenda. Una distorsione del processo, sia da parte dei ricercatori che dei media che ne diffondono i risultati, pu\u00f2 non solo invalidare l&#8217;enorme sforzo dei gruppi di ricerca, ma anche tradire i destinatari di tali risultati. Questi ultimi troveranno pi\u00f9 facile accedere al lavoro di gruppi socialmente privilegiati a scapito di altri, anche di coloro che potenzialmente possono apportare risultati pi\u00f9 benefici e di vasta portata al progresso scientifico.<\/span><\/span><\/p>\n<p><span dir=\"auto\" style=\"vertical-align: inherit\"><span dir=\"auto\" style=\"vertical-align: inherit\">Va sottolineato che i criteri che questa particolare casa editrice applica per classificare determinati gruppi come gruppi sociali preferiti che intende dare priorit\u00e0 nel suo processo editoriale sono assolutamente arbitrari, condizionati dai movimenti culturali e di potere prevalenti, che trasferiscono cos\u00ec al mondo scientifico i pregiudizi associati alle ideologie, che si allontanano dalle prove scientifiche, per soccombere ai movimenti sociali di moda, a favore di alcuni e a scapito di altri.<\/span><\/span><\/p>\n<p><span dir=\"auto\" style=\"vertical-align: inherit\"><span dir=\"auto\" style=\"vertical-align: inherit\">La promozione di gruppi e tendenze minoritarie, come gruppi razziali, sociali, di genere o politici, \u00e8 ben nota nei settori della politica, del cinema, dei media o dei social network.<\/span><\/span><\/p>\n<p><span dir=\"auto\" style=\"vertical-align: inherit\"><span dir=\"auto\" style=\"vertical-align: inherit\">Estendere la discriminazione positiva a favore di gruppi arbitrariamente selezionati nella pubblicazione di risultati e ricerche scientifiche \u00e8 un tradimento del rigore e della ricerca della verit\u00e0 che si devono esigere dal mondo scientifico, da chiunque abbia svolto la ricerca, da chiunque debba giudicare o da chiunque debba pubblicare, che non deve cedere ad altro che alla qualit\u00e0 del lavoro, al suo interesse generale e alla sua rigorosa veridicit\u00e0 e utilit\u00e0.<\/span><\/span><\/p>\n<p><em><strong><span dir=\"auto\" style=\"vertical-align: inherit\"><span dir=\"auto\" style=\"vertical-align: inherit\">Julio Tudela. Osservatorio di Bioetica. Universit\u00e0 Cattolica di Valencia<\/span><\/span><\/strong><\/em><\/p>\n<\/div>\n<\/div>\n<\/div>\n<\/div>\n<\/div>\n<\/div>\n<\/div>\n<\/section>\n<\/div>\n","protected":false},"excerpt":{"rendered":"<p>La scienziata Anna Krylov denuncia la deriva ideologica nel processo editoriale di Springer Nature e mette in guardia dalla perdita di rigore nella scienza<\/p>\n","protected":false},"author":87,"featured_media":146024,"comment_status":"closed","ping_status":"closed","sticky":false,"template":"","format":"standard","meta":{"_acf_changed":false,"_crdt_document":"","inline_featured_image":false,"footnotes":""},"categories":[129],"tags":[32227,81283,81287,6083,81284,80153,81288,64540,15230,81289,81290,12866,81291,81292,81293,81294,81295,81296,81300,81297,81298,44827,81299,3171,81286,81285,81301,81302],"class_list":["post-146472","post","type-post","status-publish","format-standard","has-post-thumbnail","hentry","category-voci","tag-aiuto-medico-universitario","tag-anna-krylov-2","tag-azione-affermativa","tag-bioetica-it","tag-censura-scientifica","tag-di-tendenza","tag-etica-nella-ricerca","tag-giustizia-sociale-it","tag-ideologia-2","tag-ideologia-nella-scienza","tag-integrita-scientifica","tag-julio-tudela-2","tag-liberta-accademica","tag-manipolazione-ideologica","tag-nature-communications-2","tag-nature-human-behavior-2","tag-nature-reviews-psychology-2","tag-obiettivita-scientifica","tag-parzialita-editoriale","tag-pubblicazione-scientifica","tag-revisione-paritaria","tag-ricerca-scientifica","tag-rigore-scientifico","tag-scienza","tag-scienza-e-verita","tag-scienza-non-ideologica","tag-springer-nature-2","tag-university-of-southern-california"],"acf":[],"yoast_head":"<!-- This site is optimized with the Yoast SEO plugin v27.4 - https:\/\/yoast.com\/product\/yoast-seo-wordpress\/ -->\n<title>La scienza non \u00e8 ideologica &#8211; Exaudi<\/title>\n<meta name=\"robots\" content=\"index, follow, max-snippet:-1, max-image-preview:large, max-video-preview:-1\" \/>\n<link rel=\"canonical\" href=\"https:\/\/exaudi.org\/it\/la-scienza-non-e-ideologica\/\" \/>\n<meta property=\"og:locale\" content=\"it_IT\" \/>\n<meta property=\"og:type\" content=\"article\" \/>\n<meta property=\"og:title\" content=\"La scienza non \u00e8 ideologica &#8211; Exaudi\" \/>\n<meta property=\"og:description\" content=\"La scienziata Anna Krylov denuncia la deriva ideologica nel processo editoriale di Springer Nature e mette in guardia dalla perdita di rigore nella scienza\" \/>\n<meta property=\"og:url\" content=\"https:\/\/exaudi.org\/it\/la-scienza-non-e-ideologica\/\" \/>\n<meta property=\"og:site_name\" content=\"Exaudi\" \/>\n<meta property=\"article:publisher\" content=\"https:\/\/www.facebook.com\/ExaudiNews\" \/>\n<meta property=\"article:author\" content=\"https:\/\/www.facebook.com\/observatoriodebioetica\/\" \/>\n<meta property=\"article:published_time\" content=\"2025-11-13T18:01:00+00:00\" \/>\n<meta property=\"og:image\" content=\"https:\/\/exaudi.org\/wp-content\/uploads\/2025\/11\/fotos-web-Observatorio-Bioetica-6-scaled.jpg-scaled.jpg\" \/>\n\t<meta property=\"og:image:width\" content=\"2560\" \/>\n\t<meta property=\"og:image:height\" content=\"994\" \/>\n\t<meta property=\"og:image:type\" content=\"image\/jpeg\" \/>\n<meta name=\"author\" content=\"Observatorio de Bio\u00e9tica UCV\" \/>\n<meta name=\"twitter:card\" content=\"summary_large_image\" \/>\n<meta name=\"twitter:creator\" content=\"@obioetica\" \/>\n<meta name=\"twitter:site\" content=\"@Exaudi_News\" \/>\n<meta name=\"twitter:label1\" content=\"Scritto da\" \/>\n\t<meta name=\"twitter:data1\" content=\"Observatorio de Bio\u00e9tica UCV\" \/>\n\t<meta name=\"twitter:label2\" content=\"Tempo di lettura stimato\" \/>\n\t<meta name=\"twitter:data2\" content=\"5 minuti\" \/>\n<script type=\"application\/ld+json\" class=\"yoast-schema-graph\">{\"@context\":\"https:\\\/\\\/schema.org\",\"@graph\":[{\"@type\":\"Article\",\"@id\":\"https:\\\/\\\/exaudi.org\\\/it\\\/la-scienza-non-e-ideologica\\\/#article\",\"isPartOf\":{\"@id\":\"https:\\\/\\\/exaudi.org\\\/it\\\/la-scienza-non-e-ideologica\\\/\"},\"author\":{\"name\":\"Observatorio de Bio\u00e9tica UCV\",\"@id\":\"https:\\\/\\\/exaudi.org\\\/#\\\/schema\\\/person\\\/05d1c06e56ecb5490e9bff0d27026595\"},\"headline\":\"La scienza non \u00e8 ideologica\",\"datePublished\":\"2025-11-13T18:01:00+00:00\",\"mainEntityOfPage\":{\"@id\":\"https:\\\/\\\/exaudi.org\\\/it\\\/la-scienza-non-e-ideologica\\\/\"},\"wordCount\":952,\"image\":{\"@id\":\"https:\\\/\\\/exaudi.org\\\/it\\\/la-scienza-non-e-ideologica\\\/#primaryimage\"},\"thumbnailUrl\":\"https:\\\/\\\/exaudi.org\\\/wp-content\\\/uploads\\\/2025\\\/11\\\/fotos-web-Observatorio-Bioetica-6-scaled.jpg-scaled.jpg\",\"keywords\":[\"Aiuto medico universitario\",\"Anna Krylov\",\"Azione affermativa\",\"Bio\u00e9tica\",\"Censura scientifica\",\"Di tendenza\",\"Etica nella ricerca\",\"giustizia sociale\",\"IDEOLOGIA\",\"Ideologia nella scienza\",\"Integrit\u00e0 scientifica\",\"JULIO TUDELA\",\"Libert\u00e0 accademica\",\"Manipolazione ideologica\",\"Nature Communications\",\"Nature Human Behavior\",\"Nature Reviews Psychology\",\"Obiettivit\u00e0 scientifica\",\"Parzialit\u00e0 editoriale\",\"Pubblicazione scientifica\",\"Revisione paritaria\",\"ricerca scientifica\",\"Rigore scientifico\",\"scienza\",\"Scienza e verit\u00e0\",\"Scienza non ideologica\",\"Springer Nature\",\"University of Southern California\"],\"articleSection\":[\"Voci\"],\"inLanguage\":\"it-IT\"},{\"@type\":\"WebPage\",\"@id\":\"https:\\\/\\\/exaudi.org\\\/it\\\/la-scienza-non-e-ideologica\\\/\",\"url\":\"https:\\\/\\\/exaudi.org\\\/it\\\/la-scienza-non-e-ideologica\\\/\",\"name\":\"La scienza non \u00e8 ideologica &#8211; Exaudi\",\"isPartOf\":{\"@id\":\"https:\\\/\\\/exaudi.org\\\/#website\"},\"primaryImageOfPage\":{\"@id\":\"https:\\\/\\\/exaudi.org\\\/it\\\/la-scienza-non-e-ideologica\\\/#primaryimage\"},\"image\":{\"@id\":\"https:\\\/\\\/exaudi.org\\\/it\\\/la-scienza-non-e-ideologica\\\/#primaryimage\"},\"thumbnailUrl\":\"https:\\\/\\\/exaudi.org\\\/wp-content\\\/uploads\\\/2025\\\/11\\\/fotos-web-Observatorio-Bioetica-6-scaled.jpg-scaled.jpg\",\"datePublished\":\"2025-11-13T18:01:00+00:00\",\"author\":{\"@id\":\"https:\\\/\\\/exaudi.org\\\/#\\\/schema\\\/person\\\/05d1c06e56ecb5490e9bff0d27026595\"},\"breadcrumb\":{\"@id\":\"https:\\\/\\\/exaudi.org\\\/it\\\/la-scienza-non-e-ideologica\\\/#breadcrumb\"},\"inLanguage\":\"it-IT\",\"potentialAction\":[{\"@type\":\"ReadAction\",\"target\":[\"https:\\\/\\\/exaudi.org\\\/it\\\/la-scienza-non-e-ideologica\\\/\"]}]},{\"@type\":\"ImageObject\",\"inLanguage\":\"it-IT\",\"@id\":\"https:\\\/\\\/exaudi.org\\\/it\\\/la-scienza-non-e-ideologica\\\/#primaryimage\",\"url\":\"https:\\\/\\\/exaudi.org\\\/wp-content\\\/uploads\\\/2025\\\/11\\\/fotos-web-Observatorio-Bioetica-6-scaled.jpg-scaled.jpg\",\"contentUrl\":\"https:\\\/\\\/exaudi.org\\\/wp-content\\\/uploads\\\/2025\\\/11\\\/fotos-web-Observatorio-Bioetica-6-scaled.jpg-scaled.jpg\",\"width\":2560,\"height\":994},{\"@type\":\"BreadcrumbList\",\"@id\":\"https:\\\/\\\/exaudi.org\\\/it\\\/la-scienza-non-e-ideologica\\\/#breadcrumb\",\"itemListElement\":[{\"@type\":\"ListItem\",\"position\":1,\"name\":\"Portada\",\"item\":\"https:\\\/\\\/exaudi.org\\\/it\\\/\"},{\"@type\":\"ListItem\",\"position\":2,\"name\":\"La scienza non \u00e8 ideologica\"}]},{\"@type\":\"WebSite\",\"@id\":\"https:\\\/\\\/exaudi.org\\\/#website\",\"url\":\"https:\\\/\\\/exaudi.org\\\/\",\"name\":\"Exaudi\",\"description\":\"News\",\"potentialAction\":[{\"@type\":\"SearchAction\",\"target\":{\"@type\":\"EntryPoint\",\"urlTemplate\":\"https:\\\/\\\/exaudi.org\\\/?s={search_term_string}\"},\"query-input\":{\"@type\":\"PropertyValueSpecification\",\"valueRequired\":true,\"valueName\":\"search_term_string\"}}],\"inLanguage\":\"it-IT\"},{\"@type\":\"Person\",\"@id\":\"https:\\\/\\\/exaudi.org\\\/#\\\/schema\\\/person\\\/05d1c06e56ecb5490e9bff0d27026595\",\"name\":\"Observatorio de Bio\u00e9tica UCV\",\"image\":{\"@type\":\"ImageObject\",\"inLanguage\":\"it-IT\",\"@id\":\"https:\\\/\\\/secure.gravatar.com\\\/avatar\\\/086563f59595a89fb0851de25d712a03657b1cdfa8af3c9cd0a1ee122fc5d596?s=96&d=mm&r=g\",\"url\":\"https:\\\/\\\/secure.gravatar.com\\\/avatar\\\/086563f59595a89fb0851de25d712a03657b1cdfa8af3c9cd0a1ee122fc5d596?s=96&d=mm&r=g\",\"contentUrl\":\"https:\\\/\\\/secure.gravatar.com\\\/avatar\\\/086563f59595a89fb0851de25d712a03657b1cdfa8af3c9cd0a1ee122fc5d596?s=96&d=mm&r=g\",\"caption\":\"Observatorio de Bio\u00e9tica UCV\"},\"description\":\"El Observatorio de Bio\u00e9tica se encuentra dentro del Instituto Ciencias de la vida de la Universidad Cat\u00f3lica de Valencia \u201cSan Vicente M\u00e1rtir\u201d . En el trasfondo de sus publicaciones, se defiende la vida humana desde la fecundaci\u00f3n a la muerte natural y la dignidad de la persona, teniendo como objetivo aunar esfuerzos para difundir la cultura de la vida como la define la Evangelium Vitae.\",\"sameAs\":[\"https:\\\/\\\/www.observatoriobioetica.org\\\/\",\"https:\\\/\\\/www.facebook.com\\\/observatoriodebioetica\\\/\",\"https:\\\/\\\/x.com\\\/obioetica\",\"https:\\\/\\\/www.youtube.com\\\/channel\\\/UC_Tr4WS5-TXoNo5e1MdQc7w\"],\"url\":\"https:\\\/\\\/exaudi.org\\\/it\\\/author\\\/observatoriodebioeticaucv\\\/\"}]}<\/script>\n<!-- \/ Yoast SEO plugin. -->","yoast_head_json":{"title":"La scienza non \u00e8 ideologica &#8211; Exaudi","robots":{"index":"index","follow":"follow","max-snippet":"max-snippet:-1","max-image-preview":"max-image-preview:large","max-video-preview":"max-video-preview:-1"},"canonical":"https:\/\/exaudi.org\/it\/la-scienza-non-e-ideologica\/","og_locale":"it_IT","og_type":"article","og_title":"La scienza non \u00e8 ideologica &#8211; Exaudi","og_description":"La scienziata Anna Krylov denuncia la deriva ideologica nel processo editoriale di Springer Nature e mette in guardia dalla perdita di rigore nella scienza","og_url":"https:\/\/exaudi.org\/it\/la-scienza-non-e-ideologica\/","og_site_name":"Exaudi","article_publisher":"https:\/\/www.facebook.com\/ExaudiNews","article_author":"https:\/\/www.facebook.com\/observatoriodebioetica\/","article_published_time":"2025-11-13T18:01:00+00:00","og_image":[{"width":2560,"height":994,"url":"https:\/\/exaudi.org\/wp-content\/uploads\/2025\/11\/fotos-web-Observatorio-Bioetica-6-scaled.jpg-scaled.jpg","type":"image\/jpeg"}],"author":"Observatorio de Bio\u00e9tica UCV","twitter_card":"summary_large_image","twitter_creator":"@obioetica","twitter_site":"@Exaudi_News","twitter_misc":{"Scritto da":"Observatorio de Bio\u00e9tica UCV","Tempo di lettura stimato":"5 minuti"},"schema":{"@context":"https:\/\/schema.org","@graph":[{"@type":"Article","@id":"https:\/\/exaudi.org\/it\/la-scienza-non-e-ideologica\/#article","isPartOf":{"@id":"https:\/\/exaudi.org\/it\/la-scienza-non-e-ideologica\/"},"author":{"name":"Observatorio de Bio\u00e9tica UCV","@id":"https:\/\/exaudi.org\/#\/schema\/person\/05d1c06e56ecb5490e9bff0d27026595"},"headline":"La scienza non \u00e8 ideologica","datePublished":"2025-11-13T18:01:00+00:00","mainEntityOfPage":{"@id":"https:\/\/exaudi.org\/it\/la-scienza-non-e-ideologica\/"},"wordCount":952,"image":{"@id":"https:\/\/exaudi.org\/it\/la-scienza-non-e-ideologica\/#primaryimage"},"thumbnailUrl":"https:\/\/exaudi.org\/wp-content\/uploads\/2025\/11\/fotos-web-Observatorio-Bioetica-6-scaled.jpg-scaled.jpg","keywords":["Aiuto medico universitario","Anna Krylov","Azione affermativa","Bio\u00e9tica","Censura scientifica","Di tendenza","Etica nella ricerca","giustizia sociale","IDEOLOGIA","Ideologia nella scienza","Integrit\u00e0 scientifica","JULIO TUDELA","Libert\u00e0 accademica","Manipolazione ideologica","Nature Communications","Nature Human Behavior","Nature Reviews Psychology","Obiettivit\u00e0 scientifica","Parzialit\u00e0 editoriale","Pubblicazione scientifica","Revisione paritaria","ricerca scientifica","Rigore scientifico","scienza","Scienza e verit\u00e0","Scienza non ideologica","Springer Nature","University of Southern California"],"articleSection":["Voci"],"inLanguage":"it-IT"},{"@type":"WebPage","@id":"https:\/\/exaudi.org\/it\/la-scienza-non-e-ideologica\/","url":"https:\/\/exaudi.org\/it\/la-scienza-non-e-ideologica\/","name":"La scienza non \u00e8 ideologica &#8211; Exaudi","isPartOf":{"@id":"https:\/\/exaudi.org\/#website"},"primaryImageOfPage":{"@id":"https:\/\/exaudi.org\/it\/la-scienza-non-e-ideologica\/#primaryimage"},"image":{"@id":"https:\/\/exaudi.org\/it\/la-scienza-non-e-ideologica\/#primaryimage"},"thumbnailUrl":"https:\/\/exaudi.org\/wp-content\/uploads\/2025\/11\/fotos-web-Observatorio-Bioetica-6-scaled.jpg-scaled.jpg","datePublished":"2025-11-13T18:01:00+00:00","author":{"@id":"https:\/\/exaudi.org\/#\/schema\/person\/05d1c06e56ecb5490e9bff0d27026595"},"breadcrumb":{"@id":"https:\/\/exaudi.org\/it\/la-scienza-non-e-ideologica\/#breadcrumb"},"inLanguage":"it-IT","potentialAction":[{"@type":"ReadAction","target":["https:\/\/exaudi.org\/it\/la-scienza-non-e-ideologica\/"]}]},{"@type":"ImageObject","inLanguage":"it-IT","@id":"https:\/\/exaudi.org\/it\/la-scienza-non-e-ideologica\/#primaryimage","url":"https:\/\/exaudi.org\/wp-content\/uploads\/2025\/11\/fotos-web-Observatorio-Bioetica-6-scaled.jpg-scaled.jpg","contentUrl":"https:\/\/exaudi.org\/wp-content\/uploads\/2025\/11\/fotos-web-Observatorio-Bioetica-6-scaled.jpg-scaled.jpg","width":2560,"height":994},{"@type":"BreadcrumbList","@id":"https:\/\/exaudi.org\/it\/la-scienza-non-e-ideologica\/#breadcrumb","itemListElement":[{"@type":"ListItem","position":1,"name":"Portada","item":"https:\/\/exaudi.org\/it\/"},{"@type":"ListItem","position":2,"name":"La scienza non \u00e8 ideologica"}]},{"@type":"WebSite","@id":"https:\/\/exaudi.org\/#website","url":"https:\/\/exaudi.org\/","name":"Exaudi","description":"News","potentialAction":[{"@type":"SearchAction","target":{"@type":"EntryPoint","urlTemplate":"https:\/\/exaudi.org\/?s={search_term_string}"},"query-input":{"@type":"PropertyValueSpecification","valueRequired":true,"valueName":"search_term_string"}}],"inLanguage":"it-IT"},{"@type":"Person","@id":"https:\/\/exaudi.org\/#\/schema\/person\/05d1c06e56ecb5490e9bff0d27026595","name":"Observatorio de Bio\u00e9tica UCV","image":{"@type":"ImageObject","inLanguage":"it-IT","@id":"https:\/\/secure.gravatar.com\/avatar\/086563f59595a89fb0851de25d712a03657b1cdfa8af3c9cd0a1ee122fc5d596?s=96&d=mm&r=g","url":"https:\/\/secure.gravatar.com\/avatar\/086563f59595a89fb0851de25d712a03657b1cdfa8af3c9cd0a1ee122fc5d596?s=96&d=mm&r=g","contentUrl":"https:\/\/secure.gravatar.com\/avatar\/086563f59595a89fb0851de25d712a03657b1cdfa8af3c9cd0a1ee122fc5d596?s=96&d=mm&r=g","caption":"Observatorio de Bio\u00e9tica UCV"},"description":"El Observatorio de Bio\u00e9tica se encuentra dentro del Instituto Ciencias de la vida de la Universidad Cat\u00f3lica de Valencia \u201cSan Vicente M\u00e1rtir\u201d . En el trasfondo de sus publicaciones, se defiende la vida humana desde la fecundaci\u00f3n a la muerte natural y la dignidad de la persona, teniendo como objetivo aunar esfuerzos para difundir la cultura de la vida como la define la Evangelium Vitae.","sameAs":["https:\/\/www.observatoriobioetica.org\/","https:\/\/www.facebook.com\/observatoriodebioetica\/","https:\/\/x.com\/obioetica","https:\/\/www.youtube.com\/channel\/UC_Tr4WS5-TXoNo5e1MdQc7w"],"url":"https:\/\/exaudi.org\/it\/author\/observatoriodebioeticaucv\/"}]}},"jetpack_featured_media_url":"https:\/\/exaudi.org\/wp-content\/uploads\/2025\/11\/fotos-web-Observatorio-Bioetica-6-scaled.jpg-scaled.jpg","jetpack_shortlink":"https:\/\/wp.me\/pgKjF2-C6s","_links":{"self":[{"href":"https:\/\/exaudi.org\/it\/wp-json\/wp\/v2\/posts\/146472","targetHints":{"allow":["GET"]}}],"collection":[{"href":"https:\/\/exaudi.org\/it\/wp-json\/wp\/v2\/posts"}],"about":[{"href":"https:\/\/exaudi.org\/it\/wp-json\/wp\/v2\/types\/post"}],"author":[{"embeddable":true,"href":"https:\/\/exaudi.org\/it\/wp-json\/wp\/v2\/users\/87"}],"replies":[{"embeddable":true,"href":"https:\/\/exaudi.org\/it\/wp-json\/wp\/v2\/comments?post=146472"}],"version-history":[{"count":8,"href":"https:\/\/exaudi.org\/it\/wp-json\/wp\/v2\/posts\/146472\/revisions"}],"predecessor-version":[{"id":146484,"href":"https:\/\/exaudi.org\/it\/wp-json\/wp\/v2\/posts\/146472\/revisions\/146484"}],"wp:featuredmedia":[{"embeddable":true,"href":"https:\/\/exaudi.org\/it\/wp-json\/wp\/v2\/media\/146024"}],"wp:attachment":[{"href":"https:\/\/exaudi.org\/it\/wp-json\/wp\/v2\/media?parent=146472"}],"wp:term":[{"taxonomy":"category","embeddable":true,"href":"https:\/\/exaudi.org\/it\/wp-json\/wp\/v2\/categories?post=146472"},{"taxonomy":"post_tag","embeddable":true,"href":"https:\/\/exaudi.org\/it\/wp-json\/wp\/v2\/tags?post=146472"}],"curies":[{"name":"wp","href":"https:\/\/api.w.org\/{rel}","templated":true}]}}