{"id":14643,"date":"2021-05-02T12:37:16","date_gmt":"2021-05-02T10:37:16","guid":{"rendered":"https:\/\/exaudi.org\/?p=14643"},"modified":"2021-05-02T12:37:16","modified_gmt":"2021-05-02T10:37:16","slug":"il-rosario-del-s-padre-per-la-fine-della-pandemia","status":"publish","type":"post","link":"https:\/\/exaudi.org\/it\/il-rosario-del-s-padre-per-la-fine-della-pandemia\/","title":{"rendered":"Il Rosario del S. Padre per la fine della pandemia"},"content":{"rendered":"<p>Papa Francesco ha inaugurato la Maratona di Preghiera che caratterizzer\u00e0 l\u2019intero mese di maggio con la recita del Santo Rosario, nel mese dedicato a Maria. Nella Basilica Vaticana, ai piedi della Madonna del Soccorso, nella Cappella Gregoriana, il Santo Padre ha presieduto la recita della preghiera mariana. Con lui il presidente del Pontificio Consiglio per la Nuova Evangelizzazione, mons. Rino Fisichella, e un gruppo di fedeli. Il tema dell\u2019iniziativa \u00e8 \u201cDa tutta la Chiesa saliva incessantemente la preghiera a Dio\u201d, da un versetto degli Atti degli Apostoli.<\/p>\n<p>L\u2019iniziativa, nata per desiderio del Papa per invocare la fine della pandemia, \u00e8 promossa dal Pontificio Consiglio per la Nuova Evangelizzazione. Sono coinvolti trenta santuari mariani di tutto il mondo che, a turno, guideranno ogni giorno la preghiera del Rosario per tutta la Chiesa. Il prossimo 31 maggio sar\u00e0 di nuovo il Papa a guidare la recita del Rosario nei Giardini Vaticani a conclusione della maratona di preghiera.<\/p>\n<p>Di seguito le preghiere pronunciate dal Santo Padre all\u2019inizio e al termine della recita del Santo Rosario.<\/p>\n<h4>La preghiera del Papa<\/h4>\n<p>All\u2019inizio del mese dedicato alla Madonna, ci uniamo in preghiera con tutti i santuari sparsi per il mondo, con i fedeli e con tutte le persone di buona volont\u00e0, per affidare nelle mani della nostra Madre santa l\u2019umanit\u00e0 intera, duramente provata da questo periodo di pandemia.<\/p>\n<h4>Affidati alla Madonna<\/h4>\n<p>Ogni giorno di questo mese di maggio affideremo a Te, Madre della Misericordia, le tante persone che sono state toccate dal virus e continuano a subirne le conseguenze: dai nostri fratelli e sorelle defunti alle famiglie che vivono il dolore e l\u2019incertezza del domani; dai malati ai medici, agli scienziati, agli infermieri, impegnati in prima linea in questa battaglia; dai volontari a tutti i professionisti che hanno prestato il loro prezioso servizio in favore degli altri; dalle persone in lutto e dolore a quelle che, con un semplice sorriso e una buona parola, hanno portato conforto a quanti erano nel bisogno; da quanti \u2013 soprattutto donne \u2013 hanno sub\u00ecto violenza tra le mura domestiche per la chiusura forzata a quanti desiderano riprendere con entusiasmo i ritmi di vita quotidiana.<\/p>\n<p>Madre del Soccorso, accoglici sotto il tuo manto e proteggici, sostienici nell\u2019ora della prova e accendi nei nostri cuori il lume della speranza per il futuro.<\/p>\n<h4>Dopo il Rosario<\/h4>\n<p>Sotto la tua protezione cerchiamo rifugio, Santa Madre di Dio. Nella presente situazione drammatica, carica di sofferenze e di angosce che attanagliano il mondo intero, ricorriamo a Te, Madre di Dio e Madre nostra, e cerchiamo rifugio sotto la tua protezione. O Vergine Maria, volgi a noi i tuoi occhi misericordiosi in questa pandemia del coronavirus, e conforta quanti sono smarriti e piangenti per i loro cari morti, sepolti a volte in un modo che ferisce l\u2019anima. Sostieni quanti sono angosciati per le persone ammalate alle quali, per impedire il contagio, non possono stare vicini. Infondi fiducia in chi \u00e8 in ansia per il futuro incerto e per le conseguenze sull\u2019economia e sul lavoro.<\/p>\n<h4>\u201cIntervieni come a Cana\u201d<\/h4>\n<p>Madre di Dio e Madre nostra, implora per noi da Dio, Padre di misericordia, che questa dura prova finisca e che ritorni un orizzonte di speranza e di pace. Come a Cana, intervieni presso il tuo Figlio divino, chiedendogli di confortare le famiglie dei malati e delle vittime e di aprire il loro cuore alla fiducia. Proteggi i medici, gli infermieri, il personale sanitario, i volontari che in questo periodo di emergenza sono in prima linea e mettono la loro vita a rischio per salvare altre vite. Accompagna la loro eroica fatica e dona loro forza, bont\u00e0 e salute. Sii accanto a coloro che notte e giorno assistono i malati e ai sacerdoti che, con sollecitudine pastorale e impegno evangelico, cercano di aiutare e sostenere tutti.<\/p>\n<p>Vergine Santa, illumina le menti degli uomini e delle donne di scienza, perch\u00e9 trovino giuste soluzioni per vincere questo virus. Assisti i responsabili delle Nazioni perch\u00e9 operino con saggezza, sollecitudine e generosit\u00e0 soccorrendo quanti mancano del necessario per vivere, programmando soluzioni sociali ed economiche con lungimiranza e con spirito di solidariet\u00e0.<\/p>\n<h4>Tocca le coscienze di chi spende per le armi<\/h4>\n<p>Maria Santissima, tocca le coscienze perch\u00e9 le ingenti somme usate per accrescere e perfezionare gli armamenti siano invece destinate a promuovere adeguati studi per prevenire simili catastrofi in futuro. Madre amatissima, fa\u2019 crescere nel mondo il senso di appartenenza a un\u2019unica grande famiglia, nella consapevolezza del legame che tutti unisce perch\u00e9 con spirito fraterno e solidale veniamo in aiuto alle tante povert\u00e0 e situazioni di miseria. Incoraggia la fermezza della fede, la perseveranza nel servire, la costanza nel pregare.<\/p>\n<p>O Maria, consolatrice degli afflitti, abbraccia tutti i tuoi figli tribolati e ottieni che Dio intervenga con la sua mano onnipotente a liberarci da questa terribile epidemia, cos\u00ec che la vita possa riprendere in serenit\u00e0 il suo corso normale. Ci affidiamo a Te, che risplendi sul nostro cammino come segno di salvezza e di speranza. O clemente, o pia, o dolce Vergine Maria, conduci i passi dei tuoi pellegrini che desiderano pregarti e amarti nei Santuari a Te dedicati in tutto il mondo, sotto i titoli pi\u00f9 svariati che richiamano la tua intercessione. Sii per ciascuno una guida sicura. Amen.<\/p>\n","protected":false},"excerpt":{"rendered":"<p>Iniziata la Maratona di preghiera per chiedere la fine di questa crisi mondiale<\/p>\n","protected":false},"author":17,"featured_media":14598,"comment_status":"closed","ping_status":"closed","sticky":false,"template":"","format":"standard","meta":{"_acf_changed":false,"_crdt_document":"","inline_featured_image":false,"footnotes":""},"categories":[67,297],"tags":[1561,287,251,1862],"class_list":["post-14643","post","type-post","status-publish","format-standard","has-post-thumbnail","hentry","category-leone-xiv","category-ultime-notizie","tag-nuova-evangelizzazione","tag-pandemia","tag-papa-francesco","tag-rosario"],"acf":[],"yoast_head":"<!-- This site is optimized with the Yoast SEO plugin v27.5 - https:\/\/yoast.com\/product\/yoast-seo-wordpress\/ -->\n<title>Il Rosario del S. Padre per la fine della pandemia &#8211; Exaudi<\/title>\n<meta name=\"description\" content=\"Papa Francesco ha pregato il Rosario nella Basilica Vaticana. Iniziata la Maratona di Preghiera per chiedere la fine della pandemia\" \/>\n<meta name=\"robots\" content=\"index, follow, max-snippet:-1, max-image-preview:large, max-video-preview:-1\" \/>\n<link rel=\"canonical\" href=\"https:\/\/exaudi.org\/it\/il-rosario-del-s-padre-per-la-fine-della-pandemia\/\" \/>\n<meta property=\"og:locale\" content=\"it_IT\" \/>\n<meta property=\"og:type\" content=\"article\" \/>\n<meta property=\"og:title\" content=\"Il Rosario del S. Padre per la fine della pandemia &#8211; Exaudi\" \/>\n<meta property=\"og:description\" content=\"Papa Francesco ha pregato il Rosario nella Basilica Vaticana. Iniziata la Maratona di Preghiera per chiedere la fine della pandemia\" \/>\n<meta property=\"og:url\" content=\"https:\/\/exaudi.org\/it\/il-rosario-del-s-padre-per-la-fine-della-pandemia\/\" \/>\n<meta property=\"og:site_name\" content=\"Exaudi\" \/>\n<meta property=\"article:publisher\" content=\"https:\/\/www.facebook.com\/ExaudiNews\" \/>\n<meta property=\"article:author\" content=\"https:\/\/www.facebook.com\/ExaudiNotizie\/\" \/>\n<meta property=\"article:published_time\" content=\"2021-05-02T10:37:16+00:00\" \/>\n<meta property=\"og:image\" content=\"https:\/\/exaudi.org\/wp-content\/uploads\/2021\/05\/rosary.jpeg\" \/>\n\t<meta property=\"og:image:width\" content=\"800\" \/>\n\t<meta property=\"og:image:height\" content=\"533\" \/>\n\t<meta property=\"og:image:type\" content=\"image\/jpeg\" \/>\n<meta name=\"author\" content=\"Exaudi Redazione\" \/>\n<meta name=\"twitter:card\" content=\"summary_large_image\" \/>\n<meta name=\"twitter:creator\" content=\"@Exaudi_Notizie\" \/>\n<meta name=\"twitter:site\" content=\"@Exaudi_News\" \/>\n<meta name=\"twitter:label1\" content=\"Scritto da\" \/>\n\t<meta name=\"twitter:data1\" content=\"Exaudi Redazione\" \/>\n\t<meta name=\"twitter:label2\" content=\"Tempo di lettura stimato\" \/>\n\t<meta name=\"twitter:data2\" content=\"4 minuti\" \/>\n<script type=\"application\/ld+json\" class=\"yoast-schema-graph\">{\"@context\":\"https:\\\/\\\/schema.org\",\"@graph\":[{\"@type\":\"Article\",\"@id\":\"https:\\\/\\\/exaudi.org\\\/it\\\/il-rosario-del-s-padre-per-la-fine-della-pandemia\\\/#article\",\"isPartOf\":{\"@id\":\"https:\\\/\\\/exaudi.org\\\/it\\\/il-rosario-del-s-padre-per-la-fine-della-pandemia\\\/\"},\"author\":{\"name\":\"Exaudi Redazione\",\"@id\":\"https:\\\/\\\/exaudi.org\\\/#\\\/schema\\\/person\\\/e1ab6ed07c01774724dd96f925f3a5f0\"},\"headline\":\"Il Rosario del S. Padre per la fine della pandemia\",\"datePublished\":\"2021-05-02T10:37:16+00:00\",\"mainEntityOfPage\":{\"@id\":\"https:\\\/\\\/exaudi.org\\\/it\\\/il-rosario-del-s-padre-per-la-fine-della-pandemia\\\/\"},\"wordCount\":882,\"image\":{\"@id\":\"https:\\\/\\\/exaudi.org\\\/it\\\/il-rosario-del-s-padre-per-la-fine-della-pandemia\\\/#primaryimage\"},\"thumbnailUrl\":\"https:\\\/\\\/exaudi.org\\\/wp-content\\\/uploads\\\/2021\\\/05\\\/rosary.jpeg\",\"keywords\":[\"nuova evangelizzazione\",\"pandemia\",\"Papa Francesco\",\"Rosario\"],\"articleSection\":[\"Leone XIV\",\"Ultime Notizie\"],\"inLanguage\":\"it-IT\"},{\"@type\":\"WebPage\",\"@id\":\"https:\\\/\\\/exaudi.org\\\/it\\\/il-rosario-del-s-padre-per-la-fine-della-pandemia\\\/\",\"url\":\"https:\\\/\\\/exaudi.org\\\/it\\\/il-rosario-del-s-padre-per-la-fine-della-pandemia\\\/\",\"name\":\"Il Rosario del S. Padre per la fine della pandemia &#8211; Exaudi\",\"isPartOf\":{\"@id\":\"https:\\\/\\\/exaudi.org\\\/#website\"},\"primaryImageOfPage\":{\"@id\":\"https:\\\/\\\/exaudi.org\\\/it\\\/il-rosario-del-s-padre-per-la-fine-della-pandemia\\\/#primaryimage\"},\"image\":{\"@id\":\"https:\\\/\\\/exaudi.org\\\/it\\\/il-rosario-del-s-padre-per-la-fine-della-pandemia\\\/#primaryimage\"},\"thumbnailUrl\":\"https:\\\/\\\/exaudi.org\\\/wp-content\\\/uploads\\\/2021\\\/05\\\/rosary.jpeg\",\"datePublished\":\"2021-05-02T10:37:16+00:00\",\"author\":{\"@id\":\"https:\\\/\\\/exaudi.org\\\/#\\\/schema\\\/person\\\/e1ab6ed07c01774724dd96f925f3a5f0\"},\"description\":\"Papa Francesco ha pregato il Rosario nella Basilica Vaticana. Iniziata la Maratona di Preghiera per chiedere la fine della pandemia\",\"breadcrumb\":{\"@id\":\"https:\\\/\\\/exaudi.org\\\/it\\\/il-rosario-del-s-padre-per-la-fine-della-pandemia\\\/#breadcrumb\"},\"inLanguage\":\"it-IT\",\"potentialAction\":[{\"@type\":\"ReadAction\",\"target\":[\"https:\\\/\\\/exaudi.org\\\/it\\\/il-rosario-del-s-padre-per-la-fine-della-pandemia\\\/\"]}]},{\"@type\":\"ImageObject\",\"inLanguage\":\"it-IT\",\"@id\":\"https:\\\/\\\/exaudi.org\\\/it\\\/il-rosario-del-s-padre-per-la-fine-della-pandemia\\\/#primaryimage\",\"url\":\"https:\\\/\\\/exaudi.org\\\/wp-content\\\/uploads\\\/2021\\\/05\\\/rosary.jpeg\",\"contentUrl\":\"https:\\\/\\\/exaudi.org\\\/wp-content\\\/uploads\\\/2021\\\/05\\\/rosary.jpeg\",\"width\":800,\"height\":533,\"caption\":\"\u00a9 Vatican Media\"},{\"@type\":\"BreadcrumbList\",\"@id\":\"https:\\\/\\\/exaudi.org\\\/it\\\/il-rosario-del-s-padre-per-la-fine-della-pandemia\\\/#breadcrumb\",\"itemListElement\":[{\"@type\":\"ListItem\",\"position\":1,\"name\":\"Portada\",\"item\":\"https:\\\/\\\/exaudi.org\\\/it\\\/\"},{\"@type\":\"ListItem\",\"position\":2,\"name\":\"Il Rosario del S. Padre per la fine della pandemia\"}]},{\"@type\":\"WebSite\",\"@id\":\"https:\\\/\\\/exaudi.org\\\/#website\",\"url\":\"https:\\\/\\\/exaudi.org\\\/\",\"name\":\"Exaudi\",\"description\":\"News\",\"potentialAction\":[{\"@type\":\"SearchAction\",\"target\":{\"@type\":\"EntryPoint\",\"urlTemplate\":\"https:\\\/\\\/exaudi.org\\\/?s={search_term_string}\"},\"query-input\":{\"@type\":\"PropertyValueSpecification\",\"valueRequired\":true,\"valueName\":\"search_term_string\"}}],\"inLanguage\":\"it-IT\"},{\"@type\":\"Person\",\"@id\":\"https:\\\/\\\/exaudi.org\\\/#\\\/schema\\\/person\\\/e1ab6ed07c01774724dd96f925f3a5f0\",\"name\":\"Exaudi Redazione\",\"image\":{\"@type\":\"ImageObject\",\"inLanguage\":\"it-IT\",\"@id\":\"https:\\\/\\\/secure.gravatar.com\\\/avatar\\\/ad6774b3ada023bf5b939d64f45c94b3adf91502dd883507d469b4308a943bb3?s=96&d=mm&r=g\",\"url\":\"https:\\\/\\\/secure.gravatar.com\\\/avatar\\\/ad6774b3ada023bf5b939d64f45c94b3adf91502dd883507d469b4308a943bb3?s=96&d=mm&r=g\",\"contentUrl\":\"https:\\\/\\\/secure.gravatar.com\\\/avatar\\\/ad6774b3ada023bf5b939d64f45c94b3adf91502dd883507d469b4308a943bb3?s=96&d=mm&r=g\",\"caption\":\"Exaudi Redazione\"},\"description\":\"Che cosa \u00e8 Exaudi News? Exaudi News \u00e8 un agenzia cattolica internazionale che informa, istruisce e trasforma quotidianamente in spagnolo, inglese e italiano. Attraverso notizie, articoli di analisi e trasmissioni in diretta degli eventi del Papa, Exaudi cerca di rafforzare l'unit\u00e0 dei cristiani e di contribuire all'evangelizzazione del mondo, sempre guidato dalla dottrina sociale della Chiesa. Lavoriamo per portare la verit\u00e0 e i valori cristiani in ogni angolo del pianeta. Aiutaci a trasformare il mondo con Exaudi! Noi di Exaudi crediamo che l'evangelizzazione e l'informazione di qualit\u00e0 possano cambiare la vita. Per continuare la nostra missione ed espandere la nostra portata, abbiamo bisogno del tuo aiuto. Stiamo anche cercando persone motivate che vogliano unirsi al nostro team. Grazie al vostro sostegno raggiungeremo pi\u00f9 persone, diffonderemo il messaggio di Cristo e rafforzeremo l'unit\u00e0 dei cristiani. Vuoi unirti alla nostra missione? Per maggiori informazioni su come contribuire, visita Exaudi.org\\\/it o contattaci direttamente: info@exaudi.org Exaudi: informa, forma e trasforma.\",\"sameAs\":[\"https:\\\/\\\/www.facebook.com\\\/ExaudiNotizie\\\/\",\"https:\\\/\\\/www.instagram.com\\\/Exaudi_notizie\\\/\",\"https:\\\/\\\/x.com\\\/Exaudi_Notizie\",\"https:\\\/\\\/www.youtube.com\\\/@exaudicatholicnews\"],\"url\":\"https:\\\/\\\/exaudi.org\\\/it\\\/author\\\/dlvedi-org\\\/\"}]}<\/script>\n<!-- \/ Yoast SEO plugin. -->","yoast_head_json":{"title":"Il Rosario del S. Padre per la fine della pandemia &#8211; Exaudi","description":"Papa Francesco ha pregato il Rosario nella Basilica Vaticana. Iniziata la Maratona di Preghiera per chiedere la fine della pandemia","robots":{"index":"index","follow":"follow","max-snippet":"max-snippet:-1","max-image-preview":"max-image-preview:large","max-video-preview":"max-video-preview:-1"},"canonical":"https:\/\/exaudi.org\/it\/il-rosario-del-s-padre-per-la-fine-della-pandemia\/","og_locale":"it_IT","og_type":"article","og_title":"Il Rosario del S. Padre per la fine della pandemia &#8211; Exaudi","og_description":"Papa Francesco ha pregato il Rosario nella Basilica Vaticana. Iniziata la Maratona di Preghiera per chiedere la fine della pandemia","og_url":"https:\/\/exaudi.org\/it\/il-rosario-del-s-padre-per-la-fine-della-pandemia\/","og_site_name":"Exaudi","article_publisher":"https:\/\/www.facebook.com\/ExaudiNews","article_author":"https:\/\/www.facebook.com\/ExaudiNotizie\/","article_published_time":"2021-05-02T10:37:16+00:00","og_image":[{"width":800,"height":533,"url":"https:\/\/exaudi.org\/wp-content\/uploads\/2021\/05\/rosary.jpeg","type":"image\/jpeg"}],"author":"Exaudi Redazione","twitter_card":"summary_large_image","twitter_creator":"@Exaudi_Notizie","twitter_site":"@Exaudi_News","twitter_misc":{"Scritto da":"Exaudi Redazione","Tempo di lettura stimato":"4 minuti"},"schema":{"@context":"https:\/\/schema.org","@graph":[{"@type":"Article","@id":"https:\/\/exaudi.org\/it\/il-rosario-del-s-padre-per-la-fine-della-pandemia\/#article","isPartOf":{"@id":"https:\/\/exaudi.org\/it\/il-rosario-del-s-padre-per-la-fine-della-pandemia\/"},"author":{"name":"Exaudi Redazione","@id":"https:\/\/exaudi.org\/#\/schema\/person\/e1ab6ed07c01774724dd96f925f3a5f0"},"headline":"Il Rosario del S. Padre per la fine della pandemia","datePublished":"2021-05-02T10:37:16+00:00","mainEntityOfPage":{"@id":"https:\/\/exaudi.org\/it\/il-rosario-del-s-padre-per-la-fine-della-pandemia\/"},"wordCount":882,"image":{"@id":"https:\/\/exaudi.org\/it\/il-rosario-del-s-padre-per-la-fine-della-pandemia\/#primaryimage"},"thumbnailUrl":"https:\/\/exaudi.org\/wp-content\/uploads\/2021\/05\/rosary.jpeg","keywords":["nuova evangelizzazione","pandemia","Papa Francesco","Rosario"],"articleSection":["Leone XIV","Ultime Notizie"],"inLanguage":"it-IT"},{"@type":"WebPage","@id":"https:\/\/exaudi.org\/it\/il-rosario-del-s-padre-per-la-fine-della-pandemia\/","url":"https:\/\/exaudi.org\/it\/il-rosario-del-s-padre-per-la-fine-della-pandemia\/","name":"Il Rosario del S. Padre per la fine della pandemia &#8211; Exaudi","isPartOf":{"@id":"https:\/\/exaudi.org\/#website"},"primaryImageOfPage":{"@id":"https:\/\/exaudi.org\/it\/il-rosario-del-s-padre-per-la-fine-della-pandemia\/#primaryimage"},"image":{"@id":"https:\/\/exaudi.org\/it\/il-rosario-del-s-padre-per-la-fine-della-pandemia\/#primaryimage"},"thumbnailUrl":"https:\/\/exaudi.org\/wp-content\/uploads\/2021\/05\/rosary.jpeg","datePublished":"2021-05-02T10:37:16+00:00","author":{"@id":"https:\/\/exaudi.org\/#\/schema\/person\/e1ab6ed07c01774724dd96f925f3a5f0"},"description":"Papa Francesco ha pregato il Rosario nella Basilica Vaticana. Iniziata la Maratona di Preghiera per chiedere la fine della pandemia","breadcrumb":{"@id":"https:\/\/exaudi.org\/it\/il-rosario-del-s-padre-per-la-fine-della-pandemia\/#breadcrumb"},"inLanguage":"it-IT","potentialAction":[{"@type":"ReadAction","target":["https:\/\/exaudi.org\/it\/il-rosario-del-s-padre-per-la-fine-della-pandemia\/"]}]},{"@type":"ImageObject","inLanguage":"it-IT","@id":"https:\/\/exaudi.org\/it\/il-rosario-del-s-padre-per-la-fine-della-pandemia\/#primaryimage","url":"https:\/\/exaudi.org\/wp-content\/uploads\/2021\/05\/rosary.jpeg","contentUrl":"https:\/\/exaudi.org\/wp-content\/uploads\/2021\/05\/rosary.jpeg","width":800,"height":533,"caption":"\u00a9 Vatican Media"},{"@type":"BreadcrumbList","@id":"https:\/\/exaudi.org\/it\/il-rosario-del-s-padre-per-la-fine-della-pandemia\/#breadcrumb","itemListElement":[{"@type":"ListItem","position":1,"name":"Portada","item":"https:\/\/exaudi.org\/it\/"},{"@type":"ListItem","position":2,"name":"Il Rosario del S. Padre per la fine della pandemia"}]},{"@type":"WebSite","@id":"https:\/\/exaudi.org\/#website","url":"https:\/\/exaudi.org\/","name":"Exaudi","description":"News","potentialAction":[{"@type":"SearchAction","target":{"@type":"EntryPoint","urlTemplate":"https:\/\/exaudi.org\/?s={search_term_string}"},"query-input":{"@type":"PropertyValueSpecification","valueRequired":true,"valueName":"search_term_string"}}],"inLanguage":"it-IT"},{"@type":"Person","@id":"https:\/\/exaudi.org\/#\/schema\/person\/e1ab6ed07c01774724dd96f925f3a5f0","name":"Exaudi Redazione","image":{"@type":"ImageObject","inLanguage":"it-IT","@id":"https:\/\/secure.gravatar.com\/avatar\/ad6774b3ada023bf5b939d64f45c94b3adf91502dd883507d469b4308a943bb3?s=96&d=mm&r=g","url":"https:\/\/secure.gravatar.com\/avatar\/ad6774b3ada023bf5b939d64f45c94b3adf91502dd883507d469b4308a943bb3?s=96&d=mm&r=g","contentUrl":"https:\/\/secure.gravatar.com\/avatar\/ad6774b3ada023bf5b939d64f45c94b3adf91502dd883507d469b4308a943bb3?s=96&d=mm&r=g","caption":"Exaudi Redazione"},"description":"Che cosa \u00e8 Exaudi News? Exaudi News \u00e8 un agenzia cattolica internazionale che informa, istruisce e trasforma quotidianamente in spagnolo, inglese e italiano. Attraverso notizie, articoli di analisi e trasmissioni in diretta degli eventi del Papa, Exaudi cerca di rafforzare l'unit\u00e0 dei cristiani e di contribuire all'evangelizzazione del mondo, sempre guidato dalla dottrina sociale della Chiesa. Lavoriamo per portare la verit\u00e0 e i valori cristiani in ogni angolo del pianeta. Aiutaci a trasformare il mondo con Exaudi! Noi di Exaudi crediamo che l'evangelizzazione e l'informazione di qualit\u00e0 possano cambiare la vita. Per continuare la nostra missione ed espandere la nostra portata, abbiamo bisogno del tuo aiuto. Stiamo anche cercando persone motivate che vogliano unirsi al nostro team. Grazie al vostro sostegno raggiungeremo pi\u00f9 persone, diffonderemo il messaggio di Cristo e rafforzeremo l'unit\u00e0 dei cristiani. Vuoi unirti alla nostra missione? Per maggiori informazioni su come contribuire, visita Exaudi.org\/it o contattaci direttamente: info@exaudi.org Exaudi: informa, forma e trasforma.","sameAs":["https:\/\/www.facebook.com\/ExaudiNotizie\/","https:\/\/www.instagram.com\/Exaudi_notizie\/","https:\/\/x.com\/Exaudi_Notizie","https:\/\/www.youtube.com\/@exaudicatholicnews"],"url":"https:\/\/exaudi.org\/it\/author\/dlvedi-org\/"}]}},"jetpack_featured_media_url":"https:\/\/exaudi.org\/wp-content\/uploads\/2021\/05\/rosary.jpeg","jetpack_shortlink":"https:\/\/wp.me\/pgKjF2-3Ob","_links":{"self":[{"href":"https:\/\/exaudi.org\/it\/wp-json\/wp\/v2\/posts\/14643","targetHints":{"allow":["GET"]}}],"collection":[{"href":"https:\/\/exaudi.org\/it\/wp-json\/wp\/v2\/posts"}],"about":[{"href":"https:\/\/exaudi.org\/it\/wp-json\/wp\/v2\/types\/post"}],"author":[{"embeddable":true,"href":"https:\/\/exaudi.org\/it\/wp-json\/wp\/v2\/users\/17"}],"replies":[{"embeddable":true,"href":"https:\/\/exaudi.org\/it\/wp-json\/wp\/v2\/comments?post=14643"}],"version-history":[{"count":0,"href":"https:\/\/exaudi.org\/it\/wp-json\/wp\/v2\/posts\/14643\/revisions"}],"wp:featuredmedia":[{"embeddable":true,"href":"https:\/\/exaudi.org\/it\/wp-json\/wp\/v2\/media\/14598"}],"wp:attachment":[{"href":"https:\/\/exaudi.org\/it\/wp-json\/wp\/v2\/media?parent=14643"}],"wp:term":[{"taxonomy":"category","embeddable":true,"href":"https:\/\/exaudi.org\/it\/wp-json\/wp\/v2\/categories?post=14643"},{"taxonomy":"post_tag","embeddable":true,"href":"https:\/\/exaudi.org\/it\/wp-json\/wp\/v2\/tags?post=14643"}],"curies":[{"name":"wp","href":"https:\/\/api.w.org\/{rel}","templated":true}]}}