{"id":146057,"date":"2025-11-12T17:28:35","date_gmt":"2025-11-12T16:28:35","guid":{"rendered":"https:\/\/exaudi.org\/?p=146057"},"modified":"2025-11-12T17:28:35","modified_gmt":"2025-11-12T16:28:35","slug":"la-morte-non-ha-lultima-parola","status":"publish","type":"post","link":"https:\/\/exaudi.org\/it\/la-morte-non-ha-lultima-parola\/","title":{"rendered":"La morte non ha l&#8217;ultima parola"},"content":{"rendered":"<p data-start=\"313\" data-end=\"669\"><span dir=\"auto\" style=\"vertical-align: inherit\"><span dir=\"auto\" style=\"vertical-align: inherit\">La morte \u00e8 una realt\u00e0 dolorosa e, in alcuni casi, tragica. Quando un familiare muore, alcuni, con buone intenzioni, potrebbero consigliare:\u00a0 <\/span><\/span><em data-start=\"454\" data-end=\"501\"><span dir=\"auto\" style=\"vertical-align: inherit\"><span dir=\"auto\" style=\"vertical-align: inherit\">&#8220;Devi dimenticare, devi andare avanti<\/span><\/span><\/em><span dir=\"auto\" style=\"vertical-align: inherit\"><span dir=\"auto\" style=\"vertical-align: inherit\"> &#8220;. Ma non \u00e8 questo che dovremmo fare. Non si tratta di dimenticare i nostri cari che sono scomparsi, ma di\u00a0 <\/span><\/span><strong data-start=\"614\" data-end=\"666\"><span dir=\"auto\" style=\"vertical-align: inherit\"><span dir=\"auto\" style=\"vertical-align: inherit\">ricordarli con speranza e gratitudine per la loro vita<\/span><\/span><\/strong><span dir=\"auto\" style=\"vertical-align: inherit\"><span dir=\"auto\" style=\"vertical-align: inherit\">.<\/span><\/span><\/p>\n<p data-start=\"671\" data-end=\"1183\"><span dir=\"auto\" style=\"vertical-align: inherit\"><span dir=\"auto\" style=\"vertical-align: inherit\">\u00c8 necessario imparare ad\u00a0 <\/span><\/span><strong data-start=\"695\" data-end=\"735\"><span dir=\"auto\" style=\"vertical-align: inherit\"><span dir=\"auto\" style=\"vertical-align: inherit\">accettare la morte e a conviverci<\/span><\/span><\/strong><span dir=\"auto\" style=\"vertical-align: inherit\"><span dir=\"auto\" style=\"vertical-align: inherit\">, cosa ben diversa dall&#8217;ignorarla. Possiamo piangere la morte dei nostri cari \u2013 Ges\u00f9 stesso pianse per Lazzaro \u2013 ma le nostre lacrime saranno sempre\u00a0 <\/span><\/span><strong data-start=\"891\" data-end=\"915\"><span dir=\"auto\" style=\"vertical-align: inherit\"><span dir=\"auto\" style=\"vertical-align: inherit\">venate di speranza<\/span><\/span><\/strong><span dir=\"auto\" style=\"vertical-align: inherit\"><span dir=\"auto\" style=\"vertical-align: inherit\">. La morte \u00e8 l&#8217;unica certezza della nostra vita. Come disse Benjamin Franklin,\u00a0 <\/span><\/span><em data-start=\"993\" data-end=\"1056\"><span dir=\"auto\" style=\"vertical-align: inherit\"><span dir=\"auto\" style=\"vertical-align: inherit\">&#8220;Ci sono due cose certe nella vita: la morte e le tasse<\/span><\/span><\/em><span dir=\"auto\" style=\"vertical-align: inherit\"><span dir=\"auto\" style=\"vertical-align: inherit\"> &#8220;. Questa realt\u00e0 ci ricorda che la vita \u00e8\u00a0 <\/span><\/span><strong data-start=\"1100\" data-end=\"1112\"><span dir=\"auto\" style=\"vertical-align: inherit\"><span dir=\"auto\" style=\"vertical-align: inherit\">fugace<\/span><\/span><\/strong><span dir=\"auto\" style=\"vertical-align: inherit\"><span dir=\"auto\" style=\"vertical-align: inherit\"> e che dobbiamo imparare a vivere e prepararci a morire con speranza.<\/span><\/span><\/p>\n<h3 data-start=\"1190\" data-end=\"1238\"><strong><span dir=\"auto\" style=\"vertical-align: inherit\"><span dir=\"auto\" style=\"vertical-align: inherit\">Imparare a vedere la morte come una via per il paradiso<\/span><\/span><\/strong><\/h3>\n<p data-start=\"1240\" data-end=\"1455\"><span dir=\"auto\" style=\"vertical-align: inherit\"><span dir=\"auto\" style=\"vertical-align: inherit\">Spesso evitiamo di parlare della morte; \u00e8 diventato un\u00a0 <\/span><\/span><strong data-start=\"1302\" data-end=\"1315\"><span dir=\"auto\" style=\"vertical-align: inherit\"><span dir=\"auto\" style=\"vertical-align: inherit\">argomento tab\u00f9<\/span><\/span><\/strong><span dir=\"auto\" style=\"vertical-align: inherit\"><span dir=\"auto\" style=\"vertical-align: inherit\">. Tuttavia, \u00e8 essenziale insegnare ai bambini, e a noi stessi, a vedere la morte con speranza, come una\u00a0 <\/span><\/span><strong data-start=\"1421\" data-end=\"1452\"><span dir=\"auto\" style=\"vertical-align: inherit\"><span dir=\"auto\" style=\"vertical-align: inherit\">via verso la vita eterna<\/span><\/span><\/strong><span dir=\"auto\" style=\"vertical-align: inherit\"><span dir=\"auto\" style=\"vertical-align: inherit\">.<\/span><\/span><\/p>\n<p data-start=\"1457\" data-end=\"1861\"><span dir=\"auto\" style=\"vertical-align: inherit\"><span dir=\"auto\" style=\"vertical-align: inherit\">I nostri cari defunti\u00a0 <\/span><\/span><strong data-start=\"1499\" data-end=\"1515\"><span dir=\"auto\" style=\"vertical-align: inherit\"><span dir=\"auto\" style=\"vertical-align: inherit\">sono ancora vivi<\/span><\/span><\/strong><span dir=\"auto\" style=\"vertical-align: inherit\"><span dir=\"auto\" style=\"vertical-align: inherit\">, perch\u00e9 la vita eterna esiste. Ges\u00f9 disse:\u00a0 <\/span><\/span><em data-start=\"1559\" data-end=\"1642\"><span dir=\"auto\" style=\"vertical-align: inherit\"><span dir=\"auto\" style=\"vertical-align: inherit\">&#8220;Io sono la risurrezione e la vita; chi crede in me, anche se muore, vivr\u00e0<\/span><\/span><\/em><span dir=\"auto\" style=\"vertical-align: inherit\"><span dir=\"auto\" style=\"vertical-align: inherit\"> &#8220;. Questo significa che i nostri cari defunti attendono la futura risurrezione e ci invita a vivere con speranza e con lo sguardo vigile dell&#8217;amore, godendo di ogni momento senza ansia, ma con gli occhi fissi al cielo.<\/span><\/span><\/p>\n<h3 data-start=\"1868\" data-end=\"1904\"><strong><span dir=\"auto\" style=\"vertical-align: inherit\"><span dir=\"auto\" style=\"vertical-align: inherit\">Morte: un ladro o un matrimonio?<\/span><\/span><\/strong><\/h3>\n<p data-start=\"1906\" data-end=\"1952\"><span dir=\"auto\" style=\"vertical-align: inherit\"><span dir=\"auto\" style=\"vertical-align: inherit\">Ges\u00f9 ci parla della morte in due modi:<\/span><\/span><\/p>\n<ul data-start=\"1954\" data-end=\"2199\">\n<li data-start=\"1954\" data-end=\"2069\">\n<p data-start=\"1956\" data-end=\"2069\"><strong data-start=\"1956\" data-end=\"1974\"><span dir=\"auto\" style=\"vertical-align: inherit\"><span dir=\"auto\" style=\"vertical-align: inherit\">Come un ladro<\/span><\/span><\/strong><span dir=\"auto\" style=\"vertical-align: inherit\"><span dir=\"auto\" style=\"vertical-align: inherit\">: per chi non ha fede, la morte giunge di sorpresa, portando via ci\u00f2 che amiamo di pi\u00f9.<\/span><\/span><\/p>\n<\/li>\n<li data-start=\"2070\" data-end=\"2199\">\n<p data-start=\"2072\" data-end=\"2199\"><strong data-start=\"2072\" data-end=\"2089\"><span dir=\"auto\" style=\"vertical-align: inherit\"><span dir=\"auto\" style=\"vertical-align: inherit\">Come un matrimonio<\/span><\/span><\/strong><span dir=\"auto\" style=\"vertical-align: inherit\"><span dir=\"auto\" style=\"vertical-align: inherit\">: per coloro che hanno fede, la morte \u00e8 l&#8217;incontro definitivo con Dio, un momento di gioia e di speranza.<\/span><\/span><\/p>\n<\/li>\n<\/ul>\n<p data-start=\"2201\" data-end=\"2331\"><span dir=\"auto\" style=\"vertical-align: inherit\"><span dir=\"auto\" style=\"vertical-align: inherit\">Cos\u00ec possiamo vivere senza paura, consapevoli che la morte\u00a0 <\/span><\/span><strong data-start=\"2260\" data-end=\"2290\"><span dir=\"auto\" style=\"vertical-align: inherit\"><span dir=\"auto\" style=\"vertical-align: inherit\">non ha l&#8217;ultima parola<\/span><\/span><\/strong><span dir=\"auto\" style=\"vertical-align: inherit\"><span dir=\"auto\" style=\"vertical-align: inherit\">, perch\u00e9\u00a0 <\/span><\/span><strong data-start=\"2299\" data-end=\"2330\"><span dir=\"auto\" style=\"vertical-align: inherit\"><span dir=\"auto\" style=\"vertical-align: inherit\">Cristo ha vinto la morte<\/span><\/span><\/strong><span dir=\"auto\" style=\"vertical-align: inherit\"><span dir=\"auto\" style=\"vertical-align: inherit\">.<\/span><\/span><\/p>\n<h3 data-start=\"2338\" data-end=\"2368\"><strong><span dir=\"auto\" style=\"vertical-align: inherit\"><span dir=\"auto\" style=\"vertical-align: inherit\">Cristo ha vinto la morte<\/span><\/span><\/strong><\/h3>\n<p data-start=\"2370\" data-end=\"2750\"><span dir=\"auto\" style=\"vertical-align: inherit\"><span dir=\"auto\" style=\"vertical-align: inherit\">La risurrezione di Ges\u00f9 ci assicura che\u00a0 <\/span><\/span><strong data-start=\"2411\" data-end=\"2457\"><span dir=\"auto\" style=\"vertical-align: inherit\"><span dir=\"auto\" style=\"vertical-align: inherit\">la nostra speranza non finisce con la morte<\/span><\/span><\/strong><span dir=\"auto\" style=\"vertical-align: inherit\"><span dir=\"auto\" style=\"vertical-align: inherit\">. Il vero amore rimane e il nostro rapporto con Dio continua oltre questo mondo. Anche di fronte al dolore, possiamo ringraziare Dio per la vita dei nostri cari, come dimostra la madre che ha perso il figlio in un incidente e che tuttavia ha continuato a ringraziare per ogni momento condiviso.<\/span><\/span><\/p>\n<h3 data-start=\"2757\" data-end=\"2815\"><strong><span dir=\"auto\" style=\"vertical-align: inherit\"><span dir=\"auto\" style=\"vertical-align: inherit\">La morte ci ricorda che siamo fatti per il paradiso<\/span><\/span><\/strong><\/h3>\n<p data-start=\"2817\" data-end=\"3212\"><span dir=\"auto\" style=\"vertical-align: inherit\"><span dir=\"auto\" style=\"vertical-align: inherit\">La morte ci insegna\u00a0 <\/span><\/span><strong data-start=\"2838\" data-end=\"2866\"><span dir=\"auto\" style=\"vertical-align: inherit\"><span dir=\"auto\" style=\"vertical-align: inherit\">cosa conta davvero<\/span><\/span><\/strong><span dir=\"auto\" style=\"vertical-align: inherit\"><span dir=\"auto\" style=\"vertical-align: inherit\">. Ci aiuta a discernere tra ci\u00f2 che \u00e8 essenziale e ci\u00f2 che \u00e8 secondario e ci ricorda che il nostro vero obiettivo \u00e8\u00a0 <\/span><\/span><strong data-start=\"2970\" data-end=\"2982\"><span dir=\"auto\" style=\"vertical-align: inherit\"><span dir=\"auto\" style=\"vertical-align: inherit\">il cielo<\/span><\/span><\/strong><span dir=\"auto\" style=\"vertical-align: inherit\"><span dir=\"auto\" style=\"vertical-align: inherit\">. Ges\u00f9 ha promesso:\u00a0 <\/span><\/span><em data-start=\"3000\" data-end=\"3070\"><span dir=\"auto\" style=\"vertical-align: inherit\"><span dir=\"auto\" style=\"vertical-align: inherit\">&#8220;Nella casa del Padre mio ci sono molte dimore&#8230; vi condurr\u00f2 presso di me<\/span><\/span><\/em><span dir=\"auto\" style=\"vertical-align: inherit\"><span dir=\"auto\" style=\"vertical-align: inherit\"> &#8220;. Pertanto, un cristiano vive con i piedi per terra, ma con gli occhi fissi al cielo, usando la vita per amare e servire Dio.<\/span><\/span><\/p>\n<p data-start=\"3214\" data-end=\"3377\"><span dir=\"auto\" style=\"vertical-align: inherit\"><span dir=\"auto\" style=\"vertical-align: inherit\">Ogni perdita pu\u00f2 trasformarsi in una lezione di vita: ricordare le cose belle di chi non c&#8217;\u00e8 pi\u00f9, essere grati per la vita che abbiamo e\u00a0 <\/span><\/span><strong data-start=\"3341\" data-end=\"3376\"><span dir=\"auto\" style=\"vertical-align: inherit\"><span dir=\"auto\" style=\"vertical-align: inherit\">vivere con speranza e uno scopo<\/span><\/span><\/strong><span dir=\"auto\" style=\"vertical-align: inherit\"><span dir=\"auto\" style=\"vertical-align: inherit\">.<\/span><\/span><\/p>\n<h3 data-start=\"3384\" data-end=\"3419\"><strong><span dir=\"auto\" style=\"vertical-align: inherit\"><span dir=\"auto\" style=\"vertical-align: inherit\">Testimonianze di fede di fronte alla morte<\/span><\/span><\/strong><\/h3>\n<p data-start=\"3421\" data-end=\"3485\"><span dir=\"auto\" style=\"vertical-align: inherit\"><span dir=\"auto\" style=\"vertical-align: inherit\">Storie vere mostrano come la fede trasforma il nostro dolore:<\/span><\/span><\/p>\n<ul data-start=\"3487\" data-end=\"3761\">\n<li data-start=\"3487\" data-end=\"3659\">\n<p data-start=\"3489\" data-end=\"3659\"><span dir=\"auto\" style=\"vertical-align: inherit\"><span dir=\"auto\" style=\"vertical-align: inherit\">Monty Williams, allenatore della NBA, al funerale della moglie morta in un incidente stradale, ha dichiarato:\u00a0 <\/span><\/span><em data-start=\"3601\" data-end=\"3656\"><span dir=\"auto\" style=\"vertical-align: inherit\"><span dir=\"auto\" style=\"vertical-align: inherit\">&#8220;Non ho perso mia moglie. Mia moglie \u00e8 in paradiso&#8221;.<\/span><\/span><\/em><\/p>\n<\/li>\n<li data-start=\"3660\" data-end=\"3761\">\n<p data-start=\"3662\" data-end=\"3761\"><span dir=\"auto\" style=\"vertical-align: inherit\"><span dir=\"auto\" style=\"vertical-align: inherit\">Ges\u00f9 stesso, morendo sulla croce, promise al buon ladrone:\u00a0 <\/span><\/span><em data-start=\"3721\" data-end=\"3758\"><span dir=\"auto\" style=\"vertical-align: inherit\"><span dir=\"auto\" style=\"vertical-align: inherit\">\u00abOggi sarai con me in paradiso\u00bb.<\/span><\/span><\/em><\/p>\n<\/li>\n<\/ul>\n<p data-start=\"3763\" data-end=\"3864\"><span dir=\"auto\" style=\"vertical-align: inherit\"><span dir=\"auto\" style=\"vertical-align: inherit\">Questi esempi ci ricordano che\u00a0 <\/span><\/span><strong data-start=\"3796\" data-end=\"3863\"><span dir=\"auto\" style=\"vertical-align: inherit\"><span dir=\"auto\" style=\"vertical-align: inherit\">i nostri cari defunti sono ancora vivi e la nostra speranza \u00e8 riposta in Dio<\/span><\/span><\/strong><span dir=\"auto\" style=\"vertical-align: inherit\"><span dir=\"auto\" style=\"vertical-align: inherit\">.<\/span><\/span><\/p>\n<h3 data-start=\"3871\" data-end=\"3905\"><strong><span dir=\"auto\" style=\"vertical-align: inherit\"><span dir=\"auto\" style=\"vertical-align: inherit\">Vivere con speranza<\/span><\/span><\/strong><\/h3>\n<p data-start=\"3907\" data-end=\"4230\"><span dir=\"auto\" style=\"vertical-align: inherit\"><span dir=\"auto\" style=\"vertical-align: inherit\">La morte \u00e8 dolorosa, ma non definitiva.\u00a0 <\/span><\/span><strong data-start=\"3950\" data-end=\"3980\"><span dir=\"auto\" style=\"vertical-align: inherit\"><span dir=\"auto\" style=\"vertical-align: inherit\">Non ha l&#8217;ultima parola<\/span><\/span><\/strong><span dir=\"auto\" style=\"vertical-align: inherit\"><span dir=\"auto\" style=\"vertical-align: inherit\">: Cristo risorto ci garantisce la vita eterna. Ogni giorno \u00e8 un dono per amare, per ringraziare e per preparare il nostro cuore all&#8217;eternit\u00e0. Ricordiamo sempre che\u00a0 <\/span><\/span><strong data-start=\"4144\" data-end=\"4171\"><span dir=\"auto\" style=\"vertical-align: inherit\"><span dir=\"auto\" style=\"vertical-align: inherit\">Dio vuole la nostra felicit\u00e0<\/span><\/span><\/strong><span dir=\"auto\" style=\"vertical-align: inherit\"><span dir=\"auto\" style=\"vertical-align: inherit\"> \u00a0e che la vita, anche se fugace, ha un significato eterno.<\/span><\/span><\/p>\n","protected":false},"excerpt":{"rendered":"<p>Ricordare i nostri defunti con speranza<\/p>\n","protected":false},"author":73,"featured_media":145855,"comment_status":"closed","ping_status":"closed","sticky":false,"template":"","format":"standard","meta":{"_acf_changed":false,"_crdt_document":"","inline_featured_image":false,"footnotes":""},"categories":[129],"tags":[37035,19086,4671,1209,1720,669,11841,81102,30408,81101,25533,81104,4749,30165,30165,30165,1351,66933,81105,28666,37181,5664,32993,68865,483,81103,5522,18875,81100,81106,64787,64787,81107,16566,16565,14757],"class_list":{"0":"post-146057","1":"post","2":"type-post","3":"status-publish","4":"format-standard","5":"has-post-thumbnail","6":"hentry","7":"category-voci","8":"tag-amore-vero","9":"tag-consolazione","10":"tag-cristianesimo","11":"tag-fede","12":"tag-felicita","13":"tag-gesu","14":"tag-gratitudine","15":"tag-lezioni-sulla-morte","16":"tag-lutto","17":"tag-lutto-cristiano","18":"tag-messaggio-cristiano","19":"tag-monty-williams-2","20":"tag-morte","21":"tag-paradiso","24":"tag-resurrezione","25":"tag-ribelli-cercasi","26":"tag-ricordare-i-defunti","27":"tag-riflessione-cristiana","28":"tag-san-giovanni-della-croce","29":"tag-san-paolo","30":"tag-santa-teresa-davila","31":"tag-scopo-della-vita","32":"tag-speranza","33":"tag-speranza-eterna","34":"tag-spiritualita","35":"tag-spiritualita-cristiana","36":"tag-supporto-nel-lutto","37":"tag-testimoniache-di-fede","38":"tag-trending-it-236","40":"tag-vita-dopo-la-morte","41":"tag-vita-e-morte","42":"tag-vita-e-speranza","43":"tag-vita-eterna"},"acf":[],"yoast_head":"<!-- This site is optimized with the Yoast SEO plugin v27.4 - https:\/\/yoast.com\/product\/yoast-seo-wordpress\/ -->\n<title>La morte non ha l&#039;ultima parola &#8211; Exaudi<\/title>\n<meta name=\"robots\" content=\"index, follow, max-snippet:-1, max-image-preview:large, max-video-preview:-1\" \/>\n<link rel=\"canonical\" href=\"https:\/\/exaudi.org\/it\/la-morte-non-ha-lultima-parola\/\" \/>\n<meta property=\"og:locale\" content=\"it_IT\" \/>\n<meta property=\"og:type\" content=\"article\" \/>\n<meta property=\"og:title\" content=\"La morte non ha l&#039;ultima parola &#8211; Exaudi\" \/>\n<meta property=\"og:description\" content=\"Ricordare i nostri defunti con speranza\" \/>\n<meta property=\"og:url\" content=\"https:\/\/exaudi.org\/it\/la-morte-non-ha-lultima-parola\/\" \/>\n<meta property=\"og:site_name\" content=\"Exaudi\" \/>\n<meta property=\"article:publisher\" content=\"https:\/\/www.facebook.com\/ExaudiNews\" \/>\n<meta property=\"article:author\" content=\"https:\/\/www.facebook.com\/sebuscanrebeldes\/\" \/>\n<meta property=\"article:published_time\" content=\"2025-11-12T16:28:35+00:00\" \/>\n<meta property=\"og:image\" content=\"https:\/\/exaudi.org\/wp-content\/uploads\/2025\/11\/hqdefault.jpg\" \/>\n\t<meta property=\"og:image:width\" content=\"480\" \/>\n\t<meta property=\"og:image:height\" content=\"360\" \/>\n\t<meta property=\"og:image:type\" content=\"image\/jpeg\" \/>\n<meta name=\"author\" content=\"Se Buscan Rebeldes\" \/>\n<meta name=\"twitter:card\" content=\"summary_large_image\" \/>\n<meta name=\"twitter:creator\" content=\"@Exaudi_News\" \/>\n<meta name=\"twitter:site\" content=\"@Exaudi_News\" \/>\n<meta name=\"twitter:label1\" content=\"Scritto da\" \/>\n\t<meta name=\"twitter:data1\" content=\"Se Buscan Rebeldes\" \/>\n\t<meta name=\"twitter:label2\" content=\"Tempo di lettura stimato\" \/>\n\t<meta name=\"twitter:data2\" content=\"3 minuti\" \/>\n<script type=\"application\/ld+json\" class=\"yoast-schema-graph\">{\"@context\":\"https:\\\/\\\/schema.org\",\"@graph\":[{\"@type\":\"Article\",\"@id\":\"https:\\\/\\\/exaudi.org\\\/it\\\/la-morte-non-ha-lultima-parola\\\/#article\",\"isPartOf\":{\"@id\":\"https:\\\/\\\/exaudi.org\\\/it\\\/la-morte-non-ha-lultima-parola\\\/\"},\"author\":{\"name\":\"Se Buscan Rebeldes\",\"@id\":\"https:\\\/\\\/exaudi.org\\\/#\\\/schema\\\/person\\\/b06a9faebc21255c5a2167f40523341a\"},\"headline\":\"La morte non ha l&#8217;ultima parola\",\"datePublished\":\"2025-11-12T16:28:35+00:00\",\"mainEntityOfPage\":{\"@id\":\"https:\\\/\\\/exaudi.org\\\/it\\\/la-morte-non-ha-lultima-parola\\\/\"},\"wordCount\":640,\"image\":{\"@id\":\"https:\\\/\\\/exaudi.org\\\/it\\\/la-morte-non-ha-lultima-parola\\\/#primaryimage\"},\"thumbnailUrl\":\"https:\\\/\\\/exaudi.org\\\/wp-content\\\/uploads\\\/2025\\\/11\\\/hqdefault.jpg\",\"keywords\":[\"amore vero\",\"CONSOLAZIONE\",\"cristianesimo\",\"fede\",\"felicit\u00e0\",\"Ges\u00f9\",\"gratitudine\",\"Lezioni sulla morte\",\"lutto\",\"Lutto cristiano\",\"messaggio cristiano\",\"Monty Williams\",\"morte\",\"Paradiso\",\"Paradiso\",\"Paradiso\",\"resurrezione\",\"Ribelli cercasi\",\"Ricordare i defunti\",\"riflessione cristiana\",\"San Giovanni della Croce\",\"San Paolo\",\"Santa Teresa d'Avila\",\"scopo della vita\",\"speranza\",\"Speranza eterna\",\"spiritualit\u00e0\",\"SPIRITUALIT\u00c0 CRISTIANA\",\"Supporto nel lutto\",\"TESTIMONIACHE DI FEDE\",\"Trending\",\"Trending\",\"Vita dopo la morte\",\"VITA E MORTE\",\"VITA E SPERANZA\",\"VITA ETERNA\"],\"articleSection\":[\"Voci\"],\"inLanguage\":\"it-IT\"},{\"@type\":\"WebPage\",\"@id\":\"https:\\\/\\\/exaudi.org\\\/it\\\/la-morte-non-ha-lultima-parola\\\/\",\"url\":\"https:\\\/\\\/exaudi.org\\\/it\\\/la-morte-non-ha-lultima-parola\\\/\",\"name\":\"La morte non ha l'ultima parola &#8211; Exaudi\",\"isPartOf\":{\"@id\":\"https:\\\/\\\/exaudi.org\\\/#website\"},\"primaryImageOfPage\":{\"@id\":\"https:\\\/\\\/exaudi.org\\\/it\\\/la-morte-non-ha-lultima-parola\\\/#primaryimage\"},\"image\":{\"@id\":\"https:\\\/\\\/exaudi.org\\\/it\\\/la-morte-non-ha-lultima-parola\\\/#primaryimage\"},\"thumbnailUrl\":\"https:\\\/\\\/exaudi.org\\\/wp-content\\\/uploads\\\/2025\\\/11\\\/hqdefault.jpg\",\"datePublished\":\"2025-11-12T16:28:35+00:00\",\"author\":{\"@id\":\"https:\\\/\\\/exaudi.org\\\/#\\\/schema\\\/person\\\/b06a9faebc21255c5a2167f40523341a\"},\"breadcrumb\":{\"@id\":\"https:\\\/\\\/exaudi.org\\\/it\\\/la-morte-non-ha-lultima-parola\\\/#breadcrumb\"},\"inLanguage\":\"it-IT\",\"potentialAction\":[{\"@type\":\"ReadAction\",\"target\":[\"https:\\\/\\\/exaudi.org\\\/it\\\/la-morte-non-ha-lultima-parola\\\/\"]}]},{\"@type\":\"ImageObject\",\"inLanguage\":\"it-IT\",\"@id\":\"https:\\\/\\\/exaudi.org\\\/it\\\/la-morte-non-ha-lultima-parola\\\/#primaryimage\",\"url\":\"https:\\\/\\\/exaudi.org\\\/wp-content\\\/uploads\\\/2025\\\/11\\\/hqdefault.jpg\",\"contentUrl\":\"https:\\\/\\\/exaudi.org\\\/wp-content\\\/uploads\\\/2025\\\/11\\\/hqdefault.jpg\",\"width\":480,\"height\":360},{\"@type\":\"BreadcrumbList\",\"@id\":\"https:\\\/\\\/exaudi.org\\\/it\\\/la-morte-non-ha-lultima-parola\\\/#breadcrumb\",\"itemListElement\":[{\"@type\":\"ListItem\",\"position\":1,\"name\":\"Portada\",\"item\":\"https:\\\/\\\/exaudi.org\\\/it\\\/\"},{\"@type\":\"ListItem\",\"position\":2,\"name\":\"La morte non ha l&#8217;ultima parola\"}]},{\"@type\":\"WebSite\",\"@id\":\"https:\\\/\\\/exaudi.org\\\/#website\",\"url\":\"https:\\\/\\\/exaudi.org\\\/\",\"name\":\"Exaudi\",\"description\":\"News\",\"potentialAction\":[{\"@type\":\"SearchAction\",\"target\":{\"@type\":\"EntryPoint\",\"urlTemplate\":\"https:\\\/\\\/exaudi.org\\\/?s={search_term_string}\"},\"query-input\":{\"@type\":\"PropertyValueSpecification\",\"valueRequired\":true,\"valueName\":\"search_term_string\"}}],\"inLanguage\":\"it-IT\"},{\"@type\":\"Person\",\"@id\":\"https:\\\/\\\/exaudi.org\\\/#\\\/schema\\\/person\\\/b06a9faebc21255c5a2167f40523341a\",\"name\":\"Se Buscan Rebeldes\",\"image\":{\"@type\":\"ImageObject\",\"inLanguage\":\"it-IT\",\"@id\":\"https:\\\/\\\/secure.gravatar.com\\\/avatar\\\/929b85b2d54ed639396fbba53a4ba8b8eecfc3faea92b7770fa6baa4846cc2ea?s=96&d=mm&r=g\",\"url\":\"https:\\\/\\\/secure.gravatar.com\\\/avatar\\\/929b85b2d54ed639396fbba53a4ba8b8eecfc3faea92b7770fa6baa4846cc2ea?s=96&d=mm&r=g\",\"contentUrl\":\"https:\\\/\\\/secure.gravatar.com\\\/avatar\\\/929b85b2d54ed639396fbba53a4ba8b8eecfc3faea92b7770fa6baa4846cc2ea?s=96&d=mm&r=g\",\"caption\":\"Se Buscan Rebeldes\"},\"description\":\"\u201cSe Buscan Rebeldes\u201d es un canal de evangelizaci\u00f3n cat\u00f3lico que busca saciar la sed que tienes de felicidad y responder a tus preguntas con el poder transformador del amor de Dios revelado en Jesucristo.\",\"sameAs\":[\"https:\\\/\\\/fundacionicomem.es\\\/\",\"https:\\\/\\\/www.facebook.com\\\/sebuscanrebeldes\\\/\",\"https:\\\/\\\/www.instagram.com\\\/fundacionicomem\\\/\",\"@SeBuscanRebeldes\"],\"url\":\"https:\\\/\\\/exaudi.org\\\/it\\\/author\\\/sebuscanrebeldes\\\/\"}]}<\/script>\n<!-- \/ Yoast SEO plugin. -->","yoast_head_json":{"title":"La morte non ha l'ultima parola &#8211; Exaudi","robots":{"index":"index","follow":"follow","max-snippet":"max-snippet:-1","max-image-preview":"max-image-preview:large","max-video-preview":"max-video-preview:-1"},"canonical":"https:\/\/exaudi.org\/it\/la-morte-non-ha-lultima-parola\/","og_locale":"it_IT","og_type":"article","og_title":"La morte non ha l'ultima parola &#8211; Exaudi","og_description":"Ricordare i nostri defunti con speranza","og_url":"https:\/\/exaudi.org\/it\/la-morte-non-ha-lultima-parola\/","og_site_name":"Exaudi","article_publisher":"https:\/\/www.facebook.com\/ExaudiNews","article_author":"https:\/\/www.facebook.com\/sebuscanrebeldes\/","article_published_time":"2025-11-12T16:28:35+00:00","og_image":[{"width":480,"height":360,"url":"https:\/\/exaudi.org\/wp-content\/uploads\/2025\/11\/hqdefault.jpg","type":"image\/jpeg"}],"author":"Se Buscan Rebeldes","twitter_card":"summary_large_image","twitter_creator":"@Exaudi_News","twitter_site":"@Exaudi_News","twitter_misc":{"Scritto da":"Se Buscan Rebeldes","Tempo di lettura stimato":"3 minuti"},"schema":{"@context":"https:\/\/schema.org","@graph":[{"@type":"Article","@id":"https:\/\/exaudi.org\/it\/la-morte-non-ha-lultima-parola\/#article","isPartOf":{"@id":"https:\/\/exaudi.org\/it\/la-morte-non-ha-lultima-parola\/"},"author":{"name":"Se Buscan Rebeldes","@id":"https:\/\/exaudi.org\/#\/schema\/person\/b06a9faebc21255c5a2167f40523341a"},"headline":"La morte non ha l&#8217;ultima parola","datePublished":"2025-11-12T16:28:35+00:00","mainEntityOfPage":{"@id":"https:\/\/exaudi.org\/it\/la-morte-non-ha-lultima-parola\/"},"wordCount":640,"image":{"@id":"https:\/\/exaudi.org\/it\/la-morte-non-ha-lultima-parola\/#primaryimage"},"thumbnailUrl":"https:\/\/exaudi.org\/wp-content\/uploads\/2025\/11\/hqdefault.jpg","keywords":["amore vero","CONSOLAZIONE","cristianesimo","fede","felicit\u00e0","Ges\u00f9","gratitudine","Lezioni sulla morte","lutto","Lutto cristiano","messaggio cristiano","Monty Williams","morte","Paradiso","Paradiso","Paradiso","resurrezione","Ribelli cercasi","Ricordare i defunti","riflessione cristiana","San Giovanni della Croce","San Paolo","Santa Teresa d'Avila","scopo della vita","speranza","Speranza eterna","spiritualit\u00e0","SPIRITUALIT\u00c0 CRISTIANA","Supporto nel lutto","TESTIMONIACHE DI FEDE","Trending","Trending","Vita dopo la morte","VITA E MORTE","VITA E SPERANZA","VITA ETERNA"],"articleSection":["Voci"],"inLanguage":"it-IT"},{"@type":"WebPage","@id":"https:\/\/exaudi.org\/it\/la-morte-non-ha-lultima-parola\/","url":"https:\/\/exaudi.org\/it\/la-morte-non-ha-lultima-parola\/","name":"La morte non ha l'ultima parola &#8211; Exaudi","isPartOf":{"@id":"https:\/\/exaudi.org\/#website"},"primaryImageOfPage":{"@id":"https:\/\/exaudi.org\/it\/la-morte-non-ha-lultima-parola\/#primaryimage"},"image":{"@id":"https:\/\/exaudi.org\/it\/la-morte-non-ha-lultima-parola\/#primaryimage"},"thumbnailUrl":"https:\/\/exaudi.org\/wp-content\/uploads\/2025\/11\/hqdefault.jpg","datePublished":"2025-11-12T16:28:35+00:00","author":{"@id":"https:\/\/exaudi.org\/#\/schema\/person\/b06a9faebc21255c5a2167f40523341a"},"breadcrumb":{"@id":"https:\/\/exaudi.org\/it\/la-morte-non-ha-lultima-parola\/#breadcrumb"},"inLanguage":"it-IT","potentialAction":[{"@type":"ReadAction","target":["https:\/\/exaudi.org\/it\/la-morte-non-ha-lultima-parola\/"]}]},{"@type":"ImageObject","inLanguage":"it-IT","@id":"https:\/\/exaudi.org\/it\/la-morte-non-ha-lultima-parola\/#primaryimage","url":"https:\/\/exaudi.org\/wp-content\/uploads\/2025\/11\/hqdefault.jpg","contentUrl":"https:\/\/exaudi.org\/wp-content\/uploads\/2025\/11\/hqdefault.jpg","width":480,"height":360},{"@type":"BreadcrumbList","@id":"https:\/\/exaudi.org\/it\/la-morte-non-ha-lultima-parola\/#breadcrumb","itemListElement":[{"@type":"ListItem","position":1,"name":"Portada","item":"https:\/\/exaudi.org\/it\/"},{"@type":"ListItem","position":2,"name":"La morte non ha l&#8217;ultima parola"}]},{"@type":"WebSite","@id":"https:\/\/exaudi.org\/#website","url":"https:\/\/exaudi.org\/","name":"Exaudi","description":"News","potentialAction":[{"@type":"SearchAction","target":{"@type":"EntryPoint","urlTemplate":"https:\/\/exaudi.org\/?s={search_term_string}"},"query-input":{"@type":"PropertyValueSpecification","valueRequired":true,"valueName":"search_term_string"}}],"inLanguage":"it-IT"},{"@type":"Person","@id":"https:\/\/exaudi.org\/#\/schema\/person\/b06a9faebc21255c5a2167f40523341a","name":"Se Buscan Rebeldes","image":{"@type":"ImageObject","inLanguage":"it-IT","@id":"https:\/\/secure.gravatar.com\/avatar\/929b85b2d54ed639396fbba53a4ba8b8eecfc3faea92b7770fa6baa4846cc2ea?s=96&d=mm&r=g","url":"https:\/\/secure.gravatar.com\/avatar\/929b85b2d54ed639396fbba53a4ba8b8eecfc3faea92b7770fa6baa4846cc2ea?s=96&d=mm&r=g","contentUrl":"https:\/\/secure.gravatar.com\/avatar\/929b85b2d54ed639396fbba53a4ba8b8eecfc3faea92b7770fa6baa4846cc2ea?s=96&d=mm&r=g","caption":"Se Buscan Rebeldes"},"description":"\u201cSe Buscan Rebeldes\u201d es un canal de evangelizaci\u00f3n cat\u00f3lico que busca saciar la sed que tienes de felicidad y responder a tus preguntas con el poder transformador del amor de Dios revelado en Jesucristo.","sameAs":["https:\/\/fundacionicomem.es\/","https:\/\/www.facebook.com\/sebuscanrebeldes\/","https:\/\/www.instagram.com\/fundacionicomem\/","@SeBuscanRebeldes"],"url":"https:\/\/exaudi.org\/it\/author\/sebuscanrebeldes\/"}]}},"jetpack_featured_media_url":"https:\/\/exaudi.org\/wp-content\/uploads\/2025\/11\/hqdefault.jpg","jetpack_shortlink":"https:\/\/wp.me\/pgKjF2-BZL","_links":{"self":[{"href":"https:\/\/exaudi.org\/it\/wp-json\/wp\/v2\/posts\/146057","targetHints":{"allow":["GET"]}}],"collection":[{"href":"https:\/\/exaudi.org\/it\/wp-json\/wp\/v2\/posts"}],"about":[{"href":"https:\/\/exaudi.org\/it\/wp-json\/wp\/v2\/types\/post"}],"author":[{"embeddable":true,"href":"https:\/\/exaudi.org\/it\/wp-json\/wp\/v2\/users\/73"}],"replies":[{"embeddable":true,"href":"https:\/\/exaudi.org\/it\/wp-json\/wp\/v2\/comments?post=146057"}],"version-history":[{"count":3,"href":"https:\/\/exaudi.org\/it\/wp-json\/wp\/v2\/posts\/146057\/revisions"}],"predecessor-version":[{"id":146060,"href":"https:\/\/exaudi.org\/it\/wp-json\/wp\/v2\/posts\/146057\/revisions\/146060"}],"wp:featuredmedia":[{"embeddable":true,"href":"https:\/\/exaudi.org\/it\/wp-json\/wp\/v2\/media\/145855"}],"wp:attachment":[{"href":"https:\/\/exaudi.org\/it\/wp-json\/wp\/v2\/media?parent=146057"}],"wp:term":[{"taxonomy":"category","embeddable":true,"href":"https:\/\/exaudi.org\/it\/wp-json\/wp\/v2\/categories?post=146057"},{"taxonomy":"post_tag","embeddable":true,"href":"https:\/\/exaudi.org\/it\/wp-json\/wp\/v2\/tags?post=146057"}],"curies":[{"name":"wp","href":"https:\/\/api.w.org\/{rel}","templated":true}]}}