{"id":145491,"date":"2025-11-07T18:11:29","date_gmt":"2025-11-07T17:11:29","guid":{"rendered":"https:\/\/exaudi.org\/?p=145491"},"modified":"2025-11-07T19:14:35","modified_gmt":"2025-11-07T18:14:35","slug":"rivivere-il-giubileo-dei-missionari-digitali-sono-qui-perche-qualcosa-arde-dentro-di-voi","status":"publish","type":"post","link":"https:\/\/exaudi.org\/it\/rivivere-il-giubileo-dei-missionari-digitali-sono-qui-perche-qualcosa-arde-dentro-di-voi\/","title":{"rendered":"Rivivere il Giubileo dei Missionari Digitali: &#8220;Sono qui perch\u00e9 qualcosa arde dentro di voi&#8221;"},"content":{"rendered":"<p><span dir=\"auto\" style=\"vertical-align: inherit;\"><span dir=\"auto\" style=\"vertical-align: inherit;\">Dopo aver offerto diversi webinar con Monsignor Lucio Ruiz, segretario del Dicastero per la Comunicazione, per incoraggiare la partecipazione degli evangelizzatori digitali al suo giubileo a Roma (28 e 29 luglio 2025), i Comunicatori digitali e missionari di Schoenstatt hanno organizzato un incontro per raccogliere le esperienze di questo evento.<\/span><\/span><\/p>\n<h3><strong><span dir=\"auto\" style=\"vertical-align: inherit;\"><span dir=\"auto\" style=\"vertical-align: inherit;\">Testimonianza del vescovo Lucio Ruiz<\/span><\/span><\/strong><\/h3>\n<p><strong><span dir=\"auto\" style=\"vertical-align: inherit;\"><span dir=\"auto\" style=\"vertical-align: inherit;\">Monsignor Lucio Ruiz<\/span><\/span><\/strong><span dir=\"auto\" style=\"vertical-align: inherit;\"><span dir=\"auto\" style=\"vertical-align: inherit;\"> \u00a0ha presentato una relazione che riassumeva i punti principali dell&#8217;incontro. In primo luogo, ha spiegato i due obiettivi chiave del Giubileo. &#8220;Il primo&#8221;, ha osservato, &#8220;era che coloro che lavorano su Instagram, YouTube, TikTok, podcast, blog, WhatsApp \u2013 il lavoro missionario sui social media \u2013 sentissero di non essere soli, che sapessero che la Chiesa li riconosce come parte vitale della sua missione&#8221;. Il secondo obiettivo, ha aggiunto, era &#8220;che la Chiesa universale avesse un punto di partenza per scoprire pi\u00f9 profondamente la missione digitale come un capitolo veramente nuovo nella storia missionaria della Chiesa&#8221;.<\/span><\/span><\/p>\n<p><img loading=\"lazy\" decoding=\"async\" class=\"size-full wp-image-145309 alignnone\" src=\"https:\/\/exaudi.org\/wp-content\/uploads\/2025\/11\/5-compressed.jpg\" alt=\"\" width=\"1920\" height=\"1080\" srcset=\"https:\/\/exaudi.org\/wp-content\/uploads\/2025\/11\/5-compressed.jpg 1920w, https:\/\/exaudi.org\/wp-content\/uploads\/2025\/11\/5-compressed-300x169.jpg 300w, https:\/\/exaudi.org\/wp-content\/uploads\/2025\/11\/5-compressed-1024x576.jpg 1024w, https:\/\/exaudi.org\/wp-content\/uploads\/2025\/11\/5-compressed-770x433.jpg 770w, https:\/\/exaudi.org\/wp-content\/uploads\/2025\/11\/5-compressed-1536x864.jpg 1536w, https:\/\/exaudi.org\/wp-content\/uploads\/2025\/11\/5-compressed-500x281.jpg 500w\" sizes=\"auto, (max-width: 1920px) 100vw, 1920px\" \/><\/p>\n<h3><strong><span dir=\"auto\" style=\"vertical-align: inherit;\"><span dir=\"auto\" style=\"vertical-align: inherit;\">Sei valori chiave del Giubileo<\/span><\/span><\/strong><\/h3>\n<p><span dir=\"auto\" style=\"vertical-align: inherit;\"><span dir=\"auto\" style=\"vertical-align: inherit;\">Successivamente, Monsignor Ruiz ha presentato alcune frasi chiave pronunciate da diversi relatori, partendo dalla prospettiva di sei valori che, trasversalmente, hanno lasciato il segno, e che qui trascriviamo:<\/span><\/span><\/p>\n<p><strong><span dir=\"auto\" style=\"vertical-align: inherit;\"><span dir=\"auto\" style=\"vertical-align: inherit;\">1. Comunione<\/span><\/span><\/strong><\/p>\n<p><span dir=\"auto\" style=\"vertical-align: inherit;\"><span dir=\"auto\" style=\"vertical-align: inherit;\">Nelle parole del\u00a0 <\/span><\/span><strong><span dir=\"auto\" style=\"vertical-align: inherit;\"><span dir=\"auto\" style=\"vertical-align: inherit;\">Cardinale Parolin<\/span><\/span><\/strong><span dir=\"auto\" style=\"vertical-align: inherit;\"><span dir=\"auto\" style=\"vertical-align: inherit;\">: \u201cLa tecnologia digitale non \u00e8 semplicemente una risorsa, ma un ambiente che plasma il nostro modo di pensare, di sentire e di relazionarci gli uni con gli altri. La missione non pu\u00f2 essere ridotta a tecniche, ma deve essere una presenza viva della Chiesa\u201d.<\/span><\/span><\/p>\n<p><span dir=\"auto\" style=\"vertical-align: inherit;\"><span dir=\"auto\" style=\"vertical-align: inherit;\">Per\u00a0 <\/span><\/span><strong><span dir=\"auto\" style=\"vertical-align: inherit;\"><span dir=\"auto\" style=\"vertical-align: inherit;\">Paolo Ruffini<\/span><\/span><\/strong><span dir=\"auto\" style=\"vertical-align: inherit;\"><span dir=\"auto\" style=\"vertical-align: inherit;\">, Prefetto del Dicastero per la Comunicazione, \u00abla Chiesa era gi\u00e0 una rete. La vera rete che ci unisce viene da Dio e dal battesimo. La comunione non si misura in seguaci o statistiche, ma nel mistero di essere parte di uno stesso corpo, il cui capo \u00e8 Cristo\u00bb. E ha proseguito: \u00abIn un mondo digitale segnato dalla competizione e dalla logica della virilit\u00e0, siamo stati invitati a essere una comunit\u00e0 che trasforma le piattaforme virtuali in luoghi di incontro\u00bb.<\/span><\/span><\/p>\n<p><strong><span dir=\"auto\" style=\"vertical-align: inherit;\"><span dir=\"auto\" style=\"vertical-align: inherit;\">2. Formazione<\/span><\/span><\/strong><\/p>\n<p><strong><span dir=\"auto\" style=\"vertical-align: inherit;\"><span dir=\"auto\" style=\"vertical-align: inherit;\">Paolo Ruffini<\/span><\/span><\/strong><span dir=\"auto\" style=\"vertical-align: inherit;\"><span dir=\"auto\" style=\"vertical-align: inherit;\"> \u00a0ha parlato di &#8220;autentica alfabetizzazione mediatica e digitale&#8221;, sottolineando che &#8220;\u00e8 necessario coltivare la spiritualit\u00e0, per comunicare a partire dal cuore del Vangelo e non dalle logiche del marketing&#8221;.<\/span><\/span><\/p>\n<p><span dir=\"auto\" style=\"vertical-align: inherit;\"><span dir=\"auto\" style=\"vertical-align: inherit;\">A sua volta, Padre\u00a0 <\/span><\/span><strong><span dir=\"auto\" style=\"vertical-align: inherit;\"><span dir=\"auto\" style=\"vertical-align: inherit;\">David McCallum<\/span><\/span><\/strong><span dir=\"auto\" style=\"vertical-align: inherit;\"><span dir=\"auto\" style=\"vertical-align: inherit;\"> \u00a0ha invitato tutti &#8220;a sperimentare la formazione attraverso la contemplazione e il discernimento&#8221;. Il Vescovo Ruiz ha spiegato che &#8220;ci ha portato a fare silenzio, a guardare dentro i nostri cuori, chiedendoci cosa ci muovesse, se lo stessimo facendo nel modo giusto&#8221;. Nelle parole di McCallum, &#8220;la formazione del missionario digitale non consiste solo nell&#8217;imparare a usare gli strumenti, ma nel coltivare una prospettiva di fede sulla realt\u00e0&#8221;.<\/span><\/span><\/p>\n<p><strong><span dir=\"auto\" style=\"vertical-align: inherit;\"><span dir=\"auto\" style=\"vertical-align: inherit;\">3. La testimonianza<\/span><\/span><\/strong><\/p>\n<p><span dir=\"auto\" style=\"vertical-align: inherit;\"><span dir=\"auto\" style=\"vertical-align: inherit;\">Da parte sua,\u00a0 <\/span><\/span><strong><span dir=\"auto\" style=\"vertical-align: inherit;\"><span dir=\"auto\" style=\"vertical-align: inherit;\">monsignor Rino Fisichella<\/span><\/span><\/strong><span dir=\"auto\" style=\"vertical-align: inherit;\"><span dir=\"auto\" style=\"vertical-align: inherit;\">, parafrasando Paolo VI, ha affermato che \u00abIl mondo oggi non ascolta gli influencer, ma i testimoni. E se ascolta gli influencer, \u00e8 perch\u00e9 sono testimoni\u00bb.<\/span><\/span><\/p>\n<p><span dir=\"auto\" style=\"vertical-align: inherit;\"><span dir=\"auto\" style=\"vertical-align: inherit;\">Padre\u00a0 <\/span><\/span><strong><span dir=\"auto\" style=\"vertical-align: inherit;\"><span dir=\"auto\" style=\"vertical-align: inherit;\">Antonio Spadaro<\/span><\/span><\/strong><span dir=\"auto\" style=\"vertical-align: inherit;\"><span dir=\"auto\" style=\"vertical-align: inherit;\"> , citato da Ruiz, ha affermato che &#8220;non sono qui per ricevere una strategia di comunicazione cattolica. Sono qui perch\u00e9 qualcosa arde dentro di voi. Creare contenuti non basta. Ci\u00f2 che convince \u00e8 la coerenza tra la vita e ci\u00f2 che viene annunciato&#8221;. Prosegue con una domanda: &#8220;(I miei contributi) nascono dal fuoco del Vangelo o dalla paura di non essere visti?&#8221;<\/span><\/span><\/p>\n<p><img loading=\"lazy\" decoding=\"async\" class=\"size-full wp-image-145303 alignnone\" src=\"https:\/\/exaudi.org\/wp-content\/uploads\/2025\/11\/Screen-Shot-2025-11-04-at-12-compressed-1.jpg\" alt=\"\" width=\"1920\" height=\"1080\" srcset=\"https:\/\/exaudi.org\/wp-content\/uploads\/2025\/11\/Screen-Shot-2025-11-04-at-12-compressed-1.jpg 1920w, https:\/\/exaudi.org\/wp-content\/uploads\/2025\/11\/Screen-Shot-2025-11-04-at-12-compressed-1-300x169.jpg 300w, https:\/\/exaudi.org\/wp-content\/uploads\/2025\/11\/Screen-Shot-2025-11-04-at-12-compressed-1-1024x576.jpg 1024w, https:\/\/exaudi.org\/wp-content\/uploads\/2025\/11\/Screen-Shot-2025-11-04-at-12-compressed-1-770x433.jpg 770w, https:\/\/exaudi.org\/wp-content\/uploads\/2025\/11\/Screen-Shot-2025-11-04-at-12-compressed-1-1536x864.jpg 1536w, https:\/\/exaudi.org\/wp-content\/uploads\/2025\/11\/Screen-Shot-2025-11-04-at-12-compressed-1-500x281.jpg 500w\" sizes=\"auto, (max-width: 1920px) 100vw, 1920px\" \/><\/p>\n<p><strong><span dir=\"auto\" style=\"vertical-align: inherit;\"><span dir=\"auto\" style=\"vertical-align: inherit;\">4. L&#8217;unit\u00e0<\/span><\/span><\/strong><\/p>\n<p><span dir=\"auto\" style=\"vertical-align: inherit;\"><span dir=\"auto\" style=\"vertical-align: inherit;\">Riguardo alla sfida dell&#8217;unit\u00e0,\u00a0 <\/span><\/span><strong><span dir=\"auto\" style=\"vertical-align: inherit;\"><span dir=\"auto\" style=\"vertical-align: inherit;\">Ruiz<\/span><\/span><\/strong><span dir=\"auto\" style=\"vertical-align: inherit;\"><span dir=\"auto\" style=\"vertical-align: inherit;\"> \u00a0ha sottolineato che &#8220;in mezzo alla polarizzazione, l&#8217;unit\u00e0 \u00e8 una condizione di credibilit\u00e0&#8221;. Ha spiegato che &#8220;possiamo vincere una discussione, ma se rompiamo la comunione, \u00e8 il Vangelo a perdere&#8221;, indicando che &#8220;il soggetto dell&#8217;evangelizzazione non \u00e8 ogni singolo individuo all&#8217;interno della Chiesa, ma la Chiesa stessa&#8221;, sottolineando cos\u00ec l&#8217;importanza di essere in unit\u00e0 con la Chiesa, con i pastori, con le comunit\u00e0 locali, con altri influenti e con i missionari.<\/span><\/span><\/p>\n<p><strong><span dir=\"auto\" style=\"vertical-align: inherit;\"><span dir=\"auto\" style=\"vertical-align: inherit;\">5. Sinodalit\u00e0<\/span><\/span><\/strong><\/p>\n<p><span dir=\"auto\" style=\"vertical-align: inherit;\"><span dir=\"auto\" style=\"vertical-align: inherit;\">Citando\u00a0 <\/span><\/span><strong><span dir=\"auto\" style=\"vertical-align: inherit;\"><span dir=\"auto\" style=\"vertical-align: inherit;\">Kim Daniels<\/span><\/span><\/strong><span dir=\"auto\" style=\"vertical-align: inherit;\"><span dir=\"auto\" style=\"vertical-align: inherit;\">, Ruiz ha affermato che &#8220;gli ambienti digitali favoriscono la sinodali perch\u00e9 consentono di dare voce a chi non ne ha una e promuovono la responsabilit\u00e0 condivisa&#8221;.<\/span><\/span><\/p>\n<p><span dir=\"auto\" style=\"vertical-align: inherit;\"><span dir=\"auto\" style=\"vertical-align: inherit;\">Il cardinale\u00a0 <\/span><\/span><strong><span dir=\"auto\" style=\"vertical-align: inherit;\"><span dir=\"auto\" style=\"vertical-align: inherit;\">Luis Tagle<\/span><\/span><\/strong><span dir=\"auto\" style=\"vertical-align: inherit;\"><span dir=\"auto\" style=\"vertical-align: inherit;\"> \u00a0ha ricordato che \u00abla Chiesa cresce per attrazione, non per imposizione\u00bb e che \u00abil mondo digitale pu\u00f2 essere un terreno fertile in cui mostrare quell&#8217;attrattiva di Ges\u00f9, a patto che sia vissuta in uno spirito di ascolto e di dialogo\u00bb.<\/span><\/span><\/p>\n<p><strong><span dir=\"auto\" style=\"vertical-align: inherit;\"><span dir=\"auto\" style=\"vertical-align: inherit;\">6. Fraternit\u00e0<\/span><\/span><\/strong><\/p>\n<p><span dir=\"auto\" style=\"vertical-align: inherit;\"><span dir=\"auto\" style=\"vertical-align: inherit;\">Citando\u00a0 <\/span><\/span><strong><span dir=\"auto\" style=\"vertical-align: inherit;\"><span dir=\"auto\" style=\"vertical-align: inherit;\">Padre Spadaro<\/span><\/span><\/strong><span dir=\"auto\" style=\"vertical-align: inherit;\"><span dir=\"auto\" style=\"vertical-align: inherit;\">, Ruiz ha sottolineato che &#8220;non sei un marchio, sei una benedizione. Quindi non creare un fan club, crea una fraternit\u00e0&#8221;. &#8220;Questa frase&#8221;, ha continuato Ruiz, &#8220;esprime ci\u00f2 che molti di noi sentono: che la missione digitale non pu\u00f2 essere ridotta a metriche, ma deve incarnare relazioni autentiche&#8221;.<\/span><\/span><\/p>\n<p><span dir=\"auto\" style=\"vertical-align: inherit;\"><span dir=\"auto\" style=\"vertical-align: inherit;\">Allo stesso tempo,\u00a0 <\/span><\/span><strong><span dir=\"auto\" style=\"vertical-align: inherit;\"><span dir=\"auto\" style=\"vertical-align: inherit;\">il cardinale Michael Czerny<\/span><\/span><\/strong><span dir=\"auto\" style=\"vertical-align: inherit;\"><span dir=\"auto\" style=\"vertical-align: inherit;\"> \u00a0ha sottolineato che &#8220;questa non \u00e8 semplicemente una fraternit\u00e0 virtuale, ma una fraternit\u00e0 che include gli scartati. Anzi, soprattutto gli scartati&#8221;.<\/span><\/span><\/p>\n<p><span dir=\"auto\" style=\"vertical-align: inherit;\"><span dir=\"auto\" style=\"vertical-align: inherit;\">Da parte sua,\u00a0 <\/span><\/span><strong><span dir=\"auto\" style=\"vertical-align: inherit;\"><span dir=\"auto\" style=\"vertical-align: inherit;\">monsignor Luis de San Mart\u00edn\u00a0<\/span><\/span><\/strong><span dir=\"auto\" style=\"vertical-align: inherit;\"><span dir=\"auto\" style=\"vertical-align: inherit;\"> sottolinea che \u00abla missione digitale \u00e8 autentica solo quando ci aiuta a vivere in comunione con tutta la Chiesa\u00bb.<\/span><\/span><\/p>\n<p><img loading=\"lazy\" decoding=\"async\" class=\"size-full wp-image-145306 alignnone\" src=\"https:\/\/exaudi.org\/wp-content\/uploads\/2025\/11\/Screen-Shot-2025-11-04-at-12-compressed.jpg\" alt=\"\" width=\"1920\" height=\"1080\" srcset=\"https:\/\/exaudi.org\/wp-content\/uploads\/2025\/11\/Screen-Shot-2025-11-04-at-12-compressed.jpg 1920w, https:\/\/exaudi.org\/wp-content\/uploads\/2025\/11\/Screen-Shot-2025-11-04-at-12-compressed-300x169.jpg 300w, https:\/\/exaudi.org\/wp-content\/uploads\/2025\/11\/Screen-Shot-2025-11-04-at-12-compressed-1024x576.jpg 1024w, https:\/\/exaudi.org\/wp-content\/uploads\/2025\/11\/Screen-Shot-2025-11-04-at-12-compressed-770x433.jpg 770w, https:\/\/exaudi.org\/wp-content\/uploads\/2025\/11\/Screen-Shot-2025-11-04-at-12-compressed-1536x864.jpg 1536w, https:\/\/exaudi.org\/wp-content\/uploads\/2025\/11\/Screen-Shot-2025-11-04-at-12-compressed-500x281.jpg 500w\" sizes=\"auto, (max-width: 1920px) 100vw, 1920px\" \/><\/p>\n<h3><strong><span dir=\"auto\" style=\"vertical-align: inherit;\"><span dir=\"auto\" style=\"vertical-align: inherit;\">Esortazioni di Papa Leone<\/span><\/span><\/strong><\/h3>\n<p><strong><span dir=\"auto\" style=\"vertical-align: inherit;\"><span dir=\"auto\" style=\"vertical-align: inherit;\">Monsignor Ruiz\u00a0<\/span><\/span><\/strong><span dir=\"auto\" style=\"vertical-align: inherit;\"><span dir=\"auto\" style=\"vertical-align: inherit;\"> ha concluso la sua sintesi del Giubileo dei Missionari Digitali con il contributo di Papa Leone, indicando che \u00abci ha dato tre esortazioni, che sono un programma di vita per ognuno di noi\u00bb.<\/span><\/span><\/p>\n<p><strong><span dir=\"auto\" style=\"vertical-align: inherit;\"><span dir=\"auto\" style=\"vertical-align: inherit;\">La prima esortazione del Papa<\/span><\/span><\/strong><span dir=\"auto\" style=\"vertical-align: inherit;\"><span dir=\"auto\" style=\"vertical-align: inherit;\">, spiega Ruiz, \u00e8 stata quella di &#8220;cercare la carne sofferente di Cristo in ogni fratello e sorella&#8221;. Ha poi proseguito: &#8220;Non si tratta semplicemente di generare contenuti, ma di trovare i cuori&#8221;. Per Ruiz, &#8220;queste parole cambiano completamente le nostre prospettive, perch\u00e9 spesso pensiamo al digitale come a una produzione, ma il Papa ci ha ricordato che la misura non sono gli algoritmi, ma i volti concreti, le persone reali dietro gli schermi&#8221;, concludendo, con le parole di Papa Leone, che &#8220;la missione digitale ha senso solo se ci porta a toccare quelle ferite&#8221;.<\/span><\/span><\/p>\n<p><strong><span dir=\"auto\" style=\"vertical-align: inherit;\"><span dir=\"auto\" style=\"vertical-align: inherit;\">La seconda idea chiave del Papa<\/span><\/span><\/strong><span dir=\"auto\" style=\"vertical-align: inherit;\"><span dir=\"auto\" style=\"vertical-align: inherit;\">, spiega Ruiz, \u00e8: &#8220;Andate e riparate le reti&#8221;, aggiungendo che siamo chiamati a riparare ci\u00f2 che \u00e8 stato rotto nel tessuto sociale e digitale. E citando il Papa, prosegue: &#8220;La vostra missione non \u00e8 alimentare queste crepe, ma ripararle&#8221;.<\/span><\/span><\/p>\n<p><strong><span dir=\"auto\" style=\"vertical-align: inherit;\"><span dir=\"auto\" style=\"vertical-align: inherit;\">La terza idea chiave<\/span><\/span><\/strong><span dir=\"auto\" style=\"vertical-align: inherit;\"><span dir=\"auto\" style=\"vertical-align: inherit;\"> \u00a0di Papa Leone, sottolinea Ruiz, \u00e8 &#8220;sentirsi amati ed essere grati&#8221;. E continua: &#8220;Il Papa ha ringraziato gli influencer per tutto ci\u00f2 che fanno in ambito digitale, come a dire: vediamo cosa fate, sappiamo cosa contribuite, riconosciamo e apprezziamo il vostro impegno. In questo modo, il Papa ha lasciato il segno: questa missione \u00e8 preziosa e necessaria&#8221;.<\/span><\/span><\/p>\n<h3><strong><span dir=\"auto\" style=\"vertical-align: inherit;\"><span dir=\"auto\" style=\"vertical-align: inherit;\">Altre testimonianze<\/span><\/span><\/strong><\/h3>\n<p><img loading=\"lazy\" decoding=\"async\" class=\"size-full wp-image-145285 alignnone\" src=\"https:\/\/exaudi.org\/wp-content\/uploads\/2025\/11\/02-1.jpg\" alt=\"\" width=\"936\" height=\"352\" srcset=\"https:\/\/exaudi.org\/wp-content\/uploads\/2025\/11\/02-1.jpg 936w, https:\/\/exaudi.org\/wp-content\/uploads\/2025\/11\/02-1-300x113.jpg 300w, https:\/\/exaudi.org\/wp-content\/uploads\/2025\/11\/02-1-770x290.jpg 770w, https:\/\/exaudi.org\/wp-content\/uploads\/2025\/11\/02-1-500x188.jpg 500w\" sizes=\"auto, (max-width: 936px) 100vw, 936px\" \/><\/p>\n<p><strong><span dir=\"auto\" style=\"vertical-align: inherit;\"><span dir=\"auto\" style=\"vertical-align: inherit;\">Jesmary Vel\u00e1zquez<\/span><\/span><\/strong><span dir=\"auto\" style=\"vertical-align: inherit;\"><span dir=\"auto\" style=\"vertical-align: inherit;\">, di Porto Rico, ha condiviso il suo entusiasmo nel vedere che gli influencer che partecipavano al giubileo registravano, scattavano foto ed erano attivi, perch\u00e9, spiega, &#8220;c&#8217;\u00e8 un senso di missione&#8221;. Ha sottolineato l&#8217;importanza delle parole di Papa Leone, rivolte agli evangelisti digitali nella Basilica di San Pietro: &#8220;Andate e riparate le reti&#8221;, indicando che la missione consiste nel costruire ponti di integrazione attraverso le reti digitali, superando la polarizzazione.<\/span><\/span><\/p>\n<p><strong><span dir=\"auto\" style=\"vertical-align: inherit;\"><span dir=\"auto\" style=\"vertical-align: inherit;\">Cristina Kleine<\/span><\/span><\/strong><span dir=\"auto\" style=\"vertical-align: inherit;\"><span dir=\"auto\" style=\"vertical-align: inherit;\">, giornalista argentina, racconta che \u00e8 stata un&#8217;esperienza profonda della Chiesa, incontrare al Giubileo gli influencer che si seguono e condividere con loro, vedendoli con un cuore molto aperto, disposto ad ascoltare, aperto all&#8217;incontro.<\/span><\/span><\/p>\n<p><strong><span dir=\"auto\" style=\"vertical-align: inherit;\"><span dir=\"auto\" style=\"vertical-align: inherit;\">Ver\u00f3nica Brunkow<\/span><\/span><\/strong><span dir=\"auto\" style=\"vertical-align: inherit;\"><span dir=\"auto\" style=\"vertical-align: inherit;\">, brasiliana del Dicastero per la Comunicazione e membro del team organizzativo del Giubileo, ha espresso il suo entusiasmo per il fatto che questo incontro rientrasse nel tema &#8220;Pellegrini della speranza&#8221;, perch\u00e9 &#8220;questo \u00e8 l&#8217;anno per rinnovare la speranza e, in questo contesto, quanto \u00e8 meraviglioso che sia nato un nuovo giubileo sulla missione digitale&#8221;, ha affermato, concludendo che le sembra &#8220;un segno profetico, anche per la missione della Chiesa&#8221;.<\/span><\/span><\/p>\n<p><span dir=\"auto\" style=\"vertical-align: inherit;\"><span dir=\"auto\" style=\"vertical-align: inherit;\">Infine,\u00a0 <\/span><\/span><strong><span dir=\"auto\" style=\"vertical-align: inherit;\"><span dir=\"auto\" style=\"vertical-align: inherit;\">suor Francine-Marie Cooper<\/span><\/span><\/strong><span dir=\"auto\" style=\"vertical-align: inherit;\"><span dir=\"auto\" style=\"vertical-align: inherit;\"> , una donna britannica che vive in Germania (quando non \u00e8 in viaggio per il mondo), membro della comunit\u00e0 delle Suore di Maria di Schoenstatt e responsabile delle comunicazioni internazionali per la sua comunit\u00e0, ha affermato che il Giubileo &#8220;\u00e8 stato incredibile&#8221; per lei, sottolineando che &#8220;ha riempito la sua anima come missionaria digitale&#8221; e le ha dato &#8220;pi\u00f9 forza per la missione futura&#8221;.<\/span><\/span><\/p>\n<h3><strong><span dir=\"auto\" style=\"vertical-align: inherit;\"><span dir=\"auto\" style=\"vertical-align: inherit;\">Incontri dei missionari digitali in Argentina<\/span><\/span><\/strong><\/h3>\n<p><span dir=\"auto\" style=\"vertical-align: inherit;\"><span dir=\"auto\" style=\"vertical-align: inherit;\">Dal 21 al 23 novembre 2025, il Seminario Metropolitano di Buenos Aires ospiter\u00e0 il terzo Incontro Nazionale degli Evangelizzatori Digitali dell&#8217;Argentina, un forum dedicato al rafforzamento della missione nell&#8217;ambito digitale. Ulteriori informazioni sono disponibili al seguente link<\/span><span dir=\"auto\" style=\"vertical-align: inherit;\">: <\/span><\/span><a href=\"https:\/\/www.ened.com.ar\/\" target=\"_blank\" rel=\"noopener\"><span dir=\"auto\" style=\"vertical-align: inherit;\"><span dir=\"auto\" style=\"vertical-align: inherit;\">www.ened.com.ar.<\/span><\/span><\/a><\/p>\n<p><span dir=\"auto\" style=\"vertical-align: inherit;\"><span dir=\"auto\" style=\"vertical-align: inherit;\">Contemporaneamente, i Comunicatori e Missionari Digitali di Schoenstatt organizzano un incontro per influencer cattolici e missionari digitali provenienti dall&#8217;Argentina e dall&#8217;estero, a cui \u00e8 stato invitato espressamente il Vescovo Lucio Ruiz. L&#8217;incontro si terr\u00e0 presso il Santuario Nazionale di Schoenstatt a Florencio Varela, nella Provincia di Buenos Aires, il 6 e 7 giugno 2026. Informazioni sull&#8217;evento saranno pubblicate sul sito web:\u00a0 <\/span><\/span><a href=\"http:\/\/www.schcom.org\/\" target=\"_blank\" rel=\"noopener\"><span dir=\"auto\" style=\"vertical-align: inherit;\"><span dir=\"auto\" style=\"vertical-align: inherit;\">www.schcom.org<\/span><\/span><\/a><span dir=\"auto\" style=\"vertical-align: inherit;\"><span dir=\"auto\" style=\"vertical-align: inherit;\">.<\/span><\/span><\/p>\n","protected":false},"excerpt":{"rendered":"<p>Missionari digitali e influencer cattolici hanno incontrato il Vescovo Lucio Ruiz per condividere le loro esperienze del Giubileo<\/p>\n","protected":false},"author":41,"featured_media":145282,"comment_status":"closed","ping_status":"closed","sticky":false,"template":"","format":"standard","meta":{"_acf_changed":false,"_crdt_document":"","inline_featured_image":false,"footnotes":""},"categories":[73,97],"tags":[80624,80625,52078,80626,80627,80628,1158,80630,17464,80643,19961,80631,80632,80634,80629,28575,80633,80635,80636,7094,28576,80637,10130,58164,80638,80639,80640,5344,12603,80641,80642,64787,27476,80644,74442,80645,80646],"class_list":["post-145491","post","type-post","status-publish","format-standard","has-post-thumbnail","hentry","category-chiesa-e-mondo","category-testimoni","tag-antonio-spadaro-2","tag-blog-cristiani","tag-cardinale-parolin","tag-comunione-digitale","tag-cristina-kleine-2","tag-david-mccallum-2","tag-dicastero-per-la-comunicazione","tag-ened-argentina-2","tag-evangelizzazione-digitale","tag-evangelizzazione-su-tiktok","tag-formazione-spirituale","tag-francine-marie-cooper-2","tag-fraternita-virtuale","tag-giubileo-di-roma-2025","tag-incontro-di-schoenstatt-2026","tag-influencer-cattolici","tag-jesmary-velazquez-2","tag-kim-daniels-2","tag-luis-tagle-2","tag-michael-czerny","tag-missionari-digitali","tag-missione-su-instagram","tag-paolo-ruffini","tag-papa-leone-xiv","tag-pellegrini-speranza","tag-podcast-sulla-fede","tag-reti-di-riparazione","tag-rino-fisichella","tag-schoenstatt-2","tag-sinodalita-di-rete","tag-testimonianza-del-vangelo","tag-trending-it-236","tag-unita-della-chiesa","tag-veronica-brunkow-2","tag-vescovo-lucio-ruiz","tag-whatsapp-missione","tag-youtube-cattolico"],"acf":[],"yoast_head":"<!-- This site is optimized with the Yoast SEO plugin v27.5 - https:\/\/yoast.com\/product\/yoast-seo-wordpress\/ -->\n<title>Rivivere il Giubileo dei Missionari Digitali: &quot;Sono qui perch\u00e9 qualcosa arde dentro di voi&quot; &#8211; Exaudi<\/title>\n<meta name=\"robots\" content=\"index, follow, max-snippet:-1, max-image-preview:large, max-video-preview:-1\" \/>\n<link rel=\"canonical\" href=\"https:\/\/exaudi.org\/it\/rivivere-il-giubileo-dei-missionari-digitali-sono-qui-perche-qualcosa-arde-dentro-di-voi\/\" \/>\n<meta property=\"og:locale\" content=\"it_IT\" \/>\n<meta property=\"og:type\" content=\"article\" \/>\n<meta property=\"og:title\" content=\"Rivivere il Giubileo dei Missionari Digitali: &quot;Sono qui perch\u00e9 qualcosa arde dentro di voi&quot; &#8211; Exaudi\" \/>\n<meta property=\"og:description\" content=\"Missionari digitali e influencer cattolici hanno incontrato il Vescovo Lucio Ruiz per condividere le loro esperienze del Giubileo\" \/>\n<meta property=\"og:url\" content=\"https:\/\/exaudi.org\/it\/rivivere-il-giubileo-dei-missionari-digitali-sono-qui-perche-qualcosa-arde-dentro-di-voi\/\" \/>\n<meta property=\"og:site_name\" content=\"Exaudi\" \/>\n<meta property=\"article:publisher\" content=\"https:\/\/www.facebook.com\/ExaudiNews\" \/>\n<meta property=\"article:published_time\" content=\"2025-11-07T17:11:29+00:00\" \/>\n<meta property=\"article:modified_time\" content=\"2025-11-07T18:14:35+00:00\" \/>\n<meta property=\"og:image\" content=\"https:\/\/exaudi.org\/wp-content\/uploads\/2025\/11\/Esp-01.jpg\" \/>\n\t<meta property=\"og:image:width\" content=\"1920\" \/>\n\t<meta property=\"og:image:height\" content=\"1080\" \/>\n\t<meta property=\"og:image:type\" content=\"image\/jpeg\" \/>\n<meta name=\"author\" content=\"Enrique Soros\" \/>\n<meta name=\"twitter:card\" content=\"summary_large_image\" \/>\n<meta name=\"twitter:creator\" content=\"@Exaudi_News\" \/>\n<meta name=\"twitter:site\" content=\"@Exaudi_News\" \/>\n<meta name=\"twitter:label1\" content=\"Scritto da\" \/>\n\t<meta name=\"twitter:data1\" content=\"Enrique Soros\" \/>\n\t<meta name=\"twitter:label2\" content=\"Tempo di lettura stimato\" \/>\n\t<meta name=\"twitter:data2\" content=\"7 minuti\" \/>\n<script type=\"application\/ld+json\" class=\"yoast-schema-graph\">{\"@context\":\"https:\\\/\\\/schema.org\",\"@graph\":[{\"@type\":\"Article\",\"@id\":\"https:\\\/\\\/exaudi.org\\\/it\\\/rivivere-il-giubileo-dei-missionari-digitali-sono-qui-perche-qualcosa-arde-dentro-di-voi\\\/#article\",\"isPartOf\":{\"@id\":\"https:\\\/\\\/exaudi.org\\\/it\\\/rivivere-il-giubileo-dei-missionari-digitali-sono-qui-perche-qualcosa-arde-dentro-di-voi\\\/\"},\"author\":{\"name\":\"Enrique Soros\",\"@id\":\"https:\\\/\\\/exaudi.org\\\/#\\\/schema\\\/person\\\/b562feb21279ee01cdb5c8cd58ac4e33\"},\"headline\":\"Rivivere il Giubileo dei Missionari Digitali: &#8220;Sono qui perch\u00e9 qualcosa arde dentro di voi&#8221;\",\"datePublished\":\"2025-11-07T17:11:29+00:00\",\"dateModified\":\"2025-11-07T18:14:35+00:00\",\"mainEntityOfPage\":{\"@id\":\"https:\\\/\\\/exaudi.org\\\/it\\\/rivivere-il-giubileo-dei-missionari-digitali-sono-qui-perche-qualcosa-arde-dentro-di-voi\\\/\"},\"wordCount\":1382,\"image\":{\"@id\":\"https:\\\/\\\/exaudi.org\\\/it\\\/rivivere-il-giubileo-dei-missionari-digitali-sono-qui-perche-qualcosa-arde-dentro-di-voi\\\/#primaryimage\"},\"thumbnailUrl\":\"https:\\\/\\\/exaudi.org\\\/wp-content\\\/uploads\\\/2025\\\/11\\\/Esp-01.jpg\",\"keywords\":[\"Antonio Spadaro\",\"Blog cristiani\",\"Cardinale Parolin\",\"Comunione digitale\",\"Cristina Kleine\",\"David McCallum\",\"dicastero per la comunicazione\",\"ENED Argentina\",\"EVANGELIZZAZIONE DIGITALE\",\"Evangelizzazione su TikTok\",\"FORMAZIONE SPIRITUALE\",\"Francine-Marie Cooper\",\"Fraternit\u00e0 virtuale\",\"Giubileo di Roma 2025\",\"Incontro di Schoenstatt 2026\",\"influencer cattolici\",\"Jesmary Vel\u00e1zquez\",\"Kim Daniels\",\"Luis Tagle\",\"Michael Czerny\",\"missionari digitali\",\"Missione su Instagram\",\"Paolo Ruffini\",\"Papa Leone XIV\",\"Pellegrini speranza\",\"Podcast sulla fede\",\"Reti di riparazione\",\"Rino Fisichella\",\"SCHOENSTATT\",\"Sinodalit\u00e0 di rete\",\"Testimonianza del Vangelo\",\"Trending\",\"unit\u00e0 della Chiesa\",\"Veronica Brunkow\",\"Vescovo Lucio Ruiz\",\"WhatsApp missione\",\"YouTube cattolico\"],\"articleSection\":[\"Chiesa e Mondo\",\"Testimoni\"],\"inLanguage\":\"it-IT\"},{\"@type\":\"WebPage\",\"@id\":\"https:\\\/\\\/exaudi.org\\\/it\\\/rivivere-il-giubileo-dei-missionari-digitali-sono-qui-perche-qualcosa-arde-dentro-di-voi\\\/\",\"url\":\"https:\\\/\\\/exaudi.org\\\/it\\\/rivivere-il-giubileo-dei-missionari-digitali-sono-qui-perche-qualcosa-arde-dentro-di-voi\\\/\",\"name\":\"Rivivere il Giubileo dei Missionari Digitali: \\\"Sono qui perch\u00e9 qualcosa arde dentro di voi\\\" &#8211; Exaudi\",\"isPartOf\":{\"@id\":\"https:\\\/\\\/exaudi.org\\\/#website\"},\"primaryImageOfPage\":{\"@id\":\"https:\\\/\\\/exaudi.org\\\/it\\\/rivivere-il-giubileo-dei-missionari-digitali-sono-qui-perche-qualcosa-arde-dentro-di-voi\\\/#primaryimage\"},\"image\":{\"@id\":\"https:\\\/\\\/exaudi.org\\\/it\\\/rivivere-il-giubileo-dei-missionari-digitali-sono-qui-perche-qualcosa-arde-dentro-di-voi\\\/#primaryimage\"},\"thumbnailUrl\":\"https:\\\/\\\/exaudi.org\\\/wp-content\\\/uploads\\\/2025\\\/11\\\/Esp-01.jpg\",\"datePublished\":\"2025-11-07T17:11:29+00:00\",\"dateModified\":\"2025-11-07T18:14:35+00:00\",\"author\":{\"@id\":\"https:\\\/\\\/exaudi.org\\\/#\\\/schema\\\/person\\\/b562feb21279ee01cdb5c8cd58ac4e33\"},\"breadcrumb\":{\"@id\":\"https:\\\/\\\/exaudi.org\\\/it\\\/rivivere-il-giubileo-dei-missionari-digitali-sono-qui-perche-qualcosa-arde-dentro-di-voi\\\/#breadcrumb\"},\"inLanguage\":\"it-IT\",\"potentialAction\":[{\"@type\":\"ReadAction\",\"target\":[\"https:\\\/\\\/exaudi.org\\\/it\\\/rivivere-il-giubileo-dei-missionari-digitali-sono-qui-perche-qualcosa-arde-dentro-di-voi\\\/\"]}]},{\"@type\":\"ImageObject\",\"inLanguage\":\"it-IT\",\"@id\":\"https:\\\/\\\/exaudi.org\\\/it\\\/rivivere-il-giubileo-dei-missionari-digitali-sono-qui-perche-qualcosa-arde-dentro-di-voi\\\/#primaryimage\",\"url\":\"https:\\\/\\\/exaudi.org\\\/wp-content\\\/uploads\\\/2025\\\/11\\\/Esp-01.jpg\",\"contentUrl\":\"https:\\\/\\\/exaudi.org\\\/wp-content\\\/uploads\\\/2025\\\/11\\\/Esp-01.jpg\",\"width\":1920,\"height\":1080},{\"@type\":\"BreadcrumbList\",\"@id\":\"https:\\\/\\\/exaudi.org\\\/it\\\/rivivere-il-giubileo-dei-missionari-digitali-sono-qui-perche-qualcosa-arde-dentro-di-voi\\\/#breadcrumb\",\"itemListElement\":[{\"@type\":\"ListItem\",\"position\":1,\"name\":\"Portada\",\"item\":\"https:\\\/\\\/exaudi.org\\\/it\\\/\"},{\"@type\":\"ListItem\",\"position\":2,\"name\":\"Rivivere il Giubileo dei Missionari Digitali: \u00abSono qui perch\u00e9 qualcosa arde dentro di voi\u00bb\"}]},{\"@type\":\"WebSite\",\"@id\":\"https:\\\/\\\/exaudi.org\\\/#website\",\"url\":\"https:\\\/\\\/exaudi.org\\\/\",\"name\":\"Exaudi\",\"description\":\"News\",\"potentialAction\":[{\"@type\":\"SearchAction\",\"target\":{\"@type\":\"EntryPoint\",\"urlTemplate\":\"https:\\\/\\\/exaudi.org\\\/?s={search_term_string}\"},\"query-input\":{\"@type\":\"PropertyValueSpecification\",\"valueRequired\":true,\"valueName\":\"search_term_string\"}}],\"inLanguage\":\"it-IT\"},{\"@type\":\"Person\",\"@id\":\"https:\\\/\\\/exaudi.org\\\/#\\\/schema\\\/person\\\/b562feb21279ee01cdb5c8cd58ac4e33\",\"name\":\"Enrique Soros\",\"image\":{\"@type\":\"ImageObject\",\"inLanguage\":\"it-IT\",\"@id\":\"https:\\\/\\\/secure.gravatar.com\\\/avatar\\\/909c464715f2daa91ebbef733cea12657b24a5ddb7284bf9b3bb3911d874bb9e?s=96&d=mm&r=g\",\"url\":\"https:\\\/\\\/secure.gravatar.com\\\/avatar\\\/909c464715f2daa91ebbef733cea12657b24a5ddb7284bf9b3bb3911d874bb9e?s=96&d=mm&r=g\",\"contentUrl\":\"https:\\\/\\\/secure.gravatar.com\\\/avatar\\\/909c464715f2daa91ebbef733cea12657b24a5ddb7284bf9b3bb3911d874bb9e?s=96&d=mm&r=g\",\"caption\":\"Enrique Soros\"},\"description\":\"Argentino. Reside desde hace 27 a\u00f1os en Washington, DC, Estados Unidos, con su esposa Erica, con quien tiene un hijo, Mart\u00edn, de 21 a\u00f1os. Es comunicador social, escritor, traductor p\u00fablico. Act\u00faa como agente pastoral y comunicacional en Estados Unidos, donde es vicepresidente del Consejo Nacional Cat\u00f3lico para el Ministerio Hispano -NCCHM, por sus siglas en ingl\u00e9s-, que tiene como misi\u00f3n la promoci\u00f3n y el trabajo com\u00fan de las fuerzas pastorales hispanas en el pa\u00eds. Participa en proyectos pastorales y comunicacionales en Latinoam\u00e9rica y desde 2012 colabora con el CELAM, Consejo Episcopal Latinoamericano en esfuerzos de integraci\u00f3n pastoral entre dicha instituci\u00f3n y la Iglesia en los Estados Unidos.\",\"url\":\"https:\\\/\\\/exaudi.org\\\/it\\\/author\\\/enriquesoros\\\/\"}]}<\/script>\n<!-- \/ Yoast SEO plugin. -->","yoast_head_json":{"title":"Rivivere il Giubileo dei Missionari Digitali: \"Sono qui perch\u00e9 qualcosa arde dentro di voi\" &#8211; Exaudi","robots":{"index":"index","follow":"follow","max-snippet":"max-snippet:-1","max-image-preview":"max-image-preview:large","max-video-preview":"max-video-preview:-1"},"canonical":"https:\/\/exaudi.org\/it\/rivivere-il-giubileo-dei-missionari-digitali-sono-qui-perche-qualcosa-arde-dentro-di-voi\/","og_locale":"it_IT","og_type":"article","og_title":"Rivivere il Giubileo dei Missionari Digitali: \"Sono qui perch\u00e9 qualcosa arde dentro di voi\" &#8211; Exaudi","og_description":"Missionari digitali e influencer cattolici hanno incontrato il Vescovo Lucio Ruiz per condividere le loro esperienze del Giubileo","og_url":"https:\/\/exaudi.org\/it\/rivivere-il-giubileo-dei-missionari-digitali-sono-qui-perche-qualcosa-arde-dentro-di-voi\/","og_site_name":"Exaudi","article_publisher":"https:\/\/www.facebook.com\/ExaudiNews","article_published_time":"2025-11-07T17:11:29+00:00","article_modified_time":"2025-11-07T18:14:35+00:00","og_image":[{"width":1920,"height":1080,"url":"https:\/\/exaudi.org\/wp-content\/uploads\/2025\/11\/Esp-01.jpg","type":"image\/jpeg"}],"author":"Enrique Soros","twitter_card":"summary_large_image","twitter_creator":"@Exaudi_News","twitter_site":"@Exaudi_News","twitter_misc":{"Scritto da":"Enrique Soros","Tempo di lettura stimato":"7 minuti"},"schema":{"@context":"https:\/\/schema.org","@graph":[{"@type":"Article","@id":"https:\/\/exaudi.org\/it\/rivivere-il-giubileo-dei-missionari-digitali-sono-qui-perche-qualcosa-arde-dentro-di-voi\/#article","isPartOf":{"@id":"https:\/\/exaudi.org\/it\/rivivere-il-giubileo-dei-missionari-digitali-sono-qui-perche-qualcosa-arde-dentro-di-voi\/"},"author":{"name":"Enrique Soros","@id":"https:\/\/exaudi.org\/#\/schema\/person\/b562feb21279ee01cdb5c8cd58ac4e33"},"headline":"Rivivere il Giubileo dei Missionari Digitali: &#8220;Sono qui perch\u00e9 qualcosa arde dentro di voi&#8221;","datePublished":"2025-11-07T17:11:29+00:00","dateModified":"2025-11-07T18:14:35+00:00","mainEntityOfPage":{"@id":"https:\/\/exaudi.org\/it\/rivivere-il-giubileo-dei-missionari-digitali-sono-qui-perche-qualcosa-arde-dentro-di-voi\/"},"wordCount":1382,"image":{"@id":"https:\/\/exaudi.org\/it\/rivivere-il-giubileo-dei-missionari-digitali-sono-qui-perche-qualcosa-arde-dentro-di-voi\/#primaryimage"},"thumbnailUrl":"https:\/\/exaudi.org\/wp-content\/uploads\/2025\/11\/Esp-01.jpg","keywords":["Antonio Spadaro","Blog cristiani","Cardinale Parolin","Comunione digitale","Cristina Kleine","David McCallum","dicastero per la comunicazione","ENED Argentina","EVANGELIZZAZIONE DIGITALE","Evangelizzazione su TikTok","FORMAZIONE SPIRITUALE","Francine-Marie Cooper","Fraternit\u00e0 virtuale","Giubileo di Roma 2025","Incontro di Schoenstatt 2026","influencer cattolici","Jesmary Vel\u00e1zquez","Kim Daniels","Luis Tagle","Michael Czerny","missionari digitali","Missione su Instagram","Paolo Ruffini","Papa Leone XIV","Pellegrini speranza","Podcast sulla fede","Reti di riparazione","Rino Fisichella","SCHOENSTATT","Sinodalit\u00e0 di rete","Testimonianza del Vangelo","Trending","unit\u00e0 della Chiesa","Veronica Brunkow","Vescovo Lucio Ruiz","WhatsApp missione","YouTube cattolico"],"articleSection":["Chiesa e Mondo","Testimoni"],"inLanguage":"it-IT"},{"@type":"WebPage","@id":"https:\/\/exaudi.org\/it\/rivivere-il-giubileo-dei-missionari-digitali-sono-qui-perche-qualcosa-arde-dentro-di-voi\/","url":"https:\/\/exaudi.org\/it\/rivivere-il-giubileo-dei-missionari-digitali-sono-qui-perche-qualcosa-arde-dentro-di-voi\/","name":"Rivivere il Giubileo dei Missionari Digitali: \"Sono qui perch\u00e9 qualcosa arde dentro di voi\" &#8211; Exaudi","isPartOf":{"@id":"https:\/\/exaudi.org\/#website"},"primaryImageOfPage":{"@id":"https:\/\/exaudi.org\/it\/rivivere-il-giubileo-dei-missionari-digitali-sono-qui-perche-qualcosa-arde-dentro-di-voi\/#primaryimage"},"image":{"@id":"https:\/\/exaudi.org\/it\/rivivere-il-giubileo-dei-missionari-digitali-sono-qui-perche-qualcosa-arde-dentro-di-voi\/#primaryimage"},"thumbnailUrl":"https:\/\/exaudi.org\/wp-content\/uploads\/2025\/11\/Esp-01.jpg","datePublished":"2025-11-07T17:11:29+00:00","dateModified":"2025-11-07T18:14:35+00:00","author":{"@id":"https:\/\/exaudi.org\/#\/schema\/person\/b562feb21279ee01cdb5c8cd58ac4e33"},"breadcrumb":{"@id":"https:\/\/exaudi.org\/it\/rivivere-il-giubileo-dei-missionari-digitali-sono-qui-perche-qualcosa-arde-dentro-di-voi\/#breadcrumb"},"inLanguage":"it-IT","potentialAction":[{"@type":"ReadAction","target":["https:\/\/exaudi.org\/it\/rivivere-il-giubileo-dei-missionari-digitali-sono-qui-perche-qualcosa-arde-dentro-di-voi\/"]}]},{"@type":"ImageObject","inLanguage":"it-IT","@id":"https:\/\/exaudi.org\/it\/rivivere-il-giubileo-dei-missionari-digitali-sono-qui-perche-qualcosa-arde-dentro-di-voi\/#primaryimage","url":"https:\/\/exaudi.org\/wp-content\/uploads\/2025\/11\/Esp-01.jpg","contentUrl":"https:\/\/exaudi.org\/wp-content\/uploads\/2025\/11\/Esp-01.jpg","width":1920,"height":1080},{"@type":"BreadcrumbList","@id":"https:\/\/exaudi.org\/it\/rivivere-il-giubileo-dei-missionari-digitali-sono-qui-perche-qualcosa-arde-dentro-di-voi\/#breadcrumb","itemListElement":[{"@type":"ListItem","position":1,"name":"Portada","item":"https:\/\/exaudi.org\/it\/"},{"@type":"ListItem","position":2,"name":"Rivivere il Giubileo dei Missionari Digitali: \u00abSono qui perch\u00e9 qualcosa arde dentro di voi\u00bb"}]},{"@type":"WebSite","@id":"https:\/\/exaudi.org\/#website","url":"https:\/\/exaudi.org\/","name":"Exaudi","description":"News","potentialAction":[{"@type":"SearchAction","target":{"@type":"EntryPoint","urlTemplate":"https:\/\/exaudi.org\/?s={search_term_string}"},"query-input":{"@type":"PropertyValueSpecification","valueRequired":true,"valueName":"search_term_string"}}],"inLanguage":"it-IT"},{"@type":"Person","@id":"https:\/\/exaudi.org\/#\/schema\/person\/b562feb21279ee01cdb5c8cd58ac4e33","name":"Enrique Soros","image":{"@type":"ImageObject","inLanguage":"it-IT","@id":"https:\/\/secure.gravatar.com\/avatar\/909c464715f2daa91ebbef733cea12657b24a5ddb7284bf9b3bb3911d874bb9e?s=96&d=mm&r=g","url":"https:\/\/secure.gravatar.com\/avatar\/909c464715f2daa91ebbef733cea12657b24a5ddb7284bf9b3bb3911d874bb9e?s=96&d=mm&r=g","contentUrl":"https:\/\/secure.gravatar.com\/avatar\/909c464715f2daa91ebbef733cea12657b24a5ddb7284bf9b3bb3911d874bb9e?s=96&d=mm&r=g","caption":"Enrique Soros"},"description":"Argentino. Reside desde hace 27 a\u00f1os en Washington, DC, Estados Unidos, con su esposa Erica, con quien tiene un hijo, Mart\u00edn, de 21 a\u00f1os. Es comunicador social, escritor, traductor p\u00fablico. Act\u00faa como agente pastoral y comunicacional en Estados Unidos, donde es vicepresidente del Consejo Nacional Cat\u00f3lico para el Ministerio Hispano -NCCHM, por sus siglas en ingl\u00e9s-, que tiene como misi\u00f3n la promoci\u00f3n y el trabajo com\u00fan de las fuerzas pastorales hispanas en el pa\u00eds. Participa en proyectos pastorales y comunicacionales en Latinoam\u00e9rica y desde 2012 colabora con el CELAM, Consejo Episcopal Latinoamericano en esfuerzos de integraci\u00f3n pastoral entre dicha instituci\u00f3n y la Iglesia en los Estados Unidos.","url":"https:\/\/exaudi.org\/it\/author\/enriquesoros\/"}]}},"jetpack_featured_media_url":"https:\/\/exaudi.org\/wp-content\/uploads\/2025\/11\/Esp-01.jpg","jetpack_shortlink":"https:\/\/wp.me\/pgKjF2-BQD","_links":{"self":[{"href":"https:\/\/exaudi.org\/it\/wp-json\/wp\/v2\/posts\/145491","targetHints":{"allow":["GET"]}}],"collection":[{"href":"https:\/\/exaudi.org\/it\/wp-json\/wp\/v2\/posts"}],"about":[{"href":"https:\/\/exaudi.org\/it\/wp-json\/wp\/v2\/types\/post"}],"author":[{"embeddable":true,"href":"https:\/\/exaudi.org\/it\/wp-json\/wp\/v2\/users\/41"}],"replies":[{"embeddable":true,"href":"https:\/\/exaudi.org\/it\/wp-json\/wp\/v2\/comments?post=145491"}],"version-history":[{"count":6,"href":"https:\/\/exaudi.org\/it\/wp-json\/wp\/v2\/posts\/145491\/revisions"}],"predecessor-version":[{"id":145564,"href":"https:\/\/exaudi.org\/it\/wp-json\/wp\/v2\/posts\/145491\/revisions\/145564"}],"wp:featuredmedia":[{"embeddable":true,"href":"https:\/\/exaudi.org\/it\/wp-json\/wp\/v2\/media\/145282"}],"wp:attachment":[{"href":"https:\/\/exaudi.org\/it\/wp-json\/wp\/v2\/media?parent=145491"}],"wp:term":[{"taxonomy":"category","embeddable":true,"href":"https:\/\/exaudi.org\/it\/wp-json\/wp\/v2\/categories?post=145491"},{"taxonomy":"post_tag","embeddable":true,"href":"https:\/\/exaudi.org\/it\/wp-json\/wp\/v2\/tags?post=145491"}],"curies":[{"name":"wp","href":"https:\/\/api.w.org\/{rel}","templated":true}]}}