{"id":145136,"date":"2025-11-05T18:53:24","date_gmt":"2025-11-05T17:53:24","guid":{"rendered":"https:\/\/exaudi.org\/?p=145136"},"modified":"2025-11-05T18:53:24","modified_gmt":"2025-11-05T17:53:24","slug":"santangela-della-croce-5-novembre","status":"publish","type":"post","link":"https:\/\/exaudi.org\/it\/santangela-della-croce-5-novembre\/","title":{"rendered":"Sant&#8217;Angela della Croce, 5 novembre"},"content":{"rendered":"<p><span dir=\"auto\" style=\"vertical-align: inherit\"><span dir=\"auto\" style=\"vertical-align: inherit\">Oggi, 5 novembre, la Chiesa cattolica celebra la festa di Sant&#8217;Angela della Croce. In questo giorno, ricordiamo in modo speciale una donna di Siviglia che ha dedicato la sua vita a Dio attraverso i pi\u00f9 poveri del suo tempo, lasciando un&#8217;eredit\u00e0 duratura: le Suore della Croce.<\/span><\/span><\/p>\n<p><span dir=\"auto\" style=\"vertical-align: inherit\"><span dir=\"auto\" style=\"vertical-align: inherit\">Sant&#8217;Angela, nata il 30 gennaio 1846 accanto all&#8217;antica chiesa di Santa Lucia nel quartiere di San Juli\u00e1n, \u00e8 un simbolo di devozione e servizio. La sua dedizione ai bisognosi le valse il riconoscimento della Chiesa e il suo spirito di carit\u00e0 continua a vivere attraverso l&#8217;opera delle Suore della Croce, che continuano la sua missione a Siviglia e oltre.<\/span><\/span><\/p>\n<p><span dir=\"auto\" style=\"vertical-align: inherit\"><span dir=\"auto\" style=\"vertical-align: inherit\">Questa data \u00e8 particolarmente significativa per Siviglia, poich\u00e9 il 5 novembre 1982 Papa Giovanni Paolo II visit\u00f2 la citt\u00e0 per la prima volta e beatific\u00f2 Suor Angela in una solenne cerimonia presso la Fiera. Questo evento segn\u00f2 una pietra miliare nella storia della citt\u00e0 e nella venerazione di Sant&#8217;Angela.<\/span><\/span><\/p>\n<p><span dir=\"auto\" style=\"vertical-align: inherit\"><span dir=\"auto\" style=\"vertical-align: inherit\">Inoltre, dal 3 novembre al 20 dicembre, l&#8217;immagine di Sant&#8217;Angela della Croce sar\u00e0 esposta nella Sagrestia Maggiore della Cattedrale di Siviglia. L&#8217;esposizione fa parte della mostra &#8220;Sedes Hispalensis: Fons Pietatis&#8221;, &#8220;Cattedrale di Siviglia, Fonte di Piet\u00e0&#8221;, organizzata dal Capitolo Metropolitano in occasione del Secondo Congresso Internazionale delle Confraternite e della Piet\u00e0 Popolare. Questa mostra offre un&#8217;opportunit\u00e0 unica per fedeli e visitatori di apprezzare l&#8217;eredit\u00e0 spirituale di Sant&#8217;Angela nel contesto della piet\u00e0 popolare sivigliana.<\/span><\/span><\/p>\n<p><span dir=\"auto\" style=\"vertical-align: inherit\"><span dir=\"auto\" style=\"vertical-align: inherit\">In questo giorno di festa, riflettiamo sulla vita di Sant&#8217;Angela della Croce e sul suo esempio di amore e servizio ai pi\u00f9 bisognosi. La sua eredit\u00e0 ci invita a rinnovare il nostro impegno per i valori cristiani e a seguire il suo cammino di dedizione e generosit\u00e0.<\/span><\/span><\/p>\n","protected":false},"excerpt":{"rendered":"<p>Sempre al servizio dei pi\u00f9 bisognosi<\/p>\n","protected":false},"author":17,"featured_media":144991,"comment_status":"closed","ping_status":"closed","sticky":false,"template":"","format":"standard","meta":{"_acf_changed":false,"_crdt_document":"","inline_featured_image":false,"footnotes":""},"categories":[91,91,91,91],"tags":[80177,2038,11573,80178,64850,3235,26341,30164,1671,2042,32731,80181,80180,80182,26564,44661,80179,64787],"class_list":{"0":"post-145136","1":"post","2":"type-post","3":"status-publish","4":"format-standard","5":"has-post-thumbnail","6":"hentry","7":"category-santita","11":"tag-5-novembre","12":"tag-beatificazione","13":"tag-calendario-dei-santi","14":"tag-cattedrale-di-siviglia","15":"tag-chiesa-cattolica-it","16":"tag-devozione","17":"tag-eredita-spirituale","18":"tag-festa","19":"tag-giovanni-paolo-ii","20":"tag-motu-proprio-it","21":"tag-pieta-popolare","22":"tag-santangela-della-croce","23":"tag-secondo-congresso-internazionale-delle-confraternite","24":"tag-sedes-hispalensis-2","25":"tag-servizio-ai-poveri","26":"tag-siviglia","27":"tag-suore-della-croce","28":"tag-trending-it-236"},"acf":[],"yoast_head":"<!-- This site is optimized with the Yoast SEO plugin v27.5 - https:\/\/yoast.com\/product\/yoast-seo-wordpress\/ -->\n<title>Sant&#039;Angela della Croce, 5 novembre &#8211; Exaudi<\/title>\n<meta name=\"robots\" content=\"index, follow, max-snippet:-1, max-image-preview:large, max-video-preview:-1\" \/>\n<link rel=\"canonical\" href=\"https:\/\/exaudi.org\/it\/santangela-della-croce-5-novembre\/\" \/>\n<meta property=\"og:locale\" content=\"it_IT\" \/>\n<meta property=\"og:type\" content=\"article\" \/>\n<meta property=\"og:title\" content=\"Sant&#039;Angela della Croce, 5 novembre &#8211; Exaudi\" \/>\n<meta property=\"og:description\" content=\"Sempre al servizio dei pi\u00f9 bisognosi\" \/>\n<meta property=\"og:url\" content=\"https:\/\/exaudi.org\/it\/santangela-della-croce-5-novembre\/\" \/>\n<meta property=\"og:site_name\" content=\"Exaudi\" \/>\n<meta property=\"article:publisher\" content=\"https:\/\/www.facebook.com\/ExaudiNews\" \/>\n<meta property=\"article:author\" content=\"https:\/\/www.facebook.com\/ExaudiNotizie\/\" \/>\n<meta property=\"article:published_time\" content=\"2025-11-05T17:53:24+00:00\" \/>\n<meta property=\"og:image\" content=\"https:\/\/exaudi.org\/wp-content\/uploads\/2025\/11\/images.jpeg\" \/>\n\t<meta property=\"og:image:width\" content=\"377\" \/>\n\t<meta property=\"og:image:height\" content=\"530\" \/>\n\t<meta property=\"og:image:type\" content=\"image\/jpeg\" \/>\n<meta name=\"author\" content=\"Exaudi Redazione\" \/>\n<meta name=\"twitter:card\" content=\"summary_large_image\" \/>\n<meta name=\"twitter:creator\" content=\"@Exaudi_Notizie\" \/>\n<meta name=\"twitter:site\" content=\"@Exaudi_News\" \/>\n<meta name=\"twitter:label1\" content=\"Scritto da\" \/>\n\t<meta name=\"twitter:data1\" content=\"Exaudi Redazione\" \/>\n\t<meta name=\"twitter:label2\" content=\"Tempo di lettura stimato\" \/>\n\t<meta name=\"twitter:data2\" content=\"1 minuto\" \/>\n<script type=\"application\/ld+json\" class=\"yoast-schema-graph\">{\"@context\":\"https:\\\/\\\/schema.org\",\"@graph\":[{\"@type\":\"Article\",\"@id\":\"https:\\\/\\\/exaudi.org\\\/it\\\/santangela-della-croce-5-novembre\\\/#article\",\"isPartOf\":{\"@id\":\"https:\\\/\\\/exaudi.org\\\/it\\\/santangela-della-croce-5-novembre\\\/\"},\"author\":{\"name\":\"Exaudi Redazione\",\"@id\":\"https:\\\/\\\/exaudi.org\\\/#\\\/schema\\\/person\\\/e1ab6ed07c01774724dd96f925f3a5f0\"},\"headline\":\"Sant&#8217;Angela della Croce, 5 novembre\",\"datePublished\":\"2025-11-05T17:53:24+00:00\",\"mainEntityOfPage\":{\"@id\":\"https:\\\/\\\/exaudi.org\\\/it\\\/santangela-della-croce-5-novembre\\\/\"},\"wordCount\":284,\"image\":{\"@id\":\"https:\\\/\\\/exaudi.org\\\/it\\\/santangela-della-croce-5-novembre\\\/#primaryimage\"},\"thumbnailUrl\":\"https:\\\/\\\/exaudi.org\\\/wp-content\\\/uploads\\\/2025\\\/11\\\/images.jpeg\",\"keywords\":[\"5 novembre\",\"beatificazione\",\"CALENDARIO DEI SANTI\",\"Cattedrale di Siviglia\",\"CHIESA CATTOLICA\",\"devozione\",\"Eredit\u00e0 spirituale\",\"Festa\",\"Giovanni Paolo II\",\"motu proprio\",\"piet\u00e0 popolare\",\"Sant'Angela della Croce\",\"Secondo Congresso Internazionale delle Confraternite\",\"Sedes Hispalensis\",\"servizio ai poveri\",\"Siviglia\",\"Suore della Croce\",\"Trending\"],\"articleSection\":[\"Santit\u00e0\",\"Santit\u00e0\",\"Santit\u00e0\",\"Santit\u00e0\"],\"inLanguage\":\"it-IT\"},{\"@type\":\"WebPage\",\"@id\":\"https:\\\/\\\/exaudi.org\\\/it\\\/santangela-della-croce-5-novembre\\\/\",\"url\":\"https:\\\/\\\/exaudi.org\\\/it\\\/santangela-della-croce-5-novembre\\\/\",\"name\":\"Sant'Angela della Croce, 5 novembre &#8211; Exaudi\",\"isPartOf\":{\"@id\":\"https:\\\/\\\/exaudi.org\\\/#website\"},\"primaryImageOfPage\":{\"@id\":\"https:\\\/\\\/exaudi.org\\\/it\\\/santangela-della-croce-5-novembre\\\/#primaryimage\"},\"image\":{\"@id\":\"https:\\\/\\\/exaudi.org\\\/it\\\/santangela-della-croce-5-novembre\\\/#primaryimage\"},\"thumbnailUrl\":\"https:\\\/\\\/exaudi.org\\\/wp-content\\\/uploads\\\/2025\\\/11\\\/images.jpeg\",\"datePublished\":\"2025-11-05T17:53:24+00:00\",\"author\":{\"@id\":\"https:\\\/\\\/exaudi.org\\\/#\\\/schema\\\/person\\\/e1ab6ed07c01774724dd96f925f3a5f0\"},\"breadcrumb\":{\"@id\":\"https:\\\/\\\/exaudi.org\\\/it\\\/santangela-della-croce-5-novembre\\\/#breadcrumb\"},\"inLanguage\":\"it-IT\",\"potentialAction\":[{\"@type\":\"ReadAction\",\"target\":[\"https:\\\/\\\/exaudi.org\\\/it\\\/santangela-della-croce-5-novembre\\\/\"]}]},{\"@type\":\"ImageObject\",\"inLanguage\":\"it-IT\",\"@id\":\"https:\\\/\\\/exaudi.org\\\/it\\\/santangela-della-croce-5-novembre\\\/#primaryimage\",\"url\":\"https:\\\/\\\/exaudi.org\\\/wp-content\\\/uploads\\\/2025\\\/11\\\/images.jpeg\",\"contentUrl\":\"https:\\\/\\\/exaudi.org\\\/wp-content\\\/uploads\\\/2025\\\/11\\\/images.jpeg\",\"width\":377,\"height\":530},{\"@type\":\"BreadcrumbList\",\"@id\":\"https:\\\/\\\/exaudi.org\\\/it\\\/santangela-della-croce-5-novembre\\\/#breadcrumb\",\"itemListElement\":[{\"@type\":\"ListItem\",\"position\":1,\"name\":\"Portada\",\"item\":\"https:\\\/\\\/exaudi.org\\\/it\\\/\"},{\"@type\":\"ListItem\",\"position\":2,\"name\":\"Sant&#8217;Angela della Croce, 5 novembre\"}]},{\"@type\":\"WebSite\",\"@id\":\"https:\\\/\\\/exaudi.org\\\/#website\",\"url\":\"https:\\\/\\\/exaudi.org\\\/\",\"name\":\"Exaudi\",\"description\":\"News\",\"potentialAction\":[{\"@type\":\"SearchAction\",\"target\":{\"@type\":\"EntryPoint\",\"urlTemplate\":\"https:\\\/\\\/exaudi.org\\\/?s={search_term_string}\"},\"query-input\":{\"@type\":\"PropertyValueSpecification\",\"valueRequired\":true,\"valueName\":\"search_term_string\"}}],\"inLanguage\":\"it-IT\"},{\"@type\":\"Person\",\"@id\":\"https:\\\/\\\/exaudi.org\\\/#\\\/schema\\\/person\\\/e1ab6ed07c01774724dd96f925f3a5f0\",\"name\":\"Exaudi Redazione\",\"image\":{\"@type\":\"ImageObject\",\"inLanguage\":\"it-IT\",\"@id\":\"https:\\\/\\\/secure.gravatar.com\\\/avatar\\\/ad6774b3ada023bf5b939d64f45c94b3adf91502dd883507d469b4308a943bb3?s=96&d=mm&r=g\",\"url\":\"https:\\\/\\\/secure.gravatar.com\\\/avatar\\\/ad6774b3ada023bf5b939d64f45c94b3adf91502dd883507d469b4308a943bb3?s=96&d=mm&r=g\",\"contentUrl\":\"https:\\\/\\\/secure.gravatar.com\\\/avatar\\\/ad6774b3ada023bf5b939d64f45c94b3adf91502dd883507d469b4308a943bb3?s=96&d=mm&r=g\",\"caption\":\"Exaudi Redazione\"},\"description\":\"Che cosa \u00e8 Exaudi News? Exaudi News \u00e8 un agenzia cattolica internazionale che informa, istruisce e trasforma quotidianamente in spagnolo, inglese e italiano. Attraverso notizie, articoli di analisi e trasmissioni in diretta degli eventi del Papa, Exaudi cerca di rafforzare l'unit\u00e0 dei cristiani e di contribuire all'evangelizzazione del mondo, sempre guidato dalla dottrina sociale della Chiesa. Lavoriamo per portare la verit\u00e0 e i valori cristiani in ogni angolo del pianeta. Aiutaci a trasformare il mondo con Exaudi! Noi di Exaudi crediamo che l'evangelizzazione e l'informazione di qualit\u00e0 possano cambiare la vita. Per continuare la nostra missione ed espandere la nostra portata, abbiamo bisogno del tuo aiuto. Stiamo anche cercando persone motivate che vogliano unirsi al nostro team. Grazie al vostro sostegno raggiungeremo pi\u00f9 persone, diffonderemo il messaggio di Cristo e rafforzeremo l'unit\u00e0 dei cristiani. Vuoi unirti alla nostra missione? Per maggiori informazioni su come contribuire, visita Exaudi.org\\\/it o contattaci direttamente: info@exaudi.org Exaudi: informa, forma e trasforma.\",\"sameAs\":[\"https:\\\/\\\/www.facebook.com\\\/ExaudiNotizie\\\/\",\"https:\\\/\\\/www.instagram.com\\\/Exaudi_notizie\\\/\",\"https:\\\/\\\/x.com\\\/Exaudi_Notizie\",\"https:\\\/\\\/www.youtube.com\\\/@exaudicatholicnews\"],\"url\":\"https:\\\/\\\/exaudi.org\\\/it\\\/author\\\/dlvedi-org\\\/\"}]}<\/script>\n<!-- \/ Yoast SEO plugin. -->","yoast_head_json":{"title":"Sant'Angela della Croce, 5 novembre &#8211; Exaudi","robots":{"index":"index","follow":"follow","max-snippet":"max-snippet:-1","max-image-preview":"max-image-preview:large","max-video-preview":"max-video-preview:-1"},"canonical":"https:\/\/exaudi.org\/it\/santangela-della-croce-5-novembre\/","og_locale":"it_IT","og_type":"article","og_title":"Sant'Angela della Croce, 5 novembre &#8211; Exaudi","og_description":"Sempre al servizio dei pi\u00f9 bisognosi","og_url":"https:\/\/exaudi.org\/it\/santangela-della-croce-5-novembre\/","og_site_name":"Exaudi","article_publisher":"https:\/\/www.facebook.com\/ExaudiNews","article_author":"https:\/\/www.facebook.com\/ExaudiNotizie\/","article_published_time":"2025-11-05T17:53:24+00:00","og_image":[{"width":377,"height":530,"url":"https:\/\/exaudi.org\/wp-content\/uploads\/2025\/11\/images.jpeg","type":"image\/jpeg"}],"author":"Exaudi Redazione","twitter_card":"summary_large_image","twitter_creator":"@Exaudi_Notizie","twitter_site":"@Exaudi_News","twitter_misc":{"Scritto da":"Exaudi Redazione","Tempo di lettura stimato":"1 minuto"},"schema":{"@context":"https:\/\/schema.org","@graph":[{"@type":"Article","@id":"https:\/\/exaudi.org\/it\/santangela-della-croce-5-novembre\/#article","isPartOf":{"@id":"https:\/\/exaudi.org\/it\/santangela-della-croce-5-novembre\/"},"author":{"name":"Exaudi Redazione","@id":"https:\/\/exaudi.org\/#\/schema\/person\/e1ab6ed07c01774724dd96f925f3a5f0"},"headline":"Sant&#8217;Angela della Croce, 5 novembre","datePublished":"2025-11-05T17:53:24+00:00","mainEntityOfPage":{"@id":"https:\/\/exaudi.org\/it\/santangela-della-croce-5-novembre\/"},"wordCount":284,"image":{"@id":"https:\/\/exaudi.org\/it\/santangela-della-croce-5-novembre\/#primaryimage"},"thumbnailUrl":"https:\/\/exaudi.org\/wp-content\/uploads\/2025\/11\/images.jpeg","keywords":["5 novembre","beatificazione","CALENDARIO DEI SANTI","Cattedrale di Siviglia","CHIESA CATTOLICA","devozione","Eredit\u00e0 spirituale","Festa","Giovanni Paolo II","motu proprio","piet\u00e0 popolare","Sant'Angela della Croce","Secondo Congresso Internazionale delle Confraternite","Sedes Hispalensis","servizio ai poveri","Siviglia","Suore della Croce","Trending"],"articleSection":["Santit\u00e0","Santit\u00e0","Santit\u00e0","Santit\u00e0"],"inLanguage":"it-IT"},{"@type":"WebPage","@id":"https:\/\/exaudi.org\/it\/santangela-della-croce-5-novembre\/","url":"https:\/\/exaudi.org\/it\/santangela-della-croce-5-novembre\/","name":"Sant'Angela della Croce, 5 novembre &#8211; Exaudi","isPartOf":{"@id":"https:\/\/exaudi.org\/#website"},"primaryImageOfPage":{"@id":"https:\/\/exaudi.org\/it\/santangela-della-croce-5-novembre\/#primaryimage"},"image":{"@id":"https:\/\/exaudi.org\/it\/santangela-della-croce-5-novembre\/#primaryimage"},"thumbnailUrl":"https:\/\/exaudi.org\/wp-content\/uploads\/2025\/11\/images.jpeg","datePublished":"2025-11-05T17:53:24+00:00","author":{"@id":"https:\/\/exaudi.org\/#\/schema\/person\/e1ab6ed07c01774724dd96f925f3a5f0"},"breadcrumb":{"@id":"https:\/\/exaudi.org\/it\/santangela-della-croce-5-novembre\/#breadcrumb"},"inLanguage":"it-IT","potentialAction":[{"@type":"ReadAction","target":["https:\/\/exaudi.org\/it\/santangela-della-croce-5-novembre\/"]}]},{"@type":"ImageObject","inLanguage":"it-IT","@id":"https:\/\/exaudi.org\/it\/santangela-della-croce-5-novembre\/#primaryimage","url":"https:\/\/exaudi.org\/wp-content\/uploads\/2025\/11\/images.jpeg","contentUrl":"https:\/\/exaudi.org\/wp-content\/uploads\/2025\/11\/images.jpeg","width":377,"height":530},{"@type":"BreadcrumbList","@id":"https:\/\/exaudi.org\/it\/santangela-della-croce-5-novembre\/#breadcrumb","itemListElement":[{"@type":"ListItem","position":1,"name":"Portada","item":"https:\/\/exaudi.org\/it\/"},{"@type":"ListItem","position":2,"name":"Sant&#8217;Angela della Croce, 5 novembre"}]},{"@type":"WebSite","@id":"https:\/\/exaudi.org\/#website","url":"https:\/\/exaudi.org\/","name":"Exaudi","description":"News","potentialAction":[{"@type":"SearchAction","target":{"@type":"EntryPoint","urlTemplate":"https:\/\/exaudi.org\/?s={search_term_string}"},"query-input":{"@type":"PropertyValueSpecification","valueRequired":true,"valueName":"search_term_string"}}],"inLanguage":"it-IT"},{"@type":"Person","@id":"https:\/\/exaudi.org\/#\/schema\/person\/e1ab6ed07c01774724dd96f925f3a5f0","name":"Exaudi Redazione","image":{"@type":"ImageObject","inLanguage":"it-IT","@id":"https:\/\/secure.gravatar.com\/avatar\/ad6774b3ada023bf5b939d64f45c94b3adf91502dd883507d469b4308a943bb3?s=96&d=mm&r=g","url":"https:\/\/secure.gravatar.com\/avatar\/ad6774b3ada023bf5b939d64f45c94b3adf91502dd883507d469b4308a943bb3?s=96&d=mm&r=g","contentUrl":"https:\/\/secure.gravatar.com\/avatar\/ad6774b3ada023bf5b939d64f45c94b3adf91502dd883507d469b4308a943bb3?s=96&d=mm&r=g","caption":"Exaudi Redazione"},"description":"Che cosa \u00e8 Exaudi News? Exaudi News \u00e8 un agenzia cattolica internazionale che informa, istruisce e trasforma quotidianamente in spagnolo, inglese e italiano. Attraverso notizie, articoli di analisi e trasmissioni in diretta degli eventi del Papa, Exaudi cerca di rafforzare l'unit\u00e0 dei cristiani e di contribuire all'evangelizzazione del mondo, sempre guidato dalla dottrina sociale della Chiesa. Lavoriamo per portare la verit\u00e0 e i valori cristiani in ogni angolo del pianeta. Aiutaci a trasformare il mondo con Exaudi! Noi di Exaudi crediamo che l'evangelizzazione e l'informazione di qualit\u00e0 possano cambiare la vita. Per continuare la nostra missione ed espandere la nostra portata, abbiamo bisogno del tuo aiuto. Stiamo anche cercando persone motivate che vogliano unirsi al nostro team. Grazie al vostro sostegno raggiungeremo pi\u00f9 persone, diffonderemo il messaggio di Cristo e rafforzeremo l'unit\u00e0 dei cristiani. Vuoi unirti alla nostra missione? Per maggiori informazioni su come contribuire, visita Exaudi.org\/it o contattaci direttamente: info@exaudi.org Exaudi: informa, forma e trasforma.","sameAs":["https:\/\/www.facebook.com\/ExaudiNotizie\/","https:\/\/www.instagram.com\/Exaudi_notizie\/","https:\/\/x.com\/Exaudi_Notizie","https:\/\/www.youtube.com\/@exaudicatholicnews"],"url":"https:\/\/exaudi.org\/it\/author\/dlvedi-org\/"}]}},"jetpack_featured_media_url":"https:\/\/exaudi.org\/wp-content\/uploads\/2025\/11\/images.jpeg","jetpack_shortlink":"https:\/\/wp.me\/pgKjF2-BKU","_links":{"self":[{"href":"https:\/\/exaudi.org\/it\/wp-json\/wp\/v2\/posts\/145136","targetHints":{"allow":["GET"]}}],"collection":[{"href":"https:\/\/exaudi.org\/it\/wp-json\/wp\/v2\/posts"}],"about":[{"href":"https:\/\/exaudi.org\/it\/wp-json\/wp\/v2\/types\/post"}],"author":[{"embeddable":true,"href":"https:\/\/exaudi.org\/it\/wp-json\/wp\/v2\/users\/17"}],"replies":[{"embeddable":true,"href":"https:\/\/exaudi.org\/it\/wp-json\/wp\/v2\/comments?post=145136"}],"version-history":[{"count":4,"href":"https:\/\/exaudi.org\/it\/wp-json\/wp\/v2\/posts\/145136\/revisions"}],"predecessor-version":[{"id":145144,"href":"https:\/\/exaudi.org\/it\/wp-json\/wp\/v2\/posts\/145136\/revisions\/145144"}],"wp:featuredmedia":[{"embeddable":true,"href":"https:\/\/exaudi.org\/it\/wp-json\/wp\/v2\/media\/144991"}],"wp:attachment":[{"href":"https:\/\/exaudi.org\/it\/wp-json\/wp\/v2\/media?parent=145136"}],"wp:term":[{"taxonomy":"category","embeddable":true,"href":"https:\/\/exaudi.org\/it\/wp-json\/wp\/v2\/categories?post=145136"},{"taxonomy":"post_tag","embeddable":true,"href":"https:\/\/exaudi.org\/it\/wp-json\/wp\/v2\/tags?post=145136"}],"curies":[{"name":"wp","href":"https:\/\/api.w.org\/{rel}","templated":true}]}}