{"id":144906,"date":"2025-11-04T17:04:24","date_gmt":"2025-11-04T16:04:24","guid":{"rendered":"https:\/\/exaudi.org\/?p=144906"},"modified":"2025-11-04T17:04:24","modified_gmt":"2025-11-04T16:04:24","slug":"il-mercatino-di-beneficenza-della-fondazione-carf-sostiene-sacerdoti-diocesani-e-religiosi-in-tutto-il-mondo","status":"publish","type":"post","link":"https:\/\/exaudi.org\/it\/il-mercatino-di-beneficenza-della-fondazione-carf-sostiene-sacerdoti-diocesani-e-religiosi-in-tutto-il-mondo\/","title":{"rendered":"Il mercatino di beneficenza della Fondazione CARF sostiene sacerdoti diocesani e religiosi in tutto il mondo"},"content":{"rendered":"<p><span dir=\"auto\" style=\"vertical-align: inherit\"><span dir=\"auto\" style=\"vertical-align: inherit\">Anche quest&#8217;anno, come di consueto in questo periodo dell&#8217;anno, i\u00a0 <\/span><\/span><a href=\"https:\/\/fundacioncarf.org\/voluntariado-patronato-accion-social\/\"><span dir=\"auto\" style=\"vertical-align: inherit\"><span dir=\"auto\" style=\"vertical-align: inherit\">volontari del Social Action Board della Fondazione CARF<\/span><\/span><\/a><span dir=\"auto\" style=\"vertical-align: inherit\"><span dir=\"auto\" style=\"vertical-align: inherit\"> \u00a0organizzano il loro tradizionale mercatino di beneficenza per raccogliere fondi destinati alla formazione completa di seminaristi e sacerdoti diocesani, nonch\u00e9 di religiosi e religiose provenienti da tutto il mondo.<\/span><\/span><\/p>\n<p><span dir=\"auto\" style=\"vertical-align: inherit\"><span dir=\"auto\" style=\"vertical-align: inherit\">La 29\u00aa edizione del mercatino di beneficenza si terr\u00e0 dall&#8217;11 al 15 novembre presso i locali della parrocchia di San Luis de los Franceses (Calle Padilla, 9. 28006 Madrid) con orario di apertura ininterrotto dalle 11:00 alle 21:00.<\/span><\/span><\/p>\n<p><strong><span dir=\"auto\" style=\"vertical-align: inherit\"><span dir=\"auto\" style=\"vertical-align: inherit\">Pi\u00f9 di cento collaboratori<\/span><\/span><\/strong><\/p>\n<p><span dir=\"auto\" style=\"vertical-align: inherit\"><span dir=\"auto\" style=\"vertical-align: inherit\">Quest&#8217;anno, oltre cento sostenitori hanno donato mobili, vestiti e articoli per la casa al Charity Market della Fondazione CARF. Dietro gli oggetti accuratamente disposti su ogni tavolo \u2013 piatti, tovaglie, quadri, lampade, mobili, libri, cappotti e abiti vintage \u2013 c&#8217;\u00e8 molto pi\u00f9 che beni materiali: ci sono storie di generosit\u00e0, affetto e fede. Il mercato \u00e8 diventato una tappa obbligata per chi desidera\u00a0 <\/span><\/span><strong><span dir=\"auto\" style=\"vertical-align: inherit\"><span dir=\"auto\" style=\"vertical-align: inherit\">preparare i regali di Natale e fare veri affari<\/span><\/span><\/strong><span dir=\"auto\" style=\"vertical-align: inherit\"><span dir=\"auto\" style=\"vertical-align: inherit\">.<\/span><\/span><\/p>\n<p><span dir=\"auto\" style=\"vertical-align: inherit\"><span dir=\"auto\" style=\"vertical-align: inherit\">Carmen Ortega, una delle presidenti del Consiglio di Azione Sociale della Fondazione CARF, lo spiega con un misto di gratitudine e stupore. &#8220;Quest&#8217;anno abbiamo superato i cento collaboratori che hanno contribuito con tutto il loro potenziale. Persone che, senza esitazione, hanno aperto le loro case e i loro cuori per donare il meglio che avevano. Alcuni ci portano oggetti con una storia,\u00a0 <\/span><\/span><strong><span dir=\"auto\" style=\"vertical-align: inherit\"><span dir=\"auto\" style=\"vertical-align: inherit\">cimeli di famiglia da cui \u00e8 difficile separarsi, <\/span><\/span><\/strong><strong><span dir=\"auto\" style=\"vertical-align: inherit\"><span dir=\"auto\" style=\"vertical-align: inherit\">\u00a0ma lo fanno con un sorriso<\/span><\/span><\/strong><span dir=\"auto\" style=\"vertical-align: inherit\"><span dir=\"auto\" style=\"vertical-align: inherit\">, consapevoli che il loro gesto servir\u00e0 a uno scopo pi\u00f9 grande&#8221;.<\/span><\/span><\/p>\n<p><span dir=\"auto\" style=\"vertical-align: inherit\"><span dir=\"auto\" style=\"vertical-align: inherit\">Quest&#8217;anno hanno ricevuto due donazioni molto speciali: da una parte, dei bellissimi scialli di Manila che non passano mai di moda, e dall&#8217;altra,\u00a0 <\/span><\/span><strong><span dir=\"auto\" style=\"vertical-align: inherit\"><span dir=\"auto\" style=\"vertical-align: inherit\">un&#8217;antica statua di Santa Teresa da una collaboratrice:<\/span><\/span><\/strong><span dir=\"auto\" style=\"vertical-align: inherit\"><span dir=\"auto\" style=\"vertical-align: inherit\"> \u00a0&#8220;Ci ha detto che apparteneva a sua madre, che le era molto affezionata. E che, per la formazione dei seminaristi e dei sacerdoti diocesani, valeva la pena separarsi dalla statua&#8221;, racconta Carmen.<\/span><\/span><\/p>\n<p><span dir=\"auto\" style=\"vertical-align: inherit\"><span dir=\"auto\" style=\"vertical-align: inherit\">Ogni donazione \u00e8 un atto d&#8217;amore sincero. &#8220;Siamo toccati dai messaggi che accompagnano gli articoli che ci vengono inviati. Ci dicono: &#8216;Per la formazione dei sacerdoti, tutto \u00e8 possibile'&#8221;, afferma Ortega.<\/span><\/span><\/p>\n<p><strong><span dir=\"auto\" style=\"vertical-align: inherit\"><span dir=\"auto\" style=\"vertical-align: inherit\">Lo zaino dei vasi sacri di ogni seminarista<\/span><\/span><\/strong><\/p>\n<p><span dir=\"auto\" style=\"vertical-align: inherit\"><span dir=\"auto\" style=\"vertical-align: inherit\">I volontari del PAS dedicano i fondi raccolti alla formazione di seminaristi e sacerdoti in tutto il mondo. Ma soprattutto, contribuiscono a coprire il costo degli zaini contenenti i vasi sacri che vengono consegnati a ogni seminarista che completa la sua formazione a Roma e Pamplona, \u200b\u200bal ritorno nei loro Paesi d&#8217;origine. &#8220;Lo zaino \u00e8 un dono del PAS che i giovani attendono con impazienza per poter celebrare la Messa in modo dignitoso, anche senza risorse, ovunque nel mondo&#8221;, spiega Carmen.<\/span><\/span><\/p>\n<p><strong><span dir=\"auto\" style=\"vertical-align: inherit\"><span dir=\"auto\" style=\"vertical-align: inherit\">\u00c1ngel David \u00c1lvarez Ram\u00edrez, messicano,\u00a0<\/span><\/span><\/strong><span dir=\"auto\" style=\"vertical-align: inherit\"><span dir=\"auto\" style=\"vertical-align: inherit\"> \u00e8 uno dei seminaristi che riceveranno il kit per i vasi sacri al termine del corso. Originario della diocesi di Tabasco, si \u00e8 iscritto alle Facolt\u00e0 Ecclesiastiche dell&#8217;Universit\u00e0 di Navarra per prepararsi all&#8217;ordinazione sacerdotale. Risiede presso il Seminario Internazionale di Bidasoa.<\/span><\/span><\/p>\n<p><span dir=\"auto\" style=\"vertical-align: inherit\"><span dir=\"auto\" style=\"vertical-align: inherit\">La sua storia \u00e8 una storia di conversione e speranza, di come Dio possa trasformare una famiglia lontana dalla fede in una casa di comunione con Cristo. &#8220;Vedere i miei genitori tornare alla fede \u00e8 stato il seme della vocazione che Dio ha piantato in me e che continua a coltivare ogni giorno&#8221;, dice \u00c1ngel David. Qui potete leggere la sua testimonianza:\u00a0 <\/span><\/span><a href=\"https:\/\/fundacioncarf.org\/ateismo-practico-inesperada-vocacion-sacerdote\/\"><span dir=\"auto\" style=\"vertical-align: inherit\"><span dir=\"auto\" style=\"vertical-align: inherit\">Dall&#8217;ateismo a una vita di dedizione.<\/span><\/span><\/a><\/p>\n<p><strong><span dir=\"auto\" style=\"vertical-align: inherit\"><span dir=\"auto\" style=\"vertical-align: inherit\">Sostegno alle vocazioni<\/span><\/span><\/strong><\/p>\n<p><span dir=\"auto\" style=\"vertical-align: inherit\"><span dir=\"auto\" style=\"vertical-align: inherit\">Ecco perch\u00e9 ogni capo d&#8217;abbigliamento venduto od ogni mobile che trova una nuova casa diventa un aiuto tangibile a sostegno delle vocazioni che porteranno conforto e fede in luoghi dove le risorse sono scarse. &#8220;Molti visitatori sono profondamente commossi quando scoprono a cosa servono i fondi raccolti&#8221;, aggiunge Carmen.<\/span><\/span><\/p>\n<p><span dir=\"auto\" style=\"vertical-align: inherit\"><span dir=\"auto\" style=\"vertical-align: inherit\">Carmen Ortega insiste sul fatto che il 29\u00b0\u00a0 mercato <\/span><\/span><a href=\"https:\/\/fundacioncarf.org\/donar\/\"><span dir=\"auto\" style=\"vertical-align: inherit\"><span dir=\"auto\" style=\"vertical-align: inherit\">della Fondazione CARF<\/span><\/span><\/a><span dir=\"auto\" style=\"vertical-align: inherit\"><span dir=\"auto\" style=\"vertical-align: inherit\"> \u00a0\u00e8 pi\u00f9 di un semplice evento di beneficenza: &#8220;\u00c8 un&#8217;opportunit\u00e0 per condividere, per ricordare che tutti abbiamo qualcosa da offrire, anche le cose che non usiamo pi\u00f9. Ogni oggetto donato \u00e8 un seme di speranza&#8221;.<\/span><\/span><\/p>\n<p><strong><span dir=\"auto\" style=\"vertical-align: inherit\"><span dir=\"auto\" style=\"vertical-align: inherit\">Un riassunto da condividere<\/span><\/span><\/strong><\/p>\n<p><strong><span dir=\"auto\" style=\"vertical-align: inherit\"><span dir=\"auto\" style=\"vertical-align: inherit\">Cosa:<\/span><\/span><\/strong><span dir=\"auto\" style=\"vertical-align: inherit\"><span dir=\"auto\" style=\"vertical-align: inherit\"> \u00a029a edizione del Mercatino della Beneficenza.<\/span><\/span><\/p>\n<p><strong><span dir=\"auto\" style=\"vertical-align: inherit\"><span dir=\"auto\" style=\"vertical-align: inherit\">Organizzato da:<\/span><\/span><\/strong><span dir=\"auto\" style=\"vertical-align: inherit\"><span dir=\"auto\" style=\"vertical-align: inherit\"> \u00a0Volontari PAS della Fondazione CARF.<\/span><\/span><\/p>\n<p><strong><span dir=\"auto\" style=\"vertical-align: inherit\"><span dir=\"auto\" style=\"vertical-align: inherit\">Quando<\/span><\/span><\/strong><span dir=\"auto\" style=\"vertical-align: inherit\"><span dir=\"auto\" style=\"vertical-align: inherit\"> : dall&#8217;11 al 15 novembre 2025, dalle 11:00 alle 21:00.<\/span><\/span><\/p>\n<p><strong><span dir=\"auto\" style=\"vertical-align: inherit\"><span dir=\"auto\" style=\"vertical-align: inherit\">Dove:<\/span><\/span><\/strong><span dir=\"auto\" style=\"vertical-align: inherit\"><span dir=\"auto\" style=\"vertical-align: inherit\"> \u00a0Locali parrocchiali di San Luis de los Franceses. Padilla, 9. 28006 Madrid.\u00a0 <\/span><\/span><a href=\"https:\/\/maps.app.goo.gl\/rB9cRpjvWVpPsSwL7\"><span dir=\"auto\" style=\"vertical-align: inherit\"><span dir=\"auto\" style=\"vertical-align: inherit\">https:\/\/maps.app.goo.gl\/rB9cRpjvWVpPsSwL7<\/span><\/span><\/a><\/p>\n<p><span dir=\"auto\" style=\"vertical-align: inherit\"><span dir=\"auto\" style=\"vertical-align: inherit\">***<\/span><\/span><\/p>\n<p><strong><u><span dir=\"auto\" style=\"vertical-align: inherit\"><span dir=\"auto\" style=\"vertical-align: inherit\">Di<\/span><\/span><\/u><\/strong><span dir=\"auto\" style=\"vertical-align: inherit\"><span dir=\"auto\" style=\"vertical-align: inherit\"> :<\/span><\/span><\/p>\n<p><span dir=\"auto\" style=\"vertical-align: inherit\"><span dir=\"auto\" style=\"vertical-align: inherit\">La Fondazione CARF \u00e8 nata il 14 febbraio 1989, ispirata da San Giovanni Paolo II e animata dal Beato \u00c1lvaro del Portillo, con tre obiettivi: pregare per le vocazioni sacerdotali; promuovere il buon nome dei sacerdoti in tutto il mondo; e aiutare nella formazione integrale dei seminaristi, dei sacerdoti diocesani, dei religiosi e delle religiose per servire meglio la Chiesa in tutto il mondo.<\/span><\/span><\/p>\n<p><span dir=\"auto\" style=\"vertical-align: inherit\"><span dir=\"auto\" style=\"vertical-align: inherit\">Dalla sua nascita a oggi, grazie al sostegno dei suoi benefattori e amici, la Fondazione CARF ha finanziato borse di studio per quasi 30.000 studenti provenienti da famiglie a basso reddito in 130 paesi, per migliorare la loro formazione intellettuale, umana e spirituale presso la Pontificia Universit\u00e0 della Santa Croce a Roma e presso le Facolt\u00e0 Ecclesiastiche dell&#8217;Universit\u00e0 di Navarra a Pamplona. Tra questi, 129 studenti sono stati ordinati vescovi e quattro sono stati creati cardinali.<\/span><\/span><\/p>\n","protected":false},"excerpt":{"rendered":"<p>Raccoglie fondi per la formazione olistica di seminaristi, sacerdoti diocesani, religiosi e religiose<\/p>\n","protected":false},"author":119,"featured_media":144790,"comment_status":"closed","ping_status":"closed","sticky":false,"template":"","format":"standard","meta":{"_acf_changed":false,"_crdt_document":"","inline_featured_image":false,"footnotes":""},"categories":[73],"tags":[3366,80014,27578,2056,80015,80020,19508,11577,15435,80017,79155,80016,80019,11578,36336,3334,10333,4522,510,32704,64787,13555,480,15574,511,80018],"class_list":["post-144906","post","type-post","status-publish","format-standard","has-post-thumbnail","hentry","category-chiesa-e-mondo","tag-alvaro-del-portillo","tag-angel-david-alvarez-ramirez-2","tag-bidasoa-2","tag-cardinali","tag-carmen-ortega-2","tag-consiglio-di-azione-sociale","tag-donazioni","tag-fondazione-carf","tag-formazione-sacerdotale","tag-mercatino-di-beneficenza","tag-novembre-2025","tag-offerte","tag-parrocchia-di-san-luis-de-los-franceses","tag-pontificia-universita-della-santa-croce-2","tag-regali-di-natale","tag-religiosi","tag-san-giovanni-paolo-ii","tag-seminaristi","tag-solidarieta","tag-testimonianze-di-fede","tag-trending-it-236","tag-universita-di-navarra","tag-vescovi","tag-vocazioni-sacerdotali","tag-volontariato","tag-zaino-con-vasi-sacri"],"acf":[],"yoast_head":"<!-- This site is optimized with the Yoast SEO plugin v27.5 - https:\/\/yoast.com\/product\/yoast-seo-wordpress\/ -->\n<title>Il mercatino di beneficenza della Fondazione CARF sostiene sacerdoti diocesani e religiosi in tutto il mondo &#8211; Exaudi<\/title>\n<meta name=\"robots\" content=\"index, follow, max-snippet:-1, max-image-preview:large, max-video-preview:-1\" \/>\n<link rel=\"canonical\" href=\"https:\/\/exaudi.org\/it\/il-mercatino-di-beneficenza-della-fondazione-carf-sostiene-sacerdoti-diocesani-e-religiosi-in-tutto-il-mondo\/\" \/>\n<meta property=\"og:locale\" content=\"it_IT\" \/>\n<meta property=\"og:type\" content=\"article\" \/>\n<meta property=\"og:title\" content=\"Il mercatino di beneficenza della Fondazione CARF sostiene sacerdoti diocesani e religiosi in tutto il mondo &#8211; Exaudi\" \/>\n<meta property=\"og:description\" content=\"Raccoglie fondi per la formazione olistica di seminaristi, sacerdoti diocesani, religiosi e religiose\" \/>\n<meta property=\"og:url\" content=\"https:\/\/exaudi.org\/it\/il-mercatino-di-beneficenza-della-fondazione-carf-sostiene-sacerdoti-diocesani-e-religiosi-in-tutto-il-mondo\/\" \/>\n<meta property=\"og:site_name\" content=\"Exaudi\" \/>\n<meta property=\"article:publisher\" content=\"https:\/\/www.facebook.com\/ExaudiNews\" \/>\n<meta property=\"article:author\" content=\"https:\/\/www.facebook.com\/fundacioncarf\/\" \/>\n<meta property=\"article:published_time\" content=\"2025-11-04T16:04:24+00:00\" \/>\n<meta property=\"og:image\" content=\"https:\/\/exaudi.org\/wp-content\/uploads\/2025\/11\/Captura-de-pantalla-2025-11-04-a-las-11.11.25.png\" \/>\n\t<meta property=\"og:image:width\" content=\"550\" \/>\n\t<meta property=\"og:image:height\" content=\"344\" \/>\n\t<meta property=\"og:image:type\" content=\"image\/png\" \/>\n<meta name=\"author\" content=\"Fundaci\u00f3n CARF\" \/>\n<meta name=\"twitter:card\" content=\"summary_large_image\" \/>\n<meta name=\"twitter:creator\" content=\"@https:\/\/x.com\/fundacioncarf\" \/>\n<meta name=\"twitter:site\" content=\"@Exaudi_News\" \/>\n<meta name=\"twitter:label1\" content=\"Scritto da\" \/>\n\t<meta name=\"twitter:data1\" content=\"Fundaci\u00f3n CARF\" \/>\n\t<meta name=\"twitter:label2\" content=\"Tempo di lettura stimato\" \/>\n\t<meta name=\"twitter:data2\" content=\"4 minuti\" \/>\n<script type=\"application\/ld+json\" class=\"yoast-schema-graph\">{\"@context\":\"https:\\\/\\\/schema.org\",\"@graph\":[{\"@type\":\"Article\",\"@id\":\"https:\\\/\\\/exaudi.org\\\/it\\\/il-mercatino-di-beneficenza-della-fondazione-carf-sostiene-sacerdoti-diocesani-e-religiosi-in-tutto-il-mondo\\\/#article\",\"isPartOf\":{\"@id\":\"https:\\\/\\\/exaudi.org\\\/it\\\/il-mercatino-di-beneficenza-della-fondazione-carf-sostiene-sacerdoti-diocesani-e-religiosi-in-tutto-il-mondo\\\/\"},\"author\":{\"name\":\"Fundaci\u00f3n CARF\",\"@id\":\"https:\\\/\\\/exaudi.org\\\/#\\\/schema\\\/person\\\/fab8261a088ccf38cb54b3c50baa7baf\"},\"headline\":\"Il mercatino di beneficenza della Fondazione CARF sostiene sacerdoti diocesani e religiosi in tutto il mondo\",\"datePublished\":\"2025-11-04T16:04:24+00:00\",\"mainEntityOfPage\":{\"@id\":\"https:\\\/\\\/exaudi.org\\\/it\\\/il-mercatino-di-beneficenza-della-fondazione-carf-sostiene-sacerdoti-diocesani-e-religiosi-in-tutto-il-mondo\\\/\"},\"wordCount\":832,\"image\":{\"@id\":\"https:\\\/\\\/exaudi.org\\\/it\\\/il-mercatino-di-beneficenza-della-fondazione-carf-sostiene-sacerdoti-diocesani-e-religiosi-in-tutto-il-mondo\\\/#primaryimage\"},\"thumbnailUrl\":\"https:\\\/\\\/exaudi.org\\\/wp-content\\\/uploads\\\/2025\\\/11\\\/Captura-de-pantalla-2025-11-04-a-las-11.11.25.png\",\"keywords\":[\"Alvaro del Portillo\",\"\u00c1ngel David \u00c1lvarez Ram\u00edrez\",\"Bidasoa\",\"cardinali\",\"Carmen Ortega\",\"Consiglio di Azione Sociale\",\"DONAZIONI\",\"FONDAZIONE CARF\",\"FORMAZIONE SACERDOTALE\",\"Mercatino di beneficenza\",\"novembre 2025\",\"Offerte\",\"Parrocchia di San Luis de los Franceses\",\"PONTIFICIA UNIVERSIT\u00c0 DELLA SANTA CROCE\",\"regali di Natale\",\"religiosi\",\"SAN GIOVANNI PAOLO II\",\"seminaristi\",\"solidariet\u00e0\",\"testimonianze di fede\",\"Trending\",\"UNIVERSIT\u00c0 DI NAVARRA\",\"vescovi\",\"VOCAZIONI SACERDOTALI\",\"volontariato\",\"Zaino con vasi sacri\"],\"articleSection\":[\"Chiesa e Mondo\"],\"inLanguage\":\"it-IT\"},{\"@type\":\"WebPage\",\"@id\":\"https:\\\/\\\/exaudi.org\\\/it\\\/il-mercatino-di-beneficenza-della-fondazione-carf-sostiene-sacerdoti-diocesani-e-religiosi-in-tutto-il-mondo\\\/\",\"url\":\"https:\\\/\\\/exaudi.org\\\/it\\\/il-mercatino-di-beneficenza-della-fondazione-carf-sostiene-sacerdoti-diocesani-e-religiosi-in-tutto-il-mondo\\\/\",\"name\":\"Il mercatino di beneficenza della Fondazione CARF sostiene sacerdoti diocesani e religiosi in tutto il mondo &#8211; Exaudi\",\"isPartOf\":{\"@id\":\"https:\\\/\\\/exaudi.org\\\/#website\"},\"primaryImageOfPage\":{\"@id\":\"https:\\\/\\\/exaudi.org\\\/it\\\/il-mercatino-di-beneficenza-della-fondazione-carf-sostiene-sacerdoti-diocesani-e-religiosi-in-tutto-il-mondo\\\/#primaryimage\"},\"image\":{\"@id\":\"https:\\\/\\\/exaudi.org\\\/it\\\/il-mercatino-di-beneficenza-della-fondazione-carf-sostiene-sacerdoti-diocesani-e-religiosi-in-tutto-il-mondo\\\/#primaryimage\"},\"thumbnailUrl\":\"https:\\\/\\\/exaudi.org\\\/wp-content\\\/uploads\\\/2025\\\/11\\\/Captura-de-pantalla-2025-11-04-a-las-11.11.25.png\",\"datePublished\":\"2025-11-04T16:04:24+00:00\",\"author\":{\"@id\":\"https:\\\/\\\/exaudi.org\\\/#\\\/schema\\\/person\\\/fab8261a088ccf38cb54b3c50baa7baf\"},\"breadcrumb\":{\"@id\":\"https:\\\/\\\/exaudi.org\\\/it\\\/il-mercatino-di-beneficenza-della-fondazione-carf-sostiene-sacerdoti-diocesani-e-religiosi-in-tutto-il-mondo\\\/#breadcrumb\"},\"inLanguage\":\"it-IT\",\"potentialAction\":[{\"@type\":\"ReadAction\",\"target\":[\"https:\\\/\\\/exaudi.org\\\/it\\\/il-mercatino-di-beneficenza-della-fondazione-carf-sostiene-sacerdoti-diocesani-e-religiosi-in-tutto-il-mondo\\\/\"]}]},{\"@type\":\"ImageObject\",\"inLanguage\":\"it-IT\",\"@id\":\"https:\\\/\\\/exaudi.org\\\/it\\\/il-mercatino-di-beneficenza-della-fondazione-carf-sostiene-sacerdoti-diocesani-e-religiosi-in-tutto-il-mondo\\\/#primaryimage\",\"url\":\"https:\\\/\\\/exaudi.org\\\/wp-content\\\/uploads\\\/2025\\\/11\\\/Captura-de-pantalla-2025-11-04-a-las-11.11.25.png\",\"contentUrl\":\"https:\\\/\\\/exaudi.org\\\/wp-content\\\/uploads\\\/2025\\\/11\\\/Captura-de-pantalla-2025-11-04-a-las-11.11.25.png\",\"width\":550,\"height\":344},{\"@type\":\"BreadcrumbList\",\"@id\":\"https:\\\/\\\/exaudi.org\\\/it\\\/il-mercatino-di-beneficenza-della-fondazione-carf-sostiene-sacerdoti-diocesani-e-religiosi-in-tutto-il-mondo\\\/#breadcrumb\",\"itemListElement\":[{\"@type\":\"ListItem\",\"position\":1,\"name\":\"Portada\",\"item\":\"https:\\\/\\\/exaudi.org\\\/it\\\/\"},{\"@type\":\"ListItem\",\"position\":2,\"name\":\"Il mercatino di beneficenza della Fondazione CARF sostiene sacerdoti diocesani e religiosi in tutto il mondo\"}]},{\"@type\":\"WebSite\",\"@id\":\"https:\\\/\\\/exaudi.org\\\/#website\",\"url\":\"https:\\\/\\\/exaudi.org\\\/\",\"name\":\"Exaudi\",\"description\":\"News\",\"potentialAction\":[{\"@type\":\"SearchAction\",\"target\":{\"@type\":\"EntryPoint\",\"urlTemplate\":\"https:\\\/\\\/exaudi.org\\\/?s={search_term_string}\"},\"query-input\":{\"@type\":\"PropertyValueSpecification\",\"valueRequired\":true,\"valueName\":\"search_term_string\"}}],\"inLanguage\":\"it-IT\"},{\"@type\":\"Person\",\"@id\":\"https:\\\/\\\/exaudi.org\\\/#\\\/schema\\\/person\\\/fab8261a088ccf38cb54b3c50baa7baf\",\"name\":\"Fundaci\u00f3n CARF\",\"image\":{\"@type\":\"ImageObject\",\"inLanguage\":\"it-IT\",\"@id\":\"https:\\\/\\\/secure.gravatar.com\\\/avatar\\\/ab292d3529973c0d1cf4cda9208c6a8a7ee52923f0a291c39104715fa46aae4b?s=96&d=mm&r=g\",\"url\":\"https:\\\/\\\/secure.gravatar.com\\\/avatar\\\/ab292d3529973c0d1cf4cda9208c6a8a7ee52923f0a291c39104715fa46aae4b?s=96&d=mm&r=g\",\"contentUrl\":\"https:\\\/\\\/secure.gravatar.com\\\/avatar\\\/ab292d3529973c0d1cf4cda9208c6a8a7ee52923f0a291c39104715fa46aae4b?s=96&d=mm&r=g\",\"caption\":\"Fundaci\u00f3n CARF\"},\"description\":\"Trabajamos para llevar la sonrisa de Dios a todos los rincones del mundo a trav\u00e9s de los sacerdotes y ayudando a su formaci\u00f3n. Gracias a nuestros benefactores, ayudamos a la formaci\u00f3n de los sacerdotes, difundimos su buen nombre y rezamos por su fidelidad y las vocaciones. Trabajamos para servir a la Iglesia y que ninguna vocaci\u00f3n se pierda y luego ellos puedan transmitir en su labor pastoral toda la luz, ciencia y doctrina recibida. Acad\u00e9mico Las licenciaturas, programas de especializacio\u0301n o doctorados, otorgan a cada candidato una formaci\u00f3n espec\u00edfica en Teologi\u0301a, Filosofi\u0301a, Derecho Cano\u0301nico o Comunicacio\u0301n Social Institucional. Espiritual Los seminaristas y sacerdotes complementan su formacio\u0301n acade\u0301mica y humana con la espiritual, ya que deben estar preparados para seguir su vocaci\u00f3n y prestar su cuerpo y su espi\u0301ritu al Sen\u0303or. Humano A trave\u0301s del ambiente de familia y de preparaci\u00f3n, se consigue el desarrollo de actitudes, capacidades y valores que impactan en el crecimiento personal y social de los sacerdotes.\",\"sameAs\":[\"https:\\\/\\\/fundacioncarf.org\\\/\",\"https:\\\/\\\/www.facebook.com\\\/fundacioncarf\\\/\",\"https:\\\/\\\/www.instagram.com\\\/fundacioncarf\\\/\",\"https:\\\/\\\/www.linkedin.com\\\/company\\\/fundacioncarf\\\/posts\\\/?feedView=all\",\"https:\\\/\\\/x.com\\\/https:\\\/\\\/x.com\\\/fundacioncarf\",\"https:\\\/\\\/www.youtube.com\\\/c\\\/fundacioncarf\"],\"url\":\"https:\\\/\\\/exaudi.org\\\/it\\\/author\\\/carf\\\/\"}]}<\/script>\n<!-- \/ Yoast SEO plugin. -->","yoast_head_json":{"title":"Il mercatino di beneficenza della Fondazione CARF sostiene sacerdoti diocesani e religiosi in tutto il mondo &#8211; Exaudi","robots":{"index":"index","follow":"follow","max-snippet":"max-snippet:-1","max-image-preview":"max-image-preview:large","max-video-preview":"max-video-preview:-1"},"canonical":"https:\/\/exaudi.org\/it\/il-mercatino-di-beneficenza-della-fondazione-carf-sostiene-sacerdoti-diocesani-e-religiosi-in-tutto-il-mondo\/","og_locale":"it_IT","og_type":"article","og_title":"Il mercatino di beneficenza della Fondazione CARF sostiene sacerdoti diocesani e religiosi in tutto il mondo &#8211; Exaudi","og_description":"Raccoglie fondi per la formazione olistica di seminaristi, sacerdoti diocesani, religiosi e religiose","og_url":"https:\/\/exaudi.org\/it\/il-mercatino-di-beneficenza-della-fondazione-carf-sostiene-sacerdoti-diocesani-e-religiosi-in-tutto-il-mondo\/","og_site_name":"Exaudi","article_publisher":"https:\/\/www.facebook.com\/ExaudiNews","article_author":"https:\/\/www.facebook.com\/fundacioncarf\/","article_published_time":"2025-11-04T16:04:24+00:00","og_image":[{"width":550,"height":344,"url":"https:\/\/exaudi.org\/wp-content\/uploads\/2025\/11\/Captura-de-pantalla-2025-11-04-a-las-11.11.25.png","type":"image\/png"}],"author":"Fundaci\u00f3n CARF","twitter_card":"summary_large_image","twitter_creator":"@https:\/\/x.com\/fundacioncarf","twitter_site":"@Exaudi_News","twitter_misc":{"Scritto da":"Fundaci\u00f3n CARF","Tempo di lettura stimato":"4 minuti"},"schema":{"@context":"https:\/\/schema.org","@graph":[{"@type":"Article","@id":"https:\/\/exaudi.org\/it\/il-mercatino-di-beneficenza-della-fondazione-carf-sostiene-sacerdoti-diocesani-e-religiosi-in-tutto-il-mondo\/#article","isPartOf":{"@id":"https:\/\/exaudi.org\/it\/il-mercatino-di-beneficenza-della-fondazione-carf-sostiene-sacerdoti-diocesani-e-religiosi-in-tutto-il-mondo\/"},"author":{"name":"Fundaci\u00f3n CARF","@id":"https:\/\/exaudi.org\/#\/schema\/person\/fab8261a088ccf38cb54b3c50baa7baf"},"headline":"Il mercatino di beneficenza della Fondazione CARF sostiene sacerdoti diocesani e religiosi in tutto il mondo","datePublished":"2025-11-04T16:04:24+00:00","mainEntityOfPage":{"@id":"https:\/\/exaudi.org\/it\/il-mercatino-di-beneficenza-della-fondazione-carf-sostiene-sacerdoti-diocesani-e-religiosi-in-tutto-il-mondo\/"},"wordCount":832,"image":{"@id":"https:\/\/exaudi.org\/it\/il-mercatino-di-beneficenza-della-fondazione-carf-sostiene-sacerdoti-diocesani-e-religiosi-in-tutto-il-mondo\/#primaryimage"},"thumbnailUrl":"https:\/\/exaudi.org\/wp-content\/uploads\/2025\/11\/Captura-de-pantalla-2025-11-04-a-las-11.11.25.png","keywords":["Alvaro del Portillo","\u00c1ngel David \u00c1lvarez Ram\u00edrez","Bidasoa","cardinali","Carmen Ortega","Consiglio di Azione Sociale","DONAZIONI","FONDAZIONE CARF","FORMAZIONE SACERDOTALE","Mercatino di beneficenza","novembre 2025","Offerte","Parrocchia di San Luis de los Franceses","PONTIFICIA UNIVERSIT\u00c0 DELLA SANTA CROCE","regali di Natale","religiosi","SAN GIOVANNI PAOLO II","seminaristi","solidariet\u00e0","testimonianze di fede","Trending","UNIVERSIT\u00c0 DI NAVARRA","vescovi","VOCAZIONI SACERDOTALI","volontariato","Zaino con vasi sacri"],"articleSection":["Chiesa e Mondo"],"inLanguage":"it-IT"},{"@type":"WebPage","@id":"https:\/\/exaudi.org\/it\/il-mercatino-di-beneficenza-della-fondazione-carf-sostiene-sacerdoti-diocesani-e-religiosi-in-tutto-il-mondo\/","url":"https:\/\/exaudi.org\/it\/il-mercatino-di-beneficenza-della-fondazione-carf-sostiene-sacerdoti-diocesani-e-religiosi-in-tutto-il-mondo\/","name":"Il mercatino di beneficenza della Fondazione CARF sostiene sacerdoti diocesani e religiosi in tutto il mondo &#8211; Exaudi","isPartOf":{"@id":"https:\/\/exaudi.org\/#website"},"primaryImageOfPage":{"@id":"https:\/\/exaudi.org\/it\/il-mercatino-di-beneficenza-della-fondazione-carf-sostiene-sacerdoti-diocesani-e-religiosi-in-tutto-il-mondo\/#primaryimage"},"image":{"@id":"https:\/\/exaudi.org\/it\/il-mercatino-di-beneficenza-della-fondazione-carf-sostiene-sacerdoti-diocesani-e-religiosi-in-tutto-il-mondo\/#primaryimage"},"thumbnailUrl":"https:\/\/exaudi.org\/wp-content\/uploads\/2025\/11\/Captura-de-pantalla-2025-11-04-a-las-11.11.25.png","datePublished":"2025-11-04T16:04:24+00:00","author":{"@id":"https:\/\/exaudi.org\/#\/schema\/person\/fab8261a088ccf38cb54b3c50baa7baf"},"breadcrumb":{"@id":"https:\/\/exaudi.org\/it\/il-mercatino-di-beneficenza-della-fondazione-carf-sostiene-sacerdoti-diocesani-e-religiosi-in-tutto-il-mondo\/#breadcrumb"},"inLanguage":"it-IT","potentialAction":[{"@type":"ReadAction","target":["https:\/\/exaudi.org\/it\/il-mercatino-di-beneficenza-della-fondazione-carf-sostiene-sacerdoti-diocesani-e-religiosi-in-tutto-il-mondo\/"]}]},{"@type":"ImageObject","inLanguage":"it-IT","@id":"https:\/\/exaudi.org\/it\/il-mercatino-di-beneficenza-della-fondazione-carf-sostiene-sacerdoti-diocesani-e-religiosi-in-tutto-il-mondo\/#primaryimage","url":"https:\/\/exaudi.org\/wp-content\/uploads\/2025\/11\/Captura-de-pantalla-2025-11-04-a-las-11.11.25.png","contentUrl":"https:\/\/exaudi.org\/wp-content\/uploads\/2025\/11\/Captura-de-pantalla-2025-11-04-a-las-11.11.25.png","width":550,"height":344},{"@type":"BreadcrumbList","@id":"https:\/\/exaudi.org\/it\/il-mercatino-di-beneficenza-della-fondazione-carf-sostiene-sacerdoti-diocesani-e-religiosi-in-tutto-il-mondo\/#breadcrumb","itemListElement":[{"@type":"ListItem","position":1,"name":"Portada","item":"https:\/\/exaudi.org\/it\/"},{"@type":"ListItem","position":2,"name":"Il mercatino di beneficenza della Fondazione CARF sostiene sacerdoti diocesani e religiosi in tutto il mondo"}]},{"@type":"WebSite","@id":"https:\/\/exaudi.org\/#website","url":"https:\/\/exaudi.org\/","name":"Exaudi","description":"News","potentialAction":[{"@type":"SearchAction","target":{"@type":"EntryPoint","urlTemplate":"https:\/\/exaudi.org\/?s={search_term_string}"},"query-input":{"@type":"PropertyValueSpecification","valueRequired":true,"valueName":"search_term_string"}}],"inLanguage":"it-IT"},{"@type":"Person","@id":"https:\/\/exaudi.org\/#\/schema\/person\/fab8261a088ccf38cb54b3c50baa7baf","name":"Fundaci\u00f3n CARF","image":{"@type":"ImageObject","inLanguage":"it-IT","@id":"https:\/\/secure.gravatar.com\/avatar\/ab292d3529973c0d1cf4cda9208c6a8a7ee52923f0a291c39104715fa46aae4b?s=96&d=mm&r=g","url":"https:\/\/secure.gravatar.com\/avatar\/ab292d3529973c0d1cf4cda9208c6a8a7ee52923f0a291c39104715fa46aae4b?s=96&d=mm&r=g","contentUrl":"https:\/\/secure.gravatar.com\/avatar\/ab292d3529973c0d1cf4cda9208c6a8a7ee52923f0a291c39104715fa46aae4b?s=96&d=mm&r=g","caption":"Fundaci\u00f3n CARF"},"description":"Trabajamos para llevar la sonrisa de Dios a todos los rincones del mundo a trav\u00e9s de los sacerdotes y ayudando a su formaci\u00f3n. Gracias a nuestros benefactores, ayudamos a la formaci\u00f3n de los sacerdotes, difundimos su buen nombre y rezamos por su fidelidad y las vocaciones. Trabajamos para servir a la Iglesia y que ninguna vocaci\u00f3n se pierda y luego ellos puedan transmitir en su labor pastoral toda la luz, ciencia y doctrina recibida. Acad\u00e9mico Las licenciaturas, programas de especializacio\u0301n o doctorados, otorgan a cada candidato una formaci\u00f3n espec\u00edfica en Teologi\u0301a, Filosofi\u0301a, Derecho Cano\u0301nico o Comunicacio\u0301n Social Institucional. Espiritual Los seminaristas y sacerdotes complementan su formacio\u0301n acade\u0301mica y humana con la espiritual, ya que deben estar preparados para seguir su vocaci\u00f3n y prestar su cuerpo y su espi\u0301ritu al Sen\u0303or. Humano A trave\u0301s del ambiente de familia y de preparaci\u00f3n, se consigue el desarrollo de actitudes, capacidades y valores que impactan en el crecimiento personal y social de los sacerdotes.","sameAs":["https:\/\/fundacioncarf.org\/","https:\/\/www.facebook.com\/fundacioncarf\/","https:\/\/www.instagram.com\/fundacioncarf\/","https:\/\/www.linkedin.com\/company\/fundacioncarf\/posts\/?feedView=all","https:\/\/x.com\/https:\/\/x.com\/fundacioncarf","https:\/\/www.youtube.com\/c\/fundacioncarf"],"url":"https:\/\/exaudi.org\/it\/author\/carf\/"}]}},"jetpack_featured_media_url":"https:\/\/exaudi.org\/wp-content\/uploads\/2025\/11\/Captura-de-pantalla-2025-11-04-a-las-11.11.25.png","jetpack_shortlink":"https:\/\/wp.me\/pgKjF2-BHc","_links":{"self":[{"href":"https:\/\/exaudi.org\/it\/wp-json\/wp\/v2\/posts\/144906","targetHints":{"allow":["GET"]}}],"collection":[{"href":"https:\/\/exaudi.org\/it\/wp-json\/wp\/v2\/posts"}],"about":[{"href":"https:\/\/exaudi.org\/it\/wp-json\/wp\/v2\/types\/post"}],"author":[{"embeddable":true,"href":"https:\/\/exaudi.org\/it\/wp-json\/wp\/v2\/users\/119"}],"replies":[{"embeddable":true,"href":"https:\/\/exaudi.org\/it\/wp-json\/wp\/v2\/comments?post=144906"}],"version-history":[{"count":3,"href":"https:\/\/exaudi.org\/it\/wp-json\/wp\/v2\/posts\/144906\/revisions"}],"predecessor-version":[{"id":144909,"href":"https:\/\/exaudi.org\/it\/wp-json\/wp\/v2\/posts\/144906\/revisions\/144909"}],"wp:featuredmedia":[{"embeddable":true,"href":"https:\/\/exaudi.org\/it\/wp-json\/wp\/v2\/media\/144790"}],"wp:attachment":[{"href":"https:\/\/exaudi.org\/it\/wp-json\/wp\/v2\/media?parent=144906"}],"wp:term":[{"taxonomy":"category","embeddable":true,"href":"https:\/\/exaudi.org\/it\/wp-json\/wp\/v2\/categories?post=144906"},{"taxonomy":"post_tag","embeddable":true,"href":"https:\/\/exaudi.org\/it\/wp-json\/wp\/v2\/tags?post=144906"}],"curies":[{"name":"wp","href":"https:\/\/api.w.org\/{rel}","templated":true}]}}