{"id":144890,"date":"2025-11-04T16:46:37","date_gmt":"2025-11-04T15:46:37","guid":{"rendered":"https:\/\/exaudi.org\/?p=144890"},"modified":"2025-11-04T16:46:38","modified_gmt":"2025-11-04T15:46:38","slug":"non-a-casa-mia","status":"publish","type":"post","link":"https:\/\/exaudi.org\/it\/non-a-casa-mia\/","title":{"rendered":"&#8220;Non a casa mia&#8221;"},"content":{"rendered":"<p><span dir=\"auto\" style=\"vertical-align: inherit\"><span dir=\"auto\" style=\"vertical-align: inherit\">Quando vivi circondato da vicini molto diversi da te, scopri che la convivenza non avviene da sola. Non basta desiderare la pace: bisogna coltivarla. Richiede impegno, affetto, capacit\u00e0 di ignorare le cose e compromessi.<\/span><\/span><\/p>\n<p><span dir=\"auto\" style=\"vertical-align: inherit\"><span dir=\"auto\" style=\"vertical-align: inherit\">\u00c8 proprio questo che ha sempre preoccupato l&#8217;Universit\u00e0 di Navarra, &#8220;l&#8217;Universit\u00e0 dell&#8217;Opus Dei&#8221;, come alcuni la chiamano, situata in un punto strategico della Spagna, in una citt\u00e0 meravigliosa come Pamplona, \u200b\u200be molto vicina alle ferite che tanto hanno causato dolore a questo Paese e che ne hanno messo a dura prova la democrazia: i conflitti con l&#8217;ambiente nazionalista basco.<\/span><\/span><\/p>\n<p><span dir=\"auto\" style=\"vertical-align: inherit\"><span dir=\"auto\" style=\"vertical-align: inherit\">Pertanto, quando Vito Quiles chiese il permesso di tenere una conferenza all&#8217;universit\u00e0, credo che l&#8217;istituzione agisse con la stessa preoccupazione: mantenere cordialit\u00e0, dialogo e apertura con coloro che non condividono la sua ideologia. Ci pensarono e dissero di no. Non per paura, ma per coerenza. Perch\u00e9 l&#8217;Universit\u00e0 di Navarra vuole continuare a incarnare ci\u00f2 che disse San Josemar\u00eda: &#8220;Dobbiamo camminare mano nella mano con coloro che non la pensano come noi&#8221;.<\/span><\/span><\/p>\n<p><span dir=\"auto\" style=\"vertical-align: inherit\"><span dir=\"auto\" style=\"vertical-align: inherit\">E grazie a questo atteggiamento, molte persone di Pamplona, \u200b\u200bsenza necessariamente condividere quell&#8217;ideologia, sono arrivate a sentirsi parte dell&#8217;universit\u00e0.<\/span><\/span><\/p>\n<p><span dir=\"auto\" style=\"vertical-align: inherit\"><span dir=\"auto\" style=\"vertical-align: inherit\">\u00c8 legittimo, quindi, che coloro che hanno dedicato anni e sforzi alla costruzione di quel clima cordiale difendano quanto \u00e8 stato raggiunto e dicano di no a chi potrebbe fomentare ci\u00f2 che \u00e8 stato cos\u00ec difficile consolidare.<\/span><\/span><\/p>\n<p><span dir=\"auto\" style=\"vertical-align: inherit\"><span dir=\"auto\" style=\"vertical-align: inherit\">Tuttavia, non possiamo equiparare realt\u00e0 diverse. Sarebbe ingiusto paragonare Vito Quiles alle bande di individui mascherati che hanno saccheggiato l&#8217;Universit\u00e0 di Navarra e parte di Pamplona gioved\u00ec scorso. Non \u00e8 la stessa cosa uscire allo scoperto, difendendo ci\u00f2 in cui si crede, che nascondersi per bruciare container o attaccare, come hanno fatto con un giornalista e uno studente dell&#8217;Universit\u00e0 di Navarra.<\/span><\/span><\/p>\n<p><span dir=\"auto\" style=\"vertical-align: inherit\"><span dir=\"auto\" style=\"vertical-align: inherit\">No. Non sono tutti uguali.<\/span><\/span><\/p>\n<p><span dir=\"auto\" style=\"vertical-align: inherit\"><span dir=\"auto\" style=\"vertical-align: inherit\">E qui emerge una parola che viene usata con troppa superficialit\u00e0: fascista. Per definizione, si applica a chiunque difenda o pratichi forme di potere autoritarie, intolleranti o repressive. Ma chi ha agito con intolleranza e violenza in questi giorni?<\/span><\/span><\/p>\n<p><span dir=\"auto\" style=\"vertical-align: inherit\"><span dir=\"auto\" style=\"vertical-align: inherit\">Nel frattempo, su un ponte che porta al campus, qualcuno ha appeso uno striscione con la scritta: &#8220;Studiamo&#8221;.<\/span><\/span><\/p>\n<p><span dir=\"auto\" style=\"vertical-align: inherit\"><span dir=\"auto\" style=\"vertical-align: inherit\">Ogni casa, ogni istituzione ha il diritto di decidere come risolvere i propri conflitti. Come madre, quando uno dei miei figli alza la voce o insulta un fratello o una sorella, gli dico: &#8220;Non a casa mia&#8221;. A casa mia non si usa la violenza. Gli insulti non sono ammessi. E ho il diritto di far rispettare questa regola.<\/span><\/span><\/p>\n<p><span dir=\"auto\" style=\"vertical-align: inherit\"><span dir=\"auto\" style=\"vertical-align: inherit\">\u00c8 proprio questo che l&#8217;Universit\u00e0 di Navarra ha cercato di fare: scegliere i metodi con cui risolvere le cose al suo interno. Per molti anni ha applicato la ricetta proposta da San Josemar\u00eda: preghiera, mortificazione e, solo in ultima istanza, azione.<\/span><\/span><\/p>\n<p><span dir=\"auto\" style=\"vertical-align: inherit\"><span dir=\"auto\" style=\"vertical-align: inherit\">L&#8217;universit\u00e0 di Pamplona \u00e8 cresciuta grazie a tante persone che hanno pregato, fatto sacrifici e agito con prudenza per cercare la riconciliazione. Ci\u00f2 che \u00e8 accaduto in questi ultimi giorni, quasi completamente ignorato dai media, \u00e8 frutto dell&#8217;estremismo, di chi vuole condurci dove non vogliamo andare.<\/span><\/span><\/p>\n<p><span dir=\"auto\" style=\"vertical-align: inherit\"><span dir=\"auto\" style=\"vertical-align: inherit\">Ho sentito questa frase da Emilio Arag\u00f3n in un&#8217;intervista e l&#8217;ho sottolineata: &#8220;Vogliono portarci dove non vogliamo andare&#8221;. Penso che descriva perfettamente questo periodo di tensione, di politici e voci che cercano di infuriare, dividere e creare conflitti.<\/span><\/span><\/p>\n<p><span dir=\"auto\" style=\"vertical-align: inherit\"><span dir=\"auto\" style=\"vertical-align: inherit\">L&#8217;Universit\u00e0 di Navarra \u00e8 stata condotta in una direzione che non voleva prendere. Spero che impariamo a guardare di pi\u00f9 hai media, a coloro che sanno trovare un terreno comune e offrire una mano, e non agli estremismi.<\/span><\/span><\/p>\n<p><span dir=\"auto\" style=\"vertical-align: inherit\"><span dir=\"auto\" style=\"vertical-align: inherit\">Con un&#8217;unica ricetta infallibile: preghiera, mortificazione\u2026 e, solo alla fine, azione.<\/span><\/span><\/p>\n<p>&nbsp;<\/p>\n","protected":false},"excerpt":{"rendered":"<p>Difendere la convivenza con coerenza e prudenza<\/p>\n","protected":false},"author":148,"featured_media":144822,"comment_status":"closed","ping_status":"closed","sticky":false,"template":"","format":"standard","meta":{"_acf_changed":false,"_crdt_document":"","inline_featured_image":false,"footnotes":""},"categories":[129],"tags":[42936,18678,2298,1956,79979,45020,20742,24233,79977,79980,1565,26698,18381,578,578,578,11062,2490,2490,18274,18274,79978,23324,64787,13555,972,79981],"class_list":{"0":"post-144890","1":"post","2":"type-post","3":"status-publish","4":"format-standard","5":"has-post-thumbnail","6":"hentry","7":"category-voci","8":"tag-azione","9":"tag-convivenza","10":"tag-democrazia","11":"tag-dialogo-it","12":"tag-estremismi-politici","13":"tag-fascismo-2","14":"tag-liberta-di-espressione","15":"tag-mortificazione","16":"tag-nazionalista-basco","17":"tag-norme-istituzionali","18":"tag-opus-dei","19":"tag-pace-sociale","20":"tag-pamplona-2","21":"tag-preghiera","24":"tag-prudenza","25":"tag-riconciliazione","27":"tag-san-josemaria-2","29":"tag-tensione","30":"tag-tolleranza","31":"tag-trending-it-236","32":"tag-universita-di-navarra","33":"tag-violenza","34":"tag-vito-quiles-2"},"acf":[],"yoast_head":"<!-- This site is optimized with the Yoast SEO plugin v27.4 - https:\/\/yoast.com\/product\/yoast-seo-wordpress\/ -->\n<title>&quot;Non a casa mia&quot; &#8211; Exaudi<\/title>\n<meta name=\"robots\" content=\"index, follow, max-snippet:-1, max-image-preview:large, max-video-preview:-1\" \/>\n<link rel=\"canonical\" href=\"https:\/\/exaudi.org\/it\/non-a-casa-mia\/\" \/>\n<meta property=\"og:locale\" content=\"it_IT\" \/>\n<meta property=\"og:type\" content=\"article\" \/>\n<meta property=\"og:title\" content=\"&quot;Non a casa mia&quot; &#8211; Exaudi\" \/>\n<meta property=\"og:description\" content=\"Difendere la convivenza con coerenza e prudenza\" \/>\n<meta property=\"og:url\" content=\"https:\/\/exaudi.org\/it\/non-a-casa-mia\/\" \/>\n<meta property=\"og:site_name\" content=\"Exaudi\" \/>\n<meta property=\"article:publisher\" content=\"https:\/\/www.facebook.com\/ExaudiNews\" \/>\n<meta property=\"article:published_time\" content=\"2025-11-04T15:46:37+00:00\" \/>\n<meta property=\"article:modified_time\" content=\"2025-11-04T15:46:38+00:00\" \/>\n<meta property=\"og:image\" content=\"https:\/\/exaudi.org\/wp-content\/uploads\/2025\/11\/pexels-liuuu-_61-2383408-34549304-scaled.jpg\" \/>\n\t<meta property=\"og:image:width\" content=\"2560\" \/>\n\t<meta property=\"og:image:height\" content=\"1707\" \/>\n\t<meta property=\"og:image:type\" content=\"image\/jpeg\" \/>\n<meta name=\"author\" content=\"Mar Dorrio\" \/>\n<meta name=\"twitter:card\" content=\"summary_large_image\" \/>\n<meta name=\"twitter:creator\" content=\"@Exaudi_News\" \/>\n<meta name=\"twitter:site\" content=\"@Exaudi_News\" \/>\n<meta name=\"twitter:label1\" content=\"Scritto da\" \/>\n\t<meta name=\"twitter:data1\" content=\"Mar Dorrio\" \/>\n\t<meta name=\"twitter:label2\" content=\"Tempo di lettura stimato\" \/>\n\t<meta name=\"twitter:data2\" content=\"3 minuti\" \/>\n<script type=\"application\/ld+json\" class=\"yoast-schema-graph\">{\"@context\":\"https:\\\/\\\/schema.org\",\"@graph\":[{\"@type\":\"Article\",\"@id\":\"https:\\\/\\\/exaudi.org\\\/it\\\/non-a-casa-mia\\\/#article\",\"isPartOf\":{\"@id\":\"https:\\\/\\\/exaudi.org\\\/it\\\/non-a-casa-mia\\\/\"},\"author\":{\"name\":\"Mar Dorrio\",\"@id\":\"https:\\\/\\\/exaudi.org\\\/#\\\/schema\\\/person\\\/190063d92b4c81e4169e81af30a8b9db\"},\"headline\":\"&#8220;Non a casa mia&#8221;\",\"datePublished\":\"2025-11-04T15:46:37+00:00\",\"dateModified\":\"2025-11-04T15:46:38+00:00\",\"mainEntityOfPage\":{\"@id\":\"https:\\\/\\\/exaudi.org\\\/it\\\/non-a-casa-mia\\\/\"},\"wordCount\":592,\"image\":{\"@id\":\"https:\\\/\\\/exaudi.org\\\/it\\\/non-a-casa-mia\\\/#primaryimage\"},\"thumbnailUrl\":\"https:\\\/\\\/exaudi.org\\\/wp-content\\\/uploads\\\/2025\\\/11\\\/pexels-liuuu-_61-2383408-34549304-scaled.jpg\",\"keywords\":[\"Azione\",\"CONVIVENZA\",\"democrazia\",\"di\u00e1logo\",\"Estremismi politici\",\"fascismo\",\"LIBERT\u00c0 DI ESPRESSIONE\",\"mortificazione\",\"Nazionalista basco\",\"Norme istituzionali\",\"Opus Dei\",\"Pace sociale\",\"PAMPLONA\",\"preghiera\",\"preghiera\",\"preghiera\",\"PRUDENZA\",\"riconciliazione\",\"riconciliazione\",\"SAN JOSEMAR\u00cdA\",\"SAN JOSEMAR\u00cdA\",\"Tensione\",\"tolleranza\",\"Trending\",\"UNIVERSIT\u00c0 DI NAVARRA\",\"violenza\",\"Vito Quiles\"],\"articleSection\":[\"Voci\"],\"inLanguage\":\"it-IT\"},{\"@type\":\"WebPage\",\"@id\":\"https:\\\/\\\/exaudi.org\\\/it\\\/non-a-casa-mia\\\/\",\"url\":\"https:\\\/\\\/exaudi.org\\\/it\\\/non-a-casa-mia\\\/\",\"name\":\"\\\"Non a casa mia\\\" &#8211; Exaudi\",\"isPartOf\":{\"@id\":\"https:\\\/\\\/exaudi.org\\\/#website\"},\"primaryImageOfPage\":{\"@id\":\"https:\\\/\\\/exaudi.org\\\/it\\\/non-a-casa-mia\\\/#primaryimage\"},\"image\":{\"@id\":\"https:\\\/\\\/exaudi.org\\\/it\\\/non-a-casa-mia\\\/#primaryimage\"},\"thumbnailUrl\":\"https:\\\/\\\/exaudi.org\\\/wp-content\\\/uploads\\\/2025\\\/11\\\/pexels-liuuu-_61-2383408-34549304-scaled.jpg\",\"datePublished\":\"2025-11-04T15:46:37+00:00\",\"dateModified\":\"2025-11-04T15:46:38+00:00\",\"author\":{\"@id\":\"https:\\\/\\\/exaudi.org\\\/#\\\/schema\\\/person\\\/190063d92b4c81e4169e81af30a8b9db\"},\"breadcrumb\":{\"@id\":\"https:\\\/\\\/exaudi.org\\\/it\\\/non-a-casa-mia\\\/#breadcrumb\"},\"inLanguage\":\"it-IT\",\"potentialAction\":[{\"@type\":\"ReadAction\",\"target\":[\"https:\\\/\\\/exaudi.org\\\/it\\\/non-a-casa-mia\\\/\"]}]},{\"@type\":\"ImageObject\",\"inLanguage\":\"it-IT\",\"@id\":\"https:\\\/\\\/exaudi.org\\\/it\\\/non-a-casa-mia\\\/#primaryimage\",\"url\":\"https:\\\/\\\/exaudi.org\\\/wp-content\\\/uploads\\\/2025\\\/11\\\/pexels-liuuu-_61-2383408-34549304-scaled.jpg\",\"contentUrl\":\"https:\\\/\\\/exaudi.org\\\/wp-content\\\/uploads\\\/2025\\\/11\\\/pexels-liuuu-_61-2383408-34549304-scaled.jpg\",\"width\":2560,\"height\":1707},{\"@type\":\"BreadcrumbList\",\"@id\":\"https:\\\/\\\/exaudi.org\\\/it\\\/non-a-casa-mia\\\/#breadcrumb\",\"itemListElement\":[{\"@type\":\"ListItem\",\"position\":1,\"name\":\"Portada\",\"item\":\"https:\\\/\\\/exaudi.org\\\/it\\\/\"},{\"@type\":\"ListItem\",\"position\":2,\"name\":\"\u00abNon a casa mia\u00bb\"}]},{\"@type\":\"WebSite\",\"@id\":\"https:\\\/\\\/exaudi.org\\\/#website\",\"url\":\"https:\\\/\\\/exaudi.org\\\/\",\"name\":\"Exaudi\",\"description\":\"News\",\"potentialAction\":[{\"@type\":\"SearchAction\",\"target\":{\"@type\":\"EntryPoint\",\"urlTemplate\":\"https:\\\/\\\/exaudi.org\\\/?s={search_term_string}\"},\"query-input\":{\"@type\":\"PropertyValueSpecification\",\"valueRequired\":true,\"valueName\":\"search_term_string\"}}],\"inLanguage\":\"it-IT\"},{\"@type\":\"Person\",\"@id\":\"https:\\\/\\\/exaudi.org\\\/#\\\/schema\\\/person\\\/190063d92b4c81e4169e81af30a8b9db\",\"name\":\"Mar Dorrio\",\"image\":{\"@type\":\"ImageObject\",\"inLanguage\":\"it-IT\",\"@id\":\"https:\\\/\\\/secure.gravatar.com\\\/avatar\\\/e83dfcdce3efd6639efe212c38daa01e5377afde4390bfc27b30d803ee0b7fa5?s=96&d=mm&r=g\",\"url\":\"https:\\\/\\\/secure.gravatar.com\\\/avatar\\\/e83dfcdce3efd6639efe212c38daa01e5377afde4390bfc27b30d803ee0b7fa5?s=96&d=mm&r=g\",\"contentUrl\":\"https:\\\/\\\/secure.gravatar.com\\\/avatar\\\/e83dfcdce3efd6639efe212c38daa01e5377afde4390bfc27b30d803ee0b7fa5?s=96&d=mm&r=g\",\"caption\":\"Mar Dorrio\"},\"description\":\"Ser madre de 12 hijos hace que tenga experiencia en psicolog\u00eda, enfermer\u00eda, restauraci\u00f3n, decoraci\u00f3n, organizaci\u00f3n de eventos, coaching de superaci\u00f3n... Y todo regado con la capacidad de trabajo que te da estar disponible las 24 horas del d\u00eda durante 25 a\u00f1os. Con la ilusi\u00f3n de compartir tantas vivencias, cre\u00e9 la cuenta @whynottwelve, actualmente con m\u00e1s de 11.000 seguidores, y la actividad sin \u00e1nimo de lucro \\\"Caf\u00e9 de los Viernes\\\", que consiste en la organizaci\u00f3n de caf\u00e9s simult\u00e1neos en casas particulares de diversas ciudades del mundo, en los que se ofrece, a trav\u00e9s de internet, un testimonio que pretende ayudar a los participantes a acercarse a Dios y a mejorar sus vidas.\",\"sameAs\":[\"https:\\\/\\\/www.instagram.com\\\/whynottwelve\\\/?hl=es\",\"https:\\\/youtu.be\\\/_QDuXCRFK4\"],\"url\":\"https:\\\/\\\/exaudi.org\\\/it\\\/author\\\/mar-dorrio\\\/\"}]}<\/script>\n<!-- \/ Yoast SEO plugin. -->","yoast_head_json":{"title":"\"Non a casa mia\" &#8211; Exaudi","robots":{"index":"index","follow":"follow","max-snippet":"max-snippet:-1","max-image-preview":"max-image-preview:large","max-video-preview":"max-video-preview:-1"},"canonical":"https:\/\/exaudi.org\/it\/non-a-casa-mia\/","og_locale":"it_IT","og_type":"article","og_title":"\"Non a casa mia\" &#8211; Exaudi","og_description":"Difendere la convivenza con coerenza e prudenza","og_url":"https:\/\/exaudi.org\/it\/non-a-casa-mia\/","og_site_name":"Exaudi","article_publisher":"https:\/\/www.facebook.com\/ExaudiNews","article_published_time":"2025-11-04T15:46:37+00:00","article_modified_time":"2025-11-04T15:46:38+00:00","og_image":[{"width":2560,"height":1707,"url":"https:\/\/exaudi.org\/wp-content\/uploads\/2025\/11\/pexels-liuuu-_61-2383408-34549304-scaled.jpg","type":"image\/jpeg"}],"author":"Mar Dorrio","twitter_card":"summary_large_image","twitter_creator":"@Exaudi_News","twitter_site":"@Exaudi_News","twitter_misc":{"Scritto da":"Mar Dorrio","Tempo di lettura stimato":"3 minuti"},"schema":{"@context":"https:\/\/schema.org","@graph":[{"@type":"Article","@id":"https:\/\/exaudi.org\/it\/non-a-casa-mia\/#article","isPartOf":{"@id":"https:\/\/exaudi.org\/it\/non-a-casa-mia\/"},"author":{"name":"Mar Dorrio","@id":"https:\/\/exaudi.org\/#\/schema\/person\/190063d92b4c81e4169e81af30a8b9db"},"headline":"&#8220;Non a casa mia&#8221;","datePublished":"2025-11-04T15:46:37+00:00","dateModified":"2025-11-04T15:46:38+00:00","mainEntityOfPage":{"@id":"https:\/\/exaudi.org\/it\/non-a-casa-mia\/"},"wordCount":592,"image":{"@id":"https:\/\/exaudi.org\/it\/non-a-casa-mia\/#primaryimage"},"thumbnailUrl":"https:\/\/exaudi.org\/wp-content\/uploads\/2025\/11\/pexels-liuuu-_61-2383408-34549304-scaled.jpg","keywords":["Azione","CONVIVENZA","democrazia","di\u00e1logo","Estremismi politici","fascismo","LIBERT\u00c0 DI ESPRESSIONE","mortificazione","Nazionalista basco","Norme istituzionali","Opus Dei","Pace sociale","PAMPLONA","preghiera","preghiera","preghiera","PRUDENZA","riconciliazione","riconciliazione","SAN JOSEMAR\u00cdA","SAN JOSEMAR\u00cdA","Tensione","tolleranza","Trending","UNIVERSIT\u00c0 DI NAVARRA","violenza","Vito Quiles"],"articleSection":["Voci"],"inLanguage":"it-IT"},{"@type":"WebPage","@id":"https:\/\/exaudi.org\/it\/non-a-casa-mia\/","url":"https:\/\/exaudi.org\/it\/non-a-casa-mia\/","name":"\"Non a casa mia\" &#8211; Exaudi","isPartOf":{"@id":"https:\/\/exaudi.org\/#website"},"primaryImageOfPage":{"@id":"https:\/\/exaudi.org\/it\/non-a-casa-mia\/#primaryimage"},"image":{"@id":"https:\/\/exaudi.org\/it\/non-a-casa-mia\/#primaryimage"},"thumbnailUrl":"https:\/\/exaudi.org\/wp-content\/uploads\/2025\/11\/pexels-liuuu-_61-2383408-34549304-scaled.jpg","datePublished":"2025-11-04T15:46:37+00:00","dateModified":"2025-11-04T15:46:38+00:00","author":{"@id":"https:\/\/exaudi.org\/#\/schema\/person\/190063d92b4c81e4169e81af30a8b9db"},"breadcrumb":{"@id":"https:\/\/exaudi.org\/it\/non-a-casa-mia\/#breadcrumb"},"inLanguage":"it-IT","potentialAction":[{"@type":"ReadAction","target":["https:\/\/exaudi.org\/it\/non-a-casa-mia\/"]}]},{"@type":"ImageObject","inLanguage":"it-IT","@id":"https:\/\/exaudi.org\/it\/non-a-casa-mia\/#primaryimage","url":"https:\/\/exaudi.org\/wp-content\/uploads\/2025\/11\/pexels-liuuu-_61-2383408-34549304-scaled.jpg","contentUrl":"https:\/\/exaudi.org\/wp-content\/uploads\/2025\/11\/pexels-liuuu-_61-2383408-34549304-scaled.jpg","width":2560,"height":1707},{"@type":"BreadcrumbList","@id":"https:\/\/exaudi.org\/it\/non-a-casa-mia\/#breadcrumb","itemListElement":[{"@type":"ListItem","position":1,"name":"Portada","item":"https:\/\/exaudi.org\/it\/"},{"@type":"ListItem","position":2,"name":"\u00abNon a casa mia\u00bb"}]},{"@type":"WebSite","@id":"https:\/\/exaudi.org\/#website","url":"https:\/\/exaudi.org\/","name":"Exaudi","description":"News","potentialAction":[{"@type":"SearchAction","target":{"@type":"EntryPoint","urlTemplate":"https:\/\/exaudi.org\/?s={search_term_string}"},"query-input":{"@type":"PropertyValueSpecification","valueRequired":true,"valueName":"search_term_string"}}],"inLanguage":"it-IT"},{"@type":"Person","@id":"https:\/\/exaudi.org\/#\/schema\/person\/190063d92b4c81e4169e81af30a8b9db","name":"Mar Dorrio","image":{"@type":"ImageObject","inLanguage":"it-IT","@id":"https:\/\/secure.gravatar.com\/avatar\/e83dfcdce3efd6639efe212c38daa01e5377afde4390bfc27b30d803ee0b7fa5?s=96&d=mm&r=g","url":"https:\/\/secure.gravatar.com\/avatar\/e83dfcdce3efd6639efe212c38daa01e5377afde4390bfc27b30d803ee0b7fa5?s=96&d=mm&r=g","contentUrl":"https:\/\/secure.gravatar.com\/avatar\/e83dfcdce3efd6639efe212c38daa01e5377afde4390bfc27b30d803ee0b7fa5?s=96&d=mm&r=g","caption":"Mar Dorrio"},"description":"Ser madre de 12 hijos hace que tenga experiencia en psicolog\u00eda, enfermer\u00eda, restauraci\u00f3n, decoraci\u00f3n, organizaci\u00f3n de eventos, coaching de superaci\u00f3n... Y todo regado con la capacidad de trabajo que te da estar disponible las 24 horas del d\u00eda durante 25 a\u00f1os. Con la ilusi\u00f3n de compartir tantas vivencias, cre\u00e9 la cuenta @whynottwelve, actualmente con m\u00e1s de 11.000 seguidores, y la actividad sin \u00e1nimo de lucro \"Caf\u00e9 de los Viernes\", que consiste en la organizaci\u00f3n de caf\u00e9s simult\u00e1neos en casas particulares de diversas ciudades del mundo, en los que se ofrece, a trav\u00e9s de internet, un testimonio que pretende ayudar a los participantes a acercarse a Dios y a mejorar sus vidas.","sameAs":["https:\/\/www.instagram.com\/whynottwelve\/?hl=es","https:\/youtu.be\/_QDuXCRFK4"],"url":"https:\/\/exaudi.org\/it\/author\/mar-dorrio\/"}]}},"jetpack_featured_media_url":"https:\/\/exaudi.org\/wp-content\/uploads\/2025\/11\/pexels-liuuu-_61-2383408-34549304-scaled.jpg","jetpack_shortlink":"https:\/\/wp.me\/pgKjF2-BGW","_links":{"self":[{"href":"https:\/\/exaudi.org\/it\/wp-json\/wp\/v2\/posts\/144890","targetHints":{"allow":["GET"]}}],"collection":[{"href":"https:\/\/exaudi.org\/it\/wp-json\/wp\/v2\/posts"}],"about":[{"href":"https:\/\/exaudi.org\/it\/wp-json\/wp\/v2\/types\/post"}],"author":[{"embeddable":true,"href":"https:\/\/exaudi.org\/it\/wp-json\/wp\/v2\/users\/148"}],"replies":[{"embeddable":true,"href":"https:\/\/exaudi.org\/it\/wp-json\/wp\/v2\/comments?post=144890"}],"version-history":[{"count":3,"href":"https:\/\/exaudi.org\/it\/wp-json\/wp\/v2\/posts\/144890\/revisions"}],"predecessor-version":[{"id":144893,"href":"https:\/\/exaudi.org\/it\/wp-json\/wp\/v2\/posts\/144890\/revisions\/144893"}],"wp:featuredmedia":[{"embeddable":true,"href":"https:\/\/exaudi.org\/it\/wp-json\/wp\/v2\/media\/144822"}],"wp:attachment":[{"href":"https:\/\/exaudi.org\/it\/wp-json\/wp\/v2\/media?parent=144890"}],"wp:term":[{"taxonomy":"category","embeddable":true,"href":"https:\/\/exaudi.org\/it\/wp-json\/wp\/v2\/categories?post=144890"},{"taxonomy":"post_tag","embeddable":true,"href":"https:\/\/exaudi.org\/it\/wp-json\/wp\/v2\/tags?post=144890"}],"curies":[{"name":"wp","href":"https:\/\/api.w.org\/{rel}","templated":true}]}}