{"id":144558,"date":"2025-10-31T16:47:38","date_gmt":"2025-10-31T15:47:38","guid":{"rendered":"https:\/\/exaudi.org\/?p=144558"},"modified":"2025-10-31T17:12:01","modified_gmt":"2025-10-31T16:12:01","slug":"promuovere-la-liberta-dei-bambini","status":"publish","type":"post","link":"https:\/\/exaudi.org\/it\/promuovere-la-liberta-dei-bambini\/","title":{"rendered":"Promuovere la libert\u00e0 dei bambini"},"content":{"rendered":"<section class=\"elementor-section elementor-top-section elementor-element elementor-element-318192a elementor-section-boxed elementor-section-height-default elementor-section-height-default\" data-id=\"318192a\" data-element_type=\"section\">\n<div class=\"elementor-container elementor-column-gap-default\">\n<div class=\"elementor-column elementor-col-100 elementor-top-column elementor-element elementor-element-0a926a0\" data-id=\"0a926a0\" data-element_type=\"column\">\n<div class=\"elementor-widget-wrap elementor-element-populated\">\n<div class=\"elementor-element elementor-element-33a2481 elementor-widget elementor-widget-text-editor\" data-id=\"33a2481\" data-element_type=\"widget\" data-widget_type=\"text-editor.default\">\n<div class=\"elementor-widget-container\">\n<h3><strong><span dir=\"auto\" style=\"vertical-align: inherit\"><span dir=\"auto\" style=\"vertical-align: inherit\">Non solo rispettare, ma promuovere la libert\u00e0!<\/span><\/span><\/strong><\/h3>\n<\/div>\n<\/div>\n<\/div>\n<\/div>\n<\/div>\n<\/section>\n<section class=\"elementor-section elementor-top-section elementor-element elementor-element-c44f547 elementor-section-boxed elementor-section-height-default elementor-section-height-default\" data-id=\"c44f547\" data-element_type=\"section\">\n<div class=\"elementor-container elementor-column-gap-default\">\n<div class=\"elementor-column elementor-col-100 elementor-top-column elementor-element elementor-element-4c63d97\" data-id=\"4c63d97\" data-element_type=\"column\">\n<div class=\"elementor-widget-wrap elementor-element-populated\">\n<div class=\"elementor-element elementor-element-ec00f3c elementor-widget elementor-widget-text-editor\" data-id=\"ec00f3c\" data-element_type=\"widget\" data-widget_type=\"text-editor.default\">\n<div class=\"elementor-widget-container\">\n<p><span dir=\"auto\" style=\"vertical-align: inherit\"><span dir=\"auto\" style=\"vertical-align: inherit\">Rispetto sarebbe un eufemismo.<\/span><\/span><\/p>\n<p><span dir=\"auto\" style=\"vertical-align: inherit\"><span dir=\"auto\" style=\"vertical-align: inherit\">La libert\u00e0 umana \u00e8 destinata a crescere costantemente.<\/span><\/span><\/p>\n<p><span dir=\"auto\" style=\"vertical-align: inherit\"><span dir=\"auto\" style=\"vertical-align: inherit\">Pertanto, un&#8217;educazione adeguata si sforza di\u00a0 <\/span><\/span><em><span dir=\"auto\" style=\"vertical-align: inherit\"><span dir=\"auto\" style=\"vertical-align: inherit\">favorire\u00a0 e <\/span><\/span><\/em><em><span dir=\"auto\" style=\"vertical-align: inherit\"><span dir=\"auto\" style=\"vertical-align: inherit\">\u00a0rafforzare\u00a0<\/span><\/span><\/em><span dir=\"auto\" style=\"vertical-align: inherit\"><span dir=\"auto\" style=\"vertical-align: inherit\"> la libert\u00e0 degli studenti, <\/span><span dir=\"auto\" style=\"vertical-align: inherit\">aiutandoli a renderla sempre pi\u00f9\u00a0 <\/span><\/span><em><span dir=\"auto\" style=\"vertical-align: inherit\"><span dir=\"auto\" style=\"vertical-align: inherit\">salda e ampia<\/span><\/span><\/em><span dir=\"auto\" style=\"vertical-align: inherit\"><span dir=\"auto\" style=\"vertical-align: inherit\">.<\/span><\/span><\/p>\n<\/div>\n<\/div>\n<\/div>\n<\/div>\n<\/div>\n<\/section>\n<section class=\"elementor-section elementor-top-section elementor-element elementor-element-489a1de elementor-section-boxed elementor-section-height-default elementor-section-height-default\" data-id=\"489a1de\" data-element_type=\"section\">\n<div class=\"elementor-container elementor-column-gap-default\">\n<div class=\"elementor-column elementor-col-100 elementor-top-column elementor-element elementor-element-20ffab6\" data-id=\"20ffab6\" data-element_type=\"column\">\n<div class=\"elementor-widget-wrap elementor-element-populated\">\n<div class=\"elementor-element elementor-element-963b8ea elementor-widget elementor-widget-text-editor\" data-id=\"963b8ea\" data-element_type=\"widget\" data-widget_type=\"text-editor.default\">\n<div class=\"elementor-widget-container\">\n<blockquote><p><strong><span dir=\"auto\" style=\"vertical-align: inherit\"><span dir=\"auto\" style=\"vertical-align: inherit\">Educare non significa solo rispettare, <\/span><\/span><\/strong><br \/>\n<strong><span dir=\"auto\" style=\"vertical-align: inherit\"><span dir=\"auto\" style=\"vertical-align: inherit\">ma anche promuovere la libert\u00e0 dei bambini <\/span><\/span><\/strong><br \/>\n<strong><span dir=\"auto\" style=\"vertical-align: inherit\"><span dir=\"auto\" style=\"vertical-align: inherit\">in modo positivo e coerente, <\/span><\/span><\/strong><br \/>\n<a href=\"https:\/\/youtu.be\/2yrewJM_q8A\" target=\"_blank\" rel=\"noopener\"><strong><span dir=\"auto\" style=\"vertical-align: inherit\"><span dir=\"auto\" style=\"vertical-align: inherit\">in base alla loro et\u00e0 e alle loro circostanze.<\/span><\/span><\/strong><\/a><\/p><\/blockquote>\n<\/div>\n<\/div>\n<\/div>\n<\/div>\n<\/div>\n<\/section>\n<section class=\"elementor-section elementor-top-section elementor-element elementor-element-07f1dee elementor-section-boxed elementor-section-height-default elementor-section-height-default\" data-id=\"07f1dee\" data-element_type=\"section\">\n<div class=\"elementor-container elementor-column-gap-default\">\n<div class=\"elementor-column elementor-col-50 elementor-top-column elementor-element elementor-element-094ba73\" data-id=\"094ba73\" data-element_type=\"column\">\n<div class=\"elementor-widget-wrap elementor-element-populated\">\n<div class=\"elementor-element elementor-element-8f22ebf elementor-widget elementor-widget-image\" data-id=\"8f22ebf\" data-element_type=\"widget\" data-widget_type=\"image.default\">\n<div class=\"elementor-widget-container\"><img loading=\"lazy\" decoding=\"async\" class=\"size-full wp-image-143785 alignnone\" src=\"https:\/\/exaudi.org\/wp-content\/uploads\/2025\/10\/fomentar-la-libertad-de-los-hijos-1.jpg\" alt=\"\" width=\"478\" height=\"476\" srcset=\"https:\/\/exaudi.org\/wp-content\/uploads\/2025\/10\/fomentar-la-libertad-de-los-hijos-1.jpg 478w, https:\/\/exaudi.org\/wp-content\/uploads\/2025\/10\/fomentar-la-libertad-de-los-hijos-1-300x300.jpg 300w, https:\/\/exaudi.org\/wp-content\/uploads\/2025\/10\/fomentar-la-libertad-de-los-hijos-1-100x100.jpg?crop=1 100w\" sizes=\"auto, (max-width: 478px) 100vw, 478px\" \/><\/div>\n<\/div>\n<\/div>\n<\/div>\n<\/div>\n<\/section>\n<section class=\"elementor-section elementor-top-section elementor-element elementor-element-1c0ad9f elementor-section-boxed elementor-section-height-default elementor-section-height-default\" data-id=\"1c0ad9f\" data-element_type=\"section\">\n<div class=\"elementor-container elementor-column-gap-default\">\n<div class=\"elementor-column elementor-col-100 elementor-top-column elementor-element elementor-element-af7ea4f\" data-id=\"af7ea4f\" data-element_type=\"column\">\n<div class=\"elementor-widget-wrap elementor-element-populated\">\n<div class=\"elementor-element elementor-element-cab383d elementor-widget elementor-widget-text-editor\" data-id=\"cab383d\" data-element_type=\"widget\" data-widget_type=\"text-editor.default\">\n<div class=\"elementor-widget-container\">\n<h3><strong><span dir=\"auto\" style=\"vertical-align: inherit\"><span dir=\"auto\" style=\"vertical-align: inherit\">Educare e promuovere la libert\u00e0: coltivare l&#8217;amore.<\/span><\/span><\/strong><\/h3>\n<h3><strong><span dir=\"auto\" style=\"vertical-align: inherit\"><span dir=\"auto\" style=\"vertical-align: inherit\">Educare alla libert\u00e0<\/span><\/span><\/strong><\/h3>\n<p><span dir=\"auto\" style=\"vertical-align: inherit\"><span dir=\"auto\" style=\"vertical-align: inherit\">Per quanto riguarda la libert\u00e0, il compito dell&#8217;educatore \u00e8 triplice:<\/span><\/span><\/p>\n<ol>\n<li><span dir=\"auto\" style=\"vertical-align: inherit\"><span dir=\"auto\" style=\"vertical-align: inherit\">Rendere consapevole lo studente, nel nostro caso il bambino, della\u00a0 <\/span><\/span><a href=\"https:\/\/youtu.be\/l5b9OQHAJCU\" target=\"_blank\" rel=\"noopener\"><span dir=\"auto\" style=\"vertical-align: inherit\"><span dir=\"auto\" style=\"vertical-align: inherit\">natura e del valore sublime della propria libert\u00e0.<\/span><\/span><\/a><\/li>\n<li><span dir=\"auto\" style=\"vertical-align: inherit\"><span dir=\"auto\" style=\"vertical-align: inherit\">Insegnategli a esercitarla<\/span><\/span><a href=\"https:\/\/youtu.be\/0s1QZ98Ki-0\" target=\"_blank\" rel=\"noopener\"><span dir=\"auto\" style=\"vertical-align: inherit\"><span dir=\"auto\" style=\"vertical-align: inherit\">\u00a0correttamente,<\/span><\/span><\/a><span dir=\"auto\" style=\"vertical-align: inherit\"><span dir=\"auto\" style=\"vertical-align: inherit\"> \u00a0secondo quella natura e quel valore.<\/span><\/span><\/li>\n<li><span dir=\"auto\" style=\"vertical-align: inherit\"><span dir=\"auto\" style=\"vertical-align: inherit\">Per aiutarlo\u00a0 <\/span><\/span><em><strong><span dir=\"auto\" style=\"vertical-align: inherit\"><span dir=\"auto\" style=\"vertical-align: inherit\">a poterlo<\/span><\/span><\/strong><\/em><span dir=\"auto\" style=\"vertical-align: inherit\"><span dir=\"auto\" style=\"vertical-align: inherit\"> \u00a0esercitare in quel modo.<\/span><\/span><\/li>\n<\/ol>\n<\/div>\n<\/div>\n<div class=\"elementor-element elementor-element-0040c15 elementor-widget elementor-widget-text-editor\" data-id=\"0040c15\" data-element_type=\"widget\" data-widget_type=\"text-editor.default\">\n<div class=\"elementor-widget-container\">\n<p><em><strong><span dir=\"auto\" style=\"vertical-align: inherit\"><span dir=\"auto\" style=\"vertical-align: inherit\">Come vedremo, <\/span><\/span><\/strong><\/em><br \/>\n<em><strong><span dir=\"auto\" style=\"vertical-align: inherit\"><span dir=\"auto\" style=\"vertical-align: inherit\">educare equivale a promuovere <\/span><\/span><\/strong><\/em><br \/>\n<em><strong><span dir=\"auto\" style=\"vertical-align: inherit\"><span dir=\"auto\" style=\"vertical-align: inherit\">una libert\u00e0 autentica e genuina.<\/span><\/span><\/strong><\/em><\/p>\n<\/div>\n<\/div>\n<\/div>\n<\/div>\n<\/div>\n<\/section>\n<section class=\"elementor-section elementor-top-section elementor-element elementor-element-67d428d elementor-section-boxed elementor-section-height-default elementor-section-height-default\" data-id=\"67d428d\" data-element_type=\"section\">\n<div class=\"elementor-container elementor-column-gap-default\">\n<div class=\"elementor-column elementor-col-100 elementor-top-column elementor-element elementor-element-4737751\" data-id=\"4737751\" data-element_type=\"column\">\n<div class=\"elementor-widget-wrap elementor-element-populated\">\n<div class=\"elementor-element elementor-element-dc15b7d elementor-widget elementor-widget-text-editor\" data-id=\"dc15b7d\" data-element_type=\"widget\" data-widget_type=\"text-editor.default\">\n<div class=\"elementor-widget-container\">\n<h3><strong><span dir=\"auto\" style=\"vertical-align: inherit\"><span dir=\"auto\" style=\"vertical-align: inherit\">Promuovere la libert\u00e0<\/span><\/span><\/strong><\/h3>\n<p><strong><span dir=\"auto\" style=\"vertical-align: inherit\"><span dir=\"auto\" style=\"vertical-align: inherit\">Un &#8220;bisogno&#8221; relativamente chiaro<\/span><\/span><\/strong><\/p>\n<p><span dir=\"auto\" style=\"vertical-align: inherit\"><span dir=\"auto\" style=\"vertical-align: inherit\">In termini pi\u00f9 diretti e pratici, il compito del genitore-educatore consiste nel:<\/span><\/span><\/p>\n<ul>\n<li><em><span dir=\"auto\" style=\"vertical-align: inherit\"><span dir=\"auto\" style=\"vertical-align: inherit\">promuovere<\/span><\/span><\/em><span dir=\"auto\" style=\"vertical-align: inherit\"><span dir=\"auto\" style=\"vertical-align: inherit\"> \u00a0in modo continuo e determinato la libert\u00e0 di ogni bambino,<\/span><\/span><\/li>\n<li><span dir=\"auto\" style=\"vertical-align: inherit\"><span dir=\"auto\" style=\"vertical-align: inherit\">senza paura o esitazione,<\/span><\/span><\/li>\n<li><span dir=\"auto\" style=\"vertical-align: inherit\"><span dir=\"auto\" style=\"vertical-align: inherit\">insegnando loro e incoraggiandoli a\u00a0 <\/span><\/span><em><span dir=\"auto\" style=\"vertical-align: inherit\"><span dir=\"auto\" style=\"vertical-align: inherit\">volare\u00a0<\/span><\/span><\/em><span dir=\"auto\" style=\"vertical-align: inherit\"><span dir=\"auto\" style=\"vertical-align: inherit\"> il prima possibile<\/span><\/span><\/li>\n<li><span dir=\"auto\" style=\"vertical-align: inherit\"><span dir=\"auto\" style=\"vertical-align: inherit\">e assumendosi consapevolmente il rischio (e la sofferenza) che tutto quanto sopra comporta sempre.<\/span><\/span><\/li>\n<\/ul>\n<\/div>\n<\/div>\n<\/div>\n<\/div>\n<\/div>\n<\/section>\n<section class=\"elementor-section elementor-top-section elementor-element elementor-element-6bc85df elementor-section-boxed elementor-section-height-default elementor-section-height-default\" data-id=\"6bc85df\" data-element_type=\"section\">\n<div class=\"elementor-container elementor-column-gap-default\">\n<div class=\"elementor-column elementor-col-50 elementor-top-column elementor-element elementor-element-dae5f44\" data-id=\"dae5f44\" data-element_type=\"column\">\n<div class=\"elementor-widget-wrap elementor-element-populated\">\n<div class=\"elementor-element elementor-element-57ebe9c elementor-widget elementor-widget-image\" data-id=\"57ebe9c\" data-element_type=\"widget\" data-widget_type=\"image.default\">\n<div class=\"elementor-widget-container\"><img loading=\"lazy\" decoding=\"async\" class=\"size-full wp-image-143781 alignnone\" src=\"https:\/\/exaudi.org\/wp-content\/uploads\/2025\/10\/fomentar-la-libertad.jpg\" alt=\"\" width=\"746\" height=\"497\" srcset=\"https:\/\/exaudi.org\/wp-content\/uploads\/2025\/10\/fomentar-la-libertad.jpg 746w, https:\/\/exaudi.org\/wp-content\/uploads\/2025\/10\/fomentar-la-libertad-300x200.jpg 300w, https:\/\/exaudi.org\/wp-content\/uploads\/2025\/10\/fomentar-la-libertad-360x240.jpg?crop=1 360w, https:\/\/exaudi.org\/wp-content\/uploads\/2025\/10\/fomentar-la-libertad-500x333.jpg 500w\" sizes=\"auto, (max-width: 746px) 100vw, 746px\" \/><\/div>\n<\/div>\n<\/div>\n<\/div>\n<\/div>\n<\/section>\n<section class=\"elementor-section elementor-top-section elementor-element elementor-element-176378d elementor-section-boxed elementor-section-height-default elementor-section-height-default\" data-id=\"176378d\" data-element_type=\"section\">\n<div class=\"elementor-container elementor-column-gap-default\">\n<div class=\"elementor-column elementor-col-100 elementor-top-column elementor-element elementor-element-8dc4172\" data-id=\"8dc4172\" data-element_type=\"column\">\n<div class=\"elementor-widget-wrap elementor-element-populated\">\n<div class=\"elementor-element elementor-element-b4b5721 elementor-widget elementor-widget-text-editor\" data-id=\"b4b5721\" data-element_type=\"widget\" data-widget_type=\"text-editor.default\">\n<div class=\"elementor-widget-container\">\n<p><span dir=\"auto\" style=\"vertical-align: inherit\"><span dir=\"auto\" style=\"vertical-align: inherit\">E questo per una ragione molto fondamentale, che in un modo o nell&#8217;altro \u00e8 stata presente in\u00a0 <\/span><\/span><a href=\"https:\/\/exaudi.org\/es\/author\/edufamilia\/\" target=\"_blank\" rel=\"noopener\"><span dir=\"auto\" style=\"vertical-align: inherit\"><span dir=\"auto\" style=\"vertical-align: inherit\">tutti questi articoli.<\/span><\/span><\/a><\/p>\n<p><span dir=\"auto\" style=\"vertical-align: inherit\"><span dir=\"auto\" style=\"vertical-align: inherit\">Vale a dire:<\/span><\/span><\/p>\n<ul>\n<li><span dir=\"auto\" style=\"vertical-align: inherit\"><span dir=\"auto\" style=\"vertical-align: inherit\">perch\u00e9\u00a0 <\/span><\/span><em><span dir=\"auto\" style=\"vertical-align: inherit\"><span dir=\"auto\" style=\"vertical-align: inherit\">solo chi \u00e8\u00a0 <\/span><\/span><strong><span dir=\"auto\" style=\"vertical-align: inherit\"><span dir=\"auto\" style=\"vertical-align: inherit\">libero<\/span><\/span><\/strong><span dir=\"auto\" style=\"vertical-align: inherit\"><span dir=\"auto\" style=\"vertical-align: inherit\"> \u00a0pu\u00f2\u00a0 <\/span><\/span><strong><span dir=\"auto\" style=\"vertical-align: inherit\"><span dir=\"auto\" style=\"vertical-align: inherit\">amare veramente,<\/span><\/span><\/strong><\/em><\/li>\n<li><span dir=\"auto\" style=\"vertical-align: inherit\"><span dir=\"auto\" style=\"vertical-align: inherit\">E\u00a0 <\/span><\/span><em><span dir=\"auto\" style=\"vertical-align: inherit\"><span dir=\"auto\" style=\"vertical-align: inherit\">solo coloro che amano veramente\u00a0 <\/span><\/span><a href=\"https:\/\/youtu.be\/8QjUV3WbBys\" target=\"_blank\" rel=\"noopener\"><strong><span dir=\"auto\" style=\"vertical-align: inherit\"><span dir=\"auto\" style=\"vertical-align: inherit\">si sviluppano e crescono come individui\u00a0<\/span><\/span><\/strong><\/a><\/em><span dir=\"auto\" style=\"vertical-align: inherit\"><span dir=\"auto\" style=\"vertical-align: inherit\"> e, di conseguenza,\u00a0 <\/span><\/span><em><span dir=\"auto\" style=\"vertical-align: inherit\"><span dir=\"auto\" style=\"vertical-align: inherit\">sono\u00a0 <\/span><\/span><strong><span dir=\"auto\" style=\"vertical-align: inherit\"><span dir=\"auto\" style=\"vertical-align: inherit\">felici.<\/span><\/span><\/strong><\/em><\/li>\n<\/ul>\n<p><strong><span dir=\"auto\" style=\"vertical-align: inherit\"><span dir=\"auto\" style=\"vertical-align: inherit\">Sebbene difficile da accettare<\/span><\/span><\/strong><\/p>\n<p><span dir=\"auto\" style=\"vertical-align: inherit\"><span dir=\"auto\" style=\"vertical-align: inherit\">Ma non \u00e8 facile comprendere appieno che cosa sia la libert\u00e0 e\u00a0 <\/span><\/span><em><span dir=\"auto\" style=\"vertical-align: inherit\"><span dir=\"auto\" style=\"vertical-align: inherit\">il suo stretto rapporto con\u00a0 <\/span><\/span><strong><span dir=\"auto\" style=\"vertical-align: inherit\"><span dir=\"auto\" style=\"vertical-align: inherit\">il bene<\/span><\/span><\/strong><span dir=\"auto\" style=\"vertical-align: inherit\"><span dir=\"auto\" style=\"vertical-align: inherit\"> \u00a0e con\u00a0 <\/span><\/span><strong><span dir=\"auto\" style=\"vertical-align: inherit\"><span dir=\"auto\" style=\"vertical-align: inherit\">l&#8217;amore\u00a0<\/span><\/span><\/strong><\/em><span dir=\"auto\" style=\"vertical-align: inherit\"><span dir=\"auto\" style=\"vertical-align: inherit\"> (un rapporto che qui posso solo accennare, ma che\u00a0 <\/span><span dir=\"auto\" style=\"vertical-align: inherit\">\u00a0ho sviluppato\u00a0 <\/span><a href=\"https:\/\/youtu.be\/ZypioGyPd8o\" target=\"_blank\" rel=\"noopener\"><span dir=\"auto\" style=\"vertical-align: inherit\">ampiamente e dettagliatamente <\/span><\/a><\/span><a href=\"https:\/\/youtu.be\/cKwjtdNub48\" target=\"_blank\" rel=\"noopener\"><span dir=\"auto\" style=\"vertical-align: inherit\"><span dir=\"auto\" style=\"vertical-align: inherit\">altrove ).<\/span><\/span><\/a><\/p>\n<p><span dir=\"auto\" style=\"vertical-align: inherit\"><span dir=\"auto\" style=\"vertical-align: inherit\">Questa mancanza di comprensione della loro natura pi\u00f9 profonda spesso porta a una<\/span><\/span><em><span dir=\"auto\" style=\"vertical-align: inherit\"><span dir=\"auto\" style=\"vertical-align: inherit\">\u00a0paura ingiustificata della libert\u00e0,<\/span><\/span><\/em><span dir=\"auto\" style=\"vertical-align: inherit\"><span dir=\"auto\" style=\"vertical-align: inherit\"> \u00a0che impedisce di coltivarla adeguatamente e finisce per trasformare i bambini, con il passare degli anni, in\u00a0 <\/span><\/span><em><span dir=\"auto\" style=\"vertical-align: inherit\"><span dir=\"auto\" style=\"vertical-align: inherit\">eterni adolescenti,\u00a0<\/span><\/span><\/em><span dir=\"auto\" style=\"vertical-align: inherit\"><span dir=\"auto\" style=\"vertical-align: inherit\"> con tutti i problemi che questo comporta.<\/span><\/span><\/p>\n<\/div>\n<\/div>\n<div class=\"elementor-element elementor-element-e055bc8 elementor-widget elementor-widget-text-editor\" data-id=\"e055bc8\" data-element_type=\"widget\" data-widget_type=\"text-editor.default\">\n<div class=\"elementor-widget-container\">\n<p><em><strong><span dir=\"auto\" style=\"vertical-align: inherit\"><span dir=\"auto\" style=\"vertical-align: inherit\">Non \u00e8 facile comprendere <\/span><\/span><\/strong><\/em><br \/>\n<em><strong><span dir=\"auto\" style=\"vertical-align: inherit\"><span dir=\"auto\" style=\"vertical-align: inherit\">che il pi\u00f9 grande nemico della propria libert\u00e0 <\/span><\/span><\/strong><\/em><br \/>\n<em><strong><span dir=\"auto\" style=\"vertical-align: inherit\"><span dir=\"auto\" style=\"vertical-align: inherit\">\u00e8 l&#8217;egoismo, l&#8217;amore disordinato di s\u00e9.<\/span><\/span><\/strong><\/em><\/p>\n<\/div>\n<\/div>\n<\/div>\n<\/div>\n<\/div>\n<\/section>\n<section class=\"elementor-section elementor-top-section elementor-element elementor-element-3ffaffa elementor-section-boxed elementor-section-height-default elementor-section-height-default\" data-id=\"3ffaffa\" data-element_type=\"section\">\n<div class=\"elementor-container elementor-column-gap-default\">\n<div class=\"elementor-column elementor-col-100 elementor-top-column elementor-element elementor-element-f1c9e3f\" data-id=\"f1c9e3f\" data-element_type=\"column\">\n<div class=\"elementor-widget-wrap elementor-element-populated\">\n<div class=\"elementor-element elementor-element-7a6c7aa elementor-widget elementor-widget-text-editor\" data-id=\"7a6c7aa\" data-element_type=\"widget\" data-widget_type=\"text-editor.default\">\n<div class=\"elementor-widget-container\">\n<h3><strong><span dir=\"auto\" style=\"vertical-align: inherit\"><span dir=\"auto\" style=\"vertical-align: inherit\">Promuovere la libert\u00e0 di &#8220;trascurare&#8221;<\/span><\/span><\/strong><\/h3>\n<h3><strong><span dir=\"auto\" style=\"vertical-align: inherit\"><span dir=\"auto\" style=\"vertical-align: inherit\">Promuovere la libert\u00e0 = sviluppare l&#8217;amore<\/span><\/span><\/strong><\/h3>\n<p><span dir=\"auto\" style=\"vertical-align: inherit\"><span dir=\"auto\" style=\"vertical-align: inherit\">Anche se ora non \u00e8 il momento di comprovare questa verit\u00e0, in definitiva, chi\u00a0 si <\/span><\/span><em><span dir=\"auto\" style=\"vertical-align: inherit\"><span dir=\"auto\" style=\"vertical-align: inherit\">libera<\/span><\/span><\/em><span dir=\"auto\" style=\"vertical-align: inherit\"><span dir=\"auto\" style=\"vertical-align: inherit\"> \u00a0dalla schiavit\u00f9 dell&#8217;egoismo \u00e8 veramente e radicalmente libero:<\/span><\/span><\/p>\n<p><span dir=\"auto\" style=\"vertical-align: inherit\"><span dir=\"auto\" style=\"vertical-align: inherit\">\u2666 chi \u00e8 capace di volere il bene dell&#8217;altro in quanto altro, dimenticando se stesso;<\/span><\/span><\/p>\n<p><span dir=\"auto\" style=\"vertical-align: inherit\"><span dir=\"auto\" style=\"vertical-align: inherit\">\u2666 che \u00e8\u00a0 <\/span><\/span><em><span dir=\"auto\" style=\"vertical-align: inherit\"><span dir=\"auto\" style=\"vertical-align: inherit\">capace di\u00a0 <\/span><\/span><a href=\"https:\/\/www.amazon.es\/Amar-aqu%C3%AD-ahora-Tom%C3%A1s-Melendo\/dp\/1545589291\/ref=sr_1_1?__mk_es_ES=%C3%85M%C3%85%C5%BD%C3%95%C3%91&amp;crid=39TZO6M4HB64D&amp;dchild=1&amp;keywords=amar%2C+aqu%C3%AD+y+ahora&amp;qid=1629888888&amp;sprefix=amar%2C+aqu%C3%AD+y+%2Caps%2C167&amp;sr=8-1\" target=\"_blank\" rel=\"noopener\"><strong><span dir=\"auto\" style=\"vertical-align: inherit\"><span dir=\"auto\" style=\"vertical-align: inherit\">amare.<\/span><\/span><\/strong><\/a><\/em><\/p>\n<\/div>\n<\/div>\n<div class=\"elementor-element elementor-element-2225159 elementor-widget elementor-widget-text-editor\" data-id=\"2225159\" data-element_type=\"widget\" data-widget_type=\"text-editor.default\">\n<div class=\"elementor-widget-container\">\n<p><em><strong><span dir=\"auto\" style=\"vertical-align: inherit\"><span dir=\"auto\" style=\"vertical-align: inherit\">Agisce con libert\u00e0 <\/span><\/span><\/strong><\/em><br \/>\n<em><strong><span dir=\"auto\" style=\"vertical-align: inherit\"><span dir=\"auto\" style=\"vertical-align: inherit\">chi supera la schiavit\u00f9 del proprio io, <\/span><\/span><\/strong><\/em><br \/>\n<em><strong><span dir=\"auto\" style=\"vertical-align: inherit\"><span dir=\"auto\" style=\"vertical-align: inherit\">le catene dell&#8217;egoismo.<\/span><\/span><\/strong><\/em><\/p>\n<\/div>\n<\/div>\n<\/div>\n<\/div>\n<\/div>\n<\/section>\n<section class=\"elementor-section elementor-top-section elementor-element elementor-element-0da200c elementor-section-boxed elementor-section-height-default elementor-section-height-default\" data-id=\"0da200c\" data-element_type=\"section\">\n<div class=\"elementor-container elementor-column-gap-default\">\n<div class=\"elementor-column elementor-col-100 elementor-top-column elementor-element elementor-element-d6ff918\" data-id=\"d6ff918\" data-element_type=\"column\">\n<div class=\"elementor-widget-wrap elementor-element-populated\">\n<div class=\"elementor-element elementor-element-7a4efb0 elementor-widget elementor-widget-text-editor\" data-id=\"7a4efb0\" data-element_type=\"widget\" data-widget_type=\"text-editor.default\">\n<div class=\"elementor-widget-container\">\n<h3><strong><span dir=\"auto\" style=\"vertical-align: inherit\"><span dir=\"auto\" style=\"vertical-align: inherit\">Promuovere la libert\u00e0 come capacit\u00e0 di amare<\/span><\/span><\/strong><\/h3>\n<p><span dir=\"auto\" style=\"vertical-align: inherit\"><span dir=\"auto\" style=\"vertical-align: inherit\">Come iniziare a percepirlo?<\/span><\/span><\/p>\n<p><span dir=\"auto\" style=\"vertical-align: inherit\"><span dir=\"auto\" style=\"vertical-align: inherit\">Contrariamente a quanto accade agli animali.<\/span><\/span><\/p>\n<\/div>\n<\/div>\n<\/div>\n<\/div>\n<\/div>\n<\/section>\n<section class=\"elementor-section elementor-top-section elementor-element elementor-element-19a94bd elementor-section-boxed elementor-section-height-default elementor-section-height-default\" data-id=\"19a94bd\" data-element_type=\"section\">\n<div class=\"elementor-container elementor-column-gap-default\">\n<div class=\"elementor-column elementor-col-50 elementor-top-column elementor-element elementor-element-531ccf3\" data-id=\"531ccf3\" data-element_type=\"column\">\n<div class=\"elementor-widget-wrap elementor-element-populated\">\n<div class=\"elementor-element elementor-element-59a1522 elementor-widget elementor-widget-image\" data-id=\"59a1522\" data-element_type=\"widget\" data-widget_type=\"image.default\">\n<div class=\"elementor-widget-container\"><img loading=\"lazy\" decoding=\"async\" class=\"size-full wp-image-143777 alignnone\" src=\"https:\/\/exaudi.org\/wp-content\/uploads\/2025\/10\/fomentar-la-libertad-de-los-hijos-2.jpg\" alt=\"\" width=\"578\" height=\"451\" srcset=\"https:\/\/exaudi.org\/wp-content\/uploads\/2025\/10\/fomentar-la-libertad-de-los-hijos-2.jpg 578w, https:\/\/exaudi.org\/wp-content\/uploads\/2025\/10\/fomentar-la-libertad-de-los-hijos-2-300x234.jpg 300w, https:\/\/exaudi.org\/wp-content\/uploads\/2025\/10\/fomentar-la-libertad-de-los-hijos-2-500x390.jpg 500w\" sizes=\"auto, (max-width: 578px) 100vw, 578px\" \/><\/div>\n<\/div>\n<\/div>\n<\/div>\n<\/div>\n<\/section>\n<section class=\"elementor-section elementor-top-section elementor-element elementor-element-78252da elementor-section-boxed elementor-section-height-default elementor-section-height-default\" data-id=\"78252da\" data-element_type=\"section\">\n<div class=\"elementor-container elementor-column-gap-default\">\n<div class=\"elementor-column elementor-col-100 elementor-top-column elementor-element elementor-element-6fac38a\" data-id=\"6fac38a\" data-element_type=\"column\">\n<div class=\"elementor-widget-wrap elementor-element-populated\">\n<div class=\"elementor-element elementor-element-5074708 elementor-widget elementor-widget-text-editor\" data-id=\"5074708\" data-element_type=\"widget\" data-widget_type=\"text-editor.default\">\n<div class=\"elementor-widget-container\">\n<p><span dir=\"auto\" style=\"vertical-align: inherit\"><span dir=\"auto\" style=\"vertical-align: inherit\">La libert\u00e0 \u00e8 relativamente facile da comprendere se confrontata con ci\u00f2 che \u00e8 necessario, richiesto o predeterminato: con ci\u00f2 che\u00a0 <\/span><\/span><strong><span dir=\"auto\" style=\"vertical-align: inherit\"><span dir=\"auto\" style=\"vertical-align: inherit\">non pu\u00f2<\/span><\/span><\/strong><span dir=\"auto\" style=\"vertical-align: inherit\"><span dir=\"auto\" style=\"vertical-align: inherit\"> \u00a0essere fatto in nessun altro modo.<\/span><\/span><\/p>\n<p><span dir=\"auto\" style=\"vertical-align: inherit\"><span dir=\"auto\" style=\"vertical-align: inherit\">E, come\u00a0 <\/span><\/span><a href=\"https:\/\/youtu.be\/0s1QZ98Ki-0\" target=\"_blank\" rel=\"noopener\"><span dir=\"auto\" style=\"vertical-align: inherit\"><span dir=\"auto\" style=\"vertical-align: inherit\">gli istinti\u00a0 <\/span><\/span><em><span dir=\"auto\" style=\"vertical-align: inherit\"><span dir=\"auto\" style=\"vertical-align: inherit\">costringono<\/span><\/span><\/em><span dir=\"auto\" style=\"vertical-align: inherit\"><span dir=\"auto\" style=\"vertical-align: inherit\"> \u00a0gli animali<\/span><\/span><\/a><span dir=\"auto\" style=\"vertical-align: inherit\"><span dir=\"auto\" style=\"vertical-align: inherit\"> \u00a0a perseguire il proprio bene, determinato dai loro istinti, la libert\u00e0, al contrario, si realizza nel volere ci\u00f2 che\u00a0 <\/span><\/span><strong><span dir=\"auto\" style=\"vertical-align: inherit\"><span dir=\"auto\" style=\"vertical-align: inherit\">non<\/span><\/span><\/strong><span dir=\"auto\" style=\"vertical-align: inherit\"><span dir=\"auto\" style=\"vertical-align: inherit\"> \u00a0\u00e8\u00a0 <\/span><\/span><em><span dir=\"auto\" style=\"vertical-align: inherit\"><span dir=\"auto\" style=\"vertical-align: inherit\">costretto<\/span><\/span><\/em><span dir=\"auto\" style=\"vertical-align: inherit\"><span dir=\"auto\" style=\"vertical-align: inherit\"> \u00a0dalla nostra tendenza istintiva: cio\u00e8, invece del proprio\u00a0 <\/span><\/span><em><span dir=\"auto\" style=\"vertical-align: inherit\"><span dir=\"auto\" style=\"vertical-align: inherit\">bene<\/span><\/span><\/em><span dir=\"auto\" style=\"vertical-align: inherit\"><span dir=\"auto\" style=\"vertical-align: inherit\">, il bene\u00a0 <\/span><\/span><em><span dir=\"auto\" style=\"vertical-align: inherit\"><span dir=\"auto\" style=\"vertical-align: inherit\">dell&#8217;altro,<\/span><\/span><\/em><span dir=\"auto\" style=\"vertical-align: inherit\"><span dir=\"auto\" style=\"vertical-align: inherit\"> \u00a0proprio in quanto altro.<\/span><\/span><\/p>\n<p><span dir=\"auto\" style=\"vertical-align: inherit\"><span dir=\"auto\" style=\"vertical-align: inherit\">E,\u00a0 <\/span><\/span><a href=\"https:\/\/youtu.be\/w-ob00SLM9Q\" target=\"_blank\" rel=\"noopener\"><span dir=\"auto\" style=\"vertical-align: inherit\"><span dir=\"auto\" style=\"vertical-align: inherit\">secondo Aristotele,<\/span><\/span><\/a><span dir=\"auto\" style=\"vertical-align: inherit\"><span dir=\"auto\" style=\"vertical-align: inherit\"> \u00a0\u00e8 proprio in questo che consiste l&#8217;amore:<\/span><\/span><\/p>\n<ul>\n<li><span dir=\"auto\" style=\"vertical-align: inherit\"><span dir=\"auto\" style=\"vertical-align: inherit\">nel volere e cercare il bene dell&#8217;altro,\u00a0 <\/span><\/span><em><span dir=\"auto\" style=\"vertical-align: inherit\"><span dir=\"auto\" style=\"vertical-align: inherit\">proprio <\/span><\/span><strong><span dir=\"auto\" style=\"vertical-align: inherit\"><span dir=\"auto\" style=\"vertical-align: inherit\">\u00a0in quanto altro;<\/span><\/span><\/strong><\/em><\/li>\n<li><span dir=\"auto\" style=\"vertical-align: inherit\"><span dir=\"auto\" style=\"vertical-align: inherit\">Cio\u00e8, amandolo\u00a0 <\/span><\/span><em><strong><span dir=\"auto\" style=\"vertical-align: inherit\"><span dir=\"auto\" style=\"vertical-align: inherit\">per se stesso,\u00a0<\/span><\/span><\/strong><\/em><span dir=\"auto\" style=\"vertical-align: inherit\"><span dir=\"auto\" style=\"vertical-align: inherit\"> cercando effettivamente\u00a0 <\/span><\/span><em><strong><span dir=\"auto\" style=\"vertical-align: inherit\"><span dir=\"auto\" style=\"vertical-align: inherit\">il suo bene,\u00a0<\/span><\/span><\/strong><\/em><span dir=\"auto\" style=\"vertical-align: inherit\"><span dir=\"auto\" style=\"vertical-align: inherit\"> ci\u00f2 che lo migliora e lo rende pi\u00f9 felice;<\/span><\/span><\/li>\n<li><span dir=\"auto\" style=\"vertical-align: inherit\"><span dir=\"auto\" style=\"vertical-align: inherit\">e non per se stessi, perseguendo il proprio tornaconto.<\/span><\/span><\/li>\n<\/ul>\n<\/div>\n<\/div>\n<div class=\"elementor-element elementor-element-d4981f6 elementor-widget elementor-widget-text-editor\" data-id=\"d4981f6\" data-element_type=\"widget\" data-widget_type=\"text-editor.default\">\n<div class=\"elementor-widget-container\">\n<p><em><strong><span dir=\"auto\" style=\"vertical-align: inherit\"><span dir=\"auto\" style=\"vertical-align: inherit\">Promuovere la libert\u00e0 significa <\/span><\/span><\/strong><\/em><br \/>\n<em><strong><span dir=\"auto\" style=\"vertical-align: inherit\"><span dir=\"auto\" style=\"vertical-align: inherit\">promuovere e sviluppare <\/span><\/span><\/strong><\/em><br \/>\n<em><strong><span dir=\"auto\" style=\"vertical-align: inherit\"><span dir=\"auto\" style=\"vertical-align: inherit\">la capacit\u00e0 di amare, <\/span><\/span><br \/>\n<span dir=\"auto\" style=\"vertical-align: inherit\"><span dir=\"auto\" style=\"vertical-align: inherit\">di volere il bene dell&#8217;altro in quanto altro.<\/span><\/span><\/strong><\/em><\/p>\n<\/div>\n<\/div>\n<\/div>\n<\/div>\n<\/div>\n<\/section>\n<section class=\"elementor-section elementor-top-section elementor-element elementor-element-b19d2ca elementor-section-boxed elementor-section-height-default elementor-section-height-default\" data-id=\"b19d2ca\" data-element_type=\"section\">\n<div class=\"elementor-container elementor-column-gap-default\">\n<div class=\"elementor-column elementor-col-100 elementor-top-column elementor-element elementor-element-592f858\" data-id=\"592f858\" data-element_type=\"column\">\n<div class=\"elementor-widget-wrap elementor-element-populated\">\n<div class=\"elementor-element elementor-element-5dd05a6 elementor-widget elementor-widget-text-editor\" data-id=\"5dd05a6\" data-element_type=\"widget\" data-widget_type=\"text-editor.default\">\n<div class=\"elementor-widget-container\">\n<h3><strong><span dir=\"auto\" style=\"vertical-align: inherit\"><span dir=\"auto\" style=\"vertical-align: inherit\">Per promuovere la suprema libert\u00e0 dell&#8217;amore<\/span><\/span><\/strong><\/h3>\n<p><span dir=\"auto\" style=\"vertical-align: inherit\"><span dir=\"auto\" style=\"vertical-align: inherit\">Chi \u00e8 veramente libero?<\/span><\/span><\/p>\n<p><span dir=\"auto\" style=\"vertical-align: inherit\"><span dir=\"auto\" style=\"vertical-align: inherit\">Chi, una volta che lo sa, fa il bene\u00a0 <\/span><\/span><em><span dir=\"auto\" style=\"vertical-align: inherit\"><span dir=\"auto\" style=\"vertical-align: inherit\">perch\u00e9 lo vuole fare,<\/span><\/span><\/em><span dir=\"auto\" style=\"vertical-align: inherit\"><span dir=\"auto\" style=\"vertical-align: inherit\"> \u00a0per amore del bene.<\/span><\/span><\/p>\n<p><span dir=\"auto\" style=\"vertical-align: inherit\"><span dir=\"auto\" style=\"vertical-align: inherit\">Al contrario,\u00a0 <\/span><span dir=\"auto\" style=\"vertical-align: inherit\">\u00a0chi agisce in modo scorretto\u00a0 <\/span><\/span><a href=\"https:\/\/youtu.be\/QUGxwbUjdTE\" target=\"_blank\" rel=\"noopener\"><span dir=\"auto\" style=\"vertical-align: inherit\"><span dir=\"auto\" style=\"vertical-align: inherit\">&#8220;perde&#8221; la propria libert\u00e0 perch\u00e9, in fondo, non \u00e8 capace di volere e di fare ci\u00f2 che vorrebbe e dovrebbe volere e fare (ci\u00f2 <\/span><\/span><\/a><em><span dir=\"auto\" style=\"vertical-align: inherit\"><span dir=\"auto\" style=\"vertical-align: inherit\">che vorrebbe e dovrebbe<\/span><\/span><\/em><span dir=\"auto\" style=\"vertical-align: inherit\"><span dir=\"auto\" style=\"vertical-align: inherit\"> \u00a0volere e fare&#8230; se avesse pi\u00f9 conoscenza o pi\u00f9 forza di volont\u00e0: pi\u00f9 e migliore amore, in definitiva).<\/span><\/span><\/p>\n<ul>\n<li><span dir=\"auto\" style=\"vertical-align: inherit\"><span dir=\"auto\" style=\"vertical-align: inherit\">Un uomo pu\u00f2 togliersi la vita perch\u00e9 \u00e8 &#8220;libero&#8221;, ma nessuno direbbe che il suicidio lo migliori come persona o aumenti la sua libert\u00e0.<\/span><\/span><\/li>\n<li><span dir=\"auto\" style=\"vertical-align: inherit\"><span dir=\"auto\" style=\"vertical-align: inherit\">Anche se si potessero comprendere le ragioni che hanno portato al suicidio, nessuno sano di mente sosterrebbe che quella persona\u00a0 abbia <\/span><\/span><em><strong><span dir=\"auto\" style=\"vertical-align: inherit\"><span dir=\"auto\" style=\"vertical-align: inherit\">effettivamente<\/span><\/span><\/strong><\/em><span dir=\"auto\" style=\"vertical-align: inherit\"><span dir=\"auto\" style=\"vertical-align: inherit\"> guadagnato \u00a0qualcosa togliendosi la vita.<\/span><\/span><\/li>\n<\/ul>\n<p><span dir=\"auto\" style=\"vertical-align: inherit\"><span dir=\"auto\" style=\"vertical-align: inherit\">Educare alla libert\u00e0 o promuovere la libert\u00e0 significa quindi aiutare a distinguere ci\u00f2 che \u00e8 bene \u2014per gli altri e, di conseguenza, per la propria felicit\u00e0\u2014 e incoraggiare le scelte corrispondenti e le azioni appropriate,\u00a0 <\/span><\/span><em><span dir=\"auto\" style=\"vertical-align: inherit\"><span dir=\"auto\" style=\"vertical-align: inherit\">sempre per amore<\/span><\/span><\/em><span dir=\"auto\" style=\"vertical-align: inherit\"><span dir=\"auto\" style=\"vertical-align: inherit\">.<\/span><\/span><\/p>\n<\/div>\n<\/div>\n<div class=\"elementor-element elementor-element-e74c5b6 elementor-widget elementor-widget-text-editor\" data-id=\"e74c5b6\" data-element_type=\"widget\" data-widget_type=\"text-editor.default\">\n<div class=\"elementor-widget-container\">\n<p><em><strong><span dir=\"auto\" style=\"vertical-align: inherit\"><span dir=\"auto\" style=\"vertical-align: inherit\">Egli promuove la libert\u00e0 <\/span><\/span><\/strong><\/em><br \/>\n<em><strong><span dir=\"auto\" style=\"vertical-align: inherit\"><span dir=\"auto\" style=\"vertical-align: inherit\">aiutando a distinguere ci\u00f2 che \u00e8 buono <\/span><\/span><\/strong><\/em><br \/>\n<em><strong><span dir=\"auto\" style=\"vertical-align: inherit\"><span dir=\"auto\" style=\"vertical-align: inherit\">e incoraggiando le persone a farlo, sempre per amore.<\/span><\/span><\/strong><\/em><\/p>\n<\/div>\n<\/div>\n<\/div>\n<\/div>\n<\/div>\n<\/section>\n<section class=\"elementor-section elementor-top-section elementor-element elementor-element-2a8ccef elementor-section-boxed elementor-section-height-default elementor-section-height-default\" data-id=\"2a8ccef\" data-element_type=\"section\">\n<div class=\"elementor-container elementor-column-gap-default\">\n<div class=\"elementor-column elementor-col-100 elementor-top-column elementor-element elementor-element-d79789c\" data-id=\"d79789c\" data-element_type=\"column\">\n<div class=\"elementor-widget-wrap elementor-element-populated\">\n<div class=\"elementor-element elementor-element-3327699 elementor-widget elementor-widget-image\" data-id=\"3327699\" data-element_type=\"widget\" data-widget_type=\"image.default\">\n<div class=\"elementor-widget-container\"><img loading=\"lazy\" decoding=\"async\" class=\"size-full wp-image-143774 alignnone\" src=\"https:\/\/exaudi.org\/wp-content\/uploads\/2025\/10\/fomentar-la-libertad-de-los-hijos-3.jpg\" alt=\"\" width=\"701\" height=\"510\" srcset=\"https:\/\/exaudi.org\/wp-content\/uploads\/2025\/10\/fomentar-la-libertad-de-los-hijos-3.jpg 701w, https:\/\/exaudi.org\/wp-content\/uploads\/2025\/10\/fomentar-la-libertad-de-los-hijos-3-300x218.jpg 300w, https:\/\/exaudi.org\/wp-content\/uploads\/2025\/10\/fomentar-la-libertad-de-los-hijos-3-500x364.jpg 500w\" sizes=\"auto, (max-width: 701px) 100vw, 701px\" \/><\/div>\n<\/div>\n<\/div>\n<\/div>\n<\/div>\n<\/section>\n<section class=\"elementor-section elementor-top-section elementor-element elementor-element-e8dc9e7 elementor-section-boxed elementor-section-height-default elementor-section-height-default\" data-id=\"e8dc9e7\" data-element_type=\"section\">\n<div class=\"elementor-container elementor-column-gap-default\">\n<div class=\"elementor-column elementor-col-100 elementor-top-column elementor-element elementor-element-7d1848d\" data-id=\"7d1848d\" data-element_type=\"column\">\n<div class=\"elementor-widget-wrap elementor-element-populated\">\n<div class=\"elementor-element elementor-element-4ba8d8e elementor-widget elementor-widget-text-editor\" data-id=\"4ba8d8e\" data-element_type=\"widget\" data-widget_type=\"text-editor.default\">\n<div class=\"elementor-widget-container\">\n<h3><strong><span dir=\"auto\" style=\"vertical-align: inherit\"><span dir=\"auto\" style=\"vertical-align: inherit\">Amiamo la libert\u00e0 dei nostri bambini!<\/span><\/span><\/strong><\/h3>\n<h3><strong><span dir=\"auto\" style=\"vertical-align: inherit\"><span dir=\"auto\" style=\"vertical-align: inherit\">Promuovere la libert\u00e0 fin dalla pi\u00f9 tenera et\u00e0<\/span><\/span><\/strong><\/h3>\n<p><span dir=\"auto\" style=\"vertical-align: inherit\"><span dir=\"auto\" style=\"vertical-align: inherit\">Concedere ai figli una libert\u00e0 crescente con prudenza aiuta a renderli responsabili, capaci di crescere autonomamente, di amare liberamente, di essere persone migliori e, come conseguenza finale \u2014o\u00a0 <\/span><\/span><em><span dir=\"auto\" style=\"vertical-align: inherit\"><span dir=\"auto\" style=\"vertical-align: inherit\">risultato\u2014<\/span><\/span><\/em><span dir=\"auto\" style=\"vertical-align: inherit\"><span dir=\"auto\" style=\"vertical-align: inherit\"> , di essere felici e contenti.<\/span><\/span><\/p>\n<p><span dir=\"auto\" style=\"vertical-align: inherit\"><span dir=\"auto\" style=\"vertical-align: inherit\">E questo processo inizia a\u00a0 <\/span><\/span><em><span dir=\"auto\" style=\"vertical-align: inherit\"><span dir=\"auto\" style=\"vertical-align: inherit\">svilupparsi\u00a0<\/span><\/span><\/em><span dir=\"auto\" style=\"vertical-align: inherit\"><span dir=\"auto\" style=\"vertical-align: inherit\"> molto presto, addirittura prima della nascita di ogni bambino:<\/span><\/span><\/p>\n<ul>\n<li><span dir=\"auto\" style=\"vertical-align: inherit\"><span dir=\"auto\" style=\"vertical-align: inherit\">Quando,\u00a0 <\/span><\/span><em><span dir=\"auto\" style=\"vertical-align: inherit\"><span dir=\"auto\" style=\"vertical-align: inherit\">contemplandolo<\/span><\/span><\/em><span dir=\"auto\" style=\"vertical-align: inherit\"><span dir=\"auto\" style=\"vertical-align: inherit\"> \u00a0con gli occhi dell&#8217;anima nel grembo materno,<\/span><\/span><\/li>\n<li><span dir=\"auto\" style=\"vertical-align: inherit\"><span dir=\"auto\" style=\"vertical-align: inherit\">Avvertiamo che egli \u00e8\u00a0 <\/span><\/span><em><span dir=\"auto\" style=\"vertical-align: inherit\"><span dir=\"auto\" style=\"vertical-align: inherit\">pi\u00f9 figlio di Dio che figlio nostro<\/span><\/span><\/em><\/li>\n<li><span dir=\"auto\" style=\"vertical-align: inherit\"><span dir=\"auto\" style=\"vertical-align: inherit\">e che il nostro compito come genitori \u00e8 quello di\u00a0 <\/span><\/span><em><span dir=\"auto\" style=\"vertical-align: inherit\"><span dir=\"auto\" style=\"vertical-align: inherit\">scomparire<\/span><\/span><\/em><span dir=\"auto\" style=\"vertical-align: inherit\"><span dir=\"auto\" style=\"vertical-align: inherit\">,<\/span><\/span><\/li>\n<li><span dir=\"auto\" style=\"vertical-align: inherit\"><span dir=\"auto\" style=\"vertical-align: inherit\">dimenticando le nostre preferenze,<\/span><\/span><\/li>\n<li><span dir=\"auto\" style=\"vertical-align: inherit\"><span dir=\"auto\" style=\"vertical-align: inherit\">se non nella misura in cui li aiutiamo ad avanzare nel loro cammino di crescita come persone o, il che \u00e8 lo stesso, nel loro cammino di ritorno a Dio.<\/span><\/span><\/li>\n<\/ul>\n<\/div>\n<\/div>\n<div class=\"elementor-element elementor-element-f16f908 elementor-widget elementor-widget-text-editor\" data-id=\"f16f908\" data-element_type=\"widget\" data-widget_type=\"text-editor.default\">\n<div class=\"elementor-widget-container\">\n<p><em><strong><span dir=\"auto\" style=\"vertical-align: inherit\"><span dir=\"auto\" style=\"vertical-align: inherit\">Per i genitori, <\/span><\/span><\/strong><\/em><br \/>\n<em><strong><span dir=\"auto\" style=\"vertical-align: inherit\"><span dir=\"auto\" style=\"vertical-align: inherit\">promuovere la libert\u00e0 dei propri figli <\/span><\/span><\/strong><\/em><br \/>\n<em><strong><span dir=\"auto\" style=\"vertical-align: inherit\"><span dir=\"auto\" style=\"vertical-align: inherit\">significa imparare a scomparire <\/span><\/span><\/strong><\/em><br \/>\n<em><strong><span dir=\"auto\" style=\"vertical-align: inherit\"><span dir=\"auto\" style=\"vertical-align: inherit\">per il bene dei propri figli: <\/span><\/span><br \/>\n<span dir=\"auto\" style=\"vertical-align: inherit\"><span dir=\"auto\" style=\"vertical-align: inherit\">per il loro sviluppo umano e soprannaturale.<\/span><\/span><\/strong><\/em><\/p>\n<\/div>\n<\/div>\n<\/div>\n<\/div>\n<\/div>\n<\/section>\n<section class=\"elementor-section elementor-top-section elementor-element elementor-element-3f14ecc elementor-section-boxed elementor-section-height-default elementor-section-height-default\" data-id=\"3f14ecc\" data-element_type=\"section\">\n<div class=\"elementor-container elementor-column-gap-default\">\n<div class=\"elementor-column elementor-col-100 elementor-top-column elementor-element elementor-element-2a0548a\" data-id=\"2a0548a\" data-element_type=\"column\">\n<div class=\"elementor-widget-wrap elementor-element-populated\">\n<div class=\"elementor-element elementor-element-f619b9c elementor-widget elementor-widget-text-editor\" data-id=\"f619b9c\" data-element_type=\"widget\" data-widget_type=\"text-editor.default\">\n<div class=\"elementor-widget-container\">\n<h3><strong><span dir=\"auto\" style=\"vertical-align: inherit\"><span dir=\"auto\" style=\"vertical-align: inherit\">Un avvertimento fondamentale per i genitori!<\/span><\/span><\/strong><\/h3>\n<h4><span dir=\"auto\" style=\"vertical-align: inherit\"><span dir=\"auto\" style=\"vertical-align: inherit\">Evitare l&#8217;eccessiva dipendenza dei bambini da loro (dai loro genitori)<\/span><\/span><\/h4>\n<p><span dir=\"auto\" style=\"vertical-align: inherit\"><span dir=\"auto\" style=\"vertical-align: inherit\">Contrariamente all&#8217;affermazione spesso ripetuta secondo cui la propria libert\u00e0 finisce dove inizia quella degli altri, \u00e8 molto pi\u00f9 vero e profondo credere che la propria libert\u00e0\u00a0 <\/span><em><strong><span dir=\"auto\" style=\"vertical-align: inherit\">cresce<\/span><\/strong><\/em><\/span><em><span dir=\"auto\" style=\"vertical-align: inherit\"><span dir=\"auto\" style=\"vertical-align: inherit\"> solo\u00a0 <\/span><span dir=\"auto\" style=\"vertical-align: inherit\">\u00a0quando\u00a0 <\/span><strong><span dir=\"auto\" style=\"vertical-align: inherit\">promuove e favorisce<\/span><\/strong><span dir=\"auto\" style=\"vertical-align: inherit\"> \u00a0la libert\u00e0 degli altri.<\/span><\/span><\/em><\/p>\n<p><span dir=\"auto\" style=\"vertical-align: inherit\"><span dir=\"auto\" style=\"vertical-align: inherit\">Pertanto, qualsiasi tipo di dipendenza dei figli dai genitori indica\u00a0 <\/span><\/span><em><span dir=\"auto\" style=\"vertical-align: inherit\"><span dir=\"auto\" style=\"vertical-align: inherit\">una mancanza di autentica capacit\u00e0 educativa:<\/span><\/span><\/em><span dir=\"auto\" style=\"vertical-align: inherit\"><span dir=\"auto\" style=\"vertical-align: inherit\"> \u00a0un attaccamento eccessivo a se stessi, che ci priva della libert\u00e0 e si traduce in un danno per i figli.<\/span><\/span><\/p>\n<p><em><span dir=\"auto\" style=\"vertical-align: inherit\"><span dir=\"auto\" style=\"vertical-align: inherit\">Non\u00a0 <\/span><\/span><strong><span dir=\"auto\" style=\"vertical-align: inherit\"><span dir=\"auto\" style=\"vertical-align: inherit\">contiamo<\/span><\/span><\/strong><span dir=\"auto\" style=\"vertical-align: inherit\"><span dir=\"auto\" style=\"vertical-align: inherit\"> \u00a0!\u00a0<\/span><\/span><\/em><span dir=\"auto\" style=\"vertical-align: inherit\"><span dir=\"auto\" style=\"vertical-align: inherit\"> Non dovremmo contare.<\/span><\/span><\/p>\n<ul>\n<li><span dir=\"auto\" style=\"vertical-align: inherit\"><span dir=\"auto\" style=\"vertical-align: inherit\">Ci\u00f2 che conta davvero \u00e8 il vero bene di ogni bambino,\u00a0 <\/span><\/span><em><span dir=\"auto\" style=\"vertical-align: inherit\"><span dir=\"auto\" style=\"vertical-align: inherit\">che pu\u00f2 essere raggiunto solo esercitando la sua libert\u00e0.<\/span><\/span><\/em><\/li>\n<li><span dir=\"auto\" style=\"vertical-align: inherit\"><span dir=\"auto\" style=\"vertical-align: inherit\">Da qui il nostro impegno nel promuoverlo e migliorarlo costantemente.<\/span><\/span><\/li>\n<\/ul>\n<\/div>\n<\/div>\n<div class=\"elementor-element elementor-element-156d7b9 elementor-widget elementor-widget-text-editor\" data-id=\"156d7b9\" data-element_type=\"widget\" data-widget_type=\"text-editor.default\">\n<div class=\"elementor-widget-container\">\n<p><em><strong><span dir=\"auto\" style=\"vertical-align: inherit\"><span dir=\"auto\" style=\"vertical-align: inherit\">La propria libert\u00e0 cresce solo <\/span><\/span><\/strong><\/em><br \/>\n<em><strong><span dir=\"auto\" style=\"vertical-align: inherit\"><span dir=\"auto\" style=\"vertical-align: inherit\">quando si sa come promuovere la libert\u00e0 degli altri.<\/span><\/span><\/strong><\/em><\/p>\n<\/div>\n<\/div>\n<\/div>\n<\/div>\n<\/div>\n<\/section>\n<section class=\"elementor-section elementor-top-section elementor-element elementor-element-e05f786 elementor-section-boxed elementor-section-height-default elementor-section-height-default\" data-id=\"e05f786\" data-element_type=\"section\">\n<div class=\"elementor-container elementor-column-gap-default\">\n<div class=\"elementor-column elementor-col-33 elementor-top-column elementor-element elementor-element-582996e\" data-id=\"582996e\" data-element_type=\"column\">\n<div class=\"elementor-widget-wrap elementor-element-populated\">\n<div class=\"elementor-element elementor-element-a902c0f elementor-widget elementor-widget-image\" data-id=\"a902c0f\" data-element_type=\"widget\" data-widget_type=\"image.default\">\n<div class=\"elementor-widget-container\"><img loading=\"lazy\" decoding=\"async\" class=\"size-full wp-image-143770 alignnone\" src=\"https:\/\/exaudi.org\/wp-content\/uploads\/2025\/10\/fomentar-la-libertad-de-los-hijos-4.png\" alt=\"\" width=\"324\" height=\"486\" srcset=\"https:\/\/exaudi.org\/wp-content\/uploads\/2025\/10\/fomentar-la-libertad-de-los-hijos-4.png 324w, https:\/\/exaudi.org\/wp-content\/uploads\/2025\/10\/fomentar-la-libertad-de-los-hijos-4-200x300.png 200w\" sizes=\"auto, (max-width: 324px) 100vw, 324px\" \/><\/div>\n<\/div>\n<\/div>\n<\/div>\n<\/div>\n<\/section>\n<section class=\"elementor-section elementor-top-section elementor-element elementor-element-d891710 elementor-section-boxed elementor-section-height-default elementor-section-height-default\" data-id=\"d891710\" data-element_type=\"section\">\n<div class=\"elementor-container elementor-column-gap-default\">\n<div class=\"elementor-column elementor-col-100 elementor-top-column elementor-element elementor-element-91bf471\" data-id=\"91bf471\" data-element_type=\"column\">\n<div class=\"elementor-widget-wrap elementor-element-populated\">\n<div class=\"elementor-element elementor-element-807d669 elementor-widget elementor-widget-text-editor\" data-id=\"807d669\" data-element_type=\"widget\" data-widget_type=\"text-editor.default\">\n<div class=\"elementor-widget-container\">\n<h3><strong><span dir=\"auto\" style=\"vertical-align: inherit\"><span dir=\"auto\" style=\"vertical-align: inherit\">Promuovere la libert\u00e0, per amore!<\/span><\/span><\/strong><\/h3>\n<h3><strong><span dir=\"auto\" style=\"vertical-align: inherit\"><span dir=\"auto\" style=\"vertical-align: inherit\">Imparare a fidarsi dei bambini<\/span><\/span><\/strong><\/h3>\n<p><span dir=\"auto\" style=\"vertical-align: inherit\"><span dir=\"auto\" style=\"vertical-align: inherit\">La lunga esperienza di educatore di San Josemar\u00eda Escriv\u00e1 gli ha permesso di affermare:<\/span><\/span><\/p>\n<ul>\n<li><span dir=\"auto\" style=\"vertical-align: inherit\"><span dir=\"auto\" style=\"vertical-align: inherit\">&#8220;\u00c8 preferibile che [i genitori] a volte vengano ingannati:<\/span><\/span><\/li>\n<li><span dir=\"auto\" style=\"vertical-align: inherit\"><span dir=\"auto\" style=\"vertical-align: inherit\">La fiducia riposta nei bambini li fa vergognare di aver abusato del loro potere e si correggono;<\/span><\/span><\/li>\n<li><span dir=\"auto\" style=\"vertical-align: inherit\"><span dir=\"auto\" style=\"vertical-align: inherit\">D&#8217;altra parte, se non hanno libert\u00e0, se vedono che non ci si fida di loro, si sentiranno sempre costretti a ingannare.&#8221;<\/span><\/span><\/li>\n<\/ul>\n<\/div>\n<\/div>\n<div class=\"elementor-element elementor-element-d0b4569 elementor-widget elementor-widget-text-editor\" data-id=\"d0b4569\" data-element_type=\"widget\" data-widget_type=\"text-editor.default\">\n<div class=\"elementor-widget-container\">\n<p><em><strong><span dir=\"auto\" style=\"vertical-align: inherit\"><span dir=\"auto\" style=\"vertical-align: inherit\">Quando non ci fidiamo lealmente dei bambini e <\/span><\/span><\/strong><\/em><br \/>\n<em><strong><span dir=\"auto\" style=\"vertical-align: inherit\"><span dir=\"auto\" style=\"vertical-align: inherit\">non incoraggiamo la loro libert\u00e0, <\/span><\/span><\/strong><\/em><br \/>\n<em><strong><span dir=\"auto\" style=\"vertical-align: inherit\"><span dir=\"auto\" style=\"vertical-align: inherit\">saranno spinti a ingannarci.<\/span><\/span><\/strong><\/em><\/p>\n<\/div>\n<\/div>\n<\/div>\n<\/div>\n<\/div>\n<\/section>\n<section class=\"elementor-section elementor-top-section elementor-element elementor-element-59efa88 elementor-section-boxed elementor-section-height-default elementor-section-height-default\" data-id=\"59efa88\" data-element_type=\"section\">\n<div class=\"elementor-container elementor-column-gap-default\">\n<div class=\"elementor-column elementor-col-100 elementor-top-column elementor-element elementor-element-2c19f9c\" data-id=\"2c19f9c\" data-element_type=\"column\">\n<div class=\"elementor-widget-wrap elementor-element-populated\">\n<div class=\"elementor-element elementor-element-28b044b elementor-widget elementor-widget-image\" data-id=\"28b044b\" data-element_type=\"widget\" data-widget_type=\"image.default\">\n<div class=\"elementor-widget-container\"><img loading=\"lazy\" decoding=\"async\" class=\"size-full wp-image-143765 alignnone\" src=\"https:\/\/exaudi.org\/wp-content\/uploads\/2025\/10\/fomentar-la-libertad-de-los-hijos-6.jpg\" alt=\"\" width=\"726\" height=\"483\" srcset=\"https:\/\/exaudi.org\/wp-content\/uploads\/2025\/10\/fomentar-la-libertad-de-los-hijos-6.jpg 726w, https:\/\/exaudi.org\/wp-content\/uploads\/2025\/10\/fomentar-la-libertad-de-los-hijos-6-300x200.jpg 300w, https:\/\/exaudi.org\/wp-content\/uploads\/2025\/10\/fomentar-la-libertad-de-los-hijos-6-360x240.jpg?crop=1 360w, https:\/\/exaudi.org\/wp-content\/uploads\/2025\/10\/fomentar-la-libertad-de-los-hijos-6-500x333.jpg 500w\" sizes=\"auto, (max-width: 726px) 100vw, 726px\" \/><\/div>\n<\/div>\n<\/div>\n<\/div>\n<\/div>\n<\/section>\n<section class=\"elementor-section elementor-top-section elementor-element elementor-element-817701f elementor-section-boxed elementor-section-height-default elementor-section-height-default\" data-id=\"817701f\" data-element_type=\"section\">\n<div class=\"elementor-container elementor-column-gap-default\">\n<div class=\"elementor-column elementor-col-100 elementor-top-column elementor-element elementor-element-389fc5e\" data-id=\"389fc5e\" data-element_type=\"column\">\n<div class=\"elementor-widget-wrap elementor-element-populated\">\n<div class=\"elementor-element elementor-element-8586727 elementor-widget elementor-widget-text-editor\" data-id=\"8586727\" data-element_type=\"widget\" data-widget_type=\"text-editor.default\">\n<div class=\"elementor-widget-container\">\n<h3><strong><span dir=\"auto\" style=\"vertical-align: inherit\"><span dir=\"auto\" style=\"vertical-align: inherit\">Educare \u00e8 promuovere la libert\u00e0<\/span><\/span><\/strong><\/h3>\n<p><span dir=\"auto\" style=\"vertical-align: inherit\"><span dir=\"auto\" style=\"vertical-align: inherit\">Ho affermato in articoli precedenti che l&#8217;obiettivo di ogni educazione \u00e8\u00a0 <\/span><\/span><em><strong><span dir=\"auto\" style=\"vertical-align: inherit\"><span dir=\"auto\" style=\"vertical-align: inherit\">insegnare ad amare.<\/span><\/span><\/strong><\/em><\/p>\n<p><span dir=\"auto\" style=\"vertical-align: inherit\"><span dir=\"auto\" style=\"vertical-align: inherit\">Si pu\u00f2 anche dire, poich\u00e9 in sostanza \u00e8 la stessa cosa, che\u00a0 <\/span><\/span><em><strong><span dir=\"auto\" style=\"vertical-align: inherit\"><span dir=\"auto\" style=\"vertical-align: inherit\">educare significa promuovere la libert\u00e0.<\/span><\/span><\/strong><\/em><\/p>\n<p><span dir=\"auto\" style=\"vertical-align: inherit\"><span dir=\"auto\" style=\"vertical-align: inherit\">Oppure, per dirla in modo pi\u00f9 chiaro, educare significa rendere gradualmente pi\u00f9 liberi e indipendenti coloro di cui ci prendiamo cura (o meglio ancora, aiutarli a diventarlo):<\/span><\/span><\/p>\n<ul>\n<li><span dir=\"auto\" style=\"vertical-align: inherit\"><span dir=\"auto\" style=\"vertical-align: inherit\">affinch\u00e9 possano imparare a cavarsela da soli il prima possibile,<\/span><\/span><\/li>\n<li><span dir=\"auto\" style=\"vertical-align: inherit\"><span dir=\"auto\" style=\"vertical-align: inherit\">avere il controllo delle tue decisioni,<\/span><\/span><\/li>\n<li><span dir=\"auto\" style=\"vertical-align: inherit\"><span dir=\"auto\" style=\"vertical-align: inherit\">e agire\u00a0 <\/span><\/span><em><span dir=\"auto\" style=\"vertical-align: inherit\"><span dir=\"auto\" style=\"vertical-align: inherit\">con\u00a0 <\/span><\/span><strong><span dir=\"auto\" style=\"vertical-align: inherit\"><span dir=\"auto\" style=\"vertical-align: inherit\">completa libert\u00e0<\/span><\/span><\/strong><span dir=\"auto\" style=\"vertical-align: inherit\"><span dir=\"auto\" style=\"vertical-align: inherit\"> \u00a0e\u00a0 <\/span><\/span><strong><span dir=\"auto\" style=\"vertical-align: inherit\"><span dir=\"auto\" style=\"vertical-align: inherit\">totale responsabilit\u00e0.<\/span><\/span><\/strong><\/em><\/li>\n<\/ul>\n<p><span dir=\"auto\" style=\"vertical-align: inherit\"><span dir=\"auto\" style=\"vertical-align: inherit\">Affinch\u00e9 possano diventare individui completi, avvicinandosi gradualmente al loro\u00a0 <\/span><\/span><strong><em><span dir=\"auto\" style=\"vertical-align: inherit\"><span dir=\"auto\" style=\"vertical-align: inherit\">pieno potenziale.<\/span><\/span><\/em><\/strong><\/p>\n<\/div>\n<\/div>\n<div class=\"elementor-element elementor-element-a93bd82 elementor-widget elementor-widget-text-editor\" data-id=\"a93bd82\" data-element_type=\"widget\" data-widget_type=\"text-editor.default\">\n<div class=\"elementor-widget-container\">\n<p><em><strong><span dir=\"auto\" style=\"vertical-align: inherit\"><span dir=\"auto\" style=\"vertical-align: inherit\">Educare non significa solo rispetto, <\/span><\/span><\/strong><\/em><br \/>\n<em><strong><span dir=\"auto\" style=\"vertical-align: inherit\"><span dir=\"auto\" style=\"vertical-align: inherit\">ma promuovere la libert\u00e0 di ogni bambino in modo positivo: <\/span><\/span><\/strong><\/em><br \/>\n<em><strong><span dir=\"auto\" style=\"vertical-align: inherit\"><span dir=\"auto\" style=\"vertical-align: inherit\">assicurarsi che <\/span><\/span><br \/>\n<span dir=\"auto\" style=\"vertical-align: inherit\"><span dir=\"auto\" style=\"vertical-align: inherit\">sappia essere autonomo e capace <\/span><\/span><br \/>\n<span dir=\"auto\" style=\"vertical-align: inherit\"><span dir=\"auto\" style=\"vertical-align: inherit\">di prendere le proprie decisioni. <\/span><\/span><\/strong><\/em><br \/>\n<em><strong><span dir=\"auto\" style=\"vertical-align: inherit\"><span dir=\"auto\" style=\"vertical-align: inherit\">Solo allora sar\u00e0 capace di amare.<\/span><\/span><\/strong><\/em><\/p>\n<\/div>\n<\/div>\n<div class=\"elementor-element elementor-element-fe3d95a elementor-widget elementor-widget-text-editor\" data-id=\"fe3d95a\" data-element_type=\"widget\" data-widget_type=\"text-editor.default\">\n<div class=\"elementor-widget-container\">\n<p><em><span dir=\"auto\" style=\"vertical-align: inherit\"><span dir=\"auto\" style=\"vertical-align: inherit\">(Continua)<\/span><\/span><\/em><\/p>\n<p><strong><span dir=\"auto\" style=\"vertical-align: inherit\"><span dir=\"auto\" style=\"vertical-align: inherit\">Tom\u00e1s Melendo, <\/span><\/span><\/strong><br \/>\n<strong><span dir=\"auto\" style=\"vertical-align: inherit\"><span dir=\"auto\" style=\"vertical-align: inherit\">Presidente di Edufamilia <\/span><\/span><\/strong><br \/>\n<strong><a href=\"http:\/\/www.edufamilia.com\/\" rel=\"nofollow\"><span dir=\"auto\" style=\"vertical-align: inherit\"><span dir=\"auto\" style=\"vertical-align: inherit\">http:\/\/www.edufamilia.com<\/span><\/span><\/a><\/strong><br \/>\n<strong><span dir=\"auto\" style=\"vertical-align: inherit\"><span dir=\"auto\" style=\"vertical-align: inherit\"> tmelendo@uma.es<\/span><\/span><\/strong><\/p>\n<\/div>\n<\/div>\n<\/div>\n<\/div>\n<\/div>\n<\/section>\n","protected":false},"excerpt":{"rendered":"<p>Una guida per aiutare i bambini a crescere liberi, responsabili e felici<\/p>\n","protected":false},"author":167,"featured_media":143790,"comment_status":"closed","ping_status":"closed","sticky":false,"template":"","format":"standard","meta":{"_acf_changed":false,"_crdt_document":"","inline_featured_image":false,"footnotes":""},"categories":[129],"tags":[1752,79639,79640,3273,16531,79645,27300,79643,79644,69840,758,1720,79641,3986,79647,72374,11774,79650,79648,834,5772,79646,79649,79642,46922,64787,79651],"class_list":["post-144558","post","type-post","status-publish","format-standard","has-post-thumbnail","hentry","category-voci","tag-amore","tag-amore-e-liberta","tag-autonomia-dei-bambini","tag-bambini","tag-crescita-personale","tag-educare-alla-liberta","tag-educazione-familiare","tag-educazione-olistica","tag-educazione-responsabile","tag-edufamilia-2","tag-famiglia","tag-felicita","tag-fiducia-nei-bambini","tag-genitori","tag-indipendenza-dei-bambini","tag-insegnare-ad-amare","tag-istruzione","tag-knowmoretolovebetter","tag-liberta-positiva","tag-matrimonio","tag-persona","tag-promuovere-la-liberta-dei-bambini","tag-rispetto-e-liberta","tag-sviluppo-personale-dei-bambini","tag-tomas-melendo-2","tag-trending-it-236","tag-valori-e-liberta"],"acf":[],"yoast_head":"<!-- This site is optimized with the Yoast SEO plugin v27.4 - https:\/\/yoast.com\/product\/yoast-seo-wordpress\/ -->\n<title>Promuovere la libert\u00e0 dei bambini &#8211; Exaudi<\/title>\n<meta name=\"robots\" content=\"index, follow, max-snippet:-1, max-image-preview:large, max-video-preview:-1\" \/>\n<link rel=\"canonical\" href=\"https:\/\/exaudi.org\/it\/promuovere-la-liberta-dei-bambini\/\" \/>\n<meta property=\"og:locale\" content=\"it_IT\" \/>\n<meta property=\"og:type\" content=\"article\" \/>\n<meta property=\"og:title\" content=\"Promuovere la libert\u00e0 dei bambini &#8211; Exaudi\" \/>\n<meta property=\"og:description\" content=\"Una guida per aiutare i bambini a crescere liberi, responsabili e felici\" \/>\n<meta property=\"og:url\" content=\"https:\/\/exaudi.org\/it\/promuovere-la-liberta-dei-bambini\/\" \/>\n<meta property=\"og:site_name\" content=\"Exaudi\" \/>\n<meta property=\"article:publisher\" content=\"https:\/\/www.facebook.com\/ExaudiNews\" \/>\n<meta property=\"article:author\" content=\"https:\/\/www.facebook.com\/TomasMelendo\" \/>\n<meta property=\"article:published_time\" content=\"2025-10-31T15:47:38+00:00\" \/>\n<meta property=\"article:modified_time\" content=\"2025-10-31T16:12:01+00:00\" \/>\n<meta property=\"og:image\" content=\"https:\/\/exaudi.org\/wp-content\/uploads\/2025\/10\/11.-Fomentar-su-libertad.jpg\" \/>\n\t<meta property=\"og:image:width\" content=\"1920\" \/>\n\t<meta property=\"og:image:height\" content=\"1080\" \/>\n\t<meta property=\"og:image:type\" content=\"image\/jpeg\" \/>\n<meta name=\"author\" content=\"EduFamilia\" \/>\n<meta name=\"twitter:card\" content=\"summary_large_image\" \/>\n<meta name=\"twitter:creator\" content=\"@Exaudi_News\" \/>\n<meta name=\"twitter:site\" content=\"@Exaudi_News\" \/>\n<meta name=\"twitter:label1\" content=\"Scritto da\" \/>\n\t<meta name=\"twitter:data1\" content=\"EduFamilia\" \/>\n\t<meta name=\"twitter:label2\" content=\"Tempo di lettura stimato\" \/>\n\t<meta name=\"twitter:data2\" content=\"6 minuti\" \/>\n<script type=\"application\/ld+json\" class=\"yoast-schema-graph\">{\"@context\":\"https:\\\/\\\/schema.org\",\"@graph\":[{\"@type\":\"Article\",\"@id\":\"https:\\\/\\\/exaudi.org\\\/it\\\/promuovere-la-liberta-dei-bambini\\\/#article\",\"isPartOf\":{\"@id\":\"https:\\\/\\\/exaudi.org\\\/it\\\/promuovere-la-liberta-dei-bambini\\\/\"},\"author\":{\"name\":\"EduFamilia\",\"@id\":\"https:\\\/\\\/exaudi.org\\\/#\\\/schema\\\/person\\\/789fd6e2af95f3a374496fef6b8057fc\"},\"headline\":\"Promuovere la libert\u00e0 dei bambini\",\"datePublished\":\"2025-10-31T15:47:38+00:00\",\"dateModified\":\"2025-10-31T16:12:01+00:00\",\"mainEntityOfPage\":{\"@id\":\"https:\\\/\\\/exaudi.org\\\/it\\\/promuovere-la-liberta-dei-bambini\\\/\"},\"wordCount\":1275,\"image\":{\"@id\":\"https:\\\/\\\/exaudi.org\\\/it\\\/promuovere-la-liberta-dei-bambini\\\/#primaryimage\"},\"thumbnailUrl\":\"https:\\\/\\\/exaudi.org\\\/wp-content\\\/uploads\\\/2025\\\/10\\\/11.-Fomentar-su-libertad.jpg\",\"keywords\":[\"amore\",\"amore e libert\u00e0\",\"autonomia dei bambini\",\"bambini\",\"CRESCITA PERSONALE\",\"educare alla libert\u00e0\",\"Educazione familiare\",\"educazione olistica\",\"educazione responsabile\",\"EduFamilia\",\"famiglia\",\"felicit\u00e0\",\"fiducia nei bambini\",\"genitori\",\"indipendenza dei bambini\",\"Insegnare ad amare\",\"ISTRUZIONE\",\"KnowMoreToLoveBetter\",\"libert\u00e0 positiva\",\"matrimonio\",\"persona\",\"promuovere la libert\u00e0 dei bambini\",\"rispetto e libert\u00e0\",\"sviluppo personale dei bambini\",\"Tom\u00e1s Melendo\",\"Trending\",\"valori e libert\u00e0\"],\"articleSection\":[\"Voci\"],\"inLanguage\":\"it-IT\"},{\"@type\":\"WebPage\",\"@id\":\"https:\\\/\\\/exaudi.org\\\/it\\\/promuovere-la-liberta-dei-bambini\\\/\",\"url\":\"https:\\\/\\\/exaudi.org\\\/it\\\/promuovere-la-liberta-dei-bambini\\\/\",\"name\":\"Promuovere la libert\u00e0 dei bambini &#8211; Exaudi\",\"isPartOf\":{\"@id\":\"https:\\\/\\\/exaudi.org\\\/#website\"},\"primaryImageOfPage\":{\"@id\":\"https:\\\/\\\/exaudi.org\\\/it\\\/promuovere-la-liberta-dei-bambini\\\/#primaryimage\"},\"image\":{\"@id\":\"https:\\\/\\\/exaudi.org\\\/it\\\/promuovere-la-liberta-dei-bambini\\\/#primaryimage\"},\"thumbnailUrl\":\"https:\\\/\\\/exaudi.org\\\/wp-content\\\/uploads\\\/2025\\\/10\\\/11.-Fomentar-su-libertad.jpg\",\"datePublished\":\"2025-10-31T15:47:38+00:00\",\"dateModified\":\"2025-10-31T16:12:01+00:00\",\"author\":{\"@id\":\"https:\\\/\\\/exaudi.org\\\/#\\\/schema\\\/person\\\/789fd6e2af95f3a374496fef6b8057fc\"},\"breadcrumb\":{\"@id\":\"https:\\\/\\\/exaudi.org\\\/it\\\/promuovere-la-liberta-dei-bambini\\\/#breadcrumb\"},\"inLanguage\":\"it-IT\",\"potentialAction\":[{\"@type\":\"ReadAction\",\"target\":[\"https:\\\/\\\/exaudi.org\\\/it\\\/promuovere-la-liberta-dei-bambini\\\/\"]}]},{\"@type\":\"ImageObject\",\"inLanguage\":\"it-IT\",\"@id\":\"https:\\\/\\\/exaudi.org\\\/it\\\/promuovere-la-liberta-dei-bambini\\\/#primaryimage\",\"url\":\"https:\\\/\\\/exaudi.org\\\/wp-content\\\/uploads\\\/2025\\\/10\\\/11.-Fomentar-su-libertad.jpg\",\"contentUrl\":\"https:\\\/\\\/exaudi.org\\\/wp-content\\\/uploads\\\/2025\\\/10\\\/11.-Fomentar-su-libertad.jpg\",\"width\":1920,\"height\":1080},{\"@type\":\"BreadcrumbList\",\"@id\":\"https:\\\/\\\/exaudi.org\\\/it\\\/promuovere-la-liberta-dei-bambini\\\/#breadcrumb\",\"itemListElement\":[{\"@type\":\"ListItem\",\"position\":1,\"name\":\"Portada\",\"item\":\"https:\\\/\\\/exaudi.org\\\/it\\\/\"},{\"@type\":\"ListItem\",\"position\":2,\"name\":\"Promuovere la libert\u00e0 dei bambini\"}]},{\"@type\":\"WebSite\",\"@id\":\"https:\\\/\\\/exaudi.org\\\/#website\",\"url\":\"https:\\\/\\\/exaudi.org\\\/\",\"name\":\"Exaudi\",\"description\":\"News\",\"potentialAction\":[{\"@type\":\"SearchAction\",\"target\":{\"@type\":\"EntryPoint\",\"urlTemplate\":\"https:\\\/\\\/exaudi.org\\\/?s={search_term_string}\"},\"query-input\":{\"@type\":\"PropertyValueSpecification\",\"valueRequired\":true,\"valueName\":\"search_term_string\"}}],\"inLanguage\":\"it-IT\"},{\"@type\":\"Person\",\"@id\":\"https:\\\/\\\/exaudi.org\\\/#\\\/schema\\\/person\\\/789fd6e2af95f3a374496fef6b8057fc\",\"name\":\"EduFamilia\",\"image\":{\"@type\":\"ImageObject\",\"inLanguage\":\"it-IT\",\"@id\":\"https:\\\/\\\/secure.gravatar.com\\\/avatar\\\/2ef1f3f76e97154daa0e14918939159ff06d6dba59a62843c706f74f696d396c?s=96&d=mm&r=g\",\"url\":\"https:\\\/\\\/secure.gravatar.com\\\/avatar\\\/2ef1f3f76e97154daa0e14918939159ff06d6dba59a62843c706f74f696d396c?s=96&d=mm&r=g\",\"contentUrl\":\"https:\\\/\\\/secure.gravatar.com\\\/avatar\\\/2ef1f3f76e97154daa0e14918939159ff06d6dba59a62843c706f74f696d396c?s=96&d=mm&r=g\",\"caption\":\"EduFamilia\"},\"description\":\"Edufamilia es una asociaci\u00f3n sin \u00e1nimo de lucro, nacida en el a\u00f1o 2005. Su fundador, Tom\u00e1s Melendo, advirti\u00f3 que una mejora en la calidad de las familias facilitar\u00eda la resoluci\u00f3n de bastantes de los problemas que aquejan a la sociedad de hoy. Y, apoyado siempre por su mujer, decidi\u00f3 lanzarse a esta aventura que cuenta con casi veinte a\u00f1os de vida y con m\u00faltiples ediciones de los distintos cursos formativos: M\u00e1steres y Maestr\u00edas, Expertos, cursos m\u00e1s breves, conferencias, ciclos culturales, seminarios y otros programas educativos. Aunque las primeras ediciones tuvieron car\u00e1cter presencial, actualmente se ha hecho un gran esfuerzo por promover la infraestructura virtual para adaptarse a los nuevos tiempos y que la formaci\u00f3n en torno a la familia alcance al mundo entero.\",\"sameAs\":[\"https:\\\/\\\/edufamilia.com\\\/\",\"https:\\\/\\\/www.facebook.com\\\/TomasMelendo\",\"https:\\\/\\\/www.instagram.com\\\/tomasmelendo\\\/\",\"https:\\\/\\\/www.linkedin.com\\\/company\\\/asociacin-edufamilia\\\/\",\"https:\\\/\\\/www.youtube.com\\\/channel\\\/UCU-7o2eQZJuHNtXB8AMMc1Q\"],\"url\":\"https:\\\/\\\/exaudi.org\\\/it\\\/author\\\/edufamilia\\\/\"}]}<\/script>\n<!-- \/ Yoast SEO plugin. -->","yoast_head_json":{"title":"Promuovere la libert\u00e0 dei bambini &#8211; Exaudi","robots":{"index":"index","follow":"follow","max-snippet":"max-snippet:-1","max-image-preview":"max-image-preview:large","max-video-preview":"max-video-preview:-1"},"canonical":"https:\/\/exaudi.org\/it\/promuovere-la-liberta-dei-bambini\/","og_locale":"it_IT","og_type":"article","og_title":"Promuovere la libert\u00e0 dei bambini &#8211; Exaudi","og_description":"Una guida per aiutare i bambini a crescere liberi, responsabili e felici","og_url":"https:\/\/exaudi.org\/it\/promuovere-la-liberta-dei-bambini\/","og_site_name":"Exaudi","article_publisher":"https:\/\/www.facebook.com\/ExaudiNews","article_author":"https:\/\/www.facebook.com\/TomasMelendo","article_published_time":"2025-10-31T15:47:38+00:00","article_modified_time":"2025-10-31T16:12:01+00:00","og_image":[{"width":1920,"height":1080,"url":"https:\/\/exaudi.org\/wp-content\/uploads\/2025\/10\/11.-Fomentar-su-libertad.jpg","type":"image\/jpeg"}],"author":"EduFamilia","twitter_card":"summary_large_image","twitter_creator":"@Exaudi_News","twitter_site":"@Exaudi_News","twitter_misc":{"Scritto da":"EduFamilia","Tempo di lettura stimato":"6 minuti"},"schema":{"@context":"https:\/\/schema.org","@graph":[{"@type":"Article","@id":"https:\/\/exaudi.org\/it\/promuovere-la-liberta-dei-bambini\/#article","isPartOf":{"@id":"https:\/\/exaudi.org\/it\/promuovere-la-liberta-dei-bambini\/"},"author":{"name":"EduFamilia","@id":"https:\/\/exaudi.org\/#\/schema\/person\/789fd6e2af95f3a374496fef6b8057fc"},"headline":"Promuovere la libert\u00e0 dei bambini","datePublished":"2025-10-31T15:47:38+00:00","dateModified":"2025-10-31T16:12:01+00:00","mainEntityOfPage":{"@id":"https:\/\/exaudi.org\/it\/promuovere-la-liberta-dei-bambini\/"},"wordCount":1275,"image":{"@id":"https:\/\/exaudi.org\/it\/promuovere-la-liberta-dei-bambini\/#primaryimage"},"thumbnailUrl":"https:\/\/exaudi.org\/wp-content\/uploads\/2025\/10\/11.-Fomentar-su-libertad.jpg","keywords":["amore","amore e libert\u00e0","autonomia dei bambini","bambini","CRESCITA PERSONALE","educare alla libert\u00e0","Educazione familiare","educazione olistica","educazione responsabile","EduFamilia","famiglia","felicit\u00e0","fiducia nei bambini","genitori","indipendenza dei bambini","Insegnare ad amare","ISTRUZIONE","KnowMoreToLoveBetter","libert\u00e0 positiva","matrimonio","persona","promuovere la libert\u00e0 dei bambini","rispetto e libert\u00e0","sviluppo personale dei bambini","Tom\u00e1s Melendo","Trending","valori e libert\u00e0"],"articleSection":["Voci"],"inLanguage":"it-IT"},{"@type":"WebPage","@id":"https:\/\/exaudi.org\/it\/promuovere-la-liberta-dei-bambini\/","url":"https:\/\/exaudi.org\/it\/promuovere-la-liberta-dei-bambini\/","name":"Promuovere la libert\u00e0 dei bambini &#8211; Exaudi","isPartOf":{"@id":"https:\/\/exaudi.org\/#website"},"primaryImageOfPage":{"@id":"https:\/\/exaudi.org\/it\/promuovere-la-liberta-dei-bambini\/#primaryimage"},"image":{"@id":"https:\/\/exaudi.org\/it\/promuovere-la-liberta-dei-bambini\/#primaryimage"},"thumbnailUrl":"https:\/\/exaudi.org\/wp-content\/uploads\/2025\/10\/11.-Fomentar-su-libertad.jpg","datePublished":"2025-10-31T15:47:38+00:00","dateModified":"2025-10-31T16:12:01+00:00","author":{"@id":"https:\/\/exaudi.org\/#\/schema\/person\/789fd6e2af95f3a374496fef6b8057fc"},"breadcrumb":{"@id":"https:\/\/exaudi.org\/it\/promuovere-la-liberta-dei-bambini\/#breadcrumb"},"inLanguage":"it-IT","potentialAction":[{"@type":"ReadAction","target":["https:\/\/exaudi.org\/it\/promuovere-la-liberta-dei-bambini\/"]}]},{"@type":"ImageObject","inLanguage":"it-IT","@id":"https:\/\/exaudi.org\/it\/promuovere-la-liberta-dei-bambini\/#primaryimage","url":"https:\/\/exaudi.org\/wp-content\/uploads\/2025\/10\/11.-Fomentar-su-libertad.jpg","contentUrl":"https:\/\/exaudi.org\/wp-content\/uploads\/2025\/10\/11.-Fomentar-su-libertad.jpg","width":1920,"height":1080},{"@type":"BreadcrumbList","@id":"https:\/\/exaudi.org\/it\/promuovere-la-liberta-dei-bambini\/#breadcrumb","itemListElement":[{"@type":"ListItem","position":1,"name":"Portada","item":"https:\/\/exaudi.org\/it\/"},{"@type":"ListItem","position":2,"name":"Promuovere la libert\u00e0 dei bambini"}]},{"@type":"WebSite","@id":"https:\/\/exaudi.org\/#website","url":"https:\/\/exaudi.org\/","name":"Exaudi","description":"News","potentialAction":[{"@type":"SearchAction","target":{"@type":"EntryPoint","urlTemplate":"https:\/\/exaudi.org\/?s={search_term_string}"},"query-input":{"@type":"PropertyValueSpecification","valueRequired":true,"valueName":"search_term_string"}}],"inLanguage":"it-IT"},{"@type":"Person","@id":"https:\/\/exaudi.org\/#\/schema\/person\/789fd6e2af95f3a374496fef6b8057fc","name":"EduFamilia","image":{"@type":"ImageObject","inLanguage":"it-IT","@id":"https:\/\/secure.gravatar.com\/avatar\/2ef1f3f76e97154daa0e14918939159ff06d6dba59a62843c706f74f696d396c?s=96&d=mm&r=g","url":"https:\/\/secure.gravatar.com\/avatar\/2ef1f3f76e97154daa0e14918939159ff06d6dba59a62843c706f74f696d396c?s=96&d=mm&r=g","contentUrl":"https:\/\/secure.gravatar.com\/avatar\/2ef1f3f76e97154daa0e14918939159ff06d6dba59a62843c706f74f696d396c?s=96&d=mm&r=g","caption":"EduFamilia"},"description":"Edufamilia es una asociaci\u00f3n sin \u00e1nimo de lucro, nacida en el a\u00f1o 2005. Su fundador, Tom\u00e1s Melendo, advirti\u00f3 que una mejora en la calidad de las familias facilitar\u00eda la resoluci\u00f3n de bastantes de los problemas que aquejan a la sociedad de hoy. Y, apoyado siempre por su mujer, decidi\u00f3 lanzarse a esta aventura que cuenta con casi veinte a\u00f1os de vida y con m\u00faltiples ediciones de los distintos cursos formativos: M\u00e1steres y Maestr\u00edas, Expertos, cursos m\u00e1s breves, conferencias, ciclos culturales, seminarios y otros programas educativos. Aunque las primeras ediciones tuvieron car\u00e1cter presencial, actualmente se ha hecho un gran esfuerzo por promover la infraestructura virtual para adaptarse a los nuevos tiempos y que la formaci\u00f3n en torno a la familia alcance al mundo entero.","sameAs":["https:\/\/edufamilia.com\/","https:\/\/www.facebook.com\/TomasMelendo","https:\/\/www.instagram.com\/tomasmelendo\/","https:\/\/www.linkedin.com\/company\/asociacin-edufamilia\/","https:\/\/www.youtube.com\/channel\/UCU-7o2eQZJuHNtXB8AMMc1Q"],"url":"https:\/\/exaudi.org\/it\/author\/edufamilia\/"}]}},"jetpack_featured_media_url":"https:\/\/exaudi.org\/wp-content\/uploads\/2025\/10\/11.-Fomentar-su-libertad.jpg","jetpack_shortlink":"https:\/\/wp.me\/pgKjF2-BBA","_links":{"self":[{"href":"https:\/\/exaudi.org\/it\/wp-json\/wp\/v2\/posts\/144558","targetHints":{"allow":["GET"]}}],"collection":[{"href":"https:\/\/exaudi.org\/it\/wp-json\/wp\/v2\/posts"}],"about":[{"href":"https:\/\/exaudi.org\/it\/wp-json\/wp\/v2\/types\/post"}],"author":[{"embeddable":true,"href":"https:\/\/exaudi.org\/it\/wp-json\/wp\/v2\/users\/167"}],"replies":[{"embeddable":true,"href":"https:\/\/exaudi.org\/it\/wp-json\/wp\/v2\/comments?post=144558"}],"version-history":[{"count":5,"href":"https:\/\/exaudi.org\/it\/wp-json\/wp\/v2\/posts\/144558\/revisions"}],"predecessor-version":[{"id":144562,"href":"https:\/\/exaudi.org\/it\/wp-json\/wp\/v2\/posts\/144558\/revisions\/144562"}],"wp:featuredmedia":[{"embeddable":true,"href":"https:\/\/exaudi.org\/it\/wp-json\/wp\/v2\/media\/143790"}],"wp:attachment":[{"href":"https:\/\/exaudi.org\/it\/wp-json\/wp\/v2\/media?parent=144558"}],"wp:term":[{"taxonomy":"category","embeddable":true,"href":"https:\/\/exaudi.org\/it\/wp-json\/wp\/v2\/categories?post=144558"},{"taxonomy":"post_tag","embeddable":true,"href":"https:\/\/exaudi.org\/it\/wp-json\/wp\/v2\/tags?post=144558"}],"curies":[{"name":"wp","href":"https:\/\/api.w.org\/{rel}","templated":true}]}}