{"id":144269,"date":"2025-10-30T12:25:46","date_gmt":"2025-10-30T11:25:46","guid":{"rendered":"https:\/\/exaudi.org\/?p=144269"},"modified":"2025-10-30T12:25:46","modified_gmt":"2025-10-30T11:25:46","slug":"sviluppa-le-virtu-professionali-e-trasforma-la-tua-carriera","status":"publish","type":"post","link":"https:\/\/exaudi.org\/it\/sviluppa-le-virtu-professionali-e-trasforma-la-tua-carriera\/","title":{"rendered":"Sviluppa le virt\u00f9 professionali e trasforma la tua carriera"},"content":{"rendered":"<p dir=\"auto\"><span dir=\"auto\" style=\"vertical-align: inherit\"><span dir=\"auto\" style=\"vertical-align: inherit\">Pensi che il tuo lavoro possa avere un impatto maggiore sulla tua vita e sulla societ\u00e0?\u00a0 <\/span><\/span><strong><span dir=\"auto\" style=\"vertical-align: inherit\"><span dir=\"auto\" style=\"vertical-align: inherit\">Exaudi Institute<\/span><\/span><\/strong><span dir=\"auto\" style=\"vertical-align: inherit\"><span dir=\"auto\" style=\"vertical-align: inherit\"> \u00a0\u00e8 nato per aiutarti a scoprirlo. Come nuovo progetto formativo, stiamo lanciando il\u00a0 <\/span><\/span><strong><span dir=\"auto\" style=\"vertical-align: inherit\"><span dir=\"auto\" style=\"vertical-align: inherit\">Corso Online sulle Virt\u00f9 Professionali<\/span><\/span><\/strong><span dir=\"auto\" style=\"vertical-align: inherit\"><span dir=\"auto\" style=\"vertical-align: inherit\">, un&#8217;opportunit\u00e0 unica per acquisire competenze essenziali che vanno oltre l&#8217;aspetto tecnico: virt\u00f9 che ti rendono un professionista completo ed efficace.<\/span><\/span><\/p>\n<p dir=\"auto\"><span dir=\"auto\" style=\"vertical-align: inherit\"><span dir=\"auto\" style=\"vertical-align: inherit\">Il corso, promosso dalla\u00a0 <\/span><\/span><strong><span dir=\"auto\" style=\"vertical-align: inherit\"><span dir=\"auto\" style=\"vertical-align: inherit\">Fundaci\u00f3n Perspectivas del Trabajo (Fondazione Prospettive del Lavoro)<\/span><\/span><\/strong><span dir=\"auto\" style=\"vertical-align: inherit\"><span dir=\"auto\" style=\"vertical-align: inherit\">, \u00e8 offerto in collaborazione con esperti dell&#8217;Universit\u00e0\u00a0 <\/span><\/span><strong><span dir=\"auto\" style=\"vertical-align: inherit\"><span dir=\"auto\" style=\"vertical-align: inherit\">di Navarra<\/span><\/span><\/strong><span dir=\"auto\" style=\"vertical-align: inherit\"><span dir=\"auto\" style=\"vertical-align: inherit\"> . Javier Ramos, direttore della Fondazione, spiega: &#8220;Vogliamo ispirare le persone a lavorare sempre meglio, concentrandoci sul valore umano del lavoro. Questo programma fornisce gli strumenti per servire con eccellenza&#8221;.<\/span><\/span><\/p>\n<p dir=\"auto\">\n<p dir=\"auto\"><strong><span dir=\"auto\" style=\"vertical-align: inherit\"><span dir=\"auto\" style=\"vertical-align: inherit\">Struttura in 3 moduli pratici:<\/span><\/span><\/strong><\/p>\n<ol dir=\"auto\">\n<li><strong><span dir=\"auto\" style=\"vertical-align: inherit\"><span dir=\"auto\" style=\"vertical-align: inherit\">Conoscere se stessi per gestire se stessi:<\/span><\/span><\/strong><span dir=\"auto\" style=\"vertical-align: inherit\"><span dir=\"auto\" style=\"vertical-align: inherit\"> \u00a0condotto da I\u00f1aki V\u00e9laz, incentrato sulla conoscenza di s\u00e9 come base della crescita.<\/span><\/span><\/li>\n<li><strong><span dir=\"auto\" style=\"vertical-align: inherit\"><span dir=\"auto\" style=\"vertical-align: inherit\">Gestione del tempo da un punto di vista professionale:<\/span><\/span><\/strong><span dir=\"auto\" style=\"vertical-align: inherit\"><span dir=\"auto\" style=\"vertical-align: inherit\"> \u00a0con Javier Ramos e Javier Ant\u00f3n, per dare priorit\u00e0 a ci\u00f2 che conta davvero.<\/span><\/span><\/li>\n<li><strong><span dir=\"auto\" style=\"vertical-align: inherit\"><span dir=\"auto\" style=\"vertical-align: inherit\">Comunicazione efficace:<\/span><\/span><\/strong><span dir=\"auto\" style=\"vertical-align: inherit\"><span dir=\"auto\" style=\"vertical-align: inherit\"> \u00a0tenuto da Javier Ramos e Antonio Virgili, tratta la comunicazione personale, digitale e scritta.<\/span><\/span><\/li>\n<\/ol>\n<p dir=\"auto\"><strong><span dir=\"auto\" style=\"vertical-align: inherit\"><span dir=\"auto\" style=\"vertical-align: inherit\">Dettagli chiave:<\/span><\/span><\/strong><\/p>\n<ul dir=\"auto\">\n<li><strong><span dir=\"auto\" style=\"vertical-align: inherit\"><span dir=\"auto\" style=\"vertical-align: inherit\">Inizio:<\/span><\/span><\/strong><span dir=\"auto\" style=\"vertical-align: inherit\"><span dir=\"auto\" style=\"vertical-align: inherit\"> \u00a01\u00b0 novembre.<\/span><\/span><\/li>\n<li><strong><span dir=\"auto\" style=\"vertical-align: inherit\"><span dir=\"auto\" style=\"vertical-align: inherit\">Durata:<\/span><\/span><\/strong><span dir=\"auto\" style=\"vertical-align: inherit\"><span dir=\"auto\" style=\"vertical-align: inherit\"> \u00a020 ore.<\/span><\/span><\/li>\n<li><strong><span dir=\"auto\" style=\"vertical-align: inherit\"><span dir=\"auto\" style=\"vertical-align: inherit\">Formato:<\/span><\/span><\/strong><span dir=\"auto\" style=\"vertical-align: inherit\"><span dir=\"auto\" style=\"vertical-align: inherit\"> \u00a0100% online, flessibile e accessibile.<\/span><\/span><\/li>\n<\/ul>\n<p dir=\"auto\"><span dir=\"auto\" style=\"vertical-align: inherit\"><span dir=\"auto\" style=\"vertical-align: inherit\">Non \u00e8 solo formazione: \u00e8 un investimento nel tuo scopo professionale. Migliaia di persone cercano un senso nel loro lavoro quotidiano; unisciti a loro e fai la differenza.<\/span><\/span><\/p>\n<p dir=\"auto\"><img decoding=\"async\" class=\"emoji\" role=\"img\" src=\"https:\/\/s.w.org\/images\/core\/emoji\/16.0.1\/svg\/1f449.svg\" alt=\"\ud83d\udc49\" \/>\u00a0<strong><span dir=\"auto\" style=\"vertical-align: inherit\"><span dir=\"auto\" style=\"vertical-align: inherit\">Prenota subito il tuo posto:\u00a0 <\/span><\/span><a href=\"https:\/\/perspectivasdeltrabajo.org\/curso\/virtudes-online\" target=\"_blank\" rel=\"noopener noreferrer nofollow\"><span dir=\"auto\" style=\"vertical-align: inherit\"><span dir=\"auto\" style=\"vertical-align: inherit\">Corso Virt\u00f9 Professionali<\/span><\/span><\/a><\/strong><\/p>\n","protected":false},"excerpt":{"rendered":"<p>Iscriviti al corso online sulle virt\u00f9 professionali<\/p>\n","protected":false},"author":17,"featured_media":144224,"comment_status":"closed","ping_status":"closed","sticky":false,"template":"","format":"standard","meta":{"_acf_changed":false,"_crdt_document":"","inline_featured_image":false,"footnotes":""},"categories":[73],"tags":[79320,79321,79326,17280,79322,79323,16531,56185,30499,79327,79324,79328,79329,53526,79330,31499,4952,64787,13555,77877,79325],"class_list":["post-144269","post","type-post","status-publish","format-standard","has-post-thumbnail","hentry","category-chiesa-e-mondo","tag-antonio-virgili-3","tag-autoconsapevolezza-professionale","tag-competenze-trasversali","tag-comunicazione-efficace","tag-corso-novembre-2025","tag-corso-online-sulle-virtu-professionali","tag-crescita-personale","tag-formazione-online","tag-gestione-del-tempo","tag-inaki-velaz-3","tag-istituto-exaudi","tag-javier-anton-3","tag-javier-ramos-3","tag-lavoro-significativo","tag-scopo-professionale","tag-sviluppo-professionale","tag-trending-it","tag-trending-it-236","tag-universita-di-navarra","tag-virtu-professionali","tag-work-perspectives-foundation"],"acf":[],"yoast_head":"<!-- This site is optimized with the Yoast SEO plugin v27.4 - https:\/\/yoast.com\/product\/yoast-seo-wordpress\/ -->\n<title>Sviluppa le virt\u00f9 professionali e trasforma la tua carriera &#8211; Exaudi<\/title>\n<meta name=\"robots\" content=\"index, follow, max-snippet:-1, max-image-preview:large, max-video-preview:-1\" \/>\n<link rel=\"canonical\" href=\"https:\/\/exaudi.org\/it\/sviluppa-le-virtu-professionali-e-trasforma-la-tua-carriera\/\" \/>\n<meta property=\"og:locale\" content=\"it_IT\" \/>\n<meta property=\"og:type\" content=\"article\" \/>\n<meta property=\"og:title\" content=\"Sviluppa le virt\u00f9 professionali e trasforma la tua carriera &#8211; Exaudi\" \/>\n<meta property=\"og:description\" content=\"Iscriviti al corso online sulle virt\u00f9 professionali\" \/>\n<meta property=\"og:url\" content=\"https:\/\/exaudi.org\/it\/sviluppa-le-virtu-professionali-e-trasforma-la-tua-carriera\/\" \/>\n<meta property=\"og:site_name\" content=\"Exaudi\" \/>\n<meta property=\"article:publisher\" content=\"https:\/\/www.facebook.com\/ExaudiNews\" \/>\n<meta property=\"article:author\" content=\"https:\/\/www.facebook.com\/ExaudiNotizie\/\" \/>\n<meta property=\"article:published_time\" content=\"2025-10-30T11:25:46+00:00\" \/>\n<meta property=\"og:image\" content=\"https:\/\/exaudi.org\/wp-content\/uploads\/2025\/10\/pexels-catalin-buescu-339535060-17223853-scaled.jpg\" \/>\n\t<meta property=\"og:image:width\" content=\"2560\" \/>\n\t<meta property=\"og:image:height\" content=\"1707\" \/>\n\t<meta property=\"og:image:type\" content=\"image\/jpeg\" \/>\n<meta name=\"author\" content=\"Exaudi Redazione\" \/>\n<meta name=\"twitter:card\" content=\"summary_large_image\" \/>\n<meta name=\"twitter:creator\" content=\"@Exaudi_Notizie\" \/>\n<meta name=\"twitter:site\" content=\"@Exaudi_News\" \/>\n<meta name=\"twitter:label1\" content=\"Scritto da\" \/>\n\t<meta name=\"twitter:data1\" content=\"Exaudi Redazione\" \/>\n\t<meta name=\"twitter:label2\" content=\"Tempo di lettura stimato\" \/>\n\t<meta name=\"twitter:data2\" content=\"1 minuto\" \/>\n<script type=\"application\/ld+json\" class=\"yoast-schema-graph\">{\"@context\":\"https:\\\/\\\/schema.org\",\"@graph\":[{\"@type\":\"Article\",\"@id\":\"https:\\\/\\\/exaudi.org\\\/it\\\/sviluppa-le-virtu-professionali-e-trasforma-la-tua-carriera\\\/#article\",\"isPartOf\":{\"@id\":\"https:\\\/\\\/exaudi.org\\\/it\\\/sviluppa-le-virtu-professionali-e-trasforma-la-tua-carriera\\\/\"},\"author\":{\"name\":\"Exaudi Redazione\",\"@id\":\"https:\\\/\\\/exaudi.org\\\/#\\\/schema\\\/person\\\/e1ab6ed07c01774724dd96f925f3a5f0\"},\"headline\":\"Sviluppa le virt\u00f9 professionali e trasforma la tua carriera\",\"datePublished\":\"2025-10-30T11:25:46+00:00\",\"mainEntityOfPage\":{\"@id\":\"https:\\\/\\\/exaudi.org\\\/it\\\/sviluppa-le-virtu-professionali-e-trasforma-la-tua-carriera\\\/\"},\"wordCount\":228,\"image\":{\"@id\":\"https:\\\/\\\/exaudi.org\\\/it\\\/sviluppa-le-virtu-professionali-e-trasforma-la-tua-carriera\\\/#primaryimage\"},\"thumbnailUrl\":\"https:\\\/\\\/exaudi.org\\\/wp-content\\\/uploads\\\/2025\\\/10\\\/pexels-catalin-buescu-339535060-17223853-scaled.jpg\",\"keywords\":[\"Antonio Virgili\",\"autoconsapevolezza professionale\",\"competenze trasversali\",\"COMUNICAZIONE EFFICACE\",\"corso novembre 2025\",\"corso online sulle virt\u00f9 professionali\",\"CRESCITA PERSONALE\",\"formazione online\",\"gestione del tempo\",\"I\u00f1aki V\u00e9laz\",\"Istituto Exaudi\",\"Javier Ant\u00f3n\",\"Javier Ramos\",\"lavoro significativo\",\"scopo professionale\",\"sviluppo professionale\",\"Trending\",\"Trending\",\"UNIVERSIT\u00c0 DI NAVARRA\",\"virt\u00f9 professionali\",\"Work Perspectives Foundation\"],\"articleSection\":[\"Chiesa e Mondo\"],\"inLanguage\":\"it-IT\"},{\"@type\":\"WebPage\",\"@id\":\"https:\\\/\\\/exaudi.org\\\/it\\\/sviluppa-le-virtu-professionali-e-trasforma-la-tua-carriera\\\/\",\"url\":\"https:\\\/\\\/exaudi.org\\\/it\\\/sviluppa-le-virtu-professionali-e-trasforma-la-tua-carriera\\\/\",\"name\":\"Sviluppa le virt\u00f9 professionali e trasforma la tua carriera &#8211; Exaudi\",\"isPartOf\":{\"@id\":\"https:\\\/\\\/exaudi.org\\\/#website\"},\"primaryImageOfPage\":{\"@id\":\"https:\\\/\\\/exaudi.org\\\/it\\\/sviluppa-le-virtu-professionali-e-trasforma-la-tua-carriera\\\/#primaryimage\"},\"image\":{\"@id\":\"https:\\\/\\\/exaudi.org\\\/it\\\/sviluppa-le-virtu-professionali-e-trasforma-la-tua-carriera\\\/#primaryimage\"},\"thumbnailUrl\":\"https:\\\/\\\/exaudi.org\\\/wp-content\\\/uploads\\\/2025\\\/10\\\/pexels-catalin-buescu-339535060-17223853-scaled.jpg\",\"datePublished\":\"2025-10-30T11:25:46+00:00\",\"author\":{\"@id\":\"https:\\\/\\\/exaudi.org\\\/#\\\/schema\\\/person\\\/e1ab6ed07c01774724dd96f925f3a5f0\"},\"breadcrumb\":{\"@id\":\"https:\\\/\\\/exaudi.org\\\/it\\\/sviluppa-le-virtu-professionali-e-trasforma-la-tua-carriera\\\/#breadcrumb\"},\"inLanguage\":\"it-IT\",\"potentialAction\":[{\"@type\":\"ReadAction\",\"target\":[\"https:\\\/\\\/exaudi.org\\\/it\\\/sviluppa-le-virtu-professionali-e-trasforma-la-tua-carriera\\\/\"]}]},{\"@type\":\"ImageObject\",\"inLanguage\":\"it-IT\",\"@id\":\"https:\\\/\\\/exaudi.org\\\/it\\\/sviluppa-le-virtu-professionali-e-trasforma-la-tua-carriera\\\/#primaryimage\",\"url\":\"https:\\\/\\\/exaudi.org\\\/wp-content\\\/uploads\\\/2025\\\/10\\\/pexels-catalin-buescu-339535060-17223853-scaled.jpg\",\"contentUrl\":\"https:\\\/\\\/exaudi.org\\\/wp-content\\\/uploads\\\/2025\\\/10\\\/pexels-catalin-buescu-339535060-17223853-scaled.jpg\",\"width\":2560,\"height\":1707},{\"@type\":\"BreadcrumbList\",\"@id\":\"https:\\\/\\\/exaudi.org\\\/it\\\/sviluppa-le-virtu-professionali-e-trasforma-la-tua-carriera\\\/#breadcrumb\",\"itemListElement\":[{\"@type\":\"ListItem\",\"position\":1,\"name\":\"Portada\",\"item\":\"https:\\\/\\\/exaudi.org\\\/it\\\/\"},{\"@type\":\"ListItem\",\"position\":2,\"name\":\"Sviluppa le virt\u00f9 professionali e trasforma la tua carriera\"}]},{\"@type\":\"WebSite\",\"@id\":\"https:\\\/\\\/exaudi.org\\\/#website\",\"url\":\"https:\\\/\\\/exaudi.org\\\/\",\"name\":\"Exaudi\",\"description\":\"News\",\"potentialAction\":[{\"@type\":\"SearchAction\",\"target\":{\"@type\":\"EntryPoint\",\"urlTemplate\":\"https:\\\/\\\/exaudi.org\\\/?s={search_term_string}\"},\"query-input\":{\"@type\":\"PropertyValueSpecification\",\"valueRequired\":true,\"valueName\":\"search_term_string\"}}],\"inLanguage\":\"it-IT\"},{\"@type\":\"Person\",\"@id\":\"https:\\\/\\\/exaudi.org\\\/#\\\/schema\\\/person\\\/e1ab6ed07c01774724dd96f925f3a5f0\",\"name\":\"Exaudi Redazione\",\"image\":{\"@type\":\"ImageObject\",\"inLanguage\":\"it-IT\",\"@id\":\"https:\\\/\\\/secure.gravatar.com\\\/avatar\\\/ad6774b3ada023bf5b939d64f45c94b3adf91502dd883507d469b4308a943bb3?s=96&d=mm&r=g\",\"url\":\"https:\\\/\\\/secure.gravatar.com\\\/avatar\\\/ad6774b3ada023bf5b939d64f45c94b3adf91502dd883507d469b4308a943bb3?s=96&d=mm&r=g\",\"contentUrl\":\"https:\\\/\\\/secure.gravatar.com\\\/avatar\\\/ad6774b3ada023bf5b939d64f45c94b3adf91502dd883507d469b4308a943bb3?s=96&d=mm&r=g\",\"caption\":\"Exaudi Redazione\"},\"description\":\"Che cosa \u00e8 Exaudi News? Exaudi News \u00e8 un agenzia cattolica internazionale che informa, istruisce e trasforma quotidianamente in spagnolo, inglese e italiano. Attraverso notizie, articoli di analisi e trasmissioni in diretta degli eventi del Papa, Exaudi cerca di rafforzare l'unit\u00e0 dei cristiani e di contribuire all'evangelizzazione del mondo, sempre guidato dalla dottrina sociale della Chiesa. Lavoriamo per portare la verit\u00e0 e i valori cristiani in ogni angolo del pianeta. Aiutaci a trasformare il mondo con Exaudi! Noi di Exaudi crediamo che l'evangelizzazione e l'informazione di qualit\u00e0 possano cambiare la vita. Per continuare la nostra missione ed espandere la nostra portata, abbiamo bisogno del tuo aiuto. Stiamo anche cercando persone motivate che vogliano unirsi al nostro team. Grazie al vostro sostegno raggiungeremo pi\u00f9 persone, diffonderemo il messaggio di Cristo e rafforzeremo l'unit\u00e0 dei cristiani. Vuoi unirti alla nostra missione? Per maggiori informazioni su come contribuire, visita Exaudi.org\\\/it o contattaci direttamente: info@exaudi.org Exaudi: informa, forma e trasforma.\",\"sameAs\":[\"https:\\\/\\\/www.facebook.com\\\/ExaudiNotizie\\\/\",\"https:\\\/\\\/www.instagram.com\\\/Exaudi_notizie\\\/\",\"https:\\\/\\\/x.com\\\/Exaudi_Notizie\",\"https:\\\/\\\/www.youtube.com\\\/@exaudicatholicnews\"],\"url\":\"https:\\\/\\\/exaudi.org\\\/it\\\/author\\\/dlvedi-org\\\/\"}]}<\/script>\n<!-- \/ Yoast SEO plugin. -->","yoast_head_json":{"title":"Sviluppa le virt\u00f9 professionali e trasforma la tua carriera &#8211; Exaudi","robots":{"index":"index","follow":"follow","max-snippet":"max-snippet:-1","max-image-preview":"max-image-preview:large","max-video-preview":"max-video-preview:-1"},"canonical":"https:\/\/exaudi.org\/it\/sviluppa-le-virtu-professionali-e-trasforma-la-tua-carriera\/","og_locale":"it_IT","og_type":"article","og_title":"Sviluppa le virt\u00f9 professionali e trasforma la tua carriera &#8211; Exaudi","og_description":"Iscriviti al corso online sulle virt\u00f9 professionali","og_url":"https:\/\/exaudi.org\/it\/sviluppa-le-virtu-professionali-e-trasforma-la-tua-carriera\/","og_site_name":"Exaudi","article_publisher":"https:\/\/www.facebook.com\/ExaudiNews","article_author":"https:\/\/www.facebook.com\/ExaudiNotizie\/","article_published_time":"2025-10-30T11:25:46+00:00","og_image":[{"width":2560,"height":1707,"url":"https:\/\/exaudi.org\/wp-content\/uploads\/2025\/10\/pexels-catalin-buescu-339535060-17223853-scaled.jpg","type":"image\/jpeg"}],"author":"Exaudi Redazione","twitter_card":"summary_large_image","twitter_creator":"@Exaudi_Notizie","twitter_site":"@Exaudi_News","twitter_misc":{"Scritto da":"Exaudi Redazione","Tempo di lettura stimato":"1 minuto"},"schema":{"@context":"https:\/\/schema.org","@graph":[{"@type":"Article","@id":"https:\/\/exaudi.org\/it\/sviluppa-le-virtu-professionali-e-trasforma-la-tua-carriera\/#article","isPartOf":{"@id":"https:\/\/exaudi.org\/it\/sviluppa-le-virtu-professionali-e-trasforma-la-tua-carriera\/"},"author":{"name":"Exaudi Redazione","@id":"https:\/\/exaudi.org\/#\/schema\/person\/e1ab6ed07c01774724dd96f925f3a5f0"},"headline":"Sviluppa le virt\u00f9 professionali e trasforma la tua carriera","datePublished":"2025-10-30T11:25:46+00:00","mainEntityOfPage":{"@id":"https:\/\/exaudi.org\/it\/sviluppa-le-virtu-professionali-e-trasforma-la-tua-carriera\/"},"wordCount":228,"image":{"@id":"https:\/\/exaudi.org\/it\/sviluppa-le-virtu-professionali-e-trasforma-la-tua-carriera\/#primaryimage"},"thumbnailUrl":"https:\/\/exaudi.org\/wp-content\/uploads\/2025\/10\/pexels-catalin-buescu-339535060-17223853-scaled.jpg","keywords":["Antonio Virgili","autoconsapevolezza professionale","competenze trasversali","COMUNICAZIONE EFFICACE","corso novembre 2025","corso online sulle virt\u00f9 professionali","CRESCITA PERSONALE","formazione online","gestione del tempo","I\u00f1aki V\u00e9laz","Istituto Exaudi","Javier Ant\u00f3n","Javier Ramos","lavoro significativo","scopo professionale","sviluppo professionale","Trending","Trending","UNIVERSIT\u00c0 DI NAVARRA","virt\u00f9 professionali","Work Perspectives Foundation"],"articleSection":["Chiesa e Mondo"],"inLanguage":"it-IT"},{"@type":"WebPage","@id":"https:\/\/exaudi.org\/it\/sviluppa-le-virtu-professionali-e-trasforma-la-tua-carriera\/","url":"https:\/\/exaudi.org\/it\/sviluppa-le-virtu-professionali-e-trasforma-la-tua-carriera\/","name":"Sviluppa le virt\u00f9 professionali e trasforma la tua carriera &#8211; Exaudi","isPartOf":{"@id":"https:\/\/exaudi.org\/#website"},"primaryImageOfPage":{"@id":"https:\/\/exaudi.org\/it\/sviluppa-le-virtu-professionali-e-trasforma-la-tua-carriera\/#primaryimage"},"image":{"@id":"https:\/\/exaudi.org\/it\/sviluppa-le-virtu-professionali-e-trasforma-la-tua-carriera\/#primaryimage"},"thumbnailUrl":"https:\/\/exaudi.org\/wp-content\/uploads\/2025\/10\/pexels-catalin-buescu-339535060-17223853-scaled.jpg","datePublished":"2025-10-30T11:25:46+00:00","author":{"@id":"https:\/\/exaudi.org\/#\/schema\/person\/e1ab6ed07c01774724dd96f925f3a5f0"},"breadcrumb":{"@id":"https:\/\/exaudi.org\/it\/sviluppa-le-virtu-professionali-e-trasforma-la-tua-carriera\/#breadcrumb"},"inLanguage":"it-IT","potentialAction":[{"@type":"ReadAction","target":["https:\/\/exaudi.org\/it\/sviluppa-le-virtu-professionali-e-trasforma-la-tua-carriera\/"]}]},{"@type":"ImageObject","inLanguage":"it-IT","@id":"https:\/\/exaudi.org\/it\/sviluppa-le-virtu-professionali-e-trasforma-la-tua-carriera\/#primaryimage","url":"https:\/\/exaudi.org\/wp-content\/uploads\/2025\/10\/pexels-catalin-buescu-339535060-17223853-scaled.jpg","contentUrl":"https:\/\/exaudi.org\/wp-content\/uploads\/2025\/10\/pexels-catalin-buescu-339535060-17223853-scaled.jpg","width":2560,"height":1707},{"@type":"BreadcrumbList","@id":"https:\/\/exaudi.org\/it\/sviluppa-le-virtu-professionali-e-trasforma-la-tua-carriera\/#breadcrumb","itemListElement":[{"@type":"ListItem","position":1,"name":"Portada","item":"https:\/\/exaudi.org\/it\/"},{"@type":"ListItem","position":2,"name":"Sviluppa le virt\u00f9 professionali e trasforma la tua carriera"}]},{"@type":"WebSite","@id":"https:\/\/exaudi.org\/#website","url":"https:\/\/exaudi.org\/","name":"Exaudi","description":"News","potentialAction":[{"@type":"SearchAction","target":{"@type":"EntryPoint","urlTemplate":"https:\/\/exaudi.org\/?s={search_term_string}"},"query-input":{"@type":"PropertyValueSpecification","valueRequired":true,"valueName":"search_term_string"}}],"inLanguage":"it-IT"},{"@type":"Person","@id":"https:\/\/exaudi.org\/#\/schema\/person\/e1ab6ed07c01774724dd96f925f3a5f0","name":"Exaudi Redazione","image":{"@type":"ImageObject","inLanguage":"it-IT","@id":"https:\/\/secure.gravatar.com\/avatar\/ad6774b3ada023bf5b939d64f45c94b3adf91502dd883507d469b4308a943bb3?s=96&d=mm&r=g","url":"https:\/\/secure.gravatar.com\/avatar\/ad6774b3ada023bf5b939d64f45c94b3adf91502dd883507d469b4308a943bb3?s=96&d=mm&r=g","contentUrl":"https:\/\/secure.gravatar.com\/avatar\/ad6774b3ada023bf5b939d64f45c94b3adf91502dd883507d469b4308a943bb3?s=96&d=mm&r=g","caption":"Exaudi Redazione"},"description":"Che cosa \u00e8 Exaudi News? Exaudi News \u00e8 un agenzia cattolica internazionale che informa, istruisce e trasforma quotidianamente in spagnolo, inglese e italiano. Attraverso notizie, articoli di analisi e trasmissioni in diretta degli eventi del Papa, Exaudi cerca di rafforzare l'unit\u00e0 dei cristiani e di contribuire all'evangelizzazione del mondo, sempre guidato dalla dottrina sociale della Chiesa. Lavoriamo per portare la verit\u00e0 e i valori cristiani in ogni angolo del pianeta. Aiutaci a trasformare il mondo con Exaudi! Noi di Exaudi crediamo che l'evangelizzazione e l'informazione di qualit\u00e0 possano cambiare la vita. Per continuare la nostra missione ed espandere la nostra portata, abbiamo bisogno del tuo aiuto. Stiamo anche cercando persone motivate che vogliano unirsi al nostro team. Grazie al vostro sostegno raggiungeremo pi\u00f9 persone, diffonderemo il messaggio di Cristo e rafforzeremo l'unit\u00e0 dei cristiani. Vuoi unirti alla nostra missione? Per maggiori informazioni su come contribuire, visita Exaudi.org\/it o contattaci direttamente: info@exaudi.org Exaudi: informa, forma e trasforma.","sameAs":["https:\/\/www.facebook.com\/ExaudiNotizie\/","https:\/\/www.instagram.com\/Exaudi_notizie\/","https:\/\/x.com\/Exaudi_Notizie","https:\/\/www.youtube.com\/@exaudicatholicnews"],"url":"https:\/\/exaudi.org\/it\/author\/dlvedi-org\/"}]}},"jetpack_featured_media_url":"https:\/\/exaudi.org\/wp-content\/uploads\/2025\/10\/pexels-catalin-buescu-339535060-17223853-scaled.jpg","jetpack_shortlink":"https:\/\/wp.me\/pgKjF2-BwV","_links":{"self":[{"href":"https:\/\/exaudi.org\/it\/wp-json\/wp\/v2\/posts\/144269","targetHints":{"allow":["GET"]}}],"collection":[{"href":"https:\/\/exaudi.org\/it\/wp-json\/wp\/v2\/posts"}],"about":[{"href":"https:\/\/exaudi.org\/it\/wp-json\/wp\/v2\/types\/post"}],"author":[{"embeddable":true,"href":"https:\/\/exaudi.org\/it\/wp-json\/wp\/v2\/users\/17"}],"replies":[{"embeddable":true,"href":"https:\/\/exaudi.org\/it\/wp-json\/wp\/v2\/comments?post=144269"}],"version-history":[{"count":3,"href":"https:\/\/exaudi.org\/it\/wp-json\/wp\/v2\/posts\/144269\/revisions"}],"predecessor-version":[{"id":144272,"href":"https:\/\/exaudi.org\/it\/wp-json\/wp\/v2\/posts\/144269\/revisions\/144272"}],"wp:featuredmedia":[{"embeddable":true,"href":"https:\/\/exaudi.org\/it\/wp-json\/wp\/v2\/media\/144224"}],"wp:attachment":[{"href":"https:\/\/exaudi.org\/it\/wp-json\/wp\/v2\/media?parent=144269"}],"wp:term":[{"taxonomy":"category","embeddable":true,"href":"https:\/\/exaudi.org\/it\/wp-json\/wp\/v2\/categories?post=144269"},{"taxonomy":"post_tag","embeddable":true,"href":"https:\/\/exaudi.org\/it\/wp-json\/wp\/v2\/tags?post=144269"}],"curies":[{"name":"wp","href":"https:\/\/api.w.org\/{rel}","templated":true}]}}