{"id":144189,"date":"2025-10-29T18:32:44","date_gmt":"2025-10-29T17:32:44","guid":{"rendered":"https:\/\/exaudi.org\/?p=144189"},"modified":"2025-10-29T18:32:44","modified_gmt":"2025-10-29T17:32:44","slug":"addio-alla-noia-spirituale-come-trasformare-la-routine-in-un-cammino-gioioso-verso-dio","status":"publish","type":"post","link":"https:\/\/exaudi.org\/it\/addio-alla-noia-spirituale-come-trasformare-la-routine-in-un-cammino-gioioso-verso-dio\/","title":{"rendered":"Addio alla noia spirituale! Come trasformare la routine in un cammino gioioso verso Dio"},"content":{"rendered":"<h3 data-start=\"359\" data-end=\"401\"><strong><span dir=\"auto\" style=\"vertical-align: inherit\"><span dir=\"auto\" style=\"vertical-align: inherit\">Monotonia spirituale? Non cos\u00ec in fretta!<\/span><\/span><\/strong><\/h3>\n<p data-start=\"403\" data-end=\"629\"><span dir=\"auto\" style=\"vertical-align: inherit\"><span dir=\"auto\" style=\"vertical-align: inherit\">Abbiamo tutti avuto la sensazione che recitare le stesse preghiere, partecipare alla Messa o meditare ogni giorno possa diventare&#8230;, beh, monotono. \u00c8 come mangiare spaghetti per tre giorni di fila: deliziosi all&#8217;inizio, ma poi pensi: &#8220;Ancora?&#8221;<\/span><\/span><\/p>\n<p data-start=\"631\" data-end=\"806\"><span dir=\"auto\" style=\"vertical-align: inherit\"><span dir=\"auto\" style=\"vertical-align: inherit\">La buona notizia \u00e8 che la vita spirituale non \u00e8 priva di creativit\u00e0: anche nella routine pi\u00f9 ripetitiva, Dio ci invita a scoprirlo in modi nuovi e sorprendenti.<\/span><\/span><\/p>\n<h3 data-start=\"813\" data-end=\"840\"><strong><span dir=\"auto\" style=\"vertical-align: inherit\"><span dir=\"auto\" style=\"vertical-align: inherit\">Perch\u00e9 ci succede questo?<\/span><\/span><\/strong><\/h3>\n<p data-start=\"842\" data-end=\"1065\"><span dir=\"auto\" style=\"vertical-align: inherit\"><span dir=\"auto\" style=\"vertical-align: inherit\">Il teologo Francisco Fern\u00e1ndez Carvajal sottolinea che la monotonia nasce quando ci concentriamo troppo sulla forma e troppo poco sulla sostanza della nostra fede. In altre parole, seguiamo la &#8220;ricetta&#8221; ma dimentichiamo di assaporare il cibo.<\/span><\/span><\/p>\n<p data-start=\"1067\" data-end=\"1317\"><span dir=\"auto\" style=\"vertical-align: inherit\"><span dir=\"auto\" style=\"vertical-align: inherit\">Papa Benedetto XVI ci ricorda che l&#8217;essenza della santit\u00e0 \u00e8 l&#8217;amore. Se la nostra vita spirituale non ci sembra viva, forse abbiamo bisogno di ravvivare quella scintilla d&#8217;amore che d\u00e0 senso a ogni preghiera, a ogni azione, a ogni piccolo gesto quotidiano.<\/span><\/span><\/p>\n<h3 data-start=\"1324\" data-end=\"1367\"><strong><span dir=\"auto\" style=\"vertical-align: inherit\"><span dir=\"auto\" style=\"vertical-align: inherit\">Strategie per dare vita alla tua routine<\/span><\/span><\/strong><\/h3>\n<ol data-start=\"1369\" data-end=\"2410\">\n<li data-start=\"1369\" data-end=\"1578\">\n<p data-start=\"1372\" data-end=\"1578\"><strong data-start=\"1372\" data-end=\"1400\"><span dir=\"auto\" style=\"vertical-align: inherit\"><span dir=\"auto\" style=\"vertical-align: inherit\">Cambia il tuo atteggiamento:<\/span><\/span><\/strong><span dir=\"auto\" style=\"vertical-align: inherit\"><span dir=\"auto\" style=\"vertical-align: inherit\"> \u00a0ogni preghiera ripetuta non \u00e8 un compito noioso, \u00e8 un incontro con Dio. Immagina che ogni Padre Nostro o Ave Maria sia una lettera personale che scrivi al tuo migliore amico.<\/span><\/span><\/p>\n<\/li>\n<li data-start=\"1580\" data-end=\"1784\">\n<p data-start=\"1583\" data-end=\"1784\"><strong data-start=\"1583\" data-end=\"1607\"><span dir=\"auto\" style=\"vertical-align: inherit\"><span dir=\"auto\" style=\"vertical-align: inherit\">Fate tutto con amore:<\/span><\/span><\/strong><span dir=\"auto\" style=\"vertical-align: inherit\"><span dir=\"auto\" style=\"vertical-align: inherit\"> \u00a0San Josemar\u00eda Escriv\u00e1 diceva che fare tutto per amore trasforma l&#8217;ordinario in straordinario. Anche lavare i piatti pu\u00f2 essere un&#8217;occasione per dire: &#8220;Ti amo, Signore&#8221;.<\/span><\/span><\/p>\n<\/li>\n<li data-start=\"1786\" data-end=\"1993\">\n<p data-start=\"1789\" data-end=\"1993\"><strong data-start=\"1789\" data-end=\"1837\"><span dir=\"auto\" style=\"vertical-align: inherit\"><span dir=\"auto\" style=\"vertical-align: inherit\">Trova lo straordinario nella quotidianit\u00e0:<\/span><\/span><\/strong><span dir=\"auto\" style=\"vertical-align: inherit\"><span dir=\"auto\" style=\"vertical-align: inherit\"> \u00a0guardati intorno: il canto di un uccello, il sorriso di un vicino, il profumo del pane appena sfornato. Tutto pu\u00f2 ricordarti la presenza di Dio.<\/span><\/span><\/p>\n<\/li>\n<li data-start=\"1995\" data-end=\"2215\">\n<p data-start=\"1998\" data-end=\"2215\"><strong data-start=\"1998\" data-end=\"2025\"><span dir=\"auto\" style=\"vertical-align: inherit\"><span dir=\"auto\" style=\"vertical-align: inherit\">Condividi e fatti una risata:<\/span><\/span><\/strong><span dir=\"auto\" style=\"vertical-align: inherit\"><span dir=\"auto\" style=\"vertical-align: inherit\"> \u00a0raccontare a qualcuno la tua vita spirituale pu\u00f2 essere rigenerante. A volte una conversazione spensierata con amici di fede rinnova il nostro entusiasmo pi\u00f9 di qualsiasi seria lezione.<\/span><\/span><\/p>\n<\/li>\n<li data-start=\"2217\" data-end=\"2410\">\n<p data-start=\"2220\" data-end=\"2410\"><strong data-start=\"2220\" data-end=\"2244\"><span dir=\"auto\" style=\"vertical-align: inherit\"><span dir=\"auto\" style=\"vertical-align: inherit\">Confida nella grazia:<\/span><\/span><\/strong><span dir=\"auto\" style=\"vertical-align: inherit\"><span dir=\"auto\" style=\"vertical-align: inherit\"> \u00a0ricorda che non sei solo. Dio cammina con te anche quando tutto sembra ripetitivo. La routine non \u00e8 un ostacolo; \u00e8 il terreno su cui la Sua grazia pu\u00f2 fiorire.<\/span><\/span><\/p>\n<\/li>\n<\/ol>\n<h3 data-start=\"2417\" data-end=\"2455\"><strong><span dir=\"auto\" style=\"vertical-align: inherit\"><span dir=\"auto\" style=\"vertical-align: inherit\">Trasformare la routine in gioia<\/span><\/span><\/strong><\/h3>\n<p data-start=\"2457\" data-end=\"2715\"><span dir=\"auto\" style=\"vertical-align: inherit\"><span dir=\"auto\" style=\"vertical-align: inherit\">La monotonia spirituale pu\u00f2 essere la tua pi\u00f9 grande alleata nella crescita, se la affronti con occhi nuovi. Papa Giovanni Paolo II disse che la vita spirituale \u00e8 una &#8220;scuola di preghiera&#8221;. E ogni scuola ha bisogno di pratica, pazienza&#8230;, e anche di momenti di divertimento!<\/span><\/span><\/p>\n<p data-start=\"2717\" data-end=\"2967\"><span dir=\"auto\" style=\"vertical-align: inherit\"><span dir=\"auto\" style=\"vertical-align: inherit\">La prossima volta che senti che la tua vita spirituale sta diventando ripetitiva, sorridi. Osserva, ringrazia e offri la tua routine a Dio. Con un po&#8217; di creativit\u00e0 e tanto amore, la routine pu\u00f2 diventare un&#8217;avventura quotidiana verso la santit\u00e0 e la gioia.<\/span><\/span><\/p>\n","protected":false},"excerpt":{"rendered":"<p>Trasforma le tue pratiche quotidiane in piccole avventure di santit\u00e0, gioia e crescita spirituale<\/p>\n","protected":false},"author":149,"featured_media":143734,"comment_status":"closed","ping_status":"closed","sticky":false,"template":"","format":"standard","meta":{"_acf_changed":false,"_crdt_document":"","inline_featured_image":false,"footnotes":""},"categories":[71],"tags":[72330,20601,79225,15200,79224,20607,34444,55360,25656,79226,73664,79227,20944,79228,79229,67980,40355,79230,64787,79231,14223,23279],"class_list":["post-144189","post","type-post","status-publish","format-standard","has-post-thumbnail","hentry","category-analisi","tag-abitudini-cristiane","tag-amore-di-dio","tag-consigli-spirituali","tag-crescita-spirituale","tag-gioia-spirituale","tag-incontro-con-dio","tag-insegnamento-cattolico","tag-ispirazione-cattolica","tag-javier-ferrer-garcia-2","tag-monotonia-spirituale","tag-motivazione-cattolica","tag-pratiche-religiose","tag-preghiera-quotidiana","tag-rinnovare-la-fede","tag-routine-e-fede","tag-santita-quotidiana","tag-spiritualita-quotidiana","tag-superare-la-routine","tag-trending-it-236","tag-vita-con-dio","tag-vita-cristiana","tag-vita-interiore"],"acf":[],"yoast_head":"<!-- This site is optimized with the Yoast SEO plugin v27.4 - https:\/\/yoast.com\/product\/yoast-seo-wordpress\/ -->\n<title>Addio alla noia spirituale! Come trasformare la routine in un cammino gioioso verso Dio &#8211; Exaudi<\/title>\n<meta name=\"robots\" content=\"index, follow, max-snippet:-1, max-image-preview:large, max-video-preview:-1\" \/>\n<link rel=\"canonical\" href=\"https:\/\/exaudi.org\/it\/addio-alla-noia-spirituale-come-trasformare-la-routine-in-un-cammino-gioioso-verso-dio\/\" \/>\n<meta property=\"og:locale\" content=\"it_IT\" \/>\n<meta property=\"og:type\" content=\"article\" \/>\n<meta property=\"og:title\" content=\"Addio alla noia spirituale! Come trasformare la routine in un cammino gioioso verso Dio &#8211; Exaudi\" \/>\n<meta property=\"og:description\" content=\"Trasforma le tue pratiche quotidiane in piccole avventure di santit\u00e0, gioia e crescita spirituale\" \/>\n<meta property=\"og:url\" content=\"https:\/\/exaudi.org\/it\/addio-alla-noia-spirituale-come-trasformare-la-routine-in-un-cammino-gioioso-verso-dio\/\" \/>\n<meta property=\"og:site_name\" content=\"Exaudi\" \/>\n<meta property=\"article:publisher\" content=\"https:\/\/www.facebook.com\/ExaudiNews\" \/>\n<meta property=\"article:published_time\" content=\"2025-10-29T17:32:44+00:00\" \/>\n<meta property=\"og:image\" content=\"https:\/\/exaudi.org\/wp-content\/uploads\/2025\/10\/pexels-kampus-7414081-scaled.jpg\" \/>\n\t<meta property=\"og:image:width\" content=\"2560\" \/>\n\t<meta property=\"og:image:height\" content=\"1707\" \/>\n\t<meta property=\"og:image:type\" content=\"image\/jpeg\" \/>\n<meta name=\"author\" content=\"Javier Ferrer Garc\u00eda\" \/>\n<meta name=\"twitter:card\" content=\"summary_large_image\" \/>\n<meta name=\"twitter:creator\" content=\"@Exaudi_News\" \/>\n<meta name=\"twitter:site\" content=\"@Exaudi_News\" \/>\n<meta name=\"twitter:label1\" content=\"Scritto da\" \/>\n\t<meta name=\"twitter:data1\" content=\"Javier Ferrer Garc\u00eda\" \/>\n\t<meta name=\"twitter:label2\" content=\"Tempo di lettura stimato\" \/>\n\t<meta name=\"twitter:data2\" content=\"2 minuti\" \/>\n<script type=\"application\/ld+json\" class=\"yoast-schema-graph\">{\"@context\":\"https:\\\/\\\/schema.org\",\"@graph\":[{\"@type\":\"Article\",\"@id\":\"https:\\\/\\\/exaudi.org\\\/it\\\/addio-alla-noia-spirituale-come-trasformare-la-routine-in-un-cammino-gioioso-verso-dio\\\/#article\",\"isPartOf\":{\"@id\":\"https:\\\/\\\/exaudi.org\\\/it\\\/addio-alla-noia-spirituale-come-trasformare-la-routine-in-un-cammino-gioioso-verso-dio\\\/\"},\"author\":{\"name\":\"Javier Ferrer Garc\u00eda\",\"@id\":\"https:\\\/\\\/exaudi.org\\\/#\\\/schema\\\/person\\\/0428626ea256fe1d193098fe0ee2b91d\"},\"headline\":\"Addio alla noia spirituale! Come trasformare la routine in un cammino gioioso verso Dio\",\"datePublished\":\"2025-10-29T17:32:44+00:00\",\"mainEntityOfPage\":{\"@id\":\"https:\\\/\\\/exaudi.org\\\/it\\\/addio-alla-noia-spirituale-come-trasformare-la-routine-in-un-cammino-gioioso-verso-dio\\\/\"},\"wordCount\":427,\"image\":{\"@id\":\"https:\\\/\\\/exaudi.org\\\/it\\\/addio-alla-noia-spirituale-come-trasformare-la-routine-in-un-cammino-gioioso-verso-dio\\\/#primaryimage\"},\"thumbnailUrl\":\"https:\\\/\\\/exaudi.org\\\/wp-content\\\/uploads\\\/2025\\\/10\\\/pexels-kampus-7414081-scaled.jpg\",\"keywords\":[\"Abitudini cristiane\",\"AMORE DI DIO\",\"consigli spirituali\",\"crescita spirituale\",\"gioia spirituale\",\"INCONTRO CON DIO\",\"Insegnamento cattolico\",\"Ispirazione cattolica\",\"Javier Ferrer Garc\u00eda\",\"monotonia spirituale\",\"Motivazione cattolica\",\"pratiche religiose\",\"PREGHIERA QUOTIDIANA\",\"rinnovare la fede\",\"routine e fede\",\"santit\u00e0 quotidiana\",\"spiritualit\u00e0 quotidiana\",\"superare la routine\",\"Trending\",\"vita con Dio\",\"VITA CRISTIANA\",\"vita interiore\"],\"articleSection\":[\"Analisi\"],\"inLanguage\":\"it-IT\"},{\"@type\":\"WebPage\",\"@id\":\"https:\\\/\\\/exaudi.org\\\/it\\\/addio-alla-noia-spirituale-come-trasformare-la-routine-in-un-cammino-gioioso-verso-dio\\\/\",\"url\":\"https:\\\/\\\/exaudi.org\\\/it\\\/addio-alla-noia-spirituale-come-trasformare-la-routine-in-un-cammino-gioioso-verso-dio\\\/\",\"name\":\"Addio alla noia spirituale! Come trasformare la routine in un cammino gioioso verso Dio &#8211; Exaudi\",\"isPartOf\":{\"@id\":\"https:\\\/\\\/exaudi.org\\\/#website\"},\"primaryImageOfPage\":{\"@id\":\"https:\\\/\\\/exaudi.org\\\/it\\\/addio-alla-noia-spirituale-come-trasformare-la-routine-in-un-cammino-gioioso-verso-dio\\\/#primaryimage\"},\"image\":{\"@id\":\"https:\\\/\\\/exaudi.org\\\/it\\\/addio-alla-noia-spirituale-come-trasformare-la-routine-in-un-cammino-gioioso-verso-dio\\\/#primaryimage\"},\"thumbnailUrl\":\"https:\\\/\\\/exaudi.org\\\/wp-content\\\/uploads\\\/2025\\\/10\\\/pexels-kampus-7414081-scaled.jpg\",\"datePublished\":\"2025-10-29T17:32:44+00:00\",\"author\":{\"@id\":\"https:\\\/\\\/exaudi.org\\\/#\\\/schema\\\/person\\\/0428626ea256fe1d193098fe0ee2b91d\"},\"breadcrumb\":{\"@id\":\"https:\\\/\\\/exaudi.org\\\/it\\\/addio-alla-noia-spirituale-come-trasformare-la-routine-in-un-cammino-gioioso-verso-dio\\\/#breadcrumb\"},\"inLanguage\":\"it-IT\",\"potentialAction\":[{\"@type\":\"ReadAction\",\"target\":[\"https:\\\/\\\/exaudi.org\\\/it\\\/addio-alla-noia-spirituale-come-trasformare-la-routine-in-un-cammino-gioioso-verso-dio\\\/\"]}]},{\"@type\":\"ImageObject\",\"inLanguage\":\"it-IT\",\"@id\":\"https:\\\/\\\/exaudi.org\\\/it\\\/addio-alla-noia-spirituale-come-trasformare-la-routine-in-un-cammino-gioioso-verso-dio\\\/#primaryimage\",\"url\":\"https:\\\/\\\/exaudi.org\\\/wp-content\\\/uploads\\\/2025\\\/10\\\/pexels-kampus-7414081-scaled.jpg\",\"contentUrl\":\"https:\\\/\\\/exaudi.org\\\/wp-content\\\/uploads\\\/2025\\\/10\\\/pexels-kampus-7414081-scaled.jpg\",\"width\":2560,\"height\":1707},{\"@type\":\"BreadcrumbList\",\"@id\":\"https:\\\/\\\/exaudi.org\\\/it\\\/addio-alla-noia-spirituale-come-trasformare-la-routine-in-un-cammino-gioioso-verso-dio\\\/#breadcrumb\",\"itemListElement\":[{\"@type\":\"ListItem\",\"position\":1,\"name\":\"Portada\",\"item\":\"https:\\\/\\\/exaudi.org\\\/it\\\/\"},{\"@type\":\"ListItem\",\"position\":2,\"name\":\"Addio alla noia spirituale! Come trasformare la routine in un cammino gioioso verso Dio\"}]},{\"@type\":\"WebSite\",\"@id\":\"https:\\\/\\\/exaudi.org\\\/#website\",\"url\":\"https:\\\/\\\/exaudi.org\\\/\",\"name\":\"Exaudi\",\"description\":\"News\",\"potentialAction\":[{\"@type\":\"SearchAction\",\"target\":{\"@type\":\"EntryPoint\",\"urlTemplate\":\"https:\\\/\\\/exaudi.org\\\/?s={search_term_string}\"},\"query-input\":{\"@type\":\"PropertyValueSpecification\",\"valueRequired\":true,\"valueName\":\"search_term_string\"}}],\"inLanguage\":\"it-IT\"},{\"@type\":\"Person\",\"@id\":\"https:\\\/\\\/exaudi.org\\\/#\\\/schema\\\/person\\\/0428626ea256fe1d193098fe0ee2b91d\",\"name\":\"Javier Ferrer Garc\u00eda\",\"image\":{\"@type\":\"ImageObject\",\"inLanguage\":\"it-IT\",\"@id\":\"https:\\\/\\\/secure.gravatar.com\\\/avatar\\\/c7bc1aef05f4433794cef4a55499c99ae6c0d617e2aa24ba4876a5432af93b2d?s=96&d=mm&r=g\",\"url\":\"https:\\\/\\\/secure.gravatar.com\\\/avatar\\\/c7bc1aef05f4433794cef4a55499c99ae6c0d617e2aa24ba4876a5432af93b2d?s=96&d=mm&r=g\",\"contentUrl\":\"https:\\\/\\\/secure.gravatar.com\\\/avatar\\\/c7bc1aef05f4433794cef4a55499c99ae6c0d617e2aa24ba4876a5432af93b2d?s=96&d=mm&r=g\",\"caption\":\"Javier Ferrer Garc\u00eda\"},\"description\":\"Soy un apasionado de la vida. Fil\u00f3sofo y economista. Mi carrera profesional se ha enriquecido con el constante deseo de aprender y crecer tanto en el \u00e1mbito acad\u00e9mico como en el personal. Me considero un ferviente lector y amante del cine, lo cual me permite tener una perspectiva amplia y diversa sobre el mundo que nos rodea. Como cat\u00f3lico comprometido, busco integrar mis valores en cada aspecto de mi vida, desde mi carrera profesional hasta mi rol como esposo y padre de familia\",\"url\":\"https:\\\/\\\/exaudi.org\\\/it\\\/author\\\/javier-ferrer-garcia\\\/\"}]}<\/script>\n<!-- \/ Yoast SEO plugin. -->","yoast_head_json":{"title":"Addio alla noia spirituale! Come trasformare la routine in un cammino gioioso verso Dio &#8211; Exaudi","robots":{"index":"index","follow":"follow","max-snippet":"max-snippet:-1","max-image-preview":"max-image-preview:large","max-video-preview":"max-video-preview:-1"},"canonical":"https:\/\/exaudi.org\/it\/addio-alla-noia-spirituale-come-trasformare-la-routine-in-un-cammino-gioioso-verso-dio\/","og_locale":"it_IT","og_type":"article","og_title":"Addio alla noia spirituale! Come trasformare la routine in un cammino gioioso verso Dio &#8211; Exaudi","og_description":"Trasforma le tue pratiche quotidiane in piccole avventure di santit\u00e0, gioia e crescita spirituale","og_url":"https:\/\/exaudi.org\/it\/addio-alla-noia-spirituale-come-trasformare-la-routine-in-un-cammino-gioioso-verso-dio\/","og_site_name":"Exaudi","article_publisher":"https:\/\/www.facebook.com\/ExaudiNews","article_published_time":"2025-10-29T17:32:44+00:00","og_image":[{"width":2560,"height":1707,"url":"https:\/\/exaudi.org\/wp-content\/uploads\/2025\/10\/pexels-kampus-7414081-scaled.jpg","type":"image\/jpeg"}],"author":"Javier Ferrer Garc\u00eda","twitter_card":"summary_large_image","twitter_creator":"@Exaudi_News","twitter_site":"@Exaudi_News","twitter_misc":{"Scritto da":"Javier Ferrer Garc\u00eda","Tempo di lettura stimato":"2 minuti"},"schema":{"@context":"https:\/\/schema.org","@graph":[{"@type":"Article","@id":"https:\/\/exaudi.org\/it\/addio-alla-noia-spirituale-come-trasformare-la-routine-in-un-cammino-gioioso-verso-dio\/#article","isPartOf":{"@id":"https:\/\/exaudi.org\/it\/addio-alla-noia-spirituale-come-trasformare-la-routine-in-un-cammino-gioioso-verso-dio\/"},"author":{"name":"Javier Ferrer Garc\u00eda","@id":"https:\/\/exaudi.org\/#\/schema\/person\/0428626ea256fe1d193098fe0ee2b91d"},"headline":"Addio alla noia spirituale! Come trasformare la routine in un cammino gioioso verso Dio","datePublished":"2025-10-29T17:32:44+00:00","mainEntityOfPage":{"@id":"https:\/\/exaudi.org\/it\/addio-alla-noia-spirituale-come-trasformare-la-routine-in-un-cammino-gioioso-verso-dio\/"},"wordCount":427,"image":{"@id":"https:\/\/exaudi.org\/it\/addio-alla-noia-spirituale-come-trasformare-la-routine-in-un-cammino-gioioso-verso-dio\/#primaryimage"},"thumbnailUrl":"https:\/\/exaudi.org\/wp-content\/uploads\/2025\/10\/pexels-kampus-7414081-scaled.jpg","keywords":["Abitudini cristiane","AMORE DI DIO","consigli spirituali","crescita spirituale","gioia spirituale","INCONTRO CON DIO","Insegnamento cattolico","Ispirazione cattolica","Javier Ferrer Garc\u00eda","monotonia spirituale","Motivazione cattolica","pratiche religiose","PREGHIERA QUOTIDIANA","rinnovare la fede","routine e fede","santit\u00e0 quotidiana","spiritualit\u00e0 quotidiana","superare la routine","Trending","vita con Dio","VITA CRISTIANA","vita interiore"],"articleSection":["Analisi"],"inLanguage":"it-IT"},{"@type":"WebPage","@id":"https:\/\/exaudi.org\/it\/addio-alla-noia-spirituale-come-trasformare-la-routine-in-un-cammino-gioioso-verso-dio\/","url":"https:\/\/exaudi.org\/it\/addio-alla-noia-spirituale-come-trasformare-la-routine-in-un-cammino-gioioso-verso-dio\/","name":"Addio alla noia spirituale! Come trasformare la routine in un cammino gioioso verso Dio &#8211; Exaudi","isPartOf":{"@id":"https:\/\/exaudi.org\/#website"},"primaryImageOfPage":{"@id":"https:\/\/exaudi.org\/it\/addio-alla-noia-spirituale-come-trasformare-la-routine-in-un-cammino-gioioso-verso-dio\/#primaryimage"},"image":{"@id":"https:\/\/exaudi.org\/it\/addio-alla-noia-spirituale-come-trasformare-la-routine-in-un-cammino-gioioso-verso-dio\/#primaryimage"},"thumbnailUrl":"https:\/\/exaudi.org\/wp-content\/uploads\/2025\/10\/pexels-kampus-7414081-scaled.jpg","datePublished":"2025-10-29T17:32:44+00:00","author":{"@id":"https:\/\/exaudi.org\/#\/schema\/person\/0428626ea256fe1d193098fe0ee2b91d"},"breadcrumb":{"@id":"https:\/\/exaudi.org\/it\/addio-alla-noia-spirituale-come-trasformare-la-routine-in-un-cammino-gioioso-verso-dio\/#breadcrumb"},"inLanguage":"it-IT","potentialAction":[{"@type":"ReadAction","target":["https:\/\/exaudi.org\/it\/addio-alla-noia-spirituale-come-trasformare-la-routine-in-un-cammino-gioioso-verso-dio\/"]}]},{"@type":"ImageObject","inLanguage":"it-IT","@id":"https:\/\/exaudi.org\/it\/addio-alla-noia-spirituale-come-trasformare-la-routine-in-un-cammino-gioioso-verso-dio\/#primaryimage","url":"https:\/\/exaudi.org\/wp-content\/uploads\/2025\/10\/pexels-kampus-7414081-scaled.jpg","contentUrl":"https:\/\/exaudi.org\/wp-content\/uploads\/2025\/10\/pexels-kampus-7414081-scaled.jpg","width":2560,"height":1707},{"@type":"BreadcrumbList","@id":"https:\/\/exaudi.org\/it\/addio-alla-noia-spirituale-come-trasformare-la-routine-in-un-cammino-gioioso-verso-dio\/#breadcrumb","itemListElement":[{"@type":"ListItem","position":1,"name":"Portada","item":"https:\/\/exaudi.org\/it\/"},{"@type":"ListItem","position":2,"name":"Addio alla noia spirituale! Come trasformare la routine in un cammino gioioso verso Dio"}]},{"@type":"WebSite","@id":"https:\/\/exaudi.org\/#website","url":"https:\/\/exaudi.org\/","name":"Exaudi","description":"News","potentialAction":[{"@type":"SearchAction","target":{"@type":"EntryPoint","urlTemplate":"https:\/\/exaudi.org\/?s={search_term_string}"},"query-input":{"@type":"PropertyValueSpecification","valueRequired":true,"valueName":"search_term_string"}}],"inLanguage":"it-IT"},{"@type":"Person","@id":"https:\/\/exaudi.org\/#\/schema\/person\/0428626ea256fe1d193098fe0ee2b91d","name":"Javier Ferrer Garc\u00eda","image":{"@type":"ImageObject","inLanguage":"it-IT","@id":"https:\/\/secure.gravatar.com\/avatar\/c7bc1aef05f4433794cef4a55499c99ae6c0d617e2aa24ba4876a5432af93b2d?s=96&d=mm&r=g","url":"https:\/\/secure.gravatar.com\/avatar\/c7bc1aef05f4433794cef4a55499c99ae6c0d617e2aa24ba4876a5432af93b2d?s=96&d=mm&r=g","contentUrl":"https:\/\/secure.gravatar.com\/avatar\/c7bc1aef05f4433794cef4a55499c99ae6c0d617e2aa24ba4876a5432af93b2d?s=96&d=mm&r=g","caption":"Javier Ferrer Garc\u00eda"},"description":"Soy un apasionado de la vida. Fil\u00f3sofo y economista. Mi carrera profesional se ha enriquecido con el constante deseo de aprender y crecer tanto en el \u00e1mbito acad\u00e9mico como en el personal. Me considero un ferviente lector y amante del cine, lo cual me permite tener una perspectiva amplia y diversa sobre el mundo que nos rodea. Como cat\u00f3lico comprometido, busco integrar mis valores en cada aspecto de mi vida, desde mi carrera profesional hasta mi rol como esposo y padre de familia","url":"https:\/\/exaudi.org\/it\/author\/javier-ferrer-garcia\/"}]}},"jetpack_featured_media_url":"https:\/\/exaudi.org\/wp-content\/uploads\/2025\/10\/pexels-kampus-7414081-scaled.jpg","jetpack_shortlink":"https:\/\/wp.me\/pgKjF2-BvD","_links":{"self":[{"href":"https:\/\/exaudi.org\/it\/wp-json\/wp\/v2\/posts\/144189","targetHints":{"allow":["GET"]}}],"collection":[{"href":"https:\/\/exaudi.org\/it\/wp-json\/wp\/v2\/posts"}],"about":[{"href":"https:\/\/exaudi.org\/it\/wp-json\/wp\/v2\/types\/post"}],"author":[{"embeddable":true,"href":"https:\/\/exaudi.org\/it\/wp-json\/wp\/v2\/users\/149"}],"replies":[{"embeddable":true,"href":"https:\/\/exaudi.org\/it\/wp-json\/wp\/v2\/comments?post=144189"}],"version-history":[{"count":5,"href":"https:\/\/exaudi.org\/it\/wp-json\/wp\/v2\/posts\/144189\/revisions"}],"predecessor-version":[{"id":144193,"href":"https:\/\/exaudi.org\/it\/wp-json\/wp\/v2\/posts\/144189\/revisions\/144193"}],"wp:featuredmedia":[{"embeddable":true,"href":"https:\/\/exaudi.org\/it\/wp-json\/wp\/v2\/media\/143734"}],"wp:attachment":[{"href":"https:\/\/exaudi.org\/it\/wp-json\/wp\/v2\/media?parent=144189"}],"wp:term":[{"taxonomy":"category","embeddable":true,"href":"https:\/\/exaudi.org\/it\/wp-json\/wp\/v2\/categories?post=144189"},{"taxonomy":"post_tag","embeddable":true,"href":"https:\/\/exaudi.org\/it\/wp-json\/wp\/v2\/tags?post=144189"}],"curies":[{"name":"wp","href":"https:\/\/api.w.org\/{rel}","templated":true}]}}