{"id":144151,"date":"2025-10-29T17:28:12","date_gmt":"2025-10-29T16:28:12","guid":{"rendered":"https:\/\/exaudi.org\/?p=144151"},"modified":"2025-10-29T17:28:12","modified_gmt":"2025-10-29T16:28:12","slug":"lexaudi-institute-e-la-perspectives-of-work-foundation-lanciano-un-corso-online-sulle-virtu-professionali","status":"publish","type":"post","link":"https:\/\/exaudi.org\/it\/lexaudi-institute-e-la-perspectives-of-work-foundation-lanciano-un-corso-online-sulle-virtu-professionali\/","title":{"rendered":"L&#8217;Exaudi Institute e la Perspectives of Work Foundation lanciano un corso online sulle virt\u00f9 professionali"},"content":{"rendered":"<p><span dir=\"auto\" style=\"vertical-align: inherit\"><span dir=\"auto\" style=\"vertical-align: inherit\">L&#8217;Istituto Exuadi, in collaborazione con la Fundaci\u00f3n Perspectivas del Trabajo (Fondazione Prospettive del Lavoro), lancia la sua offerta formativa con il\u00a0 <\/span><\/span><strong><a href=\"https:\/\/perspectivasdeltrabajo.org\/curso\/virtudes-online\" target=\"_blank\" rel=\"noopener\"><span dir=\"auto\" style=\"vertical-align: inherit\"><span dir=\"auto\" style=\"vertical-align: inherit\">Corso Online in Virt\u00f9 Professionali,<\/span><\/span><\/a><\/strong><span dir=\"auto\" style=\"vertical-align: inherit\"><span dir=\"auto\" style=\"vertical-align: inherit\"> \u00a0pensato per chi desidera crescere professionalmente e comprendere meglio la societ\u00e0. &#8220;Alla\u00a0 <\/span><\/span><strong><span dir=\"auto\" style=\"vertical-align: inherit\"><span dir=\"auto\" style=\"vertical-align: inherit\">Fundaci\u00f3n Perspectivas del Trabajo,<\/span><\/span><\/strong><span dir=\"auto\" style=\"vertical-align: inherit\"><span dir=\"auto\" style=\"vertical-align: inherit\"> \u00a0crediamo che sia essenziale rivalutare il valore del lavoro per la sua importanza per gli esseri umani e\u00a0 <\/span><\/span><strong><span dir=\"auto\" style=\"vertical-align: inherit\"><span dir=\"auto\" style=\"vertical-align: inherit\">ispirare le persone a impegnarsi per un miglioramento continuo. Il corso che presentiamo oggi in collaborazione con l&#8217;Istituto Exuadi fornisce <\/span><\/span><\/strong>\u00a0<strong><span dir=\"auto\" style=\"vertical-align: inherit\"><span dir=\"auto\" style=\"vertical-align: inherit\">le competenze e le virt\u00f9 necessarie per diventare professionisti migliori<\/span><\/span><\/strong><span dir=\"auto\" style=\"vertical-align: inherit\"><span dir=\"auto\" style=\"vertical-align: inherit\"> &#8220;, afferma Javier Ramos, direttore della Fundaci\u00f3n Perspectivas del Trabajo.<\/span><\/span><\/p>\n<p><span dir=\"auto\" style=\"vertical-align: inherit\"><span dir=\"auto\" style=\"vertical-align: inherit\">Il corso, sviluppato in collaborazione con docenti dell&#8217;Universit\u00e0 di Navarra, \u00e8 composto da tre moduli:<\/span><\/span><\/p>\n<ul>\n<li><strong><a href=\"https:\/\/perspectivasdeltrabajo.org\/curso\/virtudes-online\" target=\"_blank\" rel=\"noopener\"><span dir=\"auto\" style=\"vertical-align: inherit\"><span dir=\"auto\" style=\"vertical-align: inherit\">Conoscere se stessi per gestirsi\u00a0<\/span><\/span><\/a><\/strong><span dir=\"auto\" style=\"vertical-align: inherit\"><span dir=\"auto\" style=\"vertical-align: inherit\">\u00a0 Ogni crescita personale deve iniziare dalla conoscenza di s\u00e9. Per migliorare come professionisti e per gestire noi stessi, la prima cosa che dobbiamo fare \u00e8 conoscerci, conoscere i nostri punti di forza e di debolezza. In questo modo, possiamo correggere ci\u00f2 che riteniamo necessario, ma soprattutto, possiamo migliorare ci\u00f2 in cui siamo bravi, perch\u00e9 si pu\u00f2 costruire solo su basi solide. Questo modulo \u00e8 tenuto da I\u00f1aki V\u00e9laz, PhD e professore presso l&#8217;Universit\u00e0 di Navarra.<\/span><\/span><\/li>\n<li><strong><a href=\"https:\/\/perspectivasdeltrabajo.org\/curso\/virtudes-online\" target=\"_blank\" rel=\"noopener\"><span dir=\"auto\" style=\"vertical-align: inherit\"><span dir=\"auto\" style=\"vertical-align: inherit\">La gestione del tempo da una prospettiva professionale<\/span><\/span><\/a><\/strong><span dir=\"auto\" style=\"vertical-align: inherit\"><span dir=\"auto\" style=\"vertical-align: inherit\">\u00a0 In questo modulo, vogliamo fornirti alcuni suggerimenti e strumenti per migliorare la tua gestione del tempo, in modo che tu possa trarne il massimo vantaggio. Sottolineeremo l&#8217;importanza di una gestione efficace del tempo, poich\u00e9 la differenza tra un bravo professionista e un cattivo professionista sta nel modo in cui gestisce il proprio tempo. La gestione del tempo non consiste nel riuscire a fare molte cose, ma nel farle in modo significativo, e questo pu\u00f2 essere costruito solo a partire da uno scopo personale, con chiare priorit\u00e0 a cui dedicare tempo. Javier Ramos, direttore della Fundaci\u00f3n Perspectivas del Trabajo (Fondazione per le Prospettive del Lavoro), e Javier Ant\u00f3n, professore presso l&#8217;Universit\u00e0 di Navarra, sono i docenti.<\/span><\/span><\/li>\n<\/ul>\n<ul>\n<li><strong><a href=\"https:\/\/perspectivasdeltrabajo.org\/curso\/virtudes-online\" target=\"_blank\" rel=\"noopener\"><span dir=\"auto\" style=\"vertical-align: inherit\"><span dir=\"auto\" style=\"vertical-align: inherit\">Comunicazione efficace<\/span><\/span><\/a><span dir=\"auto\" style=\"vertical-align: inherit\"><span dir=\"auto\" style=\"vertical-align: inherit\">\u00a0<\/span><\/span><\/strong><span dir=\"auto\" style=\"vertical-align: inherit\"><span dir=\"auto\" style=\"vertical-align: inherit\"> Nel nostro lavoro quotidiano, comunichiamo costantemente con gli altri. Comunichiamo parlando di persona, per telefono, inviando lettere o documenti, via e-mail e tramite video. Tutte queste forme di comunicazione hanno le loro regole. Comunicare bene \u00e8 fondamentale se vogliamo essere buoni professionisti, e la comunicazione efficace pu\u00f2 e deve essere appresa. In questo modulo, offriamo alcuni spunti che possono aiutarti a migliorare le tue capacit\u00e0 comunicative. Javier Ramos e Antonio Virgili, dottorandi in Comunicazione Pubblica presso l&#8217;Universit\u00e0 di Navarra, tengono le lezioni.<\/span><\/span><\/li>\n<\/ul>\n<p><span dir=\"auto\" style=\"vertical-align: inherit\"><span dir=\"auto\" style=\"vertical-align: inherit\">La\u00a0 <\/span><\/span><strong><a href=\"https:\/\/perspectivasdeltrabajo.org\/curso\/virtudes-online\" target=\"_blank\" rel=\"noopener\"><span dir=\"auto\" style=\"vertical-align: inherit\"><span dir=\"auto\" style=\"vertical-align: inherit\">prima edizione del corso online inizier\u00e0 il 1\u00b0 novembre<\/span><\/span><\/a><\/strong><span dir=\"auto\" style=\"vertical-align: inherit\"><span dir=\"auto\" style=\"vertical-align: inherit\">\u00a0durer\u00e0 20 ore e avr\u00e0 un costo di 150 \u20ac.<\/span><\/span><\/p>\n<p>&nbsp;<\/p>\n","protected":false},"excerpt":{"rendered":"<p>L&#8217;obiettivo di questo corso, tenuto da docenti dell&#8217;Universit\u00e0 di Navarra, \u00e8 coltivare le virt\u00f9 che consentono ai partecipanti di lavorare in modo pi\u00f9 efficace e di servire la societ\u00e0<\/p>\n","protected":false},"author":17,"featured_media":144058,"comment_status":"closed","ping_status":"closed","sticky":false,"template":"","format":"standard","meta":{"_acf_changed":false,"_crdt_document":"","inline_featured_image":false,"footnotes":""},"categories":[73],"tags":[],"class_list":["post-144151","post","type-post","status-publish","format-standard","has-post-thumbnail","hentry","category-chiesa-e-mondo"],"acf":[],"yoast_head":"<!-- This site is optimized with the Yoast SEO plugin v27.4 - https:\/\/yoast.com\/product\/yoast-seo-wordpress\/ -->\n<title>L&#039;Exaudi Institute e la Perspectives of Work Foundation lanciano un corso online sulle virt\u00f9 professionali &#8211; Exaudi<\/title>\n<meta name=\"robots\" content=\"index, follow, max-snippet:-1, max-image-preview:large, max-video-preview:-1\" \/>\n<link rel=\"canonical\" href=\"https:\/\/exaudi.org\/it\/lexaudi-institute-e-la-perspectives-of-work-foundation-lanciano-un-corso-online-sulle-virtu-professionali\/\" \/>\n<meta property=\"og:locale\" content=\"it_IT\" \/>\n<meta property=\"og:type\" content=\"article\" \/>\n<meta property=\"og:title\" content=\"L&#039;Exaudi Institute e la Perspectives of Work Foundation lanciano un corso online sulle virt\u00f9 professionali &#8211; Exaudi\" \/>\n<meta property=\"og:description\" content=\"L&#039;obiettivo di questo corso, tenuto da docenti dell&#039;Universit\u00e0 di Navarra, \u00e8 coltivare le virt\u00f9 che consentono ai partecipanti di lavorare in modo pi\u00f9 efficace e di servire la societ\u00e0\" \/>\n<meta property=\"og:url\" content=\"https:\/\/exaudi.org\/it\/lexaudi-institute-e-la-perspectives-of-work-foundation-lanciano-un-corso-online-sulle-virtu-professionali\/\" \/>\n<meta property=\"og:site_name\" content=\"Exaudi\" \/>\n<meta property=\"article:publisher\" content=\"https:\/\/www.facebook.com\/ExaudiNews\" \/>\n<meta property=\"article:author\" content=\"https:\/\/www.facebook.com\/ExaudiNotizie\/\" \/>\n<meta property=\"article:published_time\" content=\"2025-10-29T16:28:12+00:00\" \/>\n<meta property=\"og:image\" content=\"https:\/\/exaudi.org\/wp-content\/uploads\/2025\/10\/virtudes-online-600x600-1-e1761724112227.jpg\" \/>\n\t<meta property=\"og:image:width\" content=\"600\" \/>\n\t<meta property=\"og:image:height\" content=\"600\" \/>\n\t<meta property=\"og:image:type\" content=\"image\/jpeg\" \/>\n<meta name=\"author\" content=\"Exaudi Redazione\" \/>\n<meta name=\"twitter:card\" content=\"summary_large_image\" \/>\n<meta name=\"twitter:creator\" content=\"@Exaudi_Notizie\" \/>\n<meta name=\"twitter:site\" content=\"@Exaudi_News\" \/>\n<meta name=\"twitter:label1\" content=\"Scritto da\" \/>\n\t<meta name=\"twitter:data1\" content=\"Exaudi Redazione\" \/>\n\t<meta name=\"twitter:label2\" content=\"Tempo di lettura stimato\" \/>\n\t<meta name=\"twitter:data2\" content=\"2 minuti\" \/>\n<script type=\"application\/ld+json\" class=\"yoast-schema-graph\">{\"@context\":\"https:\\\/\\\/schema.org\",\"@graph\":[{\"@type\":\"Article\",\"@id\":\"https:\\\/\\\/exaudi.org\\\/it\\\/lexaudi-institute-e-la-perspectives-of-work-foundation-lanciano-un-corso-online-sulle-virtu-professionali\\\/#article\",\"isPartOf\":{\"@id\":\"https:\\\/\\\/exaudi.org\\\/it\\\/lexaudi-institute-e-la-perspectives-of-work-foundation-lanciano-un-corso-online-sulle-virtu-professionali\\\/\"},\"author\":{\"name\":\"Exaudi Redazione\",\"@id\":\"https:\\\/\\\/exaudi.org\\\/#\\\/schema\\\/person\\\/e1ab6ed07c01774724dd96f925f3a5f0\"},\"headline\":\"L&#8217;Exaudi Institute e la Perspectives of Work Foundation lanciano un corso online sulle virt\u00f9 professionali\",\"datePublished\":\"2025-10-29T16:28:12+00:00\",\"mainEntityOfPage\":{\"@id\":\"https:\\\/\\\/exaudi.org\\\/it\\\/lexaudi-institute-e-la-perspectives-of-work-foundation-lanciano-un-corso-online-sulle-virtu-professionali\\\/\"},\"wordCount\":444,\"image\":{\"@id\":\"https:\\\/\\\/exaudi.org\\\/it\\\/lexaudi-institute-e-la-perspectives-of-work-foundation-lanciano-un-corso-online-sulle-virtu-professionali\\\/#primaryimage\"},\"thumbnailUrl\":\"https:\\\/\\\/exaudi.org\\\/wp-content\\\/uploads\\\/2025\\\/10\\\/virtudes-online-600x600-1-e1761724112227.jpg\",\"articleSection\":[\"Chiesa e Mondo\"],\"inLanguage\":\"it-IT\"},{\"@type\":\"WebPage\",\"@id\":\"https:\\\/\\\/exaudi.org\\\/it\\\/lexaudi-institute-e-la-perspectives-of-work-foundation-lanciano-un-corso-online-sulle-virtu-professionali\\\/\",\"url\":\"https:\\\/\\\/exaudi.org\\\/it\\\/lexaudi-institute-e-la-perspectives-of-work-foundation-lanciano-un-corso-online-sulle-virtu-professionali\\\/\",\"name\":\"L'Exaudi Institute e la Perspectives of Work Foundation lanciano un corso online sulle virt\u00f9 professionali &#8211; Exaudi\",\"isPartOf\":{\"@id\":\"https:\\\/\\\/exaudi.org\\\/#website\"},\"primaryImageOfPage\":{\"@id\":\"https:\\\/\\\/exaudi.org\\\/it\\\/lexaudi-institute-e-la-perspectives-of-work-foundation-lanciano-un-corso-online-sulle-virtu-professionali\\\/#primaryimage\"},\"image\":{\"@id\":\"https:\\\/\\\/exaudi.org\\\/it\\\/lexaudi-institute-e-la-perspectives-of-work-foundation-lanciano-un-corso-online-sulle-virtu-professionali\\\/#primaryimage\"},\"thumbnailUrl\":\"https:\\\/\\\/exaudi.org\\\/wp-content\\\/uploads\\\/2025\\\/10\\\/virtudes-online-600x600-1-e1761724112227.jpg\",\"datePublished\":\"2025-10-29T16:28:12+00:00\",\"author\":{\"@id\":\"https:\\\/\\\/exaudi.org\\\/#\\\/schema\\\/person\\\/e1ab6ed07c01774724dd96f925f3a5f0\"},\"breadcrumb\":{\"@id\":\"https:\\\/\\\/exaudi.org\\\/it\\\/lexaudi-institute-e-la-perspectives-of-work-foundation-lanciano-un-corso-online-sulle-virtu-professionali\\\/#breadcrumb\"},\"inLanguage\":\"it-IT\",\"potentialAction\":[{\"@type\":\"ReadAction\",\"target\":[\"https:\\\/\\\/exaudi.org\\\/it\\\/lexaudi-institute-e-la-perspectives-of-work-foundation-lanciano-un-corso-online-sulle-virtu-professionali\\\/\"]}]},{\"@type\":\"ImageObject\",\"inLanguage\":\"it-IT\",\"@id\":\"https:\\\/\\\/exaudi.org\\\/it\\\/lexaudi-institute-e-la-perspectives-of-work-foundation-lanciano-un-corso-online-sulle-virtu-professionali\\\/#primaryimage\",\"url\":\"https:\\\/\\\/exaudi.org\\\/wp-content\\\/uploads\\\/2025\\\/10\\\/virtudes-online-600x600-1-e1761724112227.jpg\",\"contentUrl\":\"https:\\\/\\\/exaudi.org\\\/wp-content\\\/uploads\\\/2025\\\/10\\\/virtudes-online-600x600-1-e1761724112227.jpg\",\"width\":600,\"height\":600},{\"@type\":\"BreadcrumbList\",\"@id\":\"https:\\\/\\\/exaudi.org\\\/it\\\/lexaudi-institute-e-la-perspectives-of-work-foundation-lanciano-un-corso-online-sulle-virtu-professionali\\\/#breadcrumb\",\"itemListElement\":[{\"@type\":\"ListItem\",\"position\":1,\"name\":\"Portada\",\"item\":\"https:\\\/\\\/exaudi.org\\\/it\\\/\"},{\"@type\":\"ListItem\",\"position\":2,\"name\":\"L&#8217;Exaudi Institute e la Perspectives of Work Foundation lanciano un corso online sulle virt\u00f9 professionali\"}]},{\"@type\":\"WebSite\",\"@id\":\"https:\\\/\\\/exaudi.org\\\/#website\",\"url\":\"https:\\\/\\\/exaudi.org\\\/\",\"name\":\"Exaudi\",\"description\":\"News\",\"potentialAction\":[{\"@type\":\"SearchAction\",\"target\":{\"@type\":\"EntryPoint\",\"urlTemplate\":\"https:\\\/\\\/exaudi.org\\\/?s={search_term_string}\"},\"query-input\":{\"@type\":\"PropertyValueSpecification\",\"valueRequired\":true,\"valueName\":\"search_term_string\"}}],\"inLanguage\":\"it-IT\"},{\"@type\":\"Person\",\"@id\":\"https:\\\/\\\/exaudi.org\\\/#\\\/schema\\\/person\\\/e1ab6ed07c01774724dd96f925f3a5f0\",\"name\":\"Exaudi Redazione\",\"image\":{\"@type\":\"ImageObject\",\"inLanguage\":\"it-IT\",\"@id\":\"https:\\\/\\\/secure.gravatar.com\\\/avatar\\\/ad6774b3ada023bf5b939d64f45c94b3adf91502dd883507d469b4308a943bb3?s=96&d=mm&r=g\",\"url\":\"https:\\\/\\\/secure.gravatar.com\\\/avatar\\\/ad6774b3ada023bf5b939d64f45c94b3adf91502dd883507d469b4308a943bb3?s=96&d=mm&r=g\",\"contentUrl\":\"https:\\\/\\\/secure.gravatar.com\\\/avatar\\\/ad6774b3ada023bf5b939d64f45c94b3adf91502dd883507d469b4308a943bb3?s=96&d=mm&r=g\",\"caption\":\"Exaudi Redazione\"},\"description\":\"Che cosa \u00e8 Exaudi News? Exaudi News \u00e8 un agenzia cattolica internazionale che informa, istruisce e trasforma quotidianamente in spagnolo, inglese e italiano. Attraverso notizie, articoli di analisi e trasmissioni in diretta degli eventi del Papa, Exaudi cerca di rafforzare l'unit\u00e0 dei cristiani e di contribuire all'evangelizzazione del mondo, sempre guidato dalla dottrina sociale della Chiesa. Lavoriamo per portare la verit\u00e0 e i valori cristiani in ogni angolo del pianeta. Aiutaci a trasformare il mondo con Exaudi! Noi di Exaudi crediamo che l'evangelizzazione e l'informazione di qualit\u00e0 possano cambiare la vita. Per continuare la nostra missione ed espandere la nostra portata, abbiamo bisogno del tuo aiuto. Stiamo anche cercando persone motivate che vogliano unirsi al nostro team. Grazie al vostro sostegno raggiungeremo pi\u00f9 persone, diffonderemo il messaggio di Cristo e rafforzeremo l'unit\u00e0 dei cristiani. Vuoi unirti alla nostra missione? Per maggiori informazioni su come contribuire, visita Exaudi.org\\\/it o contattaci direttamente: info@exaudi.org Exaudi: informa, forma e trasforma.\",\"sameAs\":[\"https:\\\/\\\/www.facebook.com\\\/ExaudiNotizie\\\/\",\"https:\\\/\\\/www.instagram.com\\\/Exaudi_notizie\\\/\",\"https:\\\/\\\/x.com\\\/Exaudi_Notizie\",\"https:\\\/\\\/www.youtube.com\\\/@exaudicatholicnews\"],\"url\":\"https:\\\/\\\/exaudi.org\\\/it\\\/author\\\/dlvedi-org\\\/\"}]}<\/script>\n<!-- \/ Yoast SEO plugin. -->","yoast_head_json":{"title":"L'Exaudi Institute e la Perspectives of Work Foundation lanciano un corso online sulle virt\u00f9 professionali &#8211; Exaudi","robots":{"index":"index","follow":"follow","max-snippet":"max-snippet:-1","max-image-preview":"max-image-preview:large","max-video-preview":"max-video-preview:-1"},"canonical":"https:\/\/exaudi.org\/it\/lexaudi-institute-e-la-perspectives-of-work-foundation-lanciano-un-corso-online-sulle-virtu-professionali\/","og_locale":"it_IT","og_type":"article","og_title":"L'Exaudi Institute e la Perspectives of Work Foundation lanciano un corso online sulle virt\u00f9 professionali &#8211; Exaudi","og_description":"L'obiettivo di questo corso, tenuto da docenti dell'Universit\u00e0 di Navarra, \u00e8 coltivare le virt\u00f9 che consentono ai partecipanti di lavorare in modo pi\u00f9 efficace e di servire la societ\u00e0","og_url":"https:\/\/exaudi.org\/it\/lexaudi-institute-e-la-perspectives-of-work-foundation-lanciano-un-corso-online-sulle-virtu-professionali\/","og_site_name":"Exaudi","article_publisher":"https:\/\/www.facebook.com\/ExaudiNews","article_author":"https:\/\/www.facebook.com\/ExaudiNotizie\/","article_published_time":"2025-10-29T16:28:12+00:00","og_image":[{"width":600,"height":600,"url":"https:\/\/exaudi.org\/wp-content\/uploads\/2025\/10\/virtudes-online-600x600-1-e1761724112227.jpg","type":"image\/jpeg"}],"author":"Exaudi Redazione","twitter_card":"summary_large_image","twitter_creator":"@Exaudi_Notizie","twitter_site":"@Exaudi_News","twitter_misc":{"Scritto da":"Exaudi Redazione","Tempo di lettura stimato":"2 minuti"},"schema":{"@context":"https:\/\/schema.org","@graph":[{"@type":"Article","@id":"https:\/\/exaudi.org\/it\/lexaudi-institute-e-la-perspectives-of-work-foundation-lanciano-un-corso-online-sulle-virtu-professionali\/#article","isPartOf":{"@id":"https:\/\/exaudi.org\/it\/lexaudi-institute-e-la-perspectives-of-work-foundation-lanciano-un-corso-online-sulle-virtu-professionali\/"},"author":{"name":"Exaudi Redazione","@id":"https:\/\/exaudi.org\/#\/schema\/person\/e1ab6ed07c01774724dd96f925f3a5f0"},"headline":"L&#8217;Exaudi Institute e la Perspectives of Work Foundation lanciano un corso online sulle virt\u00f9 professionali","datePublished":"2025-10-29T16:28:12+00:00","mainEntityOfPage":{"@id":"https:\/\/exaudi.org\/it\/lexaudi-institute-e-la-perspectives-of-work-foundation-lanciano-un-corso-online-sulle-virtu-professionali\/"},"wordCount":444,"image":{"@id":"https:\/\/exaudi.org\/it\/lexaudi-institute-e-la-perspectives-of-work-foundation-lanciano-un-corso-online-sulle-virtu-professionali\/#primaryimage"},"thumbnailUrl":"https:\/\/exaudi.org\/wp-content\/uploads\/2025\/10\/virtudes-online-600x600-1-e1761724112227.jpg","articleSection":["Chiesa e Mondo"],"inLanguage":"it-IT"},{"@type":"WebPage","@id":"https:\/\/exaudi.org\/it\/lexaudi-institute-e-la-perspectives-of-work-foundation-lanciano-un-corso-online-sulle-virtu-professionali\/","url":"https:\/\/exaudi.org\/it\/lexaudi-institute-e-la-perspectives-of-work-foundation-lanciano-un-corso-online-sulle-virtu-professionali\/","name":"L'Exaudi Institute e la Perspectives of Work Foundation lanciano un corso online sulle virt\u00f9 professionali &#8211; Exaudi","isPartOf":{"@id":"https:\/\/exaudi.org\/#website"},"primaryImageOfPage":{"@id":"https:\/\/exaudi.org\/it\/lexaudi-institute-e-la-perspectives-of-work-foundation-lanciano-un-corso-online-sulle-virtu-professionali\/#primaryimage"},"image":{"@id":"https:\/\/exaudi.org\/it\/lexaudi-institute-e-la-perspectives-of-work-foundation-lanciano-un-corso-online-sulle-virtu-professionali\/#primaryimage"},"thumbnailUrl":"https:\/\/exaudi.org\/wp-content\/uploads\/2025\/10\/virtudes-online-600x600-1-e1761724112227.jpg","datePublished":"2025-10-29T16:28:12+00:00","author":{"@id":"https:\/\/exaudi.org\/#\/schema\/person\/e1ab6ed07c01774724dd96f925f3a5f0"},"breadcrumb":{"@id":"https:\/\/exaudi.org\/it\/lexaudi-institute-e-la-perspectives-of-work-foundation-lanciano-un-corso-online-sulle-virtu-professionali\/#breadcrumb"},"inLanguage":"it-IT","potentialAction":[{"@type":"ReadAction","target":["https:\/\/exaudi.org\/it\/lexaudi-institute-e-la-perspectives-of-work-foundation-lanciano-un-corso-online-sulle-virtu-professionali\/"]}]},{"@type":"ImageObject","inLanguage":"it-IT","@id":"https:\/\/exaudi.org\/it\/lexaudi-institute-e-la-perspectives-of-work-foundation-lanciano-un-corso-online-sulle-virtu-professionali\/#primaryimage","url":"https:\/\/exaudi.org\/wp-content\/uploads\/2025\/10\/virtudes-online-600x600-1-e1761724112227.jpg","contentUrl":"https:\/\/exaudi.org\/wp-content\/uploads\/2025\/10\/virtudes-online-600x600-1-e1761724112227.jpg","width":600,"height":600},{"@type":"BreadcrumbList","@id":"https:\/\/exaudi.org\/it\/lexaudi-institute-e-la-perspectives-of-work-foundation-lanciano-un-corso-online-sulle-virtu-professionali\/#breadcrumb","itemListElement":[{"@type":"ListItem","position":1,"name":"Portada","item":"https:\/\/exaudi.org\/it\/"},{"@type":"ListItem","position":2,"name":"L&#8217;Exaudi Institute e la Perspectives of Work Foundation lanciano un corso online sulle virt\u00f9 professionali"}]},{"@type":"WebSite","@id":"https:\/\/exaudi.org\/#website","url":"https:\/\/exaudi.org\/","name":"Exaudi","description":"News","potentialAction":[{"@type":"SearchAction","target":{"@type":"EntryPoint","urlTemplate":"https:\/\/exaudi.org\/?s={search_term_string}"},"query-input":{"@type":"PropertyValueSpecification","valueRequired":true,"valueName":"search_term_string"}}],"inLanguage":"it-IT"},{"@type":"Person","@id":"https:\/\/exaudi.org\/#\/schema\/person\/e1ab6ed07c01774724dd96f925f3a5f0","name":"Exaudi Redazione","image":{"@type":"ImageObject","inLanguage":"it-IT","@id":"https:\/\/secure.gravatar.com\/avatar\/ad6774b3ada023bf5b939d64f45c94b3adf91502dd883507d469b4308a943bb3?s=96&d=mm&r=g","url":"https:\/\/secure.gravatar.com\/avatar\/ad6774b3ada023bf5b939d64f45c94b3adf91502dd883507d469b4308a943bb3?s=96&d=mm&r=g","contentUrl":"https:\/\/secure.gravatar.com\/avatar\/ad6774b3ada023bf5b939d64f45c94b3adf91502dd883507d469b4308a943bb3?s=96&d=mm&r=g","caption":"Exaudi Redazione"},"description":"Che cosa \u00e8 Exaudi News? Exaudi News \u00e8 un agenzia cattolica internazionale che informa, istruisce e trasforma quotidianamente in spagnolo, inglese e italiano. Attraverso notizie, articoli di analisi e trasmissioni in diretta degli eventi del Papa, Exaudi cerca di rafforzare l'unit\u00e0 dei cristiani e di contribuire all'evangelizzazione del mondo, sempre guidato dalla dottrina sociale della Chiesa. Lavoriamo per portare la verit\u00e0 e i valori cristiani in ogni angolo del pianeta. Aiutaci a trasformare il mondo con Exaudi! Noi di Exaudi crediamo che l'evangelizzazione e l'informazione di qualit\u00e0 possano cambiare la vita. Per continuare la nostra missione ed espandere la nostra portata, abbiamo bisogno del tuo aiuto. Stiamo anche cercando persone motivate che vogliano unirsi al nostro team. Grazie al vostro sostegno raggiungeremo pi\u00f9 persone, diffonderemo il messaggio di Cristo e rafforzeremo l'unit\u00e0 dei cristiani. Vuoi unirti alla nostra missione? Per maggiori informazioni su come contribuire, visita Exaudi.org\/it o contattaci direttamente: info@exaudi.org Exaudi: informa, forma e trasforma.","sameAs":["https:\/\/www.facebook.com\/ExaudiNotizie\/","https:\/\/www.instagram.com\/Exaudi_notizie\/","https:\/\/x.com\/Exaudi_Notizie","https:\/\/www.youtube.com\/@exaudicatholicnews"],"url":"https:\/\/exaudi.org\/it\/author\/dlvedi-org\/"}]}},"jetpack_featured_media_url":"https:\/\/exaudi.org\/wp-content\/uploads\/2025\/10\/virtudes-online-600x600-1-e1761724112227.jpg","jetpack_shortlink":"https:\/\/wp.me\/pgKjF2-Bv1","_links":{"self":[{"href":"https:\/\/exaudi.org\/it\/wp-json\/wp\/v2\/posts\/144151","targetHints":{"allow":["GET"]}}],"collection":[{"href":"https:\/\/exaudi.org\/it\/wp-json\/wp\/v2\/posts"}],"about":[{"href":"https:\/\/exaudi.org\/it\/wp-json\/wp\/v2\/types\/post"}],"author":[{"embeddable":true,"href":"https:\/\/exaudi.org\/it\/wp-json\/wp\/v2\/users\/17"}],"replies":[{"embeddable":true,"href":"https:\/\/exaudi.org\/it\/wp-json\/wp\/v2\/comments?post=144151"}],"version-history":[{"count":4,"href":"https:\/\/exaudi.org\/it\/wp-json\/wp\/v2\/posts\/144151\/revisions"}],"predecessor-version":[{"id":144164,"href":"https:\/\/exaudi.org\/it\/wp-json\/wp\/v2\/posts\/144151\/revisions\/144164"}],"wp:featuredmedia":[{"embeddable":true,"href":"https:\/\/exaudi.org\/it\/wp-json\/wp\/v2\/media\/144058"}],"wp:attachment":[{"href":"https:\/\/exaudi.org\/it\/wp-json\/wp\/v2\/media?parent=144151"}],"wp:term":[{"taxonomy":"category","embeddable":true,"href":"https:\/\/exaudi.org\/it\/wp-json\/wp\/v2\/categories?post=144151"},{"taxonomy":"post_tag","embeddable":true,"href":"https:\/\/exaudi.org\/it\/wp-json\/wp\/v2\/tags?post=144151"}],"curies":[{"name":"wp","href":"https:\/\/api.w.org\/{rel}","templated":true}]}}