{"id":144015,"date":"2025-10-28T21:10:20","date_gmt":"2025-10-28T20:10:20","guid":{"rendered":"https:\/\/exaudi.org\/?p=144015"},"modified":"2025-10-28T21:10:20","modified_gmt":"2025-10-28T20:10:20","slug":"verita-e-parola-in-santagostino","status":"publish","type":"post","link":"https:\/\/exaudi.org\/it\/verita-e-parola-in-santagostino\/","title":{"rendered":"Verit\u00e0 e Parola in Sant&#8217;Agostino"},"content":{"rendered":"<p><span dir=\"auto\" style=\"vertical-align: inherit\"><span dir=\"auto\" style=\"vertical-align: inherit\">Sant&#8217;Agostino dice alla fine del Libro I delle sue\u00a0 <\/span><\/span><em><span dir=\"auto\" style=\"vertical-align: inherit\"><span dir=\"auto\" style=\"vertical-align: inherit\">Confessioni<\/span><\/span><\/em><span dir=\"auto\" style=\"vertical-align: inherit\"><span dir=\"auto\" style=\"vertical-align: inherit\">: &#8220;Nei miei pensieri di piccole cose, mi dilettavo della verit\u00e0&#8221;. Non volevo essere ingannato, avevo una buona memoria, ero istruito nella parola, ero intenerito dall&#8217;amicizia, evitavo il dolore, l&#8217;esclusione e l&#8217;ignoranza. Cosa c&#8217;era in un essere di questa natura che non fosse ammirevole e degno di lode? Ora, tutti questi sono doni del mio caro Dio. Non li ho dati a me stesso (I, 20, 31; Gredos, 2010). Una sintesi precisa e bella del modo di dire agostiniano.<\/span><\/span><\/p>\n<p><span dir=\"auto\" style=\"vertical-align: inherit\"><span dir=\"auto\" style=\"vertical-align: inherit\">Sant&#8217;Agostino, nei suoi continui vagabondaggi intellettuali (il manicheismo, l&#8217;Ortensio di Cicerone, i neoplatonici e gli accademici, le Sacre Scritture), non si ferm\u00f2 finch\u00e9 non trov\u00f2 la verit\u00e0 che lo deliziava. Ci\u00f2 che trov\u00f2 lungo il cammino fu insufficiente. Sia nell&#8217;Ortensio che negli scritti degli accademici, il nome salutare di Cristo manc\u00f2. Per un certo periodo, commenta Gonz\u00e1lez Ni\u00f1o ( <\/span><\/span><em><span dir=\"auto\" style=\"vertical-align: inherit\"><span dir=\"auto\" style=\"vertical-align: inherit\">Sant&#8217;Agostino, pellegrino di Dio<\/span><\/span><\/em><span dir=\"auto\" style=\"vertical-align: inherit\"><span dir=\"auto\" style=\"vertical-align: inherit\">; San Paolo, 2018), l&#8217;idea manichea del corpo come tenebra e dell&#8217;anima come luce serv\u00ec a eludere la sua responsabilit\u00e0 per i disordini morali della sua vita.<\/span><\/span><\/p>\n<p><span dir=\"auto\" style=\"vertical-align: inherit\"><span dir=\"auto\" style=\"vertical-align: inherit\">L&#8217;incontro con Sant&#8217;Ambrogio a Milano lo avvia all&#8217;incontro con il Dio cristiano. Inizialmente ammira Ambrogio solo per la sua retorica: \u00abDa parte mia, cominciai a stimarlo, ma inizialmente non lo consideravo un maestro di verit\u00e0, perch\u00e9 non nutrivo la minima speranza di trovarla nella vostra Chiesa. Lo apprezzavo soprattutto per la sua benevolenza nei miei confronti [\u2026]. Per interesse professionale, ascoltavo i suoi dibattiti pubblici, ma senza la disposizione adeguata. Volevo vedere se la sua eloquenza era cos\u00ec brillante come si diceva, o forse pi\u00f9 o meno. Mi aggrappavo alle sue parole, ma avevo pochissimo interesse per il loro contenuto, che anzi disdegnavo, mentre stavo l\u00ec ad ascoltare la fluidit\u00e0 del suo discorso\u00bb (V, 13, 23) (p. 39).\u00bb Egli si concentra sulle parole e non sulla realt\u00e0 che esprimono, un piccolo ma essenziale passo nel plasmare la verit\u00e0 come adeguatezza della cosa alla parola.<\/span><\/span><\/p>\n<p><span dir=\"auto\" style=\"vertical-align: inherit\"><span dir=\"auto\" style=\"vertical-align: inherit\">\u00abSar\u00e0 il Vangelo di San Matteo a impressionarlo di pi\u00f9\u00bb, scrive Gonz\u00e1lez Ni\u00f1o, \u00abcon il suo invito parabolico a cercare, bussare e interrogare (Mt 7,7; 1,1). Questa triade sar\u00e0 il motto che incornicia la sua storia dall&#8217;inizio alla fine. La lettura, prima motivata dalla soddisfazione della sua vanagloria o da una curiosit\u00e0 insaziabile, diventa un intenso desiderio di scoprire il significato del testo sacro e di orientare la sua vita in una nuova direzione. E quello che sembra un piccolo progresso \u00e8 in realt\u00e0 l&#8217;inizio di una certezza sospirata\u00bb (p. 47). \u00abParlare non \u00e8 pi\u00f9 una ginnastica intellettuale per Sant&#8217;Agostino; le sue parole e i suoi scritti ora toccano la carne. Comprende che ogni persona \u00e8 un&#8217;unit\u00e0 di essere, sapere e volere. Ora mette la sua esperienza di vita, segnata da luci e ombre, al servizio di Dio. Le sue parole taglienti e precise tagliano fuori gli errori dei pelagiani e dei donatisi. Toccato dal fuoco dell&#8217;amore per Dio, metter\u00e0 in gioco i doni ricevuti per trasmettere, nei suoi innumerevoli sermoni e lettere, la Verit\u00e0 che gli \u00e8 stato dato di toccare.<\/span><\/span><\/p>\n<p><span dir=\"auto\" style=\"vertical-align: inherit\"><span dir=\"auto\" style=\"vertical-align: inherit\">Penso all&#8217;esistenza personale e collettiva dell&#8217;avventura umana, attraversata tra la citt\u00e0 terrena e la citt\u00e0 di Dio. Sembra che la prima, plasmata dall&#8217;amor proprio fino al disprezzo di Dio, sia molto pi\u00f9 avanti. Un oblio di Dio e un godimento di tutto ci\u00f2 che \u00e8 possibile qui e ora, perch\u00e9 non ci sarebbe un dopo. Tuttavia, proprio in questo stesso fiume turbolento, c&#8217;\u00e8 anche la citt\u00e0 di Dio, silenziosa e piena di speranza, alimentata dalle buone opere di tante persone che lavorano per la felicit\u00e0 della terra per godere della felicit\u00e0 del Cielo. La vita di Sant&#8217;Agostino ci ricorda che siamo tutti pellegrini e ci incoraggia a prestare le nostre spalle alla costruzione della citt\u00e0 di Dio.<\/span><\/span><\/p>\n","protected":false},"excerpt":{"rendered":"<p>Dal Pensiero alla Fede<\/p>\n","protected":false},"author":109,"featured_media":143679,"comment_status":"closed","ping_status":"closed","sticky":false,"template":"","format":"standard","meta":{"_acf_changed":false,"_crdt_document":"","inline_featured_image":false,"footnotes":""},"categories":[129],"tags":[],"class_list":["post-144015","post","type-post","status-publish","format-standard","has-post-thumbnail","hentry","category-voci"],"acf":[],"yoast_head":"<!-- This site is optimized with the Yoast SEO plugin v27.4 - https:\/\/yoast.com\/product\/yoast-seo-wordpress\/ -->\n<title>Verit\u00e0 e Parola in Sant&#039;Agostino &#8211; Exaudi<\/title>\n<meta name=\"robots\" content=\"index, follow, max-snippet:-1, max-image-preview:large, max-video-preview:-1\" \/>\n<link rel=\"canonical\" href=\"https:\/\/exaudi.org\/it\/verita-e-parola-in-santagostino\/\" \/>\n<meta property=\"og:locale\" content=\"it_IT\" \/>\n<meta property=\"og:type\" content=\"article\" \/>\n<meta property=\"og:title\" content=\"Verit\u00e0 e Parola in Sant&#039;Agostino &#8211; Exaudi\" \/>\n<meta property=\"og:description\" content=\"Dal Pensiero alla Fede\" \/>\n<meta property=\"og:url\" content=\"https:\/\/exaudi.org\/it\/verita-e-parola-in-santagostino\/\" \/>\n<meta property=\"og:site_name\" content=\"Exaudi\" \/>\n<meta property=\"article:publisher\" content=\"https:\/\/www.facebook.com\/ExaudiNews\" \/>\n<meta property=\"article:published_time\" content=\"2025-10-28T20:10:20+00:00\" \/>\n<meta property=\"og:image\" content=\"https:\/\/exaudi.org\/wp-content\/uploads\/2025\/10\/1761554269-1024x571.png\" \/>\n\t<meta property=\"og:image:width\" content=\"1024\" \/>\n\t<meta property=\"og:image:height\" content=\"571\" \/>\n\t<meta property=\"og:image:type\" content=\"image\/png\" \/>\n<meta name=\"author\" content=\"Francisco Bobadilla\" \/>\n<meta name=\"twitter:card\" content=\"summary_large_image\" \/>\n<meta name=\"twitter:creator\" content=\"@Exaudi_News\" \/>\n<meta name=\"twitter:site\" content=\"@Exaudi_News\" \/>\n<meta name=\"twitter:label1\" content=\"Scritto da\" \/>\n\t<meta name=\"twitter:data1\" content=\"Francisco Bobadilla\" \/>\n\t<meta name=\"twitter:label2\" content=\"Tempo di lettura stimato\" \/>\n\t<meta name=\"twitter:data2\" content=\"3 minuti\" \/>\n<script type=\"application\/ld+json\" class=\"yoast-schema-graph\">{\"@context\":\"https:\\\/\\\/schema.org\",\"@graph\":[{\"@type\":\"Article\",\"@id\":\"https:\\\/\\\/exaudi.org\\\/it\\\/verita-e-parola-in-santagostino\\\/#article\",\"isPartOf\":{\"@id\":\"https:\\\/\\\/exaudi.org\\\/it\\\/verita-e-parola-in-santagostino\\\/\"},\"author\":{\"name\":\"Francisco Bobadilla\",\"@id\":\"https:\\\/\\\/exaudi.org\\\/#\\\/schema\\\/person\\\/f2d4ad1e1e2bb7dad42a623b75b7166b\"},\"headline\":\"Verit\u00e0 e Parola in Sant&#8217;Agostino\",\"datePublished\":\"2025-10-28T20:10:20+00:00\",\"mainEntityOfPage\":{\"@id\":\"https:\\\/\\\/exaudi.org\\\/it\\\/verita-e-parola-in-santagostino\\\/\"},\"wordCount\":636,\"image\":{\"@id\":\"https:\\\/\\\/exaudi.org\\\/it\\\/verita-e-parola-in-santagostino\\\/#primaryimage\"},\"thumbnailUrl\":\"https:\\\/\\\/exaudi.org\\\/wp-content\\\/uploads\\\/2025\\\/10\\\/1761554269.png\",\"articleSection\":[\"Voci\"],\"inLanguage\":\"it-IT\"},{\"@type\":\"WebPage\",\"@id\":\"https:\\\/\\\/exaudi.org\\\/it\\\/verita-e-parola-in-santagostino\\\/\",\"url\":\"https:\\\/\\\/exaudi.org\\\/it\\\/verita-e-parola-in-santagostino\\\/\",\"name\":\"Verit\u00e0 e Parola in Sant'Agostino &#8211; Exaudi\",\"isPartOf\":{\"@id\":\"https:\\\/\\\/exaudi.org\\\/#website\"},\"primaryImageOfPage\":{\"@id\":\"https:\\\/\\\/exaudi.org\\\/it\\\/verita-e-parola-in-santagostino\\\/#primaryimage\"},\"image\":{\"@id\":\"https:\\\/\\\/exaudi.org\\\/it\\\/verita-e-parola-in-santagostino\\\/#primaryimage\"},\"thumbnailUrl\":\"https:\\\/\\\/exaudi.org\\\/wp-content\\\/uploads\\\/2025\\\/10\\\/1761554269.png\",\"datePublished\":\"2025-10-28T20:10:20+00:00\",\"author\":{\"@id\":\"https:\\\/\\\/exaudi.org\\\/#\\\/schema\\\/person\\\/f2d4ad1e1e2bb7dad42a623b75b7166b\"},\"breadcrumb\":{\"@id\":\"https:\\\/\\\/exaudi.org\\\/it\\\/verita-e-parola-in-santagostino\\\/#breadcrumb\"},\"inLanguage\":\"it-IT\",\"potentialAction\":[{\"@type\":\"ReadAction\",\"target\":[\"https:\\\/\\\/exaudi.org\\\/it\\\/verita-e-parola-in-santagostino\\\/\"]}]},{\"@type\":\"ImageObject\",\"inLanguage\":\"it-IT\",\"@id\":\"https:\\\/\\\/exaudi.org\\\/it\\\/verita-e-parola-in-santagostino\\\/#primaryimage\",\"url\":\"https:\\\/\\\/exaudi.org\\\/wp-content\\\/uploads\\\/2025\\\/10\\\/1761554269.png\",\"contentUrl\":\"https:\\\/\\\/exaudi.org\\\/wp-content\\\/uploads\\\/2025\\\/10\\\/1761554269.png\",\"width\":1664,\"height\":928},{\"@type\":\"BreadcrumbList\",\"@id\":\"https:\\\/\\\/exaudi.org\\\/it\\\/verita-e-parola-in-santagostino\\\/#breadcrumb\",\"itemListElement\":[{\"@type\":\"ListItem\",\"position\":1,\"name\":\"Portada\",\"item\":\"https:\\\/\\\/exaudi.org\\\/it\\\/\"},{\"@type\":\"ListItem\",\"position\":2,\"name\":\"Verit\u00e0 e Parola in Sant&#8217;Agostino\"}]},{\"@type\":\"WebSite\",\"@id\":\"https:\\\/\\\/exaudi.org\\\/#website\",\"url\":\"https:\\\/\\\/exaudi.org\\\/\",\"name\":\"Exaudi\",\"description\":\"News\",\"potentialAction\":[{\"@type\":\"SearchAction\",\"target\":{\"@type\":\"EntryPoint\",\"urlTemplate\":\"https:\\\/\\\/exaudi.org\\\/?s={search_term_string}\"},\"query-input\":{\"@type\":\"PropertyValueSpecification\",\"valueRequired\":true,\"valueName\":\"search_term_string\"}}],\"inLanguage\":\"it-IT\"},{\"@type\":\"Person\",\"@id\":\"https:\\\/\\\/exaudi.org\\\/#\\\/schema\\\/person\\\/f2d4ad1e1e2bb7dad42a623b75b7166b\",\"name\":\"Francisco Bobadilla\",\"image\":{\"@type\":\"ImageObject\",\"inLanguage\":\"it-IT\",\"@id\":\"https:\\\/\\\/secure.gravatar.com\\\/avatar\\\/8d65d74eeda045f5ef133a25b739fed12768ab871a0ddb2772cf98408d61ee37?s=96&d=mm&r=g\",\"url\":\"https:\\\/\\\/secure.gravatar.com\\\/avatar\\\/8d65d74eeda045f5ef133a25b739fed12768ab871a0ddb2772cf98408d61ee37?s=96&d=mm&r=g\",\"contentUrl\":\"https:\\\/\\\/secure.gravatar.com\\\/avatar\\\/8d65d74eeda045f5ef133a25b739fed12768ab871a0ddb2772cf98408d61ee37?s=96&d=mm&r=g\",\"caption\":\"Francisco Bobadilla\"},\"description\":\"Francisco Bobadilla es profesor principal de la Universidad de Piura, donde dicta clases para el pre-grado y posgrado. Interesado en las Humanidades y en la dimensi\u00f3n \u00e9tica de la conducta humana. Lector habitual, de cuyas lecturas se nutre en gran parte este blog. Es autor, entre otros, de los libros \u201cPasi\u00f3n por la Excelencia\u201d, \u201cEmpresas con alma\u201d, \u00abProgreso econ\u00f3mico y desarrollo humano\u00bb, \u00abEl C\u00f3digo da Vinci: de la ficci\u00f3n a la realidad\u00bb; \u00abLa disponibilidad de los derechos de la personalidad\u00bb. Abogado y Master en Derecho Civil por la PUCP, doctor en Derecho por la Universidad de Zaragoza; Licenciado en Ciencias de la Informaci\u00f3n por la Universidad de Piura. Sus temas: pensamiento pol\u00edtico y social, \u00e9tica y cultura, derechos de la persona.\",\"sameAs\":[\"https:\\\/\\\/tertuliaabierta.wordpress.com\\\/\"],\"url\":\"https:\\\/\\\/exaudi.org\\\/it\\\/author\\\/francisco-bobadilla\\\/\"}]}<\/script>\n<!-- \/ Yoast SEO plugin. -->","yoast_head_json":{"title":"Verit\u00e0 e Parola in Sant'Agostino &#8211; Exaudi","robots":{"index":"index","follow":"follow","max-snippet":"max-snippet:-1","max-image-preview":"max-image-preview:large","max-video-preview":"max-video-preview:-1"},"canonical":"https:\/\/exaudi.org\/it\/verita-e-parola-in-santagostino\/","og_locale":"it_IT","og_type":"article","og_title":"Verit\u00e0 e Parola in Sant'Agostino &#8211; Exaudi","og_description":"Dal Pensiero alla Fede","og_url":"https:\/\/exaudi.org\/it\/verita-e-parola-in-santagostino\/","og_site_name":"Exaudi","article_publisher":"https:\/\/www.facebook.com\/ExaudiNews","article_published_time":"2025-10-28T20:10:20+00:00","og_image":[{"width":1024,"height":571,"url":"https:\/\/exaudi.org\/wp-content\/uploads\/2025\/10\/1761554269-1024x571.png","type":"image\/png"}],"author":"Francisco Bobadilla","twitter_card":"summary_large_image","twitter_creator":"@Exaudi_News","twitter_site":"@Exaudi_News","twitter_misc":{"Scritto da":"Francisco Bobadilla","Tempo di lettura stimato":"3 minuti"},"schema":{"@context":"https:\/\/schema.org","@graph":[{"@type":"Article","@id":"https:\/\/exaudi.org\/it\/verita-e-parola-in-santagostino\/#article","isPartOf":{"@id":"https:\/\/exaudi.org\/it\/verita-e-parola-in-santagostino\/"},"author":{"name":"Francisco Bobadilla","@id":"https:\/\/exaudi.org\/#\/schema\/person\/f2d4ad1e1e2bb7dad42a623b75b7166b"},"headline":"Verit\u00e0 e Parola in Sant&#8217;Agostino","datePublished":"2025-10-28T20:10:20+00:00","mainEntityOfPage":{"@id":"https:\/\/exaudi.org\/it\/verita-e-parola-in-santagostino\/"},"wordCount":636,"image":{"@id":"https:\/\/exaudi.org\/it\/verita-e-parola-in-santagostino\/#primaryimage"},"thumbnailUrl":"https:\/\/exaudi.org\/wp-content\/uploads\/2025\/10\/1761554269.png","articleSection":["Voci"],"inLanguage":"it-IT"},{"@type":"WebPage","@id":"https:\/\/exaudi.org\/it\/verita-e-parola-in-santagostino\/","url":"https:\/\/exaudi.org\/it\/verita-e-parola-in-santagostino\/","name":"Verit\u00e0 e Parola in Sant'Agostino &#8211; Exaudi","isPartOf":{"@id":"https:\/\/exaudi.org\/#website"},"primaryImageOfPage":{"@id":"https:\/\/exaudi.org\/it\/verita-e-parola-in-santagostino\/#primaryimage"},"image":{"@id":"https:\/\/exaudi.org\/it\/verita-e-parola-in-santagostino\/#primaryimage"},"thumbnailUrl":"https:\/\/exaudi.org\/wp-content\/uploads\/2025\/10\/1761554269.png","datePublished":"2025-10-28T20:10:20+00:00","author":{"@id":"https:\/\/exaudi.org\/#\/schema\/person\/f2d4ad1e1e2bb7dad42a623b75b7166b"},"breadcrumb":{"@id":"https:\/\/exaudi.org\/it\/verita-e-parola-in-santagostino\/#breadcrumb"},"inLanguage":"it-IT","potentialAction":[{"@type":"ReadAction","target":["https:\/\/exaudi.org\/it\/verita-e-parola-in-santagostino\/"]}]},{"@type":"ImageObject","inLanguage":"it-IT","@id":"https:\/\/exaudi.org\/it\/verita-e-parola-in-santagostino\/#primaryimage","url":"https:\/\/exaudi.org\/wp-content\/uploads\/2025\/10\/1761554269.png","contentUrl":"https:\/\/exaudi.org\/wp-content\/uploads\/2025\/10\/1761554269.png","width":1664,"height":928},{"@type":"BreadcrumbList","@id":"https:\/\/exaudi.org\/it\/verita-e-parola-in-santagostino\/#breadcrumb","itemListElement":[{"@type":"ListItem","position":1,"name":"Portada","item":"https:\/\/exaudi.org\/it\/"},{"@type":"ListItem","position":2,"name":"Verit\u00e0 e Parola in Sant&#8217;Agostino"}]},{"@type":"WebSite","@id":"https:\/\/exaudi.org\/#website","url":"https:\/\/exaudi.org\/","name":"Exaudi","description":"News","potentialAction":[{"@type":"SearchAction","target":{"@type":"EntryPoint","urlTemplate":"https:\/\/exaudi.org\/?s={search_term_string}"},"query-input":{"@type":"PropertyValueSpecification","valueRequired":true,"valueName":"search_term_string"}}],"inLanguage":"it-IT"},{"@type":"Person","@id":"https:\/\/exaudi.org\/#\/schema\/person\/f2d4ad1e1e2bb7dad42a623b75b7166b","name":"Francisco Bobadilla","image":{"@type":"ImageObject","inLanguage":"it-IT","@id":"https:\/\/secure.gravatar.com\/avatar\/8d65d74eeda045f5ef133a25b739fed12768ab871a0ddb2772cf98408d61ee37?s=96&d=mm&r=g","url":"https:\/\/secure.gravatar.com\/avatar\/8d65d74eeda045f5ef133a25b739fed12768ab871a0ddb2772cf98408d61ee37?s=96&d=mm&r=g","contentUrl":"https:\/\/secure.gravatar.com\/avatar\/8d65d74eeda045f5ef133a25b739fed12768ab871a0ddb2772cf98408d61ee37?s=96&d=mm&r=g","caption":"Francisco Bobadilla"},"description":"Francisco Bobadilla es profesor principal de la Universidad de Piura, donde dicta clases para el pre-grado y posgrado. Interesado en las Humanidades y en la dimensi\u00f3n \u00e9tica de la conducta humana. Lector habitual, de cuyas lecturas se nutre en gran parte este blog. Es autor, entre otros, de los libros \u201cPasi\u00f3n por la Excelencia\u201d, \u201cEmpresas con alma\u201d, \u00abProgreso econ\u00f3mico y desarrollo humano\u00bb, \u00abEl C\u00f3digo da Vinci: de la ficci\u00f3n a la realidad\u00bb; \u00abLa disponibilidad de los derechos de la personalidad\u00bb. Abogado y Master en Derecho Civil por la PUCP, doctor en Derecho por la Universidad de Zaragoza; Licenciado en Ciencias de la Informaci\u00f3n por la Universidad de Piura. Sus temas: pensamiento pol\u00edtico y social, \u00e9tica y cultura, derechos de la persona.","sameAs":["https:\/\/tertuliaabierta.wordpress.com\/"],"url":"https:\/\/exaudi.org\/it\/author\/francisco-bobadilla\/"}]}},"jetpack_featured_media_url":"https:\/\/exaudi.org\/wp-content\/uploads\/2025\/10\/1761554269.png","jetpack_shortlink":"https:\/\/wp.me\/pgKjF2-BsP","_links":{"self":[{"href":"https:\/\/exaudi.org\/it\/wp-json\/wp\/v2\/posts\/144015","targetHints":{"allow":["GET"]}}],"collection":[{"href":"https:\/\/exaudi.org\/it\/wp-json\/wp\/v2\/posts"}],"about":[{"href":"https:\/\/exaudi.org\/it\/wp-json\/wp\/v2\/types\/post"}],"author":[{"embeddable":true,"href":"https:\/\/exaudi.org\/it\/wp-json\/wp\/v2\/users\/109"}],"replies":[{"embeddable":true,"href":"https:\/\/exaudi.org\/it\/wp-json\/wp\/v2\/comments?post=144015"}],"version-history":[{"count":4,"href":"https:\/\/exaudi.org\/it\/wp-json\/wp\/v2\/posts\/144015\/revisions"}],"predecessor-version":[{"id":144018,"href":"https:\/\/exaudi.org\/it\/wp-json\/wp\/v2\/posts\/144015\/revisions\/144018"}],"wp:featuredmedia":[{"embeddable":true,"href":"https:\/\/exaudi.org\/it\/wp-json\/wp\/v2\/media\/143679"}],"wp:attachment":[{"href":"https:\/\/exaudi.org\/it\/wp-json\/wp\/v2\/media?parent=144015"}],"wp:term":[{"taxonomy":"category","embeddable":true,"href":"https:\/\/exaudi.org\/it\/wp-json\/wp\/v2\/categories?post=144015"},{"taxonomy":"post_tag","embeddable":true,"href":"https:\/\/exaudi.org\/it\/wp-json\/wp\/v2\/tags?post=144015"}],"curies":[{"name":"wp","href":"https:\/\/api.w.org\/{rel}","templated":true}]}}