{"id":143866,"date":"2025-10-27T18:36:16","date_gmt":"2025-10-27T17:36:16","guid":{"rendered":"https:\/\/exaudi.org\/?p=143866"},"modified":"2025-10-27T18:36:16","modified_gmt":"2025-10-27T17:36:16","slug":"il-mistero-della-realta-e-la-ricerca-del-fondamento","status":"publish","type":"post","link":"https:\/\/exaudi.org\/it\/il-mistero-della-realta-e-la-ricerca-del-fondamento\/","title":{"rendered":"Il mistero della realt\u00e0 e la ricerca del fondamento"},"content":{"rendered":"<p data-start=\"310\" data-end=\"746\"><span dir=\"auto\" style=\"vertical-align: inherit\"><span dir=\"auto\" style=\"vertical-align: inherit\">Come nelle avventure di Indiana Jones, il celebre archeologo che si addentra in giungle, templi e rovine alla ricerca di tesori nascosti, anche gli esseri umani sono chiamati a un&#8217;avventura: la ricerca del\u00a0 <\/span><\/span><strong data-start=\"512\" data-end=\"557\"><span dir=\"auto\" style=\"vertical-align: inherit\"><span dir=\"auto\" style=\"vertical-align: inherit\">fondamento ultimo del mistero della realt\u00e0<\/span><\/span><\/strong><span dir=\"auto\" style=\"vertical-align: inherit\"><span dir=\"auto\" style=\"vertical-align: inherit\">. Non ci sono fruste o tombe antiche, ma una sfida molto pi\u00f9 profonda:\u00a0 <\/span><\/span><strong data-start=\"633\" data-end=\"686\"><span dir=\"auto\" style=\"vertical-align: inherit\"><span dir=\"auto\" style=\"vertical-align: inherit\">capire perch\u00e9 esiste qualcosa e non il nulla<\/span><\/span><\/strong><span dir=\"auto\" style=\"vertical-align: inherit\"><span dir=\"auto\" style=\"vertical-align: inherit\">, perch\u00e9 l&#8217;universo, la vita e la coscienza sono possibili.<\/span><\/span><\/p>\n<h3 data-start=\"753\" data-end=\"786\"><strong data-start=\"756\" data-end=\"786\"><span dir=\"auto\" style=\"vertical-align: inherit\"><span dir=\"auto\" style=\"vertical-align: inherit\">Dalla meraviglia al pensiero<\/span><\/span><\/strong><\/h3>\n<p data-start=\"788\" data-end=\"1093\"><span dir=\"auto\" style=\"vertical-align: inherit\"><span dir=\"auto\" style=\"vertical-align: inherit\">I bambini, con la loro inesauribile curiosit\u00e0, ci ricordano che la realt\u00e0 \u00e8 un mistero. Le loro domande \u2013 cos\u00ec semplici e cos\u00ec profonde \u2013 ci mettono a disagio perch\u00e9 non siamo pi\u00f9 abituati a guardare il mondo con meraviglia. Abbiamo sostituito il mistero con il problema: risolviamo l&#8217;immediato, ma dimentichiamo l&#8217;essenziale.<\/span><\/span><\/p>\n<p data-start=\"1095\" data-end=\"1366\"><span dir=\"auto\" style=\"vertical-align: inherit\"><span dir=\"auto\" style=\"vertical-align: inherit\">Tuttavia,\u00a0 <\/span><\/span><strong data-start=\"1108\" data-end=\"1147\"><span dir=\"auto\" style=\"vertical-align: inherit\"><span dir=\"auto\" style=\"vertical-align: inherit\">mistero e problema coesistono<\/span><\/span><\/strong><span dir=\"auto\" style=\"vertical-align: inherit\"><span dir=\"auto\" style=\"vertical-align: inherit\">. Il problema viene affrontato, il mistero viene contemplato. E se chiudiamo gli occhi al mistero, la vita perde la sua profondit\u00e0. Pertanto, l&#8217;approccio al tema di Dio inizia aprendo\u00a0 <\/span><\/span><strong data-start=\"1327\" data-end=\"1365\"><span dir=\"auto\" style=\"vertical-align: inherit\"><span dir=\"auto\" style=\"vertical-align: inherit\">gli occhi alla natura delle cose<\/span><\/span><\/strong><span dir=\"auto\" style=\"vertical-align: inherit\"><span dir=\"auto\" style=\"vertical-align: inherit\">.<\/span><\/span><\/p>\n<h3 data-start=\"1373\" data-end=\"1432\"><strong data-start=\"1376\" data-end=\"1432\"><span dir=\"auto\" style=\"vertical-align: inherit\"><span dir=\"auto\" style=\"vertical-align: inherit\">Pensare oltre il problema: il mistero della realt\u00e0<\/span><\/span><\/strong><\/h3>\n<p data-start=\"1434\" data-end=\"1771\"><span dir=\"auto\" style=\"vertical-align: inherit\"><span dir=\"auto\" style=\"vertical-align: inherit\">Nel corso dei secoli, l&#8217;umanit\u00e0 si \u00e8 concentrata sul\u00a0 <\/span><\/span><em data-start=\"1497\" data-end=\"1503\"><span dir=\"auto\" style=\"vertical-align: inherit\"><span dir=\"auto\" style=\"vertical-align: inherit\">&#8220;come&#8221;<\/span><\/span><\/em><span dir=\"auto\" style=\"vertical-align: inherit\"><span dir=\"auto\" style=\"vertical-align: inherit\"> \u00a0delle cose, su come funziona l&#8217;universo, su come si evolvono gli esseri viventi, dimenticando il &#8220;<\/span><\/span><em data-start=\"1593\" data-end=\"1602\"><span dir=\"auto\" style=\"vertical-align: inherit\"><span dir=\"auto\" style=\"vertical-align: inherit\">perch\u00e9<\/span><\/span><\/em><span dir=\"auto\" style=\"vertical-align: inherit\"><span dir=\"auto\" style=\"vertical-align: inherit\"> &#8220;. Questa negligenza dell&#8217;essere, denunciata da filosofi come Heidegger e Zubiri, ha ridotto l&#8217;uomo a un animale semplice e complesso, incapace di riconoscere la propria trascendenza.<\/span><\/span><\/p>\n<p data-start=\"1773\" data-end=\"2033\"><span dir=\"auto\" style=\"vertical-align: inherit\"><span dir=\"auto\" style=\"vertical-align: inherit\">La filosofia, in particolare\u00a0 <\/span><\/span><strong data-start=\"1804\" data-end=\"1818\"><span dir=\"auto\" style=\"vertical-align: inherit\"><span dir=\"auto\" style=\"vertical-align: inherit\">la metafisica<\/span><\/span><\/strong><span dir=\"auto\" style=\"vertical-align: inherit\"><span dir=\"auto\" style=\"vertical-align: inherit\">, cerca di andare oltre i fenomeni, fino al fondamento. Zubiri lo ha espresso chiaramente:\u00a0 <\/span><\/span><em data-start=\"1910\" data-end=\"1974\"><span dir=\"auto\" style=\"vertical-align: inherit\"><span dir=\"auto\" style=\"vertical-align: inherit\">la scienza spiega il come, ma non il perch\u00e9 dell&#8217;esistenza<\/span><\/span><\/em><span dir=\"auto\" style=\"vertical-align: inherit\"><span dir=\"auto\" style=\"vertical-align: inherit\">. Perch\u00e9 l&#8217;universo si \u00e8 preso la briga di esistere?<\/span><\/span><\/p>\n<h3 data-start=\"2040\" data-end=\"2103\"><strong data-start=\"2043\" data-end=\"2103\"><span dir=\"auto\" style=\"vertical-align: inherit\"><span dir=\"auto\" style=\"vertical-align: inherit\">L&#8217;avventura del pensiero: la volont\u00e0 di fondamentalismo<\/span><\/span><\/strong><\/h3>\n<p data-start=\"2105\" data-end=\"2435\"><span dir=\"auto\" style=\"vertical-align: inherit\"><span dir=\"auto\" style=\"vertical-align: inherit\">Il primo passo in questa ricerca non \u00e8 solo intellettuale, ma anche\u00a0 <\/span><\/span><strong data-start=\"2174\" data-end=\"2186\"><span dir=\"auto\" style=\"vertical-align: inherit\"><span dir=\"auto\" style=\"vertical-align: inherit\">volitivo<\/span><\/span><\/strong><span dir=\"auto\" style=\"vertical-align: inherit\"><span dir=\"auto\" style=\"vertical-align: inherit\">. Richiede una &#8220;volont\u00e0 di fondamentalit\u00e0&#8221;, come la chiamava Zubiri: il sincero desiderio di trovare il fondamento del mistero. Non basta comprendere che la realt\u00e0 \u00e8 inesauribile; \u00e8 necessario\u00a0 <\/span><\/span><strong data-start=\"2382\" data-end=\"2434\"><span dir=\"auto\" style=\"vertical-align: inherit\"><span dir=\"auto\" style=\"vertical-align: inherit\">osare interrogarsi sulla sua origine e sul suo significato<\/span><\/span><\/strong><span dir=\"auto\" style=\"vertical-align: inherit\"><span dir=\"auto\" style=\"vertical-align: inherit\">.<\/span><\/span><\/p>\n<p data-start=\"2437\" data-end=\"2798\"><span dir=\"auto\" style=\"vertical-align: inherit\"><span dir=\"auto\" style=\"vertical-align: inherit\">Chi abbandona questa ricerca cade nell&#8217;indifferenza\u00a0 <\/span><\/span><strong data-start=\"2478\" data-end=\"2494\"><span dir=\"auto\" style=\"vertical-align: inherit\"><span dir=\"auto\" style=\"vertical-align: inherit\">o<\/span><\/span><\/strong><span dir=\"auto\" style=\"vertical-align: inherit\"><span dir=\"auto\" style=\"vertical-align: inherit\"> \u00a0nell&#8217;agnosticismo,<\/span><\/span><span dir=\"auto\" style=\"vertical-align: inherit\"><span dir=\"auto\" style=\"vertical-align: inherit\">\u00a0sospendendo il proprio progresso intellettuale. Altri adottano una\u00a0 posizione <\/span><\/span><strong data-start=\"2583\" data-end=\"2591\"><span dir=\"auto\" style=\"vertical-align: inherit\"><span dir=\"auto\" style=\"vertical-align: inherit\">atea<\/span><\/span><\/strong><span dir=\"auto\" style=\"vertical-align: inherit\"><span dir=\"auto\" style=\"vertical-align: inherit\">, considerando la realt\u00e0 come un mero fatto privo di fondamento. Ma questa negazione assoluta \u00e8 paradossale: come possiamo negare l&#8217;esistenza di un essere assoluto se non abbiamo una conoscenza assoluta della realt\u00e0?<\/span><\/span><\/p>\n<h3 data-start=\"2805\" data-end=\"2854\"><strong data-start=\"2808\" data-end=\"2854\"><span dir=\"auto\" style=\"vertical-align: inherit\"><span dir=\"auto\" style=\"vertical-align: inherit\">Le vie per arrivare all&#8217;esistenza di Dio<\/span><\/span><\/strong><\/h3>\n<p data-start=\"2856\" data-end=\"3134\"><span dir=\"auto\" style=\"vertical-align: inherit\"><span dir=\"auto\" style=\"vertical-align: inherit\">Da qui, il pensiero filosofico si apre ai cosiddetti\u00a0 <\/span><\/span><strong data-start=\"2923\" data-end=\"2948\"><span dir=\"auto\" style=\"vertical-align: inherit\"><span dir=\"auto\" style=\"vertical-align: inherit\">cammini di accesso a Dio<\/span><\/span><\/strong><span dir=\"auto\" style=\"vertical-align: inherit\"><span dir=\"auto\" style=\"vertical-align: inherit\">. Non si tratta di &#8220;dimostrazioni&#8221; scientifiche, ma di percorsi razionali e metafisici verso il fondamento dell&#8217;essere. Juan Jos\u00e9 Mu\u00f1oz propone due grandi percorsi ispirati a Xavier Zubiri:<\/span><\/span><\/p>\n<ol data-start=\"3136\" data-end=\"3296\">\n<li data-start=\"3136\" data-end=\"3217\">\n<p data-start=\"3139\" data-end=\"3217\"><strong data-start=\"3139\" data-end=\"3161\"><span dir=\"auto\" style=\"vertical-align: inherit\"><span dir=\"auto\" style=\"vertical-align: inherit\">Il cammino cosmologico<\/span><\/span><\/strong><span dir=\"auto\" style=\"vertical-align: inherit\"><span dir=\"auto\" style=\"vertical-align: inherit\">, che parte dall&#8217;universo e ne cerca il fondamento ultimo.<\/span><\/span><\/p>\n<\/li>\n<li data-start=\"3218\" data-end=\"3296\">\n<p data-start=\"3221\" data-end=\"3296\"><strong data-start=\"3221\" data-end=\"3245\"><span dir=\"auto\" style=\"vertical-align: inherit\"><span dir=\"auto\" style=\"vertical-align: inherit\">Il percorso antropologico<\/span><\/span><\/strong><span dir=\"auto\" style=\"vertical-align: inherit\"><span dir=\"auto\" style=\"vertical-align: inherit\">, che parte dall\u2019uomo come essere cosciente e libero.<\/span><\/span><\/p>\n<\/li>\n<\/ol>\n<h3 data-start=\"3303\" data-end=\"3365\"><strong data-start=\"3306\" data-end=\"3365\"><span dir=\"auto\" style=\"vertical-align: inherit\"><span dir=\"auto\" style=\"vertical-align: inherit\">1. Il percorso cosmologico: l&#8217;universo non \u00e8 autosufficiente<\/span><\/span><\/strong><\/h3>\n<p data-start=\"3367\" data-end=\"3665\"><span dir=\"auto\" style=\"vertical-align: inherit\"><span dir=\"auto\" style=\"vertical-align: inherit\">Per secoli, si \u00e8 creduto che l&#8217;universo fosse eterno, autosufficiente e stabile. Ma la fisica moderna \u2013 relativit\u00e0, meccanica quantistica e cosmologia del Big Bang \u2013 ci mostra un\u00a0 universo <\/span><\/span><strong data-start=\"3560\" data-end=\"3612\"><span dir=\"auto\" style=\"vertical-align: inherit\"><span dir=\"auto\" style=\"vertical-align: inherit\">finito, in espansione, dipendente e in evoluzione<\/span><\/span><\/strong><span dir=\"auto\" style=\"vertical-align: inherit\"><span dir=\"auto\" style=\"vertical-align: inherit\">. Tutto in esso \u00e8 relativo, interconnesso e mutevole.<\/span><\/span><\/p>\n<p data-start=\"3667\" data-end=\"3975\"><span dir=\"auto\" style=\"vertical-align: inherit\"><span dir=\"auto\" style=\"vertical-align: inherit\">Se nulla nell&#8217;universo \u00e8 assoluto,\u00a0 <\/span><\/span><strong data-start=\"3703\" data-end=\"3759\"><span dir=\"auto\" style=\"vertical-align: inherit\"><span dir=\"auto\" style=\"vertical-align: inherit\">il fondamento dell&#8217;universo deve trovarsi al di l\u00e0 di esso<\/span><\/span><\/strong><span dir=\"auto\" style=\"vertical-align: inherit\"><span dir=\"auto\" style=\"vertical-align: inherit\">. Le visioni panteistiche, che identificano Dio con il cosmo o con una &#8220;forza universale&#8221;, sono insufficienti: se il fondamento fosse parte dell&#8217;universo, anch&#8217;esso sarebbe soggetto a cambiamento e non sarebbe assoluto.<\/span><\/span><\/p>\n<p data-start=\"3977\" data-end=\"4289\"><span dir=\"auto\" style=\"vertical-align: inherit\"><span dir=\"auto\" style=\"vertical-align: inherit\">L&#8217;universo, quindi,\u00a0 <\/span><\/span><strong data-start=\"4001\" data-end=\"4033\"><span dir=\"auto\" style=\"vertical-align: inherit\"><span dir=\"auto\" style=\"vertical-align: inherit\">non pu\u00f2 essere causa di se stesso<\/span><\/span><\/strong><span dir=\"auto\" style=\"vertical-align: inherit\"><span dir=\"auto\" style=\"vertical-align: inherit\">. Come un mago che estrae un coniglio dal cilindro, sarebbe assurdo pensare che la realt\u00e0 nasca dal nulla. Il fondamento del cosmo deve essere\u00a0 <\/span><\/span><strong data-start=\"4172\" data-end=\"4209\"><span dir=\"auto\" style=\"vertical-align: inherit\"><span dir=\"auto\" style=\"vertical-align: inherit\">assoluto, personale e trascendente<\/span><\/span><\/strong><span dir=\"auto\" style=\"vertical-align: inherit\"><span dir=\"auto\" style=\"vertical-align: inherit\"> , capace di dare origine a nuove realt\u00e0, come la coscienza umana e la libert\u00e0.<\/span><\/span><\/p>\n<h3 data-start=\"4296\" data-end=\"4366\"><strong data-start=\"4299\" data-end=\"4366\"><span dir=\"auto\" style=\"vertical-align: inherit\"><span dir=\"auto\" style=\"vertical-align: inherit\">2. Il percorso antropologico: l&#8217;essere umano, coscienza dell&#8217;universo<\/span><\/span><\/strong><\/h3>\n<p data-start=\"4368\" data-end=\"4662\"><span dir=\"auto\" style=\"vertical-align: inherit\"><span dir=\"auto\" style=\"vertical-align: inherit\">L&#8217;uomo non \u00e8 solo un prodotto del cosmo; ne \u00e8 la coscienza. Grazie alla sua intelligenza e libert\u00e0, pu\u00f2 interrogarsi sul significato dell&#8217;essere, cosa che nessuna macchina o animale pu\u00f2 fare. Pertanto, se l&#8217;essere umano \u00e8 una\u00a0 <\/span><\/span><strong data-start=\"4592\" data-end=\"4603\"><span dir=\"auto\" style=\"vertical-align: inherit\"><span dir=\"auto\" style=\"vertical-align: inherit\">persona<\/span><\/span><\/strong><span dir=\"auto\" style=\"vertical-align: inherit\"><span dir=\"auto\" style=\"vertical-align: inherit\">, anche il fondamento dell&#8217;universo deve essere\u00a0 <\/span><\/span><strong data-start=\"4649\" data-end=\"4661\"><span dir=\"auto\" style=\"vertical-align: inherit\"><span dir=\"auto\" style=\"vertical-align: inherit\">personale<\/span><\/span><\/strong><span dir=\"auto\" style=\"vertical-align: inherit\"><span dir=\"auto\" style=\"vertical-align: inherit\">.<\/span><\/span><\/p>\n<p data-start=\"4664\" data-end=\"4930\"><span dir=\"auto\" style=\"vertical-align: inherit\"><span dir=\"auto\" style=\"vertical-align: inherit\">Einstein riconobbe che il pi\u00f9 grande enigma dell&#8217;ateismo \u00e8 la razionalit\u00e0 dell&#8217;universo. La coerenza matematica della natura suggerisce un&#8217;intelligenza\u00a0 <\/span><\/span><strong data-start=\"4802\" data-end=\"4829\"><span dir=\"auto\" style=\"vertical-align: inherit\"><span dir=\"auto\" style=\"vertical-align: inherit\">ordinatrice<\/span><\/span><\/strong><span dir=\"auto\" style=\"vertical-align: inherit\"><span dir=\"auto\" style=\"vertical-align: inherit\">, non un caos cieco. Intelligenza e libert\u00e0 sono, quindi, attributi del fondamento ultimo: Dio.<\/span><\/span><\/p>\n<p data-start=\"4932\" data-end=\"5298\"><span dir=\"auto\" style=\"vertical-align: inherit\"><span dir=\"auto\" style=\"vertical-align: inherit\">Negare questo fondamento porta, come hanno dimostrato Nietzsche e Sartre, alla dissoluzione della persona e dell&#8217;etica. Senza un essere assoluto,\u00a0 <\/span><\/span><strong data-start=\"5063\" data-end=\"5090\"><span dir=\"auto\" style=\"vertical-align: inherit\"><span dir=\"auto\" style=\"vertical-align: inherit\">tutto diventa relativo<\/span><\/span><\/strong><span dir=\"auto\" style=\"vertical-align: inherit\"><span dir=\"auto\" style=\"vertical-align: inherit\">: la verit\u00e0, la bont\u00e0, la bellezza, persino la dignit\u00e0 umana. Come disse C.S. Lewis dopo la morte della moglie:\u00a0 <\/span><\/span><em data-start=\"5204\" data-end=\"5251\"><span dir=\"auto\" style=\"vertical-align: inherit\"><span dir=\"auto\" style=\"vertical-align: inherit\">&#8220;Se lei non \u00e8 pi\u00f9, non \u00e8 mai esistita&#8221;.<\/span><\/span><\/em><span dir=\"auto\" style=\"vertical-align: inherit\"><span dir=\"auto\" style=\"vertical-align: inherit\"> \u00a0Senza trascendenza, l&#8217;amore stesso svanisce.<\/span><\/span><\/p>\n<h3 data-start=\"5305\" data-end=\"5364\"><strong data-start=\"5308\" data-end=\"5364\"><span dir=\"auto\" style=\"vertical-align: inherit\"><span dir=\"auto\" style=\"vertical-align: inherit\">Dio, fondamento assoluto della realt\u00e0<\/span><\/span><\/strong><\/h3>\n<p data-start=\"5366\" data-end=\"5643\"><span dir=\"auto\" style=\"vertical-align: inherit\"><span dir=\"auto\" style=\"vertical-align: inherit\">Accettare Dio come fondamento assoluto non significa immaginare un essere distante &#8220;oltre le galassie&#8221;, ma piuttosto riconoscere\u00a0 <\/span><\/span><strong data-start=\"5487\" data-end=\"5532\"><span dir=\"auto\" style=\"vertical-align: inherit\"><span dir=\"auto\" style=\"vertical-align: inherit\">la sua presenza nel cuore stesso della realt\u00e0<\/span><\/span><\/strong><span dir=\"auto\" style=\"vertical-align: inherit\"><span dir=\"auto\" style=\"vertical-align: inherit\">. Dio non \u00e8 esterno al mondo, ma piuttosto la ragione della sua consistenza, la fonte che sostiene la sua creativit\u00e0.<\/span><\/span><\/p>\n<p data-start=\"5645\" data-end=\"5905\"><span dir=\"auto\" style=\"vertical-align: inherit\"><span dir=\"auto\" style=\"vertical-align: inherit\">L&#8217;esistenza di Dio, intesa filosoficamente,\u00a0 <\/span><\/span><strong data-start=\"5695\" data-end=\"5723\"><span dir=\"auto\" style=\"vertical-align: inherit\"><span dir=\"auto\" style=\"vertical-align: inherit\">conferisce solidit\u00e0 alla realt\u00e0<\/span><\/span><\/strong><span dir=\"auto\" style=\"vertical-align: inherit\"><span dir=\"auto\" style=\"vertical-align: inherit\">, significato all&#8217;individuo e coerenza all&#8217;universo. Senza questo fondamento, tutto si riduce ad apparenze, come il mondo virtuale di\u00a0 <\/span><\/span><em data-start=\"5846\" data-end=\"5854\"><span dir=\"auto\" style=\"vertical-align: inherit\"><span dir=\"auto\" style=\"vertical-align: inherit\">Matrix<\/span><\/span><\/em><span dir=\"auto\" style=\"vertical-align: inherit\"><span dir=\"auto\" style=\"vertical-align: inherit\">. Con esso, la vita acquista peso, valore e direzione.<\/span><\/span><\/p>\n<h3 data-start=\"5912\" data-end=\"5938\"><strong data-start=\"5915\" data-end=\"5938\"><span dir=\"auto\" style=\"vertical-align: inherit\"><span dir=\"auto\" style=\"vertical-align: inherit\">Epilogo: Ragione e Fede<\/span><\/span><\/strong><\/h3>\n<p data-start=\"5940\" data-end=\"6154\"><span dir=\"auto\" style=\"vertical-align: inherit\"><span dir=\"auto\" style=\"vertical-align: inherit\">Il\u00a0 <\/span><\/span><strong data-start=\"5943\" data-end=\"5962\"><span dir=\"auto\" style=\"vertical-align: inherit\"><span dir=\"auto\" style=\"vertical-align: inherit\">cammino della ragione<\/span><\/span><\/strong><span dir=\"auto\" style=\"vertical-align: inherit\"><span dir=\"auto\" style=\"vertical-align: inherit\"> \u00a0ci permette di accedere all&#8217;esistenza di Dio; il\u00a0 <\/span><\/span><strong data-start=\"6007\" data-end=\"6023\"><span dir=\"auto\" style=\"vertical-align: inherit\"><span dir=\"auto\" style=\"vertical-align: inherit\">cammino della fede<\/span><\/span><\/strong><span dir=\"auto\" style=\"vertical-align: inherit\"><span dir=\"auto\" style=\"vertical-align: inherit\"> \u00a0ci permette di entrare in una relazione personale con Lui. Entrambi sono percorsi complementari nella stessa avventura del pensiero e dello spirito.<\/span><\/span><\/p>\n<p data-start=\"6156\" data-end=\"6268\"><span dir=\"auto\" style=\"vertical-align: inherit\"><span dir=\"auto\" style=\"vertical-align: inherit\">Perch\u00e9, come ogni grande impresa, anche questa richiede coraggio:\u00a0 <\/span><\/span><strong data-start=\"6221\" data-end=\"6265\"><span dir=\"auto\" style=\"vertical-align: inherit\"><span dir=\"auto\" style=\"vertical-align: inherit\">osare pensare e pensare in grande<\/span><\/span><\/strong><span dir=\"auto\" style=\"vertical-align: inherit\"><span dir=\"auto\" style=\"vertical-align: inherit\">.<\/span><\/span><\/p>\n","protected":false},"excerpt":{"rendered":"<p>Filosofia e Dio (Parte II): Percorsi verso Dio<\/p>\n","protected":false},"author":162,"featured_media":143655,"comment_status":"closed","ping_status":"closed","sticky":false,"template":"","format":"standard","meta":{"_acf_changed":false,"_crdt_document":"","inline_featured_image":false,"footnotes":""},"categories":[129],"tags":[11321,11547,64538,11198,11612,15323,3371,34369,11935,74158,78822,78823,11191,62089,3120,26729,74163,78824,45300,78826,78827,78825,39697,15973,64787,63054,74166],"class_list":["post-143866","post","type-post","status-publish","format-standard","has-post-thumbnail","hentry","category-voci","tag-ateismo-2","tag-coscienza","tag-dignita-umana-it-3","tag-dio","tag-esistenza-di-dio","tag-essere-umano","tag-etica-it","tag-fede-e-ragione","tag-filosofia-2","tag-filosofia-contemporanea-2","tag-filosofia-e-dio-parte-ii","tag-fondamenti-dellessere","tag-intelligenza","tag-juan-jose-munoz-2","tag-liberta","tag-metafisica-2","tag-mistero-della-realta","tag-panteismo-2","tag-pensiero-filosofico-it","tag-percorso-antropologico","tag-percorso-cosmologico","tag-razionalita-delluniverso","tag-religione-e-filosofia","tag-senso-della-vita","tag-trending-it-236","tag-universo-2","tag-zubiri-2"],"acf":[],"yoast_head":"<!-- This site is optimized with the Yoast SEO plugin v27.4 - https:\/\/yoast.com\/product\/yoast-seo-wordpress\/ -->\n<title>Il mistero della realt\u00e0 e la ricerca del fondamento &#8211; Exaudi<\/title>\n<meta name=\"robots\" content=\"index, follow, max-snippet:-1, max-image-preview:large, max-video-preview:-1\" \/>\n<link rel=\"canonical\" href=\"https:\/\/exaudi.org\/it\/il-mistero-della-realta-e-la-ricerca-del-fondamento\/\" \/>\n<meta property=\"og:locale\" content=\"it_IT\" \/>\n<meta property=\"og:type\" content=\"article\" \/>\n<meta property=\"og:title\" content=\"Il mistero della realt\u00e0 e la ricerca del fondamento &#8211; Exaudi\" \/>\n<meta property=\"og:description\" content=\"Filosofia e Dio (Parte II): Percorsi verso Dio\" \/>\n<meta property=\"og:url\" content=\"https:\/\/exaudi.org\/it\/il-mistero-della-realta-e-la-ricerca-del-fondamento\/\" \/>\n<meta property=\"og:site_name\" content=\"Exaudi\" \/>\n<meta property=\"article:publisher\" content=\"https:\/\/www.facebook.com\/ExaudiNews\" \/>\n<meta property=\"article:published_time\" content=\"2025-10-27T17:36:16+00:00\" \/>\n<meta property=\"og:image\" content=\"https:\/\/exaudi.org\/wp-content\/uploads\/2025\/10\/1761501132.jpg\" \/>\n\t<meta property=\"og:image:width\" content=\"1376\" \/>\n\t<meta property=\"og:image:height\" content=\"768\" \/>\n\t<meta property=\"og:image:type\" content=\"image\/jpeg\" \/>\n<meta name=\"author\" content=\"Juan Jos\u00e9 Mu\u00f1oz\" \/>\n<meta name=\"twitter:card\" content=\"summary_large_image\" \/>\n<meta name=\"twitter:creator\" content=\"@Exaudi_News\" \/>\n<meta name=\"twitter:site\" content=\"@Exaudi_News\" \/>\n<meta name=\"twitter:label1\" content=\"Scritto da\" \/>\n\t<meta name=\"twitter:data1\" content=\"Juan Jos\u00e9 Mu\u00f1oz\" \/>\n\t<meta name=\"twitter:label2\" content=\"Tempo di lettura stimato\" \/>\n\t<meta name=\"twitter:data2\" content=\"4 minuti\" \/>\n<script type=\"application\/ld+json\" class=\"yoast-schema-graph\">{\"@context\":\"https:\\\/\\\/schema.org\",\"@graph\":[{\"@type\":\"Article\",\"@id\":\"https:\\\/\\\/exaudi.org\\\/it\\\/il-mistero-della-realta-e-la-ricerca-del-fondamento\\\/#article\",\"isPartOf\":{\"@id\":\"https:\\\/\\\/exaudi.org\\\/it\\\/il-mistero-della-realta-e-la-ricerca-del-fondamento\\\/\"},\"author\":{\"name\":\"Juan Jos\u00e9 Mu\u00f1oz\",\"@id\":\"https:\\\/\\\/exaudi.org\\\/#\\\/schema\\\/person\\\/d2decdafda983eb540b6c6f17e11b28d\"},\"headline\":\"Il mistero della realt\u00e0 e la ricerca del fondamento\",\"datePublished\":\"2025-10-27T17:36:16+00:00\",\"mainEntityOfPage\":{\"@id\":\"https:\\\/\\\/exaudi.org\\\/it\\\/il-mistero-della-realta-e-la-ricerca-del-fondamento\\\/\"},\"wordCount\":905,\"image\":{\"@id\":\"https:\\\/\\\/exaudi.org\\\/it\\\/il-mistero-della-realta-e-la-ricerca-del-fondamento\\\/#primaryimage\"},\"thumbnailUrl\":\"https:\\\/\\\/exaudi.org\\\/wp-content\\\/uploads\\\/2025\\\/10\\\/1761501132.jpg\",\"keywords\":[\"ATEISMO\",\"COSCIENZA\",\"Dignit\u00e0 umana\",\"DIO\",\"ESISTENZA DI DIO\",\"ESSERE UMANO\",\"\u00c9tica\",\"Fede e Ragione\",\"FILOSOFIA\",\"filosofia contemporanea\",\"Filosofia e Dio - Parte II\",\"Fondamenti dell'essere\",\"INTELLIGENZA\",\"Juan Jos\u00e9 Mu\u00f1oz\",\"libert\u00e0\",\"Metafisica\",\"mistero della realt\u00e0\",\"Panteismo\",\"pensiero filosofico\",\"Percorso antropologico\",\"Percorso cosmologico\",\"Razionalit\u00e0 dell'universo\",\"Religione e filosofia\",\"SENSO DELLA VITA\",\"Trending\",\"Universo\",\"Zubiri\"],\"articleSection\":[\"Voci\"],\"inLanguage\":\"it-IT\"},{\"@type\":\"WebPage\",\"@id\":\"https:\\\/\\\/exaudi.org\\\/it\\\/il-mistero-della-realta-e-la-ricerca-del-fondamento\\\/\",\"url\":\"https:\\\/\\\/exaudi.org\\\/it\\\/il-mistero-della-realta-e-la-ricerca-del-fondamento\\\/\",\"name\":\"Il mistero della realt\u00e0 e la ricerca del fondamento &#8211; Exaudi\",\"isPartOf\":{\"@id\":\"https:\\\/\\\/exaudi.org\\\/#website\"},\"primaryImageOfPage\":{\"@id\":\"https:\\\/\\\/exaudi.org\\\/it\\\/il-mistero-della-realta-e-la-ricerca-del-fondamento\\\/#primaryimage\"},\"image\":{\"@id\":\"https:\\\/\\\/exaudi.org\\\/it\\\/il-mistero-della-realta-e-la-ricerca-del-fondamento\\\/#primaryimage\"},\"thumbnailUrl\":\"https:\\\/\\\/exaudi.org\\\/wp-content\\\/uploads\\\/2025\\\/10\\\/1761501132.jpg\",\"datePublished\":\"2025-10-27T17:36:16+00:00\",\"author\":{\"@id\":\"https:\\\/\\\/exaudi.org\\\/#\\\/schema\\\/person\\\/d2decdafda983eb540b6c6f17e11b28d\"},\"breadcrumb\":{\"@id\":\"https:\\\/\\\/exaudi.org\\\/it\\\/il-mistero-della-realta-e-la-ricerca-del-fondamento\\\/#breadcrumb\"},\"inLanguage\":\"it-IT\",\"potentialAction\":[{\"@type\":\"ReadAction\",\"target\":[\"https:\\\/\\\/exaudi.org\\\/it\\\/il-mistero-della-realta-e-la-ricerca-del-fondamento\\\/\"]}]},{\"@type\":\"ImageObject\",\"inLanguage\":\"it-IT\",\"@id\":\"https:\\\/\\\/exaudi.org\\\/it\\\/il-mistero-della-realta-e-la-ricerca-del-fondamento\\\/#primaryimage\",\"url\":\"https:\\\/\\\/exaudi.org\\\/wp-content\\\/uploads\\\/2025\\\/10\\\/1761501132.jpg\",\"contentUrl\":\"https:\\\/\\\/exaudi.org\\\/wp-content\\\/uploads\\\/2025\\\/10\\\/1761501132.jpg\",\"width\":1376,\"height\":768},{\"@type\":\"BreadcrumbList\",\"@id\":\"https:\\\/\\\/exaudi.org\\\/it\\\/il-mistero-della-realta-e-la-ricerca-del-fondamento\\\/#breadcrumb\",\"itemListElement\":[{\"@type\":\"ListItem\",\"position\":1,\"name\":\"Portada\",\"item\":\"https:\\\/\\\/exaudi.org\\\/it\\\/\"},{\"@type\":\"ListItem\",\"position\":2,\"name\":\"Il mistero della realt\u00e0 e la ricerca del fondamento\"}]},{\"@type\":\"WebSite\",\"@id\":\"https:\\\/\\\/exaudi.org\\\/#website\",\"url\":\"https:\\\/\\\/exaudi.org\\\/\",\"name\":\"Exaudi\",\"description\":\"News\",\"potentialAction\":[{\"@type\":\"SearchAction\",\"target\":{\"@type\":\"EntryPoint\",\"urlTemplate\":\"https:\\\/\\\/exaudi.org\\\/?s={search_term_string}\"},\"query-input\":{\"@type\":\"PropertyValueSpecification\",\"valueRequired\":true,\"valueName\":\"search_term_string\"}}],\"inLanguage\":\"it-IT\"},{\"@type\":\"Person\",\"@id\":\"https:\\\/\\\/exaudi.org\\\/#\\\/schema\\\/person\\\/d2decdafda983eb540b6c6f17e11b28d\",\"name\":\"Juan Jos\u00e9 Mu\u00f1oz\",\"image\":{\"@type\":\"ImageObject\",\"inLanguage\":\"it-IT\",\"@id\":\"https:\\\/\\\/secure.gravatar.com\\\/avatar\\\/568847b361aff856768ffcaa1aa3bd960a47bbf9e134750a5c271009ad01e038?s=96&d=mm&r=g\",\"url\":\"https:\\\/\\\/secure.gravatar.com\\\/avatar\\\/568847b361aff856768ffcaa1aa3bd960a47bbf9e134750a5c271009ad01e038?s=96&d=mm&r=g\",\"contentUrl\":\"https:\\\/\\\/secure.gravatar.com\\\/avatar\\\/568847b361aff856768ffcaa1aa3bd960a47bbf9e134750a5c271009ad01e038?s=96&d=mm&r=g\",\"caption\":\"Juan Jos\u00e9 Mu\u00f1oz\"},\"description\":\"Juan Jos\u00e9 Mu\u00f1oz es doctor en Filosof\u00eda, ha sido profesor de Antropolog\u00eda del cine, de \u00c9tica de la imagen y de Critica de cine y televisi\u00f3n. Desde 2015 es sacerdote\",\"url\":\"https:\\\/\\\/exaudi.org\\\/it\\\/author\\\/juan-jose-munoz\\\/\"}]}<\/script>\n<!-- \/ Yoast SEO plugin. -->","yoast_head_json":{"title":"Il mistero della realt\u00e0 e la ricerca del fondamento &#8211; Exaudi","robots":{"index":"index","follow":"follow","max-snippet":"max-snippet:-1","max-image-preview":"max-image-preview:large","max-video-preview":"max-video-preview:-1"},"canonical":"https:\/\/exaudi.org\/it\/il-mistero-della-realta-e-la-ricerca-del-fondamento\/","og_locale":"it_IT","og_type":"article","og_title":"Il mistero della realt\u00e0 e la ricerca del fondamento &#8211; Exaudi","og_description":"Filosofia e Dio (Parte II): Percorsi verso Dio","og_url":"https:\/\/exaudi.org\/it\/il-mistero-della-realta-e-la-ricerca-del-fondamento\/","og_site_name":"Exaudi","article_publisher":"https:\/\/www.facebook.com\/ExaudiNews","article_published_time":"2025-10-27T17:36:16+00:00","og_image":[{"width":1376,"height":768,"url":"https:\/\/exaudi.org\/wp-content\/uploads\/2025\/10\/1761501132.jpg","type":"image\/jpeg"}],"author":"Juan Jos\u00e9 Mu\u00f1oz","twitter_card":"summary_large_image","twitter_creator":"@Exaudi_News","twitter_site":"@Exaudi_News","twitter_misc":{"Scritto da":"Juan Jos\u00e9 Mu\u00f1oz","Tempo di lettura stimato":"4 minuti"},"schema":{"@context":"https:\/\/schema.org","@graph":[{"@type":"Article","@id":"https:\/\/exaudi.org\/it\/il-mistero-della-realta-e-la-ricerca-del-fondamento\/#article","isPartOf":{"@id":"https:\/\/exaudi.org\/it\/il-mistero-della-realta-e-la-ricerca-del-fondamento\/"},"author":{"name":"Juan Jos\u00e9 Mu\u00f1oz","@id":"https:\/\/exaudi.org\/#\/schema\/person\/d2decdafda983eb540b6c6f17e11b28d"},"headline":"Il mistero della realt\u00e0 e la ricerca del fondamento","datePublished":"2025-10-27T17:36:16+00:00","mainEntityOfPage":{"@id":"https:\/\/exaudi.org\/it\/il-mistero-della-realta-e-la-ricerca-del-fondamento\/"},"wordCount":905,"image":{"@id":"https:\/\/exaudi.org\/it\/il-mistero-della-realta-e-la-ricerca-del-fondamento\/#primaryimage"},"thumbnailUrl":"https:\/\/exaudi.org\/wp-content\/uploads\/2025\/10\/1761501132.jpg","keywords":["ATEISMO","COSCIENZA","Dignit\u00e0 umana","DIO","ESISTENZA DI DIO","ESSERE UMANO","\u00c9tica","Fede e Ragione","FILOSOFIA","filosofia contemporanea","Filosofia e Dio - Parte II","Fondamenti dell'essere","INTELLIGENZA","Juan Jos\u00e9 Mu\u00f1oz","libert\u00e0","Metafisica","mistero della realt\u00e0","Panteismo","pensiero filosofico","Percorso antropologico","Percorso cosmologico","Razionalit\u00e0 dell'universo","Religione e filosofia","SENSO DELLA VITA","Trending","Universo","Zubiri"],"articleSection":["Voci"],"inLanguage":"it-IT"},{"@type":"WebPage","@id":"https:\/\/exaudi.org\/it\/il-mistero-della-realta-e-la-ricerca-del-fondamento\/","url":"https:\/\/exaudi.org\/it\/il-mistero-della-realta-e-la-ricerca-del-fondamento\/","name":"Il mistero della realt\u00e0 e la ricerca del fondamento &#8211; Exaudi","isPartOf":{"@id":"https:\/\/exaudi.org\/#website"},"primaryImageOfPage":{"@id":"https:\/\/exaudi.org\/it\/il-mistero-della-realta-e-la-ricerca-del-fondamento\/#primaryimage"},"image":{"@id":"https:\/\/exaudi.org\/it\/il-mistero-della-realta-e-la-ricerca-del-fondamento\/#primaryimage"},"thumbnailUrl":"https:\/\/exaudi.org\/wp-content\/uploads\/2025\/10\/1761501132.jpg","datePublished":"2025-10-27T17:36:16+00:00","author":{"@id":"https:\/\/exaudi.org\/#\/schema\/person\/d2decdafda983eb540b6c6f17e11b28d"},"breadcrumb":{"@id":"https:\/\/exaudi.org\/it\/il-mistero-della-realta-e-la-ricerca-del-fondamento\/#breadcrumb"},"inLanguage":"it-IT","potentialAction":[{"@type":"ReadAction","target":["https:\/\/exaudi.org\/it\/il-mistero-della-realta-e-la-ricerca-del-fondamento\/"]}]},{"@type":"ImageObject","inLanguage":"it-IT","@id":"https:\/\/exaudi.org\/it\/il-mistero-della-realta-e-la-ricerca-del-fondamento\/#primaryimage","url":"https:\/\/exaudi.org\/wp-content\/uploads\/2025\/10\/1761501132.jpg","contentUrl":"https:\/\/exaudi.org\/wp-content\/uploads\/2025\/10\/1761501132.jpg","width":1376,"height":768},{"@type":"BreadcrumbList","@id":"https:\/\/exaudi.org\/it\/il-mistero-della-realta-e-la-ricerca-del-fondamento\/#breadcrumb","itemListElement":[{"@type":"ListItem","position":1,"name":"Portada","item":"https:\/\/exaudi.org\/it\/"},{"@type":"ListItem","position":2,"name":"Il mistero della realt\u00e0 e la ricerca del fondamento"}]},{"@type":"WebSite","@id":"https:\/\/exaudi.org\/#website","url":"https:\/\/exaudi.org\/","name":"Exaudi","description":"News","potentialAction":[{"@type":"SearchAction","target":{"@type":"EntryPoint","urlTemplate":"https:\/\/exaudi.org\/?s={search_term_string}"},"query-input":{"@type":"PropertyValueSpecification","valueRequired":true,"valueName":"search_term_string"}}],"inLanguage":"it-IT"},{"@type":"Person","@id":"https:\/\/exaudi.org\/#\/schema\/person\/d2decdafda983eb540b6c6f17e11b28d","name":"Juan Jos\u00e9 Mu\u00f1oz","image":{"@type":"ImageObject","inLanguage":"it-IT","@id":"https:\/\/secure.gravatar.com\/avatar\/568847b361aff856768ffcaa1aa3bd960a47bbf9e134750a5c271009ad01e038?s=96&d=mm&r=g","url":"https:\/\/secure.gravatar.com\/avatar\/568847b361aff856768ffcaa1aa3bd960a47bbf9e134750a5c271009ad01e038?s=96&d=mm&r=g","contentUrl":"https:\/\/secure.gravatar.com\/avatar\/568847b361aff856768ffcaa1aa3bd960a47bbf9e134750a5c271009ad01e038?s=96&d=mm&r=g","caption":"Juan Jos\u00e9 Mu\u00f1oz"},"description":"Juan Jos\u00e9 Mu\u00f1oz es doctor en Filosof\u00eda, ha sido profesor de Antropolog\u00eda del cine, de \u00c9tica de la imagen y de Critica de cine y televisi\u00f3n. Desde 2015 es sacerdote","url":"https:\/\/exaudi.org\/it\/author\/juan-jose-munoz\/"}]}},"jetpack_featured_media_url":"https:\/\/exaudi.org\/wp-content\/uploads\/2025\/10\/1761501132.jpg","jetpack_shortlink":"https:\/\/wp.me\/pgKjF2-Bqq","_links":{"self":[{"href":"https:\/\/exaudi.org\/it\/wp-json\/wp\/v2\/posts\/143866","targetHints":{"allow":["GET"]}}],"collection":[{"href":"https:\/\/exaudi.org\/it\/wp-json\/wp\/v2\/posts"}],"about":[{"href":"https:\/\/exaudi.org\/it\/wp-json\/wp\/v2\/types\/post"}],"author":[{"embeddable":true,"href":"https:\/\/exaudi.org\/it\/wp-json\/wp\/v2\/users\/162"}],"replies":[{"embeddable":true,"href":"https:\/\/exaudi.org\/it\/wp-json\/wp\/v2\/comments?post=143866"}],"version-history":[{"count":4,"href":"https:\/\/exaudi.org\/it\/wp-json\/wp\/v2\/posts\/143866\/revisions"}],"predecessor-version":[{"id":143870,"href":"https:\/\/exaudi.org\/it\/wp-json\/wp\/v2\/posts\/143866\/revisions\/143870"}],"wp:featuredmedia":[{"embeddable":true,"href":"https:\/\/exaudi.org\/it\/wp-json\/wp\/v2\/media\/143655"}],"wp:attachment":[{"href":"https:\/\/exaudi.org\/it\/wp-json\/wp\/v2\/media?parent=143866"}],"wp:term":[{"taxonomy":"category","embeddable":true,"href":"https:\/\/exaudi.org\/it\/wp-json\/wp\/v2\/categories?post=143866"},{"taxonomy":"post_tag","embeddable":true,"href":"https:\/\/exaudi.org\/it\/wp-json\/wp\/v2\/tags?post=143866"}],"curies":[{"name":"wp","href":"https:\/\/api.w.org\/{rel}","templated":true}]}}