{"id":143364,"date":"2025-10-23T18:56:06","date_gmt":"2025-10-23T16:56:06","guid":{"rendered":"https:\/\/exaudi.org\/?p=143364"},"modified":"2025-10-23T18:56:06","modified_gmt":"2025-10-23T16:56:06","slug":"papa-leone-xiv-e-il-re-e-la-regina-dinghilterra-in-preghiera-congiunta","status":"publish","type":"post","link":"https:\/\/exaudi.org\/it\/papa-leone-xiv-e-il-re-e-la-regina-dinghilterra-in-preghiera-congiunta\/","title":{"rendered":"Papa Leone XIV e il Re e la Regina d&#8217;Inghilterra in preghiera congiunta"},"content":{"rendered":"<h3 data-start=\"293\" data-end=\"369\"><strong data-start=\"293\" data-end=\"369\"><span dir=\"auto\" style=\"vertical-align: inherit\"><span dir=\"auto\" style=\"vertical-align: inherit\">Un gesto di unit\u00e0 storica tra cattolici e anglicani in Vaticano<\/span><\/span><\/strong><\/h3>\n<p data-start=\"371\" data-end=\"798\"><span dir=\"auto\" style=\"vertical-align: inherit\"><span dir=\"auto\" style=\"vertical-align: inherit\">Oggi,\u00a0 <\/span><\/span><strong data-start=\"387\" data-end=\"412\"><span dir=\"auto\" style=\"vertical-align: inherit\"><span dir=\"auto\" style=\"vertical-align: inherit\">23 ottobre 2025<\/span><\/span><\/strong><span dir=\"auto\" style=\"vertical-align: inherit\"><span dir=\"auto\" style=\"vertical-align: inherit\">, il Vaticano ha vissuto un momento simbolico di vicinanza spirituale quando Papa Leone XIV ha presieduto una preghiera ecumenica con Re Carlo III e la Regina Camilla, durante la visita di Stato della Corona britannica. La cerimonia, in latino e in inglese, ha cercato di elevare la lode al Creatore e riaffermare l&#8217;impegno comune per la riconciliazione cristiana e la cura del creato.<\/span><\/span><\/p>\n<h3 data-start=\"800\" data-end=\"839\"><strong><span dir=\"auto\" style=\"vertical-align: inherit\"><span dir=\"auto\" style=\"vertical-align: inherit\">Un atto senza precedenti da secoli<\/span><\/span><\/strong><\/h3>\n<p data-start=\"840\" data-end=\"1258\"><span dir=\"auto\" style=\"vertical-align: inherit\"><span dir=\"auto\" style=\"vertical-align: inherit\">La solenne celebrazione si \u00e8 svolta nella Cappella Sistina, uno spazio solenne ricco di simboli artistici che hanno accompagnato la liturgia. Per la prima volta in circa\u00a0 <\/span><\/span><strong data-start=\"999\" data-end=\"1011\"><span dir=\"auto\" style=\"vertical-align: inherit\"><span dir=\"auto\" style=\"vertical-align: inherit\">500 anni<\/span><\/span><\/strong><span dir=\"auto\" style=\"vertical-align: inherit\"><span dir=\"auto\" style=\"vertical-align: inherit\">, rappresentanti della Chiesa cattolica e della Comunione anglicana hanno condiviso una preghiera pubblica. L&#8217;occasione ha incluso uno scambio di orchidee tra il Papa e i monarchi britannici, come simbolo del loro comune dovere verso l&#8217;ambiente naturale.<\/span><\/span><\/p>\n<p data-start=\"840\" data-end=\"1258\"><img loading=\"lazy\" decoding=\"async\" class=\"size-full wp-image-143357 alignnone\" src=\"https:\/\/exaudi.org\/wp-content\/uploads\/2025\/10\/cq5dam.thumbnail.cropped.750.422-4-2.jpeg\" alt=\"\" width=\"750\" height=\"422\" srcset=\"https:\/\/exaudi.org\/wp-content\/uploads\/2025\/10\/cq5dam.thumbnail.cropped.750.422-4-2.jpeg 750w, https:\/\/exaudi.org\/wp-content\/uploads\/2025\/10\/cq5dam.thumbnail.cropped.750.422-4-2-300x169.jpeg 300w, https:\/\/exaudi.org\/wp-content\/uploads\/2025\/10\/cq5dam.thumbnail.cropped.750.422-4-2-500x281.jpeg 500w\" sizes=\"auto, (max-width: 750px) 100vw, 750px\" \/><\/p>\n<h3 data-start=\"1260\" data-end=\"1300\"><strong><span dir=\"auto\" style=\"vertical-align: inherit\"><span dir=\"auto\" style=\"vertical-align: inherit\">Dialogo e simbolismo nel giorno<\/span><\/span><\/strong><\/h3>\n<p data-start=\"1301\" data-end=\"1778\"><span dir=\"auto\" style=\"vertical-align: inherit\"><span dir=\"auto\" style=\"vertical-align: inherit\">Il Re e la Regina sono arrivati \u200b\u200bin Vaticano poco dopo le 10:50, attraversando l&#8217;Arco delle Campane, e sono stati accolti con onori formali. Dopo l&#8217;esecuzione dell&#8217;inno &#8220;Dio salvi il Re&#8221;, hanno ricevuto un&#8217;udienza privata dal Santo Padre. Mentre la Regina si recava alla Cappella Paolina, il Re ha incontrato in Segreteria di Stato alti funzionari vaticani, concentrandosi su temi quali la cooperazione bilaterale, la giustizia sociale, la pace globale e il dialogo ecumenico.<\/span><\/span><\/p>\n<h3 data-start=\"1780\" data-end=\"1820\"><strong><span dir=\"auto\" style=\"vertical-align: inherit\"><span dir=\"auto\" style=\"vertical-align: inherit\">Immagine e canto nell&#8217;unit\u00e0 liturgica<\/span><\/span><\/strong><\/h3>\n<p data-start=\"1821\" data-end=\"2517\"><span dir=\"auto\" style=\"vertical-align: inherit\"><span dir=\"auto\" style=\"vertical-align: inherit\">La cerimonia \u00e8 iniziata con un inno di Sant&#8217;Ambrogio di Milano, eseguito in una versione inglese da San John Henry Newman, che visse parte della sua vita come anglicano e parte come cattolico. Insieme al Papa e all&#8217;arcivescovo di York, Stephen Cottrell, hanno partecipato alla celebrazione diverse personalit\u00e0 ecumeniche ed ecclesiastiche provenienti sia dalla Gran Bretagna che da Roma. Cori di bambini e adulti delle British Chapels Royal e del Pontifical Choir hanno accompagnato la liturgia, che includeva i Salmi 8 e 64, una lettura dalla Lettera ai Romani e l&#8217;inno &#8220;<\/span><\/span><em data-start=\"2367\" data-end=\"2382\"><span dir=\"auto\" style=\"vertical-align: inherit\"><span dir=\"auto\" style=\"vertical-align: inherit\">If Ye Love Me&#8221;<\/span><\/span><\/em><span dir=\"auto\" style=\"vertical-align: inherit\"><span dir=\"auto\" style=\"vertical-align: inherit\"> \u00a0di Thomas Tallis. Al termine, il Papa e il Re hanno lasciato insieme la cappella, camminando simbolicamente in comunione verso il dialogo.<\/span><\/span><\/p>\n<h3 data-start=\"2519\" data-end=\"2574\"><strong><span dir=\"auto\" style=\"vertical-align: inherit\"><span dir=\"auto\" style=\"vertical-align: inherit\">La dimensione ambientale e il \u201cpercorso verso l\u2019uno\u201d<\/span><\/span><\/strong><\/h3>\n<p data-start=\"2575\" data-end=\"3104\"><span dir=\"auto\" style=\"vertical-align: inherit\"><span dir=\"auto\" style=\"vertical-align: inherit\">Dopo la preghiera, si \u00e8 tenuto un evento sulla sostenibilit\u00e0 ambientale nella Sala Regia, guidato da Suor Alessandra Smerilli. Lo scambio simbolico di orchidee ha rafforzato il messaggio di responsabilit\u00e0 ecologica condivisa. Nel pomeriggio, il Re e la Regina hanno visitato la Basilica di San Paolo fuori le Mura, dove era atteso il conferimento del titolo di\u00a0 <\/span><\/span><em data-start=\"2938\" data-end=\"2968\"><span dir=\"auto\" style=\"vertical-align: inherit\"><span dir=\"auto\" style=\"vertical-align: inherit\">Confratello Reale di San Paolo<\/span><\/span><\/em><span dir=\"auto\" style=\"vertical-align: inherit\"><span dir=\"auto\" style=\"vertical-align: inherit\"> \u00a0a Re Carlo III. La Basilica presenta uno stemma reale decorato e l&#8217;iscrizione latina\u00a0 <\/span><\/span><strong data-start=\"3040\" data-end=\"3056\"><span dir=\"auto\" style=\"vertical-align: inherit\"><span dir=\"auto\" style=\"vertical-align: inherit\">Ut unum sint<\/span><\/span><\/strong><span dir=\"auto\" style=\"vertical-align: inherit\"><span dir=\"auto\" style=\"vertical-align: inherit\"> \u00a0(&#8220;Che siano una cosa sola&#8221;), citata dal Vangelo di Giovanni.<\/span><\/span><\/p>\n","protected":false},"excerpt":{"rendered":"<p>Incontro ecumenico nella Cappella Sistina<\/p>\n","protected":false},"author":17,"featured_media":143353,"comment_status":"closed","ping_status":"closed","sticky":false,"template":"","format":"standard","meta":{"_acf_changed":false,"_crdt_document":"","inline_featured_image":false,"footnotes":""},"categories":[115,67],"tags":[1327,8097,12415,64850,78212,53000,665,2749,64851,78214,78213,64910,78215,40066,78217,58164,78216,27777,78219,78218,35771,78220,2705,5522,5559,266,78221],"class_list":["post-143364","post","type-post","status-publish","format-standard","has-post-thumbnail","hentry","category-incontri","category-leone-xiv","tag-ambiente","tag-cappella-sistina","tag-chiesa-anglicana","tag-chiesa-cattolica-it","tag-cooperazione-tra-le-chiese","tag-cultura-religiosa-2","tag-dialogo-interreligioso","tag-ecumenismo-it","tag-featured-it-2","tag-fratellanza-religiosa","tag-incontro-storico","tag-leone-xiv-it","tag-liturgia-ecumenica-2","tag-notizie-dal-vaticano","tag-papa-e-il-re-e-la-regina-dinghilterra","tag-papa-leone-xiv","tag-preghiera-congiunta","tag-preghiera-ecumenica","tag-re-carlo-iii","tag-regina-camilla","tag-san-paolo-fuori-le-mura","tag-simbolismo-cristiano","tag-sostenibilita","tag-spiritualita","tag-unita-dei-cristiani","tag-vaticano","tag-visita-di-stato"],"acf":[],"yoast_head":"<!-- This site is optimized with the Yoast SEO plugin v27.5 - https:\/\/yoast.com\/product\/yoast-seo-wordpress\/ -->\n<title>Papa Leone XIV e il Re e la Regina d&#039;Inghilterra in preghiera congiunta &#8211; Exaudi<\/title>\n<meta name=\"robots\" content=\"index, follow, max-snippet:-1, max-image-preview:large, max-video-preview:-1\" \/>\n<link rel=\"canonical\" href=\"https:\/\/exaudi.org\/it\/papa-leone-xiv-e-il-re-e-la-regina-dinghilterra-in-preghiera-congiunta\/\" \/>\n<meta property=\"og:locale\" content=\"it_IT\" \/>\n<meta property=\"og:type\" content=\"article\" \/>\n<meta property=\"og:title\" content=\"Papa Leone XIV e il Re e la Regina d&#039;Inghilterra in preghiera congiunta &#8211; Exaudi\" \/>\n<meta property=\"og:description\" content=\"Incontro ecumenico nella Cappella Sistina\" \/>\n<meta property=\"og:url\" content=\"https:\/\/exaudi.org\/it\/papa-leone-xiv-e-il-re-e-la-regina-dinghilterra-in-preghiera-congiunta\/\" \/>\n<meta property=\"og:site_name\" content=\"Exaudi\" \/>\n<meta property=\"article:publisher\" content=\"https:\/\/www.facebook.com\/ExaudiNews\" \/>\n<meta property=\"article:author\" content=\"https:\/\/www.facebook.com\/ExaudiNotizie\/\" \/>\n<meta property=\"article:published_time\" content=\"2025-10-23T16:56:06+00:00\" \/>\n<meta property=\"og:image\" content=\"https:\/\/exaudi.org\/wp-content\/uploads\/2025\/10\/aiease_1761217284016.jpg\" \/>\n\t<meta property=\"og:image:width\" content=\"800\" \/>\n\t<meta property=\"og:image:height\" content=\"533\" \/>\n\t<meta property=\"og:image:type\" content=\"image\/jpeg\" \/>\n<meta name=\"author\" content=\"Exaudi Redazione\" \/>\n<meta name=\"twitter:card\" content=\"summary_large_image\" \/>\n<meta name=\"twitter:creator\" content=\"@Exaudi_Notizie\" \/>\n<meta name=\"twitter:site\" content=\"@Exaudi_News\" \/>\n<meta name=\"twitter:label1\" content=\"Scritto da\" \/>\n\t<meta name=\"twitter:data1\" content=\"Exaudi Redazione\" \/>\n\t<meta name=\"twitter:label2\" content=\"Tempo di lettura stimato\" \/>\n\t<meta name=\"twitter:data2\" content=\"2 minuti\" \/>\n<script type=\"application\/ld+json\" class=\"yoast-schema-graph\">{\"@context\":\"https:\\\/\\\/schema.org\",\"@graph\":[{\"@type\":\"Article\",\"@id\":\"https:\\\/\\\/exaudi.org\\\/it\\\/papa-leone-xiv-e-il-re-e-la-regina-dinghilterra-in-preghiera-congiunta\\\/#article\",\"isPartOf\":{\"@id\":\"https:\\\/\\\/exaudi.org\\\/it\\\/papa-leone-xiv-e-il-re-e-la-regina-dinghilterra-in-preghiera-congiunta\\\/\"},\"author\":{\"name\":\"Exaudi Redazione\",\"@id\":\"https:\\\/\\\/exaudi.org\\\/#\\\/schema\\\/person\\\/e1ab6ed07c01774724dd96f925f3a5f0\"},\"headline\":\"Papa Leone XIV e il Re e la Regina d&#8217;Inghilterra in preghiera congiunta\",\"datePublished\":\"2025-10-23T16:56:06+00:00\",\"mainEntityOfPage\":{\"@id\":\"https:\\\/\\\/exaudi.org\\\/it\\\/papa-leone-xiv-e-il-re-e-la-regina-dinghilterra-in-preghiera-congiunta\\\/\"},\"wordCount\":465,\"image\":{\"@id\":\"https:\\\/\\\/exaudi.org\\\/it\\\/papa-leone-xiv-e-il-re-e-la-regina-dinghilterra-in-preghiera-congiunta\\\/#primaryimage\"},\"thumbnailUrl\":\"https:\\\/\\\/exaudi.org\\\/wp-content\\\/uploads\\\/2025\\\/10\\\/aiease_1761217284016.jpg\",\"keywords\":[\"ambiente\",\"Cappella Sistina\",\"CHIESA ANGLICANA\",\"CHIESA CATTOLICA\",\"cooperazione tra le Chiese\",\"cultura religiosa\",\"dialogo interreligioso\",\"Ecumenismo\",\"Featured\",\"fratellanza religiosa\",\"incontro storico\",\"Leone XIV\",\"liturgia ecumenica\",\"Notizie dal Vaticano\",\"Papa e il Re e la Regina d'Inghilterra\",\"Papa Leone XIV\",\"preghiera congiunta\",\"Preghiera ecumenica\",\"Re Carlo III\",\"Regina Camilla\",\"San Paolo fuori le Mura\",\"simbolismo cristiano\",\"sostenibilit\u00e0\",\"spiritualit\u00e0\",\"Unit\u00e0 dei cristiani\",\"Vaticano\",\"visita di Stato\"],\"articleSection\":[\"Incontri\",\"Leone XIV\"],\"inLanguage\":\"it-IT\"},{\"@type\":\"WebPage\",\"@id\":\"https:\\\/\\\/exaudi.org\\\/it\\\/papa-leone-xiv-e-il-re-e-la-regina-dinghilterra-in-preghiera-congiunta\\\/\",\"url\":\"https:\\\/\\\/exaudi.org\\\/it\\\/papa-leone-xiv-e-il-re-e-la-regina-dinghilterra-in-preghiera-congiunta\\\/\",\"name\":\"Papa Leone XIV e il Re e la Regina d'Inghilterra in preghiera congiunta &#8211; Exaudi\",\"isPartOf\":{\"@id\":\"https:\\\/\\\/exaudi.org\\\/#website\"},\"primaryImageOfPage\":{\"@id\":\"https:\\\/\\\/exaudi.org\\\/it\\\/papa-leone-xiv-e-il-re-e-la-regina-dinghilterra-in-preghiera-congiunta\\\/#primaryimage\"},\"image\":{\"@id\":\"https:\\\/\\\/exaudi.org\\\/it\\\/papa-leone-xiv-e-il-re-e-la-regina-dinghilterra-in-preghiera-congiunta\\\/#primaryimage\"},\"thumbnailUrl\":\"https:\\\/\\\/exaudi.org\\\/wp-content\\\/uploads\\\/2025\\\/10\\\/aiease_1761217284016.jpg\",\"datePublished\":\"2025-10-23T16:56:06+00:00\",\"author\":{\"@id\":\"https:\\\/\\\/exaudi.org\\\/#\\\/schema\\\/person\\\/e1ab6ed07c01774724dd96f925f3a5f0\"},\"breadcrumb\":{\"@id\":\"https:\\\/\\\/exaudi.org\\\/it\\\/papa-leone-xiv-e-il-re-e-la-regina-dinghilterra-in-preghiera-congiunta\\\/#breadcrumb\"},\"inLanguage\":\"it-IT\",\"potentialAction\":[{\"@type\":\"ReadAction\",\"target\":[\"https:\\\/\\\/exaudi.org\\\/it\\\/papa-leone-xiv-e-il-re-e-la-regina-dinghilterra-in-preghiera-congiunta\\\/\"]}]},{\"@type\":\"ImageObject\",\"inLanguage\":\"it-IT\",\"@id\":\"https:\\\/\\\/exaudi.org\\\/it\\\/papa-leone-xiv-e-il-re-e-la-regina-dinghilterra-in-preghiera-congiunta\\\/#primaryimage\",\"url\":\"https:\\\/\\\/exaudi.org\\\/wp-content\\\/uploads\\\/2025\\\/10\\\/aiease_1761217284016.jpg\",\"contentUrl\":\"https:\\\/\\\/exaudi.org\\\/wp-content\\\/uploads\\\/2025\\\/10\\\/aiease_1761217284016.jpg\",\"width\":800,\"height\":533},{\"@type\":\"BreadcrumbList\",\"@id\":\"https:\\\/\\\/exaudi.org\\\/it\\\/papa-leone-xiv-e-il-re-e-la-regina-dinghilterra-in-preghiera-congiunta\\\/#breadcrumb\",\"itemListElement\":[{\"@type\":\"ListItem\",\"position\":1,\"name\":\"Portada\",\"item\":\"https:\\\/\\\/exaudi.org\\\/it\\\/\"},{\"@type\":\"ListItem\",\"position\":2,\"name\":\"Papa Leone XIV e il Re e la Regina d&#8217;Inghilterra in preghiera congiunta\"}]},{\"@type\":\"WebSite\",\"@id\":\"https:\\\/\\\/exaudi.org\\\/#website\",\"url\":\"https:\\\/\\\/exaudi.org\\\/\",\"name\":\"Exaudi\",\"description\":\"News\",\"potentialAction\":[{\"@type\":\"SearchAction\",\"target\":{\"@type\":\"EntryPoint\",\"urlTemplate\":\"https:\\\/\\\/exaudi.org\\\/?s={search_term_string}\"},\"query-input\":{\"@type\":\"PropertyValueSpecification\",\"valueRequired\":true,\"valueName\":\"search_term_string\"}}],\"inLanguage\":\"it-IT\"},{\"@type\":\"Person\",\"@id\":\"https:\\\/\\\/exaudi.org\\\/#\\\/schema\\\/person\\\/e1ab6ed07c01774724dd96f925f3a5f0\",\"name\":\"Exaudi Redazione\",\"image\":{\"@type\":\"ImageObject\",\"inLanguage\":\"it-IT\",\"@id\":\"https:\\\/\\\/secure.gravatar.com\\\/avatar\\\/ad6774b3ada023bf5b939d64f45c94b3adf91502dd883507d469b4308a943bb3?s=96&d=mm&r=g\",\"url\":\"https:\\\/\\\/secure.gravatar.com\\\/avatar\\\/ad6774b3ada023bf5b939d64f45c94b3adf91502dd883507d469b4308a943bb3?s=96&d=mm&r=g\",\"contentUrl\":\"https:\\\/\\\/secure.gravatar.com\\\/avatar\\\/ad6774b3ada023bf5b939d64f45c94b3adf91502dd883507d469b4308a943bb3?s=96&d=mm&r=g\",\"caption\":\"Exaudi Redazione\"},\"description\":\"Che cosa \u00e8 Exaudi News? Exaudi News \u00e8 un agenzia cattolica internazionale che informa, istruisce e trasforma quotidianamente in spagnolo, inglese e italiano. Attraverso notizie, articoli di analisi e trasmissioni in diretta degli eventi del Papa, Exaudi cerca di rafforzare l'unit\u00e0 dei cristiani e di contribuire all'evangelizzazione del mondo, sempre guidato dalla dottrina sociale della Chiesa. Lavoriamo per portare la verit\u00e0 e i valori cristiani in ogni angolo del pianeta. Aiutaci a trasformare il mondo con Exaudi! Noi di Exaudi crediamo che l'evangelizzazione e l'informazione di qualit\u00e0 possano cambiare la vita. Per continuare la nostra missione ed espandere la nostra portata, abbiamo bisogno del tuo aiuto. Stiamo anche cercando persone motivate che vogliano unirsi al nostro team. Grazie al vostro sostegno raggiungeremo pi\u00f9 persone, diffonderemo il messaggio di Cristo e rafforzeremo l'unit\u00e0 dei cristiani. Vuoi unirti alla nostra missione? Per maggiori informazioni su come contribuire, visita Exaudi.org\\\/it o contattaci direttamente: info@exaudi.org Exaudi: informa, forma e trasforma.\",\"sameAs\":[\"https:\\\/\\\/www.facebook.com\\\/ExaudiNotizie\\\/\",\"https:\\\/\\\/www.instagram.com\\\/Exaudi_notizie\\\/\",\"https:\\\/\\\/x.com\\\/Exaudi_Notizie\",\"https:\\\/\\\/www.youtube.com\\\/@exaudicatholicnews\"],\"url\":\"https:\\\/\\\/exaudi.org\\\/it\\\/author\\\/dlvedi-org\\\/\"}]}<\/script>\n<!-- \/ Yoast SEO plugin. -->","yoast_head_json":{"title":"Papa Leone XIV e il Re e la Regina d'Inghilterra in preghiera congiunta &#8211; Exaudi","robots":{"index":"index","follow":"follow","max-snippet":"max-snippet:-1","max-image-preview":"max-image-preview:large","max-video-preview":"max-video-preview:-1"},"canonical":"https:\/\/exaudi.org\/it\/papa-leone-xiv-e-il-re-e-la-regina-dinghilterra-in-preghiera-congiunta\/","og_locale":"it_IT","og_type":"article","og_title":"Papa Leone XIV e il Re e la Regina d'Inghilterra in preghiera congiunta &#8211; Exaudi","og_description":"Incontro ecumenico nella Cappella Sistina","og_url":"https:\/\/exaudi.org\/it\/papa-leone-xiv-e-il-re-e-la-regina-dinghilterra-in-preghiera-congiunta\/","og_site_name":"Exaudi","article_publisher":"https:\/\/www.facebook.com\/ExaudiNews","article_author":"https:\/\/www.facebook.com\/ExaudiNotizie\/","article_published_time":"2025-10-23T16:56:06+00:00","og_image":[{"width":800,"height":533,"url":"https:\/\/exaudi.org\/wp-content\/uploads\/2025\/10\/aiease_1761217284016.jpg","type":"image\/jpeg"}],"author":"Exaudi Redazione","twitter_card":"summary_large_image","twitter_creator":"@Exaudi_Notizie","twitter_site":"@Exaudi_News","twitter_misc":{"Scritto da":"Exaudi Redazione","Tempo di lettura stimato":"2 minuti"},"schema":{"@context":"https:\/\/schema.org","@graph":[{"@type":"Article","@id":"https:\/\/exaudi.org\/it\/papa-leone-xiv-e-il-re-e-la-regina-dinghilterra-in-preghiera-congiunta\/#article","isPartOf":{"@id":"https:\/\/exaudi.org\/it\/papa-leone-xiv-e-il-re-e-la-regina-dinghilterra-in-preghiera-congiunta\/"},"author":{"name":"Exaudi Redazione","@id":"https:\/\/exaudi.org\/#\/schema\/person\/e1ab6ed07c01774724dd96f925f3a5f0"},"headline":"Papa Leone XIV e il Re e la Regina d&#8217;Inghilterra in preghiera congiunta","datePublished":"2025-10-23T16:56:06+00:00","mainEntityOfPage":{"@id":"https:\/\/exaudi.org\/it\/papa-leone-xiv-e-il-re-e-la-regina-dinghilterra-in-preghiera-congiunta\/"},"wordCount":465,"image":{"@id":"https:\/\/exaudi.org\/it\/papa-leone-xiv-e-il-re-e-la-regina-dinghilterra-in-preghiera-congiunta\/#primaryimage"},"thumbnailUrl":"https:\/\/exaudi.org\/wp-content\/uploads\/2025\/10\/aiease_1761217284016.jpg","keywords":["ambiente","Cappella Sistina","CHIESA ANGLICANA","CHIESA CATTOLICA","cooperazione tra le Chiese","cultura religiosa","dialogo interreligioso","Ecumenismo","Featured","fratellanza religiosa","incontro storico","Leone XIV","liturgia ecumenica","Notizie dal Vaticano","Papa e il Re e la Regina d'Inghilterra","Papa Leone XIV","preghiera congiunta","Preghiera ecumenica","Re Carlo III","Regina Camilla","San Paolo fuori le Mura","simbolismo cristiano","sostenibilit\u00e0","spiritualit\u00e0","Unit\u00e0 dei cristiani","Vaticano","visita di Stato"],"articleSection":["Incontri","Leone XIV"],"inLanguage":"it-IT"},{"@type":"WebPage","@id":"https:\/\/exaudi.org\/it\/papa-leone-xiv-e-il-re-e-la-regina-dinghilterra-in-preghiera-congiunta\/","url":"https:\/\/exaudi.org\/it\/papa-leone-xiv-e-il-re-e-la-regina-dinghilterra-in-preghiera-congiunta\/","name":"Papa Leone XIV e il Re e la Regina d'Inghilterra in preghiera congiunta &#8211; Exaudi","isPartOf":{"@id":"https:\/\/exaudi.org\/#website"},"primaryImageOfPage":{"@id":"https:\/\/exaudi.org\/it\/papa-leone-xiv-e-il-re-e-la-regina-dinghilterra-in-preghiera-congiunta\/#primaryimage"},"image":{"@id":"https:\/\/exaudi.org\/it\/papa-leone-xiv-e-il-re-e-la-regina-dinghilterra-in-preghiera-congiunta\/#primaryimage"},"thumbnailUrl":"https:\/\/exaudi.org\/wp-content\/uploads\/2025\/10\/aiease_1761217284016.jpg","datePublished":"2025-10-23T16:56:06+00:00","author":{"@id":"https:\/\/exaudi.org\/#\/schema\/person\/e1ab6ed07c01774724dd96f925f3a5f0"},"breadcrumb":{"@id":"https:\/\/exaudi.org\/it\/papa-leone-xiv-e-il-re-e-la-regina-dinghilterra-in-preghiera-congiunta\/#breadcrumb"},"inLanguage":"it-IT","potentialAction":[{"@type":"ReadAction","target":["https:\/\/exaudi.org\/it\/papa-leone-xiv-e-il-re-e-la-regina-dinghilterra-in-preghiera-congiunta\/"]}]},{"@type":"ImageObject","inLanguage":"it-IT","@id":"https:\/\/exaudi.org\/it\/papa-leone-xiv-e-il-re-e-la-regina-dinghilterra-in-preghiera-congiunta\/#primaryimage","url":"https:\/\/exaudi.org\/wp-content\/uploads\/2025\/10\/aiease_1761217284016.jpg","contentUrl":"https:\/\/exaudi.org\/wp-content\/uploads\/2025\/10\/aiease_1761217284016.jpg","width":800,"height":533},{"@type":"BreadcrumbList","@id":"https:\/\/exaudi.org\/it\/papa-leone-xiv-e-il-re-e-la-regina-dinghilterra-in-preghiera-congiunta\/#breadcrumb","itemListElement":[{"@type":"ListItem","position":1,"name":"Portada","item":"https:\/\/exaudi.org\/it\/"},{"@type":"ListItem","position":2,"name":"Papa Leone XIV e il Re e la Regina d&#8217;Inghilterra in preghiera congiunta"}]},{"@type":"WebSite","@id":"https:\/\/exaudi.org\/#website","url":"https:\/\/exaudi.org\/","name":"Exaudi","description":"News","potentialAction":[{"@type":"SearchAction","target":{"@type":"EntryPoint","urlTemplate":"https:\/\/exaudi.org\/?s={search_term_string}"},"query-input":{"@type":"PropertyValueSpecification","valueRequired":true,"valueName":"search_term_string"}}],"inLanguage":"it-IT"},{"@type":"Person","@id":"https:\/\/exaudi.org\/#\/schema\/person\/e1ab6ed07c01774724dd96f925f3a5f0","name":"Exaudi Redazione","image":{"@type":"ImageObject","inLanguage":"it-IT","@id":"https:\/\/secure.gravatar.com\/avatar\/ad6774b3ada023bf5b939d64f45c94b3adf91502dd883507d469b4308a943bb3?s=96&d=mm&r=g","url":"https:\/\/secure.gravatar.com\/avatar\/ad6774b3ada023bf5b939d64f45c94b3adf91502dd883507d469b4308a943bb3?s=96&d=mm&r=g","contentUrl":"https:\/\/secure.gravatar.com\/avatar\/ad6774b3ada023bf5b939d64f45c94b3adf91502dd883507d469b4308a943bb3?s=96&d=mm&r=g","caption":"Exaudi Redazione"},"description":"Che cosa \u00e8 Exaudi News? Exaudi News \u00e8 un agenzia cattolica internazionale che informa, istruisce e trasforma quotidianamente in spagnolo, inglese e italiano. Attraverso notizie, articoli di analisi e trasmissioni in diretta degli eventi del Papa, Exaudi cerca di rafforzare l'unit\u00e0 dei cristiani e di contribuire all'evangelizzazione del mondo, sempre guidato dalla dottrina sociale della Chiesa. Lavoriamo per portare la verit\u00e0 e i valori cristiani in ogni angolo del pianeta. Aiutaci a trasformare il mondo con Exaudi! Noi di Exaudi crediamo che l'evangelizzazione e l'informazione di qualit\u00e0 possano cambiare la vita. Per continuare la nostra missione ed espandere la nostra portata, abbiamo bisogno del tuo aiuto. Stiamo anche cercando persone motivate che vogliano unirsi al nostro team. Grazie al vostro sostegno raggiungeremo pi\u00f9 persone, diffonderemo il messaggio di Cristo e rafforzeremo l'unit\u00e0 dei cristiani. Vuoi unirti alla nostra missione? Per maggiori informazioni su come contribuire, visita Exaudi.org\/it o contattaci direttamente: info@exaudi.org Exaudi: informa, forma e trasforma.","sameAs":["https:\/\/www.facebook.com\/ExaudiNotizie\/","https:\/\/www.instagram.com\/Exaudi_notizie\/","https:\/\/x.com\/Exaudi_Notizie","https:\/\/www.youtube.com\/@exaudicatholicnews"],"url":"https:\/\/exaudi.org\/it\/author\/dlvedi-org\/"}]}},"jetpack_featured_media_url":"https:\/\/exaudi.org\/wp-content\/uploads\/2025\/10\/aiease_1761217284016.jpg","jetpack_shortlink":"https:\/\/wp.me\/pgKjF2-Bik","_links":{"self":[{"href":"https:\/\/exaudi.org\/it\/wp-json\/wp\/v2\/posts\/143364","targetHints":{"allow":["GET"]}}],"collection":[{"href":"https:\/\/exaudi.org\/it\/wp-json\/wp\/v2\/posts"}],"about":[{"href":"https:\/\/exaudi.org\/it\/wp-json\/wp\/v2\/types\/post"}],"author":[{"embeddable":true,"href":"https:\/\/exaudi.org\/it\/wp-json\/wp\/v2\/users\/17"}],"replies":[{"embeddable":true,"href":"https:\/\/exaudi.org\/it\/wp-json\/wp\/v2\/comments?post=143364"}],"version-history":[{"count":4,"href":"https:\/\/exaudi.org\/it\/wp-json\/wp\/v2\/posts\/143364\/revisions"}],"predecessor-version":[{"id":143368,"href":"https:\/\/exaudi.org\/it\/wp-json\/wp\/v2\/posts\/143364\/revisions\/143368"}],"wp:featuredmedia":[{"embeddable":true,"href":"https:\/\/exaudi.org\/it\/wp-json\/wp\/v2\/media\/143353"}],"wp:attachment":[{"href":"https:\/\/exaudi.org\/it\/wp-json\/wp\/v2\/media?parent=143364"}],"wp:term":[{"taxonomy":"category","embeddable":true,"href":"https:\/\/exaudi.org\/it\/wp-json\/wp\/v2\/categories?post=143364"},{"taxonomy":"post_tag","embeddable":true,"href":"https:\/\/exaudi.org\/it\/wp-json\/wp\/v2\/tags?post=143364"}],"curies":[{"name":"wp","href":"https:\/\/api.w.org\/{rel}","templated":true}]}}