{"id":14288,"date":"2021-04-30T12:43:53","date_gmt":"2021-04-30T10:43:53","guid":{"rendered":"https:\/\/exaudi.org\/?p=14288"},"modified":"2021-04-30T13:23:55","modified_gmt":"2021-04-30T11:23:55","slug":"i-deboli-non-sono-materiale-di-scarto","status":"publish","type":"post","link":"https:\/\/exaudi.org\/it\/i-deboli-non-sono-materiale-di-scarto\/","title":{"rendered":"&#8220;I deboli non sono materiale di scarto&#8221;"},"content":{"rendered":"<p>I deboli non sono \u201cmateriale di scarto\u201d. Ha usato ancora una volta parole forti Papa Francesco nel corso dell\u2019udienza, questa mattina nel Palazzo Apostolico Vaticano, concessa ai membri della Fraternit\u00e0 politica e della Comunit\u00e0 Chemin Neuf. Di seguito il discorso del Papa diffuso dalla Sala Stampa vaticana:<\/p>\n<p>Cari amici, do il mio benvenuto a voi, membri della Fraternit\u00e0 politica Chemin Neuf e, attraverso di voi, esprimo di cuore il mio saluto ai giovani di diversi Paesi che, come voi, beneficiano delle competenze e dell\u2019accompagnamento <a href=\"https:\/\/www.chemin-neuf.it\/\">della Comunit\u00e0 Chemin Neuf<\/a>. Vi ringrazio di aver fatto questo spostamento fino a Roma, malgrado le limitazioni della pandemia. Con voi rendo grazie al Signore per l\u2019opera del suo Spirito, che si manifesta nel vostro cammino umano e spirituale al servizio del bene comune e dei poveri specialmente, cammino che compite rifiutando la miseria e operando per un mondo pi\u00f9 giusto e fraterno.<\/p>\n<h4>L\u2019impegno laicale<\/h4>\n<p>Infatti, nella corsa sfrenata all\u2019avere, alla carriera, agli onori o al potere, i deboli e i piccoli sono spesso ignorati e respinti, o considerati come inutili, anzi \u2013 e questo non sta l\u00ec [nel testo] \u2013 sono considerati come materiale di scarto. Per questo auspico che il vostro impegno e il vostro entusiasmo al servizio degli altri, plasmati dalla forza del Vangelo di Cristo, restituiscano il gusto della vita e la speranza nel futuro a molte persone, in particolare a tanti giovani.<\/p>\n<p>\u00abLa vocazione laicale \u00e8 prima di tutto la carit\u00e0 nella famiglia e la carit\u00e0 sociale o politica: \u00e8 un impegno concreto a partire dalla fede per la costruzione di una societ\u00e0 nuova, \u00e8 vivere in mezzo al mondo e alla societ\u00e0 per evangelizzarne le sue diverse istanze, per far crescere la pace, la convivenza, la giustizia, i diritti umani, la misericordia, e cos\u00ec estendere il Regno di Dio nel mondo\u00bb.<\/p>\n<p><img loading=\"lazy\" decoding=\"async\" class=\"size-medium wp-image-14315 alignright\" src=\"https:\/\/exaudi.org\/wp-content\/uploads\/2021\/04\/SFO9651_050421--300x200.jpg\" alt=\"scarto\" width=\"300\" height=\"200\" srcset=\"https:\/\/exaudi.org\/wp-content\/uploads\/2021\/04\/SFO9651_050421--300x200.jpg 300w, https:\/\/exaudi.org\/wp-content\/uploads\/2021\/04\/SFO9651_050421--1024x683.jpg 1024w, https:\/\/exaudi.org\/wp-content\/uploads\/2021\/04\/SFO9651_050421--768x512.jpg 768w, https:\/\/exaudi.org\/wp-content\/uploads\/2021\/04\/SFO9651_050421--1536x1024.jpg 1536w, https:\/\/exaudi.org\/wp-content\/uploads\/2021\/04\/SFO9651_050421--2048x1365.jpg 2048w, https:\/\/exaudi.org\/wp-content\/uploads\/2021\/04\/SFO9651_050421--150x100.jpg 150w, https:\/\/exaudi.org\/wp-content\/uploads\/2021\/04\/SFO9651_050421--696x464.jpg 696w, https:\/\/exaudi.org\/wp-content\/uploads\/2021\/04\/SFO9651_050421--1068x712.jpg 1068w, https:\/\/exaudi.org\/wp-content\/uploads\/2021\/04\/SFO9651_050421--1920x1280.jpg 1920w, https:\/\/exaudi.org\/wp-content\/uploads\/2021\/04\/SFO9651_050421--630x420.jpg 630w\" sizes=\"auto, (max-width: 300px) 100vw, 300px\" \/>\u00c8 proprio in questa dinamica che voi camminate, con un\u2019apertura ecumenica e un cuore disponibile ad accogliere le diverse culture e tradizioni, al fine di trasformare il volto della nostra societ\u00e0.<\/p>\n<h4>Le strade della fraternit\u00e0<\/h4>\n<p>Cari amici, vi incoraggio a non avere paura di percorrere le strade della fraternit\u00e0 e di costruire ponti tra le persone, tra i popoli, in un mondo dove si innalzano ancora tanti muri per timore degli altri. Attraverso le vostre iniziative, i vostri progetti e le vostre attivit\u00e0, voi rendete visibile una Chiesa povera con e per i poveri, una Chiesa in uscita che si fa vicina alle persone in situazione di sofferenza, di precariet\u00e0, di emarginazione, di esclusione.<\/p>\n<figure id=\"attachment_14312\" aria-describedby=\"caption-attachment-14312\" style=\"width: 300px\" class=\"wp-caption alignleft\"><img loading=\"lazy\" decoding=\"async\" class=\"size-medium wp-image-14312\" src=\"https:\/\/exaudi.org\/wp-content\/uploads\/2021\/04\/SFO9630_050421--300x200.jpg\" alt=\"\" width=\"300\" height=\"200\" srcset=\"https:\/\/exaudi.org\/wp-content\/uploads\/2021\/04\/SFO9630_050421--300x200.jpg 300w, https:\/\/exaudi.org\/wp-content\/uploads\/2021\/04\/SFO9630_050421--1024x683.jpg 1024w, https:\/\/exaudi.org\/wp-content\/uploads\/2021\/04\/SFO9630_050421--768x512.jpg 768w, https:\/\/exaudi.org\/wp-content\/uploads\/2021\/04\/SFO9630_050421--1536x1024.jpg 1536w, https:\/\/exaudi.org\/wp-content\/uploads\/2021\/04\/SFO9630_050421--2048x1366.jpg 2048w, https:\/\/exaudi.org\/wp-content\/uploads\/2021\/04\/SFO9630_050421--150x100.jpg 150w, https:\/\/exaudi.org\/wp-content\/uploads\/2021\/04\/SFO9630_050421--696x464.jpg 696w, https:\/\/exaudi.org\/wp-content\/uploads\/2021\/04\/SFO9630_050421--1068x712.jpg 1068w, https:\/\/exaudi.org\/wp-content\/uploads\/2021\/04\/SFO9630_050421--1920x1281.jpg 1920w, https:\/\/exaudi.org\/wp-content\/uploads\/2021\/04\/SFO9630_050421--630x420.jpg 630w\" sizes=\"auto, (max-width: 300px) 100vw, 300px\" \/><figcaption id=\"caption-attachment-14312\" class=\"wp-caption-text\">\u00a9 Servizio Fotografico Vaticano<\/figcaption><\/figure>\n<p>Infatti, \u00abdalla nostra fede in Cristo fattosi povero, e sempre vicino ai poveri e agli esclusi, deriva la preoccupazione per lo sviluppo integrale dei pi\u00f9 abbandonati della societ\u00e0\u00bb. Con i giovani delle vostre societ\u00e0, oggi pi\u00f9 che mai, affrontate sfide nelle quali \u00e8 in gioco lo stato di salute della nostra casa comune. Si tratta davvero di una conversione ecologica che riconosce l\u2019eminente dignit\u00e0 di ogni persona, il suo valore proprio, la sua creativit\u00e0 e la sua capacit\u00e0 di cercare e promuovere il bene comune.<\/p>\n<h4>Lavorare insieme<\/h4>\n<p>Ci\u00f2 che stiamo vivendo attualmente con la pandemia ci insegna in concreto che siamo tutti sulla stessa barca e che potremo superare le difficolt\u00e0 solo se accettiamo di lavorare insieme. E voi passate alcuni giorni qui a Roma proprio per riflettere su un aspetto particolare della vita nella nostra casa comune: quello della presenza dei migranti e della loro accoglienza nell\u2019Europa di oggi. In effetti, lo sapete bene, \u00abquando si parla di migranti e di sfollati troppo spesso ci si ferma ai numeri. Ma non si tratta di numeri, si tratta di persone! Se le incontriamo arriveremo a conoscerle. E conoscendo le loro storie riusciremo a comprendere.<\/p>\n<h4>Saldi nella fede<\/h4>\n<p>Cari amici, vi invito a restare saldi nelle vostre convinzioni e nella vostra fede. Non dimenticate mai che Cristo \u00e8 vivo e che vi chiama a camminare con coraggio dietro a Lui. Con Lui, siate quella fiamma che fa rinascere la speranza nel cuore di tanti giovani scoraggiati, tristi, senza prospettive. Possiate generare legami di amicizia, di condivisione fraterna, per un mondo migliore. Il Signore conta sulla vostra audacia, sul vostro coraggio, sul vostro entusiasmo. Affido ciascuno di voi e le vostre famiglie, come pure i membri della vostra Fraternit\u00e0 e tutti i giovani che incontrate all\u2019intercessione della Vergine Maria e alla protezione di Sant\u2019Ignazio. Vi benedico di cuore. E per favore, non dimenticatevi di pregare per me. E che il Signore benedica tutti voi, ognuno di voi. Amen.<\/p>\n","protected":false},"excerpt":{"rendered":"<p>Discorso del Santo Padre ai membri della Comunit\u00e0 Chemin Neuf<\/p>\n","protected":false},"author":17,"featured_media":14319,"comment_status":"closed","ping_status":"closed","sticky":false,"template":"","format":"standard","meta":{"_acf_changed":false,"_crdt_document":"","inline_featured_image":false,"footnotes":""},"categories":[58,67,536,297],"tags":[2053,251,1957],"class_list":["post-14288","post","type-post","status-publish","format-standard","has-post-thumbnail","hentry","category-featured-news","category-leone-xiv","category-special-it","category-ultime-notizie","tag-bene-comune","tag-papa-francesco","tag-politica-it"],"acf":[],"yoast_head":"<!-- This site is optimized with the Yoast SEO plugin v27.5 - https:\/\/yoast.com\/product\/yoast-seo-wordpress\/ -->\n<title>&quot;I deboli non sono materiale di scarto&quot; &#8211; Exaudi<\/title>\n<meta name=\"description\" content=\"I deboli non siano materiale di scarto: lo ha detto Papa Francesco ricevendo in udienza i membri della Fraternit\u00e0 politica Chemin Neuf\" \/>\n<meta name=\"robots\" content=\"index, follow, max-snippet:-1, max-image-preview:large, max-video-preview:-1\" \/>\n<link rel=\"canonical\" href=\"https:\/\/exaudi.org\/it\/i-deboli-non-sono-materiale-di-scarto\/\" \/>\n<meta property=\"og:locale\" content=\"it_IT\" \/>\n<meta property=\"og:type\" content=\"article\" \/>\n<meta property=\"og:title\" content=\"&quot;I deboli non sono materiale di scarto&quot; &#8211; Exaudi\" \/>\n<meta property=\"og:description\" content=\"I deboli non siano materiale di scarto: lo ha detto Papa Francesco ricevendo in udienza i membri della Fraternit\u00e0 politica Chemin Neuf\" \/>\n<meta property=\"og:url\" content=\"https:\/\/exaudi.org\/it\/i-deboli-non-sono-materiale-di-scarto\/\" \/>\n<meta property=\"og:site_name\" content=\"Exaudi\" \/>\n<meta property=\"article:publisher\" content=\"https:\/\/www.facebook.com\/ExaudiNews\" \/>\n<meta property=\"article:author\" content=\"https:\/\/www.facebook.com\/ExaudiNotizie\/\" \/>\n<meta property=\"article:published_time\" content=\"2021-04-30T10:43:53+00:00\" \/>\n<meta property=\"article:modified_time\" content=\"2021-04-30T11:23:55+00:00\" \/>\n<meta property=\"og:image\" content=\"https:\/\/exaudi.org\/wp-content\/uploads\/2021\/04\/SFO9642_050421-.jpg\" \/>\n\t<meta property=\"og:image:width\" content=\"2126\" \/>\n\t<meta property=\"og:image:height\" content=\"1418\" \/>\n\t<meta property=\"og:image:type\" content=\"image\/jpeg\" \/>\n<meta name=\"author\" content=\"Exaudi Redazione\" \/>\n<meta name=\"twitter:card\" content=\"summary_large_image\" \/>\n<meta name=\"twitter:creator\" content=\"@Exaudi_Notizie\" \/>\n<meta name=\"twitter:site\" content=\"@Exaudi_News\" \/>\n<meta name=\"twitter:label1\" content=\"Scritto da\" \/>\n\t<meta name=\"twitter:data1\" content=\"Exaudi Redazione\" \/>\n\t<meta name=\"twitter:label2\" content=\"Tempo di lettura stimato\" \/>\n\t<meta name=\"twitter:data2\" content=\"4 minuti\" \/>\n<script type=\"application\/ld+json\" class=\"yoast-schema-graph\">{\"@context\":\"https:\\\/\\\/schema.org\",\"@graph\":[{\"@type\":\"Article\",\"@id\":\"https:\\\/\\\/exaudi.org\\\/it\\\/i-deboli-non-sono-materiale-di-scarto\\\/#article\",\"isPartOf\":{\"@id\":\"https:\\\/\\\/exaudi.org\\\/it\\\/i-deboli-non-sono-materiale-di-scarto\\\/\"},\"author\":{\"name\":\"Exaudi Redazione\",\"@id\":\"https:\\\/\\\/exaudi.org\\\/#\\\/schema\\\/person\\\/e1ab6ed07c01774724dd96f925f3a5f0\"},\"headline\":\"&#8220;I deboli non sono materiale di scarto&#8221;\",\"datePublished\":\"2021-04-30T10:43:53+00:00\",\"dateModified\":\"2021-04-30T11:23:55+00:00\",\"mainEntityOfPage\":{\"@id\":\"https:\\\/\\\/exaudi.org\\\/it\\\/i-deboli-non-sono-materiale-di-scarto\\\/\"},\"wordCount\":760,\"image\":{\"@id\":\"https:\\\/\\\/exaudi.org\\\/it\\\/i-deboli-non-sono-materiale-di-scarto\\\/#primaryimage\"},\"thumbnailUrl\":\"https:\\\/\\\/exaudi.org\\\/wp-content\\\/uploads\\\/2021\\\/04\\\/SFO9642_050421-.jpg\",\"keywords\":[\"bene comune\",\"Papa Francesco\",\"Pol\u00edtica\"],\"articleSection\":[\"Featured News\",\"Leone XIV\",\"Special\",\"Ultime Notizie\"],\"inLanguage\":\"it-IT\"},{\"@type\":\"WebPage\",\"@id\":\"https:\\\/\\\/exaudi.org\\\/it\\\/i-deboli-non-sono-materiale-di-scarto\\\/\",\"url\":\"https:\\\/\\\/exaudi.org\\\/it\\\/i-deboli-non-sono-materiale-di-scarto\\\/\",\"name\":\"\\\"I deboli non sono materiale di scarto\\\" &#8211; Exaudi\",\"isPartOf\":{\"@id\":\"https:\\\/\\\/exaudi.org\\\/#website\"},\"primaryImageOfPage\":{\"@id\":\"https:\\\/\\\/exaudi.org\\\/it\\\/i-deboli-non-sono-materiale-di-scarto\\\/#primaryimage\"},\"image\":{\"@id\":\"https:\\\/\\\/exaudi.org\\\/it\\\/i-deboli-non-sono-materiale-di-scarto\\\/#primaryimage\"},\"thumbnailUrl\":\"https:\\\/\\\/exaudi.org\\\/wp-content\\\/uploads\\\/2021\\\/04\\\/SFO9642_050421-.jpg\",\"datePublished\":\"2021-04-30T10:43:53+00:00\",\"dateModified\":\"2021-04-30T11:23:55+00:00\",\"author\":{\"@id\":\"https:\\\/\\\/exaudi.org\\\/#\\\/schema\\\/person\\\/e1ab6ed07c01774724dd96f925f3a5f0\"},\"description\":\"I deboli non siano materiale di scarto: lo ha detto Papa Francesco ricevendo in udienza i membri della Fraternit\u00e0 politica Chemin Neuf\",\"breadcrumb\":{\"@id\":\"https:\\\/\\\/exaudi.org\\\/it\\\/i-deboli-non-sono-materiale-di-scarto\\\/#breadcrumb\"},\"inLanguage\":\"it-IT\",\"potentialAction\":[{\"@type\":\"ReadAction\",\"target\":[\"https:\\\/\\\/exaudi.org\\\/it\\\/i-deboli-non-sono-materiale-di-scarto\\\/\"]}]},{\"@type\":\"ImageObject\",\"inLanguage\":\"it-IT\",\"@id\":\"https:\\\/\\\/exaudi.org\\\/it\\\/i-deboli-non-sono-materiale-di-scarto\\\/#primaryimage\",\"url\":\"https:\\\/\\\/exaudi.org\\\/wp-content\\\/uploads\\\/2021\\\/04\\\/SFO9642_050421-.jpg\",\"contentUrl\":\"https:\\\/\\\/exaudi.org\\\/wp-content\\\/uploads\\\/2021\\\/04\\\/SFO9642_050421-.jpg\",\"width\":2126,\"height\":1418,\"caption\":\"Il Papa con i membri della Comunit\u00e0 \u00a9 Servizio Fotografico Vaticano\"},{\"@type\":\"BreadcrumbList\",\"@id\":\"https:\\\/\\\/exaudi.org\\\/it\\\/i-deboli-non-sono-materiale-di-scarto\\\/#breadcrumb\",\"itemListElement\":[{\"@type\":\"ListItem\",\"position\":1,\"name\":\"Portada\",\"item\":\"https:\\\/\\\/exaudi.org\\\/it\\\/\"},{\"@type\":\"ListItem\",\"position\":2,\"name\":\"&#8220;I deboli non sono materiale di scarto&#8221;\"}]},{\"@type\":\"WebSite\",\"@id\":\"https:\\\/\\\/exaudi.org\\\/#website\",\"url\":\"https:\\\/\\\/exaudi.org\\\/\",\"name\":\"Exaudi\",\"description\":\"News\",\"potentialAction\":[{\"@type\":\"SearchAction\",\"target\":{\"@type\":\"EntryPoint\",\"urlTemplate\":\"https:\\\/\\\/exaudi.org\\\/?s={search_term_string}\"},\"query-input\":{\"@type\":\"PropertyValueSpecification\",\"valueRequired\":true,\"valueName\":\"search_term_string\"}}],\"inLanguage\":\"it-IT\"},{\"@type\":\"Person\",\"@id\":\"https:\\\/\\\/exaudi.org\\\/#\\\/schema\\\/person\\\/e1ab6ed07c01774724dd96f925f3a5f0\",\"name\":\"Exaudi Redazione\",\"image\":{\"@type\":\"ImageObject\",\"inLanguage\":\"it-IT\",\"@id\":\"https:\\\/\\\/secure.gravatar.com\\\/avatar\\\/ad6774b3ada023bf5b939d64f45c94b3adf91502dd883507d469b4308a943bb3?s=96&d=mm&r=g\",\"url\":\"https:\\\/\\\/secure.gravatar.com\\\/avatar\\\/ad6774b3ada023bf5b939d64f45c94b3adf91502dd883507d469b4308a943bb3?s=96&d=mm&r=g\",\"contentUrl\":\"https:\\\/\\\/secure.gravatar.com\\\/avatar\\\/ad6774b3ada023bf5b939d64f45c94b3adf91502dd883507d469b4308a943bb3?s=96&d=mm&r=g\",\"caption\":\"Exaudi Redazione\"},\"description\":\"Che cosa \u00e8 Exaudi News? Exaudi News \u00e8 un agenzia cattolica internazionale che informa, istruisce e trasforma quotidianamente in spagnolo, inglese e italiano. Attraverso notizie, articoli di analisi e trasmissioni in diretta degli eventi del Papa, Exaudi cerca di rafforzare l'unit\u00e0 dei cristiani e di contribuire all'evangelizzazione del mondo, sempre guidato dalla dottrina sociale della Chiesa. Lavoriamo per portare la verit\u00e0 e i valori cristiani in ogni angolo del pianeta. Aiutaci a trasformare il mondo con Exaudi! Noi di Exaudi crediamo che l'evangelizzazione e l'informazione di qualit\u00e0 possano cambiare la vita. Per continuare la nostra missione ed espandere la nostra portata, abbiamo bisogno del tuo aiuto. Stiamo anche cercando persone motivate che vogliano unirsi al nostro team. Grazie al vostro sostegno raggiungeremo pi\u00f9 persone, diffonderemo il messaggio di Cristo e rafforzeremo l'unit\u00e0 dei cristiani. Vuoi unirti alla nostra missione? Per maggiori informazioni su come contribuire, visita Exaudi.org\\\/it o contattaci direttamente: info@exaudi.org Exaudi: informa, forma e trasforma.\",\"sameAs\":[\"https:\\\/\\\/www.facebook.com\\\/ExaudiNotizie\\\/\",\"https:\\\/\\\/www.instagram.com\\\/Exaudi_notizie\\\/\",\"https:\\\/\\\/x.com\\\/Exaudi_Notizie\",\"https:\\\/\\\/www.youtube.com\\\/@exaudicatholicnews\"],\"url\":\"https:\\\/\\\/exaudi.org\\\/it\\\/author\\\/dlvedi-org\\\/\"}]}<\/script>\n<!-- \/ Yoast SEO plugin. -->","yoast_head_json":{"title":"\"I deboli non sono materiale di scarto\" &#8211; Exaudi","description":"I deboli non siano materiale di scarto: lo ha detto Papa Francesco ricevendo in udienza i membri della Fraternit\u00e0 politica Chemin Neuf","robots":{"index":"index","follow":"follow","max-snippet":"max-snippet:-1","max-image-preview":"max-image-preview:large","max-video-preview":"max-video-preview:-1"},"canonical":"https:\/\/exaudi.org\/it\/i-deboli-non-sono-materiale-di-scarto\/","og_locale":"it_IT","og_type":"article","og_title":"\"I deboli non sono materiale di scarto\" &#8211; Exaudi","og_description":"I deboli non siano materiale di scarto: lo ha detto Papa Francesco ricevendo in udienza i membri della Fraternit\u00e0 politica Chemin Neuf","og_url":"https:\/\/exaudi.org\/it\/i-deboli-non-sono-materiale-di-scarto\/","og_site_name":"Exaudi","article_publisher":"https:\/\/www.facebook.com\/ExaudiNews","article_author":"https:\/\/www.facebook.com\/ExaudiNotizie\/","article_published_time":"2021-04-30T10:43:53+00:00","article_modified_time":"2021-04-30T11:23:55+00:00","og_image":[{"width":2126,"height":1418,"url":"https:\/\/exaudi.org\/wp-content\/uploads\/2021\/04\/SFO9642_050421-.jpg","type":"image\/jpeg"}],"author":"Exaudi Redazione","twitter_card":"summary_large_image","twitter_creator":"@Exaudi_Notizie","twitter_site":"@Exaudi_News","twitter_misc":{"Scritto da":"Exaudi Redazione","Tempo di lettura stimato":"4 minuti"},"schema":{"@context":"https:\/\/schema.org","@graph":[{"@type":"Article","@id":"https:\/\/exaudi.org\/it\/i-deboli-non-sono-materiale-di-scarto\/#article","isPartOf":{"@id":"https:\/\/exaudi.org\/it\/i-deboli-non-sono-materiale-di-scarto\/"},"author":{"name":"Exaudi Redazione","@id":"https:\/\/exaudi.org\/#\/schema\/person\/e1ab6ed07c01774724dd96f925f3a5f0"},"headline":"&#8220;I deboli non sono materiale di scarto&#8221;","datePublished":"2021-04-30T10:43:53+00:00","dateModified":"2021-04-30T11:23:55+00:00","mainEntityOfPage":{"@id":"https:\/\/exaudi.org\/it\/i-deboli-non-sono-materiale-di-scarto\/"},"wordCount":760,"image":{"@id":"https:\/\/exaudi.org\/it\/i-deboli-non-sono-materiale-di-scarto\/#primaryimage"},"thumbnailUrl":"https:\/\/exaudi.org\/wp-content\/uploads\/2021\/04\/SFO9642_050421-.jpg","keywords":["bene comune","Papa Francesco","Pol\u00edtica"],"articleSection":["Featured News","Leone XIV","Special","Ultime Notizie"],"inLanguage":"it-IT"},{"@type":"WebPage","@id":"https:\/\/exaudi.org\/it\/i-deboli-non-sono-materiale-di-scarto\/","url":"https:\/\/exaudi.org\/it\/i-deboli-non-sono-materiale-di-scarto\/","name":"\"I deboli non sono materiale di scarto\" &#8211; Exaudi","isPartOf":{"@id":"https:\/\/exaudi.org\/#website"},"primaryImageOfPage":{"@id":"https:\/\/exaudi.org\/it\/i-deboli-non-sono-materiale-di-scarto\/#primaryimage"},"image":{"@id":"https:\/\/exaudi.org\/it\/i-deboli-non-sono-materiale-di-scarto\/#primaryimage"},"thumbnailUrl":"https:\/\/exaudi.org\/wp-content\/uploads\/2021\/04\/SFO9642_050421-.jpg","datePublished":"2021-04-30T10:43:53+00:00","dateModified":"2021-04-30T11:23:55+00:00","author":{"@id":"https:\/\/exaudi.org\/#\/schema\/person\/e1ab6ed07c01774724dd96f925f3a5f0"},"description":"I deboli non siano materiale di scarto: lo ha detto Papa Francesco ricevendo in udienza i membri della Fraternit\u00e0 politica Chemin Neuf","breadcrumb":{"@id":"https:\/\/exaudi.org\/it\/i-deboli-non-sono-materiale-di-scarto\/#breadcrumb"},"inLanguage":"it-IT","potentialAction":[{"@type":"ReadAction","target":["https:\/\/exaudi.org\/it\/i-deboli-non-sono-materiale-di-scarto\/"]}]},{"@type":"ImageObject","inLanguage":"it-IT","@id":"https:\/\/exaudi.org\/it\/i-deboli-non-sono-materiale-di-scarto\/#primaryimage","url":"https:\/\/exaudi.org\/wp-content\/uploads\/2021\/04\/SFO9642_050421-.jpg","contentUrl":"https:\/\/exaudi.org\/wp-content\/uploads\/2021\/04\/SFO9642_050421-.jpg","width":2126,"height":1418,"caption":"Il Papa con i membri della Comunit\u00e0 \u00a9 Servizio Fotografico Vaticano"},{"@type":"BreadcrumbList","@id":"https:\/\/exaudi.org\/it\/i-deboli-non-sono-materiale-di-scarto\/#breadcrumb","itemListElement":[{"@type":"ListItem","position":1,"name":"Portada","item":"https:\/\/exaudi.org\/it\/"},{"@type":"ListItem","position":2,"name":"&#8220;I deboli non sono materiale di scarto&#8221;"}]},{"@type":"WebSite","@id":"https:\/\/exaudi.org\/#website","url":"https:\/\/exaudi.org\/","name":"Exaudi","description":"News","potentialAction":[{"@type":"SearchAction","target":{"@type":"EntryPoint","urlTemplate":"https:\/\/exaudi.org\/?s={search_term_string}"},"query-input":{"@type":"PropertyValueSpecification","valueRequired":true,"valueName":"search_term_string"}}],"inLanguage":"it-IT"},{"@type":"Person","@id":"https:\/\/exaudi.org\/#\/schema\/person\/e1ab6ed07c01774724dd96f925f3a5f0","name":"Exaudi Redazione","image":{"@type":"ImageObject","inLanguage":"it-IT","@id":"https:\/\/secure.gravatar.com\/avatar\/ad6774b3ada023bf5b939d64f45c94b3adf91502dd883507d469b4308a943bb3?s=96&d=mm&r=g","url":"https:\/\/secure.gravatar.com\/avatar\/ad6774b3ada023bf5b939d64f45c94b3adf91502dd883507d469b4308a943bb3?s=96&d=mm&r=g","contentUrl":"https:\/\/secure.gravatar.com\/avatar\/ad6774b3ada023bf5b939d64f45c94b3adf91502dd883507d469b4308a943bb3?s=96&d=mm&r=g","caption":"Exaudi Redazione"},"description":"Che cosa \u00e8 Exaudi News? Exaudi News \u00e8 un agenzia cattolica internazionale che informa, istruisce e trasforma quotidianamente in spagnolo, inglese e italiano. Attraverso notizie, articoli di analisi e trasmissioni in diretta degli eventi del Papa, Exaudi cerca di rafforzare l'unit\u00e0 dei cristiani e di contribuire all'evangelizzazione del mondo, sempre guidato dalla dottrina sociale della Chiesa. Lavoriamo per portare la verit\u00e0 e i valori cristiani in ogni angolo del pianeta. Aiutaci a trasformare il mondo con Exaudi! Noi di Exaudi crediamo che l'evangelizzazione e l'informazione di qualit\u00e0 possano cambiare la vita. Per continuare la nostra missione ed espandere la nostra portata, abbiamo bisogno del tuo aiuto. Stiamo anche cercando persone motivate che vogliano unirsi al nostro team. Grazie al vostro sostegno raggiungeremo pi\u00f9 persone, diffonderemo il messaggio di Cristo e rafforzeremo l'unit\u00e0 dei cristiani. Vuoi unirti alla nostra missione? Per maggiori informazioni su come contribuire, visita Exaudi.org\/it o contattaci direttamente: info@exaudi.org Exaudi: informa, forma e trasforma.","sameAs":["https:\/\/www.facebook.com\/ExaudiNotizie\/","https:\/\/www.instagram.com\/Exaudi_notizie\/","https:\/\/x.com\/Exaudi_Notizie","https:\/\/www.youtube.com\/@exaudicatholicnews"],"url":"https:\/\/exaudi.org\/it\/author\/dlvedi-org\/"}]}},"jetpack_featured_media_url":"https:\/\/exaudi.org\/wp-content\/uploads\/2021\/04\/SFO9642_050421-.jpg","jetpack_shortlink":"https:\/\/wp.me\/pgKjF2-3Is","_links":{"self":[{"href":"https:\/\/exaudi.org\/it\/wp-json\/wp\/v2\/posts\/14288","targetHints":{"allow":["GET"]}}],"collection":[{"href":"https:\/\/exaudi.org\/it\/wp-json\/wp\/v2\/posts"}],"about":[{"href":"https:\/\/exaudi.org\/it\/wp-json\/wp\/v2\/types\/post"}],"author":[{"embeddable":true,"href":"https:\/\/exaudi.org\/it\/wp-json\/wp\/v2\/users\/17"}],"replies":[{"embeddable":true,"href":"https:\/\/exaudi.org\/it\/wp-json\/wp\/v2\/comments?post=14288"}],"version-history":[{"count":0,"href":"https:\/\/exaudi.org\/it\/wp-json\/wp\/v2\/posts\/14288\/revisions"}],"wp:featuredmedia":[{"embeddable":true,"href":"https:\/\/exaudi.org\/it\/wp-json\/wp\/v2\/media\/14319"}],"wp:attachment":[{"href":"https:\/\/exaudi.org\/it\/wp-json\/wp\/v2\/media?parent=14288"}],"wp:term":[{"taxonomy":"category","embeddable":true,"href":"https:\/\/exaudi.org\/it\/wp-json\/wp\/v2\/categories?post=14288"},{"taxonomy":"post_tag","embeddable":true,"href":"https:\/\/exaudi.org\/it\/wp-json\/wp\/v2\/tags?post=14288"}],"curies":[{"name":"wp","href":"https:\/\/api.w.org\/{rel}","templated":true}]}}