{"id":141210,"date":"2025-10-21T18:10:17","date_gmt":"2025-10-21T16:10:17","guid":{"rendered":"https:\/\/exaudi.org\/?p=141210"},"modified":"2025-10-21T18:10:17","modified_gmt":"2025-10-21T16:10:17","slug":"marco-vinicio-da-biologo-a-sacerdote","status":"publish","type":"post","link":"https:\/\/exaudi.org\/it\/marco-vinicio-da-biologo-a-sacerdote\/","title":{"rendered":"Marco Vinicio, da biologo a sacerdote"},"content":{"rendered":"<p><span dir=\"auto\" style=\"vertical-align: inherit\"><span dir=\"auto\" style=\"vertical-align: inherit\">Il giovane Marcus \u00e8 innamorato di tutto ci\u00f2 che \u00e8 vita, come dimostra la sua stessa evoluzione, dal lavoro come biologo all&#8217;ingresso in seminario e\u00a0 <\/span><\/span><strong><span dir=\"auto\" style=\"vertical-align: inherit\"><span dir=\"auto\" style=\"vertical-align: inherit\">alla nomina a sacerdote<\/span><\/span><\/strong><span dir=\"auto\" style=\"vertical-align: inherit\"><span dir=\"auto\" style=\"vertical-align: inherit\">. Gli esseri viventi, tutti creati da Dio, continuano ad affascinarlo, ma ora \u00e8 l&#8217;uomo, il capolavoro di Dio, a concentrare veramente la sua attenzione e a cui ora aiuta a comprendere il suo Creatore.<\/span><\/span><\/p>\n<p><span dir=\"auto\" style=\"vertical-align: inherit\"><span dir=\"auto\" style=\"vertical-align: inherit\">Membro del clero della diocesi brasiliana di Nova Friburgo, a Rio de Janeiro, Marcus ha attualmente una missione fondamentale come formatore nel seminario diocesano, in particolare nel corso propedeutico, tappa fondamentale per i giovani nel discernimento e nella valutazione della propria vocazione alla vita sacerdotale.<\/span><\/span><\/p>\n<figure id=\"attachment_141089\" class=\"wp-caption alignnone\" aria-describedby=\"caption-attachment-141089\"><img loading=\"lazy\" decoding=\"async\" class=\"size-full wp-image-141091\" src=\"https:\/\/exaudi.org\/wp-content\/uploads\/2025\/10\/Marcus_Muros_Parroco.png\" alt=\"\" width=\"1000\" height=\"750\" srcset=\"https:\/\/exaudi.org\/wp-content\/uploads\/2025\/10\/Marcus_Muros_Parroco.png 1000w, https:\/\/exaudi.org\/wp-content\/uploads\/2025\/10\/Marcus_Muros_Parroco-300x225.png 300w, https:\/\/exaudi.org\/wp-content\/uploads\/2025\/10\/Marcus_Muros_Parroco-770x578.png 770w, https:\/\/exaudi.org\/wp-content\/uploads\/2025\/10\/Marcus_Muros_Parroco-500x375.png 500w\" sizes=\"auto, (max-width: 1000px) 100vw, 1000px\" \/><figcaption id=\"caption-attachment-141089\" class=\"wp-caption-text\"><span dir=\"auto\" style=\"vertical-align: inherit\"><span dir=\"auto\" style=\"vertical-align: inherit\">Marco Vinicio Muros circondato dai suoi compagni di seminario<\/span><\/span><\/figcaption><\/figure>\n<h3 id=\"l\" class=\"wp-block-heading\"><strong><span dir=\"auto\" style=\"vertical-align: inherit\"><span dir=\"auto\" style=\"vertical-align: inherit\">La famiglia, chiave per essere ordinati sacerdoti<\/span><\/span><\/strong><\/h3>\n<p><span dir=\"auto\" style=\"vertical-align: inherit\"><span dir=\"auto\" style=\"vertical-align: inherit\">In questa intervista con la\u00a0 <\/span><\/span><strong><span dir=\"auto\" style=\"vertical-align: inherit\"><span dir=\"auto\" style=\"vertical-align: inherit\">Fondazione CARF<\/span><\/span><\/strong><span dir=\"auto\" style=\"vertical-align: inherit\"><span dir=\"auto\" style=\"vertical-align: inherit\">, il giovane sacerdote, ordinato nel 2021, ricorda di provenire da una famiglia cattolica che partecipava attivamente alle attivit\u00e0 pastorali della sua parrocchia.\u00a0 <\/span><\/span><strong><span dir=\"auto\" style=\"vertical-align: inherit\"><span dir=\"auto\" style=\"vertical-align: inherit\">&#8220;I miei genitori sono stati<\/span><\/span><\/strong><span dir=\"auto\" style=\"vertical-align: inherit\"><span dir=\"auto\" style=\"vertical-align: inherit\"> \u00a0maestri di fede per me e mio fratello. Fin da bambino, giocavo a celebrare la Messa. Ho vissuto con molti sacerdoti che venivano a casa dei miei genitori, ma non ho mai pensato di essere uno di loro&#8221;, racconta.<\/span><\/span><\/p>\n<p><span dir=\"auto\" style=\"vertical-align: inherit\"><span dir=\"auto\" style=\"vertical-align: inherit\">Tuttavia, tutto cambi\u00f2 quando ebbe l&#8217;opportunit\u00e0 di visitare il seminario della sua diocesi, dopo che un giorno i delegati del ministero vocazionale avevano visitato la sua parrocchia. Marcus ammette che quello fu il primo momento in cui prese in considerazione l&#8217;idea di diventare sacerdote, nonostante un ostacolo importante: &#8220;Lavoravo gi\u00e0; avevo il mio lavoro e la mia indipendenza economica&#8221;.<\/span><\/span><\/p>\n<figure id=\"attachment_141093\" class=\"wp-caption alignnone\" aria-describedby=\"caption-attachment-141093\"><img loading=\"lazy\" decoding=\"async\" class=\"size-full wp-image-141095\" src=\"https:\/\/exaudi.org\/wp-content\/uploads\/2025\/10\/Marcus_Muros_Celebracion_Misa.png\" alt=\"\" width=\"1000\" height=\"750\" srcset=\"https:\/\/exaudi.org\/wp-content\/uploads\/2025\/10\/Marcus_Muros_Celebracion_Misa.png 1000w, https:\/\/exaudi.org\/wp-content\/uploads\/2025\/10\/Marcus_Muros_Celebracion_Misa-300x225.png 300w, https:\/\/exaudi.org\/wp-content\/uploads\/2025\/10\/Marcus_Muros_Celebracion_Misa-770x578.png 770w, https:\/\/exaudi.org\/wp-content\/uploads\/2025\/10\/Marcus_Muros_Celebracion_Misa-500x375.png 500w\" sizes=\"auto, (max-width: 1000px) 100vw, 1000px\" \/><figcaption id=\"caption-attachment-141093\" class=\"wp-caption-text\"><span dir=\"auto\" style=\"vertical-align: inherit\"><span dir=\"auto\" style=\"vertical-align: inherit\">Marcus Muros impartisce la benedizione in chiesa aspergendo l&#8217;acqua santa<\/span><\/span><\/figcaption><\/figure>\n<p><span dir=\"auto\" style=\"vertical-align: inherit\"><span dir=\"auto\" style=\"vertical-align: inherit\">&#8220;Ma anche se avevo tutto&#8221;, aggiunge questo sacerdote, &#8220;nulla di ci\u00f2 che avevo era abbastanza. Mi mancava qualcosa di importante, qualcosa che rendesse la mia vita significativa e degna di essere vissuta. La parabola del giovane ricco mi ha parlato profondamente&#8221;, osserva Marcus. E cos\u00ec, nel 2014, quella lotta interiore finalmente si \u00e8 conclusa ed \u00e8 entrato in seminario per iniziare la sua formazione.<\/span><\/span><\/p>\n<h3 id=\"una-buena-formacion-para-el-presente\" class=\"wp-block-heading\"><strong><span dir=\"auto\" style=\"vertical-align: inherit\"><span dir=\"auto\" style=\"vertical-align: inherit\">Un buon allenamento per il presente<\/span><\/span><\/strong><\/h3>\n<p><span dir=\"auto\" style=\"vertical-align: inherit\"><span dir=\"auto\" style=\"vertical-align: inherit\">Appena un anno dopo, arriv\u00f2 un altro momento che gli cambi\u00f2 la vita. Il suo vescovo lo mand\u00f2 in Spagna per continuare la sua formazione e gli studi filosofici e teologici. Di questa esperienza dice: &#8220;Non dimenticher\u00f2 mai gli anni di formazione e preghiera a Pamplona. Furono molto pi\u00f9 di una preparazione accademica all&#8217;esercizio del ministero sacerdotale; furono un&#8217;esperienza dell&#8217;universalit\u00e0 della Chiesa&#8221;.<\/span><\/span><\/p>\n<p><span dir=\"auto\" style=\"vertical-align: inherit\"><span dir=\"auto\" style=\"vertical-align: inherit\">Descrive questo periodo come \u201canni indimenticabili\u201d, segnati dal periodo trascorso all\u2019Universit\u00e0 di Navarra e al\u00a0 <\/span><\/span><a href=\"https:\/\/seminariobidasoa.org\/\" target=\"_blank\" rel=\"noreferrer noopener\" data-type=\"link\" data-id=\"https:\/\/seminariobidasoa.org\/\"><span dir=\"auto\" style=\"vertical-align: inherit\"><span dir=\"auto\" style=\"vertical-align: inherit\">Seminario Internazionale di Bidasoa<\/span><\/span><\/a><span dir=\"auto\" style=\"vertical-align: inherit\"><span dir=\"auto\" style=\"vertical-align: inherit\"> , dove ha avuto \u201cun\u2019opportunit\u00e0 unica di ottenere un\u2019eccellente preparazione umana, spirituale, intellettuale e pastorale\u201d.<\/span><\/span><\/p>\n<p><span dir=\"auto\" style=\"vertical-align: inherit\"><span dir=\"auto\" style=\"vertical-align: inherit\">Se c&#8217;\u00e8 una cosa che Marcus ha imparato in questi anni, \u00e8 che la sua formazione in\u00a0 <\/span><\/span><a href=\"https:\/\/www.unav.edu\/web\/facultad-de-teologia\" target=\"_blank\" rel=\"noreferrer noopener\"><span dir=\"auto\" style=\"vertical-align: inherit\"><span dir=\"auto\" style=\"vertical-align: inherit\">Navarra\u00a0<\/span><\/span><\/a><span dir=\"auto\" style=\"vertical-align: inherit\"><span dir=\"auto\" style=\"vertical-align: inherit\"> \u00e8 stata &#8220;una buona preparazione per ci\u00f2 che Dio mi ha affidato oggi&#8221;.<\/span><\/span><\/p>\n<p><span dir=\"auto\" style=\"vertical-align: inherit\"><span dir=\"auto\" style=\"vertical-align: inherit\">Attualmente, Marcus \u00e8 amministratore parrocchiale e formatore del seminario. &#8220;Quando sono stato nominato dal vescovo, ancora diacono, formatore per la fase propedeutica, la fase introduttiva del seminario, tutto ci\u00f2 che volevo era\u00a0 <\/span><\/span><a href=\"https:\/\/fundacioncarf.org\/formacion-de-sacerdotes\/\" target=\"_blank\" rel=\"noreferrer noopener\" data-type=\"link\" data-id=\"https:\/\/fundacioncarf.org\/formacion-de-sacerdotes\/\"><span dir=\"auto\" style=\"vertical-align: inherit\"><span dir=\"auto\" style=\"vertical-align: inherit\">offrire a coloro che ora si preparano al sacerdozio ministeriale<\/span><\/span><\/a><span dir=\"auto\" style=\"vertical-align: inherit\"><span dir=\"auto\" style=\"vertical-align: inherit\"> \u00a0la stessa cosa che ho ricevuto io a Pamplona&#8221;, confessa.<\/span><\/span><\/p>\n<figure id=\"attachment_141097\" class=\"wp-caption alignnone\" aria-describedby=\"caption-attachment-141097\"><img loading=\"lazy\" decoding=\"async\" class=\"size-full wp-image-141099\" src=\"https:\/\/exaudi.org\/wp-content\/uploads\/2025\/10\/IMG_0235.png\" alt=\"\" width=\"1000\" height=\"677\" srcset=\"https:\/\/exaudi.org\/wp-content\/uploads\/2025\/10\/IMG_0235.png 1000w, https:\/\/exaudi.org\/wp-content\/uploads\/2025\/10\/IMG_0235-300x203.png 300w, https:\/\/exaudi.org\/wp-content\/uploads\/2025\/10\/IMG_0235-770x521.png 770w, https:\/\/exaudi.org\/wp-content\/uploads\/2025\/10\/IMG_0235-500x339.png 500w\" sizes=\"auto, (max-width: 1000px) 100vw, 1000px\" \/><figcaption id=\"caption-attachment-141097\" class=\"wp-caption-text\"><span dir=\"auto\" style=\"vertical-align: inherit\"><span dir=\"auto\" style=\"vertical-align: inherit\">Marcus Muros celebra con i fedeli la gioia di essere figli di Dio<\/span><\/span><\/figcaption><\/figure>\n<h3 id=\"para-ser-un-buen-sacerdote-se-necesita-mucha-vida-de-oracion\" class=\"wp-block-heading\"><strong><span dir=\"auto\" style=\"vertical-align: inherit\"><span dir=\"auto\" style=\"vertical-align: inherit\">Per essere un buon sacerdote: tanta vita di preghiera<\/span><\/span><\/strong><\/h3>\n<p><span dir=\"auto\" style=\"vertical-align: inherit\"><span dir=\"auto\" style=\"vertical-align: inherit\">Come ci racconta, &#8220;A Bidasoa impariamo che l&#8217;amore per Dio e per la Chiesa ci spinge a dare il meglio di noi stessi. Oggi, tra la parrocchia e il seminario, cerco di dare il meglio di me stesso, di dedicarmi alle anime che il Signore mi affida&#8221;.<\/span><\/span><\/p>\n<p><strong><span dir=\"auto\" style=\"vertical-align: inherit\"><span dir=\"auto\" style=\"vertical-align: inherit\">Il mondo ha bisogno di sacerdoti che si dedichino a Dio,<\/span><\/span><\/strong><span dir=\"auto\" style=\"vertical-align: inherit\"><span dir=\"auto\" style=\"vertical-align: inherit\"> in un mondo spesso ostile alla fede cristiana. Per questo, padre Muros \u00e8 convinto che &#8220;il sacerdote abbia bisogno di un&#8217;anima innamorata del Signore e disponibile a servire fedelmente tutti. Questi non sono tempi facili, ma tutte le difficolt\u00e0 ci aiutano ad avere fiducia in Cristo e nella sua potenza. Siamo nelle sue mani, strumenti insufficienti, ma desiderati dal Signore per il compimento della sua opera&#8221;.<\/span><\/span><\/p>\n<p><span dir=\"auto\" style=\"vertical-align: inherit\"><span dir=\"auto\" style=\"vertical-align: inherit\">Ma oltre ad avere un&#8217;anima innamorata, egli ritiene essenziale &#8220;avere una profonda vita di preghiera. Chi non capisce che essere un uomo di Dio richiede una profonda vita di preghiera \u00e8 incapace di sacrificio. Ed \u00e8 l&#8217;intimit\u00e0 con Cristo che ci fa capire che non siamo solo celebranti, ma anche vittime che si offrono ogni giorno per amore dell&#8217;Amato&#8221;.<\/span><\/span><\/p>\n<h3 id=\"agradecer-la-ayuda\" class=\"wp-block-heading\"><strong><span dir=\"auto\" style=\"vertical-align: inherit\"><span dir=\"auto\" style=\"vertical-align: inherit\">Grazie per il tuo aiuto con la formazione<\/span><\/span><\/strong><\/h3>\n<p><span dir=\"auto\" style=\"vertical-align: inherit\"><span dir=\"auto\" style=\"vertical-align: inherit\">Infine, Marcus desidera porgere un ringraziamento speciale ai\u00a0 benefattori della <\/span><\/span><a href=\"https:\/\/fundacioncarf.org\/donar\/que-ninguna-vocacion-se-pierda\/\" target=\"_blank\" rel=\"noopener\" data-type=\"page\" data-id=\"179904\"><span dir=\"auto\" style=\"vertical-align: inherit\"><span dir=\"auto\" style=\"vertical-align: inherit\">Fondazione CARF<\/span><\/span><\/a><span dir=\"auto\" style=\"vertical-align: inherit\"><span dir=\"auto\" style=\"vertical-align: inherit\">. &#8220;Sono sempre stato colpito dalla loro generosit\u00e0 nel donare senza aspettarsi un beneficio per la propria diocesi o il proprio Paese, ma piuttosto per la Chiesa universale.<\/span><\/span><\/p>\n<p><span dir=\"auto\" style=\"vertical-align: inherit\"><span dir=\"auto\" style=\"vertical-align: inherit\">&#8220;Grazie per averci fornito i mezzi per aiutare le nostre diocesi e la Chiesa. Grazie per la vostra apertura di cuore. Possa il Signore concedere a voi e alle vostre famiglie tante benedizioni&#8221;, conclude.<\/span><\/span><\/p>\n","protected":false},"excerpt":{"rendered":"<p>Marco Vinicio Muros \u00e8 un giovane sacerdote che ha abbandonato la carriera di biologo per entrare in seminario. Ora, come sacerdote, afferma di voler &#8220;spendersi&#8221; per le anime che Dio gli ha affidato, sia nella sua parrocchia che in seminario<\/p>\n","protected":false},"author":119,"featured_media":141103,"comment_status":"closed","ping_status":"closed","sticky":false,"template":"","format":"standard","meta":{"_acf_changed":false,"_crdt_document":"","inline_featured_image":false,"footnotes":""},"categories":[73,97],"tags":[20601,9331,36873,64850,77918,77919,15434,11577,77920,15435,77925,44202,77921,77922,14220,44204,77923,14737,32767,77924,77917,77926,1370,37840,77927,75154,64787,13555,355,20627,33633,15444],"class_list":["post-141210","post","type-post","status-publish","format-standard","has-post-thumbnail","hentry","category-chiesa-e-mondo","category-testimoni","tag-amore-di-dio","tag-brasile","tag-carf-2","tag-chiesa-cattolica-it","tag-da-biologo-a-sacerdote","tag-dedizione-pastorale","tag-fede-cattolica","tag-fondazione-carf","tag-formazione-preparatoria","tag-formazione-sacerdotale","tag-giovane-sacerdote","tag-giovani-sacerdoti","tag-marco-vinicio","tag-marco-vinicio-muros","tag-ministero-sacerdotale","tag-ministero-vocazionale","tag-nova-friburgo-2","tag-parrocchia","tag-preparazione-spirituale","tag-rio-de-janeiro-2","tag-sacerdote-brasiliano","tag-sacerdote-e-biologo","tag-sacerdozio","tag-seminario-di-bidasoa","tag-seminario-diocesano-di-nova-friburgo","tag-storia-vocazionale","tag-trending-it-236","tag-universita-di-navarra","tag-vescovo","tag-vita-di-preghiera","tag-vocazione-religiosa","tag-vocazione-sacerdotale"],"acf":[],"yoast_head":"<!-- This site is optimized with the Yoast SEO plugin v27.5 - https:\/\/yoast.com\/product\/yoast-seo-wordpress\/ -->\n<title>Marco Vinicio, da biologo a sacerdote &#8211; Exaudi<\/title>\n<meta name=\"robots\" content=\"index, follow, max-snippet:-1, max-image-preview:large, max-video-preview:-1\" \/>\n<link rel=\"canonical\" href=\"https:\/\/exaudi.org\/it\/marco-vinicio-da-biologo-a-sacerdote\/\" \/>\n<meta property=\"og:locale\" content=\"it_IT\" \/>\n<meta property=\"og:type\" content=\"article\" \/>\n<meta property=\"og:title\" content=\"Marco Vinicio, da biologo a sacerdote &#8211; Exaudi\" \/>\n<meta property=\"og:description\" content=\"Marco Vinicio Muros \u00e8 un giovane sacerdote che ha abbandonato la carriera di biologo per entrare in seminario. Ora, come sacerdote, afferma di voler &quot;spendersi&quot; per le anime che Dio gli ha affidato, sia nella sua parrocchia che in seminario\" \/>\n<meta property=\"og:url\" content=\"https:\/\/exaudi.org\/it\/marco-vinicio-da-biologo-a-sacerdote\/\" \/>\n<meta property=\"og:site_name\" content=\"Exaudi\" \/>\n<meta property=\"article:publisher\" content=\"https:\/\/www.facebook.com\/ExaudiNews\" \/>\n<meta property=\"article:author\" content=\"https:\/\/www.facebook.com\/fundacioncarf\/\" \/>\n<meta property=\"article:published_time\" content=\"2025-10-21T16:10:17+00:00\" \/>\n<meta property=\"og:image\" content=\"https:\/\/exaudi.org\/wp-content\/uploads\/2025\/10\/Marcus_Muros_Recorrido_Pastoral.png\" \/>\n\t<meta property=\"og:image:width\" content=\"1000\" \/>\n\t<meta property=\"og:image:height\" content=\"677\" \/>\n\t<meta property=\"og:image:type\" content=\"image\/png\" \/>\n<meta name=\"author\" content=\"Fundaci\u00f3n CARF\" \/>\n<meta name=\"twitter:card\" content=\"summary_large_image\" \/>\n<meta name=\"twitter:creator\" content=\"@https:\/\/x.com\/fundacioncarf\" \/>\n<meta name=\"twitter:site\" content=\"@Exaudi_News\" \/>\n<meta name=\"twitter:label1\" content=\"Scritto da\" \/>\n\t<meta name=\"twitter:data1\" content=\"Fundaci\u00f3n CARF\" \/>\n\t<meta name=\"twitter:label2\" content=\"Tempo di lettura stimato\" \/>\n\t<meta name=\"twitter:data2\" content=\"4 minuti\" \/>\n<script type=\"application\/ld+json\" class=\"yoast-schema-graph\">{\"@context\":\"https:\\\/\\\/schema.org\",\"@graph\":[{\"@type\":\"Article\",\"@id\":\"https:\\\/\\\/exaudi.org\\\/it\\\/marco-vinicio-da-biologo-a-sacerdote\\\/#article\",\"isPartOf\":{\"@id\":\"https:\\\/\\\/exaudi.org\\\/it\\\/marco-vinicio-da-biologo-a-sacerdote\\\/\"},\"author\":{\"name\":\"Fundaci\u00f3n CARF\",\"@id\":\"https:\\\/\\\/exaudi.org\\\/#\\\/schema\\\/person\\\/fab8261a088ccf38cb54b3c50baa7baf\"},\"headline\":\"Marco Vinicio, da biologo a sacerdote\",\"datePublished\":\"2025-10-21T16:10:17+00:00\",\"mainEntityOfPage\":{\"@id\":\"https:\\\/\\\/exaudi.org\\\/it\\\/marco-vinicio-da-biologo-a-sacerdote\\\/\"},\"wordCount\":809,\"image\":{\"@id\":\"https:\\\/\\\/exaudi.org\\\/it\\\/marco-vinicio-da-biologo-a-sacerdote\\\/#primaryimage\"},\"thumbnailUrl\":\"https:\\\/\\\/exaudi.org\\\/wp-content\\\/uploads\\\/2025\\\/10\\\/Marcus_Muros_Recorrido_Pastoral.png\",\"keywords\":[\"AMORE DI DIO\",\"Brasile\",\"CARF\",\"CHIESA CATTOLICA\",\"Da biologo a sacerdote\",\"Dedizione pastorale\",\"FEDE CATTOLICA\",\"FONDAZIONE CARF\",\"Formazione preparatoria\",\"FORMAZIONE SACERDOTALE\",\"Giovane sacerdote\",\"giovani sacerdoti\",\"Marco Vinicio\",\"Marco Vinicio Muros\",\"MINISTERO SACERDOTALE\",\"ministero vocazionale\",\"Nova Friburgo\",\"PARROCCHIA\",\"preparazione spirituale\",\"Rio de Janeiro\",\"Sacerdote brasiliano\",\"Sacerdote e biologo\",\"sacerdozio\",\"Seminario di Bidasoa\",\"Seminario diocesano di Nova Friburgo\",\"Storia vocazionale\",\"Trending\",\"UNIVERSIT\u00c0 DI NAVARRA\",\"vescovo\",\"VITA DI PREGHIERA\",\"vocazione religiosa\",\"VOCAZIONE SACERDOTALE\"],\"articleSection\":[\"Chiesa e Mondo\",\"Testimoni\"],\"inLanguage\":\"it-IT\"},{\"@type\":\"WebPage\",\"@id\":\"https:\\\/\\\/exaudi.org\\\/it\\\/marco-vinicio-da-biologo-a-sacerdote\\\/\",\"url\":\"https:\\\/\\\/exaudi.org\\\/it\\\/marco-vinicio-da-biologo-a-sacerdote\\\/\",\"name\":\"Marco Vinicio, da biologo a sacerdote &#8211; Exaudi\",\"isPartOf\":{\"@id\":\"https:\\\/\\\/exaudi.org\\\/#website\"},\"primaryImageOfPage\":{\"@id\":\"https:\\\/\\\/exaudi.org\\\/it\\\/marco-vinicio-da-biologo-a-sacerdote\\\/#primaryimage\"},\"image\":{\"@id\":\"https:\\\/\\\/exaudi.org\\\/it\\\/marco-vinicio-da-biologo-a-sacerdote\\\/#primaryimage\"},\"thumbnailUrl\":\"https:\\\/\\\/exaudi.org\\\/wp-content\\\/uploads\\\/2025\\\/10\\\/Marcus_Muros_Recorrido_Pastoral.png\",\"datePublished\":\"2025-10-21T16:10:17+00:00\",\"author\":{\"@id\":\"https:\\\/\\\/exaudi.org\\\/#\\\/schema\\\/person\\\/fab8261a088ccf38cb54b3c50baa7baf\"},\"breadcrumb\":{\"@id\":\"https:\\\/\\\/exaudi.org\\\/it\\\/marco-vinicio-da-biologo-a-sacerdote\\\/#breadcrumb\"},\"inLanguage\":\"it-IT\",\"potentialAction\":[{\"@type\":\"ReadAction\",\"target\":[\"https:\\\/\\\/exaudi.org\\\/it\\\/marco-vinicio-da-biologo-a-sacerdote\\\/\"]}]},{\"@type\":\"ImageObject\",\"inLanguage\":\"it-IT\",\"@id\":\"https:\\\/\\\/exaudi.org\\\/it\\\/marco-vinicio-da-biologo-a-sacerdote\\\/#primaryimage\",\"url\":\"https:\\\/\\\/exaudi.org\\\/wp-content\\\/uploads\\\/2025\\\/10\\\/Marcus_Muros_Recorrido_Pastoral.png\",\"contentUrl\":\"https:\\\/\\\/exaudi.org\\\/wp-content\\\/uploads\\\/2025\\\/10\\\/Marcus_Muros_Recorrido_Pastoral.png\",\"width\":1000,\"height\":677},{\"@type\":\"BreadcrumbList\",\"@id\":\"https:\\\/\\\/exaudi.org\\\/it\\\/marco-vinicio-da-biologo-a-sacerdote\\\/#breadcrumb\",\"itemListElement\":[{\"@type\":\"ListItem\",\"position\":1,\"name\":\"Portada\",\"item\":\"https:\\\/\\\/exaudi.org\\\/it\\\/\"},{\"@type\":\"ListItem\",\"position\":2,\"name\":\"Marco Vinicio, da biologo a sacerdote\"}]},{\"@type\":\"WebSite\",\"@id\":\"https:\\\/\\\/exaudi.org\\\/#website\",\"url\":\"https:\\\/\\\/exaudi.org\\\/\",\"name\":\"Exaudi\",\"description\":\"News\",\"potentialAction\":[{\"@type\":\"SearchAction\",\"target\":{\"@type\":\"EntryPoint\",\"urlTemplate\":\"https:\\\/\\\/exaudi.org\\\/?s={search_term_string}\"},\"query-input\":{\"@type\":\"PropertyValueSpecification\",\"valueRequired\":true,\"valueName\":\"search_term_string\"}}],\"inLanguage\":\"it-IT\"},{\"@type\":\"Person\",\"@id\":\"https:\\\/\\\/exaudi.org\\\/#\\\/schema\\\/person\\\/fab8261a088ccf38cb54b3c50baa7baf\",\"name\":\"Fundaci\u00f3n CARF\",\"image\":{\"@type\":\"ImageObject\",\"inLanguage\":\"it-IT\",\"@id\":\"https:\\\/\\\/secure.gravatar.com\\\/avatar\\\/ab292d3529973c0d1cf4cda9208c6a8a7ee52923f0a291c39104715fa46aae4b?s=96&d=mm&r=g\",\"url\":\"https:\\\/\\\/secure.gravatar.com\\\/avatar\\\/ab292d3529973c0d1cf4cda9208c6a8a7ee52923f0a291c39104715fa46aae4b?s=96&d=mm&r=g\",\"contentUrl\":\"https:\\\/\\\/secure.gravatar.com\\\/avatar\\\/ab292d3529973c0d1cf4cda9208c6a8a7ee52923f0a291c39104715fa46aae4b?s=96&d=mm&r=g\",\"caption\":\"Fundaci\u00f3n CARF\"},\"description\":\"Trabajamos para llevar la sonrisa de Dios a todos los rincones del mundo a trav\u00e9s de los sacerdotes y ayudando a su formaci\u00f3n. Gracias a nuestros benefactores, ayudamos a la formaci\u00f3n de los sacerdotes, difundimos su buen nombre y rezamos por su fidelidad y las vocaciones. Trabajamos para servir a la Iglesia y que ninguna vocaci\u00f3n se pierda y luego ellos puedan transmitir en su labor pastoral toda la luz, ciencia y doctrina recibida. Acad\u00e9mico Las licenciaturas, programas de especializacio\u0301n o doctorados, otorgan a cada candidato una formaci\u00f3n espec\u00edfica en Teologi\u0301a, Filosofi\u0301a, Derecho Cano\u0301nico o Comunicacio\u0301n Social Institucional. Espiritual Los seminaristas y sacerdotes complementan su formacio\u0301n acade\u0301mica y humana con la espiritual, ya que deben estar preparados para seguir su vocaci\u00f3n y prestar su cuerpo y su espi\u0301ritu al Sen\u0303or. Humano A trave\u0301s del ambiente de familia y de preparaci\u00f3n, se consigue el desarrollo de actitudes, capacidades y valores que impactan en el crecimiento personal y social de los sacerdotes.\",\"sameAs\":[\"https:\\\/\\\/fundacioncarf.org\\\/\",\"https:\\\/\\\/www.facebook.com\\\/fundacioncarf\\\/\",\"https:\\\/\\\/www.instagram.com\\\/fundacioncarf\\\/\",\"https:\\\/\\\/www.linkedin.com\\\/company\\\/fundacioncarf\\\/posts\\\/?feedView=all\",\"https:\\\/\\\/x.com\\\/https:\\\/\\\/x.com\\\/fundacioncarf\",\"https:\\\/\\\/www.youtube.com\\\/c\\\/fundacioncarf\"],\"url\":\"https:\\\/\\\/exaudi.org\\\/it\\\/author\\\/carf\\\/\"}]}<\/script>\n<!-- \/ Yoast SEO plugin. -->","yoast_head_json":{"title":"Marco Vinicio, da biologo a sacerdote &#8211; Exaudi","robots":{"index":"index","follow":"follow","max-snippet":"max-snippet:-1","max-image-preview":"max-image-preview:large","max-video-preview":"max-video-preview:-1"},"canonical":"https:\/\/exaudi.org\/it\/marco-vinicio-da-biologo-a-sacerdote\/","og_locale":"it_IT","og_type":"article","og_title":"Marco Vinicio, da biologo a sacerdote &#8211; Exaudi","og_description":"Marco Vinicio Muros \u00e8 un giovane sacerdote che ha abbandonato la carriera di biologo per entrare in seminario. Ora, come sacerdote, afferma di voler \"spendersi\" per le anime che Dio gli ha affidato, sia nella sua parrocchia che in seminario","og_url":"https:\/\/exaudi.org\/it\/marco-vinicio-da-biologo-a-sacerdote\/","og_site_name":"Exaudi","article_publisher":"https:\/\/www.facebook.com\/ExaudiNews","article_author":"https:\/\/www.facebook.com\/fundacioncarf\/","article_published_time":"2025-10-21T16:10:17+00:00","og_image":[{"width":1000,"height":677,"url":"https:\/\/exaudi.org\/wp-content\/uploads\/2025\/10\/Marcus_Muros_Recorrido_Pastoral.png","type":"image\/png"}],"author":"Fundaci\u00f3n CARF","twitter_card":"summary_large_image","twitter_creator":"@https:\/\/x.com\/fundacioncarf","twitter_site":"@Exaudi_News","twitter_misc":{"Scritto da":"Fundaci\u00f3n CARF","Tempo di lettura stimato":"4 minuti"},"schema":{"@context":"https:\/\/schema.org","@graph":[{"@type":"Article","@id":"https:\/\/exaudi.org\/it\/marco-vinicio-da-biologo-a-sacerdote\/#article","isPartOf":{"@id":"https:\/\/exaudi.org\/it\/marco-vinicio-da-biologo-a-sacerdote\/"},"author":{"name":"Fundaci\u00f3n CARF","@id":"https:\/\/exaudi.org\/#\/schema\/person\/fab8261a088ccf38cb54b3c50baa7baf"},"headline":"Marco Vinicio, da biologo a sacerdote","datePublished":"2025-10-21T16:10:17+00:00","mainEntityOfPage":{"@id":"https:\/\/exaudi.org\/it\/marco-vinicio-da-biologo-a-sacerdote\/"},"wordCount":809,"image":{"@id":"https:\/\/exaudi.org\/it\/marco-vinicio-da-biologo-a-sacerdote\/#primaryimage"},"thumbnailUrl":"https:\/\/exaudi.org\/wp-content\/uploads\/2025\/10\/Marcus_Muros_Recorrido_Pastoral.png","keywords":["AMORE DI DIO","Brasile","CARF","CHIESA CATTOLICA","Da biologo a sacerdote","Dedizione pastorale","FEDE CATTOLICA","FONDAZIONE CARF","Formazione preparatoria","FORMAZIONE SACERDOTALE","Giovane sacerdote","giovani sacerdoti","Marco Vinicio","Marco Vinicio Muros","MINISTERO SACERDOTALE","ministero vocazionale","Nova Friburgo","PARROCCHIA","preparazione spirituale","Rio de Janeiro","Sacerdote brasiliano","Sacerdote e biologo","sacerdozio","Seminario di Bidasoa","Seminario diocesano di Nova Friburgo","Storia vocazionale","Trending","UNIVERSIT\u00c0 DI NAVARRA","vescovo","VITA DI PREGHIERA","vocazione religiosa","VOCAZIONE SACERDOTALE"],"articleSection":["Chiesa e Mondo","Testimoni"],"inLanguage":"it-IT"},{"@type":"WebPage","@id":"https:\/\/exaudi.org\/it\/marco-vinicio-da-biologo-a-sacerdote\/","url":"https:\/\/exaudi.org\/it\/marco-vinicio-da-biologo-a-sacerdote\/","name":"Marco Vinicio, da biologo a sacerdote &#8211; Exaudi","isPartOf":{"@id":"https:\/\/exaudi.org\/#website"},"primaryImageOfPage":{"@id":"https:\/\/exaudi.org\/it\/marco-vinicio-da-biologo-a-sacerdote\/#primaryimage"},"image":{"@id":"https:\/\/exaudi.org\/it\/marco-vinicio-da-biologo-a-sacerdote\/#primaryimage"},"thumbnailUrl":"https:\/\/exaudi.org\/wp-content\/uploads\/2025\/10\/Marcus_Muros_Recorrido_Pastoral.png","datePublished":"2025-10-21T16:10:17+00:00","author":{"@id":"https:\/\/exaudi.org\/#\/schema\/person\/fab8261a088ccf38cb54b3c50baa7baf"},"breadcrumb":{"@id":"https:\/\/exaudi.org\/it\/marco-vinicio-da-biologo-a-sacerdote\/#breadcrumb"},"inLanguage":"it-IT","potentialAction":[{"@type":"ReadAction","target":["https:\/\/exaudi.org\/it\/marco-vinicio-da-biologo-a-sacerdote\/"]}]},{"@type":"ImageObject","inLanguage":"it-IT","@id":"https:\/\/exaudi.org\/it\/marco-vinicio-da-biologo-a-sacerdote\/#primaryimage","url":"https:\/\/exaudi.org\/wp-content\/uploads\/2025\/10\/Marcus_Muros_Recorrido_Pastoral.png","contentUrl":"https:\/\/exaudi.org\/wp-content\/uploads\/2025\/10\/Marcus_Muros_Recorrido_Pastoral.png","width":1000,"height":677},{"@type":"BreadcrumbList","@id":"https:\/\/exaudi.org\/it\/marco-vinicio-da-biologo-a-sacerdote\/#breadcrumb","itemListElement":[{"@type":"ListItem","position":1,"name":"Portada","item":"https:\/\/exaudi.org\/it\/"},{"@type":"ListItem","position":2,"name":"Marco Vinicio, da biologo a sacerdote"}]},{"@type":"WebSite","@id":"https:\/\/exaudi.org\/#website","url":"https:\/\/exaudi.org\/","name":"Exaudi","description":"News","potentialAction":[{"@type":"SearchAction","target":{"@type":"EntryPoint","urlTemplate":"https:\/\/exaudi.org\/?s={search_term_string}"},"query-input":{"@type":"PropertyValueSpecification","valueRequired":true,"valueName":"search_term_string"}}],"inLanguage":"it-IT"},{"@type":"Person","@id":"https:\/\/exaudi.org\/#\/schema\/person\/fab8261a088ccf38cb54b3c50baa7baf","name":"Fundaci\u00f3n CARF","image":{"@type":"ImageObject","inLanguage":"it-IT","@id":"https:\/\/secure.gravatar.com\/avatar\/ab292d3529973c0d1cf4cda9208c6a8a7ee52923f0a291c39104715fa46aae4b?s=96&d=mm&r=g","url":"https:\/\/secure.gravatar.com\/avatar\/ab292d3529973c0d1cf4cda9208c6a8a7ee52923f0a291c39104715fa46aae4b?s=96&d=mm&r=g","contentUrl":"https:\/\/secure.gravatar.com\/avatar\/ab292d3529973c0d1cf4cda9208c6a8a7ee52923f0a291c39104715fa46aae4b?s=96&d=mm&r=g","caption":"Fundaci\u00f3n CARF"},"description":"Trabajamos para llevar la sonrisa de Dios a todos los rincones del mundo a trav\u00e9s de los sacerdotes y ayudando a su formaci\u00f3n. Gracias a nuestros benefactores, ayudamos a la formaci\u00f3n de los sacerdotes, difundimos su buen nombre y rezamos por su fidelidad y las vocaciones. Trabajamos para servir a la Iglesia y que ninguna vocaci\u00f3n se pierda y luego ellos puedan transmitir en su labor pastoral toda la luz, ciencia y doctrina recibida. Acad\u00e9mico Las licenciaturas, programas de especializacio\u0301n o doctorados, otorgan a cada candidato una formaci\u00f3n espec\u00edfica en Teologi\u0301a, Filosofi\u0301a, Derecho Cano\u0301nico o Comunicacio\u0301n Social Institucional. Espiritual Los seminaristas y sacerdotes complementan su formacio\u0301n acade\u0301mica y humana con la espiritual, ya que deben estar preparados para seguir su vocaci\u00f3n y prestar su cuerpo y su espi\u0301ritu al Sen\u0303or. Humano A trave\u0301s del ambiente de familia y de preparaci\u00f3n, se consigue el desarrollo de actitudes, capacidades y valores que impactan en el crecimiento personal y social de los sacerdotes.","sameAs":["https:\/\/fundacioncarf.org\/","https:\/\/www.facebook.com\/fundacioncarf\/","https:\/\/www.instagram.com\/fundacioncarf\/","https:\/\/www.linkedin.com\/company\/fundacioncarf\/posts\/?feedView=all","https:\/\/x.com\/https:\/\/x.com\/fundacioncarf","https:\/\/www.youtube.com\/c\/fundacioncarf"],"url":"https:\/\/exaudi.org\/it\/author\/carf\/"}]}},"jetpack_featured_media_url":"https:\/\/exaudi.org\/wp-content\/uploads\/2025\/10\/Marcus_Muros_Recorrido_Pastoral.png","jetpack_shortlink":"https:\/\/wp.me\/pgKjF2-AJA","_links":{"self":[{"href":"https:\/\/exaudi.org\/it\/wp-json\/wp\/v2\/posts\/141210","targetHints":{"allow":["GET"]}}],"collection":[{"href":"https:\/\/exaudi.org\/it\/wp-json\/wp\/v2\/posts"}],"about":[{"href":"https:\/\/exaudi.org\/it\/wp-json\/wp\/v2\/types\/post"}],"author":[{"embeddable":true,"href":"https:\/\/exaudi.org\/it\/wp-json\/wp\/v2\/users\/119"}],"replies":[{"embeddable":true,"href":"https:\/\/exaudi.org\/it\/wp-json\/wp\/v2\/comments?post=141210"}],"version-history":[{"count":3,"href":"https:\/\/exaudi.org\/it\/wp-json\/wp\/v2\/posts\/141210\/revisions"}],"predecessor-version":[{"id":141213,"href":"https:\/\/exaudi.org\/it\/wp-json\/wp\/v2\/posts\/141210\/revisions\/141213"}],"wp:featuredmedia":[{"embeddable":true,"href":"https:\/\/exaudi.org\/it\/wp-json\/wp\/v2\/media\/141103"}],"wp:attachment":[{"href":"https:\/\/exaudi.org\/it\/wp-json\/wp\/v2\/media?parent=141210"}],"wp:term":[{"taxonomy":"category","embeddable":true,"href":"https:\/\/exaudi.org\/it\/wp-json\/wp\/v2\/categories?post=141210"},{"taxonomy":"post_tag","embeddable":true,"href":"https:\/\/exaudi.org\/it\/wp-json\/wp\/v2\/tags?post=141210"}],"curies":[{"name":"wp","href":"https:\/\/api.w.org\/{rel}","templated":true}]}}