{"id":140766,"date":"2025-10-19T19:11:05","date_gmt":"2025-10-19T17:11:05","guid":{"rendered":"https:\/\/exaudi.org\/?p=140766"},"modified":"2025-10-19T19:11:05","modified_gmt":"2025-10-19T17:11:05","slug":"il-papa-i-genitori-di-santa-teresa-di-gesu-bambino-una-coppia-esemplare","status":"publish","type":"post","link":"https:\/\/exaudi.org\/it\/il-papa-i-genitori-di-santa-teresa-di-gesu-bambino-una-coppia-esemplare\/","title":{"rendered":"Il Papa: I genitori di Santa Teresa di Ges\u00f9 Bambino, &#8220;una coppia esemplare&#8221;"},"content":{"rendered":"<p><span dir=\"auto\" style=\"vertical-align: inherit\"><span dir=\"auto\" style=\"vertical-align: inherit\">\u00abTra tutte le vocazioni, il matrimonio \u00e8 una delle pi\u00f9 nobili ed elevate\u00bb, ha sottolineato Papa Leone XIV in un messaggio inviato al vescovo di S\u00e9ez, diocesi dove il 18 e 19 ottobre si celebra il decimo anniversario della canonizzazione di Zelia e Ludwig Martin. I genitori di Santa Teresa di Ges\u00f9 Bambino, \u00abcoppia esemplare\u00bb e \u00abprofondamente felice\u00bb, dimostrano \u00abin questi tempi travagliati e disorientanti\u00bb che \u00abla famiglia, come l&#8217;ha voluta il Creatore\u00bb, non \u00e8 n\u00e9 \u00absuperata\u00bb n\u00e9 \u00abnoiosa\u00bb.<\/span><\/span><\/p>\n<p><span dir=\"auto\" style=\"vertical-align: inherit\"><span dir=\"auto\" style=\"vertical-align: inherit\">Pubblichiamo di seguito il messaggio che il Santo Padre Leone XIV ha inviato a Sua Eccellenza Monsignor Bruno Feillet, Vescovo di S\u00e9ez (Francia), in occasione del decimo anniversario della canonizzazione dei genitori di Santa Teresa di Ges\u00f9 Bambino:<\/span><\/span><\/p>\n<p><span dir=\"auto\" style=\"vertical-align: inherit\"><span dir=\"auto\" style=\"vertical-align: inherit\">***<\/span><\/span><\/p>\n<h3><i style=\"font-size: 16px\"><b><span class=\"title-1-color\">MESSAGGIO DEL SANTO PADRE LEONE XIV<\/span><\/b><\/i><\/h3>\n<div class=\"abstract text parbase vaticanrichtext\">\n<p><i><b><span class=\"title-1-color\">IN OCCASIONE DEL 10\u00b0 ANNIVERSARIO DELLA CANONIZZAZIONE<br \/>\nDEI GENITORI DI SANTA TERESA DI GES\u00d9 BAMBINO<\/span><\/b><\/i><\/p>\n<div class=\"clearfix\"><\/div>\n<\/div>\n<div class=\"translation-field\"><\/div>\n<div class=\"text parbase vaticanrichtext\">\n<p><i>A Sua Eccellenza Monsignor Bruno Feillet<br \/>\nVescovo di S\u00e9ez<\/i><\/p>\n<p>Sono lieto di unirmi con il pensiero e con la preghiera a lei, come anche a tutto il clero e al popolo fedele riunito, mentre celebrate il decimo anniversario della canonizzazione di Louis e Z\u00e9lie Martin, nei luoghi dove si sono santificati nella loro vita coniugale. Prima coppia a essere stata canonizzata come tale, questo evento riveste una particolare importanza poich\u00e9 mette in risalto il matrimonio come cammino di santit\u00e0. Delle vocazioni alle quali gli uomini e le donne sono chiamati da Dio, il matrimonio \u00e8 una tra le pi\u00f9 nobili e pi\u00f9 alte. \u00abLouis e Z\u00e9lie hanno compreso che potevano santificarsi non\u00a0<i>malgrado<\/i>\u00a0il matrimonio, bens\u00ec\u00a0<i>attraverso<\/i>,\u00a0<i>nel<\/i>\u00a0e\u00a0<i>con<\/i>\u00a0il matrimonio, e che le loro nozze dovevano essere considerate come il punto di partenza di un\u2019ascesa a due\u00bb (Cardinale Jos\u00e9 Saraiva Martins,\u00a0<i>Omelia per la beatificazione<\/i>). La coppia santa di Alen\u00e7on \u00e8 quindi un modello luminoso ed entusiasmante per le anime generose che hanno intrapreso questo cammino o che hanno intenzione di percorrerlo, con il desiderio sincero di condurre una vita bella e buona sotto lo sguardo del Signore, nella gioia come nella prova.<\/p>\n<p>Esprimo pertanto il mio augurio che questo anniversario sia un\u2019occasione per far conoscere meglio la vita e i meriti di questi sposi e genitori straordinari, affinch\u00e9 le famiglie, tanto care al cuore di Dio ma talvolta anche tanto fragili e provate, possano trovare in loro, in ogni circostanza, il sostegno e le grazie necessarie per proseguire il cammino.<\/p>\n<p>Louis e Z\u00e9lie non hanno realizzato la loro volont\u00e0 di diventare santi e di educare i loro figli alla santit\u00e0 ritirandosi dal mondo. Hanno assunto il loro dovere di stato nella normalit\u00e0 della vita quotidiana; fanno parte di quella immensa moltitudine di\u00a0<i>santi della porta accanto<\/i>\u00a0della quale ha spesso parlato Papa Francesco. Non \u00e8 difficile per i pellegrini che si recano ad Alen\u00e7on \u2014 che custodisce la loro commovente memoria \u2014 cogliere il quadro concreto e quotidiano nel quale i genitori Martin hanno vissuto, impegnati com\u2019erano nella societ\u00e0 normanna del loro tempo attraverso la loro parrocchia, le loro attivit\u00e0 professionali, le loro opere caritative, le loro cerchie di amici e, naturalmente, la loro vita familiare. Tuttavia non bisogna farsi trarre in inganno: questa vita in apparenza \u201ccomune\u201d era abitata dalla presenza a dir poco \u201cstraordinaria\u201d di Dio, che ne era il centro assoluto. \u201c<i>Dio al primo posto<\/i>\u201d \u00e8 il motto sul quale hanno costruito la loro intera esistenza.<\/p>\n<p>Ecco dunque il modello di coppia che la Santa Chiesa presenta ai giovani che desiderano \u2014 forse con esitazione \u2014 lanciarsi in un\u2019avventura cos\u00ec bella: un modello di fedelt\u00e0 e di attenzione all\u2019altro, un modello di fervore e di perseveranza nella fede, di educazione cristiana dei figli, di generosit\u00e0 nell\u2019esercizio della carit\u00e0 e della giustizia sociale; un modello anche di fiducia nella prova&#8230; Ma soprattutto, questa coppia esemplare testimonia l\u2019ineffabile felicit\u00e0 e la gioia profonda che Dio concede, gi\u00e0 qui sulla terra e per l\u2019eternit\u00e0, a coloro che si impegnano su questo cammino di fedelt\u00e0 e di fecondit\u00e0. In questi tempi difficili e confusi, nei quali ai giovani vengono presentati tanti contro-modelli di unioni, spesso passeggere, individualiste ed egoistiche, dai frutti amari e deludenti, la famiglia cos\u00ec come l\u2019ha voluta il Creatore potrebbe sembrare superata e noiosa. Louis e Z\u00e9lie Martin testimoniano che non \u00e8 cos\u00ec: sono stati felici \u2014 profondamente felici! \u2014 nel dare la vita, nell\u2019irradiare e trasmettere la fede, nel vedere i propri figli crescere e sbocciare sotto lo sguardo del Signore. Che felicit\u00e0 riunirsi la domenica, dopo la messa, intorno al tavolo dove Ges\u00f9 \u00e8 il primo ospite e condivide le gioie, le pene, i progetti e le speranze di ognuno! Che felicit\u00e0 questi momenti di preghiera comune, questi giorni di festa, questi eventi familiari che segnano il tempo! Ma anche che conforto stare insieme nelle prove, uniti alla Croce di Cristo quando questa si presenta; e infine, che speranza quella di ritrovarsi un giorno riuniti nella gloria del cielo!<\/p>\n<p>Care coppie, vi invito a perseverare con coraggio sul cammino, talvolta difficile e complicato, ma luminoso, che avete intrapreso. Prima di tutto, mettete Ges\u00f9 al centro delle vostre famiglie, delle vostre attivit\u00e0 e delle vostre scelte. Fate scoprire ai vostri figli il suo amore e la sua tenerezza senza limiti, e sforzatevi di farlo amare a sua volta come merita: ecco la grande lezione che Louis e Z\u00e9lie ci insegnano per il presente, e di cui la Chiesa e il mondo hanno tanto bisogno. Come avrebbe potuto Teresa amare tanto Ges\u00f9 e Maria \u2014 e poi trasmetterci una dottrina cos\u00ec bella \u2014 se non l\u2019avesse imparato dai suoi genitori sin dalla pi\u00f9 tenera et\u00e0?<\/p>\n<p>Vi affido, care famiglie, alla protezione di Louis e Z\u00e9lie Martin e di Santa Teresa di Ges\u00f9 Bambino e del Volto Santo. Implorando per voi l\u2019intercessione della Vergine Maria, imparto di cuore a voi, come anche a lei, Eccellenza, e a tutte le persone presenti, la Benedizione Apostolica.<\/p>\n<p><i>Dal Vaticano, 1\u00b0 ottobre 2025<br \/>\nmemoria di santa Teresa di Ges\u00f9 Bambino e del Volto Santo<\/i><\/p>\n<p>Leone XIV<\/p>\n<p>&nbsp;<\/p>\n<p>_______________________________<\/p>\n<p><i><a href=\"https:\/\/www.osservatoreromano.va\/it\/news\/2025-10\/quo-240\/testimoni-di-santita-coniugale-per-i-giovani-disorientati-da-con.html\" target=\"_blank\" rel=\"noopener\">L&#8217;Osservatore Romano<\/a><\/i>,\u00a0Edizione Quotidiana, Anno CLXV n. 240, 19 ottobre 2025, p. 5.<\/p>\n<\/div>\n<p>&nbsp;<\/p>\n","protected":false},"excerpt":{"rendered":"<p>10\u00b0 anniversario della canonizzazione di Luis e Celia Mart\u00edn<\/p>\n","protected":false},"author":17,"featured_media":140688,"comment_status":"closed","ping_status":"closed","sticky":false,"template":"","format":"standard","meta":{"_acf_changed":false,"_crdt_document":"","inline_featured_image":false,"footnotes":""},"categories":[67,117],"tags":[77692,77693,77694,64787],"class_list":["post-140766","post","type-post","status-publish","format-standard","has-post-thumbnail","hentry","category-leone-xiv","category-messaggi","tag-10-anni-dalla-canonizzazione","tag-celia-e-luis-martin","tag-genitori-di-santa-teresa-di-gesu-bambino","tag-trending-it-236"],"acf":[],"yoast_head":"<!-- This site is optimized with the Yoast SEO plugin v27.4 - https:\/\/yoast.com\/product\/yoast-seo-wordpress\/ -->\n<title>Il Papa: I genitori di Santa Teresa di Ges\u00f9 Bambino, &quot;una coppia esemplare&quot; &#8211; Exaudi<\/title>\n<meta name=\"robots\" content=\"index, follow, max-snippet:-1, max-image-preview:large, max-video-preview:-1\" \/>\n<link rel=\"canonical\" href=\"https:\/\/exaudi.org\/it\/il-papa-i-genitori-di-santa-teresa-di-gesu-bambino-una-coppia-esemplare\/\" \/>\n<meta property=\"og:locale\" content=\"it_IT\" \/>\n<meta property=\"og:type\" content=\"article\" \/>\n<meta property=\"og:title\" content=\"Il Papa: I genitori di Santa Teresa di Ges\u00f9 Bambino, &quot;una coppia esemplare&quot; &#8211; Exaudi\" \/>\n<meta property=\"og:description\" content=\"10\u00b0 anniversario della canonizzazione di Luis e Celia Mart\u00edn\" \/>\n<meta property=\"og:url\" content=\"https:\/\/exaudi.org\/it\/il-papa-i-genitori-di-santa-teresa-di-gesu-bambino-una-coppia-esemplare\/\" \/>\n<meta property=\"og:site_name\" content=\"Exaudi\" \/>\n<meta property=\"article:publisher\" content=\"https:\/\/www.facebook.com\/ExaudiNews\" \/>\n<meta property=\"article:author\" content=\"https:\/\/www.facebook.com\/ExaudiNotizie\/\" \/>\n<meta property=\"article:published_time\" content=\"2025-10-19T17:11:05+00:00\" \/>\n<meta property=\"og:image\" content=\"https:\/\/exaudi.org\/wp-content\/uploads\/2025\/10\/cq5dam.thumbnail.cropped.1500.844-11.jpeg\" \/>\n\t<meta property=\"og:image:width\" content=\"1280\" \/>\n\t<meta property=\"og:image:height\" content=\"844\" \/>\n\t<meta property=\"og:image:type\" content=\"image\/jpeg\" \/>\n<meta name=\"author\" content=\"Exaudi Redazione\" \/>\n<meta name=\"twitter:card\" content=\"summary_large_image\" \/>\n<meta name=\"twitter:creator\" content=\"@Exaudi_Notizie\" \/>\n<meta name=\"twitter:site\" content=\"@Exaudi_News\" \/>\n<meta name=\"twitter:label1\" content=\"Scritto da\" \/>\n\t<meta name=\"twitter:data1\" content=\"Exaudi Redazione\" \/>\n\t<meta name=\"twitter:label2\" content=\"Tempo di lettura stimato\" \/>\n\t<meta name=\"twitter:data2\" content=\"5 minuti\" \/>\n<script type=\"application\/ld+json\" class=\"yoast-schema-graph\">{\"@context\":\"https:\\\/\\\/schema.org\",\"@graph\":[{\"@type\":\"Article\",\"@id\":\"https:\\\/\\\/exaudi.org\\\/it\\\/il-papa-i-genitori-di-santa-teresa-di-gesu-bambino-una-coppia-esemplare\\\/#article\",\"isPartOf\":{\"@id\":\"https:\\\/\\\/exaudi.org\\\/it\\\/il-papa-i-genitori-di-santa-teresa-di-gesu-bambino-una-coppia-esemplare\\\/\"},\"author\":{\"name\":\"Exaudi Redazione\",\"@id\":\"https:\\\/\\\/exaudi.org\\\/#\\\/schema\\\/person\\\/e1ab6ed07c01774724dd96f925f3a5f0\"},\"headline\":\"Il Papa: I genitori di Santa Teresa di Ges\u00f9 Bambino, &#8220;una coppia esemplare&#8221;\",\"datePublished\":\"2025-10-19T17:11:05+00:00\",\"mainEntityOfPage\":{\"@id\":\"https:\\\/\\\/exaudi.org\\\/it\\\/il-papa-i-genitori-di-santa-teresa-di-gesu-bambino-una-coppia-esemplare\\\/\"},\"wordCount\":1012,\"image\":{\"@id\":\"https:\\\/\\\/exaudi.org\\\/it\\\/il-papa-i-genitori-di-santa-teresa-di-gesu-bambino-una-coppia-esemplare\\\/#primaryimage\"},\"thumbnailUrl\":\"https:\\\/\\\/exaudi.org\\\/wp-content\\\/uploads\\\/2025\\\/10\\\/cq5dam.thumbnail.cropped.1500.844-11.jpeg\",\"keywords\":[\"10 anni dalla canonizzazione\",\"Celia e Luis Mart\u00edn\",\"genitori di Santa Teresa di Ges\u00f9 Bambino\",\"Trending\"],\"articleSection\":[\"Leone XIV\",\"Messaggi\"],\"inLanguage\":\"it-IT\"},{\"@type\":\"WebPage\",\"@id\":\"https:\\\/\\\/exaudi.org\\\/it\\\/il-papa-i-genitori-di-santa-teresa-di-gesu-bambino-una-coppia-esemplare\\\/\",\"url\":\"https:\\\/\\\/exaudi.org\\\/it\\\/il-papa-i-genitori-di-santa-teresa-di-gesu-bambino-una-coppia-esemplare\\\/\",\"name\":\"Il Papa: I genitori di Santa Teresa di Ges\u00f9 Bambino, \\\"una coppia esemplare\\\" &#8211; Exaudi\",\"isPartOf\":{\"@id\":\"https:\\\/\\\/exaudi.org\\\/#website\"},\"primaryImageOfPage\":{\"@id\":\"https:\\\/\\\/exaudi.org\\\/it\\\/il-papa-i-genitori-di-santa-teresa-di-gesu-bambino-una-coppia-esemplare\\\/#primaryimage\"},\"image\":{\"@id\":\"https:\\\/\\\/exaudi.org\\\/it\\\/il-papa-i-genitori-di-santa-teresa-di-gesu-bambino-una-coppia-esemplare\\\/#primaryimage\"},\"thumbnailUrl\":\"https:\\\/\\\/exaudi.org\\\/wp-content\\\/uploads\\\/2025\\\/10\\\/cq5dam.thumbnail.cropped.1500.844-11.jpeg\",\"datePublished\":\"2025-10-19T17:11:05+00:00\",\"author\":{\"@id\":\"https:\\\/\\\/exaudi.org\\\/#\\\/schema\\\/person\\\/e1ab6ed07c01774724dd96f925f3a5f0\"},\"breadcrumb\":{\"@id\":\"https:\\\/\\\/exaudi.org\\\/it\\\/il-papa-i-genitori-di-santa-teresa-di-gesu-bambino-una-coppia-esemplare\\\/#breadcrumb\"},\"inLanguage\":\"it-IT\",\"potentialAction\":[{\"@type\":\"ReadAction\",\"target\":[\"https:\\\/\\\/exaudi.org\\\/it\\\/il-papa-i-genitori-di-santa-teresa-di-gesu-bambino-una-coppia-esemplare\\\/\"]}]},{\"@type\":\"ImageObject\",\"inLanguage\":\"it-IT\",\"@id\":\"https:\\\/\\\/exaudi.org\\\/it\\\/il-papa-i-genitori-di-santa-teresa-di-gesu-bambino-una-coppia-esemplare\\\/#primaryimage\",\"url\":\"https:\\\/\\\/exaudi.org\\\/wp-content\\\/uploads\\\/2025\\\/10\\\/cq5dam.thumbnail.cropped.1500.844-11.jpeg\",\"contentUrl\":\"https:\\\/\\\/exaudi.org\\\/wp-content\\\/uploads\\\/2025\\\/10\\\/cq5dam.thumbnail.cropped.1500.844-11.jpeg\",\"width\":1280,\"height\":844},{\"@type\":\"BreadcrumbList\",\"@id\":\"https:\\\/\\\/exaudi.org\\\/it\\\/il-papa-i-genitori-di-santa-teresa-di-gesu-bambino-una-coppia-esemplare\\\/#breadcrumb\",\"itemListElement\":[{\"@type\":\"ListItem\",\"position\":1,\"name\":\"Portada\",\"item\":\"https:\\\/\\\/exaudi.org\\\/it\\\/\"},{\"@type\":\"ListItem\",\"position\":2,\"name\":\"Il Papa: I genitori di Santa Teresa di Ges\u00f9 Bambino, \u00abuna coppia esemplare\u00bb\"}]},{\"@type\":\"WebSite\",\"@id\":\"https:\\\/\\\/exaudi.org\\\/#website\",\"url\":\"https:\\\/\\\/exaudi.org\\\/\",\"name\":\"Exaudi\",\"description\":\"News\",\"potentialAction\":[{\"@type\":\"SearchAction\",\"target\":{\"@type\":\"EntryPoint\",\"urlTemplate\":\"https:\\\/\\\/exaudi.org\\\/?s={search_term_string}\"},\"query-input\":{\"@type\":\"PropertyValueSpecification\",\"valueRequired\":true,\"valueName\":\"search_term_string\"}}],\"inLanguage\":\"it-IT\"},{\"@type\":\"Person\",\"@id\":\"https:\\\/\\\/exaudi.org\\\/#\\\/schema\\\/person\\\/e1ab6ed07c01774724dd96f925f3a5f0\",\"name\":\"Exaudi Redazione\",\"image\":{\"@type\":\"ImageObject\",\"inLanguage\":\"it-IT\",\"@id\":\"https:\\\/\\\/secure.gravatar.com\\\/avatar\\\/ad6774b3ada023bf5b939d64f45c94b3adf91502dd883507d469b4308a943bb3?s=96&d=mm&r=g\",\"url\":\"https:\\\/\\\/secure.gravatar.com\\\/avatar\\\/ad6774b3ada023bf5b939d64f45c94b3adf91502dd883507d469b4308a943bb3?s=96&d=mm&r=g\",\"contentUrl\":\"https:\\\/\\\/secure.gravatar.com\\\/avatar\\\/ad6774b3ada023bf5b939d64f45c94b3adf91502dd883507d469b4308a943bb3?s=96&d=mm&r=g\",\"caption\":\"Exaudi Redazione\"},\"description\":\"Che cosa \u00e8 Exaudi News? Exaudi News \u00e8 un agenzia cattolica internazionale che informa, istruisce e trasforma quotidianamente in spagnolo, inglese e italiano. Attraverso notizie, articoli di analisi e trasmissioni in diretta degli eventi del Papa, Exaudi cerca di rafforzare l'unit\u00e0 dei cristiani e di contribuire all'evangelizzazione del mondo, sempre guidato dalla dottrina sociale della Chiesa. Lavoriamo per portare la verit\u00e0 e i valori cristiani in ogni angolo del pianeta. Aiutaci a trasformare il mondo con Exaudi! Noi di Exaudi crediamo che l'evangelizzazione e l'informazione di qualit\u00e0 possano cambiare la vita. Per continuare la nostra missione ed espandere la nostra portata, abbiamo bisogno del tuo aiuto. Stiamo anche cercando persone motivate che vogliano unirsi al nostro team. Grazie al vostro sostegno raggiungeremo pi\u00f9 persone, diffonderemo il messaggio di Cristo e rafforzeremo l'unit\u00e0 dei cristiani. Vuoi unirti alla nostra missione? Per maggiori informazioni su come contribuire, visita Exaudi.org\\\/it o contattaci direttamente: info@exaudi.org Exaudi: informa, forma e trasforma.\",\"sameAs\":[\"https:\\\/\\\/www.facebook.com\\\/ExaudiNotizie\\\/\",\"https:\\\/\\\/www.instagram.com\\\/Exaudi_notizie\\\/\",\"https:\\\/\\\/x.com\\\/Exaudi_Notizie\",\"https:\\\/\\\/www.youtube.com\\\/@exaudicatholicnews\"],\"url\":\"https:\\\/\\\/exaudi.org\\\/it\\\/author\\\/dlvedi-org\\\/\"}]}<\/script>\n<!-- \/ Yoast SEO plugin. -->","yoast_head_json":{"title":"Il Papa: I genitori di Santa Teresa di Ges\u00f9 Bambino, \"una coppia esemplare\" &#8211; Exaudi","robots":{"index":"index","follow":"follow","max-snippet":"max-snippet:-1","max-image-preview":"max-image-preview:large","max-video-preview":"max-video-preview:-1"},"canonical":"https:\/\/exaudi.org\/it\/il-papa-i-genitori-di-santa-teresa-di-gesu-bambino-una-coppia-esemplare\/","og_locale":"it_IT","og_type":"article","og_title":"Il Papa: I genitori di Santa Teresa di Ges\u00f9 Bambino, \"una coppia esemplare\" &#8211; Exaudi","og_description":"10\u00b0 anniversario della canonizzazione di Luis e Celia Mart\u00edn","og_url":"https:\/\/exaudi.org\/it\/il-papa-i-genitori-di-santa-teresa-di-gesu-bambino-una-coppia-esemplare\/","og_site_name":"Exaudi","article_publisher":"https:\/\/www.facebook.com\/ExaudiNews","article_author":"https:\/\/www.facebook.com\/ExaudiNotizie\/","article_published_time":"2025-10-19T17:11:05+00:00","og_image":[{"width":1280,"height":844,"url":"https:\/\/exaudi.org\/wp-content\/uploads\/2025\/10\/cq5dam.thumbnail.cropped.1500.844-11.jpeg","type":"image\/jpeg"}],"author":"Exaudi Redazione","twitter_card":"summary_large_image","twitter_creator":"@Exaudi_Notizie","twitter_site":"@Exaudi_News","twitter_misc":{"Scritto da":"Exaudi Redazione","Tempo di lettura stimato":"5 minuti"},"schema":{"@context":"https:\/\/schema.org","@graph":[{"@type":"Article","@id":"https:\/\/exaudi.org\/it\/il-papa-i-genitori-di-santa-teresa-di-gesu-bambino-una-coppia-esemplare\/#article","isPartOf":{"@id":"https:\/\/exaudi.org\/it\/il-papa-i-genitori-di-santa-teresa-di-gesu-bambino-una-coppia-esemplare\/"},"author":{"name":"Exaudi Redazione","@id":"https:\/\/exaudi.org\/#\/schema\/person\/e1ab6ed07c01774724dd96f925f3a5f0"},"headline":"Il Papa: I genitori di Santa Teresa di Ges\u00f9 Bambino, &#8220;una coppia esemplare&#8221;","datePublished":"2025-10-19T17:11:05+00:00","mainEntityOfPage":{"@id":"https:\/\/exaudi.org\/it\/il-papa-i-genitori-di-santa-teresa-di-gesu-bambino-una-coppia-esemplare\/"},"wordCount":1012,"image":{"@id":"https:\/\/exaudi.org\/it\/il-papa-i-genitori-di-santa-teresa-di-gesu-bambino-una-coppia-esemplare\/#primaryimage"},"thumbnailUrl":"https:\/\/exaudi.org\/wp-content\/uploads\/2025\/10\/cq5dam.thumbnail.cropped.1500.844-11.jpeg","keywords":["10 anni dalla canonizzazione","Celia e Luis Mart\u00edn","genitori di Santa Teresa di Ges\u00f9 Bambino","Trending"],"articleSection":["Leone XIV","Messaggi"],"inLanguage":"it-IT"},{"@type":"WebPage","@id":"https:\/\/exaudi.org\/it\/il-papa-i-genitori-di-santa-teresa-di-gesu-bambino-una-coppia-esemplare\/","url":"https:\/\/exaudi.org\/it\/il-papa-i-genitori-di-santa-teresa-di-gesu-bambino-una-coppia-esemplare\/","name":"Il Papa: I genitori di Santa Teresa di Ges\u00f9 Bambino, \"una coppia esemplare\" &#8211; Exaudi","isPartOf":{"@id":"https:\/\/exaudi.org\/#website"},"primaryImageOfPage":{"@id":"https:\/\/exaudi.org\/it\/il-papa-i-genitori-di-santa-teresa-di-gesu-bambino-una-coppia-esemplare\/#primaryimage"},"image":{"@id":"https:\/\/exaudi.org\/it\/il-papa-i-genitori-di-santa-teresa-di-gesu-bambino-una-coppia-esemplare\/#primaryimage"},"thumbnailUrl":"https:\/\/exaudi.org\/wp-content\/uploads\/2025\/10\/cq5dam.thumbnail.cropped.1500.844-11.jpeg","datePublished":"2025-10-19T17:11:05+00:00","author":{"@id":"https:\/\/exaudi.org\/#\/schema\/person\/e1ab6ed07c01774724dd96f925f3a5f0"},"breadcrumb":{"@id":"https:\/\/exaudi.org\/it\/il-papa-i-genitori-di-santa-teresa-di-gesu-bambino-una-coppia-esemplare\/#breadcrumb"},"inLanguage":"it-IT","potentialAction":[{"@type":"ReadAction","target":["https:\/\/exaudi.org\/it\/il-papa-i-genitori-di-santa-teresa-di-gesu-bambino-una-coppia-esemplare\/"]}]},{"@type":"ImageObject","inLanguage":"it-IT","@id":"https:\/\/exaudi.org\/it\/il-papa-i-genitori-di-santa-teresa-di-gesu-bambino-una-coppia-esemplare\/#primaryimage","url":"https:\/\/exaudi.org\/wp-content\/uploads\/2025\/10\/cq5dam.thumbnail.cropped.1500.844-11.jpeg","contentUrl":"https:\/\/exaudi.org\/wp-content\/uploads\/2025\/10\/cq5dam.thumbnail.cropped.1500.844-11.jpeg","width":1280,"height":844},{"@type":"BreadcrumbList","@id":"https:\/\/exaudi.org\/it\/il-papa-i-genitori-di-santa-teresa-di-gesu-bambino-una-coppia-esemplare\/#breadcrumb","itemListElement":[{"@type":"ListItem","position":1,"name":"Portada","item":"https:\/\/exaudi.org\/it\/"},{"@type":"ListItem","position":2,"name":"Il Papa: I genitori di Santa Teresa di Ges\u00f9 Bambino, \u00abuna coppia esemplare\u00bb"}]},{"@type":"WebSite","@id":"https:\/\/exaudi.org\/#website","url":"https:\/\/exaudi.org\/","name":"Exaudi","description":"News","potentialAction":[{"@type":"SearchAction","target":{"@type":"EntryPoint","urlTemplate":"https:\/\/exaudi.org\/?s={search_term_string}"},"query-input":{"@type":"PropertyValueSpecification","valueRequired":true,"valueName":"search_term_string"}}],"inLanguage":"it-IT"},{"@type":"Person","@id":"https:\/\/exaudi.org\/#\/schema\/person\/e1ab6ed07c01774724dd96f925f3a5f0","name":"Exaudi Redazione","image":{"@type":"ImageObject","inLanguage":"it-IT","@id":"https:\/\/secure.gravatar.com\/avatar\/ad6774b3ada023bf5b939d64f45c94b3adf91502dd883507d469b4308a943bb3?s=96&d=mm&r=g","url":"https:\/\/secure.gravatar.com\/avatar\/ad6774b3ada023bf5b939d64f45c94b3adf91502dd883507d469b4308a943bb3?s=96&d=mm&r=g","contentUrl":"https:\/\/secure.gravatar.com\/avatar\/ad6774b3ada023bf5b939d64f45c94b3adf91502dd883507d469b4308a943bb3?s=96&d=mm&r=g","caption":"Exaudi Redazione"},"description":"Che cosa \u00e8 Exaudi News? Exaudi News \u00e8 un agenzia cattolica internazionale che informa, istruisce e trasforma quotidianamente in spagnolo, inglese e italiano. Attraverso notizie, articoli di analisi e trasmissioni in diretta degli eventi del Papa, Exaudi cerca di rafforzare l'unit\u00e0 dei cristiani e di contribuire all'evangelizzazione del mondo, sempre guidato dalla dottrina sociale della Chiesa. Lavoriamo per portare la verit\u00e0 e i valori cristiani in ogni angolo del pianeta. Aiutaci a trasformare il mondo con Exaudi! Noi di Exaudi crediamo che l'evangelizzazione e l'informazione di qualit\u00e0 possano cambiare la vita. Per continuare la nostra missione ed espandere la nostra portata, abbiamo bisogno del tuo aiuto. Stiamo anche cercando persone motivate che vogliano unirsi al nostro team. Grazie al vostro sostegno raggiungeremo pi\u00f9 persone, diffonderemo il messaggio di Cristo e rafforzeremo l'unit\u00e0 dei cristiani. Vuoi unirti alla nostra missione? Per maggiori informazioni su come contribuire, visita Exaudi.org\/it o contattaci direttamente: info@exaudi.org Exaudi: informa, forma e trasforma.","sameAs":["https:\/\/www.facebook.com\/ExaudiNotizie\/","https:\/\/www.instagram.com\/Exaudi_notizie\/","https:\/\/x.com\/Exaudi_Notizie","https:\/\/www.youtube.com\/@exaudicatholicnews"],"url":"https:\/\/exaudi.org\/it\/author\/dlvedi-org\/"}]}},"jetpack_featured_media_url":"https:\/\/exaudi.org\/wp-content\/uploads\/2025\/10\/cq5dam.thumbnail.cropped.1500.844-11.jpeg","jetpack_shortlink":"https:\/\/wp.me\/pgKjF2-ACq","_links":{"self":[{"href":"https:\/\/exaudi.org\/it\/wp-json\/wp\/v2\/posts\/140766","targetHints":{"allow":["GET"]}}],"collection":[{"href":"https:\/\/exaudi.org\/it\/wp-json\/wp\/v2\/posts"}],"about":[{"href":"https:\/\/exaudi.org\/it\/wp-json\/wp\/v2\/types\/post"}],"author":[{"embeddable":true,"href":"https:\/\/exaudi.org\/it\/wp-json\/wp\/v2\/users\/17"}],"replies":[{"embeddable":true,"href":"https:\/\/exaudi.org\/it\/wp-json\/wp\/v2\/comments?post=140766"}],"version-history":[{"count":4,"href":"https:\/\/exaudi.org\/it\/wp-json\/wp\/v2\/posts\/140766\/revisions"}],"predecessor-version":[{"id":140770,"href":"https:\/\/exaudi.org\/it\/wp-json\/wp\/v2\/posts\/140766\/revisions\/140770"}],"wp:featuredmedia":[{"embeddable":true,"href":"https:\/\/exaudi.org\/it\/wp-json\/wp\/v2\/media\/140688"}],"wp:attachment":[{"href":"https:\/\/exaudi.org\/it\/wp-json\/wp\/v2\/media?parent=140766"}],"wp:term":[{"taxonomy":"category","embeddable":true,"href":"https:\/\/exaudi.org\/it\/wp-json\/wp\/v2\/categories?post=140766"},{"taxonomy":"post_tag","embeddable":true,"href":"https:\/\/exaudi.org\/it\/wp-json\/wp\/v2\/tags?post=140766"}],"curies":[{"name":"wp","href":"https:\/\/api.w.org\/{rel}","templated":true}]}}