{"id":140497,"date":"2025-10-16T20:20:53","date_gmt":"2025-10-16T18:20:53","guid":{"rendered":"https:\/\/exaudi.org\/?p=140497"},"modified":"2025-10-16T20:20:53","modified_gmt":"2025-10-16T18:20:53","slug":"i-santi-una-grande-proposta","status":"publish","type":"post","link":"https:\/\/exaudi.org\/it\/i-santi-una-grande-proposta\/","title":{"rendered":"I Santi, una Grande Proposta"},"content":{"rendered":"<p><span dir=\"auto\" style=\"vertical-align: inherit\"><span dir=\"auto\" style=\"vertical-align: inherit\">L'&#8221;Essere&#8221; di Dio \u00e8 santit\u00e0. Solo Dio &#8220;\u00e8&#8221; santo. Dio \u00e8 infinitamente santo. Cristo, che \u00e8 Dio perfetto e uomo perfetto, \u00e8 santissimo. Cristo \u00e8 il modello pi\u00f9 importante. I santi &#8220;hanno&#8221; solo &#8220;in parte&#8221; la santit\u00e0 di Cristo. Il santo cristiano \u00e8 un buon imitatore di Cristo. Pertanto, assomiglia a Cristo, \u00e8 un&#8217;immagine di Cristo. Ci\u00f2 che \u00e8 interessante in un santo \u00e8 ci\u00f2 che riflette di Cristo. I santi sono un altro Cristo, Cristo tra noi.<\/span><\/span><\/p>\n<p><span dir=\"auto\" style=\"vertical-align: inherit\"><span dir=\"auto\" style=\"vertical-align: inherit\">Sebbene Cristo superi infinitamente tutti i santi, comprendiamo Cristo attraverso i santi. Infatti, ogni santo riflette Cristo in modo bello, vero, diverso e complementare. Cos\u00ec, San Massimiliano Kolbe, per salvare un padre dalla morte, diede la propria vita. A sua volta, <\/span><\/span><span dir=\"auto\" style=\"vertical-align: inherit\"><span dir=\"auto\" style=\"vertical-align: inherit\">San Raimondo Nonnato \u2013 come tanti altri santi di ordini che redimevano i prigionieri \u2013 mise in pericolo la fede di un cristiano, prigioniero dei Mori, si lasci\u00f2 imprigionare per poter essere liberato. Entrambi gli esempi ci aiutano a comprendere che Cristo, per la redenzione liberatrice, diede la propria vita. A sua volta, San Pietro Claver, facendosi schiavo degli schiavi neri, ci aiuta a comprendere, in modo semplice, chiaro, illuminante e sorprendente, l&#8217;episodio di Cristo che lava i piedi agli apostoli.<\/span><\/span><\/p>\n<p><span dir=\"auto\" style=\"vertical-align: inherit\"><span dir=\"auto\" style=\"vertical-align: inherit\">Considerer\u00f2 ora la &#8220;diversit\u00e0&#8221;. Secondo San Tommaso d&#8217;Aquino, la grandezza di Dio pu\u00f2 essere espressa al meglio se c&#8217;\u00e8 molteplicit\u00e0 e diversit\u00e0 di esseri. Un giardino, per essere bello, deve avere fiori diversi. A sua volta, San Paolo ha sottolineato la necessit\u00e0 di molteplicit\u00e0 e diversit\u00e0 nella Chiesa, il Corpo di Cristo. Inoltre, ogni persona umana \u00e8 unica e irripetibile. Si comprende, quindi, che Dio distribuisce liberamente i suoi doni naturali e soprannaturali in modi diversi a seconda degli esseri, che sono diversi e distinti. Non tutti gli esseri corrispondono ugualmente a Dio e ai suoi doni. Anche i santi sono molto vari. La totalit\u00e0 dei santi, compresi quelli non canonizzati, \u00e8 qualcosa di grande bellezza, che pu\u00f2 essere rappresentata da un ventaglio aperto, con un immenso numero di steli diversi, che emanano tutti, a modo loro, la fragranza del soave profumo di Cristo.<\/span><\/span><\/p>\n<p><span dir=\"auto\" style=\"vertical-align: inherit\"><span dir=\"auto\" style=\"vertical-align: inherit\">Esiste un ordine nei santi. Si possono stabilire gerarchie, o scale, di santi, oppure classificarli secondo gradini ascendenti. Da un lato, alcuni santi, &#8220;in s\u00e9&#8221;, occupano un posto pi\u00f9 elevato in ordine di importanza, riflettono Cristo molto meglio e sono di particolare interesse. Cos\u00ec, ad esempio, la Beata Vergine, ecc. D&#8217;altro canto, possiamo considerare alcuni santi come &#8220;pi\u00f9 interessanti per noi&#8221;, per determinate ragioni particolari.<\/span><\/span><\/p>\n<p><span dir=\"auto\" style=\"vertical-align: inherit\"><span dir=\"auto\" style=\"vertical-align: inherit\">All&#8217;interno del variegato gruppo dei santi, possiamo stabilire gruppi o categorie. Cos\u00ec, ad esempio, in un mondo con cos\u00ec tanti ostacoli, in cui \u00e8 difficile vivere la fede con coraggio, il gruppo dei martiri assume una rilevanza e un&#8217;importanza particolari. Si sono lasciati uccidere piuttosto che peccare, hanno preferito essere uccisi piuttosto che rinnegare Cristo, hanno brillato per il loro coraggio di fronte alle difficolt\u00e0 e hanno dimostrato con grande eloquenza che l&#8217;unica cosa che conta \u00e8 amare Cristo, anche se ci\u00f2 significa perdere tutto.<\/span><\/span><\/p>\n<p><span dir=\"auto\" style=\"vertical-align: inherit\"><span dir=\"auto\" style=\"vertical-align: inherit\">Ci sono anche santi le cui vite, pur essendo molto preziose, sono molto diverse dalla nostra. Cos\u00ec, San Simone Stilita visse sempre su una colonna. Altri ci trasmettono qualcosa di molto vicino alla nostra vita. San Josemar\u00eda Escriv\u00e1 de Balaguer, ad esempio, oltre a essere nostro contemporaneo, \u00e8 immensamente pratico per noi, poich\u00e9 ci trasmette meravigliosamente qualcosa di cos\u00ec importante e cos\u00ec vicino a cos\u00ec tanti milioni di persone: la grandezza della vita ordinaria e la chiamata universale alla santit\u00e0 di tutti i battezzati. Tutti i battezzati devono essere santi.<\/span><\/span><\/p>\n<p><span dir=\"auto\" style=\"vertical-align: inherit\"><span dir=\"auto\" style=\"vertical-align: inherit\">In definitiva, non si tratta solo di stabilire se gli esseri umani siano santi, ma anche di stabilire dove si trovino in relazione alla nostra vita e a Dio. Alcuni santi possono dare un contributo maggiore per noi rispetto ad altri.<\/span><\/span><\/p>\n<p><span dir=\"auto\" style=\"vertical-align: inherit\"><span dir=\"auto\" style=\"vertical-align: inherit\">Con la scristianizzazione, \u00e8 diventato comune considerare come modelli non persone sante, ma personaggi famosi del cinema, o simili, che vengono proposti solo per valori meramente naturali o umani, come la loro simpatia, la loro bellezza, la loro conoscenza, ecc. Questo, a sua volta, avviene in un mondo pieno di confusione, in cui c&#8217;\u00e8 una forte crisi di umanesimo, in cui molti arrivano persino a ignorare l&#8217;identit\u00e0 della natura umana, in cui la dignit\u00e0 dell&#8217;essere umano continua a essere calpestata con il genocidio dell&#8217;aborto, ecc. O, pi\u00f9 brevemente, in cui molti non sanno nemmeno cosa sia l&#8217;uomo.<\/span><\/span><\/p>\n<p><span dir=\"auto\" style=\"vertical-align: inherit\"><span dir=\"auto\" style=\"vertical-align: inherit\">Rimanere, ma solo nell&#8217;umano, o nell&#8217;uomo puro, significa rimanere con l&#8217;uomo senza grazia, con l&#8217;uomo ferito. Non essere nella grazia \u00e8 una vergogna. Inoltre, quando una societ\u00e0 si scristianizza, decade drasticamente.<\/span><\/span><\/p>\n<p><span dir=\"auto\" style=\"vertical-align: inherit\"><span dir=\"auto\" style=\"vertical-align: inherit\">Qualcosa di molto diverso accade con l&#8217;uomo santo, in cui la grazia ha compiuto un&#8217;opera grandiosa. La grazia guarisce e perfeziona. L&#8217;opera dello Spirito Santo \u00e8 molto pi\u00f9 ambiziosa di quella di una celebrit\u00e0. Il Paraclito deifica. Lo Spirito Santo rende l&#8217;uomo un figlio di Dio, un santo, una persona realizzata, felice, profondamente appagante, un altro Cristo e, inoltre, conduce alla gloria del cielo, alla felicit\u00e0 eterna e completa.<\/span><\/span><\/p>\n<p><span dir=\"auto\" style=\"vertical-align: inherit\"><span dir=\"auto\" style=\"vertical-align: inherit\">In breve, i santi rappresentano qualcosa di molto prezioso per il tempo presente. Tutti i santi sono molto importanti. Come ha sottolineato Papa Benedetto XVI, i santi sono una grande luce per il mondo. Spesso, guardando i santi si riceve pi\u00f9 luce che in molti altri modi. Dobbiamo tornare ai santi. Dobbiamo lasciarci illuminare da loro, soprattutto da quelli che ci interessano particolarmente. Cristo, la Beata Vergine, San Giuseppe, San Josemar\u00eda Escriv\u00e1 de Balaguer, ecc., hanno molto da dirci.<\/span><\/span><\/p>\n","protected":false},"excerpt":{"rendered":"<p>Come i Santi riflettono Cristo e guidano la vita cristiana<\/p>\n","protected":false},"author":45,"featured_media":140264,"comment_status":"closed","ping_status":"closed","sticky":false,"template":"","format":"standard","meta":{"_acf_changed":false,"_crdt_document":"","inline_featured_image":false,"footnotes":""},"categories":[],"tags":[26560,1209,61371,15436,77402,75920,25026,77403,679,77404,3238,30353,77405,77406,1478,1896,67980,5522,14223],"class_list":["post-140497","post","type-post","status-publish","format-standard","has-post-thumbnail","hentry","tag-esempi-di-santi","tag-fede","tag-giuseppe-maria-montiu-de-nuix","tag-grazia-divina","tag-imitazione-di-cristo","tag-insegnamento-dei-santi","tag-ispirazione-cristiana","tag-luce-per-il-mondo","tag-martiri","tag-modelli-cristiani","tag-san-josemaria-escriva","tag-san-massimiliano-kolbe","tag-san-pietro-claver","tag-san-raimondo-nonnato","tag-santi","tag-santita","tag-santita-quotidiana","tag-spiritualita","tag-vita-cristiana"],"acf":[],"yoast_head":"<!-- This site is optimized with the Yoast SEO plugin v27.5 - https:\/\/yoast.com\/product\/yoast-seo-wordpress\/ -->\n<title>I Santi, una Grande Proposta &#8211; Exaudi<\/title>\n<meta name=\"robots\" content=\"index, follow, max-snippet:-1, max-image-preview:large, max-video-preview:-1\" \/>\n<link rel=\"canonical\" href=\"https:\/\/exaudi.org\/it\/i-santi-una-grande-proposta\/\" \/>\n<meta property=\"og:locale\" content=\"it_IT\" \/>\n<meta property=\"og:type\" content=\"article\" \/>\n<meta property=\"og:title\" content=\"I Santi, una Grande Proposta &#8211; Exaudi\" \/>\n<meta property=\"og:description\" content=\"Come i Santi riflettono Cristo e guidano la vita cristiana\" \/>\n<meta property=\"og:url\" content=\"https:\/\/exaudi.org\/it\/i-santi-una-grande-proposta\/\" \/>\n<meta property=\"og:site_name\" content=\"Exaudi\" \/>\n<meta property=\"article:publisher\" content=\"https:\/\/www.facebook.com\/ExaudiNews\" \/>\n<meta property=\"article:published_time\" content=\"2025-10-16T18:20:53+00:00\" \/>\n<meta property=\"og:image\" content=\"https:\/\/exaudi.org\/wp-content\/uploads\/2025\/10\/1760523204.png\" \/>\n\t<meta property=\"og:image:width\" content=\"1664\" \/>\n\t<meta property=\"og:image:height\" content=\"928\" \/>\n\t<meta property=\"og:image:type\" content=\"image\/png\" \/>\n<meta name=\"author\" content=\"Jos\u00e9 Mar\u00eda Montiu de Nuix\" \/>\n<meta name=\"twitter:card\" content=\"summary_large_image\" \/>\n<meta name=\"twitter:creator\" content=\"@Exaudi_News\" \/>\n<meta name=\"twitter:site\" content=\"@Exaudi_News\" \/>\n<meta name=\"twitter:label1\" content=\"Scritto da\" \/>\n\t<meta name=\"twitter:data1\" content=\"Jos\u00e9 Mar\u00eda Montiu de Nuix\" \/>\n\t<meta name=\"twitter:label2\" content=\"Tempo di lettura stimato\" \/>\n\t<meta name=\"twitter:data2\" content=\"4 minuti\" \/>\n<script type=\"application\/ld+json\" class=\"yoast-schema-graph\">{\"@context\":\"https:\\\/\\\/schema.org\",\"@graph\":[{\"@type\":\"Article\",\"@id\":\"https:\\\/\\\/exaudi.org\\\/it\\\/i-santi-una-grande-proposta\\\/#article\",\"isPartOf\":{\"@id\":\"https:\\\/\\\/exaudi.org\\\/it\\\/i-santi-una-grande-proposta\\\/\"},\"author\":{\"name\":\"Jos\u00e9 Mar\u00eda Montiu de Nuix\",\"@id\":\"https:\\\/\\\/exaudi.org\\\/#\\\/schema\\\/person\\\/63aa8d363a4039100348c8036010e9fa\"},\"headline\":\"I Santi, una Grande Proposta\",\"datePublished\":\"2025-10-16T18:20:53+00:00\",\"mainEntityOfPage\":{\"@id\":\"https:\\\/\\\/exaudi.org\\\/it\\\/i-santi-una-grande-proposta\\\/\"},\"wordCount\":908,\"image\":{\"@id\":\"https:\\\/\\\/exaudi.org\\\/it\\\/i-santi-una-grande-proposta\\\/#primaryimage\"},\"thumbnailUrl\":\"https:\\\/\\\/exaudi.org\\\/wp-content\\\/uploads\\\/2025\\\/10\\\/1760523204.png\",\"keywords\":[\"esempi di santi\",\"fede\",\"Giuseppe Maria Montiu de Nuix\",\"GRAZIA DIVINA\",\"Imitazione di Cristo\",\"insegnamento dei santi\",\"ispirazione cristiana\",\"Luce per il mondo\",\"martiri\",\"Modelli Cristiani\",\"San Josemaria Escriv\u00e0\",\"San Massimiliano Kolbe\",\"San Pietro Claver\",\"San Raimondo Nonnato\",\"santi\",\"santit\u00e0\",\"santit\u00e0 quotidiana\",\"spiritualit\u00e0\",\"VITA CRISTIANA\"],\"inLanguage\":\"it-IT\"},{\"@type\":\"WebPage\",\"@id\":\"https:\\\/\\\/exaudi.org\\\/it\\\/i-santi-una-grande-proposta\\\/\",\"url\":\"https:\\\/\\\/exaudi.org\\\/it\\\/i-santi-una-grande-proposta\\\/\",\"name\":\"I Santi, una Grande Proposta &#8211; Exaudi\",\"isPartOf\":{\"@id\":\"https:\\\/\\\/exaudi.org\\\/#website\"},\"primaryImageOfPage\":{\"@id\":\"https:\\\/\\\/exaudi.org\\\/it\\\/i-santi-una-grande-proposta\\\/#primaryimage\"},\"image\":{\"@id\":\"https:\\\/\\\/exaudi.org\\\/it\\\/i-santi-una-grande-proposta\\\/#primaryimage\"},\"thumbnailUrl\":\"https:\\\/\\\/exaudi.org\\\/wp-content\\\/uploads\\\/2025\\\/10\\\/1760523204.png\",\"datePublished\":\"2025-10-16T18:20:53+00:00\",\"author\":{\"@id\":\"https:\\\/\\\/exaudi.org\\\/#\\\/schema\\\/person\\\/63aa8d363a4039100348c8036010e9fa\"},\"breadcrumb\":{\"@id\":\"https:\\\/\\\/exaudi.org\\\/it\\\/i-santi-una-grande-proposta\\\/#breadcrumb\"},\"inLanguage\":\"it-IT\",\"potentialAction\":[{\"@type\":\"ReadAction\",\"target\":[\"https:\\\/\\\/exaudi.org\\\/it\\\/i-santi-una-grande-proposta\\\/\"]}]},{\"@type\":\"ImageObject\",\"inLanguage\":\"it-IT\",\"@id\":\"https:\\\/\\\/exaudi.org\\\/it\\\/i-santi-una-grande-proposta\\\/#primaryimage\",\"url\":\"https:\\\/\\\/exaudi.org\\\/wp-content\\\/uploads\\\/2025\\\/10\\\/1760523204.png\",\"contentUrl\":\"https:\\\/\\\/exaudi.org\\\/wp-content\\\/uploads\\\/2025\\\/10\\\/1760523204.png\",\"width\":1664,\"height\":928},{\"@type\":\"BreadcrumbList\",\"@id\":\"https:\\\/\\\/exaudi.org\\\/it\\\/i-santi-una-grande-proposta\\\/#breadcrumb\",\"itemListElement\":[{\"@type\":\"ListItem\",\"position\":1,\"name\":\"Portada\",\"item\":\"https:\\\/\\\/exaudi.org\\\/it\\\/\"},{\"@type\":\"ListItem\",\"position\":2,\"name\":\"I Santi, una Grande Proposta\"}]},{\"@type\":\"WebSite\",\"@id\":\"https:\\\/\\\/exaudi.org\\\/#website\",\"url\":\"https:\\\/\\\/exaudi.org\\\/\",\"name\":\"Exaudi\",\"description\":\"News\",\"potentialAction\":[{\"@type\":\"SearchAction\",\"target\":{\"@type\":\"EntryPoint\",\"urlTemplate\":\"https:\\\/\\\/exaudi.org\\\/?s={search_term_string}\"},\"query-input\":{\"@type\":\"PropertyValueSpecification\",\"valueRequired\":true,\"valueName\":\"search_term_string\"}}],\"inLanguage\":\"it-IT\"},{\"@type\":\"Person\",\"@id\":\"https:\\\/\\\/exaudi.org\\\/#\\\/schema\\\/person\\\/63aa8d363a4039100348c8036010e9fa\",\"name\":\"Jos\u00e9 Mar\u00eda Montiu de Nuix\",\"image\":{\"@type\":\"ImageObject\",\"inLanguage\":\"it-IT\",\"@id\":\"https:\\\/\\\/secure.gravatar.com\\\/avatar\\\/f3d1e54272060740a50258cef7d916098d4ffe7ad9f6a7a8603d12c508634d10?s=96&d=mm&r=g\",\"url\":\"https:\\\/\\\/secure.gravatar.com\\\/avatar\\\/f3d1e54272060740a50258cef7d916098d4ffe7ad9f6a7a8603d12c508634d10?s=96&d=mm&r=g\",\"contentUrl\":\"https:\\\/\\\/secure.gravatar.com\\\/avatar\\\/f3d1e54272060740a50258cef7d916098d4ffe7ad9f6a7a8603d12c508634d10?s=96&d=mm&r=g\",\"caption\":\"Jos\u00e9 Mar\u00eda Montiu de Nuix\"},\"description\":\"Nacido en Cervera, L\u00e9rida, Espa\u00f1a, en 1960 y bautizado ese mismo a\u00f1o. Ordenado sacerdote en 1992. Doctor en Filosof\u00eda. Licenciado en Filosof\u00eda y Ciencias de la Educaci\u00f3n por la Universidad de Barcelona (UB). Licenciado (especialidad: Matem\u00e1tica Fundamental), cursos de doctorado y suficiencia investigadora en Ciencias Exactas por la UB. Licenciado en Filosof\u00eda por la Universidad de Navarra. Licenciado en Estudios Eclesi\u00e1sticos por la Facultad de Teolog\u00eda San Vicente Ferrer, Valencia. Docente e investigador con m\u00e1s de medio millar de publicaciones. Acad\u00e9mico de la Academia Hispanoamericana de Doctores.\",\"url\":\"https:\\\/\\\/exaudi.org\\\/it\\\/author\\\/josepmariamontiudenuix\\\/\"}]}<\/script>\n<!-- \/ Yoast SEO plugin. -->","yoast_head_json":{"title":"I Santi, una Grande Proposta &#8211; Exaudi","robots":{"index":"index","follow":"follow","max-snippet":"max-snippet:-1","max-image-preview":"max-image-preview:large","max-video-preview":"max-video-preview:-1"},"canonical":"https:\/\/exaudi.org\/it\/i-santi-una-grande-proposta\/","og_locale":"it_IT","og_type":"article","og_title":"I Santi, una Grande Proposta &#8211; Exaudi","og_description":"Come i Santi riflettono Cristo e guidano la vita cristiana","og_url":"https:\/\/exaudi.org\/it\/i-santi-una-grande-proposta\/","og_site_name":"Exaudi","article_publisher":"https:\/\/www.facebook.com\/ExaudiNews","article_published_time":"2025-10-16T18:20:53+00:00","og_image":[{"width":1664,"height":928,"url":"https:\/\/exaudi.org\/wp-content\/uploads\/2025\/10\/1760523204.png","type":"image\/png"}],"author":"Jos\u00e9 Mar\u00eda Montiu de Nuix","twitter_card":"summary_large_image","twitter_creator":"@Exaudi_News","twitter_site":"@Exaudi_News","twitter_misc":{"Scritto da":"Jos\u00e9 Mar\u00eda Montiu de Nuix","Tempo di lettura stimato":"4 minuti"},"schema":{"@context":"https:\/\/schema.org","@graph":[{"@type":"Article","@id":"https:\/\/exaudi.org\/it\/i-santi-una-grande-proposta\/#article","isPartOf":{"@id":"https:\/\/exaudi.org\/it\/i-santi-una-grande-proposta\/"},"author":{"name":"Jos\u00e9 Mar\u00eda Montiu de Nuix","@id":"https:\/\/exaudi.org\/#\/schema\/person\/63aa8d363a4039100348c8036010e9fa"},"headline":"I Santi, una Grande Proposta","datePublished":"2025-10-16T18:20:53+00:00","mainEntityOfPage":{"@id":"https:\/\/exaudi.org\/it\/i-santi-una-grande-proposta\/"},"wordCount":908,"image":{"@id":"https:\/\/exaudi.org\/it\/i-santi-una-grande-proposta\/#primaryimage"},"thumbnailUrl":"https:\/\/exaudi.org\/wp-content\/uploads\/2025\/10\/1760523204.png","keywords":["esempi di santi","fede","Giuseppe Maria Montiu de Nuix","GRAZIA DIVINA","Imitazione di Cristo","insegnamento dei santi","ispirazione cristiana","Luce per il mondo","martiri","Modelli Cristiani","San Josemaria Escriv\u00e0","San Massimiliano Kolbe","San Pietro Claver","San Raimondo Nonnato","santi","santit\u00e0","santit\u00e0 quotidiana","spiritualit\u00e0","VITA CRISTIANA"],"inLanguage":"it-IT"},{"@type":"WebPage","@id":"https:\/\/exaudi.org\/it\/i-santi-una-grande-proposta\/","url":"https:\/\/exaudi.org\/it\/i-santi-una-grande-proposta\/","name":"I Santi, una Grande Proposta &#8211; Exaudi","isPartOf":{"@id":"https:\/\/exaudi.org\/#website"},"primaryImageOfPage":{"@id":"https:\/\/exaudi.org\/it\/i-santi-una-grande-proposta\/#primaryimage"},"image":{"@id":"https:\/\/exaudi.org\/it\/i-santi-una-grande-proposta\/#primaryimage"},"thumbnailUrl":"https:\/\/exaudi.org\/wp-content\/uploads\/2025\/10\/1760523204.png","datePublished":"2025-10-16T18:20:53+00:00","author":{"@id":"https:\/\/exaudi.org\/#\/schema\/person\/63aa8d363a4039100348c8036010e9fa"},"breadcrumb":{"@id":"https:\/\/exaudi.org\/it\/i-santi-una-grande-proposta\/#breadcrumb"},"inLanguage":"it-IT","potentialAction":[{"@type":"ReadAction","target":["https:\/\/exaudi.org\/it\/i-santi-una-grande-proposta\/"]}]},{"@type":"ImageObject","inLanguage":"it-IT","@id":"https:\/\/exaudi.org\/it\/i-santi-una-grande-proposta\/#primaryimage","url":"https:\/\/exaudi.org\/wp-content\/uploads\/2025\/10\/1760523204.png","contentUrl":"https:\/\/exaudi.org\/wp-content\/uploads\/2025\/10\/1760523204.png","width":1664,"height":928},{"@type":"BreadcrumbList","@id":"https:\/\/exaudi.org\/it\/i-santi-una-grande-proposta\/#breadcrumb","itemListElement":[{"@type":"ListItem","position":1,"name":"Portada","item":"https:\/\/exaudi.org\/it\/"},{"@type":"ListItem","position":2,"name":"I Santi, una Grande Proposta"}]},{"@type":"WebSite","@id":"https:\/\/exaudi.org\/#website","url":"https:\/\/exaudi.org\/","name":"Exaudi","description":"News","potentialAction":[{"@type":"SearchAction","target":{"@type":"EntryPoint","urlTemplate":"https:\/\/exaudi.org\/?s={search_term_string}"},"query-input":{"@type":"PropertyValueSpecification","valueRequired":true,"valueName":"search_term_string"}}],"inLanguage":"it-IT"},{"@type":"Person","@id":"https:\/\/exaudi.org\/#\/schema\/person\/63aa8d363a4039100348c8036010e9fa","name":"Jos\u00e9 Mar\u00eda Montiu de Nuix","image":{"@type":"ImageObject","inLanguage":"it-IT","@id":"https:\/\/secure.gravatar.com\/avatar\/f3d1e54272060740a50258cef7d916098d4ffe7ad9f6a7a8603d12c508634d10?s=96&d=mm&r=g","url":"https:\/\/secure.gravatar.com\/avatar\/f3d1e54272060740a50258cef7d916098d4ffe7ad9f6a7a8603d12c508634d10?s=96&d=mm&r=g","contentUrl":"https:\/\/secure.gravatar.com\/avatar\/f3d1e54272060740a50258cef7d916098d4ffe7ad9f6a7a8603d12c508634d10?s=96&d=mm&r=g","caption":"Jos\u00e9 Mar\u00eda Montiu de Nuix"},"description":"Nacido en Cervera, L\u00e9rida, Espa\u00f1a, en 1960 y bautizado ese mismo a\u00f1o. Ordenado sacerdote en 1992. Doctor en Filosof\u00eda. Licenciado en Filosof\u00eda y Ciencias de la Educaci\u00f3n por la Universidad de Barcelona (UB). Licenciado (especialidad: Matem\u00e1tica Fundamental), cursos de doctorado y suficiencia investigadora en Ciencias Exactas por la UB. Licenciado en Filosof\u00eda por la Universidad de Navarra. Licenciado en Estudios Eclesi\u00e1sticos por la Facultad de Teolog\u00eda San Vicente Ferrer, Valencia. Docente e investigador con m\u00e1s de medio millar de publicaciones. Acad\u00e9mico de la Academia Hispanoamericana de Doctores.","url":"https:\/\/exaudi.org\/it\/author\/josepmariamontiudenuix\/"}]}},"jetpack_featured_media_url":"https:\/\/exaudi.org\/wp-content\/uploads\/2025\/10\/1760523204.png","jetpack_shortlink":"https:\/\/wp.me\/pgKjF2-Ay5","_links":{"self":[{"href":"https:\/\/exaudi.org\/it\/wp-json\/wp\/v2\/posts\/140497","targetHints":{"allow":["GET"]}}],"collection":[{"href":"https:\/\/exaudi.org\/it\/wp-json\/wp\/v2\/posts"}],"about":[{"href":"https:\/\/exaudi.org\/it\/wp-json\/wp\/v2\/types\/post"}],"author":[{"embeddable":true,"href":"https:\/\/exaudi.org\/it\/wp-json\/wp\/v2\/users\/45"}],"replies":[{"embeddable":true,"href":"https:\/\/exaudi.org\/it\/wp-json\/wp\/v2\/comments?post=140497"}],"version-history":[{"count":3,"href":"https:\/\/exaudi.org\/it\/wp-json\/wp\/v2\/posts\/140497\/revisions"}],"predecessor-version":[{"id":140500,"href":"https:\/\/exaudi.org\/it\/wp-json\/wp\/v2\/posts\/140497\/revisions\/140500"}],"wp:featuredmedia":[{"embeddable":true,"href":"https:\/\/exaudi.org\/it\/wp-json\/wp\/v2\/media\/140264"}],"wp:attachment":[{"href":"https:\/\/exaudi.org\/it\/wp-json\/wp\/v2\/media?parent=140497"}],"wp:term":[{"taxonomy":"category","embeddable":true,"href":"https:\/\/exaudi.org\/it\/wp-json\/wp\/v2\/categories?post=140497"},{"taxonomy":"post_tag","embeddable":true,"href":"https:\/\/exaudi.org\/it\/wp-json\/wp\/v2\/tags?post=140497"}],"curies":[{"name":"wp","href":"https:\/\/api.w.org\/{rel}","templated":true}]}}